{"id":11584,"date":"2012-01-10T23:57:07","date_gmt":"2012-01-10T22:57:07","guid":{"rendered":"http:\/\/fjala.shkoder.net\/?p=1052"},"modified":"2012-01-10T23:57:07","modified_gmt":"2012-01-10T22:57:07","slug":"ne-mendjen-e-berishes-ishte-11-janari","status":"publish","type":"post","link":"https:\/\/fjala.info\/2009-2015\/ne-mendjen-e-berishes-ishte-11-janari\/","title":{"rendered":"N\u00eb mendjen e Berish\u00ebs ishte 11 janari"},"content":{"rendered":"<p><img decoding=\"async\" class=\"alignright size-thumbnail wp-image-7236\" title=\"Mero Baze\" src=\"http:\/\/www.shkoder.net\/images\/fjala\/mero_baze1.jpg\" alt=\"\" width=\"150\" \/> Nga <strong>Mero Baze<\/strong>, <em>10 Janar 2012<\/em><\/p>\n<p>M\u00eb 11 janar mbushet nj\u00eb vit nga dita kur emisioni \u2018Fiks Fare\u2019, dhe m\u00eb pas thuajse gjith\u00eb media shqiptare, publikuan video-p\u00ebrgjimin e Ilir Met\u00ebs n\u00eb zyr\u00ebn e Ministrit t\u00eb Ekonomis\u00eb, duke b\u00ebr\u00eb pazare, duke ofruar ryshfete, duke b\u00ebr\u00eb presion dhe mbi t\u00eb gjitha duke mos folur asnj\u00eb sekond\u00eb brenda ligjit dhe n\u00eb respekt t\u00eb shtetit ligjor, t\u00eb cilin duhet t\u00eb p\u00ebrfaq\u00ebsoj\u00eb z\u00ebvend\u00ebskryeministri i nj\u00eb qeverie.<\/p>\n<p>N\u00eb asnj\u00eb vend t\u00eb bot\u00ebs kjo ngjarje nuk do t\u00eb kishte p\u00ebrvjetor. N\u00ebse ajo video do t\u00eb ishte shfaqur n\u00eb Austri, Gjermani, Itali, Angli, SHBA apo kudo gjetk\u00eb n\u00eb Per\u00ebndim, personazhi i asaj videoje do t\u00eb ishte n\u00eb burg pa u errur dita. Ka qindra raste nga historit\u00eb e k\u00ebtyre vendeve, q\u00eb p\u00ebr gjeste shum\u00eb her\u00eb m\u00eb pak fyese p\u00ebr shtetin, personalitete t\u00eb m\u00ebdha kan\u00eb ikur nga politika dhe jan\u00eb p\u00ebrball\u00eb me drejt\u00ebsin\u00eb.<\/p>\n<p>Tek ne ka ndodhur vet\u00ebm nj\u00eb mrekulli e vog\u00ebl. Prokuroria ka hetuar me p\u00ebrgjegj\u00ebsi dhe profesionaliz\u00ebm dhe ka gjetur Ilir Met\u00ebn fajtor duke k\u00ebrkuar dy vjet burg. Vendimi pritet gjer\u00ebsisht t\u00eb hidhet posht\u00eb n\u00eb m\u00ebnyr\u00eb t\u00eb pacip\u00eb nga kat\u00ebr gjyqtar\u00eb t\u00eb Gjykat\u00ebs s\u00eb Lart\u00eb, t\u00eb cil\u00ebt jan\u00eb rreshtuar gjat\u00eb gjith\u00eb procesit sikur t\u00eb ishin bodigard\u00eb t\u00eb Ilir Met\u00ebs dhe jo gjyqtar\u00eb t\u00eb Gjykat\u00ebs s\u00eb Lart\u00eb.<\/p>\n<p><strong>Por pse po detyrohem t\u00eb shkruaj p\u00ebr k\u00ebt\u00eb \u201cp\u00ebrvjetor\u201d?<\/strong><\/p>\n<p>Arsyeja n\u00eb t\u00eb v\u00ebrtet\u00eb \u00ebsht\u00eb makthi q\u00eb prodhoi tek Sali Berisha publikimi i kaset\u00ebs. Pas dy protestave modeste nga organizata \u2018Mjaft\u2019 para Ministris\u00eb s\u00eb Ekonomis\u00eb, Ilir Meta dha dor\u00ebheqje dhe n\u00eb vend u rrit vala e zem\u00ebrimit popullor kund\u00ebr qeveris\u00eb. Beteja e nervave gati dy vje\u00e7are me opozit\u00ebn p\u00ebr zgjedhjet e qershorit 2009, shp\u00ebrtheu n\u00eb zem\u00ebrim popullor kur u pa arsyeja e v\u00ebrtet\u00eb p\u00ebrse pushteti prek zgjedhjet. Revolta e 21 janarit ishte jo vet\u00ebm demonstrata m\u00eb e natyrshme q\u00eb ka pasur Shqip\u00ebria k\u00ebto 20 vjet, por dhe m\u00eb legjitimja n\u00eb fuqin\u00eb dhe agresivitetin e saj ndaj simboleve t\u00eb pushtetit.<\/p>\n<p>Pasi vrau kat\u00ebr burra n\u00eb mes t\u00eb bulevardit dhe plagosi rreth 30 t\u00eb tjer\u00eb, Sali Berisha iu p\u00ebrvesh pun\u00ebs t\u00eb mbuloj\u00eb gjurm\u00ebt e krimit. N\u00eb mesnat\u00ebn e 21 janarit ka kopjuar dhe m\u00eb pas ka fshir\u00eb gjith\u00eb serverin e kryeministris\u00eb, ku jan\u00eb t\u00eb regjistruara jo vet\u00ebm pamjet filmike, por dhe urdhrat e radiove t\u00eb policis\u00eb q\u00eb komandoheshin prej kryeministris\u00eb, kur \u00ebsht\u00eb hapur zjarr. T\u00eb nes\u00ebrmen dhe pasnes\u00ebrmen ai filloi sulmin mbi institucionet p\u00ebr t\u00eb relativizuar hetimin dhe p\u00ebr t\u00eb frenuar hetimin gjyq\u00ebsor ndaj tij. Brenda tri dit\u00ebve ngriti nj\u00eb komision qesharak parlamentar q\u00eb ta p\u00ebrdorte si mekaniz\u00ebm presioni mbi drejt\u00ebsin\u00eb\u2026 Dhe pik\u00ebrisht aty kam par\u00eb makthin real t\u00eb tij.<\/p>\n<p>Nj\u00eb deputet q\u00eb po rropatet t\u2019i hyj\u00eb n\u00eb zemr\u00ebn e thyer Sali Berish\u00ebs, shqiptoi si pu\u00e7ist\u00eb dhe emrat e kat\u00ebr gazetar\u00ebve dhe k\u00ebrkoi tabulatet e tyre. Dy prej gazetar\u00ebve ishin dhe jan\u00eb dy gazetar\u00ebt kryesor\u00eb t\u00eb Top Channel, Filip \u00c7akuli dhe Sokol Balla, dy t\u00eb tjer\u00ebt- un\u00eb dhe Andi Bushati, ishim thjesht nj\u00eb sfond ilustrues p\u00ebr ta b\u00ebr\u00eb list\u00ebn m\u00eb t\u00eb gjat\u00eb dhe p\u00ebr ta etiketuar. Edhe pse e mor\u00ebm me mjaft humor at\u00eb k\u00ebrkes\u00eb, n\u00eb kontrast me shqet\u00ebsimin me t\u00eb cil\u00ebn e mori Per\u00ebndimi, un\u00eb shikoja se makthi i Berish\u00ebs nuk ishte \u00e7far\u00eb kishim b\u00ebr\u00eb ne m\u00eb 21 janar, pasi at\u00eb dit\u00eb thuajse s\u2019kemi b\u00ebr\u00eb asgj\u00eb vet\u00ebm sa jemi ruajtur mos na zinte ndonj\u00eb plumb. K\u00ebrkesa e tij ishte q\u00eb tabulatet tona t\u00eb merreshin nga data 1 janar\u2026!!! N\u00eb mendjen e s\u00ebmur\u00eb t\u00eb Sali Berish\u00ebs v\u00ebrtitej paranoja e pu\u00e7it q\u00eb media i kishte b\u00ebr\u00eb me publikimin e kaset\u00ebs s\u00eb Ilir Met\u00ebs.<\/p>\n<p>Ky i fundit ofroi qindra mij\u00ebra euro p\u00ebr mospublikimin e saj, m\u00eb pas presione e k\u00ebrc\u00ebnime, her\u00eb-her\u00eb miq\u00ebsira dhe oferta, por nuk ia doli dot. Sali Berisha vazhdon t\u00eb ket\u00eb nj\u00eb kuriozitet n\u00eb mendjen e tij, si funksionoi publikimi i asaj videoje, me k\u00eb ka folur Filip \u00c7akuli apo Sokol Balla, a ua ka dh\u00ebn\u00eb Dritan Prifti apo Edi Rama, sa her\u00eb kan\u00eb folur n\u00eb telefon, etj. Ishte e qart\u00eb se Berisha realisht \u00ebsht\u00eb tronditur m\u00eb 11 janar dhe m\u00eb 21 janar thjesht ka shp\u00ebrthyer skizofrenin\u00eb e tij kriminale dhe ka vrar\u00eb njer\u00ebz. Tronditjen e r\u00ebnd\u00eb q\u00eb ndaj tij po p\u00ebrgatitej nj\u00eb pu\u00e7, ai e ka p\u00ebsuar m\u00eb 11 janar, kur ka par\u00eb videon shokuese t\u00eb z\u00ebvend\u00ebsit t\u00eb tij n\u00eb ekranin m\u00eb t\u00eb madh shqiptar.<\/p>\n<p>Kjo \u00ebsht\u00eb arsyeja p\u00ebrse ai n\u00eb mes t\u00eb tensionit p\u00ebr t\u00eb mbuluar krimin e vrasjes s\u00eb kat\u00ebr qytetar\u00ebve, nuk kishte n\u00eb mendje opozitar\u00ebt, por gazetar\u00ebt. N\u00eb nj\u00eb skut\u00eb t\u00eb err\u00ebt t\u00eb koshienc\u00ebs s\u00eb tij ishte ngulitur se duhej dh\u00ebn\u00eb nj\u00eb shembull nd\u00ebshkimi p\u00ebr ata q\u00eb i b\u00ebn\u00eb gj\u00ebm\u00ebn.<\/p>\n<p>Ndoqa nj\u00eb intervist\u00eb n\u00eb audio t\u00eb tij, dh\u00ebn\u00eb nj\u00eb gazetari per\u00ebndimor dy dit\u00eb pas 21 janarit. Do ta ribotoj s\u00eb af\u00ebrmi n\u00eb gazet\u00ebn Tema. \u00cbsht\u00eb nj\u00eb p\u00ebrrua psikik q\u00eb rrjedh pa asnj\u00eb far\u00eb kuptimi, dhe nd\u00ebrsa gazetari e pyet p\u00ebr t\u00eb vrar\u00ebt, ai flet p\u00ebr Filip \u00c7akulin, gazetar\u00ebt q\u00eb montuan videon, sekondat e videos q\u00eb implikojn\u00eb at\u00eb\u2026 pastaj kthehet prap\u00eb tek videoja, prap\u00eb tek gazetar\u00ebt, prap\u00eb tek videoja\u2026 aq sa po t\u00eb ishte ndonj\u00eb gazetar i paqart\u00eb, do mendonte se kat\u00ebr gazetar\u00eb kan\u00eb vrar\u00eb kat\u00ebr demonstrues.<\/p>\n<p>Fiksimi i tij se 21 janarin e solli pik\u00ebrisht 11 janari, \u00ebsht\u00eb gj\u00ebja m\u00eb e v\u00ebrtet\u00eb q\u00eb ai beson. Por ajo q\u00eb ai nuk pranon dot \u00ebsht\u00eb se Ilir Meta p\u00ebrve\u00e7se i p\u00ebrbalti publikisht qeverisjen, e ka futur at\u00eb n\u00eb spiralen e nj\u00eb krimi shtet\u00ebror, nga i cili Ilir Meta del i lar\u00eb, por Sali Berisha dhe Lul\u00ebzim Basha do t\u00eb ndiqen gjith\u00eb jet\u00ebn deri n\u00eb varr si vras\u00ebs.<\/p>\n<p>Ky \u00ebsht\u00eb \u00e7mimi m\u00eb i r\u00ebnd\u00eb q\u00eb Sali Berisha po paguan ndonj\u00eb her\u00eb n\u00eb jet\u00ebn e tij si politikan n\u00eb em\u00ebr t\u00eb nj\u00eb bashk\u00ebpun\u00ebtori q\u00eb i siguroi nj\u00eb mandat kat\u00ebr vje\u00e7ar n\u00eb pushtet dhe nj\u00eb mandat arresti t\u00eb p\u00ebrjetsh\u00ebm. I qart\u00eb p\u00ebr k\u00ebt\u00eb fat t\u00eb tij, ai vazhdon t\u00eb ket\u00eb n\u00eb mendje t\u00eb tij si nj\u00eb dit\u00eb fatkeqe pik\u00ebrisht 11 janarin, dit\u00ebn p\u00ebr t\u00eb cil\u00ebn gazetar\u00ebt q\u00eb i publikuan videon nuk kan\u00eb asnj\u00eb merit\u00eb t\u00eb ve\u00e7ant\u00eb p\u00ebrve\u00e7 guximit dhe asnj\u00eb plan p\u00ebr t\u2019i varrosur atij t\u00eb ardhmen politike, pasi asnj\u00eb her\u00eb nuk na shkoi n\u00eb mendje se ai do rivriste p\u00ebr t\u00eb q\u00ebndruar n\u00eb pushtet.<\/p>\n<p>Nj\u00eb vit m\u00eb pas jam i qart\u00eb se data q\u00eb ai urren \u00ebsht\u00eb data q\u00eb nisi rr\u00ebnimin e tij, dita q\u00eb n\u00eb ekranet e shqiptar\u00ebve u shfaq bab\u00ebzia, makut\u00ebria dhe fyerja q\u00eb pushteti u b\u00ebnte shqiptar\u00ebve duke b\u00ebr\u00eb pazar me paret e tyre. \u00cbsht\u00eb dita kur Berisha ka filluar t\u00eb mendoj\u00eb p\u00ebr her\u00eb t\u00eb par\u00eb n\u00eb jet\u00ebn e tij si do t\u00eb mbrohet nga ajo \u00e7far\u00eb ka b\u00ebr\u00eb. T\u00eb v\u00ebshtir\u00eb do ta ket\u00eb, por nuk \u00ebsht\u00eb p\u00ebr t\u2019i qar\u00eb hallin. D\u00ebnimi me vdekje \u00ebsht\u00eb hequr.<\/p>\n","protected":false},"excerpt":{"rendered":"<p>Nga Mero Baze, 10 Janar 2012 M\u00eb 11 janar mbushet nj\u00eb vit nga dita kur emisioni \u2018Fiks Fare\u2019, dhe m\u00eb pas thuajse gjith\u00eb media shqiptare, publikuan video-p\u00ebrgjimin e Ilir Met\u00ebs n\u00eb zyr\u00ebn e Ministrit t\u00eb Ekonomis\u00eb, duke b\u00ebr\u00eb pazare, duke ofruar ryshfete, duke b\u00ebr\u00eb presion dhe mbi t\u00eb gjitha duke mos folur asnj\u00eb sekond\u00eb brenda [&hellip;]<\/p>\n","protected":false},"author":1,"featured_media":0,"comment_status":"open","ping_status":"closed","sticky":false,"template":"","format":"standard","meta":{"footnotes":""},"categories":[2],"tags":[],"class_list":{"0":"post-11584","1":"post","2":"type-post","3":"status-publish","4":"format-standard","6":"category-artikuj"},"yoast_head":"<!-- This site is optimized with the Yoast SEO plugin v27.4 - https:\/\/yoast.com\/product\/yoast-seo-wordpress\/ -->\n<title>N\u00eb mendjen e Berish\u00ebs ishte 11 janari - FjALA e LIR\u00cb - Arkivi<\/title>\n<meta name=\"robots\" content=\"index, follow, max-snippet:-1, max-image-preview:large, max-video-preview:-1\" \/>\n<link rel=\"canonical\" href=\"https:\/\/fjala.info\/2009-2015\/ne-mendjen-e-berishes-ishte-11-janari\/\" \/>\n<meta property=\"og:locale\" content=\"sq_AL\" \/>\n<meta property=\"og:type\" content=\"article\" \/>\n<meta property=\"og:title\" content=\"N\u00eb mendjen e Berish\u00ebs ishte 11 janari - FjALA e LIR\u00cb - Arkivi\" \/>\n<meta property=\"og:description\" content=\"Nga Mero Baze, 10 Janar 2012 M\u00eb 11 janar mbushet nj\u00eb vit nga dita kur emisioni \u2018Fiks Fare\u2019, dhe m\u00eb pas thuajse gjith\u00eb media shqiptare, publikuan video-p\u00ebrgjimin e Ilir Met\u00ebs n\u00eb zyr\u00ebn e Ministrit t\u00eb Ekonomis\u00eb, duke b\u00ebr\u00eb pazare, duke ofruar ryshfete, duke b\u00ebr\u00eb presion dhe mbi t\u00eb gjitha duke mos folur asnj\u00eb sekond\u00eb brenda [&hellip;]\" \/>\n<meta property=\"og:url\" content=\"https:\/\/fjala.info\/2009-2015\/ne-mendjen-e-berishes-ishte-11-janari\/\" \/>\n<meta property=\"og:site_name\" content=\"FjALA e LIR\u00cb - Arkivi\" \/>\n<meta property=\"article:published_time\" content=\"2012-01-10T22:57:07+00:00\" \/>\n<meta property=\"og:image\" content=\"http:\/\/www.shkoder.net\/images\/fjala\/mero_baze1.jpg\" \/>\n<meta name=\"author\" content=\"admin\" \/>\n<meta name=\"twitter:card\" content=\"summary_large_image\" \/>\n<meta name=\"twitter:label1\" content=\"Written by\" \/>\n\t<meta name=\"twitter:data1\" content=\"admin\" \/>\n\t<meta name=\"twitter:label2\" content=\"Est. reading time\" \/>\n\t<meta name=\"twitter:data2\" content=\"6 minutes\" \/>\n<script type=\"application\/ld+json\" class=\"yoast-schema-graph\">{\"@context\":\"https:\\\/\\\/schema.org\",\"@graph\":[{\"@type\":\"Article\",\"@id\":\"https:\\\/\\\/fjala.info\\\/2009-2015\\\/ne-mendjen-e-berishes-ishte-11-janari\\\/#article\",\"isPartOf\":{\"@id\":\"https:\\\/\\\/fjala.info\\\/2009-2015\\\/ne-mendjen-e-berishes-ishte-11-janari\\\/\"},\"author\":{\"name\":\"admin\",\"@id\":\"https:\\\/\\\/fjala.info\\\/2009-2015\\\/#\\\/schema\\\/person\\\/3aa1163ef05469c496fc94e77611ada2\"},\"headline\":\"N\u00eb mendjen e Berish\u00ebs ishte 11 janari\",\"datePublished\":\"2012-01-10T22:57:07+00:00\",\"mainEntityOfPage\":{\"@id\":\"https:\\\/\\\/fjala.info\\\/2009-2015\\\/ne-mendjen-e-berishes-ishte-11-janari\\\/\"},\"wordCount\":1272,\"commentCount\":0,\"publisher\":{\"@id\":\"https:\\\/\\\/fjala.info\\\/2009-2015\\\/#organization\"},\"image\":{\"@id\":\"https:\\\/\\\/fjala.info\\\/2009-2015\\\/ne-mendjen-e-berishes-ishte-11-janari\\\/#primaryimage\"},\"thumbnailUrl\":\"http:\\\/\\\/www.shkoder.net\\\/images\\\/fjala\\\/mero_baze1.jpg\",\"articleSection\":[\"Artikuj\"],\"inLanguage\":\"sq-AL\",\"potentialAction\":[{\"@type\":\"CommentAction\",\"name\":\"Comment\",\"target\":[\"https:\\\/\\\/fjala.info\\\/2009-2015\\\/ne-mendjen-e-berishes-ishte-11-janari\\\/#respond\"]}]},{\"@type\":\"WebPage\",\"@id\":\"https:\\\/\\\/fjala.info\\\/2009-2015\\\/ne-mendjen-e-berishes-ishte-11-janari\\\/\",\"url\":\"https:\\\/\\\/fjala.info\\\/2009-2015\\\/ne-mendjen-e-berishes-ishte-11-janari\\\/\",\"name\":\"N\u00eb mendjen e Berish\u00ebs ishte 11 janari - FjALA e LIR\u00cb - Arkivi\",\"isPartOf\":{\"@id\":\"https:\\\/\\\/fjala.info\\\/2009-2015\\\/#website\"},\"primaryImageOfPage\":{\"@id\":\"https:\\\/\\\/fjala.info\\\/2009-2015\\\/ne-mendjen-e-berishes-ishte-11-janari\\\/#primaryimage\"},\"image\":{\"@id\":\"https:\\\/\\\/fjala.info\\\/2009-2015\\\/ne-mendjen-e-berishes-ishte-11-janari\\\/#primaryimage\"},\"thumbnailUrl\":\"http:\\\/\\\/www.shkoder.net\\\/images\\\/fjala\\\/mero_baze1.jpg\",\"datePublished\":\"2012-01-10T22:57:07+00:00\",\"breadcrumb\":{\"@id\":\"https:\\\/\\\/fjala.info\\\/2009-2015\\\/ne-mendjen-e-berishes-ishte-11-janari\\\/#breadcrumb\"},\"inLanguage\":\"sq-AL\",\"potentialAction\":[{\"@type\":\"ReadAction\",\"target\":[\"https:\\\/\\\/fjala.info\\\/2009-2015\\\/ne-mendjen-e-berishes-ishte-11-janari\\\/\"]}]},{\"@type\":\"ImageObject\",\"inLanguage\":\"sq-AL\",\"@id\":\"https:\\\/\\\/fjala.info\\\/2009-2015\\\/ne-mendjen-e-berishes-ishte-11-janari\\\/#primaryimage\",\"url\":\"http:\\\/\\\/www.shkoder.net\\\/images\\\/fjala\\\/mero_baze1.jpg\",\"contentUrl\":\"http:\\\/\\\/www.shkoder.net\\\/images\\\/fjala\\\/mero_baze1.jpg\"},{\"@type\":\"BreadcrumbList\",\"@id\":\"https:\\\/\\\/fjala.info\\\/2009-2015\\\/ne-mendjen-e-berishes-ishte-11-janari\\\/#breadcrumb\",\"itemListElement\":[{\"@type\":\"ListItem\",\"position\":1,\"name\":\"Home\",\"item\":\"https:\\\/\\\/fjala.info\\\/2009-2015\\\/\"},{\"@type\":\"ListItem\",\"position\":2,\"name\":\"N\u00eb mendjen e Berish\u00ebs ishte 11 janari\"}]},{\"@type\":\"WebSite\",\"@id\":\"https:\\\/\\\/fjala.info\\\/2009-2015\\\/#website\",\"url\":\"https:\\\/\\\/fjala.info\\\/2009-2015\\\/\",\"name\":\"FjALA e LIR\u00cb - Arkivi\",\"description\":\"Arkivi 2009-2015\",\"publisher\":{\"@id\":\"https:\\\/\\\/fjala.info\\\/2009-2015\\\/#organization\"},\"potentialAction\":[{\"@type\":\"SearchAction\",\"target\":{\"@type\":\"EntryPoint\",\"urlTemplate\":\"https:\\\/\\\/fjala.info\\\/2009-2015\\\/?s={search_term_string}\"},\"query-input\":{\"@type\":\"PropertyValueSpecification\",\"valueRequired\":true,\"valueName\":\"search_term_string\"}}],\"inLanguage\":\"sq-AL\"},{\"@type\":\"Organization\",\"@id\":\"https:\\\/\\\/fjala.info\\\/2009-2015\\\/#organization\",\"name\":\"FjALA e LIR\u00cb - Arkivi\",\"url\":\"https:\\\/\\\/fjala.info\\\/2009-2015\\\/\",\"logo\":{\"@type\":\"ImageObject\",\"inLanguage\":\"sq-AL\",\"@id\":\"https:\\\/\\\/fjala.info\\\/2009-2015\\\/#\\\/schema\\\/logo\\\/image\\\/\",\"url\":\"\",\"contentUrl\":\"\",\"caption\":\"FjALA e LIR\u00cb - Arkivi\"},\"image\":{\"@id\":\"https:\\\/\\\/fjala.info\\\/2009-2015\\\/#\\\/schema\\\/logo\\\/image\\\/\"}},{\"@type\":\"Person\",\"@id\":\"https:\\\/\\\/fjala.info\\\/2009-2015\\\/#\\\/schema\\\/person\\\/3aa1163ef05469c496fc94e77611ada2\",\"name\":\"admin\",\"image\":{\"@type\":\"ImageObject\",\"inLanguage\":\"sq-AL\",\"@id\":\"https:\\\/\\\/fjala.info\\\/2009-2015\\\/wp-content\\\/uploads\\\/2012\\\/02\\\/arben_cokaj-120x150.jpg\",\"url\":\"https:\\\/\\\/fjala.info\\\/2009-2015\\\/wp-content\\\/uploads\\\/2012\\\/02\\\/arben_cokaj-120x150.jpg\",\"contentUrl\":\"https:\\\/\\\/fjala.info\\\/2009-2015\\\/wp-content\\\/uploads\\\/2012\\\/02\\\/arben_cokaj-120x150.jpg\",\"caption\":\"admin\"},\"description\":\"Admin, Fjala e Lir\u00eb\",\"sameAs\":[\"https:\\\/\\\/fjala.info\\\/\"],\"url\":\"https:\\\/\\\/fjala.info\\\/2009-2015\\\/author\\\/admin\\\/\"}]}<\/script>\n<!-- \/ Yoast SEO plugin. -->","yoast_head_json":{"title":"N\u00eb mendjen e Berish\u00ebs ishte 11 janari - FjALA e LIR\u00cb - Arkivi","robots":{"index":"index","follow":"follow","max-snippet":"max-snippet:-1","max-image-preview":"max-image-preview:large","max-video-preview":"max-video-preview:-1"},"canonical":"https:\/\/fjala.info\/2009-2015\/ne-mendjen-e-berishes-ishte-11-janari\/","og_locale":"sq_AL","og_type":"article","og_title":"N\u00eb mendjen e Berish\u00ebs ishte 11 janari - FjALA e LIR\u00cb - Arkivi","og_description":"Nga Mero Baze, 10 Janar 2012 M\u00eb 11 janar mbushet nj\u00eb vit nga dita kur emisioni \u2018Fiks Fare\u2019, dhe m\u00eb pas thuajse gjith\u00eb media shqiptare, publikuan video-p\u00ebrgjimin e Ilir Met\u00ebs n\u00eb zyr\u00ebn e Ministrit t\u00eb Ekonomis\u00eb, duke b\u00ebr\u00eb pazare, duke ofruar ryshfete, duke b\u00ebr\u00eb presion dhe mbi t\u00eb gjitha duke mos folur asnj\u00eb sekond\u00eb brenda [&hellip;]","og_url":"https:\/\/fjala.info\/2009-2015\/ne-mendjen-e-berishes-ishte-11-janari\/","og_site_name":"FjALA e LIR\u00cb - Arkivi","article_published_time":"2012-01-10T22:57:07+00:00","og_image":[{"url":"http:\/\/www.shkoder.net\/images\/fjala\/mero_baze1.jpg","type":"","width":"","height":""}],"author":"admin","twitter_card":"summary_large_image","twitter_misc":{"Written by":"admin","Est. reading time":"6 minutes"},"schema":{"@context":"https:\/\/schema.org","@graph":[{"@type":"Article","@id":"https:\/\/fjala.info\/2009-2015\/ne-mendjen-e-berishes-ishte-11-janari\/#article","isPartOf":{"@id":"https:\/\/fjala.info\/2009-2015\/ne-mendjen-e-berishes-ishte-11-janari\/"},"author":{"name":"admin","@id":"https:\/\/fjala.info\/2009-2015\/#\/schema\/person\/3aa1163ef05469c496fc94e77611ada2"},"headline":"N\u00eb mendjen e Berish\u00ebs ishte 11 janari","datePublished":"2012-01-10T22:57:07+00:00","mainEntityOfPage":{"@id":"https:\/\/fjala.info\/2009-2015\/ne-mendjen-e-berishes-ishte-11-janari\/"},"wordCount":1272,"commentCount":0,"publisher":{"@id":"https:\/\/fjala.info\/2009-2015\/#organization"},"image":{"@id":"https:\/\/fjala.info\/2009-2015\/ne-mendjen-e-berishes-ishte-11-janari\/#primaryimage"},"thumbnailUrl":"http:\/\/www.shkoder.net\/images\/fjala\/mero_baze1.jpg","articleSection":["Artikuj"],"inLanguage":"sq-AL","potentialAction":[{"@type":"CommentAction","name":"Comment","target":["https:\/\/fjala.info\/2009-2015\/ne-mendjen-e-berishes-ishte-11-janari\/#respond"]}]},{"@type":"WebPage","@id":"https:\/\/fjala.info\/2009-2015\/ne-mendjen-e-berishes-ishte-11-janari\/","url":"https:\/\/fjala.info\/2009-2015\/ne-mendjen-e-berishes-ishte-11-janari\/","name":"N\u00eb mendjen e Berish\u00ebs ishte 11 janari - FjALA e LIR\u00cb - Arkivi","isPartOf":{"@id":"https:\/\/fjala.info\/2009-2015\/#website"},"primaryImageOfPage":{"@id":"https:\/\/fjala.info\/2009-2015\/ne-mendjen-e-berishes-ishte-11-janari\/#primaryimage"},"image":{"@id":"https:\/\/fjala.info\/2009-2015\/ne-mendjen-e-berishes-ishte-11-janari\/#primaryimage"},"thumbnailUrl":"http:\/\/www.shkoder.net\/images\/fjala\/mero_baze1.jpg","datePublished":"2012-01-10T22:57:07+00:00","breadcrumb":{"@id":"https:\/\/fjala.info\/2009-2015\/ne-mendjen-e-berishes-ishte-11-janari\/#breadcrumb"},"inLanguage":"sq-AL","potentialAction":[{"@type":"ReadAction","target":["https:\/\/fjala.info\/2009-2015\/ne-mendjen-e-berishes-ishte-11-janari\/"]}]},{"@type":"ImageObject","inLanguage":"sq-AL","@id":"https:\/\/fjala.info\/2009-2015\/ne-mendjen-e-berishes-ishte-11-janari\/#primaryimage","url":"http:\/\/www.shkoder.net\/images\/fjala\/mero_baze1.jpg","contentUrl":"http:\/\/www.shkoder.net\/images\/fjala\/mero_baze1.jpg"},{"@type":"BreadcrumbList","@id":"https:\/\/fjala.info\/2009-2015\/ne-mendjen-e-berishes-ishte-11-janari\/#breadcrumb","itemListElement":[{"@type":"ListItem","position":1,"name":"Home","item":"https:\/\/fjala.info\/2009-2015\/"},{"@type":"ListItem","position":2,"name":"N\u00eb mendjen e Berish\u00ebs ishte 11 janari"}]},{"@type":"WebSite","@id":"https:\/\/fjala.info\/2009-2015\/#website","url":"https:\/\/fjala.info\/2009-2015\/","name":"FjALA e LIR\u00cb - Arkivi","description":"Arkivi 2009-2015","publisher":{"@id":"https:\/\/fjala.info\/2009-2015\/#organization"},"potentialAction":[{"@type":"SearchAction","target":{"@type":"EntryPoint","urlTemplate":"https:\/\/fjala.info\/2009-2015\/?s={search_term_string}"},"query-input":{"@type":"PropertyValueSpecification","valueRequired":true,"valueName":"search_term_string"}}],"inLanguage":"sq-AL"},{"@type":"Organization","@id":"https:\/\/fjala.info\/2009-2015\/#organization","name":"FjALA e LIR\u00cb - Arkivi","url":"https:\/\/fjala.info\/2009-2015\/","logo":{"@type":"ImageObject","inLanguage":"sq-AL","@id":"https:\/\/fjala.info\/2009-2015\/#\/schema\/logo\/image\/","url":"","contentUrl":"","caption":"FjALA e LIR\u00cb - Arkivi"},"image":{"@id":"https:\/\/fjala.info\/2009-2015\/#\/schema\/logo\/image\/"}},{"@type":"Person","@id":"https:\/\/fjala.info\/2009-2015\/#\/schema\/person\/3aa1163ef05469c496fc94e77611ada2","name":"admin","image":{"@type":"ImageObject","inLanguage":"sq-AL","@id":"https:\/\/fjala.info\/2009-2015\/wp-content\/uploads\/2012\/02\/arben_cokaj-120x150.jpg","url":"https:\/\/fjala.info\/2009-2015\/wp-content\/uploads\/2012\/02\/arben_cokaj-120x150.jpg","contentUrl":"https:\/\/fjala.info\/2009-2015\/wp-content\/uploads\/2012\/02\/arben_cokaj-120x150.jpg","caption":"admin"},"description":"Admin, Fjala e Lir\u00eb","sameAs":["https:\/\/fjala.info\/"],"url":"https:\/\/fjala.info\/2009-2015\/author\/admin\/"}]}},"_links":{"self":[{"href":"https:\/\/fjala.info\/2009-2015\/wp-json\/wp\/v2\/posts\/11584","targetHints":{"allow":["GET"]}}],"collection":[{"href":"https:\/\/fjala.info\/2009-2015\/wp-json\/wp\/v2\/posts"}],"about":[{"href":"https:\/\/fjala.info\/2009-2015\/wp-json\/wp\/v2\/types\/post"}],"author":[{"embeddable":true,"href":"https:\/\/fjala.info\/2009-2015\/wp-json\/wp\/v2\/users\/1"}],"replies":[{"embeddable":true,"href":"https:\/\/fjala.info\/2009-2015\/wp-json\/wp\/v2\/comments?post=11584"}],"version-history":[{"count":0,"href":"https:\/\/fjala.info\/2009-2015\/wp-json\/wp\/v2\/posts\/11584\/revisions"}],"wp:attachment":[{"href":"https:\/\/fjala.info\/2009-2015\/wp-json\/wp\/v2\/media?parent=11584"}],"wp:term":[{"taxonomy":"category","embeddable":true,"href":"https:\/\/fjala.info\/2009-2015\/wp-json\/wp\/v2\/categories?post=11584"},{"taxonomy":"post_tag","embeddable":true,"href":"https:\/\/fjala.info\/2009-2015\/wp-json\/wp\/v2\/tags?post=11584"}],"curies":[{"name":"wp","href":"https:\/\/api.w.org\/{rel}","templated":true}]}}