{"id":11581,"date":"2012-01-08T07:50:29","date_gmt":"2012-01-08T06:50:29","guid":{"rendered":"http:\/\/fjala.shkoder.net\/?p=1026"},"modified":"2012-01-08T07:50:29","modified_gmt":"2012-01-08T06:50:29","slug":"alarmi-i-presidences-daneze","status":"publish","type":"post","link":"https:\/\/fjala.info\/2009-2015\/alarmi-i-presidences-daneze\/","title":{"rendered":"Alarmi i presidenc\u00ebs daneze"},"content":{"rendered":"<p><img decoding=\"async\" class=\"alignright size-thumbnail wp-image-7236\" title=\"Edi Rama\" src=\"http:\/\/www.shkoder.net\/images\/fjala\/2011\/edi_rama5.jpg\" alt=\"\" width=\"300\" \/> Nga <strong>Edi Rama<\/strong>, <em>7 Janar 2012<\/em><\/p>\n<p>Nuk dua t\u00eb p\u00ebrputh k\u00ebtu t\u00eb v\u00ebrtetat q\u00eb kemi shprehur e mbrojtur tash dy vjet p\u00ebrgjat\u00eb shtegut t\u00eb ngushtuar dhunsh\u00ebm t\u00eb veprimit opozitar, me t\u00eb v\u00ebrtetat e hidhura q\u00eb ambasadori i Danimark\u00ebs n\u00eb cil\u00ebsin\u00eb e p\u00ebrfaq\u00ebsuesit t\u00eb presidenc\u00ebs s\u00eb BE-s\u00eb p\u00ebr k\u00ebta gjasht\u00eb muaj, rreshtoi dje me gjuh\u00ebn e Europ\u00ebs tro\u00e7 si mbase asnj\u00ebher\u00eb n\u00eb k\u00ebto vite t\u00eb trazuara p\u00ebr Shqip\u00ebrin\u00eb. Nuk dua t\u00eb rimarr pjes\u00eb t\u00eb t\u00ebra t\u00eb intervist\u00ebs s\u00eb tij befasuese p\u00ebr t\u00eb th\u00ebn\u00eb sot ja, lexojeni, se sa shum\u00eb u ngjajn\u00eb pik\u00ebpamjet e hapura t\u00eb presidenc\u00ebs daneze pik\u00ebpamjeve tona p\u00ebr shum\u00eb\u00e7ka ka ndodhur apo \u00ebsht\u00eb b\u00ebr\u00eb si mos m\u00eb keq n\u00eb k\u00ebto vite t\u00eb rr\u00ebnimit t\u00eb moralit qeveris\u00ebs e t\u00eb institucioneve t\u00eb brishta t\u00eb shtetit ton\u00eb.<\/p>\n<p>Nuk dua aq m\u00eb pak t\u00eb b\u00ebj at\u00eb q\u00eb fort mir\u00eb ambasadori Karsten Ankjaer Jensen e p\u00ebrcakton si \u201cloj\u00eb t\u00eb fajit mes pal\u00ebve\u201d, sepse vendit nuk i duhet assesi kjo loj\u00eb fundi i s\u00eb cil\u00ebs ka gjithnj\u00eb si rezultat p\u00ebrbaltjen e t\u00eb gjitha pal\u00ebve dhe si fitues vet\u00ebm d\u00ebshp\u00ebrimin popullor bashk\u00eb me zhg\u00ebnjimin nd\u00ebrkomb\u00ebtar.<\/p>\n<p>Dua vet\u00ebm t\u00eb them se \u00ebsht\u00eb koha p\u00ebr t\u00eb ndryshuar radikalisht politik\u00ebn shqiptare n\u00eb funksion t\u00eb Europ\u00ebs si shpirt, si vizion, si mision, si sjellje publike e sigurisht edhe qeveris\u00ebse. Dhe dua t\u00eb n\u00ebnvizoj fort me k\u00ebt\u00eb rast detyrimin ton\u00eb t\u00eb pap\u00ebrmbushur tash nj\u00ebzet vjet p\u00ebr Shqip\u00ebrin\u00eb Europiane q\u00eb na duhet si shqiptar\u00eb pa dallim; P\u00ebr shtetin shqiptar q\u00eb n\u00eb 100 vjetorin e pavar\u00ebsis\u00eb s\u00eb Shqip\u00ebris\u00eb \u00ebsht\u00eb larg s\u00eb qeni shtet n\u00eb sh\u00ebrbim t\u00eb qytetar\u00ebve shqiptar\u00eb dhe n\u00eb mbrojtje t\u00eb flamurit e t\u00eb vlerave tona si komb e si shoq\u00ebri europiane; P\u00ebr shoq\u00ebrin\u00eb shqiptare q\u00eb doli nga sk\u00ebterra komuniste dhe vijon t\u00eb p\u00ebrp\u00eblitet n\u00eb boshll\u00ebkun alarmant t\u00eb vlerave morale, ku politika e vjet\u00ebr e k\u00ebtyre nj\u00ebzet vjet\u00ebve forcon sundimin e saj duke shkat\u00ebrruar themelet e bashk\u00ebjetes\u00ebs qytetare me dinamitin e urrejtjes p\u00ebr\u00e7ar\u00ebse.<\/p>\n<p>Ne, opozita shqiptare, Partia Socialiste n\u00eb krye t\u00eb saj, b\u00ebm\u00eb sa mund\u00ebm jo sa desh\u00ebm pasi u vodh\u00ebm n\u00eb zgjedhjet e qershorit 2009 e u vram\u00eb n\u00eb protestat q\u00eb kulmuan me masakr\u00ebn e 21 janarit, p\u00ebr t\u2019u rivjedhur p\u00ebrs\u00ebri n\u00eb zgjedhjet e majit 2011 n\u00eb Tiran\u00eb dit\u00ebn p\u00ebr diell.<\/p>\n<p>Mbase jo n\u00eb \u00e7do moment t\u00eb v\u00ebshtir\u00eb pat\u00ebm kthjellt\u00ebsin\u00eb e nevojshme p\u00ebrball\u00eb nj\u00eb pushteti q\u00eb u soll e vazhdon t\u00eb sillet me opozit\u00ebn si me nj\u00eb armik q\u00eb duhet asgj\u00ebsuar, p\u00ebr t\u2019u kthyer n\u00eb nj\u00eb sh\u00ebrb\u00ebtor t\u00eb p\u00ebrulur t\u00eb nj\u00eb qeverie t\u00eb kthyer n\u00eb regjim. Por pa asnj\u00eb fije dyshimi po t\u00eb mos kishim rezistuar si\u00e7 rezistuam, po t\u00eb mos e kishim bojkotuar parlamentin e zgjedhjeve t\u00eb vjedhura, po t\u00eb mos kishim p\u00ebrdorur \u00e7do mjet demokratik q\u00eb pat\u00ebm n\u00eb dispozicion pavar\u00ebsisht dukjes \u201cjoeuropianiste\u201d t\u00eb aksionit ton\u00eb politik n\u00eb ndonj\u00eb moment apo kritikave r\u00ebndom cinike ndaj nesh, Shqip\u00ebria sot s\u2019do kishte m\u00eb asnj\u00eb shans p\u00ebr t\u00eb shp\u00ebtuar s\u00eb shpejti nga diktatura e faktit t\u00eb kryer.<\/p>\n<p>Sot ky shans \u00ebsht\u00eb i plot\u00eb. Modeli bjellorus i demokracis\u00eb s\u00eb kontrolluar nga pushteti \u00ebsht\u00eb diskredituar edhe pse vazhdon t\u00eb mbetet projekti i pand\u00ebrprer\u00eb politik i pushtetit t\u00eb sot\u00ebm t\u00eb Shqip\u00ebris\u00eb. Ky projekt s\u2019ka asnj\u00eb t\u00eb ardhme europiane, sepse Europa s\u2019ka vend p\u00ebr nj\u00eb Shqip\u00ebri ku zgjedhjet s\u2019p\u00ebrmbushin standartet e BE-s\u00eb, ku vjedhjet qeveritare t\u00eb pasuris\u00eb e t\u00eb paras\u00eb publike jan\u00eb rutin\u00eb dhe ku proceset gjyq\u00ebsore p\u00ebr qeveritar\u00ebt e kapur me presh n\u00eb duar jan\u00eb komedi, ku qeveria vret me pushk\u00eb protestuesit dhe ku gjykat\u00ebsit vrasin drejt\u00ebsin\u00eb nj\u00ebsoj si\u00e7 vret Garda e Republik\u00ebs qytetar\u00ebt.<\/p>\n<p>Shansit t\u00eb plot\u00eb q\u00eb \u00ebsht\u00eb krijuar p\u00ebr ta shp\u00ebtuar Shqip\u00ebrin\u00eb nga diktatura e faktit t\u00eb kryer ne, Partia Socialiste, duhet, duam dhe do t\u2019i japim mund\u00ebsin\u00eb t\u00eb b\u00ebhet realitet p\u00ebrmes nj\u00eb projekti politik europian, diametralisht t\u00eb kund\u00ebrt me projektin politik t\u00eb qeveris\u00eb. P\u00ebrmes nj\u00eb projekti politik q\u00eb \u00ebsht\u00eb n\u00eb embrionin e programit ton\u00eb t\u00eb ri \u201cP\u00ebr nj\u00eb Rilindje Shqiptare\u201d. P\u00ebrmes nj\u00eb projekti politik q\u00eb synon nd\u00ebrtimin e shtetit modern europian q\u00eb Shqip\u00ebria nuk e ka ende pas 100 vjet\u00ebsh pavar\u00ebsi. P\u00ebrmes nj\u00eb projekti politik q\u00eb ka n\u00eb thelbin e vet interesat komb\u00ebtare dhe nj\u00eb vizion t\u00eb ri p\u00ebr Shqip\u00ebrin\u00eb e shekullit XXI. P\u00ebrmes nj\u00eb projekti politik q\u00eb k\u00ebrkon nj\u00eb politik\u00eb t\u00eb re sot m\u00eb shum\u00eb se kurr\u00eb m\u00eb par\u00eb. N\u00eb fjal\u00eb, sjellje e vepra.<\/p>\n<p>K\u00ebshtu e d\u00ebgjoj un\u00eb alarmin e presidenc\u00ebs daneze t\u00eb BE-s\u00eb p\u00ebr gjendjen e sotme t\u00eb Shqip\u00ebris\u00eb dhe p\u00ebr \u00e7ka duhet t\u00eb b\u00ebjm\u00eb p\u00ebr sa na takon ne, opozit\u00ebs shqiptare, Partis\u00eb Socialiste n\u00eb radh\u00eb t\u00eb par\u00eb, q\u00eb e nes\u00ebrmja t\u00eb mos i ngjaj\u00eb t\u00eb sotmes e q\u00eb m\u00eb her\u00ebt se von\u00eb, Shqip\u00ebria t\u00eb ndahet nga rruga e st\u00ebrmundimshme e t\u00eb shkuar\u00ebs ku ka mbetur peng.<\/p>\n<p>Edhe nj\u00ebher\u00eb respekt t\u00eb thell\u00eb e mir\u00ebnjohje p\u00ebr k\u00ebt\u00eb alarm q\u00eb i vjen n\u00eb ndihm\u00eb bujarisht Shqip\u00ebris\u00eb e shqiptar\u00ebve n\u00eb fillimin e k\u00ebtij viti sa simbolik sepse p\u00ebrkon me 100 vjetorin e pavar\u00ebsis\u00eb aq edhe dramatik p\u00ebr ecurin\u00eb e vendit, qoft\u00eb p\u00ebr shkak t\u00eb kriz\u00ebs shum\u00ebplan\u00ebshe q\u00eb thellohet qoft\u00eb p\u00ebr arsye t\u00eb kalendarit t\u00eb vet politik ku projektet e kund\u00ebrta do t\u00eb ballafaqohen detyrimisht, n\u00eb m\u00eb shum\u00eb se nj\u00eb udh\u00ebkryq kritik.<\/p>\n","protected":false},"excerpt":{"rendered":"<p>Nga Edi Rama, 7 Janar 2012 Nuk dua t\u00eb p\u00ebrputh k\u00ebtu t\u00eb v\u00ebrtetat q\u00eb kemi shprehur e mbrojtur tash dy vjet p\u00ebrgjat\u00eb shtegut t\u00eb ngushtuar dhunsh\u00ebm t\u00eb veprimit opozitar, me t\u00eb v\u00ebrtetat e hidhura q\u00eb ambasadori i Danimark\u00ebs n\u00eb cil\u00ebsin\u00eb e p\u00ebrfaq\u00ebsuesit t\u00eb presidenc\u00ebs s\u00eb BE-s\u00eb p\u00ebr k\u00ebta gjasht\u00eb muaj, rreshtoi dje me gjuh\u00ebn e [&hellip;]<\/p>\n","protected":false},"author":1,"featured_media":0,"comment_status":"open","ping_status":"closed","sticky":false,"template":"","format":"standard","meta":{"footnotes":""},"categories":[2],"tags":[],"class_list":{"0":"post-11581","1":"post","2":"type-post","3":"status-publish","4":"format-standard","6":"category-artikuj"},"yoast_head":"<!-- This site is optimized with the Yoast SEO plugin v27.4 - https:\/\/yoast.com\/product\/yoast-seo-wordpress\/ -->\n<title>Alarmi i presidenc\u00ebs daneze - FjALA e LIR\u00cb - Arkivi<\/title>\n<meta name=\"robots\" content=\"index, follow, max-snippet:-1, max-image-preview:large, max-video-preview:-1\" \/>\n<link rel=\"canonical\" href=\"https:\/\/fjala.info\/2009-2015\/alarmi-i-presidences-daneze\/\" \/>\n<meta property=\"og:locale\" content=\"sq_AL\" \/>\n<meta property=\"og:type\" content=\"article\" \/>\n<meta property=\"og:title\" content=\"Alarmi i presidenc\u00ebs daneze - FjALA e LIR\u00cb - Arkivi\" \/>\n<meta property=\"og:description\" content=\"Nga Edi Rama, 7 Janar 2012 Nuk dua t\u00eb p\u00ebrputh k\u00ebtu t\u00eb v\u00ebrtetat q\u00eb kemi shprehur e mbrojtur tash dy vjet p\u00ebrgjat\u00eb shtegut t\u00eb ngushtuar dhunsh\u00ebm t\u00eb veprimit opozitar, me t\u00eb v\u00ebrtetat e hidhura q\u00eb ambasadori i Danimark\u00ebs n\u00eb cil\u00ebsin\u00eb e p\u00ebrfaq\u00ebsuesit t\u00eb presidenc\u00ebs s\u00eb BE-s\u00eb p\u00ebr k\u00ebta gjasht\u00eb muaj, rreshtoi dje me gjuh\u00ebn e [&hellip;]\" \/>\n<meta property=\"og:url\" content=\"https:\/\/fjala.info\/2009-2015\/alarmi-i-presidences-daneze\/\" \/>\n<meta property=\"og:site_name\" content=\"FjALA e LIR\u00cb - Arkivi\" \/>\n<meta property=\"article:published_time\" content=\"2012-01-08T06:50:29+00:00\" \/>\n<meta property=\"og:image\" content=\"http:\/\/www.shkoder.net\/images\/fjala\/2011\/edi_rama5.jpg\" \/>\n<meta name=\"author\" content=\"admin\" \/>\n<meta name=\"twitter:card\" content=\"summary_large_image\" \/>\n<meta name=\"twitter:label1\" content=\"Written by\" \/>\n\t<meta name=\"twitter:data1\" content=\"admin\" \/>\n\t<meta name=\"twitter:label2\" content=\"Est. reading time\" \/>\n\t<meta name=\"twitter:data2\" content=\"5 minutes\" \/>\n<script type=\"application\/ld+json\" class=\"yoast-schema-graph\">{\"@context\":\"https:\\\/\\\/schema.org\",\"@graph\":[{\"@type\":\"Article\",\"@id\":\"https:\\\/\\\/fjala.info\\\/2009-2015\\\/alarmi-i-presidences-daneze\\\/#article\",\"isPartOf\":{\"@id\":\"https:\\\/\\\/fjala.info\\\/2009-2015\\\/alarmi-i-presidences-daneze\\\/\"},\"author\":{\"name\":\"admin\",\"@id\":\"https:\\\/\\\/fjala.info\\\/2009-2015\\\/#\\\/schema\\\/person\\\/3aa1163ef05469c496fc94e77611ada2\"},\"headline\":\"Alarmi i presidenc\u00ebs daneze\",\"datePublished\":\"2012-01-08T06:50:29+00:00\",\"mainEntityOfPage\":{\"@id\":\"https:\\\/\\\/fjala.info\\\/2009-2015\\\/alarmi-i-presidences-daneze\\\/\"},\"wordCount\":1000,\"commentCount\":0,\"publisher\":{\"@id\":\"https:\\\/\\\/fjala.info\\\/2009-2015\\\/#organization\"},\"image\":{\"@id\":\"https:\\\/\\\/fjala.info\\\/2009-2015\\\/alarmi-i-presidences-daneze\\\/#primaryimage\"},\"thumbnailUrl\":\"http:\\\/\\\/www.shkoder.net\\\/images\\\/fjala\\\/2011\\\/edi_rama5.jpg\",\"articleSection\":[\"Artikuj\"],\"inLanguage\":\"sq-AL\",\"potentialAction\":[{\"@type\":\"CommentAction\",\"name\":\"Comment\",\"target\":[\"https:\\\/\\\/fjala.info\\\/2009-2015\\\/alarmi-i-presidences-daneze\\\/#respond\"]}]},{\"@type\":\"WebPage\",\"@id\":\"https:\\\/\\\/fjala.info\\\/2009-2015\\\/alarmi-i-presidences-daneze\\\/\",\"url\":\"https:\\\/\\\/fjala.info\\\/2009-2015\\\/alarmi-i-presidences-daneze\\\/\",\"name\":\"Alarmi i presidenc\u00ebs daneze - FjALA e LIR\u00cb - Arkivi\",\"isPartOf\":{\"@id\":\"https:\\\/\\\/fjala.info\\\/2009-2015\\\/#website\"},\"primaryImageOfPage\":{\"@id\":\"https:\\\/\\\/fjala.info\\\/2009-2015\\\/alarmi-i-presidences-daneze\\\/#primaryimage\"},\"image\":{\"@id\":\"https:\\\/\\\/fjala.info\\\/2009-2015\\\/alarmi-i-presidences-daneze\\\/#primaryimage\"},\"thumbnailUrl\":\"http:\\\/\\\/www.shkoder.net\\\/images\\\/fjala\\\/2011\\\/edi_rama5.jpg\",\"datePublished\":\"2012-01-08T06:50:29+00:00\",\"breadcrumb\":{\"@id\":\"https:\\\/\\\/fjala.info\\\/2009-2015\\\/alarmi-i-presidences-daneze\\\/#breadcrumb\"},\"inLanguage\":\"sq-AL\",\"potentialAction\":[{\"@type\":\"ReadAction\",\"target\":[\"https:\\\/\\\/fjala.info\\\/2009-2015\\\/alarmi-i-presidences-daneze\\\/\"]}]},{\"@type\":\"ImageObject\",\"inLanguage\":\"sq-AL\",\"@id\":\"https:\\\/\\\/fjala.info\\\/2009-2015\\\/alarmi-i-presidences-daneze\\\/#primaryimage\",\"url\":\"http:\\\/\\\/www.shkoder.net\\\/images\\\/fjala\\\/2011\\\/edi_rama5.jpg\",\"contentUrl\":\"http:\\\/\\\/www.shkoder.net\\\/images\\\/fjala\\\/2011\\\/edi_rama5.jpg\"},{\"@type\":\"BreadcrumbList\",\"@id\":\"https:\\\/\\\/fjala.info\\\/2009-2015\\\/alarmi-i-presidences-daneze\\\/#breadcrumb\",\"itemListElement\":[{\"@type\":\"ListItem\",\"position\":1,\"name\":\"Home\",\"item\":\"https:\\\/\\\/fjala.info\\\/2009-2015\\\/\"},{\"@type\":\"ListItem\",\"position\":2,\"name\":\"Alarmi i presidenc\u00ebs daneze\"}]},{\"@type\":\"WebSite\",\"@id\":\"https:\\\/\\\/fjala.info\\\/2009-2015\\\/#website\",\"url\":\"https:\\\/\\\/fjala.info\\\/2009-2015\\\/\",\"name\":\"FjALA e LIR\u00cb - Arkivi\",\"description\":\"Arkivi 2009-2015\",\"publisher\":{\"@id\":\"https:\\\/\\\/fjala.info\\\/2009-2015\\\/#organization\"},\"potentialAction\":[{\"@type\":\"SearchAction\",\"target\":{\"@type\":\"EntryPoint\",\"urlTemplate\":\"https:\\\/\\\/fjala.info\\\/2009-2015\\\/?s={search_term_string}\"},\"query-input\":{\"@type\":\"PropertyValueSpecification\",\"valueRequired\":true,\"valueName\":\"search_term_string\"}}],\"inLanguage\":\"sq-AL\"},{\"@type\":\"Organization\",\"@id\":\"https:\\\/\\\/fjala.info\\\/2009-2015\\\/#organization\",\"name\":\"FjALA e LIR\u00cb - Arkivi\",\"url\":\"https:\\\/\\\/fjala.info\\\/2009-2015\\\/\",\"logo\":{\"@type\":\"ImageObject\",\"inLanguage\":\"sq-AL\",\"@id\":\"https:\\\/\\\/fjala.info\\\/2009-2015\\\/#\\\/schema\\\/logo\\\/image\\\/\",\"url\":\"\",\"contentUrl\":\"\",\"caption\":\"FjALA e LIR\u00cb - Arkivi\"},\"image\":{\"@id\":\"https:\\\/\\\/fjala.info\\\/2009-2015\\\/#\\\/schema\\\/logo\\\/image\\\/\"}},{\"@type\":\"Person\",\"@id\":\"https:\\\/\\\/fjala.info\\\/2009-2015\\\/#\\\/schema\\\/person\\\/3aa1163ef05469c496fc94e77611ada2\",\"name\":\"admin\",\"image\":{\"@type\":\"ImageObject\",\"inLanguage\":\"sq-AL\",\"@id\":\"https:\\\/\\\/fjala.info\\\/2009-2015\\\/wp-content\\\/uploads\\\/2012\\\/02\\\/arben_cokaj-120x150.jpg\",\"url\":\"https:\\\/\\\/fjala.info\\\/2009-2015\\\/wp-content\\\/uploads\\\/2012\\\/02\\\/arben_cokaj-120x150.jpg\",\"contentUrl\":\"https:\\\/\\\/fjala.info\\\/2009-2015\\\/wp-content\\\/uploads\\\/2012\\\/02\\\/arben_cokaj-120x150.jpg\",\"caption\":\"admin\"},\"description\":\"Admin, Fjala e Lir\u00eb\",\"sameAs\":[\"https:\\\/\\\/fjala.info\\\/\"],\"url\":\"https:\\\/\\\/fjala.info\\\/2009-2015\\\/author\\\/admin\\\/\"}]}<\/script>\n<!-- \/ Yoast SEO plugin. -->","yoast_head_json":{"title":"Alarmi i presidenc\u00ebs daneze - FjALA e LIR\u00cb - Arkivi","robots":{"index":"index","follow":"follow","max-snippet":"max-snippet:-1","max-image-preview":"max-image-preview:large","max-video-preview":"max-video-preview:-1"},"canonical":"https:\/\/fjala.info\/2009-2015\/alarmi-i-presidences-daneze\/","og_locale":"sq_AL","og_type":"article","og_title":"Alarmi i presidenc\u00ebs daneze - FjALA e LIR\u00cb - Arkivi","og_description":"Nga Edi Rama, 7 Janar 2012 Nuk dua t\u00eb p\u00ebrputh k\u00ebtu t\u00eb v\u00ebrtetat q\u00eb kemi shprehur e mbrojtur tash dy vjet p\u00ebrgjat\u00eb shtegut t\u00eb ngushtuar dhunsh\u00ebm t\u00eb veprimit opozitar, me t\u00eb v\u00ebrtetat e hidhura q\u00eb ambasadori i Danimark\u00ebs n\u00eb cil\u00ebsin\u00eb e p\u00ebrfaq\u00ebsuesit t\u00eb presidenc\u00ebs s\u00eb BE-s\u00eb p\u00ebr k\u00ebta gjasht\u00eb muaj, rreshtoi dje me gjuh\u00ebn e [&hellip;]","og_url":"https:\/\/fjala.info\/2009-2015\/alarmi-i-presidences-daneze\/","og_site_name":"FjALA e LIR\u00cb - Arkivi","article_published_time":"2012-01-08T06:50:29+00:00","og_image":[{"url":"http:\/\/www.shkoder.net\/images\/fjala\/2011\/edi_rama5.jpg","type":"","width":"","height":""}],"author":"admin","twitter_card":"summary_large_image","twitter_misc":{"Written by":"admin","Est. reading time":"5 minutes"},"schema":{"@context":"https:\/\/schema.org","@graph":[{"@type":"Article","@id":"https:\/\/fjala.info\/2009-2015\/alarmi-i-presidences-daneze\/#article","isPartOf":{"@id":"https:\/\/fjala.info\/2009-2015\/alarmi-i-presidences-daneze\/"},"author":{"name":"admin","@id":"https:\/\/fjala.info\/2009-2015\/#\/schema\/person\/3aa1163ef05469c496fc94e77611ada2"},"headline":"Alarmi i presidenc\u00ebs daneze","datePublished":"2012-01-08T06:50:29+00:00","mainEntityOfPage":{"@id":"https:\/\/fjala.info\/2009-2015\/alarmi-i-presidences-daneze\/"},"wordCount":1000,"commentCount":0,"publisher":{"@id":"https:\/\/fjala.info\/2009-2015\/#organization"},"image":{"@id":"https:\/\/fjala.info\/2009-2015\/alarmi-i-presidences-daneze\/#primaryimage"},"thumbnailUrl":"http:\/\/www.shkoder.net\/images\/fjala\/2011\/edi_rama5.jpg","articleSection":["Artikuj"],"inLanguage":"sq-AL","potentialAction":[{"@type":"CommentAction","name":"Comment","target":["https:\/\/fjala.info\/2009-2015\/alarmi-i-presidences-daneze\/#respond"]}]},{"@type":"WebPage","@id":"https:\/\/fjala.info\/2009-2015\/alarmi-i-presidences-daneze\/","url":"https:\/\/fjala.info\/2009-2015\/alarmi-i-presidences-daneze\/","name":"Alarmi i presidenc\u00ebs daneze - FjALA e LIR\u00cb - Arkivi","isPartOf":{"@id":"https:\/\/fjala.info\/2009-2015\/#website"},"primaryImageOfPage":{"@id":"https:\/\/fjala.info\/2009-2015\/alarmi-i-presidences-daneze\/#primaryimage"},"image":{"@id":"https:\/\/fjala.info\/2009-2015\/alarmi-i-presidences-daneze\/#primaryimage"},"thumbnailUrl":"http:\/\/www.shkoder.net\/images\/fjala\/2011\/edi_rama5.jpg","datePublished":"2012-01-08T06:50:29+00:00","breadcrumb":{"@id":"https:\/\/fjala.info\/2009-2015\/alarmi-i-presidences-daneze\/#breadcrumb"},"inLanguage":"sq-AL","potentialAction":[{"@type":"ReadAction","target":["https:\/\/fjala.info\/2009-2015\/alarmi-i-presidences-daneze\/"]}]},{"@type":"ImageObject","inLanguage":"sq-AL","@id":"https:\/\/fjala.info\/2009-2015\/alarmi-i-presidences-daneze\/#primaryimage","url":"http:\/\/www.shkoder.net\/images\/fjala\/2011\/edi_rama5.jpg","contentUrl":"http:\/\/www.shkoder.net\/images\/fjala\/2011\/edi_rama5.jpg"},{"@type":"BreadcrumbList","@id":"https:\/\/fjala.info\/2009-2015\/alarmi-i-presidences-daneze\/#breadcrumb","itemListElement":[{"@type":"ListItem","position":1,"name":"Home","item":"https:\/\/fjala.info\/2009-2015\/"},{"@type":"ListItem","position":2,"name":"Alarmi i presidenc\u00ebs daneze"}]},{"@type":"WebSite","@id":"https:\/\/fjala.info\/2009-2015\/#website","url":"https:\/\/fjala.info\/2009-2015\/","name":"FjALA e LIR\u00cb - Arkivi","description":"Arkivi 2009-2015","publisher":{"@id":"https:\/\/fjala.info\/2009-2015\/#organization"},"potentialAction":[{"@type":"SearchAction","target":{"@type":"EntryPoint","urlTemplate":"https:\/\/fjala.info\/2009-2015\/?s={search_term_string}"},"query-input":{"@type":"PropertyValueSpecification","valueRequired":true,"valueName":"search_term_string"}}],"inLanguage":"sq-AL"},{"@type":"Organization","@id":"https:\/\/fjala.info\/2009-2015\/#organization","name":"FjALA e LIR\u00cb - Arkivi","url":"https:\/\/fjala.info\/2009-2015\/","logo":{"@type":"ImageObject","inLanguage":"sq-AL","@id":"https:\/\/fjala.info\/2009-2015\/#\/schema\/logo\/image\/","url":"","contentUrl":"","caption":"FjALA e LIR\u00cb - Arkivi"},"image":{"@id":"https:\/\/fjala.info\/2009-2015\/#\/schema\/logo\/image\/"}},{"@type":"Person","@id":"https:\/\/fjala.info\/2009-2015\/#\/schema\/person\/3aa1163ef05469c496fc94e77611ada2","name":"admin","image":{"@type":"ImageObject","inLanguage":"sq-AL","@id":"https:\/\/fjala.info\/2009-2015\/wp-content\/uploads\/2012\/02\/arben_cokaj-120x150.jpg","url":"https:\/\/fjala.info\/2009-2015\/wp-content\/uploads\/2012\/02\/arben_cokaj-120x150.jpg","contentUrl":"https:\/\/fjala.info\/2009-2015\/wp-content\/uploads\/2012\/02\/arben_cokaj-120x150.jpg","caption":"admin"},"description":"Admin, Fjala e Lir\u00eb","sameAs":["https:\/\/fjala.info\/"],"url":"https:\/\/fjala.info\/2009-2015\/author\/admin\/"}]}},"_links":{"self":[{"href":"https:\/\/fjala.info\/2009-2015\/wp-json\/wp\/v2\/posts\/11581","targetHints":{"allow":["GET"]}}],"collection":[{"href":"https:\/\/fjala.info\/2009-2015\/wp-json\/wp\/v2\/posts"}],"about":[{"href":"https:\/\/fjala.info\/2009-2015\/wp-json\/wp\/v2\/types\/post"}],"author":[{"embeddable":true,"href":"https:\/\/fjala.info\/2009-2015\/wp-json\/wp\/v2\/users\/1"}],"replies":[{"embeddable":true,"href":"https:\/\/fjala.info\/2009-2015\/wp-json\/wp\/v2\/comments?post=11581"}],"version-history":[{"count":0,"href":"https:\/\/fjala.info\/2009-2015\/wp-json\/wp\/v2\/posts\/11581\/revisions"}],"wp:attachment":[{"href":"https:\/\/fjala.info\/2009-2015\/wp-json\/wp\/v2\/media?parent=11581"}],"wp:term":[{"taxonomy":"category","embeddable":true,"href":"https:\/\/fjala.info\/2009-2015\/wp-json\/wp\/v2\/categories?post=11581"},{"taxonomy":"post_tag","embeddable":true,"href":"https:\/\/fjala.info\/2009-2015\/wp-json\/wp\/v2\/tags?post=11581"}],"curies":[{"name":"wp","href":"https:\/\/api.w.org\/{rel}","templated":true}]}}