{"id":11579,"date":"2012-01-06T09:51:30","date_gmt":"2012-01-06T08:51:30","guid":{"rendered":"http:\/\/fjala.shkoder.net\/?p=1002"},"modified":"2012-01-06T09:51:30","modified_gmt":"2012-01-06T08:51:30","slug":"konsensusi-pa-beteje-si-peme-pa-kokrra","status":"publish","type":"post","link":"https:\/\/fjala.info\/2009-2015\/konsensusi-pa-beteje-si-peme-pa-kokrra\/","title":{"rendered":"Konsensusi pa betej\u00eb si pem\u00eb pa kokrra"},"content":{"rendered":"<p><img decoding=\"async\" class=\"alignright size-thumbnail wp-image-7236\" title=\"Pre\u00e7 Zogaj\" src=\"http:\/\/www.shkoder.net\/images\/fjala\/prec_zogaj.jpg\" alt=\"\" width=\"150\" \/> <strong>Pre\u00e7 Zogaj<\/strong><\/p>\n<p>(<em>Vijim i shkrimit t\u00eb djesh\u00ebm \u201c\u00c7far\u00eb presidenti kan\u00eb n\u00eb mendje\u201d<\/em>)<\/p>\n<p>N\u00eb numrin e djesh\u00ebm argumentuam se presidenti politik q\u00eb ka n\u00eb mendje Berisha \u00ebsht\u00eb nj\u00eb president kukull si profil dhe mediok\u00ebr si person, t\u00eb cilin ai, kur ti vij\u00eb dita, do ta paraqes\u00eb me superlativa, si mish\u00ebrimin e vlerave dhe virtyteve m\u00eb t\u00eb larta njer\u00ebzore , duke e p\u00ebrcjell\u00eb k\u00ebt\u00eb tirad\u00eb me n\u00ebnqeshjen e tij t\u00eb br\u00ebndshme karakateristike. Si njeri, ai ka luksin t\u00eb tallet me politikanin Berisha. Qytetar\u00ebt e kan\u00eb fatkeq\u00ebsi dyzimin n\u00eb k\u00ebt\u00eb shkall\u00eb t\u00eb kreut t\u00eb qeveris\u00eb s\u00eb tyre. Por kjo \u00ebsht\u00eb nje tem\u00eb tjet\u00ebr.<\/p>\n<p>Le t\u00eb provojm\u00eb t\u00eb shohim tani se \u00e7far\u00eb presidenti ka n\u00eb mendje shefi i opozit\u00ebs, zoti Rama. Ky k\u00ebrkim \u00ebsht\u00eb pak m\u00eb i v\u00ebshtir\u00eb p\u00ebr arsye se Rama \u00ebsht\u00eb provuar shum\u00eb me pak se Berisha si propozues kandidaturash, nd\u00ebrkoh\u00eb q\u00eb nuk i \u00ebsht\u00eb dh\u00ebn\u00eb rasti t\u00eb votoj\u00eb ndonj\u00ebher\u00eb as pro as kund\u00ebr kujt n\u00eb kutin\u00eb e fsheht\u00eb n\u00eb Kuvend. N\u00eb palmaren e tij modeste t\u00eb p\u00ebrfshirjes dhe kontributeve p\u00ebr funksionin e Presidentit t\u00eb Republik\u00ebs shohim t\u00eb ket\u00eb mbetur diku emri i gjeneralit Arjan Zaimi, i cili doli p\u00ebr pak or\u00eb si kandidatur\u00eb konsensuale n\u00eb vitin 2007, por u braktis pask\u00ebtaj nga nj\u00eb evoluim zhvillimesh q\u00eb nxorri fitues Bamir Topin. N\u00eb vitin 2007 Rama arriti gjithsesi t\u2019i fshihte deri diku preferencat p\u00ebr emrat konkret\u00eb, duke i dh\u00ebn\u00eb p\u00ebrpar\u00ebsi procedur\u00ebs.<\/p>\n<p>K\u00ebt\u00eb po b\u00ebn edhe k\u00ebsaj here. Po ngulmon p\u00ebr nj\u00eb president konsensual , megjithese e ka t\u00eb qart\u00eb se me kushtetut\u00ebn e ndryshuar konsensusi \u00ebsht\u00eb shum\u00eb m\u00eb i larg\u00ebt se sa ishte me kushtetut\u00ebn e pandryshuar. Kur zgjidhej me shumic\u00eb t\u00eb cil\u00ebsuar prej tet\u00ebdhjet\u00eb e kat\u00ebr deputet\u00ebsh kushtetuta diktonte marr\u00ebveshje, manovra, konsensus. Tani q\u00eb zgjidhet me shumic\u00eb t\u00eb thjesht\u00eb prej sht\u00ebt\u00ebdhjet\u00eb e nj\u00eb deputet\u00ebsh qeveris\u00eb i mjafton shumica q\u00eb ka. Nga nj\u00eb an\u00eb, duke k\u00ebrkuar konsensus n\u00eb k\u00ebto kushte, Rama i ekspozohet kritik\u00ebs se si bashkautor i ndryshimeve kushtetuese atij nuk i shkon t\u00eb k\u00ebrkoj\u00eb nj\u00eb gj\u00eb q\u00eb e ka l\u00ebshuar me vullnetin e tij t\u00eb lir\u00eb para tre-kat\u00ebr vjet\u00ebsh.<\/p>\n<p>Nga ana tjet\u00ebr, i v\u00ebt\u00ebdijsh\u00ebm p\u00ebr taks\u00ebn e inkonsekuenc\u00ebs q\u00eb duhet t\u00eb paguaj\u00eb me k\u00ebt\u00eb rast, ai d\u00ebsh\u00ebron t\u00eb paraqitet n\u00eb syt\u00eb e publikut m\u00eb i mir\u00eb dhe m\u00eb i hapur se kryeministri, duke shkuar me mendimin se njer\u00ebzit preferojm\u00eb me shum\u00eb nj\u00eb President konsensual t\u00eb pal\u00ebve se sa nj\u00eb president politik t\u00eb nj\u00eb pale, domethen\u00eb t\u00eb Berish\u00ebs. Kjo \u00ebsht\u00eb e v\u00ebrtet\u00eb, sado q\u00eb si \u00e7do e v\u00ebrtet\u00eb, ka edhe an\u00ebn tjet\u00ebr t\u00eb medaljes. K\u00ebrkimi i konsensusit n\u00eb politik\u00eb, sa \u00e7\u2019\u00ebsht\u00eb vler\u00eb n\u00eb rrethana t\u00eb caktuara, po aq \u00ebsht\u00eb shprehje dob\u00ebsie n\u00eb rrethana t\u00eb tjera. Sa t\u00eb mendohet i men\u00e7uri, budallaj ka mbaruar pun\u00eb, thot\u00eb populli; gjith\u00e7ka harrohet kur hidhet lumi. Atij q\u00eb s\u2019ka b\u00ebr\u00eb tjet\u00ebr ve\u00e7se ka th\u00ebn\u00eb urat\u00eb dhe lutje n\u00eb breg nuk i mbetet gj\u00eb tjet\u00ebr ve\u00e7se t\u00eb ngush\u00ebllohet duke num\u00ebruar tespie.<\/p>\n<p>Rama le t\u00eb mbaj\u00eb tez\u00ebn e konsensusit, shpresat dhe utopit\u00eb nuk kushtojn\u00eb asgj\u00eb. Por n\u00eb vend q\u00eb thjesht ta artikuloj\u00eb nga larg p\u00ebr t\u2019u diferencuar nga Berisha, apo p\u00ebr tu d\u00ebgjuar nga Berisha dhe Meta, apo p\u00ebr ta rregjistruar si q\u00ebndrim konstruktiv pran\u00eb kancelarive t\u00eb vendeve mike, ai duhet ta shnd\u00ebrroj\u00eb k\u00ebrkes\u00ebn n\u00eb fjal\u00eb n\u00eb nj\u00eb l\u00ebvizje politike aktive me synimin q\u00eb opozita dhe shefi i saj t\u00eb mos jen\u00eb n\u00eb pozitat e atyre q\u00eb luten, por n\u00eb pozitat e atyre q\u00eb bashkevendosin. Konsensuale apo politike qoft\u00eb zgjidhja.<\/p>\n<p>Nj\u00eb pjes\u00eb e publikut pr\u00eat q\u00eb Partia Socialiste t\u00eb sqaroj\u00eb p\u00ebrfundimisht n\u00eb rrug\u00eb ligjore \u00e7eshtjen e vlefshm\u00ebris\u00eb apo pavlefshm\u00ebris\u00eb s\u00eb tre raundeve t\u00eb para t\u00eb zgjedhjes s\u00eb presidentit me 84 vota, n\u00ebse n\u00eb sall\u00eb jan\u00eb m\u00eb pak se 84 deputet\u00eb. N\u00eb Kosov\u00eb \u00ebsht\u00eb shkarkuar nj\u00eb president i zgjedhur- Behgjet Pacolli- ngaq\u00eb n\u00eb dy raundet e para n\u00eb sall\u00eb nuk ishte korumi i nevojsh\u00ebm p\u00ebr zgjedhjen e presidentit me dy t\u00eb tretat e deputet\u00ebve t\u00eb gjith\u00eb Kuvendit. Dy seancat e para u konsideruan t\u00eb paligjshme nga Gjykata Kushtetuese e Kosov\u00ebs. Rjedhimisht i gjith\u00eb procesi ra, pra edhe raundi i tret\u00eb kur Pacolli ishte zgjedhur me shumic\u00eb t\u00eb thjesht\u00eb.<\/p>\n<p>A jan\u00eb t\u00eb nj\u00ebjta dispozitat e Kushtetut\u00ebs s\u00eb Shqip\u00ebris\u00eb me dispozitat e Kushtetut\u00ebs s\u00eb Kosov\u00ebs p\u00ebr k\u00ebt\u00eb \u00e7eshtje? Kjo nuk \u00ebsht\u00eb shum\u00eb e qart\u00eb. Optimizmi dhe vendosm\u00ebria e Berish\u00ebs p\u00ebr ta zgjedhur Presidentin e ri me sht\u00ebt\u00ebdhjet\u00eb e nj\u00eb deputet\u00eb t\u00eb len\u00eb t\u00eb kuptosh se ai nuk sheh asnj\u00eb penges\u00eb dhe njeh si raund t\u00eb par\u00eb raundin e kat\u00ebrt. Vendosja n\u00eb kushtetut\u00eb e tre raundeve pa vler\u00eb do t\u00eb ishte pa kuptim, pavar\u00ebsisht ndonj\u00eb fjalie kineze dhe hileqare q\u00eb shoq\u00ebron tekstin e ndryshimeve kushtetuese t\u00eb vitit 2008, fjali e cila, sipas disa analist\u00ebve politik\u00eb, i b\u00ebn nul manovrat politike t\u00eb opozit\u00ebs me korumin. Gjithsesi, PS duhet t\u00eb jet\u00eb e qart\u00eb me veten dhe me publikun p\u00ebr ket\u00eb \u00e7eshtje. Po qe se ka hap\u00ebsir\u00eb p\u00ebr interpetim kushtetues, kjo duhet b\u00ebr\u00eb q\u00eb tani. Nuk ka vler\u00eb pas pilafit. Nuk ka vler\u00eb pas zgjedhjes s\u00eb Presidentit.<\/p>\n<p>N\u00ebqoftese duhet korumi me 84 deputet\u00eb n\u00eb tre raundet e para, Rama dhe opozita kan\u00eb boll \u201cmunicion\u201d n\u00eb \u00e7ant\u00eb p\u00ebr t\u00eb synuar njeher\u00ebsh konsesusin dhe nj\u00eb kandidat t\u00eb denj\u00eb p\u00ebr karrigen e kreut t\u00eb shtetit. N\u00ebqoftese korumi n\u00eb fjal\u00eb nuk \u00ebsht\u00eb i domosdosh\u00ebm, nga opozita pritet t\u00eb ket\u00eb planin e saj t\u00eb aksionit politik p\u00ebr Presidentin.<\/p>\n<p>Opozita dhe Rama i kan\u00eb t\u00eb gjitha arsyet t\u00eb ngulmojn\u00eb fort p\u00ebr nj\u00eb president konsensual n\u00eb Bruksel dhe Uashington si kompensim p\u00ebr moshetimin e zgjedhjeve t\u00eb vitit 2009 sipas Rrezolut\u00ebs s\u00eb Parlamentit Europian dhe p\u00ebr gjith\u00eb parregullsit\u00eb dhe anomalit\u00eb e regjistruara n\u00eb raportin e OSBE-ODHIR-it p\u00ebr zgjedhjet e 8 majit 2011 n\u00eb Tiran\u00eb. Kompensimi me nj\u00eb president konsesual pas gjith\u00eb k\u00ebtyre ngjarjeve dhe n\u00eb kushtet kur vendi nuk ka nj\u00eb shumic\u00eb politike t\u00eb votuar si e till\u00eb, \u00ebsht\u00eb nj\u00eb e drejt\u00eb e ligjshme e opozit\u00ebs, sikurse \u00ebsht\u00eb edhe nj\u00eb investim i ve\u00e7ant\u00eb p\u00ebr paqtimin politik t\u00eb vendit.<\/p>\n<p>N\u00eb munges\u00eb t\u00eb konsensusit t\u00eb madh me PD-n\u00eb, nga opozita pritet t\u00eb ket\u00eb planin e saj p\u00ebr konsensusin e vog\u00eb me parti dhe deputet\u00eb t\u00eb ve\u00e7ant\u00eb t\u00eb Kuvendit t\u00eb Shqip\u00ebris\u00eb. Kjo do t\u00eb thot\u00eb q\u00eb opozita t\u2019i p\u00ebrgjigjet me t\u00eb nj\u00ebjt\u00ebn monedh\u00eb opsionit t\u00eb Berish\u00ebs p\u00ebr nj\u00eb president politik dhe t\u00eb zbres\u00eb n\u00eb fush\u00ebn e betej\u00ebs p\u00ebr presidentin e saj politik. Opozita \u00ebsht\u00eb m\u00eb misionin e saj t\u00eb testoj\u00eb q\u00ebndrimet e LSI-s\u00eb dhe PDIU-s\u00eb p\u00ebr zgjedhjen e presidentit. Presidenti Bamir Topi \u00ebsht\u00eb gjithnj\u00eb nj\u00eb aktor p\u00ebr t\u2019u respktuar.Partia Demokristiane n\u00eb opozit\u00eb, edhe pse parti joparlamentare, ka mb\u00ebshtetur rikandidimin e Topit. Nuk do t\u00eb \u00e7uditej njeri, p\u00ebrkundrazi, q\u00eb t\u00eb n\u00ebjt\u00ebn gj\u00eb ta bente fjala vjen PDIU-ja. Kjo parti, me aq sa e njoh, do t\u00eb respektonte programin dhe frym\u00ebn e saj, duke i dh\u00ebn\u00eb mb\u00ebshtetje nj\u00eb presidenti q\u00eb n\u00eb disa \u00e7eshtje pikante komb\u00ebtare ka mbajtur edhe q\u00ebndrimet e nj\u00eb partiaku \u201c\u00e7am\u201d.<\/p>\n<p>N\u00eb momentin e duhur PS duhet t\u00eb dal\u00eb me kandidat\u00ebt apo kandiatin e saj, n\u00eb personalitetin e t\u00eb cilit, m\u00eb mir\u00eb se n\u00eb asgj\u00eb, kjo parti do t\u00eb d\u00ebshmonte vizionin e e saj p\u00ebr kreun e shtetit si funksion. Beteja p\u00ebr t\u00eb nd\u00ebrtuar nj\u00eb proces \u00ebsht\u00eb e vyer. Por opozita nuk mund t\u00eb kufizohet duke k\u00ebnduar deri n\u00eb fund psallmin e konsensusit dhe kaq. Kjo do t\u00eb krijonte p\u00ebrshtypjen e indiferenc\u00ebs ndaj procesit. Konsensusi pa betej\u00eb \u00ebsht\u00eb si nj\u00eb pem\u00eb pa kokrra. Opozita i ka shanset t\u00eb fitoj\u00eb me votim t\u00eb fsheht\u00eb. Me nj\u00eb kandidat t\u00eb mir\u00eb opozita fiton edhe duke humbur. Si\u00e7 kan\u00eb ardhur pun\u00ebt, kandidati i opozit\u00ebs do t\u00eb jet\u00eb Presidenti moral i Republik\u00ebs. Si i till\u00eb ai do t\u00eb jet\u00eb m\u00eb i rend\u00ebsish\u00ebm p\u00ebr shpresat e popullit shqiptar se sa presidenti kukull i zotit Berisha.<\/p>\n","protected":false},"excerpt":{"rendered":"<p>Pre\u00e7 Zogaj (Vijim i shkrimit t\u00eb djesh\u00ebm \u201c\u00c7far\u00eb presidenti kan\u00eb n\u00eb mendje\u201d) N\u00eb numrin e djesh\u00ebm argumentuam se presidenti politik q\u00eb ka n\u00eb mendje Berisha \u00ebsht\u00eb nj\u00eb president kukull si profil dhe mediok\u00ebr si person, t\u00eb cilin ai, kur ti vij\u00eb dita, do ta paraqes\u00eb me superlativa, si mish\u00ebrimin e vlerave dhe virtyteve m\u00eb t\u00eb [&hellip;]<\/p>\n","protected":false},"author":1,"featured_media":0,"comment_status":"open","ping_status":"closed","sticky":false,"template":"","format":"standard","meta":{"footnotes":""},"categories":[2],"tags":[],"class_list":{"0":"post-11579","1":"post","2":"type-post","3":"status-publish","4":"format-standard","6":"category-artikuj"},"yoast_head":"<!-- This site is optimized with the Yoast SEO plugin v27.4 - https:\/\/yoast.com\/product\/yoast-seo-wordpress\/ -->\n<title>Konsensusi pa betej\u00eb si pem\u00eb pa kokrra - FjALA e LIR\u00cb - Arkivi<\/title>\n<meta name=\"robots\" content=\"index, follow, max-snippet:-1, max-image-preview:large, max-video-preview:-1\" \/>\n<link rel=\"canonical\" href=\"https:\/\/fjala.info\/2009-2015\/konsensusi-pa-beteje-si-peme-pa-kokrra\/\" \/>\n<meta property=\"og:locale\" content=\"sq_AL\" \/>\n<meta property=\"og:type\" content=\"article\" \/>\n<meta property=\"og:title\" content=\"Konsensusi pa betej\u00eb si pem\u00eb pa kokrra - FjALA e LIR\u00cb - Arkivi\" \/>\n<meta property=\"og:description\" content=\"Pre\u00e7 Zogaj (Vijim i shkrimit t\u00eb djesh\u00ebm \u201c\u00c7far\u00eb presidenti kan\u00eb n\u00eb mendje\u201d) N\u00eb numrin e djesh\u00ebm argumentuam se presidenti politik q\u00eb ka n\u00eb mendje Berisha \u00ebsht\u00eb nj\u00eb president kukull si profil dhe mediok\u00ebr si person, t\u00eb cilin ai, kur ti vij\u00eb dita, do ta paraqes\u00eb me superlativa, si mish\u00ebrimin e vlerave dhe virtyteve m\u00eb t\u00eb [&hellip;]\" \/>\n<meta property=\"og:url\" content=\"https:\/\/fjala.info\/2009-2015\/konsensusi-pa-beteje-si-peme-pa-kokrra\/\" \/>\n<meta property=\"og:site_name\" content=\"FjALA e LIR\u00cb - Arkivi\" \/>\n<meta property=\"article:published_time\" content=\"2012-01-06T08:51:30+00:00\" \/>\n<meta property=\"og:image\" content=\"http:\/\/www.shkoder.net\/images\/fjala\/prec_zogaj.jpg\" \/>\n<meta name=\"author\" content=\"admin\" \/>\n<meta name=\"twitter:card\" content=\"summary_large_image\" \/>\n<meta name=\"twitter:label1\" content=\"Written by\" \/>\n\t<meta name=\"twitter:data1\" content=\"admin\" \/>\n\t<meta name=\"twitter:label2\" content=\"Est. reading time\" \/>\n\t<meta name=\"twitter:data2\" content=\"7 minutes\" \/>\n<script type=\"application\/ld+json\" class=\"yoast-schema-graph\">{\"@context\":\"https:\\\/\\\/schema.org\",\"@graph\":[{\"@type\":\"Article\",\"@id\":\"https:\\\/\\\/fjala.info\\\/2009-2015\\\/konsensusi-pa-beteje-si-peme-pa-kokrra\\\/#article\",\"isPartOf\":{\"@id\":\"https:\\\/\\\/fjala.info\\\/2009-2015\\\/konsensusi-pa-beteje-si-peme-pa-kokrra\\\/\"},\"author\":{\"name\":\"admin\",\"@id\":\"https:\\\/\\\/fjala.info\\\/2009-2015\\\/#\\\/schema\\\/person\\\/3aa1163ef05469c496fc94e77611ada2\"},\"headline\":\"Konsensusi pa betej\u00eb si pem\u00eb pa kokrra\",\"datePublished\":\"2012-01-06T08:51:30+00:00\",\"mainEntityOfPage\":{\"@id\":\"https:\\\/\\\/fjala.info\\\/2009-2015\\\/konsensusi-pa-beteje-si-peme-pa-kokrra\\\/\"},\"wordCount\":1430,\"commentCount\":0,\"publisher\":{\"@id\":\"https:\\\/\\\/fjala.info\\\/2009-2015\\\/#organization\"},\"image\":{\"@id\":\"https:\\\/\\\/fjala.info\\\/2009-2015\\\/konsensusi-pa-beteje-si-peme-pa-kokrra\\\/#primaryimage\"},\"thumbnailUrl\":\"http:\\\/\\\/www.shkoder.net\\\/images\\\/fjala\\\/prec_zogaj.jpg\",\"articleSection\":[\"Artikuj\"],\"inLanguage\":\"sq-AL\",\"potentialAction\":[{\"@type\":\"CommentAction\",\"name\":\"Comment\",\"target\":[\"https:\\\/\\\/fjala.info\\\/2009-2015\\\/konsensusi-pa-beteje-si-peme-pa-kokrra\\\/#respond\"]}]},{\"@type\":\"WebPage\",\"@id\":\"https:\\\/\\\/fjala.info\\\/2009-2015\\\/konsensusi-pa-beteje-si-peme-pa-kokrra\\\/\",\"url\":\"https:\\\/\\\/fjala.info\\\/2009-2015\\\/konsensusi-pa-beteje-si-peme-pa-kokrra\\\/\",\"name\":\"Konsensusi pa betej\u00eb si pem\u00eb pa kokrra - FjALA e LIR\u00cb - Arkivi\",\"isPartOf\":{\"@id\":\"https:\\\/\\\/fjala.info\\\/2009-2015\\\/#website\"},\"primaryImageOfPage\":{\"@id\":\"https:\\\/\\\/fjala.info\\\/2009-2015\\\/konsensusi-pa-beteje-si-peme-pa-kokrra\\\/#primaryimage\"},\"image\":{\"@id\":\"https:\\\/\\\/fjala.info\\\/2009-2015\\\/konsensusi-pa-beteje-si-peme-pa-kokrra\\\/#primaryimage\"},\"thumbnailUrl\":\"http:\\\/\\\/www.shkoder.net\\\/images\\\/fjala\\\/prec_zogaj.jpg\",\"datePublished\":\"2012-01-06T08:51:30+00:00\",\"breadcrumb\":{\"@id\":\"https:\\\/\\\/fjala.info\\\/2009-2015\\\/konsensusi-pa-beteje-si-peme-pa-kokrra\\\/#breadcrumb\"},\"inLanguage\":\"sq-AL\",\"potentialAction\":[{\"@type\":\"ReadAction\",\"target\":[\"https:\\\/\\\/fjala.info\\\/2009-2015\\\/konsensusi-pa-beteje-si-peme-pa-kokrra\\\/\"]}]},{\"@type\":\"ImageObject\",\"inLanguage\":\"sq-AL\",\"@id\":\"https:\\\/\\\/fjala.info\\\/2009-2015\\\/konsensusi-pa-beteje-si-peme-pa-kokrra\\\/#primaryimage\",\"url\":\"http:\\\/\\\/www.shkoder.net\\\/images\\\/fjala\\\/prec_zogaj.jpg\",\"contentUrl\":\"http:\\\/\\\/www.shkoder.net\\\/images\\\/fjala\\\/prec_zogaj.jpg\"},{\"@type\":\"BreadcrumbList\",\"@id\":\"https:\\\/\\\/fjala.info\\\/2009-2015\\\/konsensusi-pa-beteje-si-peme-pa-kokrra\\\/#breadcrumb\",\"itemListElement\":[{\"@type\":\"ListItem\",\"position\":1,\"name\":\"Home\",\"item\":\"https:\\\/\\\/fjala.info\\\/2009-2015\\\/\"},{\"@type\":\"ListItem\",\"position\":2,\"name\":\"Konsensusi pa betej\u00eb si pem\u00eb pa kokrra\"}]},{\"@type\":\"WebSite\",\"@id\":\"https:\\\/\\\/fjala.info\\\/2009-2015\\\/#website\",\"url\":\"https:\\\/\\\/fjala.info\\\/2009-2015\\\/\",\"name\":\"FjALA e LIR\u00cb - Arkivi\",\"description\":\"Arkivi 2009-2015\",\"publisher\":{\"@id\":\"https:\\\/\\\/fjala.info\\\/2009-2015\\\/#organization\"},\"potentialAction\":[{\"@type\":\"SearchAction\",\"target\":{\"@type\":\"EntryPoint\",\"urlTemplate\":\"https:\\\/\\\/fjala.info\\\/2009-2015\\\/?s={search_term_string}\"},\"query-input\":{\"@type\":\"PropertyValueSpecification\",\"valueRequired\":true,\"valueName\":\"search_term_string\"}}],\"inLanguage\":\"sq-AL\"},{\"@type\":\"Organization\",\"@id\":\"https:\\\/\\\/fjala.info\\\/2009-2015\\\/#organization\",\"name\":\"FjALA e LIR\u00cb - Arkivi\",\"url\":\"https:\\\/\\\/fjala.info\\\/2009-2015\\\/\",\"logo\":{\"@type\":\"ImageObject\",\"inLanguage\":\"sq-AL\",\"@id\":\"https:\\\/\\\/fjala.info\\\/2009-2015\\\/#\\\/schema\\\/logo\\\/image\\\/\",\"url\":\"\",\"contentUrl\":\"\",\"caption\":\"FjALA e LIR\u00cb - Arkivi\"},\"image\":{\"@id\":\"https:\\\/\\\/fjala.info\\\/2009-2015\\\/#\\\/schema\\\/logo\\\/image\\\/\"}},{\"@type\":\"Person\",\"@id\":\"https:\\\/\\\/fjala.info\\\/2009-2015\\\/#\\\/schema\\\/person\\\/3aa1163ef05469c496fc94e77611ada2\",\"name\":\"admin\",\"image\":{\"@type\":\"ImageObject\",\"inLanguage\":\"sq-AL\",\"@id\":\"https:\\\/\\\/fjala.info\\\/2009-2015\\\/wp-content\\\/uploads\\\/2012\\\/02\\\/arben_cokaj-120x150.jpg\",\"url\":\"https:\\\/\\\/fjala.info\\\/2009-2015\\\/wp-content\\\/uploads\\\/2012\\\/02\\\/arben_cokaj-120x150.jpg\",\"contentUrl\":\"https:\\\/\\\/fjala.info\\\/2009-2015\\\/wp-content\\\/uploads\\\/2012\\\/02\\\/arben_cokaj-120x150.jpg\",\"caption\":\"admin\"},\"description\":\"Admin, Fjala e Lir\u00eb\",\"sameAs\":[\"https:\\\/\\\/fjala.info\\\/\"],\"url\":\"https:\\\/\\\/fjala.info\\\/2009-2015\\\/author\\\/admin\\\/\"}]}<\/script>\n<!-- \/ Yoast SEO plugin. -->","yoast_head_json":{"title":"Konsensusi pa betej\u00eb si pem\u00eb pa kokrra - FjALA e LIR\u00cb - Arkivi","robots":{"index":"index","follow":"follow","max-snippet":"max-snippet:-1","max-image-preview":"max-image-preview:large","max-video-preview":"max-video-preview:-1"},"canonical":"https:\/\/fjala.info\/2009-2015\/konsensusi-pa-beteje-si-peme-pa-kokrra\/","og_locale":"sq_AL","og_type":"article","og_title":"Konsensusi pa betej\u00eb si pem\u00eb pa kokrra - FjALA e LIR\u00cb - Arkivi","og_description":"Pre\u00e7 Zogaj (Vijim i shkrimit t\u00eb djesh\u00ebm \u201c\u00c7far\u00eb presidenti kan\u00eb n\u00eb mendje\u201d) N\u00eb numrin e djesh\u00ebm argumentuam se presidenti politik q\u00eb ka n\u00eb mendje Berisha \u00ebsht\u00eb nj\u00eb president kukull si profil dhe mediok\u00ebr si person, t\u00eb cilin ai, kur ti vij\u00eb dita, do ta paraqes\u00eb me superlativa, si mish\u00ebrimin e vlerave dhe virtyteve m\u00eb t\u00eb [&hellip;]","og_url":"https:\/\/fjala.info\/2009-2015\/konsensusi-pa-beteje-si-peme-pa-kokrra\/","og_site_name":"FjALA e LIR\u00cb - Arkivi","article_published_time":"2012-01-06T08:51:30+00:00","og_image":[{"url":"http:\/\/www.shkoder.net\/images\/fjala\/prec_zogaj.jpg","type":"","width":"","height":""}],"author":"admin","twitter_card":"summary_large_image","twitter_misc":{"Written by":"admin","Est. reading time":"7 minutes"},"schema":{"@context":"https:\/\/schema.org","@graph":[{"@type":"Article","@id":"https:\/\/fjala.info\/2009-2015\/konsensusi-pa-beteje-si-peme-pa-kokrra\/#article","isPartOf":{"@id":"https:\/\/fjala.info\/2009-2015\/konsensusi-pa-beteje-si-peme-pa-kokrra\/"},"author":{"name":"admin","@id":"https:\/\/fjala.info\/2009-2015\/#\/schema\/person\/3aa1163ef05469c496fc94e77611ada2"},"headline":"Konsensusi pa betej\u00eb si pem\u00eb pa kokrra","datePublished":"2012-01-06T08:51:30+00:00","mainEntityOfPage":{"@id":"https:\/\/fjala.info\/2009-2015\/konsensusi-pa-beteje-si-peme-pa-kokrra\/"},"wordCount":1430,"commentCount":0,"publisher":{"@id":"https:\/\/fjala.info\/2009-2015\/#organization"},"image":{"@id":"https:\/\/fjala.info\/2009-2015\/konsensusi-pa-beteje-si-peme-pa-kokrra\/#primaryimage"},"thumbnailUrl":"http:\/\/www.shkoder.net\/images\/fjala\/prec_zogaj.jpg","articleSection":["Artikuj"],"inLanguage":"sq-AL","potentialAction":[{"@type":"CommentAction","name":"Comment","target":["https:\/\/fjala.info\/2009-2015\/konsensusi-pa-beteje-si-peme-pa-kokrra\/#respond"]}]},{"@type":"WebPage","@id":"https:\/\/fjala.info\/2009-2015\/konsensusi-pa-beteje-si-peme-pa-kokrra\/","url":"https:\/\/fjala.info\/2009-2015\/konsensusi-pa-beteje-si-peme-pa-kokrra\/","name":"Konsensusi pa betej\u00eb si pem\u00eb pa kokrra - FjALA e LIR\u00cb - Arkivi","isPartOf":{"@id":"https:\/\/fjala.info\/2009-2015\/#website"},"primaryImageOfPage":{"@id":"https:\/\/fjala.info\/2009-2015\/konsensusi-pa-beteje-si-peme-pa-kokrra\/#primaryimage"},"image":{"@id":"https:\/\/fjala.info\/2009-2015\/konsensusi-pa-beteje-si-peme-pa-kokrra\/#primaryimage"},"thumbnailUrl":"http:\/\/www.shkoder.net\/images\/fjala\/prec_zogaj.jpg","datePublished":"2012-01-06T08:51:30+00:00","breadcrumb":{"@id":"https:\/\/fjala.info\/2009-2015\/konsensusi-pa-beteje-si-peme-pa-kokrra\/#breadcrumb"},"inLanguage":"sq-AL","potentialAction":[{"@type":"ReadAction","target":["https:\/\/fjala.info\/2009-2015\/konsensusi-pa-beteje-si-peme-pa-kokrra\/"]}]},{"@type":"ImageObject","inLanguage":"sq-AL","@id":"https:\/\/fjala.info\/2009-2015\/konsensusi-pa-beteje-si-peme-pa-kokrra\/#primaryimage","url":"http:\/\/www.shkoder.net\/images\/fjala\/prec_zogaj.jpg","contentUrl":"http:\/\/www.shkoder.net\/images\/fjala\/prec_zogaj.jpg"},{"@type":"BreadcrumbList","@id":"https:\/\/fjala.info\/2009-2015\/konsensusi-pa-beteje-si-peme-pa-kokrra\/#breadcrumb","itemListElement":[{"@type":"ListItem","position":1,"name":"Home","item":"https:\/\/fjala.info\/2009-2015\/"},{"@type":"ListItem","position":2,"name":"Konsensusi pa betej\u00eb si pem\u00eb pa kokrra"}]},{"@type":"WebSite","@id":"https:\/\/fjala.info\/2009-2015\/#website","url":"https:\/\/fjala.info\/2009-2015\/","name":"FjALA e LIR\u00cb - Arkivi","description":"Arkivi 2009-2015","publisher":{"@id":"https:\/\/fjala.info\/2009-2015\/#organization"},"potentialAction":[{"@type":"SearchAction","target":{"@type":"EntryPoint","urlTemplate":"https:\/\/fjala.info\/2009-2015\/?s={search_term_string}"},"query-input":{"@type":"PropertyValueSpecification","valueRequired":true,"valueName":"search_term_string"}}],"inLanguage":"sq-AL"},{"@type":"Organization","@id":"https:\/\/fjala.info\/2009-2015\/#organization","name":"FjALA e LIR\u00cb - Arkivi","url":"https:\/\/fjala.info\/2009-2015\/","logo":{"@type":"ImageObject","inLanguage":"sq-AL","@id":"https:\/\/fjala.info\/2009-2015\/#\/schema\/logo\/image\/","url":"","contentUrl":"","caption":"FjALA e LIR\u00cb - Arkivi"},"image":{"@id":"https:\/\/fjala.info\/2009-2015\/#\/schema\/logo\/image\/"}},{"@type":"Person","@id":"https:\/\/fjala.info\/2009-2015\/#\/schema\/person\/3aa1163ef05469c496fc94e77611ada2","name":"admin","image":{"@type":"ImageObject","inLanguage":"sq-AL","@id":"https:\/\/fjala.info\/2009-2015\/wp-content\/uploads\/2012\/02\/arben_cokaj-120x150.jpg","url":"https:\/\/fjala.info\/2009-2015\/wp-content\/uploads\/2012\/02\/arben_cokaj-120x150.jpg","contentUrl":"https:\/\/fjala.info\/2009-2015\/wp-content\/uploads\/2012\/02\/arben_cokaj-120x150.jpg","caption":"admin"},"description":"Admin, Fjala e Lir\u00eb","sameAs":["https:\/\/fjala.info\/"],"url":"https:\/\/fjala.info\/2009-2015\/author\/admin\/"}]}},"_links":{"self":[{"href":"https:\/\/fjala.info\/2009-2015\/wp-json\/wp\/v2\/posts\/11579","targetHints":{"allow":["GET"]}}],"collection":[{"href":"https:\/\/fjala.info\/2009-2015\/wp-json\/wp\/v2\/posts"}],"about":[{"href":"https:\/\/fjala.info\/2009-2015\/wp-json\/wp\/v2\/types\/post"}],"author":[{"embeddable":true,"href":"https:\/\/fjala.info\/2009-2015\/wp-json\/wp\/v2\/users\/1"}],"replies":[{"embeddable":true,"href":"https:\/\/fjala.info\/2009-2015\/wp-json\/wp\/v2\/comments?post=11579"}],"version-history":[{"count":0,"href":"https:\/\/fjala.info\/2009-2015\/wp-json\/wp\/v2\/posts\/11579\/revisions"}],"wp:attachment":[{"href":"https:\/\/fjala.info\/2009-2015\/wp-json\/wp\/v2\/media?parent=11579"}],"wp:term":[{"taxonomy":"category","embeddable":true,"href":"https:\/\/fjala.info\/2009-2015\/wp-json\/wp\/v2\/categories?post=11579"},{"taxonomy":"post_tag","embeddable":true,"href":"https:\/\/fjala.info\/2009-2015\/wp-json\/wp\/v2\/tags?post=11579"}],"curies":[{"name":"wp","href":"https:\/\/api.w.org\/{rel}","templated":true}]}}