{"id":11578,"date":"2012-01-06T01:50:52","date_gmt":"2012-01-06T00:50:52","guid":{"rendered":"http:\/\/fjala.shkoder.net\/?p=991"},"modified":"2012-01-06T01:50:52","modified_gmt":"2012-01-06T00:50:52","slug":"prifti-do-te-tregoj-se-si-vjedh-cifti-meta-kryemadhi-ky-do-jete-viti-i-transparences","status":"publish","type":"post","link":"https:\/\/fjala.info\/2009-2015\/prifti-do-te-tregoj-se-si-vjedh-cifti-meta-kryemadhi-ky-do-jete-viti-i-transparences\/","title":{"rendered":"Prifti: Do t\u00eb tregoj se si vjedh \u00e7ifti Meta &#8211; Kryemadhi. Ky do jet\u00eb viti i transparenc\u00ebs"},"content":{"rendered":"<p><img decoding=\"async\" class=\"alignleft size-thumbnail wp-image-7236\" title=\"Dritan Prifti\" src=\"http:\/\/www.shkoder.net\/2012\/dritan_prifti.jpg\" alt=\"\" width=\"300\" \/> <strong>TemA<\/strong>, <em>5 Janar 2012<\/em><\/p>\n<p>Kryetari i LSI, Ilir Meta, doli n\u00eb nj\u00eb konferenc\u00eb p\u00ebr shtyp p\u00ebr t\u00eb treguar se cilat do jen\u00eb prioritetet e k\u00ebsaj partie p\u00ebr k\u00ebt\u00eb vit. N\u00eb shkelje t\u00eb statutit t\u00eb LSI, Meta tha se do kandidoj\u00eb p\u00ebr her\u00eb t\u00eb tret\u00eb radhaz p\u00ebr kryetar. M\u00ebsohet se Meta ka shfaqur disa copa nga video Prifti- Beqiri. N\u00eb lidhje me konferenc\u00ebn e Met\u00ebs ka reaguar edhe deputeti Dritan Prifti, q\u00eb ka th\u00ebn\u00eb se Meta po b\u00ebn shantazhe p\u00ebrpara se t\u00eb jepet pretenca. M\u00eb 6 janar jepet pretenca p\u00ebr \u00e7\u00ebshtjen Meta- Prifti. Por ky i fundit tha se sapo t\u00eb mbyllet kjo \u00e7\u00ebshtje, Met\u00ebs do i hapet nj\u00eb tjet\u00ebr.<\/p>\n<p>\u201cSot Ilir Meta ka dal\u00eb konferenc\u00eb shtypi p\u00ebr t\u00eb folur p\u00ebr prioritetet e LSI dhe se ky do jet\u00eb vit suksesesh p\u00ebr shqiptaret. Ky hajdut hipokrit sot ka shfaqur n\u00eb nj\u00eb mbledhje t\u00eb LSI paradite disa pjes\u00eb t\u00eb shk\u00ebputura dhe pa ze te videos Prifti Beqiri. Ky hajdut me \u00e7izme p\u00ebrpiqet te bej shantazh ndaj meje nj\u00eb dit\u00eb para pretenc\u00ebs q\u00eb do jepet nes\u00ebr nga prokuroria ne gjyqin ndaj tij. Sa te mbyllen hetimet shqiptar\u00ebve do ia tregoj un\u00eb k\u00ebt\u00eb video. Do t\u2019i tregoj pjes\u00ebt me z\u00eb dhe figur\u00eb q\u00eb censuron Meta dhe si ai trajton marr\u00ebdheniet me miqt\u00eb dhe nd\u00ebrkombetar\u00ebt.<\/p>\n<p>Meta s\u2019ka shp\u00ebtim. Pasi t\u2019ia mbyll\u00eb gjykata me lek\u00eb k\u00ebt\u00eb \u00e7\u00ebshtje, atij do t\u2019i hapet tjetra menj\u00ebher\u00eb. Do t\u2019ju tregoj me z\u00eb dhe figure vjedhje t\u00eb reja dhe t\u00eb vjetra t\u00eb \u00e7iftit Meta- Kryemadhi. S\u2019ka burr\u00eb kurve q\u00eb m\u00eb b\u00ebn mua shantazh. Do ishte mire q\u00eb kryesia ta d\u00ebgjonte videon me z\u00eb dhe t\u00eb plot\u00eb p\u00ebr t\u00eb kuptuar se cili \u00ebsht\u00eb kryetari i tyre. Un\u00eb angazhohem qe 2012 te jete viti i transparenc\u00ebs dhe te vertet\u00ebs p\u00ebr \u00e7dok\u00ebnd q\u00eb pretendon t\u00eb qeveris\u00eb k\u00ebt\u00eb vend,\u201d thuhet n\u00eb deklarat\u00ebn e Priftit.<\/p>\n","protected":false},"excerpt":{"rendered":"<p>TemA, 5 Janar 2012 Kryetari i LSI, Ilir Meta, doli n\u00eb nj\u00eb konferenc\u00eb p\u00ebr shtyp p\u00ebr t\u00eb treguar se cilat do jen\u00eb prioritetet e k\u00ebsaj partie p\u00ebr k\u00ebt\u00eb vit. N\u00eb shkelje t\u00eb statutit t\u00eb LSI, Meta tha se do kandidoj\u00eb p\u00ebr her\u00eb t\u00eb tret\u00eb radhaz p\u00ebr kryetar. M\u00ebsohet se Meta ka shfaqur disa copa nga [&hellip;]<\/p>\n","protected":false},"author":1,"featured_media":0,"comment_status":"open","ping_status":"closed","sticky":false,"template":"","format":"standard","meta":{"footnotes":""},"categories":[2,5],"tags":[],"class_list":{"0":"post-11578","1":"post","2":"type-post","3":"status-publish","4":"format-standard","6":"category-artikuj","7":"category-lajme"},"yoast_head":"<!-- This site is optimized with the Yoast SEO plugin v27.4 - https:\/\/yoast.com\/product\/yoast-seo-wordpress\/ -->\n<title>Prifti: Do t\u00eb tregoj se si vjedh \u00e7ifti Meta - Kryemadhi. Ky do jet\u00eb viti i transparenc\u00ebs - FjALA e LIR\u00cb - Arkivi<\/title>\n<meta name=\"robots\" content=\"index, follow, max-snippet:-1, max-image-preview:large, max-video-preview:-1\" \/>\n<link rel=\"canonical\" href=\"https:\/\/fjala.info\/2009-2015\/prifti-do-te-tregoj-se-si-vjedh-cifti-meta-kryemadhi-ky-do-jete-viti-i-transparences\/\" \/>\n<meta property=\"og:locale\" content=\"sq_AL\" \/>\n<meta property=\"og:type\" content=\"article\" \/>\n<meta property=\"og:title\" content=\"Prifti: Do t\u00eb tregoj se si vjedh \u00e7ifti Meta - Kryemadhi. Ky do jet\u00eb viti i transparenc\u00ebs - FjALA e LIR\u00cb - Arkivi\" \/>\n<meta property=\"og:description\" content=\"TemA, 5 Janar 2012 Kryetari i LSI, Ilir Meta, doli n\u00eb nj\u00eb konferenc\u00eb p\u00ebr shtyp p\u00ebr t\u00eb treguar se cilat do jen\u00eb prioritetet e k\u00ebsaj partie p\u00ebr k\u00ebt\u00eb vit. N\u00eb shkelje t\u00eb statutit t\u00eb LSI, Meta tha se do kandidoj\u00eb p\u00ebr her\u00eb t\u00eb tret\u00eb radhaz p\u00ebr kryetar. M\u00ebsohet se Meta ka shfaqur disa copa nga [&hellip;]\" \/>\n<meta property=\"og:url\" content=\"https:\/\/fjala.info\/2009-2015\/prifti-do-te-tregoj-se-si-vjedh-cifti-meta-kryemadhi-ky-do-jete-viti-i-transparences\/\" \/>\n<meta property=\"og:site_name\" content=\"FjALA e LIR\u00cb - Arkivi\" \/>\n<meta property=\"article:published_time\" content=\"2012-01-06T00:50:52+00:00\" \/>\n<meta property=\"og:image\" content=\"http:\/\/www.shkoder.net\/2012\/dritan_prifti.jpg\" \/>\n<meta name=\"author\" content=\"admin\" \/>\n<meta name=\"twitter:card\" content=\"summary_large_image\" \/>\n<meta name=\"twitter:label1\" content=\"Written by\" \/>\n\t<meta name=\"twitter:data1\" content=\"admin\" \/>\n\t<meta name=\"twitter:label2\" content=\"Est. reading time\" \/>\n\t<meta name=\"twitter:data2\" content=\"2 minutes\" \/>\n<script type=\"application\/ld+json\" class=\"yoast-schema-graph\">{\"@context\":\"https:\\\/\\\/schema.org\",\"@graph\":[{\"@type\":\"Article\",\"@id\":\"https:\\\/\\\/fjala.info\\\/2009-2015\\\/prifti-do-te-tregoj-se-si-vjedh-cifti-meta-kryemadhi-ky-do-jete-viti-i-transparences\\\/#article\",\"isPartOf\":{\"@id\":\"https:\\\/\\\/fjala.info\\\/2009-2015\\\/prifti-do-te-tregoj-se-si-vjedh-cifti-meta-kryemadhi-ky-do-jete-viti-i-transparences\\\/\"},\"author\":{\"name\":\"admin\",\"@id\":\"https:\\\/\\\/fjala.info\\\/2009-2015\\\/#\\\/schema\\\/person\\\/3aa1163ef05469c496fc94e77611ada2\"},\"headline\":\"Prifti: Do t\u00eb tregoj se si vjedh \u00e7ifti Meta &#8211; Kryemadhi. Ky do jet\u00eb viti i transparenc\u00ebs\",\"datePublished\":\"2012-01-06T00:50:52+00:00\",\"mainEntityOfPage\":{\"@id\":\"https:\\\/\\\/fjala.info\\\/2009-2015\\\/prifti-do-te-tregoj-se-si-vjedh-cifti-meta-kryemadhi-ky-do-jete-viti-i-transparences\\\/\"},\"wordCount\":360,\"commentCount\":0,\"publisher\":{\"@id\":\"https:\\\/\\\/fjala.info\\\/2009-2015\\\/#organization\"},\"image\":{\"@id\":\"https:\\\/\\\/fjala.info\\\/2009-2015\\\/prifti-do-te-tregoj-se-si-vjedh-cifti-meta-kryemadhi-ky-do-jete-viti-i-transparences\\\/#primaryimage\"},\"thumbnailUrl\":\"http:\\\/\\\/www.shkoder.net\\\/2012\\\/dritan_prifti.jpg\",\"articleSection\":[\"Artikuj\",\"Lajme\"],\"inLanguage\":\"sq-AL\",\"potentialAction\":[{\"@type\":\"CommentAction\",\"name\":\"Comment\",\"target\":[\"https:\\\/\\\/fjala.info\\\/2009-2015\\\/prifti-do-te-tregoj-se-si-vjedh-cifti-meta-kryemadhi-ky-do-jete-viti-i-transparences\\\/#respond\"]}]},{\"@type\":\"WebPage\",\"@id\":\"https:\\\/\\\/fjala.info\\\/2009-2015\\\/prifti-do-te-tregoj-se-si-vjedh-cifti-meta-kryemadhi-ky-do-jete-viti-i-transparences\\\/\",\"url\":\"https:\\\/\\\/fjala.info\\\/2009-2015\\\/prifti-do-te-tregoj-se-si-vjedh-cifti-meta-kryemadhi-ky-do-jete-viti-i-transparences\\\/\",\"name\":\"Prifti: Do t\u00eb tregoj se si vjedh \u00e7ifti Meta - Kryemadhi. Ky do jet\u00eb viti i transparenc\u00ebs - FjALA e LIR\u00cb - Arkivi\",\"isPartOf\":{\"@id\":\"https:\\\/\\\/fjala.info\\\/2009-2015\\\/#website\"},\"primaryImageOfPage\":{\"@id\":\"https:\\\/\\\/fjala.info\\\/2009-2015\\\/prifti-do-te-tregoj-se-si-vjedh-cifti-meta-kryemadhi-ky-do-jete-viti-i-transparences\\\/#primaryimage\"},\"image\":{\"@id\":\"https:\\\/\\\/fjala.info\\\/2009-2015\\\/prifti-do-te-tregoj-se-si-vjedh-cifti-meta-kryemadhi-ky-do-jete-viti-i-transparences\\\/#primaryimage\"},\"thumbnailUrl\":\"http:\\\/\\\/www.shkoder.net\\\/2012\\\/dritan_prifti.jpg\",\"datePublished\":\"2012-01-06T00:50:52+00:00\",\"breadcrumb\":{\"@id\":\"https:\\\/\\\/fjala.info\\\/2009-2015\\\/prifti-do-te-tregoj-se-si-vjedh-cifti-meta-kryemadhi-ky-do-jete-viti-i-transparences\\\/#breadcrumb\"},\"inLanguage\":\"sq-AL\",\"potentialAction\":[{\"@type\":\"ReadAction\",\"target\":[\"https:\\\/\\\/fjala.info\\\/2009-2015\\\/prifti-do-te-tregoj-se-si-vjedh-cifti-meta-kryemadhi-ky-do-jete-viti-i-transparences\\\/\"]}]},{\"@type\":\"ImageObject\",\"inLanguage\":\"sq-AL\",\"@id\":\"https:\\\/\\\/fjala.info\\\/2009-2015\\\/prifti-do-te-tregoj-se-si-vjedh-cifti-meta-kryemadhi-ky-do-jete-viti-i-transparences\\\/#primaryimage\",\"url\":\"http:\\\/\\\/www.shkoder.net\\\/2012\\\/dritan_prifti.jpg\",\"contentUrl\":\"http:\\\/\\\/www.shkoder.net\\\/2012\\\/dritan_prifti.jpg\"},{\"@type\":\"BreadcrumbList\",\"@id\":\"https:\\\/\\\/fjala.info\\\/2009-2015\\\/prifti-do-te-tregoj-se-si-vjedh-cifti-meta-kryemadhi-ky-do-jete-viti-i-transparences\\\/#breadcrumb\",\"itemListElement\":[{\"@type\":\"ListItem\",\"position\":1,\"name\":\"Home\",\"item\":\"https:\\\/\\\/fjala.info\\\/2009-2015\\\/\"},{\"@type\":\"ListItem\",\"position\":2,\"name\":\"Prifti: Do t\u00eb tregoj se si vjedh \u00e7ifti Meta &#8211; Kryemadhi. Ky do jet\u00eb viti i transparenc\u00ebs\"}]},{\"@type\":\"WebSite\",\"@id\":\"https:\\\/\\\/fjala.info\\\/2009-2015\\\/#website\",\"url\":\"https:\\\/\\\/fjala.info\\\/2009-2015\\\/\",\"name\":\"FjALA e LIR\u00cb - Arkivi\",\"description\":\"Arkivi 2009-2015\",\"publisher\":{\"@id\":\"https:\\\/\\\/fjala.info\\\/2009-2015\\\/#organization\"},\"potentialAction\":[{\"@type\":\"SearchAction\",\"target\":{\"@type\":\"EntryPoint\",\"urlTemplate\":\"https:\\\/\\\/fjala.info\\\/2009-2015\\\/?s={search_term_string}\"},\"query-input\":{\"@type\":\"PropertyValueSpecification\",\"valueRequired\":true,\"valueName\":\"search_term_string\"}}],\"inLanguage\":\"sq-AL\"},{\"@type\":\"Organization\",\"@id\":\"https:\\\/\\\/fjala.info\\\/2009-2015\\\/#organization\",\"name\":\"FjALA e LIR\u00cb - Arkivi\",\"url\":\"https:\\\/\\\/fjala.info\\\/2009-2015\\\/\",\"logo\":{\"@type\":\"ImageObject\",\"inLanguage\":\"sq-AL\",\"@id\":\"https:\\\/\\\/fjala.info\\\/2009-2015\\\/#\\\/schema\\\/logo\\\/image\\\/\",\"url\":\"\",\"contentUrl\":\"\",\"caption\":\"FjALA e LIR\u00cb - Arkivi\"},\"image\":{\"@id\":\"https:\\\/\\\/fjala.info\\\/2009-2015\\\/#\\\/schema\\\/logo\\\/image\\\/\"}},{\"@type\":\"Person\",\"@id\":\"https:\\\/\\\/fjala.info\\\/2009-2015\\\/#\\\/schema\\\/person\\\/3aa1163ef05469c496fc94e77611ada2\",\"name\":\"admin\",\"image\":{\"@type\":\"ImageObject\",\"inLanguage\":\"sq-AL\",\"@id\":\"https:\\\/\\\/fjala.info\\\/2009-2015\\\/wp-content\\\/uploads\\\/2012\\\/02\\\/arben_cokaj-120x150.jpg\",\"url\":\"https:\\\/\\\/fjala.info\\\/2009-2015\\\/wp-content\\\/uploads\\\/2012\\\/02\\\/arben_cokaj-120x150.jpg\",\"contentUrl\":\"https:\\\/\\\/fjala.info\\\/2009-2015\\\/wp-content\\\/uploads\\\/2012\\\/02\\\/arben_cokaj-120x150.jpg\",\"caption\":\"admin\"},\"description\":\"Admin, Fjala e Lir\u00eb\",\"sameAs\":[\"https:\\\/\\\/fjala.info\\\/\"],\"url\":\"https:\\\/\\\/fjala.info\\\/2009-2015\\\/author\\\/admin\\\/\"}]}<\/script>\n<!-- \/ Yoast SEO plugin. -->","yoast_head_json":{"title":"Prifti: Do t\u00eb tregoj se si vjedh \u00e7ifti Meta - Kryemadhi. Ky do jet\u00eb viti i transparenc\u00ebs - FjALA e LIR\u00cb - Arkivi","robots":{"index":"index","follow":"follow","max-snippet":"max-snippet:-1","max-image-preview":"max-image-preview:large","max-video-preview":"max-video-preview:-1"},"canonical":"https:\/\/fjala.info\/2009-2015\/prifti-do-te-tregoj-se-si-vjedh-cifti-meta-kryemadhi-ky-do-jete-viti-i-transparences\/","og_locale":"sq_AL","og_type":"article","og_title":"Prifti: Do t\u00eb tregoj se si vjedh \u00e7ifti Meta - Kryemadhi. Ky do jet\u00eb viti i transparenc\u00ebs - FjALA e LIR\u00cb - Arkivi","og_description":"TemA, 5 Janar 2012 Kryetari i LSI, Ilir Meta, doli n\u00eb nj\u00eb konferenc\u00eb p\u00ebr shtyp p\u00ebr t\u00eb treguar se cilat do jen\u00eb prioritetet e k\u00ebsaj partie p\u00ebr k\u00ebt\u00eb vit. N\u00eb shkelje t\u00eb statutit t\u00eb LSI, Meta tha se do kandidoj\u00eb p\u00ebr her\u00eb t\u00eb tret\u00eb radhaz p\u00ebr kryetar. M\u00ebsohet se Meta ka shfaqur disa copa nga [&hellip;]","og_url":"https:\/\/fjala.info\/2009-2015\/prifti-do-te-tregoj-se-si-vjedh-cifti-meta-kryemadhi-ky-do-jete-viti-i-transparences\/","og_site_name":"FjALA e LIR\u00cb - Arkivi","article_published_time":"2012-01-06T00:50:52+00:00","og_image":[{"url":"http:\/\/www.shkoder.net\/2012\/dritan_prifti.jpg","type":"","width":"","height":""}],"author":"admin","twitter_card":"summary_large_image","twitter_misc":{"Written by":"admin","Est. reading time":"2 minutes"},"schema":{"@context":"https:\/\/schema.org","@graph":[{"@type":"Article","@id":"https:\/\/fjala.info\/2009-2015\/prifti-do-te-tregoj-se-si-vjedh-cifti-meta-kryemadhi-ky-do-jete-viti-i-transparences\/#article","isPartOf":{"@id":"https:\/\/fjala.info\/2009-2015\/prifti-do-te-tregoj-se-si-vjedh-cifti-meta-kryemadhi-ky-do-jete-viti-i-transparences\/"},"author":{"name":"admin","@id":"https:\/\/fjala.info\/2009-2015\/#\/schema\/person\/3aa1163ef05469c496fc94e77611ada2"},"headline":"Prifti: Do t\u00eb tregoj se si vjedh \u00e7ifti Meta &#8211; Kryemadhi. Ky do jet\u00eb viti i transparenc\u00ebs","datePublished":"2012-01-06T00:50:52+00:00","mainEntityOfPage":{"@id":"https:\/\/fjala.info\/2009-2015\/prifti-do-te-tregoj-se-si-vjedh-cifti-meta-kryemadhi-ky-do-jete-viti-i-transparences\/"},"wordCount":360,"commentCount":0,"publisher":{"@id":"https:\/\/fjala.info\/2009-2015\/#organization"},"image":{"@id":"https:\/\/fjala.info\/2009-2015\/prifti-do-te-tregoj-se-si-vjedh-cifti-meta-kryemadhi-ky-do-jete-viti-i-transparences\/#primaryimage"},"thumbnailUrl":"http:\/\/www.shkoder.net\/2012\/dritan_prifti.jpg","articleSection":["Artikuj","Lajme"],"inLanguage":"sq-AL","potentialAction":[{"@type":"CommentAction","name":"Comment","target":["https:\/\/fjala.info\/2009-2015\/prifti-do-te-tregoj-se-si-vjedh-cifti-meta-kryemadhi-ky-do-jete-viti-i-transparences\/#respond"]}]},{"@type":"WebPage","@id":"https:\/\/fjala.info\/2009-2015\/prifti-do-te-tregoj-se-si-vjedh-cifti-meta-kryemadhi-ky-do-jete-viti-i-transparences\/","url":"https:\/\/fjala.info\/2009-2015\/prifti-do-te-tregoj-se-si-vjedh-cifti-meta-kryemadhi-ky-do-jete-viti-i-transparences\/","name":"Prifti: Do t\u00eb tregoj se si vjedh \u00e7ifti Meta - Kryemadhi. Ky do jet\u00eb viti i transparenc\u00ebs - FjALA e LIR\u00cb - Arkivi","isPartOf":{"@id":"https:\/\/fjala.info\/2009-2015\/#website"},"primaryImageOfPage":{"@id":"https:\/\/fjala.info\/2009-2015\/prifti-do-te-tregoj-se-si-vjedh-cifti-meta-kryemadhi-ky-do-jete-viti-i-transparences\/#primaryimage"},"image":{"@id":"https:\/\/fjala.info\/2009-2015\/prifti-do-te-tregoj-se-si-vjedh-cifti-meta-kryemadhi-ky-do-jete-viti-i-transparences\/#primaryimage"},"thumbnailUrl":"http:\/\/www.shkoder.net\/2012\/dritan_prifti.jpg","datePublished":"2012-01-06T00:50:52+00:00","breadcrumb":{"@id":"https:\/\/fjala.info\/2009-2015\/prifti-do-te-tregoj-se-si-vjedh-cifti-meta-kryemadhi-ky-do-jete-viti-i-transparences\/#breadcrumb"},"inLanguage":"sq-AL","potentialAction":[{"@type":"ReadAction","target":["https:\/\/fjala.info\/2009-2015\/prifti-do-te-tregoj-se-si-vjedh-cifti-meta-kryemadhi-ky-do-jete-viti-i-transparences\/"]}]},{"@type":"ImageObject","inLanguage":"sq-AL","@id":"https:\/\/fjala.info\/2009-2015\/prifti-do-te-tregoj-se-si-vjedh-cifti-meta-kryemadhi-ky-do-jete-viti-i-transparences\/#primaryimage","url":"http:\/\/www.shkoder.net\/2012\/dritan_prifti.jpg","contentUrl":"http:\/\/www.shkoder.net\/2012\/dritan_prifti.jpg"},{"@type":"BreadcrumbList","@id":"https:\/\/fjala.info\/2009-2015\/prifti-do-te-tregoj-se-si-vjedh-cifti-meta-kryemadhi-ky-do-jete-viti-i-transparences\/#breadcrumb","itemListElement":[{"@type":"ListItem","position":1,"name":"Home","item":"https:\/\/fjala.info\/2009-2015\/"},{"@type":"ListItem","position":2,"name":"Prifti: Do t\u00eb tregoj se si vjedh \u00e7ifti Meta &#8211; Kryemadhi. Ky do jet\u00eb viti i transparenc\u00ebs"}]},{"@type":"WebSite","@id":"https:\/\/fjala.info\/2009-2015\/#website","url":"https:\/\/fjala.info\/2009-2015\/","name":"FjALA e LIR\u00cb - Arkivi","description":"Arkivi 2009-2015","publisher":{"@id":"https:\/\/fjala.info\/2009-2015\/#organization"},"potentialAction":[{"@type":"SearchAction","target":{"@type":"EntryPoint","urlTemplate":"https:\/\/fjala.info\/2009-2015\/?s={search_term_string}"},"query-input":{"@type":"PropertyValueSpecification","valueRequired":true,"valueName":"search_term_string"}}],"inLanguage":"sq-AL"},{"@type":"Organization","@id":"https:\/\/fjala.info\/2009-2015\/#organization","name":"FjALA e LIR\u00cb - Arkivi","url":"https:\/\/fjala.info\/2009-2015\/","logo":{"@type":"ImageObject","inLanguage":"sq-AL","@id":"https:\/\/fjala.info\/2009-2015\/#\/schema\/logo\/image\/","url":"","contentUrl":"","caption":"FjALA e LIR\u00cb - Arkivi"},"image":{"@id":"https:\/\/fjala.info\/2009-2015\/#\/schema\/logo\/image\/"}},{"@type":"Person","@id":"https:\/\/fjala.info\/2009-2015\/#\/schema\/person\/3aa1163ef05469c496fc94e77611ada2","name":"admin","image":{"@type":"ImageObject","inLanguage":"sq-AL","@id":"https:\/\/fjala.info\/2009-2015\/wp-content\/uploads\/2012\/02\/arben_cokaj-120x150.jpg","url":"https:\/\/fjala.info\/2009-2015\/wp-content\/uploads\/2012\/02\/arben_cokaj-120x150.jpg","contentUrl":"https:\/\/fjala.info\/2009-2015\/wp-content\/uploads\/2012\/02\/arben_cokaj-120x150.jpg","caption":"admin"},"description":"Admin, Fjala e Lir\u00eb","sameAs":["https:\/\/fjala.info\/"],"url":"https:\/\/fjala.info\/2009-2015\/author\/admin\/"}]}},"_links":{"self":[{"href":"https:\/\/fjala.info\/2009-2015\/wp-json\/wp\/v2\/posts\/11578","targetHints":{"allow":["GET"]}}],"collection":[{"href":"https:\/\/fjala.info\/2009-2015\/wp-json\/wp\/v2\/posts"}],"about":[{"href":"https:\/\/fjala.info\/2009-2015\/wp-json\/wp\/v2\/types\/post"}],"author":[{"embeddable":true,"href":"https:\/\/fjala.info\/2009-2015\/wp-json\/wp\/v2\/users\/1"}],"replies":[{"embeddable":true,"href":"https:\/\/fjala.info\/2009-2015\/wp-json\/wp\/v2\/comments?post=11578"}],"version-history":[{"count":0,"href":"https:\/\/fjala.info\/2009-2015\/wp-json\/wp\/v2\/posts\/11578\/revisions"}],"wp:attachment":[{"href":"https:\/\/fjala.info\/2009-2015\/wp-json\/wp\/v2\/media?parent=11578"}],"wp:term":[{"taxonomy":"category","embeddable":true,"href":"https:\/\/fjala.info\/2009-2015\/wp-json\/wp\/v2\/categories?post=11578"},{"taxonomy":"post_tag","embeddable":true,"href":"https:\/\/fjala.info\/2009-2015\/wp-json\/wp\/v2\/tags?post=11578"}],"curies":[{"name":"wp","href":"https:\/\/api.w.org\/{rel}","templated":true}]}}