{"id":11577,"date":"2012-01-06T01:45:59","date_gmt":"2012-01-06T00:45:59","guid":{"rendered":"http:\/\/fjala.shkoder.net\/?p=989"},"modified":"2012-01-06T01:45:59","modified_gmt":"2012-01-06T00:45:59","slug":"arvizu-do-ishte-shume-mire-per-vendin-nese-opozita-fiton-zgjedhjet-e-ardhshme","status":"publish","type":"post","link":"https:\/\/fjala.info\/2009-2015\/arvizu-do-ishte-shume-mire-per-vendin-nese-opozita-fiton-zgjedhjet-e-ardhshme\/","title":{"rendered":"Arvizu: Do ishte shum\u00eb mir\u00eb p\u00ebr vendin n\u00ebse opozita fiton zgjedhjet e ardhshme"},"content":{"rendered":"<p><img decoding=\"async\" class=\"alignright size-thumbnail wp-image-7236\" title=\"Alexander Arvizu\" src=\"http:\/\/www.shkoder.net\/2012\/arvizu.jpg\" alt=\"\" width=\"300\" \/><strong>TemA<\/strong>, <em>5 Janar 2012<\/em><\/p>\n<p>Zyra e shtypit pran\u00eb Ambasad\u00ebs Amerikane ka zbardhur nj\u00eb intervist\u00eb t\u00eb ambasadorit Aleksand\u00ebr Arvizu, dh\u00ebn\u00eb p\u00ebr televizionin Ora News para pak dit\u00ebsh dhe e ka nisur sot p\u00ebr mediat. N\u00eb intervist\u00eb ambasadori flet p\u00ebr akuzat q\u00eb i b\u00ebhen si mb\u00ebshtet\u00ebs i PD. Ai thot\u00eb se do q\u00eb vendi t\u00eb ket\u00eb nj\u00eb opozit\u00eb t\u00eb fort\u00eb, dhe n\u00ebse ajo fiton zgjedhjet, kjo gj\u00eb do ishte shum\u00eb e mir\u00eb p\u00ebr vendin. Gjeni m\u00eb posht\u00eb pjes\u00eb nga kjo intervist\u00eb.<\/p>\n<p><strong>Pa dyshim ju shiheni si Ambasadori m\u00eb karizmatik n\u00eb syt\u00eb e shqiptar\u00ebve dhe kjo ju ka b\u00ebr\u00eb q\u00eb t\u00eb jeni gjithmon\u00eb n\u00eb qend\u00ebr t\u00eb v\u00ebmendjes. Si ju b\u00ebn t\u00eb ndiheni q\u00eb shqiptar\u00ebt gjithmon\u00eb presin nj\u00eb opinion nga ju, p\u00ebrfshir\u00eb politik\u00ebn? Prej jush dhe koleg\u00ebve tuaj ambasador\u00eb?<\/strong><\/p>\n<p>Si zakonisht mendoj se jeni tep\u00ebr bujar mbi m\u00ebnyr\u00ebn se si ndihen njer\u00ebzit, por e vler\u00ebsoj mendimin. Nuk e di q\u00eb njer\u00ebzit t\u00eb jen\u00eb t\u00eb interesuar se si ndihem mbi disa \u00e7\u00ebshtje dhe p\u00ebrpiqemi t\u2019i themi gj\u00ebrat n\u00eb nj\u00eb m\u00ebnyr\u00eb q\u00eb \u00ebsht\u00eb konstruktive, q\u00eb \u00ebsht\u00eb ndihmuese. Stili im vetjak \u00ebsht\u00eb q\u00eb t\u00eb jem ndoshta pak m\u00eb shum\u00eb i drejtp\u00ebrdrejt\u00eb. P\u00ebrpiqem q\u00eb t\u00eb mos i v\u00eb n\u00eb siklet njer\u00ebzit, pasi nuk mendoj se kjo \u00ebsht\u00eb fare konstruktive. Nuk mendoj aspak se ky \u00ebsht\u00eb roli im si p\u00ebrfaq\u00ebsues i Shteteve t\u00eb Bashkuara. P\u00ebrpiqem t\u00eb jem shum\u00eb i sinqert\u00eb, por pjesa m\u00eb e madhe e sinqeritetit tim shfaqet privatisht.<\/p>\n<p>Mendoj se ndonj\u00ebher\u00eb aktor\u00eb t\u00eb ndrysh\u00ebm shqiptar\u00eb shohin drejt aktor\u00ebve t\u00eb huaj dhe ata duan q\u00eb dikush t\u00eb jet\u00eb n\u00eb an\u00ebn e tyre, dhe n\u00ebse ata nuk jan\u00eb n\u00eb an\u00ebn e tyre, at\u00ebher\u00eb jan\u00eb me pal\u00ebn tjet\u00ebr. E dini, u p\u00ebrket atyre t\u00eb vendosin se \u00e7far\u00eb duan t\u00eb b\u00ebjn\u00eb, por stili im \u00ebsht\u00eb\u2026 Nuk mendoj se \u00ebsht\u00eb e dobishme t\u00eb jesh dikush q\u00eb ndihmon t\u00eb tjer\u00ebt t\u00eb arrijn\u00eb q\u00ebllimin e tyre, nj\u00eb \u2018leht\u00ebsues\u2019. Dhe nuk p\u00ebrpiqem t\u00eb jem leht\u00ebsues p\u00ebr qeverin\u00eb, nuk p\u00ebrpiqem t\u00eb jem leht\u00ebsues p\u00ebr opozit\u00ebn. Nuk mendoj se do t\u2019i b\u00ebja favor dikujt n\u00ebse do t\u00eb isha mb\u00ebshtet\u00ebs i tyre.<\/p>\n<p>Do t\u00eb jem i sinqert\u00eb. Disa njer\u00ebz m\u00eb kan\u00eb th\u00ebn\u00eb \u201cju mb\u00ebshtesni PD-n\u00eb\u201d. Mendoj se \u00ebsht\u00eb nj\u00eb th\u00ebnie qesharake, \u00ebsht\u00eb plot\u00ebsisht qesharake. \u00cbsht\u00eb detyra ime q\u00eb t\u00eb kem nj\u00eb marr\u00ebdh\u00ebnie t\u00eb mir\u00eb dhe konstruktive me qeverin\u00eb dhe mendoj kjo \u00ebsht\u00eb ajo q\u00eb un\u00eb kam b\u00ebr\u00eb. Dhe kam punuar shum\u00eb p\u00ebr ta b\u00ebr\u00eb k\u00ebt\u00eb; jam krenar p\u00ebr k\u00ebt\u00eb. Nuk ndihem aspak i sikletosur ose i turpsh\u00ebm p\u00ebr k\u00ebt\u00eb. Kemi pasur disa mosmarr\u00ebveshje, p\u00ebrfshir\u00eb procesin e num\u00ebrimit t\u00eb votave m\u00eb 8 maj. Mendoj se kam nj\u00eb marr\u00ebdh\u00ebnie t\u00eb mir\u00eb me opozit\u00ebn, gjithashtu. Jam kritikuar nga disa t\u00eb shtypit q\u00eb priren t\u00eb ken\u00eb nj\u00eb pik\u00ebpamje opozitare. Dhe e dini, kjo \u00ebsht\u00eb n\u00eb rregull, nuk m\u00eb vjen keq p\u00ebr pak kriticiz\u00ebm. Por, ndonj\u00ebher\u00eb, nuk jam dakord me baz\u00ebn e atij kriticizmi.<\/p>\n<p>Meqen\u00ebse ma b\u00ebt\u00eb pyetjen, mund t\u00eb p\u00ebrfitoj nga kjo intervist\u00eb e drejtp\u00ebrdrejt\u00eb p\u00ebr t\u00eb th\u00ebn\u00eb se un\u00eb dua q\u00eb opozita e k\u00ebtij vendi t\u00eb jet\u00eb e fort\u00eb. Dua q\u00eb opozita n\u00eb k\u00ebt\u00eb vend t\u00eb jet\u00eb konkurruese, k\u00ebshtu q\u00eb kur t\u00eb jen\u00eb zgjedhjet e ardhshme t\u00eb p\u00ebrgjithshme t\u00eb planifikuara p\u00ebr 2013, platforma e opozit\u00ebs t\u2019i prezantohet popullit shqiptar, dhe n\u00ebse \u00ebsht\u00eb bind\u00ebse, dhe ne punojm\u00eb me partner\u00ebt e tjer\u00eb nd\u00ebrkomb\u00ebtar\u00eb p\u00ebr t\u00eb forcuar kodin n\u00eb m\u00ebnyr\u00eb q\u00eb votat t\u00eb p\u00ebrllogariten sakt\u00ebsisht; n\u00ebse \u00ebsht\u00eb vullneti i popullit shqiptar dhe opozita fiton, mendoj se kjo do t\u00eb ishte shum\u00eb mir\u00eb p\u00ebr vendin.<\/p>\n<p>Por, ata duhet ta fitojn\u00eb k\u00ebt\u00eb dhe duhet t\u00eb jen\u00eb t\u00eb men\u00e7ur mbi at\u00eb se si do ta b\u00ebjn\u00eb k\u00ebt\u00eb. Pra, ideja ime \u00ebsht\u00eb \u201cmos prisni nga un\u00eb q\u00eb t\u00eb jem leht\u00ebsuesi\u201d. E dini, mund t\u00eb shihni gjetk\u00eb p\u00ebr ta b\u00ebr\u00eb k\u00ebt\u00eb. Un\u00eb nuk do ta b\u00ebj k\u00ebt\u00eb. Ndoshta, n\u00ebse kjo \u00ebsht\u00eb ajo q\u00eb ju doni, duhet t\u00eb prisni p\u00ebr ambasadorin e ardhsh\u00ebm. Kjo nuk ka p\u00ebr t\u00eb ndodhur me mua, por do t\u00eb punojm\u00eb s\u00eb bashku me ju p\u00ebr t\u2019u siguruar q\u00eb ju t\u00eb jeni t\u00eb fort\u00eb, q\u00eb platforma juaj t\u00eb d\u00ebgjohet, si dhe do t\u00eb p\u00ebrpiqem shum\u00eb p\u00ebr t\u00eb forcuar kodin zgjedhor dhe mjetet e tjera p\u00ebr t\u2019u siguruar se ka transparenc\u00eb n\u00eb procesin e votimit dhe procesin e fushat\u00ebs.<\/p>\n<p><strong>Z. Ambasador, p\u00ebr t\u2019iu rikthyer ngjarjve t\u00eb 2011. Ato nis\u00ebn me 21 janarin dhe m\u00eb pas zgjedhjet q\u00eb shtuan tensionin, ve\u00e7an\u00ebrisht n\u00eb Tiran\u00eb. Diku nga fundi i vitit pati konsensus p\u00ebr t\u2019u p\u00ebrqendruar mbi axhend\u00ebn e \u00e7muar t\u00eb integrimit. A e mund\u00ebsuan nd\u00ebrkomb\u00ebtar\u00ebt arritjen e k\u00ebsaj shkrirjeje? Pak shqiptar\u00eb besojn\u00eb se politikan\u00ebt shqiptar\u00eb jan\u00eb n\u00eb gjendje ta gjejn\u00eb vet\u00eb konsensusin.<\/strong><\/p>\n<p>E vler\u00ebsoj pyetjen. \u00cbsht\u00eb pak e v\u00ebshtir\u00eb p\u00ebr t\u2019iu p\u00ebrgjigjur. Sigurisht mendoj q\u00eb bie mbi ne, bashk\u00ebsin\u00eb diplomatike k\u00ebtu n\u00eb Tiran\u00eb, por edhe n\u00eb vende si Uashingtoni dhe Brukseli, t\u00eb p\u00ebrpiqemi t\u00eb ofrojm\u00eb k\u00ebshilla konstruktive, ide, dhe n\u00ebse \u00ebsht\u00eb e nevojshme kriticiz\u00ebm. Mendoj se z\u00ebri yn\u00eb ka qen\u00eb shum\u00eb i qart\u00eb n\u00eb pasojat e 21 janarit dhe madje p\u00ebrpara 21 janarit. Shtetet e Bashkuara, n\u00eb ve\u00e7anti, dhe un\u00eb personalisht, e ndjem\u00eb se ishte shum\u00eb e r\u00ebnd\u00ebsishme q\u00eb zgjedhjet vendore t\u00eb zhvilloheshin si\u00e7 ishin planifikuar. Mendoj se ishte di\u00e7ka e mir\u00eb p\u00ebr vendin q\u00eb ato u zhvilluan. Mendoj se kishte shum\u00eb p\u00ebrmasa pozitive ndaj zgjedhjeve vendore. Mendoj se kjo p\u00ebrmbahet n\u00eb raportin e ODIHR-it.<\/p>\n<p>N\u00ebse e lexon me objektivitet, do t\u00eb gjesh se kishte shum\u00eb p\u00ebrmir\u00ebsime. Fatkeq\u00ebsisht, sikurse e dim\u00eb t\u00eb gjith\u00eb \u2013 dhe m\u00eb kujtohet kur th\u00ebrrisje emrat n\u00eb votat e Nj\u00ebsis\u00eb Nr. 5 n\u00eb or\u00ebt e fundit \u2013 kishte shum\u00eb debat rreth rezultatit t\u00eb gar\u00ebs m\u00eb t\u00eb madhe se t\u00eb tjerat. Ishte nj\u00eb lloj gare p\u00ebr t\u00eb gjith\u00eb ne. M\u00eb lejoni t\u2019i kthehem pyetjes suaj. Mendoj se z\u00ebri i bashk\u00ebsis\u00eb nd\u00ebrkomb\u00ebtare ka pasur nj\u00eb rol t\u00eb r\u00ebnd\u00ebsish\u00ebm k\u00ebtu n\u00eb Shqip\u00ebri, ndoshta m\u00eb t\u00eb r\u00ebnd\u00ebsish\u00ebm se n\u00eb pjes\u00ebn m\u00eb t\u00eb madhe t\u00eb vendeve. Ia l\u00eb njer\u00ebzve t\u00eb vendosin n\u00ebse kjo \u00ebsht\u00eb e mir\u00eb, ose e keqe, ose asnjan\u00ebse, por mendoj se ky \u00ebsht\u00eb fakt.<\/p>\n<p>Mund t\u2019ju them se nga perspektiva e Shteteve t\u00eb Bashkuara, p\u00ebr shkak se duam t\u00eb jemi ndihmues, duam t\u00eb forcojm\u00eb institucionet shqiptare, ne duam t\u00eb forcojm\u00eb demokracin\u00eb shqiptare. Por, n\u00eb fund, nuk do ta mbivler\u00ebsoja rolin e ndikimit nd\u00ebrkomb\u00ebtar ose t\u00eb bashk\u00ebsis\u00eb nd\u00ebrkomb\u00ebtare. N\u00eb fund, mendoj q\u00eb jan\u00eb aktor\u00ebt kryesor\u00eb k\u00ebtu ata q\u00eb duhet t\u00eb vendosin. Dhe mendoj kjo \u00ebsht\u00eb ajo q\u00eb ata b\u00ebjn\u00eb. Mendoj se ka pasur nj\u00eb perceptim nga ana e opozit\u00ebs, por edhe nga ana e koalicionit qeveris\u00ebs, se \u201cnuk po shkojm\u00eb gj\u00ebkundi. 2009-2010 kan\u00eb qen\u00eb nj\u00eb koh\u00eb e humbur, ndaj ndoshta duhet t\u00eb p\u00ebrpiqemi t\u00eb b\u00ebjm\u00eb di\u00e7ka t\u00eb ndryshme\u201d. Ndoshta kemi ndihmuar paksa, por p\u00ebrfundimisht aktor\u00ebt kryesor\u00eb kan\u00eb qen\u00eb ata q\u00eb kan\u00eb marr\u00eb vendimin kryesor.<\/p>\n<p><strong>T\u00eb gjitha ngjarjet e pak\u00ebndshme p\u00ebr t\u00eb cilat fola, a mendoni se ato e kan\u00eb d\u00ebmtuar imazhin e Shqip\u00ebris\u00eb?<\/strong><\/p>\n<p>Mendoj se imazhi i Shqip\u00ebris\u00eb ka vuajtur n\u00eb 2011. S\u00ebrish, jam shum\u00eb i sinqert\u00eb, sikurse mendoj se doni q\u00eb t\u00eb jem. S\u00eb paku p\u00ebr Shtetet e Bashkuara \u2013 nuk mund t\u00eb flas p\u00ebr Europ\u00ebn, ndaj do t\u00eb flas vet\u00ebm p\u00ebr Shtetet e Bashkuara \u2013 Shqip\u00ebria \u00ebsht\u00eb nj\u00eb vend shum\u00eb i larg\u00ebt. Njer\u00ebzit nuk i njohin n\u00eb t\u00eb v\u00ebrtet\u00eb lojtar\u00ebt kryesor\u00eb, atyre nuk u intereson \u2013 jan\u00eb shum\u00eb t\u00eb z\u00ebn\u00eb me pun\u00eb. Shqip\u00ebria \u00ebsht\u00eb nj\u00eb vend i vog\u00ebl n\u00eb hart\u00eb. M\u00eb kujtohet se kur po kaloja p\u00ebrmes seancave shqyrtuese n\u00eb senat doli nj\u00eb guid\u00eb nga Lonely Planet, nj\u00eb guid\u00eb ky\u00e7 udh\u00ebtimi, q\u00eb fliste se si Shqip\u00ebria ishte nj\u00eb vend t\u00ebrheq\u00ebs p\u00ebr t\u2019u vizituar. Pati disa artikuj n\u00eb New York Times (lexo: Nju Jork Tajmz). Pati pak gum\u00ebzhitje mes bashk\u00ebsis\u00eb t\u00eb investuesve amerikan\u00eb; investimet amerikane n\u00eb Shqip\u00ebri jan\u00eb shum\u00eb t\u00eb vogla, por pati zhurm\u00eb q\u00eb Shqip\u00ebria ishte nj\u00eb treg n\u00eb rritje. M\u00eb kujtohet kjo shum\u00eb qart\u00ebsisht. Dhe m\u00eb pas pat\u00ebm nj\u00eb problem shum\u00eb t\u00eb madh me 21 janarin dhe ng\u00ebr\u00e7in politik.<\/p>\n<p>Njer\u00ebzit e d\u00ebgjuan k\u00ebt\u00eb dhe u frik\u00ebsuan nga paq\u00ebndrueshm\u00ebria. K\u00ebshtu, n\u00ebse je Edi Rama, thua q\u00eb \u00ebsht\u00eb faji i Berish\u00ebs dhe n\u00ebse je Kryeministri thua q\u00eb \u00ebsht\u00eb faji i Ram\u00ebs, ose ndoshta faji i Presidentit Topi. Nuk e di. Kjo \u00ebsht\u00eb shum\u00eb interesante dhe emocionuese n\u00eb Shqip\u00ebri, por jasht\u00eb njer\u00ebzve nuk u intereson. Atyre nuk u intereson n\u00ebse \u00ebsht\u00eb faji i Berish\u00ebs apo n\u00ebse \u00ebsht\u00eb faji i Ram\u00ebs. Ata vet\u00ebm din\u00eb q\u00eb ka nj\u00eb problem n\u00eb Shqip\u00ebri. Ka paq\u00ebndrueshm\u00ebri ose mjedisi nuk \u00ebsht\u00eb favorizues p\u00ebr investimet, k\u00ebshtu q\u00eb ndoshta do t\u00eb shohim diku tjet\u00ebr. K\u00ebshtu, vendi humb. Kur dikush thot\u00eb \u201cjo, \u00ebsht\u00eb faji juaj\u201d e dini \u00e7far\u00eb, nga k\u00ebndv\u00ebshtrimi amerikan \u00ebsht\u00eb faji i t\u00eb gjith\u00ebve.<\/p>\n<p><strong>P\u00ebrsa u p\u00ebrket marr\u00ebdh\u00ebnieve Tiran\u00eb-Uashington, a ishte 2011-ta nj\u00eb vit pozitiv? A ka ndryshuar ndonj\u00eb gj\u00eb gjat\u00eb 2011-\u00ebs?<\/strong><\/p>\n<p>P\u00ebr pjes\u00ebn m\u00eb t\u00eb madhe dhe p\u00ebr shumic\u00ebn e \u00e7\u00ebshtjeve, mendoj se kemi punuar shum\u00eb, shum\u00eb mir\u00eb. Ju m\u00eb keni d\u00ebgjuar m\u00eb par\u00eb t\u00eb them se jemi falenderues se Shqip\u00ebria \u00ebsht\u00eb nj\u00eb forc\u00eb stabiliteti p\u00ebr rajonin, Shqip\u00ebria \u00ebsht\u00eb nj\u00eb an\u00ebtare krenare e NATO-s, dhe po b\u00ebn shum\u00eb gj\u00ebra. Ne bashk\u00ebpunojm\u00eb n\u00eb Nju Jork n\u00eb OKB, brenda rajonit. Ky rajon ka qen\u00eb n\u00eb trazira t\u00eb m\u00ebdha dhe konflikte vet\u00ebm pak vite m\u00eb par\u00eb, dymb\u00ebdhjet\u00eb vite m\u00eb par\u00eb, k\u00ebshtu q\u00eb Shqip\u00ebria \u00ebsht\u00eb nj\u00eb forc\u00eb tejet e madhe p\u00ebr stabilitetin. Qeveria ka ndjekur zhvillimet n\u00eb Lindjen e Mesme, \u00ebsht\u00eb n\u00eb nj\u00eb dialog t\u00eb mir\u00eb me Izraelin dhe me disa prej vendeve Arabe. K\u00ebshtu, Shqip\u00ebria \u00ebsht\u00eb nj\u00eb lojtar shum\u00eb, shum\u00eb i p\u00ebrgjegjsh\u00ebm.<\/p>\n<p>T\u00eb gjith\u00eb jemi t\u00eb inkurajuar q\u00eb Shqip\u00ebria ka nd\u00ebrmarr\u00eb disa hapa p\u00ebr t\u00eb shtruar rrug\u00ebn p\u00ebr integrimin e mundshm\u00ebn n\u00eb BE. Por, sigurisht jemi shum\u00eb t\u00eb shqet\u00ebsuar kur ka problem me korrupsionin, kur reforma gjyq\u00ebsore ngec. Kam ndar\u00eb me ju k\u00ebndv\u00ebshtrimin personal, por \u00ebsht\u00eb nj\u00eb k\u00ebndv\u00ebshtrim q\u00eb ndahet nga Uashingtoni. \u00cbsht\u00eb k\u00ebndv\u00ebshtrimi zyrtar amerikan. Ndaj, kur nuk ka p\u00ebrparim t\u00eb nj\u00ebtrajtsh\u00ebm me forcimin e respektit p\u00ebr institucionet, p\u00ebr institucionalizimin e demokracis\u00eb, at\u00ebher\u00eb ky \u00ebsht\u00eb nj\u00eb shqet\u00ebsim p\u00ebr ne dhe \u00ebsht\u00eb tem\u00eb diskutimi mes qeverive, mes meje, p\u00ebrfaq\u00ebsuesve t\u00eb qeveris\u00eb dhe mendim-formuesve t\u00eb partis\u00eb opozitare. K\u00ebshtu duhet t\u00eb jet\u00eb.<\/p>\n","protected":false},"excerpt":{"rendered":"<p>TemA, 5 Janar 2012 Zyra e shtypit pran\u00eb Ambasad\u00ebs Amerikane ka zbardhur nj\u00eb intervist\u00eb t\u00eb ambasadorit Aleksand\u00ebr Arvizu, dh\u00ebn\u00eb p\u00ebr televizionin Ora News para pak dit\u00ebsh dhe e ka nisur sot p\u00ebr mediat. N\u00eb intervist\u00eb ambasadori flet p\u00ebr akuzat q\u00eb i b\u00ebhen si mb\u00ebshtet\u00ebs i PD. Ai thot\u00eb se do q\u00eb vendi t\u00eb ket\u00eb nj\u00eb [&hellip;]<\/p>\n","protected":false},"author":1,"featured_media":0,"comment_status":"open","ping_status":"closed","sticky":false,"template":"","format":"standard","meta":{"footnotes":""},"categories":[2,4],"tags":[],"class_list":{"0":"post-11577","1":"post","2":"type-post","3":"status-publish","4":"format-standard","6":"category-artikuj","7":"category-intervista"},"yoast_head":"<!-- This site is optimized with the Yoast SEO plugin v27.4 - https:\/\/yoast.com\/product\/yoast-seo-wordpress\/ -->\n<title>Arvizu: Do ishte shum\u00eb mir\u00eb p\u00ebr vendin n\u00ebse opozita fiton zgjedhjet e ardhshme - FjALA e LIR\u00cb - Arkivi<\/title>\n<meta name=\"robots\" content=\"index, follow, max-snippet:-1, max-image-preview:large, max-video-preview:-1\" \/>\n<link rel=\"canonical\" href=\"https:\/\/fjala.info\/2009-2015\/arvizu-do-ishte-shume-mire-per-vendin-nese-opozita-fiton-zgjedhjet-e-ardhshme\/\" \/>\n<meta property=\"og:locale\" content=\"sq_AL\" \/>\n<meta property=\"og:type\" content=\"article\" \/>\n<meta property=\"og:title\" content=\"Arvizu: Do ishte shum\u00eb mir\u00eb p\u00ebr vendin n\u00ebse opozita fiton zgjedhjet e ardhshme - FjALA e LIR\u00cb - Arkivi\" \/>\n<meta property=\"og:description\" content=\"TemA, 5 Janar 2012 Zyra e shtypit pran\u00eb Ambasad\u00ebs Amerikane ka zbardhur nj\u00eb intervist\u00eb t\u00eb ambasadorit Aleksand\u00ebr Arvizu, dh\u00ebn\u00eb p\u00ebr televizionin Ora News para pak dit\u00ebsh dhe e ka nisur sot p\u00ebr mediat. N\u00eb intervist\u00eb ambasadori flet p\u00ebr akuzat q\u00eb i b\u00ebhen si mb\u00ebshtet\u00ebs i PD. Ai thot\u00eb se do q\u00eb vendi t\u00eb ket\u00eb nj\u00eb [&hellip;]\" \/>\n<meta property=\"og:url\" content=\"https:\/\/fjala.info\/2009-2015\/arvizu-do-ishte-shume-mire-per-vendin-nese-opozita-fiton-zgjedhjet-e-ardhshme\/\" \/>\n<meta property=\"og:site_name\" content=\"FjALA e LIR\u00cb - Arkivi\" \/>\n<meta property=\"article:published_time\" content=\"2012-01-06T00:45:59+00:00\" \/>\n<meta property=\"og:image\" content=\"http:\/\/www.shkoder.net\/2012\/arvizu.jpg\" \/>\n<meta name=\"author\" content=\"admin\" \/>\n<meta name=\"twitter:card\" content=\"summary_large_image\" \/>\n<meta name=\"twitter:label1\" content=\"Written by\" \/>\n\t<meta name=\"twitter:data1\" content=\"admin\" \/>\n\t<meta name=\"twitter:label2\" content=\"Est. reading time\" \/>\n\t<meta name=\"twitter:data2\" content=\"10 minutes\" \/>\n<script type=\"application\/ld+json\" class=\"yoast-schema-graph\">{\"@context\":\"https:\\\/\\\/schema.org\",\"@graph\":[{\"@type\":\"Article\",\"@id\":\"https:\\\/\\\/fjala.info\\\/2009-2015\\\/arvizu-do-ishte-shume-mire-per-vendin-nese-opozita-fiton-zgjedhjet-e-ardhshme\\\/#article\",\"isPartOf\":{\"@id\":\"https:\\\/\\\/fjala.info\\\/2009-2015\\\/arvizu-do-ishte-shume-mire-per-vendin-nese-opozita-fiton-zgjedhjet-e-ardhshme\\\/\"},\"author\":{\"name\":\"admin\",\"@id\":\"https:\\\/\\\/fjala.info\\\/2009-2015\\\/#\\\/schema\\\/person\\\/3aa1163ef05469c496fc94e77611ada2\"},\"headline\":\"Arvizu: Do ishte shum\u00eb mir\u00eb p\u00ebr vendin n\u00ebse opozita fiton zgjedhjet e ardhshme\",\"datePublished\":\"2012-01-06T00:45:59+00:00\",\"mainEntityOfPage\":{\"@id\":\"https:\\\/\\\/fjala.info\\\/2009-2015\\\/arvizu-do-ishte-shume-mire-per-vendin-nese-opozita-fiton-zgjedhjet-e-ardhshme\\\/\"},\"wordCount\":1952,\"commentCount\":0,\"publisher\":{\"@id\":\"https:\\\/\\\/fjala.info\\\/2009-2015\\\/#organization\"},\"image\":{\"@id\":\"https:\\\/\\\/fjala.info\\\/2009-2015\\\/arvizu-do-ishte-shume-mire-per-vendin-nese-opozita-fiton-zgjedhjet-e-ardhshme\\\/#primaryimage\"},\"thumbnailUrl\":\"http:\\\/\\\/www.shkoder.net\\\/2012\\\/arvizu.jpg\",\"articleSection\":[\"Artikuj\",\"Intervista\"],\"inLanguage\":\"sq-AL\",\"potentialAction\":[{\"@type\":\"CommentAction\",\"name\":\"Comment\",\"target\":[\"https:\\\/\\\/fjala.info\\\/2009-2015\\\/arvizu-do-ishte-shume-mire-per-vendin-nese-opozita-fiton-zgjedhjet-e-ardhshme\\\/#respond\"]}]},{\"@type\":\"WebPage\",\"@id\":\"https:\\\/\\\/fjala.info\\\/2009-2015\\\/arvizu-do-ishte-shume-mire-per-vendin-nese-opozita-fiton-zgjedhjet-e-ardhshme\\\/\",\"url\":\"https:\\\/\\\/fjala.info\\\/2009-2015\\\/arvizu-do-ishte-shume-mire-per-vendin-nese-opozita-fiton-zgjedhjet-e-ardhshme\\\/\",\"name\":\"Arvizu: Do ishte shum\u00eb mir\u00eb p\u00ebr vendin n\u00ebse opozita fiton zgjedhjet e ardhshme - FjALA e LIR\u00cb - Arkivi\",\"isPartOf\":{\"@id\":\"https:\\\/\\\/fjala.info\\\/2009-2015\\\/#website\"},\"primaryImageOfPage\":{\"@id\":\"https:\\\/\\\/fjala.info\\\/2009-2015\\\/arvizu-do-ishte-shume-mire-per-vendin-nese-opozita-fiton-zgjedhjet-e-ardhshme\\\/#primaryimage\"},\"image\":{\"@id\":\"https:\\\/\\\/fjala.info\\\/2009-2015\\\/arvizu-do-ishte-shume-mire-per-vendin-nese-opozita-fiton-zgjedhjet-e-ardhshme\\\/#primaryimage\"},\"thumbnailUrl\":\"http:\\\/\\\/www.shkoder.net\\\/2012\\\/arvizu.jpg\",\"datePublished\":\"2012-01-06T00:45:59+00:00\",\"breadcrumb\":{\"@id\":\"https:\\\/\\\/fjala.info\\\/2009-2015\\\/arvizu-do-ishte-shume-mire-per-vendin-nese-opozita-fiton-zgjedhjet-e-ardhshme\\\/#breadcrumb\"},\"inLanguage\":\"sq-AL\",\"potentialAction\":[{\"@type\":\"ReadAction\",\"target\":[\"https:\\\/\\\/fjala.info\\\/2009-2015\\\/arvizu-do-ishte-shume-mire-per-vendin-nese-opozita-fiton-zgjedhjet-e-ardhshme\\\/\"]}]},{\"@type\":\"ImageObject\",\"inLanguage\":\"sq-AL\",\"@id\":\"https:\\\/\\\/fjala.info\\\/2009-2015\\\/arvizu-do-ishte-shume-mire-per-vendin-nese-opozita-fiton-zgjedhjet-e-ardhshme\\\/#primaryimage\",\"url\":\"http:\\\/\\\/www.shkoder.net\\\/2012\\\/arvizu.jpg\",\"contentUrl\":\"http:\\\/\\\/www.shkoder.net\\\/2012\\\/arvizu.jpg\"},{\"@type\":\"BreadcrumbList\",\"@id\":\"https:\\\/\\\/fjala.info\\\/2009-2015\\\/arvizu-do-ishte-shume-mire-per-vendin-nese-opozita-fiton-zgjedhjet-e-ardhshme\\\/#breadcrumb\",\"itemListElement\":[{\"@type\":\"ListItem\",\"position\":1,\"name\":\"Home\",\"item\":\"https:\\\/\\\/fjala.info\\\/2009-2015\\\/\"},{\"@type\":\"ListItem\",\"position\":2,\"name\":\"Arvizu: Do ishte shum\u00eb mir\u00eb p\u00ebr vendin n\u00ebse opozita fiton zgjedhjet e ardhshme\"}]},{\"@type\":\"WebSite\",\"@id\":\"https:\\\/\\\/fjala.info\\\/2009-2015\\\/#website\",\"url\":\"https:\\\/\\\/fjala.info\\\/2009-2015\\\/\",\"name\":\"FjALA e LIR\u00cb - Arkivi\",\"description\":\"Arkivi 2009-2015\",\"publisher\":{\"@id\":\"https:\\\/\\\/fjala.info\\\/2009-2015\\\/#organization\"},\"potentialAction\":[{\"@type\":\"SearchAction\",\"target\":{\"@type\":\"EntryPoint\",\"urlTemplate\":\"https:\\\/\\\/fjala.info\\\/2009-2015\\\/?s={search_term_string}\"},\"query-input\":{\"@type\":\"PropertyValueSpecification\",\"valueRequired\":true,\"valueName\":\"search_term_string\"}}],\"inLanguage\":\"sq-AL\"},{\"@type\":\"Organization\",\"@id\":\"https:\\\/\\\/fjala.info\\\/2009-2015\\\/#organization\",\"name\":\"FjALA e LIR\u00cb - Arkivi\",\"url\":\"https:\\\/\\\/fjala.info\\\/2009-2015\\\/\",\"logo\":{\"@type\":\"ImageObject\",\"inLanguage\":\"sq-AL\",\"@id\":\"https:\\\/\\\/fjala.info\\\/2009-2015\\\/#\\\/schema\\\/logo\\\/image\\\/\",\"url\":\"\",\"contentUrl\":\"\",\"caption\":\"FjALA e LIR\u00cb - Arkivi\"},\"image\":{\"@id\":\"https:\\\/\\\/fjala.info\\\/2009-2015\\\/#\\\/schema\\\/logo\\\/image\\\/\"}},{\"@type\":\"Person\",\"@id\":\"https:\\\/\\\/fjala.info\\\/2009-2015\\\/#\\\/schema\\\/person\\\/3aa1163ef05469c496fc94e77611ada2\",\"name\":\"admin\",\"image\":{\"@type\":\"ImageObject\",\"inLanguage\":\"sq-AL\",\"@id\":\"https:\\\/\\\/fjala.info\\\/2009-2015\\\/wp-content\\\/uploads\\\/2012\\\/02\\\/arben_cokaj-120x150.jpg\",\"url\":\"https:\\\/\\\/fjala.info\\\/2009-2015\\\/wp-content\\\/uploads\\\/2012\\\/02\\\/arben_cokaj-120x150.jpg\",\"contentUrl\":\"https:\\\/\\\/fjala.info\\\/2009-2015\\\/wp-content\\\/uploads\\\/2012\\\/02\\\/arben_cokaj-120x150.jpg\",\"caption\":\"admin\"},\"description\":\"Admin, Fjala e Lir\u00eb\",\"sameAs\":[\"https:\\\/\\\/fjala.info\\\/\"],\"url\":\"https:\\\/\\\/fjala.info\\\/2009-2015\\\/author\\\/admin\\\/\"}]}<\/script>\n<!-- \/ Yoast SEO plugin. -->","yoast_head_json":{"title":"Arvizu: Do ishte shum\u00eb mir\u00eb p\u00ebr vendin n\u00ebse opozita fiton zgjedhjet e ardhshme - FjALA e LIR\u00cb - Arkivi","robots":{"index":"index","follow":"follow","max-snippet":"max-snippet:-1","max-image-preview":"max-image-preview:large","max-video-preview":"max-video-preview:-1"},"canonical":"https:\/\/fjala.info\/2009-2015\/arvizu-do-ishte-shume-mire-per-vendin-nese-opozita-fiton-zgjedhjet-e-ardhshme\/","og_locale":"sq_AL","og_type":"article","og_title":"Arvizu: Do ishte shum\u00eb mir\u00eb p\u00ebr vendin n\u00ebse opozita fiton zgjedhjet e ardhshme - FjALA e LIR\u00cb - Arkivi","og_description":"TemA, 5 Janar 2012 Zyra e shtypit pran\u00eb Ambasad\u00ebs Amerikane ka zbardhur nj\u00eb intervist\u00eb t\u00eb ambasadorit Aleksand\u00ebr Arvizu, dh\u00ebn\u00eb p\u00ebr televizionin Ora News para pak dit\u00ebsh dhe e ka nisur sot p\u00ebr mediat. N\u00eb intervist\u00eb ambasadori flet p\u00ebr akuzat q\u00eb i b\u00ebhen si mb\u00ebshtet\u00ebs i PD. Ai thot\u00eb se do q\u00eb vendi t\u00eb ket\u00eb nj\u00eb [&hellip;]","og_url":"https:\/\/fjala.info\/2009-2015\/arvizu-do-ishte-shume-mire-per-vendin-nese-opozita-fiton-zgjedhjet-e-ardhshme\/","og_site_name":"FjALA e LIR\u00cb - Arkivi","article_published_time":"2012-01-06T00:45:59+00:00","og_image":[{"url":"http:\/\/www.shkoder.net\/2012\/arvizu.jpg","type":"","width":"","height":""}],"author":"admin","twitter_card":"summary_large_image","twitter_misc":{"Written by":"admin","Est. reading time":"10 minutes"},"schema":{"@context":"https:\/\/schema.org","@graph":[{"@type":"Article","@id":"https:\/\/fjala.info\/2009-2015\/arvizu-do-ishte-shume-mire-per-vendin-nese-opozita-fiton-zgjedhjet-e-ardhshme\/#article","isPartOf":{"@id":"https:\/\/fjala.info\/2009-2015\/arvizu-do-ishte-shume-mire-per-vendin-nese-opozita-fiton-zgjedhjet-e-ardhshme\/"},"author":{"name":"admin","@id":"https:\/\/fjala.info\/2009-2015\/#\/schema\/person\/3aa1163ef05469c496fc94e77611ada2"},"headline":"Arvizu: Do ishte shum\u00eb mir\u00eb p\u00ebr vendin n\u00ebse opozita fiton zgjedhjet e ardhshme","datePublished":"2012-01-06T00:45:59+00:00","mainEntityOfPage":{"@id":"https:\/\/fjala.info\/2009-2015\/arvizu-do-ishte-shume-mire-per-vendin-nese-opozita-fiton-zgjedhjet-e-ardhshme\/"},"wordCount":1952,"commentCount":0,"publisher":{"@id":"https:\/\/fjala.info\/2009-2015\/#organization"},"image":{"@id":"https:\/\/fjala.info\/2009-2015\/arvizu-do-ishte-shume-mire-per-vendin-nese-opozita-fiton-zgjedhjet-e-ardhshme\/#primaryimage"},"thumbnailUrl":"http:\/\/www.shkoder.net\/2012\/arvizu.jpg","articleSection":["Artikuj","Intervista"],"inLanguage":"sq-AL","potentialAction":[{"@type":"CommentAction","name":"Comment","target":["https:\/\/fjala.info\/2009-2015\/arvizu-do-ishte-shume-mire-per-vendin-nese-opozita-fiton-zgjedhjet-e-ardhshme\/#respond"]}]},{"@type":"WebPage","@id":"https:\/\/fjala.info\/2009-2015\/arvizu-do-ishte-shume-mire-per-vendin-nese-opozita-fiton-zgjedhjet-e-ardhshme\/","url":"https:\/\/fjala.info\/2009-2015\/arvizu-do-ishte-shume-mire-per-vendin-nese-opozita-fiton-zgjedhjet-e-ardhshme\/","name":"Arvizu: Do ishte shum\u00eb mir\u00eb p\u00ebr vendin n\u00ebse opozita fiton zgjedhjet e ardhshme - FjALA e LIR\u00cb - Arkivi","isPartOf":{"@id":"https:\/\/fjala.info\/2009-2015\/#website"},"primaryImageOfPage":{"@id":"https:\/\/fjala.info\/2009-2015\/arvizu-do-ishte-shume-mire-per-vendin-nese-opozita-fiton-zgjedhjet-e-ardhshme\/#primaryimage"},"image":{"@id":"https:\/\/fjala.info\/2009-2015\/arvizu-do-ishte-shume-mire-per-vendin-nese-opozita-fiton-zgjedhjet-e-ardhshme\/#primaryimage"},"thumbnailUrl":"http:\/\/www.shkoder.net\/2012\/arvizu.jpg","datePublished":"2012-01-06T00:45:59+00:00","breadcrumb":{"@id":"https:\/\/fjala.info\/2009-2015\/arvizu-do-ishte-shume-mire-per-vendin-nese-opozita-fiton-zgjedhjet-e-ardhshme\/#breadcrumb"},"inLanguage":"sq-AL","potentialAction":[{"@type":"ReadAction","target":["https:\/\/fjala.info\/2009-2015\/arvizu-do-ishte-shume-mire-per-vendin-nese-opozita-fiton-zgjedhjet-e-ardhshme\/"]}]},{"@type":"ImageObject","inLanguage":"sq-AL","@id":"https:\/\/fjala.info\/2009-2015\/arvizu-do-ishte-shume-mire-per-vendin-nese-opozita-fiton-zgjedhjet-e-ardhshme\/#primaryimage","url":"http:\/\/www.shkoder.net\/2012\/arvizu.jpg","contentUrl":"http:\/\/www.shkoder.net\/2012\/arvizu.jpg"},{"@type":"BreadcrumbList","@id":"https:\/\/fjala.info\/2009-2015\/arvizu-do-ishte-shume-mire-per-vendin-nese-opozita-fiton-zgjedhjet-e-ardhshme\/#breadcrumb","itemListElement":[{"@type":"ListItem","position":1,"name":"Home","item":"https:\/\/fjala.info\/2009-2015\/"},{"@type":"ListItem","position":2,"name":"Arvizu: Do ishte shum\u00eb mir\u00eb p\u00ebr vendin n\u00ebse opozita fiton zgjedhjet e ardhshme"}]},{"@type":"WebSite","@id":"https:\/\/fjala.info\/2009-2015\/#website","url":"https:\/\/fjala.info\/2009-2015\/","name":"FjALA e LIR\u00cb - Arkivi","description":"Arkivi 2009-2015","publisher":{"@id":"https:\/\/fjala.info\/2009-2015\/#organization"},"potentialAction":[{"@type":"SearchAction","target":{"@type":"EntryPoint","urlTemplate":"https:\/\/fjala.info\/2009-2015\/?s={search_term_string}"},"query-input":{"@type":"PropertyValueSpecification","valueRequired":true,"valueName":"search_term_string"}}],"inLanguage":"sq-AL"},{"@type":"Organization","@id":"https:\/\/fjala.info\/2009-2015\/#organization","name":"FjALA e LIR\u00cb - Arkivi","url":"https:\/\/fjala.info\/2009-2015\/","logo":{"@type":"ImageObject","inLanguage":"sq-AL","@id":"https:\/\/fjala.info\/2009-2015\/#\/schema\/logo\/image\/","url":"","contentUrl":"","caption":"FjALA e LIR\u00cb - Arkivi"},"image":{"@id":"https:\/\/fjala.info\/2009-2015\/#\/schema\/logo\/image\/"}},{"@type":"Person","@id":"https:\/\/fjala.info\/2009-2015\/#\/schema\/person\/3aa1163ef05469c496fc94e77611ada2","name":"admin","image":{"@type":"ImageObject","inLanguage":"sq-AL","@id":"https:\/\/fjala.info\/2009-2015\/wp-content\/uploads\/2012\/02\/arben_cokaj-120x150.jpg","url":"https:\/\/fjala.info\/2009-2015\/wp-content\/uploads\/2012\/02\/arben_cokaj-120x150.jpg","contentUrl":"https:\/\/fjala.info\/2009-2015\/wp-content\/uploads\/2012\/02\/arben_cokaj-120x150.jpg","caption":"admin"},"description":"Admin, Fjala e Lir\u00eb","sameAs":["https:\/\/fjala.info\/"],"url":"https:\/\/fjala.info\/2009-2015\/author\/admin\/"}]}},"_links":{"self":[{"href":"https:\/\/fjala.info\/2009-2015\/wp-json\/wp\/v2\/posts\/11577","targetHints":{"allow":["GET"]}}],"collection":[{"href":"https:\/\/fjala.info\/2009-2015\/wp-json\/wp\/v2\/posts"}],"about":[{"href":"https:\/\/fjala.info\/2009-2015\/wp-json\/wp\/v2\/types\/post"}],"author":[{"embeddable":true,"href":"https:\/\/fjala.info\/2009-2015\/wp-json\/wp\/v2\/users\/1"}],"replies":[{"embeddable":true,"href":"https:\/\/fjala.info\/2009-2015\/wp-json\/wp\/v2\/comments?post=11577"}],"version-history":[{"count":0,"href":"https:\/\/fjala.info\/2009-2015\/wp-json\/wp\/v2\/posts\/11577\/revisions"}],"wp:attachment":[{"href":"https:\/\/fjala.info\/2009-2015\/wp-json\/wp\/v2\/media?parent=11577"}],"wp:term":[{"taxonomy":"category","embeddable":true,"href":"https:\/\/fjala.info\/2009-2015\/wp-json\/wp\/v2\/categories?post=11577"},{"taxonomy":"post_tag","embeddable":true,"href":"https:\/\/fjala.info\/2009-2015\/wp-json\/wp\/v2\/tags?post=11577"}],"curies":[{"name":"wp","href":"https:\/\/api.w.org\/{rel}","templated":true}]}}