{"id":11576,"date":"2012-01-04T22:28:04","date_gmt":"2012-01-04T21:28:04","guid":{"rendered":"http:\/\/fjala.shkoder.net\/?p=969"},"modified":"2012-01-04T22:28:04","modified_gmt":"2012-01-04T21:28:04","slug":"cikel-poetik-emocione-stinesh","status":"publish","type":"post","link":"https:\/\/fjala.info\/2009-2015\/cikel-poetik-emocione-stinesh\/","title":{"rendered":"Cik\u00ebl poetik : Emocione stin\u00ebsh"},"content":{"rendered":"<p><strong>Arjan Th. Kall\u00e7o<\/strong><\/p>\n<blockquote><p>\n<img decoding=\"async\" class=\"alignright size-thumbnail wp-image-7236\" title=\"Arjan Th. Kall\u00e7o\" src=\"http:\/\/www.shkoder.net\/images\/fjala\/2011\/arjan_kallco.jpg\" alt=\"\" width=\"150\" \/><br \/>\n<strong>Dhimbje<\/strong><\/p>\n<p>Ajo koh\u00eb kur \u00ebndrrat e tua<br \/>\nVall\u00ebzonin mbi re, si<br \/>\nNj\u00eb meteor i krisur<br \/>\nQ\u00eb edhe pse e njeh fatin<br \/>\nE udh\u00ebtimit t\u00eb vet, por<br \/>\nPrap\u00eb guxon, papritur<br \/>\nU ngrys.<br \/>\nEdhe ato dit\u00eb kur g\u00ebzimi<br \/>\nKishte b\u00ebr\u00eb divorc me trishtimin,<br \/>\nSot po heshtin,<br \/>\nT\u00eb mbytur nga lot\u00ebt e dhimbjes,<br \/>\nT\u00eb varrosur nga vaji n\u00ebnz\u00eb.<br \/>\n\u00cbsht\u00eb koha kur Vetmia jeton e vetme<br \/>\nMbyllur diku n\u00eb kujtime<br \/>\nDhe shpirt\u00ebrisht n\u00eb dualitet.<br \/>\nPor ti, sa her\u00eb q\u00eb ta ndiesh,<br \/>\nDo t\u00eb mjaftonte vet\u00ebm nj\u00eb apel<br \/>\nTek dera q\u00eb do t\u00eb hapet furish\u00ebm,<br \/>\nGjithmon\u00eb nj\u00eb mik, tek mua, do ta gjesh.<\/p>\n<p><em>7 shtator 201<\/em><\/p>\n<p><strong>Trokitje \u00e7astesh <\/strong><\/p>\n<p>Rrug\u00ebtimi u ndal k\u00ebt\u00eb nat\u00eb fundvere<br \/>\nn\u00eb Bukuresht, aty mes koh\u00ebs<br \/>\nq\u00eb r\u00ebnd\u00eb p\u00ebrgjumej<br \/>\nnga kllapia e err\u00ebsir\u00ebs<br \/>\ndhe frym\u00eb njer\u00ebzish q\u00eb<br \/>\nende ishin zgjuar n\u00eb qytet.<br \/>\nPak truk n\u00eb shpirt<br \/>\nkur nata merr tat\u00ebpjet\u00ebn<br \/>\nkurr\u00eb s\u2019\u00ebsht\u00eb profetik,<br \/>\nas t\u00eb ringjall,<br \/>\nn\u00ebse s\u2019tunden themelet nga agu<br \/>\nedhe ndryshimi i shum\u00ebpritur<br \/>\nnuk ka shpres\u00eb,<br \/>\nnuk ka efekt.<\/p>\n<p><em>Shtator 2011<\/em><\/p>\n<p><strong>N\u00ebp\u00ebr rrug\u00ebt e Rom\u00ebs<\/strong><\/p>\n<p>Endem i p\u00ebrhumbur n\u00ebp\u00ebr rrug\u00ebt<br \/>\nE Rom\u00ebs, jo sepse nuk<br \/>\nDi t\u00eb orientohem n\u00eb shpirtin e saj,<br \/>\nAs sepse jan\u00eb fshir\u00eb nga mendja<br \/>\nImazhet e saj t\u00eb dikurshme.<br \/>\nEndem un\u00eb, shqiptari, q\u00eb fati<br \/>\nM\u00eb ka sjell\u00eb gjithmon\u00eb k\u00ebtu, por<br \/>\nVe\u00e7 me nj\u00eb dhimbje n\u00eb zem\u00ebr<br \/>\nPrej dashuris\u00eb s\u00eb par\u00eb.<br \/>\nEndem un\u00eb, poeti, n\u00eb k\u00ebrkim<br \/>\nT\u00eb nj\u00eb zjarri p\u00ebrv\u00eblues q\u00eb<br \/>\nT\u00eb m\u00eb jap\u00eb forc\u00eb dhe m\u00eb pas<br \/>\nGjith\u00e7ka t\u00eb rilind\u00eb, e t\u00eb rilind\u00eb prap\u00eb.<br \/>\nEndem mes shum\u00eb dashnor\u00ebve t\u00eb tjer\u00eb<br \/>\nN\u00eb k\u00ebt\u00eb qytet ku padashur thithim<br \/>\nP\u00ebrjet\u00ebsi, njer\u00ebz t\u00eb etur p\u00ebr pak frym\u00ebzim<br \/>\nQ\u00eb Atdheun e tyre kan\u00eb braktisur<br \/>\nP\u00ebr nj\u00eb tjet\u00ebr liri.<br \/>\nMe mua nj\u00eb mik udh\u00ebtar shqiptar,<br \/>\nT\u00eb dy, t\u00eb burr\u00ebruar tashm\u00eb,<br \/>\nEcim krah p\u00ebr krah krenar\u00eb,<br \/>\nT\u00eb bindur se pas nesh<br \/>\nVezullojn\u00eb kujtimet tona t\u00eb dikurshme<br \/>\nQ\u00eb papritur b\u00ebhen gabian\u00eb,<br \/>\nQ\u00eb b\u00ebhen fanar\u00eb.<\/p>\n<p><em>11\/11\/11<\/em><\/p>\n<p><strong>Apeli i ri<\/strong><\/p>\n<p>Nj\u00eb tjet\u00ebr furtun\u00eb fryu<br \/>\nK\u00ebt\u00eb dit\u00eb, nj\u00eb vit m\u00eb shum\u00eb<br \/>\nIu shtua apelit tim t\u00eb par\u00eb.<br \/>\nE till\u00eb \u00ebsht\u00eb jeta :<br \/>\nShum\u00eb apelesh<br \/>\nN\u00eb nj\u00eb fat t\u00eb p\u00ebrbashk\u00ebt tok\u00ebsor<br \/>\nDhe jo maniakja egoiste<br \/>\nQ\u00eb vet\u00ebm p\u00ebrqesh<br \/>\nDhe vet\u00ebm korr.<br \/>\nDikur frynin p\u00ebrs\u00ebri, por<br \/>\nIshin puhiza t\u00eb fresk\u00ebta q\u00eb i<br \/>\nJepnin lezet rinis\u00eb, eh, sot<br \/>\nJan\u00eb vite t\u00eb larg\u00ebta<br \/>\nNga dhimbjet ngrysur, plagosur, por<br \/>\nJeta \u00ebsht\u00eb magjia e k\u00ebsaj bote,<br \/>\nSado e hidhur t\u00eb trokas\u00eb n\u00eb koh\u00eb,<br \/>\nP\u00ebrs\u00ebri rilind dhe prap\u00eb rilind.<br \/>\nMos u m\u00ebrzit do thoni ju,<br \/>\nE di fort mir\u00eb, k\u00ebto nuk jan\u00eb<br \/>\nMesazhet e dikurshme ngush\u00eblluese,<br \/>\nSe vitet at\u00eb pun\u00eb kan\u00eb,<br \/>\nCa ikin bukur me lezet<br \/>\nT\u00eb tjerat na v\u00ebn\u00eb n\u00eb prov\u00eb.<br \/>\nPor prap\u00eb arom\u00eb jete ato jan\u00eb.<\/p>\n<p><em>22\/11\/2011<\/em><\/p>\n<p><strong>K\u00eb do puth\u00ebsh\u2026<\/strong><\/p>\n<p>Afroi fundviti edhe sivjet<br \/>\nDhe bota po zien nga p\u00ebrgatitjet<br \/>\nSi ta presin Vitin e Ri,<br \/>\nSi ta p\u00ebrcjellin vitin e vjet\u00ebr?<br \/>\nPo ti, e dashur Mike, q\u00eb ende je larg;<br \/>\nA po b\u00ebhesh gati vall\u00eb,<br \/>\nQ\u00eb nat\u00ebn e nd\u00ebrrimit t\u00eb viteve<br \/>\nGotat t\u00eb trokas\u00ebsh g\u00ebzuesh\u00ebm<br \/>\nMe mua p\u00ebrball\u00eb?<br \/>\nUn\u00eb kam koh\u00eb q\u00eb mezi po pres<br \/>\nNj\u00eb mesazh apo sinjal shpejt t\u00eb shfaqet<br \/>\nDhe n\u00ebse kurr\u00eb nuk do t\u00eb mb\u00ebrrij\u00eb,<br \/>\nDo abstenoj trishtuesh\u00ebm nga urimet dhe<br \/>\nDo le zemr\u00ebn q\u00eb t\u00eb flas\u00eb.<br \/>\nE do mblidhemi bashk\u00eb n\u00eb sheshe<br \/>\nDhe shampanj\u00ebn do ta derdhim det<br \/>\nPrap\u00eb ngroht\u00ebsisht do p\u00ebrqafohemi si dikur,<br \/>\nPo ti, moj Mikja ime e mir\u00eb,<br \/>\nAtje mes akujve n\u00eb vendlindjen t\u00ebnde,<br \/>\nPa m\u00eb thuaj : K\u00eb do puth\u00ebsh at\u00eb nat\u00eb?<\/p>\n<p><em>26 dhjetor 2011<\/em><\/p>\n<p><strong>Riti hileqar i fundvitit<\/strong><\/p>\n<p>Dit\u00ebt po vrapojn\u00eb<br \/>\nDrejt fundit t\u00eb tyre t\u00eb pashmangsh\u00ebm<br \/>\nP\u00ebr k\u00ebt\u00eb vit. Edhe dy hapa na ndajn\u00eb<br \/>\nDhe para nesh do t\u00eb shfaqet<br \/>\nNj\u00eb tjet\u00ebr univers Pritjesh,<br \/>\n\u00cbndrrash dhe Ankthesh p\u00ebrzjerr\u00eb<br \/>\nP\u00ebr nj\u00eb bot\u00eb m\u00eb t\u00eb mir\u00eb.<\/p>\n<p>Dit\u00ebt po vrapojn\u00eb duke pla\u00e7kitur<br \/>\n\u00c7do sekond\u00eb q\u00eb r\u00ebnd\u00eb godet n\u00eb or\u00eb<br \/>\nMe akrepat q\u00eb tashm\u00eb e kan\u00eb kuptuar<br \/>\nSe vet\u00ebm nj\u00eb \u00e7ast do t\u00eb ndalen p\u00ebr t\u2019i<br \/>\nDh\u00ebn\u00eb lamtumir\u00ebn plakut tekanjoz,<br \/>\nP\u00ebr t\u00eb rifilluar m\u00eb pas ritin e p\u00ebrjetsh\u00ebm<br \/>\nMe tjetrin q\u00eb gjithmon\u00eb n\u00eb fillim<br \/>\nDuket tep\u00ebr serioz.<\/p>\n<p>Dit\u00ebt po vrapojn\u00eb duke rr\u00ebmbyer<br \/>\nEdhe vet\u00eb emocionet e bot\u00ebs, kudo<br \/>\nN\u00eb \u00e7do skaj, mes njer\u00ebzve q\u00eb dit\u00ebn<br \/>\nRropaten rrug\u00ebve p\u00ebr pak l\u00ebmosh\u00eb<br \/>\nDhe q\u00eb fatit t\u00eb tyre t\u00eb zi kurr\u00eb s\u2019ia ndryshuan<br \/>\nRrjedh\u00ebn dot, mes t\u00eb l\u00ebnduarve<br \/>\nQ\u00eb arm\u00ebt e pabesa t\u00eb liris\u00eb<br \/>\nU soll\u00ebn ve\u00e7 lot.<\/p>\n<p>Pas do t\u00eb mbetet e nj\u00ebjta bot\u00eb<br \/>\nE ndyt\u00eb e Interesit, e Paras\u00eb, e Vesit<br \/>\nQ\u00eb edhe ajo vrapon ethsh\u00ebm duke garuar<br \/>\nN\u00eb k\u00ebt\u00eb kaos t\u00eb pazhdredhsh\u00ebm Dymij\u00eb vje\u00e7ar.<\/p>\n<p><em>30 dhjetor 2011<\/em><\/p>\n<p><strong>Viti i Ri, avazi i vjet\u00ebr<\/strong><\/p>\n<p>Viti 2012 si\u00e7 pritej erdhi,<br \/>\nBile, me k\u00ebmb\u00ebn e djatht\u00eb<br \/>\nHyri tek dera dhe<br \/>\nSi \u00e7do vit n\u00eb m\u00ebdyshje<br \/>\nP\u00ebrkundet i habitur<br \/>\nMes jet\u00ebs s\u00eb re dhe asaj<br \/>\nT\u00eb vjet\u00ebr.<br \/>\nN\u00eb rrejt\u00ebn e madhe t\u00eb historis\u00eb<br \/>\nEdhe nj\u00eb hallk\u00eb tjet\u00ebr<br \/>\nU shtua. Rrjet\u00eb e pafund<br \/>\nTek e cila mbeten vitet<br \/>\nN\u00eb nj\u00eb ndjek\u00ebsi t\u00eb rregullt<br \/>\nT\u00eb num\u00ebrimeve progresive<br \/>\nDrejt pafund\u00ebsis\u00eb.<br \/>\nRrjet\u00eb djall\u00ebzore tek e cila<br \/>\nP\u00ebrp\u00ebliten n\u00eb nj\u00eb burg<br \/>\nPlot aj\u00ebr t\u00eb gjitha gjallesat,<br \/>\nPor pa asnj\u00eb shpres\u00eb.<\/p>\n<p><em>3\/01\/2012<\/em><\/p><\/blockquote>\n","protected":false},"excerpt":{"rendered":"<p>Arjan Th. Kall\u00e7o Dhimbje Ajo koh\u00eb kur \u00ebndrrat e tua Vall\u00ebzonin mbi re, si Nj\u00eb meteor i krisur Q\u00eb edhe pse e njeh fatin E udh\u00ebtimit t\u00eb vet, por Prap\u00eb guxon, papritur U ngrys. Edhe ato dit\u00eb kur g\u00ebzimi Kishte b\u00ebr\u00eb divorc me trishtimin, Sot po heshtin, T\u00eb mbytur nga lot\u00ebt e dhimbjes, T\u00eb varrosur [&hellip;]<\/p>\n","protected":false},"author":1,"featured_media":0,"comment_status":"open","ping_status":"closed","sticky":false,"template":"","format":"standard","meta":{"footnotes":""},"categories":[7,9],"tags":[],"class_list":{"0":"post-11576","1":"post","2":"type-post","3":"status-publish","4":"format-standard","6":"category-letersi","7":"category-poezi"},"yoast_head":"<!-- This site is optimized with the Yoast SEO plugin v27.4 - https:\/\/yoast.com\/product\/yoast-seo-wordpress\/ -->\n<title>Cik\u00ebl poetik : Emocione stin\u00ebsh - FjALA e LIR\u00cb - Arkivi<\/title>\n<meta name=\"robots\" content=\"index, follow, max-snippet:-1, max-image-preview:large, max-video-preview:-1\" \/>\n<link rel=\"canonical\" href=\"https:\/\/fjala.info\/2009-2015\/cikel-poetik-emocione-stinesh\/\" \/>\n<meta property=\"og:locale\" content=\"sq_AL\" \/>\n<meta property=\"og:type\" content=\"article\" \/>\n<meta property=\"og:title\" content=\"Cik\u00ebl poetik : Emocione stin\u00ebsh - FjALA e LIR\u00cb - Arkivi\" \/>\n<meta property=\"og:description\" content=\"Arjan Th. Kall\u00e7o Dhimbje Ajo koh\u00eb kur \u00ebndrrat e tua Vall\u00ebzonin mbi re, si Nj\u00eb meteor i krisur Q\u00eb edhe pse e njeh fatin E udh\u00ebtimit t\u00eb vet, por Prap\u00eb guxon, papritur U ngrys. Edhe ato dit\u00eb kur g\u00ebzimi Kishte b\u00ebr\u00eb divorc me trishtimin, Sot po heshtin, T\u00eb mbytur nga lot\u00ebt e dhimbjes, T\u00eb varrosur [&hellip;]\" \/>\n<meta property=\"og:url\" content=\"https:\/\/fjala.info\/2009-2015\/cikel-poetik-emocione-stinesh\/\" \/>\n<meta property=\"og:site_name\" content=\"FjALA e LIR\u00cb - Arkivi\" \/>\n<meta property=\"article:published_time\" content=\"2012-01-04T21:28:04+00:00\" \/>\n<meta property=\"og:image\" content=\"http:\/\/www.shkoder.net\/images\/fjala\/2011\/arjan_kallco.jpg\" \/>\n<meta name=\"author\" content=\"admin\" \/>\n<meta name=\"twitter:card\" content=\"summary_large_image\" \/>\n<meta name=\"twitter:label1\" content=\"Written by\" \/>\n\t<meta name=\"twitter:data1\" content=\"admin\" \/>\n\t<meta name=\"twitter:label2\" content=\"Est. reading time\" \/>\n\t<meta name=\"twitter:data2\" content=\"5 minutes\" \/>\n<script type=\"application\/ld+json\" class=\"yoast-schema-graph\">{\"@context\":\"https:\\\/\\\/schema.org\",\"@graph\":[{\"@type\":\"Article\",\"@id\":\"https:\\\/\\\/fjala.info\\\/2009-2015\\\/cikel-poetik-emocione-stinesh\\\/#article\",\"isPartOf\":{\"@id\":\"https:\\\/\\\/fjala.info\\\/2009-2015\\\/cikel-poetik-emocione-stinesh\\\/\"},\"author\":{\"name\":\"admin\",\"@id\":\"https:\\\/\\\/fjala.info\\\/2009-2015\\\/#\\\/schema\\\/person\\\/3aa1163ef05469c496fc94e77611ada2\"},\"headline\":\"Cik\u00ebl poetik : Emocione stin\u00ebsh\",\"datePublished\":\"2012-01-04T21:28:04+00:00\",\"mainEntityOfPage\":{\"@id\":\"https:\\\/\\\/fjala.info\\\/2009-2015\\\/cikel-poetik-emocione-stinesh\\\/\"},\"wordCount\":949,\"commentCount\":0,\"publisher\":{\"@id\":\"https:\\\/\\\/fjala.info\\\/2009-2015\\\/#organization\"},\"image\":{\"@id\":\"https:\\\/\\\/fjala.info\\\/2009-2015\\\/cikel-poetik-emocione-stinesh\\\/#primaryimage\"},\"thumbnailUrl\":\"http:\\\/\\\/www.shkoder.net\\\/images\\\/fjala\\\/2011\\\/arjan_kallco.jpg\",\"articleSection\":[\"Let\u00ebrsi\",\"Poezi\"],\"inLanguage\":\"sq-AL\",\"potentialAction\":[{\"@type\":\"CommentAction\",\"name\":\"Comment\",\"target\":[\"https:\\\/\\\/fjala.info\\\/2009-2015\\\/cikel-poetik-emocione-stinesh\\\/#respond\"]}]},{\"@type\":\"WebPage\",\"@id\":\"https:\\\/\\\/fjala.info\\\/2009-2015\\\/cikel-poetik-emocione-stinesh\\\/\",\"url\":\"https:\\\/\\\/fjala.info\\\/2009-2015\\\/cikel-poetik-emocione-stinesh\\\/\",\"name\":\"Cik\u00ebl poetik : Emocione stin\u00ebsh - FjALA e LIR\u00cb - Arkivi\",\"isPartOf\":{\"@id\":\"https:\\\/\\\/fjala.info\\\/2009-2015\\\/#website\"},\"primaryImageOfPage\":{\"@id\":\"https:\\\/\\\/fjala.info\\\/2009-2015\\\/cikel-poetik-emocione-stinesh\\\/#primaryimage\"},\"image\":{\"@id\":\"https:\\\/\\\/fjala.info\\\/2009-2015\\\/cikel-poetik-emocione-stinesh\\\/#primaryimage\"},\"thumbnailUrl\":\"http:\\\/\\\/www.shkoder.net\\\/images\\\/fjala\\\/2011\\\/arjan_kallco.jpg\",\"datePublished\":\"2012-01-04T21:28:04+00:00\",\"breadcrumb\":{\"@id\":\"https:\\\/\\\/fjala.info\\\/2009-2015\\\/cikel-poetik-emocione-stinesh\\\/#breadcrumb\"},\"inLanguage\":\"sq-AL\",\"potentialAction\":[{\"@type\":\"ReadAction\",\"target\":[\"https:\\\/\\\/fjala.info\\\/2009-2015\\\/cikel-poetik-emocione-stinesh\\\/\"]}]},{\"@type\":\"ImageObject\",\"inLanguage\":\"sq-AL\",\"@id\":\"https:\\\/\\\/fjala.info\\\/2009-2015\\\/cikel-poetik-emocione-stinesh\\\/#primaryimage\",\"url\":\"http:\\\/\\\/www.shkoder.net\\\/images\\\/fjala\\\/2011\\\/arjan_kallco.jpg\",\"contentUrl\":\"http:\\\/\\\/www.shkoder.net\\\/images\\\/fjala\\\/2011\\\/arjan_kallco.jpg\"},{\"@type\":\"BreadcrumbList\",\"@id\":\"https:\\\/\\\/fjala.info\\\/2009-2015\\\/cikel-poetik-emocione-stinesh\\\/#breadcrumb\",\"itemListElement\":[{\"@type\":\"ListItem\",\"position\":1,\"name\":\"Home\",\"item\":\"https:\\\/\\\/fjala.info\\\/2009-2015\\\/\"},{\"@type\":\"ListItem\",\"position\":2,\"name\":\"Cik\u00ebl poetik : Emocione stin\u00ebsh\"}]},{\"@type\":\"WebSite\",\"@id\":\"https:\\\/\\\/fjala.info\\\/2009-2015\\\/#website\",\"url\":\"https:\\\/\\\/fjala.info\\\/2009-2015\\\/\",\"name\":\"FjALA e LIR\u00cb - Arkivi\",\"description\":\"Arkivi 2009-2015\",\"publisher\":{\"@id\":\"https:\\\/\\\/fjala.info\\\/2009-2015\\\/#organization\"},\"potentialAction\":[{\"@type\":\"SearchAction\",\"target\":{\"@type\":\"EntryPoint\",\"urlTemplate\":\"https:\\\/\\\/fjala.info\\\/2009-2015\\\/?s={search_term_string}\"},\"query-input\":{\"@type\":\"PropertyValueSpecification\",\"valueRequired\":true,\"valueName\":\"search_term_string\"}}],\"inLanguage\":\"sq-AL\"},{\"@type\":\"Organization\",\"@id\":\"https:\\\/\\\/fjala.info\\\/2009-2015\\\/#organization\",\"name\":\"FjALA e LIR\u00cb - Arkivi\",\"url\":\"https:\\\/\\\/fjala.info\\\/2009-2015\\\/\",\"logo\":{\"@type\":\"ImageObject\",\"inLanguage\":\"sq-AL\",\"@id\":\"https:\\\/\\\/fjala.info\\\/2009-2015\\\/#\\\/schema\\\/logo\\\/image\\\/\",\"url\":\"\",\"contentUrl\":\"\",\"caption\":\"FjALA e LIR\u00cb - Arkivi\"},\"image\":{\"@id\":\"https:\\\/\\\/fjala.info\\\/2009-2015\\\/#\\\/schema\\\/logo\\\/image\\\/\"}},{\"@type\":\"Person\",\"@id\":\"https:\\\/\\\/fjala.info\\\/2009-2015\\\/#\\\/schema\\\/person\\\/3aa1163ef05469c496fc94e77611ada2\",\"name\":\"admin\",\"image\":{\"@type\":\"ImageObject\",\"inLanguage\":\"sq-AL\",\"@id\":\"https:\\\/\\\/fjala.info\\\/2009-2015\\\/wp-content\\\/uploads\\\/2012\\\/02\\\/arben_cokaj-120x150.jpg\",\"url\":\"https:\\\/\\\/fjala.info\\\/2009-2015\\\/wp-content\\\/uploads\\\/2012\\\/02\\\/arben_cokaj-120x150.jpg\",\"contentUrl\":\"https:\\\/\\\/fjala.info\\\/2009-2015\\\/wp-content\\\/uploads\\\/2012\\\/02\\\/arben_cokaj-120x150.jpg\",\"caption\":\"admin\"},\"description\":\"Admin, Fjala e Lir\u00eb\",\"sameAs\":[\"https:\\\/\\\/fjala.info\\\/\"],\"url\":\"https:\\\/\\\/fjala.info\\\/2009-2015\\\/author\\\/admin\\\/\"}]}<\/script>\n<!-- \/ Yoast SEO plugin. -->","yoast_head_json":{"title":"Cik\u00ebl poetik : Emocione stin\u00ebsh - FjALA e LIR\u00cb - Arkivi","robots":{"index":"index","follow":"follow","max-snippet":"max-snippet:-1","max-image-preview":"max-image-preview:large","max-video-preview":"max-video-preview:-1"},"canonical":"https:\/\/fjala.info\/2009-2015\/cikel-poetik-emocione-stinesh\/","og_locale":"sq_AL","og_type":"article","og_title":"Cik\u00ebl poetik : Emocione stin\u00ebsh - FjALA e LIR\u00cb - Arkivi","og_description":"Arjan Th. Kall\u00e7o Dhimbje Ajo koh\u00eb kur \u00ebndrrat e tua Vall\u00ebzonin mbi re, si Nj\u00eb meteor i krisur Q\u00eb edhe pse e njeh fatin E udh\u00ebtimit t\u00eb vet, por Prap\u00eb guxon, papritur U ngrys. Edhe ato dit\u00eb kur g\u00ebzimi Kishte b\u00ebr\u00eb divorc me trishtimin, Sot po heshtin, T\u00eb mbytur nga lot\u00ebt e dhimbjes, T\u00eb varrosur [&hellip;]","og_url":"https:\/\/fjala.info\/2009-2015\/cikel-poetik-emocione-stinesh\/","og_site_name":"FjALA e LIR\u00cb - Arkivi","article_published_time":"2012-01-04T21:28:04+00:00","og_image":[{"url":"http:\/\/www.shkoder.net\/images\/fjala\/2011\/arjan_kallco.jpg","type":"","width":"","height":""}],"author":"admin","twitter_card":"summary_large_image","twitter_misc":{"Written by":"admin","Est. reading time":"5 minutes"},"schema":{"@context":"https:\/\/schema.org","@graph":[{"@type":"Article","@id":"https:\/\/fjala.info\/2009-2015\/cikel-poetik-emocione-stinesh\/#article","isPartOf":{"@id":"https:\/\/fjala.info\/2009-2015\/cikel-poetik-emocione-stinesh\/"},"author":{"name":"admin","@id":"https:\/\/fjala.info\/2009-2015\/#\/schema\/person\/3aa1163ef05469c496fc94e77611ada2"},"headline":"Cik\u00ebl poetik : Emocione stin\u00ebsh","datePublished":"2012-01-04T21:28:04+00:00","mainEntityOfPage":{"@id":"https:\/\/fjala.info\/2009-2015\/cikel-poetik-emocione-stinesh\/"},"wordCount":949,"commentCount":0,"publisher":{"@id":"https:\/\/fjala.info\/2009-2015\/#organization"},"image":{"@id":"https:\/\/fjala.info\/2009-2015\/cikel-poetik-emocione-stinesh\/#primaryimage"},"thumbnailUrl":"http:\/\/www.shkoder.net\/images\/fjala\/2011\/arjan_kallco.jpg","articleSection":["Let\u00ebrsi","Poezi"],"inLanguage":"sq-AL","potentialAction":[{"@type":"CommentAction","name":"Comment","target":["https:\/\/fjala.info\/2009-2015\/cikel-poetik-emocione-stinesh\/#respond"]}]},{"@type":"WebPage","@id":"https:\/\/fjala.info\/2009-2015\/cikel-poetik-emocione-stinesh\/","url":"https:\/\/fjala.info\/2009-2015\/cikel-poetik-emocione-stinesh\/","name":"Cik\u00ebl poetik : Emocione stin\u00ebsh - FjALA e LIR\u00cb - Arkivi","isPartOf":{"@id":"https:\/\/fjala.info\/2009-2015\/#website"},"primaryImageOfPage":{"@id":"https:\/\/fjala.info\/2009-2015\/cikel-poetik-emocione-stinesh\/#primaryimage"},"image":{"@id":"https:\/\/fjala.info\/2009-2015\/cikel-poetik-emocione-stinesh\/#primaryimage"},"thumbnailUrl":"http:\/\/www.shkoder.net\/images\/fjala\/2011\/arjan_kallco.jpg","datePublished":"2012-01-04T21:28:04+00:00","breadcrumb":{"@id":"https:\/\/fjala.info\/2009-2015\/cikel-poetik-emocione-stinesh\/#breadcrumb"},"inLanguage":"sq-AL","potentialAction":[{"@type":"ReadAction","target":["https:\/\/fjala.info\/2009-2015\/cikel-poetik-emocione-stinesh\/"]}]},{"@type":"ImageObject","inLanguage":"sq-AL","@id":"https:\/\/fjala.info\/2009-2015\/cikel-poetik-emocione-stinesh\/#primaryimage","url":"http:\/\/www.shkoder.net\/images\/fjala\/2011\/arjan_kallco.jpg","contentUrl":"http:\/\/www.shkoder.net\/images\/fjala\/2011\/arjan_kallco.jpg"},{"@type":"BreadcrumbList","@id":"https:\/\/fjala.info\/2009-2015\/cikel-poetik-emocione-stinesh\/#breadcrumb","itemListElement":[{"@type":"ListItem","position":1,"name":"Home","item":"https:\/\/fjala.info\/2009-2015\/"},{"@type":"ListItem","position":2,"name":"Cik\u00ebl poetik : Emocione stin\u00ebsh"}]},{"@type":"WebSite","@id":"https:\/\/fjala.info\/2009-2015\/#website","url":"https:\/\/fjala.info\/2009-2015\/","name":"FjALA e LIR\u00cb - Arkivi","description":"Arkivi 2009-2015","publisher":{"@id":"https:\/\/fjala.info\/2009-2015\/#organization"},"potentialAction":[{"@type":"SearchAction","target":{"@type":"EntryPoint","urlTemplate":"https:\/\/fjala.info\/2009-2015\/?s={search_term_string}"},"query-input":{"@type":"PropertyValueSpecification","valueRequired":true,"valueName":"search_term_string"}}],"inLanguage":"sq-AL"},{"@type":"Organization","@id":"https:\/\/fjala.info\/2009-2015\/#organization","name":"FjALA e LIR\u00cb - Arkivi","url":"https:\/\/fjala.info\/2009-2015\/","logo":{"@type":"ImageObject","inLanguage":"sq-AL","@id":"https:\/\/fjala.info\/2009-2015\/#\/schema\/logo\/image\/","url":"","contentUrl":"","caption":"FjALA e LIR\u00cb - Arkivi"},"image":{"@id":"https:\/\/fjala.info\/2009-2015\/#\/schema\/logo\/image\/"}},{"@type":"Person","@id":"https:\/\/fjala.info\/2009-2015\/#\/schema\/person\/3aa1163ef05469c496fc94e77611ada2","name":"admin","image":{"@type":"ImageObject","inLanguage":"sq-AL","@id":"https:\/\/fjala.info\/2009-2015\/wp-content\/uploads\/2012\/02\/arben_cokaj-120x150.jpg","url":"https:\/\/fjala.info\/2009-2015\/wp-content\/uploads\/2012\/02\/arben_cokaj-120x150.jpg","contentUrl":"https:\/\/fjala.info\/2009-2015\/wp-content\/uploads\/2012\/02\/arben_cokaj-120x150.jpg","caption":"admin"},"description":"Admin, Fjala e Lir\u00eb","sameAs":["https:\/\/fjala.info\/"],"url":"https:\/\/fjala.info\/2009-2015\/author\/admin\/"}]}},"_links":{"self":[{"href":"https:\/\/fjala.info\/2009-2015\/wp-json\/wp\/v2\/posts\/11576","targetHints":{"allow":["GET"]}}],"collection":[{"href":"https:\/\/fjala.info\/2009-2015\/wp-json\/wp\/v2\/posts"}],"about":[{"href":"https:\/\/fjala.info\/2009-2015\/wp-json\/wp\/v2\/types\/post"}],"author":[{"embeddable":true,"href":"https:\/\/fjala.info\/2009-2015\/wp-json\/wp\/v2\/users\/1"}],"replies":[{"embeddable":true,"href":"https:\/\/fjala.info\/2009-2015\/wp-json\/wp\/v2\/comments?post=11576"}],"version-history":[{"count":0,"href":"https:\/\/fjala.info\/2009-2015\/wp-json\/wp\/v2\/posts\/11576\/revisions"}],"wp:attachment":[{"href":"https:\/\/fjala.info\/2009-2015\/wp-json\/wp\/v2\/media?parent=11576"}],"wp:term":[{"taxonomy":"category","embeddable":true,"href":"https:\/\/fjala.info\/2009-2015\/wp-json\/wp\/v2\/categories?post=11576"},{"taxonomy":"post_tag","embeddable":true,"href":"https:\/\/fjala.info\/2009-2015\/wp-json\/wp\/v2\/tags?post=11576"}],"curies":[{"name":"wp","href":"https:\/\/api.w.org\/{rel}","templated":true}]}}