{"id":11574,"date":"2012-01-04T21:53:17","date_gmt":"2012-01-04T20:53:17","guid":{"rendered":"http:\/\/fjala.shkoder.net\/?p=959"},"modified":"2012-01-04T21:53:17","modified_gmt":"2012-01-04T20:53:17","slug":"claudio-magris-poezia-shkenca-ekzakte-e-se-tashmes","status":"publish","type":"post","link":"https:\/\/fjala.info\/2009-2015\/claudio-magris-poezia-shkenca-ekzakte-e-se-tashmes\/","title":{"rendered":"Claudio Magris &#8211; Poezia, shkenca ekzakte e s\u00eb tashmes"},"content":{"rendered":"<p><img decoding=\"async\" class=\"alignright size-thumbnail wp-image-7236\" title=\"Arjan Th. Kall\u00e7o\" src=\"http:\/\/www.shkoder.net\/images\/fjala\/2011\/arjan_kallco.jpg\" alt=\"\" width=\"150\" \/> <em>Vargjet nuk jan\u00eb nj\u00eb arrtisje, por nj\u00eb kredhje tek realiteti<\/em><\/p>\n<p>Poezia shkruan Floberti, \u00ebsht\u00eb nj\u00eb shkenc\u00eb e sakt\u00eb si gjeometria. T\u00eb botosh nj\u00eb kolan\u00eb me poezi, p\u00ebr nj\u00eb gzet\u00eb t\u00eb madhe, nuk do t\u00eb thot\u00eb t\u00eb vendos\u00ebsh nj\u00eb tr\u00ebndafil mbi nj\u00eb cop\u00eb ku derdhen ngjarjet e p\u00ebrgjakshme, t\u00eb p\u00ebrbaltura, t\u00eb eksituara dhe t\u00eb ankthshme t\u00eb bot\u00ebs, nga kronika e zez\u00eb tek re\u00e7esioni ekonomik, nga masakrat q\u00eb gjithmon\u00eb ndodhin n\u00eb ndonj\u00eb pjes\u00eb t\u00eb bot\u00ebs tek turpet dhe tek virtytet e vendit ton\u00eb. Nj\u00eb gazet\u00eb, ve\u00e7an\u00ebrisht nj\u00eb e p\u00ebrditshme, \u00ebsht\u00eb nj\u00eb roman; shpesh nj\u00eb roman i keq i realitetit politik, ekonomik, social dhe moral. \u00c7do dit\u00eb na jep nj\u00eb fotografi, nj\u00eb radiografi, nj\u00eb rezonanc\u00eb manjetike t\u00eb jet\u00ebs son\u00eb; nj\u00eb grafik pak a shum\u00eb besnik dhe t\u00eb v\u00ebrtet\u00eb, t\u00eb fokalizuar apo sfumuar, n\u00eb disa raste edhe nj\u00eb fotomontazh abuziv t\u00eb realitetit.<\/p>\n<p>Poezia nuk \u00ebsht\u00eb nj\u00eb arrtaisje, aq m\u00eb pak nj\u00eb sublimim shpirt\u00ebror i realitetit, p\u00ebrkundrazi \u00ebsht\u00eb shpesh nj\u00eb prej portreteve m\u00eb t\u00eb sakta, t\u00eb pam\u00ebshirshme dhe origjinale. Nuk \u00ebsht\u00eb m\u00eb pak realiste sesa kronikat politike, reportazhet mbi nj\u00eb luft\u00eb apo epidemi, relacione p\u00ebr bilancet dhe defi\u00e7itet. Let\u00ebrsia dhe, n\u00eb kuadrin e vet, poezia n\u00eb m\u00ebnyr\u00eb t\u00eb ve\u00e7ant\u00eb nuk jep informacione mbi faktet, mbi kriz\u00ebn ekonomike, ligjet q\u00eb rregullojn\u00eb martesat, pensionet apo asistenc\u00ebn sociale, por thot\u00eb sesi njer\u00ebzit e jetojn\u00eb t\u00eb gjith\u00eb k\u00ebt\u00eb; thot\u00eb sesi shifrat e m\u00ebdha t\u00eb papun\u00ebsis\u00eb, t\u00eb v\u00ebshtir\u00ebsive shoq\u00ebrore apo ideologjive n\u00eb rritje apo n\u00eb r\u00ebnie, bien tek jeta e individit, b\u00ebhen p\u00ebrditshm\u00ebria e tyre, mishi dhe gjaku i tyre.<\/p>\n<p>Poezia thot\u00eb t\u00eb v\u00ebrtet\u00ebn e realitetit m\u00eb t\u00eb v\u00ebrtet\u00eb, m\u00eb t\u00eb konsideruesh\u00ebm dhe konkret : jet\u00ebn e \u00e7do individi t\u00eb ve\u00e7ant\u00eb. Thot\u00eb sesi ai dashuron, vuan, d\u00ebshiron, proteston, shpreson, takon dhe u largohet individ\u00ebve t\u00eb tjer\u00eb. N\u00ebse duam t\u00eb dim\u00eb me t\u00eb v\u00ebrtet\u00eb se \u00e7far\u00eb ishte historia e Italis\u00eb n\u00eb shekullin e fundit, nuk mjafton t\u00eb dim\u00eb se \u00e7far\u00eb b\u00ebri Musolini, De Gasperi apo Anjeli; Gabriele D\u2019Anuncio apo Pazolini p\u00ebr t\u00eb cituar rast\u00ebsisht dy shembuj t\u00eb r\u00ebnd\u00ebsish\u00ebm, na b\u00ebjn\u00eb q\u00eb t\u2019i prekim me dor\u00eb se \u00e7far\u00eb ishte kjo histori, me transformimet dhe p\u00ebshtjellimet e veta, n\u00eb jet\u00ebn konkrete t\u00eb ndjenjave, t\u00eb \u00ebndrrave, t\u00eb shpresave, t\u00eb zhg\u00ebnjimeve t\u00eb njer\u00ebzve.<\/p>\n<p>Poeti i madh \u2013 thot\u00eb Elioti \u2013 tek shkruan vetveten, shkruan koh\u00ebn e vet, apo koh\u00ebn ton\u00eb, n\u00ebse \u00ebsht\u00eb nj\u00eb bashk\u00ebkoh\u00ebs apo nj\u00eb stin\u00eb tjet\u00ebr e historis\u00eb, n\u00ebse jetoi, shkroi dhe vuajti n\u00eb t\u00eb shkuar\u00ebn. P\u00ebr ta njohur koh\u00ebn ton\u00eb, p\u00ebr t\u2019u njohur, p\u00ebr t\u00eb ditur sesi jetuam apo jo, sesi Hitoria \u00ebsht\u00eb g\u00ebrshetuar me dashurit\u00eb tona, rrahjet tona, nevojat tona intime dhe themelore, duhet t\u2019u drejtohemi poet\u00ebve.<\/p>\n<p>K\u00ebta t\u00eb fundit nuk jan\u00eb nevojshm\u00ebrisht m\u00eb t\u00eb mir\u00eb se t\u00eb tjer\u00ebt; shpesh egocentrik\u00eb, aset\u00e7inj, meskin\u00eb; rivalitetet q\u00eb krijohen brenda nj\u00eb \u00e7mimi letrar jan\u00eb shpesh m\u00eb t\u00eb poshtra dhe mjera sesa ato p\u00ebr marrjen e nj\u00eb pushteti ekonomik dhe politik. Poet\u00ebt \u2013 thot\u00eb nj\u00eb prej m\u00eb t\u00eb m\u00ebdhenjve, Milosz, kan\u00eb shpesh nj\u00eb zem\u00ebr t\u00eb ftoht\u00eb; n\u00ebse shkruajn\u00eb nj\u00eb poezi p\u00ebr vdekjen e nj\u00eb f\u00ebmije, rrezikojn\u00eb t\u00eb apasionohen m\u00eb shum\u00eb nga bukuria e vargjeve t\u00eb tyre, sesa nga vdekja e qar\u00eb n\u00eb vargje.<\/p>\n<p>Por edhe n\u00eb sajt t\u00eb k\u00ebtij subjektiviteti t\u00eb eg\u00ebr dhe t\u00eb pap\u00ebrgjegjsh\u00ebm, poet\u00ebt i b\u00ebjn\u00eb llogarit\u00eb m\u00eb shum\u00eb se \u00e7do tjet\u00ebr me veten e tyre, me zjarrin dhe marr\u00ebzit\u00eb e patreguara n\u00eb realitetin e p\u00ebrditsh\u00ebm n\u00eb dukje normal; vjedhin dhe p\u00ebrhapin flak\u00ebn e shum\u00eb t\u00eb v\u00ebrtetave njer\u00ebzore t\u00eb paq\u00ebndrueshme dhe prandaj shpesh t\u00eb mbytura nga institucionet e jet\u00ebs s\u00eb organizuar. Poezia \u2013 thot\u00eb \u2013 sfondi i jet\u00ebs, sipas Sab\u00ebs, e thon\u00eb edhe kafsh\u00ebt, merr mbi vete, n\u00eb realitetin konkret t\u00eb lidhjeve epidermike dhe t\u00eb nostalgjive shpuese, kontradiktat e epok\u00ebs s\u00eb vet.<\/p>\n<p>Duke botuar nj\u00eb kolan\u00eb me poezi, nj\u00eb gazet\u00eb e madhe nuk ofron nj\u00eb \u00ebmb\u00eblsir\u00eb delikate apo tret\u00ebse q\u00eb t\u00eb kompensoj\u00eb ushqimin tep\u00ebr fuqish\u00ebm dhe t\u00eb fort\u00eb t\u00eb informacionit politik apo ekonomik, por p\u00ebrfundon detyr\u00ebn e saj t\u00eb par\u00eb q\u00eb \u00ebsht\u00eb pik\u00ebrisht ai i informimit. Nj\u00eb informacion i mang\u00ebt dhe q\u00eb l\u00eb pasdore at\u00eb realitet, impulset, sfidat, p\u00ebrhumbjet q\u00eb jan\u00eb t\u00eb t\u00eb gjith\u00ebve dhe q\u00eb poezia i shpreh p\u00ebr t\u00eb gjith\u00eb. Jeta e nj\u00eb poeti \u00ebsht\u00eb ajo e t\u00eb gjith\u00ebve \u2013 thot\u00eb Nervali; detyrimisht duhet t\u2019ua ofrojm\u00eb atyre t\u00eb gjith\u00ebve \u2013 t\u00eb pakt\u00ebn atyre potencial\u00eb \u2013 q\u00eb jan\u00eb lexuesit. Edhe gazetat kan\u00eb nevoj\u00eb q\u00eb t\u00eb kryejn\u00eb me sakt\u00ebsi dhe me ndershm\u00ebri pun\u00eb e tyre, t\u00eb poezis\u00eb : askush si poeti \u2013 thot\u00eb \u2013 Rilke i urren p\u00ebrafrimet.<\/p>\n<p><em>P\u00ebrgatiti <strong>Arjan Th. Kall\u00e7o<\/strong><\/em><\/p>\n","protected":false},"excerpt":{"rendered":"<p>Vargjet nuk jan\u00eb nj\u00eb arrtisje, por nj\u00eb kredhje tek realiteti Poezia shkruan Floberti, \u00ebsht\u00eb nj\u00eb shkenc\u00eb e sakt\u00eb si gjeometria. T\u00eb botosh nj\u00eb kolan\u00eb me poezi, p\u00ebr nj\u00eb gzet\u00eb t\u00eb madhe, nuk do t\u00eb thot\u00eb t\u00eb vendos\u00ebsh nj\u00eb tr\u00ebndafil mbi nj\u00eb cop\u00eb ku derdhen ngjarjet e p\u00ebrgjakshme, t\u00eb p\u00ebrbaltura, t\u00eb eksituara dhe t\u00eb ankthshme t\u00eb [&hellip;]<\/p>\n","protected":false},"author":1,"featured_media":0,"comment_status":"open","ping_status":"closed","sticky":false,"template":"","format":"standard","meta":{"footnotes":""},"categories":[2,7,9],"tags":[],"class_list":{"0":"post-11574","1":"post","2":"type-post","3":"status-publish","4":"format-standard","6":"category-artikuj","7":"category-letersi","8":"category-poezi"},"yoast_head":"<!-- This site is optimized with the Yoast SEO plugin v27.4 - https:\/\/yoast.com\/product\/yoast-seo-wordpress\/ -->\n<title>Claudio Magris - Poezia, shkenca ekzakte e s\u00eb tashmes - FjALA e LIR\u00cb - Arkivi<\/title>\n<meta name=\"robots\" content=\"index, follow, max-snippet:-1, max-image-preview:large, max-video-preview:-1\" \/>\n<link rel=\"canonical\" href=\"https:\/\/fjala.info\/2009-2015\/claudio-magris-poezia-shkenca-ekzakte-e-se-tashmes\/\" \/>\n<meta property=\"og:locale\" content=\"sq_AL\" \/>\n<meta property=\"og:type\" content=\"article\" \/>\n<meta property=\"og:title\" content=\"Claudio Magris - Poezia, shkenca ekzakte e s\u00eb tashmes - FjALA e LIR\u00cb - Arkivi\" \/>\n<meta property=\"og:description\" content=\"Vargjet nuk jan\u00eb nj\u00eb arrtisje, por nj\u00eb kredhje tek realiteti Poezia shkruan Floberti, \u00ebsht\u00eb nj\u00eb shkenc\u00eb e sakt\u00eb si gjeometria. T\u00eb botosh nj\u00eb kolan\u00eb me poezi, p\u00ebr nj\u00eb gzet\u00eb t\u00eb madhe, nuk do t\u00eb thot\u00eb t\u00eb vendos\u00ebsh nj\u00eb tr\u00ebndafil mbi nj\u00eb cop\u00eb ku derdhen ngjarjet e p\u00ebrgjakshme, t\u00eb p\u00ebrbaltura, t\u00eb eksituara dhe t\u00eb ankthshme t\u00eb [&hellip;]\" \/>\n<meta property=\"og:url\" content=\"https:\/\/fjala.info\/2009-2015\/claudio-magris-poezia-shkenca-ekzakte-e-se-tashmes\/\" \/>\n<meta property=\"og:site_name\" content=\"FjALA e LIR\u00cb - Arkivi\" \/>\n<meta property=\"article:published_time\" content=\"2012-01-04T20:53:17+00:00\" \/>\n<meta property=\"og:image\" content=\"http:\/\/www.shkoder.net\/images\/fjala\/2011\/arjan_kallco.jpg\" \/>\n<meta name=\"author\" content=\"admin\" \/>\n<meta name=\"twitter:card\" content=\"summary_large_image\" \/>\n<meta name=\"twitter:label1\" content=\"Written by\" \/>\n\t<meta name=\"twitter:data1\" content=\"admin\" \/>\n\t<meta name=\"twitter:label2\" content=\"Est. reading time\" \/>\n\t<meta name=\"twitter:data2\" content=\"4 minutes\" \/>\n<script type=\"application\/ld+json\" class=\"yoast-schema-graph\">{\"@context\":\"https:\\\/\\\/schema.org\",\"@graph\":[{\"@type\":\"Article\",\"@id\":\"https:\\\/\\\/fjala.info\\\/2009-2015\\\/claudio-magris-poezia-shkenca-ekzakte-e-se-tashmes\\\/#article\",\"isPartOf\":{\"@id\":\"https:\\\/\\\/fjala.info\\\/2009-2015\\\/claudio-magris-poezia-shkenca-ekzakte-e-se-tashmes\\\/\"},\"author\":{\"name\":\"admin\",\"@id\":\"https:\\\/\\\/fjala.info\\\/2009-2015\\\/#\\\/schema\\\/person\\\/3aa1163ef05469c496fc94e77611ada2\"},\"headline\":\"Claudio Magris &#8211; Poezia, shkenca ekzakte e s\u00eb tashmes\",\"datePublished\":\"2012-01-04T20:53:17+00:00\",\"mainEntityOfPage\":{\"@id\":\"https:\\\/\\\/fjala.info\\\/2009-2015\\\/claudio-magris-poezia-shkenca-ekzakte-e-se-tashmes\\\/\"},\"wordCount\":850,\"commentCount\":0,\"publisher\":{\"@id\":\"https:\\\/\\\/fjala.info\\\/2009-2015\\\/#organization\"},\"image\":{\"@id\":\"https:\\\/\\\/fjala.info\\\/2009-2015\\\/claudio-magris-poezia-shkenca-ekzakte-e-se-tashmes\\\/#primaryimage\"},\"thumbnailUrl\":\"http:\\\/\\\/www.shkoder.net\\\/images\\\/fjala\\\/2011\\\/arjan_kallco.jpg\",\"articleSection\":[\"Artikuj\",\"Let\u00ebrsi\",\"Poezi\"],\"inLanguage\":\"sq-AL\",\"potentialAction\":[{\"@type\":\"CommentAction\",\"name\":\"Comment\",\"target\":[\"https:\\\/\\\/fjala.info\\\/2009-2015\\\/claudio-magris-poezia-shkenca-ekzakte-e-se-tashmes\\\/#respond\"]}]},{\"@type\":\"WebPage\",\"@id\":\"https:\\\/\\\/fjala.info\\\/2009-2015\\\/claudio-magris-poezia-shkenca-ekzakte-e-se-tashmes\\\/\",\"url\":\"https:\\\/\\\/fjala.info\\\/2009-2015\\\/claudio-magris-poezia-shkenca-ekzakte-e-se-tashmes\\\/\",\"name\":\"Claudio Magris - Poezia, shkenca ekzakte e s\u00eb tashmes - FjALA e LIR\u00cb - Arkivi\",\"isPartOf\":{\"@id\":\"https:\\\/\\\/fjala.info\\\/2009-2015\\\/#website\"},\"primaryImageOfPage\":{\"@id\":\"https:\\\/\\\/fjala.info\\\/2009-2015\\\/claudio-magris-poezia-shkenca-ekzakte-e-se-tashmes\\\/#primaryimage\"},\"image\":{\"@id\":\"https:\\\/\\\/fjala.info\\\/2009-2015\\\/claudio-magris-poezia-shkenca-ekzakte-e-se-tashmes\\\/#primaryimage\"},\"thumbnailUrl\":\"http:\\\/\\\/www.shkoder.net\\\/images\\\/fjala\\\/2011\\\/arjan_kallco.jpg\",\"datePublished\":\"2012-01-04T20:53:17+00:00\",\"breadcrumb\":{\"@id\":\"https:\\\/\\\/fjala.info\\\/2009-2015\\\/claudio-magris-poezia-shkenca-ekzakte-e-se-tashmes\\\/#breadcrumb\"},\"inLanguage\":\"sq-AL\",\"potentialAction\":[{\"@type\":\"ReadAction\",\"target\":[\"https:\\\/\\\/fjala.info\\\/2009-2015\\\/claudio-magris-poezia-shkenca-ekzakte-e-se-tashmes\\\/\"]}]},{\"@type\":\"ImageObject\",\"inLanguage\":\"sq-AL\",\"@id\":\"https:\\\/\\\/fjala.info\\\/2009-2015\\\/claudio-magris-poezia-shkenca-ekzakte-e-se-tashmes\\\/#primaryimage\",\"url\":\"http:\\\/\\\/www.shkoder.net\\\/images\\\/fjala\\\/2011\\\/arjan_kallco.jpg\",\"contentUrl\":\"http:\\\/\\\/www.shkoder.net\\\/images\\\/fjala\\\/2011\\\/arjan_kallco.jpg\"},{\"@type\":\"BreadcrumbList\",\"@id\":\"https:\\\/\\\/fjala.info\\\/2009-2015\\\/claudio-magris-poezia-shkenca-ekzakte-e-se-tashmes\\\/#breadcrumb\",\"itemListElement\":[{\"@type\":\"ListItem\",\"position\":1,\"name\":\"Home\",\"item\":\"https:\\\/\\\/fjala.info\\\/2009-2015\\\/\"},{\"@type\":\"ListItem\",\"position\":2,\"name\":\"Claudio Magris &#8211; Poezia, shkenca ekzakte e s\u00eb tashmes\"}]},{\"@type\":\"WebSite\",\"@id\":\"https:\\\/\\\/fjala.info\\\/2009-2015\\\/#website\",\"url\":\"https:\\\/\\\/fjala.info\\\/2009-2015\\\/\",\"name\":\"FjALA e LIR\u00cb - Arkivi\",\"description\":\"Arkivi 2009-2015\",\"publisher\":{\"@id\":\"https:\\\/\\\/fjala.info\\\/2009-2015\\\/#organization\"},\"potentialAction\":[{\"@type\":\"SearchAction\",\"target\":{\"@type\":\"EntryPoint\",\"urlTemplate\":\"https:\\\/\\\/fjala.info\\\/2009-2015\\\/?s={search_term_string}\"},\"query-input\":{\"@type\":\"PropertyValueSpecification\",\"valueRequired\":true,\"valueName\":\"search_term_string\"}}],\"inLanguage\":\"sq-AL\"},{\"@type\":\"Organization\",\"@id\":\"https:\\\/\\\/fjala.info\\\/2009-2015\\\/#organization\",\"name\":\"FjALA e LIR\u00cb - Arkivi\",\"url\":\"https:\\\/\\\/fjala.info\\\/2009-2015\\\/\",\"logo\":{\"@type\":\"ImageObject\",\"inLanguage\":\"sq-AL\",\"@id\":\"https:\\\/\\\/fjala.info\\\/2009-2015\\\/#\\\/schema\\\/logo\\\/image\\\/\",\"url\":\"\",\"contentUrl\":\"\",\"caption\":\"FjALA e LIR\u00cb - Arkivi\"},\"image\":{\"@id\":\"https:\\\/\\\/fjala.info\\\/2009-2015\\\/#\\\/schema\\\/logo\\\/image\\\/\"}},{\"@type\":\"Person\",\"@id\":\"https:\\\/\\\/fjala.info\\\/2009-2015\\\/#\\\/schema\\\/person\\\/3aa1163ef05469c496fc94e77611ada2\",\"name\":\"admin\",\"image\":{\"@type\":\"ImageObject\",\"inLanguage\":\"sq-AL\",\"@id\":\"https:\\\/\\\/fjala.info\\\/2009-2015\\\/wp-content\\\/uploads\\\/2012\\\/02\\\/arben_cokaj-120x150.jpg\",\"url\":\"https:\\\/\\\/fjala.info\\\/2009-2015\\\/wp-content\\\/uploads\\\/2012\\\/02\\\/arben_cokaj-120x150.jpg\",\"contentUrl\":\"https:\\\/\\\/fjala.info\\\/2009-2015\\\/wp-content\\\/uploads\\\/2012\\\/02\\\/arben_cokaj-120x150.jpg\",\"caption\":\"admin\"},\"description\":\"Admin, Fjala e Lir\u00eb\",\"sameAs\":[\"https:\\\/\\\/fjala.info\\\/\"],\"url\":\"https:\\\/\\\/fjala.info\\\/2009-2015\\\/author\\\/admin\\\/\"}]}<\/script>\n<!-- \/ Yoast SEO plugin. -->","yoast_head_json":{"title":"Claudio Magris - Poezia, shkenca ekzakte e s\u00eb tashmes - FjALA e LIR\u00cb - Arkivi","robots":{"index":"index","follow":"follow","max-snippet":"max-snippet:-1","max-image-preview":"max-image-preview:large","max-video-preview":"max-video-preview:-1"},"canonical":"https:\/\/fjala.info\/2009-2015\/claudio-magris-poezia-shkenca-ekzakte-e-se-tashmes\/","og_locale":"sq_AL","og_type":"article","og_title":"Claudio Magris - Poezia, shkenca ekzakte e s\u00eb tashmes - FjALA e LIR\u00cb - Arkivi","og_description":"Vargjet nuk jan\u00eb nj\u00eb arrtisje, por nj\u00eb kredhje tek realiteti Poezia shkruan Floberti, \u00ebsht\u00eb nj\u00eb shkenc\u00eb e sakt\u00eb si gjeometria. T\u00eb botosh nj\u00eb kolan\u00eb me poezi, p\u00ebr nj\u00eb gzet\u00eb t\u00eb madhe, nuk do t\u00eb thot\u00eb t\u00eb vendos\u00ebsh nj\u00eb tr\u00ebndafil mbi nj\u00eb cop\u00eb ku derdhen ngjarjet e p\u00ebrgjakshme, t\u00eb p\u00ebrbaltura, t\u00eb eksituara dhe t\u00eb ankthshme t\u00eb [&hellip;]","og_url":"https:\/\/fjala.info\/2009-2015\/claudio-magris-poezia-shkenca-ekzakte-e-se-tashmes\/","og_site_name":"FjALA e LIR\u00cb - Arkivi","article_published_time":"2012-01-04T20:53:17+00:00","og_image":[{"url":"http:\/\/www.shkoder.net\/images\/fjala\/2011\/arjan_kallco.jpg","type":"","width":"","height":""}],"author":"admin","twitter_card":"summary_large_image","twitter_misc":{"Written by":"admin","Est. reading time":"4 minutes"},"schema":{"@context":"https:\/\/schema.org","@graph":[{"@type":"Article","@id":"https:\/\/fjala.info\/2009-2015\/claudio-magris-poezia-shkenca-ekzakte-e-se-tashmes\/#article","isPartOf":{"@id":"https:\/\/fjala.info\/2009-2015\/claudio-magris-poezia-shkenca-ekzakte-e-se-tashmes\/"},"author":{"name":"admin","@id":"https:\/\/fjala.info\/2009-2015\/#\/schema\/person\/3aa1163ef05469c496fc94e77611ada2"},"headline":"Claudio Magris &#8211; Poezia, shkenca ekzakte e s\u00eb tashmes","datePublished":"2012-01-04T20:53:17+00:00","mainEntityOfPage":{"@id":"https:\/\/fjala.info\/2009-2015\/claudio-magris-poezia-shkenca-ekzakte-e-se-tashmes\/"},"wordCount":850,"commentCount":0,"publisher":{"@id":"https:\/\/fjala.info\/2009-2015\/#organization"},"image":{"@id":"https:\/\/fjala.info\/2009-2015\/claudio-magris-poezia-shkenca-ekzakte-e-se-tashmes\/#primaryimage"},"thumbnailUrl":"http:\/\/www.shkoder.net\/images\/fjala\/2011\/arjan_kallco.jpg","articleSection":["Artikuj","Let\u00ebrsi","Poezi"],"inLanguage":"sq-AL","potentialAction":[{"@type":"CommentAction","name":"Comment","target":["https:\/\/fjala.info\/2009-2015\/claudio-magris-poezia-shkenca-ekzakte-e-se-tashmes\/#respond"]}]},{"@type":"WebPage","@id":"https:\/\/fjala.info\/2009-2015\/claudio-magris-poezia-shkenca-ekzakte-e-se-tashmes\/","url":"https:\/\/fjala.info\/2009-2015\/claudio-magris-poezia-shkenca-ekzakte-e-se-tashmes\/","name":"Claudio Magris - Poezia, shkenca ekzakte e s\u00eb tashmes - FjALA e LIR\u00cb - Arkivi","isPartOf":{"@id":"https:\/\/fjala.info\/2009-2015\/#website"},"primaryImageOfPage":{"@id":"https:\/\/fjala.info\/2009-2015\/claudio-magris-poezia-shkenca-ekzakte-e-se-tashmes\/#primaryimage"},"image":{"@id":"https:\/\/fjala.info\/2009-2015\/claudio-magris-poezia-shkenca-ekzakte-e-se-tashmes\/#primaryimage"},"thumbnailUrl":"http:\/\/www.shkoder.net\/images\/fjala\/2011\/arjan_kallco.jpg","datePublished":"2012-01-04T20:53:17+00:00","breadcrumb":{"@id":"https:\/\/fjala.info\/2009-2015\/claudio-magris-poezia-shkenca-ekzakte-e-se-tashmes\/#breadcrumb"},"inLanguage":"sq-AL","potentialAction":[{"@type":"ReadAction","target":["https:\/\/fjala.info\/2009-2015\/claudio-magris-poezia-shkenca-ekzakte-e-se-tashmes\/"]}]},{"@type":"ImageObject","inLanguage":"sq-AL","@id":"https:\/\/fjala.info\/2009-2015\/claudio-magris-poezia-shkenca-ekzakte-e-se-tashmes\/#primaryimage","url":"http:\/\/www.shkoder.net\/images\/fjala\/2011\/arjan_kallco.jpg","contentUrl":"http:\/\/www.shkoder.net\/images\/fjala\/2011\/arjan_kallco.jpg"},{"@type":"BreadcrumbList","@id":"https:\/\/fjala.info\/2009-2015\/claudio-magris-poezia-shkenca-ekzakte-e-se-tashmes\/#breadcrumb","itemListElement":[{"@type":"ListItem","position":1,"name":"Home","item":"https:\/\/fjala.info\/2009-2015\/"},{"@type":"ListItem","position":2,"name":"Claudio Magris &#8211; Poezia, shkenca ekzakte e s\u00eb tashmes"}]},{"@type":"WebSite","@id":"https:\/\/fjala.info\/2009-2015\/#website","url":"https:\/\/fjala.info\/2009-2015\/","name":"FjALA e LIR\u00cb - Arkivi","description":"Arkivi 2009-2015","publisher":{"@id":"https:\/\/fjala.info\/2009-2015\/#organization"},"potentialAction":[{"@type":"SearchAction","target":{"@type":"EntryPoint","urlTemplate":"https:\/\/fjala.info\/2009-2015\/?s={search_term_string}"},"query-input":{"@type":"PropertyValueSpecification","valueRequired":true,"valueName":"search_term_string"}}],"inLanguage":"sq-AL"},{"@type":"Organization","@id":"https:\/\/fjala.info\/2009-2015\/#organization","name":"FjALA e LIR\u00cb - Arkivi","url":"https:\/\/fjala.info\/2009-2015\/","logo":{"@type":"ImageObject","inLanguage":"sq-AL","@id":"https:\/\/fjala.info\/2009-2015\/#\/schema\/logo\/image\/","url":"","contentUrl":"","caption":"FjALA e LIR\u00cb - Arkivi"},"image":{"@id":"https:\/\/fjala.info\/2009-2015\/#\/schema\/logo\/image\/"}},{"@type":"Person","@id":"https:\/\/fjala.info\/2009-2015\/#\/schema\/person\/3aa1163ef05469c496fc94e77611ada2","name":"admin","image":{"@type":"ImageObject","inLanguage":"sq-AL","@id":"https:\/\/fjala.info\/2009-2015\/wp-content\/uploads\/2012\/02\/arben_cokaj-120x150.jpg","url":"https:\/\/fjala.info\/2009-2015\/wp-content\/uploads\/2012\/02\/arben_cokaj-120x150.jpg","contentUrl":"https:\/\/fjala.info\/2009-2015\/wp-content\/uploads\/2012\/02\/arben_cokaj-120x150.jpg","caption":"admin"},"description":"Admin, Fjala e Lir\u00eb","sameAs":["https:\/\/fjala.info\/"],"url":"https:\/\/fjala.info\/2009-2015\/author\/admin\/"}]}},"_links":{"self":[{"href":"https:\/\/fjala.info\/2009-2015\/wp-json\/wp\/v2\/posts\/11574","targetHints":{"allow":["GET"]}}],"collection":[{"href":"https:\/\/fjala.info\/2009-2015\/wp-json\/wp\/v2\/posts"}],"about":[{"href":"https:\/\/fjala.info\/2009-2015\/wp-json\/wp\/v2\/types\/post"}],"author":[{"embeddable":true,"href":"https:\/\/fjala.info\/2009-2015\/wp-json\/wp\/v2\/users\/1"}],"replies":[{"embeddable":true,"href":"https:\/\/fjala.info\/2009-2015\/wp-json\/wp\/v2\/comments?post=11574"}],"version-history":[{"count":0,"href":"https:\/\/fjala.info\/2009-2015\/wp-json\/wp\/v2\/posts\/11574\/revisions"}],"wp:attachment":[{"href":"https:\/\/fjala.info\/2009-2015\/wp-json\/wp\/v2\/media?parent=11574"}],"wp:term":[{"taxonomy":"category","embeddable":true,"href":"https:\/\/fjala.info\/2009-2015\/wp-json\/wp\/v2\/categories?post=11574"},{"taxonomy":"post_tag","embeddable":true,"href":"https:\/\/fjala.info\/2009-2015\/wp-json\/wp\/v2\/tags?post=11574"}],"curies":[{"name":"wp","href":"https:\/\/api.w.org\/{rel}","templated":true}]}}