{"id":11573,"date":"2012-01-04T15:48:58","date_gmt":"2012-01-04T14:48:58","guid":{"rendered":"http:\/\/fjala.shkoder.net\/?p=957"},"modified":"2012-01-04T15:48:58","modified_gmt":"2012-01-04T14:48:58","slug":"die-albanische-tradition-der-vermittlung","status":"publish","type":"post","link":"https:\/\/fjala.info\/2009-2015\/die-albanische-tradition-der-vermittlung\/","title":{"rendered":"Die albanische Tradition der Vermittlung"},"content":{"rendered":"<p><img decoding=\"async\" class=\"alignleft size-thumbnail wp-image-7236\" title=\"Zef Ahmeti\" src=\"http:\/\/www.shkoder.net\/2012\/zef_ahmeti.jpg\" alt=\"\" width=\"150\" \/> <em>In der Fachliteratur wird beschrieben, wie Konflikte im alten Griechenland zwischen den Stadtstaaten durch die Vermittlung anderer St\u00e4dte beigelegt wurden. Auch in der Bibel finden sich Ratschl\u00e4ge zur informellen, au\u00dfergerichtlichen Konfliktbeilegung durch Dritte.<\/em><\/p>\n<p>Von <strong>Zef AHMETI<\/strong> (MA)<\/p>\n<p>Die Kirche und die Geistlichen im Mittelalter haben in Europa eine wichtige Rolle in der Frage der Konfliktregulierung innegehabt. Mancherorts ist deren Einfluss heute noch sehr stark. In der Literatur werden sowohl China als auch Japan als Gesellschaften mit einem am weitesten verbreiteten Mediationsgedanken genannt. Auch Volksst\u00e4mme Afrikas werden als Beispiel angef\u00fchrt. Andere Beispiele von Mediationsverfahren wurden in D\u00f6rfern in Jordanien, Lateinamerika und Spanien beobachtet. Im vorliegenden Artikel wird die alte, albanische Vermittlungstradition pr\u00e4sentiert.<\/p>\n<p>Das albanische Gewohnheitsrecht hat seine Wurzeln in der illyrischen Epoche. Mit der Zeit hat es sich neue Elemente, gem\u00e4\u00df den Einfl\u00fcssen der herrschenden M\u00e4chte im albanischsprachigen Raum, angeeignet. Rom und Byzanz, Habsburg, Venedig und Osmanen setzten \u00fcber zwei Jahrtausende nicht nur die machtpolitischen Rahmenbedingungen auf der Balkan-Halbinsel. Sie vermittelten auch die f\u00fcr die Oberschicht estimmenden kulturellen Normen und sie regten jene epochalen, politischgesellschaftlich kulturellen Transformationsprozesse an, in denen sich lokale Varianten eines balkanischen Kulturraums ausbildeten. Auch in der albanischen Gesellschaft verschmelzen abendl\u00e4ndische und byzantinische, europ\u00e4ische und orientalische Kulturelemente. Ihre Auswirkungen werden vor allem in der Volkskultur, in der Volkssprache und in der Volksdichtung, im Brauchtum und in den Rechtsvorstellungen sichtbar.<\/p>\n<p>Im deutschsprachigen Raum wird die Mediation als Mittel verstanden, um in sozialen Konflikten zu vermitteln. Das wird mit verschiedenen Lebensbereichen und Kulturen in Verbindung gebracht. Der Ursprung des Begriffes Mediation liegt eigentlich in der Antike, in der Rechtssph\u00e4re der Griechen, wie auch im Lateinischen.<\/p>\n","protected":false},"excerpt":{"rendered":"<p>In der Fachliteratur wird beschrieben, wie Konflikte im alten Griechenland zwischen den Stadtstaaten durch die Vermittlung anderer St\u00e4dte beigelegt wurden. Auch in der Bibel finden sich Ratschl\u00e4ge zur informellen, au\u00dfergerichtlichen Konfliktbeilegung durch Dritte. Von Zef AHMETI (MA) Die Kirche und die Geistlichen im Mittelalter haben in Europa eine wichtige Rolle in der Frage der Konfliktregulierung [&hellip;]<\/p>\n","protected":false},"author":1,"featured_media":0,"comment_status":"open","ping_status":"closed","sticky":false,"template":"","format":"standard","meta":{"footnotes":""},"categories":[2],"tags":[],"class_list":{"0":"post-11573","1":"post","2":"type-post","3":"status-publish","4":"format-standard","6":"category-artikuj"},"yoast_head":"<!-- This site is optimized with the Yoast SEO plugin v27.4 - https:\/\/yoast.com\/product\/yoast-seo-wordpress\/ -->\n<title>Die albanische Tradition der Vermittlung - FjALA e LIR\u00cb - Arkivi<\/title>\n<meta name=\"robots\" content=\"index, follow, max-snippet:-1, max-image-preview:large, max-video-preview:-1\" \/>\n<link rel=\"canonical\" href=\"https:\/\/fjala.info\/2009-2015\/die-albanische-tradition-der-vermittlung\/\" \/>\n<meta property=\"og:locale\" content=\"sq_AL\" \/>\n<meta property=\"og:type\" content=\"article\" \/>\n<meta property=\"og:title\" content=\"Die albanische Tradition der Vermittlung - FjALA e LIR\u00cb - Arkivi\" \/>\n<meta property=\"og:description\" content=\"In der Fachliteratur wird beschrieben, wie Konflikte im alten Griechenland zwischen den Stadtstaaten durch die Vermittlung anderer St\u00e4dte beigelegt wurden. Auch in der Bibel finden sich Ratschl\u00e4ge zur informellen, au\u00dfergerichtlichen Konfliktbeilegung durch Dritte. Von Zef AHMETI (MA) Die Kirche und die Geistlichen im Mittelalter haben in Europa eine wichtige Rolle in der Frage der Konfliktregulierung [&hellip;]\" \/>\n<meta property=\"og:url\" content=\"https:\/\/fjala.info\/2009-2015\/die-albanische-tradition-der-vermittlung\/\" \/>\n<meta property=\"og:site_name\" content=\"FjALA e LIR\u00cb - Arkivi\" \/>\n<meta property=\"article:published_time\" content=\"2012-01-04T14:48:58+00:00\" \/>\n<meta property=\"og:image\" content=\"http:\/\/www.shkoder.net\/2012\/zef_ahmeti.jpg\" \/>\n<meta name=\"author\" content=\"admin\" \/>\n<meta name=\"twitter:card\" content=\"summary_large_image\" \/>\n<meta name=\"twitter:label1\" content=\"Written by\" \/>\n\t<meta name=\"twitter:data1\" content=\"admin\" \/>\n\t<meta name=\"twitter:label2\" content=\"Est. reading time\" \/>\n\t<meta name=\"twitter:data2\" content=\"1 minute\" \/>\n<script type=\"application\/ld+json\" class=\"yoast-schema-graph\">{\"@context\":\"https:\\\/\\\/schema.org\",\"@graph\":[{\"@type\":\"Article\",\"@id\":\"https:\\\/\\\/fjala.info\\\/2009-2015\\\/die-albanische-tradition-der-vermittlung\\\/#article\",\"isPartOf\":{\"@id\":\"https:\\\/\\\/fjala.info\\\/2009-2015\\\/die-albanische-tradition-der-vermittlung\\\/\"},\"author\":{\"name\":\"admin\",\"@id\":\"https:\\\/\\\/fjala.info\\\/2009-2015\\\/#\\\/schema\\\/person\\\/3aa1163ef05469c496fc94e77611ada2\"},\"headline\":\"Die albanische Tradition der Vermittlung\",\"datePublished\":\"2012-01-04T14:48:58+00:00\",\"mainEntityOfPage\":{\"@id\":\"https:\\\/\\\/fjala.info\\\/2009-2015\\\/die-albanische-tradition-der-vermittlung\\\/\"},\"wordCount\":283,\"commentCount\":0,\"publisher\":{\"@id\":\"https:\\\/\\\/fjala.info\\\/2009-2015\\\/#organization\"},\"image\":{\"@id\":\"https:\\\/\\\/fjala.info\\\/2009-2015\\\/die-albanische-tradition-der-vermittlung\\\/#primaryimage\"},\"thumbnailUrl\":\"http:\\\/\\\/www.shkoder.net\\\/2012\\\/zef_ahmeti.jpg\",\"articleSection\":[\"Artikuj\"],\"inLanguage\":\"sq-AL\",\"potentialAction\":[{\"@type\":\"CommentAction\",\"name\":\"Comment\",\"target\":[\"https:\\\/\\\/fjala.info\\\/2009-2015\\\/die-albanische-tradition-der-vermittlung\\\/#respond\"]}]},{\"@type\":\"WebPage\",\"@id\":\"https:\\\/\\\/fjala.info\\\/2009-2015\\\/die-albanische-tradition-der-vermittlung\\\/\",\"url\":\"https:\\\/\\\/fjala.info\\\/2009-2015\\\/die-albanische-tradition-der-vermittlung\\\/\",\"name\":\"Die albanische Tradition der Vermittlung - FjALA e LIR\u00cb - Arkivi\",\"isPartOf\":{\"@id\":\"https:\\\/\\\/fjala.info\\\/2009-2015\\\/#website\"},\"primaryImageOfPage\":{\"@id\":\"https:\\\/\\\/fjala.info\\\/2009-2015\\\/die-albanische-tradition-der-vermittlung\\\/#primaryimage\"},\"image\":{\"@id\":\"https:\\\/\\\/fjala.info\\\/2009-2015\\\/die-albanische-tradition-der-vermittlung\\\/#primaryimage\"},\"thumbnailUrl\":\"http:\\\/\\\/www.shkoder.net\\\/2012\\\/zef_ahmeti.jpg\",\"datePublished\":\"2012-01-04T14:48:58+00:00\",\"breadcrumb\":{\"@id\":\"https:\\\/\\\/fjala.info\\\/2009-2015\\\/die-albanische-tradition-der-vermittlung\\\/#breadcrumb\"},\"inLanguage\":\"sq-AL\",\"potentialAction\":[{\"@type\":\"ReadAction\",\"target\":[\"https:\\\/\\\/fjala.info\\\/2009-2015\\\/die-albanische-tradition-der-vermittlung\\\/\"]}]},{\"@type\":\"ImageObject\",\"inLanguage\":\"sq-AL\",\"@id\":\"https:\\\/\\\/fjala.info\\\/2009-2015\\\/die-albanische-tradition-der-vermittlung\\\/#primaryimage\",\"url\":\"http:\\\/\\\/www.shkoder.net\\\/2012\\\/zef_ahmeti.jpg\",\"contentUrl\":\"http:\\\/\\\/www.shkoder.net\\\/2012\\\/zef_ahmeti.jpg\"},{\"@type\":\"BreadcrumbList\",\"@id\":\"https:\\\/\\\/fjala.info\\\/2009-2015\\\/die-albanische-tradition-der-vermittlung\\\/#breadcrumb\",\"itemListElement\":[{\"@type\":\"ListItem\",\"position\":1,\"name\":\"Home\",\"item\":\"https:\\\/\\\/fjala.info\\\/2009-2015\\\/\"},{\"@type\":\"ListItem\",\"position\":2,\"name\":\"Die albanische Tradition der Vermittlung\"}]},{\"@type\":\"WebSite\",\"@id\":\"https:\\\/\\\/fjala.info\\\/2009-2015\\\/#website\",\"url\":\"https:\\\/\\\/fjala.info\\\/2009-2015\\\/\",\"name\":\"FjALA e LIR\u00cb - Arkivi\",\"description\":\"Arkivi 2009-2015\",\"publisher\":{\"@id\":\"https:\\\/\\\/fjala.info\\\/2009-2015\\\/#organization\"},\"potentialAction\":[{\"@type\":\"SearchAction\",\"target\":{\"@type\":\"EntryPoint\",\"urlTemplate\":\"https:\\\/\\\/fjala.info\\\/2009-2015\\\/?s={search_term_string}\"},\"query-input\":{\"@type\":\"PropertyValueSpecification\",\"valueRequired\":true,\"valueName\":\"search_term_string\"}}],\"inLanguage\":\"sq-AL\"},{\"@type\":\"Organization\",\"@id\":\"https:\\\/\\\/fjala.info\\\/2009-2015\\\/#organization\",\"name\":\"FjALA e LIR\u00cb - Arkivi\",\"url\":\"https:\\\/\\\/fjala.info\\\/2009-2015\\\/\",\"logo\":{\"@type\":\"ImageObject\",\"inLanguage\":\"sq-AL\",\"@id\":\"https:\\\/\\\/fjala.info\\\/2009-2015\\\/#\\\/schema\\\/logo\\\/image\\\/\",\"url\":\"\",\"contentUrl\":\"\",\"caption\":\"FjALA e LIR\u00cb - Arkivi\"},\"image\":{\"@id\":\"https:\\\/\\\/fjala.info\\\/2009-2015\\\/#\\\/schema\\\/logo\\\/image\\\/\"}},{\"@type\":\"Person\",\"@id\":\"https:\\\/\\\/fjala.info\\\/2009-2015\\\/#\\\/schema\\\/person\\\/3aa1163ef05469c496fc94e77611ada2\",\"name\":\"admin\",\"image\":{\"@type\":\"ImageObject\",\"inLanguage\":\"sq-AL\",\"@id\":\"https:\\\/\\\/fjala.info\\\/2009-2015\\\/wp-content\\\/uploads\\\/2012\\\/02\\\/arben_cokaj-120x150.jpg\",\"url\":\"https:\\\/\\\/fjala.info\\\/2009-2015\\\/wp-content\\\/uploads\\\/2012\\\/02\\\/arben_cokaj-120x150.jpg\",\"contentUrl\":\"https:\\\/\\\/fjala.info\\\/2009-2015\\\/wp-content\\\/uploads\\\/2012\\\/02\\\/arben_cokaj-120x150.jpg\",\"caption\":\"admin\"},\"description\":\"Admin, Fjala e Lir\u00eb\",\"sameAs\":[\"https:\\\/\\\/fjala.info\\\/\"],\"url\":\"https:\\\/\\\/fjala.info\\\/2009-2015\\\/author\\\/admin\\\/\"}]}<\/script>\n<!-- \/ Yoast SEO plugin. -->","yoast_head_json":{"title":"Die albanische Tradition der Vermittlung - FjALA e LIR\u00cb - Arkivi","robots":{"index":"index","follow":"follow","max-snippet":"max-snippet:-1","max-image-preview":"max-image-preview:large","max-video-preview":"max-video-preview:-1"},"canonical":"https:\/\/fjala.info\/2009-2015\/die-albanische-tradition-der-vermittlung\/","og_locale":"sq_AL","og_type":"article","og_title":"Die albanische Tradition der Vermittlung - FjALA e LIR\u00cb - Arkivi","og_description":"In der Fachliteratur wird beschrieben, wie Konflikte im alten Griechenland zwischen den Stadtstaaten durch die Vermittlung anderer St\u00e4dte beigelegt wurden. Auch in der Bibel finden sich Ratschl\u00e4ge zur informellen, au\u00dfergerichtlichen Konfliktbeilegung durch Dritte. Von Zef AHMETI (MA) Die Kirche und die Geistlichen im Mittelalter haben in Europa eine wichtige Rolle in der Frage der Konfliktregulierung [&hellip;]","og_url":"https:\/\/fjala.info\/2009-2015\/die-albanische-tradition-der-vermittlung\/","og_site_name":"FjALA e LIR\u00cb - Arkivi","article_published_time":"2012-01-04T14:48:58+00:00","og_image":[{"url":"http:\/\/www.shkoder.net\/2012\/zef_ahmeti.jpg","type":"","width":"","height":""}],"author":"admin","twitter_card":"summary_large_image","twitter_misc":{"Written by":"admin","Est. reading time":"1 minute"},"schema":{"@context":"https:\/\/schema.org","@graph":[{"@type":"Article","@id":"https:\/\/fjala.info\/2009-2015\/die-albanische-tradition-der-vermittlung\/#article","isPartOf":{"@id":"https:\/\/fjala.info\/2009-2015\/die-albanische-tradition-der-vermittlung\/"},"author":{"name":"admin","@id":"https:\/\/fjala.info\/2009-2015\/#\/schema\/person\/3aa1163ef05469c496fc94e77611ada2"},"headline":"Die albanische Tradition der Vermittlung","datePublished":"2012-01-04T14:48:58+00:00","mainEntityOfPage":{"@id":"https:\/\/fjala.info\/2009-2015\/die-albanische-tradition-der-vermittlung\/"},"wordCount":283,"commentCount":0,"publisher":{"@id":"https:\/\/fjala.info\/2009-2015\/#organization"},"image":{"@id":"https:\/\/fjala.info\/2009-2015\/die-albanische-tradition-der-vermittlung\/#primaryimage"},"thumbnailUrl":"http:\/\/www.shkoder.net\/2012\/zef_ahmeti.jpg","articleSection":["Artikuj"],"inLanguage":"sq-AL","potentialAction":[{"@type":"CommentAction","name":"Comment","target":["https:\/\/fjala.info\/2009-2015\/die-albanische-tradition-der-vermittlung\/#respond"]}]},{"@type":"WebPage","@id":"https:\/\/fjala.info\/2009-2015\/die-albanische-tradition-der-vermittlung\/","url":"https:\/\/fjala.info\/2009-2015\/die-albanische-tradition-der-vermittlung\/","name":"Die albanische Tradition der Vermittlung - FjALA e LIR\u00cb - Arkivi","isPartOf":{"@id":"https:\/\/fjala.info\/2009-2015\/#website"},"primaryImageOfPage":{"@id":"https:\/\/fjala.info\/2009-2015\/die-albanische-tradition-der-vermittlung\/#primaryimage"},"image":{"@id":"https:\/\/fjala.info\/2009-2015\/die-albanische-tradition-der-vermittlung\/#primaryimage"},"thumbnailUrl":"http:\/\/www.shkoder.net\/2012\/zef_ahmeti.jpg","datePublished":"2012-01-04T14:48:58+00:00","breadcrumb":{"@id":"https:\/\/fjala.info\/2009-2015\/die-albanische-tradition-der-vermittlung\/#breadcrumb"},"inLanguage":"sq-AL","potentialAction":[{"@type":"ReadAction","target":["https:\/\/fjala.info\/2009-2015\/die-albanische-tradition-der-vermittlung\/"]}]},{"@type":"ImageObject","inLanguage":"sq-AL","@id":"https:\/\/fjala.info\/2009-2015\/die-albanische-tradition-der-vermittlung\/#primaryimage","url":"http:\/\/www.shkoder.net\/2012\/zef_ahmeti.jpg","contentUrl":"http:\/\/www.shkoder.net\/2012\/zef_ahmeti.jpg"},{"@type":"BreadcrumbList","@id":"https:\/\/fjala.info\/2009-2015\/die-albanische-tradition-der-vermittlung\/#breadcrumb","itemListElement":[{"@type":"ListItem","position":1,"name":"Home","item":"https:\/\/fjala.info\/2009-2015\/"},{"@type":"ListItem","position":2,"name":"Die albanische Tradition der Vermittlung"}]},{"@type":"WebSite","@id":"https:\/\/fjala.info\/2009-2015\/#website","url":"https:\/\/fjala.info\/2009-2015\/","name":"FjALA e LIR\u00cb - Arkivi","description":"Arkivi 2009-2015","publisher":{"@id":"https:\/\/fjala.info\/2009-2015\/#organization"},"potentialAction":[{"@type":"SearchAction","target":{"@type":"EntryPoint","urlTemplate":"https:\/\/fjala.info\/2009-2015\/?s={search_term_string}"},"query-input":{"@type":"PropertyValueSpecification","valueRequired":true,"valueName":"search_term_string"}}],"inLanguage":"sq-AL"},{"@type":"Organization","@id":"https:\/\/fjala.info\/2009-2015\/#organization","name":"FjALA e LIR\u00cb - Arkivi","url":"https:\/\/fjala.info\/2009-2015\/","logo":{"@type":"ImageObject","inLanguage":"sq-AL","@id":"https:\/\/fjala.info\/2009-2015\/#\/schema\/logo\/image\/","url":"","contentUrl":"","caption":"FjALA e LIR\u00cb - Arkivi"},"image":{"@id":"https:\/\/fjala.info\/2009-2015\/#\/schema\/logo\/image\/"}},{"@type":"Person","@id":"https:\/\/fjala.info\/2009-2015\/#\/schema\/person\/3aa1163ef05469c496fc94e77611ada2","name":"admin","image":{"@type":"ImageObject","inLanguage":"sq-AL","@id":"https:\/\/fjala.info\/2009-2015\/wp-content\/uploads\/2012\/02\/arben_cokaj-120x150.jpg","url":"https:\/\/fjala.info\/2009-2015\/wp-content\/uploads\/2012\/02\/arben_cokaj-120x150.jpg","contentUrl":"https:\/\/fjala.info\/2009-2015\/wp-content\/uploads\/2012\/02\/arben_cokaj-120x150.jpg","caption":"admin"},"description":"Admin, Fjala e Lir\u00eb","sameAs":["https:\/\/fjala.info\/"],"url":"https:\/\/fjala.info\/2009-2015\/author\/admin\/"}]}},"_links":{"self":[{"href":"https:\/\/fjala.info\/2009-2015\/wp-json\/wp\/v2\/posts\/11573","targetHints":{"allow":["GET"]}}],"collection":[{"href":"https:\/\/fjala.info\/2009-2015\/wp-json\/wp\/v2\/posts"}],"about":[{"href":"https:\/\/fjala.info\/2009-2015\/wp-json\/wp\/v2\/types\/post"}],"author":[{"embeddable":true,"href":"https:\/\/fjala.info\/2009-2015\/wp-json\/wp\/v2\/users\/1"}],"replies":[{"embeddable":true,"href":"https:\/\/fjala.info\/2009-2015\/wp-json\/wp\/v2\/comments?post=11573"}],"version-history":[{"count":0,"href":"https:\/\/fjala.info\/2009-2015\/wp-json\/wp\/v2\/posts\/11573\/revisions"}],"wp:attachment":[{"href":"https:\/\/fjala.info\/2009-2015\/wp-json\/wp\/v2\/media?parent=11573"}],"wp:term":[{"taxonomy":"category","embeddable":true,"href":"https:\/\/fjala.info\/2009-2015\/wp-json\/wp\/v2\/categories?post=11573"},{"taxonomy":"post_tag","embeddable":true,"href":"https:\/\/fjala.info\/2009-2015\/wp-json\/wp\/v2\/tags?post=11573"}],"curies":[{"name":"wp","href":"https:\/\/api.w.org\/{rel}","templated":true}]}}