{"id":11572,"date":"2012-01-02T11:51:17","date_gmt":"2012-01-02T10:51:17","guid":{"rendered":"http:\/\/fjala.shkoder.net\/?p=940"},"modified":"2012-01-02T11:51:17","modified_gmt":"2012-01-02T10:51:17","slug":"shenime-te-fundvitit","status":"publish","type":"post","link":"https:\/\/fjala.info\/2009-2015\/shenime-te-fundvitit\/","title":{"rendered":"Sh\u00ebnime t\u00eb fundvitit"},"content":{"rendered":"<p><img decoding=\"async\" class=\"alignright size-thumbnail wp-image-7236\" title=\"P\u00ebllumb Kulla\" src=\"http:\/\/www.shkoder.net\/images\/fjala\/pellumb_kulla.jpg\" alt=\"\" width=\"150\" \/> <strong>P\u00ebllumb Kulla<\/strong>, <em>2 Janar 2012<\/em><\/p>\n<p>Nj\u00eb katundar zbriti n\u00eb Tiran\u00eb dhe pyeti se si mund t\u00eb b\u00ebhej milioner. I than\u00eb q\u00eb b\u00ebhej ashtu, po t\u00eb merrej me politik\u00eb. Katundari pyeti se \u00e7far\u00eb ishte politika. I than\u00eb q\u00eb \u00ebsht\u00eb nj\u00eb zanat q\u00eb ushtrohet duke u kujdesur p\u00ebr fatet e kombit.<br \/>\nU b\u00ebn\u00eb pes\u00ebmb\u00ebdhjet\u00eb vjet tani, q\u00eb katundari kujdeset pa pushim p\u00ebr fatet e kombit!<\/p>\n<p style=\"text-align: center;\">* * *<\/p>\n<p>Amerikan\u00ebt na m\u00ebsojn\u00eb edhe se si kursehet koha. Ata p\u00ebrdorin shum\u00eb g\u00ebrmat e para n\u00eb vend t\u00eb emrit t\u00eb plot\u00eb. Psh, thon\u00eb JFK, n\u00eb vend t\u00eb John Fitzgerald Kennedy. Pastaj p\u00ebrdorin CNN, FBI, CIA e shum\u00eb iniciale t\u00eb tjer\u00eb, q\u00eb ata i quajn\u00eb akronime. P\u00ebr drejtues automjetesh t\u00eb dehur sh\u00ebnojn\u00eb statusin DWI (Driving While Intoxicated). Dhe, ja, me an\u00ebn e k\u00ebtyre akronimeve, me 10-12 g\u00ebrma, ata mund t\u00eb t\u00eb tregojn\u00eb nj\u00eb histori t\u00eb t\u00ebr\u00eb, si kjo:<br \/>\n\u201cCNN tha sot se CIA dhe FBI fshehin nj\u00eb raport t\u00eb vjet\u00ebr policie mbi JFK t\u00eb kapur n\u00eb DWI\u201d<br \/>\nPo t\u00eb futeshin akronimet n\u00eb Shqip\u00ebri, Sali Berish\u00ebs do t\u2019i thoshin SB. Duket si shaka, por a e merrni dot me mend sa tonelata boj\u00eb do t\u00eb kursenin p\u00ebrdit\u00eb gazetat k\u00ebtu?!<\/p>\n<p style=\"text-align: center;\">* * *<\/p>\n<p>Atdheu yn\u00eb sot \u00ebsht\u00eb vendi, ku nj\u00eb turp i kombit jeton me mir\u00eb se ai q\u00eb \u00ebsht\u00eb<br \/>\n\u201cNder i Kombit\u201d<\/p>\n<p style=\"text-align: center;\">* * *<\/p>\n<p>\u201cShtyhet afati p\u00ebr t\u00eb paraqitur dokumentat p\u00ebr d\u00ebmshp\u00ebrblimin e t\u00eb burgosurve politik\u00eb t\u00eb diktatur\u00ebs enveriane, deri n\u00eb 30 qershor t\u00eb vitit 2033\u201d<br \/>\nNga nj\u00eb cop\u00eb gazet\u00eb e shqyer e vitit 2032<\/p>\n<p style=\"text-align: center;\">* * *<\/p>\n<p>Historin\u00eb nuk e b\u00ebjn\u00eb heronjt\u00eb dhe trimat e kombit. At\u00eb gjithnj\u00eb e kan\u00eb b\u00ebr\u00eb historian\u00ebt e Akademis\u00eb s\u00eb Shkencave, q\u00eb paguhen mire p\u00ebr ta b\u00ebr\u00eb at\u00eb.<\/p>\n<p style=\"text-align: center;\">* * *<\/p>\n<p>Dihet mir\u00eb tani, se qendrat m\u00eb t\u00eb r\u00ebnd\u00ebsishme t\u00eb formimit, n\u00eb Shqip\u00ebri, jan\u00eb Instituti i Kultur\u00ebs Sportive dhe Fakultetit i Mjek\u00ebsis\u00eb. Pranimi i student\u00ebve atje, sot, b\u00ebhet me shosh\u00eb t\u00eb holl\u00eb. Tashm\u00eb \u00ebsht\u00eb kuptuar, se student\u00ebt nuk shkojn\u00eb atje p\u00ebr t\u2019u b\u00ebr\u00eb trainer\u00eb, pediat\u00ebr dhe kardiolog\u00eb, por deputet\u00eb, ministra dhe kryeministra.<br \/>\nK\u00ebshtu, pas vitesh fatet e vendit do t\u00eb jen\u00eb n\u00eb dor\u00ebn e mund\u00ebsve!<\/p>\n<p style=\"text-align: center;\">* * *<\/p>\n<p>\u00cbsht\u00eb m\u00eb mir\u00eb kur pun\u00ebt e shtetit i drejtojn\u00eb t\u00eb ngopurit, pasanik\u00ebt. Q\u00eb shtetin ta drejtojn\u00eb pasanik\u00ebt, ka dy rrug\u00eb: ose pasanik\u00ebt t\u00eb b\u00ebhen ministra, ose ministrat t\u00eb b\u00ebhen pasanik\u00eb! N\u00eb vendin ton\u00eb po ndodh kjo e dyta: ministrat po pasurohen! Kot b\u00ebhet gjith\u00eb kjo zhurm\u00eb: vjedhjet tek ne b\u00ebhen me pik\u00ebsynime t\u00eb ndershme.<\/p>\n<p style=\"text-align: center;\">* * *<\/p>\n<p>Nj\u00eb polic p\u00ebr kilomet\u00ebr! E skandalizuar nga numri gjithnj\u00eb n\u00eb rritje i aksidenteve n\u00ebp\u00ebr rrug\u00eb, qeveria shqiptare paska urdh\u00ebruar q\u00eb n\u00eb \u00e7do kilomet\u00ebr t\u00eb vendoset nj\u00eb polic! Nj\u00eb polic n\u00eb \u00e7do kilomet\u00ebr, kjo \u00ebsht\u00eb direktiva q\u00eb publikoi K\u00ebshilli i Ministrave!<br \/>\nA do ta zgjidhin vall\u00eb problemin k\u00ebta polic\u00eb t\u00eb vendosur n\u00eb \u00e7do kilomet\u00ebr? Jo, nuk \u00ebsht\u00eb e sigurt\u00eb. Ajo q\u00eb \u00ebsht\u00eb e sigurt\u00eb \u00ebsht\u00eb nd\u00ebrrimi i gjuh\u00ebs tradicionale t\u00eb popullit. Tani e tutje do t\u00eb d\u00ebgjosh t\u00eb moshuar q\u00eb nxjerin kok\u00ebn nga dritarja e vetur\u00ebs dhe t\u00eb pyesin: \u2013 \u201cEdhe sa polic\u00eb larg, \u00ebsht\u00eb \u00c7orovoda q\u00eb k\u00ebtu, more bir?\u201d Apo, n\u00eb nj\u00eb an\u00eb t\u00eb autostrad\u00ebs, nj\u00eb shef i Policis\u00eb Rrugore t\u2019i ulurij\u00eb nj\u00eb shoferi: -\u201cSi guxon, more maskara, t\u00eb m\u00eb fluturosh me dyqind polic\u00eb n\u00eb or\u00eb?!\u201d Kurse n\u00eb sheshin ku shiten e blihen veturat e vjedhura, do t\u00eb d\u00ebgjosh: \u2013 \u201cTa g\u00ebzosh Benzin e ri! Vet\u00ebm mos harro t\u2019i nd\u00ebrrosh rregullisht vajin, n\u00eb \u00e7do kat\u00ebr mij\u00eb polic\u00eb!\u201d<\/p>\n<p style=\"text-align: center;\">* * *<\/p>\n<p>Shpesh, monark\u00ebt iknin nga maja e shtetit dhe duke fshehur identitetin, shkonin t\u00eb b\u00ebnin pun\u00eb t\u00eb r\u00ebndomta, si hamej dhe si pjatalar\u00ebs, q\u00eb t\u00eb njihnin jet\u00ebn posht\u00eb.<br \/>\nTek ne, n\u00eb Shqip\u00ebri, ndodh e kund\u00ebrta: njer\u00ebz t\u00eb r\u00ebndomt\u00eb, duke fshehur identitetin, ven\u00eb n\u00eb maj\u00eb dhe udh\u00ebheqin pun\u00ebt e shtetit, q\u00eb t\u00eb njohin jet\u00ebn lart.<br \/>\nE pastaj, aha, nuk kthehen m\u00eb posht\u00eb!<\/p>\n<p style=\"text-align: center;\">* * *<\/p>\n<p style=\"text-align: left;\">Ai q\u00eb zgjidhte kandidat\u00ebt p\u00ebr kryesin\u00eb e dinte mir\u00eb k\u00ebrkes\u00ebn e Kryetarit: ata duhet t\u00eb ishin t\u00eb bindur, besnik\u00eb dhe kurrsesi m\u00eb t\u00eb m\u00ebn\u00e7ur se Kryetari. Me dy cil\u00ebsit\u00eb e para gjendeshin plot. Me cil\u00ebsin\u00eb e tret\u00eb nuk gjendej dot asnj\u00eb.<\/p>\n<p style=\"text-align: center;\">* * *<\/p>\n<p>Mund t\u00eb ma marrin edhe p\u00ebr munges\u00eb patriotizmi, por un\u00eb e them dhe e p\u00ebrs\u00ebris se hajdut\u00ebt e huaj q\u00eb vjedhin n\u00ebp\u00ebr vendet e tyre, i dua m\u00eb shum\u00eb se hajdut\u00ebt shqiptar\u00eb q\u00eb vjedhin n\u00eb Shqip\u00ebri.<\/p>\n<p style=\"text-align: center;\">* * *<\/p>\n<p>Ime shoqe mua m\u00eb ka kujdesin e saj t\u00eb par\u00eb. Nuk pyet p\u00ebr veten ajo, ngaq\u00eb \u00e7do gj\u00eb e imja p\u00ebr t\u00eb \u00ebsht\u00eb e sh\u00ebnjt\u00eb. Ja, p\u00ebrsh\u00ebmbull: m\u00eb shum\u00eb kujdeset p\u00ebr vjehrr\u00ebn time, se p\u00ebr vjehrr\u00ebn e saj.<\/p>\n<p style=\"text-align: center;\">* * *<\/p>\n<p>Sado q\u00eb nuk ka m\u00eb t\u00eb shtrenjt\u00eb se n\u00ebna, kushuriri i tret\u00eb i n\u00ebn\u00ebs, nuk \u00ebsht\u00eb n\u00ebna vet\u00eb!<\/p>\n<p style=\"text-align: center;\">* * *<\/p>\n<p>N\u00eb dramaturgjin\u00eb ton\u00eb t\u00eb realizmit socialist, tekstin e personazhit negativ, ne na e shkruante gjithmon\u00eb pozitivi.<\/p>\n<p style=\"text-align: center;\">* * *<\/p>\n<p>Zgjedhjet shqiptare edhe k\u00ebt\u00eb her\u00eb pat\u00ebn probleme t\u00eb shumta, por pa dyshim jan\u00eb m\u00eb t\u00eb mirat e t\u00eb gjitha zgjedhjeve t\u00eb zhvilluara deri sot n\u00eb Shqip\u00ebri.<br \/>\nFaqe e par\u00eb e gazet\u00ebs Frankfurter Algemajne e vitit 2049<\/p>\n<p style=\"text-align: center;\">* * *<\/p>\n<p>Nj\u00eb shoku yn\u00eb b\u00ebnte aq shum\u00eb gabime n\u00eb t\u00eb folur, saq\u00eb, pa \u00e7\u2019pa, nisi t\u00eb m\u00ebsonte gjuh\u00eb t\u00eb tjera.<\/p>\n<p style=\"text-align: center;\">* * *<\/p>\n<p>E nga t\u00eb mos e ndjej veten t\u00eb fyer atje n\u00eb stadium? Kur skuadrat dalin n\u00eb fush\u00eb t\u00eb fillojn\u00eb ndeshjen, vet\u00ebm un\u00eb nuk e di rezultatin.<\/p>\n<p style=\"text-align: center;\">* * *<\/p>\n<p>Fatos Nano po boton veprat e plota. Interesante \u00ebsht\u00eb vepra e tij e 19-t\u00eb: \u00ebsht\u00eb nj\u00eb lib\u00ebr i trash\u00eb me flet\u00eb t\u00eb bardha, boshe!\u2026 Shum\u00eb e kan\u00eb menduar k\u00ebt\u00eb si defekt t\u00eb maqinerive t\u00eb shtypshkronj\u00ebs. \u00cbsht\u00eb e sigurt\u00eb q\u00eb kjo vep\u00ebr do t\u00eb blihet brenda dit\u00ebs, sidomos nga brezi i ri. Sht\u00ebpia botuese doli me njoftimin se nuk do ta heq\u00eb at\u00eb nga tregu. Z\u00ebdh\u00ebn\u00ebsi i saj tha se vepra e 19-t\u00eb e shokut Fatos nuk \u00ebsht\u00eb me flet\u00eb t\u00eb bardha, as si pasoj\u00eb e gabimeve teknike t\u00eb shtypshkronj\u00ebs dhe as e destinuar si bllok sh\u00ebnimesh p\u00ebr shkollar\u00ebt, por \u00ebsht\u00eb nj\u00eb botim i plot\u00eb, besnik dhe i holl\u00ebsish\u00ebm i heshtjes s\u00eb Fatos Nanos n\u00eb gjyq, kur akuzohej p\u00ebr vjedhjen e ndihmave italiane.<br \/>\nHeshtja botohet p\u00ebr her\u00eb t\u00eb par\u00eb.<\/p>\n<p style=\"text-align: center;\">* * *<\/p>\n<p>Politikan\u00ebt e sot\u00ebm shqiptar\u00eb i shohin milionat e grumbulluara nga kund\u00ebrshtar\u00ebt, jo si objekte p\u00ebr t\u2019i hetuar, por si objektiva p\u00ebr t\u2019i tejkaluar.<\/p>\n<p style=\"text-align: center;\">* * *<\/p>\n<p>Edhe komshiu yn\u00eb pensionist botoi nj\u00eb lib\u00ebr n\u00eb k\u00ebt\u00eb fundviti. N\u00eb at\u00eb lib\u00ebr ai rri e kujton fijep\u00ebrpe se \u00e7\u2019 ka hequr gjat\u00eb diktatur\u00ebs. Kujton fijep\u00ebrpe se \u00e7\u2019i kan\u00eb b\u00ebr\u00eb dhe si u \u00ebsht\u00eb p\u00ebrgjigjur ai. I tregon me holl\u00ebsi dhe \u00ebsht\u00eb e \u00e7uditshme se si ai i mban mend ngjarjet fijep\u00ebrpe. E kjo nuk ka lidhje, n\u00ebse ato q\u00eb tregon komshiu yn\u00eb kan\u00eb ndodhur apo jo.<\/p>\n<p style=\"text-align: center;\">* * *<\/p>\n<p>Ju them un\u00eb, se kur do t\u00eb trokas\u00eb demokracia n\u00eb Shqip\u00ebri: deklarimet pompoze, p\u00ebrgj\u00ebrimet se n\u00eb Shqip\u00ebri ka liri, demokraci dhe rend t\u00eb plot\u00eb, jan\u00eb fishekzare! Demokracia tek ne nis at\u00eb dit\u00eb, kur ata q\u00eb marrin pushtetin nuk nd\u00ebrrojn\u00eb doganier\u00ebt.<\/p>\n<p style=\"text-align: center;\">* * *<\/p>\n<p>Shkrimtari L.M. shkruan e boton pa pushim. Ai me t\u00eb shkruar e ne me t\u00eb lexuar, nuk po e arrijm\u00eb q\u00eb nuk po e arrijm\u00eb dot.<\/p>\n<p style=\"text-align: center;\">* * *<\/p>\n<p>Njer\u00ebzit q\u00eb flasin shum\u00eb jan\u00eb p\u00ebr t\u00eb qar\u00eb hallin, se nuk kan\u00eb fare hap\u00ebsir\u00eb t\u00eb d\u00ebgjojn\u00eb t\u00eb tjer\u00ebt.<\/p>\n<p style=\"text-align: center;\">* * *<\/p>\n<p>K\u00ebta pasanik\u00ebt e rinj po e kalojn\u00eb gjysm\u00ebn e jet\u00ebs duke u filmuar ngado q\u00eb ven\u00eb dhe gjysm\u00ebn duke par\u00eb filmimet.<\/p>\n<p style=\"text-align: center;\">* * *<\/p>\n<p>T\u00ebr\u00eb kurvat kan\u00eb pasion t\u00eb ve\u00e7ant\u00eb t\u00eb zbulojn\u00eb kurva t\u00eb tjera: sa m\u00eb shum\u00eb!<\/p>\n<p style=\"text-align: center;\">* * *<\/p>\n<p>Atdheu yn\u00eb e flaku komunizmin dhe ka nisur rrug\u00ebn e gjat\u00eb p\u00ebr n\u00eb Amerik\u00eb. E p\u00ebrderisa bota \u00ebsht\u00eb e rrumbullakt\u00eb Shqip\u00ebria nuk po kalon n\u00ebp\u00ebr Europ\u00eb, por po i bie k\u00ebtej, n\u00ebp\u00ebr Azi.<\/p>\n<p style=\"text-align: center;\">* * *<\/p>\n<p>Njer\u00ebzit jan\u00eb hileqar\u00eb kur theksojn\u00eb se peshku i madh e ha t\u00eb voglin e nuk e zen\u00eb hi\u00e7 n\u00eb goj\u00eb q\u00eb njeriu i ha q\u00eb t\u00eb dy k\u00ebta peshq!<\/p>\n<p style=\"text-align: center;\">* * *<\/p>\n<p>Eh, moj mot\u00ebr, si kan\u00eb ardhur koh\u00ebt! Sot t\u00eb vjen nusja te burri me vesh\u00eb t\u00eb pashpuar e ia shpon e vjehra q\u00eb t\u2019i var\u00eb v\u00ebth\u00ebt. Ato q\u00eb duhet t\u2019i shponin tek e \u00ebma, i shpojn\u00eb te burri, kurse ato q\u00eb duhet t\u2019i shponin te burri, i kan\u00eb t\u00eb shpuara q\u00eb tek e \u00ebma!\u201d<\/p>\n<p style=\"text-align: center;\">* * *<\/p>\n<p>Zotrote e ke mir\u00eb se kur t\u00eb fryhet barku, shfryn me byth\u00ebt e bot\u00eb!<\/p>\n<p style=\"text-align: center;\">* * *<\/p>\n<p>Shkolla q\u00eb mban emrin e Naim Frash\u00ebrit e fton vazhdimisht Mensurin n\u00eb mbledhje t\u00eb prind\u00ebrve. (Mensuri, Naim Frash\u00ebrin e di drejtor t\u00eb shkoll\u00ebs!)<\/p>\n<p style=\"text-align: center;\">* * *<\/p>\n<p>Fjala e urt\u00eb thot\u00eb \u201czgjidhi shok\u00ebt m\u00eb t\u00eb mir\u00eb se veten\u201d. Kjo e ngat\u00ebrron shum\u00eb bot\u00ebn e njer\u00ebzve. Shok\u00ebt e mi, p\u00ebrshembull, nuk e b\u00ebjn\u00eb dot. Se nuk mund ta b\u00ebjn\u00eb edhe ata, kur e kam b\u00ebr\u00eb un\u00eb.<\/p>\n<p style=\"text-align: center;\">* * *<\/p>\n<p>Nj\u00ebher\u00eb vaktit, shteti i rripte l\u00ebkur\u00ebn individit p\u00ebr t\u00eb mir\u00eb t\u00eb p\u00ebrgjith\u00ebshme. Sot p\u00ebr t\u00eb mir\u00eb t\u00eb tij, individ\u00ebt po i rrjepin l\u00ebkur\u00ebn e p\u00ebrgjith\u00ebshme shtetit!\u2026<\/p>\n","protected":false},"excerpt":{"rendered":"<p>P\u00ebllumb Kulla, 2 Janar 2012 Nj\u00eb katundar zbriti n\u00eb Tiran\u00eb dhe pyeti se si mund t\u00eb b\u00ebhej milioner. I than\u00eb q\u00eb b\u00ebhej ashtu, po t\u00eb merrej me politik\u00eb. Katundari pyeti se \u00e7far\u00eb ishte politika. I than\u00eb q\u00eb \u00ebsht\u00eb nj\u00eb zanat q\u00eb ushtrohet duke u kujdesur p\u00ebr fatet e kombit. U b\u00ebn\u00eb pes\u00ebmb\u00ebdhjet\u00eb vjet tani, q\u00eb [&hellip;]<\/p>\n","protected":false},"author":1,"featured_media":0,"comment_status":"open","ping_status":"closed","sticky":false,"template":"","format":"standard","meta":{"footnotes":""},"categories":[2],"tags":[],"class_list":{"0":"post-11572","1":"post","2":"type-post","3":"status-publish","4":"format-standard","6":"category-artikuj"},"yoast_head":"<!-- This site is optimized with the Yoast SEO plugin v27.4 - https:\/\/yoast.com\/product\/yoast-seo-wordpress\/ -->\n<title>Sh\u00ebnime t\u00eb fundvitit - FjALA e LIR\u00cb - Arkivi<\/title>\n<meta name=\"robots\" content=\"index, follow, max-snippet:-1, max-image-preview:large, max-video-preview:-1\" \/>\n<link rel=\"canonical\" href=\"https:\/\/fjala.info\/2009-2015\/shenime-te-fundvitit\/\" \/>\n<meta property=\"og:locale\" content=\"sq_AL\" \/>\n<meta property=\"og:type\" content=\"article\" \/>\n<meta property=\"og:title\" content=\"Sh\u00ebnime t\u00eb fundvitit - FjALA e LIR\u00cb - Arkivi\" \/>\n<meta property=\"og:description\" content=\"P\u00ebllumb Kulla, 2 Janar 2012 Nj\u00eb katundar zbriti n\u00eb Tiran\u00eb dhe pyeti se si mund t\u00eb b\u00ebhej milioner. I than\u00eb q\u00eb b\u00ebhej ashtu, po t\u00eb merrej me politik\u00eb. Katundari pyeti se \u00e7far\u00eb ishte politika. I than\u00eb q\u00eb \u00ebsht\u00eb nj\u00eb zanat q\u00eb ushtrohet duke u kujdesur p\u00ebr fatet e kombit. U b\u00ebn\u00eb pes\u00ebmb\u00ebdhjet\u00eb vjet tani, q\u00eb [&hellip;]\" \/>\n<meta property=\"og:url\" content=\"https:\/\/fjala.info\/2009-2015\/shenime-te-fundvitit\/\" \/>\n<meta property=\"og:site_name\" content=\"FjALA e LIR\u00cb - Arkivi\" \/>\n<meta property=\"article:published_time\" content=\"2012-01-02T10:51:17+00:00\" \/>\n<meta property=\"og:image\" content=\"http:\/\/www.shkoder.net\/images\/fjala\/pellumb_kulla.jpg\" \/>\n<meta name=\"author\" content=\"admin\" \/>\n<meta name=\"twitter:card\" content=\"summary_large_image\" \/>\n<meta name=\"twitter:label1\" content=\"Written by\" \/>\n\t<meta name=\"twitter:data1\" content=\"admin\" \/>\n\t<meta name=\"twitter:label2\" content=\"Est. reading time\" \/>\n\t<meta name=\"twitter:data2\" content=\"8 minutes\" \/>\n<script type=\"application\/ld+json\" class=\"yoast-schema-graph\">{\"@context\":\"https:\\\/\\\/schema.org\",\"@graph\":[{\"@type\":\"Article\",\"@id\":\"https:\\\/\\\/fjala.info\\\/2009-2015\\\/shenime-te-fundvitit\\\/#article\",\"isPartOf\":{\"@id\":\"https:\\\/\\\/fjala.info\\\/2009-2015\\\/shenime-te-fundvitit\\\/\"},\"author\":{\"name\":\"admin\",\"@id\":\"https:\\\/\\\/fjala.info\\\/2009-2015\\\/#\\\/schema\\\/person\\\/3aa1163ef05469c496fc94e77611ada2\"},\"headline\":\"Sh\u00ebnime t\u00eb fundvitit\",\"datePublished\":\"2012-01-02T10:51:17+00:00\",\"mainEntityOfPage\":{\"@id\":\"https:\\\/\\\/fjala.info\\\/2009-2015\\\/shenime-te-fundvitit\\\/\"},\"wordCount\":1611,\"commentCount\":0,\"publisher\":{\"@id\":\"https:\\\/\\\/fjala.info\\\/2009-2015\\\/#organization\"},\"image\":{\"@id\":\"https:\\\/\\\/fjala.info\\\/2009-2015\\\/shenime-te-fundvitit\\\/#primaryimage\"},\"thumbnailUrl\":\"http:\\\/\\\/www.shkoder.net\\\/images\\\/fjala\\\/pellumb_kulla.jpg\",\"articleSection\":[\"Artikuj\"],\"inLanguage\":\"sq-AL\",\"potentialAction\":[{\"@type\":\"CommentAction\",\"name\":\"Comment\",\"target\":[\"https:\\\/\\\/fjala.info\\\/2009-2015\\\/shenime-te-fundvitit\\\/#respond\"]}]},{\"@type\":\"WebPage\",\"@id\":\"https:\\\/\\\/fjala.info\\\/2009-2015\\\/shenime-te-fundvitit\\\/\",\"url\":\"https:\\\/\\\/fjala.info\\\/2009-2015\\\/shenime-te-fundvitit\\\/\",\"name\":\"Sh\u00ebnime t\u00eb fundvitit - FjALA e LIR\u00cb - Arkivi\",\"isPartOf\":{\"@id\":\"https:\\\/\\\/fjala.info\\\/2009-2015\\\/#website\"},\"primaryImageOfPage\":{\"@id\":\"https:\\\/\\\/fjala.info\\\/2009-2015\\\/shenime-te-fundvitit\\\/#primaryimage\"},\"image\":{\"@id\":\"https:\\\/\\\/fjala.info\\\/2009-2015\\\/shenime-te-fundvitit\\\/#primaryimage\"},\"thumbnailUrl\":\"http:\\\/\\\/www.shkoder.net\\\/images\\\/fjala\\\/pellumb_kulla.jpg\",\"datePublished\":\"2012-01-02T10:51:17+00:00\",\"breadcrumb\":{\"@id\":\"https:\\\/\\\/fjala.info\\\/2009-2015\\\/shenime-te-fundvitit\\\/#breadcrumb\"},\"inLanguage\":\"sq-AL\",\"potentialAction\":[{\"@type\":\"ReadAction\",\"target\":[\"https:\\\/\\\/fjala.info\\\/2009-2015\\\/shenime-te-fundvitit\\\/\"]}]},{\"@type\":\"ImageObject\",\"inLanguage\":\"sq-AL\",\"@id\":\"https:\\\/\\\/fjala.info\\\/2009-2015\\\/shenime-te-fundvitit\\\/#primaryimage\",\"url\":\"http:\\\/\\\/www.shkoder.net\\\/images\\\/fjala\\\/pellumb_kulla.jpg\",\"contentUrl\":\"http:\\\/\\\/www.shkoder.net\\\/images\\\/fjala\\\/pellumb_kulla.jpg\"},{\"@type\":\"BreadcrumbList\",\"@id\":\"https:\\\/\\\/fjala.info\\\/2009-2015\\\/shenime-te-fundvitit\\\/#breadcrumb\",\"itemListElement\":[{\"@type\":\"ListItem\",\"position\":1,\"name\":\"Home\",\"item\":\"https:\\\/\\\/fjala.info\\\/2009-2015\\\/\"},{\"@type\":\"ListItem\",\"position\":2,\"name\":\"Sh\u00ebnime t\u00eb fundvitit\"}]},{\"@type\":\"WebSite\",\"@id\":\"https:\\\/\\\/fjala.info\\\/2009-2015\\\/#website\",\"url\":\"https:\\\/\\\/fjala.info\\\/2009-2015\\\/\",\"name\":\"FjALA e LIR\u00cb - Arkivi\",\"description\":\"Arkivi 2009-2015\",\"publisher\":{\"@id\":\"https:\\\/\\\/fjala.info\\\/2009-2015\\\/#organization\"},\"potentialAction\":[{\"@type\":\"SearchAction\",\"target\":{\"@type\":\"EntryPoint\",\"urlTemplate\":\"https:\\\/\\\/fjala.info\\\/2009-2015\\\/?s={search_term_string}\"},\"query-input\":{\"@type\":\"PropertyValueSpecification\",\"valueRequired\":true,\"valueName\":\"search_term_string\"}}],\"inLanguage\":\"sq-AL\"},{\"@type\":\"Organization\",\"@id\":\"https:\\\/\\\/fjala.info\\\/2009-2015\\\/#organization\",\"name\":\"FjALA e LIR\u00cb - Arkivi\",\"url\":\"https:\\\/\\\/fjala.info\\\/2009-2015\\\/\",\"logo\":{\"@type\":\"ImageObject\",\"inLanguage\":\"sq-AL\",\"@id\":\"https:\\\/\\\/fjala.info\\\/2009-2015\\\/#\\\/schema\\\/logo\\\/image\\\/\",\"url\":\"\",\"contentUrl\":\"\",\"caption\":\"FjALA e LIR\u00cb - Arkivi\"},\"image\":{\"@id\":\"https:\\\/\\\/fjala.info\\\/2009-2015\\\/#\\\/schema\\\/logo\\\/image\\\/\"}},{\"@type\":\"Person\",\"@id\":\"https:\\\/\\\/fjala.info\\\/2009-2015\\\/#\\\/schema\\\/person\\\/3aa1163ef05469c496fc94e77611ada2\",\"name\":\"admin\",\"image\":{\"@type\":\"ImageObject\",\"inLanguage\":\"sq-AL\",\"@id\":\"https:\\\/\\\/fjala.info\\\/2009-2015\\\/wp-content\\\/uploads\\\/2012\\\/02\\\/arben_cokaj-120x150.jpg\",\"url\":\"https:\\\/\\\/fjala.info\\\/2009-2015\\\/wp-content\\\/uploads\\\/2012\\\/02\\\/arben_cokaj-120x150.jpg\",\"contentUrl\":\"https:\\\/\\\/fjala.info\\\/2009-2015\\\/wp-content\\\/uploads\\\/2012\\\/02\\\/arben_cokaj-120x150.jpg\",\"caption\":\"admin\"},\"description\":\"Admin, Fjala e Lir\u00eb\",\"sameAs\":[\"https:\\\/\\\/fjala.info\\\/\"],\"url\":\"https:\\\/\\\/fjala.info\\\/2009-2015\\\/author\\\/admin\\\/\"}]}<\/script>\n<!-- \/ Yoast SEO plugin. -->","yoast_head_json":{"title":"Sh\u00ebnime t\u00eb fundvitit - FjALA e LIR\u00cb - Arkivi","robots":{"index":"index","follow":"follow","max-snippet":"max-snippet:-1","max-image-preview":"max-image-preview:large","max-video-preview":"max-video-preview:-1"},"canonical":"https:\/\/fjala.info\/2009-2015\/shenime-te-fundvitit\/","og_locale":"sq_AL","og_type":"article","og_title":"Sh\u00ebnime t\u00eb fundvitit - FjALA e LIR\u00cb - Arkivi","og_description":"P\u00ebllumb Kulla, 2 Janar 2012 Nj\u00eb katundar zbriti n\u00eb Tiran\u00eb dhe pyeti se si mund t\u00eb b\u00ebhej milioner. I than\u00eb q\u00eb b\u00ebhej ashtu, po t\u00eb merrej me politik\u00eb. Katundari pyeti se \u00e7far\u00eb ishte politika. I than\u00eb q\u00eb \u00ebsht\u00eb nj\u00eb zanat q\u00eb ushtrohet duke u kujdesur p\u00ebr fatet e kombit. U b\u00ebn\u00eb pes\u00ebmb\u00ebdhjet\u00eb vjet tani, q\u00eb [&hellip;]","og_url":"https:\/\/fjala.info\/2009-2015\/shenime-te-fundvitit\/","og_site_name":"FjALA e LIR\u00cb - Arkivi","article_published_time":"2012-01-02T10:51:17+00:00","og_image":[{"url":"http:\/\/www.shkoder.net\/images\/fjala\/pellumb_kulla.jpg","type":"","width":"","height":""}],"author":"admin","twitter_card":"summary_large_image","twitter_misc":{"Written by":"admin","Est. reading time":"8 minutes"},"schema":{"@context":"https:\/\/schema.org","@graph":[{"@type":"Article","@id":"https:\/\/fjala.info\/2009-2015\/shenime-te-fundvitit\/#article","isPartOf":{"@id":"https:\/\/fjala.info\/2009-2015\/shenime-te-fundvitit\/"},"author":{"name":"admin","@id":"https:\/\/fjala.info\/2009-2015\/#\/schema\/person\/3aa1163ef05469c496fc94e77611ada2"},"headline":"Sh\u00ebnime t\u00eb fundvitit","datePublished":"2012-01-02T10:51:17+00:00","mainEntityOfPage":{"@id":"https:\/\/fjala.info\/2009-2015\/shenime-te-fundvitit\/"},"wordCount":1611,"commentCount":0,"publisher":{"@id":"https:\/\/fjala.info\/2009-2015\/#organization"},"image":{"@id":"https:\/\/fjala.info\/2009-2015\/shenime-te-fundvitit\/#primaryimage"},"thumbnailUrl":"http:\/\/www.shkoder.net\/images\/fjala\/pellumb_kulla.jpg","articleSection":["Artikuj"],"inLanguage":"sq-AL","potentialAction":[{"@type":"CommentAction","name":"Comment","target":["https:\/\/fjala.info\/2009-2015\/shenime-te-fundvitit\/#respond"]}]},{"@type":"WebPage","@id":"https:\/\/fjala.info\/2009-2015\/shenime-te-fundvitit\/","url":"https:\/\/fjala.info\/2009-2015\/shenime-te-fundvitit\/","name":"Sh\u00ebnime t\u00eb fundvitit - FjALA e LIR\u00cb - Arkivi","isPartOf":{"@id":"https:\/\/fjala.info\/2009-2015\/#website"},"primaryImageOfPage":{"@id":"https:\/\/fjala.info\/2009-2015\/shenime-te-fundvitit\/#primaryimage"},"image":{"@id":"https:\/\/fjala.info\/2009-2015\/shenime-te-fundvitit\/#primaryimage"},"thumbnailUrl":"http:\/\/www.shkoder.net\/images\/fjala\/pellumb_kulla.jpg","datePublished":"2012-01-02T10:51:17+00:00","breadcrumb":{"@id":"https:\/\/fjala.info\/2009-2015\/shenime-te-fundvitit\/#breadcrumb"},"inLanguage":"sq-AL","potentialAction":[{"@type":"ReadAction","target":["https:\/\/fjala.info\/2009-2015\/shenime-te-fundvitit\/"]}]},{"@type":"ImageObject","inLanguage":"sq-AL","@id":"https:\/\/fjala.info\/2009-2015\/shenime-te-fundvitit\/#primaryimage","url":"http:\/\/www.shkoder.net\/images\/fjala\/pellumb_kulla.jpg","contentUrl":"http:\/\/www.shkoder.net\/images\/fjala\/pellumb_kulla.jpg"},{"@type":"BreadcrumbList","@id":"https:\/\/fjala.info\/2009-2015\/shenime-te-fundvitit\/#breadcrumb","itemListElement":[{"@type":"ListItem","position":1,"name":"Home","item":"https:\/\/fjala.info\/2009-2015\/"},{"@type":"ListItem","position":2,"name":"Sh\u00ebnime t\u00eb fundvitit"}]},{"@type":"WebSite","@id":"https:\/\/fjala.info\/2009-2015\/#website","url":"https:\/\/fjala.info\/2009-2015\/","name":"FjALA e LIR\u00cb - Arkivi","description":"Arkivi 2009-2015","publisher":{"@id":"https:\/\/fjala.info\/2009-2015\/#organization"},"potentialAction":[{"@type":"SearchAction","target":{"@type":"EntryPoint","urlTemplate":"https:\/\/fjala.info\/2009-2015\/?s={search_term_string}"},"query-input":{"@type":"PropertyValueSpecification","valueRequired":true,"valueName":"search_term_string"}}],"inLanguage":"sq-AL"},{"@type":"Organization","@id":"https:\/\/fjala.info\/2009-2015\/#organization","name":"FjALA e LIR\u00cb - Arkivi","url":"https:\/\/fjala.info\/2009-2015\/","logo":{"@type":"ImageObject","inLanguage":"sq-AL","@id":"https:\/\/fjala.info\/2009-2015\/#\/schema\/logo\/image\/","url":"","contentUrl":"","caption":"FjALA e LIR\u00cb - Arkivi"},"image":{"@id":"https:\/\/fjala.info\/2009-2015\/#\/schema\/logo\/image\/"}},{"@type":"Person","@id":"https:\/\/fjala.info\/2009-2015\/#\/schema\/person\/3aa1163ef05469c496fc94e77611ada2","name":"admin","image":{"@type":"ImageObject","inLanguage":"sq-AL","@id":"https:\/\/fjala.info\/2009-2015\/wp-content\/uploads\/2012\/02\/arben_cokaj-120x150.jpg","url":"https:\/\/fjala.info\/2009-2015\/wp-content\/uploads\/2012\/02\/arben_cokaj-120x150.jpg","contentUrl":"https:\/\/fjala.info\/2009-2015\/wp-content\/uploads\/2012\/02\/arben_cokaj-120x150.jpg","caption":"admin"},"description":"Admin, Fjala e Lir\u00eb","sameAs":["https:\/\/fjala.info\/"],"url":"https:\/\/fjala.info\/2009-2015\/author\/admin\/"}]}},"_links":{"self":[{"href":"https:\/\/fjala.info\/2009-2015\/wp-json\/wp\/v2\/posts\/11572","targetHints":{"allow":["GET"]}}],"collection":[{"href":"https:\/\/fjala.info\/2009-2015\/wp-json\/wp\/v2\/posts"}],"about":[{"href":"https:\/\/fjala.info\/2009-2015\/wp-json\/wp\/v2\/types\/post"}],"author":[{"embeddable":true,"href":"https:\/\/fjala.info\/2009-2015\/wp-json\/wp\/v2\/users\/1"}],"replies":[{"embeddable":true,"href":"https:\/\/fjala.info\/2009-2015\/wp-json\/wp\/v2\/comments?post=11572"}],"version-history":[{"count":0,"href":"https:\/\/fjala.info\/2009-2015\/wp-json\/wp\/v2\/posts\/11572\/revisions"}],"wp:attachment":[{"href":"https:\/\/fjala.info\/2009-2015\/wp-json\/wp\/v2\/media?parent=11572"}],"wp:term":[{"taxonomy":"category","embeddable":true,"href":"https:\/\/fjala.info\/2009-2015\/wp-json\/wp\/v2\/categories?post=11572"},{"taxonomy":"post_tag","embeddable":true,"href":"https:\/\/fjala.info\/2009-2015\/wp-json\/wp\/v2\/tags?post=11572"}],"curies":[{"name":"wp","href":"https:\/\/api.w.org\/{rel}","templated":true}]}}