{"id":11570,"date":"2012-01-02T09:07:30","date_gmt":"2012-01-02T08:07:30","guid":{"rendered":"http:\/\/fjala.shkoder.net\/?p=923"},"modified":"2012-01-02T09:07:30","modified_gmt":"2012-01-02T08:07:30","slug":"qelia-nr-31-alush-gjoci-1919-1982-te-ishte-i-mire-komunizmi-anglia-dhe-amerika-e-mbanin-per-vete","status":"publish","type":"post","link":"https:\/\/fjala.info\/2009-2015\/qelia-nr-31-alush-gjoci-1919-1982-te-ishte-i-mire-komunizmi-anglia-dhe-amerika-e-mbanin-per-vete\/","title":{"rendered":"Qelia nr. 31 &#8211; Alush Gjoci (1919-1982): \u201cT\u00eb ishte i mir\u00eb komunizmi, Anglia dhe Amerika e mbanin p\u00ebr vete\u201d"},"content":{"rendered":"<p><img decoding=\"async\" class=\"alignleft size-thumbnail wp-image-7236\" title=\"Prof. Neki Babamusta\" src=\"http:\/\/www.shkoder.net\/images\/fjala\/2011\/neki_babamusta.jpg\" alt=\"\" width=\"150\" \/> Nga: <strong>Prof. Neki Babamusta<\/strong>, <em>Lond\u00ebr, 1 Janar 2012<\/em><\/p>\n<p>31 Janar 1945, Prokurori i Gjykat\u00ebs s\u00eb Lart\u00eb n\u00eb Tiran\u00eb, deklaroi akt akuz\u00eb ndaj t\u00eb pandehurit Alush Gjoci: \u201cArmik i Rreziksh\u00ebm i Pushtetit Popullor, armik i popullit dhe bashk\u00ebpun\u00ebtor i Ballit Komb\u00ebtar. D\u00ebnimi &#8211; 101 vjet burg.\u201d (Ministria e Drejt\u00ebsis\u00eb, Arkiva e t\u00eb P\u00ebrndjekurve). Po at\u00eb nat\u00eb, Sigurimi i Shtetit i bastisi dhe i shkat\u00ebrroi sht\u00ebpin\u00eb. F\u00ebmij\u00ebt hidhen n\u00eb mes t\u00eb kat\u00ebr rrug\u00ebve. Nuk u lejohej q\u00eb familja t\u00eb takohej me njeriun e zemr\u00ebs s\u00eb tyre. Lidhur me pranga, e marrin nga qelia dhe mbas shum\u00eb torturash k\u00ebrkonin q\u00eb Alushi t\u00eb pranonte shpifjet e sigurimi.<\/p>\n<p>Alushi kaloi net\u00eb pa gjum\u00eb, pa puk\u00eb, duke u rrahur me kamxhik. Por ai q\u00ebndronte i heshtur dhe nuk p\u00ebrkulej. Pse ky trajtim \u00e7njer\u00ebzor? Alushi, s\u00eb bashku me familjet e Abas Habilit, dhe t\u00eb Hamit Le\u00e7init kishin marr\u00eb pjes\u00eb n\u00eb mbrojten e vendit kud\u00ebr pushtuesve fashist\u00eb, me 7 Prill 1939. N\u00eb koh\u00ebn e Monarkis\u00eb s\u00eb Mbretit Zog t\u00eb parap\u00ebrmendurit njiheshin si figura t\u00eb nderuara t\u00eb vendit dhe t\u00eb respektuara nga populli. Ata luftuan dhe punuan p\u00ebr nj\u00eb Shqip\u00ebri t\u00eb lir\u00eb demokratike, p\u00ebr t\u00eb b\u00ebr\u00eb bashkimin me Kosov\u00ebn, por pa komunist\u00ebt n\u00eb krye.<\/p>\n<p>Si humanist e atdhetar, Alushi punoi p\u00ebr v\u00ebllaz\u00ebrimin e mysliman\u00ebve me t\u00eb krishter\u00ebt. Ndihmoi familjet e lidhura me L\u00ebvizjen \u00c7lirimtare. Pik\u00ebrisht k\u00ebto njer\u00ebz dol\u00ebn n\u00eb gjygj, duke mbrojtur figur\u00ebn e Alush Gjocit dhe akuzat ndaj tij i quajt\u00ebn shpifje t\u00eb ul\u00ebta.<\/p>\n<p>Alush Gjoci kishte ide per\u00ebndimore. Njihej p\u00ebr inteligjenc\u00ebn dhe shkatht\u00ebsin\u00eb e tij dhe p\u00ebrkrahu vendosjen e pluralizmit n\u00eb Shqip\u00ebri. S\u00eb bashku me krer\u00ebt e Ballit Komb\u00ebtar, n\u00eb shkurt 1944 nuk lejuan Gestapon Hitleriane, t\u00eb pushkatonte 300 banor\u00ebt e Kavaj\u00ebs tek Manat e Pazarit n\u00eb qend\u00ebr t\u00eb qytetit. Alushi shkoi bashk\u00eb me Nazi bej Alltunin dhe k\u00ebmbyen fjal\u00eb t\u00eb ashpra me gjeneralin e Gestapos, dhe i than\u00eb: \u201cNe jemi atdhetar\u00eb dhe nacionalist\u00eb, q\u00eb nuk pajtohemi me komunizmin. Por, n\u00eb se do t\u2019i pushktatoni njer\u00ebzit tan\u00eb, q\u00eb tani do t\u00eb hapim zjarr kund\u00ebr nj\u00ebri-tjetrit.\u201d (sipas rr\u00ebfimit t\u00eb tim ati, Beqirit, i cili ishte tregar dhe kishte dyqante p\u00ebrball\u00eb dy Manave t\u00eb Pazarit dhe ish-xhamis\u00eb n\u00eb Kavaj\u00eb).<\/p>\n<p>Duke qen\u00eb me vite t\u00eb t\u00ebra n\u00eb burg, Alushi u lidh me figura t\u00eb shquara t\u00eb Kombit ton\u00eb, si Ibrahim bej Bi\u00e7aku, Osman Kazazi, dr. Et-hem Cara, Zyhedi Alushi, etj, me t\u00eb cil\u00ebt i lidhte ideali i p\u00ebrbashk\u00ebt i luft\u00ebs kund\u00ebr komunizmit. Duke q\u00ebndruar me k\u00ebto figura fisnike, ai e ndjeu veten m\u00eb krenar p\u00ebr idealin e p\u00ebrbashk\u00ebt.<\/p>\n<p>Alushi u d\u00ebrgua n\u00eb shum\u00eb burgje, si n\u00eb Burrel, Mamurras (af\u00ebr Lezh\u00ebs), Shtyllas (n\u00eb Fier), n\u00eb burgun e fush\u00ebs s\u00eb Aeroportit Rinas (n\u00eb Tiran\u00eb pas \u00e7lirimit) dhe n\u00eb Ku\u00e7ov\u00eb. Gjithmon\u00eb Alushi q\u00ebndronte kryelart\u00eb sepse ai luftonte p\u00ebr idealin e kombit. Indinjohej s\u00eb tep\u00ebrmi kur merrte vesh se prift\u00ebrinjt\u00eb katolik\u00eb me t\u00eb cil\u00ebt bashk\u00ebjetonte burgjeve, i pushkatonin pa asnj\u00eb shkak.<\/p>\n<p>Ndjekjet dhe vrasjet ndaj nacionalist\u00ebve e revoltuan m\u00eb shum\u00eb. Konkrekisht, nd\u00ebr t\u00eb tjera, Alushin e indinjoi s\u00eb tep\u00ebrmi helmimi q\u00eb iu b\u00eb djalit t\u00eb Abas Habilit, Ram\u00ebs, helmuar nga organet e sigurimit n\u00eb fund t\u00eb vitit 1951. (Neritan Kolgjini, Gazeta Dielli, Janar 2011). Familjes Rama, diktatura i vrau pes\u00eb an\u00ebtar\u00eb, nd\u00ebrsa 15 an\u00ebtar\u00eb t\u00eb fisit u internuan n\u00ebp\u00ebr burgje t\u00eb ndryshme t\u00eb Shqip\u00ebris\u00eb.<\/p>\n<p>Nacionist\u00ebt ishin tmerri i pushtetit komunist. Konferenca e Pez\u00ebs me 16 shtator 1942, kishte parimin \u201cKundra okupatorit, pa dallim feje, krahine dhe ideje\u201d. Partia Komuniste Shqiptare (P.K.Sh.) p\u00ebr t\u2019u b\u00ebr\u00eb drejtuese e vendit, i kund\u00ebrshtoi vendimet e konferenc\u00ebs dhe n\u00eb Mukje t\u00eb Kruj\u00ebs me 2 gusht 1943 nacionalist\u00ebt i shpalli trathtar\u00eb.<\/p>\n<p>N\u00eb Kavaj\u00eb, n\u00eb vjesht\u00eb t\u00eb vitit 46-t\u00eb, gjygji komunist d\u00ebnoi me pushkatim 5 nacionalist\u00eb sepse idet\u00eb e tyre nuk pajtoheshin me regjimin. M\u00eb kujtohet kjo ngjarje shum\u00eb mir\u00eb sepse e kam p\u00ebrjetuar vet\u00eb. Gjygji i 5 nacionalist\u00ebve ishte nj\u00eb kurdisje fallco dhe menj\u00ebher\u00eb, 20 minuta pas dh\u00ebnies s\u00eb vendimit, i pushkatuan 30 metra af\u00ebr kinemas\u00eb n\u00eb Kavaj\u00eb. Ky akt u krye para qytetar\u00ebve, ku prezent isha dhe un\u00eb. Nj\u00eb veprim i till\u00eb makab\u00ebr shkaktoi alarm dhe zem\u00ebrim t\u00eb madh n\u00eb qytet.<\/p>\n<p>Alush Gjoci si patriot q\u00eb ishte, gjat\u00eb q\u00ebndrimit n\u00eb burg, skaliti flamurin me zhgab\u00eb dykrenare, pa yllin e kuq, me sh\u00ebnimin: \u201cKujtim Burgu, Alush Gjoci, 1921.\u201d Regjimi komunist i mohoi f\u00ebmij\u00ebve t\u00eb tij, t\u00eb drejt\u00ebn e shkollimit, pun\u00ebn dhe iu mohua triska e buk\u00ebs. Por f\u00ebmij\u00ebt e Alushin gjet\u00ebn ngroht\u00ebsi tek populli patriot i Kavaj\u00ebs.<\/p>\n<p>N\u00eb koh\u00ebn e pro\u00e7ese demokratike ata, s\u00eb bashku me popullin e Kavaj\u00ebs, ishin n\u00eb krye t\u00eb demonstratave p\u00ebr p\u00ebrmbysjen e regjimit. Djali i madh, Hima, tep\u00ebr human, u zgjodh kryetar i Shoqat\u00ebs t\u00eb Persekutuarve Politik n\u00eb Kavaj\u00eb. Hima mbrojti interesat e persekutuarve dhe patriot\u00ebve. Ai fitoi admirimin e popullit t\u00eb Kavaj\u00ebs edhe pas ndarjes nga jeta, kujtohet si figur\u00eb e nderuar si i ati, Alushi.<\/p>\n<p>Nd\u00ebrsa, dy djemt\u00eb e tjer\u00eb, Esat dhe Selim Gjoci, njihen si futbollist\u00eb t\u00eb shquar t\u00eb skuadr\u00ebs \u201cBesa\u201d. Esati, pas viteve t\u00eb Demokracis\u00eb u zgjodh Kryeplak i lagjes nr. 2 n\u00eb Kavaj\u00eb. Me detyr\u00ebn e tij i sh\u00ebrbeu halleve dhe k\u00ebrkesave t\u00eb popullit.<\/p>\n","protected":false},"excerpt":{"rendered":"<p>Nga: Prof. Neki Babamusta, Lond\u00ebr, 1 Janar 2012 31 Janar 1945, Prokurori i Gjykat\u00ebs s\u00eb Lart\u00eb n\u00eb Tiran\u00eb, deklaroi akt akuz\u00eb ndaj t\u00eb pandehurit Alush Gjoci: \u201cArmik i Rreziksh\u00ebm i Pushtetit Popullor, armik i popullit dhe bashk\u00ebpun\u00ebtor i Ballit Komb\u00ebtar. D\u00ebnimi &#8211; 101 vjet burg.\u201d (Ministria e Drejt\u00ebsis\u00eb, Arkiva e t\u00eb P\u00ebrndjekurve). Po at\u00eb nat\u00eb, [&hellip;]<\/p>\n","protected":false},"author":1,"featured_media":0,"comment_status":"open","ping_status":"closed","sticky":false,"template":"","format":"standard","meta":{"footnotes":""},"categories":[2],"tags":[],"class_list":{"0":"post-11570","1":"post","2":"type-post","3":"status-publish","4":"format-standard","6":"category-artikuj"},"yoast_head":"<!-- This site is optimized with the Yoast SEO plugin v27.4 - https:\/\/yoast.com\/product\/yoast-seo-wordpress\/ -->\n<title>Qelia nr. 31 - Alush Gjoci (1919-1982): \u201cT\u00eb ishte i mir\u00eb komunizmi, Anglia dhe Amerika e mbanin p\u00ebr vete\u201d - FjALA e LIR\u00cb - Arkivi<\/title>\n<meta name=\"robots\" content=\"index, follow, max-snippet:-1, max-image-preview:large, max-video-preview:-1\" \/>\n<link rel=\"canonical\" href=\"https:\/\/fjala.info\/2009-2015\/qelia-nr-31-alush-gjoci-1919-1982-te-ishte-i-mire-komunizmi-anglia-dhe-amerika-e-mbanin-per-vete\/\" \/>\n<meta property=\"og:locale\" content=\"sq_AL\" \/>\n<meta property=\"og:type\" content=\"article\" \/>\n<meta property=\"og:title\" content=\"Qelia nr. 31 - Alush Gjoci (1919-1982): \u201cT\u00eb ishte i mir\u00eb komunizmi, Anglia dhe Amerika e mbanin p\u00ebr vete\u201d - FjALA e LIR\u00cb - Arkivi\" \/>\n<meta property=\"og:description\" content=\"Nga: Prof. Neki Babamusta, Lond\u00ebr, 1 Janar 2012 31 Janar 1945, Prokurori i Gjykat\u00ebs s\u00eb Lart\u00eb n\u00eb Tiran\u00eb, deklaroi akt akuz\u00eb ndaj t\u00eb pandehurit Alush Gjoci: \u201cArmik i Rreziksh\u00ebm i Pushtetit Popullor, armik i popullit dhe bashk\u00ebpun\u00ebtor i Ballit Komb\u00ebtar. D\u00ebnimi &#8211; 101 vjet burg.\u201d (Ministria e Drejt\u00ebsis\u00eb, Arkiva e t\u00eb P\u00ebrndjekurve). Po at\u00eb nat\u00eb, [&hellip;]\" \/>\n<meta property=\"og:url\" content=\"https:\/\/fjala.info\/2009-2015\/qelia-nr-31-alush-gjoci-1919-1982-te-ishte-i-mire-komunizmi-anglia-dhe-amerika-e-mbanin-per-vete\/\" \/>\n<meta property=\"og:site_name\" content=\"FjALA e LIR\u00cb - Arkivi\" \/>\n<meta property=\"article:published_time\" content=\"2012-01-02T08:07:30+00:00\" \/>\n<meta property=\"og:image\" content=\"http:\/\/www.shkoder.net\/images\/fjala\/2011\/neki_babamusta.jpg\" \/>\n<meta name=\"author\" content=\"admin\" \/>\n<meta name=\"twitter:card\" content=\"summary_large_image\" \/>\n<meta name=\"twitter:label1\" content=\"Written by\" \/>\n\t<meta name=\"twitter:data1\" content=\"admin\" \/>\n\t<meta name=\"twitter:label2\" content=\"Est. reading time\" \/>\n\t<meta name=\"twitter:data2\" content=\"5 minutes\" \/>\n<script type=\"application\/ld+json\" class=\"yoast-schema-graph\">{\"@context\":\"https:\\\/\\\/schema.org\",\"@graph\":[{\"@type\":\"Article\",\"@id\":\"https:\\\/\\\/fjala.info\\\/2009-2015\\\/qelia-nr-31-alush-gjoci-1919-1982-te-ishte-i-mire-komunizmi-anglia-dhe-amerika-e-mbanin-per-vete\\\/#article\",\"isPartOf\":{\"@id\":\"https:\\\/\\\/fjala.info\\\/2009-2015\\\/qelia-nr-31-alush-gjoci-1919-1982-te-ishte-i-mire-komunizmi-anglia-dhe-amerika-e-mbanin-per-vete\\\/\"},\"author\":{\"name\":\"admin\",\"@id\":\"https:\\\/\\\/fjala.info\\\/2009-2015\\\/#\\\/schema\\\/person\\\/3aa1163ef05469c496fc94e77611ada2\"},\"headline\":\"Qelia nr. 31 &#8211; Alush Gjoci (1919-1982): \u201cT\u00eb ishte i mir\u00eb komunizmi, Anglia dhe Amerika e mbanin p\u00ebr vete\u201d\",\"datePublished\":\"2012-01-02T08:07:30+00:00\",\"mainEntityOfPage\":{\"@id\":\"https:\\\/\\\/fjala.info\\\/2009-2015\\\/qelia-nr-31-alush-gjoci-1919-1982-te-ishte-i-mire-komunizmi-anglia-dhe-amerika-e-mbanin-per-vete\\\/\"},\"wordCount\":961,\"commentCount\":0,\"publisher\":{\"@id\":\"https:\\\/\\\/fjala.info\\\/2009-2015\\\/#organization\"},\"image\":{\"@id\":\"https:\\\/\\\/fjala.info\\\/2009-2015\\\/qelia-nr-31-alush-gjoci-1919-1982-te-ishte-i-mire-komunizmi-anglia-dhe-amerika-e-mbanin-per-vete\\\/#primaryimage\"},\"thumbnailUrl\":\"http:\\\/\\\/www.shkoder.net\\\/images\\\/fjala\\\/2011\\\/neki_babamusta.jpg\",\"articleSection\":[\"Artikuj\"],\"inLanguage\":\"sq-AL\",\"potentialAction\":[{\"@type\":\"CommentAction\",\"name\":\"Comment\",\"target\":[\"https:\\\/\\\/fjala.info\\\/2009-2015\\\/qelia-nr-31-alush-gjoci-1919-1982-te-ishte-i-mire-komunizmi-anglia-dhe-amerika-e-mbanin-per-vete\\\/#respond\"]}]},{\"@type\":\"WebPage\",\"@id\":\"https:\\\/\\\/fjala.info\\\/2009-2015\\\/qelia-nr-31-alush-gjoci-1919-1982-te-ishte-i-mire-komunizmi-anglia-dhe-amerika-e-mbanin-per-vete\\\/\",\"url\":\"https:\\\/\\\/fjala.info\\\/2009-2015\\\/qelia-nr-31-alush-gjoci-1919-1982-te-ishte-i-mire-komunizmi-anglia-dhe-amerika-e-mbanin-per-vete\\\/\",\"name\":\"Qelia nr. 31 - Alush Gjoci (1919-1982): \u201cT\u00eb ishte i mir\u00eb komunizmi, Anglia dhe Amerika e mbanin p\u00ebr vete\u201d - FjALA e LIR\u00cb - Arkivi\",\"isPartOf\":{\"@id\":\"https:\\\/\\\/fjala.info\\\/2009-2015\\\/#website\"},\"primaryImageOfPage\":{\"@id\":\"https:\\\/\\\/fjala.info\\\/2009-2015\\\/qelia-nr-31-alush-gjoci-1919-1982-te-ishte-i-mire-komunizmi-anglia-dhe-amerika-e-mbanin-per-vete\\\/#primaryimage\"},\"image\":{\"@id\":\"https:\\\/\\\/fjala.info\\\/2009-2015\\\/qelia-nr-31-alush-gjoci-1919-1982-te-ishte-i-mire-komunizmi-anglia-dhe-amerika-e-mbanin-per-vete\\\/#primaryimage\"},\"thumbnailUrl\":\"http:\\\/\\\/www.shkoder.net\\\/images\\\/fjala\\\/2011\\\/neki_babamusta.jpg\",\"datePublished\":\"2012-01-02T08:07:30+00:00\",\"breadcrumb\":{\"@id\":\"https:\\\/\\\/fjala.info\\\/2009-2015\\\/qelia-nr-31-alush-gjoci-1919-1982-te-ishte-i-mire-komunizmi-anglia-dhe-amerika-e-mbanin-per-vete\\\/#breadcrumb\"},\"inLanguage\":\"sq-AL\",\"potentialAction\":[{\"@type\":\"ReadAction\",\"target\":[\"https:\\\/\\\/fjala.info\\\/2009-2015\\\/qelia-nr-31-alush-gjoci-1919-1982-te-ishte-i-mire-komunizmi-anglia-dhe-amerika-e-mbanin-per-vete\\\/\"]}]},{\"@type\":\"ImageObject\",\"inLanguage\":\"sq-AL\",\"@id\":\"https:\\\/\\\/fjala.info\\\/2009-2015\\\/qelia-nr-31-alush-gjoci-1919-1982-te-ishte-i-mire-komunizmi-anglia-dhe-amerika-e-mbanin-per-vete\\\/#primaryimage\",\"url\":\"http:\\\/\\\/www.shkoder.net\\\/images\\\/fjala\\\/2011\\\/neki_babamusta.jpg\",\"contentUrl\":\"http:\\\/\\\/www.shkoder.net\\\/images\\\/fjala\\\/2011\\\/neki_babamusta.jpg\"},{\"@type\":\"BreadcrumbList\",\"@id\":\"https:\\\/\\\/fjala.info\\\/2009-2015\\\/qelia-nr-31-alush-gjoci-1919-1982-te-ishte-i-mire-komunizmi-anglia-dhe-amerika-e-mbanin-per-vete\\\/#breadcrumb\",\"itemListElement\":[{\"@type\":\"ListItem\",\"position\":1,\"name\":\"Home\",\"item\":\"https:\\\/\\\/fjala.info\\\/2009-2015\\\/\"},{\"@type\":\"ListItem\",\"position\":2,\"name\":\"Qelia nr. 31 &#8211; Alush Gjoci (1919-1982): \u201cT\u00eb ishte i mir\u00eb komunizmi, Anglia dhe Amerika e mbanin p\u00ebr vete\u201d\"}]},{\"@type\":\"WebSite\",\"@id\":\"https:\\\/\\\/fjala.info\\\/2009-2015\\\/#website\",\"url\":\"https:\\\/\\\/fjala.info\\\/2009-2015\\\/\",\"name\":\"FjALA e LIR\u00cb - Arkivi\",\"description\":\"Arkivi 2009-2015\",\"publisher\":{\"@id\":\"https:\\\/\\\/fjala.info\\\/2009-2015\\\/#organization\"},\"potentialAction\":[{\"@type\":\"SearchAction\",\"target\":{\"@type\":\"EntryPoint\",\"urlTemplate\":\"https:\\\/\\\/fjala.info\\\/2009-2015\\\/?s={search_term_string}\"},\"query-input\":{\"@type\":\"PropertyValueSpecification\",\"valueRequired\":true,\"valueName\":\"search_term_string\"}}],\"inLanguage\":\"sq-AL\"},{\"@type\":\"Organization\",\"@id\":\"https:\\\/\\\/fjala.info\\\/2009-2015\\\/#organization\",\"name\":\"FjALA e LIR\u00cb - Arkivi\",\"url\":\"https:\\\/\\\/fjala.info\\\/2009-2015\\\/\",\"logo\":{\"@type\":\"ImageObject\",\"inLanguage\":\"sq-AL\",\"@id\":\"https:\\\/\\\/fjala.info\\\/2009-2015\\\/#\\\/schema\\\/logo\\\/image\\\/\",\"url\":\"\",\"contentUrl\":\"\",\"caption\":\"FjALA e LIR\u00cb - Arkivi\"},\"image\":{\"@id\":\"https:\\\/\\\/fjala.info\\\/2009-2015\\\/#\\\/schema\\\/logo\\\/image\\\/\"}},{\"@type\":\"Person\",\"@id\":\"https:\\\/\\\/fjala.info\\\/2009-2015\\\/#\\\/schema\\\/person\\\/3aa1163ef05469c496fc94e77611ada2\",\"name\":\"admin\",\"image\":{\"@type\":\"ImageObject\",\"inLanguage\":\"sq-AL\",\"@id\":\"https:\\\/\\\/fjala.info\\\/2009-2015\\\/wp-content\\\/uploads\\\/2012\\\/02\\\/arben_cokaj-120x150.jpg\",\"url\":\"https:\\\/\\\/fjala.info\\\/2009-2015\\\/wp-content\\\/uploads\\\/2012\\\/02\\\/arben_cokaj-120x150.jpg\",\"contentUrl\":\"https:\\\/\\\/fjala.info\\\/2009-2015\\\/wp-content\\\/uploads\\\/2012\\\/02\\\/arben_cokaj-120x150.jpg\",\"caption\":\"admin\"},\"description\":\"Admin, Fjala e Lir\u00eb\",\"sameAs\":[\"https:\\\/\\\/fjala.info\\\/\"],\"url\":\"https:\\\/\\\/fjala.info\\\/2009-2015\\\/author\\\/admin\\\/\"}]}<\/script>\n<!-- \/ Yoast SEO plugin. -->","yoast_head_json":{"title":"Qelia nr. 31 - Alush Gjoci (1919-1982): \u201cT\u00eb ishte i mir\u00eb komunizmi, Anglia dhe Amerika e mbanin p\u00ebr vete\u201d - FjALA e LIR\u00cb - Arkivi","robots":{"index":"index","follow":"follow","max-snippet":"max-snippet:-1","max-image-preview":"max-image-preview:large","max-video-preview":"max-video-preview:-1"},"canonical":"https:\/\/fjala.info\/2009-2015\/qelia-nr-31-alush-gjoci-1919-1982-te-ishte-i-mire-komunizmi-anglia-dhe-amerika-e-mbanin-per-vete\/","og_locale":"sq_AL","og_type":"article","og_title":"Qelia nr. 31 - Alush Gjoci (1919-1982): \u201cT\u00eb ishte i mir\u00eb komunizmi, Anglia dhe Amerika e mbanin p\u00ebr vete\u201d - FjALA e LIR\u00cb - Arkivi","og_description":"Nga: Prof. Neki Babamusta, Lond\u00ebr, 1 Janar 2012 31 Janar 1945, Prokurori i Gjykat\u00ebs s\u00eb Lart\u00eb n\u00eb Tiran\u00eb, deklaroi akt akuz\u00eb ndaj t\u00eb pandehurit Alush Gjoci: \u201cArmik i Rreziksh\u00ebm i Pushtetit Popullor, armik i popullit dhe bashk\u00ebpun\u00ebtor i Ballit Komb\u00ebtar. D\u00ebnimi &#8211; 101 vjet burg.\u201d (Ministria e Drejt\u00ebsis\u00eb, Arkiva e t\u00eb P\u00ebrndjekurve). Po at\u00eb nat\u00eb, [&hellip;]","og_url":"https:\/\/fjala.info\/2009-2015\/qelia-nr-31-alush-gjoci-1919-1982-te-ishte-i-mire-komunizmi-anglia-dhe-amerika-e-mbanin-per-vete\/","og_site_name":"FjALA e LIR\u00cb - Arkivi","article_published_time":"2012-01-02T08:07:30+00:00","og_image":[{"url":"http:\/\/www.shkoder.net\/images\/fjala\/2011\/neki_babamusta.jpg","type":"","width":"","height":""}],"author":"admin","twitter_card":"summary_large_image","twitter_misc":{"Written by":"admin","Est. reading time":"5 minutes"},"schema":{"@context":"https:\/\/schema.org","@graph":[{"@type":"Article","@id":"https:\/\/fjala.info\/2009-2015\/qelia-nr-31-alush-gjoci-1919-1982-te-ishte-i-mire-komunizmi-anglia-dhe-amerika-e-mbanin-per-vete\/#article","isPartOf":{"@id":"https:\/\/fjala.info\/2009-2015\/qelia-nr-31-alush-gjoci-1919-1982-te-ishte-i-mire-komunizmi-anglia-dhe-amerika-e-mbanin-per-vete\/"},"author":{"name":"admin","@id":"https:\/\/fjala.info\/2009-2015\/#\/schema\/person\/3aa1163ef05469c496fc94e77611ada2"},"headline":"Qelia nr. 31 &#8211; Alush Gjoci (1919-1982): \u201cT\u00eb ishte i mir\u00eb komunizmi, Anglia dhe Amerika e mbanin p\u00ebr vete\u201d","datePublished":"2012-01-02T08:07:30+00:00","mainEntityOfPage":{"@id":"https:\/\/fjala.info\/2009-2015\/qelia-nr-31-alush-gjoci-1919-1982-te-ishte-i-mire-komunizmi-anglia-dhe-amerika-e-mbanin-per-vete\/"},"wordCount":961,"commentCount":0,"publisher":{"@id":"https:\/\/fjala.info\/2009-2015\/#organization"},"image":{"@id":"https:\/\/fjala.info\/2009-2015\/qelia-nr-31-alush-gjoci-1919-1982-te-ishte-i-mire-komunizmi-anglia-dhe-amerika-e-mbanin-per-vete\/#primaryimage"},"thumbnailUrl":"http:\/\/www.shkoder.net\/images\/fjala\/2011\/neki_babamusta.jpg","articleSection":["Artikuj"],"inLanguage":"sq-AL","potentialAction":[{"@type":"CommentAction","name":"Comment","target":["https:\/\/fjala.info\/2009-2015\/qelia-nr-31-alush-gjoci-1919-1982-te-ishte-i-mire-komunizmi-anglia-dhe-amerika-e-mbanin-per-vete\/#respond"]}]},{"@type":"WebPage","@id":"https:\/\/fjala.info\/2009-2015\/qelia-nr-31-alush-gjoci-1919-1982-te-ishte-i-mire-komunizmi-anglia-dhe-amerika-e-mbanin-per-vete\/","url":"https:\/\/fjala.info\/2009-2015\/qelia-nr-31-alush-gjoci-1919-1982-te-ishte-i-mire-komunizmi-anglia-dhe-amerika-e-mbanin-per-vete\/","name":"Qelia nr. 31 - Alush Gjoci (1919-1982): \u201cT\u00eb ishte i mir\u00eb komunizmi, Anglia dhe Amerika e mbanin p\u00ebr vete\u201d - FjALA e LIR\u00cb - Arkivi","isPartOf":{"@id":"https:\/\/fjala.info\/2009-2015\/#website"},"primaryImageOfPage":{"@id":"https:\/\/fjala.info\/2009-2015\/qelia-nr-31-alush-gjoci-1919-1982-te-ishte-i-mire-komunizmi-anglia-dhe-amerika-e-mbanin-per-vete\/#primaryimage"},"image":{"@id":"https:\/\/fjala.info\/2009-2015\/qelia-nr-31-alush-gjoci-1919-1982-te-ishte-i-mire-komunizmi-anglia-dhe-amerika-e-mbanin-per-vete\/#primaryimage"},"thumbnailUrl":"http:\/\/www.shkoder.net\/images\/fjala\/2011\/neki_babamusta.jpg","datePublished":"2012-01-02T08:07:30+00:00","breadcrumb":{"@id":"https:\/\/fjala.info\/2009-2015\/qelia-nr-31-alush-gjoci-1919-1982-te-ishte-i-mire-komunizmi-anglia-dhe-amerika-e-mbanin-per-vete\/#breadcrumb"},"inLanguage":"sq-AL","potentialAction":[{"@type":"ReadAction","target":["https:\/\/fjala.info\/2009-2015\/qelia-nr-31-alush-gjoci-1919-1982-te-ishte-i-mire-komunizmi-anglia-dhe-amerika-e-mbanin-per-vete\/"]}]},{"@type":"ImageObject","inLanguage":"sq-AL","@id":"https:\/\/fjala.info\/2009-2015\/qelia-nr-31-alush-gjoci-1919-1982-te-ishte-i-mire-komunizmi-anglia-dhe-amerika-e-mbanin-per-vete\/#primaryimage","url":"http:\/\/www.shkoder.net\/images\/fjala\/2011\/neki_babamusta.jpg","contentUrl":"http:\/\/www.shkoder.net\/images\/fjala\/2011\/neki_babamusta.jpg"},{"@type":"BreadcrumbList","@id":"https:\/\/fjala.info\/2009-2015\/qelia-nr-31-alush-gjoci-1919-1982-te-ishte-i-mire-komunizmi-anglia-dhe-amerika-e-mbanin-per-vete\/#breadcrumb","itemListElement":[{"@type":"ListItem","position":1,"name":"Home","item":"https:\/\/fjala.info\/2009-2015\/"},{"@type":"ListItem","position":2,"name":"Qelia nr. 31 &#8211; Alush Gjoci (1919-1982): \u201cT\u00eb ishte i mir\u00eb komunizmi, Anglia dhe Amerika e mbanin p\u00ebr vete\u201d"}]},{"@type":"WebSite","@id":"https:\/\/fjala.info\/2009-2015\/#website","url":"https:\/\/fjala.info\/2009-2015\/","name":"FjALA e LIR\u00cb - Arkivi","description":"Arkivi 2009-2015","publisher":{"@id":"https:\/\/fjala.info\/2009-2015\/#organization"},"potentialAction":[{"@type":"SearchAction","target":{"@type":"EntryPoint","urlTemplate":"https:\/\/fjala.info\/2009-2015\/?s={search_term_string}"},"query-input":{"@type":"PropertyValueSpecification","valueRequired":true,"valueName":"search_term_string"}}],"inLanguage":"sq-AL"},{"@type":"Organization","@id":"https:\/\/fjala.info\/2009-2015\/#organization","name":"FjALA e LIR\u00cb - Arkivi","url":"https:\/\/fjala.info\/2009-2015\/","logo":{"@type":"ImageObject","inLanguage":"sq-AL","@id":"https:\/\/fjala.info\/2009-2015\/#\/schema\/logo\/image\/","url":"","contentUrl":"","caption":"FjALA e LIR\u00cb - Arkivi"},"image":{"@id":"https:\/\/fjala.info\/2009-2015\/#\/schema\/logo\/image\/"}},{"@type":"Person","@id":"https:\/\/fjala.info\/2009-2015\/#\/schema\/person\/3aa1163ef05469c496fc94e77611ada2","name":"admin","image":{"@type":"ImageObject","inLanguage":"sq-AL","@id":"https:\/\/fjala.info\/2009-2015\/wp-content\/uploads\/2012\/02\/arben_cokaj-120x150.jpg","url":"https:\/\/fjala.info\/2009-2015\/wp-content\/uploads\/2012\/02\/arben_cokaj-120x150.jpg","contentUrl":"https:\/\/fjala.info\/2009-2015\/wp-content\/uploads\/2012\/02\/arben_cokaj-120x150.jpg","caption":"admin"},"description":"Admin, Fjala e Lir\u00eb","sameAs":["https:\/\/fjala.info\/"],"url":"https:\/\/fjala.info\/2009-2015\/author\/admin\/"}]}},"_links":{"self":[{"href":"https:\/\/fjala.info\/2009-2015\/wp-json\/wp\/v2\/posts\/11570","targetHints":{"allow":["GET"]}}],"collection":[{"href":"https:\/\/fjala.info\/2009-2015\/wp-json\/wp\/v2\/posts"}],"about":[{"href":"https:\/\/fjala.info\/2009-2015\/wp-json\/wp\/v2\/types\/post"}],"author":[{"embeddable":true,"href":"https:\/\/fjala.info\/2009-2015\/wp-json\/wp\/v2\/users\/1"}],"replies":[{"embeddable":true,"href":"https:\/\/fjala.info\/2009-2015\/wp-json\/wp\/v2\/comments?post=11570"}],"version-history":[{"count":0,"href":"https:\/\/fjala.info\/2009-2015\/wp-json\/wp\/v2\/posts\/11570\/revisions"}],"wp:attachment":[{"href":"https:\/\/fjala.info\/2009-2015\/wp-json\/wp\/v2\/media?parent=11570"}],"wp:term":[{"taxonomy":"category","embeddable":true,"href":"https:\/\/fjala.info\/2009-2015\/wp-json\/wp\/v2\/categories?post=11570"},{"taxonomy":"post_tag","embeddable":true,"href":"https:\/\/fjala.info\/2009-2015\/wp-json\/wp\/v2\/tags?post=11570"}],"curies":[{"name":"wp","href":"https:\/\/api.w.org\/{rel}","templated":true}]}}