{"id":11569,"date":"2012-01-01T19:58:47","date_gmt":"2012-01-01T18:58:47","guid":{"rendered":"http:\/\/fjala.shkoder.net\/?p=902"},"modified":"2012-01-01T19:58:47","modified_gmt":"2012-01-01T18:58:47","slug":"te-gjithe-udheheqesit-te-shqetesuar-vetem-ky-i-yni-jo","status":"publish","type":"post","link":"https:\/\/fjala.info\/2009-2015\/te-gjithe-udheheqesit-te-shqetesuar-vetem-ky-i-yni-jo\/","title":{"rendered":"T\u00eb gjith\u00eb udh\u00ebheq\u00ebsit t\u00eb shqet\u00ebsuar; vet\u00ebm ky i yni, jo"},"content":{"rendered":"<p><img decoding=\"async\" class=\"alignright size-thumbnail wp-image-7236\" title=\"Ilustrim\" src=\"http:\/\/www.shkoder.net\/2012\/ilustrim_res.jpg\" alt=\"\" width=\"300\" \/> <strong>TemA Online<\/strong>, <em>1 Janar 2012<\/em><\/p>\n<p>T\u00eb gjith\u00eb udh\u00ebheq\u00ebsit europian\u00eb dhan\u00eb mesazhe me rastin e vitit t\u00eb ri, dhe shumica e k\u00ebtyre mesazheve bashkoheshin tek frika prej p\u00ebrkeq\u00ebsimit t\u00eb gjendjes dhe tek ideja se viti 2012 do t\u00eb jet\u00eb nj\u00eb vit edhe m\u00eb i v\u00ebshtir\u00eb se ky q\u00eb sapo lam\u00eb pas.<\/p>\n<p>Angela Merkel e p\u00ebrforcoi k\u00ebt\u00eb pohim t\u00eb vetin dhe me shprehjen ndajfoljore \u201cpa asnj\u00eb pik\u00eb dyshimi\u201d. Mesazhi i kryeministrit grek Lucas Papademos ishte nj\u00eb list\u00eb sakrificash q\u00eb do vijn\u00eb si pasoj\u00eb e masave dhe reformave q\u00eb do vijojn\u00eb t\u00eb b\u00ebhen prej qeveris\u00eb. N\u00eb t\u00eb nj\u00ebjt\u00ebn linj\u00eb eci dhe Presidenti italian, i cili k\u00ebrkoi mir\u00ebkuptim p\u00ebr sakrificat, pasi ndryshe nuk mund t\u00eb evitohet kolapsi financiar.<\/p>\n<p>Sarkozy u tha francez\u00ebve se \u201ckriza q\u00eb prej dy vitesh ua ka b\u00ebr\u00eb jet\u00ebn t\u00eb v\u00ebshtir\u00eb familjeve franceze nuk \u00ebsht\u00eb mbyllur ende\u201d. Por Sarkozy, n\u00eb ndryshim nga t\u00eb tjer\u00ebt, u shpreh optimist p\u00ebr 2012-n (\u201cka arsye p\u00ebr t\u00eb qen\u00eb optimist\u201d, tha ai), por ky optimiz\u00ebm \u00ebsht\u00eb elektoral, e jo racional; sondazhet i japin pak pik\u00eb, dhe nj\u00eb fjalim i d\u00ebshp\u00ebruar me rastin e Vitit t\u00eb Ri do ta ulte ca m\u00eb shum\u00eb mb\u00ebshtetjen n\u00eb favor t\u00eb tij.<\/p>\n<p>I vetmi udh\u00ebheq\u00ebs optimist i Europ\u00ebs \u00ebsht\u00eb ky bandilli yn\u00eb, i cili tha \u201cse ekonomia shqiptare \u00ebsht\u00eb nj\u00eb nga dy ekonomit\u00eb m\u00eb solide t\u00eb Europ\u00ebs (tjetra \u00ebsht\u00eb Gjermania), dhe se Shqip\u00ebria ka ndryshuar \u201cdo t\u00eb ndryshoj\u00eb edhe m\u00eb shpejt\u201d n\u00eb vitin 2012.<\/p>\n<p><em>respublica.al<\/em><\/p>\n","protected":false},"excerpt":{"rendered":"<p>TemA Online, 1 Janar 2012 T\u00eb gjith\u00eb udh\u00ebheq\u00ebsit europian\u00eb dhan\u00eb mesazhe me rastin e vitit t\u00eb ri, dhe shumica e k\u00ebtyre mesazheve bashkoheshin tek frika prej p\u00ebrkeq\u00ebsimit t\u00eb gjendjes dhe tek ideja se viti 2012 do t\u00eb jet\u00eb nj\u00eb vit edhe m\u00eb i v\u00ebshtir\u00eb se ky q\u00eb sapo lam\u00eb pas. Angela Merkel e p\u00ebrforcoi k\u00ebt\u00eb [&hellip;]<\/p>\n","protected":false},"author":1,"featured_media":0,"comment_status":"open","ping_status":"closed","sticky":false,"template":"","format":"standard","meta":{"footnotes":""},"categories":[5],"tags":[],"class_list":{"0":"post-11569","1":"post","2":"type-post","3":"status-publish","4":"format-standard","6":"category-lajme"},"yoast_head":"<!-- This site is optimized with the Yoast SEO plugin v27.4 - https:\/\/yoast.com\/product\/yoast-seo-wordpress\/ -->\n<title>T\u00eb gjith\u00eb udh\u00ebheq\u00ebsit t\u00eb shqet\u00ebsuar; vet\u00ebm ky i yni, jo - FjALA e LIR\u00cb - Arkivi<\/title>\n<meta name=\"robots\" content=\"index, follow, max-snippet:-1, max-image-preview:large, max-video-preview:-1\" \/>\n<link rel=\"canonical\" href=\"https:\/\/fjala.info\/2009-2015\/te-gjithe-udheheqesit-te-shqetesuar-vetem-ky-i-yni-jo\/\" \/>\n<meta property=\"og:locale\" content=\"sq_AL\" \/>\n<meta property=\"og:type\" content=\"article\" \/>\n<meta property=\"og:title\" content=\"T\u00eb gjith\u00eb udh\u00ebheq\u00ebsit t\u00eb shqet\u00ebsuar; vet\u00ebm ky i yni, jo - FjALA e LIR\u00cb - Arkivi\" \/>\n<meta property=\"og:description\" content=\"TemA Online, 1 Janar 2012 T\u00eb gjith\u00eb udh\u00ebheq\u00ebsit europian\u00eb dhan\u00eb mesazhe me rastin e vitit t\u00eb ri, dhe shumica e k\u00ebtyre mesazheve bashkoheshin tek frika prej p\u00ebrkeq\u00ebsimit t\u00eb gjendjes dhe tek ideja se viti 2012 do t\u00eb jet\u00eb nj\u00eb vit edhe m\u00eb i v\u00ebshtir\u00eb se ky q\u00eb sapo lam\u00eb pas. Angela Merkel e p\u00ebrforcoi k\u00ebt\u00eb [&hellip;]\" \/>\n<meta property=\"og:url\" content=\"https:\/\/fjala.info\/2009-2015\/te-gjithe-udheheqesit-te-shqetesuar-vetem-ky-i-yni-jo\/\" \/>\n<meta property=\"og:site_name\" content=\"FjALA e LIR\u00cb - Arkivi\" \/>\n<meta property=\"article:published_time\" content=\"2012-01-01T18:58:47+00:00\" \/>\n<meta property=\"og:image\" content=\"http:\/\/www.shkoder.net\/2012\/ilustrim_res.jpg\" \/>\n<meta name=\"author\" content=\"admin\" \/>\n<meta name=\"twitter:card\" content=\"summary_large_image\" \/>\n<meta name=\"twitter:label1\" content=\"Written by\" \/>\n\t<meta name=\"twitter:data1\" content=\"admin\" \/>\n\t<meta name=\"twitter:label2\" content=\"Est. reading time\" \/>\n\t<meta name=\"twitter:data2\" content=\"1 minute\" \/>\n<script type=\"application\/ld+json\" class=\"yoast-schema-graph\">{\"@context\":\"https:\\\/\\\/schema.org\",\"@graph\":[{\"@type\":\"Article\",\"@id\":\"https:\\\/\\\/fjala.info\\\/2009-2015\\\/te-gjithe-udheheqesit-te-shqetesuar-vetem-ky-i-yni-jo\\\/#article\",\"isPartOf\":{\"@id\":\"https:\\\/\\\/fjala.info\\\/2009-2015\\\/te-gjithe-udheheqesit-te-shqetesuar-vetem-ky-i-yni-jo\\\/\"},\"author\":{\"name\":\"admin\",\"@id\":\"https:\\\/\\\/fjala.info\\\/2009-2015\\\/#\\\/schema\\\/person\\\/3aa1163ef05469c496fc94e77611ada2\"},\"headline\":\"T\u00eb gjith\u00eb udh\u00ebheq\u00ebsit t\u00eb shqet\u00ebsuar; vet\u00ebm ky i yni, jo\",\"datePublished\":\"2012-01-01T18:58:47+00:00\",\"mainEntityOfPage\":{\"@id\":\"https:\\\/\\\/fjala.info\\\/2009-2015\\\/te-gjithe-udheheqesit-te-shqetesuar-vetem-ky-i-yni-jo\\\/\"},\"wordCount\":275,\"commentCount\":0,\"publisher\":{\"@id\":\"https:\\\/\\\/fjala.info\\\/2009-2015\\\/#organization\"},\"image\":{\"@id\":\"https:\\\/\\\/fjala.info\\\/2009-2015\\\/te-gjithe-udheheqesit-te-shqetesuar-vetem-ky-i-yni-jo\\\/#primaryimage\"},\"thumbnailUrl\":\"http:\\\/\\\/www.shkoder.net\\\/2012\\\/ilustrim_res.jpg\",\"articleSection\":[\"Lajme\"],\"inLanguage\":\"sq-AL\",\"potentialAction\":[{\"@type\":\"CommentAction\",\"name\":\"Comment\",\"target\":[\"https:\\\/\\\/fjala.info\\\/2009-2015\\\/te-gjithe-udheheqesit-te-shqetesuar-vetem-ky-i-yni-jo\\\/#respond\"]}]},{\"@type\":\"WebPage\",\"@id\":\"https:\\\/\\\/fjala.info\\\/2009-2015\\\/te-gjithe-udheheqesit-te-shqetesuar-vetem-ky-i-yni-jo\\\/\",\"url\":\"https:\\\/\\\/fjala.info\\\/2009-2015\\\/te-gjithe-udheheqesit-te-shqetesuar-vetem-ky-i-yni-jo\\\/\",\"name\":\"T\u00eb gjith\u00eb udh\u00ebheq\u00ebsit t\u00eb shqet\u00ebsuar; vet\u00ebm ky i yni, jo - FjALA e LIR\u00cb - Arkivi\",\"isPartOf\":{\"@id\":\"https:\\\/\\\/fjala.info\\\/2009-2015\\\/#website\"},\"primaryImageOfPage\":{\"@id\":\"https:\\\/\\\/fjala.info\\\/2009-2015\\\/te-gjithe-udheheqesit-te-shqetesuar-vetem-ky-i-yni-jo\\\/#primaryimage\"},\"image\":{\"@id\":\"https:\\\/\\\/fjala.info\\\/2009-2015\\\/te-gjithe-udheheqesit-te-shqetesuar-vetem-ky-i-yni-jo\\\/#primaryimage\"},\"thumbnailUrl\":\"http:\\\/\\\/www.shkoder.net\\\/2012\\\/ilustrim_res.jpg\",\"datePublished\":\"2012-01-01T18:58:47+00:00\",\"breadcrumb\":{\"@id\":\"https:\\\/\\\/fjala.info\\\/2009-2015\\\/te-gjithe-udheheqesit-te-shqetesuar-vetem-ky-i-yni-jo\\\/#breadcrumb\"},\"inLanguage\":\"sq-AL\",\"potentialAction\":[{\"@type\":\"ReadAction\",\"target\":[\"https:\\\/\\\/fjala.info\\\/2009-2015\\\/te-gjithe-udheheqesit-te-shqetesuar-vetem-ky-i-yni-jo\\\/\"]}]},{\"@type\":\"ImageObject\",\"inLanguage\":\"sq-AL\",\"@id\":\"https:\\\/\\\/fjala.info\\\/2009-2015\\\/te-gjithe-udheheqesit-te-shqetesuar-vetem-ky-i-yni-jo\\\/#primaryimage\",\"url\":\"http:\\\/\\\/www.shkoder.net\\\/2012\\\/ilustrim_res.jpg\",\"contentUrl\":\"http:\\\/\\\/www.shkoder.net\\\/2012\\\/ilustrim_res.jpg\"},{\"@type\":\"BreadcrumbList\",\"@id\":\"https:\\\/\\\/fjala.info\\\/2009-2015\\\/te-gjithe-udheheqesit-te-shqetesuar-vetem-ky-i-yni-jo\\\/#breadcrumb\",\"itemListElement\":[{\"@type\":\"ListItem\",\"position\":1,\"name\":\"Home\",\"item\":\"https:\\\/\\\/fjala.info\\\/2009-2015\\\/\"},{\"@type\":\"ListItem\",\"position\":2,\"name\":\"T\u00eb gjith\u00eb udh\u00ebheq\u00ebsit t\u00eb shqet\u00ebsuar; vet\u00ebm ky i yni, jo\"}]},{\"@type\":\"WebSite\",\"@id\":\"https:\\\/\\\/fjala.info\\\/2009-2015\\\/#website\",\"url\":\"https:\\\/\\\/fjala.info\\\/2009-2015\\\/\",\"name\":\"FjALA e LIR\u00cb - Arkivi\",\"description\":\"Arkivi 2009-2015\",\"publisher\":{\"@id\":\"https:\\\/\\\/fjala.info\\\/2009-2015\\\/#organization\"},\"potentialAction\":[{\"@type\":\"SearchAction\",\"target\":{\"@type\":\"EntryPoint\",\"urlTemplate\":\"https:\\\/\\\/fjala.info\\\/2009-2015\\\/?s={search_term_string}\"},\"query-input\":{\"@type\":\"PropertyValueSpecification\",\"valueRequired\":true,\"valueName\":\"search_term_string\"}}],\"inLanguage\":\"sq-AL\"},{\"@type\":\"Organization\",\"@id\":\"https:\\\/\\\/fjala.info\\\/2009-2015\\\/#organization\",\"name\":\"FjALA e LIR\u00cb - Arkivi\",\"url\":\"https:\\\/\\\/fjala.info\\\/2009-2015\\\/\",\"logo\":{\"@type\":\"ImageObject\",\"inLanguage\":\"sq-AL\",\"@id\":\"https:\\\/\\\/fjala.info\\\/2009-2015\\\/#\\\/schema\\\/logo\\\/image\\\/\",\"url\":\"\",\"contentUrl\":\"\",\"caption\":\"FjALA e LIR\u00cb - Arkivi\"},\"image\":{\"@id\":\"https:\\\/\\\/fjala.info\\\/2009-2015\\\/#\\\/schema\\\/logo\\\/image\\\/\"}},{\"@type\":\"Person\",\"@id\":\"https:\\\/\\\/fjala.info\\\/2009-2015\\\/#\\\/schema\\\/person\\\/3aa1163ef05469c496fc94e77611ada2\",\"name\":\"admin\",\"image\":{\"@type\":\"ImageObject\",\"inLanguage\":\"sq-AL\",\"@id\":\"https:\\\/\\\/fjala.info\\\/2009-2015\\\/wp-content\\\/uploads\\\/2012\\\/02\\\/arben_cokaj-120x150.jpg\",\"url\":\"https:\\\/\\\/fjala.info\\\/2009-2015\\\/wp-content\\\/uploads\\\/2012\\\/02\\\/arben_cokaj-120x150.jpg\",\"contentUrl\":\"https:\\\/\\\/fjala.info\\\/2009-2015\\\/wp-content\\\/uploads\\\/2012\\\/02\\\/arben_cokaj-120x150.jpg\",\"caption\":\"admin\"},\"description\":\"Admin, Fjala e Lir\u00eb\",\"sameAs\":[\"https:\\\/\\\/fjala.info\\\/\"],\"url\":\"https:\\\/\\\/fjala.info\\\/2009-2015\\\/author\\\/admin\\\/\"}]}<\/script>\n<!-- \/ Yoast SEO plugin. -->","yoast_head_json":{"title":"T\u00eb gjith\u00eb udh\u00ebheq\u00ebsit t\u00eb shqet\u00ebsuar; vet\u00ebm ky i yni, jo - FjALA e LIR\u00cb - Arkivi","robots":{"index":"index","follow":"follow","max-snippet":"max-snippet:-1","max-image-preview":"max-image-preview:large","max-video-preview":"max-video-preview:-1"},"canonical":"https:\/\/fjala.info\/2009-2015\/te-gjithe-udheheqesit-te-shqetesuar-vetem-ky-i-yni-jo\/","og_locale":"sq_AL","og_type":"article","og_title":"T\u00eb gjith\u00eb udh\u00ebheq\u00ebsit t\u00eb shqet\u00ebsuar; vet\u00ebm ky i yni, jo - FjALA e LIR\u00cb - Arkivi","og_description":"TemA Online, 1 Janar 2012 T\u00eb gjith\u00eb udh\u00ebheq\u00ebsit europian\u00eb dhan\u00eb mesazhe me rastin e vitit t\u00eb ri, dhe shumica e k\u00ebtyre mesazheve bashkoheshin tek frika prej p\u00ebrkeq\u00ebsimit t\u00eb gjendjes dhe tek ideja se viti 2012 do t\u00eb jet\u00eb nj\u00eb vit edhe m\u00eb i v\u00ebshtir\u00eb se ky q\u00eb sapo lam\u00eb pas. Angela Merkel e p\u00ebrforcoi k\u00ebt\u00eb [&hellip;]","og_url":"https:\/\/fjala.info\/2009-2015\/te-gjithe-udheheqesit-te-shqetesuar-vetem-ky-i-yni-jo\/","og_site_name":"FjALA e LIR\u00cb - Arkivi","article_published_time":"2012-01-01T18:58:47+00:00","og_image":[{"url":"http:\/\/www.shkoder.net\/2012\/ilustrim_res.jpg","type":"","width":"","height":""}],"author":"admin","twitter_card":"summary_large_image","twitter_misc":{"Written by":"admin","Est. reading time":"1 minute"},"schema":{"@context":"https:\/\/schema.org","@graph":[{"@type":"Article","@id":"https:\/\/fjala.info\/2009-2015\/te-gjithe-udheheqesit-te-shqetesuar-vetem-ky-i-yni-jo\/#article","isPartOf":{"@id":"https:\/\/fjala.info\/2009-2015\/te-gjithe-udheheqesit-te-shqetesuar-vetem-ky-i-yni-jo\/"},"author":{"name":"admin","@id":"https:\/\/fjala.info\/2009-2015\/#\/schema\/person\/3aa1163ef05469c496fc94e77611ada2"},"headline":"T\u00eb gjith\u00eb udh\u00ebheq\u00ebsit t\u00eb shqet\u00ebsuar; vet\u00ebm ky i yni, jo","datePublished":"2012-01-01T18:58:47+00:00","mainEntityOfPage":{"@id":"https:\/\/fjala.info\/2009-2015\/te-gjithe-udheheqesit-te-shqetesuar-vetem-ky-i-yni-jo\/"},"wordCount":275,"commentCount":0,"publisher":{"@id":"https:\/\/fjala.info\/2009-2015\/#organization"},"image":{"@id":"https:\/\/fjala.info\/2009-2015\/te-gjithe-udheheqesit-te-shqetesuar-vetem-ky-i-yni-jo\/#primaryimage"},"thumbnailUrl":"http:\/\/www.shkoder.net\/2012\/ilustrim_res.jpg","articleSection":["Lajme"],"inLanguage":"sq-AL","potentialAction":[{"@type":"CommentAction","name":"Comment","target":["https:\/\/fjala.info\/2009-2015\/te-gjithe-udheheqesit-te-shqetesuar-vetem-ky-i-yni-jo\/#respond"]}]},{"@type":"WebPage","@id":"https:\/\/fjala.info\/2009-2015\/te-gjithe-udheheqesit-te-shqetesuar-vetem-ky-i-yni-jo\/","url":"https:\/\/fjala.info\/2009-2015\/te-gjithe-udheheqesit-te-shqetesuar-vetem-ky-i-yni-jo\/","name":"T\u00eb gjith\u00eb udh\u00ebheq\u00ebsit t\u00eb shqet\u00ebsuar; vet\u00ebm ky i yni, jo - FjALA e LIR\u00cb - Arkivi","isPartOf":{"@id":"https:\/\/fjala.info\/2009-2015\/#website"},"primaryImageOfPage":{"@id":"https:\/\/fjala.info\/2009-2015\/te-gjithe-udheheqesit-te-shqetesuar-vetem-ky-i-yni-jo\/#primaryimage"},"image":{"@id":"https:\/\/fjala.info\/2009-2015\/te-gjithe-udheheqesit-te-shqetesuar-vetem-ky-i-yni-jo\/#primaryimage"},"thumbnailUrl":"http:\/\/www.shkoder.net\/2012\/ilustrim_res.jpg","datePublished":"2012-01-01T18:58:47+00:00","breadcrumb":{"@id":"https:\/\/fjala.info\/2009-2015\/te-gjithe-udheheqesit-te-shqetesuar-vetem-ky-i-yni-jo\/#breadcrumb"},"inLanguage":"sq-AL","potentialAction":[{"@type":"ReadAction","target":["https:\/\/fjala.info\/2009-2015\/te-gjithe-udheheqesit-te-shqetesuar-vetem-ky-i-yni-jo\/"]}]},{"@type":"ImageObject","inLanguage":"sq-AL","@id":"https:\/\/fjala.info\/2009-2015\/te-gjithe-udheheqesit-te-shqetesuar-vetem-ky-i-yni-jo\/#primaryimage","url":"http:\/\/www.shkoder.net\/2012\/ilustrim_res.jpg","contentUrl":"http:\/\/www.shkoder.net\/2012\/ilustrim_res.jpg"},{"@type":"BreadcrumbList","@id":"https:\/\/fjala.info\/2009-2015\/te-gjithe-udheheqesit-te-shqetesuar-vetem-ky-i-yni-jo\/#breadcrumb","itemListElement":[{"@type":"ListItem","position":1,"name":"Home","item":"https:\/\/fjala.info\/2009-2015\/"},{"@type":"ListItem","position":2,"name":"T\u00eb gjith\u00eb udh\u00ebheq\u00ebsit t\u00eb shqet\u00ebsuar; vet\u00ebm ky i yni, jo"}]},{"@type":"WebSite","@id":"https:\/\/fjala.info\/2009-2015\/#website","url":"https:\/\/fjala.info\/2009-2015\/","name":"FjALA e LIR\u00cb - Arkivi","description":"Arkivi 2009-2015","publisher":{"@id":"https:\/\/fjala.info\/2009-2015\/#organization"},"potentialAction":[{"@type":"SearchAction","target":{"@type":"EntryPoint","urlTemplate":"https:\/\/fjala.info\/2009-2015\/?s={search_term_string}"},"query-input":{"@type":"PropertyValueSpecification","valueRequired":true,"valueName":"search_term_string"}}],"inLanguage":"sq-AL"},{"@type":"Organization","@id":"https:\/\/fjala.info\/2009-2015\/#organization","name":"FjALA e LIR\u00cb - Arkivi","url":"https:\/\/fjala.info\/2009-2015\/","logo":{"@type":"ImageObject","inLanguage":"sq-AL","@id":"https:\/\/fjala.info\/2009-2015\/#\/schema\/logo\/image\/","url":"","contentUrl":"","caption":"FjALA e LIR\u00cb - Arkivi"},"image":{"@id":"https:\/\/fjala.info\/2009-2015\/#\/schema\/logo\/image\/"}},{"@type":"Person","@id":"https:\/\/fjala.info\/2009-2015\/#\/schema\/person\/3aa1163ef05469c496fc94e77611ada2","name":"admin","image":{"@type":"ImageObject","inLanguage":"sq-AL","@id":"https:\/\/fjala.info\/2009-2015\/wp-content\/uploads\/2012\/02\/arben_cokaj-120x150.jpg","url":"https:\/\/fjala.info\/2009-2015\/wp-content\/uploads\/2012\/02\/arben_cokaj-120x150.jpg","contentUrl":"https:\/\/fjala.info\/2009-2015\/wp-content\/uploads\/2012\/02\/arben_cokaj-120x150.jpg","caption":"admin"},"description":"Admin, Fjala e Lir\u00eb","sameAs":["https:\/\/fjala.info\/"],"url":"https:\/\/fjala.info\/2009-2015\/author\/admin\/"}]}},"_links":{"self":[{"href":"https:\/\/fjala.info\/2009-2015\/wp-json\/wp\/v2\/posts\/11569","targetHints":{"allow":["GET"]}}],"collection":[{"href":"https:\/\/fjala.info\/2009-2015\/wp-json\/wp\/v2\/posts"}],"about":[{"href":"https:\/\/fjala.info\/2009-2015\/wp-json\/wp\/v2\/types\/post"}],"author":[{"embeddable":true,"href":"https:\/\/fjala.info\/2009-2015\/wp-json\/wp\/v2\/users\/1"}],"replies":[{"embeddable":true,"href":"https:\/\/fjala.info\/2009-2015\/wp-json\/wp\/v2\/comments?post=11569"}],"version-history":[{"count":0,"href":"https:\/\/fjala.info\/2009-2015\/wp-json\/wp\/v2\/posts\/11569\/revisions"}],"wp:attachment":[{"href":"https:\/\/fjala.info\/2009-2015\/wp-json\/wp\/v2\/media?parent=11569"}],"wp:term":[{"taxonomy":"category","embeddable":true,"href":"https:\/\/fjala.info\/2009-2015\/wp-json\/wp\/v2\/categories?post=11569"},{"taxonomy":"post_tag","embeddable":true,"href":"https:\/\/fjala.info\/2009-2015\/wp-json\/wp\/v2\/tags?post=11569"}],"curies":[{"name":"wp","href":"https:\/\/api.w.org\/{rel}","templated":true}]}}