{"id":11568,"date":"2011-12-31T11:54:35","date_gmt":"2011-12-31T10:54:35","guid":{"rendered":"http:\/\/fjala.shkoder.net\/?p=897"},"modified":"2011-12-31T11:54:35","modified_gmt":"2011-12-31T10:54:35","slug":"lufta-heroike-e-vlores-qershor-1920","status":"publish","type":"post","link":"https:\/\/fjala.info\/2009-2015\/lufta-heroike-e-vlores-qershor-1920\/","title":{"rendered":"Lufta Heroike e Vlor\u00ebs (Qershor 1920)"},"content":{"rendered":"<p><img decoding=\"async\" class=\"alignright size-thumbnail wp-image-7236\" title=\"Prof. Neki Babamusta\" src=\"http:\/\/www.shkoder.net\/images\/fjala\/2011\/neki_babamusta.jpg\" alt=\"\" width=\"150\" \/>Nga: <strong>Prof. Neki Babamusta<\/strong>, <em>Lond\u00ebr, 29 Dhjetor 2011<\/em><\/p>\n<p><strong>1. Vdekja e dyshimt\u00eb e Ismail Qemalit <\/strong><\/p>\n<p><img decoding=\"async\" class=\"alignleft size-thumbnail wp-image-7236\" title=\"Ismail Qemali\" src=\"http:\/\/www.shkoder.net\/images\/fjala\/2011\/ismail_qemali1.jpg\" alt=\"\" width=\"200\" \/><br \/>\n<em>Foto: <strong>Ismail Qemali<\/strong><\/em><\/p>\n<p>Qeveria italiane p\u00ebr q\u00ebllime shoviniste punonte n\u00eb fsheht\u00ebsi p\u00ebr t\u00eb realizuar synimet e saj pushtuese si dikur perandor\u00ebt e Rom\u00ebs. Me 19 Janar 1919, qeveria italiane niset p\u00ebr n\u00eb Konferenc\u00ebn e Paqes n\u00eb Paris me p\u00ebrfaq\u00ebsuesin e saj, kryeminstrin Orlando. Nd\u00ebrsa, Ismail Qemaili, si p\u00ebrfaq\u00ebsues i Shqip\u00ebris\u00eb, d\u00ebshironte t\u00eb merrte pjes\u00eb n\u00eb Konferenc\u00eb. Fillimisht ai shfaqi d\u00ebshir\u00ebn t\u00eb takohej me autoritetet italiane. Por n\u00eb Peruxhia e njoftuan se delegacioni Italian ishte nisur p\u00ebr n\u00eb Paris dhe nuk ia respektuan k\u00ebrkes\u00ebn. Nga sa kuptohet, prezenca shqiptare me Ismail Qemalin n\u00eb krye, c\u00ebnonte interest vetiake t\u00eb Italis\u00eb.<\/p>\n<p><img decoding=\"async\" class=\"alignright size-thumbnail wp-image-7236\" title=\"Ismail Qemali\" src=\"http:\/\/www.shkoder.net\/images\/fjala\/2011\/ismail_qemali_napoli.jpg\" alt=\"\" width=\"300\" \/><br \/>\n<em><strong>Foto e vitit 1908<\/strong> kur Ismail Qemal Vlora ishte n\u00eb Napoli. Nga e majta n\u00eb t\u00eb djatht\u00eb. Lart\u00eb: Ymer Radhima, Qazim Koculi, Xhafer Xhuveli, Sadik Shyti, Qazim Kokoshi, Ahmet Dyrmishi. N\u00eb mes: Hamza Isai, Yzeir Mu\u00e7o, Qamil Vlora (me bluz\u00eb t\u00eb bardh\u00eb), Tahir Vlora, Qazim Vlora, Mahmut Vlora, Nazif Had\u00ebri. Ulur: Alem Tragjasi, Namik Delvina, Ismail Qemal Vlora, Et&#8217;hem Vlora.<\/em><\/p>\n<p>\u201cIsmail Qemali, duke e kuptuar pabesin\u00eb, p\u00ebsoi nj\u00eb goditje apopletike, dhe tha: \u201c<em>M\u00eb h\u00ebngr\u00ebn n\u00eb bes\u00eb<\/em>\u201d. Me 24 Janar 1919 Ismail Qemalit iu provokua nj\u00eb konferenc\u00eb shtypi para gazetar\u00ebve. Para se t\u00eb fliste, i ofruan p\u00ebr t\u00eb ngr\u00ebn\u00eb. Sipas Ethemit, djalit t\u00eb Ismailit, sapo hyri n\u00eb sall\u00eb, Ismaili filloi t\u00eb belb\u00ebzoi me nj\u00eb \u00e7ehre t\u00eb verdh\u00eb. Pas shkum\u00ebs nga goja dhe t\u00eb vjell\u00ebt, zemra e tij pushoi s\u00eb rrahuri.\u201d (Gazeta Dielli, N\u00ebntor 2011).<\/p>\n<p>Helmimi i Ismail Qemalit n\u00eb Itali mbetet mister! Qeveria e Sulejman Delvin\u00ebs, e dal\u00eb nga Kongresi i Lushnj\u00ebs n\u00eb Janar 1920, u transferua me seli n\u00eb Tiran\u00eb n\u00eb shkurt 1920. Detyra e par\u00eb e k\u00ebsaj qeverije qe mbrojtja e t\u00ebr\u00ebsis\u00eb tok\u00ebsore e Shqip\u00ebris\u00eb. P\u00ebr t\u00eb p\u00ebrz\u00ebn\u00eb pushtuesit italian nga Vlora, kjo qeveri udh\u00ebzonte formimin e batalioneve vullnetare n\u00eb ndihm\u00eb t\u00eb luft\u00ebtar\u00ebve heroik t\u00eb Vlor\u00ebs.<\/p>\n<p><img decoding=\"async\" class=\"alignleft size-thumbnail wp-image-7236\" title=\"Krer\u00ebt e fuqive t\u00eb m\u00ebdha - 1919\" src=\"http:\/\/www.shkoder.net\/images\/fjala\/2011\/kreret_fuqive_te_medha_1919.jpg\" alt=\"\" width=\"300\" \/><em>Foto: Foto e liderave t\u00eb kat\u00ebr fuqive t\u00eb m\u00ebdha aleate, n\u00eb Paris 1919 tek Traktati i Versaj\u00ebs: Vittorio Orlando, David Lloyd George, Georges Clemenceau and Woodrow Wilson<\/em><\/p>\n<p><strong>2. Komiteti i Mbrojtes Komb\u00ebtare <\/strong><\/p>\n<p>Komiteti \u201cMbrojtja Komb\u00ebtare\u201d u formua n\u00eb Vlor\u00eb p\u00ebr t\u00eb drejtuar luft\u00ebn kund\u00ebr pushtuesve Italian, me q\u00ebllim q\u00eb t\u00eb mos cop\u00ebzohej Shqip\u00ebria. Duke pasur n\u00eb krye 12 drejtues (nd\u00ebrmjet t\u00eb cil\u00ebve: Osman Nuri, Qazim Kokoshi, Duro Shaka, Ali Beqiri, etj), komiteti me vendim unanim i d\u00ebrgoi ultimatum gjeneralit Italian, Pia\u00e7entinit, q\u00eb t\u00eb largohet sa m\u00eb par\u00eb nga Vlora. Ultimatumi k\u00ebrkonte:<\/p>\n<p>\u201c<em>Populli shqiptar ka 5 vjet q\u00eb po duron kaq padrejt\u00ebsi nga shteti italian n\u00eb Vlor\u00ebn e Shqip\u00ebris\u00eb. Por e vet\u00ebquajtura Itali e lir\u00eb, caktoi ndarjen e Shqip\u00ebris\u00eb p\u00ebrmes traktatesh t\u00eb fshehta, duke shkelur nderin e saj, me mohimin e traktatit q\u00eb ajo ka firmosur n\u00eb Lond\u00ebr me 1913. Komiteti \u201cMbrojta Komb\u00ebtare\u201d i sht\u00ebrnguar nga i gjith\u00eb populli i Vlor\u00ebs dhe gjith\u00eb Shqip\u00ebris\u00eb, mbledhur k\u00ebtu d\u00ebshir\u00ebn, q\u00eb Zot\u00ebria juaj t\u2019i p\u00ebrgjigjet k\u00ebrkes\u00ebs son\u00eb, gjer nes\u00ebr, 4 Qershor, p\u00ebrpara or\u00ebs 19<\/em>.\u201d (Gazeta Dielli, Shtator 2010).<br \/>\nUltimatumi u d\u00ebrgua n\u00ebp\u00ebrmjet Mehmet Selim Mallkeqit. Gjenerali mendjemadh u ndje i fyer nga k\u00ebrkesa e komitetit dhe i tronditur deklaron me arroganc\u00eb:<\/p>\n<p>\u201c<em>T\u2019u thoni brigand\u00ebve se p\u00ebrgjigjen do t\u2019ua japin topat e Kot\u00ebs, Gjormit, Llogaras\u00eb, Drashovic\u00ebs, Tepelen\u00ebs<\/em>.\u201d (Gazeta Dielli, Shtator 2010).<\/p>\n<p>P\u00ebrgjigja e gjith\u00eb popullit shqiptar kundra pushtuesit italian ishte lufta heroike e Vlor\u00ebs, q\u00eb i shporri pushtuesit nga Shqip\u00ebria dhe i hodhi n\u00eb det.<\/p>\n<p><strong>3. Vullnetar\u00ebt e Kavaj\u00ebs pran\u00eb v\u00ebllez\u00ebrve vlonjat\u00eb<\/strong><\/p>\n<p>Sipas rr\u00ebfimit nga Rexhep Bygjymi, veteran n\u00eb luft\u00ebn e Vlor\u00ebs. Bashk\u00ebbisedoi me t\u00eb, prof. Neki Babamusta, n\u00eb Kavaj\u00eb, n\u00eb Qershor 1966.<\/p>\n<p>P\u00ebr t\u00eb ndihmuar v\u00ebllez\u00ebrit e Vlor\u00ebs kund\u00ebr pushtuesve italian\u00eb, nj\u00eb batalion vullnetar\u00ebsh me 400 luft\u00ebtar\u00eb niset drejt Vlor\u00ebs. Nisja b\u00ebhet me 6 qershor 1920, me komandat batalioni, oficeri akademist, Adem Riza Hoxha (Berati). T\u00eb p\u00ebrcjell\u00eb nga populli me p\u00ebrzem\u00ebrsi, luft\u00ebtar\u00ebt nisen drejt Vlor\u00ebs duke ndjekur k\u00ebt\u00eb itenerar: prej Kavaje mb\u00ebrrit\u00ebm n\u00eb Fier, n\u00eb Cakran, kaluam Vjos\u00ebn nat\u00ebn, duke u future n\u00eb uj\u00eb, sepse ushtria italiane e kishte prishur ur\u00ebn e p\u00ebrgjithshme. Mb\u00ebrrit\u00ebm n\u00eb fshatin Tre V\u00ebllez\u00ebrit, n\u00eb Llakatund, M\u00ebkat dhe mandej u p\u00ebrq\u00ebndruam n\u00eb \u00c7oprat.<\/p>\n<p>Me buk\u00eb dhe ushqime na furnizonte populli i krahin\u00ebs. T\u00eb gjith\u00eb rrug\u00ebn e p\u00ebrshkuam me k\u00ebmb\u00eb. Secili nga ne kishte arm\u00ebn e tij. Kur Komandanti yn\u00eb, Adem Riza Berati u betua p\u00ebrpara flamurit p\u00ebr t\u00eb luftuar gjer n\u00eb pik\u00ebn e fundit t\u00eb gjakut kund\u00ebr pushtuesve, edhe ne vullnetar\u00ebt, si u p\u00ebrkul\u00ebm dhe puth\u00ebm me rradh\u00eb flamurin, u b\u00ebm\u00eb gati p\u00ebr sulm. Komanda e mbrojtjes n\u00eb Vlor\u00eb k\u00ebrkoi nga batalioni yn\u00eb, t\u00eb dilnin vullnetar\u00eb p\u00ebr t\u00eb sulmuar mbi tela, sepse terreni ishte i rrethuar nga pushtuesit italian\u00eb.<\/p>\n<p>Vrasja heroike e plakut patriot, Selam Musai na hidh\u00ebroi s\u00eb tep\u00ebrmi, por na shtoi edhe m\u00eb tep\u00ebr guximin p\u00ebr t\u00eb luftuar. Nat\u00ebn ne sulmonim t\u00eb maskuar: me fira, druj shkurre, sepse ushtria italiane ndri\u00e7onte vendin nga deti. Mor\u00ebm pjes\u00eb n\u00eb shum\u00eb beteja, ku shok\u00ebt tan\u00eb treguan vendosm\u00ebri dhe guxim.<\/p>\n<p>N\u00eb k\u00ebt\u00eb luft\u00eb mor\u00ebn pjes\u00eb nga Kavaja edhe fshat\u00ebrat e saj. M\u00eb kujtohen disa nga pjes\u00ebmarr\u00ebsit luft\u00ebtar\u00eb, shumica e t\u00eb cil\u00ebve nuk jetojn\u00eb m\u00eb, si: Faje Felahu, P\u00ebllumb Daiu, Faje Tabaku, Ahmet Xhurnolli, Sulejman Rrica, Bed Zenuni, Dyl Elezi, Mustafa Deg\u00ebrmeni, Islam Xhebili, Dylaver Cani, Osman Moncja, Ismail Patoshi, Andre Pepa (mitralieri), etj. N\u00eb k\u00ebt\u00eb luft\u00eb mbeti i plagosur edhe nipi i Komandatit t\u00eb batalionit, Adem Beratit, i cili edhe m\u00eb von\u00eb vdiq.<\/p>\n<p>*<em>Kat\u00ebr f\u00ebmij\u00ebt e Adem Beratit, dy vajzat, Nysrete dhe Zinije, si dhe dy djemt\u00eb, Irfani dhe Hulusi, n\u00eb koh\u00ebn e diktatur\u00ebs komuniste provuan p\u00ebrndjekje barbare me burgime, internime. Vajzat e tij, ish-m\u00ebsueset e mija, kan\u00eb dh\u00ebn\u00eb nj\u00eb kontribut t\u00eb shk\u00eblqyer p\u00ebr \u00e7\u00ebshtjen e arsimit komb\u00ebtar.<\/em><\/p>\n<p>(*<em>Sh\u00ebnim nga Neki Babamusta<\/em>)<\/p>\n","protected":false},"excerpt":{"rendered":"<p>Nga: Prof. Neki Babamusta, Lond\u00ebr, 29 Dhjetor 2011 1. Vdekja e dyshimt\u00eb e Ismail Qemalit Foto: Ismail Qemali Qeveria italiane p\u00ebr q\u00ebllime shoviniste punonte n\u00eb fsheht\u00ebsi p\u00ebr t\u00eb realizuar synimet e saj pushtuese si dikur perandor\u00ebt e Rom\u00ebs. Me 19 Janar 1919, qeveria italiane niset p\u00ebr n\u00eb Konferenc\u00ebn e Paqes n\u00eb Paris me p\u00ebrfaq\u00ebsuesin e [&hellip;]<\/p>\n","protected":false},"author":1,"featured_media":0,"comment_status":"open","ping_status":"closed","sticky":false,"template":"","format":"standard","meta":{"footnotes":""},"categories":[2],"tags":[],"class_list":{"0":"post-11568","1":"post","2":"type-post","3":"status-publish","4":"format-standard","6":"category-artikuj"},"yoast_head":"<!-- This site is optimized with the Yoast SEO plugin v27.4 - https:\/\/yoast.com\/product\/yoast-seo-wordpress\/ -->\n<title>Lufta Heroike e Vlor\u00ebs (Qershor 1920) - FjALA e LIR\u00cb - Arkivi<\/title>\n<meta name=\"robots\" content=\"index, follow, max-snippet:-1, max-image-preview:large, max-video-preview:-1\" \/>\n<link rel=\"canonical\" href=\"https:\/\/fjala.info\/2009-2015\/lufta-heroike-e-vlores-qershor-1920\/\" \/>\n<meta property=\"og:locale\" content=\"sq_AL\" \/>\n<meta property=\"og:type\" content=\"article\" \/>\n<meta property=\"og:title\" content=\"Lufta Heroike e Vlor\u00ebs (Qershor 1920) - FjALA e LIR\u00cb - Arkivi\" \/>\n<meta property=\"og:description\" content=\"Nga: Prof. Neki Babamusta, Lond\u00ebr, 29 Dhjetor 2011 1. Vdekja e dyshimt\u00eb e Ismail Qemalit Foto: Ismail Qemali Qeveria italiane p\u00ebr q\u00ebllime shoviniste punonte n\u00eb fsheht\u00ebsi p\u00ebr t\u00eb realizuar synimet e saj pushtuese si dikur perandor\u00ebt e Rom\u00ebs. Me 19 Janar 1919, qeveria italiane niset p\u00ebr n\u00eb Konferenc\u00ebn e Paqes n\u00eb Paris me p\u00ebrfaq\u00ebsuesin e [&hellip;]\" \/>\n<meta property=\"og:url\" content=\"https:\/\/fjala.info\/2009-2015\/lufta-heroike-e-vlores-qershor-1920\/\" \/>\n<meta property=\"og:site_name\" content=\"FjALA e LIR\u00cb - Arkivi\" \/>\n<meta property=\"article:published_time\" content=\"2011-12-31T10:54:35+00:00\" \/>\n<meta property=\"og:image\" content=\"http:\/\/www.shkoder.net\/images\/fjala\/2011\/neki_babamusta.jpg\" \/>\n<meta name=\"author\" content=\"admin\" \/>\n<meta name=\"twitter:card\" content=\"summary_large_image\" \/>\n<meta name=\"twitter:label1\" content=\"Written by\" \/>\n\t<meta name=\"twitter:data1\" content=\"admin\" \/>\n\t<meta name=\"twitter:label2\" content=\"Est. reading time\" \/>\n\t<meta name=\"twitter:data2\" content=\"5 minutes\" \/>\n<script type=\"application\/ld+json\" class=\"yoast-schema-graph\">{\"@context\":\"https:\\\/\\\/schema.org\",\"@graph\":[{\"@type\":\"Article\",\"@id\":\"https:\\\/\\\/fjala.info\\\/2009-2015\\\/lufta-heroike-e-vlores-qershor-1920\\\/#article\",\"isPartOf\":{\"@id\":\"https:\\\/\\\/fjala.info\\\/2009-2015\\\/lufta-heroike-e-vlores-qershor-1920\\\/\"},\"author\":{\"name\":\"admin\",\"@id\":\"https:\\\/\\\/fjala.info\\\/2009-2015\\\/#\\\/schema\\\/person\\\/3aa1163ef05469c496fc94e77611ada2\"},\"headline\":\"Lufta Heroike e Vlor\u00ebs (Qershor 1920)\",\"datePublished\":\"2011-12-31T10:54:35+00:00\",\"mainEntityOfPage\":{\"@id\":\"https:\\\/\\\/fjala.info\\\/2009-2015\\\/lufta-heroike-e-vlores-qershor-1920\\\/\"},\"wordCount\":1087,\"commentCount\":0,\"publisher\":{\"@id\":\"https:\\\/\\\/fjala.info\\\/2009-2015\\\/#organization\"},\"image\":{\"@id\":\"https:\\\/\\\/fjala.info\\\/2009-2015\\\/lufta-heroike-e-vlores-qershor-1920\\\/#primaryimage\"},\"thumbnailUrl\":\"http:\\\/\\\/www.shkoder.net\\\/images\\\/fjala\\\/2011\\\/neki_babamusta.jpg\",\"articleSection\":[\"Artikuj\"],\"inLanguage\":\"sq-AL\",\"potentialAction\":[{\"@type\":\"CommentAction\",\"name\":\"Comment\",\"target\":[\"https:\\\/\\\/fjala.info\\\/2009-2015\\\/lufta-heroike-e-vlores-qershor-1920\\\/#respond\"]}]},{\"@type\":\"WebPage\",\"@id\":\"https:\\\/\\\/fjala.info\\\/2009-2015\\\/lufta-heroike-e-vlores-qershor-1920\\\/\",\"url\":\"https:\\\/\\\/fjala.info\\\/2009-2015\\\/lufta-heroike-e-vlores-qershor-1920\\\/\",\"name\":\"Lufta Heroike e Vlor\u00ebs (Qershor 1920) - FjALA e LIR\u00cb - Arkivi\",\"isPartOf\":{\"@id\":\"https:\\\/\\\/fjala.info\\\/2009-2015\\\/#website\"},\"primaryImageOfPage\":{\"@id\":\"https:\\\/\\\/fjala.info\\\/2009-2015\\\/lufta-heroike-e-vlores-qershor-1920\\\/#primaryimage\"},\"image\":{\"@id\":\"https:\\\/\\\/fjala.info\\\/2009-2015\\\/lufta-heroike-e-vlores-qershor-1920\\\/#primaryimage\"},\"thumbnailUrl\":\"http:\\\/\\\/www.shkoder.net\\\/images\\\/fjala\\\/2011\\\/neki_babamusta.jpg\",\"datePublished\":\"2011-12-31T10:54:35+00:00\",\"breadcrumb\":{\"@id\":\"https:\\\/\\\/fjala.info\\\/2009-2015\\\/lufta-heroike-e-vlores-qershor-1920\\\/#breadcrumb\"},\"inLanguage\":\"sq-AL\",\"potentialAction\":[{\"@type\":\"ReadAction\",\"target\":[\"https:\\\/\\\/fjala.info\\\/2009-2015\\\/lufta-heroike-e-vlores-qershor-1920\\\/\"]}]},{\"@type\":\"ImageObject\",\"inLanguage\":\"sq-AL\",\"@id\":\"https:\\\/\\\/fjala.info\\\/2009-2015\\\/lufta-heroike-e-vlores-qershor-1920\\\/#primaryimage\",\"url\":\"http:\\\/\\\/www.shkoder.net\\\/images\\\/fjala\\\/2011\\\/neki_babamusta.jpg\",\"contentUrl\":\"http:\\\/\\\/www.shkoder.net\\\/images\\\/fjala\\\/2011\\\/neki_babamusta.jpg\"},{\"@type\":\"BreadcrumbList\",\"@id\":\"https:\\\/\\\/fjala.info\\\/2009-2015\\\/lufta-heroike-e-vlores-qershor-1920\\\/#breadcrumb\",\"itemListElement\":[{\"@type\":\"ListItem\",\"position\":1,\"name\":\"Home\",\"item\":\"https:\\\/\\\/fjala.info\\\/2009-2015\\\/\"},{\"@type\":\"ListItem\",\"position\":2,\"name\":\"Lufta Heroike e Vlor\u00ebs (Qershor 1920)\"}]},{\"@type\":\"WebSite\",\"@id\":\"https:\\\/\\\/fjala.info\\\/2009-2015\\\/#website\",\"url\":\"https:\\\/\\\/fjala.info\\\/2009-2015\\\/\",\"name\":\"FjALA e LIR\u00cb - Arkivi\",\"description\":\"Arkivi 2009-2015\",\"publisher\":{\"@id\":\"https:\\\/\\\/fjala.info\\\/2009-2015\\\/#organization\"},\"potentialAction\":[{\"@type\":\"SearchAction\",\"target\":{\"@type\":\"EntryPoint\",\"urlTemplate\":\"https:\\\/\\\/fjala.info\\\/2009-2015\\\/?s={search_term_string}\"},\"query-input\":{\"@type\":\"PropertyValueSpecification\",\"valueRequired\":true,\"valueName\":\"search_term_string\"}}],\"inLanguage\":\"sq-AL\"},{\"@type\":\"Organization\",\"@id\":\"https:\\\/\\\/fjala.info\\\/2009-2015\\\/#organization\",\"name\":\"FjALA e LIR\u00cb - Arkivi\",\"url\":\"https:\\\/\\\/fjala.info\\\/2009-2015\\\/\",\"logo\":{\"@type\":\"ImageObject\",\"inLanguage\":\"sq-AL\",\"@id\":\"https:\\\/\\\/fjala.info\\\/2009-2015\\\/#\\\/schema\\\/logo\\\/image\\\/\",\"url\":\"\",\"contentUrl\":\"\",\"caption\":\"FjALA e LIR\u00cb - Arkivi\"},\"image\":{\"@id\":\"https:\\\/\\\/fjala.info\\\/2009-2015\\\/#\\\/schema\\\/logo\\\/image\\\/\"}},{\"@type\":\"Person\",\"@id\":\"https:\\\/\\\/fjala.info\\\/2009-2015\\\/#\\\/schema\\\/person\\\/3aa1163ef05469c496fc94e77611ada2\",\"name\":\"admin\",\"image\":{\"@type\":\"ImageObject\",\"inLanguage\":\"sq-AL\",\"@id\":\"https:\\\/\\\/fjala.info\\\/2009-2015\\\/wp-content\\\/uploads\\\/2012\\\/02\\\/arben_cokaj-120x150.jpg\",\"url\":\"https:\\\/\\\/fjala.info\\\/2009-2015\\\/wp-content\\\/uploads\\\/2012\\\/02\\\/arben_cokaj-120x150.jpg\",\"contentUrl\":\"https:\\\/\\\/fjala.info\\\/2009-2015\\\/wp-content\\\/uploads\\\/2012\\\/02\\\/arben_cokaj-120x150.jpg\",\"caption\":\"admin\"},\"description\":\"Admin, Fjala e Lir\u00eb\",\"sameAs\":[\"https:\\\/\\\/fjala.info\\\/\"],\"url\":\"https:\\\/\\\/fjala.info\\\/2009-2015\\\/author\\\/admin\\\/\"}]}<\/script>\n<!-- \/ Yoast SEO plugin. -->","yoast_head_json":{"title":"Lufta Heroike e Vlor\u00ebs (Qershor 1920) - FjALA e LIR\u00cb - Arkivi","robots":{"index":"index","follow":"follow","max-snippet":"max-snippet:-1","max-image-preview":"max-image-preview:large","max-video-preview":"max-video-preview:-1"},"canonical":"https:\/\/fjala.info\/2009-2015\/lufta-heroike-e-vlores-qershor-1920\/","og_locale":"sq_AL","og_type":"article","og_title":"Lufta Heroike e Vlor\u00ebs (Qershor 1920) - FjALA e LIR\u00cb - Arkivi","og_description":"Nga: Prof. Neki Babamusta, Lond\u00ebr, 29 Dhjetor 2011 1. Vdekja e dyshimt\u00eb e Ismail Qemalit Foto: Ismail Qemali Qeveria italiane p\u00ebr q\u00ebllime shoviniste punonte n\u00eb fsheht\u00ebsi p\u00ebr t\u00eb realizuar synimet e saj pushtuese si dikur perandor\u00ebt e Rom\u00ebs. Me 19 Janar 1919, qeveria italiane niset p\u00ebr n\u00eb Konferenc\u00ebn e Paqes n\u00eb Paris me p\u00ebrfaq\u00ebsuesin e [&hellip;]","og_url":"https:\/\/fjala.info\/2009-2015\/lufta-heroike-e-vlores-qershor-1920\/","og_site_name":"FjALA e LIR\u00cb - Arkivi","article_published_time":"2011-12-31T10:54:35+00:00","og_image":[{"url":"http:\/\/www.shkoder.net\/images\/fjala\/2011\/neki_babamusta.jpg","type":"","width":"","height":""}],"author":"admin","twitter_card":"summary_large_image","twitter_misc":{"Written by":"admin","Est. reading time":"5 minutes"},"schema":{"@context":"https:\/\/schema.org","@graph":[{"@type":"Article","@id":"https:\/\/fjala.info\/2009-2015\/lufta-heroike-e-vlores-qershor-1920\/#article","isPartOf":{"@id":"https:\/\/fjala.info\/2009-2015\/lufta-heroike-e-vlores-qershor-1920\/"},"author":{"name":"admin","@id":"https:\/\/fjala.info\/2009-2015\/#\/schema\/person\/3aa1163ef05469c496fc94e77611ada2"},"headline":"Lufta Heroike e Vlor\u00ebs (Qershor 1920)","datePublished":"2011-12-31T10:54:35+00:00","mainEntityOfPage":{"@id":"https:\/\/fjala.info\/2009-2015\/lufta-heroike-e-vlores-qershor-1920\/"},"wordCount":1087,"commentCount":0,"publisher":{"@id":"https:\/\/fjala.info\/2009-2015\/#organization"},"image":{"@id":"https:\/\/fjala.info\/2009-2015\/lufta-heroike-e-vlores-qershor-1920\/#primaryimage"},"thumbnailUrl":"http:\/\/www.shkoder.net\/images\/fjala\/2011\/neki_babamusta.jpg","articleSection":["Artikuj"],"inLanguage":"sq-AL","potentialAction":[{"@type":"CommentAction","name":"Comment","target":["https:\/\/fjala.info\/2009-2015\/lufta-heroike-e-vlores-qershor-1920\/#respond"]}]},{"@type":"WebPage","@id":"https:\/\/fjala.info\/2009-2015\/lufta-heroike-e-vlores-qershor-1920\/","url":"https:\/\/fjala.info\/2009-2015\/lufta-heroike-e-vlores-qershor-1920\/","name":"Lufta Heroike e Vlor\u00ebs (Qershor 1920) - FjALA e LIR\u00cb - Arkivi","isPartOf":{"@id":"https:\/\/fjala.info\/2009-2015\/#website"},"primaryImageOfPage":{"@id":"https:\/\/fjala.info\/2009-2015\/lufta-heroike-e-vlores-qershor-1920\/#primaryimage"},"image":{"@id":"https:\/\/fjala.info\/2009-2015\/lufta-heroike-e-vlores-qershor-1920\/#primaryimage"},"thumbnailUrl":"http:\/\/www.shkoder.net\/images\/fjala\/2011\/neki_babamusta.jpg","datePublished":"2011-12-31T10:54:35+00:00","breadcrumb":{"@id":"https:\/\/fjala.info\/2009-2015\/lufta-heroike-e-vlores-qershor-1920\/#breadcrumb"},"inLanguage":"sq-AL","potentialAction":[{"@type":"ReadAction","target":["https:\/\/fjala.info\/2009-2015\/lufta-heroike-e-vlores-qershor-1920\/"]}]},{"@type":"ImageObject","inLanguage":"sq-AL","@id":"https:\/\/fjala.info\/2009-2015\/lufta-heroike-e-vlores-qershor-1920\/#primaryimage","url":"http:\/\/www.shkoder.net\/images\/fjala\/2011\/neki_babamusta.jpg","contentUrl":"http:\/\/www.shkoder.net\/images\/fjala\/2011\/neki_babamusta.jpg"},{"@type":"BreadcrumbList","@id":"https:\/\/fjala.info\/2009-2015\/lufta-heroike-e-vlores-qershor-1920\/#breadcrumb","itemListElement":[{"@type":"ListItem","position":1,"name":"Home","item":"https:\/\/fjala.info\/2009-2015\/"},{"@type":"ListItem","position":2,"name":"Lufta Heroike e Vlor\u00ebs (Qershor 1920)"}]},{"@type":"WebSite","@id":"https:\/\/fjala.info\/2009-2015\/#website","url":"https:\/\/fjala.info\/2009-2015\/","name":"FjALA e LIR\u00cb - Arkivi","description":"Arkivi 2009-2015","publisher":{"@id":"https:\/\/fjala.info\/2009-2015\/#organization"},"potentialAction":[{"@type":"SearchAction","target":{"@type":"EntryPoint","urlTemplate":"https:\/\/fjala.info\/2009-2015\/?s={search_term_string}"},"query-input":{"@type":"PropertyValueSpecification","valueRequired":true,"valueName":"search_term_string"}}],"inLanguage":"sq-AL"},{"@type":"Organization","@id":"https:\/\/fjala.info\/2009-2015\/#organization","name":"FjALA e LIR\u00cb - Arkivi","url":"https:\/\/fjala.info\/2009-2015\/","logo":{"@type":"ImageObject","inLanguage":"sq-AL","@id":"https:\/\/fjala.info\/2009-2015\/#\/schema\/logo\/image\/","url":"","contentUrl":"","caption":"FjALA e LIR\u00cb - Arkivi"},"image":{"@id":"https:\/\/fjala.info\/2009-2015\/#\/schema\/logo\/image\/"}},{"@type":"Person","@id":"https:\/\/fjala.info\/2009-2015\/#\/schema\/person\/3aa1163ef05469c496fc94e77611ada2","name":"admin","image":{"@type":"ImageObject","inLanguage":"sq-AL","@id":"https:\/\/fjala.info\/2009-2015\/wp-content\/uploads\/2012\/02\/arben_cokaj-120x150.jpg","url":"https:\/\/fjala.info\/2009-2015\/wp-content\/uploads\/2012\/02\/arben_cokaj-120x150.jpg","contentUrl":"https:\/\/fjala.info\/2009-2015\/wp-content\/uploads\/2012\/02\/arben_cokaj-120x150.jpg","caption":"admin"},"description":"Admin, Fjala e Lir\u00eb","sameAs":["https:\/\/fjala.info\/"],"url":"https:\/\/fjala.info\/2009-2015\/author\/admin\/"}]}},"_links":{"self":[{"href":"https:\/\/fjala.info\/2009-2015\/wp-json\/wp\/v2\/posts\/11568","targetHints":{"allow":["GET"]}}],"collection":[{"href":"https:\/\/fjala.info\/2009-2015\/wp-json\/wp\/v2\/posts"}],"about":[{"href":"https:\/\/fjala.info\/2009-2015\/wp-json\/wp\/v2\/types\/post"}],"author":[{"embeddable":true,"href":"https:\/\/fjala.info\/2009-2015\/wp-json\/wp\/v2\/users\/1"}],"replies":[{"embeddable":true,"href":"https:\/\/fjala.info\/2009-2015\/wp-json\/wp\/v2\/comments?post=11568"}],"version-history":[{"count":0,"href":"https:\/\/fjala.info\/2009-2015\/wp-json\/wp\/v2\/posts\/11568\/revisions"}],"wp:attachment":[{"href":"https:\/\/fjala.info\/2009-2015\/wp-json\/wp\/v2\/media?parent=11568"}],"wp:term":[{"taxonomy":"category","embeddable":true,"href":"https:\/\/fjala.info\/2009-2015\/wp-json\/wp\/v2\/categories?post=11568"},{"taxonomy":"post_tag","embeddable":true,"href":"https:\/\/fjala.info\/2009-2015\/wp-json\/wp\/v2\/tags?post=11568"}],"curies":[{"name":"wp","href":"https:\/\/api.w.org\/{rel}","templated":true}]}}