{"id":11566,"date":"2011-12-31T04:40:24","date_gmt":"2011-12-31T03:40:24","guid":{"rendered":"http:\/\/fjala.shkoder.net\/?p=886"},"modified":"2011-12-31T04:40:24","modified_gmt":"2011-12-31T03:40:24","slug":"kush-mohon-krizen-nuk-ben-gje-tjeter-vecse-e-thekson-ate","status":"publish","type":"post","link":"https:\/\/fjala.info\/2009-2015\/kush-mohon-krizen-nuk-ben-gje-tjeter-vecse-e-thekson-ate\/","title":{"rendered":"Kush mohon kriz\u00ebn nuk b\u00ebn gj\u00eb tjet\u00ebr, ve\u00e7se e thekson at\u00eb"},"content":{"rendered":"<p><img decoding=\"async\" class=\"alignleft size-thumbnail wp-image-7236\" title=\"Mustafa Nano\" src=\"http:\/\/www.shkoder.net\/images\/fjala\/mustafa_nano.jpg\" alt=\"\" width=\"150\" \/> <strong>Mustafa Nano<\/strong>, <em>30.12.2011<\/em><\/p>\n<p>N\u00eb analiz\u00ebn e tij vjetore, kryeministri Berisha n\u00ebnvizoi faktin q\u00eb viti 2011 ka qen\u00eb nj\u00eb vit i shk\u00eblqyer p\u00ebr shqiptar\u00ebt, dhe m\u00eb posht\u00eb u mor me t\u00eb gjitha. Por le t\u00eb ndalemi tek \u201cshk\u00eblqimi ekonomik\u201d, t\u00eb cilit ai vet\u00eb i kushtoi m\u00eb pak v\u00ebmendje se shk\u00eblqimit n\u00eb momente t\u00eb tjera, si\u00e7 jan\u00eb 21 janari i ploj\u00ebs n\u00eb bulevard dhe 8 maji i ploj\u00ebs elektorale n\u00eb Tiran\u00eb (te k\u00ebto t\u00eb fundit u ndal p\u00ebr t\u2019i renditur si suksese).<\/p>\n<p>P\u00ebr ekonomin\u00eb, Berisha u mjaftua t\u00eb deklaronte (marr\u00eb nga e p\u00ebrditshmja Panorama), se \u201ceksportet shqiptare n\u00eb harkun kohor dy vje\u00e7ar kan\u00eb sh\u00ebnuar dyfishimin e tyre, nj\u00eb rast i paprecedent; viti mbyllet me nj\u00eb defi\u00e7it buxhetor 3.5% dhe me nj\u00eb borxh jo mbi 60%; FMN-ja \u00ebsht\u00eb shprehur se \u00ebsht\u00eb borxhi i sh\u00ebrbyer me koston m\u00eb t\u00eb ul\u00ebt se \u00e7do vend tjet\u00ebr. Sot kostoja e sh\u00ebrbimit t\u00eb borxheve \u00ebsht\u00eb b\u00ebr\u00eb lugat i v\u00ebrtet\u00eb i k\u00ebsaj krize. Kjo ka lidhje direkte me ekipin q\u00eb trajton borxhin me p\u00ebrgjegj\u00ebsin\u00eb m\u00eb t\u00eb lart\u00eb, por dhe me kredibilitetin e ekonomis\u00eb shqiptare, t\u00eb konfirmuar nga FMN.\u201d<\/p>\n<p>Vini re: Nuk ka n\u00eb k\u00ebto deklarata asnj\u00eb fjal\u00eb p\u00ebr v\u00ebshtir\u00ebsit\u00eb ekonomike. Madje, as shifr\u00ebn e t\u00eb ardhurave measatare p\u00ebr frym\u00eb (9 mij\u00eb dollar\u00eb\/vit!!!!) dhe as rritjen ekonomike nuk i p\u00ebrmendi, e ndoshta prandaj nxorri nj\u00eb dit\u00eb m\u00eb pas Ridvanin e tij t\u00eb na b\u00ebnte me dije se rritja p\u00ebr k\u00ebt\u00eb vit q\u00eb po ik\u00ebn ka qen\u00eb 3,9%, por pa konfirmuar shifr\u00ebn kryeministrore t\u00eb t\u00eb ardhurave vjetore p\u00ebr frym\u00eb. Berisha, si rrall\u00eb her\u00eb (apo \u00ebsht\u00eb hera e par\u00eb?) p\u00ebrmendi borxhin publik, por jo p\u00ebr t\u00eb mohuar problemet me t\u00eb (si\u00e7 ka b\u00ebr\u00eb gjithnj\u00eb), por p\u00ebr t\u2019na ngush\u00eblluar se ky borxh \u00ebsht\u00eb posht\u00eb 60%-\u00ebshit t\u00eb GDP-s\u00eb, dhe se kostoja e sh\u00ebrbimit t\u00eb tij po administrohet mir\u00eb.<\/p>\n<p>T\u00eb vetmet shifra, q\u00eb kish gjetur p\u00ebr t\u2019i shpallur me ndihm\u00ebn e superlativave q\u00eb atij i dalin nga rropullit\u00eb ishin eksportet q\u00eb jan\u00eb dyfishuar gjat\u00eb dy viteve t\u00eb fundit (shif\u00ebr, q\u00eb e nxjerr\u00eb nga konteksti ekonomik n\u00eb t\u00ebr\u00ebsi s\u2019do t\u00eb thot\u00eb asgj\u00eb), dhe numri i turist\u00ebve q\u00eb arriti n\u00eb 4 milion\u00eb vet\u00eb (kjo \u00ebsht\u00eb rren\u00eb me bisht; ai llogarit dhe hyrje-daljet e veta n\u00eb dogan\u00ebn kufitare si l\u00ebvizje turistike). Si\u00e7 shihet pra, Berish\u00ebs i kan\u00eb mbetur shum\u00eb pak gj\u00ebra p\u00ebr t\u00eb th\u00ebn\u00eb. Ai \u00ebsht\u00eb n\u00eb hall t\u00eb madh, dhe kjo gj\u00eb ka p\u00ebr t\u2019u marr\u00eb vesh gjat\u00eb vitit t\u00eb ardhsh\u00ebm.<\/p>\n<p>Nga shum\u00eb burime po deklarohet e n\u00ebnvizohet se rritja ekonomike e k\u00ebtij viti \u00ebsht\u00eb dy her\u00eb m\u00eb e vog\u00ebl se sa ajo q\u00eb \u00e7aprashit megafoni i Berish\u00ebs me emrin Bode. Dhe k\u00ebt\u00eb nuk \u00ebsht\u00eb se e thot\u00eb vet\u00ebm opozita. Ish-shefi i misionit shqiptar t\u00eb FMN-s\u00eb, Gerwin Bell, tha n\u00eb n\u00ebntor p\u00ebr Z\u00ebrin e Amerik\u00ebs, se rritja e k\u00ebtij viti nuk do ta kaloj\u00eb 2%-\u00ebshin, dhe rritja e pritshme p\u00ebr vitin tjet\u00ebr do t\u00eb jet\u00eb m\u00eb e vog\u00ebl se 1,5%. Bode u kap fort pas vler\u00ebsimeve t\u00eb agjencive Standard&amp;Poor\u2019s dhe Moody\u2019s, por vler\u00ebsimet pozitive t\u00eb k\u00ebtyre agjencive ngrihen mbi indikator\u00eb e t\u00eb dh\u00ebna lokale, dhe dihet q\u00eb k\u00ebto t\u00eb fundit kan\u00eb vet\u00ebm nj\u00eb burim: qeverin\u00eb shqiptare.<\/p>\n<p>Do duhej t\u00eb kishim dhe burime t\u00eb tjera, si INSTAT, Banka e Shqip\u00ebris\u00eb, por ato i kan\u00eb tradh\u00ebtuar me koh\u00eb k\u00ebrkesat e standardet e natyr\u00ebs deontologjike, dhe jan\u00eb shnd\u00ebrruar n\u00eb institute q\u00eb prodhojn\u00eb t\u00eb dh\u00ebna q\u00eb i duhen qeveris\u00eb, apo q\u00eb konfirmojn\u00eb shifra t\u00eb dh\u00ebna t\u00eb deklaruara paraprakisht nga qeveria (edhe Bode n\u00eb daljen e fundvitit tha se \u201crritjen prej 3,9% e konfirmon dhe INSTAT-i\u201d, nd\u00ebrkoh\u00eb q\u00eb INSTAT-i ka t\u00eb dh\u00ebna vet\u00ebm p\u00ebr tremujorin e par\u00eb t\u00eb k\u00ebtij viti). Dhe k\u00ebshtu, t\u00eb gjitha vler\u00ebsimet q\u00eb b\u00ebhen mbi Shqip\u00ebrin\u00eb ngrihen mbi t\u00eb dh\u00ebna q\u00eb dalin nga truri i Berish\u00ebs.<\/p>\n<p>Mir\u00ebpo trukimet s\u2019mund t\u00eb vijojn\u00eb pa fund. Vjen nj\u00eb moment, kur t\u00eb dh\u00ebnat e rreme zbulohen nga realiteti i gj\u00ebrave. Dhe n\u00eb t\u00eb v\u00ebrtet\u00eb, kan\u00eb filluar shpenzimet e kursimet n\u00eb mas\u00eb. P\u00ebr vitin 2012 Berisha premtoi nd\u00ebrtimin e stadiumit t\u00eb ri komb\u00ebtar dhe t\u00eb Parlamentit t\u00eb ri, por nuk ka gjetur para as p\u00ebr t\u00eb hedhur themelet e k\u00ebtyre veprave, t\u00eb cilat n\u00eb fakt jan\u00eb gjith\u00eb dit\u00ebn t\u00eb diskutueshme edhe sikur parat\u00eb t\u00eb ekzistonin. Qeveria nuk pati fuqi t\u2019u jap\u00eb pensionist\u00ebve dhe punonj\u00ebsve t\u00eb administrat\u00ebs shp\u00ebrblimet e fundvitit. P\u00ebr her\u00eb t\u00eb par\u00eb gazetat kan\u00eb z\u00ebn\u00eb t\u00eb informojn\u00eb mbi shkurtime n\u00eb administrat\u00eb.<\/p>\n<p>N\u00eb t\u00eb nj\u00ebjt\u00ebn koh\u00eb nuk gjenden para p\u00ebr t\u00eb paguar kompanit\u00eb q\u00eb kan\u00eb kryer punime n\u00eb vepra publike me parat\u00eb e tyre n\u00eb k\u00ebmbim t\u00eb premtimit t\u00eb b\u00ebr\u00eb nga qeveria p\u00ebr rimbursim t\u00eb m\u00ebvonsh\u00ebm, gj\u00eb q\u00eb ka krijuar probleme n\u00eb marr\u00ebdh\u00ebniet e tyre me bankat (vet\u00ebm CEZ-it shteti shqiptar, sakt\u00ebsisht institucionet e tij, i detyrohen n\u00eb shifr\u00ebn e 50 milion\u00eb eurove). Ka edhe m\u00eb. Nj\u00eb num\u00ebr kompanish kan\u00eb fituar gjyqet me qeverin\u00eb e me institucionet qeveritare, dhe vendimet gjyq\u00ebsore (t\u00eb form\u00ebs s\u00eb prer\u00eb) detyrojn\u00eb k\u00ebto t\u00eb fundit t\u00eb paguajn\u00eb miliona euro. T\u00eb gjitha k\u00ebto e b\u00ebjn\u00eb borxhin publik m\u00eb t\u00eb madh se sa e japin marifet\u00e7injt\u00eb e qeveris\u00eb.<\/p>\n<p>Berisha e t\u00eb tijt\u00eb jan\u00eb me mendjen se po ua hedhin shqiptar\u00ebve me k\u00ebng\u00ebn e suksesit t\u00eb madh gjat\u00eb vitit 2011, por n\u00eb t\u00eb nj\u00ebjt\u00ebn koh\u00eb jan\u00eb duke shkuar vet\u00eb drejt nj\u00eb udhe pa krye e drejt nj\u00eb theqafjeje. N\u00ebse vazhdojn\u00eb t\u00eb mos njohin v\u00ebshtir\u00ebsit\u00eb, do t\u00eb vij\u00eb shum\u00eb shpejt nj\u00eb moment dhe p\u00ebr ta, kur do t\u00eb dor\u00ebzohen. Sigurisht, n\u00eb k\u00ebto rrethana drama do t\u00eb jet\u00eb e shqiptar\u00ebve, por edhe Berisha, Bode, Fullani, etj, q\u00eb nuk kan\u00eb nguruar t\u00eb trukojn\u00eb nj\u00eb realitet t\u00eb t\u00ebr\u00eb me synimin p\u00ebr t\u00eb ngjitur mir\u00eb byth\u00ebt e tyre n\u00eb karrike e p\u00ebr t\u00eb g\u00ebzuar p\u00ebrfitime prej pushtetit, nuk kan\u00eb p\u00ebr t\u2019ia kaluar paq.<\/p>\n","protected":false},"excerpt":{"rendered":"<p>Mustafa Nano, 30.12.2011 N\u00eb analiz\u00ebn e tij vjetore, kryeministri Berisha n\u00ebnvizoi faktin q\u00eb viti 2011 ka qen\u00eb nj\u00eb vit i shk\u00eblqyer p\u00ebr shqiptar\u00ebt, dhe m\u00eb posht\u00eb u mor me t\u00eb gjitha. Por le t\u00eb ndalemi tek \u201cshk\u00eblqimi ekonomik\u201d, t\u00eb cilit ai vet\u00eb i kushtoi m\u00eb pak v\u00ebmendje se shk\u00eblqimit n\u00eb momente t\u00eb tjera, si\u00e7 jan\u00eb [&hellip;]<\/p>\n","protected":false},"author":1,"featured_media":0,"comment_status":"open","ping_status":"closed","sticky":false,"template":"","format":"standard","meta":{"footnotes":""},"categories":[2],"tags":[],"class_list":{"0":"post-11566","1":"post","2":"type-post","3":"status-publish","4":"format-standard","6":"category-artikuj"},"yoast_head":"<!-- This site is optimized with the Yoast SEO plugin v27.4 - https:\/\/yoast.com\/product\/yoast-seo-wordpress\/ -->\n<title>Kush mohon kriz\u00ebn nuk b\u00ebn gj\u00eb tjet\u00ebr, ve\u00e7se e thekson at\u00eb - FjALA e LIR\u00cb - Arkivi<\/title>\n<meta name=\"robots\" content=\"index, follow, max-snippet:-1, max-image-preview:large, max-video-preview:-1\" \/>\n<link rel=\"canonical\" href=\"https:\/\/fjala.info\/2009-2015\/kush-mohon-krizen-nuk-ben-gje-tjeter-vecse-e-thekson-ate\/\" \/>\n<meta property=\"og:locale\" content=\"sq_AL\" \/>\n<meta property=\"og:type\" content=\"article\" \/>\n<meta property=\"og:title\" content=\"Kush mohon kriz\u00ebn nuk b\u00ebn gj\u00eb tjet\u00ebr, ve\u00e7se e thekson at\u00eb - FjALA e LIR\u00cb - Arkivi\" \/>\n<meta property=\"og:description\" content=\"Mustafa Nano, 30.12.2011 N\u00eb analiz\u00ebn e tij vjetore, kryeministri Berisha n\u00ebnvizoi faktin q\u00eb viti 2011 ka qen\u00eb nj\u00eb vit i shk\u00eblqyer p\u00ebr shqiptar\u00ebt, dhe m\u00eb posht\u00eb u mor me t\u00eb gjitha. Por le t\u00eb ndalemi tek \u201cshk\u00eblqimi ekonomik\u201d, t\u00eb cilit ai vet\u00eb i kushtoi m\u00eb pak v\u00ebmendje se shk\u00eblqimit n\u00eb momente t\u00eb tjera, si\u00e7 jan\u00eb [&hellip;]\" \/>\n<meta property=\"og:url\" content=\"https:\/\/fjala.info\/2009-2015\/kush-mohon-krizen-nuk-ben-gje-tjeter-vecse-e-thekson-ate\/\" \/>\n<meta property=\"og:site_name\" content=\"FjALA e LIR\u00cb - Arkivi\" \/>\n<meta property=\"article:published_time\" content=\"2011-12-31T03:40:24+00:00\" \/>\n<meta property=\"og:image\" content=\"http:\/\/www.shkoder.net\/images\/fjala\/mustafa_nano.jpg\" \/>\n<meta name=\"author\" content=\"admin\" \/>\n<meta name=\"twitter:card\" content=\"summary_large_image\" \/>\n<meta name=\"twitter:label1\" content=\"Written by\" \/>\n\t<meta name=\"twitter:data1\" content=\"admin\" \/>\n\t<meta name=\"twitter:label2\" content=\"Est. reading time\" \/>\n\t<meta name=\"twitter:data2\" content=\"5 minutes\" \/>\n<script type=\"application\/ld+json\" class=\"yoast-schema-graph\">{\"@context\":\"https:\\\/\\\/schema.org\",\"@graph\":[{\"@type\":\"Article\",\"@id\":\"https:\\\/\\\/fjala.info\\\/2009-2015\\\/kush-mohon-krizen-nuk-ben-gje-tjeter-vecse-e-thekson-ate\\\/#article\",\"isPartOf\":{\"@id\":\"https:\\\/\\\/fjala.info\\\/2009-2015\\\/kush-mohon-krizen-nuk-ben-gje-tjeter-vecse-e-thekson-ate\\\/\"},\"author\":{\"name\":\"admin\",\"@id\":\"https:\\\/\\\/fjala.info\\\/2009-2015\\\/#\\\/schema\\\/person\\\/3aa1163ef05469c496fc94e77611ada2\"},\"headline\":\"Kush mohon kriz\u00ebn nuk b\u00ebn gj\u00eb tjet\u00ebr, ve\u00e7se e thekson at\u00eb\",\"datePublished\":\"2011-12-31T03:40:24+00:00\",\"mainEntityOfPage\":{\"@id\":\"https:\\\/\\\/fjala.info\\\/2009-2015\\\/kush-mohon-krizen-nuk-ben-gje-tjeter-vecse-e-thekson-ate\\\/\"},\"wordCount\":1093,\"commentCount\":0,\"publisher\":{\"@id\":\"https:\\\/\\\/fjala.info\\\/2009-2015\\\/#organization\"},\"image\":{\"@id\":\"https:\\\/\\\/fjala.info\\\/2009-2015\\\/kush-mohon-krizen-nuk-ben-gje-tjeter-vecse-e-thekson-ate\\\/#primaryimage\"},\"thumbnailUrl\":\"http:\\\/\\\/www.shkoder.net\\\/images\\\/fjala\\\/mustafa_nano.jpg\",\"articleSection\":[\"Artikuj\"],\"inLanguage\":\"sq-AL\",\"potentialAction\":[{\"@type\":\"CommentAction\",\"name\":\"Comment\",\"target\":[\"https:\\\/\\\/fjala.info\\\/2009-2015\\\/kush-mohon-krizen-nuk-ben-gje-tjeter-vecse-e-thekson-ate\\\/#respond\"]}]},{\"@type\":\"WebPage\",\"@id\":\"https:\\\/\\\/fjala.info\\\/2009-2015\\\/kush-mohon-krizen-nuk-ben-gje-tjeter-vecse-e-thekson-ate\\\/\",\"url\":\"https:\\\/\\\/fjala.info\\\/2009-2015\\\/kush-mohon-krizen-nuk-ben-gje-tjeter-vecse-e-thekson-ate\\\/\",\"name\":\"Kush mohon kriz\u00ebn nuk b\u00ebn gj\u00eb tjet\u00ebr, ve\u00e7se e thekson at\u00eb - FjALA e LIR\u00cb - Arkivi\",\"isPartOf\":{\"@id\":\"https:\\\/\\\/fjala.info\\\/2009-2015\\\/#website\"},\"primaryImageOfPage\":{\"@id\":\"https:\\\/\\\/fjala.info\\\/2009-2015\\\/kush-mohon-krizen-nuk-ben-gje-tjeter-vecse-e-thekson-ate\\\/#primaryimage\"},\"image\":{\"@id\":\"https:\\\/\\\/fjala.info\\\/2009-2015\\\/kush-mohon-krizen-nuk-ben-gje-tjeter-vecse-e-thekson-ate\\\/#primaryimage\"},\"thumbnailUrl\":\"http:\\\/\\\/www.shkoder.net\\\/images\\\/fjala\\\/mustafa_nano.jpg\",\"datePublished\":\"2011-12-31T03:40:24+00:00\",\"breadcrumb\":{\"@id\":\"https:\\\/\\\/fjala.info\\\/2009-2015\\\/kush-mohon-krizen-nuk-ben-gje-tjeter-vecse-e-thekson-ate\\\/#breadcrumb\"},\"inLanguage\":\"sq-AL\",\"potentialAction\":[{\"@type\":\"ReadAction\",\"target\":[\"https:\\\/\\\/fjala.info\\\/2009-2015\\\/kush-mohon-krizen-nuk-ben-gje-tjeter-vecse-e-thekson-ate\\\/\"]}]},{\"@type\":\"ImageObject\",\"inLanguage\":\"sq-AL\",\"@id\":\"https:\\\/\\\/fjala.info\\\/2009-2015\\\/kush-mohon-krizen-nuk-ben-gje-tjeter-vecse-e-thekson-ate\\\/#primaryimage\",\"url\":\"http:\\\/\\\/www.shkoder.net\\\/images\\\/fjala\\\/mustafa_nano.jpg\",\"contentUrl\":\"http:\\\/\\\/www.shkoder.net\\\/images\\\/fjala\\\/mustafa_nano.jpg\"},{\"@type\":\"BreadcrumbList\",\"@id\":\"https:\\\/\\\/fjala.info\\\/2009-2015\\\/kush-mohon-krizen-nuk-ben-gje-tjeter-vecse-e-thekson-ate\\\/#breadcrumb\",\"itemListElement\":[{\"@type\":\"ListItem\",\"position\":1,\"name\":\"Home\",\"item\":\"https:\\\/\\\/fjala.info\\\/2009-2015\\\/\"},{\"@type\":\"ListItem\",\"position\":2,\"name\":\"Kush mohon kriz\u00ebn nuk b\u00ebn gj\u00eb tjet\u00ebr, ve\u00e7se e thekson at\u00eb\"}]},{\"@type\":\"WebSite\",\"@id\":\"https:\\\/\\\/fjala.info\\\/2009-2015\\\/#website\",\"url\":\"https:\\\/\\\/fjala.info\\\/2009-2015\\\/\",\"name\":\"FjALA e LIR\u00cb - Arkivi\",\"description\":\"Arkivi 2009-2015\",\"publisher\":{\"@id\":\"https:\\\/\\\/fjala.info\\\/2009-2015\\\/#organization\"},\"potentialAction\":[{\"@type\":\"SearchAction\",\"target\":{\"@type\":\"EntryPoint\",\"urlTemplate\":\"https:\\\/\\\/fjala.info\\\/2009-2015\\\/?s={search_term_string}\"},\"query-input\":{\"@type\":\"PropertyValueSpecification\",\"valueRequired\":true,\"valueName\":\"search_term_string\"}}],\"inLanguage\":\"sq-AL\"},{\"@type\":\"Organization\",\"@id\":\"https:\\\/\\\/fjala.info\\\/2009-2015\\\/#organization\",\"name\":\"FjALA e LIR\u00cb - Arkivi\",\"url\":\"https:\\\/\\\/fjala.info\\\/2009-2015\\\/\",\"logo\":{\"@type\":\"ImageObject\",\"inLanguage\":\"sq-AL\",\"@id\":\"https:\\\/\\\/fjala.info\\\/2009-2015\\\/#\\\/schema\\\/logo\\\/image\\\/\",\"url\":\"\",\"contentUrl\":\"\",\"caption\":\"FjALA e LIR\u00cb - Arkivi\"},\"image\":{\"@id\":\"https:\\\/\\\/fjala.info\\\/2009-2015\\\/#\\\/schema\\\/logo\\\/image\\\/\"}},{\"@type\":\"Person\",\"@id\":\"https:\\\/\\\/fjala.info\\\/2009-2015\\\/#\\\/schema\\\/person\\\/3aa1163ef05469c496fc94e77611ada2\",\"name\":\"admin\",\"image\":{\"@type\":\"ImageObject\",\"inLanguage\":\"sq-AL\",\"@id\":\"https:\\\/\\\/fjala.info\\\/2009-2015\\\/wp-content\\\/uploads\\\/2012\\\/02\\\/arben_cokaj-120x150.jpg\",\"url\":\"https:\\\/\\\/fjala.info\\\/2009-2015\\\/wp-content\\\/uploads\\\/2012\\\/02\\\/arben_cokaj-120x150.jpg\",\"contentUrl\":\"https:\\\/\\\/fjala.info\\\/2009-2015\\\/wp-content\\\/uploads\\\/2012\\\/02\\\/arben_cokaj-120x150.jpg\",\"caption\":\"admin\"},\"description\":\"Admin, Fjala e Lir\u00eb\",\"sameAs\":[\"https:\\\/\\\/fjala.info\\\/\"],\"url\":\"https:\\\/\\\/fjala.info\\\/2009-2015\\\/author\\\/admin\\\/\"}]}<\/script>\n<!-- \/ Yoast SEO plugin. -->","yoast_head_json":{"title":"Kush mohon kriz\u00ebn nuk b\u00ebn gj\u00eb tjet\u00ebr, ve\u00e7se e thekson at\u00eb - FjALA e LIR\u00cb - Arkivi","robots":{"index":"index","follow":"follow","max-snippet":"max-snippet:-1","max-image-preview":"max-image-preview:large","max-video-preview":"max-video-preview:-1"},"canonical":"https:\/\/fjala.info\/2009-2015\/kush-mohon-krizen-nuk-ben-gje-tjeter-vecse-e-thekson-ate\/","og_locale":"sq_AL","og_type":"article","og_title":"Kush mohon kriz\u00ebn nuk b\u00ebn gj\u00eb tjet\u00ebr, ve\u00e7se e thekson at\u00eb - FjALA e LIR\u00cb - Arkivi","og_description":"Mustafa Nano, 30.12.2011 N\u00eb analiz\u00ebn e tij vjetore, kryeministri Berisha n\u00ebnvizoi faktin q\u00eb viti 2011 ka qen\u00eb nj\u00eb vit i shk\u00eblqyer p\u00ebr shqiptar\u00ebt, dhe m\u00eb posht\u00eb u mor me t\u00eb gjitha. Por le t\u00eb ndalemi tek \u201cshk\u00eblqimi ekonomik\u201d, t\u00eb cilit ai vet\u00eb i kushtoi m\u00eb pak v\u00ebmendje se shk\u00eblqimit n\u00eb momente t\u00eb tjera, si\u00e7 jan\u00eb [&hellip;]","og_url":"https:\/\/fjala.info\/2009-2015\/kush-mohon-krizen-nuk-ben-gje-tjeter-vecse-e-thekson-ate\/","og_site_name":"FjALA e LIR\u00cb - Arkivi","article_published_time":"2011-12-31T03:40:24+00:00","og_image":[{"url":"http:\/\/www.shkoder.net\/images\/fjala\/mustafa_nano.jpg","type":"","width":"","height":""}],"author":"admin","twitter_card":"summary_large_image","twitter_misc":{"Written by":"admin","Est. reading time":"5 minutes"},"schema":{"@context":"https:\/\/schema.org","@graph":[{"@type":"Article","@id":"https:\/\/fjala.info\/2009-2015\/kush-mohon-krizen-nuk-ben-gje-tjeter-vecse-e-thekson-ate\/#article","isPartOf":{"@id":"https:\/\/fjala.info\/2009-2015\/kush-mohon-krizen-nuk-ben-gje-tjeter-vecse-e-thekson-ate\/"},"author":{"name":"admin","@id":"https:\/\/fjala.info\/2009-2015\/#\/schema\/person\/3aa1163ef05469c496fc94e77611ada2"},"headline":"Kush mohon kriz\u00ebn nuk b\u00ebn gj\u00eb tjet\u00ebr, ve\u00e7se e thekson at\u00eb","datePublished":"2011-12-31T03:40:24+00:00","mainEntityOfPage":{"@id":"https:\/\/fjala.info\/2009-2015\/kush-mohon-krizen-nuk-ben-gje-tjeter-vecse-e-thekson-ate\/"},"wordCount":1093,"commentCount":0,"publisher":{"@id":"https:\/\/fjala.info\/2009-2015\/#organization"},"image":{"@id":"https:\/\/fjala.info\/2009-2015\/kush-mohon-krizen-nuk-ben-gje-tjeter-vecse-e-thekson-ate\/#primaryimage"},"thumbnailUrl":"http:\/\/www.shkoder.net\/images\/fjala\/mustafa_nano.jpg","articleSection":["Artikuj"],"inLanguage":"sq-AL","potentialAction":[{"@type":"CommentAction","name":"Comment","target":["https:\/\/fjala.info\/2009-2015\/kush-mohon-krizen-nuk-ben-gje-tjeter-vecse-e-thekson-ate\/#respond"]}]},{"@type":"WebPage","@id":"https:\/\/fjala.info\/2009-2015\/kush-mohon-krizen-nuk-ben-gje-tjeter-vecse-e-thekson-ate\/","url":"https:\/\/fjala.info\/2009-2015\/kush-mohon-krizen-nuk-ben-gje-tjeter-vecse-e-thekson-ate\/","name":"Kush mohon kriz\u00ebn nuk b\u00ebn gj\u00eb tjet\u00ebr, ve\u00e7se e thekson at\u00eb - FjALA e LIR\u00cb - Arkivi","isPartOf":{"@id":"https:\/\/fjala.info\/2009-2015\/#website"},"primaryImageOfPage":{"@id":"https:\/\/fjala.info\/2009-2015\/kush-mohon-krizen-nuk-ben-gje-tjeter-vecse-e-thekson-ate\/#primaryimage"},"image":{"@id":"https:\/\/fjala.info\/2009-2015\/kush-mohon-krizen-nuk-ben-gje-tjeter-vecse-e-thekson-ate\/#primaryimage"},"thumbnailUrl":"http:\/\/www.shkoder.net\/images\/fjala\/mustafa_nano.jpg","datePublished":"2011-12-31T03:40:24+00:00","breadcrumb":{"@id":"https:\/\/fjala.info\/2009-2015\/kush-mohon-krizen-nuk-ben-gje-tjeter-vecse-e-thekson-ate\/#breadcrumb"},"inLanguage":"sq-AL","potentialAction":[{"@type":"ReadAction","target":["https:\/\/fjala.info\/2009-2015\/kush-mohon-krizen-nuk-ben-gje-tjeter-vecse-e-thekson-ate\/"]}]},{"@type":"ImageObject","inLanguage":"sq-AL","@id":"https:\/\/fjala.info\/2009-2015\/kush-mohon-krizen-nuk-ben-gje-tjeter-vecse-e-thekson-ate\/#primaryimage","url":"http:\/\/www.shkoder.net\/images\/fjala\/mustafa_nano.jpg","contentUrl":"http:\/\/www.shkoder.net\/images\/fjala\/mustafa_nano.jpg"},{"@type":"BreadcrumbList","@id":"https:\/\/fjala.info\/2009-2015\/kush-mohon-krizen-nuk-ben-gje-tjeter-vecse-e-thekson-ate\/#breadcrumb","itemListElement":[{"@type":"ListItem","position":1,"name":"Home","item":"https:\/\/fjala.info\/2009-2015\/"},{"@type":"ListItem","position":2,"name":"Kush mohon kriz\u00ebn nuk b\u00ebn gj\u00eb tjet\u00ebr, ve\u00e7se e thekson at\u00eb"}]},{"@type":"WebSite","@id":"https:\/\/fjala.info\/2009-2015\/#website","url":"https:\/\/fjala.info\/2009-2015\/","name":"FjALA e LIR\u00cb - Arkivi","description":"Arkivi 2009-2015","publisher":{"@id":"https:\/\/fjala.info\/2009-2015\/#organization"},"potentialAction":[{"@type":"SearchAction","target":{"@type":"EntryPoint","urlTemplate":"https:\/\/fjala.info\/2009-2015\/?s={search_term_string}"},"query-input":{"@type":"PropertyValueSpecification","valueRequired":true,"valueName":"search_term_string"}}],"inLanguage":"sq-AL"},{"@type":"Organization","@id":"https:\/\/fjala.info\/2009-2015\/#organization","name":"FjALA e LIR\u00cb - Arkivi","url":"https:\/\/fjala.info\/2009-2015\/","logo":{"@type":"ImageObject","inLanguage":"sq-AL","@id":"https:\/\/fjala.info\/2009-2015\/#\/schema\/logo\/image\/","url":"","contentUrl":"","caption":"FjALA e LIR\u00cb - Arkivi"},"image":{"@id":"https:\/\/fjala.info\/2009-2015\/#\/schema\/logo\/image\/"}},{"@type":"Person","@id":"https:\/\/fjala.info\/2009-2015\/#\/schema\/person\/3aa1163ef05469c496fc94e77611ada2","name":"admin","image":{"@type":"ImageObject","inLanguage":"sq-AL","@id":"https:\/\/fjala.info\/2009-2015\/wp-content\/uploads\/2012\/02\/arben_cokaj-120x150.jpg","url":"https:\/\/fjala.info\/2009-2015\/wp-content\/uploads\/2012\/02\/arben_cokaj-120x150.jpg","contentUrl":"https:\/\/fjala.info\/2009-2015\/wp-content\/uploads\/2012\/02\/arben_cokaj-120x150.jpg","caption":"admin"},"description":"Admin, Fjala e Lir\u00eb","sameAs":["https:\/\/fjala.info\/"],"url":"https:\/\/fjala.info\/2009-2015\/author\/admin\/"}]}},"_links":{"self":[{"href":"https:\/\/fjala.info\/2009-2015\/wp-json\/wp\/v2\/posts\/11566","targetHints":{"allow":["GET"]}}],"collection":[{"href":"https:\/\/fjala.info\/2009-2015\/wp-json\/wp\/v2\/posts"}],"about":[{"href":"https:\/\/fjala.info\/2009-2015\/wp-json\/wp\/v2\/types\/post"}],"author":[{"embeddable":true,"href":"https:\/\/fjala.info\/2009-2015\/wp-json\/wp\/v2\/users\/1"}],"replies":[{"embeddable":true,"href":"https:\/\/fjala.info\/2009-2015\/wp-json\/wp\/v2\/comments?post=11566"}],"version-history":[{"count":0,"href":"https:\/\/fjala.info\/2009-2015\/wp-json\/wp\/v2\/posts\/11566\/revisions"}],"wp:attachment":[{"href":"https:\/\/fjala.info\/2009-2015\/wp-json\/wp\/v2\/media?parent=11566"}],"wp:term":[{"taxonomy":"category","embeddable":true,"href":"https:\/\/fjala.info\/2009-2015\/wp-json\/wp\/v2\/categories?post=11566"},{"taxonomy":"post_tag","embeddable":true,"href":"https:\/\/fjala.info\/2009-2015\/wp-json\/wp\/v2\/tags?post=11566"}],"curies":[{"name":"wp","href":"https:\/\/api.w.org\/{rel}","templated":true}]}}