{"id":11565,"date":"2011-12-30T04:02:04","date_gmt":"2011-12-30T03:02:04","guid":{"rendered":"http:\/\/fjala.shkoder.net\/?p=880"},"modified":"2011-12-30T04:02:04","modified_gmt":"2011-12-30T03:02:04","slug":"loje-e-ndyre-me-nje-viktime","status":"publish","type":"post","link":"https:\/\/fjala.info\/2009-2015\/loje-e-ndyre-me-nje-viktime\/","title":{"rendered":"Loj\u00eb e ndyr\u00eb me nj\u00eb viktim\u00eb"},"content":{"rendered":"<p><img decoding=\"async\" class=\"alignleft size-thumbnail wp-image-7236\" title=\"Enver Robelli\" src=\"http:\/\/www.shkoder.net\/images\/fjala\/enver_robelli.jpg\" alt=\"\" width=\"150\" \/> Nga <strong>Enver Robelli<\/strong>, <em>29 Dhjetor 2011<\/em><\/p>\n<p>Posta dhe Telekomi i Kosov\u00ebs (PTK) kan\u00eb bashk\u00ebpunuar me vite me Zvonko Veselinoviqin, me gruan e tij dhe me v\u00ebllan\u00eb e tij \u2013 duke u dh\u00ebn\u00eb madje edhe rroga. T\u00eb dyshuar si krer\u00eb t\u00eb krimit Veselinoviq\u00ebt n\u00eb veri kan\u00eb krijuar ambient armiq\u00ebsor ndaj shtetit t\u00eb Kosov\u00ebs. Nga ky ambient u vra Enver Zymeri. Pasi ka financuar vras\u00ebsit e policit kosovar, tash PTK-ja e p\u00ebrjet\u00ebson Zymerin me nj\u00eb seri pullash postare. Ky akt primitiv \u00ebsht\u00eb vrasja e dyt\u00eb e k\u00ebtij polici fatkeq<\/p>\n<p>Nj\u00ebra prej skenave m\u00eb rr\u00ebqeth\u00ebse n\u00eb epin e \u201cIliad\u00ebs\u201d s\u00eb Homerit \u00ebsht\u00eb vrasja e Hektorit. Pasi \u00ebsht\u00eb goditur p\u00ebr vdekje nga Akili, Hektori i lutet vras\u00ebsit t\u00eb tij q\u00eb s\u00eb paku kufom\u00ebn t\u00eb mos ia p\u00ebrdhos, por ta kthej\u00eb at\u00eb p\u00ebr t\u2019u varrosur n\u00eb m\u00ebnyr\u00eb t\u00eb dinjitetshme. N\u00eb dalldin\u00eb e gjakut dhe ngadh\u00ebnjimit Akili ia shp\u00ebrthen shputat Hektorit dhe p\u00ebr dymb\u00ebdhjet\u00eb dit\u00eb radhazi ia t\u00ebrheq zvarr\u00eb kufom\u00ebn. <\/p>\n<p>Ky episod i \u201cIliad\u00ebs\u201d m\u2019u kujtua kur jav\u00ebn e kaluar po shikoja se si menaxher\u00eb t\u00eb Post\u00ebs dhe Telekomit t\u00eb Kosov\u00ebs (PTK) gjat\u00eb nj\u00eb prezantimi p\u00ebr media tregonin me mburrje patriotike se kishin l\u00ebshuar n\u00eb qarkullim nj\u00eb seri me pulla postare me portretin e policit Enver Zymeri, i cili u vra n\u00eb fund t\u00eb korrikut n\u00eb veri t\u00eb vendit. <\/p>\n<p>Drejtori i PTK-s\u00eb deklaroi se Zymeri tash na qenk\u00ebsh ambasador nderi, sepse p\u00ebrmes pull\u00ebs postare po e prezantuaka Republik\u00ebn e Kosov\u00ebs anek\u00ebnd bot\u00ebs. P\u00ebr t\u2019i dh\u00ebn\u00eb k\u00ebsaj ceremonie nj\u00eb zyrtaritet shtet\u00ebror mori pjes\u00eb edhe ministri i Brendsh\u00ebm i Kosov\u00ebs, i cili prej nj\u00eb politikani q\u00eb g\u00ebzonte nj\u00ebfar\u00eb respekti publik sivjet, brenda pak muajsh, \u00ebsht\u00eb shnd\u00ebrruar n\u00eb karikatur\u00eb t\u00eb pushtetit. Bajram Rexhepi tha se p\u00ebrmes k\u00ebtyre pullave me portretin e Enver Zymerit d\u00ebshmohet respekti p\u00ebr pun\u00ebn e ruajt\u00ebsve t\u00eb rendit.<\/p>\n<p><strong>Turbopatriotizmi qeveritar<\/strong><\/p>\n<p>N\u00eb fakt, shfaqja makabre e PTK-s\u00eb s\u2019ishte asgj\u00eb tjet\u00ebr p\u00ebrve\u00e7 se zvarritje e kufom\u00ebs s\u00eb Enver Zymerit andej-k\u00ebndej p\u00ebr arsye politike dhe p\u00ebr t\u00eb mbuluar ndyr\u00ebsit\u00eb. U fye r\u00ebnd\u00eb nj\u00eb i vdekur, pastaj edhe familja e tij, e cila lejoi naivisht t\u00eb manipulohej p\u00ebr llogari t\u00eb turbopatriotizmit qeveritar. U p\u00ebrdhos trupi i pajet\u00eb i nj\u00eb polici nga nj\u00eb kompani publike, e cila \u00ebsht\u00eb \u00e7erdhe e keqp\u00ebrdorimit t\u00eb parave t\u00eb qytetar\u00ebve t\u00eb varf\u00ebr t\u00eb Kosov\u00ebs. <\/p>\n<p>PTK-ja s\u00eb fundi u detyrua t\u00eb pranoj\u00eb se me vite t\u00eb t\u00ebra i ka dh\u00ebn\u00eb rroga Zvonko Veselinoviqit, v\u00ebllait t\u00eb tij dhe gruas s\u00eb tij, Liljan\u00ebs. Kjo treshe ishte angazhuar n\u00eb ruajtjen e antenave t\u00eb PTK-s\u00eb n\u00eb veri. V\u00ebllez\u00ebrit Veselinoviq po ashtu konsiderohen krer\u00eb t\u00eb krimit t\u00eb organizuar n\u00eb k\u00ebt\u00eb pjes\u00eb t\u00eb Kosov\u00ebs. <\/p>\n<p>Zvonko Veselinoviq, sipas gazet\u00ebs amerikane New York Times, organizon kontraband\u00ebn bashk\u00eb me shqiptarin Mentor Beqiri. Ky i fundit, si\u00e7 tregojn\u00eb njoh\u00ebs t\u00eb sken\u00ebs s\u00eb krimit n\u00eb Mitrovic\u00eb, \u00ebsht\u00eb i lidhur edhe me politikan\u00eb shqiptar\u00eb t\u00eb Kosov\u00ebs. Duke i dh\u00ebn\u00eb rrog\u00eb Veselinoviqit, PTK-ja ka ndihmuar n\u00eb krijimin e ambientit armiq\u00ebsor kund\u00ebr shtetit kosovar n\u00eb veri. Vras\u00ebsit e Enver Zymerit rrjedhin pik\u00ebrisht nga ky ambient. Pasi ka financuar vras\u00ebsit e policit kosovar, tash PTK-ja e p\u00ebrjet\u00ebson Zymerin me nj\u00eb seri pullash postare sa p\u00ebr t\u2019i lar\u00eb duart e p\u00ebrlyera n\u00eb pafaj\u00ebsi.<\/p>\n<p><strong>\u00c7mimi i stabilitetit<\/strong><\/p>\n<p>A duhet ta duroj\u00eb opinioni kosovar k\u00ebt\u00eb mizori? A duhet ta pranojn\u00eb qytetar\u00ebt e k\u00ebtij vendi kokulur k\u00ebt\u00eb posht\u00ebrim t\u00eb veshur me g\u00ebzof patriotizmi primitiv? A duhet t\u00eb heshtet p\u00ebrball\u00eb k\u00ebsaj katrahure? Me sa duket pushteti aktual dhe menaxher\u00ebt e kompanive publike mendojn\u00eb se ky popull p\u00ebrfundimisht vuan nga amnezia, se ka pranuar n\u00ebnshtrimin dhe \u00ebsht\u00eb pajtuar se heshtja \u00ebsht\u00eb garancia e vetme p\u00ebr t\u00eb mbijetuar k\u00ebt\u00eb sistem t\u00eb nd\u00ebrtuar nga grabitqar\u00ebt. Se \u00e7far\u00eb modeli i keq shtet\u00ebror \u00ebsht\u00eb nd\u00ebrtuar n\u00eb Kosov\u00eb na e tregon m\u00ebnyra se si pushtetar\u00ebt e tanish\u00ebm dhe t\u00eb dikursh\u00ebm u jan\u00eb v\u00ebrsulur nd\u00ebrmarrjeve publike. <\/p>\n<p>I jan\u00eb hedhur, ta z\u00ebm\u00eb, Post\u00ebs dhe Telekomit t\u00eb Kosov\u00ebs si t\u00eb ishte nj\u00eb qengj, i cili shqyhet pak nga pak dhe cop\u00eb pas cope n\u00eb err\u00ebsir\u00ebn e nat\u00ebs. Gjurm\u00ebt e pla\u00e7kitjes s\u00eb madhe b\u00ebhen publike her\u00eb pas here, por drejt\u00ebsia e dirigjuar hesht. Pla\u00e7kitje nuk \u00ebsht\u00eb vet\u00ebm vjedhja klasike e ark\u00ebs s\u00eb shtetit \u2013 pla\u00e7kitje \u00ebsht\u00eb edhe sistemi i instaluar i nepotizmit. N\u00eb PTK punojn\u00eb gra ministrash, f\u00ebmij\u00eb ministrash, motra politikan\u00ebsh, teze politikan\u00ebsh, kurtizane pushtetar\u00ebsh etj. Prandaj, nuk \u00ebsht\u00eb aspak befasuese q\u00eb ky sistem u aplikua edhe n\u00eb rastin e Zvonko Veselinoviqit: n\u00eb PTK nuk punonte vet\u00ebm ai, por edhe gruaja e tij. Edhe v\u00ebllai, natyrisht.<\/p>\n<p>N\u00eb ceremonin\u00eb groteske t\u00eb PTK-s\u00eb babai i Enver Zymerit, t\u00eb cilit ndoshta as q\u00eb i ka shkuar mendja se kishte r\u00ebn\u00eb n\u00eb nj\u00eb kurth, tha se nuk pask\u00ebsh nder m\u00eb t\u00eb madh \u201cse ky sot q\u00eb po i b\u00ebhet birit tim\u201d. N\u00eb fakt, e ndershme do t\u00eb ishte q\u00eb jo vet\u00ebm familja e policit t\u00eb vrar\u00eb, por edhe shoq\u00ebria e Kosov\u00ebs t\u00eb k\u00ebrkonte hetim t\u00eb plot\u00eb t\u00eb rrethanave t\u00eb sulmit kund\u00ebr policis\u00eb n\u00eb veri. Nj\u00eb pjes\u00eb e s\u00eb v\u00ebrtet\u00ebs tashm\u00eb \u00ebsht\u00eb b\u00ebr\u00eb publike n\u00eb medie: aksioni i policis\u00eb m\u00eb 25 korrik ishte nj\u00eb p\u00ebrpjekje e p\u00ebrgatitur keq p\u00ebr riv\u00ebnien n\u00ebn kontroll t\u00eb veriut. <\/p>\n<p>Kjo ishte edhe arsyeja e d\u00ebshtimit. Vet\u00ebm nd\u00ebrhyrja e trupave paqeruajt\u00ebse nd\u00ebrkomb\u00ebtare e nxori pushtetin nga qorrsokaku, por tani kushtet e zgjidhjes s\u00eb konfliktit n\u00eb veri nuk i dikton Prishtina, por t\u00eb tjer\u00ebt, ata q\u00eb prioritet kan\u00eb \u201cstabilitetin e situat\u00ebs s\u00eb siguris\u00eb\u201d. Po shihet tashm\u00eb se \u00e7mimi p\u00ebr k\u00ebt\u00eb stabilitet do t\u00eb jet\u00eb nj\u00eb autonomi edhe m\u00eb e gjer\u00eb e komunave serbe dhe nj\u00eb Kosov\u00eb edhe m\u00eb jofunksionale si shtet, pra nj\u00eb Kosov\u00eb q\u00eb gjithnj\u00eb e m\u00eb shum\u00eb i p\u00ebrngjan Bosnj\u00eb-Hercegovin\u00ebs, ku matador\u00ebt lokal\u00eb bllokojn\u00eb \u00e7do p\u00ebrparim.<\/p>\n<p><strong>Bronz apo buk\u00eb?<\/strong><\/p>\n<p>Familja e Enver Zymerit, t\u00eb vrar\u00eb n\u00eb rrethana t\u00eb panjohura mir\u00eb, do t\u00eb nderohej sikur f\u00ebmij\u00ebt e tij dhe bashk\u00ebmoshatar\u00ebt e tyre t\u00eb jetonin n\u00eb nj\u00eb shtet me sistem t\u00eb mir\u00eb shkollor, t\u00eb g\u00ebzonin p\u00ebrkujdesje sh\u00ebndet\u00ebsore dhe t\u00eb rriteshin n\u00eb nj\u00eb ambient t\u00eb past\u00ebr dhe t\u00eb qet\u00eb. Di\u00e7ka e till\u00eb mbetet \u00ebnd\u00ebrr e madhe p\u00ebr t\u00eb gjith\u00eb f\u00ebmij\u00ebt e Kosov\u00ebs. K\u00ebta f\u00ebmij\u00eb sot jetojn\u00eb n\u00eb varf\u00ebri, nuk kan\u00eb arsye t\u00eb shpresojn\u00eb se gj\u00ebrat do ndryshojn\u00eb p\u00ebr s\u00eb miri dhe vuajn\u00eb pasojat e politik\u00ebs s\u00eb pap\u00ebrgjegjshme p\u00ebr fatet e vendit. <\/p>\n<p>N\u00eb t\u00eb nj\u00ebjt\u00ebn koh\u00eb f\u00ebmij\u00ebt e sundimtar\u00ebve vijojn\u00eb m\u00ebsimin n\u00eb shkolla private, grinden n\u00eb oborrin e shkoll\u00ebs se cili i ka rrobat me firm\u00ebn m\u00eb t\u00eb shtrenjt\u00eb dhe rr\u00ebfejn\u00eb se n\u00eb cilin kryeqytet apo n\u00eb cil\u00ebn qend\u00ebr t\u00eb skive do t\u00eb shkojn\u00eb sivjet. K\u00ebto privilegje ata i g\u00ebzojn\u00eb fal\u00eb pushtetit t\u00eb prind\u00ebrve, t\u00eb cil\u00ebt nuk kan\u00eb asnj\u00eb skrupull t\u00eb manipulojn\u00eb me familje viktimash, me vet\u00eb viktimat dhe me gjith\u00eb shoq\u00ebrin\u00eb. Nuk do t\u00eb ishte befasi e madhe n\u00ebse s\u00eb shpejti, pas PTK-s\u00eb, t\u00eb dal\u00eb edhe Korporata Energjetike e Kosov\u00ebs (KEK) me propozimin p\u00ebr financimin e nd\u00ebrtimit t\u00eb nj\u00eb shtatoreje t\u00eb Enver Zymerit. <\/p>\n<p>Edhe ashtu Kosova ka pak p\u00ebrmendore, duhet, pra, edhe m\u00eb shum\u00eb bronz p\u00ebr t\u00eb manipuluar t\u00eb djeshmen dhe t\u00eb tashmen, n\u00eb em\u00ebr t\u00eb patriotizmit parak. P\u00ebr buk\u00eb e p\u00ebr ardhm\u00ebri \u2013 mileti duhet t\u00eb ket\u00eb durim. Nj\u00ebher\u00eb p\u00ebr nj\u00ebher\u00eb publiku kosovar ka rastin t\u00eb shikoj\u00eb se si pushtetar\u00eb e menaxher\u00eb nd\u00ebrmarrjesh publike t\u00ebrheqin zvarr\u00eb kufoma si n\u00eb \u201cIliad\u00ebn\u201d e Homerit. Dallimi \u00ebsht\u00eb se \u201cIliada\u201d \u00ebsht\u00eb shkruar para tri mij\u00eb vjet\u00ebsh.<\/p>\n","protected":false},"excerpt":{"rendered":"<p>Nga Enver Robelli, 29 Dhjetor 2011 Posta dhe Telekomi i Kosov\u00ebs (PTK) kan\u00eb bashk\u00ebpunuar me vite me Zvonko Veselinoviqin, me gruan e tij dhe me v\u00ebllan\u00eb e tij \u2013 duke u dh\u00ebn\u00eb madje edhe rroga. T\u00eb dyshuar si krer\u00eb t\u00eb krimit Veselinoviq\u00ebt n\u00eb veri kan\u00eb krijuar ambient armiq\u00ebsor ndaj shtetit t\u00eb Kosov\u00ebs. Nga ky ambient [&hellip;]<\/p>\n","protected":false},"author":1,"featured_media":0,"comment_status":"open","ping_status":"closed","sticky":false,"template":"","format":"standard","meta":{"footnotes":""},"categories":[2],"tags":[],"class_list":{"0":"post-11565","1":"post","2":"type-post","3":"status-publish","4":"format-standard","6":"category-artikuj"},"yoast_head":"<!-- This site is optimized with the Yoast SEO plugin v27.4 - https:\/\/yoast.com\/product\/yoast-seo-wordpress\/ -->\n<title>Loj\u00eb e ndyr\u00eb me nj\u00eb viktim\u00eb - FjALA e LIR\u00cb - Arkivi<\/title>\n<meta name=\"robots\" content=\"index, follow, max-snippet:-1, max-image-preview:large, max-video-preview:-1\" \/>\n<link rel=\"canonical\" href=\"https:\/\/fjala.info\/2009-2015\/loje-e-ndyre-me-nje-viktime\/\" \/>\n<meta property=\"og:locale\" content=\"sq_AL\" \/>\n<meta property=\"og:type\" content=\"article\" \/>\n<meta property=\"og:title\" content=\"Loj\u00eb e ndyr\u00eb me nj\u00eb viktim\u00eb - FjALA e LIR\u00cb - Arkivi\" \/>\n<meta property=\"og:description\" content=\"Nga Enver Robelli, 29 Dhjetor 2011 Posta dhe Telekomi i Kosov\u00ebs (PTK) kan\u00eb bashk\u00ebpunuar me vite me Zvonko Veselinoviqin, me gruan e tij dhe me v\u00ebllan\u00eb e tij \u2013 duke u dh\u00ebn\u00eb madje edhe rroga. T\u00eb dyshuar si krer\u00eb t\u00eb krimit Veselinoviq\u00ebt n\u00eb veri kan\u00eb krijuar ambient armiq\u00ebsor ndaj shtetit t\u00eb Kosov\u00ebs. Nga ky ambient [&hellip;]\" \/>\n<meta property=\"og:url\" content=\"https:\/\/fjala.info\/2009-2015\/loje-e-ndyre-me-nje-viktime\/\" \/>\n<meta property=\"og:site_name\" content=\"FjALA e LIR\u00cb - Arkivi\" \/>\n<meta property=\"article:published_time\" content=\"2011-12-30T03:02:04+00:00\" \/>\n<meta property=\"og:image\" content=\"http:\/\/www.shkoder.net\/images\/fjala\/enver_robelli.jpg\" \/>\n<meta name=\"author\" content=\"admin\" \/>\n<meta name=\"twitter:card\" content=\"summary_large_image\" \/>\n<meta name=\"twitter:label1\" content=\"Written by\" \/>\n\t<meta name=\"twitter:data1\" content=\"admin\" \/>\n\t<meta name=\"twitter:label2\" content=\"Est. reading time\" \/>\n\t<meta name=\"twitter:data2\" content=\"7 minutes\" \/>\n<script type=\"application\/ld+json\" class=\"yoast-schema-graph\">{\"@context\":\"https:\\\/\\\/schema.org\",\"@graph\":[{\"@type\":\"Article\",\"@id\":\"https:\\\/\\\/fjala.info\\\/2009-2015\\\/loje-e-ndyre-me-nje-viktime\\\/#article\",\"isPartOf\":{\"@id\":\"https:\\\/\\\/fjala.info\\\/2009-2015\\\/loje-e-ndyre-me-nje-viktime\\\/\"},\"author\":{\"name\":\"admin\",\"@id\":\"https:\\\/\\\/fjala.info\\\/2009-2015\\\/#\\\/schema\\\/person\\\/3aa1163ef05469c496fc94e77611ada2\"},\"headline\":\"Loj\u00eb e ndyr\u00eb me nj\u00eb viktim\u00eb\",\"datePublished\":\"2011-12-30T03:02:04+00:00\",\"mainEntityOfPage\":{\"@id\":\"https:\\\/\\\/fjala.info\\\/2009-2015\\\/loje-e-ndyre-me-nje-viktime\\\/\"},\"wordCount\":1401,\"commentCount\":0,\"publisher\":{\"@id\":\"https:\\\/\\\/fjala.info\\\/2009-2015\\\/#organization\"},\"image\":{\"@id\":\"https:\\\/\\\/fjala.info\\\/2009-2015\\\/loje-e-ndyre-me-nje-viktime\\\/#primaryimage\"},\"thumbnailUrl\":\"http:\\\/\\\/www.shkoder.net\\\/images\\\/fjala\\\/enver_robelli.jpg\",\"articleSection\":[\"Artikuj\"],\"inLanguage\":\"sq-AL\",\"potentialAction\":[{\"@type\":\"CommentAction\",\"name\":\"Comment\",\"target\":[\"https:\\\/\\\/fjala.info\\\/2009-2015\\\/loje-e-ndyre-me-nje-viktime\\\/#respond\"]}]},{\"@type\":\"WebPage\",\"@id\":\"https:\\\/\\\/fjala.info\\\/2009-2015\\\/loje-e-ndyre-me-nje-viktime\\\/\",\"url\":\"https:\\\/\\\/fjala.info\\\/2009-2015\\\/loje-e-ndyre-me-nje-viktime\\\/\",\"name\":\"Loj\u00eb e ndyr\u00eb me nj\u00eb viktim\u00eb - FjALA e LIR\u00cb - Arkivi\",\"isPartOf\":{\"@id\":\"https:\\\/\\\/fjala.info\\\/2009-2015\\\/#website\"},\"primaryImageOfPage\":{\"@id\":\"https:\\\/\\\/fjala.info\\\/2009-2015\\\/loje-e-ndyre-me-nje-viktime\\\/#primaryimage\"},\"image\":{\"@id\":\"https:\\\/\\\/fjala.info\\\/2009-2015\\\/loje-e-ndyre-me-nje-viktime\\\/#primaryimage\"},\"thumbnailUrl\":\"http:\\\/\\\/www.shkoder.net\\\/images\\\/fjala\\\/enver_robelli.jpg\",\"datePublished\":\"2011-12-30T03:02:04+00:00\",\"breadcrumb\":{\"@id\":\"https:\\\/\\\/fjala.info\\\/2009-2015\\\/loje-e-ndyre-me-nje-viktime\\\/#breadcrumb\"},\"inLanguage\":\"sq-AL\",\"potentialAction\":[{\"@type\":\"ReadAction\",\"target\":[\"https:\\\/\\\/fjala.info\\\/2009-2015\\\/loje-e-ndyre-me-nje-viktime\\\/\"]}]},{\"@type\":\"ImageObject\",\"inLanguage\":\"sq-AL\",\"@id\":\"https:\\\/\\\/fjala.info\\\/2009-2015\\\/loje-e-ndyre-me-nje-viktime\\\/#primaryimage\",\"url\":\"http:\\\/\\\/www.shkoder.net\\\/images\\\/fjala\\\/enver_robelli.jpg\",\"contentUrl\":\"http:\\\/\\\/www.shkoder.net\\\/images\\\/fjala\\\/enver_robelli.jpg\"},{\"@type\":\"BreadcrumbList\",\"@id\":\"https:\\\/\\\/fjala.info\\\/2009-2015\\\/loje-e-ndyre-me-nje-viktime\\\/#breadcrumb\",\"itemListElement\":[{\"@type\":\"ListItem\",\"position\":1,\"name\":\"Home\",\"item\":\"https:\\\/\\\/fjala.info\\\/2009-2015\\\/\"},{\"@type\":\"ListItem\",\"position\":2,\"name\":\"Loj\u00eb e ndyr\u00eb me nj\u00eb viktim\u00eb\"}]},{\"@type\":\"WebSite\",\"@id\":\"https:\\\/\\\/fjala.info\\\/2009-2015\\\/#website\",\"url\":\"https:\\\/\\\/fjala.info\\\/2009-2015\\\/\",\"name\":\"FjALA e LIR\u00cb - Arkivi\",\"description\":\"Arkivi 2009-2015\",\"publisher\":{\"@id\":\"https:\\\/\\\/fjala.info\\\/2009-2015\\\/#organization\"},\"potentialAction\":[{\"@type\":\"SearchAction\",\"target\":{\"@type\":\"EntryPoint\",\"urlTemplate\":\"https:\\\/\\\/fjala.info\\\/2009-2015\\\/?s={search_term_string}\"},\"query-input\":{\"@type\":\"PropertyValueSpecification\",\"valueRequired\":true,\"valueName\":\"search_term_string\"}}],\"inLanguage\":\"sq-AL\"},{\"@type\":\"Organization\",\"@id\":\"https:\\\/\\\/fjala.info\\\/2009-2015\\\/#organization\",\"name\":\"FjALA e LIR\u00cb - Arkivi\",\"url\":\"https:\\\/\\\/fjala.info\\\/2009-2015\\\/\",\"logo\":{\"@type\":\"ImageObject\",\"inLanguage\":\"sq-AL\",\"@id\":\"https:\\\/\\\/fjala.info\\\/2009-2015\\\/#\\\/schema\\\/logo\\\/image\\\/\",\"url\":\"\",\"contentUrl\":\"\",\"caption\":\"FjALA e LIR\u00cb - Arkivi\"},\"image\":{\"@id\":\"https:\\\/\\\/fjala.info\\\/2009-2015\\\/#\\\/schema\\\/logo\\\/image\\\/\"}},{\"@type\":\"Person\",\"@id\":\"https:\\\/\\\/fjala.info\\\/2009-2015\\\/#\\\/schema\\\/person\\\/3aa1163ef05469c496fc94e77611ada2\",\"name\":\"admin\",\"image\":{\"@type\":\"ImageObject\",\"inLanguage\":\"sq-AL\",\"@id\":\"https:\\\/\\\/fjala.info\\\/2009-2015\\\/wp-content\\\/uploads\\\/2012\\\/02\\\/arben_cokaj-120x150.jpg\",\"url\":\"https:\\\/\\\/fjala.info\\\/2009-2015\\\/wp-content\\\/uploads\\\/2012\\\/02\\\/arben_cokaj-120x150.jpg\",\"contentUrl\":\"https:\\\/\\\/fjala.info\\\/2009-2015\\\/wp-content\\\/uploads\\\/2012\\\/02\\\/arben_cokaj-120x150.jpg\",\"caption\":\"admin\"},\"description\":\"Admin, Fjala e Lir\u00eb\",\"sameAs\":[\"https:\\\/\\\/fjala.info\\\/\"],\"url\":\"https:\\\/\\\/fjala.info\\\/2009-2015\\\/author\\\/admin\\\/\"}]}<\/script>\n<!-- \/ Yoast SEO plugin. -->","yoast_head_json":{"title":"Loj\u00eb e ndyr\u00eb me nj\u00eb viktim\u00eb - FjALA e LIR\u00cb - Arkivi","robots":{"index":"index","follow":"follow","max-snippet":"max-snippet:-1","max-image-preview":"max-image-preview:large","max-video-preview":"max-video-preview:-1"},"canonical":"https:\/\/fjala.info\/2009-2015\/loje-e-ndyre-me-nje-viktime\/","og_locale":"sq_AL","og_type":"article","og_title":"Loj\u00eb e ndyr\u00eb me nj\u00eb viktim\u00eb - FjALA e LIR\u00cb - Arkivi","og_description":"Nga Enver Robelli, 29 Dhjetor 2011 Posta dhe Telekomi i Kosov\u00ebs (PTK) kan\u00eb bashk\u00ebpunuar me vite me Zvonko Veselinoviqin, me gruan e tij dhe me v\u00ebllan\u00eb e tij \u2013 duke u dh\u00ebn\u00eb madje edhe rroga. T\u00eb dyshuar si krer\u00eb t\u00eb krimit Veselinoviq\u00ebt n\u00eb veri kan\u00eb krijuar ambient armiq\u00ebsor ndaj shtetit t\u00eb Kosov\u00ebs. Nga ky ambient [&hellip;]","og_url":"https:\/\/fjala.info\/2009-2015\/loje-e-ndyre-me-nje-viktime\/","og_site_name":"FjALA e LIR\u00cb - Arkivi","article_published_time":"2011-12-30T03:02:04+00:00","og_image":[{"url":"http:\/\/www.shkoder.net\/images\/fjala\/enver_robelli.jpg","type":"","width":"","height":""}],"author":"admin","twitter_card":"summary_large_image","twitter_misc":{"Written by":"admin","Est. reading time":"7 minutes"},"schema":{"@context":"https:\/\/schema.org","@graph":[{"@type":"Article","@id":"https:\/\/fjala.info\/2009-2015\/loje-e-ndyre-me-nje-viktime\/#article","isPartOf":{"@id":"https:\/\/fjala.info\/2009-2015\/loje-e-ndyre-me-nje-viktime\/"},"author":{"name":"admin","@id":"https:\/\/fjala.info\/2009-2015\/#\/schema\/person\/3aa1163ef05469c496fc94e77611ada2"},"headline":"Loj\u00eb e ndyr\u00eb me nj\u00eb viktim\u00eb","datePublished":"2011-12-30T03:02:04+00:00","mainEntityOfPage":{"@id":"https:\/\/fjala.info\/2009-2015\/loje-e-ndyre-me-nje-viktime\/"},"wordCount":1401,"commentCount":0,"publisher":{"@id":"https:\/\/fjala.info\/2009-2015\/#organization"},"image":{"@id":"https:\/\/fjala.info\/2009-2015\/loje-e-ndyre-me-nje-viktime\/#primaryimage"},"thumbnailUrl":"http:\/\/www.shkoder.net\/images\/fjala\/enver_robelli.jpg","articleSection":["Artikuj"],"inLanguage":"sq-AL","potentialAction":[{"@type":"CommentAction","name":"Comment","target":["https:\/\/fjala.info\/2009-2015\/loje-e-ndyre-me-nje-viktime\/#respond"]}]},{"@type":"WebPage","@id":"https:\/\/fjala.info\/2009-2015\/loje-e-ndyre-me-nje-viktime\/","url":"https:\/\/fjala.info\/2009-2015\/loje-e-ndyre-me-nje-viktime\/","name":"Loj\u00eb e ndyr\u00eb me nj\u00eb viktim\u00eb - FjALA e LIR\u00cb - Arkivi","isPartOf":{"@id":"https:\/\/fjala.info\/2009-2015\/#website"},"primaryImageOfPage":{"@id":"https:\/\/fjala.info\/2009-2015\/loje-e-ndyre-me-nje-viktime\/#primaryimage"},"image":{"@id":"https:\/\/fjala.info\/2009-2015\/loje-e-ndyre-me-nje-viktime\/#primaryimage"},"thumbnailUrl":"http:\/\/www.shkoder.net\/images\/fjala\/enver_robelli.jpg","datePublished":"2011-12-30T03:02:04+00:00","breadcrumb":{"@id":"https:\/\/fjala.info\/2009-2015\/loje-e-ndyre-me-nje-viktime\/#breadcrumb"},"inLanguage":"sq-AL","potentialAction":[{"@type":"ReadAction","target":["https:\/\/fjala.info\/2009-2015\/loje-e-ndyre-me-nje-viktime\/"]}]},{"@type":"ImageObject","inLanguage":"sq-AL","@id":"https:\/\/fjala.info\/2009-2015\/loje-e-ndyre-me-nje-viktime\/#primaryimage","url":"http:\/\/www.shkoder.net\/images\/fjala\/enver_robelli.jpg","contentUrl":"http:\/\/www.shkoder.net\/images\/fjala\/enver_robelli.jpg"},{"@type":"BreadcrumbList","@id":"https:\/\/fjala.info\/2009-2015\/loje-e-ndyre-me-nje-viktime\/#breadcrumb","itemListElement":[{"@type":"ListItem","position":1,"name":"Home","item":"https:\/\/fjala.info\/2009-2015\/"},{"@type":"ListItem","position":2,"name":"Loj\u00eb e ndyr\u00eb me nj\u00eb viktim\u00eb"}]},{"@type":"WebSite","@id":"https:\/\/fjala.info\/2009-2015\/#website","url":"https:\/\/fjala.info\/2009-2015\/","name":"FjALA e LIR\u00cb - Arkivi","description":"Arkivi 2009-2015","publisher":{"@id":"https:\/\/fjala.info\/2009-2015\/#organization"},"potentialAction":[{"@type":"SearchAction","target":{"@type":"EntryPoint","urlTemplate":"https:\/\/fjala.info\/2009-2015\/?s={search_term_string}"},"query-input":{"@type":"PropertyValueSpecification","valueRequired":true,"valueName":"search_term_string"}}],"inLanguage":"sq-AL"},{"@type":"Organization","@id":"https:\/\/fjala.info\/2009-2015\/#organization","name":"FjALA e LIR\u00cb - Arkivi","url":"https:\/\/fjala.info\/2009-2015\/","logo":{"@type":"ImageObject","inLanguage":"sq-AL","@id":"https:\/\/fjala.info\/2009-2015\/#\/schema\/logo\/image\/","url":"","contentUrl":"","caption":"FjALA e LIR\u00cb - Arkivi"},"image":{"@id":"https:\/\/fjala.info\/2009-2015\/#\/schema\/logo\/image\/"}},{"@type":"Person","@id":"https:\/\/fjala.info\/2009-2015\/#\/schema\/person\/3aa1163ef05469c496fc94e77611ada2","name":"admin","image":{"@type":"ImageObject","inLanguage":"sq-AL","@id":"https:\/\/fjala.info\/2009-2015\/wp-content\/uploads\/2012\/02\/arben_cokaj-120x150.jpg","url":"https:\/\/fjala.info\/2009-2015\/wp-content\/uploads\/2012\/02\/arben_cokaj-120x150.jpg","contentUrl":"https:\/\/fjala.info\/2009-2015\/wp-content\/uploads\/2012\/02\/arben_cokaj-120x150.jpg","caption":"admin"},"description":"Admin, Fjala e Lir\u00eb","sameAs":["https:\/\/fjala.info\/"],"url":"https:\/\/fjala.info\/2009-2015\/author\/admin\/"}]}},"_links":{"self":[{"href":"https:\/\/fjala.info\/2009-2015\/wp-json\/wp\/v2\/posts\/11565","targetHints":{"allow":["GET"]}}],"collection":[{"href":"https:\/\/fjala.info\/2009-2015\/wp-json\/wp\/v2\/posts"}],"about":[{"href":"https:\/\/fjala.info\/2009-2015\/wp-json\/wp\/v2\/types\/post"}],"author":[{"embeddable":true,"href":"https:\/\/fjala.info\/2009-2015\/wp-json\/wp\/v2\/users\/1"}],"replies":[{"embeddable":true,"href":"https:\/\/fjala.info\/2009-2015\/wp-json\/wp\/v2\/comments?post=11565"}],"version-history":[{"count":0,"href":"https:\/\/fjala.info\/2009-2015\/wp-json\/wp\/v2\/posts\/11565\/revisions"}],"wp:attachment":[{"href":"https:\/\/fjala.info\/2009-2015\/wp-json\/wp\/v2\/media?parent=11565"}],"wp:term":[{"taxonomy":"category","embeddable":true,"href":"https:\/\/fjala.info\/2009-2015\/wp-json\/wp\/v2\/categories?post=11565"},{"taxonomy":"post_tag","embeddable":true,"href":"https:\/\/fjala.info\/2009-2015\/wp-json\/wp\/v2\/tags?post=11565"}],"curies":[{"name":"wp","href":"https:\/\/api.w.org\/{rel}","templated":true}]}}