{"id":11562,"date":"2011-12-29T09:42:11","date_gmt":"2011-12-29T08:42:11","guid":{"rendered":"http:\/\/fjala.shkoder.net\/?p=870"},"modified":"2011-12-29T09:42:11","modified_gmt":"2011-12-29T08:42:11","slug":"a-eshte-gjergj-kastrioti-skenderbeu-hero-i-te-gjithe-shqiptareve","status":"publish","type":"post","link":"https:\/\/fjala.info\/2009-2015\/a-eshte-gjergj-kastrioti-skenderbeu-hero-i-te-gjithe-shqiptareve\/","title":{"rendered":"A \u00ebsht\u00eb Gjergj Kastrioti &#8211; Sk\u00ebnderbeu &#8220;Hero&#8221; i t\u00eb gjith\u00eb Shqiptar\u00ebve?"},"content":{"rendered":"<p style=\"text-align: left;\"><img decoding=\"async\" class=\"alignright size-thumbnail wp-image-7236\" title=\"Asllan Dibrani\" src=\"http:\/\/www.shkoder.net\/images\/fjala\/asllan_dibrani.jpg\" alt=\"\" width=\"150\" \/> <em>P\u00ebrgjigje zotit Ilir Dardanit n\u00eb rubrik\u00ebn debatuese p\u00ebr Sk\u00ebnderbeun n\u00eb &#8220;Zemr\u00ebn Shqiptare&#8221;<\/em><\/p>\n<p>Nga <strong>Asllan Dibrani<\/strong><\/p>\n<p>I nderuari Ilir, me keqardhje e kuptoj zem\u00ebrimin tuaj! Me zem\u00ebr te thyer e p\u00ebrjetoj shqet\u00ebsimin tuaj v\u00eblla im i gjakut dhe i gjuh\u00ebs, po edhe Sk\u00ebnderbeu ishte si na po i nj\u00ebjtit gjak, i nj\u00ebjt\u00ebs kultur\u00eb, por gjenerata e vet e tradhtoi dhe u shartuan shqiptar\u00ebt n\u00eb islamik.<\/p>\n<p>Nga nj\u00eb largpam\u00ebsi, vigjilente, nga nj\u00eb nj\u00ebri modest, dhe patriot nga privilegjet, q\u00eb i ofruan sulltan\u00ebt e asaj kohe i la. Nuk i dashti. I ktheu arm\u00ebt pushtuesve osman! Vetvetiu, sakrifica dhe heroizmi q\u00eb tregoj n\u00eb betejat e luft\u00ebrave, ai u shnd\u00ebrrua n\u00eb nj\u00eb figur\u00eb komb\u00ebtare, n\u00eb nj\u00eb hero t\u00eb vet\u00ebm t\u00eb shqiptareve p\u00ebr te gjitha koh\u00ebrat.<\/p>\n<p style=\"text-align: center;\"><img decoding=\"async\" class=\"aligncenter size-thumbnail wp-image-7236\" title=\"Sk\u00ebnderbeu - piktur\u00eb nga Asllan Dibrani\" src=\"http:\/\/www.shkoder.net\/images\/fjala\/2011\/ad_skenderbeu_pikture.jpg\" alt=\"\" width=\"300\" \/><em>Piktur\u00eb nga Asllan Dibrani e Sk\u00ebnderbeut t\u00eb madh ne betejat frontale me armikun!<\/em><\/p>\n<p><strong>Sk\u00ebnderbeu ishte figura ma e \u00e7mueshme p\u00ebr shqiptar\u00ebt, por edhe nj\u00eb strateg luftarak evropian!<\/strong><\/p>\n<p>Ai theu kornizat edhe t\u00eb kufijve administrativ t\u00eb shqiptar\u00ebve te asaj kohe. U konsideronte edhe si figure mbrojt\u00ebse edhe p\u00ebr popujt e vegj\u00ebl t\u00eb Ballkanit. Ne shqiptar\u00ebt kur arrit\u00ebm t\u00eb m\u00ebsojm\u00eb shkrim-leximin dhe me shkruar p\u00ebr t\u00eb madhin Gjergj Kastriotin-Sk\u00ebnderbeun ndonj\u00eb fjal\u00eb, popujt tjer\u00eb kan\u00eb shkruar me mij\u00ebra artikuj p\u00ebr te, me dhjet\u00ebra vepra, dhe filma qe e konsideruan figur\u00ebn ma te \u00e7mueshme p\u00ebr ne shqiptar\u00ebt, por edhe nj\u00eb strateg luftarak evropian.<\/p>\n<p>Hoxhallar\u00ebt dhe grupet ekstremiste islamike shqiptare t\u00eb sotsh\u00ebm qe e gjykojn\u00eb k\u00ebt\u00eb figur\u00eb, jan\u00eb pjell\u00eb e huaj osmane qe i la gjurm\u00ebt k\u00ebtu, prandaj duhet ta luftojm\u00eb k\u00ebt\u00eb t\u00eb keqe me t\u00eb gjitha forcat. K\u00ebto mbeturina qe fatkeq\u00ebsisht jan\u00eb te financuar nga qarqe t\u00eb ndryshme sot shkarravisin n\u00eb gjuh\u00ebn ton\u00eb shqipe sa me na fut n\u00eb konflikt duke shantazhuar dhe abuzuar figur\u00ebn ma t\u00eb ndritshme nga te gjitha koh\u00ebrat.<\/p>\n<p style=\"text-align: center;\"><img decoding=\"async\" class=\"aligncenter size-thumbnail wp-image-7236\" title=\"Sk\u00ebnderbeu - piktur\u00eb nga Asllan Dibrani\" src=\"http:\/\/www.shkoder.net\/images\/fjala\/2011\/ad_skenderbeu_pikture1.jpg\" alt=\"\" width=\"300\" \/>\u00a0<img decoding=\"async\" class=\"aligncenter size-thumbnail wp-image-7236\" title=\"Sk\u00ebnderbeu - piktur\u00eb nga Asllan Dibrani\" src=\"http:\/\/www.shkoder.net\/images\/fjala\/2011\/ad_skenderbeu_pikture2.jpg\" alt=\"\" width=\"300\" \/><em>Portret i Sk\u00ebnderbeut i realizuar nga Asllan Dibrani njeri me ngjyra vaji dhe tjetri n\u00eb drugdhendje!<\/em><\/p>\n<p>Un\u00eb isha shum\u00eb krenar sikur ne populli shqiptar ti kishim edhe 100 burra dhe gra shqiptare ma t\u00eb fuqishme se figura e Sk\u00ebnderbeut. P\u00ebrse e them k\u00ebt\u00eb, sepse historia e jon\u00eb shqiptare ishte edhe ma e pasur, por koha nuk ka sjell akoma nj\u00eb figur\u00eb t\u00eb till\u00eb. Ne duhet ta nderojm\u00eb, ta admirojm\u00eb dhe ta adhurojm\u00eb deri sa t\u00eb jen\u00eb shqiptar\u00ebt gjall\u00eb.<\/p>\n<p>Shkrimtaret, krijuesit, gazetaret, publicist\u00ebt dhe dramaturg\u00ebt deri me sot si frym\u00ebzim komb\u00ebtar kan\u00eb marr\u00eb figur\u00ebn e Sk\u00ebnderbeut andaj prap\u00eb kjo figure nuk mund te z\u00ebvend\u00ebsohet me asnj\u00eb figure tjet\u00ebr. Sk\u00ebnderbeu ishte ai qe e formuloj &#8220;Flamurin e shqiponj\u00ebs me dy krer\u00eb&#8221; dhe sot identifikohemi p\u00ebrmes atij flamuri n\u00eb gjith\u00eb bot\u00ebn.<\/p>\n<p style=\"text-align: right;\"><img decoding=\"async\" class=\"aligncenter size-thumbnail wp-image-7236\" title=\"Flamuri i Sk\u00ebnderbeut - gravur\u00eb nga Asllan Dibrani\" src=\"http:\/\/www.shkoder.net\/images\/fjala\/2011\/ad_shqipe_sk_gravure.jpg\" alt=\"\" width=\"300\" \/><em>Gdhendje n\u00eb dru nga Asllan Dibrani &#8211; flamuri i p\u00ebrcaktuar p\u00ebr shqiptar\u00eb nga Sk\u00ebnderbeu!<\/em><\/p>\n<p>Adem Jashari i koh\u00ebs se sotme mund te konsiderohet nj\u00eb figure madhore qe sakrifikoj veten e vet me nj\u00eb vendosm\u00ebri patriotiz\u00ebm dhe luft\u00ebtar ,por k\u00ebtij nuk ju ka dh\u00ebn\u00eb rasti qe ta marr epitetin e nj\u00eb baraspeshimi me Sk\u00ebnderbeun, p\u00ebr fat te keq qe shqiptar\u00ebt nuk e kuptuan me koh\u00eb. P\u00ebr fund t\u00eb fal\u00ebnderoj p\u00ebr hapjen e k\u00ebtij debati dhe i ftoj te gjith\u00eb krijuesit qe me t\u00eb gjitha forcat ta mbrojn\u00eb figur\u00ebn e tij. Si mos t\u00eb ishte Sk\u00ebnderbeu sot shqiptar nuk kishte me pasur fare.<\/p>\n<p>Edhe komb shqiptar nuk kishte me pasur! Te rroje kjo figur\u00eb n\u00eb zemrat e shqiptar\u00ebve edhe 1000 vjet deri sa te zhduken kjo fare e keqe dhe te mbesim vet ne shqiptar\u00ebt ti duam ti studiojm\u00eb dhe ti nderojm\u00eb sa te jen\u00eb jeta me jetuar figurat tona komb\u00ebtare pa i p\u00ebrdhunuar tradhtaret, te pa diturit, hoxhallar\u00ebt ekstremistet islamik dhe bashibozuk\u00ebt.<\/p>\n","protected":false},"excerpt":{"rendered":"<p>P\u00ebrgjigje zotit Ilir Dardanit n\u00eb rubrik\u00ebn debatuese p\u00ebr Sk\u00ebnderbeun n\u00eb &#8220;Zemr\u00ebn Shqiptare&#8221; Nga Asllan Dibrani I nderuari Ilir, me keqardhje e kuptoj zem\u00ebrimin tuaj! Me zem\u00ebr te thyer e p\u00ebrjetoj shqet\u00ebsimin tuaj v\u00eblla im i gjakut dhe i gjuh\u00ebs, po edhe Sk\u00ebnderbeu ishte si na po i nj\u00ebjtit gjak, i nj\u00ebjt\u00ebs kultur\u00eb, por gjenerata e [&hellip;]<\/p>\n","protected":false},"author":1,"featured_media":0,"comment_status":"open","ping_status":"closed","sticky":false,"template":"","format":"standard","meta":{"footnotes":""},"categories":[2],"tags":[],"class_list":{"0":"post-11562","1":"post","2":"type-post","3":"status-publish","4":"format-standard","6":"category-artikuj"},"yoast_head":"<!-- This site is optimized with the Yoast SEO plugin v27.4 - https:\/\/yoast.com\/product\/yoast-seo-wordpress\/ -->\n<title>A \u00ebsht\u00eb Gjergj Kastrioti - Sk\u00ebnderbeu &quot;Hero&quot; i t\u00eb gjith\u00eb Shqiptar\u00ebve? - FjALA e LIR\u00cb - Arkivi<\/title>\n<meta name=\"robots\" content=\"index, follow, max-snippet:-1, max-image-preview:large, max-video-preview:-1\" \/>\n<link rel=\"canonical\" href=\"https:\/\/fjala.info\/2009-2015\/a-eshte-gjergj-kastrioti-skenderbeu-hero-i-te-gjithe-shqiptareve\/\" \/>\n<meta property=\"og:locale\" content=\"sq_AL\" \/>\n<meta property=\"og:type\" content=\"article\" \/>\n<meta property=\"og:title\" content=\"A \u00ebsht\u00eb Gjergj Kastrioti - Sk\u00ebnderbeu &quot;Hero&quot; i t\u00eb gjith\u00eb Shqiptar\u00ebve? - FjALA e LIR\u00cb - Arkivi\" \/>\n<meta property=\"og:description\" content=\"P\u00ebrgjigje zotit Ilir Dardanit n\u00eb rubrik\u00ebn debatuese p\u00ebr Sk\u00ebnderbeun n\u00eb &#8220;Zemr\u00ebn Shqiptare&#8221; Nga Asllan Dibrani I nderuari Ilir, me keqardhje e kuptoj zem\u00ebrimin tuaj! Me zem\u00ebr te thyer e p\u00ebrjetoj shqet\u00ebsimin tuaj v\u00eblla im i gjakut dhe i gjuh\u00ebs, po edhe Sk\u00ebnderbeu ishte si na po i nj\u00ebjtit gjak, i nj\u00ebjt\u00ebs kultur\u00eb, por gjenerata e [&hellip;]\" \/>\n<meta property=\"og:url\" content=\"https:\/\/fjala.info\/2009-2015\/a-eshte-gjergj-kastrioti-skenderbeu-hero-i-te-gjithe-shqiptareve\/\" \/>\n<meta property=\"og:site_name\" content=\"FjALA e LIR\u00cb - Arkivi\" \/>\n<meta property=\"article:published_time\" content=\"2011-12-29T08:42:11+00:00\" \/>\n<meta property=\"og:image\" content=\"http:\/\/www.shkoder.net\/images\/fjala\/asllan_dibrani.jpg\" \/>\n<meta name=\"author\" content=\"admin\" \/>\n<meta name=\"twitter:card\" content=\"summary_large_image\" \/>\n<meta name=\"twitter:label1\" content=\"Written by\" \/>\n\t<meta name=\"twitter:data1\" content=\"admin\" \/>\n\t<meta name=\"twitter:label2\" content=\"Est. reading time\" \/>\n\t<meta name=\"twitter:data2\" content=\"3 minutes\" \/>\n<script type=\"application\/ld+json\" class=\"yoast-schema-graph\">{\"@context\":\"https:\\\/\\\/schema.org\",\"@graph\":[{\"@type\":\"Article\",\"@id\":\"https:\\\/\\\/fjala.info\\\/2009-2015\\\/a-eshte-gjergj-kastrioti-skenderbeu-hero-i-te-gjithe-shqiptareve\\\/#article\",\"isPartOf\":{\"@id\":\"https:\\\/\\\/fjala.info\\\/2009-2015\\\/a-eshte-gjergj-kastrioti-skenderbeu-hero-i-te-gjithe-shqiptareve\\\/\"},\"author\":{\"name\":\"admin\",\"@id\":\"https:\\\/\\\/fjala.info\\\/2009-2015\\\/#\\\/schema\\\/person\\\/3aa1163ef05469c496fc94e77611ada2\"},\"headline\":\"A \u00ebsht\u00eb Gjergj Kastrioti &#8211; Sk\u00ebnderbeu &#8220;Hero&#8221; i t\u00eb gjith\u00eb Shqiptar\u00ebve?\",\"datePublished\":\"2011-12-29T08:42:11+00:00\",\"mainEntityOfPage\":{\"@id\":\"https:\\\/\\\/fjala.info\\\/2009-2015\\\/a-eshte-gjergj-kastrioti-skenderbeu-hero-i-te-gjithe-shqiptareve\\\/\"},\"wordCount\":687,\"commentCount\":0,\"publisher\":{\"@id\":\"https:\\\/\\\/fjala.info\\\/2009-2015\\\/#organization\"},\"image\":{\"@id\":\"https:\\\/\\\/fjala.info\\\/2009-2015\\\/a-eshte-gjergj-kastrioti-skenderbeu-hero-i-te-gjithe-shqiptareve\\\/#primaryimage\"},\"thumbnailUrl\":\"http:\\\/\\\/www.shkoder.net\\\/images\\\/fjala\\\/asllan_dibrani.jpg\",\"articleSection\":[\"Artikuj\"],\"inLanguage\":\"sq-AL\",\"potentialAction\":[{\"@type\":\"CommentAction\",\"name\":\"Comment\",\"target\":[\"https:\\\/\\\/fjala.info\\\/2009-2015\\\/a-eshte-gjergj-kastrioti-skenderbeu-hero-i-te-gjithe-shqiptareve\\\/#respond\"]}]},{\"@type\":\"WebPage\",\"@id\":\"https:\\\/\\\/fjala.info\\\/2009-2015\\\/a-eshte-gjergj-kastrioti-skenderbeu-hero-i-te-gjithe-shqiptareve\\\/\",\"url\":\"https:\\\/\\\/fjala.info\\\/2009-2015\\\/a-eshte-gjergj-kastrioti-skenderbeu-hero-i-te-gjithe-shqiptareve\\\/\",\"name\":\"A \u00ebsht\u00eb Gjergj Kastrioti - Sk\u00ebnderbeu \\\"Hero\\\" i t\u00eb gjith\u00eb Shqiptar\u00ebve? - FjALA e LIR\u00cb - Arkivi\",\"isPartOf\":{\"@id\":\"https:\\\/\\\/fjala.info\\\/2009-2015\\\/#website\"},\"primaryImageOfPage\":{\"@id\":\"https:\\\/\\\/fjala.info\\\/2009-2015\\\/a-eshte-gjergj-kastrioti-skenderbeu-hero-i-te-gjithe-shqiptareve\\\/#primaryimage\"},\"image\":{\"@id\":\"https:\\\/\\\/fjala.info\\\/2009-2015\\\/a-eshte-gjergj-kastrioti-skenderbeu-hero-i-te-gjithe-shqiptareve\\\/#primaryimage\"},\"thumbnailUrl\":\"http:\\\/\\\/www.shkoder.net\\\/images\\\/fjala\\\/asllan_dibrani.jpg\",\"datePublished\":\"2011-12-29T08:42:11+00:00\",\"breadcrumb\":{\"@id\":\"https:\\\/\\\/fjala.info\\\/2009-2015\\\/a-eshte-gjergj-kastrioti-skenderbeu-hero-i-te-gjithe-shqiptareve\\\/#breadcrumb\"},\"inLanguage\":\"sq-AL\",\"potentialAction\":[{\"@type\":\"ReadAction\",\"target\":[\"https:\\\/\\\/fjala.info\\\/2009-2015\\\/a-eshte-gjergj-kastrioti-skenderbeu-hero-i-te-gjithe-shqiptareve\\\/\"]}]},{\"@type\":\"ImageObject\",\"inLanguage\":\"sq-AL\",\"@id\":\"https:\\\/\\\/fjala.info\\\/2009-2015\\\/a-eshte-gjergj-kastrioti-skenderbeu-hero-i-te-gjithe-shqiptareve\\\/#primaryimage\",\"url\":\"http:\\\/\\\/www.shkoder.net\\\/images\\\/fjala\\\/asllan_dibrani.jpg\",\"contentUrl\":\"http:\\\/\\\/www.shkoder.net\\\/images\\\/fjala\\\/asllan_dibrani.jpg\"},{\"@type\":\"BreadcrumbList\",\"@id\":\"https:\\\/\\\/fjala.info\\\/2009-2015\\\/a-eshte-gjergj-kastrioti-skenderbeu-hero-i-te-gjithe-shqiptareve\\\/#breadcrumb\",\"itemListElement\":[{\"@type\":\"ListItem\",\"position\":1,\"name\":\"Home\",\"item\":\"https:\\\/\\\/fjala.info\\\/2009-2015\\\/\"},{\"@type\":\"ListItem\",\"position\":2,\"name\":\"A \u00ebsht\u00eb Gjergj Kastrioti &#8211; Sk\u00ebnderbeu &#8220;Hero&#8221; i t\u00eb gjith\u00eb Shqiptar\u00ebve?\"}]},{\"@type\":\"WebSite\",\"@id\":\"https:\\\/\\\/fjala.info\\\/2009-2015\\\/#website\",\"url\":\"https:\\\/\\\/fjala.info\\\/2009-2015\\\/\",\"name\":\"FjALA e LIR\u00cb - Arkivi\",\"description\":\"Arkivi 2009-2015\",\"publisher\":{\"@id\":\"https:\\\/\\\/fjala.info\\\/2009-2015\\\/#organization\"},\"potentialAction\":[{\"@type\":\"SearchAction\",\"target\":{\"@type\":\"EntryPoint\",\"urlTemplate\":\"https:\\\/\\\/fjala.info\\\/2009-2015\\\/?s={search_term_string}\"},\"query-input\":{\"@type\":\"PropertyValueSpecification\",\"valueRequired\":true,\"valueName\":\"search_term_string\"}}],\"inLanguage\":\"sq-AL\"},{\"@type\":\"Organization\",\"@id\":\"https:\\\/\\\/fjala.info\\\/2009-2015\\\/#organization\",\"name\":\"FjALA e LIR\u00cb - Arkivi\",\"url\":\"https:\\\/\\\/fjala.info\\\/2009-2015\\\/\",\"logo\":{\"@type\":\"ImageObject\",\"inLanguage\":\"sq-AL\",\"@id\":\"https:\\\/\\\/fjala.info\\\/2009-2015\\\/#\\\/schema\\\/logo\\\/image\\\/\",\"url\":\"\",\"contentUrl\":\"\",\"caption\":\"FjALA e LIR\u00cb - Arkivi\"},\"image\":{\"@id\":\"https:\\\/\\\/fjala.info\\\/2009-2015\\\/#\\\/schema\\\/logo\\\/image\\\/\"}},{\"@type\":\"Person\",\"@id\":\"https:\\\/\\\/fjala.info\\\/2009-2015\\\/#\\\/schema\\\/person\\\/3aa1163ef05469c496fc94e77611ada2\",\"name\":\"admin\",\"image\":{\"@type\":\"ImageObject\",\"inLanguage\":\"sq-AL\",\"@id\":\"https:\\\/\\\/fjala.info\\\/2009-2015\\\/wp-content\\\/uploads\\\/2012\\\/02\\\/arben_cokaj-120x150.jpg\",\"url\":\"https:\\\/\\\/fjala.info\\\/2009-2015\\\/wp-content\\\/uploads\\\/2012\\\/02\\\/arben_cokaj-120x150.jpg\",\"contentUrl\":\"https:\\\/\\\/fjala.info\\\/2009-2015\\\/wp-content\\\/uploads\\\/2012\\\/02\\\/arben_cokaj-120x150.jpg\",\"caption\":\"admin\"},\"description\":\"Admin, Fjala e Lir\u00eb\",\"sameAs\":[\"https:\\\/\\\/fjala.info\\\/\"],\"url\":\"https:\\\/\\\/fjala.info\\\/2009-2015\\\/author\\\/admin\\\/\"}]}<\/script>\n<!-- \/ Yoast SEO plugin. -->","yoast_head_json":{"title":"A \u00ebsht\u00eb Gjergj Kastrioti - Sk\u00ebnderbeu \"Hero\" i t\u00eb gjith\u00eb Shqiptar\u00ebve? - FjALA e LIR\u00cb - Arkivi","robots":{"index":"index","follow":"follow","max-snippet":"max-snippet:-1","max-image-preview":"max-image-preview:large","max-video-preview":"max-video-preview:-1"},"canonical":"https:\/\/fjala.info\/2009-2015\/a-eshte-gjergj-kastrioti-skenderbeu-hero-i-te-gjithe-shqiptareve\/","og_locale":"sq_AL","og_type":"article","og_title":"A \u00ebsht\u00eb Gjergj Kastrioti - Sk\u00ebnderbeu \"Hero\" i t\u00eb gjith\u00eb Shqiptar\u00ebve? - FjALA e LIR\u00cb - Arkivi","og_description":"P\u00ebrgjigje zotit Ilir Dardanit n\u00eb rubrik\u00ebn debatuese p\u00ebr Sk\u00ebnderbeun n\u00eb &#8220;Zemr\u00ebn Shqiptare&#8221; Nga Asllan Dibrani I nderuari Ilir, me keqardhje e kuptoj zem\u00ebrimin tuaj! Me zem\u00ebr te thyer e p\u00ebrjetoj shqet\u00ebsimin tuaj v\u00eblla im i gjakut dhe i gjuh\u00ebs, po edhe Sk\u00ebnderbeu ishte si na po i nj\u00ebjtit gjak, i nj\u00ebjt\u00ebs kultur\u00eb, por gjenerata e [&hellip;]","og_url":"https:\/\/fjala.info\/2009-2015\/a-eshte-gjergj-kastrioti-skenderbeu-hero-i-te-gjithe-shqiptareve\/","og_site_name":"FjALA e LIR\u00cb - Arkivi","article_published_time":"2011-12-29T08:42:11+00:00","og_image":[{"url":"http:\/\/www.shkoder.net\/images\/fjala\/asllan_dibrani.jpg","type":"","width":"","height":""}],"author":"admin","twitter_card":"summary_large_image","twitter_misc":{"Written by":"admin","Est. reading time":"3 minutes"},"schema":{"@context":"https:\/\/schema.org","@graph":[{"@type":"Article","@id":"https:\/\/fjala.info\/2009-2015\/a-eshte-gjergj-kastrioti-skenderbeu-hero-i-te-gjithe-shqiptareve\/#article","isPartOf":{"@id":"https:\/\/fjala.info\/2009-2015\/a-eshte-gjergj-kastrioti-skenderbeu-hero-i-te-gjithe-shqiptareve\/"},"author":{"name":"admin","@id":"https:\/\/fjala.info\/2009-2015\/#\/schema\/person\/3aa1163ef05469c496fc94e77611ada2"},"headline":"A \u00ebsht\u00eb Gjergj Kastrioti &#8211; Sk\u00ebnderbeu &#8220;Hero&#8221; i t\u00eb gjith\u00eb Shqiptar\u00ebve?","datePublished":"2011-12-29T08:42:11+00:00","mainEntityOfPage":{"@id":"https:\/\/fjala.info\/2009-2015\/a-eshte-gjergj-kastrioti-skenderbeu-hero-i-te-gjithe-shqiptareve\/"},"wordCount":687,"commentCount":0,"publisher":{"@id":"https:\/\/fjala.info\/2009-2015\/#organization"},"image":{"@id":"https:\/\/fjala.info\/2009-2015\/a-eshte-gjergj-kastrioti-skenderbeu-hero-i-te-gjithe-shqiptareve\/#primaryimage"},"thumbnailUrl":"http:\/\/www.shkoder.net\/images\/fjala\/asllan_dibrani.jpg","articleSection":["Artikuj"],"inLanguage":"sq-AL","potentialAction":[{"@type":"CommentAction","name":"Comment","target":["https:\/\/fjala.info\/2009-2015\/a-eshte-gjergj-kastrioti-skenderbeu-hero-i-te-gjithe-shqiptareve\/#respond"]}]},{"@type":"WebPage","@id":"https:\/\/fjala.info\/2009-2015\/a-eshte-gjergj-kastrioti-skenderbeu-hero-i-te-gjithe-shqiptareve\/","url":"https:\/\/fjala.info\/2009-2015\/a-eshte-gjergj-kastrioti-skenderbeu-hero-i-te-gjithe-shqiptareve\/","name":"A \u00ebsht\u00eb Gjergj Kastrioti - Sk\u00ebnderbeu \"Hero\" i t\u00eb gjith\u00eb Shqiptar\u00ebve? - FjALA e LIR\u00cb - Arkivi","isPartOf":{"@id":"https:\/\/fjala.info\/2009-2015\/#website"},"primaryImageOfPage":{"@id":"https:\/\/fjala.info\/2009-2015\/a-eshte-gjergj-kastrioti-skenderbeu-hero-i-te-gjithe-shqiptareve\/#primaryimage"},"image":{"@id":"https:\/\/fjala.info\/2009-2015\/a-eshte-gjergj-kastrioti-skenderbeu-hero-i-te-gjithe-shqiptareve\/#primaryimage"},"thumbnailUrl":"http:\/\/www.shkoder.net\/images\/fjala\/asllan_dibrani.jpg","datePublished":"2011-12-29T08:42:11+00:00","breadcrumb":{"@id":"https:\/\/fjala.info\/2009-2015\/a-eshte-gjergj-kastrioti-skenderbeu-hero-i-te-gjithe-shqiptareve\/#breadcrumb"},"inLanguage":"sq-AL","potentialAction":[{"@type":"ReadAction","target":["https:\/\/fjala.info\/2009-2015\/a-eshte-gjergj-kastrioti-skenderbeu-hero-i-te-gjithe-shqiptareve\/"]}]},{"@type":"ImageObject","inLanguage":"sq-AL","@id":"https:\/\/fjala.info\/2009-2015\/a-eshte-gjergj-kastrioti-skenderbeu-hero-i-te-gjithe-shqiptareve\/#primaryimage","url":"http:\/\/www.shkoder.net\/images\/fjala\/asllan_dibrani.jpg","contentUrl":"http:\/\/www.shkoder.net\/images\/fjala\/asllan_dibrani.jpg"},{"@type":"BreadcrumbList","@id":"https:\/\/fjala.info\/2009-2015\/a-eshte-gjergj-kastrioti-skenderbeu-hero-i-te-gjithe-shqiptareve\/#breadcrumb","itemListElement":[{"@type":"ListItem","position":1,"name":"Home","item":"https:\/\/fjala.info\/2009-2015\/"},{"@type":"ListItem","position":2,"name":"A \u00ebsht\u00eb Gjergj Kastrioti &#8211; Sk\u00ebnderbeu &#8220;Hero&#8221; i t\u00eb gjith\u00eb Shqiptar\u00ebve?"}]},{"@type":"WebSite","@id":"https:\/\/fjala.info\/2009-2015\/#website","url":"https:\/\/fjala.info\/2009-2015\/","name":"FjALA e LIR\u00cb - Arkivi","description":"Arkivi 2009-2015","publisher":{"@id":"https:\/\/fjala.info\/2009-2015\/#organization"},"potentialAction":[{"@type":"SearchAction","target":{"@type":"EntryPoint","urlTemplate":"https:\/\/fjala.info\/2009-2015\/?s={search_term_string}"},"query-input":{"@type":"PropertyValueSpecification","valueRequired":true,"valueName":"search_term_string"}}],"inLanguage":"sq-AL"},{"@type":"Organization","@id":"https:\/\/fjala.info\/2009-2015\/#organization","name":"FjALA e LIR\u00cb - Arkivi","url":"https:\/\/fjala.info\/2009-2015\/","logo":{"@type":"ImageObject","inLanguage":"sq-AL","@id":"https:\/\/fjala.info\/2009-2015\/#\/schema\/logo\/image\/","url":"","contentUrl":"","caption":"FjALA e LIR\u00cb - Arkivi"},"image":{"@id":"https:\/\/fjala.info\/2009-2015\/#\/schema\/logo\/image\/"}},{"@type":"Person","@id":"https:\/\/fjala.info\/2009-2015\/#\/schema\/person\/3aa1163ef05469c496fc94e77611ada2","name":"admin","image":{"@type":"ImageObject","inLanguage":"sq-AL","@id":"https:\/\/fjala.info\/2009-2015\/wp-content\/uploads\/2012\/02\/arben_cokaj-120x150.jpg","url":"https:\/\/fjala.info\/2009-2015\/wp-content\/uploads\/2012\/02\/arben_cokaj-120x150.jpg","contentUrl":"https:\/\/fjala.info\/2009-2015\/wp-content\/uploads\/2012\/02\/arben_cokaj-120x150.jpg","caption":"admin"},"description":"Admin, Fjala e Lir\u00eb","sameAs":["https:\/\/fjala.info\/"],"url":"https:\/\/fjala.info\/2009-2015\/author\/admin\/"}]}},"_links":{"self":[{"href":"https:\/\/fjala.info\/2009-2015\/wp-json\/wp\/v2\/posts\/11562","targetHints":{"allow":["GET"]}}],"collection":[{"href":"https:\/\/fjala.info\/2009-2015\/wp-json\/wp\/v2\/posts"}],"about":[{"href":"https:\/\/fjala.info\/2009-2015\/wp-json\/wp\/v2\/types\/post"}],"author":[{"embeddable":true,"href":"https:\/\/fjala.info\/2009-2015\/wp-json\/wp\/v2\/users\/1"}],"replies":[{"embeddable":true,"href":"https:\/\/fjala.info\/2009-2015\/wp-json\/wp\/v2\/comments?post=11562"}],"version-history":[{"count":0,"href":"https:\/\/fjala.info\/2009-2015\/wp-json\/wp\/v2\/posts\/11562\/revisions"}],"wp:attachment":[{"href":"https:\/\/fjala.info\/2009-2015\/wp-json\/wp\/v2\/media?parent=11562"}],"wp:term":[{"taxonomy":"category","embeddable":true,"href":"https:\/\/fjala.info\/2009-2015\/wp-json\/wp\/v2\/categories?post=11562"},{"taxonomy":"post_tag","embeddable":true,"href":"https:\/\/fjala.info\/2009-2015\/wp-json\/wp\/v2\/tags?post=11562"}],"curies":[{"name":"wp","href":"https:\/\/api.w.org\/{rel}","templated":true}]}}