{"id":11561,"date":"2011-12-29T09:16:12","date_gmt":"2011-12-29T08:16:12","guid":{"rendered":"http:\/\/fjala.shkoder.net\/?p=868"},"modified":"2011-12-29T09:16:12","modified_gmt":"2011-12-29T08:16:12","slug":"tundimi-i-djallit-nje-galeri-jete","status":"publish","type":"post","link":"https:\/\/fjala.info\/2009-2015\/tundimi-i-djallit-nje-galeri-jete\/","title":{"rendered":"\u201cTundimi i Djallit\u201d nj\u00eb galeri jete"},"content":{"rendered":"<p><img decoding=\"async\" class=\"alignleft size-thumbnail wp-image-7236\" title=\"Fatmir Terziu\" src=\"http:\/\/www.shkoder.net\/images\/fjala\/2008\/fatmir_terziu.jpg\" alt=\"\" width=\"200\" \/> <em><strong>\u201cTundimi i Djallit\u201d<br \/>\nDuke shfletuar librin e fundit t\u00eb Siri Sulejmanit<\/strong><\/em><\/p>\n<p><strong>Fatmir Terziu<\/strong>, <em>27.12.2011<\/em><\/p>\n<p>\u201cTundimi i Djallit\u201d nisi nga nj\u00eb ide. Nj\u00eb ide q\u00eb u b\u00eb fabul\u00eb. Nj\u00eb fabul\u00eb q\u00eb u gatua mir\u00eb me mendimin e pjekur t\u00eb shkrimtarit Siri Sulejmani. Nj\u00eb fabul\u00eb e pjekur shum\u00ebkuptim\u00ebshe q\u00eb solli nj\u00eb tregim. Nj\u00eb tregim q\u00eb u pasua nga mjaft lidhje e nd\u00ebrlidhje. Lidhje q\u00eb soll\u00ebn mesazhe. Nd\u00ebrlidhje q\u00eb zgjuan kurreshtje. Kurreshtje q\u00eb shtuan arsyen p\u00ebr t\u00eb rilexuar e ripunuar k\u00ebt\u00eb tregim. K\u00ebt\u00eb tregim q\u00eb m\u00eb pas e stisi librin m\u00eb t\u00eb ri t\u00eb Sulejmanit me t\u00eb n\u00ebjtin titull.<\/p>\n<p>\u201cTundimi i Djallit\u201d k\u00ebsisoj \u00ebsht\u00eb nj\u00eb psikologji m\u00eb vete. Ka aspektin e jet\u00ebs por edhe t\u00eb tradit\u00ebs, por ka edhe dominimin fallik (phallic) q\u00eb forcon aspektin e njohur t\u00eb psikoanaliz\u00ebs s\u00eb Frojdit. Nj\u00eb psikoanaliz\u00eb q\u00eb nxit funksionin teorik t\u00eb procesit Oedipal. \u00cbsht\u00eb nj\u00eb ndodhi tunduese. \u2018Djalli\u2019 me t\u00eb cilin autori cil\u00ebson tradh\u00ebtin\u00eb, simbolin mashkullor, ndjesin\u00eb dhe arsyen e p\u00ebrhumbur p\u00ebrball\u00eb elementit fem\u00ebror, n\u00eb k\u00ebt\u00eb proces t\u00eb nd\u00ebrlikuar kap\u00ebrcen n\u00eb nj\u00eb sfid\u00eb.<\/p>\n<p>Nj\u00eb sfid\u00eb q\u00eb rr\u00ebnjoset e nuk shkulet nga procesi idiomatik e kulturor i figur\u00ebs s\u00eb \u2018babait\u2019 q\u00eb n\u00ebn trysni anormale arrin t\u00eb fiksoj\u00eb at\u00eb pamje t\u00eb kofsh\u00ebve, fustanit, \u2018brek\u00ebve roz\u00eb\u2019 dhe t\u00eb kaloj\u00eb n\u00eb fiksacionin me t\u00eb cilin fabula gatuhet. N\u00eb nj\u00eb situat\u00eb t\u00eb till\u00eb rolin e \u2018katalizatorit\u2019 figurativ autori me nj\u00eb guxim t\u00eb radh\u00eb e gjen tek elementi seksual mashkullor dhe me k\u00ebt\u00eb \u2018ngritje\u2019 t\u00eb tij kryen nj\u00eb funksion psikoanalitik p\u00ebr t\u00eb detyruar arsyen e tradhtis\u00eb. Ja se si shkruan autori vet\u00eb: \u201cAi ishte shtrir\u00eb n\u00eb nj\u00eb divan p\u00ebrbri dritares dhe po shfletonte gazet\u00ebn e dit\u00ebs. Nd\u00ebrkoh\u00eb e bija tet\u00ebmb\u00ebdhjet\u00ebvje\u00e7are u ngjit n\u00eb parvazin e dritares dhe po pastronte xhamat. Krejt instinktivisht atij i shkuan syt\u00eb posht\u00eb fustanit t\u00eb saj, gjat\u00eb kofsh\u00ebve t\u00eb bukura e deri te mbathjet roz\u00eb.<\/p>\n<p>E largoi shikimin me nervoziz\u00ebm, por p\u00ebr habin\u00eb e tij n\u00eb \u00e7ast ndjeu reagimin e menj\u00ebhersh\u00ebm t\u00eb organit seksual. Kjo gj\u00eb e tronditi dhe n\u00eb \u00e7ast u ngrit dhe kaloi nxituar n\u00eb kuzhin\u00eb ku e shoqja po merrej me p\u00ebrgatitjen e dark\u00ebs. E rr\u00ebmbeu p\u00ebr krahu gruan dhe e kaloi n\u00eb dhom\u00ebn e pun\u00ebs s\u00eb tij. Nd\u00ebrsa ajo po e shikonte e habitur, ai hapi sirtarin e nj\u00eb komodine, nxori q\u00eb aty pistolet\u00ebn dhe pasi ia mb\u00ebshteti tyt\u00ebn n\u00eb ball\u00eb i tha me k\u00ebrc\u00ebnim dhe nj\u00eb pamje t\u00eb frikshme: -M\u00eb thuaj se me k\u00eb e ke vajz\u00ebn, p\u00ebrndryshe t\u00eb hodha trut\u00eb n\u00eb er\u00eb\u2026\u201d<\/p>\n<p>\u00cbsht\u00eb kjo nj\u00eb retorik\u00eb turbulluese. Nj\u00eb retorik\u00eb q\u00eb mundet nga arsyeja. Nj\u00eb retorik\u00eb q\u00eb tendoset tek Gishti n\u00eb k\u00ebmb\u00ebz\u00ebn e pistolet\u00ebs. Nj\u00eb retorik\u00eb q\u00eb vjen nga arsyeja e bazuar tek morali. Morali q\u00eb pasqyron tradit\u00ebn. Tradita q\u00eb zbulon identitetin. Nj\u00eb identitet sa shqiptar, aq edhe global. Nderi i familjes! Nderi aq simbolik dhe i shtrenjt\u00eb p\u00ebr mjaft kombe. Aq i domosdosh\u00ebm p\u00ebr nj\u00eb familje t\u00eb sh\u00ebndosh\u00eb\u2026<\/p>\n<p>Siri Sulejmani p\u00ebr k\u00ebt\u00eb \u2018tundim djalli\u2019 gjeti qysh n\u00eb adoleshenc\u00eb at\u00eb q\u00eb e ndjeu mes asaj q\u00eb ai vet\u00eb e quan \u2018m\u00eb rr\u00ebmbeu vorbulla e jet\u00ebs p\u00ebr t\u00eb m\u00eb p\u00ebrplasur n\u00eb t\u00eb kat\u00ebr an\u00ebt e Shqip\u00ebris\u00eb.\u201d M\u00eb pas e shtyu edhe m\u00eb larg. P\u00ebr rrjedhoj\u00eb ai njohu n\u00ebp\u00ebr vite dashurin\u00eb dhe urrejtjen, sinqeritetin, hipokrizin\u00eb. N\u00eb rrjedh\u00ebn e jet\u00ebs s\u00eb tij k\u00ebshtu ai njohu pun\u00ebtorin endersh\u00ebm. Njohu edhe spekullator\u00ebt. Fiksoi n\u00eb let\u00ebr t\u00eb heshturin e munduar nga presioni i nd\u00ebrgjegjes, por edhe portretizoi n\u00eb memorjen e tij edhe guximtarin e nd\u00ebshkuar p\u00ebr t\u00eb v\u00ebrtet\u00ebn nga dhuna.<\/p>\n<p>Siri Sulejmani, pra njohu t\u00eb gjitha ngjyrat e jet\u00ebs. Kur papritur u gjend n\u00eb fush\u00ebn e let\u00ebrsis\u00eb, atij iu desh t\u00eb th\u00ebrriste fantazin\u00eb. At\u00eb fantazi q\u00eb e shoq\u00ebroi dit\u00ebve me kusure dhe net\u00ebve me batanije t\u00eb vjetra t\u00eb kantiereve, p\u00ebr t\u00eb pasqyruar n\u00eb koh\u00eb dhe n\u00eb hap\u00ebsir\u00eb, at\u00eb lidhje dialektike, metafizike dhe psikologjike n\u00eb sh\u00ebrbim t\u00eb kultur\u00ebs, artit dhe identitetit, duke pikturuar mjesht\u00ebrisht individin dhe t\u00ebr\u00ebsin\u00eb q\u00eb e rrethonte, p\u00ebr t\u00eb b\u00ebr\u00eb portretin e shoq\u00ebris\u00eb, p\u00ebrkrah t\u00eb cil\u00ebs kishte jetuar. N\u00eb k\u00ebt\u00eb portretizim artistik ai nguli talentin e tij pasi aty rridhnin t\u00eb v\u00ebrtetat e jet\u00ebs.<\/p>\n<p>\u00cbsht\u00eb kjo arsyeja q\u00eb \u201cTundimi i Djallit\u201d vjen si nj\u00eb lib\u00ebr p\u00ebr lexuesin, por me nj\u00eb ndryshim nga librat e tjer\u00eb t\u00eb shkruar m\u00eb par\u00eb; vjen nga nj\u00eb lexues jete, nga nj\u00eb pen\u00eb q\u00eb ka p\u00ebrjetuar dhe st\u00ebrlexuar t\u00eb gjitha k\u00ebto ndodhi shum\u00eb koh\u00eb n\u00eb mendjet dhe pamjet e trazuara njer\u00ebzore, duke na prur\u00eb k\u00ebshtu nj\u00eb ve\u00e7ori t\u00eb reales sublime ku \u00e7do lexues gjen nj\u00eb pjes\u00eb t\u00eb jet\u00ebs s\u00eb tij, n\u00eb mos t\u00eb t\u00ebr\u00ebn.<\/p>\n<p>Vler\u00ebsimi nga nj\u00ebr\u00ebz t\u00eb panjohur gjat\u00eb viteve t\u00eb krijimtaris\u00eb i ka prur\u00eb autorit k\u00ebnaq\u00ebsin\u00eb e ve\u00e7ant\u00eb. Madje kjo ka p\u00ebrb\u00ebr\u00eb kryevler\u00ebn.<\/p>\n<p><em>Vazhdon<\/em>\u2026<\/p>\n<p>&#8212;<br \/>\n<em>Media Information Production &amp; Terziu Films<\/em><\/p>\n<p><em>&#8212; d\u00ebrgoi <strong>Refik Hasani<\/strong><\/em><\/p>\n","protected":false},"excerpt":{"rendered":"<p>\u201cTundimi i Djallit\u201d Duke shfletuar librin e fundit t\u00eb Siri Sulejmanit Fatmir Terziu, 27.12.2011 \u201cTundimi i Djallit\u201d nisi nga nj\u00eb ide. Nj\u00eb ide q\u00eb u b\u00eb fabul\u00eb. Nj\u00eb fabul\u00eb q\u00eb u gatua mir\u00eb me mendimin e pjekur t\u00eb shkrimtarit Siri Sulejmani. Nj\u00eb fabul\u00eb e pjekur shum\u00ebkuptim\u00ebshe q\u00eb solli nj\u00eb tregim. Nj\u00eb tregim q\u00eb u pasua [&hellip;]<\/p>\n","protected":false},"author":1,"featured_media":0,"comment_status":"open","ping_status":"closed","sticky":false,"template":"","format":"standard","meta":{"footnotes":""},"categories":[2],"tags":[],"class_list":{"0":"post-11561","1":"post","2":"type-post","3":"status-publish","4":"format-standard","6":"category-artikuj"},"yoast_head":"<!-- This site is optimized with the Yoast SEO plugin v27.4 - https:\/\/yoast.com\/product\/yoast-seo-wordpress\/ -->\n<title>\u201cTundimi i Djallit\u201d nj\u00eb galeri jete - FjALA e LIR\u00cb - Arkivi<\/title>\n<meta name=\"robots\" content=\"index, follow, max-snippet:-1, max-image-preview:large, max-video-preview:-1\" \/>\n<link rel=\"canonical\" href=\"https:\/\/fjala.info\/2009-2015\/tundimi-i-djallit-nje-galeri-jete\/\" \/>\n<meta property=\"og:locale\" content=\"sq_AL\" \/>\n<meta property=\"og:type\" content=\"article\" \/>\n<meta property=\"og:title\" content=\"\u201cTundimi i Djallit\u201d nj\u00eb galeri jete - FjALA e LIR\u00cb - Arkivi\" \/>\n<meta property=\"og:description\" content=\"\u201cTundimi i Djallit\u201d Duke shfletuar librin e fundit t\u00eb Siri Sulejmanit Fatmir Terziu, 27.12.2011 \u201cTundimi i Djallit\u201d nisi nga nj\u00eb ide. Nj\u00eb ide q\u00eb u b\u00eb fabul\u00eb. Nj\u00eb fabul\u00eb q\u00eb u gatua mir\u00eb me mendimin e pjekur t\u00eb shkrimtarit Siri Sulejmani. Nj\u00eb fabul\u00eb e pjekur shum\u00ebkuptim\u00ebshe q\u00eb solli nj\u00eb tregim. Nj\u00eb tregim q\u00eb u pasua [&hellip;]\" \/>\n<meta property=\"og:url\" content=\"https:\/\/fjala.info\/2009-2015\/tundimi-i-djallit-nje-galeri-jete\/\" \/>\n<meta property=\"og:site_name\" content=\"FjALA e LIR\u00cb - Arkivi\" \/>\n<meta property=\"article:published_time\" content=\"2011-12-29T08:16:12+00:00\" \/>\n<meta property=\"og:image\" content=\"http:\/\/www.shkoder.net\/images\/fjala\/2008\/fatmir_terziu.jpg\" \/>\n<meta name=\"author\" content=\"admin\" \/>\n<meta name=\"twitter:card\" content=\"summary_large_image\" \/>\n<meta name=\"twitter:label1\" content=\"Written by\" \/>\n\t<meta name=\"twitter:data1\" content=\"admin\" \/>\n\t<meta name=\"twitter:label2\" content=\"Est. reading time\" \/>\n\t<meta name=\"twitter:data2\" content=\"4 minutes\" \/>\n<script type=\"application\/ld+json\" class=\"yoast-schema-graph\">{\"@context\":\"https:\\\/\\\/schema.org\",\"@graph\":[{\"@type\":\"Article\",\"@id\":\"https:\\\/\\\/fjala.info\\\/2009-2015\\\/tundimi-i-djallit-nje-galeri-jete\\\/#article\",\"isPartOf\":{\"@id\":\"https:\\\/\\\/fjala.info\\\/2009-2015\\\/tundimi-i-djallit-nje-galeri-jete\\\/\"},\"author\":{\"name\":\"admin\",\"@id\":\"https:\\\/\\\/fjala.info\\\/2009-2015\\\/#\\\/schema\\\/person\\\/3aa1163ef05469c496fc94e77611ada2\"},\"headline\":\"\u201cTundimi i Djallit\u201d nj\u00eb galeri jete\",\"datePublished\":\"2011-12-29T08:16:12+00:00\",\"mainEntityOfPage\":{\"@id\":\"https:\\\/\\\/fjala.info\\\/2009-2015\\\/tundimi-i-djallit-nje-galeri-jete\\\/\"},\"wordCount\":900,\"commentCount\":0,\"publisher\":{\"@id\":\"https:\\\/\\\/fjala.info\\\/2009-2015\\\/#organization\"},\"image\":{\"@id\":\"https:\\\/\\\/fjala.info\\\/2009-2015\\\/tundimi-i-djallit-nje-galeri-jete\\\/#primaryimage\"},\"thumbnailUrl\":\"http:\\\/\\\/www.shkoder.net\\\/images\\\/fjala\\\/2008\\\/fatmir_terziu.jpg\",\"articleSection\":[\"Artikuj\"],\"inLanguage\":\"sq-AL\",\"potentialAction\":[{\"@type\":\"CommentAction\",\"name\":\"Comment\",\"target\":[\"https:\\\/\\\/fjala.info\\\/2009-2015\\\/tundimi-i-djallit-nje-galeri-jete\\\/#respond\"]}]},{\"@type\":\"WebPage\",\"@id\":\"https:\\\/\\\/fjala.info\\\/2009-2015\\\/tundimi-i-djallit-nje-galeri-jete\\\/\",\"url\":\"https:\\\/\\\/fjala.info\\\/2009-2015\\\/tundimi-i-djallit-nje-galeri-jete\\\/\",\"name\":\"\u201cTundimi i Djallit\u201d nj\u00eb galeri jete - FjALA e LIR\u00cb - Arkivi\",\"isPartOf\":{\"@id\":\"https:\\\/\\\/fjala.info\\\/2009-2015\\\/#website\"},\"primaryImageOfPage\":{\"@id\":\"https:\\\/\\\/fjala.info\\\/2009-2015\\\/tundimi-i-djallit-nje-galeri-jete\\\/#primaryimage\"},\"image\":{\"@id\":\"https:\\\/\\\/fjala.info\\\/2009-2015\\\/tundimi-i-djallit-nje-galeri-jete\\\/#primaryimage\"},\"thumbnailUrl\":\"http:\\\/\\\/www.shkoder.net\\\/images\\\/fjala\\\/2008\\\/fatmir_terziu.jpg\",\"datePublished\":\"2011-12-29T08:16:12+00:00\",\"breadcrumb\":{\"@id\":\"https:\\\/\\\/fjala.info\\\/2009-2015\\\/tundimi-i-djallit-nje-galeri-jete\\\/#breadcrumb\"},\"inLanguage\":\"sq-AL\",\"potentialAction\":[{\"@type\":\"ReadAction\",\"target\":[\"https:\\\/\\\/fjala.info\\\/2009-2015\\\/tundimi-i-djallit-nje-galeri-jete\\\/\"]}]},{\"@type\":\"ImageObject\",\"inLanguage\":\"sq-AL\",\"@id\":\"https:\\\/\\\/fjala.info\\\/2009-2015\\\/tundimi-i-djallit-nje-galeri-jete\\\/#primaryimage\",\"url\":\"http:\\\/\\\/www.shkoder.net\\\/images\\\/fjala\\\/2008\\\/fatmir_terziu.jpg\",\"contentUrl\":\"http:\\\/\\\/www.shkoder.net\\\/images\\\/fjala\\\/2008\\\/fatmir_terziu.jpg\"},{\"@type\":\"BreadcrumbList\",\"@id\":\"https:\\\/\\\/fjala.info\\\/2009-2015\\\/tundimi-i-djallit-nje-galeri-jete\\\/#breadcrumb\",\"itemListElement\":[{\"@type\":\"ListItem\",\"position\":1,\"name\":\"Home\",\"item\":\"https:\\\/\\\/fjala.info\\\/2009-2015\\\/\"},{\"@type\":\"ListItem\",\"position\":2,\"name\":\"\u201cTundimi i Djallit\u201d nj\u00eb galeri jete\"}]},{\"@type\":\"WebSite\",\"@id\":\"https:\\\/\\\/fjala.info\\\/2009-2015\\\/#website\",\"url\":\"https:\\\/\\\/fjala.info\\\/2009-2015\\\/\",\"name\":\"FjALA e LIR\u00cb - Arkivi\",\"description\":\"Arkivi 2009-2015\",\"publisher\":{\"@id\":\"https:\\\/\\\/fjala.info\\\/2009-2015\\\/#organization\"},\"potentialAction\":[{\"@type\":\"SearchAction\",\"target\":{\"@type\":\"EntryPoint\",\"urlTemplate\":\"https:\\\/\\\/fjala.info\\\/2009-2015\\\/?s={search_term_string}\"},\"query-input\":{\"@type\":\"PropertyValueSpecification\",\"valueRequired\":true,\"valueName\":\"search_term_string\"}}],\"inLanguage\":\"sq-AL\"},{\"@type\":\"Organization\",\"@id\":\"https:\\\/\\\/fjala.info\\\/2009-2015\\\/#organization\",\"name\":\"FjALA e LIR\u00cb - Arkivi\",\"url\":\"https:\\\/\\\/fjala.info\\\/2009-2015\\\/\",\"logo\":{\"@type\":\"ImageObject\",\"inLanguage\":\"sq-AL\",\"@id\":\"https:\\\/\\\/fjala.info\\\/2009-2015\\\/#\\\/schema\\\/logo\\\/image\\\/\",\"url\":\"\",\"contentUrl\":\"\",\"caption\":\"FjALA e LIR\u00cb - Arkivi\"},\"image\":{\"@id\":\"https:\\\/\\\/fjala.info\\\/2009-2015\\\/#\\\/schema\\\/logo\\\/image\\\/\"}},{\"@type\":\"Person\",\"@id\":\"https:\\\/\\\/fjala.info\\\/2009-2015\\\/#\\\/schema\\\/person\\\/3aa1163ef05469c496fc94e77611ada2\",\"name\":\"admin\",\"image\":{\"@type\":\"ImageObject\",\"inLanguage\":\"sq-AL\",\"@id\":\"https:\\\/\\\/fjala.info\\\/2009-2015\\\/wp-content\\\/uploads\\\/2012\\\/02\\\/arben_cokaj-120x150.jpg\",\"url\":\"https:\\\/\\\/fjala.info\\\/2009-2015\\\/wp-content\\\/uploads\\\/2012\\\/02\\\/arben_cokaj-120x150.jpg\",\"contentUrl\":\"https:\\\/\\\/fjala.info\\\/2009-2015\\\/wp-content\\\/uploads\\\/2012\\\/02\\\/arben_cokaj-120x150.jpg\",\"caption\":\"admin\"},\"description\":\"Admin, Fjala e Lir\u00eb\",\"sameAs\":[\"https:\\\/\\\/fjala.info\\\/\"],\"url\":\"https:\\\/\\\/fjala.info\\\/2009-2015\\\/author\\\/admin\\\/\"}]}<\/script>\n<!-- \/ Yoast SEO plugin. -->","yoast_head_json":{"title":"\u201cTundimi i Djallit\u201d nj\u00eb galeri jete - FjALA e LIR\u00cb - Arkivi","robots":{"index":"index","follow":"follow","max-snippet":"max-snippet:-1","max-image-preview":"max-image-preview:large","max-video-preview":"max-video-preview:-1"},"canonical":"https:\/\/fjala.info\/2009-2015\/tundimi-i-djallit-nje-galeri-jete\/","og_locale":"sq_AL","og_type":"article","og_title":"\u201cTundimi i Djallit\u201d nj\u00eb galeri jete - FjALA e LIR\u00cb - Arkivi","og_description":"\u201cTundimi i Djallit\u201d Duke shfletuar librin e fundit t\u00eb Siri Sulejmanit Fatmir Terziu, 27.12.2011 \u201cTundimi i Djallit\u201d nisi nga nj\u00eb ide. Nj\u00eb ide q\u00eb u b\u00eb fabul\u00eb. Nj\u00eb fabul\u00eb q\u00eb u gatua mir\u00eb me mendimin e pjekur t\u00eb shkrimtarit Siri Sulejmani. Nj\u00eb fabul\u00eb e pjekur shum\u00ebkuptim\u00ebshe q\u00eb solli nj\u00eb tregim. Nj\u00eb tregim q\u00eb u pasua [&hellip;]","og_url":"https:\/\/fjala.info\/2009-2015\/tundimi-i-djallit-nje-galeri-jete\/","og_site_name":"FjALA e LIR\u00cb - Arkivi","article_published_time":"2011-12-29T08:16:12+00:00","og_image":[{"url":"http:\/\/www.shkoder.net\/images\/fjala\/2008\/fatmir_terziu.jpg","type":"","width":"","height":""}],"author":"admin","twitter_card":"summary_large_image","twitter_misc":{"Written by":"admin","Est. reading time":"4 minutes"},"schema":{"@context":"https:\/\/schema.org","@graph":[{"@type":"Article","@id":"https:\/\/fjala.info\/2009-2015\/tundimi-i-djallit-nje-galeri-jete\/#article","isPartOf":{"@id":"https:\/\/fjala.info\/2009-2015\/tundimi-i-djallit-nje-galeri-jete\/"},"author":{"name":"admin","@id":"https:\/\/fjala.info\/2009-2015\/#\/schema\/person\/3aa1163ef05469c496fc94e77611ada2"},"headline":"\u201cTundimi i Djallit\u201d nj\u00eb galeri jete","datePublished":"2011-12-29T08:16:12+00:00","mainEntityOfPage":{"@id":"https:\/\/fjala.info\/2009-2015\/tundimi-i-djallit-nje-galeri-jete\/"},"wordCount":900,"commentCount":0,"publisher":{"@id":"https:\/\/fjala.info\/2009-2015\/#organization"},"image":{"@id":"https:\/\/fjala.info\/2009-2015\/tundimi-i-djallit-nje-galeri-jete\/#primaryimage"},"thumbnailUrl":"http:\/\/www.shkoder.net\/images\/fjala\/2008\/fatmir_terziu.jpg","articleSection":["Artikuj"],"inLanguage":"sq-AL","potentialAction":[{"@type":"CommentAction","name":"Comment","target":["https:\/\/fjala.info\/2009-2015\/tundimi-i-djallit-nje-galeri-jete\/#respond"]}]},{"@type":"WebPage","@id":"https:\/\/fjala.info\/2009-2015\/tundimi-i-djallit-nje-galeri-jete\/","url":"https:\/\/fjala.info\/2009-2015\/tundimi-i-djallit-nje-galeri-jete\/","name":"\u201cTundimi i Djallit\u201d nj\u00eb galeri jete - FjALA e LIR\u00cb - Arkivi","isPartOf":{"@id":"https:\/\/fjala.info\/2009-2015\/#website"},"primaryImageOfPage":{"@id":"https:\/\/fjala.info\/2009-2015\/tundimi-i-djallit-nje-galeri-jete\/#primaryimage"},"image":{"@id":"https:\/\/fjala.info\/2009-2015\/tundimi-i-djallit-nje-galeri-jete\/#primaryimage"},"thumbnailUrl":"http:\/\/www.shkoder.net\/images\/fjala\/2008\/fatmir_terziu.jpg","datePublished":"2011-12-29T08:16:12+00:00","breadcrumb":{"@id":"https:\/\/fjala.info\/2009-2015\/tundimi-i-djallit-nje-galeri-jete\/#breadcrumb"},"inLanguage":"sq-AL","potentialAction":[{"@type":"ReadAction","target":["https:\/\/fjala.info\/2009-2015\/tundimi-i-djallit-nje-galeri-jete\/"]}]},{"@type":"ImageObject","inLanguage":"sq-AL","@id":"https:\/\/fjala.info\/2009-2015\/tundimi-i-djallit-nje-galeri-jete\/#primaryimage","url":"http:\/\/www.shkoder.net\/images\/fjala\/2008\/fatmir_terziu.jpg","contentUrl":"http:\/\/www.shkoder.net\/images\/fjala\/2008\/fatmir_terziu.jpg"},{"@type":"BreadcrumbList","@id":"https:\/\/fjala.info\/2009-2015\/tundimi-i-djallit-nje-galeri-jete\/#breadcrumb","itemListElement":[{"@type":"ListItem","position":1,"name":"Home","item":"https:\/\/fjala.info\/2009-2015\/"},{"@type":"ListItem","position":2,"name":"\u201cTundimi i Djallit\u201d nj\u00eb galeri jete"}]},{"@type":"WebSite","@id":"https:\/\/fjala.info\/2009-2015\/#website","url":"https:\/\/fjala.info\/2009-2015\/","name":"FjALA e LIR\u00cb - Arkivi","description":"Arkivi 2009-2015","publisher":{"@id":"https:\/\/fjala.info\/2009-2015\/#organization"},"potentialAction":[{"@type":"SearchAction","target":{"@type":"EntryPoint","urlTemplate":"https:\/\/fjala.info\/2009-2015\/?s={search_term_string}"},"query-input":{"@type":"PropertyValueSpecification","valueRequired":true,"valueName":"search_term_string"}}],"inLanguage":"sq-AL"},{"@type":"Organization","@id":"https:\/\/fjala.info\/2009-2015\/#organization","name":"FjALA e LIR\u00cb - Arkivi","url":"https:\/\/fjala.info\/2009-2015\/","logo":{"@type":"ImageObject","inLanguage":"sq-AL","@id":"https:\/\/fjala.info\/2009-2015\/#\/schema\/logo\/image\/","url":"","contentUrl":"","caption":"FjALA e LIR\u00cb - Arkivi"},"image":{"@id":"https:\/\/fjala.info\/2009-2015\/#\/schema\/logo\/image\/"}},{"@type":"Person","@id":"https:\/\/fjala.info\/2009-2015\/#\/schema\/person\/3aa1163ef05469c496fc94e77611ada2","name":"admin","image":{"@type":"ImageObject","inLanguage":"sq-AL","@id":"https:\/\/fjala.info\/2009-2015\/wp-content\/uploads\/2012\/02\/arben_cokaj-120x150.jpg","url":"https:\/\/fjala.info\/2009-2015\/wp-content\/uploads\/2012\/02\/arben_cokaj-120x150.jpg","contentUrl":"https:\/\/fjala.info\/2009-2015\/wp-content\/uploads\/2012\/02\/arben_cokaj-120x150.jpg","caption":"admin"},"description":"Admin, Fjala e Lir\u00eb","sameAs":["https:\/\/fjala.info\/"],"url":"https:\/\/fjala.info\/2009-2015\/author\/admin\/"}]}},"_links":{"self":[{"href":"https:\/\/fjala.info\/2009-2015\/wp-json\/wp\/v2\/posts\/11561","targetHints":{"allow":["GET"]}}],"collection":[{"href":"https:\/\/fjala.info\/2009-2015\/wp-json\/wp\/v2\/posts"}],"about":[{"href":"https:\/\/fjala.info\/2009-2015\/wp-json\/wp\/v2\/types\/post"}],"author":[{"embeddable":true,"href":"https:\/\/fjala.info\/2009-2015\/wp-json\/wp\/v2\/users\/1"}],"replies":[{"embeddable":true,"href":"https:\/\/fjala.info\/2009-2015\/wp-json\/wp\/v2\/comments?post=11561"}],"version-history":[{"count":0,"href":"https:\/\/fjala.info\/2009-2015\/wp-json\/wp\/v2\/posts\/11561\/revisions"}],"wp:attachment":[{"href":"https:\/\/fjala.info\/2009-2015\/wp-json\/wp\/v2\/media?parent=11561"}],"wp:term":[{"taxonomy":"category","embeddable":true,"href":"https:\/\/fjala.info\/2009-2015\/wp-json\/wp\/v2\/categories?post=11561"},{"taxonomy":"post_tag","embeddable":true,"href":"https:\/\/fjala.info\/2009-2015\/wp-json\/wp\/v2\/tags?post=11561"}],"curies":[{"name":"wp","href":"https:\/\/api.w.org\/{rel}","templated":true}]}}