{"id":11560,"date":"2011-12-29T09:11:56","date_gmt":"2011-12-29T08:11:56","guid":{"rendered":"http:\/\/fjala.shkoder.net\/?p=866"},"modified":"2011-12-29T09:11:56","modified_gmt":"2011-12-29T08:11:56","slug":"investim-e-integrim-e-jo-izolim-i-lugines-se-presheves","status":"publish","type":"post","link":"https:\/\/fjala.info\/2009-2015\/investim-e-integrim-e-jo-izolim-i-lugines-se-presheves\/","title":{"rendered":"Investim e Integrim e jo izolim i Lugin\u00ebs s\u00eb Preshev\u00ebs"},"content":{"rendered":"<p><img decoding=\"async\" class=\"alignright size-thumbnail wp-image-7236\" title=\"Refik Hasani\" src=\"http:\/\/www.shkoder.net\/images\/fjala\/refik_hasani.jpg\" alt=\"\" width=\"150\" \/> <strong>Refik Hasani<\/strong><\/p>\n<p>Kartonat e xhelb\u00ebr t\u00eb sigurimeve t\u00eb pranohen nga nj\u00ebri tjet\u00ebri e jo t\u00eb aplikohet taks\u00eb p\u00ebr hyrje. Tarifat e polisave kufitare n\u00eb mes\u00eb t\u00eb t\u00eb dy shteteve q\u00eb do t\u00eb aplikohen sjellin edhe m\u00eb shum\u00eb v\u00ebsht\u00ebrsi n\u00eb komunkimin e nd\u00ebrsjellt\u00eb t\u00eb banor\u00ebve. T\u00eb gjith\u00eb shqiptar\u00ebt veqmas t\u00eb sh\u00ebrngulurit, zhvendosurit dhe t\u00eb d\u00ebbuarit nga Medvegja, Bujanoci dhe Presheva reagojn dhe nuk pajtohen kurrsesi m\u00eb k\u00ebt\u00eb taks q\u00eb do t\u00eb aplikohet, ku 60 euro p\u00ebr 15 dit\u00eb duhet t\u00eb paguhen p\u00ebr t\u00eb hyr\u00eb n\u00eb Kosov\u00eb me veture t\u00eb udh\u00ebtar\u00ebve.<\/p>\n<p>N\u00eb vend\u00eb q\u00eb Prishtina n\u00eb bashk\u00ebpunim me Tiran\u00ebn t\u00eb ul\u00eb taksat dhe t\u2019ua paguan student\u00ebve q\u00eb studijojn n\u00ebp\u00ebr universitet e Prishtin\u00ebs, Tiran\u00ebs, Shkupit ajo shton taksa t\u00eb reja. Reciprocitet n\u00eb mes\u00eb t\u00eb Serbis\u00eb dhe Kosov\u00ebs t\u00eb aplikohet n\u00eb produkte ushqimore, industriale e tjera.<\/p>\n<p><strong>Kjo duhet t\u00eb hiqet nga praktika<\/strong>.<\/p>\n<p>T\u00eb gjith\u00eb ne shqiptar\u00ebt ngaKomuna e Medvegj\u00ebs, Bujanocit dhe Preshev\u00ebs edhe ashtu ballafaqohemi me nj\u00eb diskriminim nga Beogradi, kemi mbetur Rajoni m\u00eb i pazhvllluar, nuk kemi kurrfar perspektive, nuk ka spital e as Universitet na \u00ebsht\u00eb dashur edhe kjo tarif\u00eb q\u00eb t\u00eb ndalen vizitat dhe komunkimi. Fshtarat t\u00eb banuar me serb\u00eb lokal t\u00eb Kosov\u00ebs si Shillova e Graqanica jan b\u00ebr me spitale e universitete kurse Krahina shqiptare ende k\u00ebto i mungojn\u00eb. Ndoshta ka ardh nj\u00eb moment t\u00eb mendoj popullata t\u00eb q\u00ebndroj apo l\u00ebshoj k\u00ebto troje pasi ska kurrfar\u00eb investimi. Prishtina e Tirana bashk\u00ebrisht t\u00eb investojn dhe t\u00eb hapin nj\u00eb Agjencion p\u00ebr shqiptar\u00ebt e mbetur n\u00ebn admnistrimin e Serbis\u00eb dhe t\u00eb ish-RSFJ-s\u00eb.<\/p>\n<p>27.12.2011<\/p>\n","protected":false},"excerpt":{"rendered":"<p>Refik Hasani Kartonat e xhelb\u00ebr t\u00eb sigurimeve t\u00eb pranohen nga nj\u00ebri tjet\u00ebri e jo t\u00eb aplikohet taks\u00eb p\u00ebr hyrje. Tarifat e polisave kufitare n\u00eb mes\u00eb t\u00eb t\u00eb dy shteteve q\u00eb do t\u00eb aplikohen sjellin edhe m\u00eb shum\u00eb v\u00ebsht\u00ebrsi n\u00eb komunkimin e nd\u00ebrsjellt\u00eb t\u00eb banor\u00ebve. T\u00eb gjith\u00eb shqiptar\u00ebt veqmas t\u00eb sh\u00ebrngulurit, zhvendosurit dhe t\u00eb d\u00ebbuarit nga [&hellip;]<\/p>\n","protected":false},"author":1,"featured_media":0,"comment_status":"open","ping_status":"closed","sticky":false,"template":"","format":"standard","meta":{"footnotes":""},"categories":[2],"tags":[],"class_list":{"0":"post-11560","1":"post","2":"type-post","3":"status-publish","4":"format-standard","6":"category-artikuj"},"yoast_head":"<!-- This site is optimized with the Yoast SEO plugin v27.4 - https:\/\/yoast.com\/product\/yoast-seo-wordpress\/ -->\n<title>Investim e Integrim e jo izolim i Lugin\u00ebs s\u00eb Preshev\u00ebs - FjALA e LIR\u00cb - Arkivi<\/title>\n<meta name=\"robots\" content=\"index, follow, max-snippet:-1, max-image-preview:large, max-video-preview:-1\" \/>\n<link rel=\"canonical\" href=\"https:\/\/fjala.info\/2009-2015\/investim-e-integrim-e-jo-izolim-i-lugines-se-presheves\/\" \/>\n<meta property=\"og:locale\" content=\"sq_AL\" \/>\n<meta property=\"og:type\" content=\"article\" \/>\n<meta property=\"og:title\" content=\"Investim e Integrim e jo izolim i Lugin\u00ebs s\u00eb Preshev\u00ebs - FjALA e LIR\u00cb - Arkivi\" \/>\n<meta property=\"og:description\" content=\"Refik Hasani Kartonat e xhelb\u00ebr t\u00eb sigurimeve t\u00eb pranohen nga nj\u00ebri tjet\u00ebri e jo t\u00eb aplikohet taks\u00eb p\u00ebr hyrje. Tarifat e polisave kufitare n\u00eb mes\u00eb t\u00eb t\u00eb dy shteteve q\u00eb do t\u00eb aplikohen sjellin edhe m\u00eb shum\u00eb v\u00ebsht\u00ebrsi n\u00eb komunkimin e nd\u00ebrsjellt\u00eb t\u00eb banor\u00ebve. T\u00eb gjith\u00eb shqiptar\u00ebt veqmas t\u00eb sh\u00ebrngulurit, zhvendosurit dhe t\u00eb d\u00ebbuarit nga [&hellip;]\" \/>\n<meta property=\"og:url\" content=\"https:\/\/fjala.info\/2009-2015\/investim-e-integrim-e-jo-izolim-i-lugines-se-presheves\/\" \/>\n<meta property=\"og:site_name\" content=\"FjALA e LIR\u00cb - Arkivi\" \/>\n<meta property=\"article:published_time\" content=\"2011-12-29T08:11:56+00:00\" \/>\n<meta property=\"og:image\" content=\"http:\/\/www.shkoder.net\/images\/fjala\/refik_hasani.jpg\" \/>\n<meta name=\"author\" content=\"admin\" \/>\n<meta name=\"twitter:card\" content=\"summary_large_image\" \/>\n<meta name=\"twitter:label1\" content=\"Written by\" \/>\n\t<meta name=\"twitter:data1\" content=\"admin\" \/>\n\t<meta name=\"twitter:label2\" content=\"Est. reading time\" \/>\n\t<meta name=\"twitter:data2\" content=\"1 minute\" \/>\n<script type=\"application\/ld+json\" class=\"yoast-schema-graph\">{\"@context\":\"https:\\\/\\\/schema.org\",\"@graph\":[{\"@type\":\"Article\",\"@id\":\"https:\\\/\\\/fjala.info\\\/2009-2015\\\/investim-e-integrim-e-jo-izolim-i-lugines-se-presheves\\\/#article\",\"isPartOf\":{\"@id\":\"https:\\\/\\\/fjala.info\\\/2009-2015\\\/investim-e-integrim-e-jo-izolim-i-lugines-se-presheves\\\/\"},\"author\":{\"name\":\"admin\",\"@id\":\"https:\\\/\\\/fjala.info\\\/2009-2015\\\/#\\\/schema\\\/person\\\/3aa1163ef05469c496fc94e77611ada2\"},\"headline\":\"Investim e Integrim e jo izolim i Lugin\u00ebs s\u00eb Preshev\u00ebs\",\"datePublished\":\"2011-12-29T08:11:56+00:00\",\"mainEntityOfPage\":{\"@id\":\"https:\\\/\\\/fjala.info\\\/2009-2015\\\/investim-e-integrim-e-jo-izolim-i-lugines-se-presheves\\\/\"},\"wordCount\":297,\"commentCount\":0,\"publisher\":{\"@id\":\"https:\\\/\\\/fjala.info\\\/2009-2015\\\/#organization\"},\"image\":{\"@id\":\"https:\\\/\\\/fjala.info\\\/2009-2015\\\/investim-e-integrim-e-jo-izolim-i-lugines-se-presheves\\\/#primaryimage\"},\"thumbnailUrl\":\"http:\\\/\\\/www.shkoder.net\\\/images\\\/fjala\\\/refik_hasani.jpg\",\"articleSection\":[\"Artikuj\"],\"inLanguage\":\"sq-AL\",\"potentialAction\":[{\"@type\":\"CommentAction\",\"name\":\"Comment\",\"target\":[\"https:\\\/\\\/fjala.info\\\/2009-2015\\\/investim-e-integrim-e-jo-izolim-i-lugines-se-presheves\\\/#respond\"]}]},{\"@type\":\"WebPage\",\"@id\":\"https:\\\/\\\/fjala.info\\\/2009-2015\\\/investim-e-integrim-e-jo-izolim-i-lugines-se-presheves\\\/\",\"url\":\"https:\\\/\\\/fjala.info\\\/2009-2015\\\/investim-e-integrim-e-jo-izolim-i-lugines-se-presheves\\\/\",\"name\":\"Investim e Integrim e jo izolim i Lugin\u00ebs s\u00eb Preshev\u00ebs - FjALA e LIR\u00cb - Arkivi\",\"isPartOf\":{\"@id\":\"https:\\\/\\\/fjala.info\\\/2009-2015\\\/#website\"},\"primaryImageOfPage\":{\"@id\":\"https:\\\/\\\/fjala.info\\\/2009-2015\\\/investim-e-integrim-e-jo-izolim-i-lugines-se-presheves\\\/#primaryimage\"},\"image\":{\"@id\":\"https:\\\/\\\/fjala.info\\\/2009-2015\\\/investim-e-integrim-e-jo-izolim-i-lugines-se-presheves\\\/#primaryimage\"},\"thumbnailUrl\":\"http:\\\/\\\/www.shkoder.net\\\/images\\\/fjala\\\/refik_hasani.jpg\",\"datePublished\":\"2011-12-29T08:11:56+00:00\",\"breadcrumb\":{\"@id\":\"https:\\\/\\\/fjala.info\\\/2009-2015\\\/investim-e-integrim-e-jo-izolim-i-lugines-se-presheves\\\/#breadcrumb\"},\"inLanguage\":\"sq-AL\",\"potentialAction\":[{\"@type\":\"ReadAction\",\"target\":[\"https:\\\/\\\/fjala.info\\\/2009-2015\\\/investim-e-integrim-e-jo-izolim-i-lugines-se-presheves\\\/\"]}]},{\"@type\":\"ImageObject\",\"inLanguage\":\"sq-AL\",\"@id\":\"https:\\\/\\\/fjala.info\\\/2009-2015\\\/investim-e-integrim-e-jo-izolim-i-lugines-se-presheves\\\/#primaryimage\",\"url\":\"http:\\\/\\\/www.shkoder.net\\\/images\\\/fjala\\\/refik_hasani.jpg\",\"contentUrl\":\"http:\\\/\\\/www.shkoder.net\\\/images\\\/fjala\\\/refik_hasani.jpg\"},{\"@type\":\"BreadcrumbList\",\"@id\":\"https:\\\/\\\/fjala.info\\\/2009-2015\\\/investim-e-integrim-e-jo-izolim-i-lugines-se-presheves\\\/#breadcrumb\",\"itemListElement\":[{\"@type\":\"ListItem\",\"position\":1,\"name\":\"Home\",\"item\":\"https:\\\/\\\/fjala.info\\\/2009-2015\\\/\"},{\"@type\":\"ListItem\",\"position\":2,\"name\":\"Investim e Integrim e jo izolim i Lugin\u00ebs s\u00eb Preshev\u00ebs\"}]},{\"@type\":\"WebSite\",\"@id\":\"https:\\\/\\\/fjala.info\\\/2009-2015\\\/#website\",\"url\":\"https:\\\/\\\/fjala.info\\\/2009-2015\\\/\",\"name\":\"FjALA e LIR\u00cb - Arkivi\",\"description\":\"Arkivi 2009-2015\",\"publisher\":{\"@id\":\"https:\\\/\\\/fjala.info\\\/2009-2015\\\/#organization\"},\"potentialAction\":[{\"@type\":\"SearchAction\",\"target\":{\"@type\":\"EntryPoint\",\"urlTemplate\":\"https:\\\/\\\/fjala.info\\\/2009-2015\\\/?s={search_term_string}\"},\"query-input\":{\"@type\":\"PropertyValueSpecification\",\"valueRequired\":true,\"valueName\":\"search_term_string\"}}],\"inLanguage\":\"sq-AL\"},{\"@type\":\"Organization\",\"@id\":\"https:\\\/\\\/fjala.info\\\/2009-2015\\\/#organization\",\"name\":\"FjALA e LIR\u00cb - Arkivi\",\"url\":\"https:\\\/\\\/fjala.info\\\/2009-2015\\\/\",\"logo\":{\"@type\":\"ImageObject\",\"inLanguage\":\"sq-AL\",\"@id\":\"https:\\\/\\\/fjala.info\\\/2009-2015\\\/#\\\/schema\\\/logo\\\/image\\\/\",\"url\":\"\",\"contentUrl\":\"\",\"caption\":\"FjALA e LIR\u00cb - Arkivi\"},\"image\":{\"@id\":\"https:\\\/\\\/fjala.info\\\/2009-2015\\\/#\\\/schema\\\/logo\\\/image\\\/\"}},{\"@type\":\"Person\",\"@id\":\"https:\\\/\\\/fjala.info\\\/2009-2015\\\/#\\\/schema\\\/person\\\/3aa1163ef05469c496fc94e77611ada2\",\"name\":\"admin\",\"image\":{\"@type\":\"ImageObject\",\"inLanguage\":\"sq-AL\",\"@id\":\"https:\\\/\\\/fjala.info\\\/2009-2015\\\/wp-content\\\/uploads\\\/2012\\\/02\\\/arben_cokaj-120x150.jpg\",\"url\":\"https:\\\/\\\/fjala.info\\\/2009-2015\\\/wp-content\\\/uploads\\\/2012\\\/02\\\/arben_cokaj-120x150.jpg\",\"contentUrl\":\"https:\\\/\\\/fjala.info\\\/2009-2015\\\/wp-content\\\/uploads\\\/2012\\\/02\\\/arben_cokaj-120x150.jpg\",\"caption\":\"admin\"},\"description\":\"Admin, Fjala e Lir\u00eb\",\"sameAs\":[\"https:\\\/\\\/fjala.info\\\/\"],\"url\":\"https:\\\/\\\/fjala.info\\\/2009-2015\\\/author\\\/admin\\\/\"}]}<\/script>\n<!-- \/ Yoast SEO plugin. -->","yoast_head_json":{"title":"Investim e Integrim e jo izolim i Lugin\u00ebs s\u00eb Preshev\u00ebs - FjALA e LIR\u00cb - Arkivi","robots":{"index":"index","follow":"follow","max-snippet":"max-snippet:-1","max-image-preview":"max-image-preview:large","max-video-preview":"max-video-preview:-1"},"canonical":"https:\/\/fjala.info\/2009-2015\/investim-e-integrim-e-jo-izolim-i-lugines-se-presheves\/","og_locale":"sq_AL","og_type":"article","og_title":"Investim e Integrim e jo izolim i Lugin\u00ebs s\u00eb Preshev\u00ebs - FjALA e LIR\u00cb - Arkivi","og_description":"Refik Hasani Kartonat e xhelb\u00ebr t\u00eb sigurimeve t\u00eb pranohen nga nj\u00ebri tjet\u00ebri e jo t\u00eb aplikohet taks\u00eb p\u00ebr hyrje. Tarifat e polisave kufitare n\u00eb mes\u00eb t\u00eb t\u00eb dy shteteve q\u00eb do t\u00eb aplikohen sjellin edhe m\u00eb shum\u00eb v\u00ebsht\u00ebrsi n\u00eb komunkimin e nd\u00ebrsjellt\u00eb t\u00eb banor\u00ebve. T\u00eb gjith\u00eb shqiptar\u00ebt veqmas t\u00eb sh\u00ebrngulurit, zhvendosurit dhe t\u00eb d\u00ebbuarit nga [&hellip;]","og_url":"https:\/\/fjala.info\/2009-2015\/investim-e-integrim-e-jo-izolim-i-lugines-se-presheves\/","og_site_name":"FjALA e LIR\u00cb - Arkivi","article_published_time":"2011-12-29T08:11:56+00:00","og_image":[{"url":"http:\/\/www.shkoder.net\/images\/fjala\/refik_hasani.jpg","type":"","width":"","height":""}],"author":"admin","twitter_card":"summary_large_image","twitter_misc":{"Written by":"admin","Est. reading time":"1 minute"},"schema":{"@context":"https:\/\/schema.org","@graph":[{"@type":"Article","@id":"https:\/\/fjala.info\/2009-2015\/investim-e-integrim-e-jo-izolim-i-lugines-se-presheves\/#article","isPartOf":{"@id":"https:\/\/fjala.info\/2009-2015\/investim-e-integrim-e-jo-izolim-i-lugines-se-presheves\/"},"author":{"name":"admin","@id":"https:\/\/fjala.info\/2009-2015\/#\/schema\/person\/3aa1163ef05469c496fc94e77611ada2"},"headline":"Investim e Integrim e jo izolim i Lugin\u00ebs s\u00eb Preshev\u00ebs","datePublished":"2011-12-29T08:11:56+00:00","mainEntityOfPage":{"@id":"https:\/\/fjala.info\/2009-2015\/investim-e-integrim-e-jo-izolim-i-lugines-se-presheves\/"},"wordCount":297,"commentCount":0,"publisher":{"@id":"https:\/\/fjala.info\/2009-2015\/#organization"},"image":{"@id":"https:\/\/fjala.info\/2009-2015\/investim-e-integrim-e-jo-izolim-i-lugines-se-presheves\/#primaryimage"},"thumbnailUrl":"http:\/\/www.shkoder.net\/images\/fjala\/refik_hasani.jpg","articleSection":["Artikuj"],"inLanguage":"sq-AL","potentialAction":[{"@type":"CommentAction","name":"Comment","target":["https:\/\/fjala.info\/2009-2015\/investim-e-integrim-e-jo-izolim-i-lugines-se-presheves\/#respond"]}]},{"@type":"WebPage","@id":"https:\/\/fjala.info\/2009-2015\/investim-e-integrim-e-jo-izolim-i-lugines-se-presheves\/","url":"https:\/\/fjala.info\/2009-2015\/investim-e-integrim-e-jo-izolim-i-lugines-se-presheves\/","name":"Investim e Integrim e jo izolim i Lugin\u00ebs s\u00eb Preshev\u00ebs - FjALA e LIR\u00cb - Arkivi","isPartOf":{"@id":"https:\/\/fjala.info\/2009-2015\/#website"},"primaryImageOfPage":{"@id":"https:\/\/fjala.info\/2009-2015\/investim-e-integrim-e-jo-izolim-i-lugines-se-presheves\/#primaryimage"},"image":{"@id":"https:\/\/fjala.info\/2009-2015\/investim-e-integrim-e-jo-izolim-i-lugines-se-presheves\/#primaryimage"},"thumbnailUrl":"http:\/\/www.shkoder.net\/images\/fjala\/refik_hasani.jpg","datePublished":"2011-12-29T08:11:56+00:00","breadcrumb":{"@id":"https:\/\/fjala.info\/2009-2015\/investim-e-integrim-e-jo-izolim-i-lugines-se-presheves\/#breadcrumb"},"inLanguage":"sq-AL","potentialAction":[{"@type":"ReadAction","target":["https:\/\/fjala.info\/2009-2015\/investim-e-integrim-e-jo-izolim-i-lugines-se-presheves\/"]}]},{"@type":"ImageObject","inLanguage":"sq-AL","@id":"https:\/\/fjala.info\/2009-2015\/investim-e-integrim-e-jo-izolim-i-lugines-se-presheves\/#primaryimage","url":"http:\/\/www.shkoder.net\/images\/fjala\/refik_hasani.jpg","contentUrl":"http:\/\/www.shkoder.net\/images\/fjala\/refik_hasani.jpg"},{"@type":"BreadcrumbList","@id":"https:\/\/fjala.info\/2009-2015\/investim-e-integrim-e-jo-izolim-i-lugines-se-presheves\/#breadcrumb","itemListElement":[{"@type":"ListItem","position":1,"name":"Home","item":"https:\/\/fjala.info\/2009-2015\/"},{"@type":"ListItem","position":2,"name":"Investim e Integrim e jo izolim i Lugin\u00ebs s\u00eb Preshev\u00ebs"}]},{"@type":"WebSite","@id":"https:\/\/fjala.info\/2009-2015\/#website","url":"https:\/\/fjala.info\/2009-2015\/","name":"FjALA e LIR\u00cb - Arkivi","description":"Arkivi 2009-2015","publisher":{"@id":"https:\/\/fjala.info\/2009-2015\/#organization"},"potentialAction":[{"@type":"SearchAction","target":{"@type":"EntryPoint","urlTemplate":"https:\/\/fjala.info\/2009-2015\/?s={search_term_string}"},"query-input":{"@type":"PropertyValueSpecification","valueRequired":true,"valueName":"search_term_string"}}],"inLanguage":"sq-AL"},{"@type":"Organization","@id":"https:\/\/fjala.info\/2009-2015\/#organization","name":"FjALA e LIR\u00cb - Arkivi","url":"https:\/\/fjala.info\/2009-2015\/","logo":{"@type":"ImageObject","inLanguage":"sq-AL","@id":"https:\/\/fjala.info\/2009-2015\/#\/schema\/logo\/image\/","url":"","contentUrl":"","caption":"FjALA e LIR\u00cb - Arkivi"},"image":{"@id":"https:\/\/fjala.info\/2009-2015\/#\/schema\/logo\/image\/"}},{"@type":"Person","@id":"https:\/\/fjala.info\/2009-2015\/#\/schema\/person\/3aa1163ef05469c496fc94e77611ada2","name":"admin","image":{"@type":"ImageObject","inLanguage":"sq-AL","@id":"https:\/\/fjala.info\/2009-2015\/wp-content\/uploads\/2012\/02\/arben_cokaj-120x150.jpg","url":"https:\/\/fjala.info\/2009-2015\/wp-content\/uploads\/2012\/02\/arben_cokaj-120x150.jpg","contentUrl":"https:\/\/fjala.info\/2009-2015\/wp-content\/uploads\/2012\/02\/arben_cokaj-120x150.jpg","caption":"admin"},"description":"Admin, Fjala e Lir\u00eb","sameAs":["https:\/\/fjala.info\/"],"url":"https:\/\/fjala.info\/2009-2015\/author\/admin\/"}]}},"_links":{"self":[{"href":"https:\/\/fjala.info\/2009-2015\/wp-json\/wp\/v2\/posts\/11560","targetHints":{"allow":["GET"]}}],"collection":[{"href":"https:\/\/fjala.info\/2009-2015\/wp-json\/wp\/v2\/posts"}],"about":[{"href":"https:\/\/fjala.info\/2009-2015\/wp-json\/wp\/v2\/types\/post"}],"author":[{"embeddable":true,"href":"https:\/\/fjala.info\/2009-2015\/wp-json\/wp\/v2\/users\/1"}],"replies":[{"embeddable":true,"href":"https:\/\/fjala.info\/2009-2015\/wp-json\/wp\/v2\/comments?post=11560"}],"version-history":[{"count":0,"href":"https:\/\/fjala.info\/2009-2015\/wp-json\/wp\/v2\/posts\/11560\/revisions"}],"wp:attachment":[{"href":"https:\/\/fjala.info\/2009-2015\/wp-json\/wp\/v2\/media?parent=11560"}],"wp:term":[{"taxonomy":"category","embeddable":true,"href":"https:\/\/fjala.info\/2009-2015\/wp-json\/wp\/v2\/categories?post=11560"},{"taxonomy":"post_tag","embeddable":true,"href":"https:\/\/fjala.info\/2009-2015\/wp-json\/wp\/v2\/tags?post=11560"}],"curies":[{"name":"wp","href":"https:\/\/api.w.org\/{rel}","templated":true}]}}