{"id":11559,"date":"2011-12-28T16:45:39","date_gmt":"2011-12-28T15:45:39","guid":{"rendered":"http:\/\/fjala.shkoder.net\/?p=862"},"modified":"2011-12-28T16:45:39","modified_gmt":"2011-12-28T15:45:39","slug":"dy-anet-e-denimit-me-vdekje","status":"publish","type":"post","link":"https:\/\/fjala.info\/2009-2015\/dy-anet-e-denimit-me-vdekje\/","title":{"rendered":"Dy an\u00ebt e d\u00ebnimit me vdekje"},"content":{"rendered":"<p><img decoding=\"async\" class=\"alignright size-thumbnail wp-image-7236\" title=\"Shtrat psiqik\" src=\"http:\/\/www.shkoder.net\/images\/fjala\/2011\/shtrat_psikik.jpg\" alt=\"\" width=\"300\" \/> Nga <strong>Umberto Eco<\/strong>, <em>28 dhjetor 2011<\/em><\/p>\n<p>Para ca koh\u00ebsh Tereza Lewis u ekzekutua me injeksion vdekjeprur\u00ebs. Askush nuk i shkoi n\u00eb burg ngaq\u00eb kjo zonj\u00eb ishte d\u00ebnuar ligj\u00ebrisht me vdekje. Pati tentuar t\u00eb vriste burrin dhe djalin e bir\u00ebsuar dhe k\u00ebt\u00eb e pati b\u00ebr\u00eb pa leje. Ata q\u00eb e ekzekutuan, n\u00eb fakt, e b\u00ebn\u00eb me lejen e autoriteteve. P\u00ebr rrjedhoj\u00eb, porosia e pest\u00eb duhet t\u00eb riformulohet n\u00eb k\u00ebt\u00eb m\u00ebnyr\u00eb: \u201cMos vrisni pa leje!\u201d Fundja ka shekuj q\u00eb i bekojm\u00eb flamujt e ushtar\u00ebve t\u00eb d\u00ebrguar n\u00eb luft\u00eb, t\u00eb cil\u00ebt e kan\u00eb lejen p\u00ebr t\u00eb vrar\u00eb, fjala vjen James Bondi.<\/p>\n<p>Tashm\u00eb Ahmadinejadi, q\u00eb po vret nj\u00eb grua duke e gjuajtur me gur\u00eb (po s\u2019e pati b\u00ebr\u00eb kur t\u00eb jeni duke lexuar k\u00ebt\u00eb shkrim), duket se po u kund\u00ebrvihet thirrjeve q\u00eb i vijn\u00eb nga Per\u00ebndimi duke th\u00ebn\u00eb: \u201cPo qaheni se ne duam t\u00eb vrasim ligjerisht nj\u00eb grua iraniane, nd\u00ebrkoh\u00eb q\u00eb ju i vrisni ligj\u00ebrisht grat\u00eb amerikane?\u201d Natyrisht, ne e kund\u00ebrshtojm\u00eb duke i th\u00ebn\u00eb se gruaja amerikane donte ta vriste burrin, kurse iranianja vetem brir\u00ebt i vuri. Pastaj, amerikanen ne e ekzekutuam pa dhimbje, kurse iranianen doni ta vrisni sipas nj\u00eb m\u00ebnyre q\u00eb i shkakton shum\u00eb vuajtje. Sidoqoft\u00eb, nj\u00eb p\u00ebrgjigje e till\u00eb do t\u00eb n\u00ebnkuptonte dy gj\u00ebra: se \u00ebsht\u00eb e drejt\u00eb ta vras\u00ebsh nj\u00eb kriminele, nd\u00ebrkoh\u00eb q\u00eb p\u00ebr nj\u00eb bes\u00ebshkal\u00eb do t\u00eb mjaftonte thjesht zgjidhja e martes\u00ebs, pa detyrim p\u00ebr pension ushqimor dhe, e dyta, se mund t\u00eb vras\u00ebsh sipas ligjit mjaft q\u00eb viktim\u00ebs t\u2019i shkaktosh sa m\u00eb pak dhimbje. Sakaq, ajo q\u00eb ne duhet t\u00eb mb\u00ebshtesim, n\u00ebse ende jemi m\u00ebndjekthjell\u00ebt, \u00ebsht\u00eb pohimi se edhe nj\u00eb kriminele nuk duhet t\u00eb vritet, qoft\u00eb edhe ligj\u00ebrisht, edhe sikur ekzekutimi t\u00eb b\u00ebhet pa dhimbje, qoft\u00eb edhe duke i injektuar nj\u00eb drog\u00eb q\u00eb i shkakton nj\u00eb lloj p\u00ebrhumbjeje t\u00eb \u00ebmb\u00ebl.<\/p>\n<p>Si duhet t\u00eb kund\u00ebrveprojm\u00eb kur vende pak demokratike na k\u00ebrkojn\u00eb, ne qytetar\u00ebve t\u00eb vendeve demokratike, q\u00eb t\u00eb mos merremi me d\u00ebnimet e tyre me vdekje, por t\u00eb shohim d\u00ebnimet tona me vdekje? Situata b\u00ebhet shum\u00eb e sikletshme aq sa do m\u00eb p\u00eblqente t\u00eb dija n\u00ebse qytetar\u00ebt per\u00ebndimor\u00eb, p\u00ebrfshi k\u00ebtu edhe nj\u00eb first lady franceze (meq\u00eb ra fjala), kur protestuan kund\u00ebr d\u00ebnimit iranian me vdekje, a protestuan edhe kund\u00ebr d\u00ebnimit kapital amerikan. Nuhatja m\u00eb thot\u00eb q\u00eb jo, sepse d\u00ebnimet me vdekje n\u00eb Shtetet e Bashkuara, p\u00ebr t\u00eb mos th\u00ebn\u00eb n\u00eb Kin\u00eb, jan\u00eb t\u00eb shumta, por jan\u00eb n\u00eb r\u00ebnie, nd\u00ebrkoh\u00eb q\u00eb natyrisht, ideja e nj\u00eb gruaje t\u00eb masakruar me gur\u00eb t\u00eb b\u00ebn m\u00eb shum\u00eb p\u00ebrshtypje. M\u00eb kujtohet se kur m\u00eb k\u00ebrkuan t\u00eb hidhja firm\u00ebn p\u00ebr t\u00eb penguar masakrimin e iranianes e dhash\u00eb menj\u00ebher\u00eb, por s\u2019m\u00eb ra nd\u00ebrmend q\u00eb nd\u00ebrkoh\u00eb po ekzekutonin edhe nj\u00eb grua nga Virginia.<\/p>\n<p>Do t\u00eb kishim protestuar nj\u00eblloj n\u00eb qoft\u00eb se gruaja nga Irani do t\u00eb ishte d\u00ebnuar t\u00eb ekzekutohej me nj\u00eb injeksion t\u00eb qet\u00eb vdekjeprur\u00ebs? Indinjohemi thjesht nga vrasja me gur\u00eb, apo sepse d\u00ebnohet me vdekje nj\u00eb rob q\u00eb nuk ka dhunuar porosin\u00eb e pest\u00eb, por vet\u00ebm t\u00eb gjasht\u00ebn? Nuk e di, reagimet tona shpeshher\u00eb jan\u00eb instiktive dhe t\u00eb palogjikshme. N\u00eb muajin gusht, n\u00eb Internet u shfaq nj\u00eb site ku mund t\u00eb m\u00ebsoje m\u00ebnyra t\u00eb ndryshme sesi gatuhej nj\u00eb ma\u00e7ok. N\u2019da\u00e7 merreni me shaka e n\u2019da\u00e7 seriozisht, por k\u00ebsaj here ngrit\u00ebn krye t\u00eb gjith\u00eb animalist\u00ebt e bot\u00ebs. Un\u00eb i dua shum\u00eb macet (nd\u00ebr gjallesat e pakta q\u00eb jo vet\u00ebm nuk e l\u00ebn\u00eb t\u00eb zotin t\u2019i shfryt\u00ebzoj\u00eb por, p\u00ebrkundrazi, e shfryt\u00ebzojn\u00eb at\u00eb me nj\u00eb ciniz\u00ebm olimpik, nd\u00ebrsa dashuria e tyre p\u00ebr sht\u00ebpin\u00eb t\u00eb shemb\u00ebllen me nj\u00eb lloj patriotizmi), prandaj do t\u00eb tmerrohesha nga nj\u00eb tav\u00eb me mish ma\u00e7oku. Por lepurin, q\u00eb ndon\u00ebse \u00ebsht\u00eb po aq hirplot\u00eb, por m\u00eb pak inteligjent se ma\u00e7oku, un\u00eb e ha pa m\u00eb vrar\u00eb nd\u00ebrgjegjja.<\/p>\n<p>Skandalizohem kur shoh qent\u00eb q\u00eb vrapojn\u00eb lirsh\u00ebm n\u00eb sht\u00ebpit\u00eb e kinez\u00ebve, madje, luajn\u00eb edhe me f\u00ebmij\u00ebt, teksa t\u00eb gjith\u00eb e din\u00eb q\u00eb n\u00eb fund t\u00eb vitit do t\u00eb p\u00ebrfundojn\u00eb n\u00eb furr\u00eb. Por, edhe n\u00eb fermat tona sillen v\u00ebrdall\u00eb derra, m\u00eb thon\u00eb se jan\u00eb kafsh\u00eb shum\u00eb inteligjente, por askush s\u2019e \u00e7an kok\u00ebn q\u00eb nj\u00eb dit\u00eb do t\u00eb marrin form\u00ebn e proshut\u00ebs.<\/p>\n<p>\u00c7far\u00eb na shtyn q\u00eb ca kafsh\u00eb t\u00eb na duken t\u00eb pangr\u00ebnshme, ca t\u00eb tjera t\u00eb mbrojtura nga ndonj\u00eb tipar i tyre gati antropomorf dhe t\u00eb tjerat shum\u00eb t\u00eb ngr\u00ebnshme, si bie fjala vi\u00e7at e qum\u00ebshtit apo qingjat e vegj\u00ebl q\u00eb, p\u00ebr s\u00eb gjalli, na ngjallin aq dhembshuri.<\/p>\n<p>Jemi v\u00ebrtet kafsh\u00eb t\u00eb \u00e7uditshme (vet\u00eb ne), t\u00eb zot\u00eb p\u00ebr dashuri t\u00eb m\u00ebdha dhe mosp\u00ebrfillje t\u00eb frikshme, t\u00eb gatsh\u00ebm ta mbrojm\u00eb nj\u00eb peshk t\u00eb kuq akuariumi dhe ta zjejm\u00eb t\u00eb gjall\u00eb nj\u00eb aragost\u00eb, ta shkelim pa m\u00ebshir\u00eb nj\u00eb dyzetk\u00ebmb\u00ebsh dhe ta quajm\u00eb barbare vrasjen e nj\u00eb fluture. K\u00ebshtu, p\u00ebrdorim dy pesha dhe dy kute p\u00ebr dy d\u00ebnime me vdekje ose skandalizohemi p\u00ebr nj\u00ebrin dhe b\u00ebjm\u00eb sikur s\u2019dim\u00eb gj\u00eb p\u00ebr tjetrin.<\/p>\n<p>Nganj\u00ebher\u00eb t\u00eb vjen t\u2019i jap\u00ebsh t\u00eb drejt\u00eb Cioran-it dhe t\u00eb besosh se fati i nj\u00eb krijese, kur del nga duart e Zotit, varet nga nj\u00eb Demiurg ngalakaq e rr\u00ebmuj\u00ebmadh, mbase edhe pak i alkoolizuar, q\u00eb i futet pun\u00ebs me ide shum\u00eb t\u00eb ngat\u00ebrruara.<\/p>\n<p>P\u00ebrktheu: <strong>Henrik Ligori<\/strong><\/p>\n","protected":false},"excerpt":{"rendered":"<p>Nga Umberto Eco, 28 dhjetor 2011 Para ca koh\u00ebsh Tereza Lewis u ekzekutua me injeksion vdekjeprur\u00ebs. Askush nuk i shkoi n\u00eb burg ngaq\u00eb kjo zonj\u00eb ishte d\u00ebnuar ligj\u00ebrisht me vdekje. Pati tentuar t\u00eb vriste burrin dhe djalin e bir\u00ebsuar dhe k\u00ebt\u00eb e pati b\u00ebr\u00eb pa leje. Ata q\u00eb e ekzekutuan, n\u00eb fakt, e b\u00ebn\u00eb me [&hellip;]<\/p>\n","protected":false},"author":1,"featured_media":0,"comment_status":"open","ping_status":"closed","sticky":false,"template":"","format":"standard","meta":{"footnotes":""},"categories":[2],"tags":[],"class_list":{"0":"post-11559","1":"post","2":"type-post","3":"status-publish","4":"format-standard","6":"category-artikuj"},"yoast_head":"<!-- This site is optimized with the Yoast SEO plugin v27.4 - https:\/\/yoast.com\/product\/yoast-seo-wordpress\/ -->\n<title>Dy an\u00ebt e d\u00ebnimit me vdekje - FjALA e LIR\u00cb - Arkivi<\/title>\n<meta name=\"robots\" content=\"index, follow, max-snippet:-1, max-image-preview:large, max-video-preview:-1\" \/>\n<link rel=\"canonical\" href=\"https:\/\/fjala.info\/2009-2015\/dy-anet-e-denimit-me-vdekje\/\" \/>\n<meta property=\"og:locale\" content=\"sq_AL\" \/>\n<meta property=\"og:type\" content=\"article\" \/>\n<meta property=\"og:title\" content=\"Dy an\u00ebt e d\u00ebnimit me vdekje - FjALA e LIR\u00cb - Arkivi\" \/>\n<meta property=\"og:description\" content=\"Nga Umberto Eco, 28 dhjetor 2011 Para ca koh\u00ebsh Tereza Lewis u ekzekutua me injeksion vdekjeprur\u00ebs. Askush nuk i shkoi n\u00eb burg ngaq\u00eb kjo zonj\u00eb ishte d\u00ebnuar ligj\u00ebrisht me vdekje. Pati tentuar t\u00eb vriste burrin dhe djalin e bir\u00ebsuar dhe k\u00ebt\u00eb e pati b\u00ebr\u00eb pa leje. Ata q\u00eb e ekzekutuan, n\u00eb fakt, e b\u00ebn\u00eb me [&hellip;]\" \/>\n<meta property=\"og:url\" content=\"https:\/\/fjala.info\/2009-2015\/dy-anet-e-denimit-me-vdekje\/\" \/>\n<meta property=\"og:site_name\" content=\"FjALA e LIR\u00cb - Arkivi\" \/>\n<meta property=\"article:published_time\" content=\"2011-12-28T15:45:39+00:00\" \/>\n<meta property=\"og:image\" content=\"http:\/\/www.shkoder.net\/images\/fjala\/2011\/shtrat_psikik.jpg\" \/>\n<meta name=\"author\" content=\"admin\" \/>\n<meta name=\"twitter:card\" content=\"summary_large_image\" \/>\n<meta name=\"twitter:label1\" content=\"Written by\" \/>\n\t<meta name=\"twitter:data1\" content=\"admin\" \/>\n\t<meta name=\"twitter:label2\" content=\"Est. reading time\" \/>\n\t<meta name=\"twitter:data2\" content=\"5 minutes\" \/>\n<script type=\"application\/ld+json\" class=\"yoast-schema-graph\">{\"@context\":\"https:\\\/\\\/schema.org\",\"@graph\":[{\"@type\":\"Article\",\"@id\":\"https:\\\/\\\/fjala.info\\\/2009-2015\\\/dy-anet-e-denimit-me-vdekje\\\/#article\",\"isPartOf\":{\"@id\":\"https:\\\/\\\/fjala.info\\\/2009-2015\\\/dy-anet-e-denimit-me-vdekje\\\/\"},\"author\":{\"name\":\"admin\",\"@id\":\"https:\\\/\\\/fjala.info\\\/2009-2015\\\/#\\\/schema\\\/person\\\/3aa1163ef05469c496fc94e77611ada2\"},\"headline\":\"Dy an\u00ebt e d\u00ebnimit me vdekje\",\"datePublished\":\"2011-12-28T15:45:39+00:00\",\"mainEntityOfPage\":{\"@id\":\"https:\\\/\\\/fjala.info\\\/2009-2015\\\/dy-anet-e-denimit-me-vdekje\\\/\"},\"wordCount\":981,\"commentCount\":0,\"publisher\":{\"@id\":\"https:\\\/\\\/fjala.info\\\/2009-2015\\\/#organization\"},\"image\":{\"@id\":\"https:\\\/\\\/fjala.info\\\/2009-2015\\\/dy-anet-e-denimit-me-vdekje\\\/#primaryimage\"},\"thumbnailUrl\":\"http:\\\/\\\/www.shkoder.net\\\/images\\\/fjala\\\/2011\\\/shtrat_psikik.jpg\",\"articleSection\":[\"Artikuj\"],\"inLanguage\":\"sq-AL\",\"potentialAction\":[{\"@type\":\"CommentAction\",\"name\":\"Comment\",\"target\":[\"https:\\\/\\\/fjala.info\\\/2009-2015\\\/dy-anet-e-denimit-me-vdekje\\\/#respond\"]}]},{\"@type\":\"WebPage\",\"@id\":\"https:\\\/\\\/fjala.info\\\/2009-2015\\\/dy-anet-e-denimit-me-vdekje\\\/\",\"url\":\"https:\\\/\\\/fjala.info\\\/2009-2015\\\/dy-anet-e-denimit-me-vdekje\\\/\",\"name\":\"Dy an\u00ebt e d\u00ebnimit me vdekje - FjALA e LIR\u00cb - Arkivi\",\"isPartOf\":{\"@id\":\"https:\\\/\\\/fjala.info\\\/2009-2015\\\/#website\"},\"primaryImageOfPage\":{\"@id\":\"https:\\\/\\\/fjala.info\\\/2009-2015\\\/dy-anet-e-denimit-me-vdekje\\\/#primaryimage\"},\"image\":{\"@id\":\"https:\\\/\\\/fjala.info\\\/2009-2015\\\/dy-anet-e-denimit-me-vdekje\\\/#primaryimage\"},\"thumbnailUrl\":\"http:\\\/\\\/www.shkoder.net\\\/images\\\/fjala\\\/2011\\\/shtrat_psikik.jpg\",\"datePublished\":\"2011-12-28T15:45:39+00:00\",\"breadcrumb\":{\"@id\":\"https:\\\/\\\/fjala.info\\\/2009-2015\\\/dy-anet-e-denimit-me-vdekje\\\/#breadcrumb\"},\"inLanguage\":\"sq-AL\",\"potentialAction\":[{\"@type\":\"ReadAction\",\"target\":[\"https:\\\/\\\/fjala.info\\\/2009-2015\\\/dy-anet-e-denimit-me-vdekje\\\/\"]}]},{\"@type\":\"ImageObject\",\"inLanguage\":\"sq-AL\",\"@id\":\"https:\\\/\\\/fjala.info\\\/2009-2015\\\/dy-anet-e-denimit-me-vdekje\\\/#primaryimage\",\"url\":\"http:\\\/\\\/www.shkoder.net\\\/images\\\/fjala\\\/2011\\\/shtrat_psikik.jpg\",\"contentUrl\":\"http:\\\/\\\/www.shkoder.net\\\/images\\\/fjala\\\/2011\\\/shtrat_psikik.jpg\"},{\"@type\":\"BreadcrumbList\",\"@id\":\"https:\\\/\\\/fjala.info\\\/2009-2015\\\/dy-anet-e-denimit-me-vdekje\\\/#breadcrumb\",\"itemListElement\":[{\"@type\":\"ListItem\",\"position\":1,\"name\":\"Home\",\"item\":\"https:\\\/\\\/fjala.info\\\/2009-2015\\\/\"},{\"@type\":\"ListItem\",\"position\":2,\"name\":\"Dy an\u00ebt e d\u00ebnimit me vdekje\"}]},{\"@type\":\"WebSite\",\"@id\":\"https:\\\/\\\/fjala.info\\\/2009-2015\\\/#website\",\"url\":\"https:\\\/\\\/fjala.info\\\/2009-2015\\\/\",\"name\":\"FjALA e LIR\u00cb - Arkivi\",\"description\":\"Arkivi 2009-2015\",\"publisher\":{\"@id\":\"https:\\\/\\\/fjala.info\\\/2009-2015\\\/#organization\"},\"potentialAction\":[{\"@type\":\"SearchAction\",\"target\":{\"@type\":\"EntryPoint\",\"urlTemplate\":\"https:\\\/\\\/fjala.info\\\/2009-2015\\\/?s={search_term_string}\"},\"query-input\":{\"@type\":\"PropertyValueSpecification\",\"valueRequired\":true,\"valueName\":\"search_term_string\"}}],\"inLanguage\":\"sq-AL\"},{\"@type\":\"Organization\",\"@id\":\"https:\\\/\\\/fjala.info\\\/2009-2015\\\/#organization\",\"name\":\"FjALA e LIR\u00cb - Arkivi\",\"url\":\"https:\\\/\\\/fjala.info\\\/2009-2015\\\/\",\"logo\":{\"@type\":\"ImageObject\",\"inLanguage\":\"sq-AL\",\"@id\":\"https:\\\/\\\/fjala.info\\\/2009-2015\\\/#\\\/schema\\\/logo\\\/image\\\/\",\"url\":\"\",\"contentUrl\":\"\",\"caption\":\"FjALA e LIR\u00cb - Arkivi\"},\"image\":{\"@id\":\"https:\\\/\\\/fjala.info\\\/2009-2015\\\/#\\\/schema\\\/logo\\\/image\\\/\"}},{\"@type\":\"Person\",\"@id\":\"https:\\\/\\\/fjala.info\\\/2009-2015\\\/#\\\/schema\\\/person\\\/3aa1163ef05469c496fc94e77611ada2\",\"name\":\"admin\",\"image\":{\"@type\":\"ImageObject\",\"inLanguage\":\"sq-AL\",\"@id\":\"https:\\\/\\\/fjala.info\\\/2009-2015\\\/wp-content\\\/uploads\\\/2012\\\/02\\\/arben_cokaj-120x150.jpg\",\"url\":\"https:\\\/\\\/fjala.info\\\/2009-2015\\\/wp-content\\\/uploads\\\/2012\\\/02\\\/arben_cokaj-120x150.jpg\",\"contentUrl\":\"https:\\\/\\\/fjala.info\\\/2009-2015\\\/wp-content\\\/uploads\\\/2012\\\/02\\\/arben_cokaj-120x150.jpg\",\"caption\":\"admin\"},\"description\":\"Admin, Fjala e Lir\u00eb\",\"sameAs\":[\"https:\\\/\\\/fjala.info\\\/\"],\"url\":\"https:\\\/\\\/fjala.info\\\/2009-2015\\\/author\\\/admin\\\/\"}]}<\/script>\n<!-- \/ Yoast SEO plugin. -->","yoast_head_json":{"title":"Dy an\u00ebt e d\u00ebnimit me vdekje - FjALA e LIR\u00cb - Arkivi","robots":{"index":"index","follow":"follow","max-snippet":"max-snippet:-1","max-image-preview":"max-image-preview:large","max-video-preview":"max-video-preview:-1"},"canonical":"https:\/\/fjala.info\/2009-2015\/dy-anet-e-denimit-me-vdekje\/","og_locale":"sq_AL","og_type":"article","og_title":"Dy an\u00ebt e d\u00ebnimit me vdekje - FjALA e LIR\u00cb - Arkivi","og_description":"Nga Umberto Eco, 28 dhjetor 2011 Para ca koh\u00ebsh Tereza Lewis u ekzekutua me injeksion vdekjeprur\u00ebs. Askush nuk i shkoi n\u00eb burg ngaq\u00eb kjo zonj\u00eb ishte d\u00ebnuar ligj\u00ebrisht me vdekje. Pati tentuar t\u00eb vriste burrin dhe djalin e bir\u00ebsuar dhe k\u00ebt\u00eb e pati b\u00ebr\u00eb pa leje. Ata q\u00eb e ekzekutuan, n\u00eb fakt, e b\u00ebn\u00eb me [&hellip;]","og_url":"https:\/\/fjala.info\/2009-2015\/dy-anet-e-denimit-me-vdekje\/","og_site_name":"FjALA e LIR\u00cb - Arkivi","article_published_time":"2011-12-28T15:45:39+00:00","og_image":[{"url":"http:\/\/www.shkoder.net\/images\/fjala\/2011\/shtrat_psikik.jpg","type":"","width":"","height":""}],"author":"admin","twitter_card":"summary_large_image","twitter_misc":{"Written by":"admin","Est. reading time":"5 minutes"},"schema":{"@context":"https:\/\/schema.org","@graph":[{"@type":"Article","@id":"https:\/\/fjala.info\/2009-2015\/dy-anet-e-denimit-me-vdekje\/#article","isPartOf":{"@id":"https:\/\/fjala.info\/2009-2015\/dy-anet-e-denimit-me-vdekje\/"},"author":{"name":"admin","@id":"https:\/\/fjala.info\/2009-2015\/#\/schema\/person\/3aa1163ef05469c496fc94e77611ada2"},"headline":"Dy an\u00ebt e d\u00ebnimit me vdekje","datePublished":"2011-12-28T15:45:39+00:00","mainEntityOfPage":{"@id":"https:\/\/fjala.info\/2009-2015\/dy-anet-e-denimit-me-vdekje\/"},"wordCount":981,"commentCount":0,"publisher":{"@id":"https:\/\/fjala.info\/2009-2015\/#organization"},"image":{"@id":"https:\/\/fjala.info\/2009-2015\/dy-anet-e-denimit-me-vdekje\/#primaryimage"},"thumbnailUrl":"http:\/\/www.shkoder.net\/images\/fjala\/2011\/shtrat_psikik.jpg","articleSection":["Artikuj"],"inLanguage":"sq-AL","potentialAction":[{"@type":"CommentAction","name":"Comment","target":["https:\/\/fjala.info\/2009-2015\/dy-anet-e-denimit-me-vdekje\/#respond"]}]},{"@type":"WebPage","@id":"https:\/\/fjala.info\/2009-2015\/dy-anet-e-denimit-me-vdekje\/","url":"https:\/\/fjala.info\/2009-2015\/dy-anet-e-denimit-me-vdekje\/","name":"Dy an\u00ebt e d\u00ebnimit me vdekje - FjALA e LIR\u00cb - Arkivi","isPartOf":{"@id":"https:\/\/fjala.info\/2009-2015\/#website"},"primaryImageOfPage":{"@id":"https:\/\/fjala.info\/2009-2015\/dy-anet-e-denimit-me-vdekje\/#primaryimage"},"image":{"@id":"https:\/\/fjala.info\/2009-2015\/dy-anet-e-denimit-me-vdekje\/#primaryimage"},"thumbnailUrl":"http:\/\/www.shkoder.net\/images\/fjala\/2011\/shtrat_psikik.jpg","datePublished":"2011-12-28T15:45:39+00:00","breadcrumb":{"@id":"https:\/\/fjala.info\/2009-2015\/dy-anet-e-denimit-me-vdekje\/#breadcrumb"},"inLanguage":"sq-AL","potentialAction":[{"@type":"ReadAction","target":["https:\/\/fjala.info\/2009-2015\/dy-anet-e-denimit-me-vdekje\/"]}]},{"@type":"ImageObject","inLanguage":"sq-AL","@id":"https:\/\/fjala.info\/2009-2015\/dy-anet-e-denimit-me-vdekje\/#primaryimage","url":"http:\/\/www.shkoder.net\/images\/fjala\/2011\/shtrat_psikik.jpg","contentUrl":"http:\/\/www.shkoder.net\/images\/fjala\/2011\/shtrat_psikik.jpg"},{"@type":"BreadcrumbList","@id":"https:\/\/fjala.info\/2009-2015\/dy-anet-e-denimit-me-vdekje\/#breadcrumb","itemListElement":[{"@type":"ListItem","position":1,"name":"Home","item":"https:\/\/fjala.info\/2009-2015\/"},{"@type":"ListItem","position":2,"name":"Dy an\u00ebt e d\u00ebnimit me vdekje"}]},{"@type":"WebSite","@id":"https:\/\/fjala.info\/2009-2015\/#website","url":"https:\/\/fjala.info\/2009-2015\/","name":"FjALA e LIR\u00cb - Arkivi","description":"Arkivi 2009-2015","publisher":{"@id":"https:\/\/fjala.info\/2009-2015\/#organization"},"potentialAction":[{"@type":"SearchAction","target":{"@type":"EntryPoint","urlTemplate":"https:\/\/fjala.info\/2009-2015\/?s={search_term_string}"},"query-input":{"@type":"PropertyValueSpecification","valueRequired":true,"valueName":"search_term_string"}}],"inLanguage":"sq-AL"},{"@type":"Organization","@id":"https:\/\/fjala.info\/2009-2015\/#organization","name":"FjALA e LIR\u00cb - Arkivi","url":"https:\/\/fjala.info\/2009-2015\/","logo":{"@type":"ImageObject","inLanguage":"sq-AL","@id":"https:\/\/fjala.info\/2009-2015\/#\/schema\/logo\/image\/","url":"","contentUrl":"","caption":"FjALA e LIR\u00cb - Arkivi"},"image":{"@id":"https:\/\/fjala.info\/2009-2015\/#\/schema\/logo\/image\/"}},{"@type":"Person","@id":"https:\/\/fjala.info\/2009-2015\/#\/schema\/person\/3aa1163ef05469c496fc94e77611ada2","name":"admin","image":{"@type":"ImageObject","inLanguage":"sq-AL","@id":"https:\/\/fjala.info\/2009-2015\/wp-content\/uploads\/2012\/02\/arben_cokaj-120x150.jpg","url":"https:\/\/fjala.info\/2009-2015\/wp-content\/uploads\/2012\/02\/arben_cokaj-120x150.jpg","contentUrl":"https:\/\/fjala.info\/2009-2015\/wp-content\/uploads\/2012\/02\/arben_cokaj-120x150.jpg","caption":"admin"},"description":"Admin, Fjala e Lir\u00eb","sameAs":["https:\/\/fjala.info\/"],"url":"https:\/\/fjala.info\/2009-2015\/author\/admin\/"}]}},"_links":{"self":[{"href":"https:\/\/fjala.info\/2009-2015\/wp-json\/wp\/v2\/posts\/11559","targetHints":{"allow":["GET"]}}],"collection":[{"href":"https:\/\/fjala.info\/2009-2015\/wp-json\/wp\/v2\/posts"}],"about":[{"href":"https:\/\/fjala.info\/2009-2015\/wp-json\/wp\/v2\/types\/post"}],"author":[{"embeddable":true,"href":"https:\/\/fjala.info\/2009-2015\/wp-json\/wp\/v2\/users\/1"}],"replies":[{"embeddable":true,"href":"https:\/\/fjala.info\/2009-2015\/wp-json\/wp\/v2\/comments?post=11559"}],"version-history":[{"count":0,"href":"https:\/\/fjala.info\/2009-2015\/wp-json\/wp\/v2\/posts\/11559\/revisions"}],"wp:attachment":[{"href":"https:\/\/fjala.info\/2009-2015\/wp-json\/wp\/v2\/media?parent=11559"}],"wp:term":[{"taxonomy":"category","embeddable":true,"href":"https:\/\/fjala.info\/2009-2015\/wp-json\/wp\/v2\/categories?post=11559"},{"taxonomy":"post_tag","embeddable":true,"href":"https:\/\/fjala.info\/2009-2015\/wp-json\/wp\/v2\/tags?post=11559"}],"curies":[{"name":"wp","href":"https:\/\/api.w.org\/{rel}","templated":true}]}}