{"id":11557,"date":"2011-12-28T16:34:04","date_gmt":"2011-12-28T15:34:04","guid":{"rendered":"http:\/\/fjala.shkoder.net\/?p=858"},"modified":"2011-12-28T16:34:04","modified_gmt":"2011-12-28T15:34:04","slug":"arben-imami-vs-new-york-times","status":"publish","type":"post","link":"https:\/\/fjala.info\/2009-2015\/arben-imami-vs-new-york-times\/","title":{"rendered":"Arben Imami Vs New York Times"},"content":{"rendered":"<p><img decoding=\"async\" class=\"alignright size-thumbnail wp-image-7236\" title=\"Demontim arm\u00ebsh\" src=\"http:\/\/www.shkoder.net\/images\/fjala\/2011\/demontim_arme.jpg\" alt=\"\" width=\"300\" \/> <strong>ResPublica.al<\/strong>, <em>28 dhjetor 2011<\/em><\/p>\n<p>Ministri Imami u shpreh dje se Shqip\u00ebria nuk i ka shitur arm\u00eb Libis\u00eb s\u00eb drejtuar nga Gedafi, por vet\u00ebm n\u00eb tregjet e lejuara dhe jasht\u00eb embargos nd\u00ebrkomb\u00ebtare. Gjat\u00eb analiz\u00ebs s\u00eb fundvitit, Imami tha se shitja e arm\u00ebve ka ecur me ritme shum\u00eb t\u00eb mira, por shkrimet e gazetave dhe zhurma mediatike n\u00eb p\u00ebrgjith\u00ebsi ka d\u00ebmtuar k\u00ebt\u00eb proces. Mir\u00ebpo nga ana tjet\u00ebr NYT pretendon se arm\u00ebt nga Shqip\u00ebria, transportoheshin drejt Libis\u00eb t\u00eb maskuara si \u201cpjes\u00eb traktori\u201d.<\/p>\n<p>Gazetari i njohur i gazettes New York Times, Christopher John Chivers, i cili ka raportuar skandalin e shitjes s\u00eb arm\u00ebve shqiptare n\u00eb Afganistan, ka shkruar n\u00eb mars t\u00eb k\u00ebtij viti p\u00ebr arm\u00ebt shqiptare p\u00ebr Gadafin. N\u00eb shkrim thuhet se arm\u00ebt shqiptare t\u00eb mbledhura me shumic\u00eb nga ish-regjimi para 90-s, sot nxjerrin fitime t\u00eb m\u00ebdha n\u00eb pazarin nd\u00ebrkomb\u00ebtar t\u00eb arm\u00ebve e nd\u00ebrkoh\u00eb qeveria shqiptare jo vet\u00ebm \u00ebsht\u00eb p\u00ebrfshir\u00eb direkt n\u00eb k\u00ebto trafiqe n\u00ebp\u00ebrmjet Ministris\u00eb s\u00eb Mbrojtjes, por vendi yn\u00eb gjithashtu ka v\u00ebn\u00eb emrin e tij n\u00eb dispozicion t\u00eb trafikant\u00ebve t\u00eb arm\u00ebve nga Europa Lindore, ve\u00e7an\u00ebrisht Serbia.<\/p>\n<p>Leht\u00ebsues i k\u00ebsaj tregtie ka qen\u00eb MEICO. Arm\u00ebt jan\u00eb shitur shpesh p\u00ebrmes nj\u00eb sekseri serb, i k\u00ebrkuar p\u00ebr trafik nd\u00ebrkomb\u00ebtar arm\u00ebsh. Gazetari amerikan shkruan se \u00ebsht\u00eb e leht\u00eb t\u00eb kuptosh se \u00e7far\u00eb reputacioni ka MEICO sa i p\u00ebrket korrupsionit dhe trafiqeve.<\/p>\n<p>Shkrimin m\u00eb t\u00eb plot\u00eb do ta gjeni n\u00eb linkun e gazet\u00ebs Shekulli t\u00eb postuar m\u00eb posht\u00eb:<\/p>\n<p><a href=\"http:\/\/www.shekulli.com.al\/shekulli\/2011\/12\/28\/arme-per-gedafin-new-york-times-perplaset-me-ministrin-imami\/\">http:\/\/www.shekulli.com.al\/shekulli\/2011\/12\/28\/arme-per-gedafin-new-york-times-perplaset-me-ministrin-imami\/<\/a><\/p>\n","protected":false},"excerpt":{"rendered":"<p>ResPublica.al, 28 dhjetor 2011 Ministri Imami u shpreh dje se Shqip\u00ebria nuk i ka shitur arm\u00eb Libis\u00eb s\u00eb drejtuar nga Gedafi, por vet\u00ebm n\u00eb tregjet e lejuara dhe jasht\u00eb embargos nd\u00ebrkomb\u00ebtare. Gjat\u00eb analiz\u00ebs s\u00eb fundvitit, Imami tha se shitja e arm\u00ebve ka ecur me ritme shum\u00eb t\u00eb mira, por shkrimet e gazetave dhe zhurma mediatike [&hellip;]<\/p>\n","protected":false},"author":1,"featured_media":0,"comment_status":"open","ping_status":"closed","sticky":false,"template":"","format":"standard","meta":{"footnotes":""},"categories":[2],"tags":[],"class_list":{"0":"post-11557","1":"post","2":"type-post","3":"status-publish","4":"format-standard","6":"category-artikuj"},"yoast_head":"<!-- This site is optimized with the Yoast SEO plugin v27.4 - https:\/\/yoast.com\/product\/yoast-seo-wordpress\/ -->\n<title>Arben Imami Vs New York Times - FjALA e LIR\u00cb - Arkivi<\/title>\n<meta name=\"robots\" content=\"index, follow, max-snippet:-1, max-image-preview:large, max-video-preview:-1\" \/>\n<link rel=\"canonical\" href=\"https:\/\/fjala.info\/2009-2015\/arben-imami-vs-new-york-times\/\" \/>\n<meta property=\"og:locale\" content=\"sq_AL\" \/>\n<meta property=\"og:type\" content=\"article\" \/>\n<meta property=\"og:title\" content=\"Arben Imami Vs New York Times - FjALA e LIR\u00cb - Arkivi\" \/>\n<meta property=\"og:description\" content=\"ResPublica.al, 28 dhjetor 2011 Ministri Imami u shpreh dje se Shqip\u00ebria nuk i ka shitur arm\u00eb Libis\u00eb s\u00eb drejtuar nga Gedafi, por vet\u00ebm n\u00eb tregjet e lejuara dhe jasht\u00eb embargos nd\u00ebrkomb\u00ebtare. Gjat\u00eb analiz\u00ebs s\u00eb fundvitit, Imami tha se shitja e arm\u00ebve ka ecur me ritme shum\u00eb t\u00eb mira, por shkrimet e gazetave dhe zhurma mediatike [&hellip;]\" \/>\n<meta property=\"og:url\" content=\"https:\/\/fjala.info\/2009-2015\/arben-imami-vs-new-york-times\/\" \/>\n<meta property=\"og:site_name\" content=\"FjALA e LIR\u00cb - Arkivi\" \/>\n<meta property=\"article:published_time\" content=\"2011-12-28T15:34:04+00:00\" \/>\n<meta property=\"og:image\" content=\"http:\/\/www.shkoder.net\/images\/fjala\/2011\/demontim_arme.jpg\" \/>\n<meta name=\"author\" content=\"admin\" \/>\n<meta name=\"twitter:card\" content=\"summary_large_image\" \/>\n<meta name=\"twitter:label1\" content=\"Written by\" \/>\n\t<meta name=\"twitter:data1\" content=\"admin\" \/>\n\t<meta name=\"twitter:label2\" content=\"Est. reading time\" \/>\n\t<meta name=\"twitter:data2\" content=\"1 minute\" \/>\n<script type=\"application\/ld+json\" class=\"yoast-schema-graph\">{\"@context\":\"https:\\\/\\\/schema.org\",\"@graph\":[{\"@type\":\"Article\",\"@id\":\"https:\\\/\\\/fjala.info\\\/2009-2015\\\/arben-imami-vs-new-york-times\\\/#article\",\"isPartOf\":{\"@id\":\"https:\\\/\\\/fjala.info\\\/2009-2015\\\/arben-imami-vs-new-york-times\\\/\"},\"author\":{\"name\":\"admin\",\"@id\":\"https:\\\/\\\/fjala.info\\\/2009-2015\\\/#\\\/schema\\\/person\\\/3aa1163ef05469c496fc94e77611ada2\"},\"headline\":\"Arben Imami Vs New York Times\",\"datePublished\":\"2011-12-28T15:34:04+00:00\",\"mainEntityOfPage\":{\"@id\":\"https:\\\/\\\/fjala.info\\\/2009-2015\\\/arben-imami-vs-new-york-times\\\/\"},\"wordCount\":289,\"commentCount\":0,\"publisher\":{\"@id\":\"https:\\\/\\\/fjala.info\\\/2009-2015\\\/#organization\"},\"image\":{\"@id\":\"https:\\\/\\\/fjala.info\\\/2009-2015\\\/arben-imami-vs-new-york-times\\\/#primaryimage\"},\"thumbnailUrl\":\"http:\\\/\\\/www.shkoder.net\\\/images\\\/fjala\\\/2011\\\/demontim_arme.jpg\",\"articleSection\":[\"Artikuj\"],\"inLanguage\":\"sq-AL\",\"potentialAction\":[{\"@type\":\"CommentAction\",\"name\":\"Comment\",\"target\":[\"https:\\\/\\\/fjala.info\\\/2009-2015\\\/arben-imami-vs-new-york-times\\\/#respond\"]}]},{\"@type\":\"WebPage\",\"@id\":\"https:\\\/\\\/fjala.info\\\/2009-2015\\\/arben-imami-vs-new-york-times\\\/\",\"url\":\"https:\\\/\\\/fjala.info\\\/2009-2015\\\/arben-imami-vs-new-york-times\\\/\",\"name\":\"Arben Imami Vs New York Times - FjALA e LIR\u00cb - Arkivi\",\"isPartOf\":{\"@id\":\"https:\\\/\\\/fjala.info\\\/2009-2015\\\/#website\"},\"primaryImageOfPage\":{\"@id\":\"https:\\\/\\\/fjala.info\\\/2009-2015\\\/arben-imami-vs-new-york-times\\\/#primaryimage\"},\"image\":{\"@id\":\"https:\\\/\\\/fjala.info\\\/2009-2015\\\/arben-imami-vs-new-york-times\\\/#primaryimage\"},\"thumbnailUrl\":\"http:\\\/\\\/www.shkoder.net\\\/images\\\/fjala\\\/2011\\\/demontim_arme.jpg\",\"datePublished\":\"2011-12-28T15:34:04+00:00\",\"breadcrumb\":{\"@id\":\"https:\\\/\\\/fjala.info\\\/2009-2015\\\/arben-imami-vs-new-york-times\\\/#breadcrumb\"},\"inLanguage\":\"sq-AL\",\"potentialAction\":[{\"@type\":\"ReadAction\",\"target\":[\"https:\\\/\\\/fjala.info\\\/2009-2015\\\/arben-imami-vs-new-york-times\\\/\"]}]},{\"@type\":\"ImageObject\",\"inLanguage\":\"sq-AL\",\"@id\":\"https:\\\/\\\/fjala.info\\\/2009-2015\\\/arben-imami-vs-new-york-times\\\/#primaryimage\",\"url\":\"http:\\\/\\\/www.shkoder.net\\\/images\\\/fjala\\\/2011\\\/demontim_arme.jpg\",\"contentUrl\":\"http:\\\/\\\/www.shkoder.net\\\/images\\\/fjala\\\/2011\\\/demontim_arme.jpg\"},{\"@type\":\"BreadcrumbList\",\"@id\":\"https:\\\/\\\/fjala.info\\\/2009-2015\\\/arben-imami-vs-new-york-times\\\/#breadcrumb\",\"itemListElement\":[{\"@type\":\"ListItem\",\"position\":1,\"name\":\"Home\",\"item\":\"https:\\\/\\\/fjala.info\\\/2009-2015\\\/\"},{\"@type\":\"ListItem\",\"position\":2,\"name\":\"Arben Imami Vs New York Times\"}]},{\"@type\":\"WebSite\",\"@id\":\"https:\\\/\\\/fjala.info\\\/2009-2015\\\/#website\",\"url\":\"https:\\\/\\\/fjala.info\\\/2009-2015\\\/\",\"name\":\"FjALA e LIR\u00cb - Arkivi\",\"description\":\"Arkivi 2009-2015\",\"publisher\":{\"@id\":\"https:\\\/\\\/fjala.info\\\/2009-2015\\\/#organization\"},\"potentialAction\":[{\"@type\":\"SearchAction\",\"target\":{\"@type\":\"EntryPoint\",\"urlTemplate\":\"https:\\\/\\\/fjala.info\\\/2009-2015\\\/?s={search_term_string}\"},\"query-input\":{\"@type\":\"PropertyValueSpecification\",\"valueRequired\":true,\"valueName\":\"search_term_string\"}}],\"inLanguage\":\"sq-AL\"},{\"@type\":\"Organization\",\"@id\":\"https:\\\/\\\/fjala.info\\\/2009-2015\\\/#organization\",\"name\":\"FjALA e LIR\u00cb - Arkivi\",\"url\":\"https:\\\/\\\/fjala.info\\\/2009-2015\\\/\",\"logo\":{\"@type\":\"ImageObject\",\"inLanguage\":\"sq-AL\",\"@id\":\"https:\\\/\\\/fjala.info\\\/2009-2015\\\/#\\\/schema\\\/logo\\\/image\\\/\",\"url\":\"\",\"contentUrl\":\"\",\"caption\":\"FjALA e LIR\u00cb - Arkivi\"},\"image\":{\"@id\":\"https:\\\/\\\/fjala.info\\\/2009-2015\\\/#\\\/schema\\\/logo\\\/image\\\/\"}},{\"@type\":\"Person\",\"@id\":\"https:\\\/\\\/fjala.info\\\/2009-2015\\\/#\\\/schema\\\/person\\\/3aa1163ef05469c496fc94e77611ada2\",\"name\":\"admin\",\"image\":{\"@type\":\"ImageObject\",\"inLanguage\":\"sq-AL\",\"@id\":\"https:\\\/\\\/fjala.info\\\/2009-2015\\\/wp-content\\\/uploads\\\/2012\\\/02\\\/arben_cokaj-120x150.jpg\",\"url\":\"https:\\\/\\\/fjala.info\\\/2009-2015\\\/wp-content\\\/uploads\\\/2012\\\/02\\\/arben_cokaj-120x150.jpg\",\"contentUrl\":\"https:\\\/\\\/fjala.info\\\/2009-2015\\\/wp-content\\\/uploads\\\/2012\\\/02\\\/arben_cokaj-120x150.jpg\",\"caption\":\"admin\"},\"description\":\"Admin, Fjala e Lir\u00eb\",\"sameAs\":[\"https:\\\/\\\/fjala.info\\\/\"],\"url\":\"https:\\\/\\\/fjala.info\\\/2009-2015\\\/author\\\/admin\\\/\"}]}<\/script>\n<!-- \/ Yoast SEO plugin. -->","yoast_head_json":{"title":"Arben Imami Vs New York Times - FjALA e LIR\u00cb - Arkivi","robots":{"index":"index","follow":"follow","max-snippet":"max-snippet:-1","max-image-preview":"max-image-preview:large","max-video-preview":"max-video-preview:-1"},"canonical":"https:\/\/fjala.info\/2009-2015\/arben-imami-vs-new-york-times\/","og_locale":"sq_AL","og_type":"article","og_title":"Arben Imami Vs New York Times - FjALA e LIR\u00cb - Arkivi","og_description":"ResPublica.al, 28 dhjetor 2011 Ministri Imami u shpreh dje se Shqip\u00ebria nuk i ka shitur arm\u00eb Libis\u00eb s\u00eb drejtuar nga Gedafi, por vet\u00ebm n\u00eb tregjet e lejuara dhe jasht\u00eb embargos nd\u00ebrkomb\u00ebtare. Gjat\u00eb analiz\u00ebs s\u00eb fundvitit, Imami tha se shitja e arm\u00ebve ka ecur me ritme shum\u00eb t\u00eb mira, por shkrimet e gazetave dhe zhurma mediatike [&hellip;]","og_url":"https:\/\/fjala.info\/2009-2015\/arben-imami-vs-new-york-times\/","og_site_name":"FjALA e LIR\u00cb - Arkivi","article_published_time":"2011-12-28T15:34:04+00:00","og_image":[{"url":"http:\/\/www.shkoder.net\/images\/fjala\/2011\/demontim_arme.jpg","type":"","width":"","height":""}],"author":"admin","twitter_card":"summary_large_image","twitter_misc":{"Written by":"admin","Est. reading time":"1 minute"},"schema":{"@context":"https:\/\/schema.org","@graph":[{"@type":"Article","@id":"https:\/\/fjala.info\/2009-2015\/arben-imami-vs-new-york-times\/#article","isPartOf":{"@id":"https:\/\/fjala.info\/2009-2015\/arben-imami-vs-new-york-times\/"},"author":{"name":"admin","@id":"https:\/\/fjala.info\/2009-2015\/#\/schema\/person\/3aa1163ef05469c496fc94e77611ada2"},"headline":"Arben Imami Vs New York Times","datePublished":"2011-12-28T15:34:04+00:00","mainEntityOfPage":{"@id":"https:\/\/fjala.info\/2009-2015\/arben-imami-vs-new-york-times\/"},"wordCount":289,"commentCount":0,"publisher":{"@id":"https:\/\/fjala.info\/2009-2015\/#organization"},"image":{"@id":"https:\/\/fjala.info\/2009-2015\/arben-imami-vs-new-york-times\/#primaryimage"},"thumbnailUrl":"http:\/\/www.shkoder.net\/images\/fjala\/2011\/demontim_arme.jpg","articleSection":["Artikuj"],"inLanguage":"sq-AL","potentialAction":[{"@type":"CommentAction","name":"Comment","target":["https:\/\/fjala.info\/2009-2015\/arben-imami-vs-new-york-times\/#respond"]}]},{"@type":"WebPage","@id":"https:\/\/fjala.info\/2009-2015\/arben-imami-vs-new-york-times\/","url":"https:\/\/fjala.info\/2009-2015\/arben-imami-vs-new-york-times\/","name":"Arben Imami Vs New York Times - FjALA e LIR\u00cb - Arkivi","isPartOf":{"@id":"https:\/\/fjala.info\/2009-2015\/#website"},"primaryImageOfPage":{"@id":"https:\/\/fjala.info\/2009-2015\/arben-imami-vs-new-york-times\/#primaryimage"},"image":{"@id":"https:\/\/fjala.info\/2009-2015\/arben-imami-vs-new-york-times\/#primaryimage"},"thumbnailUrl":"http:\/\/www.shkoder.net\/images\/fjala\/2011\/demontim_arme.jpg","datePublished":"2011-12-28T15:34:04+00:00","breadcrumb":{"@id":"https:\/\/fjala.info\/2009-2015\/arben-imami-vs-new-york-times\/#breadcrumb"},"inLanguage":"sq-AL","potentialAction":[{"@type":"ReadAction","target":["https:\/\/fjala.info\/2009-2015\/arben-imami-vs-new-york-times\/"]}]},{"@type":"ImageObject","inLanguage":"sq-AL","@id":"https:\/\/fjala.info\/2009-2015\/arben-imami-vs-new-york-times\/#primaryimage","url":"http:\/\/www.shkoder.net\/images\/fjala\/2011\/demontim_arme.jpg","contentUrl":"http:\/\/www.shkoder.net\/images\/fjala\/2011\/demontim_arme.jpg"},{"@type":"BreadcrumbList","@id":"https:\/\/fjala.info\/2009-2015\/arben-imami-vs-new-york-times\/#breadcrumb","itemListElement":[{"@type":"ListItem","position":1,"name":"Home","item":"https:\/\/fjala.info\/2009-2015\/"},{"@type":"ListItem","position":2,"name":"Arben Imami Vs New York Times"}]},{"@type":"WebSite","@id":"https:\/\/fjala.info\/2009-2015\/#website","url":"https:\/\/fjala.info\/2009-2015\/","name":"FjALA e LIR\u00cb - Arkivi","description":"Arkivi 2009-2015","publisher":{"@id":"https:\/\/fjala.info\/2009-2015\/#organization"},"potentialAction":[{"@type":"SearchAction","target":{"@type":"EntryPoint","urlTemplate":"https:\/\/fjala.info\/2009-2015\/?s={search_term_string}"},"query-input":{"@type":"PropertyValueSpecification","valueRequired":true,"valueName":"search_term_string"}}],"inLanguage":"sq-AL"},{"@type":"Organization","@id":"https:\/\/fjala.info\/2009-2015\/#organization","name":"FjALA e LIR\u00cb - Arkivi","url":"https:\/\/fjala.info\/2009-2015\/","logo":{"@type":"ImageObject","inLanguage":"sq-AL","@id":"https:\/\/fjala.info\/2009-2015\/#\/schema\/logo\/image\/","url":"","contentUrl":"","caption":"FjALA e LIR\u00cb - Arkivi"},"image":{"@id":"https:\/\/fjala.info\/2009-2015\/#\/schema\/logo\/image\/"}},{"@type":"Person","@id":"https:\/\/fjala.info\/2009-2015\/#\/schema\/person\/3aa1163ef05469c496fc94e77611ada2","name":"admin","image":{"@type":"ImageObject","inLanguage":"sq-AL","@id":"https:\/\/fjala.info\/2009-2015\/wp-content\/uploads\/2012\/02\/arben_cokaj-120x150.jpg","url":"https:\/\/fjala.info\/2009-2015\/wp-content\/uploads\/2012\/02\/arben_cokaj-120x150.jpg","contentUrl":"https:\/\/fjala.info\/2009-2015\/wp-content\/uploads\/2012\/02\/arben_cokaj-120x150.jpg","caption":"admin"},"description":"Admin, Fjala e Lir\u00eb","sameAs":["https:\/\/fjala.info\/"],"url":"https:\/\/fjala.info\/2009-2015\/author\/admin\/"}]}},"_links":{"self":[{"href":"https:\/\/fjala.info\/2009-2015\/wp-json\/wp\/v2\/posts\/11557","targetHints":{"allow":["GET"]}}],"collection":[{"href":"https:\/\/fjala.info\/2009-2015\/wp-json\/wp\/v2\/posts"}],"about":[{"href":"https:\/\/fjala.info\/2009-2015\/wp-json\/wp\/v2\/types\/post"}],"author":[{"embeddable":true,"href":"https:\/\/fjala.info\/2009-2015\/wp-json\/wp\/v2\/users\/1"}],"replies":[{"embeddable":true,"href":"https:\/\/fjala.info\/2009-2015\/wp-json\/wp\/v2\/comments?post=11557"}],"version-history":[{"count":0,"href":"https:\/\/fjala.info\/2009-2015\/wp-json\/wp\/v2\/posts\/11557\/revisions"}],"wp:attachment":[{"href":"https:\/\/fjala.info\/2009-2015\/wp-json\/wp\/v2\/media?parent=11557"}],"wp:term":[{"taxonomy":"category","embeddable":true,"href":"https:\/\/fjala.info\/2009-2015\/wp-json\/wp\/v2\/categories?post=11557"},{"taxonomy":"post_tag","embeddable":true,"href":"https:\/\/fjala.info\/2009-2015\/wp-json\/wp\/v2\/tags?post=11557"}],"curies":[{"name":"wp","href":"https:\/\/api.w.org\/{rel}","templated":true}]}}