{"id":11554,"date":"2011-12-28T07:14:35","date_gmt":"2011-12-28T06:14:35","guid":{"rendered":"http:\/\/fjala.shkoder.net\/?p=841"},"modified":"2011-12-28T07:14:35","modified_gmt":"2011-12-28T06:14:35","slug":"me-shume-se-rrezim-i-berishes","status":"publish","type":"post","link":"https:\/\/fjala.info\/2009-2015\/me-shume-se-rrezim-i-berishes\/","title":{"rendered":"M\u00eb shum\u00eb se rr\u00ebzim i Berish\u00ebs"},"content":{"rendered":"<p><img decoding=\"async\" class=\"alignright size-thumbnail wp-image-7236\" title=\"Pre\u00e7 Zogaj\" src=\"http:\/\/www.shkoder.net\/images\/fjala\/prec_zogaj.jpg\" alt=\"\" width=\"150\" \/> <strong>Pre\u00e7 Zogaj<\/strong><\/p>\n<p>Deri me sot asnj\u00eb grupim opozitar n\u00eb Shqip\u00ebri nuk i ka fituar zgjedhjet fal\u00eb programit, n\u00eb kuptimin q\u00eb t\u00eb ket\u00eb ndryshuar mendjen e votuesve duke paraqitur zgjidhje me t\u00eb mira. Rrotacioni politik i pushtetit n\u00eb Shqip\u00ebri, tre her\u00eb n\u00eb nj\u00ebzet vjet, ka ndodhur paras\u00ebgjithash p\u00ebr shkak t\u00eb konsumimit deri n\u00eb degradim t\u00eb shumic\u00ebs qeveritare si dhe er\u00ebs s\u00eb ndryshimit q\u00eb shp\u00ebrthen zakonisht n\u00eb raste t\u00eb tilla. N\u00eb vitin 1992 PD fitoi si alternativa e par\u00eb antikomuniste, pas gjys\u00ebm shekulli moniz\u00ebm. N\u00eb vitin 1997, PD largohet dhe PS vjen p\u00ebrgjat\u00eb nj\u00eb krize t\u00eb menaxhuar nga 6000 kaskat nd\u00ebrkomb\u00ebetare t\u00eb operacionit \u201cAlba\u201d, q\u00eb garantuan zgjedhjet dhe vazhdim\u00ebsin\u00eb e shtetit shqiptar n\u00eb nj\u00eb periudh\u00eb nga m\u00eb t\u00eb errtat e historis\u00eb son\u00eb t\u00eb re.<\/p>\n<p>N\u00eb vitet 2004-2005, Berisha dhe opozita e asaj kohe shinjestrojn\u00eb rikthimin duke kal\u00ebruar abuzimet e qeveris\u00eb socialiste t\u00eb Fatos Nanos me pushtetin. Sllogani \u201cNano ik\u201d marrshoi nep\u00ebr Shqip\u00ebri si sintez\u00eb e kulluar e kultur\u00ebs s\u00eb rrotacionit n\u00eb ket\u00eb vend: dikush duhet t\u00eb vij\u00eb ngaq\u00eb dikush duhet t\u00eb ik\u00eb. Por pesha e kujtimeve t\u00eb hidhura t\u00eb qeverisjes s\u00eb par\u00eb t\u00eb Berish\u00ebs n\u00eb publik ishte ende aq e madhe, sa k\u00ebtij nuk i mjaftuan rekordet e zeza t\u00eb qeveris\u00eb \u201cNano\u201d. P\u00ebr t\u00eb fituar ju desh nj\u00eb operacion politiko-mediatik i mir\u00ebfillt\u00eb q\u00eb kishte si q\u00ebllim t\u00eb ndryshonte sa t\u00eb ishte e mundur imazhin e tij t\u00eb vjet\u00ebr. Dhe iu desh mbi t\u00eb gjitha faktori LSI, dalja me vete e Ilir Met\u00ebs.<\/p>\n<p>N\u00eb k\u00ebt\u00eb histori, programet kan\u00eb qen\u00eb nj\u00eb garnitur\u00eb apo nj\u00eb butafori zbukuruese e mekanizmave t\u00eb v\u00ebrtet\u00eb q\u00eb v\u00ebn\u00eb n\u00eb l\u00ebvizje rrotacionin e pushtetit n\u00eb Shqip\u00ebri. E gjith\u00eb kjo ka patur arsyet e veta komplekse. Nj\u00ebra prej k\u00ebtyre arsyeve m\u00eb duket m\u00eb thelb\u00ebsore se t\u00eb tjerat: Privatizimet, remitancat (parat\u00eb q\u00eb d\u00ebrgojn\u00eb emigrant\u00ebt), grantet, ndihmat, kredit\u00eb e buta dhe madje edhe trafiqet e ndryshme kan\u00eb qen\u00eb p\u00ebr shum\u00eb koh\u00eb burime konstante t\u00eb ardhurash p\u00ebr ekonomin\u00eb e vendit, pra edhe p\u00ebr buxhetin, pavar\u00ebsisht kush ka qeverisur. K\u00ebto burime \u201cgratis\u201d kan\u00eb p\u00ebrcaktuar bashk\u00eb me leht\u00ebsin\u00eb e qeverisjes edhe modelin skematik t\u00eb drejtimit dhe zhvillimit t\u00eb vendit, model i cili, me ndryshime dhe p\u00ebrmir\u00ebsime jo thelb\u00ebsore, ka qen\u00eb i nj\u00ebjt\u00eb nga nj\u00eb qeveri n\u00eb tjetr\u00ebn.<\/p>\n<p>Politikat reale t\u00eb zhvillimit, ato q\u00eb projektohen nga mendje t\u00eb hapura dhe kalkulohen n\u00eb institucione t\u00eb specializuara, kan\u00eb q\u00ebn\u00eb mish i huaj n\u00eb kultur\u00ebn shqiptare t\u00eb drejtimit. Rrjedhimisht, \u201cgara\u201d politike nuk ka qen\u00eb se kush propozon m\u00eb shum\u00eb zgjidhje t\u00eb reja, por kush po e tepron me shum\u00eb me abuzime. Then\u00eb ndryshe, nuk ka qen\u00eb kush \u00ebsht\u00eb m\u00eb zoti dhe m\u00eb i mir\u00eb se tjetri, po kush \u00ebsht\u00eb m\u00eb i keq se tjetri.<\/p>\n<p>Kjo periudh\u00eb po per\u00ebndon. Mjedisi politik dhe shoq\u00ebror nuk \u00ebsht\u00eb m\u00eb si\u00e7 ka qen\u00eb. Rubinetat e lartpermendur nuk jan\u00eb m\u00eb si\u00e7 kan\u00eb qen\u00eb. Dalngadal\u00eb po rrjedhim me currila ose po shterrojm\u00eb fare. Privatizimet e asaj q\u00eb trash\u00ebguam nga komunizmi po mbarojn\u00eb. Remitancat jan\u00eb n\u00eb r\u00ebnie t\u00eb vazhdueshme. Kredit\u00eb me interesa treg\u00ebtare po prevalojn\u00eb mbi kredit\u00eb e buta. Ndihma pothuajse nuk ka m\u00eb. Trafiqet, p\u00ebr fat, jan\u00eb n\u00eb tkurrje. T\u00eb shtojm\u00eb k\u00ebtu edhe efektet e drejp\u00ebrdrejta apo an\u00ebsore t\u00eb kriz\u00ebs globale.<\/p>\n<p>Ekonomia shqiptare po ekspozohet \u00e7do dit\u00eb e me qart\u00eb dhe \u00e7do dit\u00eb e me ballazi me pyetjen \u201cnga do t\u00eb vin\u00eb parat\u00eb tani e tutje\u201d, cil\u00ebt do t\u00eb jen\u00eb burimet e reja p\u00ebr t\u00eb p\u00ebrballuar nevojat e shlyer borxhet? N\u00ebqoftese k\u00ebto burime nuk do t\u00eb gjenden e nuk do t\u00eb aktivizohen n\u00eb koh\u00eb, vendi do t\u00eb detyrohet t\u00eb ndryshoj\u00eb m\u00ebnyr\u00ebn e jetes\u00ebs duke kufizuar k\u00ebrkesat n\u00eb maksimumin jetik. Shqip\u00ebria do t\u00eb p\u00ebrfundoj\u00eb n\u00eb shtratin e Prokustit p\u00ebr t\u00eb jetuar n\u00eb baz\u00eb t\u00eb asaj q\u00eb jep, q\u00eb prodhon.<\/p>\n<p>T\u00eb drejt\u00ebn dhe detyrimin p\u00ebr t\u00eb k\u00ebrkuar zgjidhje t\u00eb reja e kan\u00eb barabar shumica dhe opozita. Qeveria \u00ebsht\u00eb n\u00eb kund\u00ebrkoh\u00eb, sepse ka fjetur mbi dafina gjith\u00eb k\u00ebto vite, edhe pse shterrimi i burimeve financiare ka qen\u00eb i parashikuesh\u00ebm prej disa vitesh. Berisha me t\u00eb tij\u00ebt jan\u00eb t\u00eb vet\u00ebdijsh\u00ebm se thjesht do t\u00eb shkaktonin ilaritet po t\u00eb premtojn\u00eb p\u00ebr neser \u00e7far\u00eb duhej t\u00eb kishin ber\u00eb dje.<\/p>\n<p>Ma merr mendja se n\u00eb synimin e tyre p\u00ebr nj\u00eb mandat t\u00eb tret\u00eb nuk do t\u00eb mb\u00ebshtet\u00ebn n\u00eb ndonj\u00eb program t\u00eb ri zhvillimi. Sidomos tani q\u00eb banka Bot\u00ebrore u rr\u00ebzoi edhe mburrjen e madhe me sistemin fiskal- e mbanin si m\u00eb t\u00eb mirin, nd\u00ebrkoh\u00eb q\u00eb \u00ebsht\u00eb vler\u00ebsuar si nj\u00eb nga m\u00eb t\u00eb k\u00ebqinjt\u00eb e planetit. Berisha do ta mb\u00ebshtes\u00eb synimin e tij thjesht n\u00eb shum\u00ebn aritmetike t\u00eb zgjedh\u00ebsve partiak\u00eb, sipas partive q\u00eb ka e synon t\u00eb ket\u00eb n\u00eb koalicionin e tij.<\/p>\n<p>Ka nj\u00eb pikpamje t\u00eb p\u00ebrhapur n\u00eb Shqip\u00ebri, sipas s\u00eb cil\u00ebs, zgjedh\u00ebsit partiak\u00eb jan\u00eb si detashmente t\u00eb ngrira. Edhe p\u00ebr k\u00ebt\u00eb shkak kali i betej\u00ebs s\u00eb opozit\u00ebs p\u00ebr zgjedhjet e ardhshme mendoj se do t\u00eb jet\u00eb programi i ri i zhvillimit. Nuk them aspak se nuk jan\u00eb edhe antikorrupsioni, frym\u00ebzimi i shpres\u00ebs dhe ngaz\u00ebllimi i ndryshimit. K\u00ebto karta kan\u00eb pik\u00ebt e tyre n\u00eb llogarin\u00eb e p\u00ebrgjithshme t\u00eb fitores. Por nuk mjaftojn\u00eb. Dhe nuk duhet t\u00eb mjaftojn\u00eb. Lidershipi i PS-s\u00eb e ka kuptuar k\u00ebt\u00eb. Prandaj ka ngritur nj\u00eb num\u00ebr t\u00eb madh grupesh pune q\u00eb po punojn\u00eb p\u00ebr programin. Efektiviteti i ketyre grupeve do t\u00eb duket n\u00eb produktin q\u00eb do t\u00eb nxjerrin. Edhe partit\u00eb e tjera aleate me PS-s\u00eb duhet t\u00eb thon\u00eb fjal\u00ebn e tyre n\u00eb k\u00ebt\u00eb kantier. Nuk \u00ebsht\u00eb fjala k\u00ebtu p\u00ebr zgjidhje sempliciste, q\u00eb kufizohen n\u00eb skema t\u00eb reja rishp\u00ebrdarjeje t\u00eb s\u00eb nj\u00ebjt\u00ebs shum\u00eb parash q\u00eb prodhon ekonomia q\u00eb kemi.<\/p>\n<p>Fjala \u00ebsht\u00eb p\u00ebr politika zhvillimi t\u00eb reja, konkrete, t\u00eb zbatueshme, n\u00eb baz\u00eb t\u00eb aseteve dhe mund\u00ebsive q\u00eb ka vendi n\u00eb kushtet e hapjes me bot\u00ebn, duke u fokusuar te deti, bujq\u00ebsia, turizmi, uji, infrastruktura e tjer\u00eb. Fjala \u00ebsht\u00eb p\u00ebr t\u00eb shtuar pun\u00ebn dhe pun\u00ebsimin. Normalisht kjo opozit\u00eb do t\u00eb jet\u00eb e para q\u00eb do t\u00eb synoj\u00eb nj\u00eb rrotacion politik t\u00eb pushtetit ku programi nuk do t\u00eb jet\u00eb nj\u00eb garnitur\u00eb, nj\u00eb rrabat q\u00eb shoq\u00ebron fjalimet politike, por nj\u00eb muzik\u00eb e gjall\u00eb q\u00eb do t\u00eb zgjoj\u00eb mas\u00ebn gri t\u00eb zgjedh\u00ebsve dhe nj\u00eb \u201cdetonator\u201d q\u00eb do t\u00eb \u00e7aj\u00eb mas\u00ebn e ngrir\u00eb t\u00eb elektoratit partiak.<\/p>\n<p>Nuk fitohet pa program. Nuk duhet t\u00eb fitohet pa program. Impulset e rrotacionit jan\u00eb flak\u00eb kashte q\u00eb shuhet shpejt. Programi i votuar \u00ebsht\u00eb garancia e qeverisjes s\u00eb mir\u00eb. Prandaj nga opozita e sotme k\u00ebrkohet me shum\u00eb se sa bashkimi p\u00ebr t\u00eb rr\u00ebzuar Sali Berish\u00ebn. Ka mij\u00ebra e mij\u00ebra zgjedh\u00ebs q\u00eb nuk duan gj\u00eb tjet\u00ebr. Por ata nuk jan\u00eb shumic\u00eb. Rrotacioni i pushtetit k\u00ebrkon doemos mij\u00ebra t\u00eb tjer\u00eb q\u00eb duan me shum\u00eb, duan tejkalimin e Sali Berish\u00ebs, duan programe dhe zgjidhje p\u00ebr problemet themelore q\u00eb kan\u00eb si idivid\u00eb dhe si komunitete.<\/p>\n","protected":false},"excerpt":{"rendered":"<p>Pre\u00e7 Zogaj Deri me sot asnj\u00eb grupim opozitar n\u00eb Shqip\u00ebri nuk i ka fituar zgjedhjet fal\u00eb programit, n\u00eb kuptimin q\u00eb t\u00eb ket\u00eb ndryshuar mendjen e votuesve duke paraqitur zgjidhje me t\u00eb mira. Rrotacioni politik i pushtetit n\u00eb Shqip\u00ebri, tre her\u00eb n\u00eb nj\u00ebzet vjet, ka ndodhur paras\u00ebgjithash p\u00ebr shkak t\u00eb konsumimit deri n\u00eb degradim t\u00eb shumic\u00ebs [&hellip;]<\/p>\n","protected":false},"author":1,"featured_media":0,"comment_status":"open","ping_status":"closed","sticky":false,"template":"","format":"standard","meta":{"footnotes":""},"categories":[2],"tags":[],"class_list":{"0":"post-11554","1":"post","2":"type-post","3":"status-publish","4":"format-standard","6":"category-artikuj"},"yoast_head":"<!-- This site is optimized with the Yoast SEO plugin v27.4 - https:\/\/yoast.com\/product\/yoast-seo-wordpress\/ -->\n<title>M\u00eb shum\u00eb se rr\u00ebzim i Berish\u00ebs - FjALA e LIR\u00cb - Arkivi<\/title>\n<meta name=\"robots\" content=\"index, follow, max-snippet:-1, max-image-preview:large, max-video-preview:-1\" \/>\n<link rel=\"canonical\" href=\"https:\/\/fjala.info\/2009-2015\/me-shume-se-rrezim-i-berishes\/\" \/>\n<meta property=\"og:locale\" content=\"sq_AL\" \/>\n<meta property=\"og:type\" content=\"article\" \/>\n<meta property=\"og:title\" content=\"M\u00eb shum\u00eb se rr\u00ebzim i Berish\u00ebs - FjALA e LIR\u00cb - Arkivi\" \/>\n<meta property=\"og:description\" content=\"Pre\u00e7 Zogaj Deri me sot asnj\u00eb grupim opozitar n\u00eb Shqip\u00ebri nuk i ka fituar zgjedhjet fal\u00eb programit, n\u00eb kuptimin q\u00eb t\u00eb ket\u00eb ndryshuar mendjen e votuesve duke paraqitur zgjidhje me t\u00eb mira. Rrotacioni politik i pushtetit n\u00eb Shqip\u00ebri, tre her\u00eb n\u00eb nj\u00ebzet vjet, ka ndodhur paras\u00ebgjithash p\u00ebr shkak t\u00eb konsumimit deri n\u00eb degradim t\u00eb shumic\u00ebs [&hellip;]\" \/>\n<meta property=\"og:url\" content=\"https:\/\/fjala.info\/2009-2015\/me-shume-se-rrezim-i-berishes\/\" \/>\n<meta property=\"og:site_name\" content=\"FjALA e LIR\u00cb - Arkivi\" \/>\n<meta property=\"article:published_time\" content=\"2011-12-28T06:14:35+00:00\" \/>\n<meta property=\"og:image\" content=\"http:\/\/www.shkoder.net\/images\/fjala\/prec_zogaj.jpg\" \/>\n<meta name=\"author\" content=\"admin\" \/>\n<meta name=\"twitter:card\" content=\"summary_large_image\" \/>\n<meta name=\"twitter:label1\" content=\"Written by\" \/>\n\t<meta name=\"twitter:data1\" content=\"admin\" \/>\n\t<meta name=\"twitter:label2\" content=\"Est. reading time\" \/>\n\t<meta name=\"twitter:data2\" content=\"6 minutes\" \/>\n<script type=\"application\/ld+json\" class=\"yoast-schema-graph\">{\"@context\":\"https:\\\/\\\/schema.org\",\"@graph\":[{\"@type\":\"Article\",\"@id\":\"https:\\\/\\\/fjala.info\\\/2009-2015\\\/me-shume-se-rrezim-i-berishes\\\/#article\",\"isPartOf\":{\"@id\":\"https:\\\/\\\/fjala.info\\\/2009-2015\\\/me-shume-se-rrezim-i-berishes\\\/\"},\"author\":{\"name\":\"admin\",\"@id\":\"https:\\\/\\\/fjala.info\\\/2009-2015\\\/#\\\/schema\\\/person\\\/3aa1163ef05469c496fc94e77611ada2\"},\"headline\":\"M\u00eb shum\u00eb se rr\u00ebzim i Berish\u00ebs\",\"datePublished\":\"2011-12-28T06:14:35+00:00\",\"mainEntityOfPage\":{\"@id\":\"https:\\\/\\\/fjala.info\\\/2009-2015\\\/me-shume-se-rrezim-i-berishes\\\/\"},\"wordCount\":1231,\"commentCount\":0,\"publisher\":{\"@id\":\"https:\\\/\\\/fjala.info\\\/2009-2015\\\/#organization\"},\"image\":{\"@id\":\"https:\\\/\\\/fjala.info\\\/2009-2015\\\/me-shume-se-rrezim-i-berishes\\\/#primaryimage\"},\"thumbnailUrl\":\"http:\\\/\\\/www.shkoder.net\\\/images\\\/fjala\\\/prec_zogaj.jpg\",\"articleSection\":[\"Artikuj\"],\"inLanguage\":\"sq-AL\",\"potentialAction\":[{\"@type\":\"CommentAction\",\"name\":\"Comment\",\"target\":[\"https:\\\/\\\/fjala.info\\\/2009-2015\\\/me-shume-se-rrezim-i-berishes\\\/#respond\"]}]},{\"@type\":\"WebPage\",\"@id\":\"https:\\\/\\\/fjala.info\\\/2009-2015\\\/me-shume-se-rrezim-i-berishes\\\/\",\"url\":\"https:\\\/\\\/fjala.info\\\/2009-2015\\\/me-shume-se-rrezim-i-berishes\\\/\",\"name\":\"M\u00eb shum\u00eb se rr\u00ebzim i Berish\u00ebs - FjALA e LIR\u00cb - Arkivi\",\"isPartOf\":{\"@id\":\"https:\\\/\\\/fjala.info\\\/2009-2015\\\/#website\"},\"primaryImageOfPage\":{\"@id\":\"https:\\\/\\\/fjala.info\\\/2009-2015\\\/me-shume-se-rrezim-i-berishes\\\/#primaryimage\"},\"image\":{\"@id\":\"https:\\\/\\\/fjala.info\\\/2009-2015\\\/me-shume-se-rrezim-i-berishes\\\/#primaryimage\"},\"thumbnailUrl\":\"http:\\\/\\\/www.shkoder.net\\\/images\\\/fjala\\\/prec_zogaj.jpg\",\"datePublished\":\"2011-12-28T06:14:35+00:00\",\"breadcrumb\":{\"@id\":\"https:\\\/\\\/fjala.info\\\/2009-2015\\\/me-shume-se-rrezim-i-berishes\\\/#breadcrumb\"},\"inLanguage\":\"sq-AL\",\"potentialAction\":[{\"@type\":\"ReadAction\",\"target\":[\"https:\\\/\\\/fjala.info\\\/2009-2015\\\/me-shume-se-rrezim-i-berishes\\\/\"]}]},{\"@type\":\"ImageObject\",\"inLanguage\":\"sq-AL\",\"@id\":\"https:\\\/\\\/fjala.info\\\/2009-2015\\\/me-shume-se-rrezim-i-berishes\\\/#primaryimage\",\"url\":\"http:\\\/\\\/www.shkoder.net\\\/images\\\/fjala\\\/prec_zogaj.jpg\",\"contentUrl\":\"http:\\\/\\\/www.shkoder.net\\\/images\\\/fjala\\\/prec_zogaj.jpg\"},{\"@type\":\"BreadcrumbList\",\"@id\":\"https:\\\/\\\/fjala.info\\\/2009-2015\\\/me-shume-se-rrezim-i-berishes\\\/#breadcrumb\",\"itemListElement\":[{\"@type\":\"ListItem\",\"position\":1,\"name\":\"Home\",\"item\":\"https:\\\/\\\/fjala.info\\\/2009-2015\\\/\"},{\"@type\":\"ListItem\",\"position\":2,\"name\":\"M\u00eb shum\u00eb se rr\u00ebzim i Berish\u00ebs\"}]},{\"@type\":\"WebSite\",\"@id\":\"https:\\\/\\\/fjala.info\\\/2009-2015\\\/#website\",\"url\":\"https:\\\/\\\/fjala.info\\\/2009-2015\\\/\",\"name\":\"FjALA e LIR\u00cb - Arkivi\",\"description\":\"Arkivi 2009-2015\",\"publisher\":{\"@id\":\"https:\\\/\\\/fjala.info\\\/2009-2015\\\/#organization\"},\"potentialAction\":[{\"@type\":\"SearchAction\",\"target\":{\"@type\":\"EntryPoint\",\"urlTemplate\":\"https:\\\/\\\/fjala.info\\\/2009-2015\\\/?s={search_term_string}\"},\"query-input\":{\"@type\":\"PropertyValueSpecification\",\"valueRequired\":true,\"valueName\":\"search_term_string\"}}],\"inLanguage\":\"sq-AL\"},{\"@type\":\"Organization\",\"@id\":\"https:\\\/\\\/fjala.info\\\/2009-2015\\\/#organization\",\"name\":\"FjALA e LIR\u00cb - Arkivi\",\"url\":\"https:\\\/\\\/fjala.info\\\/2009-2015\\\/\",\"logo\":{\"@type\":\"ImageObject\",\"inLanguage\":\"sq-AL\",\"@id\":\"https:\\\/\\\/fjala.info\\\/2009-2015\\\/#\\\/schema\\\/logo\\\/image\\\/\",\"url\":\"\",\"contentUrl\":\"\",\"caption\":\"FjALA e LIR\u00cb - Arkivi\"},\"image\":{\"@id\":\"https:\\\/\\\/fjala.info\\\/2009-2015\\\/#\\\/schema\\\/logo\\\/image\\\/\"}},{\"@type\":\"Person\",\"@id\":\"https:\\\/\\\/fjala.info\\\/2009-2015\\\/#\\\/schema\\\/person\\\/3aa1163ef05469c496fc94e77611ada2\",\"name\":\"admin\",\"image\":{\"@type\":\"ImageObject\",\"inLanguage\":\"sq-AL\",\"@id\":\"https:\\\/\\\/fjala.info\\\/2009-2015\\\/wp-content\\\/uploads\\\/2012\\\/02\\\/arben_cokaj-120x150.jpg\",\"url\":\"https:\\\/\\\/fjala.info\\\/2009-2015\\\/wp-content\\\/uploads\\\/2012\\\/02\\\/arben_cokaj-120x150.jpg\",\"contentUrl\":\"https:\\\/\\\/fjala.info\\\/2009-2015\\\/wp-content\\\/uploads\\\/2012\\\/02\\\/arben_cokaj-120x150.jpg\",\"caption\":\"admin\"},\"description\":\"Admin, Fjala e Lir\u00eb\",\"sameAs\":[\"https:\\\/\\\/fjala.info\\\/\"],\"url\":\"https:\\\/\\\/fjala.info\\\/2009-2015\\\/author\\\/admin\\\/\"}]}<\/script>\n<!-- \/ Yoast SEO plugin. -->","yoast_head_json":{"title":"M\u00eb shum\u00eb se rr\u00ebzim i Berish\u00ebs - FjALA e LIR\u00cb - Arkivi","robots":{"index":"index","follow":"follow","max-snippet":"max-snippet:-1","max-image-preview":"max-image-preview:large","max-video-preview":"max-video-preview:-1"},"canonical":"https:\/\/fjala.info\/2009-2015\/me-shume-se-rrezim-i-berishes\/","og_locale":"sq_AL","og_type":"article","og_title":"M\u00eb shum\u00eb se rr\u00ebzim i Berish\u00ebs - FjALA e LIR\u00cb - Arkivi","og_description":"Pre\u00e7 Zogaj Deri me sot asnj\u00eb grupim opozitar n\u00eb Shqip\u00ebri nuk i ka fituar zgjedhjet fal\u00eb programit, n\u00eb kuptimin q\u00eb t\u00eb ket\u00eb ndryshuar mendjen e votuesve duke paraqitur zgjidhje me t\u00eb mira. Rrotacioni politik i pushtetit n\u00eb Shqip\u00ebri, tre her\u00eb n\u00eb nj\u00ebzet vjet, ka ndodhur paras\u00ebgjithash p\u00ebr shkak t\u00eb konsumimit deri n\u00eb degradim t\u00eb shumic\u00ebs [&hellip;]","og_url":"https:\/\/fjala.info\/2009-2015\/me-shume-se-rrezim-i-berishes\/","og_site_name":"FjALA e LIR\u00cb - Arkivi","article_published_time":"2011-12-28T06:14:35+00:00","og_image":[{"url":"http:\/\/www.shkoder.net\/images\/fjala\/prec_zogaj.jpg","type":"","width":"","height":""}],"author":"admin","twitter_card":"summary_large_image","twitter_misc":{"Written by":"admin","Est. reading time":"6 minutes"},"schema":{"@context":"https:\/\/schema.org","@graph":[{"@type":"Article","@id":"https:\/\/fjala.info\/2009-2015\/me-shume-se-rrezim-i-berishes\/#article","isPartOf":{"@id":"https:\/\/fjala.info\/2009-2015\/me-shume-se-rrezim-i-berishes\/"},"author":{"name":"admin","@id":"https:\/\/fjala.info\/2009-2015\/#\/schema\/person\/3aa1163ef05469c496fc94e77611ada2"},"headline":"M\u00eb shum\u00eb se rr\u00ebzim i Berish\u00ebs","datePublished":"2011-12-28T06:14:35+00:00","mainEntityOfPage":{"@id":"https:\/\/fjala.info\/2009-2015\/me-shume-se-rrezim-i-berishes\/"},"wordCount":1231,"commentCount":0,"publisher":{"@id":"https:\/\/fjala.info\/2009-2015\/#organization"},"image":{"@id":"https:\/\/fjala.info\/2009-2015\/me-shume-se-rrezim-i-berishes\/#primaryimage"},"thumbnailUrl":"http:\/\/www.shkoder.net\/images\/fjala\/prec_zogaj.jpg","articleSection":["Artikuj"],"inLanguage":"sq-AL","potentialAction":[{"@type":"CommentAction","name":"Comment","target":["https:\/\/fjala.info\/2009-2015\/me-shume-se-rrezim-i-berishes\/#respond"]}]},{"@type":"WebPage","@id":"https:\/\/fjala.info\/2009-2015\/me-shume-se-rrezim-i-berishes\/","url":"https:\/\/fjala.info\/2009-2015\/me-shume-se-rrezim-i-berishes\/","name":"M\u00eb shum\u00eb se rr\u00ebzim i Berish\u00ebs - FjALA e LIR\u00cb - Arkivi","isPartOf":{"@id":"https:\/\/fjala.info\/2009-2015\/#website"},"primaryImageOfPage":{"@id":"https:\/\/fjala.info\/2009-2015\/me-shume-se-rrezim-i-berishes\/#primaryimage"},"image":{"@id":"https:\/\/fjala.info\/2009-2015\/me-shume-se-rrezim-i-berishes\/#primaryimage"},"thumbnailUrl":"http:\/\/www.shkoder.net\/images\/fjala\/prec_zogaj.jpg","datePublished":"2011-12-28T06:14:35+00:00","breadcrumb":{"@id":"https:\/\/fjala.info\/2009-2015\/me-shume-se-rrezim-i-berishes\/#breadcrumb"},"inLanguage":"sq-AL","potentialAction":[{"@type":"ReadAction","target":["https:\/\/fjala.info\/2009-2015\/me-shume-se-rrezim-i-berishes\/"]}]},{"@type":"ImageObject","inLanguage":"sq-AL","@id":"https:\/\/fjala.info\/2009-2015\/me-shume-se-rrezim-i-berishes\/#primaryimage","url":"http:\/\/www.shkoder.net\/images\/fjala\/prec_zogaj.jpg","contentUrl":"http:\/\/www.shkoder.net\/images\/fjala\/prec_zogaj.jpg"},{"@type":"BreadcrumbList","@id":"https:\/\/fjala.info\/2009-2015\/me-shume-se-rrezim-i-berishes\/#breadcrumb","itemListElement":[{"@type":"ListItem","position":1,"name":"Home","item":"https:\/\/fjala.info\/2009-2015\/"},{"@type":"ListItem","position":2,"name":"M\u00eb shum\u00eb se rr\u00ebzim i Berish\u00ebs"}]},{"@type":"WebSite","@id":"https:\/\/fjala.info\/2009-2015\/#website","url":"https:\/\/fjala.info\/2009-2015\/","name":"FjALA e LIR\u00cb - Arkivi","description":"Arkivi 2009-2015","publisher":{"@id":"https:\/\/fjala.info\/2009-2015\/#organization"},"potentialAction":[{"@type":"SearchAction","target":{"@type":"EntryPoint","urlTemplate":"https:\/\/fjala.info\/2009-2015\/?s={search_term_string}"},"query-input":{"@type":"PropertyValueSpecification","valueRequired":true,"valueName":"search_term_string"}}],"inLanguage":"sq-AL"},{"@type":"Organization","@id":"https:\/\/fjala.info\/2009-2015\/#organization","name":"FjALA e LIR\u00cb - Arkivi","url":"https:\/\/fjala.info\/2009-2015\/","logo":{"@type":"ImageObject","inLanguage":"sq-AL","@id":"https:\/\/fjala.info\/2009-2015\/#\/schema\/logo\/image\/","url":"","contentUrl":"","caption":"FjALA e LIR\u00cb - Arkivi"},"image":{"@id":"https:\/\/fjala.info\/2009-2015\/#\/schema\/logo\/image\/"}},{"@type":"Person","@id":"https:\/\/fjala.info\/2009-2015\/#\/schema\/person\/3aa1163ef05469c496fc94e77611ada2","name":"admin","image":{"@type":"ImageObject","inLanguage":"sq-AL","@id":"https:\/\/fjala.info\/2009-2015\/wp-content\/uploads\/2012\/02\/arben_cokaj-120x150.jpg","url":"https:\/\/fjala.info\/2009-2015\/wp-content\/uploads\/2012\/02\/arben_cokaj-120x150.jpg","contentUrl":"https:\/\/fjala.info\/2009-2015\/wp-content\/uploads\/2012\/02\/arben_cokaj-120x150.jpg","caption":"admin"},"description":"Admin, Fjala e Lir\u00eb","sameAs":["https:\/\/fjala.info\/"],"url":"https:\/\/fjala.info\/2009-2015\/author\/admin\/"}]}},"_links":{"self":[{"href":"https:\/\/fjala.info\/2009-2015\/wp-json\/wp\/v2\/posts\/11554","targetHints":{"allow":["GET"]}}],"collection":[{"href":"https:\/\/fjala.info\/2009-2015\/wp-json\/wp\/v2\/posts"}],"about":[{"href":"https:\/\/fjala.info\/2009-2015\/wp-json\/wp\/v2\/types\/post"}],"author":[{"embeddable":true,"href":"https:\/\/fjala.info\/2009-2015\/wp-json\/wp\/v2\/users\/1"}],"replies":[{"embeddable":true,"href":"https:\/\/fjala.info\/2009-2015\/wp-json\/wp\/v2\/comments?post=11554"}],"version-history":[{"count":0,"href":"https:\/\/fjala.info\/2009-2015\/wp-json\/wp\/v2\/posts\/11554\/revisions"}],"wp:attachment":[{"href":"https:\/\/fjala.info\/2009-2015\/wp-json\/wp\/v2\/media?parent=11554"}],"wp:term":[{"taxonomy":"category","embeddable":true,"href":"https:\/\/fjala.info\/2009-2015\/wp-json\/wp\/v2\/categories?post=11554"},{"taxonomy":"post_tag","embeddable":true,"href":"https:\/\/fjala.info\/2009-2015\/wp-json\/wp\/v2\/tags?post=11554"}],"curies":[{"name":"wp","href":"https:\/\/api.w.org\/{rel}","templated":true}]}}