{"id":11553,"date":"2011-12-27T22:32:06","date_gmt":"2011-12-27T21:32:06","guid":{"rendered":"http:\/\/fjala.shkoder.net\/?p=834"},"modified":"2011-12-27T22:32:06","modified_gmt":"2011-12-27T21:32:06","slug":"genocidi-armen-nje-tragjedi-turperisht-e-mohuar-ne-france-konsiderohet-krim","status":"publish","type":"post","link":"https:\/\/fjala.info\/2009-2015\/genocidi-armen-nje-tragjedi-turperisht-e-mohuar-ne-france-konsiderohet-krim\/","title":{"rendered":"Genocidi armen nj\u00eb tragjedi turp\u00ebrisht e mohuar, n\u00eb Franc\u00eb konsiderohet krim"},"content":{"rendered":"<p><img decoding=\"async\" class=\"alignright size-thumbnail wp-image-7236\" title=\"Gjenocidi turk n\u00eb Armeni\" src=\"http:\/\/www.shkoder.net\/images\/fjala\/2011\/gjenocidi_armen.jpg\" alt=\"\" width=\"300\" \/> <strong>Valentin Bru\u00e7aj<\/strong>, <em>27.12.2011<\/em><\/p>\n<p>Vendimit te parlamenti francez, qe votoi ne favor te ligjit qe konsideron krim mohimin e te gjithe genocideve perfshire edhe ate armen, Turqia iu pergjigj me terheqjen e ambasadorit te saj ne France dhe hapjen e nje minikrize diplomatike me Parisin.<\/p>\n<p>Diatriba me Parisin eshte zenka e radhes e Turqise se Erdoganit dhe deshmia se qeveria e tij eshte pozicionuar me afer rregjimit te iranian se demokracive perendimore. Turqia nuk eshte i vetmi vend qe ka kryer genocid ndaj nje etnie tjeter, shume vende perendimore kane ndergjegjen e njollosur me krime te medha, por ne ndryshim me Turqine keto vende kane njohur dhe kerkuar falje per krimet qe kane kryer. Ndoshta eshte pikerisht ky ndryshimi ne mes nje vendi demokratik dhe nje vendi diktatorial.<\/p>\n<p>Genocidi i pare i shekullit te kaluar eshte ai armen, i pari dhe me i harruari ne kujtesen e viteve. Ne te kunderten me genocidet qe do te vijonin me pas qe ne nje fare menyre kane njohur pergjegjes ku ata kane dalur edhe para drejtesise, genocidi armen eshte ende jetim ne pergjegjesi. Pergjegjesit jo vetem qe nuk kane paguar kurre por \u00e7\u2019eshte me e keqja Turqia mohon edhe vete ekzistencen e tije, pamvarsisht nga analet historike qe na e sjellin shume te qarte.<\/p>\n<p>Ne vitin 1876 vjen ne pushtet sulltani Abdul Hamid II, i quajtur \u201csulltani i kuq\u201d apo gjakatar. Vjen ne nje moment mjaft delikat per Perendorine Osmane qe gjendet ne renie te lire ekonomike dhe ne krize te rende hemoragjike. Pas shekujsh shtypjeje shume popuj qe perbeni Perendorin Osmane edhe me ndihmen e disa vendeve europjane filluan te shkeputeshin duke u shpallur vende te pavarura.<\/p>\n<p>Ne te njejten kohe me lufrat qe kishin filluar ne vendet ballkanike si ne Rumani, Bullgari dhe Armeni per shkeputjen nga Perandoria, filluan aksione ushtarake kunder popullsise armene dhe \u201csulltan gjakatari\u201d ishte vete ai personalisht qe urdheroi apo inkurojoi eliminimin total te kesaje minoranze te zhvilluar, te pasur dhe kristiane nga me shume se nje mije vjet. Ne dyvje\u00e7arin 1894-1896 regjimente Kurde te quajtura \u201cHamidie\u201d, te gateshme qe t\u2019i bindeshin urdherave te sulltanatit, ndermoren planin per \u201czgjidhjen\u201d perfundimtare.<\/p>\n<p><img decoding=\"async\" class=\"alignleft size-thumbnail wp-image-7236\" title=\"Gjenocidi turk n\u00eb Armeni\" src=\"http:\/\/www.shkoder.net\/images\/fjala\/2011\/gjenocidi_armen1.jpg\" alt=\"\" width=\"300\" \/>Nje skenar te tille na e ofron misionari gjerman Johannes Lepsius(1858-1926), deshmitar okular: \u201c2.493 fshatera te grabitura dhe shkaterruara; te njejtin fat paten edhe 568 Kisha e 77 manastire; 646 fshatera te konvertuara ne islam; 55 prifterinje te konvertuar me force ne islam; 328 Kisha te trasformuara ne Xhami; 546.000 njerz te detyruar te vuajne urine dhe mjerimin; me shume se 300.000 te vdekur, 50.000 jetim dhe 100.000 refugjat pertej Kaukazit. Armenet konsideroheshin si armiq te brendeshem te Perandorise, si agjent rus qe punonin kunder Perandorise Osmane, ose Kaur, armiq te islamit\u201d.<\/p>\n<p>Ne vitin 1909 vine ne pushtet, duke premtuar nje \u201cTurqi te Re\u201d, barazi dhe vllazeri per te gjithe, \u201cTe Rinjet Turq\u201d te Komitetit per Bashkim dhe Progres\u201d, por qe nuk ishin tjeter perve\u00e7 se nacionalista turq qe vazhduan sistematikisht masakrat mbi popullsine armene.<\/p>\n<p>Me fillimin e Luftes se Pare boterore dhe largimin e inspektoreve europian nga territori turk, drejtuesit e \u201d Komitetit per Bashkim e Progres\u201d, urdheruan \u00e7\u2019armatimin e te gjithe popullsise, nje pretekst qe sherbeu per te armatosur Kurdet dhe Ce\u00e7enet duke i furnizuar me armatimet e sekuestruara te popullsise armene. Ne te njejten kohe krijohet nje strukture qenderore e quajtur \u201cOrganizata Speciale\u201d, qe duhej te koordinonte venien ne jete te masakres. 250.000 ushtare armen dergohen ne \u201cBataljonet e Punes\u201d. Ne nentorin e vitit 1914 deklarohet zyrtarisht \u201cLufta e Shejte\u201d.<\/p>\n<p>Ndersa me 24 prill te vitit 1915 arrestohet e gjithe inteligjenca armene, shkrimtar, politikan, intelektual, gazetar, artiste etj, duke mbyllur Shkolla, Kisha dhe organizata te tjera kulturore. Jo rastesisht persekutimet filluan nga intelektualet, qellimi ishte qe popullit armen t\u2019i pritej koka menduese dhe vepruese. Vetem ne mbremjen e 24 prillit vdesin 600 veta, per te zbuluar me vone zhdukjen e klerit dhe te klases politike armene. Shume te krishtere si Ipeshkvi Ignazio Maloyan, perballohen me vdekjen ne menyre heroike.<\/p>\n<p><img decoding=\"async\" class=\"aligncenter size-thumbnail wp-image-7236\" title=\"Gjenocidi turk n\u00eb Armeni\" src=\"http:\/\/www.shkoder.net\/images\/fjala\/2011\/gjenocidi_armen2.jpg\" alt=\"\" width=\"450\" \/><\/p>\n<p>Ne te gjithe vendin, popullsia turke e thirrur ne \u201cZhihad\u201d kryen dhunime fizike, perdhunime, tortura, thyerje gjymtyresh, poshterime te tjera ndaj popullsise armene. Paradoksalisht jane 250.000 mije ushtaret armen te \u00e7\u2019armatosur qe hapin me duart e tyre varret masive qe dita dites jane vet ata qe vriten dhe varrosen aty brenda. Po ne kyte periudhe nise edhe deportimi i armeneve drejte shkretetirave te Sirise dhe Mesopotamise veriore.<\/p>\n<p>Rreth fundit te vitit 1915 pjesa me e madhe e popullsise armene ka marre rrugen drejt shkretetires siriane Der el Zor, destinacioni i vdekjes se sigurte. 3.000 njerz u deportuan ne shkretetiren siriane, meshkuj mbi moshen 15 vje\u00e7are kalojne nen pushkatimet e grupeve Kurde dhe Ce\u00e7ene, nje pjese tjeter nuk perballon rrugen e gjate dhe te nxehtit e shkretetires. Ata te pakte qe arrijne ne destinacion, lyhen me karburant dhe digjen te gjalle. Turku Xhevdet Bej, i quajtur si, \u201cKasapi i Bashkallit\u201d, vendose ne kembet e viktimave patkonjet qe perdoren per Kuajt. Ne vitin 1916, sipas historianit G. Yeghiavan 1. 500. 000 persona jane zhdukur, vrare, dhe deportuar nga territoret e tyre.<\/p>\n<p>Kush arrin t\u2019i shpetoje Zhihadit turk-kurd-\u00e7e\u00e7en shpergulet ne Armenine lindore ku kontrollohet nga ruset. Por revolicioni bolshevik nuk eshte ndihme per armenet e ikur, dhe pas grushtit te shtetit leninist ata u gjendet mes dy zjarreve.<\/p>\n<p>Fundi i luftes, kapitullimi i Perandorise Osmane dhe Traktati i Sevres te vitit 1920 bene te mundur krijimin e Shtet armen. Fuqite qe vendosen krijimin e shtetit armen akuzuan Turqine per krime kunder humanitetit. Atehere \u201cTe Rinjet Turq\u201d vendosen te legalizonin \u201ctrasferimin e perkoheshem\u201d si\u00e7 e quanin ata deportimin e armeneve, duke i akuzuar si armiq te shtetit turk. Te gjitha pasurite e te deportuareve sekuestrohen nga ana e shtetit, dhe \u00e7\u2019do dhune fizike dhe verbale ishte e lejueshme qe te ushtrohej kunder grave dhe femijeve armen.<\/p>\n<p>Marshimi drejt qytetit Alepo(ku behen seleksionimet e te deportuareve ne shkretetire) shoqerohet me burra te varur neper shtyllat e telegrafit dhe peme, kufoma te hedhura anash rruges njera mbi tjetren, dhe femije te hedhur ne ujera te thedha qe shenderrohen ne tabela qitese per pushkataret turq. Deportimi shoqerohej edhe me mosushqimin total te viktimave qe ne shume raste shnderroheshin edhe ne objekt violence nga \u201cgjahtare\u201d te vertete te paguar nga qeveria turke. Shpetimi i vetem per keta njerz ishte te konvertoheshin ne islam.<\/p>\n<p>Nje zyrtar fare i ri turk me emrin Mustafa Qemak Ataturku, Babai i Turqise, sapo erdhi ne pushtet vendosi te fshije nje here e mire prezencen armene ne vend: bile e deklaroi publikisht me 23 prill 1919. Pas vrasjes se me shume se 400.000 armeneve, qe vetem nderhyrja e Rusise sovjetike qe kishte filluar te pushtonte territore ne kaukazin jugperendimor, qe nderpreu spastrimin e plote te popullsise armene nga ana e qeverise se Ataturkut. Popullsia armene qe i mbijetoi genocidit emigroi ne Cili\u00e7a(ku edhe aty u shfarosen nga trupat qemaliste) ne Siri dhe Liban. Menyrat vrasese jane nga me te tmershmet, vagona te mbushur me gra dhe femije mbuloheshin me qymyr dhe u jepej flaka.<\/p>\n<p>Masakra e fundit ndodh ne vitin 1922: ne Smirne masakrohen grek dhe armen. Sipas historianit G. Jegiavan: \u201cPjesa me e madhe e genocidit u pergadit dhe u zbatua nga sulltan Abdul Hamid II dhe Te Rinjet Turq, por ishte Ataturku qe e \u00e7oi deri ne fund, duke sekuestruar te gjitha pasurite personale te kombesise armene\u201d. Ndersa historiani tjeter T. Koguc vlerson se, \u201cpo te bejme nje llogari kompleksive te viktimave te genocidit armen, rezultojne te pakten 2 milion persona\u201d, pamvarsisht se shifrat luhaten sipas historianeve te ndryshem, sidoqofte ajo qe spikat me shume eshte se kemi pasur nje sterminim pothuajse komplet te kombesise armene.<\/p>\n<p>E ve\u00e7anta e genocidit armen qe e ben te ndryshem nga te gjitha tragjedite e tjera, eshte se ai ndahet ne dy pjese. Pjesa e pare fillon ne shekullin e XIX gjate Perendorise Osmane, dhe pjesa e dyte perfundonne shekullin e XX gjate qeverise \u201cdemokratike\u201d te Ataturkut, por qe ka nje emerues te perbashket, \u201cshfarosjen ne mase te popullsise armene\u201d.<\/p>\n<p>Pergjegjesite politike te genocidit jane stabilizuar ne Konferencen e paqes te Parisit te vitit 1920, duke bashkefajesuar: sulltanin Abdul Hamid II; Komitetin per Bashkim dhe Progres te perbere nga Talaat(minister i brendeshem dhe pergjegjes juridik, duke qene ai drejteperdrejte qe kishte dhene urdhera nepermjet telegrafit apo direkt ne terren), Xhemal Enver ministri i luftes; dhe sefundi Qemal Ataturkun. Ne vitin 1919 pergjegjesit kryesor te kesaje masakre humane u denuan ne mungese nga nje gjykate per faktin se te gjithe kishin emigruar ne Gjermani.<\/p>\n<p>Ajo qe eshte me e keqja, genocidi armen as ne ditet e sotme nuk eshte njohur dhe pranuar nga qeveria turke, qe ne te kaluaren investoi shuma te medha parashe per te korruptuar historian te ndryshem qe te mohojne ekzistencen e kesaje tragjedie. Ne vitin 1927 Turqia miratoi ligjin qe ndalonte hyrjen e armeneve ne territorin turk. Ndersa ministri i arsimit organizonte seminare per indoktrinimin e profesoreve dhe studenteve per te argumentuar \u201cTrasferimin e Perkoheshem\u201d si nje mbrojtje te shtetit turk nga agjentet rus te kombesise armene. Shteti turk edhe ne ditet e sotme i gjendur ne veshtirsi perballe nje numeri kaq te madhe viktimash, tenton te reduktoje tragjedine ne aksidente singolare duke konsideruar genocidin mbrojtje nga rreziku armen. Nje gje e tille duhet kujtuar per te gjithe ata qe predikojne per hyrjen e Turqise ne Bashkimin Europian.<\/p>\n<p>Ne librin Historia e Racizmit ne Europe te historianit G. Mosse, thuhet se\u201dgenocidi kishte si qellim deportimin e popullsise armene ne shkretetiren siriane dhe vrasjen sa me te madhe te tyre\u201d. Ashtu si Shoha, \u201cqe nje operacion i ralizuar gjate luftes me qellime te qarta per te liruar nje here e mire Turqine nga nje minorance popullsie me kulture dhe besim fetar te ndryshem nga popullsia turke\u201d, i ngjashem me qellimin hitlerian per te zhdukur pakicat hebraike nga Gjermania dhe Europa. Analogjia me e qarte mes dy genocideve eshte deportimi i viktimave; ai hebraik neper vagonet e kafeshve, ndersa ai armen me ecje te detyrueshme.<\/p>\n<p>Te dy keto genocide kane qene te orkestruara dhe kordinuara nga komisione qentrore, por nese ne genocidin nazist elementi rracore ishte qendrore dhe dominiues, ne ate armen ekziston nje rrugedalje, konvertimi ne islam ishte nje menyre per te mbijetuar. Kjo vlen per te gjithe ata shqiptar qe shpesh here edhe me vetedije shprehen se islami tek shqiptaret nuk eshte tresmetuar nepermjet forces. Nese ne genocidin nazist burrokracia, teknika dhe modernizimi u perdoren me nje efikacitet te plote, ne genocidin armen masakra kryeshin me rite animaleske.<\/p>\n<p>Ngjashmeria e fundit dhe me e llahtarshme me genocidin nazist jane eksperimentet mbi trupin e njeriut. Nese hebrenjet ne kampet naziste ishin shenderruar ne objekte te fanatikut Himmler, per te provuar sa mund te rezistoje nje njeri pa uje dhe ushqim, sa mund te rezistoje nje trup human ne te ftohte apo per te provuar drogera te ndryshme, ne genocidin e armeneve qeveria turke urdheroi Hamid Suat (doktori i bateriologjise turke) per te eksperimentuar mbi trupat armen rezistencen ndaj viruseve te ndryshme si Tifoja apo Malarja.<\/p>\n<p>Turqia nuk eshte i vetmi komb qe ka ushtruar dhune dhe genocid mbi pakicat etniko-fetare dhe nuk eshte i vetmi komb qe duhet shikoje prapa ne histori e turperuar, por nese kombet e tjera e kane gjetur kurajon qe t\u2019i kerkojne te falur njerzimit dhe mbi te gjitha viktimave te tyre, Turqia me nje arrogance te papare vazhdon te poshteroje akoma me shume nje komb te tere duke mohuar nje nder tragjedite me te medha te historise. Pas Parlamentit Europjan, dhe Kongresit Amerikan qe kane njohur historikisht genocidin armen duke e konsideruar nje nder tragjedite me te dhimbeshme te historise se njerzimit, Franca shkoi akoma me tutje, duke e konsideruar krim mohimin e tij. Mohimi i nje tragjedie kaq te madhe nuk eshte thjeshte mohim i se vertetes por vrasje per here te dyte e viktimave<\/p>\n<p>Nga revista Drini<br \/>\nwww.revistadrini.com<\/p>\n","protected":false},"excerpt":{"rendered":"<p>Valentin Bru\u00e7aj, 27.12.2011 Vendimit te parlamenti francez, qe votoi ne favor te ligjit qe konsideron krim mohimin e te gjithe genocideve perfshire edhe ate armen, Turqia iu pergjigj me terheqjen e ambasadorit te saj ne France dhe hapjen e nje minikrize diplomatike me Parisin. Diatriba me Parisin eshte zenka e radhes e Turqise se Erdoganit [&hellip;]<\/p>\n","protected":false},"author":1,"featured_media":0,"comment_status":"open","ping_status":"closed","sticky":false,"template":"","format":"standard","meta":{"footnotes":""},"categories":[2],"tags":[],"class_list":{"0":"post-11553","1":"post","2":"type-post","3":"status-publish","4":"format-standard","6":"category-artikuj"},"yoast_head":"<!-- This site is optimized with the Yoast SEO plugin v27.4 - https:\/\/yoast.com\/product\/yoast-seo-wordpress\/ -->\n<title>Genocidi armen nj\u00eb tragjedi turp\u00ebrisht e mohuar, n\u00eb Franc\u00eb konsiderohet krim - FjALA e LIR\u00cb - Arkivi<\/title>\n<meta name=\"robots\" content=\"index, follow, max-snippet:-1, max-image-preview:large, max-video-preview:-1\" \/>\n<link rel=\"canonical\" href=\"https:\/\/fjala.info\/2009-2015\/genocidi-armen-nje-tragjedi-turperisht-e-mohuar-ne-france-konsiderohet-krim\/\" \/>\n<meta property=\"og:locale\" content=\"sq_AL\" \/>\n<meta property=\"og:type\" content=\"article\" \/>\n<meta property=\"og:title\" content=\"Genocidi armen nj\u00eb tragjedi turp\u00ebrisht e mohuar, n\u00eb Franc\u00eb konsiderohet krim - FjALA e LIR\u00cb - Arkivi\" \/>\n<meta property=\"og:description\" content=\"Valentin Bru\u00e7aj, 27.12.2011 Vendimit te parlamenti francez, qe votoi ne favor te ligjit qe konsideron krim mohimin e te gjithe genocideve perfshire edhe ate armen, Turqia iu pergjigj me terheqjen e ambasadorit te saj ne France dhe hapjen e nje minikrize diplomatike me Parisin. Diatriba me Parisin eshte zenka e radhes e Turqise se Erdoganit [&hellip;]\" \/>\n<meta property=\"og:url\" content=\"https:\/\/fjala.info\/2009-2015\/genocidi-armen-nje-tragjedi-turperisht-e-mohuar-ne-france-konsiderohet-krim\/\" \/>\n<meta property=\"og:site_name\" content=\"FjALA e LIR\u00cb - Arkivi\" \/>\n<meta property=\"article:published_time\" content=\"2011-12-27T21:32:06+00:00\" \/>\n<meta property=\"og:image\" content=\"http:\/\/www.shkoder.net\/images\/fjala\/2011\/gjenocidi_armen.jpg\" \/>\n<meta name=\"author\" content=\"admin\" \/>\n<meta name=\"twitter:card\" content=\"summary_large_image\" \/>\n<meta name=\"twitter:label1\" content=\"Written by\" \/>\n\t<meta name=\"twitter:data1\" content=\"admin\" \/>\n\t<meta name=\"twitter:label2\" content=\"Est. reading time\" \/>\n\t<meta name=\"twitter:data2\" content=\"10 minutes\" \/>\n<script type=\"application\/ld+json\" class=\"yoast-schema-graph\">{\"@context\":\"https:\\\/\\\/schema.org\",\"@graph\":[{\"@type\":\"Article\",\"@id\":\"https:\\\/\\\/fjala.info\\\/2009-2015\\\/genocidi-armen-nje-tragjedi-turperisht-e-mohuar-ne-france-konsiderohet-krim\\\/#article\",\"isPartOf\":{\"@id\":\"https:\\\/\\\/fjala.info\\\/2009-2015\\\/genocidi-armen-nje-tragjedi-turperisht-e-mohuar-ne-france-konsiderohet-krim\\\/\"},\"author\":{\"name\":\"admin\",\"@id\":\"https:\\\/\\\/fjala.info\\\/2009-2015\\\/#\\\/schema\\\/person\\\/3aa1163ef05469c496fc94e77611ada2\"},\"headline\":\"Genocidi armen nj\u00eb tragjedi turp\u00ebrisht e mohuar, n\u00eb Franc\u00eb konsiderohet krim\",\"datePublished\":\"2011-12-27T21:32:06+00:00\",\"mainEntityOfPage\":{\"@id\":\"https:\\\/\\\/fjala.info\\\/2009-2015\\\/genocidi-armen-nje-tragjedi-turperisht-e-mohuar-ne-france-konsiderohet-krim\\\/\"},\"wordCount\":1951,\"commentCount\":0,\"publisher\":{\"@id\":\"https:\\\/\\\/fjala.info\\\/2009-2015\\\/#organization\"},\"image\":{\"@id\":\"https:\\\/\\\/fjala.info\\\/2009-2015\\\/genocidi-armen-nje-tragjedi-turperisht-e-mohuar-ne-france-konsiderohet-krim\\\/#primaryimage\"},\"thumbnailUrl\":\"http:\\\/\\\/www.shkoder.net\\\/images\\\/fjala\\\/2011\\\/gjenocidi_armen.jpg\",\"articleSection\":[\"Artikuj\"],\"inLanguage\":\"sq-AL\",\"potentialAction\":[{\"@type\":\"CommentAction\",\"name\":\"Comment\",\"target\":[\"https:\\\/\\\/fjala.info\\\/2009-2015\\\/genocidi-armen-nje-tragjedi-turperisht-e-mohuar-ne-france-konsiderohet-krim\\\/#respond\"]}]},{\"@type\":\"WebPage\",\"@id\":\"https:\\\/\\\/fjala.info\\\/2009-2015\\\/genocidi-armen-nje-tragjedi-turperisht-e-mohuar-ne-france-konsiderohet-krim\\\/\",\"url\":\"https:\\\/\\\/fjala.info\\\/2009-2015\\\/genocidi-armen-nje-tragjedi-turperisht-e-mohuar-ne-france-konsiderohet-krim\\\/\",\"name\":\"Genocidi armen nj\u00eb tragjedi turp\u00ebrisht e mohuar, n\u00eb Franc\u00eb konsiderohet krim - FjALA e LIR\u00cb - Arkivi\",\"isPartOf\":{\"@id\":\"https:\\\/\\\/fjala.info\\\/2009-2015\\\/#website\"},\"primaryImageOfPage\":{\"@id\":\"https:\\\/\\\/fjala.info\\\/2009-2015\\\/genocidi-armen-nje-tragjedi-turperisht-e-mohuar-ne-france-konsiderohet-krim\\\/#primaryimage\"},\"image\":{\"@id\":\"https:\\\/\\\/fjala.info\\\/2009-2015\\\/genocidi-armen-nje-tragjedi-turperisht-e-mohuar-ne-france-konsiderohet-krim\\\/#primaryimage\"},\"thumbnailUrl\":\"http:\\\/\\\/www.shkoder.net\\\/images\\\/fjala\\\/2011\\\/gjenocidi_armen.jpg\",\"datePublished\":\"2011-12-27T21:32:06+00:00\",\"breadcrumb\":{\"@id\":\"https:\\\/\\\/fjala.info\\\/2009-2015\\\/genocidi-armen-nje-tragjedi-turperisht-e-mohuar-ne-france-konsiderohet-krim\\\/#breadcrumb\"},\"inLanguage\":\"sq-AL\",\"potentialAction\":[{\"@type\":\"ReadAction\",\"target\":[\"https:\\\/\\\/fjala.info\\\/2009-2015\\\/genocidi-armen-nje-tragjedi-turperisht-e-mohuar-ne-france-konsiderohet-krim\\\/\"]}]},{\"@type\":\"ImageObject\",\"inLanguage\":\"sq-AL\",\"@id\":\"https:\\\/\\\/fjala.info\\\/2009-2015\\\/genocidi-armen-nje-tragjedi-turperisht-e-mohuar-ne-france-konsiderohet-krim\\\/#primaryimage\",\"url\":\"http:\\\/\\\/www.shkoder.net\\\/images\\\/fjala\\\/2011\\\/gjenocidi_armen.jpg\",\"contentUrl\":\"http:\\\/\\\/www.shkoder.net\\\/images\\\/fjala\\\/2011\\\/gjenocidi_armen.jpg\"},{\"@type\":\"BreadcrumbList\",\"@id\":\"https:\\\/\\\/fjala.info\\\/2009-2015\\\/genocidi-armen-nje-tragjedi-turperisht-e-mohuar-ne-france-konsiderohet-krim\\\/#breadcrumb\",\"itemListElement\":[{\"@type\":\"ListItem\",\"position\":1,\"name\":\"Home\",\"item\":\"https:\\\/\\\/fjala.info\\\/2009-2015\\\/\"},{\"@type\":\"ListItem\",\"position\":2,\"name\":\"Genocidi armen nj\u00eb tragjedi turp\u00ebrisht e mohuar, n\u00eb Franc\u00eb konsiderohet krim\"}]},{\"@type\":\"WebSite\",\"@id\":\"https:\\\/\\\/fjala.info\\\/2009-2015\\\/#website\",\"url\":\"https:\\\/\\\/fjala.info\\\/2009-2015\\\/\",\"name\":\"FjALA e LIR\u00cb - Arkivi\",\"description\":\"Arkivi 2009-2015\",\"publisher\":{\"@id\":\"https:\\\/\\\/fjala.info\\\/2009-2015\\\/#organization\"},\"potentialAction\":[{\"@type\":\"SearchAction\",\"target\":{\"@type\":\"EntryPoint\",\"urlTemplate\":\"https:\\\/\\\/fjala.info\\\/2009-2015\\\/?s={search_term_string}\"},\"query-input\":{\"@type\":\"PropertyValueSpecification\",\"valueRequired\":true,\"valueName\":\"search_term_string\"}}],\"inLanguage\":\"sq-AL\"},{\"@type\":\"Organization\",\"@id\":\"https:\\\/\\\/fjala.info\\\/2009-2015\\\/#organization\",\"name\":\"FjALA e LIR\u00cb - Arkivi\",\"url\":\"https:\\\/\\\/fjala.info\\\/2009-2015\\\/\",\"logo\":{\"@type\":\"ImageObject\",\"inLanguage\":\"sq-AL\",\"@id\":\"https:\\\/\\\/fjala.info\\\/2009-2015\\\/#\\\/schema\\\/logo\\\/image\\\/\",\"url\":\"\",\"contentUrl\":\"\",\"caption\":\"FjALA e LIR\u00cb - Arkivi\"},\"image\":{\"@id\":\"https:\\\/\\\/fjala.info\\\/2009-2015\\\/#\\\/schema\\\/logo\\\/image\\\/\"}},{\"@type\":\"Person\",\"@id\":\"https:\\\/\\\/fjala.info\\\/2009-2015\\\/#\\\/schema\\\/person\\\/3aa1163ef05469c496fc94e77611ada2\",\"name\":\"admin\",\"image\":{\"@type\":\"ImageObject\",\"inLanguage\":\"sq-AL\",\"@id\":\"https:\\\/\\\/fjala.info\\\/2009-2015\\\/wp-content\\\/uploads\\\/2012\\\/02\\\/arben_cokaj-120x150.jpg\",\"url\":\"https:\\\/\\\/fjala.info\\\/2009-2015\\\/wp-content\\\/uploads\\\/2012\\\/02\\\/arben_cokaj-120x150.jpg\",\"contentUrl\":\"https:\\\/\\\/fjala.info\\\/2009-2015\\\/wp-content\\\/uploads\\\/2012\\\/02\\\/arben_cokaj-120x150.jpg\",\"caption\":\"admin\"},\"description\":\"Admin, Fjala e Lir\u00eb\",\"sameAs\":[\"https:\\\/\\\/fjala.info\\\/\"],\"url\":\"https:\\\/\\\/fjala.info\\\/2009-2015\\\/author\\\/admin\\\/\"}]}<\/script>\n<!-- \/ Yoast SEO plugin. -->","yoast_head_json":{"title":"Genocidi armen nj\u00eb tragjedi turp\u00ebrisht e mohuar, n\u00eb Franc\u00eb konsiderohet krim - FjALA e LIR\u00cb - Arkivi","robots":{"index":"index","follow":"follow","max-snippet":"max-snippet:-1","max-image-preview":"max-image-preview:large","max-video-preview":"max-video-preview:-1"},"canonical":"https:\/\/fjala.info\/2009-2015\/genocidi-armen-nje-tragjedi-turperisht-e-mohuar-ne-france-konsiderohet-krim\/","og_locale":"sq_AL","og_type":"article","og_title":"Genocidi armen nj\u00eb tragjedi turp\u00ebrisht e mohuar, n\u00eb Franc\u00eb konsiderohet krim - FjALA e LIR\u00cb - Arkivi","og_description":"Valentin Bru\u00e7aj, 27.12.2011 Vendimit te parlamenti francez, qe votoi ne favor te ligjit qe konsideron krim mohimin e te gjithe genocideve perfshire edhe ate armen, Turqia iu pergjigj me terheqjen e ambasadorit te saj ne France dhe hapjen e nje minikrize diplomatike me Parisin. Diatriba me Parisin eshte zenka e radhes e Turqise se Erdoganit [&hellip;]","og_url":"https:\/\/fjala.info\/2009-2015\/genocidi-armen-nje-tragjedi-turperisht-e-mohuar-ne-france-konsiderohet-krim\/","og_site_name":"FjALA e LIR\u00cb - Arkivi","article_published_time":"2011-12-27T21:32:06+00:00","og_image":[{"url":"http:\/\/www.shkoder.net\/images\/fjala\/2011\/gjenocidi_armen.jpg","type":"","width":"","height":""}],"author":"admin","twitter_card":"summary_large_image","twitter_misc":{"Written by":"admin","Est. reading time":"10 minutes"},"schema":{"@context":"https:\/\/schema.org","@graph":[{"@type":"Article","@id":"https:\/\/fjala.info\/2009-2015\/genocidi-armen-nje-tragjedi-turperisht-e-mohuar-ne-france-konsiderohet-krim\/#article","isPartOf":{"@id":"https:\/\/fjala.info\/2009-2015\/genocidi-armen-nje-tragjedi-turperisht-e-mohuar-ne-france-konsiderohet-krim\/"},"author":{"name":"admin","@id":"https:\/\/fjala.info\/2009-2015\/#\/schema\/person\/3aa1163ef05469c496fc94e77611ada2"},"headline":"Genocidi armen nj\u00eb tragjedi turp\u00ebrisht e mohuar, n\u00eb Franc\u00eb konsiderohet krim","datePublished":"2011-12-27T21:32:06+00:00","mainEntityOfPage":{"@id":"https:\/\/fjala.info\/2009-2015\/genocidi-armen-nje-tragjedi-turperisht-e-mohuar-ne-france-konsiderohet-krim\/"},"wordCount":1951,"commentCount":0,"publisher":{"@id":"https:\/\/fjala.info\/2009-2015\/#organization"},"image":{"@id":"https:\/\/fjala.info\/2009-2015\/genocidi-armen-nje-tragjedi-turperisht-e-mohuar-ne-france-konsiderohet-krim\/#primaryimage"},"thumbnailUrl":"http:\/\/www.shkoder.net\/images\/fjala\/2011\/gjenocidi_armen.jpg","articleSection":["Artikuj"],"inLanguage":"sq-AL","potentialAction":[{"@type":"CommentAction","name":"Comment","target":["https:\/\/fjala.info\/2009-2015\/genocidi-armen-nje-tragjedi-turperisht-e-mohuar-ne-france-konsiderohet-krim\/#respond"]}]},{"@type":"WebPage","@id":"https:\/\/fjala.info\/2009-2015\/genocidi-armen-nje-tragjedi-turperisht-e-mohuar-ne-france-konsiderohet-krim\/","url":"https:\/\/fjala.info\/2009-2015\/genocidi-armen-nje-tragjedi-turperisht-e-mohuar-ne-france-konsiderohet-krim\/","name":"Genocidi armen nj\u00eb tragjedi turp\u00ebrisht e mohuar, n\u00eb Franc\u00eb konsiderohet krim - FjALA e LIR\u00cb - Arkivi","isPartOf":{"@id":"https:\/\/fjala.info\/2009-2015\/#website"},"primaryImageOfPage":{"@id":"https:\/\/fjala.info\/2009-2015\/genocidi-armen-nje-tragjedi-turperisht-e-mohuar-ne-france-konsiderohet-krim\/#primaryimage"},"image":{"@id":"https:\/\/fjala.info\/2009-2015\/genocidi-armen-nje-tragjedi-turperisht-e-mohuar-ne-france-konsiderohet-krim\/#primaryimage"},"thumbnailUrl":"http:\/\/www.shkoder.net\/images\/fjala\/2011\/gjenocidi_armen.jpg","datePublished":"2011-12-27T21:32:06+00:00","breadcrumb":{"@id":"https:\/\/fjala.info\/2009-2015\/genocidi-armen-nje-tragjedi-turperisht-e-mohuar-ne-france-konsiderohet-krim\/#breadcrumb"},"inLanguage":"sq-AL","potentialAction":[{"@type":"ReadAction","target":["https:\/\/fjala.info\/2009-2015\/genocidi-armen-nje-tragjedi-turperisht-e-mohuar-ne-france-konsiderohet-krim\/"]}]},{"@type":"ImageObject","inLanguage":"sq-AL","@id":"https:\/\/fjala.info\/2009-2015\/genocidi-armen-nje-tragjedi-turperisht-e-mohuar-ne-france-konsiderohet-krim\/#primaryimage","url":"http:\/\/www.shkoder.net\/images\/fjala\/2011\/gjenocidi_armen.jpg","contentUrl":"http:\/\/www.shkoder.net\/images\/fjala\/2011\/gjenocidi_armen.jpg"},{"@type":"BreadcrumbList","@id":"https:\/\/fjala.info\/2009-2015\/genocidi-armen-nje-tragjedi-turperisht-e-mohuar-ne-france-konsiderohet-krim\/#breadcrumb","itemListElement":[{"@type":"ListItem","position":1,"name":"Home","item":"https:\/\/fjala.info\/2009-2015\/"},{"@type":"ListItem","position":2,"name":"Genocidi armen nj\u00eb tragjedi turp\u00ebrisht e mohuar, n\u00eb Franc\u00eb konsiderohet krim"}]},{"@type":"WebSite","@id":"https:\/\/fjala.info\/2009-2015\/#website","url":"https:\/\/fjala.info\/2009-2015\/","name":"FjALA e LIR\u00cb - Arkivi","description":"Arkivi 2009-2015","publisher":{"@id":"https:\/\/fjala.info\/2009-2015\/#organization"},"potentialAction":[{"@type":"SearchAction","target":{"@type":"EntryPoint","urlTemplate":"https:\/\/fjala.info\/2009-2015\/?s={search_term_string}"},"query-input":{"@type":"PropertyValueSpecification","valueRequired":true,"valueName":"search_term_string"}}],"inLanguage":"sq-AL"},{"@type":"Organization","@id":"https:\/\/fjala.info\/2009-2015\/#organization","name":"FjALA e LIR\u00cb - Arkivi","url":"https:\/\/fjala.info\/2009-2015\/","logo":{"@type":"ImageObject","inLanguage":"sq-AL","@id":"https:\/\/fjala.info\/2009-2015\/#\/schema\/logo\/image\/","url":"","contentUrl":"","caption":"FjALA e LIR\u00cb - Arkivi"},"image":{"@id":"https:\/\/fjala.info\/2009-2015\/#\/schema\/logo\/image\/"}},{"@type":"Person","@id":"https:\/\/fjala.info\/2009-2015\/#\/schema\/person\/3aa1163ef05469c496fc94e77611ada2","name":"admin","image":{"@type":"ImageObject","inLanguage":"sq-AL","@id":"https:\/\/fjala.info\/2009-2015\/wp-content\/uploads\/2012\/02\/arben_cokaj-120x150.jpg","url":"https:\/\/fjala.info\/2009-2015\/wp-content\/uploads\/2012\/02\/arben_cokaj-120x150.jpg","contentUrl":"https:\/\/fjala.info\/2009-2015\/wp-content\/uploads\/2012\/02\/arben_cokaj-120x150.jpg","caption":"admin"},"description":"Admin, Fjala e Lir\u00eb","sameAs":["https:\/\/fjala.info\/"],"url":"https:\/\/fjala.info\/2009-2015\/author\/admin\/"}]}},"_links":{"self":[{"href":"https:\/\/fjala.info\/2009-2015\/wp-json\/wp\/v2\/posts\/11553","targetHints":{"allow":["GET"]}}],"collection":[{"href":"https:\/\/fjala.info\/2009-2015\/wp-json\/wp\/v2\/posts"}],"about":[{"href":"https:\/\/fjala.info\/2009-2015\/wp-json\/wp\/v2\/types\/post"}],"author":[{"embeddable":true,"href":"https:\/\/fjala.info\/2009-2015\/wp-json\/wp\/v2\/users\/1"}],"replies":[{"embeddable":true,"href":"https:\/\/fjala.info\/2009-2015\/wp-json\/wp\/v2\/comments?post=11553"}],"version-history":[{"count":0,"href":"https:\/\/fjala.info\/2009-2015\/wp-json\/wp\/v2\/posts\/11553\/revisions"}],"wp:attachment":[{"href":"https:\/\/fjala.info\/2009-2015\/wp-json\/wp\/v2\/media?parent=11553"}],"wp:term":[{"taxonomy":"category","embeddable":true,"href":"https:\/\/fjala.info\/2009-2015\/wp-json\/wp\/v2\/categories?post=11553"},{"taxonomy":"post_tag","embeddable":true,"href":"https:\/\/fjala.info\/2009-2015\/wp-json\/wp\/v2\/tags?post=11553"}],"curies":[{"name":"wp","href":"https:\/\/api.w.org\/{rel}","templated":true}]}}