{"id":11552,"date":"2011-12-27T10:36:40","date_gmt":"2011-12-27T09:36:40","guid":{"rendered":"http:\/\/fjala.shkoder.net\/?p=829"},"modified":"2011-12-27T10:36:40","modified_gmt":"2011-12-27T09:36:40","slug":"kush-dhe-pse-e-denigrojne-ded-gjo-lulin-2","status":"publish","type":"post","link":"https:\/\/fjala.info\/2009-2015\/kush-dhe-pse-e-denigrojne-ded-gjo-lulin-2\/","title":{"rendered":"KUSH DHE PSE E DENIGROJNE DED GJO LULIN?"},"content":{"rendered":"<p><img decoding=\"async\" class=\"alignright size-thumbnail wp-image-7236\" title=\"Ded Gjo' Luli\" src=\"http:\/\/www.shkoder.net\/images\/shkodra\/ded_gjo_luli.gif\" alt=\"\" width=\"300\" \/> Nga <strong>Kolec TRABOINI<\/strong>, <em>21 Dhjetor 2011<\/em><\/p>\n<p>Z. President, z. Kryeminist\u00ebr, z. Kryetar i Bashkis\u00eb s\u00eb Tiran\u00ebs, l\u00ebreni p\u00ebr nj\u00eb \u00e7ast politik\u00ebn e p\u00ebrgjigjuni k\u00ebsaj pyetje: Kur do t\u00eb vihet busti i Ded Gjo Lulit n\u00eb rrug\u00ebn q\u00eb mban emrin e tij, n\u00eb qend\u00ebr t\u00eb Tiran\u00ebs prapa Muzeut Historik Komb\u00ebtar? T\u00eb atij Ded Gjo Luli q\u00eb nuk luftoi p\u00ebr vete dhe nuk e mori lirin\u00eb n\u00eb varr, por e la k\u00ebtu p\u00ebr Shqip\u00ebrin\u00eb e shqiptar\u00ebt, p\u00ebr brezat q\u00eb vijn\u00eb bashk\u00eb me m\u00ebsimin e madh q\u00eb p\u00ebr lirin\u00eb ia vlen \u00e7do sakrific\u00eb. \u00cbsht\u00eb fjala p\u00ebr bustin e i atij kreshniku q\u00eb nj\u00eb shekull m\u00eb par\u00eb, ju priu mal\u00ebsor\u00ebve n\u00eb beteja t\u00eb p\u00ebrgjakura p\u00ebr liri, t\u00eb cilat e kthyen Hotin e Mal\u00ebsin\u00eb e Madhe n\u00eb Termopilet Shqiptare.<\/p>\n<p>Demokracia na solli m\u00eb mira, por edhe ndonj\u00eb e keqe gjen vend e nxjerr krye. Si fije bari q\u00eb k\u00ebrkojn\u00eb t\u00eb \u00e7ajn\u00eb shk\u00ebmbin. Kan\u00eb dal\u00eb ca tipa q\u00eb k\u00ebrkojn\u00eb t\u00eb fillojn\u00eb \u201cIntifad\u00ebn\u201d n\u00eb mes t\u00eb shqiptar\u00ebve m\u00eb shqiptar\u00eb. Dhe n\u00eb k\u00ebt\u00eb program \u00ebsht\u00eb dhe shkat\u00ebrrimi i \u00e7do lloj kujtese popullore q\u00eb ka t\u00eb b\u00ebj\u00eb me figurat komb\u00ebtare n\u00eb rezistenc\u00eb kund\u00ebr pushtimit otoman. Ded Gjo Luli \u00ebsht\u00eb njeri nga ata q\u00eb po denigrohet m\u00eb shum\u00eb se kushdo e n\u00eb m\u00ebnyr\u00ebn m\u00eb mizore.<\/p>\n<p>T\u00eb jap\u00ebsh jet\u00ebn p\u00ebr k\u00ebt\u00eb vend e ket\u00eb popull e t\u00eb t\u00eb quajn\u00eb tradhtar e spiun kjo nuk ka vend ku t\u00eb rrij\u00eb. Nj\u00eb prej argumenteve q\u00eb ata sjellin n\u00eb denigrimin e Ded Gjo Lulit \u00ebsht\u00eb se ky e krer\u00ebt e Mal\u00ebsis\u00eb kan\u00eb bashk\u00ebpunuar n\u00eb vitin 1911 me Malin e Zi kund\u00ebr Perandoris\u00eb Osmane. Mir\u00ebpo k\u00ebta sulmues qorra a Don Kishot\u00eb t\u00eb koh\u00ebs son\u00eb harrojn\u00eb at\u00eb \u00e7far\u00eb na m\u00ebson historia se kokat e men\u00e7ura din\u00eb t\u00eb zgjedhin aleat\u00eb t\u00eb p\u00ebrkohsh\u00ebm p\u00ebr arritjen e q\u00ebllimeve komb\u00ebtare.<\/p>\n<p>Ded Gjo Luli p\u00ebrball\u00eb nj\u00eb ushtrie, q\u00eb mund t\u00eb konsiderohej m\u00eb e madhja n\u00eb Europ\u00eb, se ishte perandori turke, n\u00eb kushtet kur Hoti do t\u00eb digjej e shkretohej, nuk kishte alternativ\u00eb tjet\u00ebr ve\u00e7 t\u00eb largonte gra e f\u00ebmij\u00eb n\u00eb shtetin fqinj e t\u00eb lypte streh\u00eb t\u00eb p\u00ebrkohshme, nd\u00ebrsa burrat t\u00eb gjith\u00eb q\u00ebndruan e luftuan n\u00eb Hot. Dhe dihet se n\u00eb \u00e7far\u00eb sakrificash q\u00ebndruan grat\u00eb, f\u00ebmij\u00ebt e pleqt\u00eb e Hotit duke fjetur posht\u00eb nj\u00eb ure me dit\u00eb e net\u00eb t\u00eb t\u00ebra n\u00eb kushte urie e t\u00eb ftohti ve\u00e7 t\u00eb mos b\u00ebheshin pre e shpat\u00ebs s\u00eb mizor\u00ebve q\u00eb sundonin me dor\u00eb t\u00eb hekurt e vrisnin, digjnin e shkretonin \u00e7far\u00eb t`u dilte p\u00ebrpara. Ku \u00ebsht\u00eb tradh\u00ebtia k\u00ebtu?! Tek sakrifica? Cili ishte q\u00ebllimi e ideali i atyre njer\u00ebzve q\u00eb vuanin apo dhe atyre q\u00eb luftonin q\u00eb nga Ura e Rrjodhit, n\u00eb Kastrat, Rapsh e deri n\u00eb Tuz e n\u00eb Mal t\u00eb Hotit? Le t\u00eb b\u00ebjm\u00eb nj\u00eb p\u00ebrqasje.<\/p>\n<p>A mund t`i quajm\u00eb tradh\u00ebtar\u00eb ata q\u00eb p\u00ebr t`i shp\u00ebtuar regjimit komunist kaluan kufirin p\u00ebr Greqi dhe Jugosllavi? Kurrsesi! Tradh\u00ebtar\u00eb i quante diktatura. Po at\u00ebher\u00eb pse k\u00ebta studiues t\u00eb rinj t\u00eb \u201cIntifad\u00ebs\u201d nd\u00ebrshqiptare nuk i sulmojn\u00eb e etiketojn\u00eb ata q\u00eb arratiseshin nga Shqip\u00ebria? Kjo kope ekstremist\u00ebsh fetar\u00eb q\u00eb kan\u00eb kurajon t\u00eb lehin edhe n\u00ebp\u00ebr kanale televizive, nuk e kan\u00eb hallin se Ded Gjo Luli strehoi grat\u00eb e f\u00ebmij\u00ebt e pleqt\u00eb n\u00eb Podgoric\u00eb, por se burrat e Hotit, baballar\u00ebt tan\u00eb luftuan kund\u00ebr turqve osman\u00eb dhe e b\u00ebn\u00eb Shefqet Turgut Pash\u00ebn qesharak p\u00ebrpara mbar\u00eb Europ\u00ebs ngase u thye nga nj\u00eb mas\u00eb kryengrit\u00ebsish, q\u00eb nuk e kishin iden\u00eb e artit ushtarak, nuk kishin shkuar n\u00ebp\u00ebr shkolla ushtarake por dinin artin e t\u00eb mbijetuarit edhe n\u00eb kushtet m\u00eb t\u00eb v\u00ebshtira e n\u00eb sakrificat m\u00eb t\u00eb m\u00ebdha.<\/p>\n<p>E pra ky Turgut Pasha e kishte b\u00ebr\u00eb Akademin\u00eb Ushtarake n\u00eb Europ\u00eb. Ne nuk kemi pse i shmangemi k\u00ebtij diskutimi p\u00ebr k\u00ebt\u00eb aspekt t\u00eb historis\u00eb, si hotjan\u00eb, bij t\u00eb atyre q\u00eb e b\u00ebn\u00eb at\u00eb kryengritje q\u00eb pararendi Pavar\u00ebsin\u00eb e Shqip\u00ebris\u00eb, nuk kemi fare frik\u00eb e droj\u00eb, p\u00ebrkundrazi e bashk\u00ebbisedojm\u00eb haptazi p\u00ebr rrethanat q\u00eb soll\u00ebn q\u00eb t\u00eb par\u00ebt tan\u00eb t\u00eb p\u00ebrplasnin kok\u00ebn n\u00eb Mal t\u00eb Zi q\u00eb n\u00eb t\u00eb v\u00ebrtet\u00eb jo shum\u00eb larg n\u00eb histori kan\u00eb qen\u00eb troje arb\u00ebrore, por mbet\u00ebn jasht\u00eb p\u00ebr shkak t\u00eb rrjedh\u00ebs mizore historike q\u00eb p\u00ebsuam n\u00ebp\u00ebr shekuj. Aq m\u00eb tep\u00ebr pranojm\u00eb ta prekim k\u00ebt\u00eb aspekt sepse duke i anashkaluar, duke l\u00ebn\u00eb paqart\u00ebsi n\u00eb epoka t\u00eb shkuara, ato sjellin keqkuptime e p\u00ebr pasoj\u00eb edhe keqinterpretime historike.<\/p>\n<p>Kush ka sadopak njohuri nga ngjarjet historike e di edhe faktin se n\u00eb takimin me valiun turk t\u00eb Shkodr\u00ebs, Ded Gjo Luli nuk ju dha as nj\u00eb fjal\u00eb e as nj\u00eb shpres\u00eb, se trupat turke nuk do ta b\u00ebnin ekspedit\u00ebn p\u00ebr dor\u00ebzimin e arm\u00ebve. Por arm\u00ebt Hoti nuk i kish dor\u00ebzuar p\u00ebr gati 500 vjet. N\u00eb saj\u00eb t\u00eb arm\u00ebve, brenda pushtimit, hotjan\u00ebt kishin gjetur nj\u00eb hap\u00ebsir\u00eb t\u00eb vog\u00ebl lirie aq sa ishte vet\u00eb gryka e pushk\u00ebs. Por edhe at\u00eb k\u00ebrkonin tua merrnin pushtuesit osman\u00eb. Nuk ka qen\u00eb e leht\u00eb t\u00eb merrej nj\u00eb vendim. Nuk mund t\u00eb q\u00ebndronte Hoti n\u00eb sht\u00ebpit\u00eb e veta kur t\u00eb v\u00ebrshonin me mij\u00ebra trupa n\u00eb nj\u00eb operacion ushtarak t\u00eb dhunsh\u00ebm e t\u00eb p\u00ebrgjakur.<\/p>\n<p>Turgut Pasha kish deklaruar se do ta kthente Mal\u00ebsin\u00eb n\u00eb shkreti n\u00ebse nuk do t`i dor\u00ebzonin arm\u00ebt. Nuk kishte asnj\u00eb rrug\u00eb tjet\u00ebr ve\u00e7 luft\u00ebs. Ded Gjo Luli i tregoi popullit t\u00eb vet rrezikun dhe e shpalli q\u00eb nuk n\u00ebnshtrohej. Kolona me familjet e Hotit, gra, f\u00ebmij\u00eb e pleq lan\u00eb sht\u00ebpit\u00eb e \u00e7an\u00eb kufirin turko-malazez.<\/p>\n<p>Deklaratat q\u00eb u b\u00ebn\u00eb ishin se mal\u00ebsor\u00ebt nuk n\u00ebnshtroheshin. Kishin l\u00ebn\u00eb trojet, por atje ishin t\u00ebr\u00eb burrat e Hotit q\u00eb l\u00ebshuan kushtrimin dhe mbar\u00eb Mal\u00ebsia e Madhe u tregua e gatshme t\u00eb rr\u00ebmbente arm\u00ebt e k\u00ebmb\u00eb ushtari pushtues t\u00eb mos shkelte n\u00eb ato an\u00eb. Por, dihet se fryma luftarake nuk \u00ebsht\u00eb gjithmon\u00eb ajo q\u00eb t\u00eb siguron fitoren. P\u00ebr t\u00eb luftuar duhen arm\u00eb, e Hoti arm\u00eb nuk kishte. Madje kish q\u00eb shkonin n\u00eb luft\u00eb me kmesa, nj\u00eb lloj spate doracak\u00eb q\u00eb p\u00ebrdoret p\u00ebr t\u00eb prer\u00eb e krasitur pem\u00ebt. \u00cbsht\u00eb krejt a natyrshme q\u00eb Ded Gjol Luli t\u00eb k\u00ebrkonte ndihma n\u00eb dy aspekte: buk\u00eb p\u00ebr populli dhe arm\u00eb p\u00ebr luft\u00ebtar\u00ebt. Dhe k\u00ebrkes\u00ebn e ndihmave Ded Gjo Luli nuk ia ka b\u00ebr\u00eb Malit t\u00eb Zi, por perandoris\u00eb Austro Hungareze n\u00ebp\u00ebrmjet konsullit t\u00eb saj, e cila ishte p\u00ebr nj\u00eb Shqip\u00ebri t\u00eb shk\u00ebputur nga sundimi i eg\u00ebr i Perandoris\u00eb Osmane.<\/p>\n<p>Austro-Hungaria hyri dor\u00ebzan\u00eb e dha fjal\u00ebn dhe deri diku e mbajti p\u00ebr t\u00eb ndihmuar popullin me buk\u00eb e burrat me arm\u00eb, por p\u00ebr shkak t\u00eb larg\u00ebsis\u00eb, siguris\u00eb, a di\u00e7 tjet\u00ebr, ndodhi kusht\u00ebzimi q\u00eb ndihmat do t\u00eb kanalizoheshin n\u00ebp\u00ebrmjet Malit t\u00eb Zi. Gjasat jan\u00eb q\u00eb Krajl Nikolla dhe qeveritar\u00ebt e tij donin t\u00eb kontrollonin situat\u00ebn ose t\u00eb p\u00ebrfitonin ndonj\u00eb gj\u00eb nga k\u00ebto ndihma n\u00ebp\u00ebrmjet makinacioneve q\u00eb mund t\u00eb b\u00ebheshin, sepse ai merrte para tek Austria dhe jepte mall tek shqiptar\u00ebt.<\/p>\n<p>Kjo lloj nd\u00ebrmjet\u00ebsie b\u00ebnte q\u00eb administrata e Malit t\u00eb Zi ta kontrollonte gjendjen e mal\u00ebsor\u00ebve, \u00e7far\u00eb n\u00eb t\u00eb v\u00ebrtet\u00eb shprehte edhe nj\u00eb lloj frike t\u00eb Cetin\u00ebs prej zhvillimeve te pritshme. Mali i Zi nuk e tregoi q\u00ebllimin q\u00eb n\u00eb fillim dhe ishte dakort t`i ndihmonte mal\u00ebsor\u00ebt, dhe p\u00ebr k\u00ebt\u00eb ishte garant nj\u00eb fuqi e madhe e koh\u00ebs si Austro-Hungaria, por kur plasi Lufta Ballkanike at\u00ebher\u00eb gj\u00ebrat ndryshuan e Mali i Zi e tregoi q\u00ebllimin e vet. Por t\u00eb mos harrojm\u00eb, do t\u00eb ishte po Austro-Hungaria ajo q\u00eb nuk do t\u00eb lejonte q\u00eb Shkodra t\u00eb aneksohej nga Mali i Zi i cili donte me \u00e7do kusht ta b\u00ebnte at\u00eb kryeqytetin e vet.<\/p>\n<p>Duhet ta dim\u00eb se shkaku i vet\u00ebm q\u00eb Krajl Nikolla e dor\u00ebzoi fronin ishte se nuk e b\u00ebri Shkodr\u00ebn kryeqytet megjith\u00ebse e mbajti k\u00ebt\u00eb qytet t\u00eb rrethuar, duke e v\u00ebn\u00eb n\u00ebn zjarr arm\u00ebsh artilerie dhe duke i prer\u00eb \u00e7do furnizim sa kriza e buk\u00ebs b\u00ebri q\u00eb shkodran\u00ebt t\u00eb vdisnin urie, por pa pranuar t\u00eb dor\u00ebzoheshin. Do t\u00eb ishte Esat Toptani, figura m\u00eb e urryer n\u00eb historin\u00eb e Shqip\u00ebris\u00eb q\u00eb pasi eleminoi Hasan Riza Pashen komandantin e garnizonit dhe udh\u00ebheq\u00ebsin e q\u00ebndres\u00ebs nj\u00ebkoh\u00ebsisht, do t\u00eb merrte funksionet e tij dhe do t\u00eb dor\u00ebzonte Shkodr\u00ebn tek malazez\u00ebt. Gj\u00ebja m\u00eb e \u00e7uditshme n\u00eb k\u00ebt\u00eb aspekt t\u00eb histeris\u00eb historike t\u00eb atyre q\u00eb denigrojn\u00eb Ded Gjo Lulin, \u00ebsht\u00eb se ata e vler\u00ebsojn\u00eb si t\u00eb ishte nj\u00eb hero Esat Toptanin apo nj\u00eb tjet\u00ebr figur\u00eb t\u00eb urryer, aventurierin Beqir Grebeneja.<\/p>\n<p>Shqip\u00ebria ishte e pushtuar nga Perandoria Osmane e cila i kishte ngulur thonjt\u00eb n\u00eb Ballkanin per\u00ebndimor afro 500 vjet, ndaj \u00ebsht\u00eb e natyrshme q\u00eb nuk mund t\u00eb zbohej pa nj\u00eb aleanc\u00eb shtetesh e popujsh p\u00ebr p\u00ebrz\u00ebnien e ngordh\u00ebsir\u00ebs perandorake. Ded Gjo Luli kishte vizionin q\u00eb t\u00eb ngrihej nd\u00ebr t\u00eb par\u00ebt, t\u00eb k\u00ebrkonte t\u00eb armatosej, t\u00eb k\u00ebrkonte aleat\u00eb t\u00eb p\u00ebrkohsh\u00ebm p\u00ebr arritjen e krijimit t\u00eb Shqip\u00ebris\u00eb, p\u00ebr t\u00eb cil\u00ebn ia vlente \u00e7do sakrific\u00eb. Kur i \u00ebsht\u00eb vrar\u00eb i biri, Gjergji n\u00eb luft\u00eb dhe i prune lajmin e zi, Ded Gjo Luli me qet\u00ebsin\u00eb q\u00eb e karakterizonte tha: \u201cEdhe ai djal\u00eb nane \u00ebsht\u00eb!\u201d \u00c7far\u00eb n\u00ebnkuptonte se atij i dhimbnin nj\u00ebsoj si i biri Gjergji ashtu dhe Kol Marash Vata, Gjon Ujk \u00c7eku, dy vllaznit Zeka e \u00e7do djal\u00eb tjet\u00ebr Hoti.<\/p>\n<p>Konkluzioni \u00ebsht\u00eb se megjith\u00eb rrethanat e disfavorshme dhe t\u00eb komplikuara n\u00eb histori, Ded Gjo Luli ka qen\u00eb nj\u00eb hero i panjoll\u00eb. T\u00eb jeni t\u00eb bindur se sikur, n\u00eb m\u00ebnyr\u00eb imagjinative, t\u00eb gjith\u00eb burrat e kombit t\u00eb koh\u00ebs s\u00eb re t\u00eb mblidheshin n\u00eb nj\u00eb kuvend, do t`i l\u00ebshonin kryevendin Ded Gjo Lulit. Ismail Qemali doli nga zyra dhe e priti n\u00eb rrug\u00eb Ded Gjo Lulin kur ky shkoi n\u00eb Vlor\u00eb. E pyet\u00ebn kush \u00ebsht\u00eb ky mal\u00ebsor trupvog\u00ebl q\u00eb po t\u00eb b\u00ebn t\u00eb dal\u00ebsh nga zyra e ta pres\u00ebsh n\u00eb rrug\u00eb, Ismail Qemali u tha: \u201cDed Gjo Luli \u00ebsht\u00eb pushk\u00eb e ngrehun p\u00ebr Shqip\u00ebrin\u00eb\u201d.<\/p>\n<p>N\u00ebse t\u00ebr\u00eb jeta e tij do t\u00eb duhej t\u00eb p\u00ebrshkruhej n\u00eb dy rreshta do t\u00eb thosha: Ded Gjo Luli nuk luftoi p\u00ebr vete dhe nuk e mori lirin\u00eb n\u00eb varr, por e la k\u00ebtu p\u00ebr Shqip\u00ebrin\u00eb e shqiptar\u00ebt, p\u00ebr brezat q\u00eb vijn\u00eb bashk\u00eb me nj\u00eb m\u00ebsim t\u00eb madh, q\u00eb p\u00ebr lirin\u00eb ia vlen \u00e7do sakrific\u00eb.<\/p>\n","protected":false},"excerpt":{"rendered":"<p>Nga Kolec TRABOINI, 21 Dhjetor 2011 Z. President, z. Kryeminist\u00ebr, z. Kryetar i Bashkis\u00eb s\u00eb Tiran\u00ebs, l\u00ebreni p\u00ebr nj\u00eb \u00e7ast politik\u00ebn e p\u00ebrgjigjuni k\u00ebsaj pyetje: Kur do t\u00eb vihet busti i Ded Gjo Lulit n\u00eb rrug\u00ebn q\u00eb mban emrin e tij, n\u00eb qend\u00ebr t\u00eb Tiran\u00ebs prapa Muzeut Historik Komb\u00ebtar? T\u00eb atij Ded Gjo Luli q\u00eb [&hellip;]<\/p>\n","protected":false},"author":1,"featured_media":0,"comment_status":"open","ping_status":"closed","sticky":false,"template":"","format":"standard","meta":{"footnotes":""},"categories":[2],"tags":[],"class_list":{"0":"post-11552","1":"post","2":"type-post","3":"status-publish","4":"format-standard","6":"category-artikuj"},"yoast_head":"<!-- This site is optimized with the Yoast SEO plugin v27.4 - https:\/\/yoast.com\/product\/yoast-seo-wordpress\/ -->\n<title>KUSH DHE PSE E DENIGROJNE DED GJO LULIN? - FjALA e LIR\u00cb - Arkivi<\/title>\n<meta name=\"robots\" content=\"index, follow, max-snippet:-1, max-image-preview:large, max-video-preview:-1\" \/>\n<link rel=\"canonical\" href=\"https:\/\/fjala.info\/2009-2015\/kush-dhe-pse-e-denigrojne-ded-gjo-lulin-2\/\" \/>\n<meta property=\"og:locale\" content=\"sq_AL\" \/>\n<meta property=\"og:type\" content=\"article\" \/>\n<meta property=\"og:title\" content=\"KUSH DHE PSE E DENIGROJNE DED GJO LULIN? - FjALA e LIR\u00cb - Arkivi\" \/>\n<meta property=\"og:description\" content=\"Nga Kolec TRABOINI, 21 Dhjetor 2011 Z. President, z. Kryeminist\u00ebr, z. Kryetar i Bashkis\u00eb s\u00eb Tiran\u00ebs, l\u00ebreni p\u00ebr nj\u00eb \u00e7ast politik\u00ebn e p\u00ebrgjigjuni k\u00ebsaj pyetje: Kur do t\u00eb vihet busti i Ded Gjo Lulit n\u00eb rrug\u00ebn q\u00eb mban emrin e tij, n\u00eb qend\u00ebr t\u00eb Tiran\u00ebs prapa Muzeut Historik Komb\u00ebtar? T\u00eb atij Ded Gjo Luli q\u00eb [&hellip;]\" \/>\n<meta property=\"og:url\" content=\"https:\/\/fjala.info\/2009-2015\/kush-dhe-pse-e-denigrojne-ded-gjo-lulin-2\/\" \/>\n<meta property=\"og:site_name\" content=\"FjALA e LIR\u00cb - Arkivi\" \/>\n<meta property=\"article:published_time\" content=\"2011-12-27T09:36:40+00:00\" \/>\n<meta property=\"og:image\" content=\"http:\/\/www.shkoder.net\/images\/shkodra\/ded_gjo_luli.gif\" \/>\n<meta name=\"author\" content=\"admin\" \/>\n<meta name=\"twitter:card\" content=\"summary_large_image\" \/>\n<meta name=\"twitter:label1\" content=\"Written by\" \/>\n\t<meta name=\"twitter:data1\" content=\"admin\" \/>\n\t<meta name=\"twitter:label2\" content=\"Est. reading time\" \/>\n\t<meta name=\"twitter:data2\" content=\"10 minutes\" \/>\n<script type=\"application\/ld+json\" class=\"yoast-schema-graph\">{\"@context\":\"https:\\\/\\\/schema.org\",\"@graph\":[{\"@type\":\"Article\",\"@id\":\"https:\\\/\\\/fjala.info\\\/2009-2015\\\/kush-dhe-pse-e-denigrojne-ded-gjo-lulin-2\\\/#article\",\"isPartOf\":{\"@id\":\"https:\\\/\\\/fjala.info\\\/2009-2015\\\/kush-dhe-pse-e-denigrojne-ded-gjo-lulin-2\\\/\"},\"author\":{\"name\":\"admin\",\"@id\":\"https:\\\/\\\/fjala.info\\\/2009-2015\\\/#\\\/schema\\\/person\\\/3aa1163ef05469c496fc94e77611ada2\"},\"headline\":\"KUSH DHE PSE E DENIGROJNE DED GJO LULIN?\",\"datePublished\":\"2011-12-27T09:36:40+00:00\",\"mainEntityOfPage\":{\"@id\":\"https:\\\/\\\/fjala.info\\\/2009-2015\\\/kush-dhe-pse-e-denigrojne-ded-gjo-lulin-2\\\/\"},\"wordCount\":1918,\"commentCount\":0,\"publisher\":{\"@id\":\"https:\\\/\\\/fjala.info\\\/2009-2015\\\/#organization\"},\"image\":{\"@id\":\"https:\\\/\\\/fjala.info\\\/2009-2015\\\/kush-dhe-pse-e-denigrojne-ded-gjo-lulin-2\\\/#primaryimage\"},\"thumbnailUrl\":\"http:\\\/\\\/www.shkoder.net\\\/images\\\/shkodra\\\/ded_gjo_luli.gif\",\"articleSection\":[\"Artikuj\"],\"inLanguage\":\"sq-AL\",\"potentialAction\":[{\"@type\":\"CommentAction\",\"name\":\"Comment\",\"target\":[\"https:\\\/\\\/fjala.info\\\/2009-2015\\\/kush-dhe-pse-e-denigrojne-ded-gjo-lulin-2\\\/#respond\"]}]},{\"@type\":\"WebPage\",\"@id\":\"https:\\\/\\\/fjala.info\\\/2009-2015\\\/kush-dhe-pse-e-denigrojne-ded-gjo-lulin-2\\\/\",\"url\":\"https:\\\/\\\/fjala.info\\\/2009-2015\\\/kush-dhe-pse-e-denigrojne-ded-gjo-lulin-2\\\/\",\"name\":\"KUSH DHE PSE E DENIGROJNE DED GJO LULIN? - FjALA e LIR\u00cb - Arkivi\",\"isPartOf\":{\"@id\":\"https:\\\/\\\/fjala.info\\\/2009-2015\\\/#website\"},\"primaryImageOfPage\":{\"@id\":\"https:\\\/\\\/fjala.info\\\/2009-2015\\\/kush-dhe-pse-e-denigrojne-ded-gjo-lulin-2\\\/#primaryimage\"},\"image\":{\"@id\":\"https:\\\/\\\/fjala.info\\\/2009-2015\\\/kush-dhe-pse-e-denigrojne-ded-gjo-lulin-2\\\/#primaryimage\"},\"thumbnailUrl\":\"http:\\\/\\\/www.shkoder.net\\\/images\\\/shkodra\\\/ded_gjo_luli.gif\",\"datePublished\":\"2011-12-27T09:36:40+00:00\",\"breadcrumb\":{\"@id\":\"https:\\\/\\\/fjala.info\\\/2009-2015\\\/kush-dhe-pse-e-denigrojne-ded-gjo-lulin-2\\\/#breadcrumb\"},\"inLanguage\":\"sq-AL\",\"potentialAction\":[{\"@type\":\"ReadAction\",\"target\":[\"https:\\\/\\\/fjala.info\\\/2009-2015\\\/kush-dhe-pse-e-denigrojne-ded-gjo-lulin-2\\\/\"]}]},{\"@type\":\"ImageObject\",\"inLanguage\":\"sq-AL\",\"@id\":\"https:\\\/\\\/fjala.info\\\/2009-2015\\\/kush-dhe-pse-e-denigrojne-ded-gjo-lulin-2\\\/#primaryimage\",\"url\":\"http:\\\/\\\/www.shkoder.net\\\/images\\\/shkodra\\\/ded_gjo_luli.gif\",\"contentUrl\":\"http:\\\/\\\/www.shkoder.net\\\/images\\\/shkodra\\\/ded_gjo_luli.gif\"},{\"@type\":\"BreadcrumbList\",\"@id\":\"https:\\\/\\\/fjala.info\\\/2009-2015\\\/kush-dhe-pse-e-denigrojne-ded-gjo-lulin-2\\\/#breadcrumb\",\"itemListElement\":[{\"@type\":\"ListItem\",\"position\":1,\"name\":\"Home\",\"item\":\"https:\\\/\\\/fjala.info\\\/2009-2015\\\/\"},{\"@type\":\"ListItem\",\"position\":2,\"name\":\"KUSH DHE PSE E DENIGROJNE DED GJO LULIN?\"}]},{\"@type\":\"WebSite\",\"@id\":\"https:\\\/\\\/fjala.info\\\/2009-2015\\\/#website\",\"url\":\"https:\\\/\\\/fjala.info\\\/2009-2015\\\/\",\"name\":\"FjALA e LIR\u00cb - Arkivi\",\"description\":\"Arkivi 2009-2015\",\"publisher\":{\"@id\":\"https:\\\/\\\/fjala.info\\\/2009-2015\\\/#organization\"},\"potentialAction\":[{\"@type\":\"SearchAction\",\"target\":{\"@type\":\"EntryPoint\",\"urlTemplate\":\"https:\\\/\\\/fjala.info\\\/2009-2015\\\/?s={search_term_string}\"},\"query-input\":{\"@type\":\"PropertyValueSpecification\",\"valueRequired\":true,\"valueName\":\"search_term_string\"}}],\"inLanguage\":\"sq-AL\"},{\"@type\":\"Organization\",\"@id\":\"https:\\\/\\\/fjala.info\\\/2009-2015\\\/#organization\",\"name\":\"FjALA e LIR\u00cb - Arkivi\",\"url\":\"https:\\\/\\\/fjala.info\\\/2009-2015\\\/\",\"logo\":{\"@type\":\"ImageObject\",\"inLanguage\":\"sq-AL\",\"@id\":\"https:\\\/\\\/fjala.info\\\/2009-2015\\\/#\\\/schema\\\/logo\\\/image\\\/\",\"url\":\"\",\"contentUrl\":\"\",\"caption\":\"FjALA e LIR\u00cb - Arkivi\"},\"image\":{\"@id\":\"https:\\\/\\\/fjala.info\\\/2009-2015\\\/#\\\/schema\\\/logo\\\/image\\\/\"}},{\"@type\":\"Person\",\"@id\":\"https:\\\/\\\/fjala.info\\\/2009-2015\\\/#\\\/schema\\\/person\\\/3aa1163ef05469c496fc94e77611ada2\",\"name\":\"admin\",\"image\":{\"@type\":\"ImageObject\",\"inLanguage\":\"sq-AL\",\"@id\":\"https:\\\/\\\/fjala.info\\\/2009-2015\\\/wp-content\\\/uploads\\\/2012\\\/02\\\/arben_cokaj-120x150.jpg\",\"url\":\"https:\\\/\\\/fjala.info\\\/2009-2015\\\/wp-content\\\/uploads\\\/2012\\\/02\\\/arben_cokaj-120x150.jpg\",\"contentUrl\":\"https:\\\/\\\/fjala.info\\\/2009-2015\\\/wp-content\\\/uploads\\\/2012\\\/02\\\/arben_cokaj-120x150.jpg\",\"caption\":\"admin\"},\"description\":\"Admin, Fjala e Lir\u00eb\",\"sameAs\":[\"https:\\\/\\\/fjala.info\\\/\"],\"url\":\"https:\\\/\\\/fjala.info\\\/2009-2015\\\/author\\\/admin\\\/\"}]}<\/script>\n<!-- \/ Yoast SEO plugin. -->","yoast_head_json":{"title":"KUSH DHE PSE E DENIGROJNE DED GJO LULIN? - FjALA e LIR\u00cb - Arkivi","robots":{"index":"index","follow":"follow","max-snippet":"max-snippet:-1","max-image-preview":"max-image-preview:large","max-video-preview":"max-video-preview:-1"},"canonical":"https:\/\/fjala.info\/2009-2015\/kush-dhe-pse-e-denigrojne-ded-gjo-lulin-2\/","og_locale":"sq_AL","og_type":"article","og_title":"KUSH DHE PSE E DENIGROJNE DED GJO LULIN? - FjALA e LIR\u00cb - Arkivi","og_description":"Nga Kolec TRABOINI, 21 Dhjetor 2011 Z. President, z. Kryeminist\u00ebr, z. Kryetar i Bashkis\u00eb s\u00eb Tiran\u00ebs, l\u00ebreni p\u00ebr nj\u00eb \u00e7ast politik\u00ebn e p\u00ebrgjigjuni k\u00ebsaj pyetje: Kur do t\u00eb vihet busti i Ded Gjo Lulit n\u00eb rrug\u00ebn q\u00eb mban emrin e tij, n\u00eb qend\u00ebr t\u00eb Tiran\u00ebs prapa Muzeut Historik Komb\u00ebtar? T\u00eb atij Ded Gjo Luli q\u00eb [&hellip;]","og_url":"https:\/\/fjala.info\/2009-2015\/kush-dhe-pse-e-denigrojne-ded-gjo-lulin-2\/","og_site_name":"FjALA e LIR\u00cb - Arkivi","article_published_time":"2011-12-27T09:36:40+00:00","og_image":[{"url":"http:\/\/www.shkoder.net\/images\/shkodra\/ded_gjo_luli.gif","type":"","width":"","height":""}],"author":"admin","twitter_card":"summary_large_image","twitter_misc":{"Written by":"admin","Est. reading time":"10 minutes"},"schema":{"@context":"https:\/\/schema.org","@graph":[{"@type":"Article","@id":"https:\/\/fjala.info\/2009-2015\/kush-dhe-pse-e-denigrojne-ded-gjo-lulin-2\/#article","isPartOf":{"@id":"https:\/\/fjala.info\/2009-2015\/kush-dhe-pse-e-denigrojne-ded-gjo-lulin-2\/"},"author":{"name":"admin","@id":"https:\/\/fjala.info\/2009-2015\/#\/schema\/person\/3aa1163ef05469c496fc94e77611ada2"},"headline":"KUSH DHE PSE E DENIGROJNE DED GJO LULIN?","datePublished":"2011-12-27T09:36:40+00:00","mainEntityOfPage":{"@id":"https:\/\/fjala.info\/2009-2015\/kush-dhe-pse-e-denigrojne-ded-gjo-lulin-2\/"},"wordCount":1918,"commentCount":0,"publisher":{"@id":"https:\/\/fjala.info\/2009-2015\/#organization"},"image":{"@id":"https:\/\/fjala.info\/2009-2015\/kush-dhe-pse-e-denigrojne-ded-gjo-lulin-2\/#primaryimage"},"thumbnailUrl":"http:\/\/www.shkoder.net\/images\/shkodra\/ded_gjo_luli.gif","articleSection":["Artikuj"],"inLanguage":"sq-AL","potentialAction":[{"@type":"CommentAction","name":"Comment","target":["https:\/\/fjala.info\/2009-2015\/kush-dhe-pse-e-denigrojne-ded-gjo-lulin-2\/#respond"]}]},{"@type":"WebPage","@id":"https:\/\/fjala.info\/2009-2015\/kush-dhe-pse-e-denigrojne-ded-gjo-lulin-2\/","url":"https:\/\/fjala.info\/2009-2015\/kush-dhe-pse-e-denigrojne-ded-gjo-lulin-2\/","name":"KUSH DHE PSE E DENIGROJNE DED GJO LULIN? - FjALA e LIR\u00cb - Arkivi","isPartOf":{"@id":"https:\/\/fjala.info\/2009-2015\/#website"},"primaryImageOfPage":{"@id":"https:\/\/fjala.info\/2009-2015\/kush-dhe-pse-e-denigrojne-ded-gjo-lulin-2\/#primaryimage"},"image":{"@id":"https:\/\/fjala.info\/2009-2015\/kush-dhe-pse-e-denigrojne-ded-gjo-lulin-2\/#primaryimage"},"thumbnailUrl":"http:\/\/www.shkoder.net\/images\/shkodra\/ded_gjo_luli.gif","datePublished":"2011-12-27T09:36:40+00:00","breadcrumb":{"@id":"https:\/\/fjala.info\/2009-2015\/kush-dhe-pse-e-denigrojne-ded-gjo-lulin-2\/#breadcrumb"},"inLanguage":"sq-AL","potentialAction":[{"@type":"ReadAction","target":["https:\/\/fjala.info\/2009-2015\/kush-dhe-pse-e-denigrojne-ded-gjo-lulin-2\/"]}]},{"@type":"ImageObject","inLanguage":"sq-AL","@id":"https:\/\/fjala.info\/2009-2015\/kush-dhe-pse-e-denigrojne-ded-gjo-lulin-2\/#primaryimage","url":"http:\/\/www.shkoder.net\/images\/shkodra\/ded_gjo_luli.gif","contentUrl":"http:\/\/www.shkoder.net\/images\/shkodra\/ded_gjo_luli.gif"},{"@type":"BreadcrumbList","@id":"https:\/\/fjala.info\/2009-2015\/kush-dhe-pse-e-denigrojne-ded-gjo-lulin-2\/#breadcrumb","itemListElement":[{"@type":"ListItem","position":1,"name":"Home","item":"https:\/\/fjala.info\/2009-2015\/"},{"@type":"ListItem","position":2,"name":"KUSH DHE PSE E DENIGROJNE DED GJO LULIN?"}]},{"@type":"WebSite","@id":"https:\/\/fjala.info\/2009-2015\/#website","url":"https:\/\/fjala.info\/2009-2015\/","name":"FjALA e LIR\u00cb - Arkivi","description":"Arkivi 2009-2015","publisher":{"@id":"https:\/\/fjala.info\/2009-2015\/#organization"},"potentialAction":[{"@type":"SearchAction","target":{"@type":"EntryPoint","urlTemplate":"https:\/\/fjala.info\/2009-2015\/?s={search_term_string}"},"query-input":{"@type":"PropertyValueSpecification","valueRequired":true,"valueName":"search_term_string"}}],"inLanguage":"sq-AL"},{"@type":"Organization","@id":"https:\/\/fjala.info\/2009-2015\/#organization","name":"FjALA e LIR\u00cb - Arkivi","url":"https:\/\/fjala.info\/2009-2015\/","logo":{"@type":"ImageObject","inLanguage":"sq-AL","@id":"https:\/\/fjala.info\/2009-2015\/#\/schema\/logo\/image\/","url":"","contentUrl":"","caption":"FjALA e LIR\u00cb - Arkivi"},"image":{"@id":"https:\/\/fjala.info\/2009-2015\/#\/schema\/logo\/image\/"}},{"@type":"Person","@id":"https:\/\/fjala.info\/2009-2015\/#\/schema\/person\/3aa1163ef05469c496fc94e77611ada2","name":"admin","image":{"@type":"ImageObject","inLanguage":"sq-AL","@id":"https:\/\/fjala.info\/2009-2015\/wp-content\/uploads\/2012\/02\/arben_cokaj-120x150.jpg","url":"https:\/\/fjala.info\/2009-2015\/wp-content\/uploads\/2012\/02\/arben_cokaj-120x150.jpg","contentUrl":"https:\/\/fjala.info\/2009-2015\/wp-content\/uploads\/2012\/02\/arben_cokaj-120x150.jpg","caption":"admin"},"description":"Admin, Fjala e Lir\u00eb","sameAs":["https:\/\/fjala.info\/"],"url":"https:\/\/fjala.info\/2009-2015\/author\/admin\/"}]}},"_links":{"self":[{"href":"https:\/\/fjala.info\/2009-2015\/wp-json\/wp\/v2\/posts\/11552","targetHints":{"allow":["GET"]}}],"collection":[{"href":"https:\/\/fjala.info\/2009-2015\/wp-json\/wp\/v2\/posts"}],"about":[{"href":"https:\/\/fjala.info\/2009-2015\/wp-json\/wp\/v2\/types\/post"}],"author":[{"embeddable":true,"href":"https:\/\/fjala.info\/2009-2015\/wp-json\/wp\/v2\/users\/1"}],"replies":[{"embeddable":true,"href":"https:\/\/fjala.info\/2009-2015\/wp-json\/wp\/v2\/comments?post=11552"}],"version-history":[{"count":0,"href":"https:\/\/fjala.info\/2009-2015\/wp-json\/wp\/v2\/posts\/11552\/revisions"}],"wp:attachment":[{"href":"https:\/\/fjala.info\/2009-2015\/wp-json\/wp\/v2\/media?parent=11552"}],"wp:term":[{"taxonomy":"category","embeddable":true,"href":"https:\/\/fjala.info\/2009-2015\/wp-json\/wp\/v2\/categories?post=11552"},{"taxonomy":"post_tag","embeddable":true,"href":"https:\/\/fjala.info\/2009-2015\/wp-json\/wp\/v2\/tags?post=11552"}],"curies":[{"name":"wp","href":"https:\/\/api.w.org\/{rel}","templated":true}]}}