{"id":11551,"date":"2011-12-27T09:57:48","date_gmt":"2011-12-27T08:57:48","guid":{"rendered":"http:\/\/fjala.shkoder.net\/?p=827"},"modified":"2011-12-27T09:57:48","modified_gmt":"2011-12-27T08:57:48","slug":"25-ngjarjet-dhe-deklaratat-me-te-cuditshme-te-2011-s","status":"publish","type":"post","link":"https:\/\/fjala.info\/2009-2015\/25-ngjarjet-dhe-deklaratat-me-te-cuditshme-te-2011-s\/","title":{"rendered":"25 ngjarjet dhe deklaratat m\u00eb t\u00eb \u00e7uditshme t\u00eb 2011-s"},"content":{"rendered":"<p><img decoding=\"async\" class=\"alignleft size-thumbnail wp-image-7236\" title=\"Mustafa Nano\" src=\"http:\/\/www.shkoder.net\/images\/fjala\/mustafa_nano.jpg\" alt=\"\" width=\"150\" \/> &#8212; <em>nga<\/em> <strong>Mustafa Nano<\/strong>, <em>27.12.2011<\/em><\/p>\n<p>\u00c7do her\u00eb, n\u00eb prag t\u00eb momentit t\u00eb nd\u00ebrrimit t\u00eb viteve, gazeta e gazetar\u00eb b\u00ebjn\u00eb ndonj\u00eb r\u00e9sum\u00e9. Un\u00eb po b\u00ebj timen:<\/p>\n<p><strong>1<\/strong> \u2013 Libri m\u00eb i mir\u00eb: \u201cKoh\u00eb e Pamjaftueshme\u201d i Helena Kadares\u00eb.<\/p>\n<p><strong>2<\/strong> \u2013 Ngjarja m\u00eb surreale: Panairi i librit, n\u00eb t\u00eb cilin star-\u00ebt ishin politikan\u00ebt-autor\u00eb.<\/p>\n<p><strong>3<\/strong> \u2013 Fraza m\u00eb e guximshme: I p\u00ebrket Ilir Met\u00ebs, kur tha, pas aktivizimit t\u00eb Prokuroris\u00eb lidhur me video-p\u00ebrgjimin e bised\u00ebs mes tij e Priftit, se \u201cdo ta \u00e7montoj korrupsionin n\u00eb sistemin e drejt\u00ebsis\u00eb\u201d.<\/p>\n<p><strong>4<\/strong> \u2013 Kampion i opozitarizmit: Ambasadori danez Karsten Ankjaer Jensen.<\/p>\n<p><strong>5<\/strong> \u2013 Ngjarja m\u00eb dramatike: Ekzekutimi nga ana e forcave t\u00eb siguris\u00eb e t\u00eb Gard\u00ebs i kat\u00ebr qytetar\u00ebve t\u00eb pafajsh\u00ebm m\u00eb 21 janar.<\/p>\n<p><strong>6<\/strong> \u2013 Fraza q\u00eb la pa goj\u00eb dynjan\u00eb: I p\u00ebrket ambasadorit amerikan, Alexander Arvizu, kur tha, i befasuar p\u00ebr mir\u00eb nga sjellja e Berish\u00ebs q\u00eb anuloi tubimin e paqes q\u00eb e kish lajm\u00ebruar pasi vrau kat\u00ebr opozitar\u00eb n\u00eb bulevard, se \u201cBerisha \u00ebsht\u00eb burr\u00eb shteti\u201d.<\/p>\n<p><strong>7<\/strong> \u2013 Ngjarja m\u00eb e \u00e7uditshme: Nderet republikane postume p\u00ebr pretendentin e fronit monarkik, Leka Zogu.<\/p>\n<p><strong>8<\/strong> \u2013 Personazhi absolut i vitit: Si gjithmon\u00eb, Sali Berisha.<\/p>\n<p><strong>9<\/strong> \u2013 Ngjarja m\u00eb vulgare: Promovimi i librit t\u00eb Blendi Fevziut, ku u mblodh i gjith\u00eb establishmenti politiko-kulturor-ekonomik i gjith\u00eb bot\u00ebs shqiptare (dhe i diaspor\u00ebs).<\/p>\n<p><strong>10<\/strong> \u2013 Institucioni m\u00eb partizan: Televizioni publik shqiptar.<\/p>\n<p><strong>11<\/strong> \u2013 Fraza m\u00eb absurde: I p\u00ebrket Fatos Lubonj\u00ebs, kur tha se \u201cne e kemi e zgjedhur Ben Blushin deputet, nd\u00ebrsa ai na b\u00ebka libra\u201d.<\/p>\n<p><strong>12<\/strong> \u2013 Gjesti publik m\u00eb qesharak: Padia e ngritur nga f\u00ebmij\u00ebt e Berish\u00ebs n\u00eb adres\u00eb t\u00eb deputet\u00ebve t\u00eb opozit\u00ebs, t\u00eb cil\u00ebt \u201cme fyerjet e shpifjet e tyre u kan\u00eb trazuar gjendjen shpirt\u00ebrore\u201d.<\/p>\n<p><strong>13<\/strong> \u2013 Urrejtja e vitit: \u00cbsht\u00eb ajo midis Lulzim Bash\u00ebs e Jozefina Topallit.<\/p>\n<p><strong>14<\/strong> \u2013 Mburravec\u00ebria \u2018akademike\u2019 m\u00eb e palezetshme: Intervista e Fatos Nanos p\u00ebr Top-cahennel-in n\u00eb London School of Economics p\u00ebr t\u00eb th\u00ebn\u00eb se \u2018po i bie k\u00ebmb\u00ebs p\u00ebr t\u2019u b\u00ebr\u00eb President\u2019.<\/p>\n<p><strong>15<\/strong> \u2013 Reagimi m\u00eb i belb\u00ebt: \u00cbsht\u00eb ai i Ismail Kadares\u00eb, i cili pas 21 janarit u mjaftua t\u00eb thosh as m\u00eb shum\u00eb,as m\u00eb pak se \u201ctani hyri vdekja n\u00eb mes.<\/p>\n<p><strong>16<\/strong> \u2013 Qoka e vitit: I p\u00ebrket Nikoll\u00eb Lesit q\u00eb u fut mik publikisht te Berisha, n\u00eb m\u00ebnyr\u00eb q\u00eb ky i fundit t\u00eb bindej e t\u00eb caktonte t\u00eb bij\u00ebn si trash\u00ebgimtare t\u00eb tij n\u00eb postin e kreut t\u00eb PD-s\u00eb.<\/p>\n<p><strong>17<\/strong> \u2013 Kulmi i luajalitetit politik: I takon Enkelejd Alibeajt, i cili, kur u pyet se cili \u00ebsht\u00eb n\u00eb bot\u00eb politikani, nga i cili frym\u00ebzohet, nuk u hap\u00ebrda fare gjeografikisht, dhe tha goj\u00ebbrisk: Sali Berisha.<\/p>\n<p><strong>18<\/strong> \u2013 Shp\u00ebrthimi i vitit (duke p\u00ebrjashtuar ndonj\u00eb shp\u00ebrthim timin): Ishte ai i Arben Imamit, i cili, dy a tri dit\u00eb pas ploj\u00ebs q\u00eb u b\u00eb n\u00eb bulevard, iu drejtua deputet\u00ebve t\u00eb opozit\u00ebs: Ju jeni t\u00eb gjith\u00eb Ziver\u00eb (Ziveri \u00ebsht\u00eb nga qyqar\u00ebt q\u00eb gjeti vdekjen nga plumbat e regjimit).<\/p>\n<p><strong>19<\/strong> \u2013 Minimumi i reagimit politik: I p\u00ebrket Bamir Topit me shprehjen \u201cun\u00eb jam mesfushor\u201d, q\u00eb ai e tha qet\u00eb-qet\u00eb pas sulmeve n\u00eb adres\u00eb t\u00eb tij t\u00eb b\u00ebra nga kryeministri.<\/p>\n<p><strong>20<\/strong> \u2013 Shqiptarja m\u00eb e suksesshme jasht\u00eb vendit: Ermonela Jaho, sopranoja q\u00eb po ec\u00ebn n\u00eb gjurm\u00ebt e Inva Mul\u00ebs.<\/p>\n<p><strong>21<\/strong> \u2013 Gjesti m\u00eb i p\u00ebrunjur i vitit: Ai i Ina Ram\u00ebs q\u00eb u ngrit m\u00eb k\u00ebmb\u00eb dhe i dha dor\u00ebn Sali Berish\u00ebs, pasi ky i fundit e kish etiketuar faqe bot\u00ebs si \u2018Putana e Bulevardit\u2019.<\/p>\n<p><strong>22<\/strong> \u2013 Ngjarja m\u00eb e hareshme mediatike: WikiLeaks-i.<\/p>\n<p><strong>23<\/strong> \u2013 Gallata e vitit: \u00cbsht\u00eb ajo e Fondacionit \u2018Gani Bobi\u2019, q\u00eb me exit poll-in e vet e nxori Lul Bash\u00ebn mbi 15 pik\u00eb p\u00ebrpara n\u00eb gar\u00ebn me Edi Ram\u00ebn.<\/p>\n<p><strong>24<\/strong> \u2013 Institucioni i vitit: Gjykata Kushtetuese, q\u00eb rr\u00ebzoi marr\u00ebveshjen mes qeveris\u00eb shqiptare e asaj greke lidhur me kufirin detar mes dy vendeve.<\/p>\n<p><strong>25<\/strong> \u2013 Sofizmi i vitit (tep\u00ebr brutal): I p\u00ebrket Sokol Olldashit me shprehjen \u201cdakord, dikush i vrau ata kat\u00ebr vet\u00eb m\u00eb 21 janar, por \u00ebsht\u00eb dhe dikush q\u00eb i \u00e7oi atje p\u00ebr t\u2019u vrar\u00eb\u201d. \/shekulli\/<\/p>\n","protected":false},"excerpt":{"rendered":"<p>&#8212; nga Mustafa Nano, 27.12.2011 \u00c7do her\u00eb, n\u00eb prag t\u00eb momentit t\u00eb nd\u00ebrrimit t\u00eb viteve, gazeta e gazetar\u00eb b\u00ebjn\u00eb ndonj\u00eb r\u00e9sum\u00e9. Un\u00eb po b\u00ebj timen: 1 \u2013 Libri m\u00eb i mir\u00eb: \u201cKoh\u00eb e Pamjaftueshme\u201d i Helena Kadares\u00eb. 2 \u2013 Ngjarja m\u00eb surreale: Panairi i librit, n\u00eb t\u00eb cilin star-\u00ebt ishin politikan\u00ebt-autor\u00eb. 3 \u2013 Fraza m\u00eb [&hellip;]<\/p>\n","protected":false},"author":1,"featured_media":0,"comment_status":"open","ping_status":"closed","sticky":false,"template":"","format":"standard","meta":{"footnotes":""},"categories":[2],"tags":[],"class_list":{"0":"post-11551","1":"post","2":"type-post","3":"status-publish","4":"format-standard","6":"category-artikuj"},"yoast_head":"<!-- This site is optimized with the Yoast SEO plugin v27.4 - https:\/\/yoast.com\/product\/yoast-seo-wordpress\/ -->\n<title>25 ngjarjet dhe deklaratat m\u00eb t\u00eb \u00e7uditshme t\u00eb 2011-s - FjALA e LIR\u00cb - Arkivi<\/title>\n<meta name=\"robots\" content=\"index, follow, max-snippet:-1, max-image-preview:large, max-video-preview:-1\" \/>\n<link rel=\"canonical\" href=\"https:\/\/fjala.info\/2009-2015\/25-ngjarjet-dhe-deklaratat-me-te-cuditshme-te-2011-s\/\" \/>\n<meta property=\"og:locale\" content=\"sq_AL\" \/>\n<meta property=\"og:type\" content=\"article\" \/>\n<meta property=\"og:title\" content=\"25 ngjarjet dhe deklaratat m\u00eb t\u00eb \u00e7uditshme t\u00eb 2011-s - FjALA e LIR\u00cb - Arkivi\" \/>\n<meta property=\"og:description\" content=\"&#8212; nga Mustafa Nano, 27.12.2011 \u00c7do her\u00eb, n\u00eb prag t\u00eb momentit t\u00eb nd\u00ebrrimit t\u00eb viteve, gazeta e gazetar\u00eb b\u00ebjn\u00eb ndonj\u00eb r\u00e9sum\u00e9. Un\u00eb po b\u00ebj timen: 1 \u2013 Libri m\u00eb i mir\u00eb: \u201cKoh\u00eb e Pamjaftueshme\u201d i Helena Kadares\u00eb. 2 \u2013 Ngjarja m\u00eb surreale: Panairi i librit, n\u00eb t\u00eb cilin star-\u00ebt ishin politikan\u00ebt-autor\u00eb. 3 \u2013 Fraza m\u00eb [&hellip;]\" \/>\n<meta property=\"og:url\" content=\"https:\/\/fjala.info\/2009-2015\/25-ngjarjet-dhe-deklaratat-me-te-cuditshme-te-2011-s\/\" \/>\n<meta property=\"og:site_name\" content=\"FjALA e LIR\u00cb - Arkivi\" \/>\n<meta property=\"article:published_time\" content=\"2011-12-27T08:57:48+00:00\" \/>\n<meta property=\"og:image\" content=\"http:\/\/www.shkoder.net\/images\/fjala\/mustafa_nano.jpg\" \/>\n<meta name=\"author\" content=\"admin\" \/>\n<meta name=\"twitter:card\" content=\"summary_large_image\" \/>\n<meta name=\"twitter:label1\" content=\"Written by\" \/>\n\t<meta name=\"twitter:data1\" content=\"admin\" \/>\n\t<meta name=\"twitter:label2\" content=\"Est. reading time\" \/>\n\t<meta name=\"twitter:data2\" content=\"3 minutes\" \/>\n<script type=\"application\/ld+json\" class=\"yoast-schema-graph\">{\"@context\":\"https:\\\/\\\/schema.org\",\"@graph\":[{\"@type\":\"Article\",\"@id\":\"https:\\\/\\\/fjala.info\\\/2009-2015\\\/25-ngjarjet-dhe-deklaratat-me-te-cuditshme-te-2011-s\\\/#article\",\"isPartOf\":{\"@id\":\"https:\\\/\\\/fjala.info\\\/2009-2015\\\/25-ngjarjet-dhe-deklaratat-me-te-cuditshme-te-2011-s\\\/\"},\"author\":{\"name\":\"admin\",\"@id\":\"https:\\\/\\\/fjala.info\\\/2009-2015\\\/#\\\/schema\\\/person\\\/3aa1163ef05469c496fc94e77611ada2\"},\"headline\":\"25 ngjarjet dhe deklaratat m\u00eb t\u00eb \u00e7uditshme t\u00eb 2011-s\",\"datePublished\":\"2011-12-27T08:57:48+00:00\",\"mainEntityOfPage\":{\"@id\":\"https:\\\/\\\/fjala.info\\\/2009-2015\\\/25-ngjarjet-dhe-deklaratat-me-te-cuditshme-te-2011-s\\\/\"},\"wordCount\":692,\"commentCount\":0,\"publisher\":{\"@id\":\"https:\\\/\\\/fjala.info\\\/2009-2015\\\/#organization\"},\"image\":{\"@id\":\"https:\\\/\\\/fjala.info\\\/2009-2015\\\/25-ngjarjet-dhe-deklaratat-me-te-cuditshme-te-2011-s\\\/#primaryimage\"},\"thumbnailUrl\":\"http:\\\/\\\/www.shkoder.net\\\/images\\\/fjala\\\/mustafa_nano.jpg\",\"articleSection\":[\"Artikuj\"],\"inLanguage\":\"sq-AL\",\"potentialAction\":[{\"@type\":\"CommentAction\",\"name\":\"Comment\",\"target\":[\"https:\\\/\\\/fjala.info\\\/2009-2015\\\/25-ngjarjet-dhe-deklaratat-me-te-cuditshme-te-2011-s\\\/#respond\"]}]},{\"@type\":\"WebPage\",\"@id\":\"https:\\\/\\\/fjala.info\\\/2009-2015\\\/25-ngjarjet-dhe-deklaratat-me-te-cuditshme-te-2011-s\\\/\",\"url\":\"https:\\\/\\\/fjala.info\\\/2009-2015\\\/25-ngjarjet-dhe-deklaratat-me-te-cuditshme-te-2011-s\\\/\",\"name\":\"25 ngjarjet dhe deklaratat m\u00eb t\u00eb \u00e7uditshme t\u00eb 2011-s - FjALA e LIR\u00cb - Arkivi\",\"isPartOf\":{\"@id\":\"https:\\\/\\\/fjala.info\\\/2009-2015\\\/#website\"},\"primaryImageOfPage\":{\"@id\":\"https:\\\/\\\/fjala.info\\\/2009-2015\\\/25-ngjarjet-dhe-deklaratat-me-te-cuditshme-te-2011-s\\\/#primaryimage\"},\"image\":{\"@id\":\"https:\\\/\\\/fjala.info\\\/2009-2015\\\/25-ngjarjet-dhe-deklaratat-me-te-cuditshme-te-2011-s\\\/#primaryimage\"},\"thumbnailUrl\":\"http:\\\/\\\/www.shkoder.net\\\/images\\\/fjala\\\/mustafa_nano.jpg\",\"datePublished\":\"2011-12-27T08:57:48+00:00\",\"breadcrumb\":{\"@id\":\"https:\\\/\\\/fjala.info\\\/2009-2015\\\/25-ngjarjet-dhe-deklaratat-me-te-cuditshme-te-2011-s\\\/#breadcrumb\"},\"inLanguage\":\"sq-AL\",\"potentialAction\":[{\"@type\":\"ReadAction\",\"target\":[\"https:\\\/\\\/fjala.info\\\/2009-2015\\\/25-ngjarjet-dhe-deklaratat-me-te-cuditshme-te-2011-s\\\/\"]}]},{\"@type\":\"ImageObject\",\"inLanguage\":\"sq-AL\",\"@id\":\"https:\\\/\\\/fjala.info\\\/2009-2015\\\/25-ngjarjet-dhe-deklaratat-me-te-cuditshme-te-2011-s\\\/#primaryimage\",\"url\":\"http:\\\/\\\/www.shkoder.net\\\/images\\\/fjala\\\/mustafa_nano.jpg\",\"contentUrl\":\"http:\\\/\\\/www.shkoder.net\\\/images\\\/fjala\\\/mustafa_nano.jpg\"},{\"@type\":\"BreadcrumbList\",\"@id\":\"https:\\\/\\\/fjala.info\\\/2009-2015\\\/25-ngjarjet-dhe-deklaratat-me-te-cuditshme-te-2011-s\\\/#breadcrumb\",\"itemListElement\":[{\"@type\":\"ListItem\",\"position\":1,\"name\":\"Home\",\"item\":\"https:\\\/\\\/fjala.info\\\/2009-2015\\\/\"},{\"@type\":\"ListItem\",\"position\":2,\"name\":\"25 ngjarjet dhe deklaratat m\u00eb t\u00eb \u00e7uditshme t\u00eb 2011-s\"}]},{\"@type\":\"WebSite\",\"@id\":\"https:\\\/\\\/fjala.info\\\/2009-2015\\\/#website\",\"url\":\"https:\\\/\\\/fjala.info\\\/2009-2015\\\/\",\"name\":\"FjALA e LIR\u00cb - Arkivi\",\"description\":\"Arkivi 2009-2015\",\"publisher\":{\"@id\":\"https:\\\/\\\/fjala.info\\\/2009-2015\\\/#organization\"},\"potentialAction\":[{\"@type\":\"SearchAction\",\"target\":{\"@type\":\"EntryPoint\",\"urlTemplate\":\"https:\\\/\\\/fjala.info\\\/2009-2015\\\/?s={search_term_string}\"},\"query-input\":{\"@type\":\"PropertyValueSpecification\",\"valueRequired\":true,\"valueName\":\"search_term_string\"}}],\"inLanguage\":\"sq-AL\"},{\"@type\":\"Organization\",\"@id\":\"https:\\\/\\\/fjala.info\\\/2009-2015\\\/#organization\",\"name\":\"FjALA e LIR\u00cb - Arkivi\",\"url\":\"https:\\\/\\\/fjala.info\\\/2009-2015\\\/\",\"logo\":{\"@type\":\"ImageObject\",\"inLanguage\":\"sq-AL\",\"@id\":\"https:\\\/\\\/fjala.info\\\/2009-2015\\\/#\\\/schema\\\/logo\\\/image\\\/\",\"url\":\"\",\"contentUrl\":\"\",\"caption\":\"FjALA e LIR\u00cb - Arkivi\"},\"image\":{\"@id\":\"https:\\\/\\\/fjala.info\\\/2009-2015\\\/#\\\/schema\\\/logo\\\/image\\\/\"}},{\"@type\":\"Person\",\"@id\":\"https:\\\/\\\/fjala.info\\\/2009-2015\\\/#\\\/schema\\\/person\\\/3aa1163ef05469c496fc94e77611ada2\",\"name\":\"admin\",\"image\":{\"@type\":\"ImageObject\",\"inLanguage\":\"sq-AL\",\"@id\":\"https:\\\/\\\/fjala.info\\\/2009-2015\\\/wp-content\\\/uploads\\\/2012\\\/02\\\/arben_cokaj-120x150.jpg\",\"url\":\"https:\\\/\\\/fjala.info\\\/2009-2015\\\/wp-content\\\/uploads\\\/2012\\\/02\\\/arben_cokaj-120x150.jpg\",\"contentUrl\":\"https:\\\/\\\/fjala.info\\\/2009-2015\\\/wp-content\\\/uploads\\\/2012\\\/02\\\/arben_cokaj-120x150.jpg\",\"caption\":\"admin\"},\"description\":\"Admin, Fjala e Lir\u00eb\",\"sameAs\":[\"https:\\\/\\\/fjala.info\\\/\"],\"url\":\"https:\\\/\\\/fjala.info\\\/2009-2015\\\/author\\\/admin\\\/\"}]}<\/script>\n<!-- \/ Yoast SEO plugin. -->","yoast_head_json":{"title":"25 ngjarjet dhe deklaratat m\u00eb t\u00eb \u00e7uditshme t\u00eb 2011-s - FjALA e LIR\u00cb - Arkivi","robots":{"index":"index","follow":"follow","max-snippet":"max-snippet:-1","max-image-preview":"max-image-preview:large","max-video-preview":"max-video-preview:-1"},"canonical":"https:\/\/fjala.info\/2009-2015\/25-ngjarjet-dhe-deklaratat-me-te-cuditshme-te-2011-s\/","og_locale":"sq_AL","og_type":"article","og_title":"25 ngjarjet dhe deklaratat m\u00eb t\u00eb \u00e7uditshme t\u00eb 2011-s - FjALA e LIR\u00cb - Arkivi","og_description":"&#8212; nga Mustafa Nano, 27.12.2011 \u00c7do her\u00eb, n\u00eb prag t\u00eb momentit t\u00eb nd\u00ebrrimit t\u00eb viteve, gazeta e gazetar\u00eb b\u00ebjn\u00eb ndonj\u00eb r\u00e9sum\u00e9. Un\u00eb po b\u00ebj timen: 1 \u2013 Libri m\u00eb i mir\u00eb: \u201cKoh\u00eb e Pamjaftueshme\u201d i Helena Kadares\u00eb. 2 \u2013 Ngjarja m\u00eb surreale: Panairi i librit, n\u00eb t\u00eb cilin star-\u00ebt ishin politikan\u00ebt-autor\u00eb. 3 \u2013 Fraza m\u00eb [&hellip;]","og_url":"https:\/\/fjala.info\/2009-2015\/25-ngjarjet-dhe-deklaratat-me-te-cuditshme-te-2011-s\/","og_site_name":"FjALA e LIR\u00cb - Arkivi","article_published_time":"2011-12-27T08:57:48+00:00","og_image":[{"url":"http:\/\/www.shkoder.net\/images\/fjala\/mustafa_nano.jpg","type":"","width":"","height":""}],"author":"admin","twitter_card":"summary_large_image","twitter_misc":{"Written by":"admin","Est. reading time":"3 minutes"},"schema":{"@context":"https:\/\/schema.org","@graph":[{"@type":"Article","@id":"https:\/\/fjala.info\/2009-2015\/25-ngjarjet-dhe-deklaratat-me-te-cuditshme-te-2011-s\/#article","isPartOf":{"@id":"https:\/\/fjala.info\/2009-2015\/25-ngjarjet-dhe-deklaratat-me-te-cuditshme-te-2011-s\/"},"author":{"name":"admin","@id":"https:\/\/fjala.info\/2009-2015\/#\/schema\/person\/3aa1163ef05469c496fc94e77611ada2"},"headline":"25 ngjarjet dhe deklaratat m\u00eb t\u00eb \u00e7uditshme t\u00eb 2011-s","datePublished":"2011-12-27T08:57:48+00:00","mainEntityOfPage":{"@id":"https:\/\/fjala.info\/2009-2015\/25-ngjarjet-dhe-deklaratat-me-te-cuditshme-te-2011-s\/"},"wordCount":692,"commentCount":0,"publisher":{"@id":"https:\/\/fjala.info\/2009-2015\/#organization"},"image":{"@id":"https:\/\/fjala.info\/2009-2015\/25-ngjarjet-dhe-deklaratat-me-te-cuditshme-te-2011-s\/#primaryimage"},"thumbnailUrl":"http:\/\/www.shkoder.net\/images\/fjala\/mustafa_nano.jpg","articleSection":["Artikuj"],"inLanguage":"sq-AL","potentialAction":[{"@type":"CommentAction","name":"Comment","target":["https:\/\/fjala.info\/2009-2015\/25-ngjarjet-dhe-deklaratat-me-te-cuditshme-te-2011-s\/#respond"]}]},{"@type":"WebPage","@id":"https:\/\/fjala.info\/2009-2015\/25-ngjarjet-dhe-deklaratat-me-te-cuditshme-te-2011-s\/","url":"https:\/\/fjala.info\/2009-2015\/25-ngjarjet-dhe-deklaratat-me-te-cuditshme-te-2011-s\/","name":"25 ngjarjet dhe deklaratat m\u00eb t\u00eb \u00e7uditshme t\u00eb 2011-s - FjALA e LIR\u00cb - Arkivi","isPartOf":{"@id":"https:\/\/fjala.info\/2009-2015\/#website"},"primaryImageOfPage":{"@id":"https:\/\/fjala.info\/2009-2015\/25-ngjarjet-dhe-deklaratat-me-te-cuditshme-te-2011-s\/#primaryimage"},"image":{"@id":"https:\/\/fjala.info\/2009-2015\/25-ngjarjet-dhe-deklaratat-me-te-cuditshme-te-2011-s\/#primaryimage"},"thumbnailUrl":"http:\/\/www.shkoder.net\/images\/fjala\/mustafa_nano.jpg","datePublished":"2011-12-27T08:57:48+00:00","breadcrumb":{"@id":"https:\/\/fjala.info\/2009-2015\/25-ngjarjet-dhe-deklaratat-me-te-cuditshme-te-2011-s\/#breadcrumb"},"inLanguage":"sq-AL","potentialAction":[{"@type":"ReadAction","target":["https:\/\/fjala.info\/2009-2015\/25-ngjarjet-dhe-deklaratat-me-te-cuditshme-te-2011-s\/"]}]},{"@type":"ImageObject","inLanguage":"sq-AL","@id":"https:\/\/fjala.info\/2009-2015\/25-ngjarjet-dhe-deklaratat-me-te-cuditshme-te-2011-s\/#primaryimage","url":"http:\/\/www.shkoder.net\/images\/fjala\/mustafa_nano.jpg","contentUrl":"http:\/\/www.shkoder.net\/images\/fjala\/mustafa_nano.jpg"},{"@type":"BreadcrumbList","@id":"https:\/\/fjala.info\/2009-2015\/25-ngjarjet-dhe-deklaratat-me-te-cuditshme-te-2011-s\/#breadcrumb","itemListElement":[{"@type":"ListItem","position":1,"name":"Home","item":"https:\/\/fjala.info\/2009-2015\/"},{"@type":"ListItem","position":2,"name":"25 ngjarjet dhe deklaratat m\u00eb t\u00eb \u00e7uditshme t\u00eb 2011-s"}]},{"@type":"WebSite","@id":"https:\/\/fjala.info\/2009-2015\/#website","url":"https:\/\/fjala.info\/2009-2015\/","name":"FjALA e LIR\u00cb - Arkivi","description":"Arkivi 2009-2015","publisher":{"@id":"https:\/\/fjala.info\/2009-2015\/#organization"},"potentialAction":[{"@type":"SearchAction","target":{"@type":"EntryPoint","urlTemplate":"https:\/\/fjala.info\/2009-2015\/?s={search_term_string}"},"query-input":{"@type":"PropertyValueSpecification","valueRequired":true,"valueName":"search_term_string"}}],"inLanguage":"sq-AL"},{"@type":"Organization","@id":"https:\/\/fjala.info\/2009-2015\/#organization","name":"FjALA e LIR\u00cb - Arkivi","url":"https:\/\/fjala.info\/2009-2015\/","logo":{"@type":"ImageObject","inLanguage":"sq-AL","@id":"https:\/\/fjala.info\/2009-2015\/#\/schema\/logo\/image\/","url":"","contentUrl":"","caption":"FjALA e LIR\u00cb - Arkivi"},"image":{"@id":"https:\/\/fjala.info\/2009-2015\/#\/schema\/logo\/image\/"}},{"@type":"Person","@id":"https:\/\/fjala.info\/2009-2015\/#\/schema\/person\/3aa1163ef05469c496fc94e77611ada2","name":"admin","image":{"@type":"ImageObject","inLanguage":"sq-AL","@id":"https:\/\/fjala.info\/2009-2015\/wp-content\/uploads\/2012\/02\/arben_cokaj-120x150.jpg","url":"https:\/\/fjala.info\/2009-2015\/wp-content\/uploads\/2012\/02\/arben_cokaj-120x150.jpg","contentUrl":"https:\/\/fjala.info\/2009-2015\/wp-content\/uploads\/2012\/02\/arben_cokaj-120x150.jpg","caption":"admin"},"description":"Admin, Fjala e Lir\u00eb","sameAs":["https:\/\/fjala.info\/"],"url":"https:\/\/fjala.info\/2009-2015\/author\/admin\/"}]}},"_links":{"self":[{"href":"https:\/\/fjala.info\/2009-2015\/wp-json\/wp\/v2\/posts\/11551","targetHints":{"allow":["GET"]}}],"collection":[{"href":"https:\/\/fjala.info\/2009-2015\/wp-json\/wp\/v2\/posts"}],"about":[{"href":"https:\/\/fjala.info\/2009-2015\/wp-json\/wp\/v2\/types\/post"}],"author":[{"embeddable":true,"href":"https:\/\/fjala.info\/2009-2015\/wp-json\/wp\/v2\/users\/1"}],"replies":[{"embeddable":true,"href":"https:\/\/fjala.info\/2009-2015\/wp-json\/wp\/v2\/comments?post=11551"}],"version-history":[{"count":0,"href":"https:\/\/fjala.info\/2009-2015\/wp-json\/wp\/v2\/posts\/11551\/revisions"}],"wp:attachment":[{"href":"https:\/\/fjala.info\/2009-2015\/wp-json\/wp\/v2\/media?parent=11551"}],"wp:term":[{"taxonomy":"category","embeddable":true,"href":"https:\/\/fjala.info\/2009-2015\/wp-json\/wp\/v2\/categories?post=11551"},{"taxonomy":"post_tag","embeddable":true,"href":"https:\/\/fjala.info\/2009-2015\/wp-json\/wp\/v2\/tags?post=11551"}],"curies":[{"name":"wp","href":"https:\/\/api.w.org\/{rel}","templated":true}]}}