{"id":11550,"date":"2011-12-27T09:03:19","date_gmt":"2011-12-27T08:03:19","guid":{"rendered":"http:\/\/fjala.shkoder.net\/?p=815"},"modified":"2011-12-27T09:03:19","modified_gmt":"2011-12-27T08:03:19","slug":"ne-duhet-te-mesohemi-me-kritiken-e-mirefillte-dhe-ajo-duhet-te-respektohet","status":"publish","type":"post","link":"https:\/\/fjala.info\/2009-2015\/ne-duhet-te-mesohemi-me-kritiken-e-mirefillte-dhe-ajo-duhet-te-respektohet\/","title":{"rendered":"NE DUHET T\u00cb M\u00cbSOHEMI ME KRITIK\u00cbN E MIR\u00cbFILLT\u00cb DHE AJO DUHET T\u00cb RESPEKTOHET!&#8230;"},"content":{"rendered":"<p><img decoding=\"async\" class=\"alignright size-thumbnail wp-image-7236\" title=\"Shefqet Dibrani - LDK\" src=\"http:\/\/www.shkoder.net\/images\/fjala\/2011\/shd_ldk_liber.jpg\" alt=\"\" width=\"300\" \/> <em>Fjala e z. <strong>Sallah Januzi<\/strong>, kryetar i N\u00ebndeg\u00ebs s\u00eb LDK-s\u00eb n\u00eb St. Gallen t\u00eb Zvicr\u00ebs<\/em><br \/>\n<em> Me rastin e promovimit t\u00eb librit &#8220;11 MINUTA PARA OR\u00cbS &#8217;00 ose mirazhi i suksest t\u00eb LDK-s\u00eb &#8220;, t\u00eb Shefqet Dibranit.<\/em><\/p>\n<p>P\u00ebrsh\u00ebndetja:<\/p>\n<p>T\u00eb nderuar zonja dhe zot\u00ebrinj,<br \/>\nmiq t\u00eb dashur, aktivist dhe personalitete t\u00eb jet\u00ebs publike!<\/p>\n<p>Shkas p\u00ebr tubimin ton\u00eb \u00ebsht\u00eb miku yn\u00eb, veprimtari shum\u00ebvje\u00e7ar, poeti dhe shkrimtari Shefqet Dibrani t\u00eb cilin e p\u00ebrsh\u00ebndes ngroht\u00ebsisht, bashk\u00eb me familjen e tij.<\/p>\n<p>Natyrisht nuk do t\u00eb mungoj\u00eb nj\u00eb p\u00ebrsh\u00ebndetje e ngroht\u00eb p\u00ebr t\u00eb gjith\u00eb ju q\u00eb keni ardhur n\u00eb k\u00ebt\u00eb tubim tonin p\u00ebr ta nderuar bashk\u00ebrisht nj\u00eb krijues, po m\u00eb shum\u00eb p\u00ebr ta nderuar me diskutimet tuaja vepr\u00ebn e nj\u00eb autori, q\u00eb tashm\u00eb po d\u00ebshmohet se \u00ebsht\u00eb mjaft\u00eb i suksessh\u00ebm!<\/p>\n<p>Ndoshta dikush do t\u00eb pyeste pse ky tubim n\u00eb em\u00ebr t\u00eb N\u00ebndeg\u00ebs s\u00eb LDK-s\u00eb, pas kaq e kaq vitesh heshtjeje. Nuk dua t&#8217;i elaboroj\u00eb n\u00eb k\u00ebt\u00eb aktivitet kulturor, por pa dyshim ishte sakrifica dhe guximi i Shefqet Dibranit, jo p\u00ebr t\u00eb kritikuar, por p\u00ebr t\u00eb hapur debat brenda LDK-s\u00eb q\u00eb m\u00eb shtyri t\u00eb solidarizohem me konceptet dhe pik\u00ebpamjet e tija. Me nj\u00eb Njeri, i cili qoft\u00eb si aktivist, por m\u00eb shum\u00eb si krijues \u00ebsht\u00eb d\u00ebshmuar i fort dhe i q\u00ebndruesh\u00ebm, dhe kjo ishte gj\u00ebja m\u00eb e pakt q\u00eb n\u00eb k\u00ebto momente mundja t\u00eb b\u00ebja p\u00ebr te, sepse kam v\u00ebrejtur: Ne si komb gjith\u00e7ka mund t&#8217;i pranojm\u00eb nj\u00ebri tjetrit por suksesin nuk mund t&#8217;ia pranojm\u00eb askujt.<\/p>\n<p>Le t\u00eb mbetet ky gjest i N\u00ebndeg\u00ebs s\u00eb LDK-s\u00eb n\u00eb St. Gallen nj\u00eb simbolik e t\u00eb kund\u00ebrt\u00ebs, sepse edhe ashtu t\u00eb gjitha arritjet e Shefqet Dibranit rr\u00ebnj\u00ebt i kan\u00eb n\u00eb k\u00ebt\u00eb qytet, bashk\u00eb me t\u00eb gjitha nismat e tij edhe n\u00eb fush\u00ebn letrare.<\/p>\n<p style=\"text-align: center;\">* * *<\/p>\n<p><em>V\u00cbSHTRIM<\/em>:<\/p>\n<p><strong>NE DUHET T\u00cb M\u00cbSOHEMI ME KRITIK\u00cbN E MIR\u00cbFILLT\u00cb DHE AJO DUHET T\u00cb RESPEKTOHET!&#8230;<\/strong><br \/>\n(<strong>Shefqet DIBRANI<\/strong>: \u201e<em>11 MINUTA PARA OR\u00cbS &#8217;00 ose mirazhi i suksesit t\u00eb LDK-s\u00eb<\/em>\u201c, <em>Prishtin\u00eb 2011<\/em>).<\/p>\n<p>T\u00eb flas\u00ebsh n\u00eb m\u00ebnyr\u00eb profesionale si kritik, (pasi un\u00eb nuk jam i k\u00ebsaj fushe), kam hezitim, por e di se t\u00eb flas\u00ebsh p\u00ebr librin e nj\u00eb autori, n\u00eb k\u00ebt\u00eb rast t\u00eb Shefqet Dibranit duhesh ta njoh\u00ebsh mir\u00eb aktivitetin, jet\u00ebn, peripecit\u00eb dhe rrug\u00ebn n\u00ebp\u00ebr t\u00eb cil\u00ebn kaloi dhe veproi ai deri sa u b\u00eb autor i njohur. N\u00eb k\u00ebt\u00eb pik\u00eb ndjehem m\u00eb i sigurt, pasi i ka mbi 20 vite q\u00eb kemi punuar bashk\u00ebrisht, prandaj po i jap vet\u00ebs t\u00eb drejt q\u00eb t\u00eb flas edhe si kritik i vepr\u00ebs por edhe i jet\u00ebs s\u00eb autorit!<\/p>\n<p>Rrug\u00eb kjo p\u00ebrplot pengesa, madje jeta e tij u p\u00ebrcoll edhe me k\u00ebrc\u00ebnime e likuidime fizike, jo p\u00ebr gj\u00eb tjet\u00ebr, vet\u00ebm pse Sh. D. gjithmon\u00eb e ka th\u00ebn\u00eb t\u00eb v\u00ebrteten, drejt, tro\u00e7 mu ashtu si\u00e7 edhe ishin. Kjo vep\u00ebr, sjell p\u00ebrshkrimin e tij jet\u00ebsor, si nj\u00eb pjes\u00eb e aktivitetit t\u00eb tij, q\u00eb kan\u00eb dal\u00eb si nj\u00eb lloj proteste p\u00ebr anomalit\u00eb e shumta q\u00eb nga viti 1990, kur edhe u themelua N\u00ebndega e LDK-s\u00eb e gjer m\u00eb sivjet kur u botua ky lib\u00ebr. Me k\u00ebt\u00eb vep\u00ebr autori u tregua si Njeriu q\u00eb m\u00eb s\u00eb miri i ka mbrojtur pik\u00ebpamjet politike dhe komb\u00ebtare q\u00eb udh\u00ebhiqeshin nga Presidenti Historik i Kosov\u00ebs Dr. Ibrahim Rugova. Vullneti i mir\u00eb dhe misioni i tij fisnik p\u00ebrmes LDK-s\u00eb i sh\u00ebrbeu Kosov\u00ebs.<\/p>\n<p>K\u00ebt\u00eb gj\u00eb m\u00eb mir\u00eb se kushdo tjet\u00ebr e ka konkretizuar Shefqet Dibrani, qoft\u00eb p\u00ebrmes angazhimit t\u00eb tij n\u00eb politik\u00eb, e qoft\u00eb me analizat brilante t\u00eb cilat me kalimin e koh\u00ebs u d\u00ebshmuan mjaft\u00eb t\u00eb sakta. Autori e ka ruajtur nj\u00eb koncept dhe vizion t\u00eb qart\u00eb q\u00eb nga dita e an\u00ebtar\u00ebsimit n\u00eb LDK e deri m\u00eb sot, por kritika e tij p\u00ebr zhvillimet e brendshme politike, kan\u00eb qen\u00eb tipar i vazhduesh\u00ebm, dhe me sa e kuptoj un\u00eb, gjithmon\u00eb me q\u00ebllimin m\u00eb t\u00eb mir\u00eb p\u00ebr ta p\u00ebrparuar LDK-n\u00eb dhe p\u00ebr ta quar \u00e7\u00ebshtjen komb\u00ebtare p\u00ebrpara.<\/p>\n<p>Aktiviteti politik i Sh. Dibranit nis dhe zhvillohet p\u00ebrmes shkrimeve e komenteve mjaft\u00eb realiste. Ato bazohen n\u00eb ngjarjet e p\u00ebrditshme, qofshin ato n\u00eb vendlindjen e tij a n\u00eb trojet shqiptare, po m\u00eb shum\u00eb n\u00eb diaspor\u00ebn shqiptare. Pra, libri \u201c11 MINUTA PARA OR\u00cbS &#8217;00 ose mirazhi i suksesit t\u00eb LDK-s\u00eb\u201d, \u00ebsht\u00eb nj\u00eb p\u00ebrmbledhje kronologjike e parashikimeve t\u00eb tij rreth zhvillimeve politike q\u00eb ndodhnin n\u00eb vendlindje, si dhe parashikimet dhe pasojat q\u00eb do t\u00eb l\u00ebn\u00eb vrag\u00eb n\u00eb t\u00eb ardhmen e Kosov\u00ebs.<\/p>\n<p>Interesant, libri fillon me nj\u00eb let\u00ebr-korrespondenc\u00eb n\u00eb mes m\u00ebrgimtarit Shefqet D. dhe k\u00ebshilltarit politik I. Berisha, q\u00eb ky i fundit, ishte te presidenti i Republik\u00ebs s\u00eb Kosov\u00eb Fatmir Sejdiu. Autori e p\u00ebrshkruan n\u00eb m\u00ebnyr\u00eb shum\u00eb t\u00eb qart\u00eb se si injorohet ai \u2013 qytetari nga ana e k\u00ebtij k\u00ebshilltari, kurse kryetari i shtetit hesht duke mos e p\u00ebrfillur interesin e qytetarit \u2013 popullit si dhe ligjet kushtetuese. N\u00eb k\u00ebt\u00eb rast, poeti e p\u00ebrshkruan injoranc\u00ebn dhe posht\u00ebrimet e k\u00ebtyre njer\u00ebzve q\u00eb i b\u00ebnin LDK-s\u00eb dhe dr. Ibrahim Rugov\u00ebs, ku nj\u00eb pjes\u00eb e k\u00ebtyre njer\u00ebzve si\u00e7 thot\u00eb vet autori, mrizonin n\u00ebn hijen e kryesis\u00eb s\u00eb LDK-s\u00eb.<\/p>\n<p>Si\u00e7 tham\u00eb: Libri \u00ebsht\u00eb sajuar nga shkrimet, reagimet, analizat dhe komentet gjat\u00eb zhvillimeve politike q\u00eb kan\u00eb ndodhur n\u00eb LDK, si nj\u00eb apel p\u00ebr reforma n\u00eb LDK. Ve\u00e7mas duhet p\u00ebrmendur shkrimi \u201cA do ta kap\u00ebrcej LDK-ja Ylberin\u201d, botuar n\u00eb gazet\u00ebn &#8220;Bota sot&#8221;, t\u00eb dat\u00ebs 16 maj 2000, ku autori i librit n\u00eb k\u00ebt\u00eb shkrim jo q\u00eb paraqet pik\u00ebpamjet e tij p\u00ebr zhvillimet politike q\u00eb ndodhnin n\u00eb LDK, por qysh at\u00ebher\u00eb ai ka prezantuar publikisht nj\u00eb platform\u00eb politike p\u00ebr reforma, reforma q\u00eb nuk u b\u00ebn\u00eb kurr\u00eb, por q\u00eb i kushtuan shum\u00eb LDK-s\u00eb dhe Kosov\u00ebs s&#8217;ka dyshim. Analiza n\u00eb fjal\u00eb \u00ebsht\u00eb aktuale edhe sot p\u00ebr kryesin\u00eb e LDK-s\u00eb.<\/p>\n<p>Autori n\u00eb k\u00ebt\u00eb lib\u00ebr i ka paraqitur n\u00eb m\u00ebnyr\u00eb realiste zhvillimet dhe ngjarjet q\u00eb ndodh\u00ebn n\u00eb kryesin e LDK-s\u00eb, q\u00eb nga fillimi i saj e deri m\u00eb sot. N\u00eb m\u00ebnyr\u00eb shum\u00eb t\u00eb mir\u00eb i p\u00ebrshkruan q\u00ebllimet e garnitur\u00ebs dhe grupeve marksiste-leniniste q\u00eb ishin futur n\u00eb kryesin\u00eb e LDK-s\u00eb, p\u00ebr ta marr\u00eb si\u00e7 thuhej &#8220;Kalan\u00eb nga brenda&#8221;, po m\u00eb shum\u00eb p\u00ebr ta penguar e shantazhuar veprimin demokratik t\u00eb LDK-s\u00eb, ato grupe duke e penguar LDK-n\u00eb, e d\u00ebmtonin r\u00ebnd\u00eb \u00e7\u00ebshtjen komb\u00ebtare.<\/p>\n<p>Me k\u00ebto sjellje kryesia e LDK-s\u00eb u gjet e pap\u00ebrgatitur p\u00ebr t\u00eb p\u00ebrballuar luft\u00ebn e armatosur. Autori i p\u00ebrshkruan mir\u00eb veprimet e sh\u00ebmtuara t\u00eb k\u00ebtyre grupeve q\u00eb ishin stacionuar n\u00eb vilat luksoze t\u00eb socialist\u00ebve n\u00eb Tiran\u00eb, pastaj ai kritikon edhe veprimin posht\u00ebrues t\u00eb strukturave komanduese n\u00eb Qeverin\u00eb e Kosov\u00ebs n\u00eb ekzil t\u00eb cil\u00ebs i printe Bujar Bukoshi, i cili i shantazhonte veprimet e mira t\u00eb LDK-s\u00eb, n\u00eb rrethanat m\u00eb t\u00eb ashp\u00ebrsuara q\u00eb kalonte Kosova. Kurse mjerimin e k\u00ebsaj garniture e praqet n\u00eb m\u00ebnyr\u00eb t\u00eb sakt\u00eb dhe kronologjike, gj\u00eb q\u00eb shihet se ka mbajtur sh\u00ebnime dhe ka ruajtur dokumente.<\/p>\n<p>Si\u00e7 tham\u00eb, autori i p\u00ebrshkruan n\u00eb holl\u00ebsi veprimet posht\u00ebruese t\u00eb qeveris\u00eb s\u00eb Kosov\u00ebs n\u00eb egzil n\u00eb krye me Bujar Bukoshin t\u00eb cil\u00ebt i sabotonin veprimet e mira t\u00eb Kryesis\u00eb Qendrore t\u00eb LDK-s\u00eb, Institucionin e Presidenc\u00ebs, Qendr\u00ebn p\u00ebr Informim t\u00eb Kosov\u00ebs, pra QIK-un, t\u00eb cil\u00ebn e udh\u00ebhoqi deri sa e vran\u00eb Enver Maloku. Pastaj ai, p\u00ebrmes k\u00ebtij libri na i rikujton edhe rastin e shkarkimit t\u00eb z. Nazmi Peci nga Komisionin i 3 % n\u00eb Zvic\u00ebr, shkarkimet tjera mafioze dhe misterioze n\u00eb p\u00ebrfaq\u00ebsin\u00eb e zyr\u00ebs s\u00eb Kosov\u00ebs n\u00eb Tiran\u00eb: t\u00eb Dr. Ali Aliut, Anton Kol\u00ebs, pastaj shkarkimin e Mr. Nik\u00eb Gjeloshit dhe Ramush Tahirit nga postet m\u00eb t\u00eb larta n\u00eb Qeveri, acarimin e raporteve me Hafiz Gagic\u00ebn \u2013Kryetar i Deg\u00ebs s\u00eb LDK-s\u00eb n\u00eb Gjermani etj. etj.<\/p>\n<p>T\u00eb gjitha k\u00ebto veprime Bukoshi i ka b\u00ebr\u00eb n\u00eb koordinim me t\u00eb majt\u00ebn e Kosov\u00ebs dhe Partin\u00eb Socialistet t\u00eb Shqip\u00ebris\u00eb, n\u00eb d\u00ebm t\u00eb interesave komb\u00ebtare e ve\u00e7mas n\u00eb d\u00ebm t\u00eb LDK-s\u00eb.<\/p>\n<p>N\u00eb shkrimin analitik &#8220;Kush do ta trondit sken\u00ebn politike n\u00eb Kosov\u00eb&#8221; autori e p\u00ebrshkuan holl\u00ebsisht se si klani komunist e kishte pushtuar kalan\u00eb e LDK-s\u00eb dhe e kishte arritur maksimumin e q\u00ebllimit t\u00eb tyre duke e paralizuar gjith\u00eb veprimtarin politike t\u00eb LDK-s\u00eb, n\u00eb nj\u00eb koh\u00eb shum\u00eb t\u00eb v\u00ebshtir\u00eb p\u00ebr Kosov\u00ebn sepse mu at\u00ebher\u00eb duhej t\u00eb ishte unik faktori politik n\u00eb q\u00ebndrimet diplomatike dhe ushtarake.<\/p>\n<p>P\u00ebr LDK-n\u00eb, si\u00e7 thot\u00eb autori, gangren\u00eb e shnd\u00ebrruar n\u00eb s\u00ebmundje kancerogjene q\u00eb po i ngulfatin veprimet demokratike, &#8220;jan\u00eb funksionet e dyfishta dhe postet e pes\u00ebfishta&#8221; t\u00eb cilat i mbajn\u00eb nj\u00eb klan i ngusht\u00eb n\u00eb kreun e LDK-s\u00eb, dhe q\u00eb duhet t\u00eb bartin p\u00ebrgjegj\u00ebsi p\u00ebr t\u00eb gjitha d\u00ebshtimet q\u00eb po i ndodhin LDK-s\u00eb, shtres\u00eb kjo e cila plot goj\u00ebn e ka reforma e demokraci dhe asgj\u00eb nuk b\u00ebjn\u00eb p\u00ebr demokracin\u00eb, ve\u00e7mas pas vdekjes s\u00eb Presidentit dr. Ibrahim Rugova, ku nuk kan\u00eb t\u00eb b\u00ebjn\u00eb asgj\u00eb t\u00eb p\u00ebrbashk\u00ebt me demokracin\u00eb.<\/p>\n<p>Mesazhi i autorit n\u00eb k\u00ebt\u00eb lib\u00ebr, nuk \u00ebsht\u00eb q\u00ebllimi q\u00eb ti etiketoj\u00eb: politikan\u00ebt, qeveritar\u00ebt, gazetar\u00ebt, por q\u00eb t&#8217;i nd\u00ebrgjegj\u00ebsoj\u00eb veprimet e tyre antinjer\u00ebzore, antiligjore dhe antikomb\u00ebtare, e thelbi i gjith\u00eb k\u00ebsaj \u00ebsht\u00eb q\u00eb t\u00eb mos dominoj\u00eb e keqja mbi t\u00eb mir\u00ebn, por t\u00eb dominoj njer\u00ebzorja dhe komb\u00ebtarja. Pra ai sugjeron q\u00eb n\u00eb \u00e7do instanc\u00eb apo pore t\u00eb jet\u00ebs t\u00eb dominoj\u00eb vlera e jo anti vlera, dija dhe jo mosdija, drejt\u00ebsia e jo padrejt\u00ebsia, pra me nj\u00eb fjal\u00eb respektimi i etik\u00ebs njer\u00ebzore dhe ligjeve n\u00eb fuqi.<\/p>\n<p>T\u00eb gjitha k\u00ebto autori i thot\u00eb me q\u00ebllimin m\u00eb t\u00eb mir\u00eb q\u00eb t&#8217;u l\u00ebshohet vendi gjeneratave t\u00eb reja t\u00eb cilat duhet ta marrin n\u00eb dor\u00eb udh\u00ebheqjen dhe nd\u00ebrtimin e shtetit, gjenerata k\u00ebto q\u00eb jam i bindur se do t\u00eb din ta nd\u00ebrtojn\u00eb t\u00eb ardhmen e vendit, t\u00eb krijojn\u00eb ura miq\u00ebsie me t\u00eb gjitha shtetet e bot\u00ebs, e n\u00eb ve\u00e7anti me shtetet mike n\u00eb krye me SHBA-t\u00eb.<\/p>\n<p>K\u00ebto \u00e7\u00ebshtje q\u00eb i theksuam m\u00eb lart\u00eb, jan\u00eb n\u00eb librin e autorit, gj\u00ebra k\u00ebto t\u00eb cilat nuk i ka shpikur autori, por t\u00eb d\u00ebshmuara dhe t\u00eb argumentuara me fakte konkrete, edhe pse p\u00ebr dik\u00eb e v\u00ebrteta \u00ebsht\u00eb shum\u00eb e dhembshme, ne duhet t\u00eb m\u00ebsohemi me kritik\u00ebn e mir\u00ebfillt\u00eb, dhe ajo duhet t\u00eb respektohet!&#8230;<\/p>\n<p><em>St. Gallen, 18 dhjetor 2011<\/em>.<br \/>\n<strong>Prof. Sallah Januzi<\/strong><\/p>\n","protected":false},"excerpt":{"rendered":"<p>Fjala e z. Sallah Januzi, kryetar i N\u00ebndeg\u00ebs s\u00eb LDK-s\u00eb n\u00eb St. Gallen t\u00eb Zvicr\u00ebs Me rastin e promovimit t\u00eb librit &#8220;11 MINUTA PARA OR\u00cbS &#8217;00 ose mirazhi i suksest t\u00eb LDK-s\u00eb &#8220;, t\u00eb Shefqet Dibranit. P\u00ebrsh\u00ebndetja: T\u00eb nderuar zonja dhe zot\u00ebrinj, miq t\u00eb dashur, aktivist dhe personalitete t\u00eb jet\u00ebs publike! Shkas p\u00ebr tubimin ton\u00eb [&hellip;]<\/p>\n","protected":false},"author":1,"featured_media":0,"comment_status":"open","ping_status":"closed","sticky":false,"template":"","format":"standard","meta":{"footnotes":""},"categories":[2],"tags":[],"class_list":{"0":"post-11550","1":"post","2":"type-post","3":"status-publish","4":"format-standard","6":"category-artikuj"},"yoast_head":"<!-- This site is optimized with the Yoast SEO plugin v27.4 - https:\/\/yoast.com\/product\/yoast-seo-wordpress\/ -->\n<title>NE DUHET T\u00cb M\u00cbSOHEMI ME KRITIK\u00cbN E MIR\u00cbFILLT\u00cb DHE AJO DUHET T\u00cb RESPEKTOHET!... - FjALA e LIR\u00cb - Arkivi<\/title>\n<meta name=\"robots\" content=\"index, follow, max-snippet:-1, max-image-preview:large, max-video-preview:-1\" \/>\n<link rel=\"canonical\" href=\"https:\/\/fjala.info\/2009-2015\/ne-duhet-te-mesohemi-me-kritiken-e-mirefillte-dhe-ajo-duhet-te-respektohet\/\" \/>\n<meta property=\"og:locale\" content=\"sq_AL\" \/>\n<meta property=\"og:type\" content=\"article\" \/>\n<meta property=\"og:title\" content=\"NE DUHET T\u00cb M\u00cbSOHEMI ME KRITIK\u00cbN E MIR\u00cbFILLT\u00cb DHE AJO DUHET T\u00cb RESPEKTOHET!... - FjALA e LIR\u00cb - Arkivi\" \/>\n<meta property=\"og:description\" content=\"Fjala e z. Sallah Januzi, kryetar i N\u00ebndeg\u00ebs s\u00eb LDK-s\u00eb n\u00eb St. Gallen t\u00eb Zvicr\u00ebs Me rastin e promovimit t\u00eb librit &#8220;11 MINUTA PARA OR\u00cbS &#8217;00 ose mirazhi i suksest t\u00eb LDK-s\u00eb &#8220;, t\u00eb Shefqet Dibranit. P\u00ebrsh\u00ebndetja: T\u00eb nderuar zonja dhe zot\u00ebrinj, miq t\u00eb dashur, aktivist dhe personalitete t\u00eb jet\u00ebs publike! Shkas p\u00ebr tubimin ton\u00eb [&hellip;]\" \/>\n<meta property=\"og:url\" content=\"https:\/\/fjala.info\/2009-2015\/ne-duhet-te-mesohemi-me-kritiken-e-mirefillte-dhe-ajo-duhet-te-respektohet\/\" \/>\n<meta property=\"og:site_name\" content=\"FjALA e LIR\u00cb - Arkivi\" \/>\n<meta property=\"article:published_time\" content=\"2011-12-27T08:03:19+00:00\" \/>\n<meta property=\"og:image\" content=\"http:\/\/www.shkoder.net\/images\/fjala\/2011\/shd_ldk_liber.jpg\" \/>\n<meta name=\"author\" content=\"admin\" \/>\n<meta name=\"twitter:card\" content=\"summary_large_image\" \/>\n<meta name=\"twitter:label1\" content=\"Written by\" \/>\n\t<meta name=\"twitter:data1\" content=\"admin\" \/>\n\t<meta name=\"twitter:label2\" content=\"Est. reading time\" \/>\n\t<meta name=\"twitter:data2\" content=\"9 minutes\" \/>\n<script type=\"application\/ld+json\" class=\"yoast-schema-graph\">{\"@context\":\"https:\\\/\\\/schema.org\",\"@graph\":[{\"@type\":\"Article\",\"@id\":\"https:\\\/\\\/fjala.info\\\/2009-2015\\\/ne-duhet-te-mesohemi-me-kritiken-e-mirefillte-dhe-ajo-duhet-te-respektohet\\\/#article\",\"isPartOf\":{\"@id\":\"https:\\\/\\\/fjala.info\\\/2009-2015\\\/ne-duhet-te-mesohemi-me-kritiken-e-mirefillte-dhe-ajo-duhet-te-respektohet\\\/\"},\"author\":{\"name\":\"admin\",\"@id\":\"https:\\\/\\\/fjala.info\\\/2009-2015\\\/#\\\/schema\\\/person\\\/3aa1163ef05469c496fc94e77611ada2\"},\"headline\":\"NE DUHET T\u00cb M\u00cbSOHEMI ME KRITIK\u00cbN E MIR\u00cbFILLT\u00cb DHE AJO DUHET T\u00cb RESPEKTOHET!&#8230;\",\"datePublished\":\"2011-12-27T08:03:19+00:00\",\"mainEntityOfPage\":{\"@id\":\"https:\\\/\\\/fjala.info\\\/2009-2015\\\/ne-duhet-te-mesohemi-me-kritiken-e-mirefillte-dhe-ajo-duhet-te-respektohet\\\/\"},\"wordCount\":1880,\"commentCount\":0,\"publisher\":{\"@id\":\"https:\\\/\\\/fjala.info\\\/2009-2015\\\/#organization\"},\"image\":{\"@id\":\"https:\\\/\\\/fjala.info\\\/2009-2015\\\/ne-duhet-te-mesohemi-me-kritiken-e-mirefillte-dhe-ajo-duhet-te-respektohet\\\/#primaryimage\"},\"thumbnailUrl\":\"http:\\\/\\\/www.shkoder.net\\\/images\\\/fjala\\\/2011\\\/shd_ldk_liber.jpg\",\"articleSection\":[\"Artikuj\"],\"inLanguage\":\"sq-AL\",\"potentialAction\":[{\"@type\":\"CommentAction\",\"name\":\"Comment\",\"target\":[\"https:\\\/\\\/fjala.info\\\/2009-2015\\\/ne-duhet-te-mesohemi-me-kritiken-e-mirefillte-dhe-ajo-duhet-te-respektohet\\\/#respond\"]}]},{\"@type\":\"WebPage\",\"@id\":\"https:\\\/\\\/fjala.info\\\/2009-2015\\\/ne-duhet-te-mesohemi-me-kritiken-e-mirefillte-dhe-ajo-duhet-te-respektohet\\\/\",\"url\":\"https:\\\/\\\/fjala.info\\\/2009-2015\\\/ne-duhet-te-mesohemi-me-kritiken-e-mirefillte-dhe-ajo-duhet-te-respektohet\\\/\",\"name\":\"NE DUHET T\u00cb M\u00cbSOHEMI ME KRITIK\u00cbN E MIR\u00cbFILLT\u00cb DHE AJO DUHET T\u00cb RESPEKTOHET!... - FjALA e LIR\u00cb - Arkivi\",\"isPartOf\":{\"@id\":\"https:\\\/\\\/fjala.info\\\/2009-2015\\\/#website\"},\"primaryImageOfPage\":{\"@id\":\"https:\\\/\\\/fjala.info\\\/2009-2015\\\/ne-duhet-te-mesohemi-me-kritiken-e-mirefillte-dhe-ajo-duhet-te-respektohet\\\/#primaryimage\"},\"image\":{\"@id\":\"https:\\\/\\\/fjala.info\\\/2009-2015\\\/ne-duhet-te-mesohemi-me-kritiken-e-mirefillte-dhe-ajo-duhet-te-respektohet\\\/#primaryimage\"},\"thumbnailUrl\":\"http:\\\/\\\/www.shkoder.net\\\/images\\\/fjala\\\/2011\\\/shd_ldk_liber.jpg\",\"datePublished\":\"2011-12-27T08:03:19+00:00\",\"breadcrumb\":{\"@id\":\"https:\\\/\\\/fjala.info\\\/2009-2015\\\/ne-duhet-te-mesohemi-me-kritiken-e-mirefillte-dhe-ajo-duhet-te-respektohet\\\/#breadcrumb\"},\"inLanguage\":\"sq-AL\",\"potentialAction\":[{\"@type\":\"ReadAction\",\"target\":[\"https:\\\/\\\/fjala.info\\\/2009-2015\\\/ne-duhet-te-mesohemi-me-kritiken-e-mirefillte-dhe-ajo-duhet-te-respektohet\\\/\"]}]},{\"@type\":\"ImageObject\",\"inLanguage\":\"sq-AL\",\"@id\":\"https:\\\/\\\/fjala.info\\\/2009-2015\\\/ne-duhet-te-mesohemi-me-kritiken-e-mirefillte-dhe-ajo-duhet-te-respektohet\\\/#primaryimage\",\"url\":\"http:\\\/\\\/www.shkoder.net\\\/images\\\/fjala\\\/2011\\\/shd_ldk_liber.jpg\",\"contentUrl\":\"http:\\\/\\\/www.shkoder.net\\\/images\\\/fjala\\\/2011\\\/shd_ldk_liber.jpg\"},{\"@type\":\"BreadcrumbList\",\"@id\":\"https:\\\/\\\/fjala.info\\\/2009-2015\\\/ne-duhet-te-mesohemi-me-kritiken-e-mirefillte-dhe-ajo-duhet-te-respektohet\\\/#breadcrumb\",\"itemListElement\":[{\"@type\":\"ListItem\",\"position\":1,\"name\":\"Home\",\"item\":\"https:\\\/\\\/fjala.info\\\/2009-2015\\\/\"},{\"@type\":\"ListItem\",\"position\":2,\"name\":\"NE DUHET T\u00cb M\u00cbSOHEMI ME KRITIK\u00cbN E MIR\u00cbFILLT\u00cb DHE AJO DUHET T\u00cb RESPEKTOHET!&#8230;\"}]},{\"@type\":\"WebSite\",\"@id\":\"https:\\\/\\\/fjala.info\\\/2009-2015\\\/#website\",\"url\":\"https:\\\/\\\/fjala.info\\\/2009-2015\\\/\",\"name\":\"FjALA e LIR\u00cb - Arkivi\",\"description\":\"Arkivi 2009-2015\",\"publisher\":{\"@id\":\"https:\\\/\\\/fjala.info\\\/2009-2015\\\/#organization\"},\"potentialAction\":[{\"@type\":\"SearchAction\",\"target\":{\"@type\":\"EntryPoint\",\"urlTemplate\":\"https:\\\/\\\/fjala.info\\\/2009-2015\\\/?s={search_term_string}\"},\"query-input\":{\"@type\":\"PropertyValueSpecification\",\"valueRequired\":true,\"valueName\":\"search_term_string\"}}],\"inLanguage\":\"sq-AL\"},{\"@type\":\"Organization\",\"@id\":\"https:\\\/\\\/fjala.info\\\/2009-2015\\\/#organization\",\"name\":\"FjALA e LIR\u00cb - Arkivi\",\"url\":\"https:\\\/\\\/fjala.info\\\/2009-2015\\\/\",\"logo\":{\"@type\":\"ImageObject\",\"inLanguage\":\"sq-AL\",\"@id\":\"https:\\\/\\\/fjala.info\\\/2009-2015\\\/#\\\/schema\\\/logo\\\/image\\\/\",\"url\":\"\",\"contentUrl\":\"\",\"caption\":\"FjALA e LIR\u00cb - Arkivi\"},\"image\":{\"@id\":\"https:\\\/\\\/fjala.info\\\/2009-2015\\\/#\\\/schema\\\/logo\\\/image\\\/\"}},{\"@type\":\"Person\",\"@id\":\"https:\\\/\\\/fjala.info\\\/2009-2015\\\/#\\\/schema\\\/person\\\/3aa1163ef05469c496fc94e77611ada2\",\"name\":\"admin\",\"image\":{\"@type\":\"ImageObject\",\"inLanguage\":\"sq-AL\",\"@id\":\"https:\\\/\\\/fjala.info\\\/2009-2015\\\/wp-content\\\/uploads\\\/2012\\\/02\\\/arben_cokaj-120x150.jpg\",\"url\":\"https:\\\/\\\/fjala.info\\\/2009-2015\\\/wp-content\\\/uploads\\\/2012\\\/02\\\/arben_cokaj-120x150.jpg\",\"contentUrl\":\"https:\\\/\\\/fjala.info\\\/2009-2015\\\/wp-content\\\/uploads\\\/2012\\\/02\\\/arben_cokaj-120x150.jpg\",\"caption\":\"admin\"},\"description\":\"Admin, Fjala e Lir\u00eb\",\"sameAs\":[\"https:\\\/\\\/fjala.info\\\/\"],\"url\":\"https:\\\/\\\/fjala.info\\\/2009-2015\\\/author\\\/admin\\\/\"}]}<\/script>\n<!-- \/ Yoast SEO plugin. -->","yoast_head_json":{"title":"NE DUHET T\u00cb M\u00cbSOHEMI ME KRITIK\u00cbN E MIR\u00cbFILLT\u00cb DHE AJO DUHET T\u00cb RESPEKTOHET!... - FjALA e LIR\u00cb - Arkivi","robots":{"index":"index","follow":"follow","max-snippet":"max-snippet:-1","max-image-preview":"max-image-preview:large","max-video-preview":"max-video-preview:-1"},"canonical":"https:\/\/fjala.info\/2009-2015\/ne-duhet-te-mesohemi-me-kritiken-e-mirefillte-dhe-ajo-duhet-te-respektohet\/","og_locale":"sq_AL","og_type":"article","og_title":"NE DUHET T\u00cb M\u00cbSOHEMI ME KRITIK\u00cbN E MIR\u00cbFILLT\u00cb DHE AJO DUHET T\u00cb RESPEKTOHET!... - FjALA e LIR\u00cb - Arkivi","og_description":"Fjala e z. Sallah Januzi, kryetar i N\u00ebndeg\u00ebs s\u00eb LDK-s\u00eb n\u00eb St. Gallen t\u00eb Zvicr\u00ebs Me rastin e promovimit t\u00eb librit &#8220;11 MINUTA PARA OR\u00cbS &#8217;00 ose mirazhi i suksest t\u00eb LDK-s\u00eb &#8220;, t\u00eb Shefqet Dibranit. P\u00ebrsh\u00ebndetja: T\u00eb nderuar zonja dhe zot\u00ebrinj, miq t\u00eb dashur, aktivist dhe personalitete t\u00eb jet\u00ebs publike! Shkas p\u00ebr tubimin ton\u00eb [&hellip;]","og_url":"https:\/\/fjala.info\/2009-2015\/ne-duhet-te-mesohemi-me-kritiken-e-mirefillte-dhe-ajo-duhet-te-respektohet\/","og_site_name":"FjALA e LIR\u00cb - Arkivi","article_published_time":"2011-12-27T08:03:19+00:00","og_image":[{"url":"http:\/\/www.shkoder.net\/images\/fjala\/2011\/shd_ldk_liber.jpg","type":"","width":"","height":""}],"author":"admin","twitter_card":"summary_large_image","twitter_misc":{"Written by":"admin","Est. reading time":"9 minutes"},"schema":{"@context":"https:\/\/schema.org","@graph":[{"@type":"Article","@id":"https:\/\/fjala.info\/2009-2015\/ne-duhet-te-mesohemi-me-kritiken-e-mirefillte-dhe-ajo-duhet-te-respektohet\/#article","isPartOf":{"@id":"https:\/\/fjala.info\/2009-2015\/ne-duhet-te-mesohemi-me-kritiken-e-mirefillte-dhe-ajo-duhet-te-respektohet\/"},"author":{"name":"admin","@id":"https:\/\/fjala.info\/2009-2015\/#\/schema\/person\/3aa1163ef05469c496fc94e77611ada2"},"headline":"NE DUHET T\u00cb M\u00cbSOHEMI ME KRITIK\u00cbN E MIR\u00cbFILLT\u00cb DHE AJO DUHET T\u00cb RESPEKTOHET!&#8230;","datePublished":"2011-12-27T08:03:19+00:00","mainEntityOfPage":{"@id":"https:\/\/fjala.info\/2009-2015\/ne-duhet-te-mesohemi-me-kritiken-e-mirefillte-dhe-ajo-duhet-te-respektohet\/"},"wordCount":1880,"commentCount":0,"publisher":{"@id":"https:\/\/fjala.info\/2009-2015\/#organization"},"image":{"@id":"https:\/\/fjala.info\/2009-2015\/ne-duhet-te-mesohemi-me-kritiken-e-mirefillte-dhe-ajo-duhet-te-respektohet\/#primaryimage"},"thumbnailUrl":"http:\/\/www.shkoder.net\/images\/fjala\/2011\/shd_ldk_liber.jpg","articleSection":["Artikuj"],"inLanguage":"sq-AL","potentialAction":[{"@type":"CommentAction","name":"Comment","target":["https:\/\/fjala.info\/2009-2015\/ne-duhet-te-mesohemi-me-kritiken-e-mirefillte-dhe-ajo-duhet-te-respektohet\/#respond"]}]},{"@type":"WebPage","@id":"https:\/\/fjala.info\/2009-2015\/ne-duhet-te-mesohemi-me-kritiken-e-mirefillte-dhe-ajo-duhet-te-respektohet\/","url":"https:\/\/fjala.info\/2009-2015\/ne-duhet-te-mesohemi-me-kritiken-e-mirefillte-dhe-ajo-duhet-te-respektohet\/","name":"NE DUHET T\u00cb M\u00cbSOHEMI ME KRITIK\u00cbN E MIR\u00cbFILLT\u00cb DHE AJO DUHET T\u00cb RESPEKTOHET!... - FjALA e LIR\u00cb - Arkivi","isPartOf":{"@id":"https:\/\/fjala.info\/2009-2015\/#website"},"primaryImageOfPage":{"@id":"https:\/\/fjala.info\/2009-2015\/ne-duhet-te-mesohemi-me-kritiken-e-mirefillte-dhe-ajo-duhet-te-respektohet\/#primaryimage"},"image":{"@id":"https:\/\/fjala.info\/2009-2015\/ne-duhet-te-mesohemi-me-kritiken-e-mirefillte-dhe-ajo-duhet-te-respektohet\/#primaryimage"},"thumbnailUrl":"http:\/\/www.shkoder.net\/images\/fjala\/2011\/shd_ldk_liber.jpg","datePublished":"2011-12-27T08:03:19+00:00","breadcrumb":{"@id":"https:\/\/fjala.info\/2009-2015\/ne-duhet-te-mesohemi-me-kritiken-e-mirefillte-dhe-ajo-duhet-te-respektohet\/#breadcrumb"},"inLanguage":"sq-AL","potentialAction":[{"@type":"ReadAction","target":["https:\/\/fjala.info\/2009-2015\/ne-duhet-te-mesohemi-me-kritiken-e-mirefillte-dhe-ajo-duhet-te-respektohet\/"]}]},{"@type":"ImageObject","inLanguage":"sq-AL","@id":"https:\/\/fjala.info\/2009-2015\/ne-duhet-te-mesohemi-me-kritiken-e-mirefillte-dhe-ajo-duhet-te-respektohet\/#primaryimage","url":"http:\/\/www.shkoder.net\/images\/fjala\/2011\/shd_ldk_liber.jpg","contentUrl":"http:\/\/www.shkoder.net\/images\/fjala\/2011\/shd_ldk_liber.jpg"},{"@type":"BreadcrumbList","@id":"https:\/\/fjala.info\/2009-2015\/ne-duhet-te-mesohemi-me-kritiken-e-mirefillte-dhe-ajo-duhet-te-respektohet\/#breadcrumb","itemListElement":[{"@type":"ListItem","position":1,"name":"Home","item":"https:\/\/fjala.info\/2009-2015\/"},{"@type":"ListItem","position":2,"name":"NE DUHET T\u00cb M\u00cbSOHEMI ME KRITIK\u00cbN E MIR\u00cbFILLT\u00cb DHE AJO DUHET T\u00cb RESPEKTOHET!&#8230;"}]},{"@type":"WebSite","@id":"https:\/\/fjala.info\/2009-2015\/#website","url":"https:\/\/fjala.info\/2009-2015\/","name":"FjALA e LIR\u00cb - Arkivi","description":"Arkivi 2009-2015","publisher":{"@id":"https:\/\/fjala.info\/2009-2015\/#organization"},"potentialAction":[{"@type":"SearchAction","target":{"@type":"EntryPoint","urlTemplate":"https:\/\/fjala.info\/2009-2015\/?s={search_term_string}"},"query-input":{"@type":"PropertyValueSpecification","valueRequired":true,"valueName":"search_term_string"}}],"inLanguage":"sq-AL"},{"@type":"Organization","@id":"https:\/\/fjala.info\/2009-2015\/#organization","name":"FjALA e LIR\u00cb - Arkivi","url":"https:\/\/fjala.info\/2009-2015\/","logo":{"@type":"ImageObject","inLanguage":"sq-AL","@id":"https:\/\/fjala.info\/2009-2015\/#\/schema\/logo\/image\/","url":"","contentUrl":"","caption":"FjALA e LIR\u00cb - Arkivi"},"image":{"@id":"https:\/\/fjala.info\/2009-2015\/#\/schema\/logo\/image\/"}},{"@type":"Person","@id":"https:\/\/fjala.info\/2009-2015\/#\/schema\/person\/3aa1163ef05469c496fc94e77611ada2","name":"admin","image":{"@type":"ImageObject","inLanguage":"sq-AL","@id":"https:\/\/fjala.info\/2009-2015\/wp-content\/uploads\/2012\/02\/arben_cokaj-120x150.jpg","url":"https:\/\/fjala.info\/2009-2015\/wp-content\/uploads\/2012\/02\/arben_cokaj-120x150.jpg","contentUrl":"https:\/\/fjala.info\/2009-2015\/wp-content\/uploads\/2012\/02\/arben_cokaj-120x150.jpg","caption":"admin"},"description":"Admin, Fjala e Lir\u00eb","sameAs":["https:\/\/fjala.info\/"],"url":"https:\/\/fjala.info\/2009-2015\/author\/admin\/"}]}},"_links":{"self":[{"href":"https:\/\/fjala.info\/2009-2015\/wp-json\/wp\/v2\/posts\/11550","targetHints":{"allow":["GET"]}}],"collection":[{"href":"https:\/\/fjala.info\/2009-2015\/wp-json\/wp\/v2\/posts"}],"about":[{"href":"https:\/\/fjala.info\/2009-2015\/wp-json\/wp\/v2\/types\/post"}],"author":[{"embeddable":true,"href":"https:\/\/fjala.info\/2009-2015\/wp-json\/wp\/v2\/users\/1"}],"replies":[{"embeddable":true,"href":"https:\/\/fjala.info\/2009-2015\/wp-json\/wp\/v2\/comments?post=11550"}],"version-history":[{"count":0,"href":"https:\/\/fjala.info\/2009-2015\/wp-json\/wp\/v2\/posts\/11550\/revisions"}],"wp:attachment":[{"href":"https:\/\/fjala.info\/2009-2015\/wp-json\/wp\/v2\/media?parent=11550"}],"wp:term":[{"taxonomy":"category","embeddable":true,"href":"https:\/\/fjala.info\/2009-2015\/wp-json\/wp\/v2\/categories?post=11550"},{"taxonomy":"post_tag","embeddable":true,"href":"https:\/\/fjala.info\/2009-2015\/wp-json\/wp\/v2\/tags?post=11550"}],"curies":[{"name":"wp","href":"https:\/\/api.w.org\/{rel}","templated":true}]}}