{"id":11549,"date":"2011-12-27T08:34:53","date_gmt":"2011-12-27T07:34:53","guid":{"rendered":"http:\/\/fjala.shkoder.net\/?p=808"},"modified":"2011-12-27T08:34:53","modified_gmt":"2011-12-27T07:34:53","slug":"europa-zvogelohet-ne-harten-ekonomike-te-botes","status":"publish","type":"post","link":"https:\/\/fjala.info\/2009-2015\/europa-zvogelohet-ne-harten-ekonomike-te-botes\/","title":{"rendered":"Europa &#8216;zvog\u00eblohet&#8217; n\u00eb hart\u00ebn ekonomike t\u00eb bot\u00ebs"},"content":{"rendered":"<p><img decoding=\"async\" class=\"alignright size-thumbnail wp-image-7236\" title=\"Hart\u00eb politike\" src=\"http:\/\/www.shkoder.net\/images\/fjala\/2011\/harta.jpg\" alt=\"\" width=\"300\" \/> <strong>ResPublica.al<\/strong>, <em>26 dhjetor 2011<\/em><\/p>\n<p>Nj\u00eb institut i pavarur britanik studimesh e k\u00ebrkimesh, Cebr, ka b\u00ebr\u00eb n\u00eb k\u00ebt\u00eb fundviti tabel\u00ebn e klasifikimit t\u00eb vendeve mbi baz\u00ebn e prodhimit t\u00eb p\u00ebrgjithsh\u00ebm bruto. N\u00eb vend t\u00eb par\u00eb jan\u00eb amerikan\u00ebt, dhe nuk ka gjasa q\u00eb t\u2019i luaj\u00eb njeri prej kreut t\u00eb tabel\u00ebs edhe p\u00ebr shum\u00eb vjet t\u00eb tjera. E pastaj vin\u00eb sipas radh\u00ebs Kina, Japonia, Gjermania, Franca, dhe &#8230;. gjithsekush ka pritur n\u00eb k\u00ebt\u00eb pik\u00eb emrin e Britanis\u00eb s\u00eb Madhe, por jo. N\u00eb vend t\u00eb gjasht\u00eb \u00ebsht\u00eb Brazili. Britanik\u00ebt kalojn\u00eb n\u00eb vend t\u00eb shtat\u00eb, e pas tyre vijn\u00eb italian\u00ebt.<\/p>\n<p>Duket se harta ekonomike e bot\u00ebs po ndryshon, dhe n\u00eb k\u00ebt\u00eb mes bie n\u00eb sy Azia dhe Amerika latine q\u00eb po shnd\u00ebrrohen n\u00eb qendra zhvillimi t\u00eb planetit. Vende, t\u00eb cilat para dy dekadash tregoheshin me gisht p\u00ebr prapambetjen e tyre, jan\u00eb b\u00ebr\u00eb shum\u00eb kompetitive n\u00eb tregun global. Europa po mbetet n\u00eb bisht. Dhe e keqja \u00ebsht\u00eb se ky trend do t\u00eb vazhdoj\u00eb.<\/p>\n<p>I nj\u00ebjti institut ka b\u00ebr\u00eb parashikimin e vet p\u00ebr vitin 2020. Amerikan\u00ebt, kinez\u00ebt e japonez\u00ebt do t\u00eb mbeten n\u00eb ved t\u00eb par\u00eb, por n\u00eb vend t\u00eb kat\u00ebrt do t\u00eb ngjitet Rusia, n\u00eb vend t\u00eb pest\u00eb India,e pas tyre Brazili. Gjermania, Franca, Britania e Italia do t\u00eb jen\u00eb n\u00eb gjysm\u00ebn e dyt\u00eb t\u00eb top-ten-it.<\/p>\n<p>Res.Pu.<\/p>\n","protected":false},"excerpt":{"rendered":"<p>ResPublica.al, 26 dhjetor 2011 Nj\u00eb institut i pavarur britanik studimesh e k\u00ebrkimesh, Cebr, ka b\u00ebr\u00eb n\u00eb k\u00ebt\u00eb fundviti tabel\u00ebn e klasifikimit t\u00eb vendeve mbi baz\u00ebn e prodhimit t\u00eb p\u00ebrgjithsh\u00ebm bruto. N\u00eb vend t\u00eb par\u00eb jan\u00eb amerikan\u00ebt, dhe nuk ka gjasa q\u00eb t\u2019i luaj\u00eb njeri prej kreut t\u00eb tabel\u00ebs edhe p\u00ebr shum\u00eb vjet t\u00eb tjera. E [&hellip;]<\/p>\n","protected":false},"author":1,"featured_media":0,"comment_status":"open","ping_status":"closed","sticky":false,"template":"","format":"standard","meta":{"footnotes":""},"categories":[5],"tags":[],"class_list":{"0":"post-11549","1":"post","2":"type-post","3":"status-publish","4":"format-standard","6":"category-lajme"},"yoast_head":"<!-- This site is optimized with the Yoast SEO plugin v27.4 - https:\/\/yoast.com\/product\/yoast-seo-wordpress\/ -->\n<title>Europa &#039;zvog\u00eblohet&#039; n\u00eb hart\u00ebn ekonomike t\u00eb bot\u00ebs - FjALA e LIR\u00cb - Arkivi<\/title>\n<meta name=\"robots\" content=\"index, follow, max-snippet:-1, max-image-preview:large, max-video-preview:-1\" \/>\n<link rel=\"canonical\" href=\"https:\/\/fjala.info\/2009-2015\/europa-zvogelohet-ne-harten-ekonomike-te-botes\/\" \/>\n<meta property=\"og:locale\" content=\"sq_AL\" \/>\n<meta property=\"og:type\" content=\"article\" \/>\n<meta property=\"og:title\" content=\"Europa &#039;zvog\u00eblohet&#039; n\u00eb hart\u00ebn ekonomike t\u00eb bot\u00ebs - FjALA e LIR\u00cb - Arkivi\" \/>\n<meta property=\"og:description\" content=\"ResPublica.al, 26 dhjetor 2011 Nj\u00eb institut i pavarur britanik studimesh e k\u00ebrkimesh, Cebr, ka b\u00ebr\u00eb n\u00eb k\u00ebt\u00eb fundviti tabel\u00ebn e klasifikimit t\u00eb vendeve mbi baz\u00ebn e prodhimit t\u00eb p\u00ebrgjithsh\u00ebm bruto. N\u00eb vend t\u00eb par\u00eb jan\u00eb amerikan\u00ebt, dhe nuk ka gjasa q\u00eb t\u2019i luaj\u00eb njeri prej kreut t\u00eb tabel\u00ebs edhe p\u00ebr shum\u00eb vjet t\u00eb tjera. E [&hellip;]\" \/>\n<meta property=\"og:url\" content=\"https:\/\/fjala.info\/2009-2015\/europa-zvogelohet-ne-harten-ekonomike-te-botes\/\" \/>\n<meta property=\"og:site_name\" content=\"FjALA e LIR\u00cb - Arkivi\" \/>\n<meta property=\"article:published_time\" content=\"2011-12-27T07:34:53+00:00\" \/>\n<meta property=\"og:image\" content=\"http:\/\/www.shkoder.net\/images\/fjala\/2011\/harta.jpg\" \/>\n<meta name=\"author\" content=\"admin\" \/>\n<meta name=\"twitter:card\" content=\"summary_large_image\" \/>\n<meta name=\"twitter:label1\" content=\"Written by\" \/>\n\t<meta name=\"twitter:data1\" content=\"admin\" \/>\n\t<meta name=\"twitter:label2\" content=\"Est. reading time\" \/>\n\t<meta name=\"twitter:data2\" content=\"1 minute\" \/>\n<script type=\"application\/ld+json\" class=\"yoast-schema-graph\">{\"@context\":\"https:\\\/\\\/schema.org\",\"@graph\":[{\"@type\":\"Article\",\"@id\":\"https:\\\/\\\/fjala.info\\\/2009-2015\\\/europa-zvogelohet-ne-harten-ekonomike-te-botes\\\/#article\",\"isPartOf\":{\"@id\":\"https:\\\/\\\/fjala.info\\\/2009-2015\\\/europa-zvogelohet-ne-harten-ekonomike-te-botes\\\/\"},\"author\":{\"name\":\"admin\",\"@id\":\"https:\\\/\\\/fjala.info\\\/2009-2015\\\/#\\\/schema\\\/person\\\/3aa1163ef05469c496fc94e77611ada2\"},\"headline\":\"Europa &#8216;zvog\u00eblohet&#8217; n\u00eb hart\u00ebn ekonomike t\u00eb bot\u00ebs\",\"datePublished\":\"2011-12-27T07:34:53+00:00\",\"mainEntityOfPage\":{\"@id\":\"https:\\\/\\\/fjala.info\\\/2009-2015\\\/europa-zvogelohet-ne-harten-ekonomike-te-botes\\\/\"},\"wordCount\":248,\"commentCount\":0,\"publisher\":{\"@id\":\"https:\\\/\\\/fjala.info\\\/2009-2015\\\/#organization\"},\"image\":{\"@id\":\"https:\\\/\\\/fjala.info\\\/2009-2015\\\/europa-zvogelohet-ne-harten-ekonomike-te-botes\\\/#primaryimage\"},\"thumbnailUrl\":\"http:\\\/\\\/www.shkoder.net\\\/images\\\/fjala\\\/2011\\\/harta.jpg\",\"articleSection\":[\"Lajme\"],\"inLanguage\":\"sq-AL\",\"potentialAction\":[{\"@type\":\"CommentAction\",\"name\":\"Comment\",\"target\":[\"https:\\\/\\\/fjala.info\\\/2009-2015\\\/europa-zvogelohet-ne-harten-ekonomike-te-botes\\\/#respond\"]}]},{\"@type\":\"WebPage\",\"@id\":\"https:\\\/\\\/fjala.info\\\/2009-2015\\\/europa-zvogelohet-ne-harten-ekonomike-te-botes\\\/\",\"url\":\"https:\\\/\\\/fjala.info\\\/2009-2015\\\/europa-zvogelohet-ne-harten-ekonomike-te-botes\\\/\",\"name\":\"Europa 'zvog\u00eblohet' n\u00eb hart\u00ebn ekonomike t\u00eb bot\u00ebs - FjALA e LIR\u00cb - Arkivi\",\"isPartOf\":{\"@id\":\"https:\\\/\\\/fjala.info\\\/2009-2015\\\/#website\"},\"primaryImageOfPage\":{\"@id\":\"https:\\\/\\\/fjala.info\\\/2009-2015\\\/europa-zvogelohet-ne-harten-ekonomike-te-botes\\\/#primaryimage\"},\"image\":{\"@id\":\"https:\\\/\\\/fjala.info\\\/2009-2015\\\/europa-zvogelohet-ne-harten-ekonomike-te-botes\\\/#primaryimage\"},\"thumbnailUrl\":\"http:\\\/\\\/www.shkoder.net\\\/images\\\/fjala\\\/2011\\\/harta.jpg\",\"datePublished\":\"2011-12-27T07:34:53+00:00\",\"breadcrumb\":{\"@id\":\"https:\\\/\\\/fjala.info\\\/2009-2015\\\/europa-zvogelohet-ne-harten-ekonomike-te-botes\\\/#breadcrumb\"},\"inLanguage\":\"sq-AL\",\"potentialAction\":[{\"@type\":\"ReadAction\",\"target\":[\"https:\\\/\\\/fjala.info\\\/2009-2015\\\/europa-zvogelohet-ne-harten-ekonomike-te-botes\\\/\"]}]},{\"@type\":\"ImageObject\",\"inLanguage\":\"sq-AL\",\"@id\":\"https:\\\/\\\/fjala.info\\\/2009-2015\\\/europa-zvogelohet-ne-harten-ekonomike-te-botes\\\/#primaryimage\",\"url\":\"http:\\\/\\\/www.shkoder.net\\\/images\\\/fjala\\\/2011\\\/harta.jpg\",\"contentUrl\":\"http:\\\/\\\/www.shkoder.net\\\/images\\\/fjala\\\/2011\\\/harta.jpg\"},{\"@type\":\"BreadcrumbList\",\"@id\":\"https:\\\/\\\/fjala.info\\\/2009-2015\\\/europa-zvogelohet-ne-harten-ekonomike-te-botes\\\/#breadcrumb\",\"itemListElement\":[{\"@type\":\"ListItem\",\"position\":1,\"name\":\"Home\",\"item\":\"https:\\\/\\\/fjala.info\\\/2009-2015\\\/\"},{\"@type\":\"ListItem\",\"position\":2,\"name\":\"Europa &#8216;zvog\u00eblohet&#8217; n\u00eb hart\u00ebn ekonomike t\u00eb bot\u00ebs\"}]},{\"@type\":\"WebSite\",\"@id\":\"https:\\\/\\\/fjala.info\\\/2009-2015\\\/#website\",\"url\":\"https:\\\/\\\/fjala.info\\\/2009-2015\\\/\",\"name\":\"FjALA e LIR\u00cb - Arkivi\",\"description\":\"Arkivi 2009-2015\",\"publisher\":{\"@id\":\"https:\\\/\\\/fjala.info\\\/2009-2015\\\/#organization\"},\"potentialAction\":[{\"@type\":\"SearchAction\",\"target\":{\"@type\":\"EntryPoint\",\"urlTemplate\":\"https:\\\/\\\/fjala.info\\\/2009-2015\\\/?s={search_term_string}\"},\"query-input\":{\"@type\":\"PropertyValueSpecification\",\"valueRequired\":true,\"valueName\":\"search_term_string\"}}],\"inLanguage\":\"sq-AL\"},{\"@type\":\"Organization\",\"@id\":\"https:\\\/\\\/fjala.info\\\/2009-2015\\\/#organization\",\"name\":\"FjALA e LIR\u00cb - Arkivi\",\"url\":\"https:\\\/\\\/fjala.info\\\/2009-2015\\\/\",\"logo\":{\"@type\":\"ImageObject\",\"inLanguage\":\"sq-AL\",\"@id\":\"https:\\\/\\\/fjala.info\\\/2009-2015\\\/#\\\/schema\\\/logo\\\/image\\\/\",\"url\":\"\",\"contentUrl\":\"\",\"caption\":\"FjALA e LIR\u00cb - Arkivi\"},\"image\":{\"@id\":\"https:\\\/\\\/fjala.info\\\/2009-2015\\\/#\\\/schema\\\/logo\\\/image\\\/\"}},{\"@type\":\"Person\",\"@id\":\"https:\\\/\\\/fjala.info\\\/2009-2015\\\/#\\\/schema\\\/person\\\/3aa1163ef05469c496fc94e77611ada2\",\"name\":\"admin\",\"image\":{\"@type\":\"ImageObject\",\"inLanguage\":\"sq-AL\",\"@id\":\"https:\\\/\\\/fjala.info\\\/2009-2015\\\/wp-content\\\/uploads\\\/2012\\\/02\\\/arben_cokaj-120x150.jpg\",\"url\":\"https:\\\/\\\/fjala.info\\\/2009-2015\\\/wp-content\\\/uploads\\\/2012\\\/02\\\/arben_cokaj-120x150.jpg\",\"contentUrl\":\"https:\\\/\\\/fjala.info\\\/2009-2015\\\/wp-content\\\/uploads\\\/2012\\\/02\\\/arben_cokaj-120x150.jpg\",\"caption\":\"admin\"},\"description\":\"Admin, Fjala e Lir\u00eb\",\"sameAs\":[\"https:\\\/\\\/fjala.info\\\/\"],\"url\":\"https:\\\/\\\/fjala.info\\\/2009-2015\\\/author\\\/admin\\\/\"}]}<\/script>\n<!-- \/ Yoast SEO plugin. -->","yoast_head_json":{"title":"Europa 'zvog\u00eblohet' n\u00eb hart\u00ebn ekonomike t\u00eb bot\u00ebs - FjALA e LIR\u00cb - Arkivi","robots":{"index":"index","follow":"follow","max-snippet":"max-snippet:-1","max-image-preview":"max-image-preview:large","max-video-preview":"max-video-preview:-1"},"canonical":"https:\/\/fjala.info\/2009-2015\/europa-zvogelohet-ne-harten-ekonomike-te-botes\/","og_locale":"sq_AL","og_type":"article","og_title":"Europa 'zvog\u00eblohet' n\u00eb hart\u00ebn ekonomike t\u00eb bot\u00ebs - FjALA e LIR\u00cb - Arkivi","og_description":"ResPublica.al, 26 dhjetor 2011 Nj\u00eb institut i pavarur britanik studimesh e k\u00ebrkimesh, Cebr, ka b\u00ebr\u00eb n\u00eb k\u00ebt\u00eb fundviti tabel\u00ebn e klasifikimit t\u00eb vendeve mbi baz\u00ebn e prodhimit t\u00eb p\u00ebrgjithsh\u00ebm bruto. N\u00eb vend t\u00eb par\u00eb jan\u00eb amerikan\u00ebt, dhe nuk ka gjasa q\u00eb t\u2019i luaj\u00eb njeri prej kreut t\u00eb tabel\u00ebs edhe p\u00ebr shum\u00eb vjet t\u00eb tjera. E [&hellip;]","og_url":"https:\/\/fjala.info\/2009-2015\/europa-zvogelohet-ne-harten-ekonomike-te-botes\/","og_site_name":"FjALA e LIR\u00cb - Arkivi","article_published_time":"2011-12-27T07:34:53+00:00","og_image":[{"url":"http:\/\/www.shkoder.net\/images\/fjala\/2011\/harta.jpg","type":"","width":"","height":""}],"author":"admin","twitter_card":"summary_large_image","twitter_misc":{"Written by":"admin","Est. reading time":"1 minute"},"schema":{"@context":"https:\/\/schema.org","@graph":[{"@type":"Article","@id":"https:\/\/fjala.info\/2009-2015\/europa-zvogelohet-ne-harten-ekonomike-te-botes\/#article","isPartOf":{"@id":"https:\/\/fjala.info\/2009-2015\/europa-zvogelohet-ne-harten-ekonomike-te-botes\/"},"author":{"name":"admin","@id":"https:\/\/fjala.info\/2009-2015\/#\/schema\/person\/3aa1163ef05469c496fc94e77611ada2"},"headline":"Europa &#8216;zvog\u00eblohet&#8217; n\u00eb hart\u00ebn ekonomike t\u00eb bot\u00ebs","datePublished":"2011-12-27T07:34:53+00:00","mainEntityOfPage":{"@id":"https:\/\/fjala.info\/2009-2015\/europa-zvogelohet-ne-harten-ekonomike-te-botes\/"},"wordCount":248,"commentCount":0,"publisher":{"@id":"https:\/\/fjala.info\/2009-2015\/#organization"},"image":{"@id":"https:\/\/fjala.info\/2009-2015\/europa-zvogelohet-ne-harten-ekonomike-te-botes\/#primaryimage"},"thumbnailUrl":"http:\/\/www.shkoder.net\/images\/fjala\/2011\/harta.jpg","articleSection":["Lajme"],"inLanguage":"sq-AL","potentialAction":[{"@type":"CommentAction","name":"Comment","target":["https:\/\/fjala.info\/2009-2015\/europa-zvogelohet-ne-harten-ekonomike-te-botes\/#respond"]}]},{"@type":"WebPage","@id":"https:\/\/fjala.info\/2009-2015\/europa-zvogelohet-ne-harten-ekonomike-te-botes\/","url":"https:\/\/fjala.info\/2009-2015\/europa-zvogelohet-ne-harten-ekonomike-te-botes\/","name":"Europa 'zvog\u00eblohet' n\u00eb hart\u00ebn ekonomike t\u00eb bot\u00ebs - FjALA e LIR\u00cb - Arkivi","isPartOf":{"@id":"https:\/\/fjala.info\/2009-2015\/#website"},"primaryImageOfPage":{"@id":"https:\/\/fjala.info\/2009-2015\/europa-zvogelohet-ne-harten-ekonomike-te-botes\/#primaryimage"},"image":{"@id":"https:\/\/fjala.info\/2009-2015\/europa-zvogelohet-ne-harten-ekonomike-te-botes\/#primaryimage"},"thumbnailUrl":"http:\/\/www.shkoder.net\/images\/fjala\/2011\/harta.jpg","datePublished":"2011-12-27T07:34:53+00:00","breadcrumb":{"@id":"https:\/\/fjala.info\/2009-2015\/europa-zvogelohet-ne-harten-ekonomike-te-botes\/#breadcrumb"},"inLanguage":"sq-AL","potentialAction":[{"@type":"ReadAction","target":["https:\/\/fjala.info\/2009-2015\/europa-zvogelohet-ne-harten-ekonomike-te-botes\/"]}]},{"@type":"ImageObject","inLanguage":"sq-AL","@id":"https:\/\/fjala.info\/2009-2015\/europa-zvogelohet-ne-harten-ekonomike-te-botes\/#primaryimage","url":"http:\/\/www.shkoder.net\/images\/fjala\/2011\/harta.jpg","contentUrl":"http:\/\/www.shkoder.net\/images\/fjala\/2011\/harta.jpg"},{"@type":"BreadcrumbList","@id":"https:\/\/fjala.info\/2009-2015\/europa-zvogelohet-ne-harten-ekonomike-te-botes\/#breadcrumb","itemListElement":[{"@type":"ListItem","position":1,"name":"Home","item":"https:\/\/fjala.info\/2009-2015\/"},{"@type":"ListItem","position":2,"name":"Europa &#8216;zvog\u00eblohet&#8217; n\u00eb hart\u00ebn ekonomike t\u00eb bot\u00ebs"}]},{"@type":"WebSite","@id":"https:\/\/fjala.info\/2009-2015\/#website","url":"https:\/\/fjala.info\/2009-2015\/","name":"FjALA e LIR\u00cb - Arkivi","description":"Arkivi 2009-2015","publisher":{"@id":"https:\/\/fjala.info\/2009-2015\/#organization"},"potentialAction":[{"@type":"SearchAction","target":{"@type":"EntryPoint","urlTemplate":"https:\/\/fjala.info\/2009-2015\/?s={search_term_string}"},"query-input":{"@type":"PropertyValueSpecification","valueRequired":true,"valueName":"search_term_string"}}],"inLanguage":"sq-AL"},{"@type":"Organization","@id":"https:\/\/fjala.info\/2009-2015\/#organization","name":"FjALA e LIR\u00cb - Arkivi","url":"https:\/\/fjala.info\/2009-2015\/","logo":{"@type":"ImageObject","inLanguage":"sq-AL","@id":"https:\/\/fjala.info\/2009-2015\/#\/schema\/logo\/image\/","url":"","contentUrl":"","caption":"FjALA e LIR\u00cb - Arkivi"},"image":{"@id":"https:\/\/fjala.info\/2009-2015\/#\/schema\/logo\/image\/"}},{"@type":"Person","@id":"https:\/\/fjala.info\/2009-2015\/#\/schema\/person\/3aa1163ef05469c496fc94e77611ada2","name":"admin","image":{"@type":"ImageObject","inLanguage":"sq-AL","@id":"https:\/\/fjala.info\/2009-2015\/wp-content\/uploads\/2012\/02\/arben_cokaj-120x150.jpg","url":"https:\/\/fjala.info\/2009-2015\/wp-content\/uploads\/2012\/02\/arben_cokaj-120x150.jpg","contentUrl":"https:\/\/fjala.info\/2009-2015\/wp-content\/uploads\/2012\/02\/arben_cokaj-120x150.jpg","caption":"admin"},"description":"Admin, Fjala e Lir\u00eb","sameAs":["https:\/\/fjala.info\/"],"url":"https:\/\/fjala.info\/2009-2015\/author\/admin\/"}]}},"_links":{"self":[{"href":"https:\/\/fjala.info\/2009-2015\/wp-json\/wp\/v2\/posts\/11549","targetHints":{"allow":["GET"]}}],"collection":[{"href":"https:\/\/fjala.info\/2009-2015\/wp-json\/wp\/v2\/posts"}],"about":[{"href":"https:\/\/fjala.info\/2009-2015\/wp-json\/wp\/v2\/types\/post"}],"author":[{"embeddable":true,"href":"https:\/\/fjala.info\/2009-2015\/wp-json\/wp\/v2\/users\/1"}],"replies":[{"embeddable":true,"href":"https:\/\/fjala.info\/2009-2015\/wp-json\/wp\/v2\/comments?post=11549"}],"version-history":[{"count":0,"href":"https:\/\/fjala.info\/2009-2015\/wp-json\/wp\/v2\/posts\/11549\/revisions"}],"wp:attachment":[{"href":"https:\/\/fjala.info\/2009-2015\/wp-json\/wp\/v2\/media?parent=11549"}],"wp:term":[{"taxonomy":"category","embeddable":true,"href":"https:\/\/fjala.info\/2009-2015\/wp-json\/wp\/v2\/categories?post=11549"},{"taxonomy":"post_tag","embeddable":true,"href":"https:\/\/fjala.info\/2009-2015\/wp-json\/wp\/v2\/tags?post=11549"}],"curies":[{"name":"wp","href":"https:\/\/api.w.org\/{rel}","templated":true}]}}