{"id":11548,"date":"2011-12-26T21:52:45","date_gmt":"2011-12-26T20:52:45","guid":{"rendered":"http:\/\/fjala.shkoder.net\/?p=788"},"modified":"2011-12-26T21:52:45","modified_gmt":"2011-12-26T20:52:45","slug":"mjeke-paciente-politikane","status":"publish","type":"post","link":"https:\/\/fjala.info\/2009-2015\/mjeke-paciente-politikane\/","title":{"rendered":"Mjek\u00eb, pacient\u00eb, politikan\u00eb"},"content":{"rendered":"<p><img decoding=\"async\" class=\"alignright size-thumbnail wp-image-7236\" title=\"Ardian Vehbiu\" src=\"http:\/\/www.shkoder.net\/images\/fjala\/ardian_vehbiu.jpg\" alt=\"\" width=\"150\" \/> Nga <strong>Ardian Vehbiu<\/strong><\/p>\n<p><em>N\u00eb blogun e tij Peizazhe t\u00eb Fjal\u00ebs, gjuh\u00ebtari dhe publicisti i njohur Ardian Vehbiu, nj\u00eb nga bashk\u00ebpun\u00ebtor\u00ebt m\u00eb t\u00eb vyer t\u00eb Shekullit, formulon p\u00ebr her\u00eb t\u00eb par\u00eb nj\u00eb p\u00ebrgjigje mbi thashethemin e p\u00ebrhapur n\u00eb Tiran\u00ebn e \u201casaj dhe k\u00ebsaj kohe\u201d, p\u00ebr kurimin e Berish\u00ebs nga kolegu i tij psikiat\u00ebr Ylvi Vehbiu, (babai i Ardianit, i vdekur pak koh\u00eb m\u00eb par\u00eb n\u00eb emigrim n\u00eb Nju Jork) P\u00ebrgjigja vjen n\u00eb kornizat e informacionit t\u00eb kufizuar si djal\u00eb i nj\u00eb mjeku me etik\u00eb t\u00eb lart\u00eb profesionale. N\u00eb t\u00eb, dallohen leht\u00eb edhe disa pengje t\u00eb justifikuara prej familjari t\u00eb Dr.Ylviut, lidhur me reagimin e autoriteteve t\u00eb k\u00ebtush\u00ebm p\u00ebr vdekjen e tij. <\/em><\/p>\n<p>Nj\u00eb mik m\u00eb shkruante sot nga Tirana, p\u00ebr t\u00eb m\u00eb pyetur n\u00ebse kish ndonj\u00eb baz\u00eb thashethemi q\u00eb qarkullon atje, se kryeministrin Berisha e paska kuruar, dikur n\u00eb vitet 1980, im at\u00eb, Ulvi Vehbiu, p\u00ebr lipotimi.<\/p>\n<p>S\u2019\u00ebsht\u00eb hera e par\u00eb q\u00eb m\u00eb vjen n\u00eb vesh kjo fjal\u00eb, edhe pse m\u00eb duhet ta pranoj se lipotimia tani m\u00eb kap n\u00eb befasi; zakonisht, njer\u00ebzit t\u00eb thon\u00eb se Berisha \u201cka vuajtur nga nervat\u201d, \u00e7far\u00eb mjafton p\u00ebr t\u00eb ta v\u00ebn\u00eb diagnoz\u00ebn, sa i p\u00ebrket opinionit publik.<\/p>\n<p>Dhe meq\u00eb im at\u00eb p\u00ebr nj\u00eb koh\u00eb t\u00eb gjat\u00eb ka qen\u00eb pik\u00eb referimi, mbar\u00ebkomb\u00ebtare, p\u00ebr njer\u00ebzit me probleme mendore, at\u00ebher\u00eb piketimi i tij, si njeriu q\u00eb e ka \u201cmjekuar\u201d Berish\u00ebn do t\u00eb ndodh\u00eb vetvetiu, si\u00e7 edhe ka ndodhur.<\/p>\n<p>Nj\u00eb k\u00ebrkim i shpejt\u00eb p\u00ebr lipotimin\u00eb, n\u00eb Google, m\u00eb tregon se ky s\u2019\u00ebsht\u00eb ve\u00e7se nj\u00eb term shum\u00ebrrok\u00ebsh, ose dinjitoz, p\u00ebr t\u00eb fik\u00ebtit; dhe t\u00eb fik\u00ebtit mund t\u00eb shkaktohet nga gjithfar\u00eb shkaqesh; prej t\u00eb cilave ateroskleroz\u00ebn e p\u00ebrjashtoi vet\u00eb kryeministri.<\/p>\n<p>Gjithsesi, dhe pavar\u00ebsisht nga \u00e7far\u00eb e ka shkaktuar at\u00eb \u201cpara\u201d t\u00eb fik\u00ebt aq plateal t\u00eb Berish\u00ebs, nuk ka arsye pse t\u2019i kthehemi historis\u00eb (aq m\u00eb tep\u00ebr apokrife) t\u00eb mjekimit t\u00eb tij psikiatrik.<\/p>\n<p>P\u00ebrndryshe, im at\u00eb, q\u00eb tashm\u00eb nuk jeton m\u00eb, nuk e kish zakon t\u00eb fliste p\u00ebr pacient\u00ebt e vet. I vet\u00ebdijsh\u00ebm m\u00eb shum\u00eb se t\u00eb tjer\u00ebt, p\u00ebr stigm\u00ebn q\u00eb i mundon t\u00eb s\u00ebmur\u00ebt mendor\u00eb n\u00eb nj\u00eb shoq\u00ebri primitive si e jona, nuk d\u00ebshironte t\u2019ua r\u00ebndonte edhe m\u00eb gjendjen, duke ofruar informacion p\u00ebr ta.<\/p>\n<p>Megjithat\u00eb, ne q\u00eb jetonim me t\u00eb di\u00e7ka dinim: njer\u00ebz q\u00eb hynin dhe dilnin n\u00eb sht\u00ebpin\u00eb ton\u00eb, telefonata, ndonj\u00eb personalitet q\u00eb d\u00ebrgonte makin\u00ebn p\u00ebr ta marr\u00eb mbr\u00ebmjeve. Gjithsesi, dr. Berisha nuk \u00ebsht\u00eb p\u00ebrmendur ndonj\u00ebher\u00eb, as p\u00ebr mir\u00eb, as p\u00ebr keq, n\u00eb sht\u00ebpin\u00eb time, derisa ishte mjek.<\/p>\n<p>Populli ka nj\u00eb koncept t\u00eb vetin p\u00ebr \u201c\u00e7mendurin\u00eb\u201d; v\u00ebshtir\u00eb ta quaj\u00eb t\u00eb till\u00eb nj\u00eb neurotik anksioz, ose nj\u00eb t\u00eb deprimuar; p\u00ebrkundrazi, priret ta v\u00ebr\u00eb k\u00ebt\u00eb diagnoz\u00eb p\u00ebr persona me \u00e7rregullime t\u00eb personalitetit; madje prej k\u00ebtyre, m\u00eb shum\u00eb e t\u00ebrheqin v\u00ebmendjen ata q\u00eb njihen edhe si psikopat\u00eb dhe sociopat\u00eb, ose njer\u00ebz me \u00e7rregullime antisociale t\u00eb personalitetit. Paradoksalisht, k\u00ebta t\u00eb s\u00ebmur\u00eb edhe nuk mund t\u00eb kurohen, s\u00eb paku me mjete dhe metoda konvencionale.<\/p>\n<p>Edhe m\u00eb leht\u00eb, diagnoza e t\u00eb \u00e7mendurit i vihet r\u00ebndom dikujt q\u00eb nuk konformohet leht\u00eb, as bindet kollaj; por k\u00ebmb\u00ebngul n\u00eb mendimet dhe d\u00ebshirat e veta, pa pyetur shum\u00eb p\u00ebr ato t\u00eb t\u00eb tjer\u00ebve. Nj\u00ebfar\u00ebsoj, ne e shohim mendjen si nj\u00eb veg\u00ebl nd\u00ebrmjet\u00ebsuese, mes individit dhe shoq\u00ebris\u00eb; nj\u00eb instrument kompromisi dhe konformimi, q\u00eb t\u00eb \u00e7mendurit i mungon, si\u00e7 e tregon edhe fjala vet\u00eb.<\/p>\n<p>Dhe meq\u00eb, n\u00eb t\u00eb v\u00ebrtet\u00eb, ky nd\u00ebrmjet\u00ebsim shpesh na shfaqet n\u00ebp\u00ebrmjet turpit, i \u00e7menduri \u00ebsht\u00eb, me p\u00ebrkufizim, ai q\u00eb nuk ka turp; ose q\u00eb nuk arrin dot ta faktorizoj\u00eb reagimin kritik t\u00eb s\u00eb tjer\u00ebve, n\u00eb gjykimin e veprimeve t\u00eb veta.<\/p>\n<p>K\u00ebshtu dalim nga psikiatria, p\u00ebr t\u2019u futur n\u00eb ferrishtet e patologjive sociale, ku fare mir\u00eb mund t\u00eb gjejm\u00eb edhe shpjegimet \u2013 rigorozisht jo psikiatrike \u2013 p\u00ebr problemet e sotme t\u00eb personalitetit t\u00eb politikanit shqiptar.<\/p>\n<p>\u00c7udit\u00ebrisht, alibin\u00eb morale k\u00ebtij thashethemi, p\u00ebr Berish\u00ebn dhe tim at\u00eb, ia ka dh\u00ebn\u00eb kryeministri vet\u00eb, kur foli n\u00eb publik p\u00ebr gjoja skizofrenin\u00eb e krye-kund\u00ebrshtarit t\u00eb vet Rama; duke k\u00ebrkuar edhe mb\u00ebshtetjen ose d\u00ebshmin\u00eb simbolike t\u00eb s\u00eb j\u00ebm\u00ebs s\u00eb k\u00ebtij t\u00eb fundit. Ja si e p\u00ebrshkruan k\u00ebt\u00eb vet\u00eb Rama, n\u00eb librin Kurban:<\/p>\n<p>&#8211; Iu qep Saliu sime m\u00ebje e i ul\u00ebrinte n\u00eb em\u00ebr t\u00eb motrave e n\u00ebnave shqiptare t\u00eb tregonte se kush isha un\u00eb, thuaju zonj\u00eb q\u00eb ke dhjet\u00eb vjet q\u00eb e kuron p\u00ebr skizofreni t\u00ebt bir, e dim\u00eb mir\u00eb ne t\u00eb dy dhe ata koleg\u00ebt tan\u00eb mjek\u00eb, thuaju si t\u00eb rrihte yt bir dhe t\u00eb nxirrte rrug\u00ebve t\u00eb lagjes me k\u00ebmish\u00eb nate, tregoju t\u00eb v\u00ebrtet\u00ebn vajzave shqiptare, se si un\u00eb dhunoja grat\u00eb, se si iknin t\u00eb lemerisura nga sht\u00ebpia kur u futesha n\u00eb dyshek shok\u00ebve t\u00eb mi, se si i kisha thyer nofullat e b\u00ebr\u00eb hund\u00ebt gjak gruas n\u00eb publik, fol zonj\u00eb [&#8230;]<\/p>\n<p>Ka nj\u00eb ironi, n\u00eb kthimin e tanish\u00ebm t\u00eb thashethemit si bumerang, p\u00ebr t\u00eb goditur k\u00ebt\u00eb her\u00eb Berish\u00ebn; p\u00ebrndryshe kryemjesht\u00ebr t\u00eb diagnozave morale dhe t\u00eb thashethemeve, t\u00eb cilave u b\u00ebn vend rregullisht n\u00eb diskursin e vet kryeministror.<\/p>\n<p>Edhe pse Rama nuk besoj t\u00eb ket\u00eb t\u00eb b\u00ebj\u00eb me k\u00ebt\u00eb kthim shpagues; sa koh\u00eb q\u00eb me siguri i respekton t\u00eb s\u00ebmur\u00ebt mendor\u00eb, madje edhe skizofren\u00ebt vet\u00eb; dhe nuk ia lejon vetes t\u2019i ngat\u00ebrroj\u00eb me pala\u00e7oll\u00ebqet e politik\u00ebs shqiptare t\u00eb niveleve m\u00eb t\u00eb larta.<\/p>\n<p>\u00c7mendurit\u00eb n\u00eb politik\u00ebn e sotme shqiptare nuk kan\u00eb natyr\u00eb psikiatrike. P\u00ebrndryshe, rr\u00ebnj\u00ebt e legjend\u00ebs urbane, p\u00ebr Berish\u00ebn t\u00eb mjekuar nga im at\u00eb, ndoshta i duhen k\u00ebrkuar n\u00eb nj\u00eb mbledhje t\u00eb organizat\u00ebs baz\u00eb t\u00eb Partis\u00eb, n\u00eb Fakultetin e Mjek\u00ebsis\u00eb, n\u00eb vitet 1980; kur diskutohej p\u00ebr qarkullimin e kuadrit.<\/p>\n<p>Qarkullimi i kuadrit mund t\u00eb ting\u00eblloj\u00eb si shprehje e r\u00ebndomt\u00eb e burokratishtes; por n\u00eb at\u00eb koh\u00eb u ngjethte misht\u00eb njer\u00ebzve, meq\u00eb donte t\u00eb thoshte t\u00eb lije Tiran\u00ebn dhe pun\u00ebn e mir\u00eb dhe koleg\u00ebt dhe jet\u00ebn sociale q\u00eb kishe krijuar, p\u00ebr t\u00eb shkuar t\u00eb punoje diku tjet\u00ebr; n\u00eb nj\u00eb vend t\u00eb v\u00ebshtir\u00eb dhe me probleme. Nuk dua ta krahasoj me internimin, por e keqja \u00ebsht\u00eb gjithnj\u00eb relative; dhe asnj\u00eb \u201ckuad\u00ebr\u201d nuk d\u00ebshironte t\u00eb qarkullonte.<\/p>\n<p>N\u00eb at\u00eb mbledhje, ku ishte i pranish\u00ebm edhe dr. Berisha, u fol p\u00ebr t\u00eb qarkulluar tim at\u00eb e p\u00ebr ta \u00e7uar ca koh\u00eb n\u00eb spitalin psikiatrik t\u00eb Elbasanit. K\u00ebtu u ngrit t\u00eb fliste nj\u00eb mjek tjet\u00ebr, dr. Ilir Gjylbegu, obstet\u00ebr i njohur n\u00eb Tiran\u00eb dhe mik i tim eti, q\u00eb nga vitet e studentll\u00ebkut n\u00eb Mosk\u00eb; shakaxhi nga m\u00eb t\u00eb holl\u00ebt n\u00eb ato rrethe.<\/p>\n<p>\u201cJu q\u00eb doni t\u00eb qarkulloni Ulviun,\u201d tha Gjylbegu, \u201ce keni menduar se \u00e7\u2019do ta b\u00ebjm\u00eb pastaj Sal\u00ebn?\u201d<\/p>\n<p style=\"text-align: center;\">* * *<\/p>\n<p>P\u00ebr vitet e Berish\u00ebs mjek elitar n\u00eb Tiran\u00eb pak dihet; me p\u00ebrjashtim t\u00eb disa scoop-eve n\u00eb shtyp, t\u00eb cilat m\u00eb shum\u00eb fshehin me sensacionalizmin e tyre, sesa zbulojn\u00eb gj\u00eb. I riu ambicioz prej Tropoje njihej n\u00eb at\u00eb koh\u00eb si njeri jasht\u00ebzakonisht pun\u00ebtor dhe i p\u00ebrkushtuar, mjek i mir\u00eb dhe me t\u00eb ardhme, i v\u00ebshtruar me sy t\u00eb mir\u00eb nga pacient\u00ebt dhe nga udh\u00ebheqja.<\/p>\n<p>\u00c7do gj\u00eb \u00ebsht\u00eb e mundshme; por me logjik\u00eb, nj\u00eb njeri aq i suksessh\u00ebm sa Berisha, n\u00eb profesion dhe n\u00eb politik\u00eb, nuk mund t\u00eb ket\u00eb pasur probleme mendore t\u00eb tilla, q\u00eb t\u00eb k\u00ebrkonin ndihm\u00eb t\u00eb specializuar.<\/p>\n<p>Kaq her\u00eb jam p\u00ebrpjekur, n\u00eb vitet 1990 e m\u00eb tej, q\u00eb t\u2019i nxjerr ndonj\u00eb holl\u00ebsi tim eti p\u00ebr k\u00ebt\u00eb njeri (jo aq p\u00ebr \u201cmarr\u00ebzin\u00eb\u201d e tij, sesa p\u00ebr ta shp\u00ebrndar\u00eb sado pak misterin q\u00eb e rrethonte), por gjithnj\u00eb kam ndeshur n\u00eb zbraz\u00ebtin\u00eb e informacionit zero: nuk di \u00e7\u2019t\u00eb them\u2026 nuk mbaj mend\u2026 po, aty ishte\u2026 kok\u00ebderr i madh \u2013 por kjo kok\u00ebderr, n\u00eb zhargonin e tim eti, vinte m\u00eb tep\u00ebr si kompliment.<\/p>\n<p>Gjithsesi, po t\u00eb kish qen\u00eb ndonj\u00ebher\u00eb \u201cdoktori\u201d pacient i tim eti, ky do t\u00eb kish folur ndryshe, me m\u00eb shum\u00eb mir\u00ebkuptim dhe dhembshuri. Kush e ka pasur t\u00eb atin mjek, do ta ket\u00eb provuar, si un\u00eb, nj\u00eb xhelozi t\u00eb leht\u00eb kundrejt pacient\u00ebve, me t\u00eb cil\u00ebt u duhet t\u00eb konkurrojn\u00eb. P\u00ebr reticenc\u00ebn e vet ndaj ish-kolegut t\u00eb vet tashm\u00eb t\u00eb shnd\u00ebrruar n\u00eb politikan, im at\u00eb ndoshta kishte edhe arsye t\u00eb tjera, t\u00eb pashprehura.<\/p>\n<p>Ishte ende i ri dhe plot d\u00ebshira profesionale t\u00eb parealizuara, kur e nxor\u00ebn me forc\u00eb n\u00eb pension, n\u00eb fillim t\u00eb viteve 1990 \u2013 edhe pse un\u00eb nuk di se \u00e7\u2019rol ka luajtur Berisha vet\u00eb, n\u00eb k\u00ebt\u00eb mes. Tek e fundit, im at\u00eb nuk ish i vetmi q\u00eb e p\u00ebsoi at\u00eb fat; dhe kjo p\u00ebrb\u00ebnte nj\u00eb far\u00eb ngush\u00ebllimi; ai u plagos shpirt\u00ebrisht, por humbjen m\u00eb t\u00eb madhe e pati psikiatria n\u00eb Tiran\u00eb, meq\u00eb boshll\u00ebku i l\u00ebn\u00eb prej tij, me \u00e7\u2019m\u00eb thon\u00eb, nuk u mbush dot leht\u00eb.<\/p>\n<p>Im at\u00eb vdiq vjet n\u00eb ver\u00eb; dhe ceremonin\u00eb e p\u00ebrmotshme ia b\u00ebm\u00eb k\u00ebtu n\u00eb Nju Jork dhe m\u00eb pas n\u00eb Tiran\u00eb. Askush nga qeveria nuk u kujtua t\u00eb thot\u00eb di\u00e7ka p\u00ebr t\u00eb; qoft\u00eb edhe me nj\u00eb telefonat\u00eb t\u00eb thjesht\u00eb private.<\/p>\n<p>Kisha shpresuar q\u00eb dr. Berisha, si koleg i dikursh\u00ebm edhe pse natyrisht jo si ish-pacient, do t\u00eb tregonte pak m\u00eb shum\u00eb stil, n\u00eb mos si shtetar, s\u00eb paku si mjek \u2013 meq\u00eb mjek\u00ebt, si rregull, kan\u00eb nj\u00eb etik\u00eb t\u00eb posa\u00e7me n\u00eb marr\u00ebdh\u00ebniet mes tyre, q\u00eb i ve\u00e7on prej vdek\u00ebtar\u00ebve t\u00eb tjer\u00eb. Mir\u00ebpo, si edhe n\u00eb raste t\u00eb tjera, ndoshta i pata dh\u00ebn\u00eb atij njeriu m\u00eb shum\u00eb kredi se \u00e7\u2019meritonte, gj\u00eb p\u00ebr t\u00eb cil\u00ebn s\u2019m\u00eb ka absolutisht asnj\u00eb faj.<\/p>\n<p>N\u00eb at\u00eb koh\u00eb u fol edhe p\u00ebr nj\u00eb propozim q\u00eb nj\u00eb shkolle n\u00eb Tiran\u00eb t\u2019i vihej emri i tij; ose p\u00ebr nj\u00eb dekorat\u00eb a medalje q\u00eb do t\u2019ia jepnin pas vdekjes, sikurse ia kan\u00eb dh\u00ebn\u00eb plot t\u00eb tjer\u00ebve, t\u00eb lar\u00eb e t\u00eb palar\u00eb; por asgj\u00eb nuk ndodhi. P\u00ebr nj\u00eb njeri q\u00eb ia kish kushtuar jet\u00ebn e vet t\u00eb s\u00ebmur\u00ebve dhe institucioneve ku pat punuar \u2013 fam\u00ebziut Pavijon 17 m\u00eb par\u00eb, pastaj Spitalit nr. 5 dhe Fakultetit t\u00eb Mjek\u00ebsis\u00eb, kjo do t\u00eb kish pasur shije v\u00ebrtet t\u00eb hidhur; vet\u00ebm se, fatmir\u00ebsisht, t\u00eb vdekurit nuk kan\u00eb ng\u00e9 t\u00eb presin gj\u00eb prej k\u00ebtij shteti kaq t\u00eb zhg\u00ebrryer n\u00eb t\u00eb p\u00ebg\u00ebrat e veta.<\/p>\n<p>Ish pacient\u00ebt e tim eti, nga t\u00eb gjitha shtresat sociale, i shoh ndonj\u00ebher\u00eb kur shkoj n\u00eb Tiran\u00eb; takohemi me mall, meq\u00eb askush nuk ma kujton m\u00eb shum\u00eb tim at\u00eb se ata, me mir\u00ebnjohjen e tyre dhe pik\u00ebllimin q\u00eb nuk e kan\u00eb m\u00eb n\u00eb jet\u00eb. Ashtu, me hallet e tyre n\u00eb gjysmerr\u00ebsir\u00eb dhe njer\u00ebzill\u00ebkun e tyre aq t\u00eb brisht\u00eb, jan\u00eb edhe prova m\u00eb e gjall\u00eb dhe bind\u00ebse q\u00eb legjenda urbane e \u00e7menduris\u00eb s\u00eb kuruar t\u00eb dr. Berish\u00ebs nuk ka, as mund t\u00eb ket\u00eb baz\u00eb reale.<\/p>\n","protected":false},"excerpt":{"rendered":"<p>Nga Ardian Vehbiu N\u00eb blogun e tij Peizazhe t\u00eb Fjal\u00ebs, gjuh\u00ebtari dhe publicisti i njohur Ardian Vehbiu, nj\u00eb nga bashk\u00ebpun\u00ebtor\u00ebt m\u00eb t\u00eb vyer t\u00eb Shekullit, formulon p\u00ebr her\u00eb t\u00eb par\u00eb nj\u00eb p\u00ebrgjigje mbi thashethemin e p\u00ebrhapur n\u00eb Tiran\u00ebn e \u201casaj dhe k\u00ebsaj kohe\u201d, p\u00ebr kurimin e Berish\u00ebs nga kolegu i tij psikiat\u00ebr Ylvi Vehbiu, (babai [&hellip;]<\/p>\n","protected":false},"author":1,"featured_media":0,"comment_status":"open","ping_status":"closed","sticky":false,"template":"","format":"standard","meta":{"footnotes":""},"categories":[2],"tags":[],"class_list":{"0":"post-11548","1":"post","2":"type-post","3":"status-publish","4":"format-standard","6":"category-artikuj"},"yoast_head":"<!-- This site is optimized with the Yoast SEO plugin v27.4 - https:\/\/yoast.com\/product\/yoast-seo-wordpress\/ -->\n<title>Mjek\u00eb, pacient\u00eb, politikan\u00eb - FjALA e LIR\u00cb - Arkivi<\/title>\n<meta name=\"robots\" content=\"index, follow, max-snippet:-1, max-image-preview:large, max-video-preview:-1\" \/>\n<link rel=\"canonical\" href=\"https:\/\/fjala.info\/2009-2015\/mjeke-paciente-politikane\/\" \/>\n<meta property=\"og:locale\" content=\"sq_AL\" \/>\n<meta property=\"og:type\" content=\"article\" \/>\n<meta property=\"og:title\" content=\"Mjek\u00eb, pacient\u00eb, politikan\u00eb - FjALA e LIR\u00cb - Arkivi\" \/>\n<meta property=\"og:description\" content=\"Nga Ardian Vehbiu N\u00eb blogun e tij Peizazhe t\u00eb Fjal\u00ebs, gjuh\u00ebtari dhe publicisti i njohur Ardian Vehbiu, nj\u00eb nga bashk\u00ebpun\u00ebtor\u00ebt m\u00eb t\u00eb vyer t\u00eb Shekullit, formulon p\u00ebr her\u00eb t\u00eb par\u00eb nj\u00eb p\u00ebrgjigje mbi thashethemin e p\u00ebrhapur n\u00eb Tiran\u00ebn e \u201casaj dhe k\u00ebsaj kohe\u201d, p\u00ebr kurimin e Berish\u00ebs nga kolegu i tij psikiat\u00ebr Ylvi Vehbiu, (babai [&hellip;]\" \/>\n<meta property=\"og:url\" content=\"https:\/\/fjala.info\/2009-2015\/mjeke-paciente-politikane\/\" \/>\n<meta property=\"og:site_name\" content=\"FjALA e LIR\u00cb - Arkivi\" \/>\n<meta property=\"article:published_time\" content=\"2011-12-26T20:52:45+00:00\" \/>\n<meta property=\"og:image\" content=\"http:\/\/www.shkoder.net\/images\/fjala\/ardian_vehbiu.jpg\" \/>\n<meta name=\"author\" content=\"admin\" \/>\n<meta name=\"twitter:card\" content=\"summary_large_image\" \/>\n<meta name=\"twitter:label1\" content=\"Written by\" \/>\n\t<meta name=\"twitter:data1\" content=\"admin\" \/>\n\t<meta name=\"twitter:label2\" content=\"Est. reading time\" \/>\n\t<meta name=\"twitter:data2\" content=\"10 minutes\" \/>\n<script type=\"application\/ld+json\" class=\"yoast-schema-graph\">{\"@context\":\"https:\\\/\\\/schema.org\",\"@graph\":[{\"@type\":\"Article\",\"@id\":\"https:\\\/\\\/fjala.info\\\/2009-2015\\\/mjeke-paciente-politikane\\\/#article\",\"isPartOf\":{\"@id\":\"https:\\\/\\\/fjala.info\\\/2009-2015\\\/mjeke-paciente-politikane\\\/\"},\"author\":{\"name\":\"admin\",\"@id\":\"https:\\\/\\\/fjala.info\\\/2009-2015\\\/#\\\/schema\\\/person\\\/3aa1163ef05469c496fc94e77611ada2\"},\"headline\":\"Mjek\u00eb, pacient\u00eb, politikan\u00eb\",\"datePublished\":\"2011-12-26T20:52:45+00:00\",\"mainEntityOfPage\":{\"@id\":\"https:\\\/\\\/fjala.info\\\/2009-2015\\\/mjeke-paciente-politikane\\\/\"},\"wordCount\":1946,\"commentCount\":0,\"publisher\":{\"@id\":\"https:\\\/\\\/fjala.info\\\/2009-2015\\\/#organization\"},\"image\":{\"@id\":\"https:\\\/\\\/fjala.info\\\/2009-2015\\\/mjeke-paciente-politikane\\\/#primaryimage\"},\"thumbnailUrl\":\"http:\\\/\\\/www.shkoder.net\\\/images\\\/fjala\\\/ardian_vehbiu.jpg\",\"articleSection\":[\"Artikuj\"],\"inLanguage\":\"sq-AL\",\"potentialAction\":[{\"@type\":\"CommentAction\",\"name\":\"Comment\",\"target\":[\"https:\\\/\\\/fjala.info\\\/2009-2015\\\/mjeke-paciente-politikane\\\/#respond\"]}]},{\"@type\":\"WebPage\",\"@id\":\"https:\\\/\\\/fjala.info\\\/2009-2015\\\/mjeke-paciente-politikane\\\/\",\"url\":\"https:\\\/\\\/fjala.info\\\/2009-2015\\\/mjeke-paciente-politikane\\\/\",\"name\":\"Mjek\u00eb, pacient\u00eb, politikan\u00eb - FjALA e LIR\u00cb - Arkivi\",\"isPartOf\":{\"@id\":\"https:\\\/\\\/fjala.info\\\/2009-2015\\\/#website\"},\"primaryImageOfPage\":{\"@id\":\"https:\\\/\\\/fjala.info\\\/2009-2015\\\/mjeke-paciente-politikane\\\/#primaryimage\"},\"image\":{\"@id\":\"https:\\\/\\\/fjala.info\\\/2009-2015\\\/mjeke-paciente-politikane\\\/#primaryimage\"},\"thumbnailUrl\":\"http:\\\/\\\/www.shkoder.net\\\/images\\\/fjala\\\/ardian_vehbiu.jpg\",\"datePublished\":\"2011-12-26T20:52:45+00:00\",\"breadcrumb\":{\"@id\":\"https:\\\/\\\/fjala.info\\\/2009-2015\\\/mjeke-paciente-politikane\\\/#breadcrumb\"},\"inLanguage\":\"sq-AL\",\"potentialAction\":[{\"@type\":\"ReadAction\",\"target\":[\"https:\\\/\\\/fjala.info\\\/2009-2015\\\/mjeke-paciente-politikane\\\/\"]}]},{\"@type\":\"ImageObject\",\"inLanguage\":\"sq-AL\",\"@id\":\"https:\\\/\\\/fjala.info\\\/2009-2015\\\/mjeke-paciente-politikane\\\/#primaryimage\",\"url\":\"http:\\\/\\\/www.shkoder.net\\\/images\\\/fjala\\\/ardian_vehbiu.jpg\",\"contentUrl\":\"http:\\\/\\\/www.shkoder.net\\\/images\\\/fjala\\\/ardian_vehbiu.jpg\"},{\"@type\":\"BreadcrumbList\",\"@id\":\"https:\\\/\\\/fjala.info\\\/2009-2015\\\/mjeke-paciente-politikane\\\/#breadcrumb\",\"itemListElement\":[{\"@type\":\"ListItem\",\"position\":1,\"name\":\"Home\",\"item\":\"https:\\\/\\\/fjala.info\\\/2009-2015\\\/\"},{\"@type\":\"ListItem\",\"position\":2,\"name\":\"Mjek\u00eb, pacient\u00eb, politikan\u00eb\"}]},{\"@type\":\"WebSite\",\"@id\":\"https:\\\/\\\/fjala.info\\\/2009-2015\\\/#website\",\"url\":\"https:\\\/\\\/fjala.info\\\/2009-2015\\\/\",\"name\":\"FjALA e LIR\u00cb - Arkivi\",\"description\":\"Arkivi 2009-2015\",\"publisher\":{\"@id\":\"https:\\\/\\\/fjala.info\\\/2009-2015\\\/#organization\"},\"potentialAction\":[{\"@type\":\"SearchAction\",\"target\":{\"@type\":\"EntryPoint\",\"urlTemplate\":\"https:\\\/\\\/fjala.info\\\/2009-2015\\\/?s={search_term_string}\"},\"query-input\":{\"@type\":\"PropertyValueSpecification\",\"valueRequired\":true,\"valueName\":\"search_term_string\"}}],\"inLanguage\":\"sq-AL\"},{\"@type\":\"Organization\",\"@id\":\"https:\\\/\\\/fjala.info\\\/2009-2015\\\/#organization\",\"name\":\"FjALA e LIR\u00cb - Arkivi\",\"url\":\"https:\\\/\\\/fjala.info\\\/2009-2015\\\/\",\"logo\":{\"@type\":\"ImageObject\",\"inLanguage\":\"sq-AL\",\"@id\":\"https:\\\/\\\/fjala.info\\\/2009-2015\\\/#\\\/schema\\\/logo\\\/image\\\/\",\"url\":\"\",\"contentUrl\":\"\",\"caption\":\"FjALA e LIR\u00cb - Arkivi\"},\"image\":{\"@id\":\"https:\\\/\\\/fjala.info\\\/2009-2015\\\/#\\\/schema\\\/logo\\\/image\\\/\"}},{\"@type\":\"Person\",\"@id\":\"https:\\\/\\\/fjala.info\\\/2009-2015\\\/#\\\/schema\\\/person\\\/3aa1163ef05469c496fc94e77611ada2\",\"name\":\"admin\",\"image\":{\"@type\":\"ImageObject\",\"inLanguage\":\"sq-AL\",\"@id\":\"https:\\\/\\\/fjala.info\\\/2009-2015\\\/wp-content\\\/uploads\\\/2012\\\/02\\\/arben_cokaj-120x150.jpg\",\"url\":\"https:\\\/\\\/fjala.info\\\/2009-2015\\\/wp-content\\\/uploads\\\/2012\\\/02\\\/arben_cokaj-120x150.jpg\",\"contentUrl\":\"https:\\\/\\\/fjala.info\\\/2009-2015\\\/wp-content\\\/uploads\\\/2012\\\/02\\\/arben_cokaj-120x150.jpg\",\"caption\":\"admin\"},\"description\":\"Admin, Fjala e Lir\u00eb\",\"sameAs\":[\"https:\\\/\\\/fjala.info\\\/\"],\"url\":\"https:\\\/\\\/fjala.info\\\/2009-2015\\\/author\\\/admin\\\/\"}]}<\/script>\n<!-- \/ Yoast SEO plugin. -->","yoast_head_json":{"title":"Mjek\u00eb, pacient\u00eb, politikan\u00eb - FjALA e LIR\u00cb - Arkivi","robots":{"index":"index","follow":"follow","max-snippet":"max-snippet:-1","max-image-preview":"max-image-preview:large","max-video-preview":"max-video-preview:-1"},"canonical":"https:\/\/fjala.info\/2009-2015\/mjeke-paciente-politikane\/","og_locale":"sq_AL","og_type":"article","og_title":"Mjek\u00eb, pacient\u00eb, politikan\u00eb - FjALA e LIR\u00cb - Arkivi","og_description":"Nga Ardian Vehbiu N\u00eb blogun e tij Peizazhe t\u00eb Fjal\u00ebs, gjuh\u00ebtari dhe publicisti i njohur Ardian Vehbiu, nj\u00eb nga bashk\u00ebpun\u00ebtor\u00ebt m\u00eb t\u00eb vyer t\u00eb Shekullit, formulon p\u00ebr her\u00eb t\u00eb par\u00eb nj\u00eb p\u00ebrgjigje mbi thashethemin e p\u00ebrhapur n\u00eb Tiran\u00ebn e \u201casaj dhe k\u00ebsaj kohe\u201d, p\u00ebr kurimin e Berish\u00ebs nga kolegu i tij psikiat\u00ebr Ylvi Vehbiu, (babai [&hellip;]","og_url":"https:\/\/fjala.info\/2009-2015\/mjeke-paciente-politikane\/","og_site_name":"FjALA e LIR\u00cb - Arkivi","article_published_time":"2011-12-26T20:52:45+00:00","og_image":[{"url":"http:\/\/www.shkoder.net\/images\/fjala\/ardian_vehbiu.jpg","type":"","width":"","height":""}],"author":"admin","twitter_card":"summary_large_image","twitter_misc":{"Written by":"admin","Est. reading time":"10 minutes"},"schema":{"@context":"https:\/\/schema.org","@graph":[{"@type":"Article","@id":"https:\/\/fjala.info\/2009-2015\/mjeke-paciente-politikane\/#article","isPartOf":{"@id":"https:\/\/fjala.info\/2009-2015\/mjeke-paciente-politikane\/"},"author":{"name":"admin","@id":"https:\/\/fjala.info\/2009-2015\/#\/schema\/person\/3aa1163ef05469c496fc94e77611ada2"},"headline":"Mjek\u00eb, pacient\u00eb, politikan\u00eb","datePublished":"2011-12-26T20:52:45+00:00","mainEntityOfPage":{"@id":"https:\/\/fjala.info\/2009-2015\/mjeke-paciente-politikane\/"},"wordCount":1946,"commentCount":0,"publisher":{"@id":"https:\/\/fjala.info\/2009-2015\/#organization"},"image":{"@id":"https:\/\/fjala.info\/2009-2015\/mjeke-paciente-politikane\/#primaryimage"},"thumbnailUrl":"http:\/\/www.shkoder.net\/images\/fjala\/ardian_vehbiu.jpg","articleSection":["Artikuj"],"inLanguage":"sq-AL","potentialAction":[{"@type":"CommentAction","name":"Comment","target":["https:\/\/fjala.info\/2009-2015\/mjeke-paciente-politikane\/#respond"]}]},{"@type":"WebPage","@id":"https:\/\/fjala.info\/2009-2015\/mjeke-paciente-politikane\/","url":"https:\/\/fjala.info\/2009-2015\/mjeke-paciente-politikane\/","name":"Mjek\u00eb, pacient\u00eb, politikan\u00eb - FjALA e LIR\u00cb - Arkivi","isPartOf":{"@id":"https:\/\/fjala.info\/2009-2015\/#website"},"primaryImageOfPage":{"@id":"https:\/\/fjala.info\/2009-2015\/mjeke-paciente-politikane\/#primaryimage"},"image":{"@id":"https:\/\/fjala.info\/2009-2015\/mjeke-paciente-politikane\/#primaryimage"},"thumbnailUrl":"http:\/\/www.shkoder.net\/images\/fjala\/ardian_vehbiu.jpg","datePublished":"2011-12-26T20:52:45+00:00","breadcrumb":{"@id":"https:\/\/fjala.info\/2009-2015\/mjeke-paciente-politikane\/#breadcrumb"},"inLanguage":"sq-AL","potentialAction":[{"@type":"ReadAction","target":["https:\/\/fjala.info\/2009-2015\/mjeke-paciente-politikane\/"]}]},{"@type":"ImageObject","inLanguage":"sq-AL","@id":"https:\/\/fjala.info\/2009-2015\/mjeke-paciente-politikane\/#primaryimage","url":"http:\/\/www.shkoder.net\/images\/fjala\/ardian_vehbiu.jpg","contentUrl":"http:\/\/www.shkoder.net\/images\/fjala\/ardian_vehbiu.jpg"},{"@type":"BreadcrumbList","@id":"https:\/\/fjala.info\/2009-2015\/mjeke-paciente-politikane\/#breadcrumb","itemListElement":[{"@type":"ListItem","position":1,"name":"Home","item":"https:\/\/fjala.info\/2009-2015\/"},{"@type":"ListItem","position":2,"name":"Mjek\u00eb, pacient\u00eb, politikan\u00eb"}]},{"@type":"WebSite","@id":"https:\/\/fjala.info\/2009-2015\/#website","url":"https:\/\/fjala.info\/2009-2015\/","name":"FjALA e LIR\u00cb - Arkivi","description":"Arkivi 2009-2015","publisher":{"@id":"https:\/\/fjala.info\/2009-2015\/#organization"},"potentialAction":[{"@type":"SearchAction","target":{"@type":"EntryPoint","urlTemplate":"https:\/\/fjala.info\/2009-2015\/?s={search_term_string}"},"query-input":{"@type":"PropertyValueSpecification","valueRequired":true,"valueName":"search_term_string"}}],"inLanguage":"sq-AL"},{"@type":"Organization","@id":"https:\/\/fjala.info\/2009-2015\/#organization","name":"FjALA e LIR\u00cb - Arkivi","url":"https:\/\/fjala.info\/2009-2015\/","logo":{"@type":"ImageObject","inLanguage":"sq-AL","@id":"https:\/\/fjala.info\/2009-2015\/#\/schema\/logo\/image\/","url":"","contentUrl":"","caption":"FjALA e LIR\u00cb - Arkivi"},"image":{"@id":"https:\/\/fjala.info\/2009-2015\/#\/schema\/logo\/image\/"}},{"@type":"Person","@id":"https:\/\/fjala.info\/2009-2015\/#\/schema\/person\/3aa1163ef05469c496fc94e77611ada2","name":"admin","image":{"@type":"ImageObject","inLanguage":"sq-AL","@id":"https:\/\/fjala.info\/2009-2015\/wp-content\/uploads\/2012\/02\/arben_cokaj-120x150.jpg","url":"https:\/\/fjala.info\/2009-2015\/wp-content\/uploads\/2012\/02\/arben_cokaj-120x150.jpg","contentUrl":"https:\/\/fjala.info\/2009-2015\/wp-content\/uploads\/2012\/02\/arben_cokaj-120x150.jpg","caption":"admin"},"description":"Admin, Fjala e Lir\u00eb","sameAs":["https:\/\/fjala.info\/"],"url":"https:\/\/fjala.info\/2009-2015\/author\/admin\/"}]}},"_links":{"self":[{"href":"https:\/\/fjala.info\/2009-2015\/wp-json\/wp\/v2\/posts\/11548","targetHints":{"allow":["GET"]}}],"collection":[{"href":"https:\/\/fjala.info\/2009-2015\/wp-json\/wp\/v2\/posts"}],"about":[{"href":"https:\/\/fjala.info\/2009-2015\/wp-json\/wp\/v2\/types\/post"}],"author":[{"embeddable":true,"href":"https:\/\/fjala.info\/2009-2015\/wp-json\/wp\/v2\/users\/1"}],"replies":[{"embeddable":true,"href":"https:\/\/fjala.info\/2009-2015\/wp-json\/wp\/v2\/comments?post=11548"}],"version-history":[{"count":0,"href":"https:\/\/fjala.info\/2009-2015\/wp-json\/wp\/v2\/posts\/11548\/revisions"}],"wp:attachment":[{"href":"https:\/\/fjala.info\/2009-2015\/wp-json\/wp\/v2\/media?parent=11548"}],"wp:term":[{"taxonomy":"category","embeddable":true,"href":"https:\/\/fjala.info\/2009-2015\/wp-json\/wp\/v2\/categories?post=11548"},{"taxonomy":"post_tag","embeddable":true,"href":"https:\/\/fjala.info\/2009-2015\/wp-json\/wp\/v2\/tags?post=11548"}],"curies":[{"name":"wp","href":"https:\/\/api.w.org\/{rel}","templated":true}]}}