{"id":11547,"date":"2011-12-26T21:37:24","date_gmt":"2011-12-26T20:37:24","guid":{"rendered":"http:\/\/fjala.shkoder.net\/?p=784"},"modified":"2011-12-26T21:37:24","modified_gmt":"2011-12-26T20:37:24","slug":"challe-kane-shqiptaret-e-per-cfare-flet-kryeministri","status":"publish","type":"post","link":"https:\/\/fjala.info\/2009-2015\/challe-kane-shqiptaret-e-per-cfare-flet-kryeministri\/","title":{"rendered":"\u00c7\u2019halle kan\u00eb shqiptar\u00ebt e p\u00ebr \u00e7far\u00eb flet kryeministri\u2026"},"content":{"rendered":"<p><img decoding=\"async\" class=\"alignleft size-thumbnail wp-image-7236\" title=\"Mustafa Nano\" src=\"http:\/\/www.shkoder.net\/images\/fjala\/mustafa_nano.jpg\" alt=\"\" width=\"150\" \/> <strong>Mustafa Nano<\/strong> \/ <em>ResPublica<\/em><\/p>\n<p>M\u00eb posht\u00eb keni nj\u00eb num\u00ebr pyetjesh nga dy intervista q\u00eb i jan\u00eb marr\u00eb kryeministrit Sali Berisha nga Blendi Fevziu. Asnj\u00eb prej k\u00ebtyre pyetjeve nuk ka t\u00eb b\u00ebj\u00eb me shqet\u00ebsimet reale t\u00eb vendit; p\u00ebr m\u00eb tep\u00ebr, tek-tuk jan\u00eb t\u00eb nj\u00ebjta pyetje q\u00eb i b\u00ebhen t\u00eb nj\u00ebjtit person p\u00ebr t\u00eb marr\u00eb t\u00eb nj\u00ebjtat p\u00ebrgjigje n\u00eb harkun e dy a tre muajve. P\u00ebr t\u00eb nj\u00ebjta tema \u2018bomb\u00eb\u2019 u pyet mbr\u00ebm\u00eb kryeministri edhe n\u00eb televizionin Ora News. Ky avaz vazhdon prej 10 vitesh e kusur.<\/p>\n<p>Shtator\/Tetor 2011: A ka nj\u00eb plan konkret q\u00eb ju t\u00eb largoheni nga qeveria dhe nga PD-ja p\u00ebr t\u00eb shkuar n\u00eb Presidenc\u00eb? Kjo do t\u00eb thot\u00eb q\u00eb ju nuk do t\u00eb kandidoni n\u00eb postin e Presidentit? \u00cbsht\u00eb deklarat\u00eb e prer\u00eb q\u00eb ju s\u2019do t\u00eb kandidoni p\u00ebr President? Ju do ta drejtoni fushat\u00ebn e PD-s\u00eb? Ju that\u00eb q\u00eb s\u2019do t\u00eb kandidoni p\u00ebr President, por a keni ndonj\u00eb ide kush do t\u00eb jet\u00eb Presidenti ose Presidentja e ardhshme e Shqip\u00ebris\u00eb?<\/p>\n<p>Presidenti do t\u00eb jet\u00eb nj\u00eb zgjedhje e k\u00ebsaj maxhorance, zoti Berisha, apo kompromis me opozit\u00ebn? Do zgjidhet me 71 vota? A do t\u00eb ket\u00eb ndryshime n\u00eb qeveri, z. Berisha? Nuk do t\u00eb ket\u00eb ndryshime? Keni folur edhe p\u00ebr rishkrimin e historis\u00eb s\u00eb vendit. A ka lidhje kjo me ndryshimet n\u00eb ligjin p\u00ebr ish-t\u00eb p\u00ebrndjekurit politik\u00eb?<\/p>\n<p>25 Dhjetor 2011: Mendova q\u00eb ajo q\u00eb ngjau n\u00eb fest\u00ebn e PD [t\u00eb fiktit] do t\u2019ju pengonte t\u00eb ishit k\u00ebtu\u2026? Jeni i sigurt se axhenda juaj nuk do t\u00eb reduktohet pas asaj q\u00eb ju ndodhi? Ishte nj\u00eb viroz\u00eb, apo ishte emocionale? Ju e nd\u00ebrpret\u00eb fjalimin; pse nuk e lat\u00eb kur e ndjet\u00eb q\u00eb nuk ishit mir\u00eb? E mor\u00ebt vesh q\u00eb lideri i opozit\u00ebs ju uroi nj\u00eb sh\u00ebrim t\u00eb shpejt\u00eb n\u00eb Twitter? Si, ju po thoni q\u00eb [ju vet\u00eb] nuk do ta kandidoni? Nuk do t\u00eb votoni m\u00eb p\u00ebr Topin n\u00ebse ai kandidon? A jeni ju n\u00eb v\u00ebshtir\u00ebsi si maxhoranc\u00eb me nj\u00eb President q\u00eb ka shprehur ambicien p\u00ebr t\u00eb pasur karrier\u00eb politike, q\u00eb mund t\u00eb p\u00ebrdor\u00eb postin e Presidentit p\u00ebr t\u00eb konsoliduar pozitat e tij? Pse nuk e ftuat Presidentin n\u00eb pritjen e PD-s\u00eb?<\/p>\n<p>\u00cbsht\u00eb rikthyer n\u00eb qend\u00ebr t\u00eb v\u00ebmendjes emri i Nanos si President n\u00eb 2012-n \u2026.? U q\u00ebndroni deklaratave q\u00eb nuk do t\u00eb kandidoni [p\u00ebr President]? PD kandidatin e saj p\u00ebr President do ta ket\u00eb figur\u00eb politike, apo jasht\u00eb politik\u00ebs? Ju nuk i keni votat si PD, keni 70 vota. Presidentin do ta zgjedh\u00eb LSI-ja? A do t\u00eb jet\u00eb Topalli kandidate e PD-s\u00eb p\u00ebr Presidente? \u00cbsht\u00eb Topalli nj\u00eb kandidatur\u00eb e mundshme? A do t\u00eb jet\u00eb kandidat i PD-s\u00eb Fatos Nano? Presidenti mund t\u00eb vij\u00eb nga jasht\u00eb politik\u00ebs? A keni nd\u00ebr mend t\u00eb ndryshoni qeverin\u00eb?<\/p>\n","protected":false},"excerpt":{"rendered":"<p>Mustafa Nano \/ ResPublica M\u00eb posht\u00eb keni nj\u00eb num\u00ebr pyetjesh nga dy intervista q\u00eb i jan\u00eb marr\u00eb kryeministrit Sali Berisha nga Blendi Fevziu. Asnj\u00eb prej k\u00ebtyre pyetjeve nuk ka t\u00eb b\u00ebj\u00eb me shqet\u00ebsimet reale t\u00eb vendit; p\u00ebr m\u00eb tep\u00ebr, tek-tuk jan\u00eb t\u00eb nj\u00ebjta pyetje q\u00eb i b\u00ebhen t\u00eb nj\u00ebjtit person p\u00ebr t\u00eb marr\u00eb t\u00eb nj\u00ebjtat [&hellip;]<\/p>\n","protected":false},"author":1,"featured_media":0,"comment_status":"open","ping_status":"closed","sticky":false,"template":"","format":"standard","meta":{"footnotes":""},"categories":[2],"tags":[],"class_list":{"0":"post-11547","1":"post","2":"type-post","3":"status-publish","4":"format-standard","6":"category-artikuj"},"yoast_head":"<!-- This site is optimized with the Yoast SEO plugin v27.4 - https:\/\/yoast.com\/product\/yoast-seo-wordpress\/ -->\n<title>\u00c7\u2019halle kan\u00eb shqiptar\u00ebt e p\u00ebr \u00e7far\u00eb flet kryeministri\u2026 - FjALA e LIR\u00cb - Arkivi<\/title>\n<meta name=\"robots\" content=\"index, follow, max-snippet:-1, max-image-preview:large, max-video-preview:-1\" \/>\n<link rel=\"canonical\" href=\"https:\/\/fjala.info\/2009-2015\/challe-kane-shqiptaret-e-per-cfare-flet-kryeministri\/\" \/>\n<meta property=\"og:locale\" content=\"sq_AL\" \/>\n<meta property=\"og:type\" content=\"article\" \/>\n<meta property=\"og:title\" content=\"\u00c7\u2019halle kan\u00eb shqiptar\u00ebt e p\u00ebr \u00e7far\u00eb flet kryeministri\u2026 - FjALA e LIR\u00cb - Arkivi\" \/>\n<meta property=\"og:description\" content=\"Mustafa Nano \/ ResPublica M\u00eb posht\u00eb keni nj\u00eb num\u00ebr pyetjesh nga dy intervista q\u00eb i jan\u00eb marr\u00eb kryeministrit Sali Berisha nga Blendi Fevziu. Asnj\u00eb prej k\u00ebtyre pyetjeve nuk ka t\u00eb b\u00ebj\u00eb me shqet\u00ebsimet reale t\u00eb vendit; p\u00ebr m\u00eb tep\u00ebr, tek-tuk jan\u00eb t\u00eb nj\u00ebjta pyetje q\u00eb i b\u00ebhen t\u00eb nj\u00ebjtit person p\u00ebr t\u00eb marr\u00eb t\u00eb nj\u00ebjtat [&hellip;]\" \/>\n<meta property=\"og:url\" content=\"https:\/\/fjala.info\/2009-2015\/challe-kane-shqiptaret-e-per-cfare-flet-kryeministri\/\" \/>\n<meta property=\"og:site_name\" content=\"FjALA e LIR\u00cb - Arkivi\" \/>\n<meta property=\"article:published_time\" content=\"2011-12-26T20:37:24+00:00\" \/>\n<meta property=\"og:image\" content=\"http:\/\/www.shkoder.net\/images\/fjala\/mustafa_nano.jpg\" \/>\n<meta name=\"author\" content=\"admin\" \/>\n<meta name=\"twitter:card\" content=\"summary_large_image\" \/>\n<meta name=\"twitter:label1\" content=\"Written by\" \/>\n\t<meta name=\"twitter:data1\" content=\"admin\" \/>\n\t<meta name=\"twitter:label2\" content=\"Est. reading time\" \/>\n\t<meta name=\"twitter:data2\" content=\"2 minutes\" \/>\n<script type=\"application\/ld+json\" class=\"yoast-schema-graph\">{\"@context\":\"https:\\\/\\\/schema.org\",\"@graph\":[{\"@type\":\"Article\",\"@id\":\"https:\\\/\\\/fjala.info\\\/2009-2015\\\/challe-kane-shqiptaret-e-per-cfare-flet-kryeministri\\\/#article\",\"isPartOf\":{\"@id\":\"https:\\\/\\\/fjala.info\\\/2009-2015\\\/challe-kane-shqiptaret-e-per-cfare-flet-kryeministri\\\/\"},\"author\":{\"name\":\"admin\",\"@id\":\"https:\\\/\\\/fjala.info\\\/2009-2015\\\/#\\\/schema\\\/person\\\/3aa1163ef05469c496fc94e77611ada2\"},\"headline\":\"\u00c7\u2019halle kan\u00eb shqiptar\u00ebt e p\u00ebr \u00e7far\u00eb flet kryeministri\u2026\",\"datePublished\":\"2011-12-26T20:37:24+00:00\",\"mainEntityOfPage\":{\"@id\":\"https:\\\/\\\/fjala.info\\\/2009-2015\\\/challe-kane-shqiptaret-e-per-cfare-flet-kryeministri\\\/\"},\"wordCount\":495,\"commentCount\":0,\"publisher\":{\"@id\":\"https:\\\/\\\/fjala.info\\\/2009-2015\\\/#organization\"},\"image\":{\"@id\":\"https:\\\/\\\/fjala.info\\\/2009-2015\\\/challe-kane-shqiptaret-e-per-cfare-flet-kryeministri\\\/#primaryimage\"},\"thumbnailUrl\":\"http:\\\/\\\/www.shkoder.net\\\/images\\\/fjala\\\/mustafa_nano.jpg\",\"articleSection\":[\"Artikuj\"],\"inLanguage\":\"sq-AL\",\"potentialAction\":[{\"@type\":\"CommentAction\",\"name\":\"Comment\",\"target\":[\"https:\\\/\\\/fjala.info\\\/2009-2015\\\/challe-kane-shqiptaret-e-per-cfare-flet-kryeministri\\\/#respond\"]}]},{\"@type\":\"WebPage\",\"@id\":\"https:\\\/\\\/fjala.info\\\/2009-2015\\\/challe-kane-shqiptaret-e-per-cfare-flet-kryeministri\\\/\",\"url\":\"https:\\\/\\\/fjala.info\\\/2009-2015\\\/challe-kane-shqiptaret-e-per-cfare-flet-kryeministri\\\/\",\"name\":\"\u00c7\u2019halle kan\u00eb shqiptar\u00ebt e p\u00ebr \u00e7far\u00eb flet kryeministri\u2026 - FjALA e LIR\u00cb - Arkivi\",\"isPartOf\":{\"@id\":\"https:\\\/\\\/fjala.info\\\/2009-2015\\\/#website\"},\"primaryImageOfPage\":{\"@id\":\"https:\\\/\\\/fjala.info\\\/2009-2015\\\/challe-kane-shqiptaret-e-per-cfare-flet-kryeministri\\\/#primaryimage\"},\"image\":{\"@id\":\"https:\\\/\\\/fjala.info\\\/2009-2015\\\/challe-kane-shqiptaret-e-per-cfare-flet-kryeministri\\\/#primaryimage\"},\"thumbnailUrl\":\"http:\\\/\\\/www.shkoder.net\\\/images\\\/fjala\\\/mustafa_nano.jpg\",\"datePublished\":\"2011-12-26T20:37:24+00:00\",\"breadcrumb\":{\"@id\":\"https:\\\/\\\/fjala.info\\\/2009-2015\\\/challe-kane-shqiptaret-e-per-cfare-flet-kryeministri\\\/#breadcrumb\"},\"inLanguage\":\"sq-AL\",\"potentialAction\":[{\"@type\":\"ReadAction\",\"target\":[\"https:\\\/\\\/fjala.info\\\/2009-2015\\\/challe-kane-shqiptaret-e-per-cfare-flet-kryeministri\\\/\"]}]},{\"@type\":\"ImageObject\",\"inLanguage\":\"sq-AL\",\"@id\":\"https:\\\/\\\/fjala.info\\\/2009-2015\\\/challe-kane-shqiptaret-e-per-cfare-flet-kryeministri\\\/#primaryimage\",\"url\":\"http:\\\/\\\/www.shkoder.net\\\/images\\\/fjala\\\/mustafa_nano.jpg\",\"contentUrl\":\"http:\\\/\\\/www.shkoder.net\\\/images\\\/fjala\\\/mustafa_nano.jpg\"},{\"@type\":\"BreadcrumbList\",\"@id\":\"https:\\\/\\\/fjala.info\\\/2009-2015\\\/challe-kane-shqiptaret-e-per-cfare-flet-kryeministri\\\/#breadcrumb\",\"itemListElement\":[{\"@type\":\"ListItem\",\"position\":1,\"name\":\"Home\",\"item\":\"https:\\\/\\\/fjala.info\\\/2009-2015\\\/\"},{\"@type\":\"ListItem\",\"position\":2,\"name\":\"\u00c7\u2019halle kan\u00eb shqiptar\u00ebt e p\u00ebr \u00e7far\u00eb flet kryeministri\u2026\"}]},{\"@type\":\"WebSite\",\"@id\":\"https:\\\/\\\/fjala.info\\\/2009-2015\\\/#website\",\"url\":\"https:\\\/\\\/fjala.info\\\/2009-2015\\\/\",\"name\":\"FjALA e LIR\u00cb - Arkivi\",\"description\":\"Arkivi 2009-2015\",\"publisher\":{\"@id\":\"https:\\\/\\\/fjala.info\\\/2009-2015\\\/#organization\"},\"potentialAction\":[{\"@type\":\"SearchAction\",\"target\":{\"@type\":\"EntryPoint\",\"urlTemplate\":\"https:\\\/\\\/fjala.info\\\/2009-2015\\\/?s={search_term_string}\"},\"query-input\":{\"@type\":\"PropertyValueSpecification\",\"valueRequired\":true,\"valueName\":\"search_term_string\"}}],\"inLanguage\":\"sq-AL\"},{\"@type\":\"Organization\",\"@id\":\"https:\\\/\\\/fjala.info\\\/2009-2015\\\/#organization\",\"name\":\"FjALA e LIR\u00cb - Arkivi\",\"url\":\"https:\\\/\\\/fjala.info\\\/2009-2015\\\/\",\"logo\":{\"@type\":\"ImageObject\",\"inLanguage\":\"sq-AL\",\"@id\":\"https:\\\/\\\/fjala.info\\\/2009-2015\\\/#\\\/schema\\\/logo\\\/image\\\/\",\"url\":\"\",\"contentUrl\":\"\",\"caption\":\"FjALA e LIR\u00cb - Arkivi\"},\"image\":{\"@id\":\"https:\\\/\\\/fjala.info\\\/2009-2015\\\/#\\\/schema\\\/logo\\\/image\\\/\"}},{\"@type\":\"Person\",\"@id\":\"https:\\\/\\\/fjala.info\\\/2009-2015\\\/#\\\/schema\\\/person\\\/3aa1163ef05469c496fc94e77611ada2\",\"name\":\"admin\",\"image\":{\"@type\":\"ImageObject\",\"inLanguage\":\"sq-AL\",\"@id\":\"https:\\\/\\\/fjala.info\\\/2009-2015\\\/wp-content\\\/uploads\\\/2012\\\/02\\\/arben_cokaj-120x150.jpg\",\"url\":\"https:\\\/\\\/fjala.info\\\/2009-2015\\\/wp-content\\\/uploads\\\/2012\\\/02\\\/arben_cokaj-120x150.jpg\",\"contentUrl\":\"https:\\\/\\\/fjala.info\\\/2009-2015\\\/wp-content\\\/uploads\\\/2012\\\/02\\\/arben_cokaj-120x150.jpg\",\"caption\":\"admin\"},\"description\":\"Admin, Fjala e Lir\u00eb\",\"sameAs\":[\"https:\\\/\\\/fjala.info\\\/\"],\"url\":\"https:\\\/\\\/fjala.info\\\/2009-2015\\\/author\\\/admin\\\/\"}]}<\/script>\n<!-- \/ Yoast SEO plugin. -->","yoast_head_json":{"title":"\u00c7\u2019halle kan\u00eb shqiptar\u00ebt e p\u00ebr \u00e7far\u00eb flet kryeministri\u2026 - FjALA e LIR\u00cb - Arkivi","robots":{"index":"index","follow":"follow","max-snippet":"max-snippet:-1","max-image-preview":"max-image-preview:large","max-video-preview":"max-video-preview:-1"},"canonical":"https:\/\/fjala.info\/2009-2015\/challe-kane-shqiptaret-e-per-cfare-flet-kryeministri\/","og_locale":"sq_AL","og_type":"article","og_title":"\u00c7\u2019halle kan\u00eb shqiptar\u00ebt e p\u00ebr \u00e7far\u00eb flet kryeministri\u2026 - FjALA e LIR\u00cb - Arkivi","og_description":"Mustafa Nano \/ ResPublica M\u00eb posht\u00eb keni nj\u00eb num\u00ebr pyetjesh nga dy intervista q\u00eb i jan\u00eb marr\u00eb kryeministrit Sali Berisha nga Blendi Fevziu. Asnj\u00eb prej k\u00ebtyre pyetjeve nuk ka t\u00eb b\u00ebj\u00eb me shqet\u00ebsimet reale t\u00eb vendit; p\u00ebr m\u00eb tep\u00ebr, tek-tuk jan\u00eb t\u00eb nj\u00ebjta pyetje q\u00eb i b\u00ebhen t\u00eb nj\u00ebjtit person p\u00ebr t\u00eb marr\u00eb t\u00eb nj\u00ebjtat [&hellip;]","og_url":"https:\/\/fjala.info\/2009-2015\/challe-kane-shqiptaret-e-per-cfare-flet-kryeministri\/","og_site_name":"FjALA e LIR\u00cb - Arkivi","article_published_time":"2011-12-26T20:37:24+00:00","og_image":[{"url":"http:\/\/www.shkoder.net\/images\/fjala\/mustafa_nano.jpg","type":"","width":"","height":""}],"author":"admin","twitter_card":"summary_large_image","twitter_misc":{"Written by":"admin","Est. reading time":"2 minutes"},"schema":{"@context":"https:\/\/schema.org","@graph":[{"@type":"Article","@id":"https:\/\/fjala.info\/2009-2015\/challe-kane-shqiptaret-e-per-cfare-flet-kryeministri\/#article","isPartOf":{"@id":"https:\/\/fjala.info\/2009-2015\/challe-kane-shqiptaret-e-per-cfare-flet-kryeministri\/"},"author":{"name":"admin","@id":"https:\/\/fjala.info\/2009-2015\/#\/schema\/person\/3aa1163ef05469c496fc94e77611ada2"},"headline":"\u00c7\u2019halle kan\u00eb shqiptar\u00ebt e p\u00ebr \u00e7far\u00eb flet kryeministri\u2026","datePublished":"2011-12-26T20:37:24+00:00","mainEntityOfPage":{"@id":"https:\/\/fjala.info\/2009-2015\/challe-kane-shqiptaret-e-per-cfare-flet-kryeministri\/"},"wordCount":495,"commentCount":0,"publisher":{"@id":"https:\/\/fjala.info\/2009-2015\/#organization"},"image":{"@id":"https:\/\/fjala.info\/2009-2015\/challe-kane-shqiptaret-e-per-cfare-flet-kryeministri\/#primaryimage"},"thumbnailUrl":"http:\/\/www.shkoder.net\/images\/fjala\/mustafa_nano.jpg","articleSection":["Artikuj"],"inLanguage":"sq-AL","potentialAction":[{"@type":"CommentAction","name":"Comment","target":["https:\/\/fjala.info\/2009-2015\/challe-kane-shqiptaret-e-per-cfare-flet-kryeministri\/#respond"]}]},{"@type":"WebPage","@id":"https:\/\/fjala.info\/2009-2015\/challe-kane-shqiptaret-e-per-cfare-flet-kryeministri\/","url":"https:\/\/fjala.info\/2009-2015\/challe-kane-shqiptaret-e-per-cfare-flet-kryeministri\/","name":"\u00c7\u2019halle kan\u00eb shqiptar\u00ebt e p\u00ebr \u00e7far\u00eb flet kryeministri\u2026 - FjALA e LIR\u00cb - Arkivi","isPartOf":{"@id":"https:\/\/fjala.info\/2009-2015\/#website"},"primaryImageOfPage":{"@id":"https:\/\/fjala.info\/2009-2015\/challe-kane-shqiptaret-e-per-cfare-flet-kryeministri\/#primaryimage"},"image":{"@id":"https:\/\/fjala.info\/2009-2015\/challe-kane-shqiptaret-e-per-cfare-flet-kryeministri\/#primaryimage"},"thumbnailUrl":"http:\/\/www.shkoder.net\/images\/fjala\/mustafa_nano.jpg","datePublished":"2011-12-26T20:37:24+00:00","breadcrumb":{"@id":"https:\/\/fjala.info\/2009-2015\/challe-kane-shqiptaret-e-per-cfare-flet-kryeministri\/#breadcrumb"},"inLanguage":"sq-AL","potentialAction":[{"@type":"ReadAction","target":["https:\/\/fjala.info\/2009-2015\/challe-kane-shqiptaret-e-per-cfare-flet-kryeministri\/"]}]},{"@type":"ImageObject","inLanguage":"sq-AL","@id":"https:\/\/fjala.info\/2009-2015\/challe-kane-shqiptaret-e-per-cfare-flet-kryeministri\/#primaryimage","url":"http:\/\/www.shkoder.net\/images\/fjala\/mustafa_nano.jpg","contentUrl":"http:\/\/www.shkoder.net\/images\/fjala\/mustafa_nano.jpg"},{"@type":"BreadcrumbList","@id":"https:\/\/fjala.info\/2009-2015\/challe-kane-shqiptaret-e-per-cfare-flet-kryeministri\/#breadcrumb","itemListElement":[{"@type":"ListItem","position":1,"name":"Home","item":"https:\/\/fjala.info\/2009-2015\/"},{"@type":"ListItem","position":2,"name":"\u00c7\u2019halle kan\u00eb shqiptar\u00ebt e p\u00ebr \u00e7far\u00eb flet kryeministri\u2026"}]},{"@type":"WebSite","@id":"https:\/\/fjala.info\/2009-2015\/#website","url":"https:\/\/fjala.info\/2009-2015\/","name":"FjALA e LIR\u00cb - Arkivi","description":"Arkivi 2009-2015","publisher":{"@id":"https:\/\/fjala.info\/2009-2015\/#organization"},"potentialAction":[{"@type":"SearchAction","target":{"@type":"EntryPoint","urlTemplate":"https:\/\/fjala.info\/2009-2015\/?s={search_term_string}"},"query-input":{"@type":"PropertyValueSpecification","valueRequired":true,"valueName":"search_term_string"}}],"inLanguage":"sq-AL"},{"@type":"Organization","@id":"https:\/\/fjala.info\/2009-2015\/#organization","name":"FjALA e LIR\u00cb - Arkivi","url":"https:\/\/fjala.info\/2009-2015\/","logo":{"@type":"ImageObject","inLanguage":"sq-AL","@id":"https:\/\/fjala.info\/2009-2015\/#\/schema\/logo\/image\/","url":"","contentUrl":"","caption":"FjALA e LIR\u00cb - Arkivi"},"image":{"@id":"https:\/\/fjala.info\/2009-2015\/#\/schema\/logo\/image\/"}},{"@type":"Person","@id":"https:\/\/fjala.info\/2009-2015\/#\/schema\/person\/3aa1163ef05469c496fc94e77611ada2","name":"admin","image":{"@type":"ImageObject","inLanguage":"sq-AL","@id":"https:\/\/fjala.info\/2009-2015\/wp-content\/uploads\/2012\/02\/arben_cokaj-120x150.jpg","url":"https:\/\/fjala.info\/2009-2015\/wp-content\/uploads\/2012\/02\/arben_cokaj-120x150.jpg","contentUrl":"https:\/\/fjala.info\/2009-2015\/wp-content\/uploads\/2012\/02\/arben_cokaj-120x150.jpg","caption":"admin"},"description":"Admin, Fjala e Lir\u00eb","sameAs":["https:\/\/fjala.info\/"],"url":"https:\/\/fjala.info\/2009-2015\/author\/admin\/"}]}},"_links":{"self":[{"href":"https:\/\/fjala.info\/2009-2015\/wp-json\/wp\/v2\/posts\/11547","targetHints":{"allow":["GET"]}}],"collection":[{"href":"https:\/\/fjala.info\/2009-2015\/wp-json\/wp\/v2\/posts"}],"about":[{"href":"https:\/\/fjala.info\/2009-2015\/wp-json\/wp\/v2\/types\/post"}],"author":[{"embeddable":true,"href":"https:\/\/fjala.info\/2009-2015\/wp-json\/wp\/v2\/users\/1"}],"replies":[{"embeddable":true,"href":"https:\/\/fjala.info\/2009-2015\/wp-json\/wp\/v2\/comments?post=11547"}],"version-history":[{"count":0,"href":"https:\/\/fjala.info\/2009-2015\/wp-json\/wp\/v2\/posts\/11547\/revisions"}],"wp:attachment":[{"href":"https:\/\/fjala.info\/2009-2015\/wp-json\/wp\/v2\/media?parent=11547"}],"wp:term":[{"taxonomy":"category","embeddable":true,"href":"https:\/\/fjala.info\/2009-2015\/wp-json\/wp\/v2\/categories?post=11547"},{"taxonomy":"post_tag","embeddable":true,"href":"https:\/\/fjala.info\/2009-2015\/wp-json\/wp\/v2\/tags?post=11547"}],"curies":[{"name":"wp","href":"https:\/\/api.w.org\/{rel}","templated":true}]}}