{"id":11546,"date":"2011-12-26T20:45:27","date_gmt":"2011-12-26T19:45:27","guid":{"rendered":"http:\/\/fjala.shkoder.net\/?p=776"},"modified":"2011-12-26T20:45:27","modified_gmt":"2011-12-26T19:45:27","slug":"topi-nese-presidenti-do-zgjidhej-nga-populli-do-te-sfidoja-kedo","status":"publish","type":"post","link":"https:\/\/fjala.info\/2009-2015\/topi-nese-presidenti-do-zgjidhej-nga-populli-do-te-sfidoja-kedo\/","title":{"rendered":"Topi: N\u00ebse presidenti do zgjidhej nga populli, do t\u00eb sfidoja k\u00ebdo"},"content":{"rendered":"<p><img decoding=\"async\" class=\"alignright size-thumbnail wp-image-7236\" title=\"Bamir Topi\" src=\"http:\/\/www.shkoder.net\/images\/fjala\/2011\/bamir_topi.jpg\" alt=\"\" width=\"300\" \/> <strong>TemA Online<\/strong>, <em>26 Dhjetor 2011<\/em><\/p>\n<p>Presidenti Bamir Topi, gjat\u00eb vizit\u00ebs s\u00eb tij q\u00eb ka zhvilluar n\u00eb Durr\u00ebs dhe Kavaj\u00eb, iu \u00ebsht\u00eb p\u00ebrgjigjur edhe akuzave t\u00eb kryeministrit Berisha nj\u00eb dit\u00eb m\u00eb par\u00eb, i cili tha se Topi po c\u00ebnon presidenc\u00ebn me ambiciet e tij politike. Sipas presidentit, akuzat e Berish\u00ebs ishin t\u00eb pap\u00ebrshtatshme, duke par\u00eb q\u00eb dje ishte dhe Krishtlindja.<\/p>\n<p>\u201cDeklaratat e politikan\u00ebve duhet t\u00eb jen\u00eb n\u00eb kohezion me \u00e7far\u00eb urojn\u00eb n\u00eb m\u00ebngjesin e fest\u00ebs s\u00eb Krishtlindjes, pra dialog dhe komunikim. Pavar\u00ebsisht nga sa thuhet, un\u00eb jam n\u00eb detyr\u00ebn time kushtetuese dhe nuk jam apendiks i askujt\u201d, ka th\u00ebn\u00eb presidenti.<\/p>\n<p>I pyetur p\u00ebr rikandidimin e tij n\u00eb krye t\u00eb Presidenc\u00ebs, Topi \u00ebsht\u00eb p\u00ebrgjigjur se, \u201cN\u00ebse presidenti do t\u00eb zgjidhej nga populli, do t\u00eb sfidoja k\u00ebdo\u201d, duke konfirmuar k\u00ebshtu se nuk do t\u00eb rikandidoj\u00eb s\u00ebrish.<\/p>\n","protected":false},"excerpt":{"rendered":"<p>TemA Online, 26 Dhjetor 2011 Presidenti Bamir Topi, gjat\u00eb vizit\u00ebs s\u00eb tij q\u00eb ka zhvilluar n\u00eb Durr\u00ebs dhe Kavaj\u00eb, iu \u00ebsht\u00eb p\u00ebrgjigjur edhe akuzave t\u00eb kryeministrit Berisha nj\u00eb dit\u00eb m\u00eb par\u00eb, i cili tha se Topi po c\u00ebnon presidenc\u00ebn me ambiciet e tij politike. Sipas presidentit, akuzat e Berish\u00ebs ishin t\u00eb pap\u00ebrshtatshme, duke par\u00eb q\u00eb [&hellip;]<\/p>\n","protected":false},"author":1,"featured_media":0,"comment_status":"open","ping_status":"closed","sticky":false,"template":"","format":"standard","meta":{"footnotes":""},"categories":[5],"tags":[],"class_list":{"0":"post-11546","1":"post","2":"type-post","3":"status-publish","4":"format-standard","6":"category-lajme"},"yoast_head":"<!-- This site is optimized with the Yoast SEO plugin v27.4 - https:\/\/yoast.com\/product\/yoast-seo-wordpress\/ -->\n<title>Topi: N\u00ebse presidenti do zgjidhej nga populli, do t\u00eb sfidoja k\u00ebdo - FjALA e LIR\u00cb - Arkivi<\/title>\n<meta name=\"robots\" content=\"index, follow, max-snippet:-1, max-image-preview:large, max-video-preview:-1\" \/>\n<link rel=\"canonical\" href=\"https:\/\/fjala.info\/2009-2015\/topi-nese-presidenti-do-zgjidhej-nga-populli-do-te-sfidoja-kedo\/\" \/>\n<meta property=\"og:locale\" content=\"sq_AL\" \/>\n<meta property=\"og:type\" content=\"article\" \/>\n<meta property=\"og:title\" content=\"Topi: N\u00ebse presidenti do zgjidhej nga populli, do t\u00eb sfidoja k\u00ebdo - FjALA e LIR\u00cb - Arkivi\" \/>\n<meta property=\"og:description\" content=\"TemA Online, 26 Dhjetor 2011 Presidenti Bamir Topi, gjat\u00eb vizit\u00ebs s\u00eb tij q\u00eb ka zhvilluar n\u00eb Durr\u00ebs dhe Kavaj\u00eb, iu \u00ebsht\u00eb p\u00ebrgjigjur edhe akuzave t\u00eb kryeministrit Berisha nj\u00eb dit\u00eb m\u00eb par\u00eb, i cili tha se Topi po c\u00ebnon presidenc\u00ebn me ambiciet e tij politike. Sipas presidentit, akuzat e Berish\u00ebs ishin t\u00eb pap\u00ebrshtatshme, duke par\u00eb q\u00eb [&hellip;]\" \/>\n<meta property=\"og:url\" content=\"https:\/\/fjala.info\/2009-2015\/topi-nese-presidenti-do-zgjidhej-nga-populli-do-te-sfidoja-kedo\/\" \/>\n<meta property=\"og:site_name\" content=\"FjALA e LIR\u00cb - Arkivi\" \/>\n<meta property=\"article:published_time\" content=\"2011-12-26T19:45:27+00:00\" \/>\n<meta property=\"og:image\" content=\"http:\/\/www.shkoder.net\/images\/fjala\/2011\/bamir_topi.jpg\" \/>\n<meta name=\"author\" content=\"admin\" \/>\n<meta name=\"twitter:card\" content=\"summary_large_image\" \/>\n<meta name=\"twitter:label1\" content=\"Written by\" \/>\n\t<meta name=\"twitter:data1\" content=\"admin\" \/>\n\t<meta name=\"twitter:label2\" content=\"Est. reading time\" \/>\n\t<meta name=\"twitter:data2\" content=\"1 minute\" \/>\n<script type=\"application\/ld+json\" class=\"yoast-schema-graph\">{\"@context\":\"https:\\\/\\\/schema.org\",\"@graph\":[{\"@type\":\"Article\",\"@id\":\"https:\\\/\\\/fjala.info\\\/2009-2015\\\/topi-nese-presidenti-do-zgjidhej-nga-populli-do-te-sfidoja-kedo\\\/#article\",\"isPartOf\":{\"@id\":\"https:\\\/\\\/fjala.info\\\/2009-2015\\\/topi-nese-presidenti-do-zgjidhej-nga-populli-do-te-sfidoja-kedo\\\/\"},\"author\":{\"name\":\"admin\",\"@id\":\"https:\\\/\\\/fjala.info\\\/2009-2015\\\/#\\\/schema\\\/person\\\/3aa1163ef05469c496fc94e77611ada2\"},\"headline\":\"Topi: N\u00ebse presidenti do zgjidhej nga populli, do t\u00eb sfidoja k\u00ebdo\",\"datePublished\":\"2011-12-26T19:45:27+00:00\",\"mainEntityOfPage\":{\"@id\":\"https:\\\/\\\/fjala.info\\\/2009-2015\\\/topi-nese-presidenti-do-zgjidhej-nga-populli-do-te-sfidoja-kedo\\\/\"},\"wordCount\":164,\"commentCount\":0,\"publisher\":{\"@id\":\"https:\\\/\\\/fjala.info\\\/2009-2015\\\/#organization\"},\"image\":{\"@id\":\"https:\\\/\\\/fjala.info\\\/2009-2015\\\/topi-nese-presidenti-do-zgjidhej-nga-populli-do-te-sfidoja-kedo\\\/#primaryimage\"},\"thumbnailUrl\":\"http:\\\/\\\/www.shkoder.net\\\/images\\\/fjala\\\/2011\\\/bamir_topi.jpg\",\"articleSection\":[\"Lajme\"],\"inLanguage\":\"sq-AL\",\"potentialAction\":[{\"@type\":\"CommentAction\",\"name\":\"Comment\",\"target\":[\"https:\\\/\\\/fjala.info\\\/2009-2015\\\/topi-nese-presidenti-do-zgjidhej-nga-populli-do-te-sfidoja-kedo\\\/#respond\"]}]},{\"@type\":\"WebPage\",\"@id\":\"https:\\\/\\\/fjala.info\\\/2009-2015\\\/topi-nese-presidenti-do-zgjidhej-nga-populli-do-te-sfidoja-kedo\\\/\",\"url\":\"https:\\\/\\\/fjala.info\\\/2009-2015\\\/topi-nese-presidenti-do-zgjidhej-nga-populli-do-te-sfidoja-kedo\\\/\",\"name\":\"Topi: N\u00ebse presidenti do zgjidhej nga populli, do t\u00eb sfidoja k\u00ebdo - FjALA e LIR\u00cb - Arkivi\",\"isPartOf\":{\"@id\":\"https:\\\/\\\/fjala.info\\\/2009-2015\\\/#website\"},\"primaryImageOfPage\":{\"@id\":\"https:\\\/\\\/fjala.info\\\/2009-2015\\\/topi-nese-presidenti-do-zgjidhej-nga-populli-do-te-sfidoja-kedo\\\/#primaryimage\"},\"image\":{\"@id\":\"https:\\\/\\\/fjala.info\\\/2009-2015\\\/topi-nese-presidenti-do-zgjidhej-nga-populli-do-te-sfidoja-kedo\\\/#primaryimage\"},\"thumbnailUrl\":\"http:\\\/\\\/www.shkoder.net\\\/images\\\/fjala\\\/2011\\\/bamir_topi.jpg\",\"datePublished\":\"2011-12-26T19:45:27+00:00\",\"breadcrumb\":{\"@id\":\"https:\\\/\\\/fjala.info\\\/2009-2015\\\/topi-nese-presidenti-do-zgjidhej-nga-populli-do-te-sfidoja-kedo\\\/#breadcrumb\"},\"inLanguage\":\"sq-AL\",\"potentialAction\":[{\"@type\":\"ReadAction\",\"target\":[\"https:\\\/\\\/fjala.info\\\/2009-2015\\\/topi-nese-presidenti-do-zgjidhej-nga-populli-do-te-sfidoja-kedo\\\/\"]}]},{\"@type\":\"ImageObject\",\"inLanguage\":\"sq-AL\",\"@id\":\"https:\\\/\\\/fjala.info\\\/2009-2015\\\/topi-nese-presidenti-do-zgjidhej-nga-populli-do-te-sfidoja-kedo\\\/#primaryimage\",\"url\":\"http:\\\/\\\/www.shkoder.net\\\/images\\\/fjala\\\/2011\\\/bamir_topi.jpg\",\"contentUrl\":\"http:\\\/\\\/www.shkoder.net\\\/images\\\/fjala\\\/2011\\\/bamir_topi.jpg\"},{\"@type\":\"BreadcrumbList\",\"@id\":\"https:\\\/\\\/fjala.info\\\/2009-2015\\\/topi-nese-presidenti-do-zgjidhej-nga-populli-do-te-sfidoja-kedo\\\/#breadcrumb\",\"itemListElement\":[{\"@type\":\"ListItem\",\"position\":1,\"name\":\"Home\",\"item\":\"https:\\\/\\\/fjala.info\\\/2009-2015\\\/\"},{\"@type\":\"ListItem\",\"position\":2,\"name\":\"Topi: N\u00ebse presidenti do zgjidhej nga populli, do t\u00eb sfidoja k\u00ebdo\"}]},{\"@type\":\"WebSite\",\"@id\":\"https:\\\/\\\/fjala.info\\\/2009-2015\\\/#website\",\"url\":\"https:\\\/\\\/fjala.info\\\/2009-2015\\\/\",\"name\":\"FjALA e LIR\u00cb - Arkivi\",\"description\":\"Arkivi 2009-2015\",\"publisher\":{\"@id\":\"https:\\\/\\\/fjala.info\\\/2009-2015\\\/#organization\"},\"potentialAction\":[{\"@type\":\"SearchAction\",\"target\":{\"@type\":\"EntryPoint\",\"urlTemplate\":\"https:\\\/\\\/fjala.info\\\/2009-2015\\\/?s={search_term_string}\"},\"query-input\":{\"@type\":\"PropertyValueSpecification\",\"valueRequired\":true,\"valueName\":\"search_term_string\"}}],\"inLanguage\":\"sq-AL\"},{\"@type\":\"Organization\",\"@id\":\"https:\\\/\\\/fjala.info\\\/2009-2015\\\/#organization\",\"name\":\"FjALA e LIR\u00cb - Arkivi\",\"url\":\"https:\\\/\\\/fjala.info\\\/2009-2015\\\/\",\"logo\":{\"@type\":\"ImageObject\",\"inLanguage\":\"sq-AL\",\"@id\":\"https:\\\/\\\/fjala.info\\\/2009-2015\\\/#\\\/schema\\\/logo\\\/image\\\/\",\"url\":\"\",\"contentUrl\":\"\",\"caption\":\"FjALA e LIR\u00cb - Arkivi\"},\"image\":{\"@id\":\"https:\\\/\\\/fjala.info\\\/2009-2015\\\/#\\\/schema\\\/logo\\\/image\\\/\"}},{\"@type\":\"Person\",\"@id\":\"https:\\\/\\\/fjala.info\\\/2009-2015\\\/#\\\/schema\\\/person\\\/3aa1163ef05469c496fc94e77611ada2\",\"name\":\"admin\",\"image\":{\"@type\":\"ImageObject\",\"inLanguage\":\"sq-AL\",\"@id\":\"https:\\\/\\\/fjala.info\\\/2009-2015\\\/wp-content\\\/uploads\\\/2012\\\/02\\\/arben_cokaj-120x150.jpg\",\"url\":\"https:\\\/\\\/fjala.info\\\/2009-2015\\\/wp-content\\\/uploads\\\/2012\\\/02\\\/arben_cokaj-120x150.jpg\",\"contentUrl\":\"https:\\\/\\\/fjala.info\\\/2009-2015\\\/wp-content\\\/uploads\\\/2012\\\/02\\\/arben_cokaj-120x150.jpg\",\"caption\":\"admin\"},\"description\":\"Admin, Fjala e Lir\u00eb\",\"sameAs\":[\"https:\\\/\\\/fjala.info\\\/\"],\"url\":\"https:\\\/\\\/fjala.info\\\/2009-2015\\\/author\\\/admin\\\/\"}]}<\/script>\n<!-- \/ Yoast SEO plugin. -->","yoast_head_json":{"title":"Topi: N\u00ebse presidenti do zgjidhej nga populli, do t\u00eb sfidoja k\u00ebdo - FjALA e LIR\u00cb - Arkivi","robots":{"index":"index","follow":"follow","max-snippet":"max-snippet:-1","max-image-preview":"max-image-preview:large","max-video-preview":"max-video-preview:-1"},"canonical":"https:\/\/fjala.info\/2009-2015\/topi-nese-presidenti-do-zgjidhej-nga-populli-do-te-sfidoja-kedo\/","og_locale":"sq_AL","og_type":"article","og_title":"Topi: N\u00ebse presidenti do zgjidhej nga populli, do t\u00eb sfidoja k\u00ebdo - FjALA e LIR\u00cb - Arkivi","og_description":"TemA Online, 26 Dhjetor 2011 Presidenti Bamir Topi, gjat\u00eb vizit\u00ebs s\u00eb tij q\u00eb ka zhvilluar n\u00eb Durr\u00ebs dhe Kavaj\u00eb, iu \u00ebsht\u00eb p\u00ebrgjigjur edhe akuzave t\u00eb kryeministrit Berisha nj\u00eb dit\u00eb m\u00eb par\u00eb, i cili tha se Topi po c\u00ebnon presidenc\u00ebn me ambiciet e tij politike. Sipas presidentit, akuzat e Berish\u00ebs ishin t\u00eb pap\u00ebrshtatshme, duke par\u00eb q\u00eb [&hellip;]","og_url":"https:\/\/fjala.info\/2009-2015\/topi-nese-presidenti-do-zgjidhej-nga-populli-do-te-sfidoja-kedo\/","og_site_name":"FjALA e LIR\u00cb - Arkivi","article_published_time":"2011-12-26T19:45:27+00:00","og_image":[{"url":"http:\/\/www.shkoder.net\/images\/fjala\/2011\/bamir_topi.jpg","type":"","width":"","height":""}],"author":"admin","twitter_card":"summary_large_image","twitter_misc":{"Written by":"admin","Est. reading time":"1 minute"},"schema":{"@context":"https:\/\/schema.org","@graph":[{"@type":"Article","@id":"https:\/\/fjala.info\/2009-2015\/topi-nese-presidenti-do-zgjidhej-nga-populli-do-te-sfidoja-kedo\/#article","isPartOf":{"@id":"https:\/\/fjala.info\/2009-2015\/topi-nese-presidenti-do-zgjidhej-nga-populli-do-te-sfidoja-kedo\/"},"author":{"name":"admin","@id":"https:\/\/fjala.info\/2009-2015\/#\/schema\/person\/3aa1163ef05469c496fc94e77611ada2"},"headline":"Topi: N\u00ebse presidenti do zgjidhej nga populli, do t\u00eb sfidoja k\u00ebdo","datePublished":"2011-12-26T19:45:27+00:00","mainEntityOfPage":{"@id":"https:\/\/fjala.info\/2009-2015\/topi-nese-presidenti-do-zgjidhej-nga-populli-do-te-sfidoja-kedo\/"},"wordCount":164,"commentCount":0,"publisher":{"@id":"https:\/\/fjala.info\/2009-2015\/#organization"},"image":{"@id":"https:\/\/fjala.info\/2009-2015\/topi-nese-presidenti-do-zgjidhej-nga-populli-do-te-sfidoja-kedo\/#primaryimage"},"thumbnailUrl":"http:\/\/www.shkoder.net\/images\/fjala\/2011\/bamir_topi.jpg","articleSection":["Lajme"],"inLanguage":"sq-AL","potentialAction":[{"@type":"CommentAction","name":"Comment","target":["https:\/\/fjala.info\/2009-2015\/topi-nese-presidenti-do-zgjidhej-nga-populli-do-te-sfidoja-kedo\/#respond"]}]},{"@type":"WebPage","@id":"https:\/\/fjala.info\/2009-2015\/topi-nese-presidenti-do-zgjidhej-nga-populli-do-te-sfidoja-kedo\/","url":"https:\/\/fjala.info\/2009-2015\/topi-nese-presidenti-do-zgjidhej-nga-populli-do-te-sfidoja-kedo\/","name":"Topi: N\u00ebse presidenti do zgjidhej nga populli, do t\u00eb sfidoja k\u00ebdo - FjALA e LIR\u00cb - Arkivi","isPartOf":{"@id":"https:\/\/fjala.info\/2009-2015\/#website"},"primaryImageOfPage":{"@id":"https:\/\/fjala.info\/2009-2015\/topi-nese-presidenti-do-zgjidhej-nga-populli-do-te-sfidoja-kedo\/#primaryimage"},"image":{"@id":"https:\/\/fjala.info\/2009-2015\/topi-nese-presidenti-do-zgjidhej-nga-populli-do-te-sfidoja-kedo\/#primaryimage"},"thumbnailUrl":"http:\/\/www.shkoder.net\/images\/fjala\/2011\/bamir_topi.jpg","datePublished":"2011-12-26T19:45:27+00:00","breadcrumb":{"@id":"https:\/\/fjala.info\/2009-2015\/topi-nese-presidenti-do-zgjidhej-nga-populli-do-te-sfidoja-kedo\/#breadcrumb"},"inLanguage":"sq-AL","potentialAction":[{"@type":"ReadAction","target":["https:\/\/fjala.info\/2009-2015\/topi-nese-presidenti-do-zgjidhej-nga-populli-do-te-sfidoja-kedo\/"]}]},{"@type":"ImageObject","inLanguage":"sq-AL","@id":"https:\/\/fjala.info\/2009-2015\/topi-nese-presidenti-do-zgjidhej-nga-populli-do-te-sfidoja-kedo\/#primaryimage","url":"http:\/\/www.shkoder.net\/images\/fjala\/2011\/bamir_topi.jpg","contentUrl":"http:\/\/www.shkoder.net\/images\/fjala\/2011\/bamir_topi.jpg"},{"@type":"BreadcrumbList","@id":"https:\/\/fjala.info\/2009-2015\/topi-nese-presidenti-do-zgjidhej-nga-populli-do-te-sfidoja-kedo\/#breadcrumb","itemListElement":[{"@type":"ListItem","position":1,"name":"Home","item":"https:\/\/fjala.info\/2009-2015\/"},{"@type":"ListItem","position":2,"name":"Topi: N\u00ebse presidenti do zgjidhej nga populli, do t\u00eb sfidoja k\u00ebdo"}]},{"@type":"WebSite","@id":"https:\/\/fjala.info\/2009-2015\/#website","url":"https:\/\/fjala.info\/2009-2015\/","name":"FjALA e LIR\u00cb - Arkivi","description":"Arkivi 2009-2015","publisher":{"@id":"https:\/\/fjala.info\/2009-2015\/#organization"},"potentialAction":[{"@type":"SearchAction","target":{"@type":"EntryPoint","urlTemplate":"https:\/\/fjala.info\/2009-2015\/?s={search_term_string}"},"query-input":{"@type":"PropertyValueSpecification","valueRequired":true,"valueName":"search_term_string"}}],"inLanguage":"sq-AL"},{"@type":"Organization","@id":"https:\/\/fjala.info\/2009-2015\/#organization","name":"FjALA e LIR\u00cb - Arkivi","url":"https:\/\/fjala.info\/2009-2015\/","logo":{"@type":"ImageObject","inLanguage":"sq-AL","@id":"https:\/\/fjala.info\/2009-2015\/#\/schema\/logo\/image\/","url":"","contentUrl":"","caption":"FjALA e LIR\u00cb - Arkivi"},"image":{"@id":"https:\/\/fjala.info\/2009-2015\/#\/schema\/logo\/image\/"}},{"@type":"Person","@id":"https:\/\/fjala.info\/2009-2015\/#\/schema\/person\/3aa1163ef05469c496fc94e77611ada2","name":"admin","image":{"@type":"ImageObject","inLanguage":"sq-AL","@id":"https:\/\/fjala.info\/2009-2015\/wp-content\/uploads\/2012\/02\/arben_cokaj-120x150.jpg","url":"https:\/\/fjala.info\/2009-2015\/wp-content\/uploads\/2012\/02\/arben_cokaj-120x150.jpg","contentUrl":"https:\/\/fjala.info\/2009-2015\/wp-content\/uploads\/2012\/02\/arben_cokaj-120x150.jpg","caption":"admin"},"description":"Admin, Fjala e Lir\u00eb","sameAs":["https:\/\/fjala.info\/"],"url":"https:\/\/fjala.info\/2009-2015\/author\/admin\/"}]}},"_links":{"self":[{"href":"https:\/\/fjala.info\/2009-2015\/wp-json\/wp\/v2\/posts\/11546","targetHints":{"allow":["GET"]}}],"collection":[{"href":"https:\/\/fjala.info\/2009-2015\/wp-json\/wp\/v2\/posts"}],"about":[{"href":"https:\/\/fjala.info\/2009-2015\/wp-json\/wp\/v2\/types\/post"}],"author":[{"embeddable":true,"href":"https:\/\/fjala.info\/2009-2015\/wp-json\/wp\/v2\/users\/1"}],"replies":[{"embeddable":true,"href":"https:\/\/fjala.info\/2009-2015\/wp-json\/wp\/v2\/comments?post=11546"}],"version-history":[{"count":0,"href":"https:\/\/fjala.info\/2009-2015\/wp-json\/wp\/v2\/posts\/11546\/revisions"}],"wp:attachment":[{"href":"https:\/\/fjala.info\/2009-2015\/wp-json\/wp\/v2\/media?parent=11546"}],"wp:term":[{"taxonomy":"category","embeddable":true,"href":"https:\/\/fjala.info\/2009-2015\/wp-json\/wp\/v2\/categories?post=11546"},{"taxonomy":"post_tag","embeddable":true,"href":"https:\/\/fjala.info\/2009-2015\/wp-json\/wp\/v2\/tags?post=11546"}],"curies":[{"name":"wp","href":"https:\/\/api.w.org\/{rel}","templated":true}]}}