{"id":11545,"date":"2011-12-26T20:54:39","date_gmt":"2011-12-26T19:54:39","guid":{"rendered":"http:\/\/fjala.shkoder.net\/?p=774"},"modified":"2011-12-26T20:54:39","modified_gmt":"2011-12-26T19:54:39","slug":"kolana-me-titull-nje-shekull-poezi","status":"publish","type":"post","link":"https:\/\/fjala.info\/2009-2015\/kolana-me-titull-nje-shekull-poezi\/","title":{"rendered":"Kolana me titull : Nj\u00eb shekull poezi"},"content":{"rendered":"<p><img decoding=\"async\" class=\"alignright size-thumbnail wp-image-7236\" title=\"Arjan Th. Kall\u00e7o\" src=\"http:\/\/www.shkoder.net\/images\/fjala\/2011\/arjan_kallco.jpg\" alt=\"\" width=\"150\" \/> <strong>Arjan Th. Kall\u00e7o<\/strong><\/p>\n<p>Pak koh\u00eb m\u00eb par\u00eb n\u00eb nj\u00eb nga artikujt e mi vura n\u00eb pah pasionin e madh t\u00eb nj\u00ebrit prej botuesve italian\u00eb t\u00eb poezis\u00eb, Nicola Crocetti. Nuk kaloi shum\u00eb koh\u00eb dhe p\u00ebrs\u00ebri shfaqet emri i tij, por k\u00ebt\u00eb rradh\u00eb me nj\u00eb kolan\u00eb tep\u00ebr luksoze, madh\u00ebshtore dhe gjith\u00ebp\u00ebrfshir\u00ebse, pasi n\u00eb bashk\u00ebpunim me gazet\u00ebn Corriere do t\u00eb sjell\u00eb 30 emra dhe poezin\u00eb e penave m\u00eb t\u00eb fuqishme t\u00eb shekullit t\u00eb kaluar.<\/p>\n<p>Nj\u00eb nism\u00eb tep\u00ebr e guximshme jo vet\u00ebm p\u00ebr autorin, por edhe p\u00ebr gazet\u00ebn q\u00eb i shton kurrikulumit t\u00eb vet edhe nj\u00eb grad\u00eb tjet\u00ebr t\u00eb r\u00ebnd\u00ebsishme. Nuk \u00ebsht\u00eb e leht\u00eb t\u00eb mbledh\u00ebsh gjith\u00eb poezin\u00eb e autor\u00ebve, t\u00eb p\u00ebrzgjedh\u00ebsh m\u00eb t\u00eb mir\u00ebn dhe ta botosh p\u00ebr nj\u00eb publik n\u00eb fundin e vitit 2011, nj\u00eb vit q\u00eb do t\u00eb mbahet mend gjat\u00eb p\u00ebr kriz\u00ebn e vet globale, p\u00ebr ndarjen nga jeta t\u00eb disa prej korifejve t\u00eb let\u00ebrsis\u00eb, midis t\u00eb cil\u00ebve edhe vet\u00eb \u00e7eku Havel.<\/p>\n<p>Por arti, edhe sikur krizat t\u00eb kanosen me gjith\u00eb furin\u00eb e tyre, nuk shuhet, nuk vdes, pasi do t\u00eb duhet t\u00eb shuhet dhe vdes\u00eb shpirti i mij\u00ebra poet\u00ebve, i miliona lexuesve n\u00eb mbar\u00eb bot\u00ebn. E n\u00eb k\u00ebt\u00eb udh\u00ebkryq t\u00eb njer\u00ebzimit n\u00eb shekullit e modernitetit ekstravagand teknologjik, fundviti vjen edhe me nj\u00eb lajm t\u00eb mir\u00eb, lajm q\u00eb besoj duhet ta presin me dashamir\u00ebsi edhe sht\u00ebpit\u00eb tona botuese dhe vet\u00eb gazetat q\u00eb ato nxjerrin. \u00cbsht\u00eb nj\u00eb shembull i dashuris\u00eb sublime p\u00ebr t\u00eb pavdekshmen, Artin, me q\u00ebllim q\u00eb edhe shqiptar\u00ebt t\u00eb mund t\u00eb lexojn\u00eb sa m\u00eb shum\u00eb vepra t\u00eb autor\u00ebve q\u00eb kan\u00eb b\u00ebr\u00eb epok\u00eb.<\/p>\n<p>Por edhe un\u00eb n\u00eb k\u00ebto dit\u00eb t\u00eb fundvitit do t\u00eb sjell disa artikuj, sigurisht i ndihmuar nga shkrimet q\u00eb zakonisht p\u00ebrcjellin k\u00ebt\u00eb periudh\u00eb t\u00eb bukur festash, n\u00eb mbar\u00eb shtypin bot\u00ebror, dhe shpresoj t\u00eb ngjall sadopak interesin p\u00ebr debate lidhur me let\u00ebrsin\u00eb, me form\u00ebn m\u00eb elegante dhe m\u00eb t\u00eb lart\u00eb, poezin\u00eb, larg rutinave t\u00eb p\u00ebrgjumura t\u00eb promovimeve. Edhe cikli i shkrimeve do t\u00eb ket\u00eb si pika referimi intuit\u00ebn, forc\u00ebn, metamorfoz\u00ebn dhe k\u00ebshillat p\u00ebr poet\u00ebt bashk\u00ebkohor\u00eb. Kolana e Corriere della Sera mban nj\u00eb titull tep\u00ebr t\u00eb goditur dhe intrigues : Nj\u00eb shekull me poezi. Si fillim do t\u00eb dal\u00eb p\u00ebrmbledhja e par\u00eb, m\u00eb dat\u00ebn 27 dhjetor, me vargjet e Wislawa Szymborska-s, fituese e \u00c7mimit Nobel n\u00eb Let\u00ebrsi n\u00eb vitin 1996.<\/p>\n<p>Vepra e plot\u00eb, n\u00ebn kujdesin e Nicola Crocetti, p\u00ebrb\u00ebhet nga 30 volume monografike, q\u00eb i dedikohet nj\u00eb mjesht\u00ebri me fam\u00eb q\u00eb i kap\u00ebrcen kufijt\u00eb kontinenat\u00ebl\u00eb t\u00eb viteve \u2018900. Sipas gazet\u00ebs \u00e7do lib\u00ebr prezanton nj\u00eb p\u00ebrzgjedhje t\u00eb poezis\u00eb m\u00eb kuptimplote \u2013 n\u00eb disa raste edhe me poezi t\u00eb pabotuara \u2013 t\u00eb zgjedhura nga kurator\u00ebt e secilit volum, p\u00ebrkthime t\u00eb reja, t\u00eb shkruara p\u00ebr botim nga firmat e m\u00ebdha t\u00eb gazetaris\u00eb dhe studiuesve t\u00eb shquar. P\u00ebr t\u00eb gjith\u00eb lexuesit italishtfol\u00ebs, qoft\u00eb emigrant\u00eb shqiptar\u00eb n\u00eb Itali, por edhe tek ne, volumet do t\u00eb dalin \u00e7do t\u00eb mart\u00eb n\u00eb t\u00eb gjitha qytetet dhe i pari do t\u00eb jet\u00eb n\u00eb shitje me 1 euro plus koston e gazet\u00ebs. Volumet e tjera q\u00eb do t\u00eb dalin m\u00eb von\u00eb do t\u00eb ken\u00eb nj\u00eb \u00e7mim prej 7,90 euro. Volumi i par\u00eb q\u00eb p\u00ebrmbledh poezit\u00eb m\u00eb t\u00eb bukura t\u00eb Szymborska, mban titullin Elozh p\u00ebr \u00ebndrrat.<\/p>\n","protected":false},"excerpt":{"rendered":"<p>Arjan Th. Kall\u00e7o Pak koh\u00eb m\u00eb par\u00eb n\u00eb nj\u00eb nga artikujt e mi vura n\u00eb pah pasionin e madh t\u00eb nj\u00ebrit prej botuesve italian\u00eb t\u00eb poezis\u00eb, Nicola Crocetti. Nuk kaloi shum\u00eb koh\u00eb dhe p\u00ebrs\u00ebri shfaqet emri i tij, por k\u00ebt\u00eb rradh\u00eb me nj\u00eb kolan\u00eb tep\u00ebr luksoze, madh\u00ebshtore dhe gjith\u00ebp\u00ebrfshir\u00ebse, pasi n\u00eb bashk\u00ebpunim me gazet\u00ebn Corriere [&hellip;]<\/p>\n","protected":false},"author":1,"featured_media":0,"comment_status":"open","ping_status":"closed","sticky":false,"template":"","format":"standard","meta":{"footnotes":""},"categories":[2,7,9],"tags":[],"class_list":{"0":"post-11545","1":"post","2":"type-post","3":"status-publish","4":"format-standard","6":"category-artikuj","7":"category-letersi","8":"category-poezi"},"yoast_head":"<!-- This site is optimized with the Yoast SEO plugin v27.4 - https:\/\/yoast.com\/product\/yoast-seo-wordpress\/ -->\n<title>Kolana me titull : Nj\u00eb shekull poezi - FjALA e LIR\u00cb - Arkivi<\/title>\n<meta name=\"robots\" content=\"index, follow, max-snippet:-1, max-image-preview:large, max-video-preview:-1\" \/>\n<link rel=\"canonical\" href=\"https:\/\/fjala.info\/2009-2015\/kolana-me-titull-nje-shekull-poezi\/\" \/>\n<meta property=\"og:locale\" content=\"sq_AL\" \/>\n<meta property=\"og:type\" content=\"article\" \/>\n<meta property=\"og:title\" content=\"Kolana me titull : Nj\u00eb shekull poezi - FjALA e LIR\u00cb - Arkivi\" \/>\n<meta property=\"og:description\" content=\"Arjan Th. Kall\u00e7o Pak koh\u00eb m\u00eb par\u00eb n\u00eb nj\u00eb nga artikujt e mi vura n\u00eb pah pasionin e madh t\u00eb nj\u00ebrit prej botuesve italian\u00eb t\u00eb poezis\u00eb, Nicola Crocetti. Nuk kaloi shum\u00eb koh\u00eb dhe p\u00ebrs\u00ebri shfaqet emri i tij, por k\u00ebt\u00eb rradh\u00eb me nj\u00eb kolan\u00eb tep\u00ebr luksoze, madh\u00ebshtore dhe gjith\u00ebp\u00ebrfshir\u00ebse, pasi n\u00eb bashk\u00ebpunim me gazet\u00ebn Corriere [&hellip;]\" \/>\n<meta property=\"og:url\" content=\"https:\/\/fjala.info\/2009-2015\/kolana-me-titull-nje-shekull-poezi\/\" \/>\n<meta property=\"og:site_name\" content=\"FjALA e LIR\u00cb - Arkivi\" \/>\n<meta property=\"article:published_time\" content=\"2011-12-26T19:54:39+00:00\" \/>\n<meta property=\"og:image\" content=\"http:\/\/www.shkoder.net\/images\/fjala\/2011\/arjan_kallco.jpg\" \/>\n<meta name=\"author\" content=\"admin\" \/>\n<meta name=\"twitter:card\" content=\"summary_large_image\" \/>\n<meta name=\"twitter:label1\" content=\"Written by\" \/>\n\t<meta name=\"twitter:data1\" content=\"admin\" \/>\n\t<meta name=\"twitter:label2\" content=\"Est. reading time\" \/>\n\t<meta name=\"twitter:data2\" content=\"3 minutes\" \/>\n<script type=\"application\/ld+json\" class=\"yoast-schema-graph\">{\"@context\":\"https:\\\/\\\/schema.org\",\"@graph\":[{\"@type\":\"Article\",\"@id\":\"https:\\\/\\\/fjala.info\\\/2009-2015\\\/kolana-me-titull-nje-shekull-poezi\\\/#article\",\"isPartOf\":{\"@id\":\"https:\\\/\\\/fjala.info\\\/2009-2015\\\/kolana-me-titull-nje-shekull-poezi\\\/\"},\"author\":{\"name\":\"admin\",\"@id\":\"https:\\\/\\\/fjala.info\\\/2009-2015\\\/#\\\/schema\\\/person\\\/3aa1163ef05469c496fc94e77611ada2\"},\"headline\":\"Kolana me titull : Nj\u00eb shekull poezi\",\"datePublished\":\"2011-12-26T19:54:39+00:00\",\"mainEntityOfPage\":{\"@id\":\"https:\\\/\\\/fjala.info\\\/2009-2015\\\/kolana-me-titull-nje-shekull-poezi\\\/\"},\"wordCount\":593,\"commentCount\":0,\"publisher\":{\"@id\":\"https:\\\/\\\/fjala.info\\\/2009-2015\\\/#organization\"},\"image\":{\"@id\":\"https:\\\/\\\/fjala.info\\\/2009-2015\\\/kolana-me-titull-nje-shekull-poezi\\\/#primaryimage\"},\"thumbnailUrl\":\"http:\\\/\\\/www.shkoder.net\\\/images\\\/fjala\\\/2011\\\/arjan_kallco.jpg\",\"articleSection\":[\"Artikuj\",\"Let\u00ebrsi\",\"Poezi\"],\"inLanguage\":\"sq-AL\",\"potentialAction\":[{\"@type\":\"CommentAction\",\"name\":\"Comment\",\"target\":[\"https:\\\/\\\/fjala.info\\\/2009-2015\\\/kolana-me-titull-nje-shekull-poezi\\\/#respond\"]}]},{\"@type\":\"WebPage\",\"@id\":\"https:\\\/\\\/fjala.info\\\/2009-2015\\\/kolana-me-titull-nje-shekull-poezi\\\/\",\"url\":\"https:\\\/\\\/fjala.info\\\/2009-2015\\\/kolana-me-titull-nje-shekull-poezi\\\/\",\"name\":\"Kolana me titull : Nj\u00eb shekull poezi - FjALA e LIR\u00cb - Arkivi\",\"isPartOf\":{\"@id\":\"https:\\\/\\\/fjala.info\\\/2009-2015\\\/#website\"},\"primaryImageOfPage\":{\"@id\":\"https:\\\/\\\/fjala.info\\\/2009-2015\\\/kolana-me-titull-nje-shekull-poezi\\\/#primaryimage\"},\"image\":{\"@id\":\"https:\\\/\\\/fjala.info\\\/2009-2015\\\/kolana-me-titull-nje-shekull-poezi\\\/#primaryimage\"},\"thumbnailUrl\":\"http:\\\/\\\/www.shkoder.net\\\/images\\\/fjala\\\/2011\\\/arjan_kallco.jpg\",\"datePublished\":\"2011-12-26T19:54:39+00:00\",\"breadcrumb\":{\"@id\":\"https:\\\/\\\/fjala.info\\\/2009-2015\\\/kolana-me-titull-nje-shekull-poezi\\\/#breadcrumb\"},\"inLanguage\":\"sq-AL\",\"potentialAction\":[{\"@type\":\"ReadAction\",\"target\":[\"https:\\\/\\\/fjala.info\\\/2009-2015\\\/kolana-me-titull-nje-shekull-poezi\\\/\"]}]},{\"@type\":\"ImageObject\",\"inLanguage\":\"sq-AL\",\"@id\":\"https:\\\/\\\/fjala.info\\\/2009-2015\\\/kolana-me-titull-nje-shekull-poezi\\\/#primaryimage\",\"url\":\"http:\\\/\\\/www.shkoder.net\\\/images\\\/fjala\\\/2011\\\/arjan_kallco.jpg\",\"contentUrl\":\"http:\\\/\\\/www.shkoder.net\\\/images\\\/fjala\\\/2011\\\/arjan_kallco.jpg\"},{\"@type\":\"BreadcrumbList\",\"@id\":\"https:\\\/\\\/fjala.info\\\/2009-2015\\\/kolana-me-titull-nje-shekull-poezi\\\/#breadcrumb\",\"itemListElement\":[{\"@type\":\"ListItem\",\"position\":1,\"name\":\"Home\",\"item\":\"https:\\\/\\\/fjala.info\\\/2009-2015\\\/\"},{\"@type\":\"ListItem\",\"position\":2,\"name\":\"Kolana me titull : Nj\u00eb shekull poezi\"}]},{\"@type\":\"WebSite\",\"@id\":\"https:\\\/\\\/fjala.info\\\/2009-2015\\\/#website\",\"url\":\"https:\\\/\\\/fjala.info\\\/2009-2015\\\/\",\"name\":\"FjALA e LIR\u00cb - Arkivi\",\"description\":\"Arkivi 2009-2015\",\"publisher\":{\"@id\":\"https:\\\/\\\/fjala.info\\\/2009-2015\\\/#organization\"},\"potentialAction\":[{\"@type\":\"SearchAction\",\"target\":{\"@type\":\"EntryPoint\",\"urlTemplate\":\"https:\\\/\\\/fjala.info\\\/2009-2015\\\/?s={search_term_string}\"},\"query-input\":{\"@type\":\"PropertyValueSpecification\",\"valueRequired\":true,\"valueName\":\"search_term_string\"}}],\"inLanguage\":\"sq-AL\"},{\"@type\":\"Organization\",\"@id\":\"https:\\\/\\\/fjala.info\\\/2009-2015\\\/#organization\",\"name\":\"FjALA e LIR\u00cb - Arkivi\",\"url\":\"https:\\\/\\\/fjala.info\\\/2009-2015\\\/\",\"logo\":{\"@type\":\"ImageObject\",\"inLanguage\":\"sq-AL\",\"@id\":\"https:\\\/\\\/fjala.info\\\/2009-2015\\\/#\\\/schema\\\/logo\\\/image\\\/\",\"url\":\"\",\"contentUrl\":\"\",\"caption\":\"FjALA e LIR\u00cb - Arkivi\"},\"image\":{\"@id\":\"https:\\\/\\\/fjala.info\\\/2009-2015\\\/#\\\/schema\\\/logo\\\/image\\\/\"}},{\"@type\":\"Person\",\"@id\":\"https:\\\/\\\/fjala.info\\\/2009-2015\\\/#\\\/schema\\\/person\\\/3aa1163ef05469c496fc94e77611ada2\",\"name\":\"admin\",\"image\":{\"@type\":\"ImageObject\",\"inLanguage\":\"sq-AL\",\"@id\":\"https:\\\/\\\/fjala.info\\\/2009-2015\\\/wp-content\\\/uploads\\\/2012\\\/02\\\/arben_cokaj-120x150.jpg\",\"url\":\"https:\\\/\\\/fjala.info\\\/2009-2015\\\/wp-content\\\/uploads\\\/2012\\\/02\\\/arben_cokaj-120x150.jpg\",\"contentUrl\":\"https:\\\/\\\/fjala.info\\\/2009-2015\\\/wp-content\\\/uploads\\\/2012\\\/02\\\/arben_cokaj-120x150.jpg\",\"caption\":\"admin\"},\"description\":\"Admin, Fjala e Lir\u00eb\",\"sameAs\":[\"https:\\\/\\\/fjala.info\\\/\"],\"url\":\"https:\\\/\\\/fjala.info\\\/2009-2015\\\/author\\\/admin\\\/\"}]}<\/script>\n<!-- \/ Yoast SEO plugin. -->","yoast_head_json":{"title":"Kolana me titull : Nj\u00eb shekull poezi - FjALA e LIR\u00cb - Arkivi","robots":{"index":"index","follow":"follow","max-snippet":"max-snippet:-1","max-image-preview":"max-image-preview:large","max-video-preview":"max-video-preview:-1"},"canonical":"https:\/\/fjala.info\/2009-2015\/kolana-me-titull-nje-shekull-poezi\/","og_locale":"sq_AL","og_type":"article","og_title":"Kolana me titull : Nj\u00eb shekull poezi - FjALA e LIR\u00cb - Arkivi","og_description":"Arjan Th. Kall\u00e7o Pak koh\u00eb m\u00eb par\u00eb n\u00eb nj\u00eb nga artikujt e mi vura n\u00eb pah pasionin e madh t\u00eb nj\u00ebrit prej botuesve italian\u00eb t\u00eb poezis\u00eb, Nicola Crocetti. Nuk kaloi shum\u00eb koh\u00eb dhe p\u00ebrs\u00ebri shfaqet emri i tij, por k\u00ebt\u00eb rradh\u00eb me nj\u00eb kolan\u00eb tep\u00ebr luksoze, madh\u00ebshtore dhe gjith\u00ebp\u00ebrfshir\u00ebse, pasi n\u00eb bashk\u00ebpunim me gazet\u00ebn Corriere [&hellip;]","og_url":"https:\/\/fjala.info\/2009-2015\/kolana-me-titull-nje-shekull-poezi\/","og_site_name":"FjALA e LIR\u00cb - Arkivi","article_published_time":"2011-12-26T19:54:39+00:00","og_image":[{"url":"http:\/\/www.shkoder.net\/images\/fjala\/2011\/arjan_kallco.jpg","type":"","width":"","height":""}],"author":"admin","twitter_card":"summary_large_image","twitter_misc":{"Written by":"admin","Est. reading time":"3 minutes"},"schema":{"@context":"https:\/\/schema.org","@graph":[{"@type":"Article","@id":"https:\/\/fjala.info\/2009-2015\/kolana-me-titull-nje-shekull-poezi\/#article","isPartOf":{"@id":"https:\/\/fjala.info\/2009-2015\/kolana-me-titull-nje-shekull-poezi\/"},"author":{"name":"admin","@id":"https:\/\/fjala.info\/2009-2015\/#\/schema\/person\/3aa1163ef05469c496fc94e77611ada2"},"headline":"Kolana me titull : Nj\u00eb shekull poezi","datePublished":"2011-12-26T19:54:39+00:00","mainEntityOfPage":{"@id":"https:\/\/fjala.info\/2009-2015\/kolana-me-titull-nje-shekull-poezi\/"},"wordCount":593,"commentCount":0,"publisher":{"@id":"https:\/\/fjala.info\/2009-2015\/#organization"},"image":{"@id":"https:\/\/fjala.info\/2009-2015\/kolana-me-titull-nje-shekull-poezi\/#primaryimage"},"thumbnailUrl":"http:\/\/www.shkoder.net\/images\/fjala\/2011\/arjan_kallco.jpg","articleSection":["Artikuj","Let\u00ebrsi","Poezi"],"inLanguage":"sq-AL","potentialAction":[{"@type":"CommentAction","name":"Comment","target":["https:\/\/fjala.info\/2009-2015\/kolana-me-titull-nje-shekull-poezi\/#respond"]}]},{"@type":"WebPage","@id":"https:\/\/fjala.info\/2009-2015\/kolana-me-titull-nje-shekull-poezi\/","url":"https:\/\/fjala.info\/2009-2015\/kolana-me-titull-nje-shekull-poezi\/","name":"Kolana me titull : Nj\u00eb shekull poezi - FjALA e LIR\u00cb - Arkivi","isPartOf":{"@id":"https:\/\/fjala.info\/2009-2015\/#website"},"primaryImageOfPage":{"@id":"https:\/\/fjala.info\/2009-2015\/kolana-me-titull-nje-shekull-poezi\/#primaryimage"},"image":{"@id":"https:\/\/fjala.info\/2009-2015\/kolana-me-titull-nje-shekull-poezi\/#primaryimage"},"thumbnailUrl":"http:\/\/www.shkoder.net\/images\/fjala\/2011\/arjan_kallco.jpg","datePublished":"2011-12-26T19:54:39+00:00","breadcrumb":{"@id":"https:\/\/fjala.info\/2009-2015\/kolana-me-titull-nje-shekull-poezi\/#breadcrumb"},"inLanguage":"sq-AL","potentialAction":[{"@type":"ReadAction","target":["https:\/\/fjala.info\/2009-2015\/kolana-me-titull-nje-shekull-poezi\/"]}]},{"@type":"ImageObject","inLanguage":"sq-AL","@id":"https:\/\/fjala.info\/2009-2015\/kolana-me-titull-nje-shekull-poezi\/#primaryimage","url":"http:\/\/www.shkoder.net\/images\/fjala\/2011\/arjan_kallco.jpg","contentUrl":"http:\/\/www.shkoder.net\/images\/fjala\/2011\/arjan_kallco.jpg"},{"@type":"BreadcrumbList","@id":"https:\/\/fjala.info\/2009-2015\/kolana-me-titull-nje-shekull-poezi\/#breadcrumb","itemListElement":[{"@type":"ListItem","position":1,"name":"Home","item":"https:\/\/fjala.info\/2009-2015\/"},{"@type":"ListItem","position":2,"name":"Kolana me titull : Nj\u00eb shekull poezi"}]},{"@type":"WebSite","@id":"https:\/\/fjala.info\/2009-2015\/#website","url":"https:\/\/fjala.info\/2009-2015\/","name":"FjALA e LIR\u00cb - Arkivi","description":"Arkivi 2009-2015","publisher":{"@id":"https:\/\/fjala.info\/2009-2015\/#organization"},"potentialAction":[{"@type":"SearchAction","target":{"@type":"EntryPoint","urlTemplate":"https:\/\/fjala.info\/2009-2015\/?s={search_term_string}"},"query-input":{"@type":"PropertyValueSpecification","valueRequired":true,"valueName":"search_term_string"}}],"inLanguage":"sq-AL"},{"@type":"Organization","@id":"https:\/\/fjala.info\/2009-2015\/#organization","name":"FjALA e LIR\u00cb - Arkivi","url":"https:\/\/fjala.info\/2009-2015\/","logo":{"@type":"ImageObject","inLanguage":"sq-AL","@id":"https:\/\/fjala.info\/2009-2015\/#\/schema\/logo\/image\/","url":"","contentUrl":"","caption":"FjALA e LIR\u00cb - Arkivi"},"image":{"@id":"https:\/\/fjala.info\/2009-2015\/#\/schema\/logo\/image\/"}},{"@type":"Person","@id":"https:\/\/fjala.info\/2009-2015\/#\/schema\/person\/3aa1163ef05469c496fc94e77611ada2","name":"admin","image":{"@type":"ImageObject","inLanguage":"sq-AL","@id":"https:\/\/fjala.info\/2009-2015\/wp-content\/uploads\/2012\/02\/arben_cokaj-120x150.jpg","url":"https:\/\/fjala.info\/2009-2015\/wp-content\/uploads\/2012\/02\/arben_cokaj-120x150.jpg","contentUrl":"https:\/\/fjala.info\/2009-2015\/wp-content\/uploads\/2012\/02\/arben_cokaj-120x150.jpg","caption":"admin"},"description":"Admin, Fjala e Lir\u00eb","sameAs":["https:\/\/fjala.info\/"],"url":"https:\/\/fjala.info\/2009-2015\/author\/admin\/"}]}},"_links":{"self":[{"href":"https:\/\/fjala.info\/2009-2015\/wp-json\/wp\/v2\/posts\/11545","targetHints":{"allow":["GET"]}}],"collection":[{"href":"https:\/\/fjala.info\/2009-2015\/wp-json\/wp\/v2\/posts"}],"about":[{"href":"https:\/\/fjala.info\/2009-2015\/wp-json\/wp\/v2\/types\/post"}],"author":[{"embeddable":true,"href":"https:\/\/fjala.info\/2009-2015\/wp-json\/wp\/v2\/users\/1"}],"replies":[{"embeddable":true,"href":"https:\/\/fjala.info\/2009-2015\/wp-json\/wp\/v2\/comments?post=11545"}],"version-history":[{"count":0,"href":"https:\/\/fjala.info\/2009-2015\/wp-json\/wp\/v2\/posts\/11545\/revisions"}],"wp:attachment":[{"href":"https:\/\/fjala.info\/2009-2015\/wp-json\/wp\/v2\/media?parent=11545"}],"wp:term":[{"taxonomy":"category","embeddable":true,"href":"https:\/\/fjala.info\/2009-2015\/wp-json\/wp\/v2\/categories?post=11545"},{"taxonomy":"post_tag","embeddable":true,"href":"https:\/\/fjala.info\/2009-2015\/wp-json\/wp\/v2\/tags?post=11545"}],"curies":[{"name":"wp","href":"https:\/\/api.w.org\/{rel}","templated":true}]}}