{"id":11543,"date":"2011-12-26T20:26:33","date_gmt":"2011-12-26T19:26:33","guid":{"rendered":"http:\/\/fjala.shkoder.net\/?p=772"},"modified":"2011-12-26T20:26:33","modified_gmt":"2011-12-26T19:26:33","slug":"gazetari-boka-kronisti-i-italise-se-cliruar-nga-rezistenca","status":"publish","type":"post","link":"https:\/\/fjala.info\/2009-2015\/gazetari-boka-kronisti-i-italise-se-cliruar-nga-rezistenca\/","title":{"rendered":"Gazetari Boka &#8211; kronisti i Italis\u00eb s\u00eb \u00e7liruar nga Rezistenca"},"content":{"rendered":"<p><img decoding=\"async\" class=\"alignright size-thumbnail wp-image-7236\" title=\"Arjan Th. Kall\u00e7o\" src=\"http:\/\/www.shkoder.net\/images\/fjala\/2011\/arjan_kallco.jpg\" alt=\"\" width=\"150\" \/> <strong>Arjan Th. Kall\u00e7o<\/strong><\/p>\n<p>T\u00eb b\u00ebnte p\u00ebrshtypje sot n\u00eb lajmet e m\u00ebngjesit se kishte nd\u00ebrruar jet\u00eb nj\u00ebri prej ikonave t\u00eb gazetaris\u00eb italiane, por i pafat, pasi dje dhe sot nuk dilte asnj\u00eb gazet\u00eb q\u00eb t\u00eb mund t\u00eb shkruanin p\u00ebr t\u00eb. Por nuk kishte problem se nes\u00ebr do t\u00eb ridalin gazetat, por \u00ebsht\u00eb gazetaria on line q\u00eb nuk mund t\u00eb mos i b\u00ebnte nj\u00eb homazh nj\u00ebrit prej gazetar\u00ebve m\u00eb t\u00eb m\u00ebdhenj t\u00eb koh\u00ebs, nj\u00ebrit prej figurave m\u00eb t\u00eb njohura t\u00eb gazetaris\u00eb italiane, kronistit dhe shkrimtarit. Boka lindi n\u00eb vitin 1920 dhe ishte gazetar q\u00eb tregoi me rigorozitet p\u00ebr Italin\u00eb e paslufte deri m\u00eb sot. B\u00ebri, me disa miq t\u00eb tij t\u00eb ngusht\u00eb, historin\u00eb e gazet\u00ebs \u201cRepublika\u201d.<\/p>\n<p>Presidenti italian Napilitano, q\u00eb duhet ta ket\u00eb patur bashk\u00ebluft\u00ebtar gjat\u00eb rezistenc\u00ebs, e quajti nj\u00eb njeri koherent me zgjedhjen e vet\u00ebdijshme t\u00eb tij t\u00eb mejdanit p\u00ebr lirin\u00eb. Ja sesi e tregon at\u00eb histori menj\u00ebher\u00eb pas lufte vet\u00eb Boka : N\u00eb Italin\u00eb e \u00e7liruar dor\u00ebzuam arm\u00ebt ne partizan\u00ebt dhe na k\u00ebrkuan q\u00eb t\u00eb mbajm\u00eb disi n\u00eb k\u00ebmb\u00eb barrak\u00ebn e shtetit. Mua q\u00eb kisha komanduar nj\u00eb division t\u00eb Drejt\u00ebsis\u00eb dhe Liris\u00eb, m\u00eb ofruan nj\u00eb vend si zv\/kuestor apo kryebashkiak. U thash\u00eb se preferoja nj\u00eb vend si gazetar tek gazeta Italia e lir\u00eb. P\u00ebrshtypja e koin\u00e7idenc\u00ebs s\u00eb trisht\u00eb t\u00eb gazetave lidhet dhe me rolin e padiskutuesh\u00ebm t\u00eb partizan\u00ebve tan\u00eb gjat\u00eb luft\u00ebs p\u00ebr liri.<\/p>\n<p>Por n\u00ebse tek ne degradimi i gjith\u00e7kaje q\u00eb lidhet me t\u00eb merr p\u00ebrmasat alarmante t\u00eb mohimit, shpesh jan\u00eb qesharake dhe p\u00ebr t\u00eb qar\u00eb hallin, n\u00eb Itali askush nuk guxon q\u00eb t\u00eb hidh\u00eb balt\u00eb mbi Rezistenc\u00ebn partizane. Sa shum\u00eb kemi nevoj\u00eb p\u00ebr refleksione n\u00eb k\u00ebto koh\u00eb t\u00eb turbullta krize ekonomike dhe identiteti, pasi mohimi i vetvetes \u00ebsht\u00eb nj\u00eb nga kulturat bajate t\u00eb k\u00ebsaj kohe q\u00eb asnj\u00eb thirrje p\u00ebr koherenc\u00eb nuk e mban dot n\u00eb k\u00ebmb\u00eb.<\/p>\n<p>Partizani Boka, pas dor\u00ebzimit t\u00eb arm\u00ebve, vendosi q\u00eb p\u00ebr t\u00eb mbajtur n\u00eb k\u00ebmb\u00eb shtetin vendosi se kishte di\u00e7ka m\u00eb t\u00eb mir\u00eb dhe t\u00eb r\u00ebnd\u00ebsishme, sesa t\u00eb futej n\u00eb politik\u00eb : t\u00eb flisje p\u00ebr atdheun, t\u00eb udh\u00ebtoje dhe referorje, t\u00eb takoje njer\u00ebz dhe t\u00eb pyesje veten.<\/p>\n<p>N\u00eb jet\u00ebn pas lufte i q\u00ebndroi besnik gazetaris\u00eb, por pa e harruar t\u00eb par\u00ebn, Rezistenc\u00ebn, q\u00eb e kishte formuar p\u00ebrgjithmon\u00eb. Leksioni i tij i referohet atyre viteve : profesioni gazetarit \u00ebsht\u00eb shum\u00eb gj\u00ebra q\u00eb m\u00ebsohen bashk\u00eb : t\u00eb shkruash qart\u00eb dhe shpejt, t\u00eb kesh aft\u00ebsi sinteze, t\u00eb mos p\u00ebrhumbesh n\u00eb dyshime dhe ezitime, t\u00eb jesh i ditur, i hapur me bot\u00ebn dhe leksionet e tij, i aft\u00eb p\u00ebr emocione dhe solidaritet njer\u00ebzor. T\u00eb rinjve q\u00eb e pyesnin se \u00e7far\u00eb ishte sekreti u thoshte : Mos u shqet\u00ebsoni, n\u00ebse ka nj\u00eb sekret, \u00ebsht\u00eb ai q\u00eb keni n\u00eb mendjen tuaj, sekreti i atij q\u00eb ka ka vesh\u00eb p\u00ebr tingujt e krijuesit, e atij q\u00eb ka sy p\u00ebr gjuetin\u00eb, p\u00ebr skermistin q\u00eb di t\u00eb mbrohet dhe sulmoj\u00eb.<\/p>\n<p>M\u00eb pas kaloi n\u00eb nj\u00eb gazet\u00eb t\u00eb v\u00ebrtet\u00eb gjat\u00eb viteve t\u00eb turbullta t\u00eb pasluft\u00ebs ku zbuloi kronik\u00ebn e barrikadave, rendjet aventuroze n\u00eb vendngjarje duke deklaruar se \u201cpolitika \u00ebsht\u00eb shpesh alibi q\u00eb t\u00eb vazhdojn\u00eb t\u00eb vrasin\u201d. \u201cDhe ne q\u00eb tregojm\u00eb n\u00eb gazeta at\u00eb q\u00eb ndodh, jetojm\u00eb t\u00eb dehur me rinin\u00eb mes krimeve dhe r\u00ebnojave t\u00eb bombardimeve, n\u00eb strofkat e l\u00ebna nga t\u00eb humburit\u201d \u2013 shprehet ai n\u00eb at\u00eb koh\u00eb. M\u00eb von\u00eb kalon tek gazeta Dita q\u00eb e drejtonte nj\u00eb miku i vet ish partisan dhe thot\u00eb : isha 40 vje\u00e7 dhe e njihja zanatin.<\/p>\n<p>\u201cKishte mb\u00ebrritur momenti q\u00eb t\u00eb imponohesha dhe n\u00eb lajmet e shkurtra k\u00ebrkova shum\u00eb faqe\u201d \u2013 thot\u00eb gazetari sapo mbv\u00ebrrin tek redaksia. Jan\u00eb vitet kur tek Dita q\u00eb p\u00ebrfaq\u00ebsonte t\u00eb ren\u00eb, hetimet e tij tregojn\u00eb Italin\u00eb e bumit ekonomik. Kronika mjesht\u00ebrore q\u00eb u b\u00ebn\u00eb shkoll\u00eb p\u00ebr efikasitetin, personalitetin dhe k\u00ebrsh\u00ebrin\u00eb. Leksione m\u00eb t\u00eb \u00e7muara se nj\u00eb lib\u00ebr historie. N\u00eb vitin 1964 ndiqte olimpiad\u00ebn e Tokios dhe meq\u00eb ndodhej aty, i k\u00ebrkuan q\u00eb t\u00eb shkonte n\u00eb Saigon ku u kthye disa her\u00eb p\u00ebr t\u00eb treguar luft\u00ebn n\u00eb Vietnam.<\/p>\n<p>N\u00eb vitin 1976 iu fut\u00ebn nj\u00eb pun\u00eb t\u00eb madhe bashk\u00eb me Skalfarin dhe Kara\u00e7olon duke themeluar Republik\u00ebn, t\u00eb p\u00ebrdtishmen komb\u00ebtare q\u00eb t\u00eb sfidonte konkurent\u00ebt historik\u00eb t\u00eb koh\u00ebs si Korrieri i nat\u00ebs, Mesazhieri, Koha etj. Boka tregon p\u00ebr vitet e err\u00ebta t\u00eb terrorizmit n\u00eb Itali: \u201cIshte e v\u00ebshtir\u00eb t\u00eb ishe gazetar n\u00eb ato dit\u00eb. Armiku q\u00eb mund t\u00eb t\u00eb vriste ishte komshiu apo nj\u00eb mik i djalit tend\u201d.<\/p>\n<p>Tregon p\u00ebr terrorist\u00ebt, duke shkuar n\u00eb takime me ta, m\u00eb pas p\u00ebr heronjt\u00eb e antimafjes q\u00eb pat\u00ebn fatin e mbrapsht\u00eb t\u00eb vrasjes si Dala Kieza, t\u00eb cilin e takoi n\u00eb Palermo dhe ku realizoi nj\u00eb intervist\u00eb q\u00eb mbahet mend edhe sot, tep\u00ebr t\u00eb hidhur, zbuluese e izolimit q\u00eb do ta \u00e7onte tek vrasja pas nj\u00eb muaji. M\u00eb von\u00eb kthehet t\u00eb tregoj\u00eb p\u00ebr Italin\u00eb q\u00eb ndryshon, sindakalizmin, bumin e disa krahinave n\u00eb industri, Betino Kraksin kur ngjitet n\u00eb shkall\u00ebt e pushtetit, suksesin e Berluskonit me tv e ri komercial, leg\u00ebn e Bosit, sakrific\u00ebn e nd\u00ebrgjegjshme t\u00eb Falkones dhe Borselinos.<\/p>\n<p>Por Boka \u00ebsht\u00eb edhe shkrimtar me libra autobiografik\u00eb si Provinciali, me tregimet p\u00ebr luft\u00ebn partizane, historin\u00eb e luft\u00ebs fashiste, biografin\u00eb e Toliatit dhe shum\u00eb t\u00eb tjera. N\u00eb faqen e fundit thot\u00eb : \u00cbsht\u00eb shtypi bukuria! Aventura ime e gazetaris\u00eb, duke na dor\u00ebzuar nj\u00eb leksion t\u00eb shpejt\u00eb : Ja qart\u00ebsia si paj\u00eb kryesore e gazetaris\u00eb p\u00ebr t\u00eb th\u00ebn\u00eb se n\u00eb fund t\u00eb udh\u00ebtimit nuk eca verb\u00ebrisht, nuk kuptova gjith\u00e7ka, por veset dhe virtytet tona njer\u00ebzore i njoha\u201d.<\/p>\n","protected":false},"excerpt":{"rendered":"<p>Arjan Th. Kall\u00e7o T\u00eb b\u00ebnte p\u00ebrshtypje sot n\u00eb lajmet e m\u00ebngjesit se kishte nd\u00ebrruar jet\u00eb nj\u00ebri prej ikonave t\u00eb gazetaris\u00eb italiane, por i pafat, pasi dje dhe sot nuk dilte asnj\u00eb gazet\u00eb q\u00eb t\u00eb mund t\u00eb shkruanin p\u00ebr t\u00eb. Por nuk kishte problem se nes\u00ebr do t\u00eb ridalin gazetat, por \u00ebsht\u00eb gazetaria on line q\u00eb [&hellip;]<\/p>\n","protected":false},"author":1,"featured_media":0,"comment_status":"open","ping_status":"closed","sticky":false,"template":"","format":"standard","meta":{"footnotes":""},"categories":[2],"tags":[],"class_list":{"0":"post-11543","1":"post","2":"type-post","3":"status-publish","4":"format-standard","6":"category-artikuj"},"yoast_head":"<!-- This site is optimized with the Yoast SEO plugin v27.4 - https:\/\/yoast.com\/product\/yoast-seo-wordpress\/ -->\n<title>Gazetari Boka - kronisti i Italis\u00eb s\u00eb \u00e7liruar nga Rezistenca - FjALA e LIR\u00cb - Arkivi<\/title>\n<meta name=\"robots\" content=\"index, follow, max-snippet:-1, max-image-preview:large, max-video-preview:-1\" \/>\n<link rel=\"canonical\" href=\"https:\/\/fjala.info\/2009-2015\/gazetari-boka-kronisti-i-italise-se-cliruar-nga-rezistenca\/\" \/>\n<meta property=\"og:locale\" content=\"sq_AL\" \/>\n<meta property=\"og:type\" content=\"article\" \/>\n<meta property=\"og:title\" content=\"Gazetari Boka - kronisti i Italis\u00eb s\u00eb \u00e7liruar nga Rezistenca - FjALA e LIR\u00cb - Arkivi\" \/>\n<meta property=\"og:description\" content=\"Arjan Th. Kall\u00e7o T\u00eb b\u00ebnte p\u00ebrshtypje sot n\u00eb lajmet e m\u00ebngjesit se kishte nd\u00ebrruar jet\u00eb nj\u00ebri prej ikonave t\u00eb gazetaris\u00eb italiane, por i pafat, pasi dje dhe sot nuk dilte asnj\u00eb gazet\u00eb q\u00eb t\u00eb mund t\u00eb shkruanin p\u00ebr t\u00eb. Por nuk kishte problem se nes\u00ebr do t\u00eb ridalin gazetat, por \u00ebsht\u00eb gazetaria on line q\u00eb [&hellip;]\" \/>\n<meta property=\"og:url\" content=\"https:\/\/fjala.info\/2009-2015\/gazetari-boka-kronisti-i-italise-se-cliruar-nga-rezistenca\/\" \/>\n<meta property=\"og:site_name\" content=\"FjALA e LIR\u00cb - Arkivi\" \/>\n<meta property=\"article:published_time\" content=\"2011-12-26T19:26:33+00:00\" \/>\n<meta property=\"og:image\" content=\"http:\/\/www.shkoder.net\/images\/fjala\/2011\/arjan_kallco.jpg\" \/>\n<meta name=\"author\" content=\"admin\" \/>\n<meta name=\"twitter:card\" content=\"summary_large_image\" \/>\n<meta name=\"twitter:label1\" content=\"Written by\" \/>\n\t<meta name=\"twitter:data1\" content=\"admin\" \/>\n\t<meta name=\"twitter:label2\" content=\"Est. reading time\" \/>\n\t<meta name=\"twitter:data2\" content=\"5 minutes\" \/>\n<script type=\"application\/ld+json\" class=\"yoast-schema-graph\">{\"@context\":\"https:\\\/\\\/schema.org\",\"@graph\":[{\"@type\":\"Article\",\"@id\":\"https:\\\/\\\/fjala.info\\\/2009-2015\\\/gazetari-boka-kronisti-i-italise-se-cliruar-nga-rezistenca\\\/#article\",\"isPartOf\":{\"@id\":\"https:\\\/\\\/fjala.info\\\/2009-2015\\\/gazetari-boka-kronisti-i-italise-se-cliruar-nga-rezistenca\\\/\"},\"author\":{\"name\":\"admin\",\"@id\":\"https:\\\/\\\/fjala.info\\\/2009-2015\\\/#\\\/schema\\\/person\\\/3aa1163ef05469c496fc94e77611ada2\"},\"headline\":\"Gazetari Boka &#8211; kronisti i Italis\u00eb s\u00eb \u00e7liruar nga Rezistenca\",\"datePublished\":\"2011-12-26T19:26:33+00:00\",\"mainEntityOfPage\":{\"@id\":\"https:\\\/\\\/fjala.info\\\/2009-2015\\\/gazetari-boka-kronisti-i-italise-se-cliruar-nga-rezistenca\\\/\"},\"wordCount\":1009,\"commentCount\":0,\"publisher\":{\"@id\":\"https:\\\/\\\/fjala.info\\\/2009-2015\\\/#organization\"},\"image\":{\"@id\":\"https:\\\/\\\/fjala.info\\\/2009-2015\\\/gazetari-boka-kronisti-i-italise-se-cliruar-nga-rezistenca\\\/#primaryimage\"},\"thumbnailUrl\":\"http:\\\/\\\/www.shkoder.net\\\/images\\\/fjala\\\/2011\\\/arjan_kallco.jpg\",\"articleSection\":[\"Artikuj\"],\"inLanguage\":\"sq-AL\",\"potentialAction\":[{\"@type\":\"CommentAction\",\"name\":\"Comment\",\"target\":[\"https:\\\/\\\/fjala.info\\\/2009-2015\\\/gazetari-boka-kronisti-i-italise-se-cliruar-nga-rezistenca\\\/#respond\"]}]},{\"@type\":\"WebPage\",\"@id\":\"https:\\\/\\\/fjala.info\\\/2009-2015\\\/gazetari-boka-kronisti-i-italise-se-cliruar-nga-rezistenca\\\/\",\"url\":\"https:\\\/\\\/fjala.info\\\/2009-2015\\\/gazetari-boka-kronisti-i-italise-se-cliruar-nga-rezistenca\\\/\",\"name\":\"Gazetari Boka - kronisti i Italis\u00eb s\u00eb \u00e7liruar nga Rezistenca - FjALA e LIR\u00cb - Arkivi\",\"isPartOf\":{\"@id\":\"https:\\\/\\\/fjala.info\\\/2009-2015\\\/#website\"},\"primaryImageOfPage\":{\"@id\":\"https:\\\/\\\/fjala.info\\\/2009-2015\\\/gazetari-boka-kronisti-i-italise-se-cliruar-nga-rezistenca\\\/#primaryimage\"},\"image\":{\"@id\":\"https:\\\/\\\/fjala.info\\\/2009-2015\\\/gazetari-boka-kronisti-i-italise-se-cliruar-nga-rezistenca\\\/#primaryimage\"},\"thumbnailUrl\":\"http:\\\/\\\/www.shkoder.net\\\/images\\\/fjala\\\/2011\\\/arjan_kallco.jpg\",\"datePublished\":\"2011-12-26T19:26:33+00:00\",\"breadcrumb\":{\"@id\":\"https:\\\/\\\/fjala.info\\\/2009-2015\\\/gazetari-boka-kronisti-i-italise-se-cliruar-nga-rezistenca\\\/#breadcrumb\"},\"inLanguage\":\"sq-AL\",\"potentialAction\":[{\"@type\":\"ReadAction\",\"target\":[\"https:\\\/\\\/fjala.info\\\/2009-2015\\\/gazetari-boka-kronisti-i-italise-se-cliruar-nga-rezistenca\\\/\"]}]},{\"@type\":\"ImageObject\",\"inLanguage\":\"sq-AL\",\"@id\":\"https:\\\/\\\/fjala.info\\\/2009-2015\\\/gazetari-boka-kronisti-i-italise-se-cliruar-nga-rezistenca\\\/#primaryimage\",\"url\":\"http:\\\/\\\/www.shkoder.net\\\/images\\\/fjala\\\/2011\\\/arjan_kallco.jpg\",\"contentUrl\":\"http:\\\/\\\/www.shkoder.net\\\/images\\\/fjala\\\/2011\\\/arjan_kallco.jpg\"},{\"@type\":\"BreadcrumbList\",\"@id\":\"https:\\\/\\\/fjala.info\\\/2009-2015\\\/gazetari-boka-kronisti-i-italise-se-cliruar-nga-rezistenca\\\/#breadcrumb\",\"itemListElement\":[{\"@type\":\"ListItem\",\"position\":1,\"name\":\"Home\",\"item\":\"https:\\\/\\\/fjala.info\\\/2009-2015\\\/\"},{\"@type\":\"ListItem\",\"position\":2,\"name\":\"Gazetari Boka &#8211; kronisti i Italis\u00eb s\u00eb \u00e7liruar nga Rezistenca\"}]},{\"@type\":\"WebSite\",\"@id\":\"https:\\\/\\\/fjala.info\\\/2009-2015\\\/#website\",\"url\":\"https:\\\/\\\/fjala.info\\\/2009-2015\\\/\",\"name\":\"FjALA e LIR\u00cb - Arkivi\",\"description\":\"Arkivi 2009-2015\",\"publisher\":{\"@id\":\"https:\\\/\\\/fjala.info\\\/2009-2015\\\/#organization\"},\"potentialAction\":[{\"@type\":\"SearchAction\",\"target\":{\"@type\":\"EntryPoint\",\"urlTemplate\":\"https:\\\/\\\/fjala.info\\\/2009-2015\\\/?s={search_term_string}\"},\"query-input\":{\"@type\":\"PropertyValueSpecification\",\"valueRequired\":true,\"valueName\":\"search_term_string\"}}],\"inLanguage\":\"sq-AL\"},{\"@type\":\"Organization\",\"@id\":\"https:\\\/\\\/fjala.info\\\/2009-2015\\\/#organization\",\"name\":\"FjALA e LIR\u00cb - Arkivi\",\"url\":\"https:\\\/\\\/fjala.info\\\/2009-2015\\\/\",\"logo\":{\"@type\":\"ImageObject\",\"inLanguage\":\"sq-AL\",\"@id\":\"https:\\\/\\\/fjala.info\\\/2009-2015\\\/#\\\/schema\\\/logo\\\/image\\\/\",\"url\":\"\",\"contentUrl\":\"\",\"caption\":\"FjALA e LIR\u00cb - Arkivi\"},\"image\":{\"@id\":\"https:\\\/\\\/fjala.info\\\/2009-2015\\\/#\\\/schema\\\/logo\\\/image\\\/\"}},{\"@type\":\"Person\",\"@id\":\"https:\\\/\\\/fjala.info\\\/2009-2015\\\/#\\\/schema\\\/person\\\/3aa1163ef05469c496fc94e77611ada2\",\"name\":\"admin\",\"image\":{\"@type\":\"ImageObject\",\"inLanguage\":\"sq-AL\",\"@id\":\"https:\\\/\\\/fjala.info\\\/2009-2015\\\/wp-content\\\/uploads\\\/2012\\\/02\\\/arben_cokaj-120x150.jpg\",\"url\":\"https:\\\/\\\/fjala.info\\\/2009-2015\\\/wp-content\\\/uploads\\\/2012\\\/02\\\/arben_cokaj-120x150.jpg\",\"contentUrl\":\"https:\\\/\\\/fjala.info\\\/2009-2015\\\/wp-content\\\/uploads\\\/2012\\\/02\\\/arben_cokaj-120x150.jpg\",\"caption\":\"admin\"},\"description\":\"Admin, Fjala e Lir\u00eb\",\"sameAs\":[\"https:\\\/\\\/fjala.info\\\/\"],\"url\":\"https:\\\/\\\/fjala.info\\\/2009-2015\\\/author\\\/admin\\\/\"}]}<\/script>\n<!-- \/ Yoast SEO plugin. -->","yoast_head_json":{"title":"Gazetari Boka - kronisti i Italis\u00eb s\u00eb \u00e7liruar nga Rezistenca - FjALA e LIR\u00cb - Arkivi","robots":{"index":"index","follow":"follow","max-snippet":"max-snippet:-1","max-image-preview":"max-image-preview:large","max-video-preview":"max-video-preview:-1"},"canonical":"https:\/\/fjala.info\/2009-2015\/gazetari-boka-kronisti-i-italise-se-cliruar-nga-rezistenca\/","og_locale":"sq_AL","og_type":"article","og_title":"Gazetari Boka - kronisti i Italis\u00eb s\u00eb \u00e7liruar nga Rezistenca - FjALA e LIR\u00cb - Arkivi","og_description":"Arjan Th. Kall\u00e7o T\u00eb b\u00ebnte p\u00ebrshtypje sot n\u00eb lajmet e m\u00ebngjesit se kishte nd\u00ebrruar jet\u00eb nj\u00ebri prej ikonave t\u00eb gazetaris\u00eb italiane, por i pafat, pasi dje dhe sot nuk dilte asnj\u00eb gazet\u00eb q\u00eb t\u00eb mund t\u00eb shkruanin p\u00ebr t\u00eb. Por nuk kishte problem se nes\u00ebr do t\u00eb ridalin gazetat, por \u00ebsht\u00eb gazetaria on line q\u00eb [&hellip;]","og_url":"https:\/\/fjala.info\/2009-2015\/gazetari-boka-kronisti-i-italise-se-cliruar-nga-rezistenca\/","og_site_name":"FjALA e LIR\u00cb - Arkivi","article_published_time":"2011-12-26T19:26:33+00:00","og_image":[{"url":"http:\/\/www.shkoder.net\/images\/fjala\/2011\/arjan_kallco.jpg","type":"","width":"","height":""}],"author":"admin","twitter_card":"summary_large_image","twitter_misc":{"Written by":"admin","Est. reading time":"5 minutes"},"schema":{"@context":"https:\/\/schema.org","@graph":[{"@type":"Article","@id":"https:\/\/fjala.info\/2009-2015\/gazetari-boka-kronisti-i-italise-se-cliruar-nga-rezistenca\/#article","isPartOf":{"@id":"https:\/\/fjala.info\/2009-2015\/gazetari-boka-kronisti-i-italise-se-cliruar-nga-rezistenca\/"},"author":{"name":"admin","@id":"https:\/\/fjala.info\/2009-2015\/#\/schema\/person\/3aa1163ef05469c496fc94e77611ada2"},"headline":"Gazetari Boka &#8211; kronisti i Italis\u00eb s\u00eb \u00e7liruar nga Rezistenca","datePublished":"2011-12-26T19:26:33+00:00","mainEntityOfPage":{"@id":"https:\/\/fjala.info\/2009-2015\/gazetari-boka-kronisti-i-italise-se-cliruar-nga-rezistenca\/"},"wordCount":1009,"commentCount":0,"publisher":{"@id":"https:\/\/fjala.info\/2009-2015\/#organization"},"image":{"@id":"https:\/\/fjala.info\/2009-2015\/gazetari-boka-kronisti-i-italise-se-cliruar-nga-rezistenca\/#primaryimage"},"thumbnailUrl":"http:\/\/www.shkoder.net\/images\/fjala\/2011\/arjan_kallco.jpg","articleSection":["Artikuj"],"inLanguage":"sq-AL","potentialAction":[{"@type":"CommentAction","name":"Comment","target":["https:\/\/fjala.info\/2009-2015\/gazetari-boka-kronisti-i-italise-se-cliruar-nga-rezistenca\/#respond"]}]},{"@type":"WebPage","@id":"https:\/\/fjala.info\/2009-2015\/gazetari-boka-kronisti-i-italise-se-cliruar-nga-rezistenca\/","url":"https:\/\/fjala.info\/2009-2015\/gazetari-boka-kronisti-i-italise-se-cliruar-nga-rezistenca\/","name":"Gazetari Boka - kronisti i Italis\u00eb s\u00eb \u00e7liruar nga Rezistenca - FjALA e LIR\u00cb - Arkivi","isPartOf":{"@id":"https:\/\/fjala.info\/2009-2015\/#website"},"primaryImageOfPage":{"@id":"https:\/\/fjala.info\/2009-2015\/gazetari-boka-kronisti-i-italise-se-cliruar-nga-rezistenca\/#primaryimage"},"image":{"@id":"https:\/\/fjala.info\/2009-2015\/gazetari-boka-kronisti-i-italise-se-cliruar-nga-rezistenca\/#primaryimage"},"thumbnailUrl":"http:\/\/www.shkoder.net\/images\/fjala\/2011\/arjan_kallco.jpg","datePublished":"2011-12-26T19:26:33+00:00","breadcrumb":{"@id":"https:\/\/fjala.info\/2009-2015\/gazetari-boka-kronisti-i-italise-se-cliruar-nga-rezistenca\/#breadcrumb"},"inLanguage":"sq-AL","potentialAction":[{"@type":"ReadAction","target":["https:\/\/fjala.info\/2009-2015\/gazetari-boka-kronisti-i-italise-se-cliruar-nga-rezistenca\/"]}]},{"@type":"ImageObject","inLanguage":"sq-AL","@id":"https:\/\/fjala.info\/2009-2015\/gazetari-boka-kronisti-i-italise-se-cliruar-nga-rezistenca\/#primaryimage","url":"http:\/\/www.shkoder.net\/images\/fjala\/2011\/arjan_kallco.jpg","contentUrl":"http:\/\/www.shkoder.net\/images\/fjala\/2011\/arjan_kallco.jpg"},{"@type":"BreadcrumbList","@id":"https:\/\/fjala.info\/2009-2015\/gazetari-boka-kronisti-i-italise-se-cliruar-nga-rezistenca\/#breadcrumb","itemListElement":[{"@type":"ListItem","position":1,"name":"Home","item":"https:\/\/fjala.info\/2009-2015\/"},{"@type":"ListItem","position":2,"name":"Gazetari Boka &#8211; kronisti i Italis\u00eb s\u00eb \u00e7liruar nga Rezistenca"}]},{"@type":"WebSite","@id":"https:\/\/fjala.info\/2009-2015\/#website","url":"https:\/\/fjala.info\/2009-2015\/","name":"FjALA e LIR\u00cb - Arkivi","description":"Arkivi 2009-2015","publisher":{"@id":"https:\/\/fjala.info\/2009-2015\/#organization"},"potentialAction":[{"@type":"SearchAction","target":{"@type":"EntryPoint","urlTemplate":"https:\/\/fjala.info\/2009-2015\/?s={search_term_string}"},"query-input":{"@type":"PropertyValueSpecification","valueRequired":true,"valueName":"search_term_string"}}],"inLanguage":"sq-AL"},{"@type":"Organization","@id":"https:\/\/fjala.info\/2009-2015\/#organization","name":"FjALA e LIR\u00cb - Arkivi","url":"https:\/\/fjala.info\/2009-2015\/","logo":{"@type":"ImageObject","inLanguage":"sq-AL","@id":"https:\/\/fjala.info\/2009-2015\/#\/schema\/logo\/image\/","url":"","contentUrl":"","caption":"FjALA e LIR\u00cb - Arkivi"},"image":{"@id":"https:\/\/fjala.info\/2009-2015\/#\/schema\/logo\/image\/"}},{"@type":"Person","@id":"https:\/\/fjala.info\/2009-2015\/#\/schema\/person\/3aa1163ef05469c496fc94e77611ada2","name":"admin","image":{"@type":"ImageObject","inLanguage":"sq-AL","@id":"https:\/\/fjala.info\/2009-2015\/wp-content\/uploads\/2012\/02\/arben_cokaj-120x150.jpg","url":"https:\/\/fjala.info\/2009-2015\/wp-content\/uploads\/2012\/02\/arben_cokaj-120x150.jpg","contentUrl":"https:\/\/fjala.info\/2009-2015\/wp-content\/uploads\/2012\/02\/arben_cokaj-120x150.jpg","caption":"admin"},"description":"Admin, Fjala e Lir\u00eb","sameAs":["https:\/\/fjala.info\/"],"url":"https:\/\/fjala.info\/2009-2015\/author\/admin\/"}]}},"_links":{"self":[{"href":"https:\/\/fjala.info\/2009-2015\/wp-json\/wp\/v2\/posts\/11543","targetHints":{"allow":["GET"]}}],"collection":[{"href":"https:\/\/fjala.info\/2009-2015\/wp-json\/wp\/v2\/posts"}],"about":[{"href":"https:\/\/fjala.info\/2009-2015\/wp-json\/wp\/v2\/types\/post"}],"author":[{"embeddable":true,"href":"https:\/\/fjala.info\/2009-2015\/wp-json\/wp\/v2\/users\/1"}],"replies":[{"embeddable":true,"href":"https:\/\/fjala.info\/2009-2015\/wp-json\/wp\/v2\/comments?post=11543"}],"version-history":[{"count":0,"href":"https:\/\/fjala.info\/2009-2015\/wp-json\/wp\/v2\/posts\/11543\/revisions"}],"wp:attachment":[{"href":"https:\/\/fjala.info\/2009-2015\/wp-json\/wp\/v2\/media?parent=11543"}],"wp:term":[{"taxonomy":"category","embeddable":true,"href":"https:\/\/fjala.info\/2009-2015\/wp-json\/wp\/v2\/categories?post=11543"},{"taxonomy":"post_tag","embeddable":true,"href":"https:\/\/fjala.info\/2009-2015\/wp-json\/wp\/v2\/tags?post=11543"}],"curies":[{"name":"wp","href":"https:\/\/api.w.org\/{rel}","templated":true}]}}