{"id":11542,"date":"2011-12-25T21:40:41","date_gmt":"2011-12-25T20:40:41","guid":{"rendered":"http:\/\/fjala.shkoder.net\/?p=764"},"modified":"2011-12-25T21:40:41","modified_gmt":"2011-12-25T20:40:41","slug":"idealizmi-shqiptar-dhe-fashizmi-serb","status":"publish","type":"post","link":"https:\/\/fjala.info\/2009-2015\/idealizmi-shqiptar-dhe-fashizmi-serb\/","title":{"rendered":"Idealizmi shqiptar dhe fashizmi serb"},"content":{"rendered":"<p><img decoding=\"async\" class=\"alignright size-thumbnail wp-image-7236\" title=\"Baki Ymeri\" src=\"http:\/\/www.shkoder.net\/images\/fjala\/baki_ymeri.jpg\" alt=\"\" width=\"150\" \/> <em>Derisa disa botues tan\u00eb heshtin kur b\u00ebhet fjal\u00eb p\u00ebr sulmet serbe kund\u00ebr rumun\u00ebve t\u00eb Timokut, rumun\u00ebt e mir\u00ebfillt\u00eb e nd\u00ebshkojn\u00eb publikisht q\u00ebndrimin absurd t\u00eb autoriteteve t\u00eb Bukureshtit lidhur me pavar\u00ebsin\u00eb e Kosov\u00ebs.<\/em><\/p>\n<p><strong>Baki Ymeri<\/strong><\/p>\n<p>Shqiptarizmi u ka mbetur vet\u00ebm idealist\u00ebve, nj\u00eb e v\u00ebrtet\u00eb e dhembshme, prezente gjithandej n\u00eb bot\u00ebn shqiptare dhe diaspor\u00eb. Heroizmi \u00ebsht\u00eb nj\u00eb gjendje shpirt\u00ebrore q\u00eb i p\u00ebrket nj\u00eb populli, nj\u00eb gjenerate apo disave vetave, por heroizmi n\u00eb k\u00ebt\u00eb kontekst nuk ka asgj\u00eb t\u00eb p\u00ebrbashk\u00ebt me \u201cheroizmin\u201d e kryq\u00ebzatave t\u00eb Mesjet\u00ebs apo me at\u00eb t\u00eb kriminel\u00ebve t\u00eb Ben Ladenit dhe fashizmit t\u00eb Millosheviqit.<\/p>\n<p><img decoding=\"async\" class=\"aligncenter size-thumbnail wp-image-7236\" title=\"Protestues shqiptar n\u00eb Bukuresht\" src=\"http:\/\/www.shkoder.net\/images\/fjala\/2011\/protestues_shqiptar_bukuresht.jpg\" alt=\"\" width=\"450\" \/><\/p>\n<p>Heroizmi ushtarak i Gjergj Kastriotit apo ai i U\u00c7K-s\u00eb, ishte nj\u00eb heroiz\u00ebm i shenjt\u00eb, por jo edhe \u201cheroizmi\u201d antishqiptar i korbave enveriste t\u00eb SHIK-ut q\u00eb likuiduan nj\u00eb garnitur\u00eb oficer\u00ebsh, gazetar\u00ebsh dhe njer\u00ebzish t\u00eb men\u00e7ur q\u00eb militonin p\u00ebr liri, demokraci dhe pavar\u00ebsi. Fsheht\u00ebsia e sh\u00eblbimit kishtar q\u00ebndron n\u00eb duart e Zotit, nd\u00ebrsa fsheht\u00ebsia e heroizmit q\u00ebndron n\u00eb devotshm\u00ebrin\u00eb e atij q\u00eb e ka pranuar dhuntin\u00eb e k\u00ebtij virtyti. Derisa heroizmi shqiptar ka joshur admirimin e bot\u00ebs, ultranacionalizmi, shpirtlig\u00ebsia dhe t\u00ebrbimi serb ka krijuar viktima t\u00eb panum\u00ebrta, q\u00eb nga dyndja sllave n\u00eb trojet trako\/ilire e deri n\u00eb k\u00ebto dit\u00eb kur serb\u00ebt i kan\u00eb ngritur arm\u00ebt edhe kund\u00ebr fqinj\u00ebve t\u00eb tyre q\u00eb ua kan\u00eb serbizuar emrat dhe q\u00eb i konsideronin \u201cmiq\u201d dhe \u201cfqinj\u201d.<\/p>\n<p>Ndoshta ting\u00ebllon si fyerje sintagma \u201cFara e ndotur e Millosheviqit\u201d, por nuk \u00ebsht\u00eb fyerje e v\u00ebrteta se serb\u00ebt jan\u00eb falsifikator\u00ebt m\u00eb t\u00eb m\u00ebdhenj t\u00eb historis\u00eb, sepse ata nuk kan\u00eb histori, historia e tyre duke qen\u00eb nj\u00eb varg luft\u00ebrash t\u00eb p\u00ebrgjakshme e t\u00eb humbura, si\u00e7 do ta humbin fytyr\u00ebn nj\u00eb dit\u00eb lur shqiptar\u00ebt do t\u00eb oragnizohen p\u00ebr t\u00eb k\u00ebrkuar tokat e tyre deri n\u00eb Nish. Pasi e tradh\u00ebtuan te turqit luft\u00ebtarin Iancu de Hunedoara i cili m\u00eb 28 shtator 1448 u nis me mij\u00ebra ushtar\u00eb rumun\u00eb t\u00eb takohet me Gjergj Kastriotin n\u00eb Lugin\u00eb t\u00eb Morav\u00ebs p\u00ebr t&#8217;i sulmuar turqit, koh\u00ebve t\u00eb fundit serb\u00ebt tentojn\u00eb t\u2019ua vjedhin rumun\u00ebve edhe heroin mesjetar Vladin e III-t\u00eb Basarab, alias Vlad \u0162epe\u015f.<\/p>\n<p><img decoding=\"async\" class=\"aligncenter size-thumbnail wp-image-7236\" title=\"Gazet\u00eb romune - Kosova viktim\u00eb\" src=\"http:\/\/www.shkoder.net\/images\/fjala\/2011\/art_kosova_viktime.jpg\" alt=\"\" width=\"500\" \/><\/p>\n<p>Dhe ja tani mir\u00ebnjohja, thekson Dr. George Coanda, p\u00ebr t\u00eb p\u00ebrditshmen Adev\u0103rul (9 dhjetor 2011), duke shtuar: &#8220;Ata na e vjedhin historin\u00eb. M\u00eb vjen keq, por k\u00ebta serb\u00eb kan\u00eb probleme t\u00eb r\u00ebnda me respektimin e t\u00eb v\u00ebrtet\u00ebs historike. Nj\u00eb far\u00eb e ndotur e Millosheviqit.&#8221; Po shkojm\u00eb m\u00eb tej: 20 dhjetor 2011. Massmedia elektronike rumune \u00ebsht\u00eb \u201cpasuruar\u201d me dhjetra artikuj me titullin \u201cSulme t\u00eb armatosura kund\u00ebr rumun\u00ebve t\u00eb Serbis\u00eb\u201d.<\/p>\n<p>Ministria e Jashtme ka shprehur brengosje lidhur me nj\u00eb ser\u00eb agresionesh q\u00eb kan\u00eb patur p\u00ebr q\u00ebllim lider\u00ebt e minoritetit rumun n\u00eb fshatin Sipikova dhe te Ura e Jankut (Podul lui Iancu) n\u00eb Serbi, lajme t\u00eb regjistruara edhe nga Viorel Badea, presidenti i Komisionit p\u00ebr rumun\u00ebt e kudondodhur. Ai ka theksuar se p\u00ebrfaq\u00ebsuesit e komunitetit rumun t\u00eb Serbis\u00eb u jan\u00eb n\u00ebnshtruar nj\u00eb ser\u00eb \u201csulmesh t\u00eb armatosrua\u201d q\u00eb p\u00ebrfaq\u00ebsojn\u00eb \u201cnj\u00eb provokim t\u00eb q\u00ebllimsh\u00ebm p\u00ebr \u00e7ekulibrimin e kursit pozitiv t\u00eb dialogut rumuno-serb sa i p\u00ebrket respektimit t\u00eb t\u00eb drejtave fundamentale t\u00eb bashkatdhetar\u00ebve tan\u00eb n\u00eb shtetin fqinj\u201d.<\/p>\n<p>N\u00eb kuadrin e nj\u00eb shkrimi tjet\u00ebr me t\u00eb nj\u00ebjtin titull, botuar nga HotNews.ro, theksohet se \u201esht\u00ebpit\u00eb e dy lider\u00ebve t\u00eb rumun\u00ebve t\u00eb Serbis\u00eb kan\u00eb qen\u00eb t\u00eb sulmuara me arm\u00eb t\u00eb zjarrit, informon Romanian Global News.Sipas burimit t\u00eb cituar, t\u00eb h\u00ebn\u00ebn (20 dhjetor 2011), autor\u00eb t\u00eb panjohur kan\u00eb hapur zjarr kund\u00ebr sht\u00ebpis\u00eb s\u00eb liderit t\u00eb filiales s\u00eb Partis\u00eb Demokrate t\u00eb Rumun\u00ebve t\u00eb Serbis\u00eb, Dragsolav Maria\u00e7i\u00e7, n\u00eb Sipikov\u00eb t\u00eb Timokut, n\u00eb koh\u00ebn kur nj\u00eb sulm tjet\u00ebr i armatosur ka ngjar\u00eb n\u00eb Vojvodin\u00eb, n\u00eb lokalitetin Ura e Jankut, kund\u00ebr sht\u00ebpis\u00eb s\u00eb kryetarit t\u00eb bashkis\u00eb dhe presidentit t\u00eb partis\u00eb Aleanca e Rumun\u00ebve t\u00eb Vojvodin\u00ebs, Viorel Besu.<\/p>\n<p><img decoding=\"async\" class=\"aligncenter size-thumbnail wp-image-7236\" title=\"Protestues shqiptar\u00eb n\u00eb Bukuresht\" src=\"http:\/\/www.shkoder.net\/images\/fjala\/2011\/protestues_shqiptare_bukuresht.jpg\" alt=\"\" width=\"450\" \/><\/p>\n<p>Ku kan\u00eb bes\u00eb serb\u00ebt e gjor\u00eb t\u00eb nd\u00ebshkuar nga rumun\u00ebt e Timokut edhe postmortem! Sipas tradit\u00ebs, gjat\u00eb ceremonis\u00eb s\u00eb varrimit n\u00eb Timok, n\u00eb arkivol, pran\u00eb kufom\u00ebs, familjar\u00ebt e ven\u00eb edhe nj\u00eb shkop druri, q\u00eb i vdekuri t\u00eb mbrohet nga serb\u00ebt edhe n\u00eb bot\u00ebn tjet\u00ebr. N\u00eb kuadrin e artikullit paraprak theksohet se ambasada e Rumanis\u00eb n\u00eb Beograd ka nd\u00ebrmarr\u00eb masat e nevojshme lidhur me sqarimin e situat\u00ebs. Tudor Pantiru, deputet, ka deklaruar p\u00ebr HotNews.ro se nuk dihet kush ka q\u00eblluar, ndoshta kan\u00eb q\u00eblluar ata q\u00eb s\u2019duan q\u00eb rumun\u00ebt t\u2019i p\u00ebrfitojn\u00eb t\u00eb drejtat fundamentale, t\u00eb marrin pjes\u00eb n\u00eb shr\u00ebbesa kishtare n\u00eb gjuh\u00ebn amtare dhe t\u2019i \u00e7ojn\u00eb f\u00ebmij\u00ebt n\u00eb shkolla me m\u00ebsim n\u00eb gjuh\u00ebn rumune, duke theksuar se \u201ek\u00ebto jan\u00eb akte t\u00eb frik\u00ebsimit t\u00eb rumun\u00ebve\u201d t\u00eb k\u00ebtij vendi. M\u00eb tej theksohet se nj\u00eb nga plumbat ka krisur n\u00eb xhamat e sht\u00ebpis\u00eb s\u00eb nj\u00ebrit nga rumun\u00ebve m\u00eb aktiv\u00eb t\u00eb zon\u00ebs, Dragoslav Maria\u00e7i\u00e7, i cili jep kontribut t\u00eb pashoq p\u00ebr ngritjen e nj\u00eb kishe rumune n\u00eb lokalitet.<\/p>\n<p>Poashtu theksohet se n\u00eb Timok dhe vende tjera t\u00eb Serbis\u00eb t\u00eb rralla jan\u00eb sht\u00ebpit\u00eb ku nuk ka arm\u00eb zjarri, nd\u00ebrsa gjat\u00eb sulmit kund\u00ebr Viorel Besut n\u00eb Vojvodin\u00eb, plumbat kan\u00eb shpuar kanapen\u00eb dhe muret e brendshme t\u00eb sht\u00ebpis\u00eb s\u00eb tij. Bashk\u00ebshortja e tij, Ida Besu, u ka deklaruar gazetar\u00ebve serb\u00eb se ky incident ka ngjar\u00eb rreth or\u00ebs dy t\u00eb m\u00ebngjezit. Fakti q\u00eb t\u00eb dy incidentet jan\u00eb zhvilluar n\u00eb t\u00eb nj\u00ebjt\u00ebn dit\u00eb, demonstron p\u00ebr nj\u00eb koordinim (t\u00eb fashizmit serb-B.Y.) kund\u00ebr lider\u00ebve t\u00eb rumun\u00ebve t\u00eb Serbis\u00eb, komenton Romanian Global News.<\/p>\n<p><img decoding=\"async\" class=\"aligncenter size-thumbnail wp-image-7236\" title=\"NATO in Kosova\" src=\"http:\/\/www.shkoder.net\/images\/fjala\/2011\/nato_in_kosova.jpg\" alt=\"\" width=\"500\" \/><\/p>\n<p>K\u00ebt\u00eb shkrim me nj\u00eb titull tjet\u00ebr e transmetuam para dy dit\u00ebsh (21\/12\/2011), por ende asnj\u00ebra nga redaksit\u00eb e gazetave dhe respektive, nuk iu kujtua ta b\u00ebj\u00eb publik me koh\u00eb, n\u00eb shenj\u00eb solidariteti me rumun\u00ebt e Timokut dhe disa kuadro rumune q\u00eb kan\u00eb q\u00ebndrime pozitive lidhur me Kosov\u00ebn dhe pavar\u00ebsin\u00eb e saj. \u201eI nd\u00ebshkoj fuqimisht sulmet e armatosura kund\u00ebr gjith\u00eb lider\u00ebve t\u00eb komunitetit rumun n\u00eb Timok dhe Vojvodin\u00eb. K\u00ebto akte t\u00eb paimagjinuara p\u00ebr nj\u00eb shtet q\u00eb pretendon t\u00eb aderoj\u00eb n\u00eb BE vijn\u00eb si pasoj\u00eb e politik\u00ebs agresive t\u00eb asimilimit t\u00eb sforcuar nga autoritet serbe, sa nga ato shtet\u00ebrore, poashtu edhe nga ato religjioze, thuhet n\u00eb nj\u00eb deklarat\u00eb shtypi dh\u00ebn\u00eb nga deputeti Tudor Pantiru, n\u00eb eksluzivitet p\u00ebr Romanian Global News.<\/p>\n<p>E nd\u00ebshkoj q\u00ebndrimin p\u00ebrtac t\u00eb autoriteteve t\u00eb Bukureshtit q\u00eb trumbetojn\u00eb vazhdimisht p\u00ebr p\u00ebrkrahjen e sovranitetit serb ndaj Kosov\u00ebs, por harrojn\u00eb t\u00eb mbrojn\u00eb me t\u00eb gjitha rrethant legale dhe diplomatike interesat legjitime t\u00eb rumun\u00ebve t\u00eb Serbis\u00eb. N\u00eb k\u00ebto kondita, k\u00ebrkoj q\u00eb Qeveria Rumune t\u00eb inicioj\u00eb me urgjenc\u00eb nj\u00eb akcion kund\u00ebr shtetit serb n\u00eb Qendr\u00ebn Europiane t\u00eb Drejtave t\u00eb Njeriut, p\u00ebr mbrojtjen e t\u00eb drejtave fundamentale t\u00eb komunitetit rumun n\u00eb Serbi. N\u00eb vazhdim jepen edhe artikuj tjer\u00eb si \u201cA \u00ebsht\u00eb Wiliam Branza agjent i influences serbe? N\u00ebse s\u2019\u00ebsht\u00eb, \u00e7ka k\u00ebrkon ky n\u00eb Beograd sipas nj\u00eb vizite t\u00eb kurdisur nga Amabasada e Serbis\u00eb n\u00eb Bukuresht?\u201d, \u201cRumun\u00ebt e Timokut dhe Rumania sulmohen n ga shtypi proqeveritar i Beogradit.\u201d<\/p>\n<p><img decoding=\"async\" class=\"aligncenter size-thumbnail wp-image-7236\" title=\"Valltar\u00eb n\u00eb Kosova t\u00eb Bullgaris\u00eb\" src=\"http:\/\/www.shkoder.net\/images\/fjala\/2011\/valltare_shqiptare_rumani.jpg\" alt=\"\" width=\"500\" \/><\/p>\n<p><strong>Z\u00ebri i komentator\u00ebve \u00ebsht\u00eb z\u00ebri i Zotit<\/strong><\/p>\n<p>Duke shfletuar Zemr\u00ebn Shqiptare, Bot\u00ebn sot dhe disa media tjera, konstatojm\u00eb se z\u00ebri i komentator\u00ebve \u00ebsht\u00eb z\u00ebri i Zotit. Ja disa nga komentet e panum\u00ebrta q\u00eb e shoq\u00ebrojn\u00eb k\u00ebt\u00eb lajm t\u00eb shqetsuar! Doc (anonim): Tani doli n\u00eb shesh e v\u00ebreta se serb\u00ebt na qenkan \u201ev\u00ebllez\u00ebr\u201d, dhe se vet\u00ebm serb\u00ebt dhe Deti i zi na qenkan miq\u00ebt m\u00eb t\u00eb mir\u00eb. Bla bla bla! Nuk e mahnit askend q\u00ebndrimi ksenofob i serb\u00ebve, nj\u00eb popull i implikuar n\u00eb m\u00eb shum\u00eb gjenocide. Mos t\u00eb mahniten k\u00ebta budallenj kur nj\u00eb dit\u00eb do ta humbin edhe nj\u00eb cop\u00eb tjet\u00ebr nga vendi i vet.\u201d Autori i k\u00ebtij komenti dekorohet brenda nj\u00eb \u00e7erek dite me 18 vota. Srpc i p\u00ebrgjigjet: \u201eSerb\u00ebt jan\u00eb armiqt\u00eb tan\u00eb, nj\u00ebsoj si rus\u00ebt\u201d, Alpha, pasi thekson se me kemi qen\u00eb miq gjat\u00eb historis\u00eb, e pranon se ksenofobia serbe u shum\u00ebfishua \u201epas shpartallimit t\u00eb perandoris\u00eb s\u00eb vog\u00ebl jugosllave\u201d, nd\u00ebrsa Tito (anonim) i p\u00ebrgjigjet se \u201eme serb\u00ebt nuk kemi qen\u00eb miq\u00eb kurr\u00eb.<\/p>\n<p>Mos u mashtroni pas propagandave por lexoni historin\u00eb e Serbis\u00eb dhe do t\u00eb shihni se kan\u00eb tentuar disa her\u00eb t\u00eb na d\u00ebmtojn\u00eb. Kan\u00eb nj\u00eb organizim shtet\u00ebror m\u00eb t\u00eb vjet\u00ebr se tonin, por nuk kan\u00eb asnj\u00eb mik. Madje as rus\u00ebt, dhe mos t\u00eb harrojm\u00eb se Tito ishte thik\u00eb n\u00eb thik\u00eb me rus\u00ebt, kurse neve na konsideronte si do t\u00eb prapambetur.\u201d Andu (anonim) i p\u00ebrgjigjet komentatorit paraprak: \u201eNe nuk jemi dhe as q\u00eb kemi qen\u00eb v\u00ebllez\u00ebr apo miq me serb\u00ebt. Banata nuk ka qen\u00eb serbe dhe as Lugina e Timokut. Serb\u00ebt kan\u00eb ardhur k\u00ebtu nga jugu, pas vitit 1700, kur e kan\u00eb braktisur Kosov\u00ebn.\u201d<\/p>\n<p>Korekt, i p\u00ebrgjigjet Fiachra dhe shton: \u201eKur iknim p\u00ebr t\u00eb arritur n\u00eb Slloveni apo Kroaci, serb\u00ebt na ndalnin n\u00eb kufi dhe na rrasnin n\u00eb burg e na maltretonin. Njoh nj\u00eb \u00e7ift bashk\u00ebshortor (profesor e profesoresh\u00eb) q\u00eb e kaluan Danubin m\u00eb 1985. Serb\u00ebt i mbajt\u00ebn n\u00eb burg dy jav\u00eb duke ia dhunuar gruan n\u00eb prezenc\u00eb t\u00eb bashk\u00ebshortit. Pastaj ua kthyen autoriteteve rumune. T\u00eb vjen k\u00ebrdi kur t\u00eb kujtohet etja tyre shtazarake p\u00ebr t\u2019i p\u00ebrdhunuar femrat myslimane t\u00eb Bosnj\u00ebs, gjoja se p\u00ebr t\u2019ua kulluar gjakun.\u201d Nj\u00eb komentator tjet\u00ebr thekson: \u201eFashizmi i serb\u00ebve ka qen\u00eb toleruar p\u00ebr tep\u00ebr. Serbia ka p\u00ebrvoj\u00eb gjenocidare lidhur me minoritetet etnike q\u00eb sipas saj \u201epaskan k\u00ebrkuar p\u00ebr tep\u00ebr t\u00eb drejta\u201d, por sipas nesh q\u00eb nuk jan\u00eb enklava n\u00eb mes t\u00eb Serbis\u00eb por rajone n\u00eb kufi me vende fqinje, si\u00e7 \u00ebsht\u00eb Kosova n\u00eb kufi me Shqip\u00ebrin\u00eb.<\/p>\n<p>Ishpresidenti serb vdiq n\u00eb qelit\u00eb e Tribunalit t\u00eb Hag\u00ebs, si dhe dhjetra lider\u00eb dhe ushtar\u00eb serb\u00eb qen\u00eb d\u00ebnuar p\u00ebr krime kund\u00ebr njer\u00ebzimit. Duket se Serbia nuk ka m\u00ebsuar leksionin e vet\u00ebzhdukjes dhe izolimit, por ajo vazhdon politik\u00ebn e agresionit dhe k\u00ebc\u00ebnimit me vdekje kund\u00ebr etnive tjera autoktone, sepse ata nuk jan\u00eb ardhacak\u00eb si\u00e7 jan\u00eb serbosllav\u00ebt. Rumun\u00ebt e Serbis\u00eb jetojn\u00eb n\u00eb zona kompakte n\u00eb fqinj\u00ebsi me Rumanin\u00eb, por Serbia nuk njeh zyrtarisht ve\u00e7se 80.000.<\/p>\n<p>Rilindja komb\u00ebtare te k\u00ebta rumun\u00eb (t\u00eb harruar nga Bukureshti) ka filluar koh\u00ebve t\u00eb fundit, kur disa intelektual\u00eb, prift\u00ebrinj, t\u00eb rinj, fermier\u00eb, kan\u00eb krijuar ONG, shoqata madje dhe parti p\u00ebr t\u00eb mbrojtur identitetin etno-linguistik t\u00eb qindramij\u00eb rumuno\/vlleh\u00ebve t\u00eb Timokut. P\u00ebrgjigja e autoriteteve serbe ka qen\u00eb jasht\u00ebzakonisht violente dhe agresive, 300 rumun\u00eb etnik\u00eb duke qen\u00eb t\u00eb anketuar n\u00eb Timok pse jan\u00eb deklaruar si rumun\u00eb. Serb\u00ebt ua kan\u00eb ndezur t\u00eb gjitha shenjat fetare (&#8230;) nd\u00ebrsa Rumania q\u00eb i toleron k\u00ebto akte barbare, duhet t\u00eb marr\u00eb masa kund\u00ebr krimeve serbe ndaj rumun\u00ebve t\u00eb Timokut.\u201d<\/p>\n<p>Sabo thekson se Rumania p\u00ebr tep\u00ebr e ka toleruar fashizmin serb kund\u00ebr rumun\u00ebve q\u00eb nuk jan\u00eb me dhjetra mij\u00eb por mbi nj\u00eb milion vet\u00eb, edhepse nuk e din\u00eb gjuh\u00ebn amtare (si pasoj\u00eb politik\u00ebs diskriminuese t\u00eb autoriteteve t\u00eb Beogradit). Dhe del Denoro n\u00eb ring e shton: \u201eFaktikisht k\u00ebto jan\u00eb fal\u00ebnderimet serbe p\u00ebr faktin se Ruman ia ka qen\u00eb nj\u00eb nga pak vendet q\u00eb s\u2019e ka njohur Kosov\u00ebn. Ndoshta tani do ta njoh\u00eb!\u201d Eminescu p\u00ebrgjigjet: \u201eM\u00eb kot, derisa presidenti Basescu na u b\u00eb avokati i Serbis\u00eb n\u00eb materje t\u00eb Kosov\u00ebs! T\u00eb jesh proserb dhe antikosovar lidhur me k\u00ebt\u00eb subjekt don t\u00eb thot\u00eb t\u00eb jesh prorus dhe antiamerikan. Serbia \u00ebsht\u00eb nj\u00eb shtet terrorist q\u00eb ka masakruar mbi 10 mij\u00eb shqiptar\u00eb t\u00eb Kosov\u00ebs, kurse zoti president, po qe se do t\u00eb ishte i informuar si duhet nga ana e k\u00ebshilltar\u00ebve t\u00eb tij lidhur me k\u00ebt\u00eb gjenocid, ndoshta nuk do t\u00eb derdhte lot\u00eb krokodili p\u00ebr nj\u00eb vend terrorist.\u201d<\/p>\n<p>N\u00eb komentator tjet\u00ebr thekson se rumun\u00ebt jan\u00eb tejet tolerant\u00eb ndaj minoriteteve etnikend\u00ebrsa serb\u00ebt d\u00ebshmojn\u00eb nj\u00eb intoleranc\u00eb t\u00eb papar\u00eb q\u00eb do t\u2019iu kushtoj\u00eb shum\u00eb n\u00eb ardhm\u00ebri, ashtu si\u00e7 u ka kushtuar shum\u00eb edhe n\u00eb t\u00eb shkuar\u00ebn. Timokasit jan\u00eb rumun\u00eb etnik\u00eb, s\u00eb paku 300.000, mazhoritar\u00eb n\u00eb 154 fshatra dhe qytete nd\u00ebrmjet Morav\u00ebs dhe Danubit. Nuk kan\u00eb k\u00ebrkuar ndarje apo autonomi ve\u00e7se t\u00eb drejta p\u00ebr t\u00eb m\u00ebsuar f\u00ebmij\u00ebt e tyre n\u00eb gjuh\u00ebn amtare, t\u00eb ken\u00eb prift\u00ebrinj e t\u00eb ndjekin sh\u00ebrbes\u00ebn n\u00eb gjuh\u00ebn rumune, t\u00eb ken\u00eb t\u00eb drejt\u00ebn p\u00ebr kryetar\u00eb bashkie dhe deputet\u00eb, t\u00eb nj\u00ebjtat t\u00eb drejta q\u00eb ua ka dh\u00ebn\u00eb Rumania serb\u00ebve n\u00eb k\u00ebt\u00eb vend.\u201d Pasojn\u00eb disa replika lidhur me hungarez\u00ebt e Rumanis\u00eb, p\u00ebr mikpritjen dhe dashamir\u00ebsin\u00eb rumune ndaj t\u00eb huajve t\u00eb cil\u00ebt nuk i ka d\u00ebbuar por i ka p\u00ebrkrahur.\u201d<\/p>\n<p>Negociatori llomotot gjoja se \u201esulmusit nuk do t\u00eb zihen ngase nuk jan\u00eb n\u00ebnshtetas serb\u00eb\u201d, t\u00eb cili i p\u00ebrgjigjet nj\u00eb komentator anonim (Ekstremizmi serb): \u201eRumania dhe rumun\u00ebt kan\u00eb patur dashamir\u00ebsin\u00eb t\u00eb jen\u00eb solidar\u00eb me Serbin\u00eb n\u00eb koh\u00ebn e luft\u00ebrave t\u00eb saj, kurse tani na kthehet kjo me plumba e jo me t\u00eb drejta t\u00eb natyrshme. Nuk \u00ebsht\u00eb fjala p\u00ebr shp\u00ebrb\u00ebrjen e Serbis\u00eb, edhepse Timoku \u00ebsht\u00eb nj\u00eb rajon q\u00eb ka hyr\u00eb von\u00eb n\u00eb shek. 19, n\u00eb komponent\u00ebn e Serbis\u00eb, kurse banor\u00ebt a atjesh\u00ebm jan\u00eb pasardh\u00ebs s\u00eb dakasve t\u00eb romanizuar. Timoku quhet Dacia Ripensis dhe k\u00ebt\u00eb profesor\u00ebt e historis\u00eb e din\u00eb shum\u00eb mir\u00eb.\u201d<\/p>\n<p>Pason nj\u00eb komentator tjet\u00ebr anonim, i cili p\u00ebrmes subjektit \u201eSerbia agresive dhe vet\u00ebvras\u00ebse\u201d, thekson se Serbia po i humb edhe aleat\u00ebt e fundit, rumun\u00ebt. Asnj\u00eb popull nuk do t\u00eb jetoj\u00eb n\u00eb paq\u00eb n\u00eb troje t\u00eb pushtuara, n\u00eb trojet t\u00eb cilat nuk kan\u00eb qen\u00eb t\u00eb tij, dhe asnj\u00eb komb nuk braktis qindramij\u00eb etnik\u00eb t\u00eb ndodhur me shekuj n\u00eb nj\u00eb territor prej mij\u00ebra km2, sepse jan\u00eb pjes\u00eb e bot\u00ebs ku luftohet p\u00ebr nj\u00eb gj\u00eb t\u00eb till\u00eb, gjat\u00eb nj\u00eb periudhe gjeneratash. Serbia nuk ka qen\u00eb e qet\u00eb as n\u00eb Slloveni, as n\u00eb Kroaci, as n\u00eb Bosnj\u00eb apo Kosov\u00eb.<\/p>\n<p>I ka humbur luft\u00ebrat dhe lider\u00ebt e nd\u00ebshkuar p\u00ebr krime kund\u00ebr humanitetit, ka mbetur me 7,5 milion\u00eb banor\u00eb nga t\u00eb cil\u00ebt 350.00 jan\u00eb rumun\u00eb etnik\u00eb t\u00eb Vojvodin\u00ebs dhe Timokut, mazhoritar\u00eb n\u00eb lokalitete dhe rajone n\u00eb kufi me Rumanin\u00eb e jo n\u00eb enklava apo n\u00eb mes t\u00eb serbizmit. Rumun\u00ebt a tjesh\u00ebm nuk duan tjet\u00ebr ve\u00e7se t\u2019i ken\u00eb t\u00eb nj\u00ebjtat t\u00eb drejta q\u00eb i kan\u00eb serb\u00ebt e Rumanis\u00eb, ky \u00ebsht\u00eb principi demokratik dhe european p\u00ebr liri dhe reciporcitet&#8230; P\u00ebrmes faktit se lejon agresione kund\u00ebr rumun\u00ebve dhe nuk ua jep t\u00eb drejt\u00ebn p\u00ebr identitet, Serbia do t\u2019i humb\u00eb edhe fqinj\u00ebt e fundit aleat\u00eb, rumun\u00ebt. \u00cbsht\u00eb nj\u00eb vet\u00ebvrasje q\u00eb ndoshta e meriton. \u00cbsht\u00eb arritur deri atje saq\u00eb n\u00ebp\u00ebr gazeta serbe t\u00eb llomotitet gjoja se rumun\u00ebt dhe sidomos Vlad Cepeshi na qenkan serb\u00eb. Nj\u00eb provokim grosolan. Senati i Rumanis\u00eb tashm\u00eb e ka blokuarf ratifikimin e akordit t\u00eb BE me Serbin\u00eb.<\/p>\n<p><strong>Serbia agresive \u00ebsht\u00eb delja e Zez\u00eb e Europ\u00ebs<\/strong><\/p>\n<p>Asche thekson: \u201eSe serb\u00ebt nuk jan\u00eb v\u00ebllez\u00ebrit tan\u00eb, k\u00ebt\u00eb ua them t\u00eb gjith\u00eb rumun\u00ebve q\u00eb s\u2019e din\u00eb k\u00ebt\u00eb gj\u00eb. Babai im ka kryer sh\u00ebrbimin ushtarak n\u00eb kufi me ish Jugosllavin\u00eb, dhe m\u00eb ka rr\u00ebfyer se si rumun\u00ebt rrinin n\u00ebp\u00ebr bunkere p\u00ebr shkak t\u00eb kufitar\u00ebve serb\u00eb, t\u00eb cil\u00ebt kur i kaplonte m\u00ebrzia, q\u00ebllonin kund\u00ebr kufitar\u00ebve rumun\u00eb.\u201d Panfilica i kund\u00ebrvihet duke i th\u00ebn\u00eb se kjo ka ngjar\u00eb n\u00eb vitet 1950, kur Titoja (si pasoj\u00eb e shk\u00ebputjes nga Stalini) konsiderohej si kriminel, por m\u00eb von\u00eb u b\u00eb mik i Rumanis\u00eb, fondator i l\u00ebvizjes s\u00eb vendeve t\u00eb painkuadruara, pran\u00eb Sadatit dhe Nehrut, l\u00ebvizje tejet e r\u00ebnd\u00ebsishme p\u00ebr ekuilibrin bot\u00ebror, n\u00eb koh\u00ebn e luft\u00ebs s\u00eb ftoht\u00eb.\u201d<\/p>\n<p>Pas dy komentator\u00ebve tjer\u00eb del n\u00eb shesh Calatorul dhe thot: \u201eKur lexoj p\u00ebr k\u00ebto gj\u00ebra, rri e mendoj se sa keq kan\u00eb b\u00ebr\u00eb amerik\u00ebant\u00eb q\u00eb nuk i vazhduan bombardimet edhe p\u00ebr dy jav\u00eb, q\u00eb t\u2019i mbshin me mend serb\u00ebt\u201d, nd\u00ebrsa Danieli shton: Un\u00eb them ta njohim pavar\u00ebsin\u00eb e Kosov\u00ebs. Mos mendoni se shqiptar\u00ebt m\u00eb kot jan\u00eb ndar\u00eb. Ishte rezultati i \u201etrajtimit t\u00eb mir\u00eb\u201d t\u00eb cilin serb\u00ebt ua pat\u00ebn aplikuar shqiptar\u00ebve, n\u00eb t\u00eb nj\u00ebjtin stil n\u00eb t\u00eb cilin sot ua aplikojn\u00eb rumun\u00ebve. Serb\u00ebt kan\u00eb luftuar kund\u00ebr gjith\u00eb fqinj\u00ebve t\u00eb tyre. M\u00eb vjen r\u00ebnd\u00eb t\u00eb mendoj se t\u00eb gjith\u00eb ata q\u00eb kan\u00eb krijuar aleanc\u00eb kund\u00ebr serb\u00ebve jan\u00eb budallenj e t\u00eb k\u00ebqinj. Mos vall\u00eb kjo lig\u00ebsi q\u00ebndron te vet\u00eb serb\u00ebt?<\/p>\n<p>Prostu thekson se serb\u00ebt jan\u00eb nj\u00eb popull i p\u00ebrzem\u00ebrt q\u00eb ndizet shpejt dhe q\u00eb i kan\u00eb edhe ata ekstremist\u00ebt e vet. A ju kujtohet atentati i Sarajev\u00ebs, shk\u00ebndija e Luft\u00ebs s\u00eb par\u00eb ballkanike? Jan\u00eb nj\u00eb popull ortodoks i stilit t\u00eb vjet\u00ebr, porsi rus\u00ebt, kurse kishat tona kan\u00eb patur p\u00ebrher\u00eb probleme me kish\u00ebn e tyre. \u00c7\u00ebshtja nuk \u00ebsht\u00eb e djeshme apo e sotme, \u00e7\u00ebshtja e pansllavizmit funksionon edhe te ta, dhe meq\u00eb relacionet tona me Rusin\u00eb nuk jan\u00eb t\u00eb nivelit t\u00eb lart\u00eb, mos pritni lule nga ta. P\u00ebrndryshe, studionie historin\u00eb sepse miq\u00ebsia mes popujve \u00ebsht\u00eb nj\u00eb gogol. Ekzistojn\u00eb vet\u00ebm interesa dhe rrethana, plus, udh\u00ebheq\u00ebs t\u00eb aft\u00eb e t\u00eb paaft\u00eb. Edhe ne e kemi nj\u00eb t\u00eb k\u00ebtill\u00eb\u201d, nd\u00ebrsa Mireca nd\u00ebrhyn: \u201eRumun\u00ebt jan\u00eb v\u00ebllez\u00ebr me serb\u00ebt, por serb\u00ebt nuk jan\u00eb v\u00ebllez\u00ebr me rumun\u00ebt.<\/p>\n<p>Quod erat demonstrandum.\u201d Komentet e lexuesve t\u00eb r\u00ebndomt\u00eb jan\u00eb interesante, 99% antiserbe dhe 1% me karakter proserb. Nj\u00ebfar\u00eb anonimi q\u00eb del vet\u00ebm me shkronj\u00ebn X, hedh nj\u00eb ide t\u00eb mbrapsht\u00eb duke theksuar mes tjerash se \u201eduhet t\u00eb jesh budalla t\u2019u k\u00ebrkosh serb\u00ebve t\u00eb drejta&#8230; I k\u00ebrkuan k\u00ebto edhe ata t\u00eb Kosov\u00ebs dhe shum\u00eb nga ta arrit\u00ebn t\u2019i mbushin varret masive.\u201d Mardare del me nj\u00eb ide defetiste: \u201eJemi trup i turpit t\u00eb t\u00eb gjitha turpeve e t\u00eb mundshme mbi tok\u00eb. M\u00eb kot, mund t\u00eb na shaj\u00eb bota e t\u00eb na vras\u00eb, por rumun\u00ebt nuk jan\u00eb n\u00eb gjendje asnj\u00ebher\u00eb t\u00eb kuptojn\u00eb asgj\u00eb.\u201d Nd\u00ebrsa Timoku ia pret:<\/p>\n<p>\u201eTimoku duhet t\u2019i rikthehet Rumanis\u00eb. Rumuno\/vlleh\u00ebt e atjesh\u00ebm jan\u00eb rumun\u00ebt m\u00eb t\u00eb shtypur. Edhepse jan\u00eb komuniteti m\u00eb i madh nuk kan\u00eb kurrfar\u00eb t\u00eb drejtash. Njashtu si\u00e7 hungarez\u00ebt i kan\u00eb t\u00eb gjitha t\u00eb drejtat n\u00eb Rumani, edhe rumun\u00ebt duhet t\u2019i ken\u00eb t\u00eb drejtat e veta n\u00eb Serbi. P\u00ebrse nuk e krijojn\u00eb Unionin Demokratik t\u00eb Rumun\u00ebve t\u00eb Serbis\u00eb dhe Bullgaris\u00eb?\u201d Pa e anashkaluar k\u00ebt\u00eb subjekt, vlen t\u00eb theksojm\u00eb se n\u00eb zon\u00ebn e Timokut n\u00eb Bullgari, e banuar nga rumun\u00eb, ekziston nj\u00eb lokalitet i njohur me emrin Kosova. Ku \u00ebsht\u00eb interesimi i Memli Krasniqit p\u00ebr revist\u00ebn \u201eKosova\u201d t\u00eb Bukureshtit apo i massmedias kosovare p\u00ebr ta vizituar Kosov\u00ebn n\u00eb Bullgari?<\/p>\n<p>Muz-i shpreh keqardhje pse N\u00ebna (Rumania) nuk ka kurrfar\u00eb intersimi ndaj rumun\u00ebve t\u00eb Timokut, ve\u00e7se kur ngjet ndonj\u00eb incident atje, kurse Adev\u0103rul del me guximin e vet p\u00ebr t\u00eb th\u00ebn\u00eb se rumun\u00ebt e atjesh\u00ebm duhet t\u00eb shkruajn\u00eb n\u00eb testament: \u201eShpartallimi i Serbis\u00eb si shtet\u201d. Doreli del me nj\u00eb ide absurde: \u201eMos u ndizni kaq shpejt se kjo mund t\u00eb jet\u00eb ndonj\u00eb operacion i parapregaditur q\u00eb Rumania ta njoh\u00eb me detyrim Kosov\u00ebn, dhe vet\u00ebm kaq.\u201d N\u00eb kuadrin e subjektit Toleranca e Rumanis\u00eb, Arnautul (respektivisht autori i k\u00ebtij shkrimi) i p\u00ebrgjigjet Dorelit: \u201e Nuk e dim\u00eb n\u00eb Rumania do ta njoh\u00eb Kosov\u00ebn, por e dim\u00eb se Ministria e Jashtme e k\u00ebtij vendi duhet ta thirr\u00eb n\u00eb p\u00ebrgjegj\u00ebsi ambasadorin e Serbis\u00eb n\u00eb Bukuresht.\u201d, nd\u00ebrsa Mona Agrigoroaiei shton:<\/p>\n<p>\u201eDanieli ka t\u00eb drejt\u00eb. Problemi \u00ebsht\u00eb te serb\u00ebt. Serb\u00ebt p\u00ebrnga natyra jan\u00eb shovenist\u00eb dhe duan t\u00eb asimilojn\u00eb \u00e7do popullat\u00eb q\u00eb nuk \u00ebsht\u00eb sllave, sidomos rumun\u00ebt dhe shqiptar\u00ebt. Rumun\u00ebt dhe shqiptar\u00ebt jan\u00eb t\u00eb vetmit q\u00eb ia kan\u00eb rezistuar asimilimit sllav, kurse serb\u00ebt vazhdojn\u00eb t\u2019i diskriminojn\u00eb. Duhet t\u00eb pranojm\u00eb se paqa n\u00eb Ballkan nuk do t\u00eb vendoset ve\u00e7se at\u00ebher\u00eb kur do t\u00eb caktohen kufinjt\u00eb e shteteve etnike. Nj\u00eb Serbi etnike pa Banat\u00ebn, Timoku, Vojvodin\u00ebn dhe Lugin\u00ebn e Preshev\u00ebs, ndoshta do t\u00eb jet\u00eb nj\u00eb Serbi normale dhe pa probleme.\u201d.<\/p>\n<p>N\u00eb vend t\u00eb p\u00ebrfundimit vlen t\u00eb p\u00ebrkujtojm\u00eb kritikun e ndjer\u00eb rumun, Marin Mincu, i cili thoshte se i vjen keq pse nuk \u00ebsht\u00eb shqiptar, duke na e p\u00ebrkujtuar faktin se siv\u00ebllez\u00ebrit e tij rumun\u00eb nga Lugina e Timokut, jan\u00eb serbizuar me t\u00eb madhe, sepse nuk kan\u00eb patur guxim ta mbrojn\u00eb identitetin e tyre si\u00e7 e kan\u00eb mbrojtur shqiptar\u00ebt e Kosov\u00ebs. Edhepse ka edhe komente tjera, vlen t\u00eb p\u00ebrfundojm\u00eb se Serbul (anonim) thekson: \u201eM\u00eb vjen turp pse jam serb! Rumania na ka ofruar mikpritje, shkolla dhe kisha, kurse ne tallemi me v\u00ebllez\u00ebrit tan\u00eb rumun\u00eb n\u00eb Timok dhe Vojvodin\u00eb. N\u00eb koh\u00ebn e Titos nuk ekzistonin ekstremizma dhe terrorizma t\u00eb k\u00ebtilla serbe kund\u00ebr shqiptar\u00ebve, kroat\u00ebve, boshnjak\u00ebve, slloven\u00ebve, kurse kur u b\u00eb lider i Serbis\u00eb nj\u00eb kriminel lufte, Millosheviq, u b\u00ebm\u00eb Delja e Zez\u00eb e Europ\u00ebs. M\u00eb vjen trup q\u00eb jam serb. Prej sot dekalrohem rumun, shqiptar, kroat, slloven, por jo serb.\u201d<\/p>\n<p><strong>BOX<\/strong><br \/>\nMihai Trimi q\u00eb i pranoi 15.000 shqiptar\u00eb t\u00eb kalojn\u00eb Danubin e t\u00eb vendosen n\u00eb Olteni t\u00eb Rumanis\u00eb m\u00eb 1595,<br \/>\np\u00ebr t\u00eb shjp\u00ebtuar nga zullumi osman.<br \/>\nTradita rumune n\u00eb lokalitetin Kosova t\u00eb Bullgaris\u00eb<br \/>\nKostume komb\u00ebtare t\u00eb rumun\u00ebve t\u00eb Timokut<br \/>\nRepublika Autonome e Timokut<br \/>\nPrifti Bojan Alexandrovici q\u00eb hapi kish\u00ebn e par\u00eb rumune n\u00eb Timok, i persekutuar nga autoritete serbe<br \/>\nDeputeti Tudor Pantiru proteston kund\u00ebr sulmeve t\u00eb armatosura serbe ndaj lider\u00ebve rumun\u00eb t\u00eb Timokut dhe Vojvodin\u00ebs<br \/>\nShqiptar\u00ebt e Rumanis\u00eb marshojn\u00eb bulevardeve t\u00eb Bukureshtit n\u00eb shenj\u00eb solidariteti me NATON dhe Kosov\u00ebn (31 mars 1999)<br \/>\nBukuroshe rumune pran\u00eb flamurit shqiptar<\/p>\n<p><strong>ARGUMENT<\/strong><\/p>\n<p>http:\/\/www.hotnews.ro\/stiri-diaspora-10991228-serbia-atacuri-armate-impotriva-liderilor-comunitatii-romanesti-din-timoc-voivodina.htm<\/p>\n<p><strong>Deputatul Tudor Pan\u0163\u00eeru: Condamn cu t\u0103rie atacurile armate \u00eendreptate \u00eempotriva liderilor comunit\u0103\u0163ii rom\u00e2ne\u015fti din Timoc si Voivodina<\/strong><br \/>\n<em>Mar\u0163i, 20 Decembrie 2011 Bucuresti, Romania\/Romanian Global News<\/em><\/p>\n<p>Condamn cu t\u0103rie atacurile armate \u00eendreptate \u00eempotriva liderilor comunit\u0103\u0163ii rom\u00e2ne\u015fti din Timoc \u015fi Voievodina (Serbia). Aceste acte inimaginabile pentru un stat care pretinde s\u0103 adere la Uniunea European\u0103 sunt o consecin\u0163\u0103 direct\u0103 a politicii agresive de asimilare for\u0163at\u0103 dus\u0103 de autorit\u0103\u0163ile s\u00e2rbe, at\u00e2t de cele statale, c\u00e2t \u015fi de cele religioase, se arata intr-o declaratie de presa data de deputatul Tudor Pantaru, in exclusivitate pentru Romanian Global News.<\/p>\n<p>Condamn \u015fi atitudinea la\u015f\u0103 a guvern\u0103rii de la Bucure\u015fti, care vocifereaz\u0103 continuu \u00een sus\u0163inerea suveranit\u0103\u0163ii s\u00e2rbe asupra provinciei Kosovo, dar uit\u0103 s\u0103 apere, cu toate mijloacele legale \u015fi diplomatice, interesele legitime ale rom\u00e2nilor din Serbia. \u00cen aceste condi\u0163ii, cer Guvernului Rom\u00e2niei s\u0103 ini\u0163ieze de urgen\u0163\u0103 o ac\u0163iune \u00eempotriva statului s\u00e2rb la Curtea European\u0103 a Drepturilor Omului, pentru protejarea drepturilor fundamentale ale minorit\u0103\u0163ii rom\u00e2ne din Serbia.<\/p>\n<p>http:\/\/www.rgnpress.ro\/categorii\/politic\/4145-deputatul-tudor-paniru-condamn-cu-trie-atacurile-armate-indreptate-impotriva-liderilor-comunitii-romaneti-din-timoc-si-voivodina.html#Scene_1<\/p>\n","protected":false},"excerpt":{"rendered":"<p>Derisa disa botues tan\u00eb heshtin kur b\u00ebhet fjal\u00eb p\u00ebr sulmet serbe kund\u00ebr rumun\u00ebve t\u00eb Timokut, rumun\u00ebt e mir\u00ebfillt\u00eb e nd\u00ebshkojn\u00eb publikisht q\u00ebndrimin absurd t\u00eb autoriteteve t\u00eb Bukureshtit lidhur me pavar\u00ebsin\u00eb e Kosov\u00ebs. Baki Ymeri Shqiptarizmi u ka mbetur vet\u00ebm idealist\u00ebve, nj\u00eb e v\u00ebrtet\u00eb e dhembshme, prezente gjithandej n\u00eb bot\u00ebn shqiptare dhe diaspor\u00eb. Heroizmi \u00ebsht\u00eb nj\u00eb [&hellip;]<\/p>\n","protected":false},"author":1,"featured_media":0,"comment_status":"open","ping_status":"closed","sticky":false,"template":"","format":"standard","meta":{"footnotes":""},"categories":[2],"tags":[],"class_list":{"0":"post-11542","1":"post","2":"type-post","3":"status-publish","4":"format-standard","6":"category-artikuj"},"yoast_head":"<!-- This site is optimized with the Yoast SEO plugin v27.4 - https:\/\/yoast.com\/product\/yoast-seo-wordpress\/ -->\n<title>Idealizmi shqiptar dhe fashizmi serb - FjALA e LIR\u00cb - Arkivi<\/title>\n<meta name=\"robots\" content=\"index, follow, max-snippet:-1, max-image-preview:large, max-video-preview:-1\" \/>\n<link rel=\"canonical\" href=\"https:\/\/fjala.info\/2009-2015\/idealizmi-shqiptar-dhe-fashizmi-serb\/\" \/>\n<meta property=\"og:locale\" content=\"sq_AL\" \/>\n<meta property=\"og:type\" content=\"article\" \/>\n<meta property=\"og:title\" content=\"Idealizmi shqiptar dhe fashizmi serb - FjALA e LIR\u00cb - Arkivi\" \/>\n<meta property=\"og:description\" content=\"Derisa disa botues tan\u00eb heshtin kur b\u00ebhet fjal\u00eb p\u00ebr sulmet serbe kund\u00ebr rumun\u00ebve t\u00eb Timokut, rumun\u00ebt e mir\u00ebfillt\u00eb e nd\u00ebshkojn\u00eb publikisht q\u00ebndrimin absurd t\u00eb autoriteteve t\u00eb Bukureshtit lidhur me pavar\u00ebsin\u00eb e Kosov\u00ebs. Baki Ymeri Shqiptarizmi u ka mbetur vet\u00ebm idealist\u00ebve, nj\u00eb e v\u00ebrtet\u00eb e dhembshme, prezente gjithandej n\u00eb bot\u00ebn shqiptare dhe diaspor\u00eb. Heroizmi \u00ebsht\u00eb nj\u00eb [&hellip;]\" \/>\n<meta property=\"og:url\" content=\"https:\/\/fjala.info\/2009-2015\/idealizmi-shqiptar-dhe-fashizmi-serb\/\" \/>\n<meta property=\"og:site_name\" content=\"FjALA e LIR\u00cb - Arkivi\" \/>\n<meta property=\"article:published_time\" content=\"2011-12-25T20:40:41+00:00\" \/>\n<meta property=\"og:image\" content=\"http:\/\/www.shkoder.net\/images\/fjala\/baki_ymeri.jpg\" \/>\n<meta name=\"author\" content=\"admin\" \/>\n<meta name=\"twitter:card\" content=\"summary_large_image\" \/>\n<meta name=\"twitter:label1\" content=\"Written by\" \/>\n\t<meta name=\"twitter:data1\" content=\"admin\" \/>\n\t<meta name=\"twitter:label2\" content=\"Est. reading time\" \/>\n\t<meta name=\"twitter:data2\" content=\"20 minutes\" \/>\n<script type=\"application\/ld+json\" class=\"yoast-schema-graph\">{\"@context\":\"https:\\\/\\\/schema.org\",\"@graph\":[{\"@type\":\"Article\",\"@id\":\"https:\\\/\\\/fjala.info\\\/2009-2015\\\/idealizmi-shqiptar-dhe-fashizmi-serb\\\/#article\",\"isPartOf\":{\"@id\":\"https:\\\/\\\/fjala.info\\\/2009-2015\\\/idealizmi-shqiptar-dhe-fashizmi-serb\\\/\"},\"author\":{\"name\":\"admin\",\"@id\":\"https:\\\/\\\/fjala.info\\\/2009-2015\\\/#\\\/schema\\\/person\\\/3aa1163ef05469c496fc94e77611ada2\"},\"headline\":\"Idealizmi shqiptar dhe fashizmi serb\",\"datePublished\":\"2011-12-25T20:40:41+00:00\",\"mainEntityOfPage\":{\"@id\":\"https:\\\/\\\/fjala.info\\\/2009-2015\\\/idealizmi-shqiptar-dhe-fashizmi-serb\\\/\"},\"wordCount\":4045,\"commentCount\":0,\"publisher\":{\"@id\":\"https:\\\/\\\/fjala.info\\\/2009-2015\\\/#organization\"},\"image\":{\"@id\":\"https:\\\/\\\/fjala.info\\\/2009-2015\\\/idealizmi-shqiptar-dhe-fashizmi-serb\\\/#primaryimage\"},\"thumbnailUrl\":\"http:\\\/\\\/www.shkoder.net\\\/images\\\/fjala\\\/baki_ymeri.jpg\",\"articleSection\":[\"Artikuj\"],\"inLanguage\":\"sq-AL\",\"potentialAction\":[{\"@type\":\"CommentAction\",\"name\":\"Comment\",\"target\":[\"https:\\\/\\\/fjala.info\\\/2009-2015\\\/idealizmi-shqiptar-dhe-fashizmi-serb\\\/#respond\"]}]},{\"@type\":\"WebPage\",\"@id\":\"https:\\\/\\\/fjala.info\\\/2009-2015\\\/idealizmi-shqiptar-dhe-fashizmi-serb\\\/\",\"url\":\"https:\\\/\\\/fjala.info\\\/2009-2015\\\/idealizmi-shqiptar-dhe-fashizmi-serb\\\/\",\"name\":\"Idealizmi shqiptar dhe fashizmi serb - FjALA e LIR\u00cb - Arkivi\",\"isPartOf\":{\"@id\":\"https:\\\/\\\/fjala.info\\\/2009-2015\\\/#website\"},\"primaryImageOfPage\":{\"@id\":\"https:\\\/\\\/fjala.info\\\/2009-2015\\\/idealizmi-shqiptar-dhe-fashizmi-serb\\\/#primaryimage\"},\"image\":{\"@id\":\"https:\\\/\\\/fjala.info\\\/2009-2015\\\/idealizmi-shqiptar-dhe-fashizmi-serb\\\/#primaryimage\"},\"thumbnailUrl\":\"http:\\\/\\\/www.shkoder.net\\\/images\\\/fjala\\\/baki_ymeri.jpg\",\"datePublished\":\"2011-12-25T20:40:41+00:00\",\"breadcrumb\":{\"@id\":\"https:\\\/\\\/fjala.info\\\/2009-2015\\\/idealizmi-shqiptar-dhe-fashizmi-serb\\\/#breadcrumb\"},\"inLanguage\":\"sq-AL\",\"potentialAction\":[{\"@type\":\"ReadAction\",\"target\":[\"https:\\\/\\\/fjala.info\\\/2009-2015\\\/idealizmi-shqiptar-dhe-fashizmi-serb\\\/\"]}]},{\"@type\":\"ImageObject\",\"inLanguage\":\"sq-AL\",\"@id\":\"https:\\\/\\\/fjala.info\\\/2009-2015\\\/idealizmi-shqiptar-dhe-fashizmi-serb\\\/#primaryimage\",\"url\":\"http:\\\/\\\/www.shkoder.net\\\/images\\\/fjala\\\/baki_ymeri.jpg\",\"contentUrl\":\"http:\\\/\\\/www.shkoder.net\\\/images\\\/fjala\\\/baki_ymeri.jpg\"},{\"@type\":\"BreadcrumbList\",\"@id\":\"https:\\\/\\\/fjala.info\\\/2009-2015\\\/idealizmi-shqiptar-dhe-fashizmi-serb\\\/#breadcrumb\",\"itemListElement\":[{\"@type\":\"ListItem\",\"position\":1,\"name\":\"Home\",\"item\":\"https:\\\/\\\/fjala.info\\\/2009-2015\\\/\"},{\"@type\":\"ListItem\",\"position\":2,\"name\":\"Idealizmi shqiptar dhe fashizmi serb\"}]},{\"@type\":\"WebSite\",\"@id\":\"https:\\\/\\\/fjala.info\\\/2009-2015\\\/#website\",\"url\":\"https:\\\/\\\/fjala.info\\\/2009-2015\\\/\",\"name\":\"FjALA e LIR\u00cb - Arkivi\",\"description\":\"Arkivi 2009-2015\",\"publisher\":{\"@id\":\"https:\\\/\\\/fjala.info\\\/2009-2015\\\/#organization\"},\"potentialAction\":[{\"@type\":\"SearchAction\",\"target\":{\"@type\":\"EntryPoint\",\"urlTemplate\":\"https:\\\/\\\/fjala.info\\\/2009-2015\\\/?s={search_term_string}\"},\"query-input\":{\"@type\":\"PropertyValueSpecification\",\"valueRequired\":true,\"valueName\":\"search_term_string\"}}],\"inLanguage\":\"sq-AL\"},{\"@type\":\"Organization\",\"@id\":\"https:\\\/\\\/fjala.info\\\/2009-2015\\\/#organization\",\"name\":\"FjALA e LIR\u00cb - Arkivi\",\"url\":\"https:\\\/\\\/fjala.info\\\/2009-2015\\\/\",\"logo\":{\"@type\":\"ImageObject\",\"inLanguage\":\"sq-AL\",\"@id\":\"https:\\\/\\\/fjala.info\\\/2009-2015\\\/#\\\/schema\\\/logo\\\/image\\\/\",\"url\":\"\",\"contentUrl\":\"\",\"caption\":\"FjALA e LIR\u00cb - Arkivi\"},\"image\":{\"@id\":\"https:\\\/\\\/fjala.info\\\/2009-2015\\\/#\\\/schema\\\/logo\\\/image\\\/\"}},{\"@type\":\"Person\",\"@id\":\"https:\\\/\\\/fjala.info\\\/2009-2015\\\/#\\\/schema\\\/person\\\/3aa1163ef05469c496fc94e77611ada2\",\"name\":\"admin\",\"image\":{\"@type\":\"ImageObject\",\"inLanguage\":\"sq-AL\",\"@id\":\"https:\\\/\\\/fjala.info\\\/2009-2015\\\/wp-content\\\/uploads\\\/2012\\\/02\\\/arben_cokaj-120x150.jpg\",\"url\":\"https:\\\/\\\/fjala.info\\\/2009-2015\\\/wp-content\\\/uploads\\\/2012\\\/02\\\/arben_cokaj-120x150.jpg\",\"contentUrl\":\"https:\\\/\\\/fjala.info\\\/2009-2015\\\/wp-content\\\/uploads\\\/2012\\\/02\\\/arben_cokaj-120x150.jpg\",\"caption\":\"admin\"},\"description\":\"Admin, Fjala e Lir\u00eb\",\"sameAs\":[\"https:\\\/\\\/fjala.info\\\/\"],\"url\":\"https:\\\/\\\/fjala.info\\\/2009-2015\\\/author\\\/admin\\\/\"}]}<\/script>\n<!-- \/ Yoast SEO plugin. -->","yoast_head_json":{"title":"Idealizmi shqiptar dhe fashizmi serb - FjALA e LIR\u00cb - Arkivi","robots":{"index":"index","follow":"follow","max-snippet":"max-snippet:-1","max-image-preview":"max-image-preview:large","max-video-preview":"max-video-preview:-1"},"canonical":"https:\/\/fjala.info\/2009-2015\/idealizmi-shqiptar-dhe-fashizmi-serb\/","og_locale":"sq_AL","og_type":"article","og_title":"Idealizmi shqiptar dhe fashizmi serb - FjALA e LIR\u00cb - Arkivi","og_description":"Derisa disa botues tan\u00eb heshtin kur b\u00ebhet fjal\u00eb p\u00ebr sulmet serbe kund\u00ebr rumun\u00ebve t\u00eb Timokut, rumun\u00ebt e mir\u00ebfillt\u00eb e nd\u00ebshkojn\u00eb publikisht q\u00ebndrimin absurd t\u00eb autoriteteve t\u00eb Bukureshtit lidhur me pavar\u00ebsin\u00eb e Kosov\u00ebs. Baki Ymeri Shqiptarizmi u ka mbetur vet\u00ebm idealist\u00ebve, nj\u00eb e v\u00ebrtet\u00eb e dhembshme, prezente gjithandej n\u00eb bot\u00ebn shqiptare dhe diaspor\u00eb. Heroizmi \u00ebsht\u00eb nj\u00eb [&hellip;]","og_url":"https:\/\/fjala.info\/2009-2015\/idealizmi-shqiptar-dhe-fashizmi-serb\/","og_site_name":"FjALA e LIR\u00cb - Arkivi","article_published_time":"2011-12-25T20:40:41+00:00","og_image":[{"url":"http:\/\/www.shkoder.net\/images\/fjala\/baki_ymeri.jpg","type":"","width":"","height":""}],"author":"admin","twitter_card":"summary_large_image","twitter_misc":{"Written by":"admin","Est. reading time":"20 minutes"},"schema":{"@context":"https:\/\/schema.org","@graph":[{"@type":"Article","@id":"https:\/\/fjala.info\/2009-2015\/idealizmi-shqiptar-dhe-fashizmi-serb\/#article","isPartOf":{"@id":"https:\/\/fjala.info\/2009-2015\/idealizmi-shqiptar-dhe-fashizmi-serb\/"},"author":{"name":"admin","@id":"https:\/\/fjala.info\/2009-2015\/#\/schema\/person\/3aa1163ef05469c496fc94e77611ada2"},"headline":"Idealizmi shqiptar dhe fashizmi serb","datePublished":"2011-12-25T20:40:41+00:00","mainEntityOfPage":{"@id":"https:\/\/fjala.info\/2009-2015\/idealizmi-shqiptar-dhe-fashizmi-serb\/"},"wordCount":4045,"commentCount":0,"publisher":{"@id":"https:\/\/fjala.info\/2009-2015\/#organization"},"image":{"@id":"https:\/\/fjala.info\/2009-2015\/idealizmi-shqiptar-dhe-fashizmi-serb\/#primaryimage"},"thumbnailUrl":"http:\/\/www.shkoder.net\/images\/fjala\/baki_ymeri.jpg","articleSection":["Artikuj"],"inLanguage":"sq-AL","potentialAction":[{"@type":"CommentAction","name":"Comment","target":["https:\/\/fjala.info\/2009-2015\/idealizmi-shqiptar-dhe-fashizmi-serb\/#respond"]}]},{"@type":"WebPage","@id":"https:\/\/fjala.info\/2009-2015\/idealizmi-shqiptar-dhe-fashizmi-serb\/","url":"https:\/\/fjala.info\/2009-2015\/idealizmi-shqiptar-dhe-fashizmi-serb\/","name":"Idealizmi shqiptar dhe fashizmi serb - FjALA e LIR\u00cb - Arkivi","isPartOf":{"@id":"https:\/\/fjala.info\/2009-2015\/#website"},"primaryImageOfPage":{"@id":"https:\/\/fjala.info\/2009-2015\/idealizmi-shqiptar-dhe-fashizmi-serb\/#primaryimage"},"image":{"@id":"https:\/\/fjala.info\/2009-2015\/idealizmi-shqiptar-dhe-fashizmi-serb\/#primaryimage"},"thumbnailUrl":"http:\/\/www.shkoder.net\/images\/fjala\/baki_ymeri.jpg","datePublished":"2011-12-25T20:40:41+00:00","breadcrumb":{"@id":"https:\/\/fjala.info\/2009-2015\/idealizmi-shqiptar-dhe-fashizmi-serb\/#breadcrumb"},"inLanguage":"sq-AL","potentialAction":[{"@type":"ReadAction","target":["https:\/\/fjala.info\/2009-2015\/idealizmi-shqiptar-dhe-fashizmi-serb\/"]}]},{"@type":"ImageObject","inLanguage":"sq-AL","@id":"https:\/\/fjala.info\/2009-2015\/idealizmi-shqiptar-dhe-fashizmi-serb\/#primaryimage","url":"http:\/\/www.shkoder.net\/images\/fjala\/baki_ymeri.jpg","contentUrl":"http:\/\/www.shkoder.net\/images\/fjala\/baki_ymeri.jpg"},{"@type":"BreadcrumbList","@id":"https:\/\/fjala.info\/2009-2015\/idealizmi-shqiptar-dhe-fashizmi-serb\/#breadcrumb","itemListElement":[{"@type":"ListItem","position":1,"name":"Home","item":"https:\/\/fjala.info\/2009-2015\/"},{"@type":"ListItem","position":2,"name":"Idealizmi shqiptar dhe fashizmi serb"}]},{"@type":"WebSite","@id":"https:\/\/fjala.info\/2009-2015\/#website","url":"https:\/\/fjala.info\/2009-2015\/","name":"FjALA e LIR\u00cb - Arkivi","description":"Arkivi 2009-2015","publisher":{"@id":"https:\/\/fjala.info\/2009-2015\/#organization"},"potentialAction":[{"@type":"SearchAction","target":{"@type":"EntryPoint","urlTemplate":"https:\/\/fjala.info\/2009-2015\/?s={search_term_string}"},"query-input":{"@type":"PropertyValueSpecification","valueRequired":true,"valueName":"search_term_string"}}],"inLanguage":"sq-AL"},{"@type":"Organization","@id":"https:\/\/fjala.info\/2009-2015\/#organization","name":"FjALA e LIR\u00cb - Arkivi","url":"https:\/\/fjala.info\/2009-2015\/","logo":{"@type":"ImageObject","inLanguage":"sq-AL","@id":"https:\/\/fjala.info\/2009-2015\/#\/schema\/logo\/image\/","url":"","contentUrl":"","caption":"FjALA e LIR\u00cb - Arkivi"},"image":{"@id":"https:\/\/fjala.info\/2009-2015\/#\/schema\/logo\/image\/"}},{"@type":"Person","@id":"https:\/\/fjala.info\/2009-2015\/#\/schema\/person\/3aa1163ef05469c496fc94e77611ada2","name":"admin","image":{"@type":"ImageObject","inLanguage":"sq-AL","@id":"https:\/\/fjala.info\/2009-2015\/wp-content\/uploads\/2012\/02\/arben_cokaj-120x150.jpg","url":"https:\/\/fjala.info\/2009-2015\/wp-content\/uploads\/2012\/02\/arben_cokaj-120x150.jpg","contentUrl":"https:\/\/fjala.info\/2009-2015\/wp-content\/uploads\/2012\/02\/arben_cokaj-120x150.jpg","caption":"admin"},"description":"Admin, Fjala e Lir\u00eb","sameAs":["https:\/\/fjala.info\/"],"url":"https:\/\/fjala.info\/2009-2015\/author\/admin\/"}]}},"_links":{"self":[{"href":"https:\/\/fjala.info\/2009-2015\/wp-json\/wp\/v2\/posts\/11542","targetHints":{"allow":["GET"]}}],"collection":[{"href":"https:\/\/fjala.info\/2009-2015\/wp-json\/wp\/v2\/posts"}],"about":[{"href":"https:\/\/fjala.info\/2009-2015\/wp-json\/wp\/v2\/types\/post"}],"author":[{"embeddable":true,"href":"https:\/\/fjala.info\/2009-2015\/wp-json\/wp\/v2\/users\/1"}],"replies":[{"embeddable":true,"href":"https:\/\/fjala.info\/2009-2015\/wp-json\/wp\/v2\/comments?post=11542"}],"version-history":[{"count":0,"href":"https:\/\/fjala.info\/2009-2015\/wp-json\/wp\/v2\/posts\/11542\/revisions"}],"wp:attachment":[{"href":"https:\/\/fjala.info\/2009-2015\/wp-json\/wp\/v2\/media?parent=11542"}],"wp:term":[{"taxonomy":"category","embeddable":true,"href":"https:\/\/fjala.info\/2009-2015\/wp-json\/wp\/v2\/categories?post=11542"},{"taxonomy":"post_tag","embeddable":true,"href":"https:\/\/fjala.info\/2009-2015\/wp-json\/wp\/v2\/tags?post=11542"}],"curies":[{"name":"wp","href":"https:\/\/api.w.org\/{rel}","templated":true}]}}