{"id":11541,"date":"2011-12-25T17:53:28","date_gmt":"2011-12-25T16:53:28","guid":{"rendered":"http:\/\/fjala.shkoder.net\/?p=758"},"modified":"2011-12-25T17:53:28","modified_gmt":"2011-12-25T16:53:28","slug":"a-kind-request-to-join-me-in-a-musical-journey","status":"publish","type":"post","link":"https:\/\/fjala.info\/2009-2015\/a-kind-request-to-join-me-in-a-musical-journey\/","title":{"rendered":"Edhe ju mund t\u00eb bashkoheni me mua n\u00eb nj\u00eb &#8220;udh\u00ebtim&#8221; muzikor &#8211; A kind request to join me in a musical journey"},"content":{"rendered":"<p><img decoding=\"async\" class=\"alignright size-thumbnail wp-image-7236\" title=\"Maldi K\u00eblli\u00e7i\" src=\"http:\/\/www.shkoder.net\/images\/fjala\/2011\/maldi_kellici.jpg\" alt=\"\" width=\"300\" \/> <strong>Maldi K\u00eblli\u00e7i<\/strong>,<br \/>\n<em>maldi.k@gmail.com<\/em><\/p>\n<p><strong>P\u00ebrmes k\u00ebsaj k\u00ebrkese edhe ju ndoshta mund t\u00eb bashkoheni me mua n\u00eb nj\u00eb &#8220;udh\u00ebtim&#8221; muzikor<\/strong><\/p>\n<p>T\u00eb dashur miq,<\/p>\n<p>Un\u00eb jam shum\u00eb e ngaz\u00ebllyer p\u00ebr t\u00eb ndar\u00eb me ju projektin tim t\u00eb ri, dhe un\u00eb do t\u00eb doja p\u00ebr ju q\u00eb t\u00eb b\u00ebheni edhe ju pjes\u00eb e saj. Un\u00eb k\u00ebrkoj falje paraprakisht n\u00ebse un\u00eb kam ndar\u00eb m\u00eb par\u00eb k\u00ebt\u00eb k\u00ebrkes\u00eb me ju n\u00eb Facebook, dhe shpresoj\u00eb q\u00eb ju do t\u00eb bashkoheni me mua duke m\u00eb mir\u00ebkuptuar.<\/p>\n<p>Si\u00e7 mund ta dini, gjat\u00eb k\u00ebtyre 5 viteve t\u00eb fundit un\u00eb kam qen\u00eb i mb\u00ebrthyer n\u00eb nj\u00eb ide timin q\u00eb n\u00eb thelb ka pasur at\u00eb p\u00ebr t\u00eb mos humbur identitetin tim muzikor\u00eb. N\u00eb nj\u00eb far\u00eb m\u00ebnyre t\u00eb gjitha ato q\u00eb un\u00eb kisha jetuar, duket se m\u00eb ishin b\u00ebr\u00eb nj\u00eb &#8220;barr\u00eb&#8221; p\u00ebr m\u00eb tep\u00ebr se nj\u00eb dit\u00eb duhej t&#8217;i kthehesha muzik\u00ebs. Fatmir\u00ebsisht kam rizbuluar muzik\u00ebn p\u00ebrs\u00ebri me nx\u00ebn\u00ebsit e mi. Gjat\u00eb 4 viteve t\u00eb fundit, un\u00eb kam m\u00ebsuar shum\u00eb m\u00eb tep\u00ebr prej tyre ngase ata kan\u00eb m\u00ebsuar nga un\u00eb, dhe un\u00eb gjithmon\u00eb do t\u00eb jem\u00eb borxhli ndaj tyre p\u00ebr k\u00ebt\u00eb.<\/p>\n<p><iframe loading=\"lazy\" src=\"http:\/\/www.youtube.com\/embed\/wsfOi3-9Hi8\" frameborder=\"0\" width=\"500\" height=\"300\"><\/iframe><\/p>\n<p>P\u00ebr t\u00eb m\u00ebsuar m\u00eb shum\u00eb p\u00ebr k\u00ebt\u00eb projekt, ju lutem vizitoni faqen ton\u00eb KickStarter m\u00eb posht\u00eb.<\/p>\n<p><a href=\"http:\/\/www.kickstarter.com\/projects\/theoffchance\/join-us-in-our-musical-journey\">http:\/\/www.kickstarter.com\/projects\/theoffchance\/join-us-in-our-musical-journey<\/a><\/p>\n<p>Ju mund t\u00eb na ndihmoj\u00eb n\u00eb p\u00ebrhapjen e k\u00ebtij mesazhi duke e ndar\u00eb k\u00ebt\u00eb me miqt\u00eb tuaj, f\u00ebmij\u00ebt, prind\u00ebrit dhe t\u00eb gjith\u00eb ju mendoni dhe d\u00ebshirojn\u00eb t\u00eb jen\u00eb pjes\u00eb e saj. Ju mund t\u00eb na ndihmoni gjithashtu edhe n\u00ebp\u00ebrmjet faqes ton\u00eb n\u00eb twitter dhe FB:<\/p>\n<p><a href=\"http:\/\/www.facebook.com\/TheOffChance\">http:\/\/www.facebook.com\/TheOffChance<\/a><br \/>\n@ offchanceband<\/p>\n<p>Dit\u00eb e ardh\u00ebshme m\u00eb shum\u00eb lajme emocionuese do t\u00eb na vijn\u00eb mbi festat, k\u00ebshtu q\u00eb ju lutemi gjeni koh\u00eb p\u00ebr t\u00eb mbajtur nj\u00eb sy dhe t\u00eb na ndihmoni n\u00ebp\u00ebrmjet faqes ton\u00eb t\u00eb internetit si m\u00eb lart:)<\/p>\n<p>ngroht\u00ebsisht,<br \/>\n<strong>Maldi K\u00ebllici<\/strong><br \/>\n<a href=\"http:\/\/www.maldikellici.com\">www.maldikellici.com<\/a><\/p>\n<p>&#8212;&#8212;&#8212;&#8212;&#8212;&#8212;&#8212;&#8212;&#8212;&#8212;&#8212;&#8212;&#8212;&#8212;&#8212;&#8212;&#8212;&#8212;&#8212;&#8212;-<\/p>\n<p>Dear friends,<\/p>\n<p>I&#8217;m very excited to share with you my new project, and I would like for you to be part of it. I apologize in advance if I&#8217;ve already shared this with you on Facebook, and hope you&#8217;ll bare with me.<\/p>\n<p>As you may know, over that last 5 years I&#8217;d been stuck in a rut and basically lost my musical identity. Somehow all that I&#8217;d lived, eaten and breathed for had become a burden rather than the outlet. Thankfully I rediscovered music again through my students. Over the last 4 years, I&#8217;ve learned a lot more from them and than they&#8217;ve learned from me, and I will always be indebted to them for that.<\/p>\n<p>To learn more about this project, please visit our KickStarter page below.<\/p>\n<p><a href=\"http:\/\/www.kickstarter.com\/projects\/theoffchance\/join-us-in-our-musical-journey\">http:\/\/www.kickstarter.com\/projects\/theoffchance\/join-us-in-our-musical-journey<\/a><\/p>\n<p>You can help us spread the word by sharing this with your friends, kids, parents and anyone you feel would like to be part of it. You can additionally help us out by &#8220;liking&#8221; our page and following us on twitter:<\/p>\n<p><a href=\"http:\/\/www.facebook.com\/TheOffChance\">http:\/\/www.facebook.com\/TheOffChance<\/a><br \/>\n@offchanceband<\/p>\n<p>More exciting news to come in the next few days and over the holidays, so please keep an eye out on our pages \ud83d\ude42<\/p>\n<p>Warmly,<\/p>\n<p>Maldi<br \/>\n<a href=\"http:\/\/www.maldikellici.com\">www.maldikellici.com<\/a><\/p>\n","protected":false},"excerpt":{"rendered":"<p>Maldi K\u00eblli\u00e7i, maldi.k@gmail.com P\u00ebrmes k\u00ebsaj k\u00ebrkese edhe ju ndoshta mund t\u00eb bashkoheni me mua n\u00eb nj\u00eb &#8220;udh\u00ebtim&#8221; muzikor T\u00eb dashur miq, Un\u00eb jam shum\u00eb e ngaz\u00ebllyer p\u00ebr t\u00eb ndar\u00eb me ju projektin tim t\u00eb ri, dhe un\u00eb do t\u00eb doja p\u00ebr ju q\u00eb t\u00eb b\u00ebheni edhe ju pjes\u00eb e saj. Un\u00eb k\u00ebrkoj falje paraprakisht n\u00ebse [&hellip;]<\/p>\n","protected":false},"author":1,"featured_media":0,"comment_status":"open","ping_status":"closed","sticky":false,"template":"","format":"standard","meta":{"footnotes":""},"categories":[5],"tags":[],"class_list":{"0":"post-11541","1":"post","2":"type-post","3":"status-publish","4":"format-standard","6":"category-lajme"},"yoast_head":"<!-- This site is optimized with the Yoast SEO plugin v27.4 - https:\/\/yoast.com\/product\/yoast-seo-wordpress\/ -->\n<title>Edhe ju mund t\u00eb bashkoheni me mua n\u00eb nj\u00eb &quot;udh\u00ebtim&quot; muzikor - A kind request to join me in a musical journey - FjALA e LIR\u00cb - Arkivi<\/title>\n<meta name=\"robots\" content=\"index, follow, max-snippet:-1, max-image-preview:large, max-video-preview:-1\" \/>\n<link rel=\"canonical\" href=\"https:\/\/fjala.info\/2009-2015\/a-kind-request-to-join-me-in-a-musical-journey\/\" \/>\n<meta property=\"og:locale\" content=\"sq_AL\" \/>\n<meta property=\"og:type\" content=\"article\" \/>\n<meta property=\"og:title\" content=\"Edhe ju mund t\u00eb bashkoheni me mua n\u00eb nj\u00eb &quot;udh\u00ebtim&quot; muzikor - A kind request to join me in a musical journey - FjALA e LIR\u00cb - Arkivi\" \/>\n<meta property=\"og:description\" content=\"Maldi K\u00eblli\u00e7i, maldi.k@gmail.com P\u00ebrmes k\u00ebsaj k\u00ebrkese edhe ju ndoshta mund t\u00eb bashkoheni me mua n\u00eb nj\u00eb &#8220;udh\u00ebtim&#8221; muzikor T\u00eb dashur miq, Un\u00eb jam shum\u00eb e ngaz\u00ebllyer p\u00ebr t\u00eb ndar\u00eb me ju projektin tim t\u00eb ri, dhe un\u00eb do t\u00eb doja p\u00ebr ju q\u00eb t\u00eb b\u00ebheni edhe ju pjes\u00eb e saj. Un\u00eb k\u00ebrkoj falje paraprakisht n\u00ebse [&hellip;]\" \/>\n<meta property=\"og:url\" content=\"https:\/\/fjala.info\/2009-2015\/a-kind-request-to-join-me-in-a-musical-journey\/\" \/>\n<meta property=\"og:site_name\" content=\"FjALA e LIR\u00cb - Arkivi\" \/>\n<meta property=\"article:published_time\" content=\"2011-12-25T16:53:28+00:00\" \/>\n<meta property=\"og:image\" content=\"http:\/\/www.shkoder.net\/images\/fjala\/2011\/maldi_kellici.jpg\" \/>\n<meta name=\"author\" content=\"admin\" \/>\n<meta name=\"twitter:card\" content=\"summary_large_image\" \/>\n<meta name=\"twitter:label1\" content=\"Written by\" \/>\n\t<meta name=\"twitter:data1\" content=\"admin\" \/>\n\t<meta name=\"twitter:label2\" content=\"Est. reading time\" \/>\n\t<meta name=\"twitter:data2\" content=\"3 minutes\" \/>\n<script type=\"application\/ld+json\" class=\"yoast-schema-graph\">{\"@context\":\"https:\\\/\\\/schema.org\",\"@graph\":[{\"@type\":\"Article\",\"@id\":\"https:\\\/\\\/fjala.info\\\/2009-2015\\\/a-kind-request-to-join-me-in-a-musical-journey\\\/#article\",\"isPartOf\":{\"@id\":\"https:\\\/\\\/fjala.info\\\/2009-2015\\\/a-kind-request-to-join-me-in-a-musical-journey\\\/\"},\"author\":{\"name\":\"admin\",\"@id\":\"https:\\\/\\\/fjala.info\\\/2009-2015\\\/#\\\/schema\\\/person\\\/3aa1163ef05469c496fc94e77611ada2\"},\"headline\":\"Edhe ju mund t\u00eb bashkoheni me mua n\u00eb nj\u00eb &#8220;udh\u00ebtim&#8221; muzikor &#8211; A kind request to join me in a musical journey\",\"datePublished\":\"2011-12-25T16:53:28+00:00\",\"mainEntityOfPage\":{\"@id\":\"https:\\\/\\\/fjala.info\\\/2009-2015\\\/a-kind-request-to-join-me-in-a-musical-journey\\\/\"},\"wordCount\":588,\"commentCount\":0,\"publisher\":{\"@id\":\"https:\\\/\\\/fjala.info\\\/2009-2015\\\/#organization\"},\"image\":{\"@id\":\"https:\\\/\\\/fjala.info\\\/2009-2015\\\/a-kind-request-to-join-me-in-a-musical-journey\\\/#primaryimage\"},\"thumbnailUrl\":\"http:\\\/\\\/www.shkoder.net\\\/images\\\/fjala\\\/2011\\\/maldi_kellici.jpg\",\"articleSection\":[\"Lajme\"],\"inLanguage\":\"sq-AL\",\"potentialAction\":[{\"@type\":\"CommentAction\",\"name\":\"Comment\",\"target\":[\"https:\\\/\\\/fjala.info\\\/2009-2015\\\/a-kind-request-to-join-me-in-a-musical-journey\\\/#respond\"]}]},{\"@type\":\"WebPage\",\"@id\":\"https:\\\/\\\/fjala.info\\\/2009-2015\\\/a-kind-request-to-join-me-in-a-musical-journey\\\/\",\"url\":\"https:\\\/\\\/fjala.info\\\/2009-2015\\\/a-kind-request-to-join-me-in-a-musical-journey\\\/\",\"name\":\"Edhe ju mund t\u00eb bashkoheni me mua n\u00eb nj\u00eb \\\"udh\u00ebtim\\\" muzikor - A kind request to join me in a musical journey - FjALA e LIR\u00cb - Arkivi\",\"isPartOf\":{\"@id\":\"https:\\\/\\\/fjala.info\\\/2009-2015\\\/#website\"},\"primaryImageOfPage\":{\"@id\":\"https:\\\/\\\/fjala.info\\\/2009-2015\\\/a-kind-request-to-join-me-in-a-musical-journey\\\/#primaryimage\"},\"image\":{\"@id\":\"https:\\\/\\\/fjala.info\\\/2009-2015\\\/a-kind-request-to-join-me-in-a-musical-journey\\\/#primaryimage\"},\"thumbnailUrl\":\"http:\\\/\\\/www.shkoder.net\\\/images\\\/fjala\\\/2011\\\/maldi_kellici.jpg\",\"datePublished\":\"2011-12-25T16:53:28+00:00\",\"breadcrumb\":{\"@id\":\"https:\\\/\\\/fjala.info\\\/2009-2015\\\/a-kind-request-to-join-me-in-a-musical-journey\\\/#breadcrumb\"},\"inLanguage\":\"sq-AL\",\"potentialAction\":[{\"@type\":\"ReadAction\",\"target\":[\"https:\\\/\\\/fjala.info\\\/2009-2015\\\/a-kind-request-to-join-me-in-a-musical-journey\\\/\"]}]},{\"@type\":\"ImageObject\",\"inLanguage\":\"sq-AL\",\"@id\":\"https:\\\/\\\/fjala.info\\\/2009-2015\\\/a-kind-request-to-join-me-in-a-musical-journey\\\/#primaryimage\",\"url\":\"http:\\\/\\\/www.shkoder.net\\\/images\\\/fjala\\\/2011\\\/maldi_kellici.jpg\",\"contentUrl\":\"http:\\\/\\\/www.shkoder.net\\\/images\\\/fjala\\\/2011\\\/maldi_kellici.jpg\"},{\"@type\":\"BreadcrumbList\",\"@id\":\"https:\\\/\\\/fjala.info\\\/2009-2015\\\/a-kind-request-to-join-me-in-a-musical-journey\\\/#breadcrumb\",\"itemListElement\":[{\"@type\":\"ListItem\",\"position\":1,\"name\":\"Home\",\"item\":\"https:\\\/\\\/fjala.info\\\/2009-2015\\\/\"},{\"@type\":\"ListItem\",\"position\":2,\"name\":\"Edhe ju mund t\u00eb bashkoheni me mua n\u00eb nj\u00eb &#8220;udh\u00ebtim&#8221; muzikor &#8211; A kind request to join me in a musical journey\"}]},{\"@type\":\"WebSite\",\"@id\":\"https:\\\/\\\/fjala.info\\\/2009-2015\\\/#website\",\"url\":\"https:\\\/\\\/fjala.info\\\/2009-2015\\\/\",\"name\":\"FjALA e LIR\u00cb - Arkivi\",\"description\":\"Arkivi 2009-2015\",\"publisher\":{\"@id\":\"https:\\\/\\\/fjala.info\\\/2009-2015\\\/#organization\"},\"potentialAction\":[{\"@type\":\"SearchAction\",\"target\":{\"@type\":\"EntryPoint\",\"urlTemplate\":\"https:\\\/\\\/fjala.info\\\/2009-2015\\\/?s={search_term_string}\"},\"query-input\":{\"@type\":\"PropertyValueSpecification\",\"valueRequired\":true,\"valueName\":\"search_term_string\"}}],\"inLanguage\":\"sq-AL\"},{\"@type\":\"Organization\",\"@id\":\"https:\\\/\\\/fjala.info\\\/2009-2015\\\/#organization\",\"name\":\"FjALA e LIR\u00cb - Arkivi\",\"url\":\"https:\\\/\\\/fjala.info\\\/2009-2015\\\/\",\"logo\":{\"@type\":\"ImageObject\",\"inLanguage\":\"sq-AL\",\"@id\":\"https:\\\/\\\/fjala.info\\\/2009-2015\\\/#\\\/schema\\\/logo\\\/image\\\/\",\"url\":\"\",\"contentUrl\":\"\",\"caption\":\"FjALA e LIR\u00cb - Arkivi\"},\"image\":{\"@id\":\"https:\\\/\\\/fjala.info\\\/2009-2015\\\/#\\\/schema\\\/logo\\\/image\\\/\"}},{\"@type\":\"Person\",\"@id\":\"https:\\\/\\\/fjala.info\\\/2009-2015\\\/#\\\/schema\\\/person\\\/3aa1163ef05469c496fc94e77611ada2\",\"name\":\"admin\",\"image\":{\"@type\":\"ImageObject\",\"inLanguage\":\"sq-AL\",\"@id\":\"https:\\\/\\\/fjala.info\\\/2009-2015\\\/wp-content\\\/uploads\\\/2012\\\/02\\\/arben_cokaj-120x150.jpg\",\"url\":\"https:\\\/\\\/fjala.info\\\/2009-2015\\\/wp-content\\\/uploads\\\/2012\\\/02\\\/arben_cokaj-120x150.jpg\",\"contentUrl\":\"https:\\\/\\\/fjala.info\\\/2009-2015\\\/wp-content\\\/uploads\\\/2012\\\/02\\\/arben_cokaj-120x150.jpg\",\"caption\":\"admin\"},\"description\":\"Admin, Fjala e Lir\u00eb\",\"sameAs\":[\"https:\\\/\\\/fjala.info\\\/\"],\"url\":\"https:\\\/\\\/fjala.info\\\/2009-2015\\\/author\\\/admin\\\/\"}]}<\/script>\n<!-- \/ Yoast SEO plugin. -->","yoast_head_json":{"title":"Edhe ju mund t\u00eb bashkoheni me mua n\u00eb nj\u00eb \"udh\u00ebtim\" muzikor - A kind request to join me in a musical journey - FjALA e LIR\u00cb - Arkivi","robots":{"index":"index","follow":"follow","max-snippet":"max-snippet:-1","max-image-preview":"max-image-preview:large","max-video-preview":"max-video-preview:-1"},"canonical":"https:\/\/fjala.info\/2009-2015\/a-kind-request-to-join-me-in-a-musical-journey\/","og_locale":"sq_AL","og_type":"article","og_title":"Edhe ju mund t\u00eb bashkoheni me mua n\u00eb nj\u00eb \"udh\u00ebtim\" muzikor - A kind request to join me in a musical journey - FjALA e LIR\u00cb - Arkivi","og_description":"Maldi K\u00eblli\u00e7i, maldi.k@gmail.com P\u00ebrmes k\u00ebsaj k\u00ebrkese edhe ju ndoshta mund t\u00eb bashkoheni me mua n\u00eb nj\u00eb &#8220;udh\u00ebtim&#8221; muzikor T\u00eb dashur miq, Un\u00eb jam shum\u00eb e ngaz\u00ebllyer p\u00ebr t\u00eb ndar\u00eb me ju projektin tim t\u00eb ri, dhe un\u00eb do t\u00eb doja p\u00ebr ju q\u00eb t\u00eb b\u00ebheni edhe ju pjes\u00eb e saj. Un\u00eb k\u00ebrkoj falje paraprakisht n\u00ebse [&hellip;]","og_url":"https:\/\/fjala.info\/2009-2015\/a-kind-request-to-join-me-in-a-musical-journey\/","og_site_name":"FjALA e LIR\u00cb - Arkivi","article_published_time":"2011-12-25T16:53:28+00:00","og_image":[{"url":"http:\/\/www.shkoder.net\/images\/fjala\/2011\/maldi_kellici.jpg","type":"","width":"","height":""}],"author":"admin","twitter_card":"summary_large_image","twitter_misc":{"Written by":"admin","Est. reading time":"3 minutes"},"schema":{"@context":"https:\/\/schema.org","@graph":[{"@type":"Article","@id":"https:\/\/fjala.info\/2009-2015\/a-kind-request-to-join-me-in-a-musical-journey\/#article","isPartOf":{"@id":"https:\/\/fjala.info\/2009-2015\/a-kind-request-to-join-me-in-a-musical-journey\/"},"author":{"name":"admin","@id":"https:\/\/fjala.info\/2009-2015\/#\/schema\/person\/3aa1163ef05469c496fc94e77611ada2"},"headline":"Edhe ju mund t\u00eb bashkoheni me mua n\u00eb nj\u00eb &#8220;udh\u00ebtim&#8221; muzikor &#8211; A kind request to join me in a musical journey","datePublished":"2011-12-25T16:53:28+00:00","mainEntityOfPage":{"@id":"https:\/\/fjala.info\/2009-2015\/a-kind-request-to-join-me-in-a-musical-journey\/"},"wordCount":588,"commentCount":0,"publisher":{"@id":"https:\/\/fjala.info\/2009-2015\/#organization"},"image":{"@id":"https:\/\/fjala.info\/2009-2015\/a-kind-request-to-join-me-in-a-musical-journey\/#primaryimage"},"thumbnailUrl":"http:\/\/www.shkoder.net\/images\/fjala\/2011\/maldi_kellici.jpg","articleSection":["Lajme"],"inLanguage":"sq-AL","potentialAction":[{"@type":"CommentAction","name":"Comment","target":["https:\/\/fjala.info\/2009-2015\/a-kind-request-to-join-me-in-a-musical-journey\/#respond"]}]},{"@type":"WebPage","@id":"https:\/\/fjala.info\/2009-2015\/a-kind-request-to-join-me-in-a-musical-journey\/","url":"https:\/\/fjala.info\/2009-2015\/a-kind-request-to-join-me-in-a-musical-journey\/","name":"Edhe ju mund t\u00eb bashkoheni me mua n\u00eb nj\u00eb \"udh\u00ebtim\" muzikor - A kind request to join me in a musical journey - FjALA e LIR\u00cb - Arkivi","isPartOf":{"@id":"https:\/\/fjala.info\/2009-2015\/#website"},"primaryImageOfPage":{"@id":"https:\/\/fjala.info\/2009-2015\/a-kind-request-to-join-me-in-a-musical-journey\/#primaryimage"},"image":{"@id":"https:\/\/fjala.info\/2009-2015\/a-kind-request-to-join-me-in-a-musical-journey\/#primaryimage"},"thumbnailUrl":"http:\/\/www.shkoder.net\/images\/fjala\/2011\/maldi_kellici.jpg","datePublished":"2011-12-25T16:53:28+00:00","breadcrumb":{"@id":"https:\/\/fjala.info\/2009-2015\/a-kind-request-to-join-me-in-a-musical-journey\/#breadcrumb"},"inLanguage":"sq-AL","potentialAction":[{"@type":"ReadAction","target":["https:\/\/fjala.info\/2009-2015\/a-kind-request-to-join-me-in-a-musical-journey\/"]}]},{"@type":"ImageObject","inLanguage":"sq-AL","@id":"https:\/\/fjala.info\/2009-2015\/a-kind-request-to-join-me-in-a-musical-journey\/#primaryimage","url":"http:\/\/www.shkoder.net\/images\/fjala\/2011\/maldi_kellici.jpg","contentUrl":"http:\/\/www.shkoder.net\/images\/fjala\/2011\/maldi_kellici.jpg"},{"@type":"BreadcrumbList","@id":"https:\/\/fjala.info\/2009-2015\/a-kind-request-to-join-me-in-a-musical-journey\/#breadcrumb","itemListElement":[{"@type":"ListItem","position":1,"name":"Home","item":"https:\/\/fjala.info\/2009-2015\/"},{"@type":"ListItem","position":2,"name":"Edhe ju mund t\u00eb bashkoheni me mua n\u00eb nj\u00eb &#8220;udh\u00ebtim&#8221; muzikor &#8211; A kind request to join me in a musical journey"}]},{"@type":"WebSite","@id":"https:\/\/fjala.info\/2009-2015\/#website","url":"https:\/\/fjala.info\/2009-2015\/","name":"FjALA e LIR\u00cb - Arkivi","description":"Arkivi 2009-2015","publisher":{"@id":"https:\/\/fjala.info\/2009-2015\/#organization"},"potentialAction":[{"@type":"SearchAction","target":{"@type":"EntryPoint","urlTemplate":"https:\/\/fjala.info\/2009-2015\/?s={search_term_string}"},"query-input":{"@type":"PropertyValueSpecification","valueRequired":true,"valueName":"search_term_string"}}],"inLanguage":"sq-AL"},{"@type":"Organization","@id":"https:\/\/fjala.info\/2009-2015\/#organization","name":"FjALA e LIR\u00cb - Arkivi","url":"https:\/\/fjala.info\/2009-2015\/","logo":{"@type":"ImageObject","inLanguage":"sq-AL","@id":"https:\/\/fjala.info\/2009-2015\/#\/schema\/logo\/image\/","url":"","contentUrl":"","caption":"FjALA e LIR\u00cb - Arkivi"},"image":{"@id":"https:\/\/fjala.info\/2009-2015\/#\/schema\/logo\/image\/"}},{"@type":"Person","@id":"https:\/\/fjala.info\/2009-2015\/#\/schema\/person\/3aa1163ef05469c496fc94e77611ada2","name":"admin","image":{"@type":"ImageObject","inLanguage":"sq-AL","@id":"https:\/\/fjala.info\/2009-2015\/wp-content\/uploads\/2012\/02\/arben_cokaj-120x150.jpg","url":"https:\/\/fjala.info\/2009-2015\/wp-content\/uploads\/2012\/02\/arben_cokaj-120x150.jpg","contentUrl":"https:\/\/fjala.info\/2009-2015\/wp-content\/uploads\/2012\/02\/arben_cokaj-120x150.jpg","caption":"admin"},"description":"Admin, Fjala e Lir\u00eb","sameAs":["https:\/\/fjala.info\/"],"url":"https:\/\/fjala.info\/2009-2015\/author\/admin\/"}]}},"_links":{"self":[{"href":"https:\/\/fjala.info\/2009-2015\/wp-json\/wp\/v2\/posts\/11541","targetHints":{"allow":["GET"]}}],"collection":[{"href":"https:\/\/fjala.info\/2009-2015\/wp-json\/wp\/v2\/posts"}],"about":[{"href":"https:\/\/fjala.info\/2009-2015\/wp-json\/wp\/v2\/types\/post"}],"author":[{"embeddable":true,"href":"https:\/\/fjala.info\/2009-2015\/wp-json\/wp\/v2\/users\/1"}],"replies":[{"embeddable":true,"href":"https:\/\/fjala.info\/2009-2015\/wp-json\/wp\/v2\/comments?post=11541"}],"version-history":[{"count":0,"href":"https:\/\/fjala.info\/2009-2015\/wp-json\/wp\/v2\/posts\/11541\/revisions"}],"wp:attachment":[{"href":"https:\/\/fjala.info\/2009-2015\/wp-json\/wp\/v2\/media?parent=11541"}],"wp:term":[{"taxonomy":"category","embeddable":true,"href":"https:\/\/fjala.info\/2009-2015\/wp-json\/wp\/v2\/categories?post=11541"},{"taxonomy":"post_tag","embeddable":true,"href":"https:\/\/fjala.info\/2009-2015\/wp-json\/wp\/v2\/tags?post=11541"}],"curies":[{"name":"wp","href":"https:\/\/api.w.org\/{rel}","templated":true}]}}