{"id":11530,"date":"2011-12-20T00:11:52","date_gmt":"2011-12-19T23:11:52","guid":{"rendered":"http:\/\/fjala.shkoder.net\/?p=664"},"modified":"2011-12-20T00:11:52","modified_gmt":"2011-12-19T23:11:52","slug":"shoqata-e-shkrimtareve-artisteve-dhe-krijueseve-shqiptare-ne-suedi-papa-klementi-xi-albani","status":"publish","type":"post","link":"https:\/\/fjala.info\/2009-2015\/shoqata-e-shkrimtareve-artisteve-dhe-krijueseve-shqiptare-ne-suedi-papa-klementi-xi-albani\/","title":{"rendered":"Shoqata e Shkrimtar\u00ebve, Artist\u00ebve dhe Krijueseve Shqiptar\u00eb n\u00eb Suedi, \u201cPapa Klementi XI \u2013 Albani\u201d"},"content":{"rendered":"<p><strong><em>U mbajt mbledhja e par\u00eb konstituive e kryesis\u00eb s\u00eb Shoqat\u00ebs s\u00eb Shkrimtar\u00ebve, Artist\u00ebve dhe Krijueseve Shqiptar\u00eb n\u00eb Suedi, \u201cPapa Klementi XI \u2013 Albani\u201d <\/em><\/strong><\/p>\n<p style=\"text-align: left;\">Nr. 2011\/008 Protokolli<\/p>\n<p style=\"text-align: center;\"><em><strong>Komunikat\u00eb p\u00ebr opinion<\/strong><\/em><\/p>\n<p>N\u00eb lokalet e \u201dNBV\u201dt\u00eb Halmstad t\u00eb Suedis\u00eb, m\u00eb 17 dhjetor 2011, u mbajt\u00eb mbledhja e par\u00eb konstituive e Kryesis\u00eb s\u00eb Shoqat\u00ebs s\u00eb Shkrimtar\u00ebve, Artist\u00ebve dhe Krijues\u00ebve Shqiptar\u00eb n\u00eb Suedi (SHSHAKSHS) \u201cPapa Klementi XI \u2013 Albani\u201d, e cila u kryesua nga kryetari i Kryesis\u00eb z. Hysen Ibrahimi.<\/p>\n<p>An\u00ebtar\u00ebve t\u00eb pranish\u00ebm t\u00eb Kryesis\u00eb u d\u00ebshiroj mir\u00ebseardhje kryetari i Shoqat\u00ebs Kulturore Shqiptare \u201cIliriada\u201d n\u00eb Halmstad, nj\u00ebherit edhe an\u00ebtari i Kryesis\u00eb s\u00eb SHSHAKSHS-s\u00eb dhe deputet n\u00eb kuvendin komunal t\u00eb Halmstadit, z. Naser Zeqiri, si nikoqir i radh\u00ebs i organizimit t\u00eb mbledhjes. Ai, pasi p\u00ebrsh\u00ebndeti dhe ju uroj mir\u00ebsardhje, n\u00eb pika t\u00eb shkurta e njoftoi Kryesin\u00eb p\u00ebr aktivitetin e gjith\u00ebmbarsh\u00ebm dhe planet p\u00ebr vitin e ardhsh\u00ebm q\u00eb ka parapar\u00eb shoqata me rastin e 100 vjetorit t\u00eb pavar\u00ebsis\u00eb s\u00eb Shqip\u00ebris\u00eb.<\/p>\n<p><img decoding=\"async\" class=\"aligncenter size-thumbnail wp-image-7236\" title=\"Shoqata e Shkrimtar\u00ebve Suedi\" src=\"http:\/\/www.shkoder.net\/images\/fjala\/2011\/shshakshs_kryesia_sv.jpg\" alt=\"\" width=\"500\" \/><\/p>\n<p>M\u00eb pastaj, udh\u00ebheqjen e mbledhjes e mori kryetari z. Ibrahimi, i cili pasi shpalli t\u00eb hapur mbledhjen, ai n\u00eb fjal\u00ebn e tij i falenderoi t\u00eb gjith\u00eb pa p\u00ebrjashtim an\u00ebtar\u00ebt e Kryesis\u00eb p\u00ebr kontributin e tyre t\u00eb dh\u00ebn\u00eb. Mund t\u00eb konstatojm\u00eb se fillimi i mbar\u00eb \u00ebsht\u00eb gjysma e pun\u00ebs. Ai, m\u00eb pastaj, njoftoi p\u00ebr numrin e madh t\u00eb urimeve q\u00eb kishin arritur nga t\u00ebr\u00eb hap\u00ebsira e bot\u00ebs shqiptare dhe m\u00ebrgat\u00eb. I falenderon t\u00eb gjith\u00eb pa p\u00ebrjashtim p\u00ebr falenderimet e tyre.<\/p>\n<p>N\u00eb k\u00ebt\u00eb mbledhje t\u00eb Kryesis\u00eb ku ishin t\u00eb pranish\u00ebm shumica e an\u00ebtar\u00ebve t\u00eb kryesis\u00eb nd\u00ebr t\u00eb tjera, u diskutua p\u00ebr emblem\u00ebn e Shoqat\u00ebs ku n\u00eb baz\u00eb t\u00eb propozimit t\u00eb an\u00ebtar\u00ebve dhe votimit t\u00eb b\u00ebr\u00eb u mor\u00eb vendimi q\u00eb Shoqata t\u00eb em\u00ebrtohet dhe p\u00ebr Emblem\u00eb e Shoqat\u00ebs t\u00eb jet\u00eb:<\/p>\n<p>Shoqata e Shkrimtar\u00ebve, Artist\u00ebve dhe Krijuesve Shqiptar n\u00eb Suedi(SHSHAKSHS)- Albanska F\u00f6rfattare, Artister och Skapare F\u00f6reningen i Sverige, \u201cPapa Klementi XI \u2013 Albani\u201d. Pastaj, Kryesia vendosi q\u00eb edhe n\u00eb vul\u00ebn e shoqat\u00ebs dhe ballin\u00ebn e librave t\u00eb cilat do t\u00eb botohen t\u00eb vihet po i njejti em\u00ebr. Krysia diskutoi dhe mori vendim t\u00eb b\u00ebhen p\u00ebrgatitjet e duhura p\u00ebr botimin e librit t\u00eb par\u00eb nga ana e shoqat\u00ebs i cili lib\u00ebr do jet\u00eb nj\u00eb THESAR KOMB\u00cbTAR NGA SHOQATA E SHKRIMTAR\u00cbVE ARTIST\u00cbVE DHE KRIJUES\u00cbVE SHQIPTAR\u00cb N\u00cb SUEDI, P\u00cbR PAVAR\u00cbSIN\u00cb E REPUBLIK\u00cbS S\u00cb KOSOV\u00cbS.<\/p>\n<p>U falenderua personalisht z. Halim Hoti, biznismen i dalluar n\u00eb Suedi, drejtor gjeneral i firm\u00ebs \u201cSystemputs murning bygg i Tv\u00e5\u00e5ker\u201d AB \u2013 Suedi, sponsor gjeneral p\u00ebr librin e par\u00eb t\u00eb shoqat\u00ebs n\u00eb fjal\u00eb, nj\u00ebherit edhe an\u00ebtar i Kryesis\u00eb s\u00eb SHSHAKSHS-s\u00eb, p\u00ebr gadishm\u00ebrin\u00eb e tij p\u00ebr t\u00eb na ndihmuar me mjete materiale.<\/p>\n<p>U muar q\u00ebndrim q\u00eb t\u00eb gjitha komisionet e formuara n\u00eb kuad\u00ebr t\u00eb Shoqat\u00ebs si : Komisioni p\u00ebr informim, Komisioni p\u00ebr redaktim, Komisioni p\u00ebr lektorim, Komisioni p\u00ebr ndarjen e \u00e7mimeve, Komisioni p\u00ebr organizimin e promovimit t\u00eb veprave dhe Komisioni mbik\u00ebqyr\u00ebs t\u00eb SHSHAKSHS-s\u00eb t\u00eb fillojn\u00eb me pun\u00eb dhe t\u00eb b\u00ebjn\u00eb planet e tyre q\u00eb t\u00eb jen\u00eb sa m\u00eb azhur n\u00eb realizimin e gjith\u00eb asaj \u00e7ka parashtrohet para an\u00ebtar\u00ebve t\u00eb k\u00ebsaj shoqate.<\/p>\n<p>Unanimisht u vendos q\u00eb Sesioni i par\u00eb shkencor t\u00eb mbahet m\u00eb 19 maj t\u00eb vitit 2012, kurse p\u00ebr vendin, Kryesia vendos m\u00eb von\u00eb.<\/p>\n<p>Kryesia e Shoqat\u00ebs s\u00eb Shkrimtar\u00ebve, Artist\u00ebve dhe Krijuesve Shqiptar n\u00eb Suedi \u201cPapa Klementi XI \u2013 Albani\u201d propozon shkrimtarin ton t\u00eb madh me p\u00ebrmasa bot\u00ebrore Ismail Kadare, q\u00eb t\u00eb nominohet me \u00e7mimin \u201cNobel\u201d p\u00ebr let\u00ebrsi. P\u00ebr arsyetimin dhe kompletimin e l\u00ebnd\u00ebs t\u00eb k\u00ebtij nominimi, Kryesia autorizoi Prof. dr. Bedri Paci dhe Prof. Fetah Bahtirin.<\/p>\n<p>Me vendim t\u00eb Kryesis\u00eb, u pranuar an\u00ebtar\u00eb i Kryesis\u00eb veprimtari, aktori dhe regjisori i mir\u00ebnjohur n\u00eb Suedi z. Musa Robeli.<\/p>\n<p>Kryetari z. Hysen Ibrahimi, para se t\u00eb shpall\u00eb t\u00eb p\u00ebrfunduar mbledhjen, ai n\u00eb em\u00ebr t\u00eb Kryesis\u00eb, falenderoj Kryesin\u00eb e Shoqat\u00ebs \u201dIlirida\u201d q\u00eb kishte marr\u00eb masat p\u00ebrgatitore p\u00ebr mikpritje t\u00eb shk\u00eblqyer, komun\u00ebn e qytetit Halmstad p\u00ebr mb\u00ebshtetjen financiare dhe ndihm\u00ebn e dh\u00ebn\u00eb me k\u00ebt\u00eb rast dhe t\u00eb gjith\u00eb an\u00ebtar\u00ebt e Kryesis\u00eb, q\u00eb me diskutimet e tyre e begatuan mbledhjen.<\/p>\n<p><strong>Komisionit p\u00ebr informim i SHSHAKSHS-s\u00eb \u201cPapa Klementi XI \u2013 Albani\u201d<\/strong><br \/>\nM\u00eb <em>17 dhjetor 2011 <\/em><br \/>\n<em>Halmstad \/ Suedi<\/em><\/p>\n","protected":false},"excerpt":{"rendered":"<p>U mbajt mbledhja e par\u00eb konstituive e kryesis\u00eb s\u00eb Shoqat\u00ebs s\u00eb Shkrimtar\u00ebve, Artist\u00ebve dhe Krijueseve Shqiptar\u00eb n\u00eb Suedi, \u201cPapa Klementi XI \u2013 Albani\u201d Nr. 2011\/008 Protokolli Komunikat\u00eb p\u00ebr opinion N\u00eb lokalet e \u201dNBV\u201dt\u00eb Halmstad t\u00eb Suedis\u00eb, m\u00eb 17 dhjetor 2011, u mbajt\u00eb mbledhja e par\u00eb konstituive e Kryesis\u00eb s\u00eb Shoqat\u00ebs s\u00eb Shkrimtar\u00ebve, Artist\u00ebve dhe Krijues\u00ebve [&hellip;]<\/p>\n","protected":false},"author":1,"featured_media":0,"comment_status":"open","ping_status":"closed","sticky":false,"template":"","format":"standard","meta":{"footnotes":""},"categories":[2],"tags":[],"class_list":{"0":"post-11530","1":"post","2":"type-post","3":"status-publish","4":"format-standard","6":"category-artikuj"},"yoast_head":"<!-- This site is optimized with the Yoast SEO plugin v27.4 - https:\/\/yoast.com\/product\/yoast-seo-wordpress\/ -->\n<title>Shoqata e Shkrimtar\u00ebve, Artist\u00ebve dhe Krijueseve Shqiptar\u00eb n\u00eb Suedi, \u201cPapa Klementi XI \u2013 Albani\u201d - FjALA e LIR\u00cb - Arkivi<\/title>\n<meta name=\"robots\" content=\"index, follow, max-snippet:-1, max-image-preview:large, max-video-preview:-1\" \/>\n<link rel=\"canonical\" href=\"https:\/\/fjala.info\/2009-2015\/shoqata-e-shkrimtareve-artisteve-dhe-krijueseve-shqiptare-ne-suedi-papa-klementi-xi-albani\/\" \/>\n<meta property=\"og:locale\" content=\"sq_AL\" \/>\n<meta property=\"og:type\" content=\"article\" \/>\n<meta property=\"og:title\" content=\"Shoqata e Shkrimtar\u00ebve, Artist\u00ebve dhe Krijueseve Shqiptar\u00eb n\u00eb Suedi, \u201cPapa Klementi XI \u2013 Albani\u201d - FjALA e LIR\u00cb - Arkivi\" \/>\n<meta property=\"og:description\" content=\"U mbajt mbledhja e par\u00eb konstituive e kryesis\u00eb s\u00eb Shoqat\u00ebs s\u00eb Shkrimtar\u00ebve, Artist\u00ebve dhe Krijueseve Shqiptar\u00eb n\u00eb Suedi, \u201cPapa Klementi XI \u2013 Albani\u201d Nr. 2011\/008 Protokolli Komunikat\u00eb p\u00ebr opinion N\u00eb lokalet e \u201dNBV\u201dt\u00eb Halmstad t\u00eb Suedis\u00eb, m\u00eb 17 dhjetor 2011, u mbajt\u00eb mbledhja e par\u00eb konstituive e Kryesis\u00eb s\u00eb Shoqat\u00ebs s\u00eb Shkrimtar\u00ebve, Artist\u00ebve dhe Krijues\u00ebve [&hellip;]\" \/>\n<meta property=\"og:url\" content=\"https:\/\/fjala.info\/2009-2015\/shoqata-e-shkrimtareve-artisteve-dhe-krijueseve-shqiptare-ne-suedi-papa-klementi-xi-albani\/\" \/>\n<meta property=\"og:site_name\" content=\"FjALA e LIR\u00cb - Arkivi\" \/>\n<meta property=\"article:published_time\" content=\"2011-12-19T23:11:52+00:00\" \/>\n<meta property=\"og:image\" content=\"http:\/\/www.shkoder.net\/images\/fjala\/2011\/shshakshs_kryesia_sv.jpg\" \/>\n<meta name=\"author\" content=\"admin\" \/>\n<meta name=\"twitter:card\" content=\"summary_large_image\" \/>\n<meta name=\"twitter:label1\" content=\"Written by\" \/>\n\t<meta name=\"twitter:data1\" content=\"admin\" \/>\n\t<meta name=\"twitter:label2\" content=\"Est. reading time\" \/>\n\t<meta name=\"twitter:data2\" content=\"4 minutes\" \/>\n<script type=\"application\/ld+json\" class=\"yoast-schema-graph\">{\"@context\":\"https:\\\/\\\/schema.org\",\"@graph\":[{\"@type\":\"Article\",\"@id\":\"https:\\\/\\\/fjala.info\\\/2009-2015\\\/shoqata-e-shkrimtareve-artisteve-dhe-krijueseve-shqiptare-ne-suedi-papa-klementi-xi-albani\\\/#article\",\"isPartOf\":{\"@id\":\"https:\\\/\\\/fjala.info\\\/2009-2015\\\/shoqata-e-shkrimtareve-artisteve-dhe-krijueseve-shqiptare-ne-suedi-papa-klementi-xi-albani\\\/\"},\"author\":{\"name\":\"admin\",\"@id\":\"https:\\\/\\\/fjala.info\\\/2009-2015\\\/#\\\/schema\\\/person\\\/3aa1163ef05469c496fc94e77611ada2\"},\"headline\":\"Shoqata e Shkrimtar\u00ebve, Artist\u00ebve dhe Krijueseve Shqiptar\u00eb n\u00eb Suedi, \u201cPapa Klementi XI \u2013 Albani\u201d\",\"datePublished\":\"2011-12-19T23:11:52+00:00\",\"mainEntityOfPage\":{\"@id\":\"https:\\\/\\\/fjala.info\\\/2009-2015\\\/shoqata-e-shkrimtareve-artisteve-dhe-krijueseve-shqiptare-ne-suedi-papa-klementi-xi-albani\\\/\"},\"wordCount\":792,\"commentCount\":1,\"publisher\":{\"@id\":\"https:\\\/\\\/fjala.info\\\/2009-2015\\\/#organization\"},\"image\":{\"@id\":\"https:\\\/\\\/fjala.info\\\/2009-2015\\\/shoqata-e-shkrimtareve-artisteve-dhe-krijueseve-shqiptare-ne-suedi-papa-klementi-xi-albani\\\/#primaryimage\"},\"thumbnailUrl\":\"http:\\\/\\\/www.shkoder.net\\\/images\\\/fjala\\\/2011\\\/shshakshs_kryesia_sv.jpg\",\"articleSection\":[\"Artikuj\"],\"inLanguage\":\"sq-AL\",\"potentialAction\":[{\"@type\":\"CommentAction\",\"name\":\"Comment\",\"target\":[\"https:\\\/\\\/fjala.info\\\/2009-2015\\\/shoqata-e-shkrimtareve-artisteve-dhe-krijueseve-shqiptare-ne-suedi-papa-klementi-xi-albani\\\/#respond\"]}]},{\"@type\":\"WebPage\",\"@id\":\"https:\\\/\\\/fjala.info\\\/2009-2015\\\/shoqata-e-shkrimtareve-artisteve-dhe-krijueseve-shqiptare-ne-suedi-papa-klementi-xi-albani\\\/\",\"url\":\"https:\\\/\\\/fjala.info\\\/2009-2015\\\/shoqata-e-shkrimtareve-artisteve-dhe-krijueseve-shqiptare-ne-suedi-papa-klementi-xi-albani\\\/\",\"name\":\"Shoqata e Shkrimtar\u00ebve, Artist\u00ebve dhe Krijueseve Shqiptar\u00eb n\u00eb Suedi, \u201cPapa Klementi XI \u2013 Albani\u201d - FjALA e LIR\u00cb - Arkivi\",\"isPartOf\":{\"@id\":\"https:\\\/\\\/fjala.info\\\/2009-2015\\\/#website\"},\"primaryImageOfPage\":{\"@id\":\"https:\\\/\\\/fjala.info\\\/2009-2015\\\/shoqata-e-shkrimtareve-artisteve-dhe-krijueseve-shqiptare-ne-suedi-papa-klementi-xi-albani\\\/#primaryimage\"},\"image\":{\"@id\":\"https:\\\/\\\/fjala.info\\\/2009-2015\\\/shoqata-e-shkrimtareve-artisteve-dhe-krijueseve-shqiptare-ne-suedi-papa-klementi-xi-albani\\\/#primaryimage\"},\"thumbnailUrl\":\"http:\\\/\\\/www.shkoder.net\\\/images\\\/fjala\\\/2011\\\/shshakshs_kryesia_sv.jpg\",\"datePublished\":\"2011-12-19T23:11:52+00:00\",\"breadcrumb\":{\"@id\":\"https:\\\/\\\/fjala.info\\\/2009-2015\\\/shoqata-e-shkrimtareve-artisteve-dhe-krijueseve-shqiptare-ne-suedi-papa-klementi-xi-albani\\\/#breadcrumb\"},\"inLanguage\":\"sq-AL\",\"potentialAction\":[{\"@type\":\"ReadAction\",\"target\":[\"https:\\\/\\\/fjala.info\\\/2009-2015\\\/shoqata-e-shkrimtareve-artisteve-dhe-krijueseve-shqiptare-ne-suedi-papa-klementi-xi-albani\\\/\"]}]},{\"@type\":\"ImageObject\",\"inLanguage\":\"sq-AL\",\"@id\":\"https:\\\/\\\/fjala.info\\\/2009-2015\\\/shoqata-e-shkrimtareve-artisteve-dhe-krijueseve-shqiptare-ne-suedi-papa-klementi-xi-albani\\\/#primaryimage\",\"url\":\"http:\\\/\\\/www.shkoder.net\\\/images\\\/fjala\\\/2011\\\/shshakshs_kryesia_sv.jpg\",\"contentUrl\":\"http:\\\/\\\/www.shkoder.net\\\/images\\\/fjala\\\/2011\\\/shshakshs_kryesia_sv.jpg\"},{\"@type\":\"BreadcrumbList\",\"@id\":\"https:\\\/\\\/fjala.info\\\/2009-2015\\\/shoqata-e-shkrimtareve-artisteve-dhe-krijueseve-shqiptare-ne-suedi-papa-klementi-xi-albani\\\/#breadcrumb\",\"itemListElement\":[{\"@type\":\"ListItem\",\"position\":1,\"name\":\"Home\",\"item\":\"https:\\\/\\\/fjala.info\\\/2009-2015\\\/\"},{\"@type\":\"ListItem\",\"position\":2,\"name\":\"Shoqata e Shkrimtar\u00ebve, Artist\u00ebve dhe Krijueseve Shqiptar\u00eb n\u00eb Suedi, \u201cPapa Klementi XI \u2013 Albani\u201d\"}]},{\"@type\":\"WebSite\",\"@id\":\"https:\\\/\\\/fjala.info\\\/2009-2015\\\/#website\",\"url\":\"https:\\\/\\\/fjala.info\\\/2009-2015\\\/\",\"name\":\"FjALA e LIR\u00cb - Arkivi\",\"description\":\"Arkivi 2009-2015\",\"publisher\":{\"@id\":\"https:\\\/\\\/fjala.info\\\/2009-2015\\\/#organization\"},\"potentialAction\":[{\"@type\":\"SearchAction\",\"target\":{\"@type\":\"EntryPoint\",\"urlTemplate\":\"https:\\\/\\\/fjala.info\\\/2009-2015\\\/?s={search_term_string}\"},\"query-input\":{\"@type\":\"PropertyValueSpecification\",\"valueRequired\":true,\"valueName\":\"search_term_string\"}}],\"inLanguage\":\"sq-AL\"},{\"@type\":\"Organization\",\"@id\":\"https:\\\/\\\/fjala.info\\\/2009-2015\\\/#organization\",\"name\":\"FjALA e LIR\u00cb - Arkivi\",\"url\":\"https:\\\/\\\/fjala.info\\\/2009-2015\\\/\",\"logo\":{\"@type\":\"ImageObject\",\"inLanguage\":\"sq-AL\",\"@id\":\"https:\\\/\\\/fjala.info\\\/2009-2015\\\/#\\\/schema\\\/logo\\\/image\\\/\",\"url\":\"\",\"contentUrl\":\"\",\"caption\":\"FjALA e LIR\u00cb - Arkivi\"},\"image\":{\"@id\":\"https:\\\/\\\/fjala.info\\\/2009-2015\\\/#\\\/schema\\\/logo\\\/image\\\/\"}},{\"@type\":\"Person\",\"@id\":\"https:\\\/\\\/fjala.info\\\/2009-2015\\\/#\\\/schema\\\/person\\\/3aa1163ef05469c496fc94e77611ada2\",\"name\":\"admin\",\"image\":{\"@type\":\"ImageObject\",\"inLanguage\":\"sq-AL\",\"@id\":\"https:\\\/\\\/fjala.info\\\/2009-2015\\\/wp-content\\\/uploads\\\/2012\\\/02\\\/arben_cokaj-120x150.jpg\",\"url\":\"https:\\\/\\\/fjala.info\\\/2009-2015\\\/wp-content\\\/uploads\\\/2012\\\/02\\\/arben_cokaj-120x150.jpg\",\"contentUrl\":\"https:\\\/\\\/fjala.info\\\/2009-2015\\\/wp-content\\\/uploads\\\/2012\\\/02\\\/arben_cokaj-120x150.jpg\",\"caption\":\"admin\"},\"description\":\"Admin, Fjala e Lir\u00eb\",\"sameAs\":[\"https:\\\/\\\/fjala.info\\\/\"],\"url\":\"https:\\\/\\\/fjala.info\\\/2009-2015\\\/author\\\/admin\\\/\"}]}<\/script>\n<!-- \/ Yoast SEO plugin. -->","yoast_head_json":{"title":"Shoqata e Shkrimtar\u00ebve, Artist\u00ebve dhe Krijueseve Shqiptar\u00eb n\u00eb Suedi, \u201cPapa Klementi XI \u2013 Albani\u201d - FjALA e LIR\u00cb - Arkivi","robots":{"index":"index","follow":"follow","max-snippet":"max-snippet:-1","max-image-preview":"max-image-preview:large","max-video-preview":"max-video-preview:-1"},"canonical":"https:\/\/fjala.info\/2009-2015\/shoqata-e-shkrimtareve-artisteve-dhe-krijueseve-shqiptare-ne-suedi-papa-klementi-xi-albani\/","og_locale":"sq_AL","og_type":"article","og_title":"Shoqata e Shkrimtar\u00ebve, Artist\u00ebve dhe Krijueseve Shqiptar\u00eb n\u00eb Suedi, \u201cPapa Klementi XI \u2013 Albani\u201d - FjALA e LIR\u00cb - Arkivi","og_description":"U mbajt mbledhja e par\u00eb konstituive e kryesis\u00eb s\u00eb Shoqat\u00ebs s\u00eb Shkrimtar\u00ebve, Artist\u00ebve dhe Krijueseve Shqiptar\u00eb n\u00eb Suedi, \u201cPapa Klementi XI \u2013 Albani\u201d Nr. 2011\/008 Protokolli Komunikat\u00eb p\u00ebr opinion N\u00eb lokalet e \u201dNBV\u201dt\u00eb Halmstad t\u00eb Suedis\u00eb, m\u00eb 17 dhjetor 2011, u mbajt\u00eb mbledhja e par\u00eb konstituive e Kryesis\u00eb s\u00eb Shoqat\u00ebs s\u00eb Shkrimtar\u00ebve, Artist\u00ebve dhe Krijues\u00ebve [&hellip;]","og_url":"https:\/\/fjala.info\/2009-2015\/shoqata-e-shkrimtareve-artisteve-dhe-krijueseve-shqiptare-ne-suedi-papa-klementi-xi-albani\/","og_site_name":"FjALA e LIR\u00cb - Arkivi","article_published_time":"2011-12-19T23:11:52+00:00","og_image":[{"url":"http:\/\/www.shkoder.net\/images\/fjala\/2011\/shshakshs_kryesia_sv.jpg","type":"","width":"","height":""}],"author":"admin","twitter_card":"summary_large_image","twitter_misc":{"Written by":"admin","Est. reading time":"4 minutes"},"schema":{"@context":"https:\/\/schema.org","@graph":[{"@type":"Article","@id":"https:\/\/fjala.info\/2009-2015\/shoqata-e-shkrimtareve-artisteve-dhe-krijueseve-shqiptare-ne-suedi-papa-klementi-xi-albani\/#article","isPartOf":{"@id":"https:\/\/fjala.info\/2009-2015\/shoqata-e-shkrimtareve-artisteve-dhe-krijueseve-shqiptare-ne-suedi-papa-klementi-xi-albani\/"},"author":{"name":"admin","@id":"https:\/\/fjala.info\/2009-2015\/#\/schema\/person\/3aa1163ef05469c496fc94e77611ada2"},"headline":"Shoqata e Shkrimtar\u00ebve, Artist\u00ebve dhe Krijueseve Shqiptar\u00eb n\u00eb Suedi, \u201cPapa Klementi XI \u2013 Albani\u201d","datePublished":"2011-12-19T23:11:52+00:00","mainEntityOfPage":{"@id":"https:\/\/fjala.info\/2009-2015\/shoqata-e-shkrimtareve-artisteve-dhe-krijueseve-shqiptare-ne-suedi-papa-klementi-xi-albani\/"},"wordCount":792,"commentCount":1,"publisher":{"@id":"https:\/\/fjala.info\/2009-2015\/#organization"},"image":{"@id":"https:\/\/fjala.info\/2009-2015\/shoqata-e-shkrimtareve-artisteve-dhe-krijueseve-shqiptare-ne-suedi-papa-klementi-xi-albani\/#primaryimage"},"thumbnailUrl":"http:\/\/www.shkoder.net\/images\/fjala\/2011\/shshakshs_kryesia_sv.jpg","articleSection":["Artikuj"],"inLanguage":"sq-AL","potentialAction":[{"@type":"CommentAction","name":"Comment","target":["https:\/\/fjala.info\/2009-2015\/shoqata-e-shkrimtareve-artisteve-dhe-krijueseve-shqiptare-ne-suedi-papa-klementi-xi-albani\/#respond"]}]},{"@type":"WebPage","@id":"https:\/\/fjala.info\/2009-2015\/shoqata-e-shkrimtareve-artisteve-dhe-krijueseve-shqiptare-ne-suedi-papa-klementi-xi-albani\/","url":"https:\/\/fjala.info\/2009-2015\/shoqata-e-shkrimtareve-artisteve-dhe-krijueseve-shqiptare-ne-suedi-papa-klementi-xi-albani\/","name":"Shoqata e Shkrimtar\u00ebve, Artist\u00ebve dhe Krijueseve Shqiptar\u00eb n\u00eb Suedi, \u201cPapa Klementi XI \u2013 Albani\u201d - FjALA e LIR\u00cb - Arkivi","isPartOf":{"@id":"https:\/\/fjala.info\/2009-2015\/#website"},"primaryImageOfPage":{"@id":"https:\/\/fjala.info\/2009-2015\/shoqata-e-shkrimtareve-artisteve-dhe-krijueseve-shqiptare-ne-suedi-papa-klementi-xi-albani\/#primaryimage"},"image":{"@id":"https:\/\/fjala.info\/2009-2015\/shoqata-e-shkrimtareve-artisteve-dhe-krijueseve-shqiptare-ne-suedi-papa-klementi-xi-albani\/#primaryimage"},"thumbnailUrl":"http:\/\/www.shkoder.net\/images\/fjala\/2011\/shshakshs_kryesia_sv.jpg","datePublished":"2011-12-19T23:11:52+00:00","breadcrumb":{"@id":"https:\/\/fjala.info\/2009-2015\/shoqata-e-shkrimtareve-artisteve-dhe-krijueseve-shqiptare-ne-suedi-papa-klementi-xi-albani\/#breadcrumb"},"inLanguage":"sq-AL","potentialAction":[{"@type":"ReadAction","target":["https:\/\/fjala.info\/2009-2015\/shoqata-e-shkrimtareve-artisteve-dhe-krijueseve-shqiptare-ne-suedi-papa-klementi-xi-albani\/"]}]},{"@type":"ImageObject","inLanguage":"sq-AL","@id":"https:\/\/fjala.info\/2009-2015\/shoqata-e-shkrimtareve-artisteve-dhe-krijueseve-shqiptare-ne-suedi-papa-klementi-xi-albani\/#primaryimage","url":"http:\/\/www.shkoder.net\/images\/fjala\/2011\/shshakshs_kryesia_sv.jpg","contentUrl":"http:\/\/www.shkoder.net\/images\/fjala\/2011\/shshakshs_kryesia_sv.jpg"},{"@type":"BreadcrumbList","@id":"https:\/\/fjala.info\/2009-2015\/shoqata-e-shkrimtareve-artisteve-dhe-krijueseve-shqiptare-ne-suedi-papa-klementi-xi-albani\/#breadcrumb","itemListElement":[{"@type":"ListItem","position":1,"name":"Home","item":"https:\/\/fjala.info\/2009-2015\/"},{"@type":"ListItem","position":2,"name":"Shoqata e Shkrimtar\u00ebve, Artist\u00ebve dhe Krijueseve Shqiptar\u00eb n\u00eb Suedi, \u201cPapa Klementi XI \u2013 Albani\u201d"}]},{"@type":"WebSite","@id":"https:\/\/fjala.info\/2009-2015\/#website","url":"https:\/\/fjala.info\/2009-2015\/","name":"FjALA e LIR\u00cb - Arkivi","description":"Arkivi 2009-2015","publisher":{"@id":"https:\/\/fjala.info\/2009-2015\/#organization"},"potentialAction":[{"@type":"SearchAction","target":{"@type":"EntryPoint","urlTemplate":"https:\/\/fjala.info\/2009-2015\/?s={search_term_string}"},"query-input":{"@type":"PropertyValueSpecification","valueRequired":true,"valueName":"search_term_string"}}],"inLanguage":"sq-AL"},{"@type":"Organization","@id":"https:\/\/fjala.info\/2009-2015\/#organization","name":"FjALA e LIR\u00cb - Arkivi","url":"https:\/\/fjala.info\/2009-2015\/","logo":{"@type":"ImageObject","inLanguage":"sq-AL","@id":"https:\/\/fjala.info\/2009-2015\/#\/schema\/logo\/image\/","url":"","contentUrl":"","caption":"FjALA e LIR\u00cb - Arkivi"},"image":{"@id":"https:\/\/fjala.info\/2009-2015\/#\/schema\/logo\/image\/"}},{"@type":"Person","@id":"https:\/\/fjala.info\/2009-2015\/#\/schema\/person\/3aa1163ef05469c496fc94e77611ada2","name":"admin","image":{"@type":"ImageObject","inLanguage":"sq-AL","@id":"https:\/\/fjala.info\/2009-2015\/wp-content\/uploads\/2012\/02\/arben_cokaj-120x150.jpg","url":"https:\/\/fjala.info\/2009-2015\/wp-content\/uploads\/2012\/02\/arben_cokaj-120x150.jpg","contentUrl":"https:\/\/fjala.info\/2009-2015\/wp-content\/uploads\/2012\/02\/arben_cokaj-120x150.jpg","caption":"admin"},"description":"Admin, Fjala e Lir\u00eb","sameAs":["https:\/\/fjala.info\/"],"url":"https:\/\/fjala.info\/2009-2015\/author\/admin\/"}]}},"_links":{"self":[{"href":"https:\/\/fjala.info\/2009-2015\/wp-json\/wp\/v2\/posts\/11530","targetHints":{"allow":["GET"]}}],"collection":[{"href":"https:\/\/fjala.info\/2009-2015\/wp-json\/wp\/v2\/posts"}],"about":[{"href":"https:\/\/fjala.info\/2009-2015\/wp-json\/wp\/v2\/types\/post"}],"author":[{"embeddable":true,"href":"https:\/\/fjala.info\/2009-2015\/wp-json\/wp\/v2\/users\/1"}],"replies":[{"embeddable":true,"href":"https:\/\/fjala.info\/2009-2015\/wp-json\/wp\/v2\/comments?post=11530"}],"version-history":[{"count":0,"href":"https:\/\/fjala.info\/2009-2015\/wp-json\/wp\/v2\/posts\/11530\/revisions"}],"wp:attachment":[{"href":"https:\/\/fjala.info\/2009-2015\/wp-json\/wp\/v2\/media?parent=11530"}],"wp:term":[{"taxonomy":"category","embeddable":true,"href":"https:\/\/fjala.info\/2009-2015\/wp-json\/wp\/v2\/categories?post=11530"},{"taxonomy":"post_tag","embeddable":true,"href":"https:\/\/fjala.info\/2009-2015\/wp-json\/wp\/v2\/tags?post=11530"}],"curies":[{"name":"wp","href":"https:\/\/api.w.org\/{rel}","templated":true}]}}