{"id":11528,"date":"2011-12-16T22:05:02","date_gmt":"2011-12-16T21:05:02","guid":{"rendered":"http:\/\/fjala.shkoder.net\/?p=653"},"modified":"2011-12-16T22:05:02","modified_gmt":"2011-12-16T21:05:02","slug":"kisha-katolike-shqiptare-ne-dardani-eshte-perhapur-qe-ne-shekullin-e-pare-pas-krishtit","status":"publish","type":"post","link":"https:\/\/fjala.info\/2009-2015\/kisha-katolike-shqiptare-ne-dardani-eshte-perhapur-qe-ne-shekullin-e-pare-pas-krishtit\/","title":{"rendered":"Kisha katolike shqiptare n\u00eb Dardani \u00ebsht\u00eb p\u00ebrhapur q\u00eb n\u00eb shekullin e par\u00eb pas Krishtit"},"content":{"rendered":"<p><img decoding=\"async\" class=\"alignright size-thumbnail wp-image-7236\" title=\"Kisha Katolike\" src=\"http:\/\/www.shkoder.net\/images\/fjala\/2011\/kosova_martire.jpg\" alt=\"\" width=\"200\" \/> Kisha katolike shqiptare n\u00eb Dardani, pra Kosov\u00ebn e sotme (q\u00eb \u00ebsht\u00eb teritor qendror\u00eb i Dardanis\u00eb s\u00eb dikurshme[11], \u00ebsht\u00eb p\u00ebrhapur q\u00eb n\u00eb shekullin e par\u00eb, pas Krishtit. Mir\u00ebpo jeta e k\u00ebsaj Kishe n\u00eb shekujt e par\u00eb, por edhe m\u00eb von\u00eb, ishte shum\u00eb e v\u00ebshtir\u00eb dhe me plot\u00eb rreziqe. Sepse ajo ishte e ndjekur, e salvuar. Per k\u00ebt\u00eb ka shkruar n\u00eb m\u00ebnyr\u00eb rr\u00ebnqeth\u00ebse edhe Sh\u00ebn Jeronimi, shkrimtar i shk\u00eblqyesh\u00ebm me origjin\u00eb shqiptare[12].<\/p>\n<p>N\u00eb Epistolae (Letrat), ai shkruan, pos t\u00eb tjerash, edhe k\u00ebt\u00eb: \u201cM\u00eb rr\u00ebnqeth\u00ebt stati kur\u00eb mendoj t\u00eb tregoj p\u00ebr shkat\u00ebrrimet n\u00eb koh\u00ebn ton\u00eb\u2026 Sa gra fisnike, sa virgj\u00ebra kushtuar Zotit, sa njer\u00ebz t\u00eb lir\u00eb dhe finik\u00eb u dhunuan n\u00eb k\u00ebto lufta! U mor\u00ebn rob\u00ebr ipeshkvinj, u vran\u00eb presbyter dhe rr\u00ebmbyes t\u00eb tjer\u00eb t\u00eb ndrysh\u00ebm t\u00eb kish\u00ebs. U shkat\u00ebrruan kishat. Pran\u00eb lter\u00ebve t\u00eb Krishtit u vendos\u00ebn si n\u00eb grazhd kuajt. Kockat e martir\u00ebve u nxor\u00ebn nga varret. Kudo zi, kudo ofshe dhe hija e madhe e vdekjes\u2026\u201d[13].<\/p>\n<p>Ndon\u00ebse b\u00ebn\u00eb jet\u00eb t\u00eb v\u00ebshtir\u00eb, jet\u00eb martire, Kisha katolike shqiptare n\u00eb Kosov\u00eb ishte e themeluar, e rregulluar dhe e organizuar mir\u00eb, madje mjaft mir\u00eb[14]. N\u00eb kontekst me k\u00ebt\u00eb duhet t\u00eb p\u00ebrmendim edhe vitin 325, kur u thirr Kon\u00e7ilin e Nices\u00eb, ku mor\u00ebn pjes\u00eb, p\u00ebrve\u00e7 delegat\u00ebve t\u00eb Pap\u00ebs s\u00eb Rom\u00ebs, edhe p\u00ebrfaq\u00ebsuesit e Kish\u00ebs s\u00eb Dardanis\u00eb (Kosov\u00ebs). Dhe n\u00eb mesin e n\u00ebnshkrimeve t\u00eb delegat\u00ebve t\u00eb Pap\u00ebs, hasim edhe n\u00ebnshkrimin e ipshkvit t\u00eb Dardanis\u00eb\u201cDacus Dardaniae\u201d[15].<\/p>\n<p>Vet\u00eb fakti se n\u00eb Koncilin e Nices\u00eb Dak Dardani merr pjes\u00eb si metropolit i t\u00ebr\u00eb provinc\u00ebs, bashk\u00eb me sufragan\u00eb, si dhe m\u00ebnyra e n\u00ebnshkrimit t\u00eb tij n\u00eb krahasim me metropolit\u00ebt e tjer\u00eb[16], d\u00ebshmon se territori kishtar dhe bashk me k\u00ebt\u00eb edhe hierarkia kishtare e Dradanis\u00eb, ka qen\u00eb themeluar edhe e rregulluar m\u00eb her\u00ebt sikur edhe n\u00eb viset tjera. K\u00ebshtu ka d\u00ebshmuar, me nj\u00eb varg argumentesh t\u00eb pamohuesh\u00ebm, edhe studiuesi i rral\u00eb, Dr. Dom Gasp\u00ebr Gjini[17].<\/p>\n<p>Me koh\u00eb n\u00eb Dardani \u00ebsht\u00eb rritur edhe numri i dioqezave. P\u00ebr k\u00ebt\u00eb d\u00ebshmon nj\u00eb num\u00ebr i madh\u00eb i dokumenteve kishtare[18]. Dhe kjo tregon se jeta fetare n\u00eb Dardani (Kosov\u00eb) po gufante. Mir\u00ebpo mbi rregullimin e mbrendsh\u00ebm t\u00eb Kish\u00ebs dardane jan\u00eb ruajtur shum\u00eb pak lajme nga shek. V. N\u00eb kontekst me k\u00ebt\u00eb vlen t\u00eb p\u00ebrmendim edhe let\u00ebrk\u00ebmbimet midis ipeshkvijve t\u00eb Dradanis\u00eb dhe Pap\u00ebs t\u00eb Rom\u00ebs. K\u00ebshtu, p\u00ebr shembull, Papa Gelaziu, m\u00eb 493, i drejton nj\u00eb let\u00ebr t\u00eb posa\u00e7me nj\u00eb ipeshkvi t\u00eb Dardanis\u00eb, me \u00e7`rast e inkujaron q\u00eb t\u00eb q\u00ebndroj\u00eb edhe m\u00eb tej n\u00eb fen\u00eb e v\u00ebrtet\u00eb[19].<\/p>\n<p>Nd\u00ebrkaq m\u00eb 494 ipeshkvinjt e Dardanis\u00eb i pat\u00ebn drejtuar nj\u00eb let\u00ebr Pap\u00ebs, Gelaziu, duke i premtuar se do t\u00eb q\u00ebndrojn\u00eb konsekuent\u00eb n\u00eb fen\u00eb e v\u00ebrtet\u00eb t\u00eb Jezu Krishtit[20]. Edhe Papa, Simah, p\u00ebrmes le trave t\u00eb veta, q\u00eb kan\u00eb gjith\u00ebashtu karakter institucional, inkurajonte, pos tjer\u00ebve, edhe prelat\u00ebt kishtar\u00eb dhe mbar\u00eb klerin e Dardanis\u00eb p\u00ebr t\u00eb q\u00ebndruar besnik\u00eb ndaj Kish\u00ebs s\u00eb Rom\u00ebs[21].<\/p>\n<p>Nga k\u00ebto let\u00ebrk\u00ebmbime midis Pap\u00ebs dhe ipeshkvinjve t\u00eb Dardanis\u00eb, let\u00ebrk\u00ebmbime k\u00ebto q\u00eb kan\u00eb karakter baritor-institucional e kishtar, m\u00ebsojm\u00eb se Kisha e Dardanis\u00eb (Kosov\u00ebs) ishte mir\u00eb e organizuar dhe se ajo q\u00ebndronte konsekuente dhe besnike, n`ato koh\u00eb herezish\u00eb t\u00eb shumta, ndaj Kish\u00ebs s\u00eb Rom\u00ebs.<br \/>\nHistoria e Kish\u00ebs katolike shqiptare n\u00eb Kosov\u00eb mund t\u00eb v\u00ebshtrohet, t\u00eb studiohet vet\u00ebm n\u00eb kontekst me ipshkvin e Scupit t\u00eb lasht\u00eb, t\u00eb Justinian\u00ebs s\u00eb Par\u00eb (Justiana prima).<\/p>\n<p>Por vet\u00ebm edhe n\u00eb kontekst me ipeshkvin\u00eb e Shkup-Prizrenit, p\u00ebrkat\u00ebsisht t\u00eb Prizrenit. N\u00eb kuad\u00ebr t\u00eb k\u00ebtyre dy dioqezave q\u00eb ndonj\u00ebher\u00eb kishin p\u00ebrjetuar bashkimin personal ose kur e kur, p\u00ebr shkak t\u00eb rrethanave politike, ishin \u201cshuar\u201d ose ishin rip\u00ebrt\u00ebrir\u00eb, kishte qen\u00eb e organizuar jeta kishtare n\u00eb k\u00ebto hap\u00ebsira. Dhe kontinuiteti kishtaro-administrativ i tyre nuk mund t\u00eb kontestohet [22], \u2026\u2026\u2026\u2026.!<br \/>\nReferenca:<\/p>\n<p>[11] Mirdita, Zef, Studime dardane, Rilindja, Prishtin\u00eb 1979, fq.23.<br \/>\n[12] Ahmeti, Isak, Sh\u00ebn Jeronimi-shkrimtar i shk\u00eblqyesh\u00ebm me origjin\u00eb shqiptare, Shk\u00ebndija, 12 korrik 1993, por edhe te Kleri katolik shqiptar dhe let\u00ebrsia, fq 13-19.<br \/>\n[13] Sipas Ilir\u00ebt dhe Iliria te autor\u00ebt antik, Rilindja prishtin\u00eb, 1979, fq. 354.<br \/>\n[14] Gjini, Gasp\u00ebr, Skopsko-prizrenska Biskupija\u2026 fq. 26-27-18.<br \/>\n[15] Concilium Nicaeum (subscript.)\u2026 Venetiis, 1728, 5964.<br \/>\n[16] Zeiller J., Les origines chretiennes dans les provinces Danubiennes de l`Epire Romain, Paris 1918, fq.16.<br \/>\n[17] Gjini, Gasp\u00ebr, vep. e cit., fq. 27.<br \/>\n[18] Gjini, Gasp\u00ebr, vep. e cit., fq. 27.<br \/>\n[19] Mansi J., Sacrorum conciliorum nova et amplissima collectio, 53 vol., Plorentiae- Venetiis-Pasris- Lipsiae, 1759, 1927, VIII, 1096.<br \/>\n[20] Farlati, VIII, 5.<br \/>\n[21] Theil A., Epistolae Romanorum pontificum genuinae et quae ad eos scriptae sunt a.s. Hilario usque ad Pelagium II. I. Brunsbergae 1868, 717.<br \/>\n[22] Khs. Zef Mirdita, vep. e cit., fq. 135-136.<br \/>\nPublikue ne http:\/\/albeuropa.com\/?p=82<\/p>\n","protected":false},"excerpt":{"rendered":"<p>Kisha katolike shqiptare n\u00eb Dardani, pra Kosov\u00ebn e sotme (q\u00eb \u00ebsht\u00eb teritor qendror\u00eb i Dardanis\u00eb s\u00eb dikurshme[11], \u00ebsht\u00eb p\u00ebrhapur q\u00eb n\u00eb shekullin e par\u00eb, pas Krishtit. Mir\u00ebpo jeta e k\u00ebsaj Kishe n\u00eb shekujt e par\u00eb, por edhe m\u00eb von\u00eb, ishte shum\u00eb e v\u00ebshtir\u00eb dhe me plot\u00eb rreziqe. Sepse ajo ishte e ndjekur, e salvuar. Per [&hellip;]<\/p>\n","protected":false},"author":1,"featured_media":0,"comment_status":"open","ping_status":"closed","sticky":false,"template":"","format":"standard","meta":{"footnotes":""},"categories":[2],"tags":[],"class_list":{"0":"post-11528","1":"post","2":"type-post","3":"status-publish","4":"format-standard","6":"category-artikuj"},"yoast_head":"<!-- This site is optimized with the Yoast SEO plugin v27.4 - https:\/\/yoast.com\/product\/yoast-seo-wordpress\/ -->\n<title>Kisha katolike shqiptare n\u00eb Dardani \u00ebsht\u00eb p\u00ebrhapur q\u00eb n\u00eb shekullin e par\u00eb pas Krishtit - FjALA e LIR\u00cb - Arkivi<\/title>\n<meta name=\"robots\" content=\"index, follow, max-snippet:-1, max-image-preview:large, max-video-preview:-1\" \/>\n<link rel=\"canonical\" href=\"https:\/\/fjala.info\/2009-2015\/kisha-katolike-shqiptare-ne-dardani-eshte-perhapur-qe-ne-shekullin-e-pare-pas-krishtit\/\" \/>\n<meta property=\"og:locale\" content=\"sq_AL\" \/>\n<meta property=\"og:type\" content=\"article\" \/>\n<meta property=\"og:title\" content=\"Kisha katolike shqiptare n\u00eb Dardani \u00ebsht\u00eb p\u00ebrhapur q\u00eb n\u00eb shekullin e par\u00eb pas Krishtit - FjALA e LIR\u00cb - Arkivi\" \/>\n<meta property=\"og:description\" content=\"Kisha katolike shqiptare n\u00eb Dardani, pra Kosov\u00ebn e sotme (q\u00eb \u00ebsht\u00eb teritor qendror\u00eb i Dardanis\u00eb s\u00eb dikurshme[11], \u00ebsht\u00eb p\u00ebrhapur q\u00eb n\u00eb shekullin e par\u00eb, pas Krishtit. Mir\u00ebpo jeta e k\u00ebsaj Kishe n\u00eb shekujt e par\u00eb, por edhe m\u00eb von\u00eb, ishte shum\u00eb e v\u00ebshtir\u00eb dhe me plot\u00eb rreziqe. Sepse ajo ishte e ndjekur, e salvuar. Per [&hellip;]\" \/>\n<meta property=\"og:url\" content=\"https:\/\/fjala.info\/2009-2015\/kisha-katolike-shqiptare-ne-dardani-eshte-perhapur-qe-ne-shekullin-e-pare-pas-krishtit\/\" \/>\n<meta property=\"og:site_name\" content=\"FjALA e LIR\u00cb - Arkivi\" \/>\n<meta property=\"article:published_time\" content=\"2011-12-16T21:05:02+00:00\" \/>\n<meta property=\"og:image\" content=\"http:\/\/www.shkoder.net\/images\/fjala\/2011\/kosova_martire.jpg\" \/>\n<meta name=\"author\" content=\"admin\" \/>\n<meta name=\"twitter:card\" content=\"summary_large_image\" \/>\n<meta name=\"twitter:label1\" content=\"Written by\" \/>\n\t<meta name=\"twitter:data1\" content=\"admin\" \/>\n\t<meta name=\"twitter:label2\" content=\"Est. reading time\" \/>\n\t<meta name=\"twitter:data2\" content=\"4 minutes\" \/>\n<script type=\"application\/ld+json\" class=\"yoast-schema-graph\">{\"@context\":\"https:\\\/\\\/schema.org\",\"@graph\":[{\"@type\":\"Article\",\"@id\":\"https:\\\/\\\/fjala.info\\\/2009-2015\\\/kisha-katolike-shqiptare-ne-dardani-eshte-perhapur-qe-ne-shekullin-e-pare-pas-krishtit\\\/#article\",\"isPartOf\":{\"@id\":\"https:\\\/\\\/fjala.info\\\/2009-2015\\\/kisha-katolike-shqiptare-ne-dardani-eshte-perhapur-qe-ne-shekullin-e-pare-pas-krishtit\\\/\"},\"author\":{\"name\":\"admin\",\"@id\":\"https:\\\/\\\/fjala.info\\\/2009-2015\\\/#\\\/schema\\\/person\\\/3aa1163ef05469c496fc94e77611ada2\"},\"headline\":\"Kisha katolike shqiptare n\u00eb Dardani \u00ebsht\u00eb p\u00ebrhapur q\u00eb n\u00eb shekullin e par\u00eb pas Krishtit\",\"datePublished\":\"2011-12-16T21:05:02+00:00\",\"mainEntityOfPage\":{\"@id\":\"https:\\\/\\\/fjala.info\\\/2009-2015\\\/kisha-katolike-shqiptare-ne-dardani-eshte-perhapur-qe-ne-shekullin-e-pare-pas-krishtit\\\/\"},\"wordCount\":858,\"commentCount\":0,\"publisher\":{\"@id\":\"https:\\\/\\\/fjala.info\\\/2009-2015\\\/#organization\"},\"image\":{\"@id\":\"https:\\\/\\\/fjala.info\\\/2009-2015\\\/kisha-katolike-shqiptare-ne-dardani-eshte-perhapur-qe-ne-shekullin-e-pare-pas-krishtit\\\/#primaryimage\"},\"thumbnailUrl\":\"http:\\\/\\\/www.shkoder.net\\\/images\\\/fjala\\\/2011\\\/kosova_martire.jpg\",\"articleSection\":[\"Artikuj\"],\"inLanguage\":\"sq-AL\",\"potentialAction\":[{\"@type\":\"CommentAction\",\"name\":\"Comment\",\"target\":[\"https:\\\/\\\/fjala.info\\\/2009-2015\\\/kisha-katolike-shqiptare-ne-dardani-eshte-perhapur-qe-ne-shekullin-e-pare-pas-krishtit\\\/#respond\"]}]},{\"@type\":\"WebPage\",\"@id\":\"https:\\\/\\\/fjala.info\\\/2009-2015\\\/kisha-katolike-shqiptare-ne-dardani-eshte-perhapur-qe-ne-shekullin-e-pare-pas-krishtit\\\/\",\"url\":\"https:\\\/\\\/fjala.info\\\/2009-2015\\\/kisha-katolike-shqiptare-ne-dardani-eshte-perhapur-qe-ne-shekullin-e-pare-pas-krishtit\\\/\",\"name\":\"Kisha katolike shqiptare n\u00eb Dardani \u00ebsht\u00eb p\u00ebrhapur q\u00eb n\u00eb shekullin e par\u00eb pas Krishtit - FjALA e LIR\u00cb - Arkivi\",\"isPartOf\":{\"@id\":\"https:\\\/\\\/fjala.info\\\/2009-2015\\\/#website\"},\"primaryImageOfPage\":{\"@id\":\"https:\\\/\\\/fjala.info\\\/2009-2015\\\/kisha-katolike-shqiptare-ne-dardani-eshte-perhapur-qe-ne-shekullin-e-pare-pas-krishtit\\\/#primaryimage\"},\"image\":{\"@id\":\"https:\\\/\\\/fjala.info\\\/2009-2015\\\/kisha-katolike-shqiptare-ne-dardani-eshte-perhapur-qe-ne-shekullin-e-pare-pas-krishtit\\\/#primaryimage\"},\"thumbnailUrl\":\"http:\\\/\\\/www.shkoder.net\\\/images\\\/fjala\\\/2011\\\/kosova_martire.jpg\",\"datePublished\":\"2011-12-16T21:05:02+00:00\",\"breadcrumb\":{\"@id\":\"https:\\\/\\\/fjala.info\\\/2009-2015\\\/kisha-katolike-shqiptare-ne-dardani-eshte-perhapur-qe-ne-shekullin-e-pare-pas-krishtit\\\/#breadcrumb\"},\"inLanguage\":\"sq-AL\",\"potentialAction\":[{\"@type\":\"ReadAction\",\"target\":[\"https:\\\/\\\/fjala.info\\\/2009-2015\\\/kisha-katolike-shqiptare-ne-dardani-eshte-perhapur-qe-ne-shekullin-e-pare-pas-krishtit\\\/\"]}]},{\"@type\":\"ImageObject\",\"inLanguage\":\"sq-AL\",\"@id\":\"https:\\\/\\\/fjala.info\\\/2009-2015\\\/kisha-katolike-shqiptare-ne-dardani-eshte-perhapur-qe-ne-shekullin-e-pare-pas-krishtit\\\/#primaryimage\",\"url\":\"http:\\\/\\\/www.shkoder.net\\\/images\\\/fjala\\\/2011\\\/kosova_martire.jpg\",\"contentUrl\":\"http:\\\/\\\/www.shkoder.net\\\/images\\\/fjala\\\/2011\\\/kosova_martire.jpg\"},{\"@type\":\"BreadcrumbList\",\"@id\":\"https:\\\/\\\/fjala.info\\\/2009-2015\\\/kisha-katolike-shqiptare-ne-dardani-eshte-perhapur-qe-ne-shekullin-e-pare-pas-krishtit\\\/#breadcrumb\",\"itemListElement\":[{\"@type\":\"ListItem\",\"position\":1,\"name\":\"Home\",\"item\":\"https:\\\/\\\/fjala.info\\\/2009-2015\\\/\"},{\"@type\":\"ListItem\",\"position\":2,\"name\":\"Kisha katolike shqiptare n\u00eb Dardani \u00ebsht\u00eb p\u00ebrhapur q\u00eb n\u00eb shekullin e par\u00eb pas Krishtit\"}]},{\"@type\":\"WebSite\",\"@id\":\"https:\\\/\\\/fjala.info\\\/2009-2015\\\/#website\",\"url\":\"https:\\\/\\\/fjala.info\\\/2009-2015\\\/\",\"name\":\"FjALA e LIR\u00cb - Arkivi\",\"description\":\"Arkivi 2009-2015\",\"publisher\":{\"@id\":\"https:\\\/\\\/fjala.info\\\/2009-2015\\\/#organization\"},\"potentialAction\":[{\"@type\":\"SearchAction\",\"target\":{\"@type\":\"EntryPoint\",\"urlTemplate\":\"https:\\\/\\\/fjala.info\\\/2009-2015\\\/?s={search_term_string}\"},\"query-input\":{\"@type\":\"PropertyValueSpecification\",\"valueRequired\":true,\"valueName\":\"search_term_string\"}}],\"inLanguage\":\"sq-AL\"},{\"@type\":\"Organization\",\"@id\":\"https:\\\/\\\/fjala.info\\\/2009-2015\\\/#organization\",\"name\":\"FjALA e LIR\u00cb - Arkivi\",\"url\":\"https:\\\/\\\/fjala.info\\\/2009-2015\\\/\",\"logo\":{\"@type\":\"ImageObject\",\"inLanguage\":\"sq-AL\",\"@id\":\"https:\\\/\\\/fjala.info\\\/2009-2015\\\/#\\\/schema\\\/logo\\\/image\\\/\",\"url\":\"\",\"contentUrl\":\"\",\"caption\":\"FjALA e LIR\u00cb - Arkivi\"},\"image\":{\"@id\":\"https:\\\/\\\/fjala.info\\\/2009-2015\\\/#\\\/schema\\\/logo\\\/image\\\/\"}},{\"@type\":\"Person\",\"@id\":\"https:\\\/\\\/fjala.info\\\/2009-2015\\\/#\\\/schema\\\/person\\\/3aa1163ef05469c496fc94e77611ada2\",\"name\":\"admin\",\"image\":{\"@type\":\"ImageObject\",\"inLanguage\":\"sq-AL\",\"@id\":\"https:\\\/\\\/fjala.info\\\/2009-2015\\\/wp-content\\\/uploads\\\/2012\\\/02\\\/arben_cokaj-120x150.jpg\",\"url\":\"https:\\\/\\\/fjala.info\\\/2009-2015\\\/wp-content\\\/uploads\\\/2012\\\/02\\\/arben_cokaj-120x150.jpg\",\"contentUrl\":\"https:\\\/\\\/fjala.info\\\/2009-2015\\\/wp-content\\\/uploads\\\/2012\\\/02\\\/arben_cokaj-120x150.jpg\",\"caption\":\"admin\"},\"description\":\"Admin, Fjala e Lir\u00eb\",\"sameAs\":[\"https:\\\/\\\/fjala.info\\\/\"],\"url\":\"https:\\\/\\\/fjala.info\\\/2009-2015\\\/author\\\/admin\\\/\"}]}<\/script>\n<!-- \/ Yoast SEO plugin. -->","yoast_head_json":{"title":"Kisha katolike shqiptare n\u00eb Dardani \u00ebsht\u00eb p\u00ebrhapur q\u00eb n\u00eb shekullin e par\u00eb pas Krishtit - FjALA e LIR\u00cb - Arkivi","robots":{"index":"index","follow":"follow","max-snippet":"max-snippet:-1","max-image-preview":"max-image-preview:large","max-video-preview":"max-video-preview:-1"},"canonical":"https:\/\/fjala.info\/2009-2015\/kisha-katolike-shqiptare-ne-dardani-eshte-perhapur-qe-ne-shekullin-e-pare-pas-krishtit\/","og_locale":"sq_AL","og_type":"article","og_title":"Kisha katolike shqiptare n\u00eb Dardani \u00ebsht\u00eb p\u00ebrhapur q\u00eb n\u00eb shekullin e par\u00eb pas Krishtit - FjALA e LIR\u00cb - Arkivi","og_description":"Kisha katolike shqiptare n\u00eb Dardani, pra Kosov\u00ebn e sotme (q\u00eb \u00ebsht\u00eb teritor qendror\u00eb i Dardanis\u00eb s\u00eb dikurshme[11], \u00ebsht\u00eb p\u00ebrhapur q\u00eb n\u00eb shekullin e par\u00eb, pas Krishtit. Mir\u00ebpo jeta e k\u00ebsaj Kishe n\u00eb shekujt e par\u00eb, por edhe m\u00eb von\u00eb, ishte shum\u00eb e v\u00ebshtir\u00eb dhe me plot\u00eb rreziqe. Sepse ajo ishte e ndjekur, e salvuar. Per [&hellip;]","og_url":"https:\/\/fjala.info\/2009-2015\/kisha-katolike-shqiptare-ne-dardani-eshte-perhapur-qe-ne-shekullin-e-pare-pas-krishtit\/","og_site_name":"FjALA e LIR\u00cb - Arkivi","article_published_time":"2011-12-16T21:05:02+00:00","og_image":[{"url":"http:\/\/www.shkoder.net\/images\/fjala\/2011\/kosova_martire.jpg","type":"","width":"","height":""}],"author":"admin","twitter_card":"summary_large_image","twitter_misc":{"Written by":"admin","Est. reading time":"4 minutes"},"schema":{"@context":"https:\/\/schema.org","@graph":[{"@type":"Article","@id":"https:\/\/fjala.info\/2009-2015\/kisha-katolike-shqiptare-ne-dardani-eshte-perhapur-qe-ne-shekullin-e-pare-pas-krishtit\/#article","isPartOf":{"@id":"https:\/\/fjala.info\/2009-2015\/kisha-katolike-shqiptare-ne-dardani-eshte-perhapur-qe-ne-shekullin-e-pare-pas-krishtit\/"},"author":{"name":"admin","@id":"https:\/\/fjala.info\/2009-2015\/#\/schema\/person\/3aa1163ef05469c496fc94e77611ada2"},"headline":"Kisha katolike shqiptare n\u00eb Dardani \u00ebsht\u00eb p\u00ebrhapur q\u00eb n\u00eb shekullin e par\u00eb pas Krishtit","datePublished":"2011-12-16T21:05:02+00:00","mainEntityOfPage":{"@id":"https:\/\/fjala.info\/2009-2015\/kisha-katolike-shqiptare-ne-dardani-eshte-perhapur-qe-ne-shekullin-e-pare-pas-krishtit\/"},"wordCount":858,"commentCount":0,"publisher":{"@id":"https:\/\/fjala.info\/2009-2015\/#organization"},"image":{"@id":"https:\/\/fjala.info\/2009-2015\/kisha-katolike-shqiptare-ne-dardani-eshte-perhapur-qe-ne-shekullin-e-pare-pas-krishtit\/#primaryimage"},"thumbnailUrl":"http:\/\/www.shkoder.net\/images\/fjala\/2011\/kosova_martire.jpg","articleSection":["Artikuj"],"inLanguage":"sq-AL","potentialAction":[{"@type":"CommentAction","name":"Comment","target":["https:\/\/fjala.info\/2009-2015\/kisha-katolike-shqiptare-ne-dardani-eshte-perhapur-qe-ne-shekullin-e-pare-pas-krishtit\/#respond"]}]},{"@type":"WebPage","@id":"https:\/\/fjala.info\/2009-2015\/kisha-katolike-shqiptare-ne-dardani-eshte-perhapur-qe-ne-shekullin-e-pare-pas-krishtit\/","url":"https:\/\/fjala.info\/2009-2015\/kisha-katolike-shqiptare-ne-dardani-eshte-perhapur-qe-ne-shekullin-e-pare-pas-krishtit\/","name":"Kisha katolike shqiptare n\u00eb Dardani \u00ebsht\u00eb p\u00ebrhapur q\u00eb n\u00eb shekullin e par\u00eb pas Krishtit - FjALA e LIR\u00cb - Arkivi","isPartOf":{"@id":"https:\/\/fjala.info\/2009-2015\/#website"},"primaryImageOfPage":{"@id":"https:\/\/fjala.info\/2009-2015\/kisha-katolike-shqiptare-ne-dardani-eshte-perhapur-qe-ne-shekullin-e-pare-pas-krishtit\/#primaryimage"},"image":{"@id":"https:\/\/fjala.info\/2009-2015\/kisha-katolike-shqiptare-ne-dardani-eshte-perhapur-qe-ne-shekullin-e-pare-pas-krishtit\/#primaryimage"},"thumbnailUrl":"http:\/\/www.shkoder.net\/images\/fjala\/2011\/kosova_martire.jpg","datePublished":"2011-12-16T21:05:02+00:00","breadcrumb":{"@id":"https:\/\/fjala.info\/2009-2015\/kisha-katolike-shqiptare-ne-dardani-eshte-perhapur-qe-ne-shekullin-e-pare-pas-krishtit\/#breadcrumb"},"inLanguage":"sq-AL","potentialAction":[{"@type":"ReadAction","target":["https:\/\/fjala.info\/2009-2015\/kisha-katolike-shqiptare-ne-dardani-eshte-perhapur-qe-ne-shekullin-e-pare-pas-krishtit\/"]}]},{"@type":"ImageObject","inLanguage":"sq-AL","@id":"https:\/\/fjala.info\/2009-2015\/kisha-katolike-shqiptare-ne-dardani-eshte-perhapur-qe-ne-shekullin-e-pare-pas-krishtit\/#primaryimage","url":"http:\/\/www.shkoder.net\/images\/fjala\/2011\/kosova_martire.jpg","contentUrl":"http:\/\/www.shkoder.net\/images\/fjala\/2011\/kosova_martire.jpg"},{"@type":"BreadcrumbList","@id":"https:\/\/fjala.info\/2009-2015\/kisha-katolike-shqiptare-ne-dardani-eshte-perhapur-qe-ne-shekullin-e-pare-pas-krishtit\/#breadcrumb","itemListElement":[{"@type":"ListItem","position":1,"name":"Home","item":"https:\/\/fjala.info\/2009-2015\/"},{"@type":"ListItem","position":2,"name":"Kisha katolike shqiptare n\u00eb Dardani \u00ebsht\u00eb p\u00ebrhapur q\u00eb n\u00eb shekullin e par\u00eb pas Krishtit"}]},{"@type":"WebSite","@id":"https:\/\/fjala.info\/2009-2015\/#website","url":"https:\/\/fjala.info\/2009-2015\/","name":"FjALA e LIR\u00cb - Arkivi","description":"Arkivi 2009-2015","publisher":{"@id":"https:\/\/fjala.info\/2009-2015\/#organization"},"potentialAction":[{"@type":"SearchAction","target":{"@type":"EntryPoint","urlTemplate":"https:\/\/fjala.info\/2009-2015\/?s={search_term_string}"},"query-input":{"@type":"PropertyValueSpecification","valueRequired":true,"valueName":"search_term_string"}}],"inLanguage":"sq-AL"},{"@type":"Organization","@id":"https:\/\/fjala.info\/2009-2015\/#organization","name":"FjALA e LIR\u00cb - Arkivi","url":"https:\/\/fjala.info\/2009-2015\/","logo":{"@type":"ImageObject","inLanguage":"sq-AL","@id":"https:\/\/fjala.info\/2009-2015\/#\/schema\/logo\/image\/","url":"","contentUrl":"","caption":"FjALA e LIR\u00cb - Arkivi"},"image":{"@id":"https:\/\/fjala.info\/2009-2015\/#\/schema\/logo\/image\/"}},{"@type":"Person","@id":"https:\/\/fjala.info\/2009-2015\/#\/schema\/person\/3aa1163ef05469c496fc94e77611ada2","name":"admin","image":{"@type":"ImageObject","inLanguage":"sq-AL","@id":"https:\/\/fjala.info\/2009-2015\/wp-content\/uploads\/2012\/02\/arben_cokaj-120x150.jpg","url":"https:\/\/fjala.info\/2009-2015\/wp-content\/uploads\/2012\/02\/arben_cokaj-120x150.jpg","contentUrl":"https:\/\/fjala.info\/2009-2015\/wp-content\/uploads\/2012\/02\/arben_cokaj-120x150.jpg","caption":"admin"},"description":"Admin, Fjala e Lir\u00eb","sameAs":["https:\/\/fjala.info\/"],"url":"https:\/\/fjala.info\/2009-2015\/author\/admin\/"}]}},"_links":{"self":[{"href":"https:\/\/fjala.info\/2009-2015\/wp-json\/wp\/v2\/posts\/11528","targetHints":{"allow":["GET"]}}],"collection":[{"href":"https:\/\/fjala.info\/2009-2015\/wp-json\/wp\/v2\/posts"}],"about":[{"href":"https:\/\/fjala.info\/2009-2015\/wp-json\/wp\/v2\/types\/post"}],"author":[{"embeddable":true,"href":"https:\/\/fjala.info\/2009-2015\/wp-json\/wp\/v2\/users\/1"}],"replies":[{"embeddable":true,"href":"https:\/\/fjala.info\/2009-2015\/wp-json\/wp\/v2\/comments?post=11528"}],"version-history":[{"count":0,"href":"https:\/\/fjala.info\/2009-2015\/wp-json\/wp\/v2\/posts\/11528\/revisions"}],"wp:attachment":[{"href":"https:\/\/fjala.info\/2009-2015\/wp-json\/wp\/v2\/media?parent=11528"}],"wp:term":[{"taxonomy":"category","embeddable":true,"href":"https:\/\/fjala.info\/2009-2015\/wp-json\/wp\/v2\/categories?post=11528"},{"taxonomy":"post_tag","embeddable":true,"href":"https:\/\/fjala.info\/2009-2015\/wp-json\/wp\/v2\/tags?post=11528"}],"curies":[{"name":"wp","href":"https:\/\/api.w.org\/{rel}","templated":true}]}}