{"id":11527,"date":"2011-12-19T15:46:12","date_gmt":"2011-12-19T14:46:12","guid":{"rendered":"http:\/\/fjala.shkoder.net\/?p=647"},"modified":"2011-12-19T15:46:12","modified_gmt":"2011-12-19T14:46:12","slug":"zhduket-jozefina-topalli-alarmohet-garda-dhe-policia","status":"publish","type":"post","link":"https:\/\/fjala.info\/2009-2015\/zhduket-jozefina-topalli-alarmohet-garda-dhe-policia\/","title":{"rendered":"\u201cZhduket\u201d Jozefina Topalli, alarmohet Garda dhe policia"},"content":{"rendered":"<p><img decoding=\"async\" class=\"alignleft size-thumbnail wp-image-7236\" title=\"Jozi Topalli\" src=\"http:\/\/www.shkoder.net\/images\/fjala\/2011\/jozi_topalli.jpg\" alt=\"\" width=\"300\" \/> <strong>TemA<\/strong>, <em>19 Dhjetor 2011<\/em><\/p>\n<p>Jozefina Topalli ka v\u00ebn\u00eb n\u00eb alarm policin\u00eb dhe Gard\u00ebn dje, pasi \u00ebsht\u00eb \u201czhdukur\u201d me nj\u00eb makin\u00eb private p\u00ebr disa minuta. Lajmin e b\u00ebn t\u00eb ditur e p\u00ebrditshmja Shqip. Kryetarja e Kuvendit \u00ebsht\u00eb larguar me nj\u00eb makin\u00eb private dhe pa eskort\u00eb nga Durr\u00ebsi drejt Tiran\u00ebs, por kjo ka detyruar t\u00eb dyja strukturat q\u00eb t\u00eb marrin masat p\u00ebr gjetjen sa m\u00eb t\u00eb shpejt\u00eb t\u00eb saj dhe shoq\u00ebrimin e saj n\u00eb distanc\u00eb. Ngjarja ka ndodhur pasditen e djeshme, kur Jozefina Topalli ishte nisur nga Durr\u00ebsi drejt Tiran\u00ebs. Sipas t\u00eb dh\u00ebnave paraprake, ajo ka qen\u00eb n\u00eb nj\u00eb takim n\u00eb Durr\u00ebs, nd\u00ebrkoh\u00eb q\u00eb shoq\u00ebrohej nga oficer\u00ebt e siguris\u00eb dhe ruajtjes s\u00eb personaliteteve t\u00eb Gard\u00ebs s\u00eb Republik\u00ebs.<\/p>\n<p>N\u00eb nj\u00eb moment, ajo \u00ebsht\u00eb larguar bashk\u00eb me bashk\u00ebbiseduesin me nj\u00eb makin\u00eb private. N\u00eb lidhje me personin q\u00eb shoq\u00ebronte Topallin nuk \u00ebsht\u00eb dh\u00ebn\u00eb asnj\u00eb detaj nga strukturat e policis\u00eb apo t\u00eb Gard\u00ebs s\u00eb Republik\u00ebs, t\u00eb cilat kan\u00eb treguar se \u00e7far\u00eb kishte ngjar\u00eb. Sipas t\u00eb dh\u00ebnave konfidenciale, ajo \u00ebsht\u00eb larguar nga Durr\u00ebsi me nj\u00eb makin\u00eb private, \u201cTuareg\u201d, me targa t\u00eb Tiran\u00ebs. Por, oficer\u00ebt e Gard\u00ebs nuk kan\u00eb mundur t\u00eb fiksojn\u00eb t\u00eb gjitha t\u00eb dh\u00ebnat e targ\u00ebs.<\/p>\n","protected":false},"excerpt":{"rendered":"<p>TemA, 19 Dhjetor 2011 Jozefina Topalli ka v\u00ebn\u00eb n\u00eb alarm policin\u00eb dhe Gard\u00ebn dje, pasi \u00ebsht\u00eb \u201czhdukur\u201d me nj\u00eb makin\u00eb private p\u00ebr disa minuta. Lajmin e b\u00ebn t\u00eb ditur e p\u00ebrditshmja Shqip. Kryetarja e Kuvendit \u00ebsht\u00eb larguar me nj\u00eb makin\u00eb private dhe pa eskort\u00eb nga Durr\u00ebsi drejt Tiran\u00ebs, por kjo ka detyruar t\u00eb dyja strukturat [&hellip;]<\/p>\n","protected":false},"author":1,"featured_media":0,"comment_status":"open","ping_status":"closed","sticky":false,"template":"","format":"standard","meta":{"footnotes":""},"categories":[5],"tags":[],"class_list":{"0":"post-11527","1":"post","2":"type-post","3":"status-publish","4":"format-standard","6":"category-lajme"},"yoast_head":"<!-- This site is optimized with the Yoast SEO plugin v27.4 - https:\/\/yoast.com\/product\/yoast-seo-wordpress\/ -->\n<title>\u201cZhduket\u201d Jozefina Topalli, alarmohet Garda dhe policia - FjALA e LIR\u00cb - Arkivi<\/title>\n<meta name=\"robots\" content=\"index, follow, max-snippet:-1, max-image-preview:large, max-video-preview:-1\" \/>\n<link rel=\"canonical\" href=\"https:\/\/fjala.info\/2009-2015\/zhduket-jozefina-topalli-alarmohet-garda-dhe-policia\/\" \/>\n<meta property=\"og:locale\" content=\"sq_AL\" \/>\n<meta property=\"og:type\" content=\"article\" \/>\n<meta property=\"og:title\" content=\"\u201cZhduket\u201d Jozefina Topalli, alarmohet Garda dhe policia - FjALA e LIR\u00cb - Arkivi\" \/>\n<meta property=\"og:description\" content=\"TemA, 19 Dhjetor 2011 Jozefina Topalli ka v\u00ebn\u00eb n\u00eb alarm policin\u00eb dhe Gard\u00ebn dje, pasi \u00ebsht\u00eb \u201czhdukur\u201d me nj\u00eb makin\u00eb private p\u00ebr disa minuta. Lajmin e b\u00ebn t\u00eb ditur e p\u00ebrditshmja Shqip. Kryetarja e Kuvendit \u00ebsht\u00eb larguar me nj\u00eb makin\u00eb private dhe pa eskort\u00eb nga Durr\u00ebsi drejt Tiran\u00ebs, por kjo ka detyruar t\u00eb dyja strukturat [&hellip;]\" \/>\n<meta property=\"og:url\" content=\"https:\/\/fjala.info\/2009-2015\/zhduket-jozefina-topalli-alarmohet-garda-dhe-policia\/\" \/>\n<meta property=\"og:site_name\" content=\"FjALA e LIR\u00cb - Arkivi\" \/>\n<meta property=\"article:published_time\" content=\"2011-12-19T14:46:12+00:00\" \/>\n<meta property=\"og:image\" content=\"http:\/\/www.shkoder.net\/images\/fjala\/2011\/jozi_topalli.jpg\" \/>\n<meta name=\"author\" content=\"admin\" \/>\n<meta name=\"twitter:card\" content=\"summary_large_image\" \/>\n<meta name=\"twitter:label1\" content=\"Written by\" \/>\n\t<meta name=\"twitter:data1\" content=\"admin\" \/>\n\t<meta name=\"twitter:label2\" content=\"Est. reading time\" \/>\n\t<meta name=\"twitter:data2\" content=\"1 minute\" \/>\n<script type=\"application\/ld+json\" class=\"yoast-schema-graph\">{\"@context\":\"https:\\\/\\\/schema.org\",\"@graph\":[{\"@type\":\"Article\",\"@id\":\"https:\\\/\\\/fjala.info\\\/2009-2015\\\/zhduket-jozefina-topalli-alarmohet-garda-dhe-policia\\\/#article\",\"isPartOf\":{\"@id\":\"https:\\\/\\\/fjala.info\\\/2009-2015\\\/zhduket-jozefina-topalli-alarmohet-garda-dhe-policia\\\/\"},\"author\":{\"name\":\"admin\",\"@id\":\"https:\\\/\\\/fjala.info\\\/2009-2015\\\/#\\\/schema\\\/person\\\/3aa1163ef05469c496fc94e77611ada2\"},\"headline\":\"\u201cZhduket\u201d Jozefina Topalli, alarmohet Garda dhe policia\",\"datePublished\":\"2011-12-19T14:46:12+00:00\",\"mainEntityOfPage\":{\"@id\":\"https:\\\/\\\/fjala.info\\\/2009-2015\\\/zhduket-jozefina-topalli-alarmohet-garda-dhe-policia\\\/\"},\"wordCount\":225,\"commentCount\":0,\"publisher\":{\"@id\":\"https:\\\/\\\/fjala.info\\\/2009-2015\\\/#organization\"},\"image\":{\"@id\":\"https:\\\/\\\/fjala.info\\\/2009-2015\\\/zhduket-jozefina-topalli-alarmohet-garda-dhe-policia\\\/#primaryimage\"},\"thumbnailUrl\":\"http:\\\/\\\/www.shkoder.net\\\/images\\\/fjala\\\/2011\\\/jozi_topalli.jpg\",\"articleSection\":[\"Lajme\"],\"inLanguage\":\"sq-AL\",\"potentialAction\":[{\"@type\":\"CommentAction\",\"name\":\"Comment\",\"target\":[\"https:\\\/\\\/fjala.info\\\/2009-2015\\\/zhduket-jozefina-topalli-alarmohet-garda-dhe-policia\\\/#respond\"]}]},{\"@type\":\"WebPage\",\"@id\":\"https:\\\/\\\/fjala.info\\\/2009-2015\\\/zhduket-jozefina-topalli-alarmohet-garda-dhe-policia\\\/\",\"url\":\"https:\\\/\\\/fjala.info\\\/2009-2015\\\/zhduket-jozefina-topalli-alarmohet-garda-dhe-policia\\\/\",\"name\":\"\u201cZhduket\u201d Jozefina Topalli, alarmohet Garda dhe policia - FjALA e LIR\u00cb - Arkivi\",\"isPartOf\":{\"@id\":\"https:\\\/\\\/fjala.info\\\/2009-2015\\\/#website\"},\"primaryImageOfPage\":{\"@id\":\"https:\\\/\\\/fjala.info\\\/2009-2015\\\/zhduket-jozefina-topalli-alarmohet-garda-dhe-policia\\\/#primaryimage\"},\"image\":{\"@id\":\"https:\\\/\\\/fjala.info\\\/2009-2015\\\/zhduket-jozefina-topalli-alarmohet-garda-dhe-policia\\\/#primaryimage\"},\"thumbnailUrl\":\"http:\\\/\\\/www.shkoder.net\\\/images\\\/fjala\\\/2011\\\/jozi_topalli.jpg\",\"datePublished\":\"2011-12-19T14:46:12+00:00\",\"breadcrumb\":{\"@id\":\"https:\\\/\\\/fjala.info\\\/2009-2015\\\/zhduket-jozefina-topalli-alarmohet-garda-dhe-policia\\\/#breadcrumb\"},\"inLanguage\":\"sq-AL\",\"potentialAction\":[{\"@type\":\"ReadAction\",\"target\":[\"https:\\\/\\\/fjala.info\\\/2009-2015\\\/zhduket-jozefina-topalli-alarmohet-garda-dhe-policia\\\/\"]}]},{\"@type\":\"ImageObject\",\"inLanguage\":\"sq-AL\",\"@id\":\"https:\\\/\\\/fjala.info\\\/2009-2015\\\/zhduket-jozefina-topalli-alarmohet-garda-dhe-policia\\\/#primaryimage\",\"url\":\"http:\\\/\\\/www.shkoder.net\\\/images\\\/fjala\\\/2011\\\/jozi_topalli.jpg\",\"contentUrl\":\"http:\\\/\\\/www.shkoder.net\\\/images\\\/fjala\\\/2011\\\/jozi_topalli.jpg\"},{\"@type\":\"BreadcrumbList\",\"@id\":\"https:\\\/\\\/fjala.info\\\/2009-2015\\\/zhduket-jozefina-topalli-alarmohet-garda-dhe-policia\\\/#breadcrumb\",\"itemListElement\":[{\"@type\":\"ListItem\",\"position\":1,\"name\":\"Home\",\"item\":\"https:\\\/\\\/fjala.info\\\/2009-2015\\\/\"},{\"@type\":\"ListItem\",\"position\":2,\"name\":\"\u201cZhduket\u201d Jozefina Topalli, alarmohet Garda dhe policia\"}]},{\"@type\":\"WebSite\",\"@id\":\"https:\\\/\\\/fjala.info\\\/2009-2015\\\/#website\",\"url\":\"https:\\\/\\\/fjala.info\\\/2009-2015\\\/\",\"name\":\"FjALA e LIR\u00cb - Arkivi\",\"description\":\"Arkivi 2009-2015\",\"publisher\":{\"@id\":\"https:\\\/\\\/fjala.info\\\/2009-2015\\\/#organization\"},\"potentialAction\":[{\"@type\":\"SearchAction\",\"target\":{\"@type\":\"EntryPoint\",\"urlTemplate\":\"https:\\\/\\\/fjala.info\\\/2009-2015\\\/?s={search_term_string}\"},\"query-input\":{\"@type\":\"PropertyValueSpecification\",\"valueRequired\":true,\"valueName\":\"search_term_string\"}}],\"inLanguage\":\"sq-AL\"},{\"@type\":\"Organization\",\"@id\":\"https:\\\/\\\/fjala.info\\\/2009-2015\\\/#organization\",\"name\":\"FjALA e LIR\u00cb - Arkivi\",\"url\":\"https:\\\/\\\/fjala.info\\\/2009-2015\\\/\",\"logo\":{\"@type\":\"ImageObject\",\"inLanguage\":\"sq-AL\",\"@id\":\"https:\\\/\\\/fjala.info\\\/2009-2015\\\/#\\\/schema\\\/logo\\\/image\\\/\",\"url\":\"\",\"contentUrl\":\"\",\"caption\":\"FjALA e LIR\u00cb - Arkivi\"},\"image\":{\"@id\":\"https:\\\/\\\/fjala.info\\\/2009-2015\\\/#\\\/schema\\\/logo\\\/image\\\/\"}},{\"@type\":\"Person\",\"@id\":\"https:\\\/\\\/fjala.info\\\/2009-2015\\\/#\\\/schema\\\/person\\\/3aa1163ef05469c496fc94e77611ada2\",\"name\":\"admin\",\"image\":{\"@type\":\"ImageObject\",\"inLanguage\":\"sq-AL\",\"@id\":\"https:\\\/\\\/fjala.info\\\/2009-2015\\\/wp-content\\\/uploads\\\/2012\\\/02\\\/arben_cokaj-120x150.jpg\",\"url\":\"https:\\\/\\\/fjala.info\\\/2009-2015\\\/wp-content\\\/uploads\\\/2012\\\/02\\\/arben_cokaj-120x150.jpg\",\"contentUrl\":\"https:\\\/\\\/fjala.info\\\/2009-2015\\\/wp-content\\\/uploads\\\/2012\\\/02\\\/arben_cokaj-120x150.jpg\",\"caption\":\"admin\"},\"description\":\"Admin, Fjala e Lir\u00eb\",\"sameAs\":[\"https:\\\/\\\/fjala.info\\\/\"],\"url\":\"https:\\\/\\\/fjala.info\\\/2009-2015\\\/author\\\/admin\\\/\"}]}<\/script>\n<!-- \/ Yoast SEO plugin. -->","yoast_head_json":{"title":"\u201cZhduket\u201d Jozefina Topalli, alarmohet Garda dhe policia - FjALA e LIR\u00cb - Arkivi","robots":{"index":"index","follow":"follow","max-snippet":"max-snippet:-1","max-image-preview":"max-image-preview:large","max-video-preview":"max-video-preview:-1"},"canonical":"https:\/\/fjala.info\/2009-2015\/zhduket-jozefina-topalli-alarmohet-garda-dhe-policia\/","og_locale":"sq_AL","og_type":"article","og_title":"\u201cZhduket\u201d Jozefina Topalli, alarmohet Garda dhe policia - FjALA e LIR\u00cb - Arkivi","og_description":"TemA, 19 Dhjetor 2011 Jozefina Topalli ka v\u00ebn\u00eb n\u00eb alarm policin\u00eb dhe Gard\u00ebn dje, pasi \u00ebsht\u00eb \u201czhdukur\u201d me nj\u00eb makin\u00eb private p\u00ebr disa minuta. Lajmin e b\u00ebn t\u00eb ditur e p\u00ebrditshmja Shqip. Kryetarja e Kuvendit \u00ebsht\u00eb larguar me nj\u00eb makin\u00eb private dhe pa eskort\u00eb nga Durr\u00ebsi drejt Tiran\u00ebs, por kjo ka detyruar t\u00eb dyja strukturat [&hellip;]","og_url":"https:\/\/fjala.info\/2009-2015\/zhduket-jozefina-topalli-alarmohet-garda-dhe-policia\/","og_site_name":"FjALA e LIR\u00cb - Arkivi","article_published_time":"2011-12-19T14:46:12+00:00","og_image":[{"url":"http:\/\/www.shkoder.net\/images\/fjala\/2011\/jozi_topalli.jpg","type":"","width":"","height":""}],"author":"admin","twitter_card":"summary_large_image","twitter_misc":{"Written by":"admin","Est. reading time":"1 minute"},"schema":{"@context":"https:\/\/schema.org","@graph":[{"@type":"Article","@id":"https:\/\/fjala.info\/2009-2015\/zhduket-jozefina-topalli-alarmohet-garda-dhe-policia\/#article","isPartOf":{"@id":"https:\/\/fjala.info\/2009-2015\/zhduket-jozefina-topalli-alarmohet-garda-dhe-policia\/"},"author":{"name":"admin","@id":"https:\/\/fjala.info\/2009-2015\/#\/schema\/person\/3aa1163ef05469c496fc94e77611ada2"},"headline":"\u201cZhduket\u201d Jozefina Topalli, alarmohet Garda dhe policia","datePublished":"2011-12-19T14:46:12+00:00","mainEntityOfPage":{"@id":"https:\/\/fjala.info\/2009-2015\/zhduket-jozefina-topalli-alarmohet-garda-dhe-policia\/"},"wordCount":225,"commentCount":0,"publisher":{"@id":"https:\/\/fjala.info\/2009-2015\/#organization"},"image":{"@id":"https:\/\/fjala.info\/2009-2015\/zhduket-jozefina-topalli-alarmohet-garda-dhe-policia\/#primaryimage"},"thumbnailUrl":"http:\/\/www.shkoder.net\/images\/fjala\/2011\/jozi_topalli.jpg","articleSection":["Lajme"],"inLanguage":"sq-AL","potentialAction":[{"@type":"CommentAction","name":"Comment","target":["https:\/\/fjala.info\/2009-2015\/zhduket-jozefina-topalli-alarmohet-garda-dhe-policia\/#respond"]}]},{"@type":"WebPage","@id":"https:\/\/fjala.info\/2009-2015\/zhduket-jozefina-topalli-alarmohet-garda-dhe-policia\/","url":"https:\/\/fjala.info\/2009-2015\/zhduket-jozefina-topalli-alarmohet-garda-dhe-policia\/","name":"\u201cZhduket\u201d Jozefina Topalli, alarmohet Garda dhe policia - FjALA e LIR\u00cb - Arkivi","isPartOf":{"@id":"https:\/\/fjala.info\/2009-2015\/#website"},"primaryImageOfPage":{"@id":"https:\/\/fjala.info\/2009-2015\/zhduket-jozefina-topalli-alarmohet-garda-dhe-policia\/#primaryimage"},"image":{"@id":"https:\/\/fjala.info\/2009-2015\/zhduket-jozefina-topalli-alarmohet-garda-dhe-policia\/#primaryimage"},"thumbnailUrl":"http:\/\/www.shkoder.net\/images\/fjala\/2011\/jozi_topalli.jpg","datePublished":"2011-12-19T14:46:12+00:00","breadcrumb":{"@id":"https:\/\/fjala.info\/2009-2015\/zhduket-jozefina-topalli-alarmohet-garda-dhe-policia\/#breadcrumb"},"inLanguage":"sq-AL","potentialAction":[{"@type":"ReadAction","target":["https:\/\/fjala.info\/2009-2015\/zhduket-jozefina-topalli-alarmohet-garda-dhe-policia\/"]}]},{"@type":"ImageObject","inLanguage":"sq-AL","@id":"https:\/\/fjala.info\/2009-2015\/zhduket-jozefina-topalli-alarmohet-garda-dhe-policia\/#primaryimage","url":"http:\/\/www.shkoder.net\/images\/fjala\/2011\/jozi_topalli.jpg","contentUrl":"http:\/\/www.shkoder.net\/images\/fjala\/2011\/jozi_topalli.jpg"},{"@type":"BreadcrumbList","@id":"https:\/\/fjala.info\/2009-2015\/zhduket-jozefina-topalli-alarmohet-garda-dhe-policia\/#breadcrumb","itemListElement":[{"@type":"ListItem","position":1,"name":"Home","item":"https:\/\/fjala.info\/2009-2015\/"},{"@type":"ListItem","position":2,"name":"\u201cZhduket\u201d Jozefina Topalli, alarmohet Garda dhe policia"}]},{"@type":"WebSite","@id":"https:\/\/fjala.info\/2009-2015\/#website","url":"https:\/\/fjala.info\/2009-2015\/","name":"FjALA e LIR\u00cb - Arkivi","description":"Arkivi 2009-2015","publisher":{"@id":"https:\/\/fjala.info\/2009-2015\/#organization"},"potentialAction":[{"@type":"SearchAction","target":{"@type":"EntryPoint","urlTemplate":"https:\/\/fjala.info\/2009-2015\/?s={search_term_string}"},"query-input":{"@type":"PropertyValueSpecification","valueRequired":true,"valueName":"search_term_string"}}],"inLanguage":"sq-AL"},{"@type":"Organization","@id":"https:\/\/fjala.info\/2009-2015\/#organization","name":"FjALA e LIR\u00cb - Arkivi","url":"https:\/\/fjala.info\/2009-2015\/","logo":{"@type":"ImageObject","inLanguage":"sq-AL","@id":"https:\/\/fjala.info\/2009-2015\/#\/schema\/logo\/image\/","url":"","contentUrl":"","caption":"FjALA e LIR\u00cb - Arkivi"},"image":{"@id":"https:\/\/fjala.info\/2009-2015\/#\/schema\/logo\/image\/"}},{"@type":"Person","@id":"https:\/\/fjala.info\/2009-2015\/#\/schema\/person\/3aa1163ef05469c496fc94e77611ada2","name":"admin","image":{"@type":"ImageObject","inLanguage":"sq-AL","@id":"https:\/\/fjala.info\/2009-2015\/wp-content\/uploads\/2012\/02\/arben_cokaj-120x150.jpg","url":"https:\/\/fjala.info\/2009-2015\/wp-content\/uploads\/2012\/02\/arben_cokaj-120x150.jpg","contentUrl":"https:\/\/fjala.info\/2009-2015\/wp-content\/uploads\/2012\/02\/arben_cokaj-120x150.jpg","caption":"admin"},"description":"Admin, Fjala e Lir\u00eb","sameAs":["https:\/\/fjala.info\/"],"url":"https:\/\/fjala.info\/2009-2015\/author\/admin\/"}]}},"_links":{"self":[{"href":"https:\/\/fjala.info\/2009-2015\/wp-json\/wp\/v2\/posts\/11527","targetHints":{"allow":["GET"]}}],"collection":[{"href":"https:\/\/fjala.info\/2009-2015\/wp-json\/wp\/v2\/posts"}],"about":[{"href":"https:\/\/fjala.info\/2009-2015\/wp-json\/wp\/v2\/types\/post"}],"author":[{"embeddable":true,"href":"https:\/\/fjala.info\/2009-2015\/wp-json\/wp\/v2\/users\/1"}],"replies":[{"embeddable":true,"href":"https:\/\/fjala.info\/2009-2015\/wp-json\/wp\/v2\/comments?post=11527"}],"version-history":[{"count":0,"href":"https:\/\/fjala.info\/2009-2015\/wp-json\/wp\/v2\/posts\/11527\/revisions"}],"wp:attachment":[{"href":"https:\/\/fjala.info\/2009-2015\/wp-json\/wp\/v2\/media?parent=11527"}],"wp:term":[{"taxonomy":"category","embeddable":true,"href":"https:\/\/fjala.info\/2009-2015\/wp-json\/wp\/v2\/categories?post=11527"},{"taxonomy":"post_tag","embeddable":true,"href":"https:\/\/fjala.info\/2009-2015\/wp-json\/wp\/v2\/tags?post=11527"}],"curies":[{"name":"wp","href":"https:\/\/api.w.org\/{rel}","templated":true}]}}