{"id":11526,"date":"2011-12-18T15:22:46","date_gmt":"2011-12-18T14:22:46","guid":{"rendered":"http:\/\/fjala.shkoder.net\/?p=641"},"modified":"2011-12-18T15:22:46","modified_gmt":"2011-12-18T14:22:46","slug":"pa-keqardhje-per-sllobon","status":"publish","type":"post","link":"https:\/\/fjala.info\/2009-2015\/pa-keqardhje-per-sllobon\/","title":{"rendered":"Pa keqardhje per Sllobon"},"content":{"rendered":"<p><img decoding=\"async\" class=\"alignleft size-thumbnail wp-image-7236\" title=\"Christopher Hitchens\" src=\"http:\/\/www.shkoder.net\/images\/fjala\/2011\/christopher_hitchens.jpg\" alt=\"\" width=\"150\" \/> Nga <strong>Christopher Hitchens<\/strong>, <em>17 Dhjetor 2011<\/em><\/p>\n<p>&#8211; <em>Kujdes nga askush\u00ebt e mllefosur inat\u00e7or\u00eb q\u00eb hyjn\u00eb n\u00eb politik\u00eb p\u00ebr arsye terapeutike<\/em>.<\/p>\n<p>N\u00eb koh\u00ebn e rrethimit t\u00eb Sarajev\u00ebs ose d\u00ebbimeve masive nga Kosova, lajmi p\u00ebr ndaljen e papritur t\u00eb zemr\u00ebs s\u00eb Slobodan Milosevicit do t\u00eb kishte shkaktuar fest\u00eb t\u00eb g\u00ebzueshme n\u00eb shum\u00eb zemra tjera. Ideja se ai nj\u00eb dit\u00eb mund t\u00eb vdiste n\u00eb burg \u2013 dhe q\u00eb ky ishte synimi i gjykimit t\u00eb tij t\u00eb gjat\u00eb dhe t\u00eb komplikuar \u2013 do t\u00eb ishte lajm i mrekulluesh\u00ebm p\u00ebr gjenerat\u00ebn e ardhshme. Por, lajmi se ai \u00ebsht\u00eb dor\u00ebzuar rast\u00ebsisht \u00ebsht\u00eb nj\u00eb lajm i keq, njashtu si s\u00ebmundja e cila e mori nj\u00ebrin prej gjykat\u00ebsve t\u00eb par\u00eb dhe e vonoi procesin. Mund ta shohim mitin e martirizimit duke u form\u00ebsuar mjegulluesh\u00ebm n\u00eb mo\u00e7alin e nacionalizmit dhe bes\u00ebtytnis\u00eb. Ky do t\u00eb ishte rezultati m\u00eb i keq, pasi Milosevici u nis dhe u bitis \u2013 si\u00e7 b\u00ebjn\u00eb t\u00eb gjith\u00eb diktator\u00ebt e till\u00eb \u2013 duke e shkat\u00ebrruar popullin e vet dhe duke e rr\u00ebnuar shtetin e tij.<\/p>\n<p>Ishte 24 Prilli i vitit 1987, kur si nj\u00eb burokrat ambicioz stalinoid ai mori udh\u00eb p\u00ebr n\u00eb Kosov\u00eb dhe iu drejtua pakic\u00ebs serbe me nj\u00eb fjalim t\u00eb helmatisur demagogjik.<\/p>\n<p>Ishte 28 Qershori i vitit 1989 \u2013 600 vjetori i humbjes serbe prej turqve n\u00eb Kosov\u00eb \u2013 kur ai u kthye n\u00eb vend dhe mbajti nj\u00eb fjalim histerik n\u00eb tubimin masiv.<\/p>\n<p>Gjat\u00eb presidenc\u00ebs s\u00eb tij t\u00eb turpshme, Serbia u shnd\u00ebrrua n\u00eb banana republik\u00eb, kurse paraardh\u00ebsi i tij Ivan Stambolic, m\u00eb von\u00eb \u201cu zhduk\u201d dhe u gjet n\u00eb nj\u00eb varr cek\u00ebtine. Togat serbe t\u00eb vdekjes u p\u00ebrdor\u00ebn edhe ndaj serb\u00ebve t\u00eb tij, por gjithashtu \u201cmohuesh\u00ebm\u201d u d\u00ebrguan n\u00eb Bosnje dhe tjet\u00ebrkund. N\u00eb fund, pakicat serbe \u2013 n\u00eb em\u00ebr t\u00eb t\u00eb cilave ai e kishte nxitur luft\u00ebn rajonale \u2013 ishin p\u00ebrz\u00ebn\u00eb posht\u00ebruesh\u00ebm nga sht\u00ebpit\u00eb e tyre t\u00eb lashta n\u00eb rajonin e Krajin\u00ebs dhe vet\u00eb Kosov\u00ebs. Vet\u00ebm qytetari serb \u00ebsht\u00eb n\u00eb gjendje q\u00eb \u00e7ilt\u00ebrsisht ta ndjej\u00eb thell\u00ebsin\u00eb e zararit t\u00eb tij kulturor dhe ekonomik. Turmat e guximshme t\u00eb student\u00ebve q\u00eb demonstronin n\u00eb Beograd, n\u00eb Marsin e vitit 1991, ia kishin q\u00eblluar sakt\u00ebsisht kur brohorisnin: \u201cSlobo Saddam\u201d.<\/p>\n<p>Ose, pothuajse ia kishin q\u00eblluar sakt\u00ebsisht. Milosevici nuk e kishte fuqin\u00eb psikopatike t\u00eb Saddam Husseinit ose t\u00eb Osama Bin Ladenit. Ai ishte nga soji m\u00eb i rreziksh\u00ebm: zyrtar mediok\u00ebr dhe konformist, i cili e pret koh\u00ebn e tij dhe i fsheh\u00eb pak\u00ebnaq\u00ebsit\u00eb e veta. Nga nj\u00eb aparat\u00e7ik u shnd\u00ebrrua n\u00eb pushtetar suprem. Ndon\u00ebse u ngrit p\u00ebrmes shfryt\u00ebzimit t\u00eb entuziazmit religjioz dhe ksenofobik, qart\u00ebsisht mund t\u00eb merret me mend se asnj\u00ebher\u00eb nuk merakosej p\u00ebr totem\u00ebt dhe simbolet q\u00eb i eksploatoi.<\/p>\n<p>Si n\u00eb zyr\u00eb, ashtu edhe n\u00eb bank\u00ebn e t\u00eb akuzuarit, ai mish\u00ebronte banalitetin e s\u00eb keqes. N\u00eb librin e mrekulluesh\u00ebm \u201cVdekja e Jugosllavis\u00eb\u201d (\u201cThe Death of Yugoslavia\u201d), shkruar nga Laura Silber dhe Allan Little, botuar n\u00eb vitin 1995, si dhe n\u00eb serialin shum\u00eb t\u00eb mir\u00eb t\u00eb dokumentar\u00ebve t\u00eb BBC\u2019s\u00eb q\u00eb u xhirua sipas librit, mund t\u00eb shihen taktikat e ul\u00ebta dhe oportunizmi cinik q\u00eb e aplikonte si t\u00eb ishte nj\u00eb larv\u00eb e ngadalshme n\u00eb zem\u00ebr t\u00eb shtetit t\u00eb cilin vazhdon ta haj\u00eb pa m\u00ebshir\u00eb.<\/p>\n<p>Duket se ai e kishte vet\u00ebm nj\u00eb mik\/e t\u00eb v\u00ebrtet\u00eb \u2013 ideologen e tij t\u00eb adhuruar prej gruaje, Mirjana Markovic \u2013 q\u00eb e dispononte duke b\u00ebr\u00eb shaka me imazhin e tij vesh\u00ebmadh dhe fytyr\u00ebgur, por edhe e ngush\u00ebllonte p\u00ebr vet\u00ebvrasjen e dy prind\u00ebrve t\u00eb tij. Kujdes nga askush\u00ebt e mllefosur inat\u00e7or\u00eb q\u00eb hyjn\u00eb n\u00eb politik\u00eb p\u00ebr arsye terapeutike.<\/p>\n<p>Pikat kryesore t\u00eb karrier\u00ebs s\u00eb tij tmerruese kriminale duhet t\u00eb b\u00ebhen t\u00eb ditura p\u00ebrpara se ndokush t\u00eb p\u00ebrpiqet t\u2019i retushoj\u00eb ato.<\/p>\n<p>Ai e aranzhoi sulmin me gur\u00eb ndaj shpur\u00ebs s\u00eb vet n\u00eb Kosov\u00eb, n\u00eb vitin 1987 (k\u00ebt\u00eb e kemi n\u00eb film), ashtu q\u00eb provokimi t\u00eb mund t\u00eb shihej n\u00eb Televizionin e Beogradit dhe k\u00ebsisoj t\u2019i izolonte element\u00ebt e qytet\u00ebruar t\u00eb partis\u00eb n\u00eb pushtet. Ai b\u00ebri marr\u00ebveshje t\u00eb fsheht\u00eb t\u00eb stilit Stalin-Hitler me homologun e tij po aq t\u00eb neveritsh\u00ebm nga Kroacia, Franjo Tudjman, p\u00ebr nj\u00eb lloj ndarjeje t\u00eb Bosnj\u00ebs, duke i fuqizuar k\u00ebshtu ekstremist\u00ebt kroat\u00eb, q\u00eb pastaj i sulmuan civil\u00ebt serb\u00eb.<\/p>\n<p>Ai u b\u00eb bashk\u00eb me grupet fashiste dhe irredentiste, p\u00ebrfshir\u00eb serb\u00ebt e Bosnj\u00ebs dhe serb\u00ebt e Beogradit, t\u00eb cilat q\u00ebllimsh\u00ebm e d\u00ebrguan Bosnj\u00ebn n\u00eb luft\u00eb civile dhe na dhan\u00eb termin modern (dhe eufemist) \u2013 \u201cspastrimi etnik\u201d. Ai e mori peng armat\u00ebn komb\u00ebtare t\u00eb shtetit unitar dhe e shfryt\u00ebzoi at\u00eb p\u00ebr t\u2019i sulmuar republikat autonome brenda tij. Ai p\u00ebr pak sa nuk i shkat\u00ebrroi dy pasurit\u00eb urbane kulturore t\u00eb Europ\u00ebs: Dubrovnikun dhe Sarajev\u00ebn.<\/p>\n<p>Ai e zbrazi thesarin e Serbis\u00eb dhe i b\u00ebri qytetar\u00ebt e saj t\u00eb varf\u00ebr dhe paranojak\u00eb. Ai dhe Saddami ishin t\u00eb vetmit udh\u00ebheq\u00ebs qeverish q\u00eb e p\u00ebrg\u00ebzuan pu\u00e7in e d\u00ebshtuar ndaj Mikhail Gorbachev. N\u00eb fund, ai shkoi edhe m\u00eb tutje, duke urdh\u00ebruar d\u00ebbimin masiv t\u00eb shumic\u00ebs s\u00eb popullsis\u00eb s\u00eb Kosov\u00ebs, t\u00eb cil\u00ebt u tubuan n\u00eb trena dhe me zor u qit\u00ebn n\u00eb rrug\u00eb, nj\u00eb veprim q\u00eb \u2013 po t\u00eb kishte pasur sukses \u2013 do t\u2019i destabilizonte n\u00eb m\u00ebnyr\u00eb fatale dy shtetet fqinje, Shqip\u00ebrin\u00eb dhe Maqedonin\u00eb. Dhe, n\u00eb k\u00ebt\u00eb moment t\u00eb vonuar, fuqit\u00eb per\u00ebndimore vendos\u00ebn se ishin ngopur me t\u00eb, prandaj e larguan edhe nga Kosova, edhe nga pushteti.<\/p>\n<p>Sidoqoft\u00eb, ia vlen t\u00eb p\u00ebrmendet se sa shum\u00eb mb\u00ebshteteshin \u201crealist\u00ebt\u201d n\u00eb t\u00eb deri at\u00ebher\u00eb. Negociator\u00ebt David Owen, p\u00ebrfaq\u00ebsues i Bashkim Europan, dhe Cyrus Vance, ish Sekretar i Shtetit Amerikan, menduan se ai ishte \u201cpartner i domosdosh\u00ebm p\u00ebr paqe\u201d. Henry Kissinger dhe Lawrence Eagleburger e shpall\u00ebn at\u00eb si njeri me t\u00eb cilin mund t\u00eb bashk\u00ebpunohej dhe kund\u00ebrshtuan fuqish\u00ebm \u00e7far\u00ebdolloj intervenimi. U desh nj\u00eb veprim p\u00ebrfundimtar irracional nga ana e Milosevicit para se NATO t\u00eb vendoste ta tejkalonte Rusin\u00eb, Kin\u00ebn dhe kund\u00ebrshtimet e UN\u2019it, dhe t\u2019i jepte fund fashizmit dhe vrasjeve raciste n\u00eb oborrin e saj. Natyrisht, deri at\u00ebher\u00eb shumica e d\u00ebmit ishte b\u00ebr\u00eb, dhe tash anti-realist\u00ebt jan\u00eb ata q\u00eb e trash\u00ebgojn\u00eb detyr\u00ebn e tmerrshme dhe t\u00eb mundimshme t\u00eb rregullimit t\u00eb rr\u00ebmuj\u00ebs, g\u00ebrmimit t\u00eb varrezave masive, rim\u00ebk\u00ebmbjen e sh\u00ebrbimeve themelore dhe paq\u00ebsimin e ndjenjave t\u00eb p\u00ebrflakura fisnore dhe religjioze.<\/p>\n<p>Disa miq dhe koleg\u00eb t\u00eb mi kan\u00eb d\u00ebshmuar kund\u00ebr Milosevicit dhe xhelat\u00ebve t\u00eb tij n\u00eb Hag\u00eb. Ata kan\u00eb pasur k\u00ebnaq\u00ebsin\u00eb t\u2019i shohin vras\u00ebsit dhe torturuesit duke u ballafaquar me viktimat e tyre. Nj\u00eb arkiv enorm i mizorive \u00ebsht\u00eb mbledhur, videoincizuar dhe katalogizuar, dhe nj\u00eb dit\u00eb historia do t\u00eb jet\u00eb shum\u00eb fal\u00ebnderuese p\u00ebr t\u00eb. N\u00eb k\u00ebt\u00eb rast, nuk do t\u00eb jet\u00eb i mundsh\u00ebm mohimi apo revizionizmi.<\/p>\n<p>Do t\u00eb ishte mir\u00eb t\u00eb mendohej se ishte pik\u00ebrisht ky akumulim i pam\u00ebshirsh\u00ebm i d\u00ebshmive ai q\u00eb e parandaloi Milosevicin \u2013 i cili shpesh ballafaqohej me koleg\u00ebt e dikursh\u00ebm n\u00eb karrigen e d\u00ebshmitar\u00ebve \u2013 t\u00eb b\u00ebnte fjalime t\u00eb gjata dhe vet\u00ebm\u00ebshiruese, t\u00eb cilat Saddam Husseinit i sh\u00ebrbyen si model taktik. Gjithashtu, do t\u00eb ishte mir\u00eb t\u00eb mendohej se ishte kjo q\u00eb e vrau at\u00eb n\u00eb fund. Por, ai mbase e vuajti spazm\u00ebn e tij t\u00eb fundit duke ndjer\u00eb keqardhje vet\u00ebm p\u00ebr vetveten. Ne, tash, do ta kemi detyr\u00ebn e fundit t\u00eb g\u00ebrditshme q\u00eb t\u2019i parandalojm\u00eb t\u00eb tjer\u00ebt nga ndjenja e gabuar e keqardhjes p\u00ebr t\u00eb.<\/p>\n<p>(<em>Slate, 13 Mars 2006<\/em>).<\/p>\n<p>Shkrimtari Christopher Hitchens ka vdekur t\u00eb m\u00ebrkur\u00ebn, m\u00eb 15 Dhjetor 2011, n\u00eb mosh\u00ebn 62 vje\u00e7are. Ai ka qen\u00eb nj\u00ebri prej intelektual\u00ebve m\u00eb t\u00eb famsh\u00ebm bot\u00ebror\u00eb, i njohur p\u00ebr qasjen kritike ndaj religjionit, artikulimin e mpreht\u00eb dhe stilin e ve\u00e7ant\u00eb t\u00eb argumentimit. \u00cbsht\u00eb marr\u00eb edhe me zhvillimet n\u00eb Ballkan, kryesisht me Kosov\u00ebn dhe Bosnj\u00ebn. Ka botuar 25 libra dhe ka qen\u00eb kolumnist i rregullt i revistave Slate, Vanity Fair, The Atlantic Monthly dhe The Nation.<\/p>\n<p><em>P\u00ebrktheu: Artan Muhaxhiri. \/Jeta ne Kosove\/<\/em><\/p>\n","protected":false},"excerpt":{"rendered":"<p>Nga Christopher Hitchens, 17 Dhjetor 2011 &#8211; Kujdes nga askush\u00ebt e mllefosur inat\u00e7or\u00eb q\u00eb hyjn\u00eb n\u00eb politik\u00eb p\u00ebr arsye terapeutike. N\u00eb koh\u00ebn e rrethimit t\u00eb Sarajev\u00ebs ose d\u00ebbimeve masive nga Kosova, lajmi p\u00ebr ndaljen e papritur t\u00eb zemr\u00ebs s\u00eb Slobodan Milosevicit do t\u00eb kishte shkaktuar fest\u00eb t\u00eb g\u00ebzueshme n\u00eb shum\u00eb zemra tjera. Ideja se ai [&hellip;]<\/p>\n","protected":false},"author":1,"featured_media":0,"comment_status":"open","ping_status":"closed","sticky":false,"template":"","format":"standard","meta":{"footnotes":""},"categories":[2],"tags":[],"class_list":{"0":"post-11526","1":"post","2":"type-post","3":"status-publish","4":"format-standard","6":"category-artikuj"},"yoast_head":"<!-- This site is optimized with the Yoast SEO plugin v27.4 - https:\/\/yoast.com\/product\/yoast-seo-wordpress\/ -->\n<title>Pa keqardhje per Sllobon - FjALA e LIR\u00cb - Arkivi<\/title>\n<meta name=\"robots\" content=\"index, follow, max-snippet:-1, max-image-preview:large, max-video-preview:-1\" \/>\n<link rel=\"canonical\" href=\"https:\/\/fjala.info\/2009-2015\/pa-keqardhje-per-sllobon\/\" \/>\n<meta property=\"og:locale\" content=\"sq_AL\" \/>\n<meta property=\"og:type\" content=\"article\" \/>\n<meta property=\"og:title\" content=\"Pa keqardhje per Sllobon - FjALA e LIR\u00cb - Arkivi\" \/>\n<meta property=\"og:description\" content=\"Nga Christopher Hitchens, 17 Dhjetor 2011 &#8211; Kujdes nga askush\u00ebt e mllefosur inat\u00e7or\u00eb q\u00eb hyjn\u00eb n\u00eb politik\u00eb p\u00ebr arsye terapeutike. N\u00eb koh\u00ebn e rrethimit t\u00eb Sarajev\u00ebs ose d\u00ebbimeve masive nga Kosova, lajmi p\u00ebr ndaljen e papritur t\u00eb zemr\u00ebs s\u00eb Slobodan Milosevicit do t\u00eb kishte shkaktuar fest\u00eb t\u00eb g\u00ebzueshme n\u00eb shum\u00eb zemra tjera. Ideja se ai [&hellip;]\" \/>\n<meta property=\"og:url\" content=\"https:\/\/fjala.info\/2009-2015\/pa-keqardhje-per-sllobon\/\" \/>\n<meta property=\"og:site_name\" content=\"FjALA e LIR\u00cb - Arkivi\" \/>\n<meta property=\"article:published_time\" content=\"2011-12-18T14:22:46+00:00\" \/>\n<meta property=\"og:image\" content=\"http:\/\/www.shkoder.net\/images\/fjala\/2011\/christopher_hitchens.jpg\" \/>\n<meta name=\"author\" content=\"admin\" \/>\n<meta name=\"twitter:card\" content=\"summary_large_image\" \/>\n<meta name=\"twitter:label1\" content=\"Written by\" \/>\n\t<meta name=\"twitter:data1\" content=\"admin\" \/>\n\t<meta name=\"twitter:label2\" content=\"Est. reading time\" \/>\n\t<meta name=\"twitter:data2\" content=\"7 minutes\" \/>\n<script type=\"application\/ld+json\" class=\"yoast-schema-graph\">{\"@context\":\"https:\\\/\\\/schema.org\",\"@graph\":[{\"@type\":\"Article\",\"@id\":\"https:\\\/\\\/fjala.info\\\/2009-2015\\\/pa-keqardhje-per-sllobon\\\/#article\",\"isPartOf\":{\"@id\":\"https:\\\/\\\/fjala.info\\\/2009-2015\\\/pa-keqardhje-per-sllobon\\\/\"},\"author\":{\"name\":\"admin\",\"@id\":\"https:\\\/\\\/fjala.info\\\/2009-2015\\\/#\\\/schema\\\/person\\\/3aa1163ef05469c496fc94e77611ada2\"},\"headline\":\"Pa keqardhje per Sllobon\",\"datePublished\":\"2011-12-18T14:22:46+00:00\",\"mainEntityOfPage\":{\"@id\":\"https:\\\/\\\/fjala.info\\\/2009-2015\\\/pa-keqardhje-per-sllobon\\\/\"},\"wordCount\":1440,\"commentCount\":0,\"publisher\":{\"@id\":\"https:\\\/\\\/fjala.info\\\/2009-2015\\\/#organization\"},\"image\":{\"@id\":\"https:\\\/\\\/fjala.info\\\/2009-2015\\\/pa-keqardhje-per-sllobon\\\/#primaryimage\"},\"thumbnailUrl\":\"http:\\\/\\\/www.shkoder.net\\\/images\\\/fjala\\\/2011\\\/christopher_hitchens.jpg\",\"articleSection\":[\"Artikuj\"],\"inLanguage\":\"sq-AL\",\"potentialAction\":[{\"@type\":\"CommentAction\",\"name\":\"Comment\",\"target\":[\"https:\\\/\\\/fjala.info\\\/2009-2015\\\/pa-keqardhje-per-sllobon\\\/#respond\"]}]},{\"@type\":\"WebPage\",\"@id\":\"https:\\\/\\\/fjala.info\\\/2009-2015\\\/pa-keqardhje-per-sllobon\\\/\",\"url\":\"https:\\\/\\\/fjala.info\\\/2009-2015\\\/pa-keqardhje-per-sllobon\\\/\",\"name\":\"Pa keqardhje per Sllobon - FjALA e LIR\u00cb - Arkivi\",\"isPartOf\":{\"@id\":\"https:\\\/\\\/fjala.info\\\/2009-2015\\\/#website\"},\"primaryImageOfPage\":{\"@id\":\"https:\\\/\\\/fjala.info\\\/2009-2015\\\/pa-keqardhje-per-sllobon\\\/#primaryimage\"},\"image\":{\"@id\":\"https:\\\/\\\/fjala.info\\\/2009-2015\\\/pa-keqardhje-per-sllobon\\\/#primaryimage\"},\"thumbnailUrl\":\"http:\\\/\\\/www.shkoder.net\\\/images\\\/fjala\\\/2011\\\/christopher_hitchens.jpg\",\"datePublished\":\"2011-12-18T14:22:46+00:00\",\"breadcrumb\":{\"@id\":\"https:\\\/\\\/fjala.info\\\/2009-2015\\\/pa-keqardhje-per-sllobon\\\/#breadcrumb\"},\"inLanguage\":\"sq-AL\",\"potentialAction\":[{\"@type\":\"ReadAction\",\"target\":[\"https:\\\/\\\/fjala.info\\\/2009-2015\\\/pa-keqardhje-per-sllobon\\\/\"]}]},{\"@type\":\"ImageObject\",\"inLanguage\":\"sq-AL\",\"@id\":\"https:\\\/\\\/fjala.info\\\/2009-2015\\\/pa-keqardhje-per-sllobon\\\/#primaryimage\",\"url\":\"http:\\\/\\\/www.shkoder.net\\\/images\\\/fjala\\\/2011\\\/christopher_hitchens.jpg\",\"contentUrl\":\"http:\\\/\\\/www.shkoder.net\\\/images\\\/fjala\\\/2011\\\/christopher_hitchens.jpg\"},{\"@type\":\"BreadcrumbList\",\"@id\":\"https:\\\/\\\/fjala.info\\\/2009-2015\\\/pa-keqardhje-per-sllobon\\\/#breadcrumb\",\"itemListElement\":[{\"@type\":\"ListItem\",\"position\":1,\"name\":\"Home\",\"item\":\"https:\\\/\\\/fjala.info\\\/2009-2015\\\/\"},{\"@type\":\"ListItem\",\"position\":2,\"name\":\"Pa keqardhje per Sllobon\"}]},{\"@type\":\"WebSite\",\"@id\":\"https:\\\/\\\/fjala.info\\\/2009-2015\\\/#website\",\"url\":\"https:\\\/\\\/fjala.info\\\/2009-2015\\\/\",\"name\":\"FjALA e LIR\u00cb - Arkivi\",\"description\":\"Arkivi 2009-2015\",\"publisher\":{\"@id\":\"https:\\\/\\\/fjala.info\\\/2009-2015\\\/#organization\"},\"potentialAction\":[{\"@type\":\"SearchAction\",\"target\":{\"@type\":\"EntryPoint\",\"urlTemplate\":\"https:\\\/\\\/fjala.info\\\/2009-2015\\\/?s={search_term_string}\"},\"query-input\":{\"@type\":\"PropertyValueSpecification\",\"valueRequired\":true,\"valueName\":\"search_term_string\"}}],\"inLanguage\":\"sq-AL\"},{\"@type\":\"Organization\",\"@id\":\"https:\\\/\\\/fjala.info\\\/2009-2015\\\/#organization\",\"name\":\"FjALA e LIR\u00cb - Arkivi\",\"url\":\"https:\\\/\\\/fjala.info\\\/2009-2015\\\/\",\"logo\":{\"@type\":\"ImageObject\",\"inLanguage\":\"sq-AL\",\"@id\":\"https:\\\/\\\/fjala.info\\\/2009-2015\\\/#\\\/schema\\\/logo\\\/image\\\/\",\"url\":\"\",\"contentUrl\":\"\",\"caption\":\"FjALA e LIR\u00cb - Arkivi\"},\"image\":{\"@id\":\"https:\\\/\\\/fjala.info\\\/2009-2015\\\/#\\\/schema\\\/logo\\\/image\\\/\"}},{\"@type\":\"Person\",\"@id\":\"https:\\\/\\\/fjala.info\\\/2009-2015\\\/#\\\/schema\\\/person\\\/3aa1163ef05469c496fc94e77611ada2\",\"name\":\"admin\",\"image\":{\"@type\":\"ImageObject\",\"inLanguage\":\"sq-AL\",\"@id\":\"https:\\\/\\\/fjala.info\\\/2009-2015\\\/wp-content\\\/uploads\\\/2012\\\/02\\\/arben_cokaj-120x150.jpg\",\"url\":\"https:\\\/\\\/fjala.info\\\/2009-2015\\\/wp-content\\\/uploads\\\/2012\\\/02\\\/arben_cokaj-120x150.jpg\",\"contentUrl\":\"https:\\\/\\\/fjala.info\\\/2009-2015\\\/wp-content\\\/uploads\\\/2012\\\/02\\\/arben_cokaj-120x150.jpg\",\"caption\":\"admin\"},\"description\":\"Admin, Fjala e Lir\u00eb\",\"sameAs\":[\"https:\\\/\\\/fjala.info\\\/\"],\"url\":\"https:\\\/\\\/fjala.info\\\/2009-2015\\\/author\\\/admin\\\/\"}]}<\/script>\n<!-- \/ Yoast SEO plugin. -->","yoast_head_json":{"title":"Pa keqardhje per Sllobon - FjALA e LIR\u00cb - Arkivi","robots":{"index":"index","follow":"follow","max-snippet":"max-snippet:-1","max-image-preview":"max-image-preview:large","max-video-preview":"max-video-preview:-1"},"canonical":"https:\/\/fjala.info\/2009-2015\/pa-keqardhje-per-sllobon\/","og_locale":"sq_AL","og_type":"article","og_title":"Pa keqardhje per Sllobon - FjALA e LIR\u00cb - Arkivi","og_description":"Nga Christopher Hitchens, 17 Dhjetor 2011 &#8211; Kujdes nga askush\u00ebt e mllefosur inat\u00e7or\u00eb q\u00eb hyjn\u00eb n\u00eb politik\u00eb p\u00ebr arsye terapeutike. N\u00eb koh\u00ebn e rrethimit t\u00eb Sarajev\u00ebs ose d\u00ebbimeve masive nga Kosova, lajmi p\u00ebr ndaljen e papritur t\u00eb zemr\u00ebs s\u00eb Slobodan Milosevicit do t\u00eb kishte shkaktuar fest\u00eb t\u00eb g\u00ebzueshme n\u00eb shum\u00eb zemra tjera. Ideja se ai [&hellip;]","og_url":"https:\/\/fjala.info\/2009-2015\/pa-keqardhje-per-sllobon\/","og_site_name":"FjALA e LIR\u00cb - Arkivi","article_published_time":"2011-12-18T14:22:46+00:00","og_image":[{"url":"http:\/\/www.shkoder.net\/images\/fjala\/2011\/christopher_hitchens.jpg","type":"","width":"","height":""}],"author":"admin","twitter_card":"summary_large_image","twitter_misc":{"Written by":"admin","Est. reading time":"7 minutes"},"schema":{"@context":"https:\/\/schema.org","@graph":[{"@type":"Article","@id":"https:\/\/fjala.info\/2009-2015\/pa-keqardhje-per-sllobon\/#article","isPartOf":{"@id":"https:\/\/fjala.info\/2009-2015\/pa-keqardhje-per-sllobon\/"},"author":{"name":"admin","@id":"https:\/\/fjala.info\/2009-2015\/#\/schema\/person\/3aa1163ef05469c496fc94e77611ada2"},"headline":"Pa keqardhje per Sllobon","datePublished":"2011-12-18T14:22:46+00:00","mainEntityOfPage":{"@id":"https:\/\/fjala.info\/2009-2015\/pa-keqardhje-per-sllobon\/"},"wordCount":1440,"commentCount":0,"publisher":{"@id":"https:\/\/fjala.info\/2009-2015\/#organization"},"image":{"@id":"https:\/\/fjala.info\/2009-2015\/pa-keqardhje-per-sllobon\/#primaryimage"},"thumbnailUrl":"http:\/\/www.shkoder.net\/images\/fjala\/2011\/christopher_hitchens.jpg","articleSection":["Artikuj"],"inLanguage":"sq-AL","potentialAction":[{"@type":"CommentAction","name":"Comment","target":["https:\/\/fjala.info\/2009-2015\/pa-keqardhje-per-sllobon\/#respond"]}]},{"@type":"WebPage","@id":"https:\/\/fjala.info\/2009-2015\/pa-keqardhje-per-sllobon\/","url":"https:\/\/fjala.info\/2009-2015\/pa-keqardhje-per-sllobon\/","name":"Pa keqardhje per Sllobon - FjALA e LIR\u00cb - Arkivi","isPartOf":{"@id":"https:\/\/fjala.info\/2009-2015\/#website"},"primaryImageOfPage":{"@id":"https:\/\/fjala.info\/2009-2015\/pa-keqardhje-per-sllobon\/#primaryimage"},"image":{"@id":"https:\/\/fjala.info\/2009-2015\/pa-keqardhje-per-sllobon\/#primaryimage"},"thumbnailUrl":"http:\/\/www.shkoder.net\/images\/fjala\/2011\/christopher_hitchens.jpg","datePublished":"2011-12-18T14:22:46+00:00","breadcrumb":{"@id":"https:\/\/fjala.info\/2009-2015\/pa-keqardhje-per-sllobon\/#breadcrumb"},"inLanguage":"sq-AL","potentialAction":[{"@type":"ReadAction","target":["https:\/\/fjala.info\/2009-2015\/pa-keqardhje-per-sllobon\/"]}]},{"@type":"ImageObject","inLanguage":"sq-AL","@id":"https:\/\/fjala.info\/2009-2015\/pa-keqardhje-per-sllobon\/#primaryimage","url":"http:\/\/www.shkoder.net\/images\/fjala\/2011\/christopher_hitchens.jpg","contentUrl":"http:\/\/www.shkoder.net\/images\/fjala\/2011\/christopher_hitchens.jpg"},{"@type":"BreadcrumbList","@id":"https:\/\/fjala.info\/2009-2015\/pa-keqardhje-per-sllobon\/#breadcrumb","itemListElement":[{"@type":"ListItem","position":1,"name":"Home","item":"https:\/\/fjala.info\/2009-2015\/"},{"@type":"ListItem","position":2,"name":"Pa keqardhje per Sllobon"}]},{"@type":"WebSite","@id":"https:\/\/fjala.info\/2009-2015\/#website","url":"https:\/\/fjala.info\/2009-2015\/","name":"FjALA e LIR\u00cb - Arkivi","description":"Arkivi 2009-2015","publisher":{"@id":"https:\/\/fjala.info\/2009-2015\/#organization"},"potentialAction":[{"@type":"SearchAction","target":{"@type":"EntryPoint","urlTemplate":"https:\/\/fjala.info\/2009-2015\/?s={search_term_string}"},"query-input":{"@type":"PropertyValueSpecification","valueRequired":true,"valueName":"search_term_string"}}],"inLanguage":"sq-AL"},{"@type":"Organization","@id":"https:\/\/fjala.info\/2009-2015\/#organization","name":"FjALA e LIR\u00cb - Arkivi","url":"https:\/\/fjala.info\/2009-2015\/","logo":{"@type":"ImageObject","inLanguage":"sq-AL","@id":"https:\/\/fjala.info\/2009-2015\/#\/schema\/logo\/image\/","url":"","contentUrl":"","caption":"FjALA e LIR\u00cb - Arkivi"},"image":{"@id":"https:\/\/fjala.info\/2009-2015\/#\/schema\/logo\/image\/"}},{"@type":"Person","@id":"https:\/\/fjala.info\/2009-2015\/#\/schema\/person\/3aa1163ef05469c496fc94e77611ada2","name":"admin","image":{"@type":"ImageObject","inLanguage":"sq-AL","@id":"https:\/\/fjala.info\/2009-2015\/wp-content\/uploads\/2012\/02\/arben_cokaj-120x150.jpg","url":"https:\/\/fjala.info\/2009-2015\/wp-content\/uploads\/2012\/02\/arben_cokaj-120x150.jpg","contentUrl":"https:\/\/fjala.info\/2009-2015\/wp-content\/uploads\/2012\/02\/arben_cokaj-120x150.jpg","caption":"admin"},"description":"Admin, Fjala e Lir\u00eb","sameAs":["https:\/\/fjala.info\/"],"url":"https:\/\/fjala.info\/2009-2015\/author\/admin\/"}]}},"_links":{"self":[{"href":"https:\/\/fjala.info\/2009-2015\/wp-json\/wp\/v2\/posts\/11526","targetHints":{"allow":["GET"]}}],"collection":[{"href":"https:\/\/fjala.info\/2009-2015\/wp-json\/wp\/v2\/posts"}],"about":[{"href":"https:\/\/fjala.info\/2009-2015\/wp-json\/wp\/v2\/types\/post"}],"author":[{"embeddable":true,"href":"https:\/\/fjala.info\/2009-2015\/wp-json\/wp\/v2\/users\/1"}],"replies":[{"embeddable":true,"href":"https:\/\/fjala.info\/2009-2015\/wp-json\/wp\/v2\/comments?post=11526"}],"version-history":[{"count":0,"href":"https:\/\/fjala.info\/2009-2015\/wp-json\/wp\/v2\/posts\/11526\/revisions"}],"wp:attachment":[{"href":"https:\/\/fjala.info\/2009-2015\/wp-json\/wp\/v2\/media?parent=11526"}],"wp:term":[{"taxonomy":"category","embeddable":true,"href":"https:\/\/fjala.info\/2009-2015\/wp-json\/wp\/v2\/categories?post=11526"},{"taxonomy":"post_tag","embeddable":true,"href":"https:\/\/fjala.info\/2009-2015\/wp-json\/wp\/v2\/tags?post=11526"}],"curies":[{"name":"wp","href":"https:\/\/api.w.org\/{rel}","templated":true}]}}