{"id":11523,"date":"2011-12-16T03:57:51","date_gmt":"2011-12-16T02:57:51","guid":{"rendered":"http:\/\/fjala.shkoder.net\/?p=615"},"modified":"2011-12-16T03:57:51","modified_gmt":"2011-12-16T02:57:51","slug":"sllavomaqedonasit-enderrojne-ne-kuaj-te-verdhe","status":"publish","type":"post","link":"https:\/\/fjala.info\/2009-2015\/sllavomaqedonasit-enderrojne-ne-kuaj-te-verdhe\/","title":{"rendered":"SLLAVOMAQEDONASIT END\u00cbRROJN\u00cb N\u00cb KUAJ T\u00cb V\u00cbRDH\u00cb"},"content":{"rendered":"<p><img decoding=\"async\" class=\"alignleft size-thumbnail wp-image-7236\" title=\"Mona Agrigoroiaie\" src=\"http:\/\/www.shkoder.net\/images\/fjala\/2011\/mona_agrigoroiaie.jpg\" alt=\"\" width=\"200\" \/> <em>Sllavomaqedonasit nuk e duan nj\u00eb zgjedhje paq\u00ebsore p\u00ebr vizatimin e kufijve n\u00eb Ballkan n\u00eb baz\u00eb t\u00eb parimit etnik. Thon\u00eb se \u201cnuk mundet\u201d, nuk e duan ribashkimin e trojeve shqiptare n\u00eb nj\u00eb shtet t\u00eb vet\u00ebm komb\u00ebtar, e luftojn\u00eb at\u00eb me \u00e7do kusht dhe edhe m\u00eb shum\u00eb, kan\u00eb utopira skizofreniko-paranoide t\u00eb tipit t\u00eb zgjerimit pa fund, pa an\u00eb dhe pa cak deri n\u00eb fund t\u00eb bot\u00ebs.<\/em><\/p>\n<p><strong>Mona Agrigoroiaie<\/strong><\/p>\n<p>Agjencia e lajmeve INA ka zbuluar se n\u00eb nj\u00eb shkoll\u00eb fillore t\u00eb Ohrit, &#8220;Grigor P\u00ebrli\u00e7ev&#8221;, \u00ebsht\u00eb vizatuar hart\u00ebn e \u201cMaqedonis\u00eb s\u00eb Madhe\u201d. Kjo vjen pas skandalit e arrestimit t\u00eb disa shqiptar\u00ebve n\u00eb Tetov\u00eb sepse vizatuan hart\u00ebn e Shqip\u00ebris\u00eb Etnike. K\u00ebto jan\u00eb v\u00ebrtetime q\u00eb n\u00eb Maqedoni nuk mund t\u00eb ket\u00eb bashk\u00ebjetes\u00eb mes popujve, pasi sllavomaqedonasit nuk mund ta pranojn\u00eb k\u00ebt\u00eb. Dominanca sllave me shekuj \u00ebsht\u00eb ngujuar n\u00eb gjenin e tyre, kurse etnitetet tjera e sidomos shqiptar\u00ebt u lejojn\u00eb fush\u00eb t\u00eb gjer\u00eb veprimi, pasi ende shqiptar\u00ebt e kan\u00eb n\u00eb palc\u00eb inferioritetin nga e kaluara.<\/p>\n<p>Fjala popullore thot\u00eb se &#8220;Ujku dhe qingji nuk mund t\u00eb bashkejetojn\u00eb&#8221;, gjithashtu \u00ebsht\u00eb edhe me sllavo-maqedonasit e shqiptar\u00ebt. \u201cShteti\u201d sllavomaqedonas \u00ebsht\u00eb nj\u00eb krijes\u00eb artificiale dhe koloniale. Maqedonia \u00ebsht\u00eb shtet artificial sepse termi \u201cMaqedoni\u201d u krijua vet\u00ebm pas marr\u00ebveshjes s\u00eb Murtzstegut t\u00eb vitit 1905 dhe jo m\u00eb par\u00eb, pastaj Tito ka krijuar ish republik\u00ebn socialiste jugosllave maqedonase n\u00eb 1945, duke ndar\u00eb trojet shqiptare t\u00eb Kosov\u00ebs, sepse ish vilajeti i Kosov\u00ebs p\u00ebrfshinte edhe trojet q\u00eb sot jan\u00eb n\u00ebn Maqedoni dhe n\u00ebn Serbi.<\/p>\n<p>\u201cMaqedonia e Madhe\u201d \u00ebsht\u00eb end\u00ebrr me sy t\u00eb hapur e qarqeve proserbe t\u00eb instaluara me dinak\u00ebri n\u00eb strukturat shtet\u00ebrore t\u00eb IRJM-s\u00eb. Ata nuk e duan nj\u00eb zgjedhje paq\u00ebsore p\u00ebr vizatimin e kufijve n\u00eb Ballkan n\u00eb baz\u00eb t\u00eb parimit etnik, thon\u00eb se \u201cnuk mundet\u201d, nuk e duan ribashkimin e trojeve shqiptare n\u00eb nj\u00eb shtet t\u00eb vet\u00ebm komb\u00ebtar, e luftojn\u00eb at\u00eb me \u00e7do kusht dhe edhe m\u00eb shum\u00eb, kan\u00eb utopira skizofreniko-paranoide t\u00eb tipit t\u00eb zgjerimit pa fund, pa an\u00eb dhe pa cak deri n\u00eb fund t\u00eb bot\u00ebs! Si dallim nga sllav\u00ebt, shqiptar\u00ebt luftojn\u00eb p\u00ebr ribashkimin e tyre n\u00eb nj\u00eb shtet t\u00eb vet\u00ebm komb\u00ebtar. Kjo nuk \u00ebsht\u00eb utopi, por \u00ebsht\u00eb nj\u00eb e drejt\u00eb legjitime e t\u00eb gjith\u00eb shqiptar\u00ebve p\u00ebr t\u00eb pasur liri dhe dinjtet, \u00ebsht\u00eb nj\u00eb objektiv p\u00ebr t\u00eb cil\u00ebn dita-dit\u00ebs po nd\u00ebrgj\u00ebgj\u00ebsohemi m\u00eb shum\u00eb se kurr\u00eb.<\/p>\n<p>Shqiptar\u00ebt kan\u00eb qen\u00eb t\u00eb bashkuar n\u00eb nj\u00eb shtet t\u00eb vet\u00ebm komb\u00ebtar, por u ndan\u00eb dhe u kolonizuan n\u00ebp\u00ebr shtete armike sllavo-greke. Dallimi midis Shqip\u00ebris\u00eb s\u00eb Ribashkuar dhe \u201cMaqedonis\u00eb s\u00eb Madhe\u201d, po ashtu midis Shqip\u00ebris\u00eb s\u00eb Ribashkuar dhe Serbis\u00eb apo Greqis\u00eb s\u00eb Madhe \u00ebsht\u00eb se shqiptar\u00ebt nuk e duan zgjerimin n\u00eb troje q\u00eb atyre nuk u p\u00ebrkasin, sic kan\u00eb dashur dhe duan serbo-sllavo-maqedon\u00ebt, malazez\u00ebt dhe grek\u00ebt.<\/p>\n<p>Ata akuzojn\u00eb shqiptar\u00ebt se duan nj\u00eb far\u00eb \u201cShqip\u00ebri t\u00eb Madhe\u201d p\u00ebr t\u00eb shpifur se shqiptar\u00ebt do t\u00eb ishin pushtues\u00eb t\u00eb tokave sllave. Realiteti \u00ebsht\u00eb i ndrysh\u00ebm. Jan\u00eb sllavo-grek\u00ebt ata q\u00eb kan\u00eb pushtuar trojet shqiptare dhe her\u00ebt a von\u00eb, k\u00ebto troje do t\u00eb ribashkohen n\u00eb nj\u00eb shtet t\u00eb vet\u00ebm komb\u00ebtar, sipas t\u00eb drejt\u00ebs s\u00eb vet\u00ebvendosjes s\u00eb popullit shqiptar!<br \/>\n(<em>Rumani, 13 dhjetor 2011<\/em>)<\/p>\n","protected":false},"excerpt":{"rendered":"<p>Sllavomaqedonasit nuk e duan nj\u00eb zgjedhje paq\u00ebsore p\u00ebr vizatimin e kufijve n\u00eb Ballkan n\u00eb baz\u00eb t\u00eb parimit etnik. Thon\u00eb se \u201cnuk mundet\u201d, nuk e duan ribashkimin e trojeve shqiptare n\u00eb nj\u00eb shtet t\u00eb vet\u00ebm komb\u00ebtar, e luftojn\u00eb at\u00eb me \u00e7do kusht dhe edhe m\u00eb shum\u00eb, kan\u00eb utopira skizofreniko-paranoide t\u00eb tipit t\u00eb zgjerimit pa fund, pa [&hellip;]<\/p>\n","protected":false},"author":1,"featured_media":0,"comment_status":"open","ping_status":"closed","sticky":false,"template":"","format":"standard","meta":{"footnotes":""},"categories":[2],"tags":[],"class_list":{"0":"post-11523","1":"post","2":"type-post","3":"status-publish","4":"format-standard","6":"category-artikuj"},"yoast_head":"<!-- This site is optimized with the Yoast SEO plugin v27.4 - https:\/\/yoast.com\/product\/yoast-seo-wordpress\/ -->\n<title>SLLAVOMAQEDONASIT END\u00cbRROJN\u00cb N\u00cb KUAJ T\u00cb V\u00cbRDH\u00cb - FjALA e LIR\u00cb - Arkivi<\/title>\n<meta name=\"robots\" content=\"index, follow, max-snippet:-1, max-image-preview:large, max-video-preview:-1\" \/>\n<link rel=\"canonical\" href=\"https:\/\/fjala.info\/2009-2015\/sllavomaqedonasit-enderrojne-ne-kuaj-te-verdhe\/\" \/>\n<meta property=\"og:locale\" content=\"sq_AL\" \/>\n<meta property=\"og:type\" content=\"article\" \/>\n<meta property=\"og:title\" content=\"SLLAVOMAQEDONASIT END\u00cbRROJN\u00cb N\u00cb KUAJ T\u00cb V\u00cbRDH\u00cb - FjALA e LIR\u00cb - Arkivi\" \/>\n<meta property=\"og:description\" content=\"Sllavomaqedonasit nuk e duan nj\u00eb zgjedhje paq\u00ebsore p\u00ebr vizatimin e kufijve n\u00eb Ballkan n\u00eb baz\u00eb t\u00eb parimit etnik. Thon\u00eb se \u201cnuk mundet\u201d, nuk e duan ribashkimin e trojeve shqiptare n\u00eb nj\u00eb shtet t\u00eb vet\u00ebm komb\u00ebtar, e luftojn\u00eb at\u00eb me \u00e7do kusht dhe edhe m\u00eb shum\u00eb, kan\u00eb utopira skizofreniko-paranoide t\u00eb tipit t\u00eb zgjerimit pa fund, pa [&hellip;]\" \/>\n<meta property=\"og:url\" content=\"https:\/\/fjala.info\/2009-2015\/sllavomaqedonasit-enderrojne-ne-kuaj-te-verdhe\/\" \/>\n<meta property=\"og:site_name\" content=\"FjALA e LIR\u00cb - Arkivi\" \/>\n<meta property=\"article:published_time\" content=\"2011-12-16T02:57:51+00:00\" \/>\n<meta property=\"og:image\" content=\"http:\/\/www.shkoder.net\/images\/fjala\/2011\/mona_agrigoroiaie.jpg\" \/>\n<meta name=\"author\" content=\"admin\" \/>\n<meta name=\"twitter:card\" content=\"summary_large_image\" \/>\n<meta name=\"twitter:label1\" content=\"Written by\" \/>\n\t<meta name=\"twitter:data1\" content=\"admin\" \/>\n\t<meta name=\"twitter:label2\" content=\"Est. reading time\" \/>\n\t<meta name=\"twitter:data2\" content=\"3 minutes\" \/>\n<script type=\"application\/ld+json\" class=\"yoast-schema-graph\">{\"@context\":\"https:\\\/\\\/schema.org\",\"@graph\":[{\"@type\":\"Article\",\"@id\":\"https:\\\/\\\/fjala.info\\\/2009-2015\\\/sllavomaqedonasit-enderrojne-ne-kuaj-te-verdhe\\\/#article\",\"isPartOf\":{\"@id\":\"https:\\\/\\\/fjala.info\\\/2009-2015\\\/sllavomaqedonasit-enderrojne-ne-kuaj-te-verdhe\\\/\"},\"author\":{\"name\":\"admin\",\"@id\":\"https:\\\/\\\/fjala.info\\\/2009-2015\\\/#\\\/schema\\\/person\\\/3aa1163ef05469c496fc94e77611ada2\"},\"headline\":\"SLLAVOMAQEDONASIT END\u00cbRROJN\u00cb N\u00cb KUAJ T\u00cb V\u00cbRDH\u00cb\",\"datePublished\":\"2011-12-16T02:57:51+00:00\",\"mainEntityOfPage\":{\"@id\":\"https:\\\/\\\/fjala.info\\\/2009-2015\\\/sllavomaqedonasit-enderrojne-ne-kuaj-te-verdhe\\\/\"},\"wordCount\":573,\"commentCount\":0,\"publisher\":{\"@id\":\"https:\\\/\\\/fjala.info\\\/2009-2015\\\/#organization\"},\"image\":{\"@id\":\"https:\\\/\\\/fjala.info\\\/2009-2015\\\/sllavomaqedonasit-enderrojne-ne-kuaj-te-verdhe\\\/#primaryimage\"},\"thumbnailUrl\":\"http:\\\/\\\/www.shkoder.net\\\/images\\\/fjala\\\/2011\\\/mona_agrigoroiaie.jpg\",\"articleSection\":[\"Artikuj\"],\"inLanguage\":\"sq-AL\",\"potentialAction\":[{\"@type\":\"CommentAction\",\"name\":\"Comment\",\"target\":[\"https:\\\/\\\/fjala.info\\\/2009-2015\\\/sllavomaqedonasit-enderrojne-ne-kuaj-te-verdhe\\\/#respond\"]}]},{\"@type\":\"WebPage\",\"@id\":\"https:\\\/\\\/fjala.info\\\/2009-2015\\\/sllavomaqedonasit-enderrojne-ne-kuaj-te-verdhe\\\/\",\"url\":\"https:\\\/\\\/fjala.info\\\/2009-2015\\\/sllavomaqedonasit-enderrojne-ne-kuaj-te-verdhe\\\/\",\"name\":\"SLLAVOMAQEDONASIT END\u00cbRROJN\u00cb N\u00cb KUAJ T\u00cb V\u00cbRDH\u00cb - FjALA e LIR\u00cb - Arkivi\",\"isPartOf\":{\"@id\":\"https:\\\/\\\/fjala.info\\\/2009-2015\\\/#website\"},\"primaryImageOfPage\":{\"@id\":\"https:\\\/\\\/fjala.info\\\/2009-2015\\\/sllavomaqedonasit-enderrojne-ne-kuaj-te-verdhe\\\/#primaryimage\"},\"image\":{\"@id\":\"https:\\\/\\\/fjala.info\\\/2009-2015\\\/sllavomaqedonasit-enderrojne-ne-kuaj-te-verdhe\\\/#primaryimage\"},\"thumbnailUrl\":\"http:\\\/\\\/www.shkoder.net\\\/images\\\/fjala\\\/2011\\\/mona_agrigoroiaie.jpg\",\"datePublished\":\"2011-12-16T02:57:51+00:00\",\"breadcrumb\":{\"@id\":\"https:\\\/\\\/fjala.info\\\/2009-2015\\\/sllavomaqedonasit-enderrojne-ne-kuaj-te-verdhe\\\/#breadcrumb\"},\"inLanguage\":\"sq-AL\",\"potentialAction\":[{\"@type\":\"ReadAction\",\"target\":[\"https:\\\/\\\/fjala.info\\\/2009-2015\\\/sllavomaqedonasit-enderrojne-ne-kuaj-te-verdhe\\\/\"]}]},{\"@type\":\"ImageObject\",\"inLanguage\":\"sq-AL\",\"@id\":\"https:\\\/\\\/fjala.info\\\/2009-2015\\\/sllavomaqedonasit-enderrojne-ne-kuaj-te-verdhe\\\/#primaryimage\",\"url\":\"http:\\\/\\\/www.shkoder.net\\\/images\\\/fjala\\\/2011\\\/mona_agrigoroiaie.jpg\",\"contentUrl\":\"http:\\\/\\\/www.shkoder.net\\\/images\\\/fjala\\\/2011\\\/mona_agrigoroiaie.jpg\"},{\"@type\":\"BreadcrumbList\",\"@id\":\"https:\\\/\\\/fjala.info\\\/2009-2015\\\/sllavomaqedonasit-enderrojne-ne-kuaj-te-verdhe\\\/#breadcrumb\",\"itemListElement\":[{\"@type\":\"ListItem\",\"position\":1,\"name\":\"Home\",\"item\":\"https:\\\/\\\/fjala.info\\\/2009-2015\\\/\"},{\"@type\":\"ListItem\",\"position\":2,\"name\":\"SLLAVOMAQEDONASIT END\u00cbRROJN\u00cb N\u00cb KUAJ T\u00cb V\u00cbRDH\u00cb\"}]},{\"@type\":\"WebSite\",\"@id\":\"https:\\\/\\\/fjala.info\\\/2009-2015\\\/#website\",\"url\":\"https:\\\/\\\/fjala.info\\\/2009-2015\\\/\",\"name\":\"FjALA e LIR\u00cb - Arkivi\",\"description\":\"Arkivi 2009-2015\",\"publisher\":{\"@id\":\"https:\\\/\\\/fjala.info\\\/2009-2015\\\/#organization\"},\"potentialAction\":[{\"@type\":\"SearchAction\",\"target\":{\"@type\":\"EntryPoint\",\"urlTemplate\":\"https:\\\/\\\/fjala.info\\\/2009-2015\\\/?s={search_term_string}\"},\"query-input\":{\"@type\":\"PropertyValueSpecification\",\"valueRequired\":true,\"valueName\":\"search_term_string\"}}],\"inLanguage\":\"sq-AL\"},{\"@type\":\"Organization\",\"@id\":\"https:\\\/\\\/fjala.info\\\/2009-2015\\\/#organization\",\"name\":\"FjALA e LIR\u00cb - Arkivi\",\"url\":\"https:\\\/\\\/fjala.info\\\/2009-2015\\\/\",\"logo\":{\"@type\":\"ImageObject\",\"inLanguage\":\"sq-AL\",\"@id\":\"https:\\\/\\\/fjala.info\\\/2009-2015\\\/#\\\/schema\\\/logo\\\/image\\\/\",\"url\":\"\",\"contentUrl\":\"\",\"caption\":\"FjALA e LIR\u00cb - Arkivi\"},\"image\":{\"@id\":\"https:\\\/\\\/fjala.info\\\/2009-2015\\\/#\\\/schema\\\/logo\\\/image\\\/\"}},{\"@type\":\"Person\",\"@id\":\"https:\\\/\\\/fjala.info\\\/2009-2015\\\/#\\\/schema\\\/person\\\/3aa1163ef05469c496fc94e77611ada2\",\"name\":\"admin\",\"image\":{\"@type\":\"ImageObject\",\"inLanguage\":\"sq-AL\",\"@id\":\"https:\\\/\\\/fjala.info\\\/2009-2015\\\/wp-content\\\/uploads\\\/2012\\\/02\\\/arben_cokaj-120x150.jpg\",\"url\":\"https:\\\/\\\/fjala.info\\\/2009-2015\\\/wp-content\\\/uploads\\\/2012\\\/02\\\/arben_cokaj-120x150.jpg\",\"contentUrl\":\"https:\\\/\\\/fjala.info\\\/2009-2015\\\/wp-content\\\/uploads\\\/2012\\\/02\\\/arben_cokaj-120x150.jpg\",\"caption\":\"admin\"},\"description\":\"Admin, Fjala e Lir\u00eb\",\"sameAs\":[\"https:\\\/\\\/fjala.info\\\/\"],\"url\":\"https:\\\/\\\/fjala.info\\\/2009-2015\\\/author\\\/admin\\\/\"}]}<\/script>\n<!-- \/ Yoast SEO plugin. -->","yoast_head_json":{"title":"SLLAVOMAQEDONASIT END\u00cbRROJN\u00cb N\u00cb KUAJ T\u00cb V\u00cbRDH\u00cb - FjALA e LIR\u00cb - Arkivi","robots":{"index":"index","follow":"follow","max-snippet":"max-snippet:-1","max-image-preview":"max-image-preview:large","max-video-preview":"max-video-preview:-1"},"canonical":"https:\/\/fjala.info\/2009-2015\/sllavomaqedonasit-enderrojne-ne-kuaj-te-verdhe\/","og_locale":"sq_AL","og_type":"article","og_title":"SLLAVOMAQEDONASIT END\u00cbRROJN\u00cb N\u00cb KUAJ T\u00cb V\u00cbRDH\u00cb - FjALA e LIR\u00cb - Arkivi","og_description":"Sllavomaqedonasit nuk e duan nj\u00eb zgjedhje paq\u00ebsore p\u00ebr vizatimin e kufijve n\u00eb Ballkan n\u00eb baz\u00eb t\u00eb parimit etnik. Thon\u00eb se \u201cnuk mundet\u201d, nuk e duan ribashkimin e trojeve shqiptare n\u00eb nj\u00eb shtet t\u00eb vet\u00ebm komb\u00ebtar, e luftojn\u00eb at\u00eb me \u00e7do kusht dhe edhe m\u00eb shum\u00eb, kan\u00eb utopira skizofreniko-paranoide t\u00eb tipit t\u00eb zgjerimit pa fund, pa [&hellip;]","og_url":"https:\/\/fjala.info\/2009-2015\/sllavomaqedonasit-enderrojne-ne-kuaj-te-verdhe\/","og_site_name":"FjALA e LIR\u00cb - Arkivi","article_published_time":"2011-12-16T02:57:51+00:00","og_image":[{"url":"http:\/\/www.shkoder.net\/images\/fjala\/2011\/mona_agrigoroiaie.jpg","type":"","width":"","height":""}],"author":"admin","twitter_card":"summary_large_image","twitter_misc":{"Written by":"admin","Est. reading time":"3 minutes"},"schema":{"@context":"https:\/\/schema.org","@graph":[{"@type":"Article","@id":"https:\/\/fjala.info\/2009-2015\/sllavomaqedonasit-enderrojne-ne-kuaj-te-verdhe\/#article","isPartOf":{"@id":"https:\/\/fjala.info\/2009-2015\/sllavomaqedonasit-enderrojne-ne-kuaj-te-verdhe\/"},"author":{"name":"admin","@id":"https:\/\/fjala.info\/2009-2015\/#\/schema\/person\/3aa1163ef05469c496fc94e77611ada2"},"headline":"SLLAVOMAQEDONASIT END\u00cbRROJN\u00cb N\u00cb KUAJ T\u00cb V\u00cbRDH\u00cb","datePublished":"2011-12-16T02:57:51+00:00","mainEntityOfPage":{"@id":"https:\/\/fjala.info\/2009-2015\/sllavomaqedonasit-enderrojne-ne-kuaj-te-verdhe\/"},"wordCount":573,"commentCount":0,"publisher":{"@id":"https:\/\/fjala.info\/2009-2015\/#organization"},"image":{"@id":"https:\/\/fjala.info\/2009-2015\/sllavomaqedonasit-enderrojne-ne-kuaj-te-verdhe\/#primaryimage"},"thumbnailUrl":"http:\/\/www.shkoder.net\/images\/fjala\/2011\/mona_agrigoroiaie.jpg","articleSection":["Artikuj"],"inLanguage":"sq-AL","potentialAction":[{"@type":"CommentAction","name":"Comment","target":["https:\/\/fjala.info\/2009-2015\/sllavomaqedonasit-enderrojne-ne-kuaj-te-verdhe\/#respond"]}]},{"@type":"WebPage","@id":"https:\/\/fjala.info\/2009-2015\/sllavomaqedonasit-enderrojne-ne-kuaj-te-verdhe\/","url":"https:\/\/fjala.info\/2009-2015\/sllavomaqedonasit-enderrojne-ne-kuaj-te-verdhe\/","name":"SLLAVOMAQEDONASIT END\u00cbRROJN\u00cb N\u00cb KUAJ T\u00cb V\u00cbRDH\u00cb - FjALA e LIR\u00cb - Arkivi","isPartOf":{"@id":"https:\/\/fjala.info\/2009-2015\/#website"},"primaryImageOfPage":{"@id":"https:\/\/fjala.info\/2009-2015\/sllavomaqedonasit-enderrojne-ne-kuaj-te-verdhe\/#primaryimage"},"image":{"@id":"https:\/\/fjala.info\/2009-2015\/sllavomaqedonasit-enderrojne-ne-kuaj-te-verdhe\/#primaryimage"},"thumbnailUrl":"http:\/\/www.shkoder.net\/images\/fjala\/2011\/mona_agrigoroiaie.jpg","datePublished":"2011-12-16T02:57:51+00:00","breadcrumb":{"@id":"https:\/\/fjala.info\/2009-2015\/sllavomaqedonasit-enderrojne-ne-kuaj-te-verdhe\/#breadcrumb"},"inLanguage":"sq-AL","potentialAction":[{"@type":"ReadAction","target":["https:\/\/fjala.info\/2009-2015\/sllavomaqedonasit-enderrojne-ne-kuaj-te-verdhe\/"]}]},{"@type":"ImageObject","inLanguage":"sq-AL","@id":"https:\/\/fjala.info\/2009-2015\/sllavomaqedonasit-enderrojne-ne-kuaj-te-verdhe\/#primaryimage","url":"http:\/\/www.shkoder.net\/images\/fjala\/2011\/mona_agrigoroiaie.jpg","contentUrl":"http:\/\/www.shkoder.net\/images\/fjala\/2011\/mona_agrigoroiaie.jpg"},{"@type":"BreadcrumbList","@id":"https:\/\/fjala.info\/2009-2015\/sllavomaqedonasit-enderrojne-ne-kuaj-te-verdhe\/#breadcrumb","itemListElement":[{"@type":"ListItem","position":1,"name":"Home","item":"https:\/\/fjala.info\/2009-2015\/"},{"@type":"ListItem","position":2,"name":"SLLAVOMAQEDONASIT END\u00cbRROJN\u00cb N\u00cb KUAJ T\u00cb V\u00cbRDH\u00cb"}]},{"@type":"WebSite","@id":"https:\/\/fjala.info\/2009-2015\/#website","url":"https:\/\/fjala.info\/2009-2015\/","name":"FjALA e LIR\u00cb - Arkivi","description":"Arkivi 2009-2015","publisher":{"@id":"https:\/\/fjala.info\/2009-2015\/#organization"},"potentialAction":[{"@type":"SearchAction","target":{"@type":"EntryPoint","urlTemplate":"https:\/\/fjala.info\/2009-2015\/?s={search_term_string}"},"query-input":{"@type":"PropertyValueSpecification","valueRequired":true,"valueName":"search_term_string"}}],"inLanguage":"sq-AL"},{"@type":"Organization","@id":"https:\/\/fjala.info\/2009-2015\/#organization","name":"FjALA e LIR\u00cb - Arkivi","url":"https:\/\/fjala.info\/2009-2015\/","logo":{"@type":"ImageObject","inLanguage":"sq-AL","@id":"https:\/\/fjala.info\/2009-2015\/#\/schema\/logo\/image\/","url":"","contentUrl":"","caption":"FjALA e LIR\u00cb - Arkivi"},"image":{"@id":"https:\/\/fjala.info\/2009-2015\/#\/schema\/logo\/image\/"}},{"@type":"Person","@id":"https:\/\/fjala.info\/2009-2015\/#\/schema\/person\/3aa1163ef05469c496fc94e77611ada2","name":"admin","image":{"@type":"ImageObject","inLanguage":"sq-AL","@id":"https:\/\/fjala.info\/2009-2015\/wp-content\/uploads\/2012\/02\/arben_cokaj-120x150.jpg","url":"https:\/\/fjala.info\/2009-2015\/wp-content\/uploads\/2012\/02\/arben_cokaj-120x150.jpg","contentUrl":"https:\/\/fjala.info\/2009-2015\/wp-content\/uploads\/2012\/02\/arben_cokaj-120x150.jpg","caption":"admin"},"description":"Admin, Fjala e Lir\u00eb","sameAs":["https:\/\/fjala.info\/"],"url":"https:\/\/fjala.info\/2009-2015\/author\/admin\/"}]}},"_links":{"self":[{"href":"https:\/\/fjala.info\/2009-2015\/wp-json\/wp\/v2\/posts\/11523","targetHints":{"allow":["GET"]}}],"collection":[{"href":"https:\/\/fjala.info\/2009-2015\/wp-json\/wp\/v2\/posts"}],"about":[{"href":"https:\/\/fjala.info\/2009-2015\/wp-json\/wp\/v2\/types\/post"}],"author":[{"embeddable":true,"href":"https:\/\/fjala.info\/2009-2015\/wp-json\/wp\/v2\/users\/1"}],"replies":[{"embeddable":true,"href":"https:\/\/fjala.info\/2009-2015\/wp-json\/wp\/v2\/comments?post=11523"}],"version-history":[{"count":0,"href":"https:\/\/fjala.info\/2009-2015\/wp-json\/wp\/v2\/posts\/11523\/revisions"}],"wp:attachment":[{"href":"https:\/\/fjala.info\/2009-2015\/wp-json\/wp\/v2\/media?parent=11523"}],"wp:term":[{"taxonomy":"category","embeddable":true,"href":"https:\/\/fjala.info\/2009-2015\/wp-json\/wp\/v2\/categories?post=11523"},{"taxonomy":"post_tag","embeddable":true,"href":"https:\/\/fjala.info\/2009-2015\/wp-json\/wp\/v2\/tags?post=11523"}],"curies":[{"name":"wp","href":"https:\/\/api.w.org\/{rel}","templated":true}]}}