{"id":11521,"date":"2011-12-14T22:49:14","date_gmt":"2011-12-14T21:49:14","guid":{"rendered":"http:\/\/fjala.shkoder.net\/?p=603"},"modified":"2011-12-14T22:49:14","modified_gmt":"2011-12-14T21:49:14","slug":"kriza-po-sulmon-ethosin-e-perendimit","status":"publish","type":"post","link":"https:\/\/fjala.info\/2009-2015\/kriza-po-sulmon-ethosin-e-perendimit\/","title":{"rendered":"Kriza po sulmon ethosin e Per\u00ebndimit"},"content":{"rendered":"<p>Nga <strong>David Brooks<\/strong>, <em>14 dhjetor 2011<\/em><\/p>\n<p>Pse kombe si Gjermania dhe SHBA jan\u00eb t\u00eb pasura? Kryesisht nuk \u00ebsht\u00eb sepse ato kan\u00eb burime t\u00eb pasura natyrore \u2013 shum\u00eb kombe i kan\u00eb ato. Kryesisht \u00ebsht\u00eb p\u00ebr shkak t\u00eb zakoneve, vlerave dhe kapitalit social.<\/p>\n<p>\u00cbsht\u00eb sepse shum\u00eb njer\u00ebz n\u00eb k\u00ebto vende, si\u00e7 edhe n\u00ebnvizon Arthur Brooks i American Enterprise Institute, besojn\u00eb n\u00eb nj\u00eb formul\u00eb morale t\u00eb thjesht\u00eb: p\u00ebrpjekjet duhet t\u00eb \u00e7ojn\u00eb n\u00eb shp\u00ebrblim sa m\u00eb shpesh t\u00eb jet\u00eb e mundur. Njer\u00ebzit q\u00eb punojn\u00eb shum\u00eb dhe sillen sipas rregullave duhet t\u00eb ken\u00eb nj\u00eb shans p\u00ebr t\u00eb arritur mir\u00ebqenie.<\/p>\n<p>Parat\u00eb duhet t\u2019u shkojn\u00eb njer\u00ebzve n\u00eb baz\u00eb t\u00eb meritave dhe iniciativ\u00ebs. Vet\u00ebkontrolli duhet t\u00eb shp\u00ebrblehet, nd\u00ebrsa p\u00ebrtacia dhe vet\u00ebk\u00ebnaq\u00ebsia, jo. Institucionet e komunitetit duhet t\u00eb ushqejn\u00eb p\u00ebrgjegj\u00ebsi dhe drejt\u00ebsi. Ky ethos (tipar dominues) nuk \u00ebsht\u00eb nj\u00eb pron\u00eb gjenetike e pandryshueshme, e cila pakujdessh\u00ebm mund t\u00eb merret p\u00ebr mir\u00ebqen\u00eb. \u00cbsht\u00eb nj\u00eb struktur\u00eb sociale e \u00e7muar, q\u00eb mund t\u00eb sulmohet dhe degradohet.<\/p>\n<p>Pik\u00ebrisht tani, ky ethos po sulmohet nga t\u00eb gjitha an\u00ebt. Njer\u00ebzit po shohin se si lobist\u00ebt po i devijojn\u00eb parat\u00eb n\u00eb baz\u00eb t\u00eb lidhjeve; ata po shohin se si traders-at b\u00ebjn\u00eb miliona fal\u00eb manipulimeve afatshkurta; shohin se si qeverit\u00eb po vjedhin nga brezat e ardhsh\u00ebm p\u00ebr t\u00eb shp\u00ebrblyer votuesit e sot\u00ebm. Rezultati \u00ebsht\u00eb nj\u00eb krize legjitimiteti. Loja \u00ebsht\u00eb e manipuluar. Besimi social \u00ebsht\u00eb tkurrur. P\u00ebrpjekjet nuk ia vlejn\u00eb m\u00eb. <\/p>\n<p>Makineria e prosperitetit po ngadal\u00ebsohet. Megjithat\u00eb, sulmi ndaj k\u00ebtyre vlerave vazhdon, sidomos n\u00eb Europ\u00eb. P\u00ebrgjat\u00eb dekadave t\u00eb fundit, kombe t\u00eb ndryshme europiane, si Gjermania dhe Holanda, kan\u00eb luajtur sipas rregullave dhe kan\u00eb praktikuar qeverisje t\u00eb mir\u00eb. I kan\u00eb shtrir\u00eb k\u00ebmb\u00ebt sa kan\u00eb pasur jorganin, kan\u00eb nd\u00ebrmarr\u00eb reforma t\u00eb v\u00ebshtira, kan\u00eb rritur konkurenc\u00ebn dhe p\u00ebrforcuar vlerat.<\/p>\n<p>Tani k\u00ebto kombe po kritikohen sepse nuk duan t\u00eb nxjerrin nga balta kombe si Greqia, Italia dhe Spanja, t\u00eb cilat nuk i b\u00ebn\u00eb k\u00ebto gj\u00ebra, t\u00eb cilat mor\u00ebn hua t\u00eb m\u00ebdha q\u00eb po zgjedhin t\u00eb mos i ripaguajn\u00eb. Llogaritet q\u00eb kostoja e k\u00ebtyre \u2018nxjerrjeve nga balta\u2019 t\u00eb jet\u00eb shum\u00eb e madhe dhe mund t\u00eb jet\u00eb m\u00eb e madhe se sa kostoja e d\u00ebmshp\u00ebrblimit q\u00eb pagoi Gjermania pas Luft\u00ebs s\u00eb Par\u00eb Bot\u00ebrore. Gjerman\u00ebt po kritikohen se nuk duan t\u00eb nxjerrin nga balta Greqin\u00eb, ku edhe sot shum\u00eb njer\u00ebz nuk jan\u00eb t\u00eb gatsh\u00ebm t\u00eb paguajn\u00eb taksat e tyre. Ata po kritikohen se nuk duan t\u00eb shp\u00ebtojn\u00eb Italin\u00eb, ku perspektivat p\u00ebr nj\u00eb rritje n\u00eb t\u00eb ardhmen jan\u00eb akoma t\u00eb pasigurta. Po u k\u00ebrkohet t\u00eb shp\u00ebtojn\u00eb kombe me sektor publik t\u00eb pafundm\u00eb dhe demografi t\u00eb tmerrshme.<\/p>\n<p>Po u k\u00ebrkohet t\u00eb mbulojn\u00eb probleme ekonomike thelb\u00ebsore me nj\u00eb mal parash. \u00cbsht\u00eb e v\u00ebrtet\u00eb q\u00eb gjerman\u00ebt p\u00ebrfituan jasht\u00eb mase shum\u00eb nga eurozona dhe nga flluska e Europ\u00ebs Juglindore, dhe q\u00eb bankat gjermane dhe franceze jan\u00eb shum\u00eb larg t\u00eb qenit t\u00eb pafajshme. \u00cbsht\u00eb e v\u00ebrtet\u00eb q\u00eb pasojat p\u00ebr bot\u00ebn mund t\u00eb jen\u00eb katastrofike n\u00ebse eurozona kriset. \u00cbsht\u00eb e v\u00ebrtet\u00eb q\u00eb n\u00eb koh\u00eb krizash b\u00ebn gj\u00ebra q\u00eb nuk do i b\u00ebje n\u00eb rrethana t\u00eb zakonshme; b\u00ebn gj\u00ebra q\u00eb dhunojn\u00eb vlerat e tua t\u00eb p\u00ebrditshme. Por duhet ta simpatizojm\u00eb kombin gjerman. Ata nuk po tregohen egoist\u00eb duke insistuar p\u00ebr reforma strukturore n\u00eb k\u00ebmbim t\u00eb shp\u00ebtimit. Ata nuk jan\u00eb pengje t\u00eb nj\u00eb ideologjie strikte. Nuk jan\u00eb t\u00eb trullosur nga ndonj\u00eb bestytni gjysm\u00eb e \u00e7mendur Weimar-eze p\u00ebr inflacionin e shfrenuar. Ata po mbrojn\u00eb vlerat, doket dhe kontrat\u00ebn sociale mbi t\u00eb cil\u00ebn \u00ebsht\u00eb bazuar prosperiteti i Per\u00ebndimit.<\/p>\n<p>Gj\u00ebja m\u00eb e frikshme \u00ebsht\u00eb se shum\u00eb prej njer\u00ebzve q\u00eb po kritikojn\u00eb Gjermanin\u00eb duket se jan\u00eb shum\u00eb pak t\u00eb angazhuar me formul\u00ebn p\u00ebrpjekje-shp\u00ebrblim, themelin e kapitalizmit. N\u00eb nj\u00eb an\u00eb jan\u00eb teknik\u00ebt, t\u00eb cil\u00ebt jan\u00eb t\u00eb pav\u00ebmendsh\u00ebm ndaj vlerave. P\u00ebr ata, \u00e7do gj\u00eb q\u00eb nuk mund t\u00eb num\u00ebrohet dhe modelohet \u00ebsht\u00eb nj\u00eb par\u00ebnd\u00ebsi primitive. N\u00eb an\u00ebn tjet\u00ebr jan\u00eb njer\u00ebzit q\u00eb e shohin kriz\u00ebn europiane n\u00ebp\u00ebrmjet prizmit t\u00eb ndonj\u00eb lufte kozmike klasash. Nuk ka r\u00ebnd\u00ebsi m\u00ebnyra se si njer\u00ebzit po sillen, por n\u00ebse ata jan\u00eb nj\u00eb kam apo nuk-kam. Burden of proof (Barra e prov\u00ebs) \u00ebsht\u00eb kundra atyre q\u00eb kan\u00eb.<\/p>\n<p>The benefit of doubt (nj\u00eb gjykim i favorsh\u00ebm n\u00eb munges\u00eb provash) \u00ebsht\u00eb me nuk kam-\u00ebt. \u00c7do kund\u00ebrshtim p\u00ebr rishp\u00ebrndarje pritet me furi. M\u00ebsimi i v\u00ebrtet\u00eb nga kriza financiare \u00ebsht\u00eb se, n\u00eb kulmin e kriz\u00ebs, ti b\u00ebn at\u00eb \u00e7ka duhet t\u00eb b\u00ebsh. I nxjerr nga balta bankat. I nxjerr nga balta qeverit\u00eb e dob\u00ebta europiane. Por, n\u00eb t\u00eb nj\u00ebjt\u00ebn koh\u00eb, ti mb\u00ebrthen fort\u00eb politika q\u00eb forcojn\u00eb hallk\u00ebn thelb\u00ebsore midis p\u00ebrpjekjes dhe shp\u00ebrblimit. Dhe, sapo kriza t\u00eb kaloj\u00eb, l\u00ebviz p\u00ebr t\u00eb riparuar legjitimitetin e sistemit. Kjo nuk ndodhi pas kriz\u00ebs amerikane t\u00eb 2008-\u00ebs. Njer\u00ebzit q\u00eb e shkaktuan kriz\u00ebn kur nuk dhan\u00eb llogari. Kur nuk pati nj\u00eb strategji daljeje p\u00ebr t\u00eb \u00e7liruar borxhin e madh q\u00eb ishte grumbulluar.<\/p>\n<p>Problemet strukturore q\u00eb r\u00ebnduan ekonomin\u00eb, kurr\u00eb nuk u adresuan. Dhe si rezultat, Shtetet e Bashkuara t\u00eb Amerik\u00ebs po vuajn\u00eb nj\u00eb kriz\u00eb t\u00eb tmerrshme besimi q\u00eb po ngadal\u00ebson rritjen, kufizon veprimin e qeveris\u00eb dhe i shp\u00ebrndan politikat tona n\u00eb drejtime t\u00eb \u00e7uditshme. Sfida e Europ\u00ebs nuk \u00ebsht\u00eb vet\u00ebm tejkalimi i kolapsit financiar, por tejkalimi i tij n\u00eb nj\u00eb m\u00ebnyr\u00eb t\u00eb till\u00eb q\u00eb nuk helmon fidanishten e prosperitetit. Cilat vlera do t\u00eb shp\u00ebrblehen dhe riforcohen? Do t\u00eb jet\u00eb p\u00ebrpjekja, prodhimtaria dhe vet\u00ebdisiplina? Apo do t\u00eb jet\u00eb keqqeverisja, tani e p\u00ebrgjithmon\u00eb?<\/p>\n<p><em>Marr\u00eb nga New York Times<\/em><\/p>\n","protected":false},"excerpt":{"rendered":"<p>Nga David Brooks, 14 dhjetor 2011 Pse kombe si Gjermania dhe SHBA jan\u00eb t\u00eb pasura? Kryesisht nuk \u00ebsht\u00eb sepse ato kan\u00eb burime t\u00eb pasura natyrore \u2013 shum\u00eb kombe i kan\u00eb ato. Kryesisht \u00ebsht\u00eb p\u00ebr shkak t\u00eb zakoneve, vlerave dhe kapitalit social. \u00cbsht\u00eb sepse shum\u00eb njer\u00ebz n\u00eb k\u00ebto vende, si\u00e7 edhe n\u00ebnvizon Arthur Brooks i American [&hellip;]<\/p>\n","protected":false},"author":1,"featured_media":0,"comment_status":"open","ping_status":"closed","sticky":false,"template":"","format":"standard","meta":{"footnotes":""},"categories":[2],"tags":[],"class_list":{"0":"post-11521","1":"post","2":"type-post","3":"status-publish","4":"format-standard","6":"category-artikuj"},"yoast_head":"<!-- This site is optimized with the Yoast SEO plugin v27.4 - https:\/\/yoast.com\/product\/yoast-seo-wordpress\/ -->\n<title>Kriza po sulmon ethosin e Per\u00ebndimit - FjALA e LIR\u00cb - Arkivi<\/title>\n<meta name=\"robots\" content=\"index, follow, max-snippet:-1, max-image-preview:large, max-video-preview:-1\" \/>\n<link rel=\"canonical\" href=\"https:\/\/fjala.info\/2009-2015\/kriza-po-sulmon-ethosin-e-perendimit\/\" \/>\n<meta property=\"og:locale\" content=\"sq_AL\" \/>\n<meta property=\"og:type\" content=\"article\" \/>\n<meta property=\"og:title\" content=\"Kriza po sulmon ethosin e Per\u00ebndimit - FjALA e LIR\u00cb - Arkivi\" \/>\n<meta property=\"og:description\" content=\"Nga David Brooks, 14 dhjetor 2011 Pse kombe si Gjermania dhe SHBA jan\u00eb t\u00eb pasura? Kryesisht nuk \u00ebsht\u00eb sepse ato kan\u00eb burime t\u00eb pasura natyrore \u2013 shum\u00eb kombe i kan\u00eb ato. Kryesisht \u00ebsht\u00eb p\u00ebr shkak t\u00eb zakoneve, vlerave dhe kapitalit social. \u00cbsht\u00eb sepse shum\u00eb njer\u00ebz n\u00eb k\u00ebto vende, si\u00e7 edhe n\u00ebnvizon Arthur Brooks i American [&hellip;]\" \/>\n<meta property=\"og:url\" content=\"https:\/\/fjala.info\/2009-2015\/kriza-po-sulmon-ethosin-e-perendimit\/\" \/>\n<meta property=\"og:site_name\" content=\"FjALA e LIR\u00cb - Arkivi\" \/>\n<meta property=\"article:published_time\" content=\"2011-12-14T21:49:14+00:00\" \/>\n<meta name=\"author\" content=\"admin\" \/>\n<meta name=\"twitter:card\" content=\"summary_large_image\" \/>\n<meta name=\"twitter:label1\" content=\"Written by\" \/>\n\t<meta name=\"twitter:data1\" content=\"admin\" \/>\n\t<meta name=\"twitter:label2\" content=\"Est. reading time\" \/>\n\t<meta name=\"twitter:data2\" content=\"5 minutes\" \/>\n<script type=\"application\/ld+json\" class=\"yoast-schema-graph\">{\"@context\":\"https:\\\/\\\/schema.org\",\"@graph\":[{\"@type\":\"Article\",\"@id\":\"https:\\\/\\\/fjala.info\\\/2009-2015\\\/kriza-po-sulmon-ethosin-e-perendimit\\\/#article\",\"isPartOf\":{\"@id\":\"https:\\\/\\\/fjala.info\\\/2009-2015\\\/kriza-po-sulmon-ethosin-e-perendimit\\\/\"},\"author\":{\"name\":\"admin\",\"@id\":\"https:\\\/\\\/fjala.info\\\/2009-2015\\\/#\\\/schema\\\/person\\\/3aa1163ef05469c496fc94e77611ada2\"},\"headline\":\"Kriza po sulmon ethosin e Per\u00ebndimit\",\"datePublished\":\"2011-12-14T21:49:14+00:00\",\"mainEntityOfPage\":{\"@id\":\"https:\\\/\\\/fjala.info\\\/2009-2015\\\/kriza-po-sulmon-ethosin-e-perendimit\\\/\"},\"wordCount\":1009,\"commentCount\":0,\"publisher\":{\"@id\":\"https:\\\/\\\/fjala.info\\\/2009-2015\\\/#organization\"},\"articleSection\":[\"Artikuj\"],\"inLanguage\":\"sq-AL\",\"potentialAction\":[{\"@type\":\"CommentAction\",\"name\":\"Comment\",\"target\":[\"https:\\\/\\\/fjala.info\\\/2009-2015\\\/kriza-po-sulmon-ethosin-e-perendimit\\\/#respond\"]}]},{\"@type\":\"WebPage\",\"@id\":\"https:\\\/\\\/fjala.info\\\/2009-2015\\\/kriza-po-sulmon-ethosin-e-perendimit\\\/\",\"url\":\"https:\\\/\\\/fjala.info\\\/2009-2015\\\/kriza-po-sulmon-ethosin-e-perendimit\\\/\",\"name\":\"Kriza po sulmon ethosin e Per\u00ebndimit - FjALA e LIR\u00cb - Arkivi\",\"isPartOf\":{\"@id\":\"https:\\\/\\\/fjala.info\\\/2009-2015\\\/#website\"},\"datePublished\":\"2011-12-14T21:49:14+00:00\",\"breadcrumb\":{\"@id\":\"https:\\\/\\\/fjala.info\\\/2009-2015\\\/kriza-po-sulmon-ethosin-e-perendimit\\\/#breadcrumb\"},\"inLanguage\":\"sq-AL\",\"potentialAction\":[{\"@type\":\"ReadAction\",\"target\":[\"https:\\\/\\\/fjala.info\\\/2009-2015\\\/kriza-po-sulmon-ethosin-e-perendimit\\\/\"]}]},{\"@type\":\"BreadcrumbList\",\"@id\":\"https:\\\/\\\/fjala.info\\\/2009-2015\\\/kriza-po-sulmon-ethosin-e-perendimit\\\/#breadcrumb\",\"itemListElement\":[{\"@type\":\"ListItem\",\"position\":1,\"name\":\"Home\",\"item\":\"https:\\\/\\\/fjala.info\\\/2009-2015\\\/\"},{\"@type\":\"ListItem\",\"position\":2,\"name\":\"Kriza po sulmon ethosin e Per\u00ebndimit\"}]},{\"@type\":\"WebSite\",\"@id\":\"https:\\\/\\\/fjala.info\\\/2009-2015\\\/#website\",\"url\":\"https:\\\/\\\/fjala.info\\\/2009-2015\\\/\",\"name\":\"FjALA e LIR\u00cb - Arkivi\",\"description\":\"Arkivi 2009-2015\",\"publisher\":{\"@id\":\"https:\\\/\\\/fjala.info\\\/2009-2015\\\/#organization\"},\"potentialAction\":[{\"@type\":\"SearchAction\",\"target\":{\"@type\":\"EntryPoint\",\"urlTemplate\":\"https:\\\/\\\/fjala.info\\\/2009-2015\\\/?s={search_term_string}\"},\"query-input\":{\"@type\":\"PropertyValueSpecification\",\"valueRequired\":true,\"valueName\":\"search_term_string\"}}],\"inLanguage\":\"sq-AL\"},{\"@type\":\"Organization\",\"@id\":\"https:\\\/\\\/fjala.info\\\/2009-2015\\\/#organization\",\"name\":\"FjALA e LIR\u00cb - Arkivi\",\"url\":\"https:\\\/\\\/fjala.info\\\/2009-2015\\\/\",\"logo\":{\"@type\":\"ImageObject\",\"inLanguage\":\"sq-AL\",\"@id\":\"https:\\\/\\\/fjala.info\\\/2009-2015\\\/#\\\/schema\\\/logo\\\/image\\\/\",\"url\":\"\",\"contentUrl\":\"\",\"caption\":\"FjALA e LIR\u00cb - Arkivi\"},\"image\":{\"@id\":\"https:\\\/\\\/fjala.info\\\/2009-2015\\\/#\\\/schema\\\/logo\\\/image\\\/\"}},{\"@type\":\"Person\",\"@id\":\"https:\\\/\\\/fjala.info\\\/2009-2015\\\/#\\\/schema\\\/person\\\/3aa1163ef05469c496fc94e77611ada2\",\"name\":\"admin\",\"image\":{\"@type\":\"ImageObject\",\"inLanguage\":\"sq-AL\",\"@id\":\"https:\\\/\\\/fjala.info\\\/2009-2015\\\/wp-content\\\/uploads\\\/2012\\\/02\\\/arben_cokaj-120x150.jpg\",\"url\":\"https:\\\/\\\/fjala.info\\\/2009-2015\\\/wp-content\\\/uploads\\\/2012\\\/02\\\/arben_cokaj-120x150.jpg\",\"contentUrl\":\"https:\\\/\\\/fjala.info\\\/2009-2015\\\/wp-content\\\/uploads\\\/2012\\\/02\\\/arben_cokaj-120x150.jpg\",\"caption\":\"admin\"},\"description\":\"Admin, Fjala e Lir\u00eb\",\"sameAs\":[\"https:\\\/\\\/fjala.info\\\/\"],\"url\":\"https:\\\/\\\/fjala.info\\\/2009-2015\\\/author\\\/admin\\\/\"}]}<\/script>\n<!-- \/ Yoast SEO plugin. -->","yoast_head_json":{"title":"Kriza po sulmon ethosin e Per\u00ebndimit - FjALA e LIR\u00cb - Arkivi","robots":{"index":"index","follow":"follow","max-snippet":"max-snippet:-1","max-image-preview":"max-image-preview:large","max-video-preview":"max-video-preview:-1"},"canonical":"https:\/\/fjala.info\/2009-2015\/kriza-po-sulmon-ethosin-e-perendimit\/","og_locale":"sq_AL","og_type":"article","og_title":"Kriza po sulmon ethosin e Per\u00ebndimit - FjALA e LIR\u00cb - Arkivi","og_description":"Nga David Brooks, 14 dhjetor 2011 Pse kombe si Gjermania dhe SHBA jan\u00eb t\u00eb pasura? Kryesisht nuk \u00ebsht\u00eb sepse ato kan\u00eb burime t\u00eb pasura natyrore \u2013 shum\u00eb kombe i kan\u00eb ato. Kryesisht \u00ebsht\u00eb p\u00ebr shkak t\u00eb zakoneve, vlerave dhe kapitalit social. \u00cbsht\u00eb sepse shum\u00eb njer\u00ebz n\u00eb k\u00ebto vende, si\u00e7 edhe n\u00ebnvizon Arthur Brooks i American [&hellip;]","og_url":"https:\/\/fjala.info\/2009-2015\/kriza-po-sulmon-ethosin-e-perendimit\/","og_site_name":"FjALA e LIR\u00cb - Arkivi","article_published_time":"2011-12-14T21:49:14+00:00","author":"admin","twitter_card":"summary_large_image","twitter_misc":{"Written by":"admin","Est. reading time":"5 minutes"},"schema":{"@context":"https:\/\/schema.org","@graph":[{"@type":"Article","@id":"https:\/\/fjala.info\/2009-2015\/kriza-po-sulmon-ethosin-e-perendimit\/#article","isPartOf":{"@id":"https:\/\/fjala.info\/2009-2015\/kriza-po-sulmon-ethosin-e-perendimit\/"},"author":{"name":"admin","@id":"https:\/\/fjala.info\/2009-2015\/#\/schema\/person\/3aa1163ef05469c496fc94e77611ada2"},"headline":"Kriza po sulmon ethosin e Per\u00ebndimit","datePublished":"2011-12-14T21:49:14+00:00","mainEntityOfPage":{"@id":"https:\/\/fjala.info\/2009-2015\/kriza-po-sulmon-ethosin-e-perendimit\/"},"wordCount":1009,"commentCount":0,"publisher":{"@id":"https:\/\/fjala.info\/2009-2015\/#organization"},"articleSection":["Artikuj"],"inLanguage":"sq-AL","potentialAction":[{"@type":"CommentAction","name":"Comment","target":["https:\/\/fjala.info\/2009-2015\/kriza-po-sulmon-ethosin-e-perendimit\/#respond"]}]},{"@type":"WebPage","@id":"https:\/\/fjala.info\/2009-2015\/kriza-po-sulmon-ethosin-e-perendimit\/","url":"https:\/\/fjala.info\/2009-2015\/kriza-po-sulmon-ethosin-e-perendimit\/","name":"Kriza po sulmon ethosin e Per\u00ebndimit - FjALA e LIR\u00cb - Arkivi","isPartOf":{"@id":"https:\/\/fjala.info\/2009-2015\/#website"},"datePublished":"2011-12-14T21:49:14+00:00","breadcrumb":{"@id":"https:\/\/fjala.info\/2009-2015\/kriza-po-sulmon-ethosin-e-perendimit\/#breadcrumb"},"inLanguage":"sq-AL","potentialAction":[{"@type":"ReadAction","target":["https:\/\/fjala.info\/2009-2015\/kriza-po-sulmon-ethosin-e-perendimit\/"]}]},{"@type":"BreadcrumbList","@id":"https:\/\/fjala.info\/2009-2015\/kriza-po-sulmon-ethosin-e-perendimit\/#breadcrumb","itemListElement":[{"@type":"ListItem","position":1,"name":"Home","item":"https:\/\/fjala.info\/2009-2015\/"},{"@type":"ListItem","position":2,"name":"Kriza po sulmon ethosin e Per\u00ebndimit"}]},{"@type":"WebSite","@id":"https:\/\/fjala.info\/2009-2015\/#website","url":"https:\/\/fjala.info\/2009-2015\/","name":"FjALA e LIR\u00cb - Arkivi","description":"Arkivi 2009-2015","publisher":{"@id":"https:\/\/fjala.info\/2009-2015\/#organization"},"potentialAction":[{"@type":"SearchAction","target":{"@type":"EntryPoint","urlTemplate":"https:\/\/fjala.info\/2009-2015\/?s={search_term_string}"},"query-input":{"@type":"PropertyValueSpecification","valueRequired":true,"valueName":"search_term_string"}}],"inLanguage":"sq-AL"},{"@type":"Organization","@id":"https:\/\/fjala.info\/2009-2015\/#organization","name":"FjALA e LIR\u00cb - Arkivi","url":"https:\/\/fjala.info\/2009-2015\/","logo":{"@type":"ImageObject","inLanguage":"sq-AL","@id":"https:\/\/fjala.info\/2009-2015\/#\/schema\/logo\/image\/","url":"","contentUrl":"","caption":"FjALA e LIR\u00cb - Arkivi"},"image":{"@id":"https:\/\/fjala.info\/2009-2015\/#\/schema\/logo\/image\/"}},{"@type":"Person","@id":"https:\/\/fjala.info\/2009-2015\/#\/schema\/person\/3aa1163ef05469c496fc94e77611ada2","name":"admin","image":{"@type":"ImageObject","inLanguage":"sq-AL","@id":"https:\/\/fjala.info\/2009-2015\/wp-content\/uploads\/2012\/02\/arben_cokaj-120x150.jpg","url":"https:\/\/fjala.info\/2009-2015\/wp-content\/uploads\/2012\/02\/arben_cokaj-120x150.jpg","contentUrl":"https:\/\/fjala.info\/2009-2015\/wp-content\/uploads\/2012\/02\/arben_cokaj-120x150.jpg","caption":"admin"},"description":"Admin, Fjala e Lir\u00eb","sameAs":["https:\/\/fjala.info\/"],"url":"https:\/\/fjala.info\/2009-2015\/author\/admin\/"}]}},"_links":{"self":[{"href":"https:\/\/fjala.info\/2009-2015\/wp-json\/wp\/v2\/posts\/11521","targetHints":{"allow":["GET"]}}],"collection":[{"href":"https:\/\/fjala.info\/2009-2015\/wp-json\/wp\/v2\/posts"}],"about":[{"href":"https:\/\/fjala.info\/2009-2015\/wp-json\/wp\/v2\/types\/post"}],"author":[{"embeddable":true,"href":"https:\/\/fjala.info\/2009-2015\/wp-json\/wp\/v2\/users\/1"}],"replies":[{"embeddable":true,"href":"https:\/\/fjala.info\/2009-2015\/wp-json\/wp\/v2\/comments?post=11521"}],"version-history":[{"count":0,"href":"https:\/\/fjala.info\/2009-2015\/wp-json\/wp\/v2\/posts\/11521\/revisions"}],"wp:attachment":[{"href":"https:\/\/fjala.info\/2009-2015\/wp-json\/wp\/v2\/media?parent=11521"}],"wp:term":[{"taxonomy":"category","embeddable":true,"href":"https:\/\/fjala.info\/2009-2015\/wp-json\/wp\/v2\/categories?post=11521"},{"taxonomy":"post_tag","embeddable":true,"href":"https:\/\/fjala.info\/2009-2015\/wp-json\/wp\/v2\/tags?post=11521"}],"curies":[{"name":"wp","href":"https:\/\/api.w.org\/{rel}","templated":true}]}}