{"id":11519,"date":"2011-12-13T22:57:34","date_gmt":"2011-12-13T21:57:34","guid":{"rendered":"http:\/\/fjala.shkoder.net\/?p=585"},"modified":"2011-12-13T22:57:34","modified_gmt":"2011-12-13T21:57:34","slug":"nje-sit-i-ri-per-te-apasionuarit-e-letersise","status":"publish","type":"post","link":"https:\/\/fjala.info\/2009-2015\/nje-sit-i-ri-per-te-apasionuarit-e-letersise\/","title":{"rendered":"Nj\u00eb sit i ri p\u00ebr t\u00eb apasionuarit e let\u00ebrsis\u00eb"},"content":{"rendered":"<p><img decoding=\"async\" class=\"alignright size-thumbnail wp-image-7236\" title=\"Arjan Th. Kall\u00e7o\" src=\"http:\/\/www.shkoder.net\/images\/fjala\/2011\/arjan_kallco.jpg\" alt=\"\" width=\"150\" \/> <strong>Arjan Th. Kall\u00e7o<\/strong><\/p>\n<p>N\u00eb k\u00ebt\u00eb koh\u00eb tendecash drejt risive teknologjike, por q\u00eb nuk po b\u00ebjn\u00eb hapa gjigand\u00eb sa pritej, e th\u00ebn\u00eb kjo edhe nga vet\u00eb drejtuesit e tyre, \u00e7do dit\u00eb lindin site t\u00eb rinj apo network-e q\u00eb marrin p\u00ebrsip\u00ebr t\u00eb t\u00ebrheqin v\u00ebmendjen e publikut dhe t\u00eb apasionuarve t\u00eb let\u00ebrsis\u00eb. Natyrisht lindja e tyre do t\u00eb ishte nj\u00eb dritare m\u00eb shum\u00eb n\u00eb bot\u00ebn e pafund t\u00eb let\u00ebrsis\u00eb, por shum\u00eb syresh mbeten m\u00eb pas site q\u00eb nuk kan\u00eb vazhdueshm\u00ebri. M\u00eb i fundit q\u00eb mund ta gjeni on line \u00ebsht\u00eb Zazie.it, platforma e re web p\u00ebr let\u00ebrsin\u00eb. Emri i tij lidhet me personazhen e paharrueshme t\u00eb autorit Raymond Queneau, shkrimtar, poet, matematicien, dramaturg francez dhe q\u00eb jet\u00ebn ia dedikoi botimeve dhe sht\u00ebpis\u00eb botuese Gallimard.<\/p>\n<p>Ja historia e shkurt\u00ebr e k\u00ebsaj heroine botuar n\u00eb librin me titull Zazie n\u00eb metro\u2019 n\u00eb vitin 1959 dhe q\u00eb \u00ebsht\u00eb libri i tij m\u00eb i njohur. Zazie \u00ebsht\u00eb nj\u00eb vajz\u00eb rebele q\u00eb mb\u00ebrrin n\u00eb Paris nga fshati q\u00eb t\u00eb q\u00ebndronte p\u00ebr disa dit\u00eb me xha\u2019 Gabrielin, nj\u00eb burr\u00eb q\u00eb ushtronte profesionin e nj\u00eb balerini t\u00eb veshur si i till\u00eb. Zazia ka d\u00ebshir\u00eb q\u00eb ta shoh\u00eb metron\u00eb, por nj\u00eb grev\u00eb nuk pa lejon realizimin e endrr\u00ebs s\u00eb saj. Por nuk dor\u00ebzohet dhe tundimi q\u00eb t\u00eb shihte qytetar\u00ebt e kryeqytetit e b\u00ebn q\u00eb t\u2019ia mbath\u00eb nga sht\u00ebpia ku ndodhej dhe t\u00eb takonte nj\u00eb s\u00ebr\u00eb personazhesh surreal\u00eb : t\u00eb m\u00ebshirsh\u00ebm, diabolik\u00eb, satirist\u00eb, k\u00ebpucar\u00eb \u00ebndrrimtar\u00eb dhe vejusha q\u00eb gjenin ngush\u00ebllim, personazhe q\u00eb popullojn\u00eb Parisin e Queneau-s\u00eb.<\/p>\n<p>Q\u00eb t\u00eb h\u00ebn\u00eb iu shtua moris\u00eb s\u00eb siteve letrare edhe ky sit q\u00eb k\u00ebrkon n\u00eb morin\u00eb e emrave t\u00eb m\u00ebdhenj t\u00eb siteve, si p.sh aNobii, social network p\u00ebr librat me p\u00ebrhapje nd\u00ebrkomb\u00ebtare, afirmimin e vet dhe lexuesit k\u00ebmb\u00ebngul\u00ebs on line. Urojm\u00eb q\u00eb t\u00eb ket\u00eb jet\u00eb t\u00eb gjat\u00eb, pasi n\u00eb fondin e vet ka mbi 900 mij\u00eb tituj t\u00eb disponuesh\u00ebm, nuk \u00ebsht\u00eb shaka q\u00eb ta fillosh me nj\u00eb pasuri dhe larmi t\u00eb till\u00eb hapin e par\u00eb drejt nj\u00eb let\u00ebrsie globale on line.<\/p>\n<p>Por m\u00eb b\u00ebn p\u00ebrshtypje fakti se konsiderohet shpik\u00ebs, pasi synon q\u00eb t\u00eb ndaj\u00eb me lexues-miq t\u00eb shumt\u00eb n\u00eb m\u00ebnyr\u00eb t\u00eb strukturuar emocionet. Dhe kjo nuk do t\u00eb ishte nj\u00eb ide e keqe, pasi do t\u00eb kishim mund\u00ebsi q\u00eb t\u00eb gjenim libra t\u00eb kataloguar sipas gjendjes son\u00eb shpirt\u00ebrore gjat\u00eb t\u00eb gjitha dit\u00ebve. Dihet q\u00eb edhe humori yn\u00eb nuk \u00ebsht\u00eb i nj\u00ebjt\u00eb, at\u00ebher\u00eb p\u00ebr t\u00eb gjith\u00eb \u201cfanatik\u00ebt\u201d e k\u00ebrkimit t\u00eb qet\u00ebsis\u00eb apo ekuilibrit shpirt\u00ebror, do t\u00eb ishte siti m\u00eb i duhur.<\/p>\n<p>Shpikja e dyt\u00eb \u00ebsht\u00eb se shum\u00eb t\u00eb tjer\u00eb mund t\u00eb preferojn\u00eb edhe situata t\u00eb tjera si p.sh udh\u00ebtimet dhe dashurit\u00eb q\u00eb lind\u00ebn n\u00eb tren, avion, autobus, bile edhe gjat\u00eb stin\u00ebve t\u00eb ndryshme t\u00eb vitit. Do t\u00eb ishte me kuriozitet nj\u00eb seri librash me tem\u00eb udh\u00ebtimi p.sh n\u00eb pranver\u00eb dhe t\u00eb gjente n\u00eb sit shum\u00eb libra q\u00eb flasin p\u00ebr dashurin\u00eb. Kjo do t\u00eb shtrihej dhe udh\u00ebtimi do t\u00eb merrte p\u00ebrmasa planetare, pasi do t\u00eb lexoje nj\u00eb lib\u00ebr t\u00eb nj\u00eb autori amerikan dhe do t\u00eb gjendeshe n\u00eb Hong-Kong, apo shkrimtar\u00eb europian\u00eb dhe do t\u00eb gjendeshe n\u00eb Amrik\u00ebn latine etj. Pra nj\u00eb lloj pyetje SiKurKu q\u00eb do t\u00eb merrte p\u00ebrgjigje nga m\u00eb t\u00eb pabesueshmet.<\/p>\n<p>Por midis lexuesve global\u00eb dhe t\u00eb joshur nga k\u00ebto ide mund t\u00eb ket\u00eb edhe tek ne, pasi njoh\u00ebsit e gjuh\u00ebs italiane jan\u00eb t\u00eb shumt\u00eb. Ndoshta n\u00eb k\u00ebt\u00eb lundrim tep\u00ebr t\u00eb ve\u00e7ant\u00eb mund t\u00eb lindin histori t\u00eb reja dashurish, n\u00eb stin\u00eb t\u00eb ndryshme, edhe nga komunikimi midis vet\u00eb lexuesve dhe q\u00eb do ta meritonin nj\u00eb kompesim t\u00eb botimit nga vet\u00eb administrator\u00ebt e network-ut. E kush do ta kishte menduar k\u00ebt\u00eb lloj siti m\u00eb par\u00eb?<\/p>\n","protected":false},"excerpt":{"rendered":"<p>Arjan Th. Kall\u00e7o N\u00eb k\u00ebt\u00eb koh\u00eb tendecash drejt risive teknologjike, por q\u00eb nuk po b\u00ebjn\u00eb hapa gjigand\u00eb sa pritej, e th\u00ebn\u00eb kjo edhe nga vet\u00eb drejtuesit e tyre, \u00e7do dit\u00eb lindin site t\u00eb rinj apo network-e q\u00eb marrin p\u00ebrsip\u00ebr t\u00eb t\u00ebrheqin v\u00ebmendjen e publikut dhe t\u00eb apasionuarve t\u00eb let\u00ebrsis\u00eb. Natyrisht lindja e tyre do t\u00eb [&hellip;]<\/p>\n","protected":false},"author":1,"featured_media":0,"comment_status":"open","ping_status":"closed","sticky":false,"template":"","format":"standard","meta":{"footnotes":""},"categories":[2],"tags":[],"class_list":{"0":"post-11519","1":"post","2":"type-post","3":"status-publish","4":"format-standard","6":"category-artikuj"},"yoast_head":"<!-- This site is optimized with the Yoast SEO plugin v27.4 - https:\/\/yoast.com\/product\/yoast-seo-wordpress\/ -->\n<title>Nj\u00eb sit i ri p\u00ebr t\u00eb apasionuarit e let\u00ebrsis\u00eb - FjALA e LIR\u00cb - Arkivi<\/title>\n<meta name=\"robots\" content=\"index, follow, max-snippet:-1, max-image-preview:large, max-video-preview:-1\" \/>\n<link rel=\"canonical\" href=\"https:\/\/fjala.info\/2009-2015\/nje-sit-i-ri-per-te-apasionuarit-e-letersise\/\" \/>\n<meta property=\"og:locale\" content=\"sq_AL\" \/>\n<meta property=\"og:type\" content=\"article\" \/>\n<meta property=\"og:title\" content=\"Nj\u00eb sit i ri p\u00ebr t\u00eb apasionuarit e let\u00ebrsis\u00eb - FjALA e LIR\u00cb - Arkivi\" \/>\n<meta property=\"og:description\" content=\"Arjan Th. Kall\u00e7o N\u00eb k\u00ebt\u00eb koh\u00eb tendecash drejt risive teknologjike, por q\u00eb nuk po b\u00ebjn\u00eb hapa gjigand\u00eb sa pritej, e th\u00ebn\u00eb kjo edhe nga vet\u00eb drejtuesit e tyre, \u00e7do dit\u00eb lindin site t\u00eb rinj apo network-e q\u00eb marrin p\u00ebrsip\u00ebr t\u00eb t\u00ebrheqin v\u00ebmendjen e publikut dhe t\u00eb apasionuarve t\u00eb let\u00ebrsis\u00eb. Natyrisht lindja e tyre do t\u00eb [&hellip;]\" \/>\n<meta property=\"og:url\" content=\"https:\/\/fjala.info\/2009-2015\/nje-sit-i-ri-per-te-apasionuarit-e-letersise\/\" \/>\n<meta property=\"og:site_name\" content=\"FjALA e LIR\u00cb - Arkivi\" \/>\n<meta property=\"article:published_time\" content=\"2011-12-13T21:57:34+00:00\" \/>\n<meta property=\"og:image\" content=\"http:\/\/www.shkoder.net\/images\/fjala\/2011\/arjan_kallco.jpg\" \/>\n<meta name=\"author\" content=\"admin\" \/>\n<meta name=\"twitter:card\" content=\"summary_large_image\" \/>\n<meta name=\"twitter:label1\" content=\"Written by\" \/>\n\t<meta name=\"twitter:data1\" content=\"admin\" \/>\n\t<meta name=\"twitter:label2\" content=\"Est. reading time\" \/>\n\t<meta name=\"twitter:data2\" content=\"3 minutes\" \/>\n<script type=\"application\/ld+json\" class=\"yoast-schema-graph\">{\"@context\":\"https:\\\/\\\/schema.org\",\"@graph\":[{\"@type\":\"Article\",\"@id\":\"https:\\\/\\\/fjala.info\\\/2009-2015\\\/nje-sit-i-ri-per-te-apasionuarit-e-letersise\\\/#article\",\"isPartOf\":{\"@id\":\"https:\\\/\\\/fjala.info\\\/2009-2015\\\/nje-sit-i-ri-per-te-apasionuarit-e-letersise\\\/\"},\"author\":{\"name\":\"admin\",\"@id\":\"https:\\\/\\\/fjala.info\\\/2009-2015\\\/#\\\/schema\\\/person\\\/3aa1163ef05469c496fc94e77611ada2\"},\"headline\":\"Nj\u00eb sit i ri p\u00ebr t\u00eb apasionuarit e let\u00ebrsis\u00eb\",\"datePublished\":\"2011-12-13T21:57:34+00:00\",\"mainEntityOfPage\":{\"@id\":\"https:\\\/\\\/fjala.info\\\/2009-2015\\\/nje-sit-i-ri-per-te-apasionuarit-e-letersise\\\/\"},\"wordCount\":677,\"commentCount\":0,\"publisher\":{\"@id\":\"https:\\\/\\\/fjala.info\\\/2009-2015\\\/#organization\"},\"image\":{\"@id\":\"https:\\\/\\\/fjala.info\\\/2009-2015\\\/nje-sit-i-ri-per-te-apasionuarit-e-letersise\\\/#primaryimage\"},\"thumbnailUrl\":\"http:\\\/\\\/www.shkoder.net\\\/images\\\/fjala\\\/2011\\\/arjan_kallco.jpg\",\"articleSection\":[\"Artikuj\"],\"inLanguage\":\"sq-AL\",\"potentialAction\":[{\"@type\":\"CommentAction\",\"name\":\"Comment\",\"target\":[\"https:\\\/\\\/fjala.info\\\/2009-2015\\\/nje-sit-i-ri-per-te-apasionuarit-e-letersise\\\/#respond\"]}]},{\"@type\":\"WebPage\",\"@id\":\"https:\\\/\\\/fjala.info\\\/2009-2015\\\/nje-sit-i-ri-per-te-apasionuarit-e-letersise\\\/\",\"url\":\"https:\\\/\\\/fjala.info\\\/2009-2015\\\/nje-sit-i-ri-per-te-apasionuarit-e-letersise\\\/\",\"name\":\"Nj\u00eb sit i ri p\u00ebr t\u00eb apasionuarit e let\u00ebrsis\u00eb - FjALA e LIR\u00cb - Arkivi\",\"isPartOf\":{\"@id\":\"https:\\\/\\\/fjala.info\\\/2009-2015\\\/#website\"},\"primaryImageOfPage\":{\"@id\":\"https:\\\/\\\/fjala.info\\\/2009-2015\\\/nje-sit-i-ri-per-te-apasionuarit-e-letersise\\\/#primaryimage\"},\"image\":{\"@id\":\"https:\\\/\\\/fjala.info\\\/2009-2015\\\/nje-sit-i-ri-per-te-apasionuarit-e-letersise\\\/#primaryimage\"},\"thumbnailUrl\":\"http:\\\/\\\/www.shkoder.net\\\/images\\\/fjala\\\/2011\\\/arjan_kallco.jpg\",\"datePublished\":\"2011-12-13T21:57:34+00:00\",\"breadcrumb\":{\"@id\":\"https:\\\/\\\/fjala.info\\\/2009-2015\\\/nje-sit-i-ri-per-te-apasionuarit-e-letersise\\\/#breadcrumb\"},\"inLanguage\":\"sq-AL\",\"potentialAction\":[{\"@type\":\"ReadAction\",\"target\":[\"https:\\\/\\\/fjala.info\\\/2009-2015\\\/nje-sit-i-ri-per-te-apasionuarit-e-letersise\\\/\"]}]},{\"@type\":\"ImageObject\",\"inLanguage\":\"sq-AL\",\"@id\":\"https:\\\/\\\/fjala.info\\\/2009-2015\\\/nje-sit-i-ri-per-te-apasionuarit-e-letersise\\\/#primaryimage\",\"url\":\"http:\\\/\\\/www.shkoder.net\\\/images\\\/fjala\\\/2011\\\/arjan_kallco.jpg\",\"contentUrl\":\"http:\\\/\\\/www.shkoder.net\\\/images\\\/fjala\\\/2011\\\/arjan_kallco.jpg\"},{\"@type\":\"BreadcrumbList\",\"@id\":\"https:\\\/\\\/fjala.info\\\/2009-2015\\\/nje-sit-i-ri-per-te-apasionuarit-e-letersise\\\/#breadcrumb\",\"itemListElement\":[{\"@type\":\"ListItem\",\"position\":1,\"name\":\"Home\",\"item\":\"https:\\\/\\\/fjala.info\\\/2009-2015\\\/\"},{\"@type\":\"ListItem\",\"position\":2,\"name\":\"Nj\u00eb sit i ri p\u00ebr t\u00eb apasionuarit e let\u00ebrsis\u00eb\"}]},{\"@type\":\"WebSite\",\"@id\":\"https:\\\/\\\/fjala.info\\\/2009-2015\\\/#website\",\"url\":\"https:\\\/\\\/fjala.info\\\/2009-2015\\\/\",\"name\":\"FjALA e LIR\u00cb - Arkivi\",\"description\":\"Arkivi 2009-2015\",\"publisher\":{\"@id\":\"https:\\\/\\\/fjala.info\\\/2009-2015\\\/#organization\"},\"potentialAction\":[{\"@type\":\"SearchAction\",\"target\":{\"@type\":\"EntryPoint\",\"urlTemplate\":\"https:\\\/\\\/fjala.info\\\/2009-2015\\\/?s={search_term_string}\"},\"query-input\":{\"@type\":\"PropertyValueSpecification\",\"valueRequired\":true,\"valueName\":\"search_term_string\"}}],\"inLanguage\":\"sq-AL\"},{\"@type\":\"Organization\",\"@id\":\"https:\\\/\\\/fjala.info\\\/2009-2015\\\/#organization\",\"name\":\"FjALA e LIR\u00cb - Arkivi\",\"url\":\"https:\\\/\\\/fjala.info\\\/2009-2015\\\/\",\"logo\":{\"@type\":\"ImageObject\",\"inLanguage\":\"sq-AL\",\"@id\":\"https:\\\/\\\/fjala.info\\\/2009-2015\\\/#\\\/schema\\\/logo\\\/image\\\/\",\"url\":\"\",\"contentUrl\":\"\",\"caption\":\"FjALA e LIR\u00cb - Arkivi\"},\"image\":{\"@id\":\"https:\\\/\\\/fjala.info\\\/2009-2015\\\/#\\\/schema\\\/logo\\\/image\\\/\"}},{\"@type\":\"Person\",\"@id\":\"https:\\\/\\\/fjala.info\\\/2009-2015\\\/#\\\/schema\\\/person\\\/3aa1163ef05469c496fc94e77611ada2\",\"name\":\"admin\",\"image\":{\"@type\":\"ImageObject\",\"inLanguage\":\"sq-AL\",\"@id\":\"https:\\\/\\\/fjala.info\\\/2009-2015\\\/wp-content\\\/uploads\\\/2012\\\/02\\\/arben_cokaj-120x150.jpg\",\"url\":\"https:\\\/\\\/fjala.info\\\/2009-2015\\\/wp-content\\\/uploads\\\/2012\\\/02\\\/arben_cokaj-120x150.jpg\",\"contentUrl\":\"https:\\\/\\\/fjala.info\\\/2009-2015\\\/wp-content\\\/uploads\\\/2012\\\/02\\\/arben_cokaj-120x150.jpg\",\"caption\":\"admin\"},\"description\":\"Admin, Fjala e Lir\u00eb\",\"sameAs\":[\"https:\\\/\\\/fjala.info\\\/\"],\"url\":\"https:\\\/\\\/fjala.info\\\/2009-2015\\\/author\\\/admin\\\/\"}]}<\/script>\n<!-- \/ Yoast SEO plugin. -->","yoast_head_json":{"title":"Nj\u00eb sit i ri p\u00ebr t\u00eb apasionuarit e let\u00ebrsis\u00eb - FjALA e LIR\u00cb - Arkivi","robots":{"index":"index","follow":"follow","max-snippet":"max-snippet:-1","max-image-preview":"max-image-preview:large","max-video-preview":"max-video-preview:-1"},"canonical":"https:\/\/fjala.info\/2009-2015\/nje-sit-i-ri-per-te-apasionuarit-e-letersise\/","og_locale":"sq_AL","og_type":"article","og_title":"Nj\u00eb sit i ri p\u00ebr t\u00eb apasionuarit e let\u00ebrsis\u00eb - FjALA e LIR\u00cb - Arkivi","og_description":"Arjan Th. Kall\u00e7o N\u00eb k\u00ebt\u00eb koh\u00eb tendecash drejt risive teknologjike, por q\u00eb nuk po b\u00ebjn\u00eb hapa gjigand\u00eb sa pritej, e th\u00ebn\u00eb kjo edhe nga vet\u00eb drejtuesit e tyre, \u00e7do dit\u00eb lindin site t\u00eb rinj apo network-e q\u00eb marrin p\u00ebrsip\u00ebr t\u00eb t\u00ebrheqin v\u00ebmendjen e publikut dhe t\u00eb apasionuarve t\u00eb let\u00ebrsis\u00eb. Natyrisht lindja e tyre do t\u00eb [&hellip;]","og_url":"https:\/\/fjala.info\/2009-2015\/nje-sit-i-ri-per-te-apasionuarit-e-letersise\/","og_site_name":"FjALA e LIR\u00cb - Arkivi","article_published_time":"2011-12-13T21:57:34+00:00","og_image":[{"url":"http:\/\/www.shkoder.net\/images\/fjala\/2011\/arjan_kallco.jpg","type":"","width":"","height":""}],"author":"admin","twitter_card":"summary_large_image","twitter_misc":{"Written by":"admin","Est. reading time":"3 minutes"},"schema":{"@context":"https:\/\/schema.org","@graph":[{"@type":"Article","@id":"https:\/\/fjala.info\/2009-2015\/nje-sit-i-ri-per-te-apasionuarit-e-letersise\/#article","isPartOf":{"@id":"https:\/\/fjala.info\/2009-2015\/nje-sit-i-ri-per-te-apasionuarit-e-letersise\/"},"author":{"name":"admin","@id":"https:\/\/fjala.info\/2009-2015\/#\/schema\/person\/3aa1163ef05469c496fc94e77611ada2"},"headline":"Nj\u00eb sit i ri p\u00ebr t\u00eb apasionuarit e let\u00ebrsis\u00eb","datePublished":"2011-12-13T21:57:34+00:00","mainEntityOfPage":{"@id":"https:\/\/fjala.info\/2009-2015\/nje-sit-i-ri-per-te-apasionuarit-e-letersise\/"},"wordCount":677,"commentCount":0,"publisher":{"@id":"https:\/\/fjala.info\/2009-2015\/#organization"},"image":{"@id":"https:\/\/fjala.info\/2009-2015\/nje-sit-i-ri-per-te-apasionuarit-e-letersise\/#primaryimage"},"thumbnailUrl":"http:\/\/www.shkoder.net\/images\/fjala\/2011\/arjan_kallco.jpg","articleSection":["Artikuj"],"inLanguage":"sq-AL","potentialAction":[{"@type":"CommentAction","name":"Comment","target":["https:\/\/fjala.info\/2009-2015\/nje-sit-i-ri-per-te-apasionuarit-e-letersise\/#respond"]}]},{"@type":"WebPage","@id":"https:\/\/fjala.info\/2009-2015\/nje-sit-i-ri-per-te-apasionuarit-e-letersise\/","url":"https:\/\/fjala.info\/2009-2015\/nje-sit-i-ri-per-te-apasionuarit-e-letersise\/","name":"Nj\u00eb sit i ri p\u00ebr t\u00eb apasionuarit e let\u00ebrsis\u00eb - FjALA e LIR\u00cb - Arkivi","isPartOf":{"@id":"https:\/\/fjala.info\/2009-2015\/#website"},"primaryImageOfPage":{"@id":"https:\/\/fjala.info\/2009-2015\/nje-sit-i-ri-per-te-apasionuarit-e-letersise\/#primaryimage"},"image":{"@id":"https:\/\/fjala.info\/2009-2015\/nje-sit-i-ri-per-te-apasionuarit-e-letersise\/#primaryimage"},"thumbnailUrl":"http:\/\/www.shkoder.net\/images\/fjala\/2011\/arjan_kallco.jpg","datePublished":"2011-12-13T21:57:34+00:00","breadcrumb":{"@id":"https:\/\/fjala.info\/2009-2015\/nje-sit-i-ri-per-te-apasionuarit-e-letersise\/#breadcrumb"},"inLanguage":"sq-AL","potentialAction":[{"@type":"ReadAction","target":["https:\/\/fjala.info\/2009-2015\/nje-sit-i-ri-per-te-apasionuarit-e-letersise\/"]}]},{"@type":"ImageObject","inLanguage":"sq-AL","@id":"https:\/\/fjala.info\/2009-2015\/nje-sit-i-ri-per-te-apasionuarit-e-letersise\/#primaryimage","url":"http:\/\/www.shkoder.net\/images\/fjala\/2011\/arjan_kallco.jpg","contentUrl":"http:\/\/www.shkoder.net\/images\/fjala\/2011\/arjan_kallco.jpg"},{"@type":"BreadcrumbList","@id":"https:\/\/fjala.info\/2009-2015\/nje-sit-i-ri-per-te-apasionuarit-e-letersise\/#breadcrumb","itemListElement":[{"@type":"ListItem","position":1,"name":"Home","item":"https:\/\/fjala.info\/2009-2015\/"},{"@type":"ListItem","position":2,"name":"Nj\u00eb sit i ri p\u00ebr t\u00eb apasionuarit e let\u00ebrsis\u00eb"}]},{"@type":"WebSite","@id":"https:\/\/fjala.info\/2009-2015\/#website","url":"https:\/\/fjala.info\/2009-2015\/","name":"FjALA e LIR\u00cb - Arkivi","description":"Arkivi 2009-2015","publisher":{"@id":"https:\/\/fjala.info\/2009-2015\/#organization"},"potentialAction":[{"@type":"SearchAction","target":{"@type":"EntryPoint","urlTemplate":"https:\/\/fjala.info\/2009-2015\/?s={search_term_string}"},"query-input":{"@type":"PropertyValueSpecification","valueRequired":true,"valueName":"search_term_string"}}],"inLanguage":"sq-AL"},{"@type":"Organization","@id":"https:\/\/fjala.info\/2009-2015\/#organization","name":"FjALA e LIR\u00cb - Arkivi","url":"https:\/\/fjala.info\/2009-2015\/","logo":{"@type":"ImageObject","inLanguage":"sq-AL","@id":"https:\/\/fjala.info\/2009-2015\/#\/schema\/logo\/image\/","url":"","contentUrl":"","caption":"FjALA e LIR\u00cb - Arkivi"},"image":{"@id":"https:\/\/fjala.info\/2009-2015\/#\/schema\/logo\/image\/"}},{"@type":"Person","@id":"https:\/\/fjala.info\/2009-2015\/#\/schema\/person\/3aa1163ef05469c496fc94e77611ada2","name":"admin","image":{"@type":"ImageObject","inLanguage":"sq-AL","@id":"https:\/\/fjala.info\/2009-2015\/wp-content\/uploads\/2012\/02\/arben_cokaj-120x150.jpg","url":"https:\/\/fjala.info\/2009-2015\/wp-content\/uploads\/2012\/02\/arben_cokaj-120x150.jpg","contentUrl":"https:\/\/fjala.info\/2009-2015\/wp-content\/uploads\/2012\/02\/arben_cokaj-120x150.jpg","caption":"admin"},"description":"Admin, Fjala e Lir\u00eb","sameAs":["https:\/\/fjala.info\/"],"url":"https:\/\/fjala.info\/2009-2015\/author\/admin\/"}]}},"_links":{"self":[{"href":"https:\/\/fjala.info\/2009-2015\/wp-json\/wp\/v2\/posts\/11519","targetHints":{"allow":["GET"]}}],"collection":[{"href":"https:\/\/fjala.info\/2009-2015\/wp-json\/wp\/v2\/posts"}],"about":[{"href":"https:\/\/fjala.info\/2009-2015\/wp-json\/wp\/v2\/types\/post"}],"author":[{"embeddable":true,"href":"https:\/\/fjala.info\/2009-2015\/wp-json\/wp\/v2\/users\/1"}],"replies":[{"embeddable":true,"href":"https:\/\/fjala.info\/2009-2015\/wp-json\/wp\/v2\/comments?post=11519"}],"version-history":[{"count":0,"href":"https:\/\/fjala.info\/2009-2015\/wp-json\/wp\/v2\/posts\/11519\/revisions"}],"wp:attachment":[{"href":"https:\/\/fjala.info\/2009-2015\/wp-json\/wp\/v2\/media?parent=11519"}],"wp:term":[{"taxonomy":"category","embeddable":true,"href":"https:\/\/fjala.info\/2009-2015\/wp-json\/wp\/v2\/categories?post=11519"},{"taxonomy":"post_tag","embeddable":true,"href":"https:\/\/fjala.info\/2009-2015\/wp-json\/wp\/v2\/tags?post=11519"}],"curies":[{"name":"wp","href":"https:\/\/api.w.org\/{rel}","templated":true}]}}