{"id":11518,"date":"2011-12-13T14:56:26","date_gmt":"2011-12-13T13:56:26","guid":{"rendered":"http:\/\/fjala.shkoder.net\/?p=581"},"modified":"2011-12-13T14:56:26","modified_gmt":"2011-12-13T13:56:26","slug":"kombetarja-shqiptare-viktime-e-fajeve-te-akumuluara-nder-vite","status":"publish","type":"post","link":"https:\/\/fjala.info\/2009-2015\/kombetarja-shqiptare-viktime-e-fajeve-te-akumuluara-nder-vite\/","title":{"rendered":"Komb\u00ebtarja shqiptare \u00abviktim\u00eb\u00bb e fajeve t\u00eb akumuluara nd\u00ebr vite&#8230;"},"content":{"rendered":"<p><img decoding=\"async\" class=\"alignright size-thumbnail wp-image-7236\" title=\"Redan BUSHATI\" src=\"http:\/\/www.shkoder.net\/images\/fjala\/redan_bushati.jpg\" alt=\"\" width=\"150\" \/> Analiz\u00eb Speciale nga <strong>Redan BUSHATI<\/strong>*<\/p>\n<p>Pyetjes se kush \u00ebsht\u00eb apo jan\u00eb fajtor\u00ebt p\u00ebr gjendjen e mjeruar a t\u00eb pashpres\u00eb t\u00eb Komb\u00ebtares Shqiptare, komb\u00ebtares son\u00eb fort t\u00eb dashur, nuk mundet assesi, t\u00eb mos krijoj\u00eb nj\u00ebherazi p\u00ebshtjellim\u00eb, neveritje, por edhe tronditje dhe angazhim p\u00ebr t\u00eb ndihmuar me \u00e7mos e \u00e7nuk q\u00eb t\u00eb japim secili nga ne, m\u00ebnyr\u00ebn e vet t\u00eb p\u00ebrceptimit, pse jo edhe t\u00eb angazhimit publik p\u00ebr t\u00eb ndikuar sadopak n\u00eb k\u00ebt\u00eb \u00abkasaphan\u00eb\u00bb, ku yshtja e k\u00ebmb\u00ebve realizohet edhe p\u00ebrmes mosprofesionalizmit po e po, por edhe korrupsionit dhe abuzimit me detyr\u00ebn, n\u00eb disa raste me dashje e vet\u00ebdije t\u00eb plot\u00eb.<\/p>\n<p>Nga sondazhi i publikuar online n\u00eb gazet\u00ebn Sporti Shqiptar p\u00ebr pyetjen se \u00abKush \u00ebsht\u00eb fajtor p\u00ebr gjendjen e pashpres\u00eb t\u00eb Komb\u00ebtares Shqiptare?\u00bb ( <a href=\"http:\/\/www.sportishqiptar.com.al\/newsite\/kush-eshte-fajtor-per-gjendjen-e-pashprese-te-kombetares-shqiptare\/\">http:\/\/www.sportishqiptar.com.al\/newsite\/kush-eshte-fajtor-per-gjendjen-e-pashprese-te-kombetares-shqiptare\/<\/a> ) ka nj\u00eb pjes\u00ebmarrje (deri dat\u00eb 09\/12\/2011 ora 12:00) prej 2 675 votuesish, p\u00ebrkthyer n\u00eb \u00abnj\u00eb vot\u00eb, nj\u00eb individ\u00bb i bie 2 675 qytetar\u00eb kan\u00eb marr\u00eb pjes\u00eb p\u00ebrmes vot\u00ebs s\u00eb tyre n\u00eb k\u00ebt\u00eb sondazh, nga ku 78% e tyre i m\u00ebshojn\u00eb faktit se p\u00ebrgjegj\u00ebsi dhe fajtori i k\u00ebsaj gjendjeje t\u00eb mjerueshme t\u00eb ekipit ton\u00eb p\u00ebrfaq\u00ebsues \u00ebsht\u00eb Armando Duka, presidenti i Federat\u00ebs Shqiptare t\u00eb Futbollit (FSHF). Nd\u00ebrsa, 17% faj\u00ebsojn\u00eb lojtar\u00ebt e ekipit komb\u00ebtar dhe vet\u00ebm 5% i gjejn\u00eb fajet tek trajner\u00ebt e huaj. N\u00eb k\u00ebt\u00eb analiz\u00eb p\u00ebr gjetjen dhe ndarjen e p\u00ebrgjegj\u00ebsive, por edhe shkuarjes s\u00eb nivelit t\u00eb ekipit p\u00ebrfaq\u00ebsues n\u00eb k\u00ebt\u00eb degradim n\u00eb r\u00ebnie t\u00eb lir\u00eb, do t\u00eb p\u00ebrpiqem t\u00eb jap mendimin tim modest bazuar n\u00eb dh\u00ebnien e p\u00ebrgjigjeve t\u00eb pyetjeve si:<\/p>\n<p>\u2013 Cila \u00ebsht\u00eb gjendja e Komb\u00ebtares Shqiptare t\u00eb Futbollit?<br \/>\n\u2013 Kush jan\u00eb faktor\u00ebt ndikues n\u00eb gjendjen n\u00eb t\u00eb cil\u00ebn ajo ndodhet?<\/p>\n<p>Komb\u00ebtarja Shqiptare n\u00eb futboll ka pasur uljet e ngritjet e veta nd\u00ebr vite. Sigurisht, mes zallamahis\u00eb e \u00e7oroditjes s\u00eb saj si n\u00eb loj\u00eb dhe rezultate nuk mundet t\u00eb mos evidentojm\u00eb k\u00ebnaq\u00ebsin\u00eb e p\u00ebrjetimit t\u00eb shum\u00eb ndeshjeve dinjitoze, ku kjo komb\u00ebtare ka dh\u00ebn\u00eb shpres\u00eb, besim dhe ide se mund t\u00eb ket\u00eb nj\u00eb ecuri konstante dhe mjaftueshm\u00ebrisht t\u00eb mir\u00eb a shum\u00eb t\u00eb mir\u00eb. Gjithsesi, miq\u00ebsoret e zhvilluara dhe ve\u00e7mas eventet ku k\u00ebrkojn\u00eb impenjim dhe angazhim serioz e nj\u00ebkoh\u00ebsisht dhe marrje t\u00eb p\u00ebrgjegj\u00ebsive individuale dhe kolektive si Kupa e Europ\u00ebs dhe e Bot\u00ebs, n\u00eb k\u00ebto vitet e fundit kan\u00eb dh\u00ebn\u00eb rezultate dhe performanc\u00eb t\u00eb dob\u00ebt, aqsa sportdash\u00ebsi i zjarrt\u00eb shqiptar vazhdon ende ta p\u00ebrjetoj\u00eb mjaft keq k\u00ebt\u00eb gjendje t\u00eb ekipit t\u00eb tij p\u00ebrfaq\u00ebsues.<\/p>\n<p>Me t\u00eb drejt\u00eb, grupime t\u00eb ndryshme t\u00eb tifoz\u00ebve kuqezinj, t\u00eb cil\u00ebt q\u00ebndrojn\u00eb gjithmon\u00eb pas komb\u00ebtares s\u00eb tyre, duke e quajtur detyrim komb\u00ebtar dhe frym\u00ebzim patriotik q\u00ebndrimin e tyre p\u00ebrher\u00eb n\u00eb mbrotje t\u00eb vlerave shqiptare, ndihen ligsht dhe t\u00eb indinjuar me shfaqjen e nivelit t\u00eb loj\u00ebs s\u00eb k\u00ebsaj komb\u00ebtareje dhe k\u00ebrkojn\u00eb patjet\u00ebr ndarjen e p\u00ebrgjegj\u00ebsive dhe gjetjen e fajtor\u00ebve, n\u00eb m\u00ebnyr\u00eb q\u00eb kjo gjendje aktuale t\u00eb mos r\u00ebndohet dhe \u00e7far\u00eb \u00ebsht\u00eb m\u00eb e r\u00ebnd\u00ebsishme zemrat e tyre t\u00eb mos rendin drejt nj\u00eb pik\u00ebllimi t\u00eb pashoq, ku pastaj nuk mund t\u00eb gjendet asgj\u00eb p\u00ebr t&#8217;i rikthyer shpres\u00ebn dhe buz\u00ebqeshjen, ndjesin\u00eb e t\u00eb qenurit krenar.<\/p>\n<p>N\u00eb \u00e7do formacion, grupim, p\u00ebrb\u00ebrje etj. ka ndarje t\u00eb pun\u00ebs, logjikisht p\u00ebrgjegj\u00ebsive. N\u00eb nj\u00eb ekip futbolli q\u00eb p\u00ebrfaq\u00ebson ngjyrat e kombit dhe merr p\u00ebrsip\u00ebr t\u00eb udh\u00ebheq\u00eb at\u00eb drejt historis\u00eb europiane dhe bot\u00ebrore, e p\u00ebrbashk\u00ebta \u00ebsht\u00eb se t\u00eb gjith\u00eb, t\u00eb pakt\u00ebn n\u00eb parim, p\u00ebrpiqen t\u00eb arrijn\u00eb q\u00ebllimin final, prezantimin e nj\u00eb shfaqjeje futbollistike, e cila meriton vler\u00ebsimin pozitiv t\u00eb shoq\u00ebruar me duartrokitjet e spektatorit. K\u00ebshtu q\u00eb lojtar\u00ebt jan\u00eb t\u00eb fundit fare n\u00eb prezantim, por m\u00eb t\u00eb r\u00ebnd\u00ebsishmit, pasi p\u00ebrmes tyre realizohet p\u00ebrgjat\u00eb 90 minutave t\u00eb loj\u00ebs shfaqja e atij niveli futbolli, p\u00ebr t\u00eb cilin \u00ebsht\u00eb punuar. FSHF si institucion ka p\u00ebrgjegj\u00ebsit\u00eb edhe m\u00eb t\u00eb m\u00ebdha, pasi ajo duhet t&#8217;u krijoj\u00eb kushte t\u00eb gjithanshme aktor\u00ebve t\u00eb fush\u00ebs s\u00eb blert\u00eb, lojtar\u00eb plus ekip drejtues. S\u00eb pari, ajo duhet t\u00eb angazhohet me t\u00eb gjitha potencialet n\u00eb gjetjen e nj\u00eb ekipi drejtues p\u00ebr t\u00eb q\u00ebn\u00eb, q\u00eb nuk do t\u00eb thot\u00eb detyrimisht t\u00eb jet\u00eb i huaj.<\/p>\n<p>Ekipi (stafi) drejtues duhet t\u00eb ket\u00eb n\u00eb krye nj\u00eb trajner me mosh\u00eb relativisht jo shum\u00eb t\u00eb madhe; motivues dhe marr\u00ebs p\u00ebrgjegj\u00ebsish q\u00eb n\u00eb hedhjen e firm\u00ebs n\u00eb kontrat\u00ebn e hartuar mes tij dhe federat\u00ebs; padiskutim gjat\u00eb gjith\u00eb koh\u00ebs i akomoduar n\u00eb Tiran\u00eb; profesionist n\u00eb kuptimin e v\u00ebrtet\u00eb t\u00eb fjal\u00ebs, \u00e7do jav\u00eb t\u00eb udh\u00ebtoj\u00eb p\u00ebr t\u00eb shikuar nga af\u00ebr ekipet e superlig\u00ebs, kategoris\u00eb s\u00eb par\u00eb dhe t\u00eb dyt\u00eb, ekipet zinxhir\u00eb n\u00eb shum\u00eb qytete t\u00eb vendit; fundja nj\u00eb trajner, i cili me bazat e pun\u00ebs q\u00eb ai do t\u00eb zhvilloj\u00eb dhe implementoj\u00eb n\u00eb ekipin ton\u00eb p\u00ebrfaq\u00ebsues t\u00eb japin edhe rezultatet e pritshme.<\/p>\n<p>S\u00eb dyti, p\u00ebr t\u00eb mb\u00ebrritur n\u00eb nj\u00eb trajner t\u00eb till\u00eb, e jo n\u00eb trajner p\u00ebr kothere buke apo aventurier e bixhozgji, duhet t\u00eb kemi nj\u00eb klim\u00eb t\u00eb till\u00eb n\u00eb institucionin q\u00eb ka marr\u00eb p\u00ebrsip\u00ebr t\u00eb drejtoj\u00eb me dinjitet futbollin shqiptar: pra, FSHF duhet t\u00eb jet\u00eb largpam\u00ebse dhe t\u00eb hedh\u00eb baza p\u00ebr nd\u00ebrtimin e nj\u00eb ekipi q\u00eb di t\u00eb q\u00ebndroj\u00eb n\u00eb k\u00ebmb\u00eb kurdoher\u00eb; FSHF duhet t\u00eb krijoj\u00eb dhe t\u00eb vendos\u00eb kushte p\u00ebr ekipin e drejtimit q\u00eb do t\u00eb udh\u00ebheq\u00eb komb\u00ebtaren ton\u00eb; t\u00eb krijoj\u00eb infrastruktur\u00ebn e k\u00ebrkuar dhe t\u00eb vendos\u00eb kushte specifike p\u00ebr rezultatet e ekipit komb\u00ebtar q\u00eb n\u00eb hartimin e kontrat\u00ebs, e cila pse jo t\u00eb ket\u00eb edhe nj\u00eb njohje dhe pjes\u00ebmarrje t\u00eb gjer\u00eb, ku p\u00ebrve\u00e7 grupeve t\u00eb interesit, t\u00eb gjejn\u00eb veten edhe opinoni futbolldash\u00ebs shqiptar\u00eb.<\/p>\n<p>Vet\u00ebm k\u00ebshtu FSHF, ekipi drejtues dhe lojtar\u00ebt do t\u00eb jen\u00eb t\u00eb qet\u00eb dhe do t\u00eb angazhohen secili n\u00eb p\u00ebrgjegj\u00ebsit\u00eb e veta duke arritur rezulatet e duhura dhe t\u00eb ngulmk\u00ebrkuara nga shqiptar\u00ebt q\u00eb me gjith\u00eb zem\u00ebr e ndjekin ekipin e tyre t\u00eb Shqip\u00ebris\u00eb, ku thirrja &#8220;O sa mir me qen\u00eb Shqiptar&#8221; me patjet\u00ebr k\u00ebrkon edhe nderimin e atyre q\u00eb zbresin n\u00eb fush\u00ebn e loj\u00ebs p\u00ebr t\u00eb treguar qart\u00eb se p\u00ebr \u00e7far\u00eb dhe pse jemi krenar!<\/p>\n<p>N\u00eb sondazhe, opinione, por edhe n\u00eb gjykime n\u00ebp\u00ebr emisione televizive ku flitet p\u00ebr futbollin, n\u00eb shum\u00eb raste vihet n\u00eb dukje domosdoshm\u00ebria e nj\u00eb trajneri pak a shum\u00eb me t\u00eb dh\u00ebnat e sip\u00ebrp\u00ebrmenduara, ku perifrazisht mund t\u00eb p\u00ebrmblidhet n\u00ebn em\u00ebrtimin: trajner i pjekur, pun\u00ebtor dhe rezultativ. Deri k\u00ebtu t\u00eb gjith\u00eb piqemi mrekullisht mir\u00eb, por pastaj kush nga interesat e ulta, kush nga idet\u00eb e pamjaftueshme apo t\u00eb tjer\u00eb t\u00eb ndrysh\u00ebm, nuk arrijn\u00eb t\u00eb diskutojn\u00eb m\u00eb tej p\u00ebr t\u00eb gjetur arsyet e logjikshme t\u00eb nd\u00ebrtuar mbi baz\u00ebn e fakteve dhe argumenteve se kush jan\u00eb element\u00ebt t\u00eb cil\u00ebt e b\u00ebjn\u00eb t\u00eb pamundur ardhjen dhe uljen n\u00eb stolin e kuqezinjve t\u00eb nj\u00eb trajneri me k\u00ebto cil\u00ebsi, pra t\u00eb nj\u00eb trajneri t\u00eb mir\u00eb.<\/p>\n<p>P\u00ebrve\u00e7 \u00e7\u00ebshtjes financiare q\u00eb ekziston, arsyeja kryesore \u00ebsht\u00eb pik\u00ebrisht mjedisi ku punohet p\u00ebr futbollin. Mjedisi \u00ebsht\u00eb i pafavorsh\u00ebm p\u00ebr aq koh\u00eb sa drejtuesit e federat\u00ebs nuk do t\u00eb marrin masa serioze, duke filluar nga gjetja e nj\u00eb trajneri me cil\u00ebsit\u00eb e lartp\u00ebrmendura; ngritjen e nj\u00eb stafi t\u00eb kualifikuar specialist\u00ebsh shqiptar\u00eb, t\u00eb cil\u00ebt ndjekin nga af\u00ebr ekipet e moshave n\u00eb vendin ton\u00eb.<\/p>\n<p>K\u00ebsisoj mund t\u00eb sjellin sugjerime pran\u00eb stafit t\u00eb ekipit p\u00ebrfaq\u00ebsues p\u00ebr t\u00eb rifreskuar edhe ekipin komb\u00ebtar; krijimin e infrastruktur\u00ebs s\u00eb duhur, e cila p\u00ebrb\u00ebhet nga fusha dhe baz\u00eb materiale t\u00eb standarteve europiane; angazhimin p\u00ebr t\u00eb krijuar nj\u00eb komision disiplin\u00eb, krejt\u00ebsisht tjet\u00ebr, ndoshta edhe n\u00eb form\u00eb, por n\u00eb emra po e po, t\u00eb cil\u00ebt vendosin n\u00eb vij\u00eb gjendjen e kampionatit shqiptar, ku element\u00eb t\u00eb dhun\u00ebs, gjykimit t\u00eb dob\u00ebt apo marrjes s\u00eb rezultateve t\u00eb pameritueshme ndotin edukat\u00ebn dhe kultur\u00ebn e futbollit n\u00eb vend, por edhe ndihmojn\u00eb q\u00eb klima brenda llojit, rrjedhimisht edhe n\u00eb komb\u00ebtare t\u00eb mos jet\u00eb aty ku duhet, k\u00ebrkohet.<\/p>\n<p>Si p\u00ebrfundim, sondazhi i realizuar n\u00eb gazet\u00ebn Sporti Shqiptar \u00ebsht\u00eb tregues i asaj se \u00e7far\u00eb po ngjet me ekipin ton\u00eb p\u00ebrfaq\u00ebsues. \u00c7do futbollist\u00eb shqiptar duhet t\u00eb jet\u00eb i gatsh\u00ebm t\u00eb kontribuoj\u00eb p\u00ebr fanell\u00ebn kuq e zi, duke dh\u00ebn\u00eb maksimumin e tij. Madje, &#8220;legjionar\u00ebt&#8221; shpesh nuk duhet t\u00eb tuten, por t\u00eb marrin p\u00ebrsip\u00ebr marshimin p\u00ebrpara. Ato duhet t\u00eb flasin, kur gj\u00ebrat nuk shkojn\u00eb n\u00eb rregull. Ato duhet t\u00eb shtyjn\u00eb ekipin drejt rifreskimit me djelmosha t\u00eb rinj, t\u00eb cil\u00ebt luajn\u00eb n\u00eb Shqip\u00ebri dhe jasht\u00eb saj duke dh\u00ebn\u00eb rezultate t\u00eb p\u00eblqyeshme.<\/p>\n<p>Nd\u00ebrsa, &#8220;skema&#8221; ndot\u00ebse q\u00eb ndikojn\u00eb n\u00eb diktimin e trajnerit p\u00ebr formacionin apo parashikojn\u00eb rezultate t\u00eb fiksuara, duhet t\u00eb q\u00ebndrojn\u00eb larg tyre. Nuk ka askush t\u00eb drejt\u00eb t\u00eb n\u00ebp\u00ebrk\u00ebmb\u00eb nj\u00eb komb t\u00eb t\u00ebr\u00eb, as FSHF, as stafi drejtues, as lojtar\u00ebt dhe askush. T\u00eb gjith\u00eb bashk\u00eb t\u00eb punojm\u00eb me ndarje p\u00ebrgjegj\u00ebsish, q\u00eb t\u00eb japim at\u00eb futboll t\u00eb munguar popullit ton\u00eb t\u00eb dashur.<\/p>\n<p>*Autori \u00ebsht\u00eb kryetar i K\u00ebshillit Studentor t\u00eb Universitetit t\u00eb Shkodr\u00ebs (K.S.U.SH)<\/p>\n","protected":false},"excerpt":{"rendered":"<p>Analiz\u00eb Speciale nga Redan BUSHATI* Pyetjes se kush \u00ebsht\u00eb apo jan\u00eb fajtor\u00ebt p\u00ebr gjendjen e mjeruar a t\u00eb pashpres\u00eb t\u00eb Komb\u00ebtares Shqiptare, komb\u00ebtares son\u00eb fort t\u00eb dashur, nuk mundet assesi, t\u00eb mos krijoj\u00eb nj\u00ebherazi p\u00ebshtjellim\u00eb, neveritje, por edhe tronditje dhe angazhim p\u00ebr t\u00eb ndihmuar me \u00e7mos e \u00e7nuk q\u00eb t\u00eb japim secili nga ne, m\u00ebnyr\u00ebn [&hellip;]<\/p>\n","protected":false},"author":1,"featured_media":0,"comment_status":"open","ping_status":"closed","sticky":false,"template":"","format":"standard","meta":{"footnotes":""},"categories":[2],"tags":[],"class_list":{"0":"post-11518","1":"post","2":"type-post","3":"status-publish","4":"format-standard","6":"category-artikuj"},"yoast_head":"<!-- This site is optimized with the Yoast SEO plugin v27.4 - https:\/\/yoast.com\/product\/yoast-seo-wordpress\/ -->\n<title>Komb\u00ebtarja shqiptare \u00abviktim\u00eb\u00bb e fajeve t\u00eb akumuluara nd\u00ebr vite... - FjALA e LIR\u00cb - Arkivi<\/title>\n<meta name=\"robots\" content=\"index, follow, max-snippet:-1, max-image-preview:large, max-video-preview:-1\" \/>\n<link rel=\"canonical\" href=\"https:\/\/fjala.info\/2009-2015\/kombetarja-shqiptare-viktime-e-fajeve-te-akumuluara-nder-vite\/\" \/>\n<meta property=\"og:locale\" content=\"sq_AL\" \/>\n<meta property=\"og:type\" content=\"article\" \/>\n<meta property=\"og:title\" content=\"Komb\u00ebtarja shqiptare \u00abviktim\u00eb\u00bb e fajeve t\u00eb akumuluara nd\u00ebr vite... - FjALA e LIR\u00cb - Arkivi\" \/>\n<meta property=\"og:description\" content=\"Analiz\u00eb Speciale nga Redan BUSHATI* Pyetjes se kush \u00ebsht\u00eb apo jan\u00eb fajtor\u00ebt p\u00ebr gjendjen e mjeruar a t\u00eb pashpres\u00eb t\u00eb Komb\u00ebtares Shqiptare, komb\u00ebtares son\u00eb fort t\u00eb dashur, nuk mundet assesi, t\u00eb mos krijoj\u00eb nj\u00ebherazi p\u00ebshtjellim\u00eb, neveritje, por edhe tronditje dhe angazhim p\u00ebr t\u00eb ndihmuar me \u00e7mos e \u00e7nuk q\u00eb t\u00eb japim secili nga ne, m\u00ebnyr\u00ebn [&hellip;]\" \/>\n<meta property=\"og:url\" content=\"https:\/\/fjala.info\/2009-2015\/kombetarja-shqiptare-viktime-e-fajeve-te-akumuluara-nder-vite\/\" \/>\n<meta property=\"og:site_name\" content=\"FjALA e LIR\u00cb - Arkivi\" \/>\n<meta property=\"article:published_time\" content=\"2011-12-13T13:56:26+00:00\" \/>\n<meta property=\"og:image\" content=\"http:\/\/www.shkoder.net\/images\/fjala\/redan_bushati.jpg\" \/>\n<meta name=\"author\" content=\"admin\" \/>\n<meta name=\"twitter:card\" content=\"summary_large_image\" \/>\n<meta name=\"twitter:label1\" content=\"Written by\" \/>\n\t<meta name=\"twitter:data1\" content=\"admin\" \/>\n\t<meta name=\"twitter:label2\" content=\"Est. reading time\" \/>\n\t<meta name=\"twitter:data2\" content=\"8 minutes\" \/>\n<script type=\"application\/ld+json\" class=\"yoast-schema-graph\">{\"@context\":\"https:\\\/\\\/schema.org\",\"@graph\":[{\"@type\":\"Article\",\"@id\":\"https:\\\/\\\/fjala.info\\\/2009-2015\\\/kombetarja-shqiptare-viktime-e-fajeve-te-akumuluara-nder-vite\\\/#article\",\"isPartOf\":{\"@id\":\"https:\\\/\\\/fjala.info\\\/2009-2015\\\/kombetarja-shqiptare-viktime-e-fajeve-te-akumuluara-nder-vite\\\/\"},\"author\":{\"name\":\"admin\",\"@id\":\"https:\\\/\\\/fjala.info\\\/2009-2015\\\/#\\\/schema\\\/person\\\/3aa1163ef05469c496fc94e77611ada2\"},\"headline\":\"Komb\u00ebtarja shqiptare \u00abviktim\u00eb\u00bb e fajeve t\u00eb akumuluara nd\u00ebr vite&#8230;\",\"datePublished\":\"2011-12-13T13:56:26+00:00\",\"mainEntityOfPage\":{\"@id\":\"https:\\\/\\\/fjala.info\\\/2009-2015\\\/kombetarja-shqiptare-viktime-e-fajeve-te-akumuluara-nder-vite\\\/\"},\"wordCount\":1649,\"commentCount\":0,\"publisher\":{\"@id\":\"https:\\\/\\\/fjala.info\\\/2009-2015\\\/#organization\"},\"image\":{\"@id\":\"https:\\\/\\\/fjala.info\\\/2009-2015\\\/kombetarja-shqiptare-viktime-e-fajeve-te-akumuluara-nder-vite\\\/#primaryimage\"},\"thumbnailUrl\":\"http:\\\/\\\/www.shkoder.net\\\/images\\\/fjala\\\/redan_bushati.jpg\",\"articleSection\":[\"Artikuj\"],\"inLanguage\":\"sq-AL\",\"potentialAction\":[{\"@type\":\"CommentAction\",\"name\":\"Comment\",\"target\":[\"https:\\\/\\\/fjala.info\\\/2009-2015\\\/kombetarja-shqiptare-viktime-e-fajeve-te-akumuluara-nder-vite\\\/#respond\"]}]},{\"@type\":\"WebPage\",\"@id\":\"https:\\\/\\\/fjala.info\\\/2009-2015\\\/kombetarja-shqiptare-viktime-e-fajeve-te-akumuluara-nder-vite\\\/\",\"url\":\"https:\\\/\\\/fjala.info\\\/2009-2015\\\/kombetarja-shqiptare-viktime-e-fajeve-te-akumuluara-nder-vite\\\/\",\"name\":\"Komb\u00ebtarja shqiptare \u00abviktim\u00eb\u00bb e fajeve t\u00eb akumuluara nd\u00ebr vite... - FjALA e LIR\u00cb - Arkivi\",\"isPartOf\":{\"@id\":\"https:\\\/\\\/fjala.info\\\/2009-2015\\\/#website\"},\"primaryImageOfPage\":{\"@id\":\"https:\\\/\\\/fjala.info\\\/2009-2015\\\/kombetarja-shqiptare-viktime-e-fajeve-te-akumuluara-nder-vite\\\/#primaryimage\"},\"image\":{\"@id\":\"https:\\\/\\\/fjala.info\\\/2009-2015\\\/kombetarja-shqiptare-viktime-e-fajeve-te-akumuluara-nder-vite\\\/#primaryimage\"},\"thumbnailUrl\":\"http:\\\/\\\/www.shkoder.net\\\/images\\\/fjala\\\/redan_bushati.jpg\",\"datePublished\":\"2011-12-13T13:56:26+00:00\",\"breadcrumb\":{\"@id\":\"https:\\\/\\\/fjala.info\\\/2009-2015\\\/kombetarja-shqiptare-viktime-e-fajeve-te-akumuluara-nder-vite\\\/#breadcrumb\"},\"inLanguage\":\"sq-AL\",\"potentialAction\":[{\"@type\":\"ReadAction\",\"target\":[\"https:\\\/\\\/fjala.info\\\/2009-2015\\\/kombetarja-shqiptare-viktime-e-fajeve-te-akumuluara-nder-vite\\\/\"]}]},{\"@type\":\"ImageObject\",\"inLanguage\":\"sq-AL\",\"@id\":\"https:\\\/\\\/fjala.info\\\/2009-2015\\\/kombetarja-shqiptare-viktime-e-fajeve-te-akumuluara-nder-vite\\\/#primaryimage\",\"url\":\"http:\\\/\\\/www.shkoder.net\\\/images\\\/fjala\\\/redan_bushati.jpg\",\"contentUrl\":\"http:\\\/\\\/www.shkoder.net\\\/images\\\/fjala\\\/redan_bushati.jpg\"},{\"@type\":\"BreadcrumbList\",\"@id\":\"https:\\\/\\\/fjala.info\\\/2009-2015\\\/kombetarja-shqiptare-viktime-e-fajeve-te-akumuluara-nder-vite\\\/#breadcrumb\",\"itemListElement\":[{\"@type\":\"ListItem\",\"position\":1,\"name\":\"Home\",\"item\":\"https:\\\/\\\/fjala.info\\\/2009-2015\\\/\"},{\"@type\":\"ListItem\",\"position\":2,\"name\":\"Komb\u00ebtarja shqiptare \u00abviktim\u00eb\u00bb e fajeve t\u00eb akumuluara nd\u00ebr vite&#8230;\"}]},{\"@type\":\"WebSite\",\"@id\":\"https:\\\/\\\/fjala.info\\\/2009-2015\\\/#website\",\"url\":\"https:\\\/\\\/fjala.info\\\/2009-2015\\\/\",\"name\":\"FjALA e LIR\u00cb - Arkivi\",\"description\":\"Arkivi 2009-2015\",\"publisher\":{\"@id\":\"https:\\\/\\\/fjala.info\\\/2009-2015\\\/#organization\"},\"potentialAction\":[{\"@type\":\"SearchAction\",\"target\":{\"@type\":\"EntryPoint\",\"urlTemplate\":\"https:\\\/\\\/fjala.info\\\/2009-2015\\\/?s={search_term_string}\"},\"query-input\":{\"@type\":\"PropertyValueSpecification\",\"valueRequired\":true,\"valueName\":\"search_term_string\"}}],\"inLanguage\":\"sq-AL\"},{\"@type\":\"Organization\",\"@id\":\"https:\\\/\\\/fjala.info\\\/2009-2015\\\/#organization\",\"name\":\"FjALA e LIR\u00cb - Arkivi\",\"url\":\"https:\\\/\\\/fjala.info\\\/2009-2015\\\/\",\"logo\":{\"@type\":\"ImageObject\",\"inLanguage\":\"sq-AL\",\"@id\":\"https:\\\/\\\/fjala.info\\\/2009-2015\\\/#\\\/schema\\\/logo\\\/image\\\/\",\"url\":\"\",\"contentUrl\":\"\",\"caption\":\"FjALA e LIR\u00cb - Arkivi\"},\"image\":{\"@id\":\"https:\\\/\\\/fjala.info\\\/2009-2015\\\/#\\\/schema\\\/logo\\\/image\\\/\"}},{\"@type\":\"Person\",\"@id\":\"https:\\\/\\\/fjala.info\\\/2009-2015\\\/#\\\/schema\\\/person\\\/3aa1163ef05469c496fc94e77611ada2\",\"name\":\"admin\",\"image\":{\"@type\":\"ImageObject\",\"inLanguage\":\"sq-AL\",\"@id\":\"https:\\\/\\\/fjala.info\\\/2009-2015\\\/wp-content\\\/uploads\\\/2012\\\/02\\\/arben_cokaj-120x150.jpg\",\"url\":\"https:\\\/\\\/fjala.info\\\/2009-2015\\\/wp-content\\\/uploads\\\/2012\\\/02\\\/arben_cokaj-120x150.jpg\",\"contentUrl\":\"https:\\\/\\\/fjala.info\\\/2009-2015\\\/wp-content\\\/uploads\\\/2012\\\/02\\\/arben_cokaj-120x150.jpg\",\"caption\":\"admin\"},\"description\":\"Admin, Fjala e Lir\u00eb\",\"sameAs\":[\"https:\\\/\\\/fjala.info\\\/\"],\"url\":\"https:\\\/\\\/fjala.info\\\/2009-2015\\\/author\\\/admin\\\/\"}]}<\/script>\n<!-- \/ Yoast SEO plugin. -->","yoast_head_json":{"title":"Komb\u00ebtarja shqiptare \u00abviktim\u00eb\u00bb e fajeve t\u00eb akumuluara nd\u00ebr vite... - FjALA e LIR\u00cb - Arkivi","robots":{"index":"index","follow":"follow","max-snippet":"max-snippet:-1","max-image-preview":"max-image-preview:large","max-video-preview":"max-video-preview:-1"},"canonical":"https:\/\/fjala.info\/2009-2015\/kombetarja-shqiptare-viktime-e-fajeve-te-akumuluara-nder-vite\/","og_locale":"sq_AL","og_type":"article","og_title":"Komb\u00ebtarja shqiptare \u00abviktim\u00eb\u00bb e fajeve t\u00eb akumuluara nd\u00ebr vite... - FjALA e LIR\u00cb - Arkivi","og_description":"Analiz\u00eb Speciale nga Redan BUSHATI* Pyetjes se kush \u00ebsht\u00eb apo jan\u00eb fajtor\u00ebt p\u00ebr gjendjen e mjeruar a t\u00eb pashpres\u00eb t\u00eb Komb\u00ebtares Shqiptare, komb\u00ebtares son\u00eb fort t\u00eb dashur, nuk mundet assesi, t\u00eb mos krijoj\u00eb nj\u00ebherazi p\u00ebshtjellim\u00eb, neveritje, por edhe tronditje dhe angazhim p\u00ebr t\u00eb ndihmuar me \u00e7mos e \u00e7nuk q\u00eb t\u00eb japim secili nga ne, m\u00ebnyr\u00ebn [&hellip;]","og_url":"https:\/\/fjala.info\/2009-2015\/kombetarja-shqiptare-viktime-e-fajeve-te-akumuluara-nder-vite\/","og_site_name":"FjALA e LIR\u00cb - Arkivi","article_published_time":"2011-12-13T13:56:26+00:00","og_image":[{"url":"http:\/\/www.shkoder.net\/images\/fjala\/redan_bushati.jpg","type":"","width":"","height":""}],"author":"admin","twitter_card":"summary_large_image","twitter_misc":{"Written by":"admin","Est. reading time":"8 minutes"},"schema":{"@context":"https:\/\/schema.org","@graph":[{"@type":"Article","@id":"https:\/\/fjala.info\/2009-2015\/kombetarja-shqiptare-viktime-e-fajeve-te-akumuluara-nder-vite\/#article","isPartOf":{"@id":"https:\/\/fjala.info\/2009-2015\/kombetarja-shqiptare-viktime-e-fajeve-te-akumuluara-nder-vite\/"},"author":{"name":"admin","@id":"https:\/\/fjala.info\/2009-2015\/#\/schema\/person\/3aa1163ef05469c496fc94e77611ada2"},"headline":"Komb\u00ebtarja shqiptare \u00abviktim\u00eb\u00bb e fajeve t\u00eb akumuluara nd\u00ebr vite&#8230;","datePublished":"2011-12-13T13:56:26+00:00","mainEntityOfPage":{"@id":"https:\/\/fjala.info\/2009-2015\/kombetarja-shqiptare-viktime-e-fajeve-te-akumuluara-nder-vite\/"},"wordCount":1649,"commentCount":0,"publisher":{"@id":"https:\/\/fjala.info\/2009-2015\/#organization"},"image":{"@id":"https:\/\/fjala.info\/2009-2015\/kombetarja-shqiptare-viktime-e-fajeve-te-akumuluara-nder-vite\/#primaryimage"},"thumbnailUrl":"http:\/\/www.shkoder.net\/images\/fjala\/redan_bushati.jpg","articleSection":["Artikuj"],"inLanguage":"sq-AL","potentialAction":[{"@type":"CommentAction","name":"Comment","target":["https:\/\/fjala.info\/2009-2015\/kombetarja-shqiptare-viktime-e-fajeve-te-akumuluara-nder-vite\/#respond"]}]},{"@type":"WebPage","@id":"https:\/\/fjala.info\/2009-2015\/kombetarja-shqiptare-viktime-e-fajeve-te-akumuluara-nder-vite\/","url":"https:\/\/fjala.info\/2009-2015\/kombetarja-shqiptare-viktime-e-fajeve-te-akumuluara-nder-vite\/","name":"Komb\u00ebtarja shqiptare \u00abviktim\u00eb\u00bb e fajeve t\u00eb akumuluara nd\u00ebr vite... - FjALA e LIR\u00cb - Arkivi","isPartOf":{"@id":"https:\/\/fjala.info\/2009-2015\/#website"},"primaryImageOfPage":{"@id":"https:\/\/fjala.info\/2009-2015\/kombetarja-shqiptare-viktime-e-fajeve-te-akumuluara-nder-vite\/#primaryimage"},"image":{"@id":"https:\/\/fjala.info\/2009-2015\/kombetarja-shqiptare-viktime-e-fajeve-te-akumuluara-nder-vite\/#primaryimage"},"thumbnailUrl":"http:\/\/www.shkoder.net\/images\/fjala\/redan_bushati.jpg","datePublished":"2011-12-13T13:56:26+00:00","breadcrumb":{"@id":"https:\/\/fjala.info\/2009-2015\/kombetarja-shqiptare-viktime-e-fajeve-te-akumuluara-nder-vite\/#breadcrumb"},"inLanguage":"sq-AL","potentialAction":[{"@type":"ReadAction","target":["https:\/\/fjala.info\/2009-2015\/kombetarja-shqiptare-viktime-e-fajeve-te-akumuluara-nder-vite\/"]}]},{"@type":"ImageObject","inLanguage":"sq-AL","@id":"https:\/\/fjala.info\/2009-2015\/kombetarja-shqiptare-viktime-e-fajeve-te-akumuluara-nder-vite\/#primaryimage","url":"http:\/\/www.shkoder.net\/images\/fjala\/redan_bushati.jpg","contentUrl":"http:\/\/www.shkoder.net\/images\/fjala\/redan_bushati.jpg"},{"@type":"BreadcrumbList","@id":"https:\/\/fjala.info\/2009-2015\/kombetarja-shqiptare-viktime-e-fajeve-te-akumuluara-nder-vite\/#breadcrumb","itemListElement":[{"@type":"ListItem","position":1,"name":"Home","item":"https:\/\/fjala.info\/2009-2015\/"},{"@type":"ListItem","position":2,"name":"Komb\u00ebtarja shqiptare \u00abviktim\u00eb\u00bb e fajeve t\u00eb akumuluara nd\u00ebr vite&#8230;"}]},{"@type":"WebSite","@id":"https:\/\/fjala.info\/2009-2015\/#website","url":"https:\/\/fjala.info\/2009-2015\/","name":"FjALA e LIR\u00cb - Arkivi","description":"Arkivi 2009-2015","publisher":{"@id":"https:\/\/fjala.info\/2009-2015\/#organization"},"potentialAction":[{"@type":"SearchAction","target":{"@type":"EntryPoint","urlTemplate":"https:\/\/fjala.info\/2009-2015\/?s={search_term_string}"},"query-input":{"@type":"PropertyValueSpecification","valueRequired":true,"valueName":"search_term_string"}}],"inLanguage":"sq-AL"},{"@type":"Organization","@id":"https:\/\/fjala.info\/2009-2015\/#organization","name":"FjALA e LIR\u00cb - Arkivi","url":"https:\/\/fjala.info\/2009-2015\/","logo":{"@type":"ImageObject","inLanguage":"sq-AL","@id":"https:\/\/fjala.info\/2009-2015\/#\/schema\/logo\/image\/","url":"","contentUrl":"","caption":"FjALA e LIR\u00cb - Arkivi"},"image":{"@id":"https:\/\/fjala.info\/2009-2015\/#\/schema\/logo\/image\/"}},{"@type":"Person","@id":"https:\/\/fjala.info\/2009-2015\/#\/schema\/person\/3aa1163ef05469c496fc94e77611ada2","name":"admin","image":{"@type":"ImageObject","inLanguage":"sq-AL","@id":"https:\/\/fjala.info\/2009-2015\/wp-content\/uploads\/2012\/02\/arben_cokaj-120x150.jpg","url":"https:\/\/fjala.info\/2009-2015\/wp-content\/uploads\/2012\/02\/arben_cokaj-120x150.jpg","contentUrl":"https:\/\/fjala.info\/2009-2015\/wp-content\/uploads\/2012\/02\/arben_cokaj-120x150.jpg","caption":"admin"},"description":"Admin, Fjala e Lir\u00eb","sameAs":["https:\/\/fjala.info\/"],"url":"https:\/\/fjala.info\/2009-2015\/author\/admin\/"}]}},"_links":{"self":[{"href":"https:\/\/fjala.info\/2009-2015\/wp-json\/wp\/v2\/posts\/11518","targetHints":{"allow":["GET"]}}],"collection":[{"href":"https:\/\/fjala.info\/2009-2015\/wp-json\/wp\/v2\/posts"}],"about":[{"href":"https:\/\/fjala.info\/2009-2015\/wp-json\/wp\/v2\/types\/post"}],"author":[{"embeddable":true,"href":"https:\/\/fjala.info\/2009-2015\/wp-json\/wp\/v2\/users\/1"}],"replies":[{"embeddable":true,"href":"https:\/\/fjala.info\/2009-2015\/wp-json\/wp\/v2\/comments?post=11518"}],"version-history":[{"count":0,"href":"https:\/\/fjala.info\/2009-2015\/wp-json\/wp\/v2\/posts\/11518\/revisions"}],"wp:attachment":[{"href":"https:\/\/fjala.info\/2009-2015\/wp-json\/wp\/v2\/media?parent=11518"}],"wp:term":[{"taxonomy":"category","embeddable":true,"href":"https:\/\/fjala.info\/2009-2015\/wp-json\/wp\/v2\/categories?post=11518"},{"taxonomy":"post_tag","embeddable":true,"href":"https:\/\/fjala.info\/2009-2015\/wp-json\/wp\/v2\/tags?post=11518"}],"curies":[{"name":"wp","href":"https:\/\/api.w.org\/{rel}","templated":true}]}}