{"id":11513,"date":"2011-12-09T10:22:48","date_gmt":"2011-12-09T09:22:48","guid":{"rendered":"http:\/\/fjala.shkoder.net\/?p=526"},"modified":"2011-12-09T10:22:48","modified_gmt":"2011-12-09T09:22:48","slug":"tani-edhe-policia-e-kunatit","status":"publish","type":"post","link":"https:\/\/fjala.info\/2009-2015\/tani-edhe-policia-e-kunatit\/","title":{"rendered":"Tani edhe Policia e Kunatit!"},"content":{"rendered":"<p><img decoding=\"async\" class=\"alignright size-thumbnail wp-image-7236\" title=\"Mero Baze\" src=\"http:\/\/www.shkoder.net\/images\/fjala\/mero_baze1.jpg\" alt=\"\" width=\"150\" \/> Nga <strong>Mero Baze<\/strong>, <em>8 Dhjetor 2011<\/em><\/p>\n<p>Kamera e Vizion Plus ka fiksuar nj\u00eb person q\u00eb q\u00ebllon mbi deputetin Saimir Tahiri, e fyen at\u00eb me nj\u00eb fjalor t\u00eb r\u00ebnd\u00eb rrug\u00ebsh dhe polic\u00eb rrotull tyre q\u00eb nuk nd\u00ebrhyjn\u00eb. Gjith\u00e7ka ndodh 20 metra larg Ministris\u00eb s\u00eb Brendshme, n\u00eb nj\u00eb protest\u00eb paq\u00ebsore t\u00eb Forumit Rinor t\u00eb opozit\u00ebs. Tipi, nj\u00eb rondokop ezmer, me nj\u00eb \u00e7ant\u00eb t\u00eb hedhur n\u00eb qaf\u00eb, dukej i thirrur aty p\u00ebr sherr, por mbi t\u00eb gjitha kishte nj\u00eb autoritet m\u00eb t\u00eb lart\u00eb se sa Policia Bashkiake dhe Policia e Rendit.<\/p>\n<p>Fytyrat e trembura t\u00eb polic\u00ebve t\u00eb rendit, kur ai shante dhe fyente me fjalor vulgar deputetin, flisnin qart\u00eb se ai tipi ishte m\u00eb i r\u00ebnd\u00ebsish\u00ebm se polici. Ishte ai q\u00eb urdh\u00ebroi grisjen e banderolave t\u00eb demonstruesve, shtyu dhe fyeu deputetin, k\u00ebrc\u00ebnoi kameramanin dhe u soll pa asnj\u00eb shqet\u00ebsim pas shp\u00ebrndarjes s\u00eb protest\u00ebs.<\/p>\n<p>Nuk besoj se ka ndonj\u00eb polic n\u00eb detyr\u00eb aty q\u00eb nuk e di kush \u00ebsht\u00eb ai person. Ndoshta deputeti Tahiri do b\u00ebj\u00eb kall\u00ebzim penal p\u00ebr t\u00eb dhe emri i tij do t\u00eb merret vesh.<\/p>\n<p>Ajo q\u00eb u mor vesh nga ajo sken\u00eb dhune ndaj nj\u00eb deputeti, n\u00eb mes t\u00eb polic\u00ebve bashkiak dhe atyre t\u00eb rendit, ishte q\u00eb ekziston dhe nj\u00eb polici tjet\u00ebr, m\u00eb e pushtetshme dhe e frikshme se policit\u00eb legale q\u00eb ne paguajm\u00eb. \u00cbsht\u00eb policia e Kunatit.<\/p>\n<p>Njeriu q\u00eb ka kthyer Bashkin\u00eb n\u00eb nj\u00eb vat\u00ebr t\u00eb pushtetit familjar, qysh nga zyra e kuadrit, tatimeve, lejeve urbanistike dhe bizneseve partnere me Bashkin\u00eb, tashm\u00eb duket se po demonstron dhe nj\u00eb forc\u00eb paramilitare q\u00eb paska n\u00eb dispozicion, nj\u00eb forc\u00eb bandit\u00ebsh q\u00eb thirret p\u00ebr t\u00eb shp\u00ebrndar\u00eb protest\u00ebn e opozit\u00ebs, privatisht n\u00eb syt\u00eb e Policis\u00eb s\u00eb Shtetit, e cila ka dh\u00ebn\u00eb leje p\u00ebr protest\u00ebn.<\/p>\n<p>Kjo polici i ngjan atyre polic\u00ebve privat\u00eb t\u00eb 21 Janarit, q\u00eb rrah\u00ebn gazetar\u00eb dhe deputet\u00eb, q\u00eb hiqnin zvarr\u00eb njer\u00ebz n\u00eb pjes\u00ebn e Piramid\u00ebs, e pse jo ndokush prej tyre dhe vrau demonstrues. Ata nuk kan\u00eb pun\u00eb me pjes\u00ebn formale t\u00eb shtetit, nuk kan\u00eb pun\u00eb me ligjet dhe t\u00eb drejt\u00ebn e opozit\u00ebs p\u00ebr t\u00eb protestuar. Ata jan\u00eb pushteti i fsheht\u00eb i oborrit, ose m\u00eb mir\u00eb t\u00eb themi \u201cgarant\u00ebt\u201d e pushtetit t\u00eb tyre.<\/p>\n<p>Lul\u00ebzim Basha \u00ebsht\u00eb frikacak. Ata q\u00eb e njohin nga af\u00ebr, por dhe ata q\u00eb kan\u00eb qoft\u00eb dhe nj\u00eb kontakt me t\u00eb, shikojn\u00eb nj\u00eb njeri t\u00eb pasigurt n\u00eb veprimet e tij nj\u00eb njeri, i cili ka nevoj\u00eb p\u00ebr shum\u00eb garanci q\u00eb t\u00eb hyj\u00eb n\u00eb nj\u00eb betej\u00eb. M\u00eb 21 Janar ai la pa mbrojtje Policin\u00eb e Shtetit, pa kundragaz dhe mburoja t\u00eb sigurta, dhe armatosi policin\u00eb private dhe bandit\u00eb rrotull kryeministris\u00eb q\u00eb b\u00ebn\u00eb gj\u00ebm\u00ebn mbi qytetar\u00ebt. N\u00eb \u00e7do fushat\u00eb zgjedhjesh ai ka marr\u00eb nga pas kontigjentet m\u00eb kriminale n\u00eb vend, q\u00eb nga t\u00eb burgosur p\u00ebr vrasje e deri tek killer\u00eb t\u00eb njohur t\u00eb qytetit dhe i ka p\u00ebrdorur pa droj\u00eb mbi kund\u00ebrshtar\u00ebt.<\/p>\n<p>Fushata e fundit e 8 majit n\u00eb Tiran\u00eb, shfaqi n\u00eb krah t\u00eb tij njer\u00ebz q\u00eb i vinin dinamit kund\u00ebrshtarit dhe thyenin tribuna deputet\u00ebsh. Fuqia q\u00eb Lul\u00ebzim Basha u jep k\u00ebtyre njer\u00ebzve, tejkalon fuqin\u00eb e pushtetit ligjor, tejkalon fuqin\u00eb q\u00eb ka Policia e Shtetit apo Bashkiake. Ata kan\u00eb leje jo vet\u00ebm t\u00eb vrasin, por dhe t\u00eb mbajn\u00eb n\u00ebn terror strukturat e policis\u00eb, q\u00eb t\u2019i paralizojn\u00eb mos t\u00eb b\u00ebjn\u00eb detyr\u00ebn. Ata jan\u00eb nj\u00ebsoj si K\u00ebmishat e Zeza t\u00eb nazizmit dikur, q\u00eb posht\u00ebronin policin\u00eb dhe rendin, dhe shfaqnin pushtetin e tyre okult mbi \u00e7do gj\u00eb q\u00eb ishte kund\u00ebr Fyhrerit.<\/p>\n<p>Ajo q\u00eb ndodhi dje n\u00eb rrug\u00ebn ku b\u00ebn biznes Kunati i tij, ishte nj\u00eb ilustrim i friksh\u00ebm i nj\u00eb shteti paralel, q\u00eb komandohet prej njer\u00ebzve t\u00eb Oborrit. H\u00eb p\u00ebr h\u00eb, un\u00eb po i pag\u00ebzoj si \u201cPolici e Kunatit\u201d, p\u00ebr shkak se ai ka n\u00ebn kontroll \u00e7do gj\u00eb n\u00eb at\u00eb nd\u00ebrtes\u00eb, por Prokuroria duhet t\u00eb na jap\u00eb urgjent identitetin e tij. Kjo jo vet\u00ebm p\u00ebr t\u00eb v\u00ebn\u00eb n\u00eb vend shtetin ligjor, por mbi t\u00eb gjitha p\u00ebr t\u00eb mos lejuar ask\u00ebnd t\u00eb ngjall\u00eb frik\u00eb n\u00eb em\u00ebr t\u00eb nj\u00eb shteti paralel me shtetin ligjor, q\u00eb vepron kund\u00ebr pozit\u00ebs n\u00eb k\u00ebt\u00eb vend.<\/p>\n<p>Nuk besoj se u duhet shum\u00eb koh\u00eb ta gjejn\u00eb. Mjafton t\u00eb marrin kamerat q\u00eb kan\u00eb transmetuar pamjet dhe duhet t\u2019i hedhin prangat. K\u00ebshtu do t\u00eb jet\u00eb m\u00eb i sigurt dhe biznesi i Kunatit n\u00eb nj\u00eb nga rrug\u00ebt pedonale t\u00eb Tiran\u00ebs. K\u00ebshtu nuk do tremben as vizitor\u00ebt t\u00eb shkojn\u00eb t\u00eb vizitojn\u00eb kasollet prej druri q\u00eb jan\u00eb parashitur 3 mij\u00eb euro. K\u00ebshtu s\u2019ka nevoj\u00eb t\u00eb nd\u00ebrhyj\u00eb as Ambasadori Wollfarth, q\u00eb \u00ebsht\u00eb k\u00ebtu p\u00ebr t\u00eb drejtat politike dhe lirin\u00eb e shtypit. Mund\u00ebsojani atij t\u00eb shkoj\u00eb i qet\u00eb dhe tek kioska e qofteve dhe t\u00eb na mburret se e mbylli sherrin e policis\u00eb s\u00eb Kunatit me t\u00eb rinjt\u00eb e opozit\u00ebs.<\/p>\n","protected":false},"excerpt":{"rendered":"<p>Nga Mero Baze, 8 Dhjetor 2011 Kamera e Vizion Plus ka fiksuar nj\u00eb person q\u00eb q\u00ebllon mbi deputetin Saimir Tahiri, e fyen at\u00eb me nj\u00eb fjalor t\u00eb r\u00ebnd\u00eb rrug\u00ebsh dhe polic\u00eb rrotull tyre q\u00eb nuk nd\u00ebrhyjn\u00eb. Gjith\u00e7ka ndodh 20 metra larg Ministris\u00eb s\u00eb Brendshme, n\u00eb nj\u00eb protest\u00eb paq\u00ebsore t\u00eb Forumit Rinor t\u00eb opozit\u00ebs. Tipi, nj\u00eb [&hellip;]<\/p>\n","protected":false},"author":1,"featured_media":0,"comment_status":"open","ping_status":"closed","sticky":false,"template":"","format":"standard","meta":{"footnotes":""},"categories":[2],"tags":[],"class_list":{"0":"post-11513","1":"post","2":"type-post","3":"status-publish","4":"format-standard","6":"category-artikuj"},"yoast_head":"<!-- This site is optimized with the Yoast SEO plugin v27.4 - https:\/\/yoast.com\/product\/yoast-seo-wordpress\/ -->\n<title>Tani edhe Policia e Kunatit! - FjALA e LIR\u00cb - Arkivi<\/title>\n<meta name=\"robots\" content=\"index, follow, max-snippet:-1, max-image-preview:large, max-video-preview:-1\" \/>\n<link rel=\"canonical\" href=\"https:\/\/fjala.info\/2009-2015\/tani-edhe-policia-e-kunatit\/\" \/>\n<meta property=\"og:locale\" content=\"sq_AL\" \/>\n<meta property=\"og:type\" content=\"article\" \/>\n<meta property=\"og:title\" content=\"Tani edhe Policia e Kunatit! - FjALA e LIR\u00cb - Arkivi\" \/>\n<meta property=\"og:description\" content=\"Nga Mero Baze, 8 Dhjetor 2011 Kamera e Vizion Plus ka fiksuar nj\u00eb person q\u00eb q\u00ebllon mbi deputetin Saimir Tahiri, e fyen at\u00eb me nj\u00eb fjalor t\u00eb r\u00ebnd\u00eb rrug\u00ebsh dhe polic\u00eb rrotull tyre q\u00eb nuk nd\u00ebrhyjn\u00eb. Gjith\u00e7ka ndodh 20 metra larg Ministris\u00eb s\u00eb Brendshme, n\u00eb nj\u00eb protest\u00eb paq\u00ebsore t\u00eb Forumit Rinor t\u00eb opozit\u00ebs. Tipi, nj\u00eb [&hellip;]\" \/>\n<meta property=\"og:url\" content=\"https:\/\/fjala.info\/2009-2015\/tani-edhe-policia-e-kunatit\/\" \/>\n<meta property=\"og:site_name\" content=\"FjALA e LIR\u00cb - Arkivi\" \/>\n<meta property=\"article:published_time\" content=\"2011-12-09T09:22:48+00:00\" \/>\n<meta property=\"og:image\" content=\"http:\/\/www.shkoder.net\/images\/fjala\/mero_baze1.jpg\" \/>\n<meta name=\"author\" content=\"admin\" \/>\n<meta name=\"twitter:card\" content=\"summary_large_image\" \/>\n<meta name=\"twitter:label1\" content=\"Written by\" \/>\n\t<meta name=\"twitter:data1\" content=\"admin\" \/>\n\t<meta name=\"twitter:label2\" content=\"Est. reading time\" \/>\n\t<meta name=\"twitter:data2\" content=\"4 minutes\" \/>\n<script type=\"application\/ld+json\" class=\"yoast-schema-graph\">{\"@context\":\"https:\\\/\\\/schema.org\",\"@graph\":[{\"@type\":\"Article\",\"@id\":\"https:\\\/\\\/fjala.info\\\/2009-2015\\\/tani-edhe-policia-e-kunatit\\\/#article\",\"isPartOf\":{\"@id\":\"https:\\\/\\\/fjala.info\\\/2009-2015\\\/tani-edhe-policia-e-kunatit\\\/\"},\"author\":{\"name\":\"admin\",\"@id\":\"https:\\\/\\\/fjala.info\\\/2009-2015\\\/#\\\/schema\\\/person\\\/3aa1163ef05469c496fc94e77611ada2\"},\"headline\":\"Tani edhe Policia e Kunatit!\",\"datePublished\":\"2011-12-09T09:22:48+00:00\",\"mainEntityOfPage\":{\"@id\":\"https:\\\/\\\/fjala.info\\\/2009-2015\\\/tani-edhe-policia-e-kunatit\\\/\"},\"wordCount\":858,\"commentCount\":1,\"publisher\":{\"@id\":\"https:\\\/\\\/fjala.info\\\/2009-2015\\\/#organization\"},\"image\":{\"@id\":\"https:\\\/\\\/fjala.info\\\/2009-2015\\\/tani-edhe-policia-e-kunatit\\\/#primaryimage\"},\"thumbnailUrl\":\"http:\\\/\\\/www.shkoder.net\\\/images\\\/fjala\\\/mero_baze1.jpg\",\"articleSection\":[\"Artikuj\"],\"inLanguage\":\"sq-AL\",\"potentialAction\":[{\"@type\":\"CommentAction\",\"name\":\"Comment\",\"target\":[\"https:\\\/\\\/fjala.info\\\/2009-2015\\\/tani-edhe-policia-e-kunatit\\\/#respond\"]}]},{\"@type\":\"WebPage\",\"@id\":\"https:\\\/\\\/fjala.info\\\/2009-2015\\\/tani-edhe-policia-e-kunatit\\\/\",\"url\":\"https:\\\/\\\/fjala.info\\\/2009-2015\\\/tani-edhe-policia-e-kunatit\\\/\",\"name\":\"Tani edhe Policia e Kunatit! - FjALA e LIR\u00cb - Arkivi\",\"isPartOf\":{\"@id\":\"https:\\\/\\\/fjala.info\\\/2009-2015\\\/#website\"},\"primaryImageOfPage\":{\"@id\":\"https:\\\/\\\/fjala.info\\\/2009-2015\\\/tani-edhe-policia-e-kunatit\\\/#primaryimage\"},\"image\":{\"@id\":\"https:\\\/\\\/fjala.info\\\/2009-2015\\\/tani-edhe-policia-e-kunatit\\\/#primaryimage\"},\"thumbnailUrl\":\"http:\\\/\\\/www.shkoder.net\\\/images\\\/fjala\\\/mero_baze1.jpg\",\"datePublished\":\"2011-12-09T09:22:48+00:00\",\"breadcrumb\":{\"@id\":\"https:\\\/\\\/fjala.info\\\/2009-2015\\\/tani-edhe-policia-e-kunatit\\\/#breadcrumb\"},\"inLanguage\":\"sq-AL\",\"potentialAction\":[{\"@type\":\"ReadAction\",\"target\":[\"https:\\\/\\\/fjala.info\\\/2009-2015\\\/tani-edhe-policia-e-kunatit\\\/\"]}]},{\"@type\":\"ImageObject\",\"inLanguage\":\"sq-AL\",\"@id\":\"https:\\\/\\\/fjala.info\\\/2009-2015\\\/tani-edhe-policia-e-kunatit\\\/#primaryimage\",\"url\":\"http:\\\/\\\/www.shkoder.net\\\/images\\\/fjala\\\/mero_baze1.jpg\",\"contentUrl\":\"http:\\\/\\\/www.shkoder.net\\\/images\\\/fjala\\\/mero_baze1.jpg\"},{\"@type\":\"BreadcrumbList\",\"@id\":\"https:\\\/\\\/fjala.info\\\/2009-2015\\\/tani-edhe-policia-e-kunatit\\\/#breadcrumb\",\"itemListElement\":[{\"@type\":\"ListItem\",\"position\":1,\"name\":\"Home\",\"item\":\"https:\\\/\\\/fjala.info\\\/2009-2015\\\/\"},{\"@type\":\"ListItem\",\"position\":2,\"name\":\"Tani edhe Policia e Kunatit!\"}]},{\"@type\":\"WebSite\",\"@id\":\"https:\\\/\\\/fjala.info\\\/2009-2015\\\/#website\",\"url\":\"https:\\\/\\\/fjala.info\\\/2009-2015\\\/\",\"name\":\"FjALA e LIR\u00cb - Arkivi\",\"description\":\"Arkivi 2009-2015\",\"publisher\":{\"@id\":\"https:\\\/\\\/fjala.info\\\/2009-2015\\\/#organization\"},\"potentialAction\":[{\"@type\":\"SearchAction\",\"target\":{\"@type\":\"EntryPoint\",\"urlTemplate\":\"https:\\\/\\\/fjala.info\\\/2009-2015\\\/?s={search_term_string}\"},\"query-input\":{\"@type\":\"PropertyValueSpecification\",\"valueRequired\":true,\"valueName\":\"search_term_string\"}}],\"inLanguage\":\"sq-AL\"},{\"@type\":\"Organization\",\"@id\":\"https:\\\/\\\/fjala.info\\\/2009-2015\\\/#organization\",\"name\":\"FjALA e LIR\u00cb - Arkivi\",\"url\":\"https:\\\/\\\/fjala.info\\\/2009-2015\\\/\",\"logo\":{\"@type\":\"ImageObject\",\"inLanguage\":\"sq-AL\",\"@id\":\"https:\\\/\\\/fjala.info\\\/2009-2015\\\/#\\\/schema\\\/logo\\\/image\\\/\",\"url\":\"\",\"contentUrl\":\"\",\"caption\":\"FjALA e LIR\u00cb - Arkivi\"},\"image\":{\"@id\":\"https:\\\/\\\/fjala.info\\\/2009-2015\\\/#\\\/schema\\\/logo\\\/image\\\/\"}},{\"@type\":\"Person\",\"@id\":\"https:\\\/\\\/fjala.info\\\/2009-2015\\\/#\\\/schema\\\/person\\\/3aa1163ef05469c496fc94e77611ada2\",\"name\":\"admin\",\"image\":{\"@type\":\"ImageObject\",\"inLanguage\":\"sq-AL\",\"@id\":\"https:\\\/\\\/fjala.info\\\/2009-2015\\\/wp-content\\\/uploads\\\/2012\\\/02\\\/arben_cokaj-120x150.jpg\",\"url\":\"https:\\\/\\\/fjala.info\\\/2009-2015\\\/wp-content\\\/uploads\\\/2012\\\/02\\\/arben_cokaj-120x150.jpg\",\"contentUrl\":\"https:\\\/\\\/fjala.info\\\/2009-2015\\\/wp-content\\\/uploads\\\/2012\\\/02\\\/arben_cokaj-120x150.jpg\",\"caption\":\"admin\"},\"description\":\"Admin, Fjala e Lir\u00eb\",\"sameAs\":[\"https:\\\/\\\/fjala.info\\\/\"],\"url\":\"https:\\\/\\\/fjala.info\\\/2009-2015\\\/author\\\/admin\\\/\"}]}<\/script>\n<!-- \/ Yoast SEO plugin. -->","yoast_head_json":{"title":"Tani edhe Policia e Kunatit! - FjALA e LIR\u00cb - Arkivi","robots":{"index":"index","follow":"follow","max-snippet":"max-snippet:-1","max-image-preview":"max-image-preview:large","max-video-preview":"max-video-preview:-1"},"canonical":"https:\/\/fjala.info\/2009-2015\/tani-edhe-policia-e-kunatit\/","og_locale":"sq_AL","og_type":"article","og_title":"Tani edhe Policia e Kunatit! - FjALA e LIR\u00cb - Arkivi","og_description":"Nga Mero Baze, 8 Dhjetor 2011 Kamera e Vizion Plus ka fiksuar nj\u00eb person q\u00eb q\u00ebllon mbi deputetin Saimir Tahiri, e fyen at\u00eb me nj\u00eb fjalor t\u00eb r\u00ebnd\u00eb rrug\u00ebsh dhe polic\u00eb rrotull tyre q\u00eb nuk nd\u00ebrhyjn\u00eb. Gjith\u00e7ka ndodh 20 metra larg Ministris\u00eb s\u00eb Brendshme, n\u00eb nj\u00eb protest\u00eb paq\u00ebsore t\u00eb Forumit Rinor t\u00eb opozit\u00ebs. Tipi, nj\u00eb [&hellip;]","og_url":"https:\/\/fjala.info\/2009-2015\/tani-edhe-policia-e-kunatit\/","og_site_name":"FjALA e LIR\u00cb - Arkivi","article_published_time":"2011-12-09T09:22:48+00:00","og_image":[{"url":"http:\/\/www.shkoder.net\/images\/fjala\/mero_baze1.jpg","type":"","width":"","height":""}],"author":"admin","twitter_card":"summary_large_image","twitter_misc":{"Written by":"admin","Est. reading time":"4 minutes"},"schema":{"@context":"https:\/\/schema.org","@graph":[{"@type":"Article","@id":"https:\/\/fjala.info\/2009-2015\/tani-edhe-policia-e-kunatit\/#article","isPartOf":{"@id":"https:\/\/fjala.info\/2009-2015\/tani-edhe-policia-e-kunatit\/"},"author":{"name":"admin","@id":"https:\/\/fjala.info\/2009-2015\/#\/schema\/person\/3aa1163ef05469c496fc94e77611ada2"},"headline":"Tani edhe Policia e Kunatit!","datePublished":"2011-12-09T09:22:48+00:00","mainEntityOfPage":{"@id":"https:\/\/fjala.info\/2009-2015\/tani-edhe-policia-e-kunatit\/"},"wordCount":858,"commentCount":1,"publisher":{"@id":"https:\/\/fjala.info\/2009-2015\/#organization"},"image":{"@id":"https:\/\/fjala.info\/2009-2015\/tani-edhe-policia-e-kunatit\/#primaryimage"},"thumbnailUrl":"http:\/\/www.shkoder.net\/images\/fjala\/mero_baze1.jpg","articleSection":["Artikuj"],"inLanguage":"sq-AL","potentialAction":[{"@type":"CommentAction","name":"Comment","target":["https:\/\/fjala.info\/2009-2015\/tani-edhe-policia-e-kunatit\/#respond"]}]},{"@type":"WebPage","@id":"https:\/\/fjala.info\/2009-2015\/tani-edhe-policia-e-kunatit\/","url":"https:\/\/fjala.info\/2009-2015\/tani-edhe-policia-e-kunatit\/","name":"Tani edhe Policia e Kunatit! - FjALA e LIR\u00cb - Arkivi","isPartOf":{"@id":"https:\/\/fjala.info\/2009-2015\/#website"},"primaryImageOfPage":{"@id":"https:\/\/fjala.info\/2009-2015\/tani-edhe-policia-e-kunatit\/#primaryimage"},"image":{"@id":"https:\/\/fjala.info\/2009-2015\/tani-edhe-policia-e-kunatit\/#primaryimage"},"thumbnailUrl":"http:\/\/www.shkoder.net\/images\/fjala\/mero_baze1.jpg","datePublished":"2011-12-09T09:22:48+00:00","breadcrumb":{"@id":"https:\/\/fjala.info\/2009-2015\/tani-edhe-policia-e-kunatit\/#breadcrumb"},"inLanguage":"sq-AL","potentialAction":[{"@type":"ReadAction","target":["https:\/\/fjala.info\/2009-2015\/tani-edhe-policia-e-kunatit\/"]}]},{"@type":"ImageObject","inLanguage":"sq-AL","@id":"https:\/\/fjala.info\/2009-2015\/tani-edhe-policia-e-kunatit\/#primaryimage","url":"http:\/\/www.shkoder.net\/images\/fjala\/mero_baze1.jpg","contentUrl":"http:\/\/www.shkoder.net\/images\/fjala\/mero_baze1.jpg"},{"@type":"BreadcrumbList","@id":"https:\/\/fjala.info\/2009-2015\/tani-edhe-policia-e-kunatit\/#breadcrumb","itemListElement":[{"@type":"ListItem","position":1,"name":"Home","item":"https:\/\/fjala.info\/2009-2015\/"},{"@type":"ListItem","position":2,"name":"Tani edhe Policia e Kunatit!"}]},{"@type":"WebSite","@id":"https:\/\/fjala.info\/2009-2015\/#website","url":"https:\/\/fjala.info\/2009-2015\/","name":"FjALA e LIR\u00cb - Arkivi","description":"Arkivi 2009-2015","publisher":{"@id":"https:\/\/fjala.info\/2009-2015\/#organization"},"potentialAction":[{"@type":"SearchAction","target":{"@type":"EntryPoint","urlTemplate":"https:\/\/fjala.info\/2009-2015\/?s={search_term_string}"},"query-input":{"@type":"PropertyValueSpecification","valueRequired":true,"valueName":"search_term_string"}}],"inLanguage":"sq-AL"},{"@type":"Organization","@id":"https:\/\/fjala.info\/2009-2015\/#organization","name":"FjALA e LIR\u00cb - Arkivi","url":"https:\/\/fjala.info\/2009-2015\/","logo":{"@type":"ImageObject","inLanguage":"sq-AL","@id":"https:\/\/fjala.info\/2009-2015\/#\/schema\/logo\/image\/","url":"","contentUrl":"","caption":"FjALA e LIR\u00cb - Arkivi"},"image":{"@id":"https:\/\/fjala.info\/2009-2015\/#\/schema\/logo\/image\/"}},{"@type":"Person","@id":"https:\/\/fjala.info\/2009-2015\/#\/schema\/person\/3aa1163ef05469c496fc94e77611ada2","name":"admin","image":{"@type":"ImageObject","inLanguage":"sq-AL","@id":"https:\/\/fjala.info\/2009-2015\/wp-content\/uploads\/2012\/02\/arben_cokaj-120x150.jpg","url":"https:\/\/fjala.info\/2009-2015\/wp-content\/uploads\/2012\/02\/arben_cokaj-120x150.jpg","contentUrl":"https:\/\/fjala.info\/2009-2015\/wp-content\/uploads\/2012\/02\/arben_cokaj-120x150.jpg","caption":"admin"},"description":"Admin, Fjala e Lir\u00eb","sameAs":["https:\/\/fjala.info\/"],"url":"https:\/\/fjala.info\/2009-2015\/author\/admin\/"}]}},"_links":{"self":[{"href":"https:\/\/fjala.info\/2009-2015\/wp-json\/wp\/v2\/posts\/11513","targetHints":{"allow":["GET"]}}],"collection":[{"href":"https:\/\/fjala.info\/2009-2015\/wp-json\/wp\/v2\/posts"}],"about":[{"href":"https:\/\/fjala.info\/2009-2015\/wp-json\/wp\/v2\/types\/post"}],"author":[{"embeddable":true,"href":"https:\/\/fjala.info\/2009-2015\/wp-json\/wp\/v2\/users\/1"}],"replies":[{"embeddable":true,"href":"https:\/\/fjala.info\/2009-2015\/wp-json\/wp\/v2\/comments?post=11513"}],"version-history":[{"count":0,"href":"https:\/\/fjala.info\/2009-2015\/wp-json\/wp\/v2\/posts\/11513\/revisions"}],"wp:attachment":[{"href":"https:\/\/fjala.info\/2009-2015\/wp-json\/wp\/v2\/media?parent=11513"}],"wp:term":[{"taxonomy":"category","embeddable":true,"href":"https:\/\/fjala.info\/2009-2015\/wp-json\/wp\/v2\/categories?post=11513"},{"taxonomy":"post_tag","embeddable":true,"href":"https:\/\/fjala.info\/2009-2015\/wp-json\/wp\/v2\/tags?post=11513"}],"curies":[{"name":"wp","href":"https:\/\/api.w.org\/{rel}","templated":true}]}}