{"id":11512,"date":"2011-12-08T08:10:49","date_gmt":"2011-12-08T07:10:49","guid":{"rendered":"http:\/\/fjala.shkoder.net\/?p=574"},"modified":"2011-12-08T08:10:49","modified_gmt":"2011-12-08T07:10:49","slug":"me-5-dhjetor-kalendari-perkujton-shen-pelinin-ipeshkev-e-martir-nga-durresi","status":"publish","type":"post","link":"https:\/\/fjala.info\/2009-2015\/me-5-dhjetor-kalendari-perkujton-shen-pelinin-ipeshkev-e-martir-nga-durresi\/","title":{"rendered":"M\u00eb 5 dhjetor kalendari p\u00ebrkujton sh\u00ebn Pelinin, ipeshk\u00ebv e martir nga Durr\u00ebsi"},"content":{"rendered":"<p><img decoding=\"async\" class=\"alignright size-thumbnail wp-image-7236\" title=\"Sh\u00ebn Pelini\" src=\"http:\/\/www.shkoder.net\/images\/fjala\/2011\/san_pelino.jpg\" alt=\"\" width=\"250\" \/>M\u00eb 5 dhjetor kalendari kishtar p\u00ebrkujton <strong>Sh\u00ebn Pelinin<\/strong>, ipeshk\u00ebv e martir i shekull VII me origjin\u00eb nga Durr\u00ebsi. Sh\u00ebn Pelini lindi n\u00eb Durr\u00ebs rreth vitit 620.<\/p>\n<p>Ishte murg bazilian, opozitor i herezis\u00eb monotelite n\u00eb Bizant, s\u00eb pari, gjat\u00eb perandorit Herakli I e m\u00eb pas, gjat\u00eb Kostantit II (648). U transferua n\u00eb Brindizi s\u00eb bashku me dishepujt e vet, Gorgonin, Sebastin dhe \u00c7iprion.<\/p>\n<p>Ndeshja nd\u00ebrmjet Rom\u00ebs dhe Bizantit u ashp\u00ebrsua deri atje, sa papa Martini I e shkomunikoi patrikun Serxho dhe heretik\u00ebt, por u arrestua, u internua n\u00eb Kostandinopoj\u00eb e m\u00eb pas n\u00eb Kerson t\u00eb Krimes\u00eb, ku vdiq n\u00eb vitin 655.<\/p>\n<p>Nd\u00ebrkaq, n\u00eb Brindizi, Pelini i q\u00ebndroi besnik e pas vdekjes s\u00eb ipeshkvit t\u00eb at\u00ebhersh\u00ebm Proklit, u zgjodh n\u00eb krye t\u00eb dioqez\u00ebs s\u00eb Brindizit.<\/p>\n<p>Kund\u00ebrshtoi fuqish\u00ebm q\u00ebndrimet e Kostandinopoj\u00ebs e p\u00ebr k\u00ebt\u00eb arsye, funksionar\u00ebt e perandoris\u00eb Bizantine, m\u00eb urdh\u00ebr t\u00eb basileusit (pushtetarit) e internuan n\u00eb Korfinio (Abruco e sotme), ku u d\u00ebnua me vdekje dhe u vra s\u00eb bashku me dishepujt e vet, m\u00eb 5 dhjetor t\u00eb vitit 662.<\/p>\n<p>U shpall shenjt n\u00eb vitin 668 nga \u00c7iprio, pasardh\u00ebsi i tij n\u00eb krye t\u00eb dioqez\u00ebs s\u00eb Brindizit. N\u00eb at\u00eb rast, u hartua edhe nj\u00eb \u201cJet\u00eb\u201d e shenjtit, ndoshta nga vet\u00eb \u00c7iprio, i cili mund t\u00eb ket\u00eb ngritur n\u00eb Brindizi, edhe vendin e par\u00eb t\u00eb kultit t\u00eb sh\u00ebn Pelinit.<br \/>\nP\u00ebr shekuj, ka qen\u00eb pajtor i Brindizit s\u00eb bashku me sh\u00ebn Leu\u00e7on. N\u00eb vitin 1771 iu kushtua nj\u00eb elter n\u00eb Katedralen e qytetit, ku martirizimi i tij paraqitet n\u00eb nj\u00eb piktur\u00eb t\u00eb Oronco Tizos.<\/p>\n<p>Sh\u00ebn Pelini \u00ebsht\u00eb pajtor i dioqez\u00ebs s\u00eb Sulmona-Valv\u00ebs. Nj\u00eb bazilik\u00eb e shenjtit ndodhet n\u00eb Korfinio e kulti i tij n\u00eb Marsika d\u00ebshmohet edhe nga emri i fshatit sh\u00ebn Pelini, pran\u00eb Avecanos, ku mendohet t\u00eb ket\u00eb kaluar shenjti, pas nj\u00eb udh\u00ebtimi n\u00eb Rom\u00eb.<br \/>\n(Radio Vatikani)<br \/>\nhttp:\/\/kosova.albemigrant.com\/?p=979#more-979<\/p>\n","protected":false},"excerpt":{"rendered":"<p>M\u00eb 5 dhjetor kalendari kishtar p\u00ebrkujton Sh\u00ebn Pelinin, ipeshk\u00ebv e martir i shekull VII me origjin\u00eb nga Durr\u00ebsi. Sh\u00ebn Pelini lindi n\u00eb Durr\u00ebs rreth vitit 620. Ishte murg bazilian, opozitor i herezis\u00eb monotelite n\u00eb Bizant, s\u00eb pari, gjat\u00eb perandorit Herakli I e m\u00eb pas, gjat\u00eb Kostantit II (648). U transferua n\u00eb Brindizi s\u00eb bashku me [&hellip;]<\/p>\n","protected":false},"author":1,"featured_media":0,"comment_status":"open","ping_status":"closed","sticky":false,"template":"","format":"standard","meta":{"footnotes":""},"categories":[2],"tags":[],"class_list":{"0":"post-11512","1":"post","2":"type-post","3":"status-publish","4":"format-standard","6":"category-artikuj"},"yoast_head":"<!-- This site is optimized with the Yoast SEO plugin v27.4 - https:\/\/yoast.com\/product\/yoast-seo-wordpress\/ -->\n<title>M\u00eb 5 dhjetor kalendari p\u00ebrkujton sh\u00ebn Pelinin, ipeshk\u00ebv e martir nga Durr\u00ebsi - FjALA e LIR\u00cb - Arkivi<\/title>\n<meta name=\"robots\" content=\"index, follow, max-snippet:-1, max-image-preview:large, max-video-preview:-1\" \/>\n<link rel=\"canonical\" href=\"https:\/\/fjala.info\/2009-2015\/me-5-dhjetor-kalendari-perkujton-shen-pelinin-ipeshkev-e-martir-nga-durresi\/\" \/>\n<meta property=\"og:locale\" content=\"sq_AL\" \/>\n<meta property=\"og:type\" content=\"article\" \/>\n<meta property=\"og:title\" content=\"M\u00eb 5 dhjetor kalendari p\u00ebrkujton sh\u00ebn Pelinin, ipeshk\u00ebv e martir nga Durr\u00ebsi - FjALA e LIR\u00cb - Arkivi\" \/>\n<meta property=\"og:description\" content=\"M\u00eb 5 dhjetor kalendari kishtar p\u00ebrkujton Sh\u00ebn Pelinin, ipeshk\u00ebv e martir i shekull VII me origjin\u00eb nga Durr\u00ebsi. Sh\u00ebn Pelini lindi n\u00eb Durr\u00ebs rreth vitit 620. Ishte murg bazilian, opozitor i herezis\u00eb monotelite n\u00eb Bizant, s\u00eb pari, gjat\u00eb perandorit Herakli I e m\u00eb pas, gjat\u00eb Kostantit II (648). U transferua n\u00eb Brindizi s\u00eb bashku me [&hellip;]\" \/>\n<meta property=\"og:url\" content=\"https:\/\/fjala.info\/2009-2015\/me-5-dhjetor-kalendari-perkujton-shen-pelinin-ipeshkev-e-martir-nga-durresi\/\" \/>\n<meta property=\"og:site_name\" content=\"FjALA e LIR\u00cb - Arkivi\" \/>\n<meta property=\"article:published_time\" content=\"2011-12-08T07:10:49+00:00\" \/>\n<meta property=\"og:image\" content=\"http:\/\/www.shkoder.net\/images\/fjala\/2011\/san_pelino.jpg\" \/>\n<meta name=\"author\" content=\"admin\" \/>\n<meta name=\"twitter:card\" content=\"summary_large_image\" \/>\n<meta name=\"twitter:label1\" content=\"Written by\" \/>\n\t<meta name=\"twitter:data1\" content=\"admin\" \/>\n\t<meta name=\"twitter:label2\" content=\"Est. reading time\" \/>\n\t<meta name=\"twitter:data2\" content=\"2 minutes\" \/>\n<script type=\"application\/ld+json\" class=\"yoast-schema-graph\">{\"@context\":\"https:\\\/\\\/schema.org\",\"@graph\":[{\"@type\":\"Article\",\"@id\":\"https:\\\/\\\/fjala.info\\\/2009-2015\\\/me-5-dhjetor-kalendari-perkujton-shen-pelinin-ipeshkev-e-martir-nga-durresi\\\/#article\",\"isPartOf\":{\"@id\":\"https:\\\/\\\/fjala.info\\\/2009-2015\\\/me-5-dhjetor-kalendari-perkujton-shen-pelinin-ipeshkev-e-martir-nga-durresi\\\/\"},\"author\":{\"name\":\"admin\",\"@id\":\"https:\\\/\\\/fjala.info\\\/2009-2015\\\/#\\\/schema\\\/person\\\/3aa1163ef05469c496fc94e77611ada2\"},\"headline\":\"M\u00eb 5 dhjetor kalendari p\u00ebrkujton sh\u00ebn Pelinin, ipeshk\u00ebv e martir nga Durr\u00ebsi\",\"datePublished\":\"2011-12-08T07:10:49+00:00\",\"mainEntityOfPage\":{\"@id\":\"https:\\\/\\\/fjala.info\\\/2009-2015\\\/me-5-dhjetor-kalendari-perkujton-shen-pelinin-ipeshkev-e-martir-nga-durresi\\\/\"},\"wordCount\":343,\"commentCount\":0,\"publisher\":{\"@id\":\"https:\\\/\\\/fjala.info\\\/2009-2015\\\/#organization\"},\"image\":{\"@id\":\"https:\\\/\\\/fjala.info\\\/2009-2015\\\/me-5-dhjetor-kalendari-perkujton-shen-pelinin-ipeshkev-e-martir-nga-durresi\\\/#primaryimage\"},\"thumbnailUrl\":\"http:\\\/\\\/www.shkoder.net\\\/images\\\/fjala\\\/2011\\\/san_pelino.jpg\",\"articleSection\":[\"Artikuj\"],\"inLanguage\":\"sq-AL\",\"potentialAction\":[{\"@type\":\"CommentAction\",\"name\":\"Comment\",\"target\":[\"https:\\\/\\\/fjala.info\\\/2009-2015\\\/me-5-dhjetor-kalendari-perkujton-shen-pelinin-ipeshkev-e-martir-nga-durresi\\\/#respond\"]}]},{\"@type\":\"WebPage\",\"@id\":\"https:\\\/\\\/fjala.info\\\/2009-2015\\\/me-5-dhjetor-kalendari-perkujton-shen-pelinin-ipeshkev-e-martir-nga-durresi\\\/\",\"url\":\"https:\\\/\\\/fjala.info\\\/2009-2015\\\/me-5-dhjetor-kalendari-perkujton-shen-pelinin-ipeshkev-e-martir-nga-durresi\\\/\",\"name\":\"M\u00eb 5 dhjetor kalendari p\u00ebrkujton sh\u00ebn Pelinin, ipeshk\u00ebv e martir nga Durr\u00ebsi - FjALA e LIR\u00cb - Arkivi\",\"isPartOf\":{\"@id\":\"https:\\\/\\\/fjala.info\\\/2009-2015\\\/#website\"},\"primaryImageOfPage\":{\"@id\":\"https:\\\/\\\/fjala.info\\\/2009-2015\\\/me-5-dhjetor-kalendari-perkujton-shen-pelinin-ipeshkev-e-martir-nga-durresi\\\/#primaryimage\"},\"image\":{\"@id\":\"https:\\\/\\\/fjala.info\\\/2009-2015\\\/me-5-dhjetor-kalendari-perkujton-shen-pelinin-ipeshkev-e-martir-nga-durresi\\\/#primaryimage\"},\"thumbnailUrl\":\"http:\\\/\\\/www.shkoder.net\\\/images\\\/fjala\\\/2011\\\/san_pelino.jpg\",\"datePublished\":\"2011-12-08T07:10:49+00:00\",\"breadcrumb\":{\"@id\":\"https:\\\/\\\/fjala.info\\\/2009-2015\\\/me-5-dhjetor-kalendari-perkujton-shen-pelinin-ipeshkev-e-martir-nga-durresi\\\/#breadcrumb\"},\"inLanguage\":\"sq-AL\",\"potentialAction\":[{\"@type\":\"ReadAction\",\"target\":[\"https:\\\/\\\/fjala.info\\\/2009-2015\\\/me-5-dhjetor-kalendari-perkujton-shen-pelinin-ipeshkev-e-martir-nga-durresi\\\/\"]}]},{\"@type\":\"ImageObject\",\"inLanguage\":\"sq-AL\",\"@id\":\"https:\\\/\\\/fjala.info\\\/2009-2015\\\/me-5-dhjetor-kalendari-perkujton-shen-pelinin-ipeshkev-e-martir-nga-durresi\\\/#primaryimage\",\"url\":\"http:\\\/\\\/www.shkoder.net\\\/images\\\/fjala\\\/2011\\\/san_pelino.jpg\",\"contentUrl\":\"http:\\\/\\\/www.shkoder.net\\\/images\\\/fjala\\\/2011\\\/san_pelino.jpg\"},{\"@type\":\"BreadcrumbList\",\"@id\":\"https:\\\/\\\/fjala.info\\\/2009-2015\\\/me-5-dhjetor-kalendari-perkujton-shen-pelinin-ipeshkev-e-martir-nga-durresi\\\/#breadcrumb\",\"itemListElement\":[{\"@type\":\"ListItem\",\"position\":1,\"name\":\"Home\",\"item\":\"https:\\\/\\\/fjala.info\\\/2009-2015\\\/\"},{\"@type\":\"ListItem\",\"position\":2,\"name\":\"M\u00eb 5 dhjetor kalendari p\u00ebrkujton sh\u00ebn Pelinin, ipeshk\u00ebv e martir nga Durr\u00ebsi\"}]},{\"@type\":\"WebSite\",\"@id\":\"https:\\\/\\\/fjala.info\\\/2009-2015\\\/#website\",\"url\":\"https:\\\/\\\/fjala.info\\\/2009-2015\\\/\",\"name\":\"FjALA e LIR\u00cb - Arkivi\",\"description\":\"Arkivi 2009-2015\",\"publisher\":{\"@id\":\"https:\\\/\\\/fjala.info\\\/2009-2015\\\/#organization\"},\"potentialAction\":[{\"@type\":\"SearchAction\",\"target\":{\"@type\":\"EntryPoint\",\"urlTemplate\":\"https:\\\/\\\/fjala.info\\\/2009-2015\\\/?s={search_term_string}\"},\"query-input\":{\"@type\":\"PropertyValueSpecification\",\"valueRequired\":true,\"valueName\":\"search_term_string\"}}],\"inLanguage\":\"sq-AL\"},{\"@type\":\"Organization\",\"@id\":\"https:\\\/\\\/fjala.info\\\/2009-2015\\\/#organization\",\"name\":\"FjALA e LIR\u00cb - Arkivi\",\"url\":\"https:\\\/\\\/fjala.info\\\/2009-2015\\\/\",\"logo\":{\"@type\":\"ImageObject\",\"inLanguage\":\"sq-AL\",\"@id\":\"https:\\\/\\\/fjala.info\\\/2009-2015\\\/#\\\/schema\\\/logo\\\/image\\\/\",\"url\":\"\",\"contentUrl\":\"\",\"caption\":\"FjALA e LIR\u00cb - Arkivi\"},\"image\":{\"@id\":\"https:\\\/\\\/fjala.info\\\/2009-2015\\\/#\\\/schema\\\/logo\\\/image\\\/\"}},{\"@type\":\"Person\",\"@id\":\"https:\\\/\\\/fjala.info\\\/2009-2015\\\/#\\\/schema\\\/person\\\/3aa1163ef05469c496fc94e77611ada2\",\"name\":\"admin\",\"image\":{\"@type\":\"ImageObject\",\"inLanguage\":\"sq-AL\",\"@id\":\"https:\\\/\\\/fjala.info\\\/2009-2015\\\/wp-content\\\/uploads\\\/2012\\\/02\\\/arben_cokaj-120x150.jpg\",\"url\":\"https:\\\/\\\/fjala.info\\\/2009-2015\\\/wp-content\\\/uploads\\\/2012\\\/02\\\/arben_cokaj-120x150.jpg\",\"contentUrl\":\"https:\\\/\\\/fjala.info\\\/2009-2015\\\/wp-content\\\/uploads\\\/2012\\\/02\\\/arben_cokaj-120x150.jpg\",\"caption\":\"admin\"},\"description\":\"Admin, Fjala e Lir\u00eb\",\"sameAs\":[\"https:\\\/\\\/fjala.info\\\/\"],\"url\":\"https:\\\/\\\/fjala.info\\\/2009-2015\\\/author\\\/admin\\\/\"}]}<\/script>\n<!-- \/ Yoast SEO plugin. -->","yoast_head_json":{"title":"M\u00eb 5 dhjetor kalendari p\u00ebrkujton sh\u00ebn Pelinin, ipeshk\u00ebv e martir nga Durr\u00ebsi - FjALA e LIR\u00cb - Arkivi","robots":{"index":"index","follow":"follow","max-snippet":"max-snippet:-1","max-image-preview":"max-image-preview:large","max-video-preview":"max-video-preview:-1"},"canonical":"https:\/\/fjala.info\/2009-2015\/me-5-dhjetor-kalendari-perkujton-shen-pelinin-ipeshkev-e-martir-nga-durresi\/","og_locale":"sq_AL","og_type":"article","og_title":"M\u00eb 5 dhjetor kalendari p\u00ebrkujton sh\u00ebn Pelinin, ipeshk\u00ebv e martir nga Durr\u00ebsi - FjALA e LIR\u00cb - Arkivi","og_description":"M\u00eb 5 dhjetor kalendari kishtar p\u00ebrkujton Sh\u00ebn Pelinin, ipeshk\u00ebv e martir i shekull VII me origjin\u00eb nga Durr\u00ebsi. Sh\u00ebn Pelini lindi n\u00eb Durr\u00ebs rreth vitit 620. Ishte murg bazilian, opozitor i herezis\u00eb monotelite n\u00eb Bizant, s\u00eb pari, gjat\u00eb perandorit Herakli I e m\u00eb pas, gjat\u00eb Kostantit II (648). U transferua n\u00eb Brindizi s\u00eb bashku me [&hellip;]","og_url":"https:\/\/fjala.info\/2009-2015\/me-5-dhjetor-kalendari-perkujton-shen-pelinin-ipeshkev-e-martir-nga-durresi\/","og_site_name":"FjALA e LIR\u00cb - Arkivi","article_published_time":"2011-12-08T07:10:49+00:00","og_image":[{"url":"http:\/\/www.shkoder.net\/images\/fjala\/2011\/san_pelino.jpg","type":"","width":"","height":""}],"author":"admin","twitter_card":"summary_large_image","twitter_misc":{"Written by":"admin","Est. reading time":"2 minutes"},"schema":{"@context":"https:\/\/schema.org","@graph":[{"@type":"Article","@id":"https:\/\/fjala.info\/2009-2015\/me-5-dhjetor-kalendari-perkujton-shen-pelinin-ipeshkev-e-martir-nga-durresi\/#article","isPartOf":{"@id":"https:\/\/fjala.info\/2009-2015\/me-5-dhjetor-kalendari-perkujton-shen-pelinin-ipeshkev-e-martir-nga-durresi\/"},"author":{"name":"admin","@id":"https:\/\/fjala.info\/2009-2015\/#\/schema\/person\/3aa1163ef05469c496fc94e77611ada2"},"headline":"M\u00eb 5 dhjetor kalendari p\u00ebrkujton sh\u00ebn Pelinin, ipeshk\u00ebv e martir nga Durr\u00ebsi","datePublished":"2011-12-08T07:10:49+00:00","mainEntityOfPage":{"@id":"https:\/\/fjala.info\/2009-2015\/me-5-dhjetor-kalendari-perkujton-shen-pelinin-ipeshkev-e-martir-nga-durresi\/"},"wordCount":343,"commentCount":0,"publisher":{"@id":"https:\/\/fjala.info\/2009-2015\/#organization"},"image":{"@id":"https:\/\/fjala.info\/2009-2015\/me-5-dhjetor-kalendari-perkujton-shen-pelinin-ipeshkev-e-martir-nga-durresi\/#primaryimage"},"thumbnailUrl":"http:\/\/www.shkoder.net\/images\/fjala\/2011\/san_pelino.jpg","articleSection":["Artikuj"],"inLanguage":"sq-AL","potentialAction":[{"@type":"CommentAction","name":"Comment","target":["https:\/\/fjala.info\/2009-2015\/me-5-dhjetor-kalendari-perkujton-shen-pelinin-ipeshkev-e-martir-nga-durresi\/#respond"]}]},{"@type":"WebPage","@id":"https:\/\/fjala.info\/2009-2015\/me-5-dhjetor-kalendari-perkujton-shen-pelinin-ipeshkev-e-martir-nga-durresi\/","url":"https:\/\/fjala.info\/2009-2015\/me-5-dhjetor-kalendari-perkujton-shen-pelinin-ipeshkev-e-martir-nga-durresi\/","name":"M\u00eb 5 dhjetor kalendari p\u00ebrkujton sh\u00ebn Pelinin, ipeshk\u00ebv e martir nga Durr\u00ebsi - FjALA e LIR\u00cb - Arkivi","isPartOf":{"@id":"https:\/\/fjala.info\/2009-2015\/#website"},"primaryImageOfPage":{"@id":"https:\/\/fjala.info\/2009-2015\/me-5-dhjetor-kalendari-perkujton-shen-pelinin-ipeshkev-e-martir-nga-durresi\/#primaryimage"},"image":{"@id":"https:\/\/fjala.info\/2009-2015\/me-5-dhjetor-kalendari-perkujton-shen-pelinin-ipeshkev-e-martir-nga-durresi\/#primaryimage"},"thumbnailUrl":"http:\/\/www.shkoder.net\/images\/fjala\/2011\/san_pelino.jpg","datePublished":"2011-12-08T07:10:49+00:00","breadcrumb":{"@id":"https:\/\/fjala.info\/2009-2015\/me-5-dhjetor-kalendari-perkujton-shen-pelinin-ipeshkev-e-martir-nga-durresi\/#breadcrumb"},"inLanguage":"sq-AL","potentialAction":[{"@type":"ReadAction","target":["https:\/\/fjala.info\/2009-2015\/me-5-dhjetor-kalendari-perkujton-shen-pelinin-ipeshkev-e-martir-nga-durresi\/"]}]},{"@type":"ImageObject","inLanguage":"sq-AL","@id":"https:\/\/fjala.info\/2009-2015\/me-5-dhjetor-kalendari-perkujton-shen-pelinin-ipeshkev-e-martir-nga-durresi\/#primaryimage","url":"http:\/\/www.shkoder.net\/images\/fjala\/2011\/san_pelino.jpg","contentUrl":"http:\/\/www.shkoder.net\/images\/fjala\/2011\/san_pelino.jpg"},{"@type":"BreadcrumbList","@id":"https:\/\/fjala.info\/2009-2015\/me-5-dhjetor-kalendari-perkujton-shen-pelinin-ipeshkev-e-martir-nga-durresi\/#breadcrumb","itemListElement":[{"@type":"ListItem","position":1,"name":"Home","item":"https:\/\/fjala.info\/2009-2015\/"},{"@type":"ListItem","position":2,"name":"M\u00eb 5 dhjetor kalendari p\u00ebrkujton sh\u00ebn Pelinin, ipeshk\u00ebv e martir nga Durr\u00ebsi"}]},{"@type":"WebSite","@id":"https:\/\/fjala.info\/2009-2015\/#website","url":"https:\/\/fjala.info\/2009-2015\/","name":"FjALA e LIR\u00cb - Arkivi","description":"Arkivi 2009-2015","publisher":{"@id":"https:\/\/fjala.info\/2009-2015\/#organization"},"potentialAction":[{"@type":"SearchAction","target":{"@type":"EntryPoint","urlTemplate":"https:\/\/fjala.info\/2009-2015\/?s={search_term_string}"},"query-input":{"@type":"PropertyValueSpecification","valueRequired":true,"valueName":"search_term_string"}}],"inLanguage":"sq-AL"},{"@type":"Organization","@id":"https:\/\/fjala.info\/2009-2015\/#organization","name":"FjALA e LIR\u00cb - Arkivi","url":"https:\/\/fjala.info\/2009-2015\/","logo":{"@type":"ImageObject","inLanguage":"sq-AL","@id":"https:\/\/fjala.info\/2009-2015\/#\/schema\/logo\/image\/","url":"","contentUrl":"","caption":"FjALA e LIR\u00cb - Arkivi"},"image":{"@id":"https:\/\/fjala.info\/2009-2015\/#\/schema\/logo\/image\/"}},{"@type":"Person","@id":"https:\/\/fjala.info\/2009-2015\/#\/schema\/person\/3aa1163ef05469c496fc94e77611ada2","name":"admin","image":{"@type":"ImageObject","inLanguage":"sq-AL","@id":"https:\/\/fjala.info\/2009-2015\/wp-content\/uploads\/2012\/02\/arben_cokaj-120x150.jpg","url":"https:\/\/fjala.info\/2009-2015\/wp-content\/uploads\/2012\/02\/arben_cokaj-120x150.jpg","contentUrl":"https:\/\/fjala.info\/2009-2015\/wp-content\/uploads\/2012\/02\/arben_cokaj-120x150.jpg","caption":"admin"},"description":"Admin, Fjala e Lir\u00eb","sameAs":["https:\/\/fjala.info\/"],"url":"https:\/\/fjala.info\/2009-2015\/author\/admin\/"}]}},"_links":{"self":[{"href":"https:\/\/fjala.info\/2009-2015\/wp-json\/wp\/v2\/posts\/11512","targetHints":{"allow":["GET"]}}],"collection":[{"href":"https:\/\/fjala.info\/2009-2015\/wp-json\/wp\/v2\/posts"}],"about":[{"href":"https:\/\/fjala.info\/2009-2015\/wp-json\/wp\/v2\/types\/post"}],"author":[{"embeddable":true,"href":"https:\/\/fjala.info\/2009-2015\/wp-json\/wp\/v2\/users\/1"}],"replies":[{"embeddable":true,"href":"https:\/\/fjala.info\/2009-2015\/wp-json\/wp\/v2\/comments?post=11512"}],"version-history":[{"count":0,"href":"https:\/\/fjala.info\/2009-2015\/wp-json\/wp\/v2\/posts\/11512\/revisions"}],"wp:attachment":[{"href":"https:\/\/fjala.info\/2009-2015\/wp-json\/wp\/v2\/media?parent=11512"}],"wp:term":[{"taxonomy":"category","embeddable":true,"href":"https:\/\/fjala.info\/2009-2015\/wp-json\/wp\/v2\/categories?post=11512"},{"taxonomy":"post_tag","embeddable":true,"href":"https:\/\/fjala.info\/2009-2015\/wp-json\/wp\/v2\/tags?post=11512"}],"curies":[{"name":"wp","href":"https:\/\/api.w.org\/{rel}","templated":true}]}}