{"id":11510,"date":"2011-12-08T10:16:09","date_gmt":"2011-12-08T09:16:09","guid":{"rendered":"http:\/\/fjala.shkoder.net\/?p=522"},"modified":"2011-12-08T10:16:09","modified_gmt":"2011-12-08T09:16:09","slug":"pakti-detar-nje-state-of-art-i-mbrapshte","status":"publish","type":"post","link":"https:\/\/fjala.info\/2009-2015\/pakti-detar-nje-state-of-art-i-mbrapshte\/","title":{"rendered":"Pakti detar, nj\u00eb \u201cstate of art\u201d i mbrapsht\u00eb"},"content":{"rendered":"<p><img decoding=\"async\" class=\"alignright size-thumbnail wp-image-7236\" title=\"Prof. Asoc. Dr. Myslim PASHA\" src=\"http:\/\/www.shkoder.net\/images\/fjala\/2010\/myslym_pasha.jpg\" alt=\"\" width=\"200\" \/> Nga <strong>Prof. Asoc. Dr. Myslim PASHA<\/strong><\/p>\n<p>Pakti Detar midis Shqip\u00ebris\u00eb dhe Greqis\u00eb q\u00eb tanim\u00eb \u00ebsht\u00eb rr\u00ebzuar, \u201cpra: s\u2019\u00ebsht\u00eb m\u00eb\u2026\u201d n\u00eb fakt ende vijon t\u00eb jet\u00eb, dhe n\u00eb \u00e7do stin\u00eb del n\u00eb sken\u00eb, her\u00eb me nj\u00eb lloj kanosjeje \u201ct\u00eb but\u00eb\u201d nga shteti fqinj, i cili, si\u00e7 ndodhi para dy muajsh nga Ministri i Jasht\u00ebm i Lambrinidis q\u00eb rr\u00ebfeu para t\u00eb gjith\u00ebve se \u201ce kemi nj\u00eb Marr\u00ebveshje\u2026 dhe ajo duhet t\u00eb ratifikohet\u2026\u201d dhe her\u00eb-her\u00eb, si atypari, si nj\u00eb rr\u00ebfim p\u00ebrralle \u201cna ishte nj\u00ebher\u00eb\u2026\u201d<\/p>\n<p>N\u00eb t\u00ebr\u00ebsi duket se ish-Pakti ka hyr\u00eb, tanim\u00eb, n\u00eb historin\u00eb diplomatike n\u00eb ndarjen detare midis shteteve sipas T\u00eb Drejt\u00ebs Nd\u00ebrkomb\u00ebtare Detare, si nj\u00eb rast unik, dhe q\u00eb do t\u00eb citohet her\u00eb pas here, si nj\u00eb p\u00ebrvoj\u00eb e jasht\u00ebzakonshme. Duke ndjekur hullin\u00eb tanim\u00eb historike, na del se protagonist\u00eb t\u00eb saj: si Znj. Bakojanis, ish-Ministre e Jashtme t\u00eb shfaq\u00eb n\u00eb nj\u00eb far\u00eb m\u00ebnyre, jo vet\u00ebm skena, por edhe me gjasa, zbulesa p\u00ebr prapaskena. A duhet t\u00eb ket\u00eb t\u00eb tilla? Padyshim q\u00eb duhet t\u00eb ket\u00eb, sepse Paktin Detar e p\u00ebrgatit\u00ebn njer\u00ebz, ekspert\u00eb, politikan\u00eb dhe figura t\u00eb larta shtet\u00ebrore, dhe ata kan\u00eb d\u00ebshmi e gjurm\u00eb n\u00eb t\u00eb.<\/p>\n<p><strong>1. \u201c Marr\u00ebveshje e p\u00ebrsosur\u201d<\/strong><\/p>\n<p>\u201cP\u00ebr Greqin\u00eb ajo ishte nj\u00eb marr\u00ebveshje e p\u00ebrsosur\u201d \u2013 thuhet n\u00eb nj\u00eb deklarat\u00eb t\u00eb fundit n\u00eb televizionin e njohur \u201cSKY\u201d t\u00eb shtetit fqinj. Ndajshtimi \u201ce p\u00ebrsosur\u201d nuk \u00ebsht\u00eb nj\u00eb miklim as cil\u00ebsim p\u00ebr k\u00ebrsh\u00ebrin\u00eb q\u00eb kan\u00eb njer\u00ebzit n\u00eb t\u00eb dy vendet. P\u00ebr m\u00eb shum\u00eb: n\u00eb t\u00eb dy krah\u00ebt, ky tipizim, \u00ebsht\u00eb nj\u00eb grusht i duksh\u00ebm ndaj q\u00ebllimeve e te \u201cp\u00ebrsosura!!!\u201d q\u00eb kish nj\u00ebra pal\u00eb ndaj tjetr\u00ebs, p\u00ebr k\u00ebt\u00eb \u201cmarr\u00ebveshje e p\u00ebrsosur\u201d (!!!) Por, tanim\u00eb dihet se sa synimk\u00ebqija ishin ndaj Shqip\u00ebris\u00eb. N\u00eb t\u00eb v\u00ebrtet\u00eb, pala Greke nuk b\u00ebri gj\u00eb tjet\u00ebr, ve\u00e7se shfryt\u00ebzoi mjetet ligjore, p\u00ebrvoj\u00ebn dhe diplomacin\u00eb p\u00ebr t\u00eb realizuar q\u00ebllimet e saj. Kurse qeveria shqiptare n\u00eb paranoj\u00ebn e saj fitimtare firmosi dhe brohoriti shp\u00ebrfilljen e interesave komb\u00ebtare.<\/p>\n<p><strong>2. \u201cState of Art\u201d<\/strong><\/p>\n<p>\u201cState for art\u201d na kumton nj\u00eb nivel i lart\u00eb njohurish dhe po aq zhvillimore q\u00eb jan\u00eb arritur n\u00eb nj\u00eb fush\u00eb teknike dhe shkencore. Kjo duhet t\u00eb ishte produkti \u201ci p\u00ebrsosur\u201d Paktit. N\u00eb t\u00eb, do t\u00eb n\u00ebnkuptoheshin, se qen\u00eb p\u00ebrdorur bukurisht, mjetet ligjore, t\u00eb s\u00eb drejt\u00ebs detare nd\u00ebrkomb\u00ebtare, t\u00eb hartografis\u00eb dhe detaris\u00eb, n\u00eb fush\u00ebn k\u00ebrkimore n\u00eb metodologji, n\u00eb nj\u00eb koh\u00eb t\u00eb caktuar, ku gjeopolitika as q\u00eb dukej gj\u00ebkund n\u00eb horizontin Mesdhetar. Padyshim me nj\u00eb njohje t\u00eb Ligjit t\u00eb Detit t\u00eb ekspertiz\u00ebs s\u00eb duhur teknike, ligjore dhe diplomatike ajo do t\u00eb vinte, si n\u00eb nj\u00eb kurth dhe pala shqiptare do t\u00eb notonte n\u00eb nj\u00eb det t\u00eb gabuar dhe t\u00eb humbur.<\/p>\n<p>Kaq \u201cp\u00ebrsosur\u201d, pa u ndjer\u00eb dhe pa u b\u00ebr\u00eb ndonj\u00eb tejdukshm\u00ebri p\u00ebr opinionin e t\u00eb dy shteteve, Pakti pat ardhur gati si nj\u00eb vep\u00ebr arti. Kish edhe nj\u00eb k\u00ebnaq\u00ebsi t\u00eb ve\u00e7ant\u00eb t\u00eb arritur, q\u00eb duhet th\u00ebn\u00eb se ishte \u201cnj\u00eb sukses!!\u201d edhe p\u00ebr Qeverin\u00eb Shqiptare.<\/p>\n<p>\u201cPo vet shqiptar\u00ebt, a din\u00eb gj\u00eb? \u201c Deti, ja ku \u00ebsht\u00eb!\u201d \u201cKa uj\u00eb, dhe shelf sa t\u00eb duash!\u201d \u201cHidhe n\u00eb Det t\u00eb mir\u00ebn dhe ajo do t\u00eb dal\u00eb n\u00eb tok\u00eb.\u201d<\/p>\n<p>Po kush ish ajo korniz\u00eb q\u00eb e mb\u00ebrtheu aq bukur, e q\u00eb nuk mund ta shihje aq kollaj, p\u00ebr t\u00eb gjetur ndonj\u00eb t\u00eb \u00e7ar\u00eb, e as nj\u00eb holl\u00ebsi teknike, t\u00eb zbuluar?<\/p>\n<p>Dukej jo si nj\u00eb pun\u00eb hartografike dhe hidrografike, por n\u00eb saje t\u00eb \u201cmake up\u201d-it vinte si nj\u00eb mashtrim \u201ci p\u00ebrsosur\u201d duke sjell\u00eb i gjith\u00eb ato buz\u00ebqeshje, ato fjal\u00eb t\u00eb p\u00ebrzgjedhura, q\u00eb ngjanin sikur vinin prej idesh t\u00eb p\u00ebrbashk\u00ebta, n\u00eb dyp\u00ebrfshirjet shtet\u00ebrore, por, ama, n\u00eb nj\u00eb det q\u00eb k\u00ebrkonte t\u00eb drejt\u00ebn e tij p\u00ebrkat\u00ebse. \u201cMetoda e baraslarg\u00ebsis\u00eb\u201d sillte barazin\u00eb e kompasit, matematik\u00ebn e gjeometrin\u00eb e mashtrimit t\u00eb madh.<\/p>\n<p>T\u00eb ishte vall\u00eb kjo: \u201cState for art\u201d? \u2013 e cila pruri at\u00eb Marr\u00ebveshje q\u00eb ra \u201cq\u00eb me goditjen e par\u00eb\u201d sado q\u00eb mjesht\u00ebrisht ish gatuar? Padrejt\u00ebsia dhe g\u00ebnjeshtra i kan\u00eb k\u00ebmb\u00ebt shum\u00eb t\u00eb shkurtra, p\u00ebr at\u00eb det t\u00eb historis\u00eb son\u00eb t\u00eb p\u00ebrbashk\u00ebt.<\/p>\n<p>Ku mbahen vall\u00eb t\u00eb fshehura ato dosje? Brenda tyre ishte arti i shp\u00ebrfilljes s\u00eb interesave t\u00eb shqiptar\u00ebve.<\/p>\n<p><strong>3. Ryshfeti<\/strong><\/p>\n<p>A ka fyerja m\u00eb t\u00eb r\u00ebnd\u00eb se t\u00eb thuash sot se \u201cTyrqia ka paguar ryshfete!\u201d dhe ka bler\u00eb An\u00ebtare t\u00eb Gjykat\u00ebs Kushtetuese!\u201d etj. Kjo citohet s\u00ebrish nga intervist\u00eb tek \u201cSKY\u201d<\/p>\n<p>Del se Ryshfeti paska \u201cvaluar\u201d\u2026 Shqip\u00ebria \u00ebsht\u00eb n\u00eb stade t\u00eb larta t\u00eb korrupsionit, si\u00e7 edhe u shp\u00ebrfaq koh\u00ebt e fundit, edhe nga \u201cTransparency International\u201d. Po n\u00eb rastin q\u00eb zbulohet dhe komentohet, vjen nga shteti fqinj, e ky korrupsion ka karakter Mesdhetar e Ballkanik, t\u00eb p\u00ebrfytyruar si nj\u00eb lidhje me pakte t\u00eb fshehta t\u00eb e mundshme, po edhe me gjeopolitik\u00ebn.<\/p>\n<p>\u201cTurqia\u201c na qenka futur deri n\u00eb qend\u00ebr t\u00eb Gjykat\u00ebs son\u00eb Kushtetuese \u201cdhe e paska bler\u00eb at\u00eb!\u201d Si vall\u00eb mund t\u00eb precipitoj\u00eb k\u00ebsillojsh\u00ebm, nj\u00eb deklarat\u00eb prej nj\u00eb politikaneje t\u00eb lart\u00eb, e cila n\u00eb k\u00ebt\u00eb rast, ka kujtuar se me nj\u00eb hedhje guri, prej fjal\u00ebs s\u00eb saj ka plapuritur n\u00eb tok\u00eb dy zogj mesdhetar\u00eb, q\u00eb ashtu si kund\u00ebr dhe Greqia kan\u00eb d\u00ebshir\u00ebn e lart\u00eb t\u00eb bashk\u00ebjetes\u00ebs fqinjore n\u00eb brigjet e t\u00eb nj\u00ebjtit Det. P\u00ebrfytyroni tani me tollovin\u00eb shqiptare, t\u00eb korrupsionit, po edhe t\u00eb kriz\u00ebs greke t\u00eb sotme, t\u00eb hidhet nj\u00eb shashk\u00eb e till\u00eb, sidomos p\u00ebr Shqip\u00ebrin\u00eb e vonuar, q\u00eb edhe nj\u00eb ndodhi si ajo e Gjykat\u00ebs Kushtetuese e cila veproi n\u00eb pavar\u00ebsin\u00eb e saj, t\u00eb p\u00ebrbaltet k\u00ebsisoj, dhe shteti yn\u00eb modern n\u00eb qet\u00ebsin\u00eb e tij, miraton hamendje t\u00eb tilla, si nj\u00eb spektator i r\u00ebndomt\u00eb pa th\u00ebn\u00eb as gjysm\u00eb fjale.<\/p>\n<p>Pse vall\u00eb kjo marr\u00ebveshja paska \u201c ngacmuar Turqin\u00eb\u2026\u201d( citohet i nj\u00ebjti burim, shiko Gazeta Shqiptare, 6 dhjetor 2011.) E v\u00ebrteta e zhvillimit t\u00eb ngjarjeve p\u00ebr k\u00ebt\u00eb Pakt fam\u00ebkeq, tregoi para bot\u00ebs se rrjedha e shqyrtimit t\u00eb tij, ish nj\u00eb v\u00ebrtetim teknik dhe ligjor, fare i hapur po edhe argumentuar para gjith\u00eb opinionit ku s\u2019kish jo vet\u00ebm shkak, por edhe as koh\u00eb q\u00eb Turqia t\u00eb paguante \u201cryshfet\u201d tek gjyqtar\u00ebt tan\u00eb.<\/p>\n<p><strong>4. Q\u00ebllimet e realizuara (parealizuara) t\u00eb Politik\u00ebs s\u00eb jashtme greke<\/strong>.<\/p>\n<p>K\u00ebto q\u00ebllime u projektuan dhe soll\u00ebn nj\u00eb Projekt dhe Pakt Detar. Ish nj\u00eb realitet i mezipritur, prej t\u00eb dy pal\u00ebve (!!!) (k\u00ebshtu u deklarua prej binomit fqinjor Greko-Shqiptar) M\u00eb shum\u00eb pala Greke, artikuloi \u201crealizimin e q\u00ebllimeve t\u00eb politik\u00ebs s\u00eb jashtme greke\u201d Mbarimi i k\u00ebsaj historie t\u00eb trisht\u00eb dhe shum\u00eb t\u00eb dyshimt\u00eb, nuk ia vlen m\u00eb p\u00ebr deklarata t\u00eb till\u00eb se n\u00ebp\u00ebrmjet tyre na zbulohen para syve q\u00ebllimet e mbrapshta t\u00eb cilat u sh\u00ebrbyen me at\u00eb \u201cstate of art\u201d, por q\u00eb nuk mund t\u00eb realizoheshin aq kollaj. \u00cbsht\u00eb e r\u00ebnd\u00ebsishme t\u00eb thuhet se kjo histori nuk duhet t\u00eb p\u00ebrs\u00ebritet, dhe s\u2019ka se si t\u00eb p\u00ebrs\u00ebritet me t\u00eb nj\u00ebjtin skenar, se kjo do t\u00eb qe fatale, e as t\u00eb trazohen marr\u00ebdh\u00ebniet midis shteteve n\u00eb Ballkan, n\u00ebp\u00ebrmjet dyshimesh fare t\u00eb pabazuara, sepse Deti i ka bashkuar vendet tona m\u00eb shum\u00eb se i ka ndar\u00eb ato.<\/p>\n","protected":false},"excerpt":{"rendered":"<p>Nga Prof. Asoc. Dr. Myslim PASHA Pakti Detar midis Shqip\u00ebris\u00eb dhe Greqis\u00eb q\u00eb tanim\u00eb \u00ebsht\u00eb rr\u00ebzuar, \u201cpra: s\u2019\u00ebsht\u00eb m\u00eb\u2026\u201d n\u00eb fakt ende vijon t\u00eb jet\u00eb, dhe n\u00eb \u00e7do stin\u00eb del n\u00eb sken\u00eb, her\u00eb me nj\u00eb lloj kanosjeje \u201ct\u00eb but\u00eb\u201d nga shteti fqinj, i cili, si\u00e7 ndodhi para dy muajsh nga Ministri i Jasht\u00ebm i Lambrinidis [&hellip;]<\/p>\n","protected":false},"author":1,"featured_media":0,"comment_status":"open","ping_status":"closed","sticky":false,"template":"","format":"standard","meta":{"footnotes":""},"categories":[2],"tags":[],"class_list":{"0":"post-11510","1":"post","2":"type-post","3":"status-publish","4":"format-standard","6":"category-artikuj"},"yoast_head":"<!-- This site is optimized with the Yoast SEO plugin v27.4 - https:\/\/yoast.com\/product\/yoast-seo-wordpress\/ -->\n<title>Pakti detar, nj\u00eb \u201cstate of art\u201d i mbrapsht\u00eb - FjALA e LIR\u00cb - Arkivi<\/title>\n<meta name=\"robots\" content=\"index, follow, max-snippet:-1, max-image-preview:large, max-video-preview:-1\" \/>\n<link rel=\"canonical\" href=\"https:\/\/fjala.info\/2009-2015\/pakti-detar-nje-state-of-art-i-mbrapshte\/\" \/>\n<meta property=\"og:locale\" content=\"sq_AL\" \/>\n<meta property=\"og:type\" content=\"article\" \/>\n<meta property=\"og:title\" content=\"Pakti detar, nj\u00eb \u201cstate of art\u201d i mbrapsht\u00eb - FjALA e LIR\u00cb - Arkivi\" \/>\n<meta property=\"og:description\" content=\"Nga Prof. Asoc. Dr. Myslim PASHA Pakti Detar midis Shqip\u00ebris\u00eb dhe Greqis\u00eb q\u00eb tanim\u00eb \u00ebsht\u00eb rr\u00ebzuar, \u201cpra: s\u2019\u00ebsht\u00eb m\u00eb\u2026\u201d n\u00eb fakt ende vijon t\u00eb jet\u00eb, dhe n\u00eb \u00e7do stin\u00eb del n\u00eb sken\u00eb, her\u00eb me nj\u00eb lloj kanosjeje \u201ct\u00eb but\u00eb\u201d nga shteti fqinj, i cili, si\u00e7 ndodhi para dy muajsh nga Ministri i Jasht\u00ebm i Lambrinidis [&hellip;]\" \/>\n<meta property=\"og:url\" content=\"https:\/\/fjala.info\/2009-2015\/pakti-detar-nje-state-of-art-i-mbrapshte\/\" \/>\n<meta property=\"og:site_name\" content=\"FjALA e LIR\u00cb - Arkivi\" \/>\n<meta property=\"article:published_time\" content=\"2011-12-08T09:16:09+00:00\" \/>\n<meta property=\"og:image\" content=\"http:\/\/www.shkoder.net\/images\/fjala\/2010\/myslym_pasha.jpg\" \/>\n<meta name=\"author\" content=\"admin\" \/>\n<meta name=\"twitter:card\" content=\"summary_large_image\" \/>\n<meta name=\"twitter:label1\" content=\"Written by\" \/>\n\t<meta name=\"twitter:data1\" content=\"admin\" \/>\n\t<meta name=\"twitter:label2\" content=\"Est. reading time\" \/>\n\t<meta name=\"twitter:data2\" content=\"6 minutes\" \/>\n<script type=\"application\/ld+json\" class=\"yoast-schema-graph\">{\"@context\":\"https:\\\/\\\/schema.org\",\"@graph\":[{\"@type\":\"Article\",\"@id\":\"https:\\\/\\\/fjala.info\\\/2009-2015\\\/pakti-detar-nje-state-of-art-i-mbrapshte\\\/#article\",\"isPartOf\":{\"@id\":\"https:\\\/\\\/fjala.info\\\/2009-2015\\\/pakti-detar-nje-state-of-art-i-mbrapshte\\\/\"},\"author\":{\"name\":\"admin\",\"@id\":\"https:\\\/\\\/fjala.info\\\/2009-2015\\\/#\\\/schema\\\/person\\\/3aa1163ef05469c496fc94e77611ada2\"},\"headline\":\"Pakti detar, nj\u00eb \u201cstate of art\u201d i mbrapsht\u00eb\",\"datePublished\":\"2011-12-08T09:16:09+00:00\",\"mainEntityOfPage\":{\"@id\":\"https:\\\/\\\/fjala.info\\\/2009-2015\\\/pakti-detar-nje-state-of-art-i-mbrapshte\\\/\"},\"wordCount\":1276,\"commentCount\":0,\"publisher\":{\"@id\":\"https:\\\/\\\/fjala.info\\\/2009-2015\\\/#organization\"},\"image\":{\"@id\":\"https:\\\/\\\/fjala.info\\\/2009-2015\\\/pakti-detar-nje-state-of-art-i-mbrapshte\\\/#primaryimage\"},\"thumbnailUrl\":\"http:\\\/\\\/www.shkoder.net\\\/images\\\/fjala\\\/2010\\\/myslym_pasha.jpg\",\"articleSection\":[\"Artikuj\"],\"inLanguage\":\"sq-AL\",\"potentialAction\":[{\"@type\":\"CommentAction\",\"name\":\"Comment\",\"target\":[\"https:\\\/\\\/fjala.info\\\/2009-2015\\\/pakti-detar-nje-state-of-art-i-mbrapshte\\\/#respond\"]}]},{\"@type\":\"WebPage\",\"@id\":\"https:\\\/\\\/fjala.info\\\/2009-2015\\\/pakti-detar-nje-state-of-art-i-mbrapshte\\\/\",\"url\":\"https:\\\/\\\/fjala.info\\\/2009-2015\\\/pakti-detar-nje-state-of-art-i-mbrapshte\\\/\",\"name\":\"Pakti detar, nj\u00eb \u201cstate of art\u201d i mbrapsht\u00eb - FjALA e LIR\u00cb - Arkivi\",\"isPartOf\":{\"@id\":\"https:\\\/\\\/fjala.info\\\/2009-2015\\\/#website\"},\"primaryImageOfPage\":{\"@id\":\"https:\\\/\\\/fjala.info\\\/2009-2015\\\/pakti-detar-nje-state-of-art-i-mbrapshte\\\/#primaryimage\"},\"image\":{\"@id\":\"https:\\\/\\\/fjala.info\\\/2009-2015\\\/pakti-detar-nje-state-of-art-i-mbrapshte\\\/#primaryimage\"},\"thumbnailUrl\":\"http:\\\/\\\/www.shkoder.net\\\/images\\\/fjala\\\/2010\\\/myslym_pasha.jpg\",\"datePublished\":\"2011-12-08T09:16:09+00:00\",\"breadcrumb\":{\"@id\":\"https:\\\/\\\/fjala.info\\\/2009-2015\\\/pakti-detar-nje-state-of-art-i-mbrapshte\\\/#breadcrumb\"},\"inLanguage\":\"sq-AL\",\"potentialAction\":[{\"@type\":\"ReadAction\",\"target\":[\"https:\\\/\\\/fjala.info\\\/2009-2015\\\/pakti-detar-nje-state-of-art-i-mbrapshte\\\/\"]}]},{\"@type\":\"ImageObject\",\"inLanguage\":\"sq-AL\",\"@id\":\"https:\\\/\\\/fjala.info\\\/2009-2015\\\/pakti-detar-nje-state-of-art-i-mbrapshte\\\/#primaryimage\",\"url\":\"http:\\\/\\\/www.shkoder.net\\\/images\\\/fjala\\\/2010\\\/myslym_pasha.jpg\",\"contentUrl\":\"http:\\\/\\\/www.shkoder.net\\\/images\\\/fjala\\\/2010\\\/myslym_pasha.jpg\"},{\"@type\":\"BreadcrumbList\",\"@id\":\"https:\\\/\\\/fjala.info\\\/2009-2015\\\/pakti-detar-nje-state-of-art-i-mbrapshte\\\/#breadcrumb\",\"itemListElement\":[{\"@type\":\"ListItem\",\"position\":1,\"name\":\"Home\",\"item\":\"https:\\\/\\\/fjala.info\\\/2009-2015\\\/\"},{\"@type\":\"ListItem\",\"position\":2,\"name\":\"Pakti detar, nj\u00eb \u201cstate of art\u201d i mbrapsht\u00eb\"}]},{\"@type\":\"WebSite\",\"@id\":\"https:\\\/\\\/fjala.info\\\/2009-2015\\\/#website\",\"url\":\"https:\\\/\\\/fjala.info\\\/2009-2015\\\/\",\"name\":\"FjALA e LIR\u00cb - Arkivi\",\"description\":\"Arkivi 2009-2015\",\"publisher\":{\"@id\":\"https:\\\/\\\/fjala.info\\\/2009-2015\\\/#organization\"},\"potentialAction\":[{\"@type\":\"SearchAction\",\"target\":{\"@type\":\"EntryPoint\",\"urlTemplate\":\"https:\\\/\\\/fjala.info\\\/2009-2015\\\/?s={search_term_string}\"},\"query-input\":{\"@type\":\"PropertyValueSpecification\",\"valueRequired\":true,\"valueName\":\"search_term_string\"}}],\"inLanguage\":\"sq-AL\"},{\"@type\":\"Organization\",\"@id\":\"https:\\\/\\\/fjala.info\\\/2009-2015\\\/#organization\",\"name\":\"FjALA e LIR\u00cb - Arkivi\",\"url\":\"https:\\\/\\\/fjala.info\\\/2009-2015\\\/\",\"logo\":{\"@type\":\"ImageObject\",\"inLanguage\":\"sq-AL\",\"@id\":\"https:\\\/\\\/fjala.info\\\/2009-2015\\\/#\\\/schema\\\/logo\\\/image\\\/\",\"url\":\"\",\"contentUrl\":\"\",\"caption\":\"FjALA e LIR\u00cb - Arkivi\"},\"image\":{\"@id\":\"https:\\\/\\\/fjala.info\\\/2009-2015\\\/#\\\/schema\\\/logo\\\/image\\\/\"}},{\"@type\":\"Person\",\"@id\":\"https:\\\/\\\/fjala.info\\\/2009-2015\\\/#\\\/schema\\\/person\\\/3aa1163ef05469c496fc94e77611ada2\",\"name\":\"admin\",\"image\":{\"@type\":\"ImageObject\",\"inLanguage\":\"sq-AL\",\"@id\":\"https:\\\/\\\/fjala.info\\\/2009-2015\\\/wp-content\\\/uploads\\\/2012\\\/02\\\/arben_cokaj-120x150.jpg\",\"url\":\"https:\\\/\\\/fjala.info\\\/2009-2015\\\/wp-content\\\/uploads\\\/2012\\\/02\\\/arben_cokaj-120x150.jpg\",\"contentUrl\":\"https:\\\/\\\/fjala.info\\\/2009-2015\\\/wp-content\\\/uploads\\\/2012\\\/02\\\/arben_cokaj-120x150.jpg\",\"caption\":\"admin\"},\"description\":\"Admin, Fjala e Lir\u00eb\",\"sameAs\":[\"https:\\\/\\\/fjala.info\\\/\"],\"url\":\"https:\\\/\\\/fjala.info\\\/2009-2015\\\/author\\\/admin\\\/\"}]}<\/script>\n<!-- \/ Yoast SEO plugin. -->","yoast_head_json":{"title":"Pakti detar, nj\u00eb \u201cstate of art\u201d i mbrapsht\u00eb - FjALA e LIR\u00cb - Arkivi","robots":{"index":"index","follow":"follow","max-snippet":"max-snippet:-1","max-image-preview":"max-image-preview:large","max-video-preview":"max-video-preview:-1"},"canonical":"https:\/\/fjala.info\/2009-2015\/pakti-detar-nje-state-of-art-i-mbrapshte\/","og_locale":"sq_AL","og_type":"article","og_title":"Pakti detar, nj\u00eb \u201cstate of art\u201d i mbrapsht\u00eb - FjALA e LIR\u00cb - Arkivi","og_description":"Nga Prof. Asoc. Dr. Myslim PASHA Pakti Detar midis Shqip\u00ebris\u00eb dhe Greqis\u00eb q\u00eb tanim\u00eb \u00ebsht\u00eb rr\u00ebzuar, \u201cpra: s\u2019\u00ebsht\u00eb m\u00eb\u2026\u201d n\u00eb fakt ende vijon t\u00eb jet\u00eb, dhe n\u00eb \u00e7do stin\u00eb del n\u00eb sken\u00eb, her\u00eb me nj\u00eb lloj kanosjeje \u201ct\u00eb but\u00eb\u201d nga shteti fqinj, i cili, si\u00e7 ndodhi para dy muajsh nga Ministri i Jasht\u00ebm i Lambrinidis [&hellip;]","og_url":"https:\/\/fjala.info\/2009-2015\/pakti-detar-nje-state-of-art-i-mbrapshte\/","og_site_name":"FjALA e LIR\u00cb - Arkivi","article_published_time":"2011-12-08T09:16:09+00:00","og_image":[{"url":"http:\/\/www.shkoder.net\/images\/fjala\/2010\/myslym_pasha.jpg","type":"","width":"","height":""}],"author":"admin","twitter_card":"summary_large_image","twitter_misc":{"Written by":"admin","Est. reading time":"6 minutes"},"schema":{"@context":"https:\/\/schema.org","@graph":[{"@type":"Article","@id":"https:\/\/fjala.info\/2009-2015\/pakti-detar-nje-state-of-art-i-mbrapshte\/#article","isPartOf":{"@id":"https:\/\/fjala.info\/2009-2015\/pakti-detar-nje-state-of-art-i-mbrapshte\/"},"author":{"name":"admin","@id":"https:\/\/fjala.info\/2009-2015\/#\/schema\/person\/3aa1163ef05469c496fc94e77611ada2"},"headline":"Pakti detar, nj\u00eb \u201cstate of art\u201d i mbrapsht\u00eb","datePublished":"2011-12-08T09:16:09+00:00","mainEntityOfPage":{"@id":"https:\/\/fjala.info\/2009-2015\/pakti-detar-nje-state-of-art-i-mbrapshte\/"},"wordCount":1276,"commentCount":0,"publisher":{"@id":"https:\/\/fjala.info\/2009-2015\/#organization"},"image":{"@id":"https:\/\/fjala.info\/2009-2015\/pakti-detar-nje-state-of-art-i-mbrapshte\/#primaryimage"},"thumbnailUrl":"http:\/\/www.shkoder.net\/images\/fjala\/2010\/myslym_pasha.jpg","articleSection":["Artikuj"],"inLanguage":"sq-AL","potentialAction":[{"@type":"CommentAction","name":"Comment","target":["https:\/\/fjala.info\/2009-2015\/pakti-detar-nje-state-of-art-i-mbrapshte\/#respond"]}]},{"@type":"WebPage","@id":"https:\/\/fjala.info\/2009-2015\/pakti-detar-nje-state-of-art-i-mbrapshte\/","url":"https:\/\/fjala.info\/2009-2015\/pakti-detar-nje-state-of-art-i-mbrapshte\/","name":"Pakti detar, nj\u00eb \u201cstate of art\u201d i mbrapsht\u00eb - FjALA e LIR\u00cb - Arkivi","isPartOf":{"@id":"https:\/\/fjala.info\/2009-2015\/#website"},"primaryImageOfPage":{"@id":"https:\/\/fjala.info\/2009-2015\/pakti-detar-nje-state-of-art-i-mbrapshte\/#primaryimage"},"image":{"@id":"https:\/\/fjala.info\/2009-2015\/pakti-detar-nje-state-of-art-i-mbrapshte\/#primaryimage"},"thumbnailUrl":"http:\/\/www.shkoder.net\/images\/fjala\/2010\/myslym_pasha.jpg","datePublished":"2011-12-08T09:16:09+00:00","breadcrumb":{"@id":"https:\/\/fjala.info\/2009-2015\/pakti-detar-nje-state-of-art-i-mbrapshte\/#breadcrumb"},"inLanguage":"sq-AL","potentialAction":[{"@type":"ReadAction","target":["https:\/\/fjala.info\/2009-2015\/pakti-detar-nje-state-of-art-i-mbrapshte\/"]}]},{"@type":"ImageObject","inLanguage":"sq-AL","@id":"https:\/\/fjala.info\/2009-2015\/pakti-detar-nje-state-of-art-i-mbrapshte\/#primaryimage","url":"http:\/\/www.shkoder.net\/images\/fjala\/2010\/myslym_pasha.jpg","contentUrl":"http:\/\/www.shkoder.net\/images\/fjala\/2010\/myslym_pasha.jpg"},{"@type":"BreadcrumbList","@id":"https:\/\/fjala.info\/2009-2015\/pakti-detar-nje-state-of-art-i-mbrapshte\/#breadcrumb","itemListElement":[{"@type":"ListItem","position":1,"name":"Home","item":"https:\/\/fjala.info\/2009-2015\/"},{"@type":"ListItem","position":2,"name":"Pakti detar, nj\u00eb \u201cstate of art\u201d i mbrapsht\u00eb"}]},{"@type":"WebSite","@id":"https:\/\/fjala.info\/2009-2015\/#website","url":"https:\/\/fjala.info\/2009-2015\/","name":"FjALA e LIR\u00cb - Arkivi","description":"Arkivi 2009-2015","publisher":{"@id":"https:\/\/fjala.info\/2009-2015\/#organization"},"potentialAction":[{"@type":"SearchAction","target":{"@type":"EntryPoint","urlTemplate":"https:\/\/fjala.info\/2009-2015\/?s={search_term_string}"},"query-input":{"@type":"PropertyValueSpecification","valueRequired":true,"valueName":"search_term_string"}}],"inLanguage":"sq-AL"},{"@type":"Organization","@id":"https:\/\/fjala.info\/2009-2015\/#organization","name":"FjALA e LIR\u00cb - Arkivi","url":"https:\/\/fjala.info\/2009-2015\/","logo":{"@type":"ImageObject","inLanguage":"sq-AL","@id":"https:\/\/fjala.info\/2009-2015\/#\/schema\/logo\/image\/","url":"","contentUrl":"","caption":"FjALA e LIR\u00cb - Arkivi"},"image":{"@id":"https:\/\/fjala.info\/2009-2015\/#\/schema\/logo\/image\/"}},{"@type":"Person","@id":"https:\/\/fjala.info\/2009-2015\/#\/schema\/person\/3aa1163ef05469c496fc94e77611ada2","name":"admin","image":{"@type":"ImageObject","inLanguage":"sq-AL","@id":"https:\/\/fjala.info\/2009-2015\/wp-content\/uploads\/2012\/02\/arben_cokaj-120x150.jpg","url":"https:\/\/fjala.info\/2009-2015\/wp-content\/uploads\/2012\/02\/arben_cokaj-120x150.jpg","contentUrl":"https:\/\/fjala.info\/2009-2015\/wp-content\/uploads\/2012\/02\/arben_cokaj-120x150.jpg","caption":"admin"},"description":"Admin, Fjala e Lir\u00eb","sameAs":["https:\/\/fjala.info\/"],"url":"https:\/\/fjala.info\/2009-2015\/author\/admin\/"}]}},"_links":{"self":[{"href":"https:\/\/fjala.info\/2009-2015\/wp-json\/wp\/v2\/posts\/11510","targetHints":{"allow":["GET"]}}],"collection":[{"href":"https:\/\/fjala.info\/2009-2015\/wp-json\/wp\/v2\/posts"}],"about":[{"href":"https:\/\/fjala.info\/2009-2015\/wp-json\/wp\/v2\/types\/post"}],"author":[{"embeddable":true,"href":"https:\/\/fjala.info\/2009-2015\/wp-json\/wp\/v2\/users\/1"}],"replies":[{"embeddable":true,"href":"https:\/\/fjala.info\/2009-2015\/wp-json\/wp\/v2\/comments?post=11510"}],"version-history":[{"count":0,"href":"https:\/\/fjala.info\/2009-2015\/wp-json\/wp\/v2\/posts\/11510\/revisions"}],"wp:attachment":[{"href":"https:\/\/fjala.info\/2009-2015\/wp-json\/wp\/v2\/media?parent=11510"}],"wp:term":[{"taxonomy":"category","embeddable":true,"href":"https:\/\/fjala.info\/2009-2015\/wp-json\/wp\/v2\/categories?post=11510"},{"taxonomy":"post_tag","embeddable":true,"href":"https:\/\/fjala.info\/2009-2015\/wp-json\/wp\/v2\/tags?post=11510"}],"curies":[{"name":"wp","href":"https:\/\/api.w.org\/{rel}","templated":true}]}}