{"id":11509,"date":"2011-12-04T06:39:32","date_gmt":"2011-12-04T05:39:32","guid":{"rendered":"http:\/\/fjala.shkoder.net\/?p=481"},"modified":"2011-12-04T06:39:32","modified_gmt":"2011-12-04T05:39:32","slug":"as-vdekja-nuk-na-bashkon-dot","status":"publish","type":"post","link":"https:\/\/fjala.info\/2009-2015\/as-vdekja-nuk-na-bashkon-dot\/","title":{"rendered":"As vdekja nuk na bashkon dot"},"content":{"rendered":"<p><img decoding=\"async\" class=\"alignleft size-thumbnail wp-image-7236\" title=\"ilustrim\" src=\"http:\/\/www.shkoder.net\/images\/fjala\/2011\/ilustrim_mortor.jpg\" alt=\"\" width=\"200\" \/>Nga <strong>Bledi Mane<\/strong>, <em>3 Dhjetor 2011<\/em><\/p>\n<p>1.\/ <strong>Mbill dashuri or mik!<\/strong><\/p>\n<p>2011 \u00ebsht\u00eb duke dremitur si Sabri Godo n\u00eb shtratin e vdekjes. Po largohet edhe ky vit nga kalendari i kujtes\u00ebs s\u00eb k\u00ebtij kombi pa tharmin dhe energjin\u00eb pozitive q\u00eb duhej t\u00eb ishte \u00e7liruar natyrsh\u00ebm. Pak\u00ebz diell q\u00eb mbulon paraditet shqiptare t\u00eb k\u00ebtij fillimdhjetori z\u00ebvend\u00ebsohet nga err\u00ebsira e ftoht\u00eb dhe ankthi i net\u00ebve t\u00eb varfra. Gjumi na kaplon t\u00eb gjith\u00ebve dhe flem\u00eb pa \u00ebndrrat e \u00ebmbla se e nes\u00ebrmja jon\u00eb dihet q\u00eb \u00ebsht\u00eb nj\u00eb lloj rutine bezdis\u00ebse, depresive.<\/p>\n<p>Tek-tuk duket sikur shkundemi nga lajmet e kobshme t\u00eb vjedhjeve, vrasjeve, aksidenteve dhe ngush\u00ebllojm\u00eb veten e stomakun me kafen\u00eb dhe cigaret e racionuara. Ky vend nuk prodhon asgj\u00eb p\u00ebrve\u00e7 pasiguris\u00eb sepse ne jemi rehatuar me degdisjen q\u00eb u kemi b\u00ebr\u00eb ambicieve dhe instikteve t\u00eb nj\u00eb jete m\u00eb t\u00eb bukur. Mjafton q\u00eb 12 or\u00eb t\u00eb dit\u00ebs t\u00eb kemi thashethemet dhe titrat e kuqe t\u00eb televizioneve alla breaking news dhe kaq\u2026<\/p>\n<p>E kemi instaluar mrekullisht sistemin e energjis\u00eb negative thell\u00eb n\u00eb poret e qelizat e trurit dhe funksionimi i tij ka m\u00eb shum\u00eb r\u00ebnd\u00ebsi se buka e p\u00ebrditshme, arg\u00ebtimi i vetes apo e ardhmja e f\u00ebmij\u00ebve. T\u00eb masim me kujdes sa miliona kilowatt energji negative prodhojm\u00eb \u00e7do or\u00eb ky vend e kjo rac\u00eb do t\u00eb ishte rrezik nuklear m\u00eb i d\u00ebmsh\u00ebm se Irani dhe Koreja e Veriut s\u00eb bashku.<\/p>\n<p>Lindim, martohemi, vdesim, pasurohemi, varf\u00ebrohemi, pak r\u00ebnd\u00ebsi ka. Ne nuk rrezatojm\u00eb lumturi kolektive, as brengosje kolektive nuk lexohet nd\u00ebr ne.<\/p>\n<p>E pam\u00eb dhe e prek\u00ebm realisht kur vdiq ish presidenti Ramiz Alia dhe politika e elektorati u ndan\u00eb m\u00eb dysh. Protokolli i Shtetit ndryshe nga vdekja e Leka Zogut nuk e nderoi Alin\u00eb si ish shtetar, pavar\u00ebsisht se shkodrani komunist ia dor\u00ebzoi paq\u00ebsisht pushtetin ish komunistit tropojan.<\/p>\n<p>Jozefina Topalli la nam sot para kufom\u00ebs s\u00eb Lek\u00ebs I duke u z\u00ebn\u00eb me hajdutin e bashkis\u00eb s\u00eb Tiran\u00ebs se kush prej tyre do t\u00eb vidhte v\u00ebmendjen e vakis\u00eb monarkike. Agjenci lajmesh t\u00eb ndryshme n\u00eb vend raportojn\u00eb edhe p\u00ebr prerje t\u00eb energjis\u00eb elektrike nga kryespikerja n\u00eb hollin e parlamentit duke ia nxir\u00eb m\u00eb tep\u00ebr breng\u00ebn e zez\u00eb t\u00eb vdekjes familjes Zogolli. Nd\u00ebrkoh\u00eb q\u00eb Leka zbriti n\u00eb ferrin e ftoht\u00eb t\u00eb n\u00ebntok\u00ebs s\u00eb Sharr\u00ebs duket u tremb keqas dhe p\u00ebr tu mos u ndjer\u00eb i vet\u00ebm i zgjati dor\u00ebn edhe politikanit Sabri Godo.<\/p>\n<p>I urti, i athti, ironiku republikan Godo i la sh\u00ebnden\u00eb k\u00ebsaj bote duke mos par\u00eb realitet d\u00ebshir\u00ebn q\u00eb e brente s\u00eb brendshmi e s\u00eb jashtmi p\u00ebr nj\u00eb Lul Bash kryeminist\u00ebr. Ndryshe nga urt\u00ebsia dhe pragmatizmi olimpik i 20 viteve t\u00eb fundit, i ndjeri Godo nga muaji maj e t\u00ebhu p\u00ebr\u00e7au keqas politik\u00ebn dhe elektoratin e k\u00ebtush\u00ebm me deklarata histerike t\u00eb pap\u00ebrgjegjsh\u00ebme pro Bash\u00ebs duke u zvenitur n\u00eb syt\u00eb e shqiptar\u00ebve porsi tymi i helm\u00ebt i duhanit q\u00eb thithte.<\/p>\n<p>Zinxhiri i vakive sot dhe nes\u00ebr pavar\u00ebsisht zis\u00eb komb\u00ebtare nuk duket se do t\u00eb ket\u00eb unifikim. Do t\u2019i sillen kok\u00eb m\u00ebnjan\u00eb arkivolit t\u00eb Sabriut t\u00eb majt\u00eb e t\u00eb djatht\u00eb, \u00e7am\u00ebr e grek\u00ebr, vlleh\u00ebr e rom\u00eb, verior\u00eb e jugor\u00eb. As kjo vdekja e fundit nuk prodhoi t\u00eb pakt\u00ebn respekt n\u00eb heshtje. Reagimet e shqiptar\u00ebve edhe sot e nes\u00ebr ishin dhe jan\u00eb kontradiktore e kontraverse porsi politika q\u00eb vet\u00eb Alia, Zogu, Sabriu prodhuan me koshienc\u00eb t\u00eb plot\u00eb qysh nga 1939 e deri m\u00eb 2011. Ne kurr\u00eb s\u2019u k\u00ebnaq\u00ebm bashkarisht as kur babai i Lek\u00ebs u vet\u00ebshpall mbret e luftoi analfabetizmin e hodhi themelet per\u00ebndimore t\u00eb shtetit modern, as kur ia b\u00ebri naft\u00ebn Shqip\u00ebris\u00eb.<\/p>\n<p>Kur Ramizi luftonte kund\u00ebr fashizmit nuk e fal\u00ebnderuam t\u00eb gjith\u00eb, edhe kur i rrinte n\u00eb krah Enver Hoxh\u00ebs p\u00ebrs\u00ebri 99.99% e popullit e votonin, edhe kur na thau zorr\u00eb, stomak e mendje p\u00ebrs\u00ebri kishte q\u00eb e donin nga ne. Kur vdiq para pak jav\u00ebsh kishte nostalgjik\u00eb q\u00eb qanin. Edhe kur Sabriu doli partizan shum\u00eb prej nesh e kund\u00ebrshtuan, kur dashuronte m\u00eb shum\u00eb gruan e deklasuar se Partin\u00eb e Pun\u00ebs p\u00ebrs\u00ebri vet\u00ebm gjysma prej nesh e vler\u00ebsuam, edhe kur lajthiti andej nga fundi i pranver\u00ebs 2011 kishte shum\u00eb nga ne q\u00eb e duartrokisnin.<\/p>\n<p>K\u00ebtu n\u00eb k\u00ebt\u00eb vend, n\u00eb qoshet e tij mbillen patate n\u00eb Kuk\u00ebs, tranguj n\u00eb Lushnje, ullinj n\u00eb Berat, hashash n\u00eb Lazarat, rrush n\u00eb P\u00ebrmet, g\u00ebshtenja n\u00eb Tropoj\u00eb, moll\u00eb n\u00eb Kor\u00e7\u00eb, por kurrsesi nuk ka as nj\u00eb met\u00ebr katror t\u00eb mbjell\u00eb me dashuri. Ndaj ne korrim \u00e7do sekond\u00eb vdekje aksidentesh, dhun\u00eb verbale, mosp\u00ebrgjegj\u00ebsi mjek\u00ebsh e gjyqtar\u00ebsh, vjedhjesh shtet\u00ebrore e publike.<\/p>\n<p>Nuk korrim dot respekt e mir\u00ebnjohje sepse edhe politikat qeveris\u00ebse jan\u00eb vet\u00ebm p\u00ebr mbjellje arror\u00ebsh, ullinjsh e sheg\u00ebsh. T\u00eb fal\u00ebsh dhe t\u00eb dashurosh nuk \u00ebsht\u00eb as shk\u00ebrdhatll\u00ebk e \u00e7burr\u00ebrim, \u00ebsht\u00eb nj\u00eb lloj fisnik\u00ebrie vitale. Dashuria mes veti \u00ebsht\u00eb si metafizika e filozofit francezi Gilles Deleuze, metafizik\u00eb q\u00eb mikson identitetin me diferencat dhe prodhon nektarin e dashuris\u00eb p\u00ebr t\u00eb cilin ky vend ta nevoj\u00eb urgjente t\u00eb lag\u00eb buz\u00ebt.<\/p>\n<p>2.\/ <strong>Vakit\u00eb n\u00eb horizont<\/strong><\/p>\n<p>Larg qoft\u00eb dhe falm\u00eb o i madhi Zot se nga fjala nuk vjen e keqja, por dua t\u00eb di n\u00ebse ka njeri t\u00eb m\u00eb garantoj\u00eb sesi do t\u00eb jen\u00eb vakit\u00eb e radh\u00ebs\u2026? P\u00ebr shembull ai shkrimtari dhe bejtexhiu flok\u00ebbardh\u00eb, ai doktori flok\u00ebgri kur t\u00eb largohen nga kjo bot\u00eb do t\u00eb prodhojn\u00eb vall\u00eb respekt dhe keqardhje mes ne t\u00eb gjith\u00ebve\u2026<\/p>\n","protected":false},"excerpt":{"rendered":"<p>Nga Bledi Mane, 3 Dhjetor 2011 1.\/ Mbill dashuri or mik! 2011 \u00ebsht\u00eb duke dremitur si Sabri Godo n\u00eb shtratin e vdekjes. Po largohet edhe ky vit nga kalendari i kujtes\u00ebs s\u00eb k\u00ebtij kombi pa tharmin dhe energjin\u00eb pozitive q\u00eb duhej t\u00eb ishte \u00e7liruar natyrsh\u00ebm. Pak\u00ebz diell q\u00eb mbulon paraditet shqiptare t\u00eb k\u00ebtij fillimdhjetori z\u00ebvend\u00ebsohet [&hellip;]<\/p>\n","protected":false},"author":1,"featured_media":0,"comment_status":"open","ping_status":"closed","sticky":false,"template":"","format":"standard","meta":{"footnotes":""},"categories":[2],"tags":[],"class_list":{"0":"post-11509","1":"post","2":"type-post","3":"status-publish","4":"format-standard","6":"category-artikuj"},"yoast_head":"<!-- This site is optimized with the Yoast SEO plugin v27.4 - https:\/\/yoast.com\/product\/yoast-seo-wordpress\/ -->\n<title>As vdekja nuk na bashkon dot - FjALA e LIR\u00cb - Arkivi<\/title>\n<meta name=\"robots\" content=\"index, follow, max-snippet:-1, max-image-preview:large, max-video-preview:-1\" \/>\n<link rel=\"canonical\" href=\"https:\/\/fjala.info\/2009-2015\/as-vdekja-nuk-na-bashkon-dot\/\" \/>\n<meta property=\"og:locale\" content=\"sq_AL\" \/>\n<meta property=\"og:type\" content=\"article\" \/>\n<meta property=\"og:title\" content=\"As vdekja nuk na bashkon dot - FjALA e LIR\u00cb - Arkivi\" \/>\n<meta property=\"og:description\" content=\"Nga Bledi Mane, 3 Dhjetor 2011 1.\/ Mbill dashuri or mik! 2011 \u00ebsht\u00eb duke dremitur si Sabri Godo n\u00eb shtratin e vdekjes. Po largohet edhe ky vit nga kalendari i kujtes\u00ebs s\u00eb k\u00ebtij kombi pa tharmin dhe energjin\u00eb pozitive q\u00eb duhej t\u00eb ishte \u00e7liruar natyrsh\u00ebm. Pak\u00ebz diell q\u00eb mbulon paraditet shqiptare t\u00eb k\u00ebtij fillimdhjetori z\u00ebvend\u00ebsohet [&hellip;]\" \/>\n<meta property=\"og:url\" content=\"https:\/\/fjala.info\/2009-2015\/as-vdekja-nuk-na-bashkon-dot\/\" \/>\n<meta property=\"og:site_name\" content=\"FjALA e LIR\u00cb - Arkivi\" \/>\n<meta property=\"article:published_time\" content=\"2011-12-04T05:39:32+00:00\" \/>\n<meta property=\"og:image\" content=\"http:\/\/www.shkoder.net\/images\/fjala\/2011\/ilustrim_mortor.jpg\" \/>\n<meta name=\"author\" content=\"admin\" \/>\n<meta name=\"twitter:card\" content=\"summary_large_image\" \/>\n<meta name=\"twitter:label1\" content=\"Written by\" \/>\n\t<meta name=\"twitter:data1\" content=\"admin\" \/>\n\t<meta name=\"twitter:label2\" content=\"Est. reading time\" \/>\n\t<meta name=\"twitter:data2\" content=\"5 minutes\" \/>\n<script type=\"application\/ld+json\" class=\"yoast-schema-graph\">{\"@context\":\"https:\\\/\\\/schema.org\",\"@graph\":[{\"@type\":\"Article\",\"@id\":\"https:\\\/\\\/fjala.info\\\/2009-2015\\\/as-vdekja-nuk-na-bashkon-dot\\\/#article\",\"isPartOf\":{\"@id\":\"https:\\\/\\\/fjala.info\\\/2009-2015\\\/as-vdekja-nuk-na-bashkon-dot\\\/\"},\"author\":{\"name\":\"admin\",\"@id\":\"https:\\\/\\\/fjala.info\\\/2009-2015\\\/#\\\/schema\\\/person\\\/3aa1163ef05469c496fc94e77611ada2\"},\"headline\":\"As vdekja nuk na bashkon dot\",\"datePublished\":\"2011-12-04T05:39:32+00:00\",\"mainEntityOfPage\":{\"@id\":\"https:\\\/\\\/fjala.info\\\/2009-2015\\\/as-vdekja-nuk-na-bashkon-dot\\\/\"},\"wordCount\":979,\"commentCount\":0,\"publisher\":{\"@id\":\"https:\\\/\\\/fjala.info\\\/2009-2015\\\/#organization\"},\"image\":{\"@id\":\"https:\\\/\\\/fjala.info\\\/2009-2015\\\/as-vdekja-nuk-na-bashkon-dot\\\/#primaryimage\"},\"thumbnailUrl\":\"http:\\\/\\\/www.shkoder.net\\\/images\\\/fjala\\\/2011\\\/ilustrim_mortor.jpg\",\"articleSection\":[\"Artikuj\"],\"inLanguage\":\"sq-AL\",\"potentialAction\":[{\"@type\":\"CommentAction\",\"name\":\"Comment\",\"target\":[\"https:\\\/\\\/fjala.info\\\/2009-2015\\\/as-vdekja-nuk-na-bashkon-dot\\\/#respond\"]}]},{\"@type\":\"WebPage\",\"@id\":\"https:\\\/\\\/fjala.info\\\/2009-2015\\\/as-vdekja-nuk-na-bashkon-dot\\\/\",\"url\":\"https:\\\/\\\/fjala.info\\\/2009-2015\\\/as-vdekja-nuk-na-bashkon-dot\\\/\",\"name\":\"As vdekja nuk na bashkon dot - FjALA e LIR\u00cb - Arkivi\",\"isPartOf\":{\"@id\":\"https:\\\/\\\/fjala.info\\\/2009-2015\\\/#website\"},\"primaryImageOfPage\":{\"@id\":\"https:\\\/\\\/fjala.info\\\/2009-2015\\\/as-vdekja-nuk-na-bashkon-dot\\\/#primaryimage\"},\"image\":{\"@id\":\"https:\\\/\\\/fjala.info\\\/2009-2015\\\/as-vdekja-nuk-na-bashkon-dot\\\/#primaryimage\"},\"thumbnailUrl\":\"http:\\\/\\\/www.shkoder.net\\\/images\\\/fjala\\\/2011\\\/ilustrim_mortor.jpg\",\"datePublished\":\"2011-12-04T05:39:32+00:00\",\"breadcrumb\":{\"@id\":\"https:\\\/\\\/fjala.info\\\/2009-2015\\\/as-vdekja-nuk-na-bashkon-dot\\\/#breadcrumb\"},\"inLanguage\":\"sq-AL\",\"potentialAction\":[{\"@type\":\"ReadAction\",\"target\":[\"https:\\\/\\\/fjala.info\\\/2009-2015\\\/as-vdekja-nuk-na-bashkon-dot\\\/\"]}]},{\"@type\":\"ImageObject\",\"inLanguage\":\"sq-AL\",\"@id\":\"https:\\\/\\\/fjala.info\\\/2009-2015\\\/as-vdekja-nuk-na-bashkon-dot\\\/#primaryimage\",\"url\":\"http:\\\/\\\/www.shkoder.net\\\/images\\\/fjala\\\/2011\\\/ilustrim_mortor.jpg\",\"contentUrl\":\"http:\\\/\\\/www.shkoder.net\\\/images\\\/fjala\\\/2011\\\/ilustrim_mortor.jpg\"},{\"@type\":\"BreadcrumbList\",\"@id\":\"https:\\\/\\\/fjala.info\\\/2009-2015\\\/as-vdekja-nuk-na-bashkon-dot\\\/#breadcrumb\",\"itemListElement\":[{\"@type\":\"ListItem\",\"position\":1,\"name\":\"Home\",\"item\":\"https:\\\/\\\/fjala.info\\\/2009-2015\\\/\"},{\"@type\":\"ListItem\",\"position\":2,\"name\":\"As vdekja nuk na bashkon dot\"}]},{\"@type\":\"WebSite\",\"@id\":\"https:\\\/\\\/fjala.info\\\/2009-2015\\\/#website\",\"url\":\"https:\\\/\\\/fjala.info\\\/2009-2015\\\/\",\"name\":\"FjALA e LIR\u00cb - Arkivi\",\"description\":\"Arkivi 2009-2015\",\"publisher\":{\"@id\":\"https:\\\/\\\/fjala.info\\\/2009-2015\\\/#organization\"},\"potentialAction\":[{\"@type\":\"SearchAction\",\"target\":{\"@type\":\"EntryPoint\",\"urlTemplate\":\"https:\\\/\\\/fjala.info\\\/2009-2015\\\/?s={search_term_string}\"},\"query-input\":{\"@type\":\"PropertyValueSpecification\",\"valueRequired\":true,\"valueName\":\"search_term_string\"}}],\"inLanguage\":\"sq-AL\"},{\"@type\":\"Organization\",\"@id\":\"https:\\\/\\\/fjala.info\\\/2009-2015\\\/#organization\",\"name\":\"FjALA e LIR\u00cb - Arkivi\",\"url\":\"https:\\\/\\\/fjala.info\\\/2009-2015\\\/\",\"logo\":{\"@type\":\"ImageObject\",\"inLanguage\":\"sq-AL\",\"@id\":\"https:\\\/\\\/fjala.info\\\/2009-2015\\\/#\\\/schema\\\/logo\\\/image\\\/\",\"url\":\"\",\"contentUrl\":\"\",\"caption\":\"FjALA e LIR\u00cb - Arkivi\"},\"image\":{\"@id\":\"https:\\\/\\\/fjala.info\\\/2009-2015\\\/#\\\/schema\\\/logo\\\/image\\\/\"}},{\"@type\":\"Person\",\"@id\":\"https:\\\/\\\/fjala.info\\\/2009-2015\\\/#\\\/schema\\\/person\\\/3aa1163ef05469c496fc94e77611ada2\",\"name\":\"admin\",\"image\":{\"@type\":\"ImageObject\",\"inLanguage\":\"sq-AL\",\"@id\":\"https:\\\/\\\/fjala.info\\\/2009-2015\\\/wp-content\\\/uploads\\\/2012\\\/02\\\/arben_cokaj-120x150.jpg\",\"url\":\"https:\\\/\\\/fjala.info\\\/2009-2015\\\/wp-content\\\/uploads\\\/2012\\\/02\\\/arben_cokaj-120x150.jpg\",\"contentUrl\":\"https:\\\/\\\/fjala.info\\\/2009-2015\\\/wp-content\\\/uploads\\\/2012\\\/02\\\/arben_cokaj-120x150.jpg\",\"caption\":\"admin\"},\"description\":\"Admin, Fjala e Lir\u00eb\",\"sameAs\":[\"https:\\\/\\\/fjala.info\\\/\"],\"url\":\"https:\\\/\\\/fjala.info\\\/2009-2015\\\/author\\\/admin\\\/\"}]}<\/script>\n<!-- \/ Yoast SEO plugin. -->","yoast_head_json":{"title":"As vdekja nuk na bashkon dot - FjALA e LIR\u00cb - Arkivi","robots":{"index":"index","follow":"follow","max-snippet":"max-snippet:-1","max-image-preview":"max-image-preview:large","max-video-preview":"max-video-preview:-1"},"canonical":"https:\/\/fjala.info\/2009-2015\/as-vdekja-nuk-na-bashkon-dot\/","og_locale":"sq_AL","og_type":"article","og_title":"As vdekja nuk na bashkon dot - FjALA e LIR\u00cb - Arkivi","og_description":"Nga Bledi Mane, 3 Dhjetor 2011 1.\/ Mbill dashuri or mik! 2011 \u00ebsht\u00eb duke dremitur si Sabri Godo n\u00eb shtratin e vdekjes. Po largohet edhe ky vit nga kalendari i kujtes\u00ebs s\u00eb k\u00ebtij kombi pa tharmin dhe energjin\u00eb pozitive q\u00eb duhej t\u00eb ishte \u00e7liruar natyrsh\u00ebm. Pak\u00ebz diell q\u00eb mbulon paraditet shqiptare t\u00eb k\u00ebtij fillimdhjetori z\u00ebvend\u00ebsohet [&hellip;]","og_url":"https:\/\/fjala.info\/2009-2015\/as-vdekja-nuk-na-bashkon-dot\/","og_site_name":"FjALA e LIR\u00cb - Arkivi","article_published_time":"2011-12-04T05:39:32+00:00","og_image":[{"url":"http:\/\/www.shkoder.net\/images\/fjala\/2011\/ilustrim_mortor.jpg","type":"","width":"","height":""}],"author":"admin","twitter_card":"summary_large_image","twitter_misc":{"Written by":"admin","Est. reading time":"5 minutes"},"schema":{"@context":"https:\/\/schema.org","@graph":[{"@type":"Article","@id":"https:\/\/fjala.info\/2009-2015\/as-vdekja-nuk-na-bashkon-dot\/#article","isPartOf":{"@id":"https:\/\/fjala.info\/2009-2015\/as-vdekja-nuk-na-bashkon-dot\/"},"author":{"name":"admin","@id":"https:\/\/fjala.info\/2009-2015\/#\/schema\/person\/3aa1163ef05469c496fc94e77611ada2"},"headline":"As vdekja nuk na bashkon dot","datePublished":"2011-12-04T05:39:32+00:00","mainEntityOfPage":{"@id":"https:\/\/fjala.info\/2009-2015\/as-vdekja-nuk-na-bashkon-dot\/"},"wordCount":979,"commentCount":0,"publisher":{"@id":"https:\/\/fjala.info\/2009-2015\/#organization"},"image":{"@id":"https:\/\/fjala.info\/2009-2015\/as-vdekja-nuk-na-bashkon-dot\/#primaryimage"},"thumbnailUrl":"http:\/\/www.shkoder.net\/images\/fjala\/2011\/ilustrim_mortor.jpg","articleSection":["Artikuj"],"inLanguage":"sq-AL","potentialAction":[{"@type":"CommentAction","name":"Comment","target":["https:\/\/fjala.info\/2009-2015\/as-vdekja-nuk-na-bashkon-dot\/#respond"]}]},{"@type":"WebPage","@id":"https:\/\/fjala.info\/2009-2015\/as-vdekja-nuk-na-bashkon-dot\/","url":"https:\/\/fjala.info\/2009-2015\/as-vdekja-nuk-na-bashkon-dot\/","name":"As vdekja nuk na bashkon dot - FjALA e LIR\u00cb - Arkivi","isPartOf":{"@id":"https:\/\/fjala.info\/2009-2015\/#website"},"primaryImageOfPage":{"@id":"https:\/\/fjala.info\/2009-2015\/as-vdekja-nuk-na-bashkon-dot\/#primaryimage"},"image":{"@id":"https:\/\/fjala.info\/2009-2015\/as-vdekja-nuk-na-bashkon-dot\/#primaryimage"},"thumbnailUrl":"http:\/\/www.shkoder.net\/images\/fjala\/2011\/ilustrim_mortor.jpg","datePublished":"2011-12-04T05:39:32+00:00","breadcrumb":{"@id":"https:\/\/fjala.info\/2009-2015\/as-vdekja-nuk-na-bashkon-dot\/#breadcrumb"},"inLanguage":"sq-AL","potentialAction":[{"@type":"ReadAction","target":["https:\/\/fjala.info\/2009-2015\/as-vdekja-nuk-na-bashkon-dot\/"]}]},{"@type":"ImageObject","inLanguage":"sq-AL","@id":"https:\/\/fjala.info\/2009-2015\/as-vdekja-nuk-na-bashkon-dot\/#primaryimage","url":"http:\/\/www.shkoder.net\/images\/fjala\/2011\/ilustrim_mortor.jpg","contentUrl":"http:\/\/www.shkoder.net\/images\/fjala\/2011\/ilustrim_mortor.jpg"},{"@type":"BreadcrumbList","@id":"https:\/\/fjala.info\/2009-2015\/as-vdekja-nuk-na-bashkon-dot\/#breadcrumb","itemListElement":[{"@type":"ListItem","position":1,"name":"Home","item":"https:\/\/fjala.info\/2009-2015\/"},{"@type":"ListItem","position":2,"name":"As vdekja nuk na bashkon dot"}]},{"@type":"WebSite","@id":"https:\/\/fjala.info\/2009-2015\/#website","url":"https:\/\/fjala.info\/2009-2015\/","name":"FjALA e LIR\u00cb - Arkivi","description":"Arkivi 2009-2015","publisher":{"@id":"https:\/\/fjala.info\/2009-2015\/#organization"},"potentialAction":[{"@type":"SearchAction","target":{"@type":"EntryPoint","urlTemplate":"https:\/\/fjala.info\/2009-2015\/?s={search_term_string}"},"query-input":{"@type":"PropertyValueSpecification","valueRequired":true,"valueName":"search_term_string"}}],"inLanguage":"sq-AL"},{"@type":"Organization","@id":"https:\/\/fjala.info\/2009-2015\/#organization","name":"FjALA e LIR\u00cb - Arkivi","url":"https:\/\/fjala.info\/2009-2015\/","logo":{"@type":"ImageObject","inLanguage":"sq-AL","@id":"https:\/\/fjala.info\/2009-2015\/#\/schema\/logo\/image\/","url":"","contentUrl":"","caption":"FjALA e LIR\u00cb - Arkivi"},"image":{"@id":"https:\/\/fjala.info\/2009-2015\/#\/schema\/logo\/image\/"}},{"@type":"Person","@id":"https:\/\/fjala.info\/2009-2015\/#\/schema\/person\/3aa1163ef05469c496fc94e77611ada2","name":"admin","image":{"@type":"ImageObject","inLanguage":"sq-AL","@id":"https:\/\/fjala.info\/2009-2015\/wp-content\/uploads\/2012\/02\/arben_cokaj-120x150.jpg","url":"https:\/\/fjala.info\/2009-2015\/wp-content\/uploads\/2012\/02\/arben_cokaj-120x150.jpg","contentUrl":"https:\/\/fjala.info\/2009-2015\/wp-content\/uploads\/2012\/02\/arben_cokaj-120x150.jpg","caption":"admin"},"description":"Admin, Fjala e Lir\u00eb","sameAs":["https:\/\/fjala.info\/"],"url":"https:\/\/fjala.info\/2009-2015\/author\/admin\/"}]}},"_links":{"self":[{"href":"https:\/\/fjala.info\/2009-2015\/wp-json\/wp\/v2\/posts\/11509","targetHints":{"allow":["GET"]}}],"collection":[{"href":"https:\/\/fjala.info\/2009-2015\/wp-json\/wp\/v2\/posts"}],"about":[{"href":"https:\/\/fjala.info\/2009-2015\/wp-json\/wp\/v2\/types\/post"}],"author":[{"embeddable":true,"href":"https:\/\/fjala.info\/2009-2015\/wp-json\/wp\/v2\/users\/1"}],"replies":[{"embeddable":true,"href":"https:\/\/fjala.info\/2009-2015\/wp-json\/wp\/v2\/comments?post=11509"}],"version-history":[{"count":0,"href":"https:\/\/fjala.info\/2009-2015\/wp-json\/wp\/v2\/posts\/11509\/revisions"}],"wp:attachment":[{"href":"https:\/\/fjala.info\/2009-2015\/wp-json\/wp\/v2\/media?parent=11509"}],"wp:term":[{"taxonomy":"category","embeddable":true,"href":"https:\/\/fjala.info\/2009-2015\/wp-json\/wp\/v2\/categories?post=11509"},{"taxonomy":"post_tag","embeddable":true,"href":"https:\/\/fjala.info\/2009-2015\/wp-json\/wp\/v2\/tags?post=11509"}],"curies":[{"name":"wp","href":"https:\/\/api.w.org\/{rel}","templated":true}]}}