{"id":11508,"date":"2011-12-03T22:39:29","date_gmt":"2011-12-03T21:39:29","guid":{"rendered":"http:\/\/fjala.shkoder.net\/?p=473"},"modified":"2011-12-03T22:39:29","modified_gmt":"2011-12-03T21:39:29","slug":"nje-funeral-dhe-disa-llogari-elektorale","status":"publish","type":"post","link":"https:\/\/fjala.info\/2009-2015\/nje-funeral-dhe-disa-llogari-elektorale\/","title":{"rendered":"NJ\u00cb FUNERAL DHE DISA LLOGARI ELEKTORALE"},"content":{"rendered":"<p><img decoding=\"async\" class=\"alignright size-thumbnail wp-image-7236\" title=\"Sk\u00ebnder Minxhozi\" src=\"http:\/\/www.shkoder.net\/images\/fjala\/skender_minxhozi.jpg\" alt=\"\" width=\"150\" \/> <strong>Sk\u00ebnder Minxhozi<\/strong>, <em>03.12.2011<\/em><\/p>\n<p>Shum\u00eb koh\u00eb m\u00eb par\u00eb, m\u00eb 13 n\u00ebntorin e larg\u00ebt t\u00eb vitit 1993, kur guxoi t\u00eb zbres\u00eb me nj\u00eb \u00e7arter nga Jordania e larg\u00ebt n\u00eb Aeroportin e Rinasit, e pat\u00ebn kthyer mbrapsht brenda pak or\u00ebsh. Pa i dh\u00ebn\u00eb asnj\u00eb shpjegim dhe pa kurrfar\u00eb elegance, nga ajo q\u00eb do t\u2019i takonte nj\u00eb fisniku me gjak blu. Por si p\u00ebr t\u2019i dh\u00ebn\u00eb t\u00eb drejt\u00eb shprehjes se historia nuk p\u00ebrs\u00ebritet kurr\u00eb dy her\u00eb n\u00eb t\u00eb nj\u00ebjt\u00ebn form\u00eb, asaj sjelljeje arrogante t\u00eb Berish\u00ebs s\u00eb par\u00eb asokohe, i korrespondoi shum\u00eb vite m\u00eb pas nj\u00eb sjellje duksh\u00ebm m\u00eb e ngroht\u00eb e Berish\u00ebs s\u00eb dyt\u00eb. K\u00ebtij q\u00eb kemi sot Kryeminist\u00ebr.<\/p>\n<p>Pik\u00ebrisht, m\u00eb e ngroht\u00eb, dhe a e dini pse? Sepse tashm\u00eb, pas kthimit n\u00eb 2002, Leka Zogu i kishte nd\u00ebrruar prej koh\u00ebsh uniform\u00ebn ushtarake dhe \u00ebndrrat p\u00ebr t\u00eb marr\u00eb n\u00eb dor\u00eb frenat e s\u00eb djatht\u00ebs shqiptare, me robdeshambrin e t\u00eb s\u00ebmurit kronik q\u00eb u kthye n\u00eb Shqip\u00ebri n\u00eb vitin 2002 bashk\u00eb me familjen, thjesht dhe vet\u00ebm p\u00ebr t\u00eb mbaruar dit\u00ebt n\u00eb atdheun q\u00eb s\u2019e g\u00ebzoi kurr\u00eb q\u00eb nga lindja. Nj\u00eb mbret pa projekt e q\u00eb merr leje p\u00ebr \u00e7do gj\u00eb te qeveria e radh\u00ebs, \u00ebsht\u00eb shum\u00eb m\u00eb i mir\u00eb se nj\u00eb pretendent q\u00eb k\u00ebrkon t\u00eb marr\u00eb n\u00eb dor\u00eb frenat e shtetit. Nj\u00eb pensionist si qindra mij\u00eb t\u00eb tjer\u00eb n\u00eb k\u00ebt\u00eb vend, m\u00eb shum\u00eb sesa nj\u00eb sfidant politik q\u00eb reklamon pjes\u00ebn e tij t\u00eb tort\u00ebs \u2013 ja si p\u00ebrfundoi saga e Leka Zogut n\u00eb dekad\u00ebn e fundit!<\/p>\n<p>Vdekja e Leka Zogut, pas nj\u00eb l\u00ebngate t\u00eb gjat\u00eb, dha t\u00eb gjith\u00eb koh\u00ebn q\u00eb protokolli zyrtar i ikjes s\u00eb tij t\u00eb mendohej (kupto t\u00eb p\u00ebrdorej) si\u00e7 duhej nga qeveria. M\u00eb shum\u00eb sesa p\u00ebr ceremonialin mortor t\u00eb Leka Zogut, m\u00eb shum\u00eb se p\u00ebr \u00e7\u00ebshtjen \u201ce pambyllur\u201d t\u00eb form\u00ebs s\u00eb shtetit, pas referendumit t\u00eb vitit 1997 (nj\u00eb deklarat\u00eb totalisht e pap\u00ebrgjegjshme kjo!), Sali Berisha po p\u00ebrpiqet t\u00eb b\u00ebj\u00eb t\u00eb vetmen gj\u00eb q\u00eb di t\u00eb b\u00ebj\u00eb n\u00eb rastet kur mund t\u00eb ofroj\u00eb nj\u00eb gjest djathtas, pa shpenzuar shum\u00eb energji: pra, t\u2019i bjer\u00eb fort tamtamit ideologjik q\u00eb e bashkon me antikomunizmin historik, p\u00ebr t\u00eb kompensuar sa t\u00eb mundet ndryshkun dhe pak\u00ebnaq\u00ebsin\u00eb q\u00eb ka ndaj tij ky segment i shoq\u00ebris\u00eb shqiptare.<\/p>\n<p>Duke hedhur nj\u00eb tuf\u00eb lule mbi varrin e trash\u00ebgimtarit t\u00eb Fronit, Berisha po p\u00ebrpiqet t\u2019i shkel\u00eb sa t\u00eb mundet syrin t\u00eb gjith\u00eb \u201cnebuloz\u00ebs\u201d s\u00eb djatht\u00eb, e cila p\u00ebrmbledh pronar\u00eb t\u00eb zem\u00ebruar p\u00ebr pronat e pakthyera, ish t\u00eb p\u00ebrndjekur q\u00eb ende sillen rrug\u00ebve pa nj\u00eb t\u00eb ardhme p\u00ebr vete e f\u00ebmij\u00ebt e tyre, si dhe nj\u00eb num\u00ebr akoma jo t\u00eb vog\u00ebl votuesish q\u00eb kan\u00eb alergji p\u00ebr t\u00eb majt\u00ebn, por q\u00eb nuk votojn\u00eb as krahun tjet\u00ebr prej koh\u00ebsh. E gjitha kjo list\u00eb e gjat\u00eb shqiptar\u00ebsh, teorikisht e af\u00ebrt me shumic\u00ebn aktuale, por e ftohur nga gjasht\u00eb vjet qeverisjeje defektoze e nj\u00eb mazhorance q\u00eb deklarohet e djatht\u00eb, por q\u00eb pushtetin faktik e ndan me t\u00eb majt\u00ebn e Ilir Met\u00ebs, mund t\u00eb sugjestionohet sadopak, n\u00eb llogarit\u00eb e Kryeministrit, nga ky gjest prej t\u00eb djathti!<\/p>\n<p>Viti q\u00eb na ndan nga zgjedhjet do t\u00eb jet\u00eb i v\u00ebshtir\u00eb. Berisha e di fort mir\u00eb k\u00ebt\u00eb gj\u00eb. Si p\u00ebr t\u2019i shtuar edhe nj\u00eb pesh\u00eb tjet\u00ebr thesit t\u00eb r\u00ebnd\u00eb t\u00eb halleve q\u00eb ka, k\u00ebrc\u00ebnimi q\u00eb vjen e shtohet nga projekti i p\u00ebrfolur politik i Presidentit Topi (ende me shum\u00eb pik\u00ebpyetje pas vetes), ia r\u00ebndon edhe m\u00eb tej Kryeministrit marr\u00ebdh\u00ebnien traumatike q\u00eb u form\u00ebsua mes qeveris\u00eb s\u00eb tij dhe shtresave sociale q\u00eb natyrsh\u00ebm mb\u00ebshtesin t\u00eb djatht\u00ebn.<\/p>\n<p>Aleanca e detyruar me Ilir Met\u00ebn vet\u00ebm sa e r\u00ebndoi k\u00ebt\u00eb marr\u00ebdh\u00ebnie, e cila s\u2019ka qen\u00eb kurr\u00eb m\u00eb e keqe se sot. N\u00eb k\u00ebt\u00eb terren t\u00eb mbarsur me pak\u00ebnaq\u00ebsi dhe ftohje, nj\u00eb ofert\u00eb alternative e Bamir Topit mund t\u00eb krijonte jo pak probleme. Berisha e ndjen k\u00ebt\u00eb rrezik dhe vdekja e Leka Zogut ishte nj\u00eb rast i p\u00ebrshtatsh\u00ebm p\u00ebr t\u2019u kapur n\u00eb aj\u00ebr, me q\u00ebllimin e past\u00ebr taktik t\u00eb afrimit disi me elektoratin antikomunist tradicional. E \u00e7\u2019kushton, n\u00eb fund t\u00eb fundit?! Asgj\u00eb! Tashm\u00eb me ikjen e Leka Zogut, ajo \u00e7ka mbetet nga stema mbret\u00ebrore e Ahmet Zogut as q\u00eb ia vlen t\u00eb merret n\u00eb konsiderat\u00eb.<\/p>\n<p>Nipi i mbretit t\u00eb par\u00eb t\u00eb shqiptar\u00ebve \u00ebsht\u00eb sistemuar diku n\u00eb administrat\u00ebn shtet\u00ebrore (rast i rrall\u00eb ky, pasi mbret\u00ebror\u00ebt nuk punojn\u00eb, por thjesht mbret\u00ebrojn\u00eb), nd\u00ebrsa grupimet politike q\u00eb identifikohen me monarkin\u00eb gjenden n\u00eb pik\u00eb t\u00eb hallit, nga pik\u00ebpamja e pesh\u00ebs politike e elektorale. Koshient p\u00ebr k\u00ebt\u00eb hap\u00ebsir\u00eb t\u00eb vog\u00ebl t\u00eb mbetur vakante n\u00eb spektrin politike, Berisha po turret p\u00ebr t\u00eb b\u00ebr\u00eb p\u00ebr vete, t\u00eb pakt\u00ebn n\u00eb dit\u00ebn e fundit t\u00eb vdekjes s\u00eb trash\u00ebgimtarit t\u00eb fronit, at\u00eb num\u00ebr mb\u00ebshtet\u00ebsish nostalgjik\u00eb t\u00eb mbret\u00ebris\u00eb, por p\u00ebrmes tyre, edhe t\u00eb tjer\u00eb akoma, q\u00eb sot e gjith\u00eb dit\u00ebn mendojn\u00eb se Berisha \u00ebsht\u00eb po aq i keq sa Edi Rama. \u00cbsht\u00eb nj\u00eb nga ato situata q\u00eb anglez\u00ebt i quajn\u00eb \u201cwin-win\u201d, (pra t\u00eb fituara sido q\u00eb t\u00eb shkojn\u00eb pun\u00ebt). Ka vet\u00ebm nj\u00eb problem. A do mund ta ndihmoj\u00eb v\u00ebrtet makijazhin e prishur t\u00eb qeveris\u00eb aktuale nj\u00eb ceremonial funeb\u00ebr?! Pak si v\u00ebshtir\u00eb q\u00eb t\u00eb jet\u00eb k\u00ebshtu. Nj\u00eb monark q\u00eb s\u2019ia arriti ta ndihmoj\u00eb s\u00eb gjalli kauz\u00ebn zyrtare, v\u00ebshtir\u00eb se do ta b\u00ebj\u00eb k\u00ebt\u00eb kur s\u2019\u00ebsht\u00eb m\u00eb&#8230;<\/p>\n","protected":false},"excerpt":{"rendered":"<p>Sk\u00ebnder Minxhozi, 03.12.2011 Shum\u00eb koh\u00eb m\u00eb par\u00eb, m\u00eb 13 n\u00ebntorin e larg\u00ebt t\u00eb vitit 1993, kur guxoi t\u00eb zbres\u00eb me nj\u00eb \u00e7arter nga Jordania e larg\u00ebt n\u00eb Aeroportin e Rinasit, e pat\u00ebn kthyer mbrapsht brenda pak or\u00ebsh. Pa i dh\u00ebn\u00eb asnj\u00eb shpjegim dhe pa kurrfar\u00eb elegance, nga ajo q\u00eb do t\u2019i takonte nj\u00eb fisniku me [&hellip;]<\/p>\n","protected":false},"author":1,"featured_media":0,"comment_status":"open","ping_status":"closed","sticky":false,"template":"","format":"standard","meta":{"footnotes":""},"categories":[2],"tags":[],"class_list":{"0":"post-11508","1":"post","2":"type-post","3":"status-publish","4":"format-standard","6":"category-artikuj"},"yoast_head":"<!-- This site is optimized with the Yoast SEO plugin v27.4 - https:\/\/yoast.com\/product\/yoast-seo-wordpress\/ -->\n<title>NJ\u00cb FUNERAL DHE DISA LLOGARI ELEKTORALE - FjALA e LIR\u00cb - Arkivi<\/title>\n<meta name=\"robots\" content=\"index, follow, max-snippet:-1, max-image-preview:large, max-video-preview:-1\" \/>\n<link rel=\"canonical\" href=\"https:\/\/fjala.info\/2009-2015\/nje-funeral-dhe-disa-llogari-elektorale\/\" \/>\n<meta property=\"og:locale\" content=\"sq_AL\" \/>\n<meta property=\"og:type\" content=\"article\" \/>\n<meta property=\"og:title\" content=\"NJ\u00cb FUNERAL DHE DISA LLOGARI ELEKTORALE - FjALA e LIR\u00cb - Arkivi\" \/>\n<meta property=\"og:description\" content=\"Sk\u00ebnder Minxhozi, 03.12.2011 Shum\u00eb koh\u00eb m\u00eb par\u00eb, m\u00eb 13 n\u00ebntorin e larg\u00ebt t\u00eb vitit 1993, kur guxoi t\u00eb zbres\u00eb me nj\u00eb \u00e7arter nga Jordania e larg\u00ebt n\u00eb Aeroportin e Rinasit, e pat\u00ebn kthyer mbrapsht brenda pak or\u00ebsh. Pa i dh\u00ebn\u00eb asnj\u00eb shpjegim dhe pa kurrfar\u00eb elegance, nga ajo q\u00eb do t\u2019i takonte nj\u00eb fisniku me [&hellip;]\" \/>\n<meta property=\"og:url\" content=\"https:\/\/fjala.info\/2009-2015\/nje-funeral-dhe-disa-llogari-elektorale\/\" \/>\n<meta property=\"og:site_name\" content=\"FjALA e LIR\u00cb - Arkivi\" \/>\n<meta property=\"article:published_time\" content=\"2011-12-03T21:39:29+00:00\" \/>\n<meta property=\"og:image\" content=\"http:\/\/www.shkoder.net\/images\/fjala\/skender_minxhozi.jpg\" \/>\n<meta name=\"author\" content=\"admin\" \/>\n<meta name=\"twitter:card\" content=\"summary_large_image\" \/>\n<meta name=\"twitter:label1\" content=\"Written by\" \/>\n\t<meta name=\"twitter:data1\" content=\"admin\" \/>\n\t<meta name=\"twitter:label2\" content=\"Est. reading time\" \/>\n\t<meta name=\"twitter:data2\" content=\"5 minutes\" \/>\n<script type=\"application\/ld+json\" class=\"yoast-schema-graph\">{\"@context\":\"https:\\\/\\\/schema.org\",\"@graph\":[{\"@type\":\"Article\",\"@id\":\"https:\\\/\\\/fjala.info\\\/2009-2015\\\/nje-funeral-dhe-disa-llogari-elektorale\\\/#article\",\"isPartOf\":{\"@id\":\"https:\\\/\\\/fjala.info\\\/2009-2015\\\/nje-funeral-dhe-disa-llogari-elektorale\\\/\"},\"author\":{\"name\":\"admin\",\"@id\":\"https:\\\/\\\/fjala.info\\\/2009-2015\\\/#\\\/schema\\\/person\\\/3aa1163ef05469c496fc94e77611ada2\"},\"headline\":\"NJ\u00cb FUNERAL DHE DISA LLOGARI ELEKTORALE\",\"datePublished\":\"2011-12-03T21:39:29+00:00\",\"mainEntityOfPage\":{\"@id\":\"https:\\\/\\\/fjala.info\\\/2009-2015\\\/nje-funeral-dhe-disa-llogari-elektorale\\\/\"},\"wordCount\":987,\"commentCount\":0,\"publisher\":{\"@id\":\"https:\\\/\\\/fjala.info\\\/2009-2015\\\/#organization\"},\"image\":{\"@id\":\"https:\\\/\\\/fjala.info\\\/2009-2015\\\/nje-funeral-dhe-disa-llogari-elektorale\\\/#primaryimage\"},\"thumbnailUrl\":\"http:\\\/\\\/www.shkoder.net\\\/images\\\/fjala\\\/skender_minxhozi.jpg\",\"articleSection\":[\"Artikuj\"],\"inLanguage\":\"sq-AL\",\"potentialAction\":[{\"@type\":\"CommentAction\",\"name\":\"Comment\",\"target\":[\"https:\\\/\\\/fjala.info\\\/2009-2015\\\/nje-funeral-dhe-disa-llogari-elektorale\\\/#respond\"]}]},{\"@type\":\"WebPage\",\"@id\":\"https:\\\/\\\/fjala.info\\\/2009-2015\\\/nje-funeral-dhe-disa-llogari-elektorale\\\/\",\"url\":\"https:\\\/\\\/fjala.info\\\/2009-2015\\\/nje-funeral-dhe-disa-llogari-elektorale\\\/\",\"name\":\"NJ\u00cb FUNERAL DHE DISA LLOGARI ELEKTORALE - FjALA e LIR\u00cb - Arkivi\",\"isPartOf\":{\"@id\":\"https:\\\/\\\/fjala.info\\\/2009-2015\\\/#website\"},\"primaryImageOfPage\":{\"@id\":\"https:\\\/\\\/fjala.info\\\/2009-2015\\\/nje-funeral-dhe-disa-llogari-elektorale\\\/#primaryimage\"},\"image\":{\"@id\":\"https:\\\/\\\/fjala.info\\\/2009-2015\\\/nje-funeral-dhe-disa-llogari-elektorale\\\/#primaryimage\"},\"thumbnailUrl\":\"http:\\\/\\\/www.shkoder.net\\\/images\\\/fjala\\\/skender_minxhozi.jpg\",\"datePublished\":\"2011-12-03T21:39:29+00:00\",\"breadcrumb\":{\"@id\":\"https:\\\/\\\/fjala.info\\\/2009-2015\\\/nje-funeral-dhe-disa-llogari-elektorale\\\/#breadcrumb\"},\"inLanguage\":\"sq-AL\",\"potentialAction\":[{\"@type\":\"ReadAction\",\"target\":[\"https:\\\/\\\/fjala.info\\\/2009-2015\\\/nje-funeral-dhe-disa-llogari-elektorale\\\/\"]}]},{\"@type\":\"ImageObject\",\"inLanguage\":\"sq-AL\",\"@id\":\"https:\\\/\\\/fjala.info\\\/2009-2015\\\/nje-funeral-dhe-disa-llogari-elektorale\\\/#primaryimage\",\"url\":\"http:\\\/\\\/www.shkoder.net\\\/images\\\/fjala\\\/skender_minxhozi.jpg\",\"contentUrl\":\"http:\\\/\\\/www.shkoder.net\\\/images\\\/fjala\\\/skender_minxhozi.jpg\"},{\"@type\":\"BreadcrumbList\",\"@id\":\"https:\\\/\\\/fjala.info\\\/2009-2015\\\/nje-funeral-dhe-disa-llogari-elektorale\\\/#breadcrumb\",\"itemListElement\":[{\"@type\":\"ListItem\",\"position\":1,\"name\":\"Home\",\"item\":\"https:\\\/\\\/fjala.info\\\/2009-2015\\\/\"},{\"@type\":\"ListItem\",\"position\":2,\"name\":\"NJ\u00cb FUNERAL DHE DISA LLOGARI ELEKTORALE\"}]},{\"@type\":\"WebSite\",\"@id\":\"https:\\\/\\\/fjala.info\\\/2009-2015\\\/#website\",\"url\":\"https:\\\/\\\/fjala.info\\\/2009-2015\\\/\",\"name\":\"FjALA e LIR\u00cb - Arkivi\",\"description\":\"Arkivi 2009-2015\",\"publisher\":{\"@id\":\"https:\\\/\\\/fjala.info\\\/2009-2015\\\/#organization\"},\"potentialAction\":[{\"@type\":\"SearchAction\",\"target\":{\"@type\":\"EntryPoint\",\"urlTemplate\":\"https:\\\/\\\/fjala.info\\\/2009-2015\\\/?s={search_term_string}\"},\"query-input\":{\"@type\":\"PropertyValueSpecification\",\"valueRequired\":true,\"valueName\":\"search_term_string\"}}],\"inLanguage\":\"sq-AL\"},{\"@type\":\"Organization\",\"@id\":\"https:\\\/\\\/fjala.info\\\/2009-2015\\\/#organization\",\"name\":\"FjALA e LIR\u00cb - Arkivi\",\"url\":\"https:\\\/\\\/fjala.info\\\/2009-2015\\\/\",\"logo\":{\"@type\":\"ImageObject\",\"inLanguage\":\"sq-AL\",\"@id\":\"https:\\\/\\\/fjala.info\\\/2009-2015\\\/#\\\/schema\\\/logo\\\/image\\\/\",\"url\":\"\",\"contentUrl\":\"\",\"caption\":\"FjALA e LIR\u00cb - Arkivi\"},\"image\":{\"@id\":\"https:\\\/\\\/fjala.info\\\/2009-2015\\\/#\\\/schema\\\/logo\\\/image\\\/\"}},{\"@type\":\"Person\",\"@id\":\"https:\\\/\\\/fjala.info\\\/2009-2015\\\/#\\\/schema\\\/person\\\/3aa1163ef05469c496fc94e77611ada2\",\"name\":\"admin\",\"image\":{\"@type\":\"ImageObject\",\"inLanguage\":\"sq-AL\",\"@id\":\"https:\\\/\\\/fjala.info\\\/2009-2015\\\/wp-content\\\/uploads\\\/2012\\\/02\\\/arben_cokaj-120x150.jpg\",\"url\":\"https:\\\/\\\/fjala.info\\\/2009-2015\\\/wp-content\\\/uploads\\\/2012\\\/02\\\/arben_cokaj-120x150.jpg\",\"contentUrl\":\"https:\\\/\\\/fjala.info\\\/2009-2015\\\/wp-content\\\/uploads\\\/2012\\\/02\\\/arben_cokaj-120x150.jpg\",\"caption\":\"admin\"},\"description\":\"Admin, Fjala e Lir\u00eb\",\"sameAs\":[\"https:\\\/\\\/fjala.info\\\/\"],\"url\":\"https:\\\/\\\/fjala.info\\\/2009-2015\\\/author\\\/admin\\\/\"}]}<\/script>\n<!-- \/ Yoast SEO plugin. -->","yoast_head_json":{"title":"NJ\u00cb FUNERAL DHE DISA LLOGARI ELEKTORALE - FjALA e LIR\u00cb - Arkivi","robots":{"index":"index","follow":"follow","max-snippet":"max-snippet:-1","max-image-preview":"max-image-preview:large","max-video-preview":"max-video-preview:-1"},"canonical":"https:\/\/fjala.info\/2009-2015\/nje-funeral-dhe-disa-llogari-elektorale\/","og_locale":"sq_AL","og_type":"article","og_title":"NJ\u00cb FUNERAL DHE DISA LLOGARI ELEKTORALE - FjALA e LIR\u00cb - Arkivi","og_description":"Sk\u00ebnder Minxhozi, 03.12.2011 Shum\u00eb koh\u00eb m\u00eb par\u00eb, m\u00eb 13 n\u00ebntorin e larg\u00ebt t\u00eb vitit 1993, kur guxoi t\u00eb zbres\u00eb me nj\u00eb \u00e7arter nga Jordania e larg\u00ebt n\u00eb Aeroportin e Rinasit, e pat\u00ebn kthyer mbrapsht brenda pak or\u00ebsh. Pa i dh\u00ebn\u00eb asnj\u00eb shpjegim dhe pa kurrfar\u00eb elegance, nga ajo q\u00eb do t\u2019i takonte nj\u00eb fisniku me [&hellip;]","og_url":"https:\/\/fjala.info\/2009-2015\/nje-funeral-dhe-disa-llogari-elektorale\/","og_site_name":"FjALA e LIR\u00cb - Arkivi","article_published_time":"2011-12-03T21:39:29+00:00","og_image":[{"url":"http:\/\/www.shkoder.net\/images\/fjala\/skender_minxhozi.jpg","type":"","width":"","height":""}],"author":"admin","twitter_card":"summary_large_image","twitter_misc":{"Written by":"admin","Est. reading time":"5 minutes"},"schema":{"@context":"https:\/\/schema.org","@graph":[{"@type":"Article","@id":"https:\/\/fjala.info\/2009-2015\/nje-funeral-dhe-disa-llogari-elektorale\/#article","isPartOf":{"@id":"https:\/\/fjala.info\/2009-2015\/nje-funeral-dhe-disa-llogari-elektorale\/"},"author":{"name":"admin","@id":"https:\/\/fjala.info\/2009-2015\/#\/schema\/person\/3aa1163ef05469c496fc94e77611ada2"},"headline":"NJ\u00cb FUNERAL DHE DISA LLOGARI ELEKTORALE","datePublished":"2011-12-03T21:39:29+00:00","mainEntityOfPage":{"@id":"https:\/\/fjala.info\/2009-2015\/nje-funeral-dhe-disa-llogari-elektorale\/"},"wordCount":987,"commentCount":0,"publisher":{"@id":"https:\/\/fjala.info\/2009-2015\/#organization"},"image":{"@id":"https:\/\/fjala.info\/2009-2015\/nje-funeral-dhe-disa-llogari-elektorale\/#primaryimage"},"thumbnailUrl":"http:\/\/www.shkoder.net\/images\/fjala\/skender_minxhozi.jpg","articleSection":["Artikuj"],"inLanguage":"sq-AL","potentialAction":[{"@type":"CommentAction","name":"Comment","target":["https:\/\/fjala.info\/2009-2015\/nje-funeral-dhe-disa-llogari-elektorale\/#respond"]}]},{"@type":"WebPage","@id":"https:\/\/fjala.info\/2009-2015\/nje-funeral-dhe-disa-llogari-elektorale\/","url":"https:\/\/fjala.info\/2009-2015\/nje-funeral-dhe-disa-llogari-elektorale\/","name":"NJ\u00cb FUNERAL DHE DISA LLOGARI ELEKTORALE - FjALA e LIR\u00cb - Arkivi","isPartOf":{"@id":"https:\/\/fjala.info\/2009-2015\/#website"},"primaryImageOfPage":{"@id":"https:\/\/fjala.info\/2009-2015\/nje-funeral-dhe-disa-llogari-elektorale\/#primaryimage"},"image":{"@id":"https:\/\/fjala.info\/2009-2015\/nje-funeral-dhe-disa-llogari-elektorale\/#primaryimage"},"thumbnailUrl":"http:\/\/www.shkoder.net\/images\/fjala\/skender_minxhozi.jpg","datePublished":"2011-12-03T21:39:29+00:00","breadcrumb":{"@id":"https:\/\/fjala.info\/2009-2015\/nje-funeral-dhe-disa-llogari-elektorale\/#breadcrumb"},"inLanguage":"sq-AL","potentialAction":[{"@type":"ReadAction","target":["https:\/\/fjala.info\/2009-2015\/nje-funeral-dhe-disa-llogari-elektorale\/"]}]},{"@type":"ImageObject","inLanguage":"sq-AL","@id":"https:\/\/fjala.info\/2009-2015\/nje-funeral-dhe-disa-llogari-elektorale\/#primaryimage","url":"http:\/\/www.shkoder.net\/images\/fjala\/skender_minxhozi.jpg","contentUrl":"http:\/\/www.shkoder.net\/images\/fjala\/skender_minxhozi.jpg"},{"@type":"BreadcrumbList","@id":"https:\/\/fjala.info\/2009-2015\/nje-funeral-dhe-disa-llogari-elektorale\/#breadcrumb","itemListElement":[{"@type":"ListItem","position":1,"name":"Home","item":"https:\/\/fjala.info\/2009-2015\/"},{"@type":"ListItem","position":2,"name":"NJ\u00cb FUNERAL DHE DISA LLOGARI ELEKTORALE"}]},{"@type":"WebSite","@id":"https:\/\/fjala.info\/2009-2015\/#website","url":"https:\/\/fjala.info\/2009-2015\/","name":"FjALA e LIR\u00cb - Arkivi","description":"Arkivi 2009-2015","publisher":{"@id":"https:\/\/fjala.info\/2009-2015\/#organization"},"potentialAction":[{"@type":"SearchAction","target":{"@type":"EntryPoint","urlTemplate":"https:\/\/fjala.info\/2009-2015\/?s={search_term_string}"},"query-input":{"@type":"PropertyValueSpecification","valueRequired":true,"valueName":"search_term_string"}}],"inLanguage":"sq-AL"},{"@type":"Organization","@id":"https:\/\/fjala.info\/2009-2015\/#organization","name":"FjALA e LIR\u00cb - Arkivi","url":"https:\/\/fjala.info\/2009-2015\/","logo":{"@type":"ImageObject","inLanguage":"sq-AL","@id":"https:\/\/fjala.info\/2009-2015\/#\/schema\/logo\/image\/","url":"","contentUrl":"","caption":"FjALA e LIR\u00cb - Arkivi"},"image":{"@id":"https:\/\/fjala.info\/2009-2015\/#\/schema\/logo\/image\/"}},{"@type":"Person","@id":"https:\/\/fjala.info\/2009-2015\/#\/schema\/person\/3aa1163ef05469c496fc94e77611ada2","name":"admin","image":{"@type":"ImageObject","inLanguage":"sq-AL","@id":"https:\/\/fjala.info\/2009-2015\/wp-content\/uploads\/2012\/02\/arben_cokaj-120x150.jpg","url":"https:\/\/fjala.info\/2009-2015\/wp-content\/uploads\/2012\/02\/arben_cokaj-120x150.jpg","contentUrl":"https:\/\/fjala.info\/2009-2015\/wp-content\/uploads\/2012\/02\/arben_cokaj-120x150.jpg","caption":"admin"},"description":"Admin, Fjala e Lir\u00eb","sameAs":["https:\/\/fjala.info\/"],"url":"https:\/\/fjala.info\/2009-2015\/author\/admin\/"}]}},"_links":{"self":[{"href":"https:\/\/fjala.info\/2009-2015\/wp-json\/wp\/v2\/posts\/11508","targetHints":{"allow":["GET"]}}],"collection":[{"href":"https:\/\/fjala.info\/2009-2015\/wp-json\/wp\/v2\/posts"}],"about":[{"href":"https:\/\/fjala.info\/2009-2015\/wp-json\/wp\/v2\/types\/post"}],"author":[{"embeddable":true,"href":"https:\/\/fjala.info\/2009-2015\/wp-json\/wp\/v2\/users\/1"}],"replies":[{"embeddable":true,"href":"https:\/\/fjala.info\/2009-2015\/wp-json\/wp\/v2\/comments?post=11508"}],"version-history":[{"count":0,"href":"https:\/\/fjala.info\/2009-2015\/wp-json\/wp\/v2\/posts\/11508\/revisions"}],"wp:attachment":[{"href":"https:\/\/fjala.info\/2009-2015\/wp-json\/wp\/v2\/media?parent=11508"}],"wp:term":[{"taxonomy":"category","embeddable":true,"href":"https:\/\/fjala.info\/2009-2015\/wp-json\/wp\/v2\/categories?post=11508"},{"taxonomy":"post_tag","embeddable":true,"href":"https:\/\/fjala.info\/2009-2015\/wp-json\/wp\/v2\/tags?post=11508"}],"curies":[{"name":"wp","href":"https:\/\/api.w.org\/{rel}","templated":true}]}}