{"id":11507,"date":"2011-12-03T22:13:09","date_gmt":"2011-12-03T21:13:09","guid":{"rendered":"http:\/\/fjala.shkoder.net\/?p=471"},"modified":"2011-12-03T22:13:09","modified_gmt":"2011-12-03T21:13:09","slug":"debati-per-nje-numer-personalitetesh-kuislinge-apo-njerez-te-medhenj-te-kombit","status":"publish","type":"post","link":"https:\/\/fjala.info\/2009-2015\/debati-per-nje-numer-personalitetesh-kuislinge-apo-njerez-te-medhenj-te-kombit\/","title":{"rendered":"Debati p\u00ebr nj\u00eb num\u00ebr personalitetesh: Kuisling\u00eb apo njer\u00ebz t\u00eb m\u00ebdhenj t\u00eb kombit?"},"content":{"rendered":"<p><img decoding=\"async\" class=\"alignright size-thumbnail wp-image-7236\" title=\"Konica\" src=\"http:\/\/www.shkoder.net\/images\/fjala\/2011\/konica.jpg\" alt=\"\" width=\"300\" \/> <strong>TemA Online<\/strong>, <em>3 Dhjetor 2011<\/em><\/p>\n<p>N\u00eb librin e tij t\u00eb fundit me titull \u201cLufta Italo-Greke, diktator\u00ebt dhe kuisling\u00ebt\u201d, Arben Puto u b\u00ebn nj\u00eb v\u00ebshtrim \u201ct\u00eb pam\u00ebmshirsh\u00ebm\u201d disa personaliteteve t\u00eb kultur\u00ebs e t\u00eb politik\u00ebs n\u00eb historin\u00eb shqiptare t\u00eb shekullit t\u00eb shkuar. Fjala vjen, i p\u00ebrmend Konic\u00ebs nj\u00eb let\u00ebr q\u00eb i ka d\u00ebrguar Du\u00e7es, me an\u00eb t\u00eb s\u00eb cil\u00ebs k\u00ebrkon pas pushtimit t\u00eb Shqip\u00ebris\u00eb q\u00eb t\u2019i paguhej nj\u00eb borxh, apo nj\u00eb broshur\u00eb proitaliane ku flet p\u00ebr konfliktin italo-grek n\u00eb funksion t\u00eb mbrojtjes s\u00eb \u00e7\u00ebshtjes shqiptare, etj. \u201cCene\u201d t\u00eb tilla gjenden edhe n\u00eb jet\u00ebn e Mustafa Kruj\u00ebs, Lef Nosit, Anton Harapit, Gjergj Fisht\u00ebs, Ernest Koliqit, etj.<\/p>\n<p>Ilir Ikonomi, q\u00eb ka b\u00ebr\u00eb dhe nj\u00eb lib\u00ebr p\u00ebr Konic\u00ebn, \u00ebsht\u00eb me iden\u00eb q\u00eb k\u00ebto \u201ccene\u201d jan\u00eb \u00e7ik\u00ebrrima n\u00eb raport me b\u00ebmat e kontributet e m\u00ebdha t\u00eb k\u00ebtyre njer\u00ebzve n\u00eb hiostorin\u00eb e vendit ton\u00eb. Madje, n\u00eb nj\u00eb intervist\u00eb p\u00ebr gazet\u00ebn shqiptarja.com, ai thot\u00eb se edhe k\u00ebto momente t\u00eb n\u00ebnvizuara jan\u00eb n\u00eb t\u00eb v\u00ebrtet\u00eb krej t\u00eb justifikuara me motivimin patriotik n\u00eb nj\u00eb kontekst t\u00eb caktuar historik, rrjedhimisht jan\u00eb krejt t\u00eb padrejta dhe n\u00eb stilin e historiografis\u00eb komuniste etiketat q\u00eb u vihen k\u00ebtyre personaliteteve, si \u201ckuisling\u00eb, tradh\u00ebtar\u00eb, etj\u201d.<\/p>\n<p><em>respublica.al<\/em><\/p>\n","protected":false},"excerpt":{"rendered":"<p>TemA Online, 3 Dhjetor 2011 N\u00eb librin e tij t\u00eb fundit me titull \u201cLufta Italo-Greke, diktator\u00ebt dhe kuisling\u00ebt\u201d, Arben Puto u b\u00ebn nj\u00eb v\u00ebshtrim \u201ct\u00eb pam\u00ebmshirsh\u00ebm\u201d disa personaliteteve t\u00eb kultur\u00ebs e t\u00eb politik\u00ebs n\u00eb historin\u00eb shqiptare t\u00eb shekullit t\u00eb shkuar. Fjala vjen, i p\u00ebrmend Konic\u00ebs nj\u00eb let\u00ebr q\u00eb i ka d\u00ebrguar Du\u00e7es, me an\u00eb t\u00eb [&hellip;]<\/p>\n","protected":false},"author":1,"featured_media":0,"comment_status":"open","ping_status":"closed","sticky":false,"template":"","format":"standard","meta":{"footnotes":""},"categories":[5],"tags":[],"class_list":{"0":"post-11507","1":"post","2":"type-post","3":"status-publish","4":"format-standard","6":"category-lajme"},"yoast_head":"<!-- This site is optimized with the Yoast SEO plugin v27.4 - https:\/\/yoast.com\/product\/yoast-seo-wordpress\/ -->\n<title>Debati p\u00ebr nj\u00eb num\u00ebr personalitetesh: Kuisling\u00eb apo njer\u00ebz t\u00eb m\u00ebdhenj t\u00eb kombit? - FjALA e LIR\u00cb - Arkivi<\/title>\n<meta name=\"robots\" content=\"index, follow, max-snippet:-1, max-image-preview:large, max-video-preview:-1\" \/>\n<link rel=\"canonical\" href=\"https:\/\/fjala.info\/2009-2015\/debati-per-nje-numer-personalitetesh-kuislinge-apo-njerez-te-medhenj-te-kombit\/\" \/>\n<meta property=\"og:locale\" content=\"sq_AL\" \/>\n<meta property=\"og:type\" content=\"article\" \/>\n<meta property=\"og:title\" content=\"Debati p\u00ebr nj\u00eb num\u00ebr personalitetesh: Kuisling\u00eb apo njer\u00ebz t\u00eb m\u00ebdhenj t\u00eb kombit? - FjALA e LIR\u00cb - Arkivi\" \/>\n<meta property=\"og:description\" content=\"TemA Online, 3 Dhjetor 2011 N\u00eb librin e tij t\u00eb fundit me titull \u201cLufta Italo-Greke, diktator\u00ebt dhe kuisling\u00ebt\u201d, Arben Puto u b\u00ebn nj\u00eb v\u00ebshtrim \u201ct\u00eb pam\u00ebmshirsh\u00ebm\u201d disa personaliteteve t\u00eb kultur\u00ebs e t\u00eb politik\u00ebs n\u00eb historin\u00eb shqiptare t\u00eb shekullit t\u00eb shkuar. Fjala vjen, i p\u00ebrmend Konic\u00ebs nj\u00eb let\u00ebr q\u00eb i ka d\u00ebrguar Du\u00e7es, me an\u00eb t\u00eb [&hellip;]\" \/>\n<meta property=\"og:url\" content=\"https:\/\/fjala.info\/2009-2015\/debati-per-nje-numer-personalitetesh-kuislinge-apo-njerez-te-medhenj-te-kombit\/\" \/>\n<meta property=\"og:site_name\" content=\"FjALA e LIR\u00cb - Arkivi\" \/>\n<meta property=\"article:published_time\" content=\"2011-12-03T21:13:09+00:00\" \/>\n<meta property=\"og:image\" content=\"http:\/\/www.shkoder.net\/images\/fjala\/2011\/konica.jpg\" \/>\n<meta name=\"author\" content=\"admin\" \/>\n<meta name=\"twitter:card\" content=\"summary_large_image\" \/>\n<meta name=\"twitter:label1\" content=\"Written by\" \/>\n\t<meta name=\"twitter:data1\" content=\"admin\" \/>\n\t<meta name=\"twitter:label2\" content=\"Est. reading time\" \/>\n\t<meta name=\"twitter:data2\" content=\"1 minute\" \/>\n<script type=\"application\/ld+json\" class=\"yoast-schema-graph\">{\"@context\":\"https:\\\/\\\/schema.org\",\"@graph\":[{\"@type\":\"Article\",\"@id\":\"https:\\\/\\\/fjala.info\\\/2009-2015\\\/debati-per-nje-numer-personalitetesh-kuislinge-apo-njerez-te-medhenj-te-kombit\\\/#article\",\"isPartOf\":{\"@id\":\"https:\\\/\\\/fjala.info\\\/2009-2015\\\/debati-per-nje-numer-personalitetesh-kuislinge-apo-njerez-te-medhenj-te-kombit\\\/\"},\"author\":{\"name\":\"admin\",\"@id\":\"https:\\\/\\\/fjala.info\\\/2009-2015\\\/#\\\/schema\\\/person\\\/3aa1163ef05469c496fc94e77611ada2\"},\"headline\":\"Debati p\u00ebr nj\u00eb num\u00ebr personalitetesh: Kuisling\u00eb apo njer\u00ebz t\u00eb m\u00ebdhenj t\u00eb kombit?\",\"datePublished\":\"2011-12-03T21:13:09+00:00\",\"mainEntityOfPage\":{\"@id\":\"https:\\\/\\\/fjala.info\\\/2009-2015\\\/debati-per-nje-numer-personalitetesh-kuislinge-apo-njerez-te-medhenj-te-kombit\\\/\"},\"wordCount\":244,\"commentCount\":0,\"publisher\":{\"@id\":\"https:\\\/\\\/fjala.info\\\/2009-2015\\\/#organization\"},\"image\":{\"@id\":\"https:\\\/\\\/fjala.info\\\/2009-2015\\\/debati-per-nje-numer-personalitetesh-kuislinge-apo-njerez-te-medhenj-te-kombit\\\/#primaryimage\"},\"thumbnailUrl\":\"http:\\\/\\\/www.shkoder.net\\\/images\\\/fjala\\\/2011\\\/konica.jpg\",\"articleSection\":[\"Lajme\"],\"inLanguage\":\"sq-AL\",\"potentialAction\":[{\"@type\":\"CommentAction\",\"name\":\"Comment\",\"target\":[\"https:\\\/\\\/fjala.info\\\/2009-2015\\\/debati-per-nje-numer-personalitetesh-kuislinge-apo-njerez-te-medhenj-te-kombit\\\/#respond\"]}]},{\"@type\":\"WebPage\",\"@id\":\"https:\\\/\\\/fjala.info\\\/2009-2015\\\/debati-per-nje-numer-personalitetesh-kuislinge-apo-njerez-te-medhenj-te-kombit\\\/\",\"url\":\"https:\\\/\\\/fjala.info\\\/2009-2015\\\/debati-per-nje-numer-personalitetesh-kuislinge-apo-njerez-te-medhenj-te-kombit\\\/\",\"name\":\"Debati p\u00ebr nj\u00eb num\u00ebr personalitetesh: Kuisling\u00eb apo njer\u00ebz t\u00eb m\u00ebdhenj t\u00eb kombit? - FjALA e LIR\u00cb - Arkivi\",\"isPartOf\":{\"@id\":\"https:\\\/\\\/fjala.info\\\/2009-2015\\\/#website\"},\"primaryImageOfPage\":{\"@id\":\"https:\\\/\\\/fjala.info\\\/2009-2015\\\/debati-per-nje-numer-personalitetesh-kuislinge-apo-njerez-te-medhenj-te-kombit\\\/#primaryimage\"},\"image\":{\"@id\":\"https:\\\/\\\/fjala.info\\\/2009-2015\\\/debati-per-nje-numer-personalitetesh-kuislinge-apo-njerez-te-medhenj-te-kombit\\\/#primaryimage\"},\"thumbnailUrl\":\"http:\\\/\\\/www.shkoder.net\\\/images\\\/fjala\\\/2011\\\/konica.jpg\",\"datePublished\":\"2011-12-03T21:13:09+00:00\",\"breadcrumb\":{\"@id\":\"https:\\\/\\\/fjala.info\\\/2009-2015\\\/debati-per-nje-numer-personalitetesh-kuislinge-apo-njerez-te-medhenj-te-kombit\\\/#breadcrumb\"},\"inLanguage\":\"sq-AL\",\"potentialAction\":[{\"@type\":\"ReadAction\",\"target\":[\"https:\\\/\\\/fjala.info\\\/2009-2015\\\/debati-per-nje-numer-personalitetesh-kuislinge-apo-njerez-te-medhenj-te-kombit\\\/\"]}]},{\"@type\":\"ImageObject\",\"inLanguage\":\"sq-AL\",\"@id\":\"https:\\\/\\\/fjala.info\\\/2009-2015\\\/debati-per-nje-numer-personalitetesh-kuislinge-apo-njerez-te-medhenj-te-kombit\\\/#primaryimage\",\"url\":\"http:\\\/\\\/www.shkoder.net\\\/images\\\/fjala\\\/2011\\\/konica.jpg\",\"contentUrl\":\"http:\\\/\\\/www.shkoder.net\\\/images\\\/fjala\\\/2011\\\/konica.jpg\"},{\"@type\":\"BreadcrumbList\",\"@id\":\"https:\\\/\\\/fjala.info\\\/2009-2015\\\/debati-per-nje-numer-personalitetesh-kuislinge-apo-njerez-te-medhenj-te-kombit\\\/#breadcrumb\",\"itemListElement\":[{\"@type\":\"ListItem\",\"position\":1,\"name\":\"Home\",\"item\":\"https:\\\/\\\/fjala.info\\\/2009-2015\\\/\"},{\"@type\":\"ListItem\",\"position\":2,\"name\":\"Debati p\u00ebr nj\u00eb num\u00ebr personalitetesh: Kuisling\u00eb apo njer\u00ebz t\u00eb m\u00ebdhenj t\u00eb kombit?\"}]},{\"@type\":\"WebSite\",\"@id\":\"https:\\\/\\\/fjala.info\\\/2009-2015\\\/#website\",\"url\":\"https:\\\/\\\/fjala.info\\\/2009-2015\\\/\",\"name\":\"FjALA e LIR\u00cb - Arkivi\",\"description\":\"Arkivi 2009-2015\",\"publisher\":{\"@id\":\"https:\\\/\\\/fjala.info\\\/2009-2015\\\/#organization\"},\"potentialAction\":[{\"@type\":\"SearchAction\",\"target\":{\"@type\":\"EntryPoint\",\"urlTemplate\":\"https:\\\/\\\/fjala.info\\\/2009-2015\\\/?s={search_term_string}\"},\"query-input\":{\"@type\":\"PropertyValueSpecification\",\"valueRequired\":true,\"valueName\":\"search_term_string\"}}],\"inLanguage\":\"sq-AL\"},{\"@type\":\"Organization\",\"@id\":\"https:\\\/\\\/fjala.info\\\/2009-2015\\\/#organization\",\"name\":\"FjALA e LIR\u00cb - Arkivi\",\"url\":\"https:\\\/\\\/fjala.info\\\/2009-2015\\\/\",\"logo\":{\"@type\":\"ImageObject\",\"inLanguage\":\"sq-AL\",\"@id\":\"https:\\\/\\\/fjala.info\\\/2009-2015\\\/#\\\/schema\\\/logo\\\/image\\\/\",\"url\":\"\",\"contentUrl\":\"\",\"caption\":\"FjALA e LIR\u00cb - Arkivi\"},\"image\":{\"@id\":\"https:\\\/\\\/fjala.info\\\/2009-2015\\\/#\\\/schema\\\/logo\\\/image\\\/\"}},{\"@type\":\"Person\",\"@id\":\"https:\\\/\\\/fjala.info\\\/2009-2015\\\/#\\\/schema\\\/person\\\/3aa1163ef05469c496fc94e77611ada2\",\"name\":\"admin\",\"image\":{\"@type\":\"ImageObject\",\"inLanguage\":\"sq-AL\",\"@id\":\"https:\\\/\\\/fjala.info\\\/2009-2015\\\/wp-content\\\/uploads\\\/2012\\\/02\\\/arben_cokaj-120x150.jpg\",\"url\":\"https:\\\/\\\/fjala.info\\\/2009-2015\\\/wp-content\\\/uploads\\\/2012\\\/02\\\/arben_cokaj-120x150.jpg\",\"contentUrl\":\"https:\\\/\\\/fjala.info\\\/2009-2015\\\/wp-content\\\/uploads\\\/2012\\\/02\\\/arben_cokaj-120x150.jpg\",\"caption\":\"admin\"},\"description\":\"Admin, Fjala e Lir\u00eb\",\"sameAs\":[\"https:\\\/\\\/fjala.info\\\/\"],\"url\":\"https:\\\/\\\/fjala.info\\\/2009-2015\\\/author\\\/admin\\\/\"}]}<\/script>\n<!-- \/ Yoast SEO plugin. -->","yoast_head_json":{"title":"Debati p\u00ebr nj\u00eb num\u00ebr personalitetesh: Kuisling\u00eb apo njer\u00ebz t\u00eb m\u00ebdhenj t\u00eb kombit? - FjALA e LIR\u00cb - Arkivi","robots":{"index":"index","follow":"follow","max-snippet":"max-snippet:-1","max-image-preview":"max-image-preview:large","max-video-preview":"max-video-preview:-1"},"canonical":"https:\/\/fjala.info\/2009-2015\/debati-per-nje-numer-personalitetesh-kuislinge-apo-njerez-te-medhenj-te-kombit\/","og_locale":"sq_AL","og_type":"article","og_title":"Debati p\u00ebr nj\u00eb num\u00ebr personalitetesh: Kuisling\u00eb apo njer\u00ebz t\u00eb m\u00ebdhenj t\u00eb kombit? - FjALA e LIR\u00cb - Arkivi","og_description":"TemA Online, 3 Dhjetor 2011 N\u00eb librin e tij t\u00eb fundit me titull \u201cLufta Italo-Greke, diktator\u00ebt dhe kuisling\u00ebt\u201d, Arben Puto u b\u00ebn nj\u00eb v\u00ebshtrim \u201ct\u00eb pam\u00ebmshirsh\u00ebm\u201d disa personaliteteve t\u00eb kultur\u00ebs e t\u00eb politik\u00ebs n\u00eb historin\u00eb shqiptare t\u00eb shekullit t\u00eb shkuar. Fjala vjen, i p\u00ebrmend Konic\u00ebs nj\u00eb let\u00ebr q\u00eb i ka d\u00ebrguar Du\u00e7es, me an\u00eb t\u00eb [&hellip;]","og_url":"https:\/\/fjala.info\/2009-2015\/debati-per-nje-numer-personalitetesh-kuislinge-apo-njerez-te-medhenj-te-kombit\/","og_site_name":"FjALA e LIR\u00cb - Arkivi","article_published_time":"2011-12-03T21:13:09+00:00","og_image":[{"url":"http:\/\/www.shkoder.net\/images\/fjala\/2011\/konica.jpg","type":"","width":"","height":""}],"author":"admin","twitter_card":"summary_large_image","twitter_misc":{"Written by":"admin","Est. reading time":"1 minute"},"schema":{"@context":"https:\/\/schema.org","@graph":[{"@type":"Article","@id":"https:\/\/fjala.info\/2009-2015\/debati-per-nje-numer-personalitetesh-kuislinge-apo-njerez-te-medhenj-te-kombit\/#article","isPartOf":{"@id":"https:\/\/fjala.info\/2009-2015\/debati-per-nje-numer-personalitetesh-kuislinge-apo-njerez-te-medhenj-te-kombit\/"},"author":{"name":"admin","@id":"https:\/\/fjala.info\/2009-2015\/#\/schema\/person\/3aa1163ef05469c496fc94e77611ada2"},"headline":"Debati p\u00ebr nj\u00eb num\u00ebr personalitetesh: Kuisling\u00eb apo njer\u00ebz t\u00eb m\u00ebdhenj t\u00eb kombit?","datePublished":"2011-12-03T21:13:09+00:00","mainEntityOfPage":{"@id":"https:\/\/fjala.info\/2009-2015\/debati-per-nje-numer-personalitetesh-kuislinge-apo-njerez-te-medhenj-te-kombit\/"},"wordCount":244,"commentCount":0,"publisher":{"@id":"https:\/\/fjala.info\/2009-2015\/#organization"},"image":{"@id":"https:\/\/fjala.info\/2009-2015\/debati-per-nje-numer-personalitetesh-kuislinge-apo-njerez-te-medhenj-te-kombit\/#primaryimage"},"thumbnailUrl":"http:\/\/www.shkoder.net\/images\/fjala\/2011\/konica.jpg","articleSection":["Lajme"],"inLanguage":"sq-AL","potentialAction":[{"@type":"CommentAction","name":"Comment","target":["https:\/\/fjala.info\/2009-2015\/debati-per-nje-numer-personalitetesh-kuislinge-apo-njerez-te-medhenj-te-kombit\/#respond"]}]},{"@type":"WebPage","@id":"https:\/\/fjala.info\/2009-2015\/debati-per-nje-numer-personalitetesh-kuislinge-apo-njerez-te-medhenj-te-kombit\/","url":"https:\/\/fjala.info\/2009-2015\/debati-per-nje-numer-personalitetesh-kuislinge-apo-njerez-te-medhenj-te-kombit\/","name":"Debati p\u00ebr nj\u00eb num\u00ebr personalitetesh: Kuisling\u00eb apo njer\u00ebz t\u00eb m\u00ebdhenj t\u00eb kombit? - FjALA e LIR\u00cb - Arkivi","isPartOf":{"@id":"https:\/\/fjala.info\/2009-2015\/#website"},"primaryImageOfPage":{"@id":"https:\/\/fjala.info\/2009-2015\/debati-per-nje-numer-personalitetesh-kuislinge-apo-njerez-te-medhenj-te-kombit\/#primaryimage"},"image":{"@id":"https:\/\/fjala.info\/2009-2015\/debati-per-nje-numer-personalitetesh-kuislinge-apo-njerez-te-medhenj-te-kombit\/#primaryimage"},"thumbnailUrl":"http:\/\/www.shkoder.net\/images\/fjala\/2011\/konica.jpg","datePublished":"2011-12-03T21:13:09+00:00","breadcrumb":{"@id":"https:\/\/fjala.info\/2009-2015\/debati-per-nje-numer-personalitetesh-kuislinge-apo-njerez-te-medhenj-te-kombit\/#breadcrumb"},"inLanguage":"sq-AL","potentialAction":[{"@type":"ReadAction","target":["https:\/\/fjala.info\/2009-2015\/debati-per-nje-numer-personalitetesh-kuislinge-apo-njerez-te-medhenj-te-kombit\/"]}]},{"@type":"ImageObject","inLanguage":"sq-AL","@id":"https:\/\/fjala.info\/2009-2015\/debati-per-nje-numer-personalitetesh-kuislinge-apo-njerez-te-medhenj-te-kombit\/#primaryimage","url":"http:\/\/www.shkoder.net\/images\/fjala\/2011\/konica.jpg","contentUrl":"http:\/\/www.shkoder.net\/images\/fjala\/2011\/konica.jpg"},{"@type":"BreadcrumbList","@id":"https:\/\/fjala.info\/2009-2015\/debati-per-nje-numer-personalitetesh-kuislinge-apo-njerez-te-medhenj-te-kombit\/#breadcrumb","itemListElement":[{"@type":"ListItem","position":1,"name":"Home","item":"https:\/\/fjala.info\/2009-2015\/"},{"@type":"ListItem","position":2,"name":"Debati p\u00ebr nj\u00eb num\u00ebr personalitetesh: Kuisling\u00eb apo njer\u00ebz t\u00eb m\u00ebdhenj t\u00eb kombit?"}]},{"@type":"WebSite","@id":"https:\/\/fjala.info\/2009-2015\/#website","url":"https:\/\/fjala.info\/2009-2015\/","name":"FjALA e LIR\u00cb - Arkivi","description":"Arkivi 2009-2015","publisher":{"@id":"https:\/\/fjala.info\/2009-2015\/#organization"},"potentialAction":[{"@type":"SearchAction","target":{"@type":"EntryPoint","urlTemplate":"https:\/\/fjala.info\/2009-2015\/?s={search_term_string}"},"query-input":{"@type":"PropertyValueSpecification","valueRequired":true,"valueName":"search_term_string"}}],"inLanguage":"sq-AL"},{"@type":"Organization","@id":"https:\/\/fjala.info\/2009-2015\/#organization","name":"FjALA e LIR\u00cb - Arkivi","url":"https:\/\/fjala.info\/2009-2015\/","logo":{"@type":"ImageObject","inLanguage":"sq-AL","@id":"https:\/\/fjala.info\/2009-2015\/#\/schema\/logo\/image\/","url":"","contentUrl":"","caption":"FjALA e LIR\u00cb - Arkivi"},"image":{"@id":"https:\/\/fjala.info\/2009-2015\/#\/schema\/logo\/image\/"}},{"@type":"Person","@id":"https:\/\/fjala.info\/2009-2015\/#\/schema\/person\/3aa1163ef05469c496fc94e77611ada2","name":"admin","image":{"@type":"ImageObject","inLanguage":"sq-AL","@id":"https:\/\/fjala.info\/2009-2015\/wp-content\/uploads\/2012\/02\/arben_cokaj-120x150.jpg","url":"https:\/\/fjala.info\/2009-2015\/wp-content\/uploads\/2012\/02\/arben_cokaj-120x150.jpg","contentUrl":"https:\/\/fjala.info\/2009-2015\/wp-content\/uploads\/2012\/02\/arben_cokaj-120x150.jpg","caption":"admin"},"description":"Admin, Fjala e Lir\u00eb","sameAs":["https:\/\/fjala.info\/"],"url":"https:\/\/fjala.info\/2009-2015\/author\/admin\/"}]}},"_links":{"self":[{"href":"https:\/\/fjala.info\/2009-2015\/wp-json\/wp\/v2\/posts\/11507","targetHints":{"allow":["GET"]}}],"collection":[{"href":"https:\/\/fjala.info\/2009-2015\/wp-json\/wp\/v2\/posts"}],"about":[{"href":"https:\/\/fjala.info\/2009-2015\/wp-json\/wp\/v2\/types\/post"}],"author":[{"embeddable":true,"href":"https:\/\/fjala.info\/2009-2015\/wp-json\/wp\/v2\/users\/1"}],"replies":[{"embeddable":true,"href":"https:\/\/fjala.info\/2009-2015\/wp-json\/wp\/v2\/comments?post=11507"}],"version-history":[{"count":0,"href":"https:\/\/fjala.info\/2009-2015\/wp-json\/wp\/v2\/posts\/11507\/revisions"}],"wp:attachment":[{"href":"https:\/\/fjala.info\/2009-2015\/wp-json\/wp\/v2\/media?parent=11507"}],"wp:term":[{"taxonomy":"category","embeddable":true,"href":"https:\/\/fjala.info\/2009-2015\/wp-json\/wp\/v2\/categories?post=11507"},{"taxonomy":"post_tag","embeddable":true,"href":"https:\/\/fjala.info\/2009-2015\/wp-json\/wp\/v2\/tags?post=11507"}],"curies":[{"name":"wp","href":"https:\/\/api.w.org\/{rel}","templated":true}]}}