{"id":11506,"date":"2011-12-03T22:04:52","date_gmt":"2011-12-03T21:04:52","guid":{"rendered":"http:\/\/fjala.shkoder.net\/?p=469"},"modified":"2011-12-03T22:04:52","modified_gmt":"2011-12-03T21:04:52","slug":"pergjegjesia-detyrim-moral-i-politikanit","status":"publish","type":"post","link":"https:\/\/fjala.info\/2009-2015\/pergjegjesia-detyrim-moral-i-politikanit\/","title":{"rendered":"P\u00cbRGJEGJ\u00cbSIA DETYRIM MORAL I POLITIKANIT"},"content":{"rendered":"<p><img decoding=\"async\" class=\"alignright size-thumbnail wp-image-7236\" title=\"Dr. Nail Draga\" src=\"http:\/\/www.shkoder.net\/images\/fjala\/nail_draga.jpg\" alt=\"\" width=\"150\" \/> <em><strong>Diskursi socio-politik<\/strong><\/em><\/p>\n<p><strong>N\u00eb vendet me sisteme t\u00eb konsoliduara demokratike ku funksionon shteti ligjor p\u00ebrgjegj\u00ebsia e politikanit \u00ebsht\u00eb \u00e7\u00ebshtje morale dhe profesionale, sepse ai n\u00eb qeverisje nuk p\u00ebrfaq\u00ebson veht\u00ebn apo subjektin p\u00ebrkat\u00ebs, por qytetar\u00ebt n\u00eb p\u00ebrgjith\u00ebsi pamarr\u00eb parasysh a jan\u00eb ato votues t\u00eb pozit\u00ebs apo t\u00eb opozit\u00ebs<\/strong><\/p>\n<p><strong>Dr. Nail Draga<\/strong><\/p>\n<p>Ndryshimet shoq\u00ebrore q\u00eb p\u00ebsuan vendet e ish kampit socialist pas vitit 1990 m\u00eb miratimin e pluralizmit politik, ofruan mund\u00ebsi t\u00eb qytetar\u00ebt p\u00ebrkat\u00ebsiht t\u00eb elektorati votues t\u00eb zgjedhin p\u00ebrfaq\u00ebsuesit e tyre p\u00ebrmes subjekt\u00ebve t\u00eb ndryshme politike. Dhe \u00ebsht\u00eb kjo koha e distancimit nga imponimi i kuadrave udh\u00ebheq\u00ebse, sepse p\u00ebr t\u00eb par\u00ebn her\u00eb personat e ndrysh\u00ebm votoheshin p\u00ebr t\u00eb fituar mandatin e tyre. N\u00eb rrethana t\u00eb reja filloj t\u00eb krijohet nj\u00eb struktur\u00eb e re udh\u00ebheq\u00ebsish q\u00eb ndryshe quhet klas\u00eb politike e cila kishte munges\u00ebn e p\u00ebrvoj\u00ebs politike.<\/p>\n<p><strong>Politikan\u00ebt mediok\u00ebr<\/strong><br \/>\nPor, p\u00ebrvoja e deritashme n\u00eb k\u00ebto vitet e pluralizmit d\u00ebshmon p\u00ebr formimin e nj\u00eb kategorie t\u00eb ve\u00e7ant\u00eb t\u00eb politikan\u00ebve e ato jan\u00eb politikan\u00ebt mediok\u00ebr. Kjo kategori e politikan\u00ebve ve\u00e7ohet me cil\u00ebsi t\u00eb sindromit individual sepse nuk jan\u00eb t\u00eb d\u00ebshmuar n\u00eb profesionin e tyre, ju mungon p\u00ebrvoja udh\u00ebheq\u00ebse, nuk dijn\u00eb t\u00eb punojn\u00eb n\u00eb grup, dhe si t\u00eb till\u00eb rreth veht\u00ebs afrojn\u00eb kuadra t\u00eb dob\u00ebta, diletant\u00eb e anonimus sepse p\u00ebrmes tyre realizojn\u00eb m\u00eb leht\u00eb objektivat e tyre. T\u00eb till\u00ebt nuk mund t\u00eb pranojn\u00eb konkurenc\u00ebn, as individet e p\u00ebrgatitur dhe t\u00eb d\u00ebshmuar n\u00eb profesionin e tyre sepse e shohin veht\u00ebn t\u00eb rrezikuar.<\/p>\n<p>Madje ata shkojn\u00eb aq larg sa pa hezitim qytetar\u00ebt i ndajn\u00eb n\u00eb pozit\u00eb e opozit\u00eb, pra n\u00eb votues t\u00eb tyre dhe n\u00eb kund\u00ebrshtar\u00eb. Por, jo rrall\u00eb ndodh\u00eb q\u00eb kund\u00ebrshtar\u00ebt politik\u00eb t\u00eb cil\u00ebsohen edhe si armiq, sidomos kur jan\u00eb n\u00eb pyetje interesat e ngushta personale apo t\u00eb grupeve e klan\u00ebve t\u00eb ndryshme. Dhe nj\u00eb konstatim i till\u00eb nuk \u00ebsht\u00eb trillim por realitet i hidhur q\u00eb \u00ebsht\u00eb manifestuar n\u00eb m\u00ebnyr\u00eb transparente, ku komuna e Ulqinit, \u00ebsht\u00eb rast tipik p\u00ebr hulumtime t\u00eb ve\u00e7anta.<\/p>\n<p><strong>P\u00ebrgjegj\u00ebsia detyrim moral<\/strong><br \/>\nN\u00eb jet\u00ebn e p\u00ebrditshme na takon shpesh t\u00eb d\u00ebgjojm\u00eb shprehjen p\u00ebrgj\u00ebgj\u00ebsi q\u00eb var\u00ebsisht prej individ\u00ebve, mund t\u00eb interpretohet n\u00eb forma t\u00eb ndryshme. Por, sipas Fjalorit t\u00eb Gjuh\u00ebs s\u00eb Sotme Shqipe ajo ka kuptimin:<\/p>\n<p>1.Detyrimi q\u00eb ka dikush p\u00ebr t&#8217;u p\u00ebrgjigjur e p\u00ebr t\u00eb dh\u00ebn\u00eb llogari p\u00ebr pun\u00ebn e veprimet e veta, p\u00ebr di\u00e7ka q\u00eb ka ndodhur etj.; detyrimi ose pesha e fajit q\u00eb bie mbi dik\u00eb p\u00ebr di\u00e7ka q\u00eb ka ndodhur\u201d apo<\/p>\n<p>2.Ndjenj\u00eb e lart\u00eb q\u00eb ka njeriu, i cili merr p\u00ebrsip\u00ebr me vullnet t\u00eb kryej\u00eb sa m\u00eb mir\u00eb nj\u00eb pun\u00eb, nj\u00eb detyr\u00eb t\u00eb ngarkuar nga shoq\u00ebria etj\u201d.<\/p>\n<p>Por, m\u00eb t\u00eb drejt shtrohet pyetja se ndaj kuj t\u00eb jepet llogari; qytetarit, votuesve, subjektit politik apo institucionit ku e ushtron funksionin. A ka dallime dhe p\u00ebrjashtime n\u00eb ket\u00eb aspekt dhe cili duhet t\u00eb jet\u00eb qendrimi i personave p\u00ebrkat\u00ebs, t\u00eb cil\u00ebt jan\u00eb t\u00eb veshur me funksionin e politikanit. Duke marr\u00eb parasysh\u00eb se pjesa d\u00ebrmuese e kuadrove udh\u00ebheq\u00ebse jan\u00eb p\u00ebrfaq\u00ebsues t\u00eb subjekteve t\u00eb ndryshme politike ata nj\u00ebherit jan\u00eb p\u00ebrfaq\u00ebsuesit autentik t\u00eb tyre. Madje suksesi dhe moskusksesi i tyre i mveshet subjektit p\u00ebrkat\u00ebs.<\/p>\n<p><strong>Pun\u00ebs duhet gjetur njeriun <\/strong><br \/>\nPor, p\u00ebr mos realizimin e objektivave individ\u00ebt p\u00ebtkat\u00ebs p\u00ebrve\u00e7 p\u00ebrgjegj\u00ebsis\u00eb morale, ata kan\u00eb edhe p\u00ebrgjegj\u00ebsi politike para subjektit i cili i ka propozuar n\u00eb vendin p\u00ebrkat\u00ebs. K\u00ebtu nuk mund t\u00eb anashkalohet as p\u00ebrgjegj\u00ebsia profesionale, sepse nuk jan\u00eb d\u00ebshmuar vlerat profesionale, dhe se nj\u00eb angazhim n\u00eb ket\u00eb aspekt ishte d\u00ebshtim, sepse nuk ka justifikuar besimin e dh\u00ebn\u00eb. Andaj, subjektet serioze politike t\u00eb cilat kan\u00eb kapacitete kadrovike n\u00eb vendet udh\u00ebheq\u00ebse ofrojn\u00eb kuadra t\u00eb d\u00ebshmuara n\u00eb profesionin e tyre. E kund\u00ebrta ndodh\u00eb me ata subjekte ku \u00e7\u00ebshtjet e tilla i trajtojn\u00eb n\u00eb m\u00ebnyr\u00eb formale, duke mos ofruar zgjidhje kadrovike, por zgjidhje sociale p\u00ebr militant\u00ebt e tyre partiak\u00eb.<\/p>\n<p>Veprimet e tilla jan\u00eb p\u00ebr \u00e7do kritik\u00eb me pasoja sepse pun\u00ebs duhet gjetur njeriun e jo njeriut pun\u00ebn. Ata t\u00eb cil\u00ebt e kan\u00eb kuptuar m\u00eb koh\u00eb nj\u00eb th\u00ebnie t\u00eb till\u00eb, jan\u00eb t\u00eb pranuesh\u00ebm n\u00eb mjedisin p\u00ebrkat\u00ebs si nga pozita dhe opozita, por nj\u00ebherit kan\u00eb edhe jet\u00ebgjat\u00ebsi n\u00eb sken\u00ebn politike.<\/p>\n<p><strong>P\u00ebrgjegj\u00ebsia para elektoratit <\/strong><br \/>\nN\u00eb \u00e7do vend t\u00eb bot\u00ebs aty ku respektohen parimet demokratike p\u00ebrfaq\u00ebsuesi i zgjedhur apo votuar nga populli, fillimisht ka p\u00ebrgjegj\u00ebsi para veht\u00ebs, subjektit q\u00eb e ka kandiduar e n\u00eb ve\u00e7anti ka p\u00ebrgjegj\u00ebsi para elektoratit t\u00eb tij. N\u00ebse e trajtojm\u00eb n\u00eb detaje ket\u00eb \u00e7\u00ebshtje, nuk ka dilem\u00eb se p\u00ebrgjegj\u00ebsia ndaj elektoratit votues ka pesh\u00eb t\u00eb ve\u00e7ant\u00eb, sepse ai me votat e tyre ka arritur n\u00eb pozit\u00ebn e pushtetit. Dhe \u00ebsht\u00eb pik\u00ebrisht qytetari p\u00ebrkat\u00ebsisht elektorati i cili vler\u00ebson angazhimin p\u00ebr \u00e7\u00ebshtjet preokupuese t\u00eb popullat\u00ebs gjegj\u00ebse. Nuk ka dilem\u00eb se \u00ebsht\u00eb qytetari i pari ai i cili politikanin e vendos\u00eb para p\u00ebrgjegj\u00ebsis\u00eb, sepse ai \u00ebsht\u00eb p\u00ebrfaq\u00ebsuesi autentik i tyre.<\/p>\n<p>Nd\u00ebrsa \u00e7\u00ebshtje tjet\u00ebr paraqet aspekti kohor se ku dhe kur fillon p\u00ebrgjegj\u00ebsia e politikanit. Dhe nj\u00eb veprim i till\u00eb nuk ka dilem\u00eb se nuk mund t\u00eb jet\u00eb i pranuesh\u00ebm nga momenti kur ai ka filluar mandatin, por logjikisht pas kalimit t\u00eb gjysm\u00ebs s\u00eb mandatit t\u00eb tij. N\u00ebse politikani serioz ka pasur kontakte t\u00eb vazhdueshme me elektoratin e tij dhe \u00ebsht\u00eb angazhuar p\u00ebr t\u00eb realizuar premtimet nga fushata zgjedhore, duke mos i len\u00eb ata deri n\u00eb muajt e fundit t\u00eb mandatit t\u00eb tij, t\u00eb till\u00ebt do t\u00eb mbeshtet\u00ebn edhe n\u00eb mandatin tjet\u00ebr por e kund\u00ebrta ndodh me ata t\u00eb cil\u00ebt nuk kan\u00eb realizuar asgj\u00eb nga premtimet gjat\u00eb fushat\u00ebs. Duke marr\u00eb parasysh se subjektet politike p\u00ebrfaq\u00ebsohen p\u00ebrmes individeve t\u00eb ndrysh\u00ebm, jan\u00eb pik\u00ebrisht ata t\u00eb cil\u00ebt ngrisin apo ulin vlerat e subjektit politik t\u00eb cilin e p\u00ebrfaq\u00ebsojn\u00eb. Andaj, p\u00ebrzgjedhja e indvid\u00ebve me autoritet e p\u00ebrgatitje profesionale n\u00eb mjedisin p\u00ebrkat\u00ebs ka vlera shum\u00ebdimensionale.<\/p>\n<p><strong>Premtimet e parealizuara<\/strong><br \/>\nPremtimet n\u00eb fushatat zgjedhore jan\u00eb ber\u00eb dukuri e njohur kudo kur mbah\u00ebn zgjedhjet qofshin ata lokale apo shtet\u00ebrore. N\u00eb k\u00ebt\u00eb aspekt rasti i komun\u00ebs s\u00eb Ulqinit \u00ebsht\u00eb specifik, sepse ekzekutivi aktual gjat\u00eb mandatit kat\u00ebr vje\u00e7ar nuk ka mundur t\u00eb realizoj asnj\u00eb projekt kapital q\u00eb iu kan\u00eb premtuar qytetar\u00ebve. K\u00ebshtu p.sh. edhe pse \u00ebsht\u00eb premtuar disa her\u00eb nd\u00ebrtimi i qendr\u00ebs s\u00eb Kat\u00ebrkoll\u00ebs, madje edhe me buxhet jan\u00eb ndar\u00eb mjete t\u00eb konsiderueshme financiare disa vite nga 300.000 euro, aty nuk \u00ebsht\u00eb investuar asnj\u00eb euro!.<\/p>\n<p>Nj\u00eb veprim i till\u00eb nuk ndodh\u00eb vet\u00ebm nj\u00eb vit, por disa vite ku mbah\u00ebn zgjedhje lokale(2006, maj 2010, tetor 2010) dhe zgjedhje parlamentare(mars 2009), nd\u00ebrsa \u00e7do gj\u00eb vazhdon m\u00eb t\u00eb vjetr\u00ebn. Por, \u00e7udia ndodh me elektoratin votues q\u00eb p\u00ebrs\u00ebri voton ata t\u00eb cil\u00ebt i kan\u00eb mashtuar vite m\u00eb radh\u00eb. Nuk ka dilem\u00eb s\u00eb nj\u00eb dukuri e till\u00eb \u00ebsht\u00eb specifike p\u00ebr ket\u00eb mjedis, sepse t\u00eb mashtrohet nj\u00eb mas\u00eb nj\u00eb her\u00eb mund t\u00eb kuptohet, por t\u00eb mashtrohet dy dhe tri her\u00eb n\u00eb nj\u00eb afat kohor prej pak\u00eb vit\u00ebsh, paraqet dilem\u00eb p\u00ebr hulumtim.<\/p>\n<p><strong>P\u00ebrgjegj\u00ebsia edhe pas mandatit<\/strong><br \/>\nN\u00eb ato vende ku respektohet ligji, p\u00ebrfaq\u00ebsues t\u00eb politik\u00ebs gjykoh\u00ebn dhe denohen p\u00ebr veprat e kryera, kryesisht abuzim me funksionin p\u00ebrkat\u00ebsisht pushtetin e afera t\u00eb tjera, edhe kur nuk jan\u00eb n\u00eb funksione. Nj\u00eb veprim i till\u00eb d\u00ebshmon s\u00eb delikti i kryer nuk vjetrohet dhe se personi p\u00ebrkat\u00ebs, do t\u00eb marr\u00eb denimin e merituar her\u00ebt a von\u00eb p\u00ebr vepren e kryer, pa marr\u00eb parasysh se i ka p\u00ebrfunduar mandati. Rastet analoge n\u00eb vendet per\u00ebndimore jan\u00eb d\u00ebshmi e funksionimit t\u00eb demokracis\u00eb dhe t\u00eb shtetit ligjor. Vet\u00ebm veprimet e tilla konkrete do ti jepnin kurajo qytetar\u00ebve p\u00ebr funksionim t\u00eb shtetit ligjor, q\u00eb duhet t\u00eb jet\u00eb moto e t\u00eb gjitha pushteteve ekzekutive, ashtu sikurse veprohet n\u00eb demokracit\u00eb e per\u00ebndimore.<\/p>\n<p>Praktika e deri tashme ka d\u00ebshmuar se n\u00eb kujtes\u00eb kan\u00eb mbetur vet\u00ebm ata politikan t\u00eb cil\u00ebt kan\u00eb l\u00ebn\u00eb em\u00ebr apo vepra, t\u00eb cil\u00ebt kan\u00eb bashk\u00ebpunuar e afruar kuadra e nuk kan\u00eb qen\u00eb rob t\u00eb interesave t\u00eb ngushta personale, partiake, klaneve apo grupeve t\u00eb interesit. T\u00eb till\u00ebt t\u00eb cil\u00ebt p\u00ebr fat te keq n\u00eb koh\u00ebn ton\u00eb jan\u00eb shum\u00eb pak, do t\u00eb sh\u00ebrbejn\u00eb si model edhe p\u00ebr brezat e ardhsh\u00ebm.<br \/>\n(Maj, 2011)<\/p>\n","protected":false},"excerpt":{"rendered":"<p>Diskursi socio-politik N\u00eb vendet me sisteme t\u00eb konsoliduara demokratike ku funksionon shteti ligjor p\u00ebrgjegj\u00ebsia e politikanit \u00ebsht\u00eb \u00e7\u00ebshtje morale dhe profesionale, sepse ai n\u00eb qeverisje nuk p\u00ebrfaq\u00ebson veht\u00ebn apo subjektin p\u00ebrkat\u00ebs, por qytetar\u00ebt n\u00eb p\u00ebrgjith\u00ebsi pamarr\u00eb parasysh a jan\u00eb ato votues t\u00eb pozit\u00ebs apo t\u00eb opozit\u00ebs Dr. Nail Draga Ndryshimet shoq\u00ebrore q\u00eb p\u00ebsuan vendet e [&hellip;]<\/p>\n","protected":false},"author":1,"featured_media":0,"comment_status":"open","ping_status":"closed","sticky":false,"template":"","format":"standard","meta":{"footnotes":""},"categories":[2],"tags":[],"class_list":{"0":"post-11506","1":"post","2":"type-post","3":"status-publish","4":"format-standard","6":"category-artikuj"},"yoast_head":"<!-- This site is optimized with the Yoast SEO plugin v27.4 - https:\/\/yoast.com\/product\/yoast-seo-wordpress\/ -->\n<title>P\u00cbRGJEGJ\u00cbSIA DETYRIM MORAL I POLITIKANIT - FjALA e LIR\u00cb - Arkivi<\/title>\n<meta name=\"robots\" content=\"index, follow, max-snippet:-1, max-image-preview:large, max-video-preview:-1\" \/>\n<link rel=\"canonical\" href=\"https:\/\/fjala.info\/2009-2015\/pergjegjesia-detyrim-moral-i-politikanit\/\" \/>\n<meta property=\"og:locale\" content=\"sq_AL\" \/>\n<meta property=\"og:type\" content=\"article\" \/>\n<meta property=\"og:title\" content=\"P\u00cbRGJEGJ\u00cbSIA DETYRIM MORAL I POLITIKANIT - FjALA e LIR\u00cb - Arkivi\" \/>\n<meta property=\"og:description\" content=\"Diskursi socio-politik N\u00eb vendet me sisteme t\u00eb konsoliduara demokratike ku funksionon shteti ligjor p\u00ebrgjegj\u00ebsia e politikanit \u00ebsht\u00eb \u00e7\u00ebshtje morale dhe profesionale, sepse ai n\u00eb qeverisje nuk p\u00ebrfaq\u00ebson veht\u00ebn apo subjektin p\u00ebrkat\u00ebs, por qytetar\u00ebt n\u00eb p\u00ebrgjith\u00ebsi pamarr\u00eb parasysh a jan\u00eb ato votues t\u00eb pozit\u00ebs apo t\u00eb opozit\u00ebs Dr. Nail Draga Ndryshimet shoq\u00ebrore q\u00eb p\u00ebsuan vendet e [&hellip;]\" \/>\n<meta property=\"og:url\" content=\"https:\/\/fjala.info\/2009-2015\/pergjegjesia-detyrim-moral-i-politikanit\/\" \/>\n<meta property=\"og:site_name\" content=\"FjALA e LIR\u00cb - Arkivi\" \/>\n<meta property=\"article:published_time\" content=\"2011-12-03T21:04:52+00:00\" \/>\n<meta property=\"og:image\" content=\"http:\/\/www.shkoder.net\/images\/fjala\/nail_draga.jpg\" \/>\n<meta name=\"author\" content=\"admin\" \/>\n<meta name=\"twitter:card\" content=\"summary_large_image\" \/>\n<meta name=\"twitter:label1\" content=\"Written by\" \/>\n\t<meta name=\"twitter:data1\" content=\"admin\" \/>\n\t<meta name=\"twitter:label2\" content=\"Est. reading time\" \/>\n\t<meta name=\"twitter:data2\" content=\"8 minutes\" \/>\n<script type=\"application\/ld+json\" class=\"yoast-schema-graph\">{\"@context\":\"https:\\\/\\\/schema.org\",\"@graph\":[{\"@type\":\"Article\",\"@id\":\"https:\\\/\\\/fjala.info\\\/2009-2015\\\/pergjegjesia-detyrim-moral-i-politikanit\\\/#article\",\"isPartOf\":{\"@id\":\"https:\\\/\\\/fjala.info\\\/2009-2015\\\/pergjegjesia-detyrim-moral-i-politikanit\\\/\"},\"author\":{\"name\":\"admin\",\"@id\":\"https:\\\/\\\/fjala.info\\\/2009-2015\\\/#\\\/schema\\\/person\\\/3aa1163ef05469c496fc94e77611ada2\"},\"headline\":\"P\u00cbRGJEGJ\u00cbSIA DETYRIM MORAL I POLITIKANIT\",\"datePublished\":\"2011-12-03T21:04:52+00:00\",\"mainEntityOfPage\":{\"@id\":\"https:\\\/\\\/fjala.info\\\/2009-2015\\\/pergjegjesia-detyrim-moral-i-politikanit\\\/\"},\"wordCount\":1534,\"commentCount\":0,\"publisher\":{\"@id\":\"https:\\\/\\\/fjala.info\\\/2009-2015\\\/#organization\"},\"image\":{\"@id\":\"https:\\\/\\\/fjala.info\\\/2009-2015\\\/pergjegjesia-detyrim-moral-i-politikanit\\\/#primaryimage\"},\"thumbnailUrl\":\"http:\\\/\\\/www.shkoder.net\\\/images\\\/fjala\\\/nail_draga.jpg\",\"articleSection\":[\"Artikuj\"],\"inLanguage\":\"sq-AL\",\"potentialAction\":[{\"@type\":\"CommentAction\",\"name\":\"Comment\",\"target\":[\"https:\\\/\\\/fjala.info\\\/2009-2015\\\/pergjegjesia-detyrim-moral-i-politikanit\\\/#respond\"]}]},{\"@type\":\"WebPage\",\"@id\":\"https:\\\/\\\/fjala.info\\\/2009-2015\\\/pergjegjesia-detyrim-moral-i-politikanit\\\/\",\"url\":\"https:\\\/\\\/fjala.info\\\/2009-2015\\\/pergjegjesia-detyrim-moral-i-politikanit\\\/\",\"name\":\"P\u00cbRGJEGJ\u00cbSIA DETYRIM MORAL I POLITIKANIT - FjALA e LIR\u00cb - Arkivi\",\"isPartOf\":{\"@id\":\"https:\\\/\\\/fjala.info\\\/2009-2015\\\/#website\"},\"primaryImageOfPage\":{\"@id\":\"https:\\\/\\\/fjala.info\\\/2009-2015\\\/pergjegjesia-detyrim-moral-i-politikanit\\\/#primaryimage\"},\"image\":{\"@id\":\"https:\\\/\\\/fjala.info\\\/2009-2015\\\/pergjegjesia-detyrim-moral-i-politikanit\\\/#primaryimage\"},\"thumbnailUrl\":\"http:\\\/\\\/www.shkoder.net\\\/images\\\/fjala\\\/nail_draga.jpg\",\"datePublished\":\"2011-12-03T21:04:52+00:00\",\"breadcrumb\":{\"@id\":\"https:\\\/\\\/fjala.info\\\/2009-2015\\\/pergjegjesia-detyrim-moral-i-politikanit\\\/#breadcrumb\"},\"inLanguage\":\"sq-AL\",\"potentialAction\":[{\"@type\":\"ReadAction\",\"target\":[\"https:\\\/\\\/fjala.info\\\/2009-2015\\\/pergjegjesia-detyrim-moral-i-politikanit\\\/\"]}]},{\"@type\":\"ImageObject\",\"inLanguage\":\"sq-AL\",\"@id\":\"https:\\\/\\\/fjala.info\\\/2009-2015\\\/pergjegjesia-detyrim-moral-i-politikanit\\\/#primaryimage\",\"url\":\"http:\\\/\\\/www.shkoder.net\\\/images\\\/fjala\\\/nail_draga.jpg\",\"contentUrl\":\"http:\\\/\\\/www.shkoder.net\\\/images\\\/fjala\\\/nail_draga.jpg\"},{\"@type\":\"BreadcrumbList\",\"@id\":\"https:\\\/\\\/fjala.info\\\/2009-2015\\\/pergjegjesia-detyrim-moral-i-politikanit\\\/#breadcrumb\",\"itemListElement\":[{\"@type\":\"ListItem\",\"position\":1,\"name\":\"Home\",\"item\":\"https:\\\/\\\/fjala.info\\\/2009-2015\\\/\"},{\"@type\":\"ListItem\",\"position\":2,\"name\":\"P\u00cbRGJEGJ\u00cbSIA DETYRIM MORAL I POLITIKANIT\"}]},{\"@type\":\"WebSite\",\"@id\":\"https:\\\/\\\/fjala.info\\\/2009-2015\\\/#website\",\"url\":\"https:\\\/\\\/fjala.info\\\/2009-2015\\\/\",\"name\":\"FjALA e LIR\u00cb - Arkivi\",\"description\":\"Arkivi 2009-2015\",\"publisher\":{\"@id\":\"https:\\\/\\\/fjala.info\\\/2009-2015\\\/#organization\"},\"potentialAction\":[{\"@type\":\"SearchAction\",\"target\":{\"@type\":\"EntryPoint\",\"urlTemplate\":\"https:\\\/\\\/fjala.info\\\/2009-2015\\\/?s={search_term_string}\"},\"query-input\":{\"@type\":\"PropertyValueSpecification\",\"valueRequired\":true,\"valueName\":\"search_term_string\"}}],\"inLanguage\":\"sq-AL\"},{\"@type\":\"Organization\",\"@id\":\"https:\\\/\\\/fjala.info\\\/2009-2015\\\/#organization\",\"name\":\"FjALA e LIR\u00cb - Arkivi\",\"url\":\"https:\\\/\\\/fjala.info\\\/2009-2015\\\/\",\"logo\":{\"@type\":\"ImageObject\",\"inLanguage\":\"sq-AL\",\"@id\":\"https:\\\/\\\/fjala.info\\\/2009-2015\\\/#\\\/schema\\\/logo\\\/image\\\/\",\"url\":\"\",\"contentUrl\":\"\",\"caption\":\"FjALA e LIR\u00cb - Arkivi\"},\"image\":{\"@id\":\"https:\\\/\\\/fjala.info\\\/2009-2015\\\/#\\\/schema\\\/logo\\\/image\\\/\"}},{\"@type\":\"Person\",\"@id\":\"https:\\\/\\\/fjala.info\\\/2009-2015\\\/#\\\/schema\\\/person\\\/3aa1163ef05469c496fc94e77611ada2\",\"name\":\"admin\",\"image\":{\"@type\":\"ImageObject\",\"inLanguage\":\"sq-AL\",\"@id\":\"https:\\\/\\\/fjala.info\\\/2009-2015\\\/wp-content\\\/uploads\\\/2012\\\/02\\\/arben_cokaj-120x150.jpg\",\"url\":\"https:\\\/\\\/fjala.info\\\/2009-2015\\\/wp-content\\\/uploads\\\/2012\\\/02\\\/arben_cokaj-120x150.jpg\",\"contentUrl\":\"https:\\\/\\\/fjala.info\\\/2009-2015\\\/wp-content\\\/uploads\\\/2012\\\/02\\\/arben_cokaj-120x150.jpg\",\"caption\":\"admin\"},\"description\":\"Admin, Fjala e Lir\u00eb\",\"sameAs\":[\"https:\\\/\\\/fjala.info\\\/\"],\"url\":\"https:\\\/\\\/fjala.info\\\/2009-2015\\\/author\\\/admin\\\/\"}]}<\/script>\n<!-- \/ Yoast SEO plugin. -->","yoast_head_json":{"title":"P\u00cbRGJEGJ\u00cbSIA DETYRIM MORAL I POLITIKANIT - FjALA e LIR\u00cb - Arkivi","robots":{"index":"index","follow":"follow","max-snippet":"max-snippet:-1","max-image-preview":"max-image-preview:large","max-video-preview":"max-video-preview:-1"},"canonical":"https:\/\/fjala.info\/2009-2015\/pergjegjesia-detyrim-moral-i-politikanit\/","og_locale":"sq_AL","og_type":"article","og_title":"P\u00cbRGJEGJ\u00cbSIA DETYRIM MORAL I POLITIKANIT - FjALA e LIR\u00cb - Arkivi","og_description":"Diskursi socio-politik N\u00eb vendet me sisteme t\u00eb konsoliduara demokratike ku funksionon shteti ligjor p\u00ebrgjegj\u00ebsia e politikanit \u00ebsht\u00eb \u00e7\u00ebshtje morale dhe profesionale, sepse ai n\u00eb qeverisje nuk p\u00ebrfaq\u00ebson veht\u00ebn apo subjektin p\u00ebrkat\u00ebs, por qytetar\u00ebt n\u00eb p\u00ebrgjith\u00ebsi pamarr\u00eb parasysh a jan\u00eb ato votues t\u00eb pozit\u00ebs apo t\u00eb opozit\u00ebs Dr. Nail Draga Ndryshimet shoq\u00ebrore q\u00eb p\u00ebsuan vendet e [&hellip;]","og_url":"https:\/\/fjala.info\/2009-2015\/pergjegjesia-detyrim-moral-i-politikanit\/","og_site_name":"FjALA e LIR\u00cb - Arkivi","article_published_time":"2011-12-03T21:04:52+00:00","og_image":[{"url":"http:\/\/www.shkoder.net\/images\/fjala\/nail_draga.jpg","type":"","width":"","height":""}],"author":"admin","twitter_card":"summary_large_image","twitter_misc":{"Written by":"admin","Est. reading time":"8 minutes"},"schema":{"@context":"https:\/\/schema.org","@graph":[{"@type":"Article","@id":"https:\/\/fjala.info\/2009-2015\/pergjegjesia-detyrim-moral-i-politikanit\/#article","isPartOf":{"@id":"https:\/\/fjala.info\/2009-2015\/pergjegjesia-detyrim-moral-i-politikanit\/"},"author":{"name":"admin","@id":"https:\/\/fjala.info\/2009-2015\/#\/schema\/person\/3aa1163ef05469c496fc94e77611ada2"},"headline":"P\u00cbRGJEGJ\u00cbSIA DETYRIM MORAL I POLITIKANIT","datePublished":"2011-12-03T21:04:52+00:00","mainEntityOfPage":{"@id":"https:\/\/fjala.info\/2009-2015\/pergjegjesia-detyrim-moral-i-politikanit\/"},"wordCount":1534,"commentCount":0,"publisher":{"@id":"https:\/\/fjala.info\/2009-2015\/#organization"},"image":{"@id":"https:\/\/fjala.info\/2009-2015\/pergjegjesia-detyrim-moral-i-politikanit\/#primaryimage"},"thumbnailUrl":"http:\/\/www.shkoder.net\/images\/fjala\/nail_draga.jpg","articleSection":["Artikuj"],"inLanguage":"sq-AL","potentialAction":[{"@type":"CommentAction","name":"Comment","target":["https:\/\/fjala.info\/2009-2015\/pergjegjesia-detyrim-moral-i-politikanit\/#respond"]}]},{"@type":"WebPage","@id":"https:\/\/fjala.info\/2009-2015\/pergjegjesia-detyrim-moral-i-politikanit\/","url":"https:\/\/fjala.info\/2009-2015\/pergjegjesia-detyrim-moral-i-politikanit\/","name":"P\u00cbRGJEGJ\u00cbSIA DETYRIM MORAL I POLITIKANIT - FjALA e LIR\u00cb - Arkivi","isPartOf":{"@id":"https:\/\/fjala.info\/2009-2015\/#website"},"primaryImageOfPage":{"@id":"https:\/\/fjala.info\/2009-2015\/pergjegjesia-detyrim-moral-i-politikanit\/#primaryimage"},"image":{"@id":"https:\/\/fjala.info\/2009-2015\/pergjegjesia-detyrim-moral-i-politikanit\/#primaryimage"},"thumbnailUrl":"http:\/\/www.shkoder.net\/images\/fjala\/nail_draga.jpg","datePublished":"2011-12-03T21:04:52+00:00","breadcrumb":{"@id":"https:\/\/fjala.info\/2009-2015\/pergjegjesia-detyrim-moral-i-politikanit\/#breadcrumb"},"inLanguage":"sq-AL","potentialAction":[{"@type":"ReadAction","target":["https:\/\/fjala.info\/2009-2015\/pergjegjesia-detyrim-moral-i-politikanit\/"]}]},{"@type":"ImageObject","inLanguage":"sq-AL","@id":"https:\/\/fjala.info\/2009-2015\/pergjegjesia-detyrim-moral-i-politikanit\/#primaryimage","url":"http:\/\/www.shkoder.net\/images\/fjala\/nail_draga.jpg","contentUrl":"http:\/\/www.shkoder.net\/images\/fjala\/nail_draga.jpg"},{"@type":"BreadcrumbList","@id":"https:\/\/fjala.info\/2009-2015\/pergjegjesia-detyrim-moral-i-politikanit\/#breadcrumb","itemListElement":[{"@type":"ListItem","position":1,"name":"Home","item":"https:\/\/fjala.info\/2009-2015\/"},{"@type":"ListItem","position":2,"name":"P\u00cbRGJEGJ\u00cbSIA DETYRIM MORAL I POLITIKANIT"}]},{"@type":"WebSite","@id":"https:\/\/fjala.info\/2009-2015\/#website","url":"https:\/\/fjala.info\/2009-2015\/","name":"FjALA e LIR\u00cb - Arkivi","description":"Arkivi 2009-2015","publisher":{"@id":"https:\/\/fjala.info\/2009-2015\/#organization"},"potentialAction":[{"@type":"SearchAction","target":{"@type":"EntryPoint","urlTemplate":"https:\/\/fjala.info\/2009-2015\/?s={search_term_string}"},"query-input":{"@type":"PropertyValueSpecification","valueRequired":true,"valueName":"search_term_string"}}],"inLanguage":"sq-AL"},{"@type":"Organization","@id":"https:\/\/fjala.info\/2009-2015\/#organization","name":"FjALA e LIR\u00cb - Arkivi","url":"https:\/\/fjala.info\/2009-2015\/","logo":{"@type":"ImageObject","inLanguage":"sq-AL","@id":"https:\/\/fjala.info\/2009-2015\/#\/schema\/logo\/image\/","url":"","contentUrl":"","caption":"FjALA e LIR\u00cb - Arkivi"},"image":{"@id":"https:\/\/fjala.info\/2009-2015\/#\/schema\/logo\/image\/"}},{"@type":"Person","@id":"https:\/\/fjala.info\/2009-2015\/#\/schema\/person\/3aa1163ef05469c496fc94e77611ada2","name":"admin","image":{"@type":"ImageObject","inLanguage":"sq-AL","@id":"https:\/\/fjala.info\/2009-2015\/wp-content\/uploads\/2012\/02\/arben_cokaj-120x150.jpg","url":"https:\/\/fjala.info\/2009-2015\/wp-content\/uploads\/2012\/02\/arben_cokaj-120x150.jpg","contentUrl":"https:\/\/fjala.info\/2009-2015\/wp-content\/uploads\/2012\/02\/arben_cokaj-120x150.jpg","caption":"admin"},"description":"Admin, Fjala e Lir\u00eb","sameAs":["https:\/\/fjala.info\/"],"url":"https:\/\/fjala.info\/2009-2015\/author\/admin\/"}]}},"_links":{"self":[{"href":"https:\/\/fjala.info\/2009-2015\/wp-json\/wp\/v2\/posts\/11506","targetHints":{"allow":["GET"]}}],"collection":[{"href":"https:\/\/fjala.info\/2009-2015\/wp-json\/wp\/v2\/posts"}],"about":[{"href":"https:\/\/fjala.info\/2009-2015\/wp-json\/wp\/v2\/types\/post"}],"author":[{"embeddable":true,"href":"https:\/\/fjala.info\/2009-2015\/wp-json\/wp\/v2\/users\/1"}],"replies":[{"embeddable":true,"href":"https:\/\/fjala.info\/2009-2015\/wp-json\/wp\/v2\/comments?post=11506"}],"version-history":[{"count":0,"href":"https:\/\/fjala.info\/2009-2015\/wp-json\/wp\/v2\/posts\/11506\/revisions"}],"wp:attachment":[{"href":"https:\/\/fjala.info\/2009-2015\/wp-json\/wp\/v2\/media?parent=11506"}],"wp:term":[{"taxonomy":"category","embeddable":true,"href":"https:\/\/fjala.info\/2009-2015\/wp-json\/wp\/v2\/categories?post=11506"},{"taxonomy":"post_tag","embeddable":true,"href":"https:\/\/fjala.info\/2009-2015\/wp-json\/wp\/v2\/tags?post=11506"}],"curies":[{"name":"wp","href":"https:\/\/api.w.org\/{rel}","templated":true}]}}