{"id":11505,"date":"2011-12-03T21:13:28","date_gmt":"2011-12-03T20:13:28","guid":{"rendered":"http:\/\/fjala.shkoder.net\/?p=465"},"modified":"2011-12-03T21:13:28","modified_gmt":"2011-12-03T20:13:28","slug":"austri-2500-trupa-me-helikopter-te-avancuar-manovrojne-per-intervenim-ne-kosove","status":"publish","type":"post","link":"https:\/\/fjala.info\/2009-2015\/austri-2500-trupa-me-helikopter-te-avancuar-manovrojne-per-intervenim-ne-kosove\/","title":{"rendered":"Austri: 2500 trupa me helikopter t\u00eb avancuar manovrojn\u00eb p\u00ebr intervenim n\u00eb Kosov\u00eb"},"content":{"rendered":"<p><img decoding=\"async\" class=\"alignright size-thumbnail wp-image-7236\" title=\"Kosova - military\" src=\"http:\/\/www.shkoder.net\/images\/fjala\/2011\/kosova_military.jpg\" alt=\"\" width=\"300\" \/><em>Foto \u00a9 \u00d6BH\/Giessauf<\/em><\/p>\n<p>Mediat austriake raportojn\u00eb p\u00ebr nj\u00eb manover ushtarake q\u00eb do te mbahet kah mesi i dhjetorit.<\/p>\n<p>Behet fjale per nje trup 2500 ushtaresh me makineri te re helikopteresh special me te cilet mund te kryhen operacione ajrore dhe kembsorie\u2026makineri qe i takon brigades (aradhes) se shtate ushtarake.<\/p>\n<p>Manovra ka per qellim intervenimin ne Kosoven veriore n\u00eb rast nevoje.<br \/>\nKomandanti i Brigad\u00ebs s\u00eb 7 z. Starlinger Thomas ka spjeguar \u201d Kemi zgjedhur regjionin e K\u00e4rntnit p\u00ebr t\u00eb kryer k\u00ebto trajnime, ngase territori i k\u00ebsaj republike \u00ebsht\u00eb i ngjajsh\u00ebm me at\u00eb t\u00eb Kosov\u00ebs\u201d.<br \/>\n\/<em>Raporton Kosovalbaner.com\/<\/em><\/p>\n<p>&#8212;&#8212;&#8212;&#8212;&#8211;<\/p>\n<p>Auf K\u00e4rnten kommt eine \u201cInvasion\u201d zu: Mehr als 2500 Soldaten aus ganz \u00d6sterreich fallen ab 12. Dezember ins Rosental, ins Jauntal und ins Lavanttal ein \u2013 freilich in halbwegs friedlicher Absicht: Sie werden die gr\u00f6\u00dfte Bundesheer\u00fcbung dieses Jahres abhalten.<\/p>\n<p>Die Soldaten geh\u00f6ren der 7. J\u00e4gerbrigade an, deren Bataillone ihre Einsatzbereitschaft \u00fcberpr\u00fcfen. Die \u00dcbung hat einen realen Hintergrund: Die Soldaten stellen Eins\u00e4tze nach, wie sie zurzeit im Kosovo Alltag sind. \u201cWir haben seit Sommer dieses Jahres K\u00e4rntner Soldaten als Krisenfeuerwehr bei den Unruhen im Nordkosovo im Einsatz.<\/p>\n<p>Daher bereiten wir unsere Soldaten auf derartige internationale Szenarien, die jederzeit eintreten k\u00f6nnen, vor\u201d, sagt Thomas Starlinger, \u00dcbungsleiter und Kommandant der 7. J\u00e4gerbrigade. Es wird ein \u201chohes Intensivit\u00e4tsszenario\u201d vorherrschen, wenn die Luftstreitkr\u00e4fte, die<br \/>\nFliegerabwehr und die Panzertruppe zum Einsatz kommen&#8230;<\/p>\n","protected":false},"excerpt":{"rendered":"<p>Foto \u00a9 \u00d6BH\/Giessauf Mediat austriake raportojn\u00eb p\u00ebr nj\u00eb manover ushtarake q\u00eb do te mbahet kah mesi i dhjetorit. Behet fjale per nje trup 2500 ushtaresh me makineri te re helikopteresh special me te cilet mund te kryhen operacione ajrore dhe kembsorie\u2026makineri qe i takon brigades (aradhes) se shtate ushtarake. Manovra ka per qellim intervenimin ne [&hellip;]<\/p>\n","protected":false},"author":1,"featured_media":0,"comment_status":"open","ping_status":"closed","sticky":false,"template":"","format":"standard","meta":{"footnotes":""},"categories":[5],"tags":[],"class_list":{"0":"post-11505","1":"post","2":"type-post","3":"status-publish","4":"format-standard","6":"category-lajme"},"yoast_head":"<!-- This site is optimized with the Yoast SEO plugin v27.4 - https:\/\/yoast.com\/product\/yoast-seo-wordpress\/ -->\n<title>Austri: 2500 trupa me helikopter t\u00eb avancuar manovrojn\u00eb p\u00ebr intervenim n\u00eb Kosov\u00eb - FjALA e LIR\u00cb - Arkivi<\/title>\n<meta name=\"robots\" content=\"index, follow, max-snippet:-1, max-image-preview:large, max-video-preview:-1\" \/>\n<link rel=\"canonical\" href=\"https:\/\/fjala.info\/2009-2015\/austri-2500-trupa-me-helikopter-te-avancuar-manovrojne-per-intervenim-ne-kosove\/\" \/>\n<meta property=\"og:locale\" content=\"sq_AL\" \/>\n<meta property=\"og:type\" content=\"article\" \/>\n<meta property=\"og:title\" content=\"Austri: 2500 trupa me helikopter t\u00eb avancuar manovrojn\u00eb p\u00ebr intervenim n\u00eb Kosov\u00eb - FjALA e LIR\u00cb - Arkivi\" \/>\n<meta property=\"og:description\" content=\"Foto \u00a9 \u00d6BH\/Giessauf Mediat austriake raportojn\u00eb p\u00ebr nj\u00eb manover ushtarake q\u00eb do te mbahet kah mesi i dhjetorit. Behet fjale per nje trup 2500 ushtaresh me makineri te re helikopteresh special me te cilet mund te kryhen operacione ajrore dhe kembsorie\u2026makineri qe i takon brigades (aradhes) se shtate ushtarake. Manovra ka per qellim intervenimin ne [&hellip;]\" \/>\n<meta property=\"og:url\" content=\"https:\/\/fjala.info\/2009-2015\/austri-2500-trupa-me-helikopter-te-avancuar-manovrojne-per-intervenim-ne-kosove\/\" \/>\n<meta property=\"og:site_name\" content=\"FjALA e LIR\u00cb - Arkivi\" \/>\n<meta property=\"article:published_time\" content=\"2011-12-03T20:13:28+00:00\" \/>\n<meta property=\"og:image\" content=\"http:\/\/www.shkoder.net\/images\/fjala\/2011\/kosova_military.jpg\" \/>\n<meta name=\"author\" content=\"admin\" \/>\n<meta name=\"twitter:card\" content=\"summary_large_image\" \/>\n<meta name=\"twitter:label1\" content=\"Written by\" \/>\n\t<meta name=\"twitter:data1\" content=\"admin\" \/>\n\t<meta name=\"twitter:label2\" content=\"Est. reading time\" \/>\n\t<meta name=\"twitter:data2\" content=\"1 minute\" \/>\n<script type=\"application\/ld+json\" class=\"yoast-schema-graph\">{\"@context\":\"https:\\\/\\\/schema.org\",\"@graph\":[{\"@type\":\"Article\",\"@id\":\"https:\\\/\\\/fjala.info\\\/2009-2015\\\/austri-2500-trupa-me-helikopter-te-avancuar-manovrojne-per-intervenim-ne-kosove\\\/#article\",\"isPartOf\":{\"@id\":\"https:\\\/\\\/fjala.info\\\/2009-2015\\\/austri-2500-trupa-me-helikopter-te-avancuar-manovrojne-per-intervenim-ne-kosove\\\/\"},\"author\":{\"name\":\"admin\",\"@id\":\"https:\\\/\\\/fjala.info\\\/2009-2015\\\/#\\\/schema\\\/person\\\/3aa1163ef05469c496fc94e77611ada2\"},\"headline\":\"Austri: 2500 trupa me helikopter t\u00eb avancuar manovrojn\u00eb p\u00ebr intervenim n\u00eb Kosov\u00eb\",\"datePublished\":\"2011-12-03T20:13:28+00:00\",\"mainEntityOfPage\":{\"@id\":\"https:\\\/\\\/fjala.info\\\/2009-2015\\\/austri-2500-trupa-me-helikopter-te-avancuar-manovrojne-per-intervenim-ne-kosove\\\/\"},\"wordCount\":248,\"commentCount\":0,\"publisher\":{\"@id\":\"https:\\\/\\\/fjala.info\\\/2009-2015\\\/#organization\"},\"image\":{\"@id\":\"https:\\\/\\\/fjala.info\\\/2009-2015\\\/austri-2500-trupa-me-helikopter-te-avancuar-manovrojne-per-intervenim-ne-kosove\\\/#primaryimage\"},\"thumbnailUrl\":\"http:\\\/\\\/www.shkoder.net\\\/images\\\/fjala\\\/2011\\\/kosova_military.jpg\",\"articleSection\":[\"Lajme\"],\"inLanguage\":\"sq-AL\",\"potentialAction\":[{\"@type\":\"CommentAction\",\"name\":\"Comment\",\"target\":[\"https:\\\/\\\/fjala.info\\\/2009-2015\\\/austri-2500-trupa-me-helikopter-te-avancuar-manovrojne-per-intervenim-ne-kosove\\\/#respond\"]}]},{\"@type\":\"WebPage\",\"@id\":\"https:\\\/\\\/fjala.info\\\/2009-2015\\\/austri-2500-trupa-me-helikopter-te-avancuar-manovrojne-per-intervenim-ne-kosove\\\/\",\"url\":\"https:\\\/\\\/fjala.info\\\/2009-2015\\\/austri-2500-trupa-me-helikopter-te-avancuar-manovrojne-per-intervenim-ne-kosove\\\/\",\"name\":\"Austri: 2500 trupa me helikopter t\u00eb avancuar manovrojn\u00eb p\u00ebr intervenim n\u00eb Kosov\u00eb - FjALA e LIR\u00cb - Arkivi\",\"isPartOf\":{\"@id\":\"https:\\\/\\\/fjala.info\\\/2009-2015\\\/#website\"},\"primaryImageOfPage\":{\"@id\":\"https:\\\/\\\/fjala.info\\\/2009-2015\\\/austri-2500-trupa-me-helikopter-te-avancuar-manovrojne-per-intervenim-ne-kosove\\\/#primaryimage\"},\"image\":{\"@id\":\"https:\\\/\\\/fjala.info\\\/2009-2015\\\/austri-2500-trupa-me-helikopter-te-avancuar-manovrojne-per-intervenim-ne-kosove\\\/#primaryimage\"},\"thumbnailUrl\":\"http:\\\/\\\/www.shkoder.net\\\/images\\\/fjala\\\/2011\\\/kosova_military.jpg\",\"datePublished\":\"2011-12-03T20:13:28+00:00\",\"breadcrumb\":{\"@id\":\"https:\\\/\\\/fjala.info\\\/2009-2015\\\/austri-2500-trupa-me-helikopter-te-avancuar-manovrojne-per-intervenim-ne-kosove\\\/#breadcrumb\"},\"inLanguage\":\"sq-AL\",\"potentialAction\":[{\"@type\":\"ReadAction\",\"target\":[\"https:\\\/\\\/fjala.info\\\/2009-2015\\\/austri-2500-trupa-me-helikopter-te-avancuar-manovrojne-per-intervenim-ne-kosove\\\/\"]}]},{\"@type\":\"ImageObject\",\"inLanguage\":\"sq-AL\",\"@id\":\"https:\\\/\\\/fjala.info\\\/2009-2015\\\/austri-2500-trupa-me-helikopter-te-avancuar-manovrojne-per-intervenim-ne-kosove\\\/#primaryimage\",\"url\":\"http:\\\/\\\/www.shkoder.net\\\/images\\\/fjala\\\/2011\\\/kosova_military.jpg\",\"contentUrl\":\"http:\\\/\\\/www.shkoder.net\\\/images\\\/fjala\\\/2011\\\/kosova_military.jpg\"},{\"@type\":\"BreadcrumbList\",\"@id\":\"https:\\\/\\\/fjala.info\\\/2009-2015\\\/austri-2500-trupa-me-helikopter-te-avancuar-manovrojne-per-intervenim-ne-kosove\\\/#breadcrumb\",\"itemListElement\":[{\"@type\":\"ListItem\",\"position\":1,\"name\":\"Home\",\"item\":\"https:\\\/\\\/fjala.info\\\/2009-2015\\\/\"},{\"@type\":\"ListItem\",\"position\":2,\"name\":\"Austri: 2500 trupa me helikopter t\u00eb avancuar manovrojn\u00eb p\u00ebr intervenim n\u00eb Kosov\u00eb\"}]},{\"@type\":\"WebSite\",\"@id\":\"https:\\\/\\\/fjala.info\\\/2009-2015\\\/#website\",\"url\":\"https:\\\/\\\/fjala.info\\\/2009-2015\\\/\",\"name\":\"FjALA e LIR\u00cb - Arkivi\",\"description\":\"Arkivi 2009-2015\",\"publisher\":{\"@id\":\"https:\\\/\\\/fjala.info\\\/2009-2015\\\/#organization\"},\"potentialAction\":[{\"@type\":\"SearchAction\",\"target\":{\"@type\":\"EntryPoint\",\"urlTemplate\":\"https:\\\/\\\/fjala.info\\\/2009-2015\\\/?s={search_term_string}\"},\"query-input\":{\"@type\":\"PropertyValueSpecification\",\"valueRequired\":true,\"valueName\":\"search_term_string\"}}],\"inLanguage\":\"sq-AL\"},{\"@type\":\"Organization\",\"@id\":\"https:\\\/\\\/fjala.info\\\/2009-2015\\\/#organization\",\"name\":\"FjALA e LIR\u00cb - Arkivi\",\"url\":\"https:\\\/\\\/fjala.info\\\/2009-2015\\\/\",\"logo\":{\"@type\":\"ImageObject\",\"inLanguage\":\"sq-AL\",\"@id\":\"https:\\\/\\\/fjala.info\\\/2009-2015\\\/#\\\/schema\\\/logo\\\/image\\\/\",\"url\":\"\",\"contentUrl\":\"\",\"caption\":\"FjALA e LIR\u00cb - Arkivi\"},\"image\":{\"@id\":\"https:\\\/\\\/fjala.info\\\/2009-2015\\\/#\\\/schema\\\/logo\\\/image\\\/\"}},{\"@type\":\"Person\",\"@id\":\"https:\\\/\\\/fjala.info\\\/2009-2015\\\/#\\\/schema\\\/person\\\/3aa1163ef05469c496fc94e77611ada2\",\"name\":\"admin\",\"image\":{\"@type\":\"ImageObject\",\"inLanguage\":\"sq-AL\",\"@id\":\"https:\\\/\\\/fjala.info\\\/2009-2015\\\/wp-content\\\/uploads\\\/2012\\\/02\\\/arben_cokaj-120x150.jpg\",\"url\":\"https:\\\/\\\/fjala.info\\\/2009-2015\\\/wp-content\\\/uploads\\\/2012\\\/02\\\/arben_cokaj-120x150.jpg\",\"contentUrl\":\"https:\\\/\\\/fjala.info\\\/2009-2015\\\/wp-content\\\/uploads\\\/2012\\\/02\\\/arben_cokaj-120x150.jpg\",\"caption\":\"admin\"},\"description\":\"Admin, Fjala e Lir\u00eb\",\"sameAs\":[\"https:\\\/\\\/fjala.info\\\/\"],\"url\":\"https:\\\/\\\/fjala.info\\\/2009-2015\\\/author\\\/admin\\\/\"}]}<\/script>\n<!-- \/ Yoast SEO plugin. -->","yoast_head_json":{"title":"Austri: 2500 trupa me helikopter t\u00eb avancuar manovrojn\u00eb p\u00ebr intervenim n\u00eb Kosov\u00eb - FjALA e LIR\u00cb - Arkivi","robots":{"index":"index","follow":"follow","max-snippet":"max-snippet:-1","max-image-preview":"max-image-preview:large","max-video-preview":"max-video-preview:-1"},"canonical":"https:\/\/fjala.info\/2009-2015\/austri-2500-trupa-me-helikopter-te-avancuar-manovrojne-per-intervenim-ne-kosove\/","og_locale":"sq_AL","og_type":"article","og_title":"Austri: 2500 trupa me helikopter t\u00eb avancuar manovrojn\u00eb p\u00ebr intervenim n\u00eb Kosov\u00eb - FjALA e LIR\u00cb - Arkivi","og_description":"Foto \u00a9 \u00d6BH\/Giessauf Mediat austriake raportojn\u00eb p\u00ebr nj\u00eb manover ushtarake q\u00eb do te mbahet kah mesi i dhjetorit. Behet fjale per nje trup 2500 ushtaresh me makineri te re helikopteresh special me te cilet mund te kryhen operacione ajrore dhe kembsorie\u2026makineri qe i takon brigades (aradhes) se shtate ushtarake. Manovra ka per qellim intervenimin ne [&hellip;]","og_url":"https:\/\/fjala.info\/2009-2015\/austri-2500-trupa-me-helikopter-te-avancuar-manovrojne-per-intervenim-ne-kosove\/","og_site_name":"FjALA e LIR\u00cb - Arkivi","article_published_time":"2011-12-03T20:13:28+00:00","og_image":[{"url":"http:\/\/www.shkoder.net\/images\/fjala\/2011\/kosova_military.jpg","type":"","width":"","height":""}],"author":"admin","twitter_card":"summary_large_image","twitter_misc":{"Written by":"admin","Est. reading time":"1 minute"},"schema":{"@context":"https:\/\/schema.org","@graph":[{"@type":"Article","@id":"https:\/\/fjala.info\/2009-2015\/austri-2500-trupa-me-helikopter-te-avancuar-manovrojne-per-intervenim-ne-kosove\/#article","isPartOf":{"@id":"https:\/\/fjala.info\/2009-2015\/austri-2500-trupa-me-helikopter-te-avancuar-manovrojne-per-intervenim-ne-kosove\/"},"author":{"name":"admin","@id":"https:\/\/fjala.info\/2009-2015\/#\/schema\/person\/3aa1163ef05469c496fc94e77611ada2"},"headline":"Austri: 2500 trupa me helikopter t\u00eb avancuar manovrojn\u00eb p\u00ebr intervenim n\u00eb Kosov\u00eb","datePublished":"2011-12-03T20:13:28+00:00","mainEntityOfPage":{"@id":"https:\/\/fjala.info\/2009-2015\/austri-2500-trupa-me-helikopter-te-avancuar-manovrojne-per-intervenim-ne-kosove\/"},"wordCount":248,"commentCount":0,"publisher":{"@id":"https:\/\/fjala.info\/2009-2015\/#organization"},"image":{"@id":"https:\/\/fjala.info\/2009-2015\/austri-2500-trupa-me-helikopter-te-avancuar-manovrojne-per-intervenim-ne-kosove\/#primaryimage"},"thumbnailUrl":"http:\/\/www.shkoder.net\/images\/fjala\/2011\/kosova_military.jpg","articleSection":["Lajme"],"inLanguage":"sq-AL","potentialAction":[{"@type":"CommentAction","name":"Comment","target":["https:\/\/fjala.info\/2009-2015\/austri-2500-trupa-me-helikopter-te-avancuar-manovrojne-per-intervenim-ne-kosove\/#respond"]}]},{"@type":"WebPage","@id":"https:\/\/fjala.info\/2009-2015\/austri-2500-trupa-me-helikopter-te-avancuar-manovrojne-per-intervenim-ne-kosove\/","url":"https:\/\/fjala.info\/2009-2015\/austri-2500-trupa-me-helikopter-te-avancuar-manovrojne-per-intervenim-ne-kosove\/","name":"Austri: 2500 trupa me helikopter t\u00eb avancuar manovrojn\u00eb p\u00ebr intervenim n\u00eb Kosov\u00eb - FjALA e LIR\u00cb - Arkivi","isPartOf":{"@id":"https:\/\/fjala.info\/2009-2015\/#website"},"primaryImageOfPage":{"@id":"https:\/\/fjala.info\/2009-2015\/austri-2500-trupa-me-helikopter-te-avancuar-manovrojne-per-intervenim-ne-kosove\/#primaryimage"},"image":{"@id":"https:\/\/fjala.info\/2009-2015\/austri-2500-trupa-me-helikopter-te-avancuar-manovrojne-per-intervenim-ne-kosove\/#primaryimage"},"thumbnailUrl":"http:\/\/www.shkoder.net\/images\/fjala\/2011\/kosova_military.jpg","datePublished":"2011-12-03T20:13:28+00:00","breadcrumb":{"@id":"https:\/\/fjala.info\/2009-2015\/austri-2500-trupa-me-helikopter-te-avancuar-manovrojne-per-intervenim-ne-kosove\/#breadcrumb"},"inLanguage":"sq-AL","potentialAction":[{"@type":"ReadAction","target":["https:\/\/fjala.info\/2009-2015\/austri-2500-trupa-me-helikopter-te-avancuar-manovrojne-per-intervenim-ne-kosove\/"]}]},{"@type":"ImageObject","inLanguage":"sq-AL","@id":"https:\/\/fjala.info\/2009-2015\/austri-2500-trupa-me-helikopter-te-avancuar-manovrojne-per-intervenim-ne-kosove\/#primaryimage","url":"http:\/\/www.shkoder.net\/images\/fjala\/2011\/kosova_military.jpg","contentUrl":"http:\/\/www.shkoder.net\/images\/fjala\/2011\/kosova_military.jpg"},{"@type":"BreadcrumbList","@id":"https:\/\/fjala.info\/2009-2015\/austri-2500-trupa-me-helikopter-te-avancuar-manovrojne-per-intervenim-ne-kosove\/#breadcrumb","itemListElement":[{"@type":"ListItem","position":1,"name":"Home","item":"https:\/\/fjala.info\/2009-2015\/"},{"@type":"ListItem","position":2,"name":"Austri: 2500 trupa me helikopter t\u00eb avancuar manovrojn\u00eb p\u00ebr intervenim n\u00eb Kosov\u00eb"}]},{"@type":"WebSite","@id":"https:\/\/fjala.info\/2009-2015\/#website","url":"https:\/\/fjala.info\/2009-2015\/","name":"FjALA e LIR\u00cb - Arkivi","description":"Arkivi 2009-2015","publisher":{"@id":"https:\/\/fjala.info\/2009-2015\/#organization"},"potentialAction":[{"@type":"SearchAction","target":{"@type":"EntryPoint","urlTemplate":"https:\/\/fjala.info\/2009-2015\/?s={search_term_string}"},"query-input":{"@type":"PropertyValueSpecification","valueRequired":true,"valueName":"search_term_string"}}],"inLanguage":"sq-AL"},{"@type":"Organization","@id":"https:\/\/fjala.info\/2009-2015\/#organization","name":"FjALA e LIR\u00cb - Arkivi","url":"https:\/\/fjala.info\/2009-2015\/","logo":{"@type":"ImageObject","inLanguage":"sq-AL","@id":"https:\/\/fjala.info\/2009-2015\/#\/schema\/logo\/image\/","url":"","contentUrl":"","caption":"FjALA e LIR\u00cb - Arkivi"},"image":{"@id":"https:\/\/fjala.info\/2009-2015\/#\/schema\/logo\/image\/"}},{"@type":"Person","@id":"https:\/\/fjala.info\/2009-2015\/#\/schema\/person\/3aa1163ef05469c496fc94e77611ada2","name":"admin","image":{"@type":"ImageObject","inLanguage":"sq-AL","@id":"https:\/\/fjala.info\/2009-2015\/wp-content\/uploads\/2012\/02\/arben_cokaj-120x150.jpg","url":"https:\/\/fjala.info\/2009-2015\/wp-content\/uploads\/2012\/02\/arben_cokaj-120x150.jpg","contentUrl":"https:\/\/fjala.info\/2009-2015\/wp-content\/uploads\/2012\/02\/arben_cokaj-120x150.jpg","caption":"admin"},"description":"Admin, Fjala e Lir\u00eb","sameAs":["https:\/\/fjala.info\/"],"url":"https:\/\/fjala.info\/2009-2015\/author\/admin\/"}]}},"_links":{"self":[{"href":"https:\/\/fjala.info\/2009-2015\/wp-json\/wp\/v2\/posts\/11505","targetHints":{"allow":["GET"]}}],"collection":[{"href":"https:\/\/fjala.info\/2009-2015\/wp-json\/wp\/v2\/posts"}],"about":[{"href":"https:\/\/fjala.info\/2009-2015\/wp-json\/wp\/v2\/types\/post"}],"author":[{"embeddable":true,"href":"https:\/\/fjala.info\/2009-2015\/wp-json\/wp\/v2\/users\/1"}],"replies":[{"embeddable":true,"href":"https:\/\/fjala.info\/2009-2015\/wp-json\/wp\/v2\/comments?post=11505"}],"version-history":[{"count":0,"href":"https:\/\/fjala.info\/2009-2015\/wp-json\/wp\/v2\/posts\/11505\/revisions"}],"wp:attachment":[{"href":"https:\/\/fjala.info\/2009-2015\/wp-json\/wp\/v2\/media?parent=11505"}],"wp:term":[{"taxonomy":"category","embeddable":true,"href":"https:\/\/fjala.info\/2009-2015\/wp-json\/wp\/v2\/categories?post=11505"},{"taxonomy":"post_tag","embeddable":true,"href":"https:\/\/fjala.info\/2009-2015\/wp-json\/wp\/v2\/tags?post=11505"}],"curies":[{"name":"wp","href":"https:\/\/api.w.org\/{rel}","templated":true}]}}