{"id":11504,"date":"2011-12-03T11:36:09","date_gmt":"2011-12-03T10:36:09","guid":{"rendered":"http:\/\/fjala.shkoder.net\/?p=463"},"modified":"2011-12-03T11:36:09","modified_gmt":"2011-12-03T10:36:09","slug":"berisha-nuk-firmosi-kthimin-ne-atdhe-te-familjes-mbreterore","status":"publish","type":"post","link":"https:\/\/fjala.info\/2009-2015\/berisha-nuk-firmosi-kthimin-ne-atdhe-te-familjes-mbreterore\/","title":{"rendered":"Berisha nuk firmosi kthimin n\u00eb atdhe t\u00eb Familjes Mbret\u00ebrore"},"content":{"rendered":"<p><img decoding=\"async\" class=\"alignright size-thumbnail wp-image-7236\" title=\"Familja mbret\u00ebrore\" src=\"http:\/\/www.shkoder.net\/images\/fjala\/2011\/familja_mbreterore.jpg\" alt=\"\" width=\"300\" \/> <strong>TemA<\/strong>, <em>3 Dhjetor 2011<\/em><\/p>\n<p>Sali Berisha, Fatos Nano apo Ilir Meta nuk ishin n\u00eb mesin e atyre deputet\u00ebve t\u00eb parlamentit shqiptar, q\u00eb firmos\u00ebn ftes\u00ebn e legjislativit t\u00eb Republik\u00ebs Parlamentare t\u00eb Shqip\u00ebris\u00eb, n\u00eb vitin 2002, q\u00eb Familja Mbret\u00ebrore t\u00eb kthehej n\u00eb atdhe.<\/p>\n<p>N\u00eb nj\u00eb dokument q\u00eb e ruan edhe Oborri Mbret\u00ebror dhe q\u00eb mund t\u00eb shihet n\u00eb linkun (albania.dyndns.org\/Lek%20bio\/petition76depute.htm), tre \u201ct\u00eb m\u00ebdhenjt\u00eb\u201d e politik\u00ebs shqiptare n\u00eb dy dekadat e fundit, nuk kan\u00eb n\u00ebnshkruar p\u00ebr kthimin e Familjes Mbret\u00ebrore n\u00eb atdhe, pas gati gjasht\u00eb dekadash ekzili n\u00ebp\u00ebr bot\u00eb.<\/p>\n<p>Leka Zogu p\u00ebr her\u00eb t\u00eb fundit kishte ardhur n\u00eb Shqip\u00ebri n\u00eb vitin 1997 p\u00ebr t\u00eb marr\u00eb pjes\u00eb n\u00eb referendumin e organizuar p\u00ebr form\u00ebn e regjimit m\u00eb 29 qershor 1997 dhe me 11 korrik 1997 ishte larguar nga Shqip\u00ebria. Ai u rikthye p\u00ebr t\u00eb jetuar dhe nd\u00ebrruar jet\u00eb n\u00eb Shqip\u00ebri m\u00eb 28 qershor 2002, pas nj\u00eb ftese q\u00eb Kuvendi i Shqip\u00ebris\u00eb I b\u00ebri zyrtarisht familjes mbret\u00ebrore. Nd\u00ebr 76 deputet\u00ebt e Kuvendit shqiptar ka demokrat\u00eb, socialiste apo legalist\u00eb, por n\u00eb mesin e tyre nuk jan\u00eb ata q\u00eb po k\u00ebrkojn\u00eb sot rivler\u00ebsimin e figur\u00ebs s\u00eb Leka Zogut, \u00e7\u00ebshtjen e referendumit, apo t\u00eb form\u00ebs s\u00eb regjimit.<\/p>\n<p>N\u00eb ftes\u00ebn e deputet\u00ebve t\u00eb Kuvendit Shqiptar p\u00ebr rikthimin e Familjes Mbret\u00ebrore Shqiptare n\u00eb Atdhe thuhet se: \u201cNe, nj\u00eb grup deputet\u00ebsh t\u00eb Kuvendit Shqiptar, t\u00eb mb\u00ebshtetur n\u00eb respektin q\u00eb kemi p\u00ebr Historin\u00eb e Shtetit Shqiptar e vazhdim\u00ebsin\u00eb e tij juridike, si dhe n\u00eb zhvillimet e sotme demokratike, paraqesim k\u00ebrkesen ton\u00eb q\u00eb N\u00ebna Mbret\u00ebresh\u00eb Geraldina dhe Familja Mbret\u00ebrore Shqiptare t\u00eb vijn\u00eb e t\u00eb jetojn\u00eb p\u00ebrgjithmon\u00eb n\u00eb Shqip\u00ebri. N\u00ebna Mbret\u00ebresh\u00eb Geraldina dhe Familja Mbret\u00ebrore e kan\u00eb shprehur publikisht prej koh\u00ebsh d\u00ebshir\u00ebn p\u00ebr t\u00eb ardhur e jetuar p\u00ebrgjithmon\u00eb n\u00eb Shqip\u00ebri.<\/p>\n<p>Ne, deputet\u00ebt q\u00eb b\u00ebjm\u00eb k\u00ebt\u00eb k\u00ebrkes\u00eb, t\u00eb nisur nga jeta e v\u00ebshtir\u00eb por dinjitoze n\u00eb m\u00ebrgimin e gjat\u00eb, e vler\u00ebsojm\u00eb d\u00ebshir\u00ebn e tyre si shprehje t\u00eb dashuris\u00eb s\u00eb sinqert\u00eb p\u00ebr Shqip\u00ebrin\u00eb dhe Kombin Shqiptar. Ne e ndjejm\u00eb si detyrim moral p\u00ebr t\u00eb ofruar ftes\u00ebn ton\u00eb q\u00eb N\u00ebna Mbret\u00ebresh\u00eb Geraldina dhe Familja Mbret\u00ebrore t\u00eb vijn\u00eb sa m\u00eb par\u00eb n\u00eb Shqip\u00ebri. N\u00eb k\u00ebt\u00eb m\u00ebnyr\u00eb mendojm\u00eb se i jepet fund m\u00ebrgimit t\u00eb tyre t\u00eb padrejt\u00eb 63-vje\u00e7ar. Besojm\u00eb se k\u00ebrkesa jon\u00eb do t\u00eb gjej\u00eb mir\u00ebkuptimin e koleg\u00ebve te tjer\u00eb t\u00eb k\u00ebtij Kuvendi\u201d.<\/p>\n<p>M\u00eb posht\u00eb \u00ebsht\u00eb edhe lista q\u00eb nis me emrin e t\u00eb ndjerit Pjet\u00ebr Arbnori, ish-kryetar i Kuvendit deri n\u00eb 1997, ku bie n\u00eb sy emir i presidentit aktual Bamir Topi, ish-kryeministrit socialist bashkim Fino dhe t\u00eb shum\u00eb deputet\u00ebve t\u00eb majt\u00eb dhe t\u00eb djatht\u00eb, gjithsej 76 dhe ku mungon pik\u00ebs\u00ebpari kryeministri aktual, Sali Berisha, at\u00ebher\u00eb kryetar i PD-s\u00eb n\u00eb opozit\u00ebs, q\u00eb e kishte p\u00ebrz\u00ebn\u00eb me polici Leka Zogun n\u00eb n\u00ebntor 1993 dhe q\u00eb sot organizon funeral shtet\u00ebror, n\u00eb nj\u00eb dit\u00eb zie.\/<em>shqiptarja<\/em><\/p>\n","protected":false},"excerpt":{"rendered":"<p>TemA, 3 Dhjetor 2011 Sali Berisha, Fatos Nano apo Ilir Meta nuk ishin n\u00eb mesin e atyre deputet\u00ebve t\u00eb parlamentit shqiptar, q\u00eb firmos\u00ebn ftes\u00ebn e legjislativit t\u00eb Republik\u00ebs Parlamentare t\u00eb Shqip\u00ebris\u00eb, n\u00eb vitin 2002, q\u00eb Familja Mbret\u00ebrore t\u00eb kthehej n\u00eb atdhe. N\u00eb nj\u00eb dokument q\u00eb e ruan edhe Oborri Mbret\u00ebror dhe q\u00eb mund t\u00eb shihet [&hellip;]<\/p>\n","protected":false},"author":1,"featured_media":0,"comment_status":"open","ping_status":"closed","sticky":false,"template":"","format":"standard","meta":{"footnotes":""},"categories":[2,5],"tags":[],"class_list":{"0":"post-11504","1":"post","2":"type-post","3":"status-publish","4":"format-standard","6":"category-artikuj","7":"category-lajme"},"yoast_head":"<!-- This site is optimized with the Yoast SEO plugin v27.4 - https:\/\/yoast.com\/product\/yoast-seo-wordpress\/ -->\n<title>Berisha nuk firmosi kthimin n\u00eb atdhe t\u00eb Familjes Mbret\u00ebrore - FjALA e LIR\u00cb - Arkivi<\/title>\n<meta name=\"robots\" content=\"index, follow, max-snippet:-1, max-image-preview:large, max-video-preview:-1\" \/>\n<link rel=\"canonical\" href=\"https:\/\/fjala.info\/2009-2015\/berisha-nuk-firmosi-kthimin-ne-atdhe-te-familjes-mbreterore\/\" \/>\n<meta property=\"og:locale\" content=\"sq_AL\" \/>\n<meta property=\"og:type\" content=\"article\" \/>\n<meta property=\"og:title\" content=\"Berisha nuk firmosi kthimin n\u00eb atdhe t\u00eb Familjes Mbret\u00ebrore - FjALA e LIR\u00cb - Arkivi\" \/>\n<meta property=\"og:description\" content=\"TemA, 3 Dhjetor 2011 Sali Berisha, Fatos Nano apo Ilir Meta nuk ishin n\u00eb mesin e atyre deputet\u00ebve t\u00eb parlamentit shqiptar, q\u00eb firmos\u00ebn ftes\u00ebn e legjislativit t\u00eb Republik\u00ebs Parlamentare t\u00eb Shqip\u00ebris\u00eb, n\u00eb vitin 2002, q\u00eb Familja Mbret\u00ebrore t\u00eb kthehej n\u00eb atdhe. N\u00eb nj\u00eb dokument q\u00eb e ruan edhe Oborri Mbret\u00ebror dhe q\u00eb mund t\u00eb shihet [&hellip;]\" \/>\n<meta property=\"og:url\" content=\"https:\/\/fjala.info\/2009-2015\/berisha-nuk-firmosi-kthimin-ne-atdhe-te-familjes-mbreterore\/\" \/>\n<meta property=\"og:site_name\" content=\"FjALA e LIR\u00cb - Arkivi\" \/>\n<meta property=\"article:published_time\" content=\"2011-12-03T10:36:09+00:00\" \/>\n<meta property=\"og:image\" content=\"http:\/\/www.shkoder.net\/images\/fjala\/2011\/familja_mbreterore.jpg\" \/>\n<meta name=\"author\" content=\"admin\" \/>\n<meta name=\"twitter:card\" content=\"summary_large_image\" \/>\n<meta name=\"twitter:label1\" content=\"Written by\" \/>\n\t<meta name=\"twitter:data1\" content=\"admin\" \/>\n\t<meta name=\"twitter:label2\" content=\"Est. reading time\" \/>\n\t<meta name=\"twitter:data2\" content=\"3 minutes\" \/>\n<script type=\"application\/ld+json\" class=\"yoast-schema-graph\">{\"@context\":\"https:\\\/\\\/schema.org\",\"@graph\":[{\"@type\":\"Article\",\"@id\":\"https:\\\/\\\/fjala.info\\\/2009-2015\\\/berisha-nuk-firmosi-kthimin-ne-atdhe-te-familjes-mbreterore\\\/#article\",\"isPartOf\":{\"@id\":\"https:\\\/\\\/fjala.info\\\/2009-2015\\\/berisha-nuk-firmosi-kthimin-ne-atdhe-te-familjes-mbreterore\\\/\"},\"author\":{\"name\":\"admin\",\"@id\":\"https:\\\/\\\/fjala.info\\\/2009-2015\\\/#\\\/schema\\\/person\\\/3aa1163ef05469c496fc94e77611ada2\"},\"headline\":\"Berisha nuk firmosi kthimin n\u00eb atdhe t\u00eb Familjes Mbret\u00ebrore\",\"datePublished\":\"2011-12-03T10:36:09+00:00\",\"mainEntityOfPage\":{\"@id\":\"https:\\\/\\\/fjala.info\\\/2009-2015\\\/berisha-nuk-firmosi-kthimin-ne-atdhe-te-familjes-mbreterore\\\/\"},\"wordCount\":537,\"commentCount\":0,\"publisher\":{\"@id\":\"https:\\\/\\\/fjala.info\\\/2009-2015\\\/#organization\"},\"image\":{\"@id\":\"https:\\\/\\\/fjala.info\\\/2009-2015\\\/berisha-nuk-firmosi-kthimin-ne-atdhe-te-familjes-mbreterore\\\/#primaryimage\"},\"thumbnailUrl\":\"http:\\\/\\\/www.shkoder.net\\\/images\\\/fjala\\\/2011\\\/familja_mbreterore.jpg\",\"articleSection\":[\"Artikuj\",\"Lajme\"],\"inLanguage\":\"sq-AL\",\"potentialAction\":[{\"@type\":\"CommentAction\",\"name\":\"Comment\",\"target\":[\"https:\\\/\\\/fjala.info\\\/2009-2015\\\/berisha-nuk-firmosi-kthimin-ne-atdhe-te-familjes-mbreterore\\\/#respond\"]}]},{\"@type\":\"WebPage\",\"@id\":\"https:\\\/\\\/fjala.info\\\/2009-2015\\\/berisha-nuk-firmosi-kthimin-ne-atdhe-te-familjes-mbreterore\\\/\",\"url\":\"https:\\\/\\\/fjala.info\\\/2009-2015\\\/berisha-nuk-firmosi-kthimin-ne-atdhe-te-familjes-mbreterore\\\/\",\"name\":\"Berisha nuk firmosi kthimin n\u00eb atdhe t\u00eb Familjes Mbret\u00ebrore - FjALA e LIR\u00cb - Arkivi\",\"isPartOf\":{\"@id\":\"https:\\\/\\\/fjala.info\\\/2009-2015\\\/#website\"},\"primaryImageOfPage\":{\"@id\":\"https:\\\/\\\/fjala.info\\\/2009-2015\\\/berisha-nuk-firmosi-kthimin-ne-atdhe-te-familjes-mbreterore\\\/#primaryimage\"},\"image\":{\"@id\":\"https:\\\/\\\/fjala.info\\\/2009-2015\\\/berisha-nuk-firmosi-kthimin-ne-atdhe-te-familjes-mbreterore\\\/#primaryimage\"},\"thumbnailUrl\":\"http:\\\/\\\/www.shkoder.net\\\/images\\\/fjala\\\/2011\\\/familja_mbreterore.jpg\",\"datePublished\":\"2011-12-03T10:36:09+00:00\",\"breadcrumb\":{\"@id\":\"https:\\\/\\\/fjala.info\\\/2009-2015\\\/berisha-nuk-firmosi-kthimin-ne-atdhe-te-familjes-mbreterore\\\/#breadcrumb\"},\"inLanguage\":\"sq-AL\",\"potentialAction\":[{\"@type\":\"ReadAction\",\"target\":[\"https:\\\/\\\/fjala.info\\\/2009-2015\\\/berisha-nuk-firmosi-kthimin-ne-atdhe-te-familjes-mbreterore\\\/\"]}]},{\"@type\":\"ImageObject\",\"inLanguage\":\"sq-AL\",\"@id\":\"https:\\\/\\\/fjala.info\\\/2009-2015\\\/berisha-nuk-firmosi-kthimin-ne-atdhe-te-familjes-mbreterore\\\/#primaryimage\",\"url\":\"http:\\\/\\\/www.shkoder.net\\\/images\\\/fjala\\\/2011\\\/familja_mbreterore.jpg\",\"contentUrl\":\"http:\\\/\\\/www.shkoder.net\\\/images\\\/fjala\\\/2011\\\/familja_mbreterore.jpg\"},{\"@type\":\"BreadcrumbList\",\"@id\":\"https:\\\/\\\/fjala.info\\\/2009-2015\\\/berisha-nuk-firmosi-kthimin-ne-atdhe-te-familjes-mbreterore\\\/#breadcrumb\",\"itemListElement\":[{\"@type\":\"ListItem\",\"position\":1,\"name\":\"Home\",\"item\":\"https:\\\/\\\/fjala.info\\\/2009-2015\\\/\"},{\"@type\":\"ListItem\",\"position\":2,\"name\":\"Berisha nuk firmosi kthimin n\u00eb atdhe t\u00eb Familjes Mbret\u00ebrore\"}]},{\"@type\":\"WebSite\",\"@id\":\"https:\\\/\\\/fjala.info\\\/2009-2015\\\/#website\",\"url\":\"https:\\\/\\\/fjala.info\\\/2009-2015\\\/\",\"name\":\"FjALA e LIR\u00cb - Arkivi\",\"description\":\"Arkivi 2009-2015\",\"publisher\":{\"@id\":\"https:\\\/\\\/fjala.info\\\/2009-2015\\\/#organization\"},\"potentialAction\":[{\"@type\":\"SearchAction\",\"target\":{\"@type\":\"EntryPoint\",\"urlTemplate\":\"https:\\\/\\\/fjala.info\\\/2009-2015\\\/?s={search_term_string}\"},\"query-input\":{\"@type\":\"PropertyValueSpecification\",\"valueRequired\":true,\"valueName\":\"search_term_string\"}}],\"inLanguage\":\"sq-AL\"},{\"@type\":\"Organization\",\"@id\":\"https:\\\/\\\/fjala.info\\\/2009-2015\\\/#organization\",\"name\":\"FjALA e LIR\u00cb - Arkivi\",\"url\":\"https:\\\/\\\/fjala.info\\\/2009-2015\\\/\",\"logo\":{\"@type\":\"ImageObject\",\"inLanguage\":\"sq-AL\",\"@id\":\"https:\\\/\\\/fjala.info\\\/2009-2015\\\/#\\\/schema\\\/logo\\\/image\\\/\",\"url\":\"\",\"contentUrl\":\"\",\"caption\":\"FjALA e LIR\u00cb - Arkivi\"},\"image\":{\"@id\":\"https:\\\/\\\/fjala.info\\\/2009-2015\\\/#\\\/schema\\\/logo\\\/image\\\/\"}},{\"@type\":\"Person\",\"@id\":\"https:\\\/\\\/fjala.info\\\/2009-2015\\\/#\\\/schema\\\/person\\\/3aa1163ef05469c496fc94e77611ada2\",\"name\":\"admin\",\"image\":{\"@type\":\"ImageObject\",\"inLanguage\":\"sq-AL\",\"@id\":\"https:\\\/\\\/fjala.info\\\/2009-2015\\\/wp-content\\\/uploads\\\/2012\\\/02\\\/arben_cokaj-120x150.jpg\",\"url\":\"https:\\\/\\\/fjala.info\\\/2009-2015\\\/wp-content\\\/uploads\\\/2012\\\/02\\\/arben_cokaj-120x150.jpg\",\"contentUrl\":\"https:\\\/\\\/fjala.info\\\/2009-2015\\\/wp-content\\\/uploads\\\/2012\\\/02\\\/arben_cokaj-120x150.jpg\",\"caption\":\"admin\"},\"description\":\"Admin, Fjala e Lir\u00eb\",\"sameAs\":[\"https:\\\/\\\/fjala.info\\\/\"],\"url\":\"https:\\\/\\\/fjala.info\\\/2009-2015\\\/author\\\/admin\\\/\"}]}<\/script>\n<!-- \/ Yoast SEO plugin. -->","yoast_head_json":{"title":"Berisha nuk firmosi kthimin n\u00eb atdhe t\u00eb Familjes Mbret\u00ebrore - FjALA e LIR\u00cb - Arkivi","robots":{"index":"index","follow":"follow","max-snippet":"max-snippet:-1","max-image-preview":"max-image-preview:large","max-video-preview":"max-video-preview:-1"},"canonical":"https:\/\/fjala.info\/2009-2015\/berisha-nuk-firmosi-kthimin-ne-atdhe-te-familjes-mbreterore\/","og_locale":"sq_AL","og_type":"article","og_title":"Berisha nuk firmosi kthimin n\u00eb atdhe t\u00eb Familjes Mbret\u00ebrore - FjALA e LIR\u00cb - Arkivi","og_description":"TemA, 3 Dhjetor 2011 Sali Berisha, Fatos Nano apo Ilir Meta nuk ishin n\u00eb mesin e atyre deputet\u00ebve t\u00eb parlamentit shqiptar, q\u00eb firmos\u00ebn ftes\u00ebn e legjislativit t\u00eb Republik\u00ebs Parlamentare t\u00eb Shqip\u00ebris\u00eb, n\u00eb vitin 2002, q\u00eb Familja Mbret\u00ebrore t\u00eb kthehej n\u00eb atdhe. N\u00eb nj\u00eb dokument q\u00eb e ruan edhe Oborri Mbret\u00ebror dhe q\u00eb mund t\u00eb shihet [&hellip;]","og_url":"https:\/\/fjala.info\/2009-2015\/berisha-nuk-firmosi-kthimin-ne-atdhe-te-familjes-mbreterore\/","og_site_name":"FjALA e LIR\u00cb - Arkivi","article_published_time":"2011-12-03T10:36:09+00:00","og_image":[{"url":"http:\/\/www.shkoder.net\/images\/fjala\/2011\/familja_mbreterore.jpg","type":"","width":"","height":""}],"author":"admin","twitter_card":"summary_large_image","twitter_misc":{"Written by":"admin","Est. reading time":"3 minutes"},"schema":{"@context":"https:\/\/schema.org","@graph":[{"@type":"Article","@id":"https:\/\/fjala.info\/2009-2015\/berisha-nuk-firmosi-kthimin-ne-atdhe-te-familjes-mbreterore\/#article","isPartOf":{"@id":"https:\/\/fjala.info\/2009-2015\/berisha-nuk-firmosi-kthimin-ne-atdhe-te-familjes-mbreterore\/"},"author":{"name":"admin","@id":"https:\/\/fjala.info\/2009-2015\/#\/schema\/person\/3aa1163ef05469c496fc94e77611ada2"},"headline":"Berisha nuk firmosi kthimin n\u00eb atdhe t\u00eb Familjes Mbret\u00ebrore","datePublished":"2011-12-03T10:36:09+00:00","mainEntityOfPage":{"@id":"https:\/\/fjala.info\/2009-2015\/berisha-nuk-firmosi-kthimin-ne-atdhe-te-familjes-mbreterore\/"},"wordCount":537,"commentCount":0,"publisher":{"@id":"https:\/\/fjala.info\/2009-2015\/#organization"},"image":{"@id":"https:\/\/fjala.info\/2009-2015\/berisha-nuk-firmosi-kthimin-ne-atdhe-te-familjes-mbreterore\/#primaryimage"},"thumbnailUrl":"http:\/\/www.shkoder.net\/images\/fjala\/2011\/familja_mbreterore.jpg","articleSection":["Artikuj","Lajme"],"inLanguage":"sq-AL","potentialAction":[{"@type":"CommentAction","name":"Comment","target":["https:\/\/fjala.info\/2009-2015\/berisha-nuk-firmosi-kthimin-ne-atdhe-te-familjes-mbreterore\/#respond"]}]},{"@type":"WebPage","@id":"https:\/\/fjala.info\/2009-2015\/berisha-nuk-firmosi-kthimin-ne-atdhe-te-familjes-mbreterore\/","url":"https:\/\/fjala.info\/2009-2015\/berisha-nuk-firmosi-kthimin-ne-atdhe-te-familjes-mbreterore\/","name":"Berisha nuk firmosi kthimin n\u00eb atdhe t\u00eb Familjes Mbret\u00ebrore - FjALA e LIR\u00cb - Arkivi","isPartOf":{"@id":"https:\/\/fjala.info\/2009-2015\/#website"},"primaryImageOfPage":{"@id":"https:\/\/fjala.info\/2009-2015\/berisha-nuk-firmosi-kthimin-ne-atdhe-te-familjes-mbreterore\/#primaryimage"},"image":{"@id":"https:\/\/fjala.info\/2009-2015\/berisha-nuk-firmosi-kthimin-ne-atdhe-te-familjes-mbreterore\/#primaryimage"},"thumbnailUrl":"http:\/\/www.shkoder.net\/images\/fjala\/2011\/familja_mbreterore.jpg","datePublished":"2011-12-03T10:36:09+00:00","breadcrumb":{"@id":"https:\/\/fjala.info\/2009-2015\/berisha-nuk-firmosi-kthimin-ne-atdhe-te-familjes-mbreterore\/#breadcrumb"},"inLanguage":"sq-AL","potentialAction":[{"@type":"ReadAction","target":["https:\/\/fjala.info\/2009-2015\/berisha-nuk-firmosi-kthimin-ne-atdhe-te-familjes-mbreterore\/"]}]},{"@type":"ImageObject","inLanguage":"sq-AL","@id":"https:\/\/fjala.info\/2009-2015\/berisha-nuk-firmosi-kthimin-ne-atdhe-te-familjes-mbreterore\/#primaryimage","url":"http:\/\/www.shkoder.net\/images\/fjala\/2011\/familja_mbreterore.jpg","contentUrl":"http:\/\/www.shkoder.net\/images\/fjala\/2011\/familja_mbreterore.jpg"},{"@type":"BreadcrumbList","@id":"https:\/\/fjala.info\/2009-2015\/berisha-nuk-firmosi-kthimin-ne-atdhe-te-familjes-mbreterore\/#breadcrumb","itemListElement":[{"@type":"ListItem","position":1,"name":"Home","item":"https:\/\/fjala.info\/2009-2015\/"},{"@type":"ListItem","position":2,"name":"Berisha nuk firmosi kthimin n\u00eb atdhe t\u00eb Familjes Mbret\u00ebrore"}]},{"@type":"WebSite","@id":"https:\/\/fjala.info\/2009-2015\/#website","url":"https:\/\/fjala.info\/2009-2015\/","name":"FjALA e LIR\u00cb - Arkivi","description":"Arkivi 2009-2015","publisher":{"@id":"https:\/\/fjala.info\/2009-2015\/#organization"},"potentialAction":[{"@type":"SearchAction","target":{"@type":"EntryPoint","urlTemplate":"https:\/\/fjala.info\/2009-2015\/?s={search_term_string}"},"query-input":{"@type":"PropertyValueSpecification","valueRequired":true,"valueName":"search_term_string"}}],"inLanguage":"sq-AL"},{"@type":"Organization","@id":"https:\/\/fjala.info\/2009-2015\/#organization","name":"FjALA e LIR\u00cb - Arkivi","url":"https:\/\/fjala.info\/2009-2015\/","logo":{"@type":"ImageObject","inLanguage":"sq-AL","@id":"https:\/\/fjala.info\/2009-2015\/#\/schema\/logo\/image\/","url":"","contentUrl":"","caption":"FjALA e LIR\u00cb - Arkivi"},"image":{"@id":"https:\/\/fjala.info\/2009-2015\/#\/schema\/logo\/image\/"}},{"@type":"Person","@id":"https:\/\/fjala.info\/2009-2015\/#\/schema\/person\/3aa1163ef05469c496fc94e77611ada2","name":"admin","image":{"@type":"ImageObject","inLanguage":"sq-AL","@id":"https:\/\/fjala.info\/2009-2015\/wp-content\/uploads\/2012\/02\/arben_cokaj-120x150.jpg","url":"https:\/\/fjala.info\/2009-2015\/wp-content\/uploads\/2012\/02\/arben_cokaj-120x150.jpg","contentUrl":"https:\/\/fjala.info\/2009-2015\/wp-content\/uploads\/2012\/02\/arben_cokaj-120x150.jpg","caption":"admin"},"description":"Admin, Fjala e Lir\u00eb","sameAs":["https:\/\/fjala.info\/"],"url":"https:\/\/fjala.info\/2009-2015\/author\/admin\/"}]}},"_links":{"self":[{"href":"https:\/\/fjala.info\/2009-2015\/wp-json\/wp\/v2\/posts\/11504","targetHints":{"allow":["GET"]}}],"collection":[{"href":"https:\/\/fjala.info\/2009-2015\/wp-json\/wp\/v2\/posts"}],"about":[{"href":"https:\/\/fjala.info\/2009-2015\/wp-json\/wp\/v2\/types\/post"}],"author":[{"embeddable":true,"href":"https:\/\/fjala.info\/2009-2015\/wp-json\/wp\/v2\/users\/1"}],"replies":[{"embeddable":true,"href":"https:\/\/fjala.info\/2009-2015\/wp-json\/wp\/v2\/comments?post=11504"}],"version-history":[{"count":0,"href":"https:\/\/fjala.info\/2009-2015\/wp-json\/wp\/v2\/posts\/11504\/revisions"}],"wp:attachment":[{"href":"https:\/\/fjala.info\/2009-2015\/wp-json\/wp\/v2\/media?parent=11504"}],"wp:term":[{"taxonomy":"category","embeddable":true,"href":"https:\/\/fjala.info\/2009-2015\/wp-json\/wp\/v2\/categories?post=11504"},{"taxonomy":"post_tag","embeddable":true,"href":"https:\/\/fjala.info\/2009-2015\/wp-json\/wp\/v2\/tags?post=11504"}],"curies":[{"name":"wp","href":"https:\/\/api.w.org\/{rel}","templated":true}]}}