{"id":11503,"date":"2011-12-03T11:31:18","date_gmt":"2011-12-03T10:31:18","guid":{"rendered":"http:\/\/fjala.shkoder.net\/?p=461"},"modified":"2011-12-03T11:31:18","modified_gmt":"2011-12-03T10:31:18","slug":"ne-kosove-berisha-eshte-nje-mesia-kundershtaret-e-tij-nuk-ka-se-si-te-cmohen","status":"publish","type":"post","link":"https:\/\/fjala.info\/2009-2015\/ne-kosove-berisha-eshte-nje-mesia-kundershtaret-e-tij-nuk-ka-se-si-te-cmohen\/","title":{"rendered":"N\u00eb Kosov\u00eb Berisha \u00ebsht\u00eb nj\u00eb Mesia. Kund\u00ebrshtar\u00ebt e tij nuk ka se si t\u00eb \u00e7mohen"},"content":{"rendered":"<p><img decoding=\"async\" class=\"alignleft size-thumbnail wp-image-7236\" title=\"Mustafa Nano\" src=\"http:\/\/www.shkoder.net\/images\/fjala\/mustafa_nano.jpg\" alt=\"\" width=\"150\" \/> <strong>Mustafa Nano<\/strong>, <em>02.12.2011<\/em><\/p>\n<p>Edi Rama ka b\u00ebr\u00eb nj\u00eb vizit\u00eb me axhend\u00eb t\u00eb ngjeshur e t\u00eb plot\u00eb n\u00eb Prishtin\u00eb, me synimin p\u00ebr t\u2019i b\u00ebr\u00eb p\u00ebr vete kosovar\u00ebt. Ky nuk ishte nj\u00eb objektiv i deklaruar i tij, por ishte nj\u00eb gj\u00eb q\u00eb merrej me mend. P\u00ebrve\u00e7 k\u00ebsaj, si axhenda, ashtu dhe q\u00ebndrimet q\u00eb ka mbajtur e fjal\u00ebt q\u00eb ka th\u00ebn\u00eb gjat\u00eb k\u00ebsaj vizite, t\u00eb b\u00ebjn\u00eb t\u00eb mendosh se e ka fituar vet\u00ebdij\u00ebn q\u00eb s\u00eb pari me kosovar\u00ebt nuk i ka mir\u00eb pun\u00ebt, dhe q\u00eb s\u00eb dyti puna me ta duhet rregulluar. Mund t\u00eb duket si nj\u00eb merak i tep\u00ebrt dhe i kot\u00eb raporti i udh\u00ebheq\u00ebsit t\u00eb nj\u00eb partie t\u00eb Tiran\u00ebs me shqiptar\u00ebt e Kosov\u00ebs (p\u00ebr sa koh\u00eb q\u00eb k\u00ebta t\u00eb fundit nuk jan\u00eb as taksapagues e as votues n\u00eb Republik\u00ebn e Shqip\u00ebris\u00eb), mir\u00ebpo nuk \u00ebsht\u00eb k\u00ebshtu. Ne jemi dy copa t\u00eb s\u00eb t\u00ebr\u00ebs q\u00eb ndikojm\u00eb tek nj\u00ebra-tjetra n\u00eb nj\u00eb mij\u00eb e nj\u00eb m\u00ebnyra e forma, her\u00eb t\u00eb dukshme e her\u00eb t\u00eb padukshme.<\/p>\n<p>Po pse Rama s\u2019i ka pun\u00ebt mir\u00eb me kosovar\u00ebt? P\u00ebrgjigjja \u00ebsht\u00eb e thjesht\u00eb, dhe e ditur prej t\u00eb gjith\u00ebve, n\u00eb Tiran\u00eb e n\u00eb Prishtin\u00eb. Rama thjesht \u00ebsht\u00eb kund\u00ebrshtari i Berish\u00ebs, dhe \u2013 si\u00e7 thot\u00eb Shk\u00eblqzen Maliqi n\u00eb nj\u00eb shkrim t\u00eb koh\u00ebve t\u00eb fundit t\u00eb publikuar n\u00eb Express \u2013 \u201cshumica [e kosovar\u00ebve] e adhuron Sali Berish\u00ebn sikur t\u00eb ishte nj\u00eb i shenjt i kombit\u201d. Ka shum\u00eb gjasa q\u00eb edhe Rexhep Qosjes i japin munx\u00ebt (ata q\u00eb ia japin) bash p\u00ebr k\u00ebt\u00eb shkak. Prandaj pyetja fillimisht duhet b\u00ebr\u00eb: Pse Berisha i ka pun\u00ebt grur\u00eb me kosovar\u00ebt?<\/p>\n<p>Para ca muajsh kam qen\u00eb n\u00eb Prishtin\u00eb dhe n\u00eb nj\u00eb bised\u00eb televizive t\u00eb b\u00ebr\u00eb n\u00eb RTK, p\u00ebrball\u00eb interesit t\u00eb disa gazetar\u00ebve n\u00eb studio mbi shpjegimin e adhurimit t\u00eb kosovar\u00ebve p\u00ebr Berish\u00ebn, Migjen Kelmendi (q\u00eb ish n\u00eb panel, tok me mua, e me dy t\u00eb tjer\u00eb) tha nj\u00eb t\u00eb v\u00ebrtet\u00eb n\u00eb m\u00ebnyr\u00eb brutale: \u201cNe e duam Berish\u00ebn, sepse ai e ka emrin Sali Ram Berisha, dhe nuk e duam Ram\u00ebn, sepse ai e ka emrin Edvin Kristaq Rama. Shpjegimi i par\u00eb pra \u00ebsht\u00eb i natyr\u00ebs \u2018tribale\u2019, m\u00eb sakt\u00eb, ka lidhje me nj\u00eb afinitet apo nj\u00ebjt\u00ebsim \u2018tribal\u2019. Rama \u00ebsht\u00eb i nj\u00eb \u2018tribuje\u2019 tjet\u00ebr, nd\u00ebrsa Berisha \u00ebsht\u00eb i \u2018tribus\u00eb\u2019 s\u00eb tyre.<\/p>\n<p>Teksa d\u00ebgjoja k\u00ebt\u00eb shpjegim un\u00eb zura t\u2019i gjej p\u00ebr her\u00eb t\u00eb par\u00eb nj\u00eb kuptim faktit, q\u00eb Berisha i kthehet e rikthehet vazhdimisht n\u00ebnvizimit anagrafik \u201cEdvin Kristaq Rama\u201d, e q\u00eb kadenc\u00ebn e z\u00ebrit ai e l\u00ebshon t\u00eb t\u00ebr\u00ebn mbi emrin Kristaq. Nuk duhet p\u00ebrjashtuar mund\u00ebsia pra (Migjeni Kelmendi ish i sigurt), q\u00eb ai ka k\u00ebrkuar t\u00eb p\u00ebrcjell\u00eb nj\u00eb mesazh t\u00eb caktuar jo vet\u00ebm n\u00eb Kosov\u00eb, por edhe n\u00eb zona t\u00eb tjera t\u00eb Shqip\u00ebris\u00eb, ku emri Kristaq ting\u00ebllon po aq i larg\u00ebt e i huaj sa dhe emri Adriamampandri Racifandrihamanana (\u00ebsht\u00eb emri ekzotik i nj\u00ebrit prej personazheve t\u00eb Kadares\u00eb n\u00eb Muzgun e Per\u00ebndive t\u00eb Step\u00ebs); madje mund t\u00eb ting\u00eblloj\u00eb dhe i dyshimt\u00eb, pasi bart me vete versionin e asociuar \u2018Kristakis\u2019, q\u00eb nga ana e vet dihet se ku t\u00eb \u00e7on.<\/p>\n<p>Ky duhet t\u00eb jet\u00eb shpjegimi baz\u00eb i k\u00ebsaj marr\u00ebdh\u00ebnieje prore idilike mes Berish\u00ebs e shumic\u00ebs s\u00eb kosovar\u00ebve. Berisha ka nj\u00eb prerje humane e kulturore, t\u00eb cil\u00ebn ata e shohin t\u00eb af\u00ebrt. T\u00eb kuptohemi, Berish\u00ebn e mb\u00ebshtesin dhe n\u00eb Jug (gj\u00eb q\u00eb duket nga votat q\u00eb merr, e q\u00eb do t\u00eb thot\u00eb se prerjen antropologjike t\u00eb Berish\u00ebs e gjen kudo n\u00eb Shqip\u00ebri), por n\u00eb Veri u duket si ta ken\u00eb nxjerr\u00eb nga rropullit\u00eb e tyre (ndokush mund t\u00eb jet\u00eb duke menduar se un\u00eb po n\u00ebnvizoj ca si tep\u00ebr, e n\u00eb m\u00ebnyr\u00eb t\u00eb d\u00ebmshme, diferencat mes Jugut e Veriut, por nuk ka pse t\u00eb kemi frik\u00eb nga k\u00ebto diferenca, as nga diskutimi mbi to; kudo ka diferenca t\u00eb tilla, madje shum\u00eb m\u00eb t\u00eb m\u00ebdha se sa k\u00ebtej nga an\u00ebt tona).<\/p>\n<p>Shpjegimet e tjera ose s\u2019jan\u00eb dometh\u00ebn\u00ebse (rruga Durr\u00ebs-Kuk\u00ebs), ose s\u2019i nxjerrin n\u00eb nj\u00eb drit\u00eb inteligjente dashnor\u00ebt e Berish\u00ebs, duke filluar n\u00eb radh\u00eb t\u00eb par\u00eb me gazetar\u00ebt q\u00eb kan\u00eb t\u00eb fiksuar n\u00eb kok\u00eb takimin e Nanos me Miloshevi\u00e7in, takimin e Ram\u00ebs me Bregovi\u00e7in, apo antishqiptarizmin \u2018gjenetik\u2019 t\u00eb socialist\u00ebve (n\u00eb pyetjet q\u00eb iu b\u00ebn\u00eb Ram\u00ebs ishin k\u00ebto aluzione). Le t\u2019i marrim me radh\u00eb. Nuk ka diskutim se rruga Durr\u00ebs-Kuk\u00ebs ua ka leht\u00ebsuar kosovar\u00ebve kok\u00eb\u00e7arjet e vizitave e t\u00eb biznesit me Shqip\u00ebrin\u00eb, por kam p\u00ebrshtypjen se n\u00ebnvizohet m\u00eb shum\u00eb se sa duhet kjo lumturia e kosovar\u00ebve prej rrug\u00ebs. Dimal Basha e vinte n\u00eb dyshim k\u00ebt\u00eb avantazh n\u00eb nj\u00eb shkrim t\u00eb tijin n\u00eb Koh\u00ebn Ditore.<\/p>\n<p>\u201cKosovar\u00ebt nuk kan\u00eb qar nga kjo rrug\u00eb n\u00eb planin e biznesit. Jan\u00eb shqiptar\u00ebt e Shqip\u00ebris\u00eb ata q\u00eb po ia shohin hairin k\u00ebsaj rruge\u201d, thosh n\u00eb thelb ai. K\u00ebshtu q\u00eb ky motivim pragmatik i dashuris\u00eb p\u00ebr Berish\u00ebn shfryhet disi. P\u00ebrve\u00e7 k\u00ebsaj, me k\u00ebt\u00eb logjik\u00eb do t\u2019i binte q\u00eb beratasit ta urrenin sa s\u2019ka m\u00eb Berish\u00ebn, e t\u00eb legjitimoheshin n\u00eb k\u00ebt\u00eb urrejtje, pasi ky i fundit, d.m.th Berisha, i n\u00ebnkuptuar si njeri me fuqi qiklopike q\u00eb nxjerr rrug\u00eb, investime, par\u00e1 e dhurata kolosale nga xhepi, e ka l\u00ebn\u00eb k\u00ebt\u00eb qytet historik e turistik t\u00eb izoluar nga dynjaja (rruga Lushnj\u00eb-Berat \u00ebsht\u00eb krejt e shkat\u00ebrruar). M\u00eb n\u00eb fund, nuk \u00ebsht\u00eb k\u00ebshtu edhe p\u00ebr nj\u00eb fakt tjet\u00ebr. Kosovar\u00ebt e kan\u00eb dashur Berish\u00ebn qysh n\u00eb krye t\u00eb her\u00ebs, shum\u00eb p\u00ebrpara se t\u00eb b\u00ebhej rruga. Madje, pak m\u00eb shum\u00eb se sa sot.<\/p>\n<p>P\u00ebr sa i takon motivimit nacionalist t\u00eb dashuris\u00eb kosovare p\u00ebr Berish\u00ebn, e thash\u00eb dhe pak m\u00eb sip\u00ebr se e gjitha kjo duket nj\u00eb pes\u00eb me hi\u00e7. Ky k\u00ebndv\u00ebshtrim do ishte, jo vet\u00ebm demode, por edhe i cek\u00ebt e i pandersh\u00ebm. Sikur v\u00ebrtet t\u00eb jen\u00eb t\u00eb prirur t\u00eb shohin atdhetar\u00eb e armiq n\u00eb mes t\u00eb shqiptar\u00ebve, do ken\u00eb pasur plot raste p\u00ebr ta futur dhe Berish\u00ebn, n\u00eb radh\u00eb t\u00eb par\u00eb Berish\u00ebn, n\u00eb list\u00ebn e armiqve t\u00eb kombit. E pastaj, nuk kuptohet mir\u00eb pse Rugov\u00ebn e duan, ndon\u00ebse ai takoi Miloshevi\u00e7in n\u00eb koh\u00eb dramatike p\u00ebr Kosov\u00ebn, nd\u00ebrsa Nanon e urrejn\u00eb, ngaq\u00eb takoi Miloshevi\u00e7in n\u00eb nj\u00eb mbr\u00ebmje gala. Ka di\u00e7ka q\u00eb s\u2019shkon k\u00ebtu. E prandaj, dashuria p\u00ebr Berish\u00ebn atdhetar e urrejtja p\u00ebr Ram\u00ebn antishqiptar \u00ebsht\u00eb nj\u00eb gj\u00eb q\u00eb s\u2019ka k\u00ebmb\u00eb t\u00eb ec\u00eb.<\/p>\n","protected":false},"excerpt":{"rendered":"<p>Mustafa Nano, 02.12.2011 Edi Rama ka b\u00ebr\u00eb nj\u00eb vizit\u00eb me axhend\u00eb t\u00eb ngjeshur e t\u00eb plot\u00eb n\u00eb Prishtin\u00eb, me synimin p\u00ebr t\u2019i b\u00ebr\u00eb p\u00ebr vete kosovar\u00ebt. Ky nuk ishte nj\u00eb objektiv i deklaruar i tij, por ishte nj\u00eb gj\u00eb q\u00eb merrej me mend. P\u00ebrve\u00e7 k\u00ebsaj, si axhenda, ashtu dhe q\u00ebndrimet q\u00eb ka mbajtur e fjal\u00ebt [&hellip;]<\/p>\n","protected":false},"author":1,"featured_media":0,"comment_status":"open","ping_status":"closed","sticky":false,"template":"","format":"standard","meta":{"footnotes":""},"categories":[2],"tags":[],"class_list":{"0":"post-11503","1":"post","2":"type-post","3":"status-publish","4":"format-standard","6":"category-artikuj"},"yoast_head":"<!-- This site is optimized with the Yoast SEO plugin v27.4 - https:\/\/yoast.com\/product\/yoast-seo-wordpress\/ -->\n<title>N\u00eb Kosov\u00eb Berisha \u00ebsht\u00eb nj\u00eb Mesia. Kund\u00ebrshtar\u00ebt e tij nuk ka se si t\u00eb \u00e7mohen - FjALA e LIR\u00cb - Arkivi<\/title>\n<meta name=\"robots\" content=\"index, follow, max-snippet:-1, max-image-preview:large, max-video-preview:-1\" \/>\n<link rel=\"canonical\" href=\"https:\/\/fjala.info\/2009-2015\/ne-kosove-berisha-eshte-nje-mesia-kundershtaret-e-tij-nuk-ka-se-si-te-cmohen\/\" \/>\n<meta property=\"og:locale\" content=\"sq_AL\" \/>\n<meta property=\"og:type\" content=\"article\" \/>\n<meta property=\"og:title\" content=\"N\u00eb Kosov\u00eb Berisha \u00ebsht\u00eb nj\u00eb Mesia. Kund\u00ebrshtar\u00ebt e tij nuk ka se si t\u00eb \u00e7mohen - FjALA e LIR\u00cb - Arkivi\" \/>\n<meta property=\"og:description\" content=\"Mustafa Nano, 02.12.2011 Edi Rama ka b\u00ebr\u00eb nj\u00eb vizit\u00eb me axhend\u00eb t\u00eb ngjeshur e t\u00eb plot\u00eb n\u00eb Prishtin\u00eb, me synimin p\u00ebr t\u2019i b\u00ebr\u00eb p\u00ebr vete kosovar\u00ebt. Ky nuk ishte nj\u00eb objektiv i deklaruar i tij, por ishte nj\u00eb gj\u00eb q\u00eb merrej me mend. P\u00ebrve\u00e7 k\u00ebsaj, si axhenda, ashtu dhe q\u00ebndrimet q\u00eb ka mbajtur e fjal\u00ebt [&hellip;]\" \/>\n<meta property=\"og:url\" content=\"https:\/\/fjala.info\/2009-2015\/ne-kosove-berisha-eshte-nje-mesia-kundershtaret-e-tij-nuk-ka-se-si-te-cmohen\/\" \/>\n<meta property=\"og:site_name\" content=\"FjALA e LIR\u00cb - Arkivi\" \/>\n<meta property=\"article:published_time\" content=\"2011-12-03T10:31:18+00:00\" \/>\n<meta property=\"og:image\" content=\"http:\/\/www.shkoder.net\/images\/fjala\/mustafa_nano.jpg\" \/>\n<meta name=\"author\" content=\"admin\" \/>\n<meta name=\"twitter:card\" content=\"summary_large_image\" \/>\n<meta name=\"twitter:label1\" content=\"Written by\" \/>\n\t<meta name=\"twitter:data1\" content=\"admin\" \/>\n\t<meta name=\"twitter:label2\" content=\"Est. reading time\" \/>\n\t<meta name=\"twitter:data2\" content=\"6 minutes\" \/>\n<script type=\"application\/ld+json\" class=\"yoast-schema-graph\">{\"@context\":\"https:\\\/\\\/schema.org\",\"@graph\":[{\"@type\":\"Article\",\"@id\":\"https:\\\/\\\/fjala.info\\\/2009-2015\\\/ne-kosove-berisha-eshte-nje-mesia-kundershtaret-e-tij-nuk-ka-se-si-te-cmohen\\\/#article\",\"isPartOf\":{\"@id\":\"https:\\\/\\\/fjala.info\\\/2009-2015\\\/ne-kosove-berisha-eshte-nje-mesia-kundershtaret-e-tij-nuk-ka-se-si-te-cmohen\\\/\"},\"author\":{\"name\":\"admin\",\"@id\":\"https:\\\/\\\/fjala.info\\\/2009-2015\\\/#\\\/schema\\\/person\\\/3aa1163ef05469c496fc94e77611ada2\"},\"headline\":\"N\u00eb Kosov\u00eb Berisha \u00ebsht\u00eb nj\u00eb Mesia. Kund\u00ebrshtar\u00ebt e tij nuk ka se si t\u00eb \u00e7mohen\",\"datePublished\":\"2011-12-03T10:31:18+00:00\",\"mainEntityOfPage\":{\"@id\":\"https:\\\/\\\/fjala.info\\\/2009-2015\\\/ne-kosove-berisha-eshte-nje-mesia-kundershtaret-e-tij-nuk-ka-se-si-te-cmohen\\\/\"},\"wordCount\":1204,\"commentCount\":0,\"publisher\":{\"@id\":\"https:\\\/\\\/fjala.info\\\/2009-2015\\\/#organization\"},\"image\":{\"@id\":\"https:\\\/\\\/fjala.info\\\/2009-2015\\\/ne-kosove-berisha-eshte-nje-mesia-kundershtaret-e-tij-nuk-ka-se-si-te-cmohen\\\/#primaryimage\"},\"thumbnailUrl\":\"http:\\\/\\\/www.shkoder.net\\\/images\\\/fjala\\\/mustafa_nano.jpg\",\"articleSection\":[\"Artikuj\"],\"inLanguage\":\"sq-AL\",\"potentialAction\":[{\"@type\":\"CommentAction\",\"name\":\"Comment\",\"target\":[\"https:\\\/\\\/fjala.info\\\/2009-2015\\\/ne-kosove-berisha-eshte-nje-mesia-kundershtaret-e-tij-nuk-ka-se-si-te-cmohen\\\/#respond\"]}]},{\"@type\":\"WebPage\",\"@id\":\"https:\\\/\\\/fjala.info\\\/2009-2015\\\/ne-kosove-berisha-eshte-nje-mesia-kundershtaret-e-tij-nuk-ka-se-si-te-cmohen\\\/\",\"url\":\"https:\\\/\\\/fjala.info\\\/2009-2015\\\/ne-kosove-berisha-eshte-nje-mesia-kundershtaret-e-tij-nuk-ka-se-si-te-cmohen\\\/\",\"name\":\"N\u00eb Kosov\u00eb Berisha \u00ebsht\u00eb nj\u00eb Mesia. Kund\u00ebrshtar\u00ebt e tij nuk ka se si t\u00eb \u00e7mohen - FjALA e LIR\u00cb - Arkivi\",\"isPartOf\":{\"@id\":\"https:\\\/\\\/fjala.info\\\/2009-2015\\\/#website\"},\"primaryImageOfPage\":{\"@id\":\"https:\\\/\\\/fjala.info\\\/2009-2015\\\/ne-kosove-berisha-eshte-nje-mesia-kundershtaret-e-tij-nuk-ka-se-si-te-cmohen\\\/#primaryimage\"},\"image\":{\"@id\":\"https:\\\/\\\/fjala.info\\\/2009-2015\\\/ne-kosove-berisha-eshte-nje-mesia-kundershtaret-e-tij-nuk-ka-se-si-te-cmohen\\\/#primaryimage\"},\"thumbnailUrl\":\"http:\\\/\\\/www.shkoder.net\\\/images\\\/fjala\\\/mustafa_nano.jpg\",\"datePublished\":\"2011-12-03T10:31:18+00:00\",\"breadcrumb\":{\"@id\":\"https:\\\/\\\/fjala.info\\\/2009-2015\\\/ne-kosove-berisha-eshte-nje-mesia-kundershtaret-e-tij-nuk-ka-se-si-te-cmohen\\\/#breadcrumb\"},\"inLanguage\":\"sq-AL\",\"potentialAction\":[{\"@type\":\"ReadAction\",\"target\":[\"https:\\\/\\\/fjala.info\\\/2009-2015\\\/ne-kosove-berisha-eshte-nje-mesia-kundershtaret-e-tij-nuk-ka-se-si-te-cmohen\\\/\"]}]},{\"@type\":\"ImageObject\",\"inLanguage\":\"sq-AL\",\"@id\":\"https:\\\/\\\/fjala.info\\\/2009-2015\\\/ne-kosove-berisha-eshte-nje-mesia-kundershtaret-e-tij-nuk-ka-se-si-te-cmohen\\\/#primaryimage\",\"url\":\"http:\\\/\\\/www.shkoder.net\\\/images\\\/fjala\\\/mustafa_nano.jpg\",\"contentUrl\":\"http:\\\/\\\/www.shkoder.net\\\/images\\\/fjala\\\/mustafa_nano.jpg\"},{\"@type\":\"BreadcrumbList\",\"@id\":\"https:\\\/\\\/fjala.info\\\/2009-2015\\\/ne-kosove-berisha-eshte-nje-mesia-kundershtaret-e-tij-nuk-ka-se-si-te-cmohen\\\/#breadcrumb\",\"itemListElement\":[{\"@type\":\"ListItem\",\"position\":1,\"name\":\"Home\",\"item\":\"https:\\\/\\\/fjala.info\\\/2009-2015\\\/\"},{\"@type\":\"ListItem\",\"position\":2,\"name\":\"N\u00eb Kosov\u00eb Berisha \u00ebsht\u00eb nj\u00eb Mesia. Kund\u00ebrshtar\u00ebt e tij nuk ka se si t\u00eb \u00e7mohen\"}]},{\"@type\":\"WebSite\",\"@id\":\"https:\\\/\\\/fjala.info\\\/2009-2015\\\/#website\",\"url\":\"https:\\\/\\\/fjala.info\\\/2009-2015\\\/\",\"name\":\"FjALA e LIR\u00cb - Arkivi\",\"description\":\"Arkivi 2009-2015\",\"publisher\":{\"@id\":\"https:\\\/\\\/fjala.info\\\/2009-2015\\\/#organization\"},\"potentialAction\":[{\"@type\":\"SearchAction\",\"target\":{\"@type\":\"EntryPoint\",\"urlTemplate\":\"https:\\\/\\\/fjala.info\\\/2009-2015\\\/?s={search_term_string}\"},\"query-input\":{\"@type\":\"PropertyValueSpecification\",\"valueRequired\":true,\"valueName\":\"search_term_string\"}}],\"inLanguage\":\"sq-AL\"},{\"@type\":\"Organization\",\"@id\":\"https:\\\/\\\/fjala.info\\\/2009-2015\\\/#organization\",\"name\":\"FjALA e LIR\u00cb - Arkivi\",\"url\":\"https:\\\/\\\/fjala.info\\\/2009-2015\\\/\",\"logo\":{\"@type\":\"ImageObject\",\"inLanguage\":\"sq-AL\",\"@id\":\"https:\\\/\\\/fjala.info\\\/2009-2015\\\/#\\\/schema\\\/logo\\\/image\\\/\",\"url\":\"\",\"contentUrl\":\"\",\"caption\":\"FjALA e LIR\u00cb - Arkivi\"},\"image\":{\"@id\":\"https:\\\/\\\/fjala.info\\\/2009-2015\\\/#\\\/schema\\\/logo\\\/image\\\/\"}},{\"@type\":\"Person\",\"@id\":\"https:\\\/\\\/fjala.info\\\/2009-2015\\\/#\\\/schema\\\/person\\\/3aa1163ef05469c496fc94e77611ada2\",\"name\":\"admin\",\"image\":{\"@type\":\"ImageObject\",\"inLanguage\":\"sq-AL\",\"@id\":\"https:\\\/\\\/fjala.info\\\/2009-2015\\\/wp-content\\\/uploads\\\/2012\\\/02\\\/arben_cokaj-120x150.jpg\",\"url\":\"https:\\\/\\\/fjala.info\\\/2009-2015\\\/wp-content\\\/uploads\\\/2012\\\/02\\\/arben_cokaj-120x150.jpg\",\"contentUrl\":\"https:\\\/\\\/fjala.info\\\/2009-2015\\\/wp-content\\\/uploads\\\/2012\\\/02\\\/arben_cokaj-120x150.jpg\",\"caption\":\"admin\"},\"description\":\"Admin, Fjala e Lir\u00eb\",\"sameAs\":[\"https:\\\/\\\/fjala.info\\\/\"],\"url\":\"https:\\\/\\\/fjala.info\\\/2009-2015\\\/author\\\/admin\\\/\"}]}<\/script>\n<!-- \/ Yoast SEO plugin. -->","yoast_head_json":{"title":"N\u00eb Kosov\u00eb Berisha \u00ebsht\u00eb nj\u00eb Mesia. Kund\u00ebrshtar\u00ebt e tij nuk ka se si t\u00eb \u00e7mohen - FjALA e LIR\u00cb - Arkivi","robots":{"index":"index","follow":"follow","max-snippet":"max-snippet:-1","max-image-preview":"max-image-preview:large","max-video-preview":"max-video-preview:-1"},"canonical":"https:\/\/fjala.info\/2009-2015\/ne-kosove-berisha-eshte-nje-mesia-kundershtaret-e-tij-nuk-ka-se-si-te-cmohen\/","og_locale":"sq_AL","og_type":"article","og_title":"N\u00eb Kosov\u00eb Berisha \u00ebsht\u00eb nj\u00eb Mesia. Kund\u00ebrshtar\u00ebt e tij nuk ka se si t\u00eb \u00e7mohen - FjALA e LIR\u00cb - Arkivi","og_description":"Mustafa Nano, 02.12.2011 Edi Rama ka b\u00ebr\u00eb nj\u00eb vizit\u00eb me axhend\u00eb t\u00eb ngjeshur e t\u00eb plot\u00eb n\u00eb Prishtin\u00eb, me synimin p\u00ebr t\u2019i b\u00ebr\u00eb p\u00ebr vete kosovar\u00ebt. Ky nuk ishte nj\u00eb objektiv i deklaruar i tij, por ishte nj\u00eb gj\u00eb q\u00eb merrej me mend. P\u00ebrve\u00e7 k\u00ebsaj, si axhenda, ashtu dhe q\u00ebndrimet q\u00eb ka mbajtur e fjal\u00ebt [&hellip;]","og_url":"https:\/\/fjala.info\/2009-2015\/ne-kosove-berisha-eshte-nje-mesia-kundershtaret-e-tij-nuk-ka-se-si-te-cmohen\/","og_site_name":"FjALA e LIR\u00cb - Arkivi","article_published_time":"2011-12-03T10:31:18+00:00","og_image":[{"url":"http:\/\/www.shkoder.net\/images\/fjala\/mustafa_nano.jpg","type":"","width":"","height":""}],"author":"admin","twitter_card":"summary_large_image","twitter_misc":{"Written by":"admin","Est. reading time":"6 minutes"},"schema":{"@context":"https:\/\/schema.org","@graph":[{"@type":"Article","@id":"https:\/\/fjala.info\/2009-2015\/ne-kosove-berisha-eshte-nje-mesia-kundershtaret-e-tij-nuk-ka-se-si-te-cmohen\/#article","isPartOf":{"@id":"https:\/\/fjala.info\/2009-2015\/ne-kosove-berisha-eshte-nje-mesia-kundershtaret-e-tij-nuk-ka-se-si-te-cmohen\/"},"author":{"name":"admin","@id":"https:\/\/fjala.info\/2009-2015\/#\/schema\/person\/3aa1163ef05469c496fc94e77611ada2"},"headline":"N\u00eb Kosov\u00eb Berisha \u00ebsht\u00eb nj\u00eb Mesia. Kund\u00ebrshtar\u00ebt e tij nuk ka se si t\u00eb \u00e7mohen","datePublished":"2011-12-03T10:31:18+00:00","mainEntityOfPage":{"@id":"https:\/\/fjala.info\/2009-2015\/ne-kosove-berisha-eshte-nje-mesia-kundershtaret-e-tij-nuk-ka-se-si-te-cmohen\/"},"wordCount":1204,"commentCount":0,"publisher":{"@id":"https:\/\/fjala.info\/2009-2015\/#organization"},"image":{"@id":"https:\/\/fjala.info\/2009-2015\/ne-kosove-berisha-eshte-nje-mesia-kundershtaret-e-tij-nuk-ka-se-si-te-cmohen\/#primaryimage"},"thumbnailUrl":"http:\/\/www.shkoder.net\/images\/fjala\/mustafa_nano.jpg","articleSection":["Artikuj"],"inLanguage":"sq-AL","potentialAction":[{"@type":"CommentAction","name":"Comment","target":["https:\/\/fjala.info\/2009-2015\/ne-kosove-berisha-eshte-nje-mesia-kundershtaret-e-tij-nuk-ka-se-si-te-cmohen\/#respond"]}]},{"@type":"WebPage","@id":"https:\/\/fjala.info\/2009-2015\/ne-kosove-berisha-eshte-nje-mesia-kundershtaret-e-tij-nuk-ka-se-si-te-cmohen\/","url":"https:\/\/fjala.info\/2009-2015\/ne-kosove-berisha-eshte-nje-mesia-kundershtaret-e-tij-nuk-ka-se-si-te-cmohen\/","name":"N\u00eb Kosov\u00eb Berisha \u00ebsht\u00eb nj\u00eb Mesia. Kund\u00ebrshtar\u00ebt e tij nuk ka se si t\u00eb \u00e7mohen - FjALA e LIR\u00cb - Arkivi","isPartOf":{"@id":"https:\/\/fjala.info\/2009-2015\/#website"},"primaryImageOfPage":{"@id":"https:\/\/fjala.info\/2009-2015\/ne-kosove-berisha-eshte-nje-mesia-kundershtaret-e-tij-nuk-ka-se-si-te-cmohen\/#primaryimage"},"image":{"@id":"https:\/\/fjala.info\/2009-2015\/ne-kosove-berisha-eshte-nje-mesia-kundershtaret-e-tij-nuk-ka-se-si-te-cmohen\/#primaryimage"},"thumbnailUrl":"http:\/\/www.shkoder.net\/images\/fjala\/mustafa_nano.jpg","datePublished":"2011-12-03T10:31:18+00:00","breadcrumb":{"@id":"https:\/\/fjala.info\/2009-2015\/ne-kosove-berisha-eshte-nje-mesia-kundershtaret-e-tij-nuk-ka-se-si-te-cmohen\/#breadcrumb"},"inLanguage":"sq-AL","potentialAction":[{"@type":"ReadAction","target":["https:\/\/fjala.info\/2009-2015\/ne-kosove-berisha-eshte-nje-mesia-kundershtaret-e-tij-nuk-ka-se-si-te-cmohen\/"]}]},{"@type":"ImageObject","inLanguage":"sq-AL","@id":"https:\/\/fjala.info\/2009-2015\/ne-kosove-berisha-eshte-nje-mesia-kundershtaret-e-tij-nuk-ka-se-si-te-cmohen\/#primaryimage","url":"http:\/\/www.shkoder.net\/images\/fjala\/mustafa_nano.jpg","contentUrl":"http:\/\/www.shkoder.net\/images\/fjala\/mustafa_nano.jpg"},{"@type":"BreadcrumbList","@id":"https:\/\/fjala.info\/2009-2015\/ne-kosove-berisha-eshte-nje-mesia-kundershtaret-e-tij-nuk-ka-se-si-te-cmohen\/#breadcrumb","itemListElement":[{"@type":"ListItem","position":1,"name":"Home","item":"https:\/\/fjala.info\/2009-2015\/"},{"@type":"ListItem","position":2,"name":"N\u00eb Kosov\u00eb Berisha \u00ebsht\u00eb nj\u00eb Mesia. Kund\u00ebrshtar\u00ebt e tij nuk ka se si t\u00eb \u00e7mohen"}]},{"@type":"WebSite","@id":"https:\/\/fjala.info\/2009-2015\/#website","url":"https:\/\/fjala.info\/2009-2015\/","name":"FjALA e LIR\u00cb - Arkivi","description":"Arkivi 2009-2015","publisher":{"@id":"https:\/\/fjala.info\/2009-2015\/#organization"},"potentialAction":[{"@type":"SearchAction","target":{"@type":"EntryPoint","urlTemplate":"https:\/\/fjala.info\/2009-2015\/?s={search_term_string}"},"query-input":{"@type":"PropertyValueSpecification","valueRequired":true,"valueName":"search_term_string"}}],"inLanguage":"sq-AL"},{"@type":"Organization","@id":"https:\/\/fjala.info\/2009-2015\/#organization","name":"FjALA e LIR\u00cb - Arkivi","url":"https:\/\/fjala.info\/2009-2015\/","logo":{"@type":"ImageObject","inLanguage":"sq-AL","@id":"https:\/\/fjala.info\/2009-2015\/#\/schema\/logo\/image\/","url":"","contentUrl":"","caption":"FjALA e LIR\u00cb - Arkivi"},"image":{"@id":"https:\/\/fjala.info\/2009-2015\/#\/schema\/logo\/image\/"}},{"@type":"Person","@id":"https:\/\/fjala.info\/2009-2015\/#\/schema\/person\/3aa1163ef05469c496fc94e77611ada2","name":"admin","image":{"@type":"ImageObject","inLanguage":"sq-AL","@id":"https:\/\/fjala.info\/2009-2015\/wp-content\/uploads\/2012\/02\/arben_cokaj-120x150.jpg","url":"https:\/\/fjala.info\/2009-2015\/wp-content\/uploads\/2012\/02\/arben_cokaj-120x150.jpg","contentUrl":"https:\/\/fjala.info\/2009-2015\/wp-content\/uploads\/2012\/02\/arben_cokaj-120x150.jpg","caption":"admin"},"description":"Admin, Fjala e Lir\u00eb","sameAs":["https:\/\/fjala.info\/"],"url":"https:\/\/fjala.info\/2009-2015\/author\/admin\/"}]}},"_links":{"self":[{"href":"https:\/\/fjala.info\/2009-2015\/wp-json\/wp\/v2\/posts\/11503","targetHints":{"allow":["GET"]}}],"collection":[{"href":"https:\/\/fjala.info\/2009-2015\/wp-json\/wp\/v2\/posts"}],"about":[{"href":"https:\/\/fjala.info\/2009-2015\/wp-json\/wp\/v2\/types\/post"}],"author":[{"embeddable":true,"href":"https:\/\/fjala.info\/2009-2015\/wp-json\/wp\/v2\/users\/1"}],"replies":[{"embeddable":true,"href":"https:\/\/fjala.info\/2009-2015\/wp-json\/wp\/v2\/comments?post=11503"}],"version-history":[{"count":0,"href":"https:\/\/fjala.info\/2009-2015\/wp-json\/wp\/v2\/posts\/11503\/revisions"}],"wp:attachment":[{"href":"https:\/\/fjala.info\/2009-2015\/wp-json\/wp\/v2\/media?parent=11503"}],"wp:term":[{"taxonomy":"category","embeddable":true,"href":"https:\/\/fjala.info\/2009-2015\/wp-json\/wp\/v2\/categories?post=11503"},{"taxonomy":"post_tag","embeddable":true,"href":"https:\/\/fjala.info\/2009-2015\/wp-json\/wp\/v2\/tags?post=11503"}],"curies":[{"name":"wp","href":"https:\/\/api.w.org\/{rel}","templated":true}]}}